{"id":240959,"date":"2022-04-07T13:33:33","date_gmt":"2022-04-07T09:33:33","guid":{"rendered":"https:\/\/www.meydan.tv\/?p=240959"},"modified":"2022-04-07T13:33:34","modified_gmt":"2022-04-07T09:33:34","slug":"rusiya-finlandiyani-eksponatlara-gore-cerime-ile-hedeleyir","status":"publish","type":"post","link":"https:\/\/www.meydan.tv\/az\/article\/rusiya-finlandiyani-eksponatlara-gore-cerime-ile-hedeleyir\/","title":{"rendered":"Rusiya Finlandiyan\u0131 eksponatlara g\u00f6r\u0259 c\u0259rim\u0259 il\u0259 h\u0259d\u0259l\u0259yir"},"content":{"rendered":"\n<p><\/p>\n\n\n\n<p><em>Vya\u00e7eslav Volodin: &#8220;Qar\u015f\u0131 t\u0259r\u0259f bu add\u0131m\u0131na g\u00f6r\u0259 cavab ver\u0259c\u0259k&#8221;<\/em><br><\/p>\n\n\n\n<p>D\u00f6vl\u0259t Dumas\u0131n\u0131n spikeri Vya\u00e7eslav Volodin Rusiyaya m\u0259xsus eksponatlar\u0131n Finlandiya g\u00f6mr\u00fcy\u00fcnd\u0259 saxlan\u0131lmas\u0131n\u0131 \u015f\u0259rh edib.<br><\/p>\n\n\n\n<p>Spiker palatan\u0131n plenar iclas\u0131nda bildirib ki, qar\u015f\u0131 t\u0259r\u0259f bu add\u0131m\u0131na g\u00f6r\u0259 cavab verm\u0259li <a href=\"https:\/\/tass.ru\/kultura\/14295479\" target=\"_blank\" rel=\"noreferrer noopener\">olacaq<\/a>.<br><\/p>\n\n\n\n<p>\u201cFinlandiya h\u0259bs edilmi\u015f eksponatlar\u0131 Rusiyaya qaytaracaq. Eyni zamanda, D\u00f6vl\u0259t Dumas\u0131n\u0131n M\u0259d\u0259niyy\u0259t, h\u0259m\u00e7inin T\u0259hl\u00fck\u0259sizlik v\u0259 korrupsiya il\u0259 m\u00fcbariz\u0259 komit\u0259l\u0259rin\u0259 c\u0259rim\u0259 \u00f6d\u0259m\u0259li olacaq\u201d, &#8211; Volodin deyib.<br><\/p>\n\n\n\n<p>Eksponatlar\u0131n Finlandiya g\u00f6mr\u00fcy\u00fcnd\u0259 saxlan\u0131lmas\u0131na Rusiya Xarici \u0130\u015fl\u0259r Nazirliyinin r\u0259smi n\u00fcmay\u0259nd\u0259si Mariya Zaxarova da m\u00fcnasib\u0259t <a href=\"https:\/\/tass.ru\/politika\/14303217\" target=\"_blank\" rel=\"noreferrer noopener\">bildirib<\/a>.<br><br>\u201c\u018fslind\u0259, bu v\u0259ziyy\u0259t h\u00fcquqi xaos hesab edilir. Rusiyaya m\u0259xsus m\u0259d\u0259ni s\u0259rv\u0259tl\u0259r beyn\u0259lxalq h\u00fcquq normalar\u0131na zidd olaraq saxlan\u0131l\u0131b. Eksponatlar Rusiya muzeyl\u0259rin\u0259 m\u0259xsusdur. Qeyri-kommersiya \u0259m\u0259kda\u015fl\u0131\u011f\u0131 \u00e7\u0259r\u00e7iv\u0259sind\u0259 dig\u0259r \u00f6lk\u0259l\u0259rd\u0259 t\u0259\u015fkil olunmu\u015f s\u0259rgil\u0259rd\u0259 n\u00fcmayi\u015f olunmaq \u00fc\u00e7\u00fcn m\u00fcv\u0259qq\u0259ti \u00f6lk\u0259d\u0259n \u00e7\u0131xar\u0131l\u0131b. Biz inc\u0259s\u0259n\u0259t \u0259s\u0259rl\u0259rimizin Rusiya Federasiyas\u0131na tam \u015f\u0259kild\u0259 qaytar\u0131lmas\u0131n\u0131 t\u0259min etm\u0259k \u00fc\u00e7\u00fcn Finlandiya r\u0259smil\u0259rinin operativ q\u0259rar\u0131n\u0131 g\u00f6zl\u0259yirik\u201d, &#8211; Zaxarova deyib.<br><\/p>\n\n\n\n<p>Finlandiyan\u0131n G\u00f6mr\u00fck n\u0259zar\u0259t idar\u0259sinin r\u0259isi Sami Rak\u015fit bildirib ki, s\u0259n\u0259t \u0259s\u0259rl\u0259rinin saxlanmas\u0131 Rusiyaya t\u0259tbiq edil\u0259n sanksiyalarla ba\u011fl\u0131d\u0131r.<br><\/p>\n\n\n\n<p>Finlandiya Xarici \u0130\u015fl\u0259r Nazirliyinin ixraca n\u0259zar\u0259t departamentinin r\u0259hb\u0259ri Teemu Sepponen is\u0259 deyib ki, haz\u0131rda h\u0259bsl\u0259 ba\u011fl\u0131 v\u0259ziyy\u0259t Avropa Komissiyas\u0131 il\u0259 birg\u0259 ayd\u0131nla\u015fd\u0131r\u0131l\u0131r.<br><\/p>\n\n\n\n<p>\u201cBu, m\u00fcv\u0259qq\u0259ti v\u0259ziyy\u0259tdir. Eksponatlar\u0131n m\u00fclkiyy\u0259ti d\u0259yi\u015fm\u0259yib, onlar h\u0259l\u0259 d\u0259 Rusiya muzeyl\u0259rin\u0259 aiddir\u201d, &#8211; o vur\u011fulay\u0131b.<br><\/p>\n\n\n\n<figure class=\"wp-block-image size-full\"><img decoding=\"async\" width=\"1200\" height=\"777\" data-src=\"https:\/\/www.meydan.tv\/wp-content\/uploads\/shutterstock_586258841.jpg\" alt=\"\" class=\"wp-image-240640 lazyload\" src=\"data:image\/svg+xml;base64,PHN2ZyB3aWR0aD0iMSIgaGVpZ2h0PSIxIiB4bWxucz0iaHR0cDovL3d3dy53My5vcmcvMjAwMC9zdmciPjwvc3ZnPg==\" style=\"--smush-placeholder-width: 1200px; --smush-placeholder-aspect-ratio: 1200\/777;\" \/><figcaption>&#8220;Tretyakov&#8221;. Foto: Phuong D. Nguyen\/shutterstock<\/figcaption><\/figure>\n\n\n\n<p>Aprelin 2-3-d\u0259 Rusiyan\u0131n bir ne\u00e7\u0259 muzeyin\u0259 m\u0259xsus eksponatlar Finlandiya g\u00f6mr\u00fcy\u00fcnd\u0259 <a href=\"https:\/\/www.meydan.tv\/az\/article\/ermitaj-ve-tretyakovun-uc-furqonu-finlandiya-serhedinde-saxlanilib\/\" target=\"_blank\" rel=\"noreferrer noopener\">saxlan\u0131l\u0131b<\/a>.<br><\/p>\n\n\n\n<p>R\u0259sml\u0259rin saxlan\u0131lmas\u0131 Avropa \u0130ttifaq\u0131n\u0131n (A\u0130) Rusiyaya t\u0259tbiq etdiyi sanksiyalarla \u0259laq\u0259dar oldu\u011fu bildirilib.<br>G\u00f6mr\u00fck m\u0259nt\u0259q\u0259sinin \u0259m\u0259kda\u015flar\u0131 y\u00fck\u00fc m\u00fcsadir\u0259 edib.<br>M\u0259s\u0259l\u0259 il\u0259 ba\u011fl\u0131 ilkin ara\u015fd\u0131rmalara ba\u015flan\u0131ld\u0131\u011f\u0131 deyilir.<br><\/p>\n\n\n\n<p>Rusiya M\u0259d\u0259niyy\u0259t Nazirliyi bildirib ki, saxlan\u0131lan s\u0259n\u0259t \u0259s\u0259rl\u0259ri \u201cErmitaj\u201d, \u201cTretyakov\u201d qalereyalar\u0131na, \u201cSarskoye Selo\u201d, \u201cPavlovsk\u201d, \u201cQat\u00e7ina\u201d d\u00f6vl\u0259t muzey-qoruqlar\u0131na, \u015e\u0259rq D\u00f6vl\u0259t Muzeyin\u0259 v\u0259 Pu\u015fkin ad\u0131na D\u00f6vl\u0259t T\u0259sviri \u0130nc\u0259s\u0259n\u0259t Muzeyin\u0259 m\u0259xsus eksponatlard\u0131r.<br><\/p>\n\n\n\n<p>Rusiya fevral\u0131n 24-d\u0259 Ukraynada h\u0259rbi \u0259m\u0259liyyatlara ba\u015flay\u0131b.<br><\/p>\n\n\n\n<p>H\u0259min tarixd\u0259n etibar\u0259n Avropa \u0130ttifaq\u0131 \u00f6lk\u0259l\u0259ri, h\u0259m\u00e7inin B\u00f6y\u00fck Britaniya, AB\u015e, Kanada v\u0259 dig\u0259r \u00f6lk\u0259l\u0259r Rusiyaya m\u00fcxt\u0259lif sanksiyalar t\u0259tbiq edir.<br><\/p>\n\n\n\n<p>Maliyy\u0259 sanksiyalar\u0131 \u0259sas\u0259n oliqarxlara, y\u00fcks\u0259k r\u00fctb\u0259li h\u0259rb\u00e7il\u0259rin hesablar\u0131na, d\u00f6vl\u0259t m\u0259murlar\u0131na, prezident\u0259, onun k\u00f6m\u0259k\u00e7isin\u0259, nazirl\u0259r\u0259 qoyulan qada\u011falard\u0131r.<br><\/p>\n\n\n\n<p>B\u00fct\u00fcn bu sanksiyalar\u0131n s\u0259b\u0259bi Rusiyan\u0131n Ukraynaya h\u0259rbi m\u00fcdaxil\u0259 etm\u0259sidir.<br><\/p>\n\n\n\n<p>M\u0259qs\u0259d m\u00fcharib\u0259nin maliyy\u0259l\u0259\u015fdirilm\u0259sinin dayand\u0131r\u0131lmas\u0131d\u0131r. H\u0259m\u00e7inin bir s\u0131ra beyn\u0259lxalq musiqi, film \u015firk\u0259tl\u0259ri, o c\u00fcml\u0259d\u0259n, teatrlar, kinostudiyalar Rusiya v\u0259 s\u0259n\u0259t\u00e7il\u0259ri il\u0259 \u0259m\u0259kda\u015fl\u0131\u011f\u0131 dayand\u0131r\u0131b.<\/p>\n","protected":false},"excerpt":{"rendered":"<p>Vya\u00e7eslav Volodin: &#8220;Qar\u015f\u0131 t\u0259r\u0259f bu add\u0131m\u0131na g\u00f6r\u0259 cavab ver\u0259c\u0259k&#8221; D\u00f6vl\u0259t &#8230; <\/p>\n<p class=\"read-more-container\"><a title=\"Rusiya Finlandiyan\u0131 eksponatlara g\u00f6r\u0259 c\u0259rim\u0259 il\u0259 h\u0259d\u0259l\u0259yir\" class=\"read-more button\" href=\"https:\/\/www.meydan.tv\/az\/article\/rusiya-finlandiyani-eksponatlara-gore-cerime-ile-hedeleyir\/#more-240959\" aria-label=\"Read more about Rusiya Finlandiyan\u0131 eksponatlara g\u00f6r\u0259 c\u0259rim\u0259 il\u0259 h\u0259d\u0259l\u0259yir\">Davam\u0131<\/a><\/p>\n","protected":false},"author":8,"featured_media":240960,"comment_status":"closed","ping_status":"closed","sticky":false,"template":"","format":"standard","meta":{"_acf_changed":false,"_sitemap_exclude":false,"_sitemap_priority":"","_sitemap_frequency":"","footnotes":""},"categories":[52,56],"tags":[],"class_list":["post-240959","post","type-post","status-publish","format-standard","has-post-thumbnail","hentry","category-medeniyyet","category-xeberler","infinite-scroll-item","generate-columns","tablet-grid-50","mobile-grid-100","grid-parent","grid-33","no-featured-image-padding"],"acf":[],"yoast_head":"<!-- This site is optimized with the Yoast SEO plugin v27.4 - https:\/\/yoast.com\/product\/yoast-seo-wordpress\/ -->\n<title>Rusiya Finlandiyan\u0131 eksponatlara g\u00f6r\u0259 c\u0259rim\u0259 il\u0259 h\u0259d\u0259l\u0259yir - MEYDAN.TV<\/title>\n<meta name=\"robots\" content=\"index, follow, max-snippet:-1, max-image-preview:large, max-video-preview:-1\" \/>\n<link rel=\"canonical\" href=\"https:\/\/www.meydan.tv\/az\/article\/rusiya-finlandiyani-eksponatlara-gore-cerime-ile-hedeleyir\/\" \/>\n<meta property=\"og:locale\" content=\"az_AZ\" \/>\n<meta property=\"og:type\" content=\"article\" \/>\n<meta property=\"og:title\" content=\"Rusiya Finlandiyan\u0131 eksponatlara g\u00f6r\u0259 c\u0259rim\u0259 il\u0259 h\u0259d\u0259l\u0259yir - MEYDAN.TV\" \/>\n<meta property=\"og:description\" content=\"Vya\u00e7eslav Volodin: &#8220;Qar\u015f\u0131 t\u0259r\u0259f bu add\u0131m\u0131na g\u00f6r\u0259 cavab ver\u0259c\u0259k&#8221; D\u00f6vl\u0259t ... Davam\u0131\" \/>\n<meta property=\"og:url\" content=\"https:\/\/www.meydan.tv\/az\/article\/rusiya-finlandiyani-eksponatlara-gore-cerime-ile-hedeleyir\/\" \/>\n<meta property=\"og:site_name\" content=\"MEYDAN.TV\" \/>\n<meta property=\"article:published_time\" content=\"2022-04-07T09:33:33+00:00\" \/>\n<meta property=\"article:modified_time\" content=\"2022-04-07T09:33:34+00:00\" \/>\n<meta property=\"og:image\" content=\"https:\/\/www.meydan.tv\/wp-content\/uploads\/shutterstock_216809866-e1649323396911.jpg\" \/>\n\t<meta property=\"og:image:width\" content=\"1200\" \/>\n\t<meta property=\"og:image:height\" content=\"735\" \/>\n\t<meta property=\"og:image:type\" content=\"image\/jpeg\" \/>\n<meta name=\"author\" content=\"elli\" \/>\n<meta name=\"twitter:card\" content=\"summary_large_image\" \/>\n<meta name=\"twitter:creator\" content=\"@elli\" \/>\n<script type=\"application\/ld+json\" class=\"yoast-schema-graph\">{\"@context\":\"https:\\\/\\\/schema.org\",\"@graph\":[{\"@type\":\"Article\",\"@id\":\"https:\\\/\\\/www.meydan.tv\\\/az\\\/article\\\/rusiya-finlandiyani-eksponatlara-gore-cerime-ile-hedeleyir\\\/#article\",\"isPartOf\":{\"@id\":\"https:\\\/\\\/www.meydan.tv\\\/az\\\/article\\\/rusiya-finlandiyani-eksponatlara-gore-cerime-ile-hedeleyir\\\/\"},\"author\":{\"name\":\"elli\",\"@id\":\"https:\\\/\\\/www.meydan.tv\\\/az\\\/#\\\/schema\\\/person\\\/9cdbecf90d17180ce1dfbd95b08dcf47\"},\"headline\":\"Rusiya Finlandiyan\u0131 eksponatlara g\u00f6r\u0259 c\u0259rim\u0259 il\u0259 h\u0259d\u0259l\u0259yir\",\"datePublished\":\"2022-04-07T09:33:33+00:00\",\"dateModified\":\"2022-04-07T09:33:34+00:00\",\"mainEntityOfPage\":{\"@id\":\"https:\\\/\\\/www.meydan.tv\\\/az\\\/article\\\/rusiya-finlandiyani-eksponatlara-gore-cerime-ile-hedeleyir\\\/\"},\"wordCount\":628,\"publisher\":{\"@id\":\"https:\\\/\\\/www.meydan.tv\\\/az\\\/#organization\"},\"image\":{\"@id\":\"https:\\\/\\\/www.meydan.tv\\\/az\\\/article\\\/rusiya-finlandiyani-eksponatlara-gore-cerime-ile-hedeleyir\\\/#primaryimage\"},\"thumbnailUrl\":\"https:\\\/\\\/www.meydan.tv\\\/wp-content\\\/uploads\\\/shutterstock_216809866-e1649323396911.jpg\",\"articleSection\":[\"M\u0259d\u0259niyy\u0259t\",\"X\u0259b\u0259rl\u0259r\"],\"inLanguage\":\"az\"},{\"@type\":\"WebPage\",\"@id\":\"https:\\\/\\\/www.meydan.tv\\\/az\\\/article\\\/rusiya-finlandiyani-eksponatlara-gore-cerime-ile-hedeleyir\\\/\",\"url\":\"https:\\\/\\\/www.meydan.tv\\\/az\\\/article\\\/rusiya-finlandiyani-eksponatlara-gore-cerime-ile-hedeleyir\\\/\",\"name\":\"Rusiya Finlandiyan\u0131 eksponatlara g\u00f6r\u0259 c\u0259rim\u0259 il\u0259 h\u0259d\u0259l\u0259yir - MEYDAN.TV\",\"isPartOf\":{\"@id\":\"https:\\\/\\\/www.meydan.tv\\\/az\\\/#website\"},\"primaryImageOfPage\":{\"@id\":\"https:\\\/\\\/www.meydan.tv\\\/az\\\/article\\\/rusiya-finlandiyani-eksponatlara-gore-cerime-ile-hedeleyir\\\/#primaryimage\"},\"image\":{\"@id\":\"https:\\\/\\\/www.meydan.tv\\\/az\\\/article\\\/rusiya-finlandiyani-eksponatlara-gore-cerime-ile-hedeleyir\\\/#primaryimage\"},\"thumbnailUrl\":\"https:\\\/\\\/www.meydan.tv\\\/wp-content\\\/uploads\\\/shutterstock_216809866-e1649323396911.jpg\",\"datePublished\":\"2022-04-07T09:33:33+00:00\",\"dateModified\":\"2022-04-07T09:33:34+00:00\",\"breadcrumb\":{\"@id\":\"https:\\\/\\\/www.meydan.tv\\\/az\\\/article\\\/rusiya-finlandiyani-eksponatlara-gore-cerime-ile-hedeleyir\\\/#breadcrumb\"},\"inLanguage\":\"az\",\"potentialAction\":[{\"@type\":\"ReadAction\",\"target\":[\"https:\\\/\\\/www.meydan.tv\\\/az\\\/article\\\/rusiya-finlandiyani-eksponatlara-gore-cerime-ile-hedeleyir\\\/\"]}]},{\"@type\":\"ImageObject\",\"inLanguage\":\"az\",\"@id\":\"https:\\\/\\\/www.meydan.tv\\\/az\\\/article\\\/rusiya-finlandiyani-eksponatlara-gore-cerime-ile-hedeleyir\\\/#primaryimage\",\"url\":\"https:\\\/\\\/www.meydan.tv\\\/wp-content\\\/uploads\\\/shutterstock_216809866-e1649323396911.jpg\",\"contentUrl\":\"https:\\\/\\\/www.meydan.tv\\\/wp-content\\\/uploads\\\/shutterstock_216809866-e1649323396911.jpg\",\"width\":1200,\"height\":735,\"caption\":\"Rusiya-Finlyandiya. Foto: xtock\\\/shutterstock\"},{\"@type\":\"BreadcrumbList\",\"@id\":\"https:\\\/\\\/www.meydan.tv\\\/az\\\/article\\\/rusiya-finlandiyani-eksponatlara-gore-cerime-ile-hedeleyir\\\/#breadcrumb\",\"itemListElement\":[{\"@type\":\"ListItem\",\"position\":1,\"name\":\"Ana s\u0259hif\u0259\",\"item\":\"https:\\\/\\\/www.meydan.tv\\\/az\\\/\"},{\"@type\":\"ListItem\",\"position\":2,\"name\":\"M\u0259d\u0259niyy\u0259t\",\"item\":\"https:\\\/\\\/www.meydan.tv\\\/az\\\/section\\\/medeniyyet\\\/\"},{\"@type\":\"ListItem\",\"position\":3,\"name\":\"Rusiya Finlandiyan\u0131 eksponatlara g\u00f6r\u0259 c\u0259rim\u0259 il\u0259 h\u0259d\u0259l\u0259yir\"}]},{\"@type\":\"WebSite\",\"@id\":\"https:\\\/\\\/www.meydan.tv\\\/az\\\/#website\",\"url\":\"https:\\\/\\\/www.meydan.tv\\\/az\\\/\",\"name\":\"MEYDAN.TV\",\"description\":\"Meydan TV Az\u0259rbaycan\u0131n media m\u0259kan\u0131ndak\u0131 alternativ s\u0259sidir\",\"publisher\":{\"@id\":\"https:\\\/\\\/www.meydan.tv\\\/az\\\/#organization\"},\"potentialAction\":[{\"@type\":\"SearchAction\",\"target\":{\"@type\":\"EntryPoint\",\"urlTemplate\":\"https:\\\/\\\/www.meydan.tv\\\/az\\\/?s={search_term_string}\"},\"query-input\":{\"@type\":\"PropertyValueSpecification\",\"valueRequired\":true,\"valueName\":\"search_term_string\"}}],\"inLanguage\":\"az\"},{\"@type\":\"Organization\",\"@id\":\"https:\\\/\\\/www.meydan.tv\\\/az\\\/#organization\",\"name\":\"Meydan TV\",\"url\":\"https:\\\/\\\/www.meydan.tv\\\/az\\\/\",\"logo\":{\"@type\":\"ImageObject\",\"inLanguage\":\"az\",\"@id\":\"https:\\\/\\\/www.meydan.tv\\\/az\\\/#\\\/schema\\\/logo\\\/image\\\/\",\"url\":\"https:\\\/\\\/www.meydan.tv\\\/wp-content\\\/uploads\\\/2021\\\/07\\\/meydan-logo.svg\",\"contentUrl\":\"https:\\\/\\\/www.meydan.tv\\\/wp-content\\\/uploads\\\/2021\\\/07\\\/meydan-logo.svg\",\"width\":195,\"height\":46,\"caption\":\"Meydan TV\"},\"image\":{\"@id\":\"https:\\\/\\\/www.meydan.tv\\\/az\\\/#\\\/schema\\\/logo\\\/image\\\/\"}},{\"@type\":\"Person\",\"@id\":\"https:\\\/\\\/www.meydan.tv\\\/az\\\/#\\\/schema\\\/person\\\/9cdbecf90d17180ce1dfbd95b08dcf47\",\"name\":\"elli\",\"sameAs\":[\"https:\\\/\\\/x.com\\\/elli\"]}]}<\/script>\n<!-- \/ Yoast SEO plugin. -->","yoast_head_json":{"title":"Rusiya Finlandiyan\u0131 eksponatlara g\u00f6r\u0259 c\u0259rim\u0259 il\u0259 h\u0259d\u0259l\u0259yir - MEYDAN.TV","robots":{"index":"index","follow":"follow","max-snippet":"max-snippet:-1","max-image-preview":"max-image-preview:large","max-video-preview":"max-video-preview:-1"},"canonical":"https:\/\/www.meydan.tv\/az\/article\/rusiya-finlandiyani-eksponatlara-gore-cerime-ile-hedeleyir\/","og_locale":"az_AZ","og_type":"article","og_title":"Rusiya Finlandiyan\u0131 eksponatlara g\u00f6r\u0259 c\u0259rim\u0259 il\u0259 h\u0259d\u0259l\u0259yir - MEYDAN.TV","og_description":"Vya\u00e7eslav Volodin: &#8220;Qar\u015f\u0131 t\u0259r\u0259f bu add\u0131m\u0131na g\u00f6r\u0259 cavab ver\u0259c\u0259k&#8221; D\u00f6vl\u0259t ... Davam\u0131","og_url":"https:\/\/www.meydan.tv\/az\/article\/rusiya-finlandiyani-eksponatlara-gore-cerime-ile-hedeleyir\/","og_site_name":"MEYDAN.TV","article_published_time":"2022-04-07T09:33:33+00:00","article_modified_time":"2022-04-07T09:33:34+00:00","og_image":[{"width":1200,"height":735,"url":"https:\/\/www.meydan.tv\/wp-content\/uploads\/shutterstock_216809866-e1649323396911.jpg","type":"image\/jpeg"}],"author":"elli","twitter_card":"summary_large_image","twitter_creator":"@elli","schema":{"@context":"https:\/\/schema.org","@graph":[{"@type":"Article","@id":"https:\/\/www.meydan.tv\/az\/article\/rusiya-finlandiyani-eksponatlara-gore-cerime-ile-hedeleyir\/#article","isPartOf":{"@id":"https:\/\/www.meydan.tv\/az\/article\/rusiya-finlandiyani-eksponatlara-gore-cerime-ile-hedeleyir\/"},"author":{"name":"elli","@id":"https:\/\/www.meydan.tv\/az\/#\/schema\/person\/9cdbecf90d17180ce1dfbd95b08dcf47"},"headline":"Rusiya Finlandiyan\u0131 eksponatlara g\u00f6r\u0259 c\u0259rim\u0259 il\u0259 h\u0259d\u0259l\u0259yir","datePublished":"2022-04-07T09:33:33+00:00","dateModified":"2022-04-07T09:33:34+00:00","mainEntityOfPage":{"@id":"https:\/\/www.meydan.tv\/az\/article\/rusiya-finlandiyani-eksponatlara-gore-cerime-ile-hedeleyir\/"},"wordCount":628,"publisher":{"@id":"https:\/\/www.meydan.tv\/az\/#organization"},"image":{"@id":"https:\/\/www.meydan.tv\/az\/article\/rusiya-finlandiyani-eksponatlara-gore-cerime-ile-hedeleyir\/#primaryimage"},"thumbnailUrl":"https:\/\/www.meydan.tv\/wp-content\/uploads\/shutterstock_216809866-e1649323396911.jpg","articleSection":["M\u0259d\u0259niyy\u0259t","X\u0259b\u0259rl\u0259r"],"inLanguage":"az"},{"@type":"WebPage","@id":"https:\/\/www.meydan.tv\/az\/article\/rusiya-finlandiyani-eksponatlara-gore-cerime-ile-hedeleyir\/","url":"https:\/\/www.meydan.tv\/az\/article\/rusiya-finlandiyani-eksponatlara-gore-cerime-ile-hedeleyir\/","name":"Rusiya Finlandiyan\u0131 eksponatlara g\u00f6r\u0259 c\u0259rim\u0259 il\u0259 h\u0259d\u0259l\u0259yir - MEYDAN.TV","isPartOf":{"@id":"https:\/\/www.meydan.tv\/az\/#website"},"primaryImageOfPage":{"@id":"https:\/\/www.meydan.tv\/az\/article\/rusiya-finlandiyani-eksponatlara-gore-cerime-ile-hedeleyir\/#primaryimage"},"image":{"@id":"https:\/\/www.meydan.tv\/az\/article\/rusiya-finlandiyani-eksponatlara-gore-cerime-ile-hedeleyir\/#primaryimage"},"thumbnailUrl":"https:\/\/www.meydan.tv\/wp-content\/uploads\/shutterstock_216809866-e1649323396911.jpg","datePublished":"2022-04-07T09:33:33+00:00","dateModified":"2022-04-07T09:33:34+00:00","breadcrumb":{"@id":"https:\/\/www.meydan.tv\/az\/article\/rusiya-finlandiyani-eksponatlara-gore-cerime-ile-hedeleyir\/#breadcrumb"},"inLanguage":"az","potentialAction":[{"@type":"ReadAction","target":["https:\/\/www.meydan.tv\/az\/article\/rusiya-finlandiyani-eksponatlara-gore-cerime-ile-hedeleyir\/"]}]},{"@type":"ImageObject","inLanguage":"az","@id":"https:\/\/www.meydan.tv\/az\/article\/rusiya-finlandiyani-eksponatlara-gore-cerime-ile-hedeleyir\/#primaryimage","url":"https:\/\/www.meydan.tv\/wp-content\/uploads\/shutterstock_216809866-e1649323396911.jpg","contentUrl":"https:\/\/www.meydan.tv\/wp-content\/uploads\/shutterstock_216809866-e1649323396911.jpg","width":1200,"height":735,"caption":"Rusiya-Finlyandiya. Foto: xtock\/shutterstock"},{"@type":"BreadcrumbList","@id":"https:\/\/www.meydan.tv\/az\/article\/rusiya-finlandiyani-eksponatlara-gore-cerime-ile-hedeleyir\/#breadcrumb","itemListElement":[{"@type":"ListItem","position":1,"name":"Ana s\u0259hif\u0259","item":"https:\/\/www.meydan.tv\/az\/"},{"@type":"ListItem","position":2,"name":"M\u0259d\u0259niyy\u0259t","item":"https:\/\/www.meydan.tv\/az\/section\/medeniyyet\/"},{"@type":"ListItem","position":3,"name":"Rusiya Finlandiyan\u0131 eksponatlara g\u00f6r\u0259 c\u0259rim\u0259 il\u0259 h\u0259d\u0259l\u0259yir"}]},{"@type":"WebSite","@id":"https:\/\/www.meydan.tv\/az\/#website","url":"https:\/\/www.meydan.tv\/az\/","name":"MEYDAN.TV","description":"Meydan TV Az\u0259rbaycan\u0131n media m\u0259kan\u0131ndak\u0131 alternativ s\u0259sidir","publisher":{"@id":"https:\/\/www.meydan.tv\/az\/#organization"},"potentialAction":[{"@type":"SearchAction","target":{"@type":"EntryPoint","urlTemplate":"https:\/\/www.meydan.tv\/az\/?s={search_term_string}"},"query-input":{"@type":"PropertyValueSpecification","valueRequired":true,"valueName":"search_term_string"}}],"inLanguage":"az"},{"@type":"Organization","@id":"https:\/\/www.meydan.tv\/az\/#organization","name":"Meydan TV","url":"https:\/\/www.meydan.tv\/az\/","logo":{"@type":"ImageObject","inLanguage":"az","@id":"https:\/\/www.meydan.tv\/az\/#\/schema\/logo\/image\/","url":"https:\/\/www.meydan.tv\/wp-content\/uploads\/2021\/07\/meydan-logo.svg","contentUrl":"https:\/\/www.meydan.tv\/wp-content\/uploads\/2021\/07\/meydan-logo.svg","width":195,"height":46,"caption":"Meydan TV"},"image":{"@id":"https:\/\/www.meydan.tv\/az\/#\/schema\/logo\/image\/"}},{"@type":"Person","@id":"https:\/\/www.meydan.tv\/az\/#\/schema\/person\/9cdbecf90d17180ce1dfbd95b08dcf47","name":"elli","sameAs":["https:\/\/x.com\/elli"]}]}},"_links":{"self":[{"href":"https:\/\/www.meydan.tv\/az\/wp-json\/wp\/v2\/posts\/240959","targetHints":{"allow":["GET"]}}],"collection":[{"href":"https:\/\/www.meydan.tv\/az\/wp-json\/wp\/v2\/posts"}],"about":[{"href":"https:\/\/www.meydan.tv\/az\/wp-json\/wp\/v2\/types\/post"}],"author":[{"embeddable":true,"href":"https:\/\/www.meydan.tv\/az\/wp-json\/wp\/v2\/users\/8"}],"replies":[{"embeddable":true,"href":"https:\/\/www.meydan.tv\/az\/wp-json\/wp\/v2\/comments?post=240959"}],"version-history":[{"count":1,"href":"https:\/\/www.meydan.tv\/az\/wp-json\/wp\/v2\/posts\/240959\/revisions"}],"predecessor-version":[{"id":240963,"href":"https:\/\/www.meydan.tv\/az\/wp-json\/wp\/v2\/posts\/240959\/revisions\/240963"}],"wp:featuredmedia":[{"embeddable":true,"href":"https:\/\/www.meydan.tv\/az\/wp-json\/wp\/v2\/media\/240960"}],"wp:attachment":[{"href":"https:\/\/www.meydan.tv\/az\/wp-json\/wp\/v2\/media?parent=240959"}],"wp:term":[{"taxonomy":"category","embeddable":true,"href":"https:\/\/www.meydan.tv\/az\/wp-json\/wp\/v2\/categories?post=240959"},{"taxonomy":"post_tag","embeddable":true,"href":"https:\/\/www.meydan.tv\/az\/wp-json\/wp\/v2\/tags?post=240959"}],"curies":[{"name":"wp","href":"https:\/\/api.w.org\/{rel}","templated":true}]}}