{"id":240817,"date":"2022-04-06T17:47:08","date_gmt":"2022-04-06T13:47:08","guid":{"rendered":"https:\/\/www.meydan.tv\/?p=240817"},"modified":"2022-04-06T17:47:10","modified_gmt":"2022-04-06T13:47:10","slug":"xaricdeki-muhacirleri-bakida-ne-gozleyir","status":"publish","type":"post","link":"https:\/\/www.meydan.tv\/az\/article\/xaricdeki-muhacirleri-bakida-ne-gozleyir\/","title":{"rendered":"Xaricd\u0259ki m\u00fchacirl\u0259ri Bak\u0131da n\u0259 g\u00f6zl\u0259yir?"},"content":{"rendered":"\n<figure class=\"wp-block-embed is-type-video is-provider-youtube wp-block-embed-youtube wp-embed-aspect-16-9 wp-has-aspect-ratio\"><div class=\"wp-block-embed__wrapper\">\n<iframe title=\"Xaricd\u0259ki m\u00fchacirl\u0259ri Bak\u0131da n\u0259 g\u00f6zl\u0259yir?\" width=\"1200\" height=\"675\" data-src=\"https:\/\/www.youtube.com\/embed\/dMmSqq3_Fjg?feature=oembed\" frameborder=\"0\" allow=\"accelerometer; autoplay; clipboard-write; encrypted-media; gyroscope; picture-in-picture\" allowfullscreen src=\"data:image\/svg+xml;base64,PHN2ZyB3aWR0aD0iMSIgaGVpZ2h0PSIxIiB4bWxucz0iaHR0cDovL3d3dy53My5vcmcvMjAwMC9zdmciPjwvc3ZnPg==\" class=\"lazyload\" data-load-mode=\"1\"><\/iframe>\n<\/div><\/figure>\n\n\n\n<!--more-->\n\n\n\n<p>Vahid K\u0259rimov o\u011flu P\u00fcnhan\u0131n Almaniyada m\u00fchacir\u0259td\u0259yik\u0259n \u00e7\u0131xd\u0131\u011f\u0131 aksiyas\u0131n\u0131 izl\u0259yir.<\/p>\n\n\n\n<p>AXCP \u00fczv\u00fc P\u00fcnhan K\u0259rimli bir ne\u00e7\u0259 ay \u0259vv\u0259l Az\u0259rbaycana deportasiya olunub. Yanvar\u0131n 25-d\u0259 is\u0259 narkotik ittiham\u0131 il\u0259 h\u0259bs edilib.<\/p>\n\n\n\n<p>Cinay\u0259t M\u0259c\u0259ll\u0259si, madd\u0259 234.4.3 (k\u00fclli miqdarda qanunsuz olaraq narkotik vasit\u0259l\u0259ri, psixotrop madd\u0259l\u0259ri haz\u0131rlama,\u2026satma)<\/p>\n\n\n\n<p>Son bir ild\u0259 xaricd\u0259n Az\u0259rbaycana deportasiya olunan m\u00fchacirl\u0259rd\u0259n 4-n\u0259 bu madd\u0259 \u00fczr\u0259 cinay\u0259t i\u015fi a\u00e7\u0131l\u0131b. C\u0259f\u0259r Mirz\u0259yev, M\u00fct\u0259llim Orucov, Malik Rzayev v\u0259 P\u00fcnhan K\u0259rimlinin yax\u0131nlar\u0131 h\u0259bsl\u0259rin siyasi sifari\u015fl\u0259 oldu\u011funu deyir.<\/p>\n\n\n\n<p>Almaniyadan deport olunan n\u00f6vb\u0259ti m\u00fchacir Samir A\u015furov Ba\u015f Prokurorlu\u011fa dindirilm\u0259y\u0259 \u00e7a\u011f\u0131r\u0131l\u0131b. O, qanunsuz miqrasiya il\u0259 ba\u011fl\u0131 sor\u011fu-sual edilib, lakin A\u015furov da h\u0259bs t\u0259hl\u00fck\u0259sind\u0259 oldu\u011funu d\u00fc\u015f\u00fcn\u00fcr.<\/p>\n\n\n\n<p>2014-c\u00fc ild\u0259 &#8220;Az\u0259rbaycan Respublikas\u0131 il\u0259 Avropa \u0130ttifaq\u0131 aras\u0131nda icaz\u0259siz ya\u015fayan \u015f\u0259xsl\u0259rin readmissiyas\u0131 (geri qaytar\u0131lmas\u0131) haqq\u0131nda&#8221; Sazi\u015f imzalan\u0131b. Sazi\u015f\u0259 g\u00f6r\u0259, Az\u0259rbaycan h\u00f6kum\u0259ti qaytar\u0131lan \u015f\u0259xsl\u0259rin i\u015f yerl\u0259ri il\u0259 t\u0259min edilm\u0259sind\u0259, ya\u015fay\u0131\u015f yerinin olub-olmamas\u0131 il\u0259 ba\u011fl\u0131 probleml\u0259rin h\u0259llind\u0259 v\u0259 psixoloji yard\u0131m m\u0259s\u0259l\u0259l\u0259rind\u0259 k\u00f6m\u0259k etm\u0259lidir. Son ill\u0259r Avropa \u00f6lk\u0259l\u0259rind\u0259n (x\u00fcsusil\u0259 Almaniyadan) Az\u0259rbaycana y\u00fczl\u0259rl\u0259 m\u00fchacirin bu qaydada qaytar\u0131ld\u0131\u011f\u0131 a\u00e7\u0131qlan\u0131b.<\/p>\n\n\n\n<p>Narkotik ittiham\u0131 il\u0259 h\u0259bs edil\u0259nl\u0259r ittiham\u0131 q\u0259bul etmir, siyasi bax\u0131\u015flar\u0131na g\u00f6r\u0259 \u015f\u0259rl\u0259ndikl\u0259rini bildiribl\u0259r. R\u0259smil\u0259r is\u0259 \u00f6lk\u0259d\u0259 siyasi h\u0259bsl\u0259rin olmad\u0131\u011f\u0131n\u0131 deyirl\u0259r.<\/p>\n","protected":false},"excerpt":{"rendered":"","protected":false},"author":14,"featured_media":240824,"comment_status":"closed","ping_status":"closed","sticky":false,"template":"","format":"standard","meta":{"_acf_changed":false,"_sitemap_exclude":false,"_sitemap_priority":"","_sitemap_frequency":"","footnotes":""},"categories":[61,63],"tags":[],"class_list":["post-240817","post","type-post","status-publish","format-standard","has-post-thumbnail","hentry","category-reportaj","category-video-2","infinite-scroll-item","generate-columns","tablet-grid-50","mobile-grid-100","grid-parent","grid-33","no-featured-image-padding"],"acf":[],"yoast_head":"<!-- This site is optimized with the Yoast SEO plugin v27.4 - https:\/\/yoast.com\/product\/yoast-seo-wordpress\/ -->\n<title>Xaricd\u0259ki m\u00fchacirl\u0259ri Bak\u0131da n\u0259 g\u00f6zl\u0259yir? - MEYDAN.TV<\/title>\n<meta name=\"robots\" content=\"index, follow, max-snippet:-1, max-image-preview:large, max-video-preview:-1\" \/>\n<link rel=\"canonical\" href=\"https:\/\/www.meydan.tv\/az\/article\/xaricdeki-muhacirleri-bakida-ne-gozleyir\/\" \/>\n<meta property=\"og:locale\" content=\"az_AZ\" \/>\n<meta property=\"og:type\" content=\"article\" \/>\n<meta property=\"og:title\" content=\"Xaricd\u0259ki m\u00fchacirl\u0259ri Bak\u0131da n\u0259 g\u00f6zl\u0259yir? - MEYDAN.TV\" \/>\n<meta property=\"og:url\" content=\"https:\/\/www.meydan.tv\/az\/article\/xaricdeki-muhacirleri-bakida-ne-gozleyir\/\" \/>\n<meta property=\"og:site_name\" content=\"MEYDAN.TV\" \/>\n<meta property=\"article:published_time\" content=\"2022-04-06T13:47:08+00:00\" \/>\n<meta property=\"article:modified_time\" content=\"2022-04-06T13:47:10+00:00\" \/>\n<meta property=\"og:image\" content=\"https:\/\/www.meydan.tv\/wp-content\/uploads\/screenshot-at-apr-06-15-36-48.png\" \/>\n\t<meta property=\"og:image:width\" content=\"1246\" \/>\n\t<meta property=\"og:image:height\" content=\"690\" \/>\n\t<meta property=\"og:image:type\" content=\"image\/png\" \/>\n<meta name=\"author\" content=\"roma\" \/>\n<meta name=\"twitter:card\" content=\"summary_large_image\" \/>\n<script type=\"application\/ld+json\" class=\"yoast-schema-graph\">{\"@context\":\"https:\\\/\\\/schema.org\",\"@graph\":[{\"@type\":\"Article\",\"@id\":\"https:\\\/\\\/www.meydan.tv\\\/az\\\/article\\\/xaricdeki-muhacirleri-bakida-ne-gozleyir\\\/#article\",\"isPartOf\":{\"@id\":\"https:\\\/\\\/www.meydan.tv\\\/az\\\/article\\\/xaricdeki-muhacirleri-bakida-ne-gozleyir\\\/\"},\"author\":{\"name\":\"roma\",\"@id\":\"https:\\\/\\\/www.meydan.tv\\\/az\\\/#\\\/schema\\\/person\\\/8f23e01c4de63326c13c319fb65ee65d\"},\"headline\":\"Xaricd\u0259ki m\u00fchacirl\u0259ri Bak\u0131da n\u0259 g\u00f6zl\u0259yir?\",\"datePublished\":\"2022-04-06T13:47:08+00:00\",\"dateModified\":\"2022-04-06T13:47:10+00:00\",\"mainEntityOfPage\":{\"@id\":\"https:\\\/\\\/www.meydan.tv\\\/az\\\/article\\\/xaricdeki-muhacirleri-bakida-ne-gozleyir\\\/\"},\"wordCount\":310,\"publisher\":{\"@id\":\"https:\\\/\\\/www.meydan.tv\\\/az\\\/#organization\"},\"image\":{\"@id\":\"https:\\\/\\\/www.meydan.tv\\\/az\\\/article\\\/xaricdeki-muhacirleri-bakida-ne-gozleyir\\\/#primaryimage\"},\"thumbnailUrl\":\"https:\\\/\\\/www.meydan.tv\\\/wp-content\\\/uploads\\\/screenshot-at-apr-06-15-36-48.png\",\"articleSection\":[\"Reportaj\",\"Video\"],\"inLanguage\":\"az\"},{\"@type\":\"WebPage\",\"@id\":\"https:\\\/\\\/www.meydan.tv\\\/az\\\/article\\\/xaricdeki-muhacirleri-bakida-ne-gozleyir\\\/\",\"url\":\"https:\\\/\\\/www.meydan.tv\\\/az\\\/article\\\/xaricdeki-muhacirleri-bakida-ne-gozleyir\\\/\",\"name\":\"Xaricd\u0259ki m\u00fchacirl\u0259ri Bak\u0131da n\u0259 g\u00f6zl\u0259yir? - MEYDAN.TV\",\"isPartOf\":{\"@id\":\"https:\\\/\\\/www.meydan.tv\\\/az\\\/#website\"},\"primaryImageOfPage\":{\"@id\":\"https:\\\/\\\/www.meydan.tv\\\/az\\\/article\\\/xaricdeki-muhacirleri-bakida-ne-gozleyir\\\/#primaryimage\"},\"image\":{\"@id\":\"https:\\\/\\\/www.meydan.tv\\\/az\\\/article\\\/xaricdeki-muhacirleri-bakida-ne-gozleyir\\\/#primaryimage\"},\"thumbnailUrl\":\"https:\\\/\\\/www.meydan.tv\\\/wp-content\\\/uploads\\\/screenshot-at-apr-06-15-36-48.png\",\"datePublished\":\"2022-04-06T13:47:08+00:00\",\"dateModified\":\"2022-04-06T13:47:10+00:00\",\"breadcrumb\":{\"@id\":\"https:\\\/\\\/www.meydan.tv\\\/az\\\/article\\\/xaricdeki-muhacirleri-bakida-ne-gozleyir\\\/#breadcrumb\"},\"inLanguage\":\"az\",\"potentialAction\":[{\"@type\":\"ReadAction\",\"target\":[\"https:\\\/\\\/www.meydan.tv\\\/az\\\/article\\\/xaricdeki-muhacirleri-bakida-ne-gozleyir\\\/\"]}]},{\"@type\":\"ImageObject\",\"inLanguage\":\"az\",\"@id\":\"https:\\\/\\\/www.meydan.tv\\\/az\\\/article\\\/xaricdeki-muhacirleri-bakida-ne-gozleyir\\\/#primaryimage\",\"url\":\"https:\\\/\\\/www.meydan.tv\\\/wp-content\\\/uploads\\\/screenshot-at-apr-06-15-36-48.png\",\"contentUrl\":\"https:\\\/\\\/www.meydan.tv\\\/wp-content\\\/uploads\\\/screenshot-at-apr-06-15-36-48.png\",\"width\":1246,\"height\":690},{\"@type\":\"BreadcrumbList\",\"@id\":\"https:\\\/\\\/www.meydan.tv\\\/az\\\/article\\\/xaricdeki-muhacirleri-bakida-ne-gozleyir\\\/#breadcrumb\",\"itemListElement\":[{\"@type\":\"ListItem\",\"position\":1,\"name\":\"Ana s\u0259hif\u0259\",\"item\":\"https:\\\/\\\/www.meydan.tv\\\/az\\\/\"},{\"@type\":\"ListItem\",\"position\":2,\"name\":\"Video\",\"item\":\"https:\\\/\\\/www.meydan.tv\\\/az\\\/section\\\/video-2\\\/\"},{\"@type\":\"ListItem\",\"position\":3,\"name\":\"Xaricd\u0259ki m\u00fchacirl\u0259ri Bak\u0131da n\u0259 g\u00f6zl\u0259yir?\"}]},{\"@type\":\"WebSite\",\"@id\":\"https:\\\/\\\/www.meydan.tv\\\/az\\\/#website\",\"url\":\"https:\\\/\\\/www.meydan.tv\\\/az\\\/\",\"name\":\"MEYDAN.TV\",\"description\":\"Meydan TV Az\u0259rbaycan\u0131n media m\u0259kan\u0131ndak\u0131 alternativ s\u0259sidir\",\"publisher\":{\"@id\":\"https:\\\/\\\/www.meydan.tv\\\/az\\\/#organization\"},\"potentialAction\":[{\"@type\":\"SearchAction\",\"target\":{\"@type\":\"EntryPoint\",\"urlTemplate\":\"https:\\\/\\\/www.meydan.tv\\\/az\\\/?s={search_term_string}\"},\"query-input\":{\"@type\":\"PropertyValueSpecification\",\"valueRequired\":true,\"valueName\":\"search_term_string\"}}],\"inLanguage\":\"az\"},{\"@type\":\"Organization\",\"@id\":\"https:\\\/\\\/www.meydan.tv\\\/az\\\/#organization\",\"name\":\"Meydan TV\",\"url\":\"https:\\\/\\\/www.meydan.tv\\\/az\\\/\",\"logo\":{\"@type\":\"ImageObject\",\"inLanguage\":\"az\",\"@id\":\"https:\\\/\\\/www.meydan.tv\\\/az\\\/#\\\/schema\\\/logo\\\/image\\\/\",\"url\":\"https:\\\/\\\/www.meydan.tv\\\/wp-content\\\/uploads\\\/2021\\\/07\\\/meydan-logo.svg\",\"contentUrl\":\"https:\\\/\\\/www.meydan.tv\\\/wp-content\\\/uploads\\\/2021\\\/07\\\/meydan-logo.svg\",\"width\":195,\"height\":46,\"caption\":\"Meydan TV\"},\"image\":{\"@id\":\"https:\\\/\\\/www.meydan.tv\\\/az\\\/#\\\/schema\\\/logo\\\/image\\\/\"}},{\"@type\":\"Person\",\"@id\":\"https:\\\/\\\/www.meydan.tv\\\/az\\\/#\\\/schema\\\/person\\\/8f23e01c4de63326c13c319fb65ee65d\",\"name\":\"roma\"}]}<\/script>\n<!-- \/ Yoast SEO plugin. -->","yoast_head_json":{"title":"Xaricd\u0259ki m\u00fchacirl\u0259ri Bak\u0131da n\u0259 g\u00f6zl\u0259yir? - MEYDAN.TV","robots":{"index":"index","follow":"follow","max-snippet":"max-snippet:-1","max-image-preview":"max-image-preview:large","max-video-preview":"max-video-preview:-1"},"canonical":"https:\/\/www.meydan.tv\/az\/article\/xaricdeki-muhacirleri-bakida-ne-gozleyir\/","og_locale":"az_AZ","og_type":"article","og_title":"Xaricd\u0259ki m\u00fchacirl\u0259ri Bak\u0131da n\u0259 g\u00f6zl\u0259yir? - MEYDAN.TV","og_url":"https:\/\/www.meydan.tv\/az\/article\/xaricdeki-muhacirleri-bakida-ne-gozleyir\/","og_site_name":"MEYDAN.TV","article_published_time":"2022-04-06T13:47:08+00:00","article_modified_time":"2022-04-06T13:47:10+00:00","og_image":[{"width":1246,"height":690,"url":"https:\/\/www.meydan.tv\/wp-content\/uploads\/screenshot-at-apr-06-15-36-48.png","type":"image\/png"}],"author":"roma","twitter_card":"summary_large_image","schema":{"@context":"https:\/\/schema.org","@graph":[{"@type":"Article","@id":"https:\/\/www.meydan.tv\/az\/article\/xaricdeki-muhacirleri-bakida-ne-gozleyir\/#article","isPartOf":{"@id":"https:\/\/www.meydan.tv\/az\/article\/xaricdeki-muhacirleri-bakida-ne-gozleyir\/"},"author":{"name":"roma","@id":"https:\/\/www.meydan.tv\/az\/#\/schema\/person\/8f23e01c4de63326c13c319fb65ee65d"},"headline":"Xaricd\u0259ki m\u00fchacirl\u0259ri Bak\u0131da n\u0259 g\u00f6zl\u0259yir?","datePublished":"2022-04-06T13:47:08+00:00","dateModified":"2022-04-06T13:47:10+00:00","mainEntityOfPage":{"@id":"https:\/\/www.meydan.tv\/az\/article\/xaricdeki-muhacirleri-bakida-ne-gozleyir\/"},"wordCount":310,"publisher":{"@id":"https:\/\/www.meydan.tv\/az\/#organization"},"image":{"@id":"https:\/\/www.meydan.tv\/az\/article\/xaricdeki-muhacirleri-bakida-ne-gozleyir\/#primaryimage"},"thumbnailUrl":"https:\/\/www.meydan.tv\/wp-content\/uploads\/screenshot-at-apr-06-15-36-48.png","articleSection":["Reportaj","Video"],"inLanguage":"az"},{"@type":"WebPage","@id":"https:\/\/www.meydan.tv\/az\/article\/xaricdeki-muhacirleri-bakida-ne-gozleyir\/","url":"https:\/\/www.meydan.tv\/az\/article\/xaricdeki-muhacirleri-bakida-ne-gozleyir\/","name":"Xaricd\u0259ki m\u00fchacirl\u0259ri Bak\u0131da n\u0259 g\u00f6zl\u0259yir? - MEYDAN.TV","isPartOf":{"@id":"https:\/\/www.meydan.tv\/az\/#website"},"primaryImageOfPage":{"@id":"https:\/\/www.meydan.tv\/az\/article\/xaricdeki-muhacirleri-bakida-ne-gozleyir\/#primaryimage"},"image":{"@id":"https:\/\/www.meydan.tv\/az\/article\/xaricdeki-muhacirleri-bakida-ne-gozleyir\/#primaryimage"},"thumbnailUrl":"https:\/\/www.meydan.tv\/wp-content\/uploads\/screenshot-at-apr-06-15-36-48.png","datePublished":"2022-04-06T13:47:08+00:00","dateModified":"2022-04-06T13:47:10+00:00","breadcrumb":{"@id":"https:\/\/www.meydan.tv\/az\/article\/xaricdeki-muhacirleri-bakida-ne-gozleyir\/#breadcrumb"},"inLanguage":"az","potentialAction":[{"@type":"ReadAction","target":["https:\/\/www.meydan.tv\/az\/article\/xaricdeki-muhacirleri-bakida-ne-gozleyir\/"]}]},{"@type":"ImageObject","inLanguage":"az","@id":"https:\/\/www.meydan.tv\/az\/article\/xaricdeki-muhacirleri-bakida-ne-gozleyir\/#primaryimage","url":"https:\/\/www.meydan.tv\/wp-content\/uploads\/screenshot-at-apr-06-15-36-48.png","contentUrl":"https:\/\/www.meydan.tv\/wp-content\/uploads\/screenshot-at-apr-06-15-36-48.png","width":1246,"height":690},{"@type":"BreadcrumbList","@id":"https:\/\/www.meydan.tv\/az\/article\/xaricdeki-muhacirleri-bakida-ne-gozleyir\/#breadcrumb","itemListElement":[{"@type":"ListItem","position":1,"name":"Ana s\u0259hif\u0259","item":"https:\/\/www.meydan.tv\/az\/"},{"@type":"ListItem","position":2,"name":"Video","item":"https:\/\/www.meydan.tv\/az\/section\/video-2\/"},{"@type":"ListItem","position":3,"name":"Xaricd\u0259ki m\u00fchacirl\u0259ri Bak\u0131da n\u0259 g\u00f6zl\u0259yir?"}]},{"@type":"WebSite","@id":"https:\/\/www.meydan.tv\/az\/#website","url":"https:\/\/www.meydan.tv\/az\/","name":"MEYDAN.TV","description":"Meydan TV Az\u0259rbaycan\u0131n media m\u0259kan\u0131ndak\u0131 alternativ s\u0259sidir","publisher":{"@id":"https:\/\/www.meydan.tv\/az\/#organization"},"potentialAction":[{"@type":"SearchAction","target":{"@type":"EntryPoint","urlTemplate":"https:\/\/www.meydan.tv\/az\/?s={search_term_string}"},"query-input":{"@type":"PropertyValueSpecification","valueRequired":true,"valueName":"search_term_string"}}],"inLanguage":"az"},{"@type":"Organization","@id":"https:\/\/www.meydan.tv\/az\/#organization","name":"Meydan TV","url":"https:\/\/www.meydan.tv\/az\/","logo":{"@type":"ImageObject","inLanguage":"az","@id":"https:\/\/www.meydan.tv\/az\/#\/schema\/logo\/image\/","url":"https:\/\/www.meydan.tv\/wp-content\/uploads\/2021\/07\/meydan-logo.svg","contentUrl":"https:\/\/www.meydan.tv\/wp-content\/uploads\/2021\/07\/meydan-logo.svg","width":195,"height":46,"caption":"Meydan TV"},"image":{"@id":"https:\/\/www.meydan.tv\/az\/#\/schema\/logo\/image\/"}},{"@type":"Person","@id":"https:\/\/www.meydan.tv\/az\/#\/schema\/person\/8f23e01c4de63326c13c319fb65ee65d","name":"roma"}]}},"_links":{"self":[{"href":"https:\/\/www.meydan.tv\/az\/wp-json\/wp\/v2\/posts\/240817","targetHints":{"allow":["GET"]}}],"collection":[{"href":"https:\/\/www.meydan.tv\/az\/wp-json\/wp\/v2\/posts"}],"about":[{"href":"https:\/\/www.meydan.tv\/az\/wp-json\/wp\/v2\/types\/post"}],"author":[{"embeddable":true,"href":"https:\/\/www.meydan.tv\/az\/wp-json\/wp\/v2\/users\/14"}],"replies":[{"embeddable":true,"href":"https:\/\/www.meydan.tv\/az\/wp-json\/wp\/v2\/comments?post=240817"}],"version-history":[{"count":1,"href":"https:\/\/www.meydan.tv\/az\/wp-json\/wp\/v2\/posts\/240817\/revisions"}],"predecessor-version":[{"id":240827,"href":"https:\/\/www.meydan.tv\/az\/wp-json\/wp\/v2\/posts\/240817\/revisions\/240827"}],"wp:featuredmedia":[{"embeddable":true,"href":"https:\/\/www.meydan.tv\/az\/wp-json\/wp\/v2\/media\/240824"}],"wp:attachment":[{"href":"https:\/\/www.meydan.tv\/az\/wp-json\/wp\/v2\/media?parent=240817"}],"wp:term":[{"taxonomy":"category","embeddable":true,"href":"https:\/\/www.meydan.tv\/az\/wp-json\/wp\/v2\/categories?post=240817"},{"taxonomy":"post_tag","embeddable":true,"href":"https:\/\/www.meydan.tv\/az\/wp-json\/wp\/v2\/tags?post=240817"}],"curies":[{"name":"wp","href":"https:\/\/api.w.org\/{rel}","templated":true}]}}