{"id":240809,"date":"2022-04-06T17:46:06","date_gmt":"2022-04-06T13:46:06","guid":{"rendered":"https:\/\/www.meydan.tv\/?p=240809"},"modified":"2022-04-06T17:46:08","modified_gmt":"2022-04-06T13:46:08","slug":"litvali-rejissorun-ukraynada-gullelendiyi-bildirilir","status":"publish","type":"post","link":"https:\/\/www.meydan.tv\/az\/article\/litvali-rejissorun-ukraynada-gullelendiyi-bildirilir\/","title":{"rendered":"Litval\u0131 rejissorun Ukraynada g\u00fcll\u0259l\u0259ndiyi bildirilir"},"content":{"rendered":"\n<p><\/p>\n\n\n\n<p><em>Albina Lvutina: &#8220;Rus h\u0259rbi\u00e7il\u0259ri Mantas\u0131 tutublar, daha sonra is\u0259 g\u00fcll\u0259l\u0259yibl\u0259r&#8221;<\/em><\/p>\n\n\n\n<p>Aprelin 2-d\u0259 Mariupolda h\u0259lak olan litval\u0131 s\u0259n\u0259dli film rejissoru Mantas Kvedaravi\u00e7yusun rus h\u0259rb\u00e7il\u0259ri t\u0259r\u0259find\u0259n g\u00fcll\u0259l\u0259ndiyi iddia olunur.<\/p>\n\n\n\n<p>Bu bar\u0259d\u0259 ukraynal\u0131 jurnalist Albina Lvutina \u201cFacebook\u201d s\u0259hif\u0259sind\u0259 <a href=\"https:\/\/www.facebook.com\/permalink.php?story_fbid=5095726333824007&amp;id=100001600724144\" target=\"_blank\" rel=\"noreferrer noopener\">yaz\u0131b<\/a>: <\/p>\n\n\n\n<p>\u201cRus h\u0259rbi\u00e7il\u0259ri Mantas\u0131 tutublar, daha sonra is\u0259 g\u00fcll\u0259l\u0259yibl\u0259r. Rejissorun h\u0259yat yolda\u015f\u0131 \u00f6z\u00fcn\u00fc risk\u0259 ataraq, m\u0259rhumun n\u0259\u015fini Litvaya g\u0259tirib. Ukrayna Prezident Adminstrasiyas\u0131 rejissorun \u00f6l\u00fcm x\u0259b\u0259rini ver\u0259nd\u0259 m\u0259rhumun h\u0259yat yolda\u015f\u0131 onun n\u0259\u015fi il\u0259 Rusiya s\u0259rh\u0259dind\u0259 olub\u201d.<\/p>\n\n\n\n<p>Aprelin 3-d\u0259 kinorejissor Vitali Manski \u201cFacebook\u201dunda rejossorun h\u0259lak olmas\u0131 il\u0259 ba\u011fl\u0131 m\u0259lumat <a href=\"https:\/\/www.facebook.com\/vitaliy.manski\/posts\/5229080227150974\" target=\"_blank\" rel=\"noreferrer noopener\">yaym\u0131\u015fd\u0131.<\/a><\/p>\n\n\n\n<p>Rejissorun \u00f6l\u00fcm\u00fc il\u0259 \u0259laq\u0259dar Litva Prezidenti Gitanas Nauseda da ba\u015fsa\u011fl\u0131\u011f\u0131 verib.<\/p>\n\n\n\n<p>&#8220;Biz t\u0259kc\u0259 Litvada deyil, h\u0259m d\u0259 b\u00fct\u00fcn d\u00fcnyada, t\u0259hl\u00fck\u0259y\u0259 baxmayaraq, son ana q\u0259d\u0259r Ukraynada i\u015fl\u0259y\u0259n tan\u0131nm\u0131\u015f yarad\u0131c\u0131n\u0131 itirdik&#8221;, &#8211; dey\u0259 prezidentin m\u0259tbuat xidm\u0259tinin m\u0259lumatd\u0131n deyilir.<\/p>\n\n\n\n<p>Mantas Kvedaravi\u00e7yus 2016-c\u0131 ild\u0259 Berlin Film Festival\u0131nda Ukraynan\u0131n \u015f\u0259rqind\u0259 h\u0259rbi \u0259m\u0259liyyatlar zaman\u0131 Donetsk vilay\u0259tind\u0259 \u015f\u0259h\u0259r sakinl\u0259rinin h\u0259yat\u0131ndan b\u0259hs ed\u0259n \u201cMariupoli\u201d filmini t\u0259qdim edib.<\/p>\n\n\n\n<p>Ekran i\u015fi \u201cTarixi sars\u0131nt\u0131 fonunda insan hekay\u0259si\u201d adland\u0131r\u0131l\u0131b.<\/p>\n\n\n\n<p>2000-ci ill\u0259rd\u0259 Kvedaravi\u00e7yus \u00c7e\u00e7enistanda insanlar\u0131n o\u011furlanmas\u0131 v\u0259 i\u015fg\u0259nc\u0259l\u0259r\u0259 m\u0259ruz qalmas\u0131ndan b\u0259hs ed\u0259n \u201cB\u0259rz\u0259x\u201d s\u0259n\u0259dli filmini \u00e7\u0259kib.<\/p>\n\n\n\n<p>H\u00fcquq m\u00fcdafi\u0259\u00e7isi Natalya Estemirova filmin \u00e7\u0259kili\u015fl\u0259ri zaman\u0131 litval\u0131 rejissora \u0259rs\u0259y\u0259 g\u0259l\u0259c\u0259k ekran i\u015finin g\u0259l\u0259c\u0259k q\u0259hr\u0259manlar\u0131 il\u0259 tan\u0131\u015f edib.<\/p>\n\n\n\n<p>Estemirova 2009-cu ild\u0259 \u0130nqu\u015fetiyada \u00f6ld\u00fcr\u00fcl\u00fcb.<\/p>\n\n\n\n<p>\u201cB\u0259rz\u0259x\u201din premyeras\u0131 2011-ci ild\u0259 Berlin kinofestival\u0131nda olub, film Estemirovaya ithaf olunub.<\/p>\n\n\n\n<p>Ekran i\u015fi \u201cAmnesty \u0130nternational\u201d h\u00fcquq m\u00fcdafi\u0259 t\u0259\u015fkilat\u0131n\u0131n m\u00fckafat\u0131na layiq g\u00f6r\u00fcl\u00fcb, h\u0259m\u00e7inin Litvada ilin s\u0259n\u0259dli filmi kimi tan\u0131n\u0131b v\u0259 \u201cSidabrin\u0117 Gerv\u0117\u201d m\u00fckafat\u0131na layiq g\u00f6r\u00fcl\u00fcb.<\/p>\n\n\n\n<p>2019-cu ild\u0259 Odessa, \u0130stanbul v\u0259 Afinada lent\u0259 ald\u0131\u011f\u0131 \u201cParthenon\u201d filmi n\u00fcmayi\u015f olunub.<\/p>\n\n\n\n<p>Rusiyan\u0131n fevral\u0131n 24-d\u0259 Ukraynada ba\u015flatd\u0131\u011f\u0131 h\u0259rbi \u0259m\u0259liyyatlar n\u0259tic\u0259sind\u0259 Ukrayna Milli Operas\u0131n\u0131n solisti, balet ustas\u0131 Artyom Datsi\u015fin v\u0259 \u018fm\u0259kdar artist kino v\u0259 teatr aktrisas\u0131 Oksana \u015evets h\u0259lak olub.<\/p>\n","protected":false},"excerpt":{"rendered":"<p>Albina Lvutina: &#8220;Rus h\u0259rbi\u00e7il\u0259ri Mantas\u0131 tutublar, daha sonra is\u0259 g\u00fcll\u0259l\u0259yibl\u0259r&#8221; &#8230; <\/p>\n<p class=\"read-more-container\"><a title=\"Litval\u0131 rejissorun Ukraynada g\u00fcll\u0259l\u0259ndiyi bildirilir\" class=\"read-more button\" href=\"https:\/\/www.meydan.tv\/az\/article\/litvali-rejissorun-ukraynada-gullelendiyi-bildirilir\/#more-240809\" aria-label=\"Read more about Litval\u0131 rejissorun Ukraynada g\u00fcll\u0259l\u0259ndiyi bildirilir\">Davam\u0131<\/a><\/p>\n","protected":false},"author":8,"featured_media":240806,"comment_status":"closed","ping_status":"closed","sticky":false,"template":"","format":"standard","meta":{"_acf_changed":false,"_sitemap_exclude":false,"_sitemap_priority":"","_sitemap_frequency":"","footnotes":""},"categories":[52,56],"tags":[],"class_list":["post-240809","post","type-post","status-publish","format-standard","has-post-thumbnail","hentry","category-medeniyyet","category-xeberler","infinite-scroll-item","generate-columns","tablet-grid-50","mobile-grid-100","grid-parent","grid-33","no-featured-image-padding"],"acf":[],"yoast_head":"<!-- This site is optimized with the Yoast SEO plugin v27.4 - https:\/\/yoast.com\/product\/yoast-seo-wordpress\/ -->\n<title>Litval\u0131 rejissorun Ukraynada g\u00fcll\u0259l\u0259ndiyi bildirilir - MEYDAN.TV<\/title>\n<meta name=\"robots\" content=\"index, follow, max-snippet:-1, max-image-preview:large, max-video-preview:-1\" \/>\n<link rel=\"canonical\" href=\"https:\/\/www.meydan.tv\/az\/article\/litvali-rejissorun-ukraynada-gullelendiyi-bildirilir\/\" \/>\n<meta property=\"og:locale\" content=\"az_AZ\" \/>\n<meta property=\"og:type\" content=\"article\" \/>\n<meta property=\"og:title\" content=\"Litval\u0131 rejissorun Ukraynada g\u00fcll\u0259l\u0259ndiyi bildirilir - MEYDAN.TV\" \/>\n<meta property=\"og:description\" content=\"Albina Lvutina: &#8220;Rus h\u0259rbi\u00e7il\u0259ri Mantas\u0131 tutublar, daha sonra is\u0259 g\u00fcll\u0259l\u0259yibl\u0259r&#8221; ... Davam\u0131\" \/>\n<meta property=\"og:url\" content=\"https:\/\/www.meydan.tv\/az\/article\/litvali-rejissorun-ukraynada-gullelendiyi-bildirilir\/\" \/>\n<meta property=\"og:site_name\" content=\"MEYDAN.TV\" \/>\n<meta property=\"article:published_time\" content=\"2022-04-06T13:46:06+00:00\" \/>\n<meta property=\"article:modified_time\" content=\"2022-04-06T13:46:08+00:00\" \/>\n<meta property=\"og:image\" content=\"https:\/\/www.meydan.tv\/wp-content\/uploads\/277673347_5095725800490727_6435364650673562168_n-e1649249354666.jpg\" \/>\n\t<meta property=\"og:image:width\" content=\"2048\" \/>\n\t<meta property=\"og:image:height\" content=\"1141\" \/>\n\t<meta property=\"og:image:type\" content=\"image\/jpeg\" \/>\n<meta name=\"author\" content=\"elli\" \/>\n<meta name=\"twitter:card\" content=\"summary_large_image\" \/>\n<meta name=\"twitter:creator\" content=\"@elli\" \/>\n<script type=\"application\/ld+json\" class=\"yoast-schema-graph\">{\"@context\":\"https:\\\/\\\/schema.org\",\"@graph\":[{\"@type\":\"Article\",\"@id\":\"https:\\\/\\\/www.meydan.tv\\\/az\\\/article\\\/litvali-rejissorun-ukraynada-gullelendiyi-bildirilir\\\/#article\",\"isPartOf\":{\"@id\":\"https:\\\/\\\/www.meydan.tv\\\/az\\\/article\\\/litvali-rejissorun-ukraynada-gullelendiyi-bildirilir\\\/\"},\"author\":{\"name\":\"elli\",\"@id\":\"https:\\\/\\\/www.meydan.tv\\\/az\\\/#\\\/schema\\\/person\\\/9cdbecf90d17180ce1dfbd95b08dcf47\"},\"headline\":\"Litval\u0131 rejissorun Ukraynada g\u00fcll\u0259l\u0259ndiyi bildirilir\",\"datePublished\":\"2022-04-06T13:46:06+00:00\",\"dateModified\":\"2022-04-06T13:46:08+00:00\",\"mainEntityOfPage\":{\"@id\":\"https:\\\/\\\/www.meydan.tv\\\/az\\\/article\\\/litvali-rejissorun-ukraynada-gullelendiyi-bildirilir\\\/\"},\"wordCount\":438,\"publisher\":{\"@id\":\"https:\\\/\\\/www.meydan.tv\\\/az\\\/#organization\"},\"image\":{\"@id\":\"https:\\\/\\\/www.meydan.tv\\\/az\\\/article\\\/litvali-rejissorun-ukraynada-gullelendiyi-bildirilir\\\/#primaryimage\"},\"thumbnailUrl\":\"https:\\\/\\\/www.meydan.tv\\\/wp-content\\\/uploads\\\/277673347_5095725800490727_6435364650673562168_n-e1649249354666.jpg\",\"articleSection\":[\"M\u0259d\u0259niyy\u0259t\",\"X\u0259b\u0259rl\u0259r\"],\"inLanguage\":\"az\"},{\"@type\":\"WebPage\",\"@id\":\"https:\\\/\\\/www.meydan.tv\\\/az\\\/article\\\/litvali-rejissorun-ukraynada-gullelendiyi-bildirilir\\\/\",\"url\":\"https:\\\/\\\/www.meydan.tv\\\/az\\\/article\\\/litvali-rejissorun-ukraynada-gullelendiyi-bildirilir\\\/\",\"name\":\"Litval\u0131 rejissorun Ukraynada g\u00fcll\u0259l\u0259ndiyi bildirilir - MEYDAN.TV\",\"isPartOf\":{\"@id\":\"https:\\\/\\\/www.meydan.tv\\\/az\\\/#website\"},\"primaryImageOfPage\":{\"@id\":\"https:\\\/\\\/www.meydan.tv\\\/az\\\/article\\\/litvali-rejissorun-ukraynada-gullelendiyi-bildirilir\\\/#primaryimage\"},\"image\":{\"@id\":\"https:\\\/\\\/www.meydan.tv\\\/az\\\/article\\\/litvali-rejissorun-ukraynada-gullelendiyi-bildirilir\\\/#primaryimage\"},\"thumbnailUrl\":\"https:\\\/\\\/www.meydan.tv\\\/wp-content\\\/uploads\\\/277673347_5095725800490727_6435364650673562168_n-e1649249354666.jpg\",\"datePublished\":\"2022-04-06T13:46:06+00:00\",\"dateModified\":\"2022-04-06T13:46:08+00:00\",\"breadcrumb\":{\"@id\":\"https:\\\/\\\/www.meydan.tv\\\/az\\\/article\\\/litvali-rejissorun-ukraynada-gullelendiyi-bildirilir\\\/#breadcrumb\"},\"inLanguage\":\"az\",\"potentialAction\":[{\"@type\":\"ReadAction\",\"target\":[\"https:\\\/\\\/www.meydan.tv\\\/az\\\/article\\\/litvali-rejissorun-ukraynada-gullelendiyi-bildirilir\\\/\"]}]},{\"@type\":\"ImageObject\",\"inLanguage\":\"az\",\"@id\":\"https:\\\/\\\/www.meydan.tv\\\/az\\\/article\\\/litvali-rejissorun-ukraynada-gullelendiyi-bildirilir\\\/#primaryimage\",\"url\":\"https:\\\/\\\/www.meydan.tv\\\/wp-content\\\/uploads\\\/277673347_5095725800490727_6435364650673562168_n-e1649249354666.jpg\",\"contentUrl\":\"https:\\\/\\\/www.meydan.tv\\\/wp-content\\\/uploads\\\/277673347_5095725800490727_6435364650673562168_n-e1649249354666.jpg\",\"width\":2048,\"height\":1141,\"caption\":\"Mantas Kvedaravi\u00e7yus (ortada). M\u0259nb\u0259: Albina Lvutin \\\"Facebook\\\" s\u0259hif\u0259si\"},{\"@type\":\"BreadcrumbList\",\"@id\":\"https:\\\/\\\/www.meydan.tv\\\/az\\\/article\\\/litvali-rejissorun-ukraynada-gullelendiyi-bildirilir\\\/#breadcrumb\",\"itemListElement\":[{\"@type\":\"ListItem\",\"position\":1,\"name\":\"Ana s\u0259hif\u0259\",\"item\":\"https:\\\/\\\/www.meydan.tv\\\/az\\\/\"},{\"@type\":\"ListItem\",\"position\":2,\"name\":\"M\u0259d\u0259niyy\u0259t\",\"item\":\"https:\\\/\\\/www.meydan.tv\\\/az\\\/section\\\/medeniyyet\\\/\"},{\"@type\":\"ListItem\",\"position\":3,\"name\":\"Litval\u0131 rejissorun Ukraynada g\u00fcll\u0259l\u0259ndiyi bildirilir\"}]},{\"@type\":\"WebSite\",\"@id\":\"https:\\\/\\\/www.meydan.tv\\\/az\\\/#website\",\"url\":\"https:\\\/\\\/www.meydan.tv\\\/az\\\/\",\"name\":\"MEYDAN.TV\",\"description\":\"Meydan TV Az\u0259rbaycan\u0131n media m\u0259kan\u0131ndak\u0131 alternativ s\u0259sidir\",\"publisher\":{\"@id\":\"https:\\\/\\\/www.meydan.tv\\\/az\\\/#organization\"},\"potentialAction\":[{\"@type\":\"SearchAction\",\"target\":{\"@type\":\"EntryPoint\",\"urlTemplate\":\"https:\\\/\\\/www.meydan.tv\\\/az\\\/?s={search_term_string}\"},\"query-input\":{\"@type\":\"PropertyValueSpecification\",\"valueRequired\":true,\"valueName\":\"search_term_string\"}}],\"inLanguage\":\"az\"},{\"@type\":\"Organization\",\"@id\":\"https:\\\/\\\/www.meydan.tv\\\/az\\\/#organization\",\"name\":\"Meydan TV\",\"url\":\"https:\\\/\\\/www.meydan.tv\\\/az\\\/\",\"logo\":{\"@type\":\"ImageObject\",\"inLanguage\":\"az\",\"@id\":\"https:\\\/\\\/www.meydan.tv\\\/az\\\/#\\\/schema\\\/logo\\\/image\\\/\",\"url\":\"https:\\\/\\\/www.meydan.tv\\\/wp-content\\\/uploads\\\/2021\\\/07\\\/meydan-logo.svg\",\"contentUrl\":\"https:\\\/\\\/www.meydan.tv\\\/wp-content\\\/uploads\\\/2021\\\/07\\\/meydan-logo.svg\",\"width\":195,\"height\":46,\"caption\":\"Meydan TV\"},\"image\":{\"@id\":\"https:\\\/\\\/www.meydan.tv\\\/az\\\/#\\\/schema\\\/logo\\\/image\\\/\"}},{\"@type\":\"Person\",\"@id\":\"https:\\\/\\\/www.meydan.tv\\\/az\\\/#\\\/schema\\\/person\\\/9cdbecf90d17180ce1dfbd95b08dcf47\",\"name\":\"elli\",\"sameAs\":[\"https:\\\/\\\/x.com\\\/elli\"]}]}<\/script>\n<!-- \/ Yoast SEO plugin. -->","yoast_head_json":{"title":"Litval\u0131 rejissorun Ukraynada g\u00fcll\u0259l\u0259ndiyi bildirilir - MEYDAN.TV","robots":{"index":"index","follow":"follow","max-snippet":"max-snippet:-1","max-image-preview":"max-image-preview:large","max-video-preview":"max-video-preview:-1"},"canonical":"https:\/\/www.meydan.tv\/az\/article\/litvali-rejissorun-ukraynada-gullelendiyi-bildirilir\/","og_locale":"az_AZ","og_type":"article","og_title":"Litval\u0131 rejissorun Ukraynada g\u00fcll\u0259l\u0259ndiyi bildirilir - MEYDAN.TV","og_description":"Albina Lvutina: &#8220;Rus h\u0259rbi\u00e7il\u0259ri Mantas\u0131 tutublar, daha sonra is\u0259 g\u00fcll\u0259l\u0259yibl\u0259r&#8221; ... Davam\u0131","og_url":"https:\/\/www.meydan.tv\/az\/article\/litvali-rejissorun-ukraynada-gullelendiyi-bildirilir\/","og_site_name":"MEYDAN.TV","article_published_time":"2022-04-06T13:46:06+00:00","article_modified_time":"2022-04-06T13:46:08+00:00","og_image":[{"width":2048,"height":1141,"url":"https:\/\/www.meydan.tv\/wp-content\/uploads\/277673347_5095725800490727_6435364650673562168_n-e1649249354666.jpg","type":"image\/jpeg"}],"author":"elli","twitter_card":"summary_large_image","twitter_creator":"@elli","schema":{"@context":"https:\/\/schema.org","@graph":[{"@type":"Article","@id":"https:\/\/www.meydan.tv\/az\/article\/litvali-rejissorun-ukraynada-gullelendiyi-bildirilir\/#article","isPartOf":{"@id":"https:\/\/www.meydan.tv\/az\/article\/litvali-rejissorun-ukraynada-gullelendiyi-bildirilir\/"},"author":{"name":"elli","@id":"https:\/\/www.meydan.tv\/az\/#\/schema\/person\/9cdbecf90d17180ce1dfbd95b08dcf47"},"headline":"Litval\u0131 rejissorun Ukraynada g\u00fcll\u0259l\u0259ndiyi bildirilir","datePublished":"2022-04-06T13:46:06+00:00","dateModified":"2022-04-06T13:46:08+00:00","mainEntityOfPage":{"@id":"https:\/\/www.meydan.tv\/az\/article\/litvali-rejissorun-ukraynada-gullelendiyi-bildirilir\/"},"wordCount":438,"publisher":{"@id":"https:\/\/www.meydan.tv\/az\/#organization"},"image":{"@id":"https:\/\/www.meydan.tv\/az\/article\/litvali-rejissorun-ukraynada-gullelendiyi-bildirilir\/#primaryimage"},"thumbnailUrl":"https:\/\/www.meydan.tv\/wp-content\/uploads\/277673347_5095725800490727_6435364650673562168_n-e1649249354666.jpg","articleSection":["M\u0259d\u0259niyy\u0259t","X\u0259b\u0259rl\u0259r"],"inLanguage":"az"},{"@type":"WebPage","@id":"https:\/\/www.meydan.tv\/az\/article\/litvali-rejissorun-ukraynada-gullelendiyi-bildirilir\/","url":"https:\/\/www.meydan.tv\/az\/article\/litvali-rejissorun-ukraynada-gullelendiyi-bildirilir\/","name":"Litval\u0131 rejissorun Ukraynada g\u00fcll\u0259l\u0259ndiyi bildirilir - MEYDAN.TV","isPartOf":{"@id":"https:\/\/www.meydan.tv\/az\/#website"},"primaryImageOfPage":{"@id":"https:\/\/www.meydan.tv\/az\/article\/litvali-rejissorun-ukraynada-gullelendiyi-bildirilir\/#primaryimage"},"image":{"@id":"https:\/\/www.meydan.tv\/az\/article\/litvali-rejissorun-ukraynada-gullelendiyi-bildirilir\/#primaryimage"},"thumbnailUrl":"https:\/\/www.meydan.tv\/wp-content\/uploads\/277673347_5095725800490727_6435364650673562168_n-e1649249354666.jpg","datePublished":"2022-04-06T13:46:06+00:00","dateModified":"2022-04-06T13:46:08+00:00","breadcrumb":{"@id":"https:\/\/www.meydan.tv\/az\/article\/litvali-rejissorun-ukraynada-gullelendiyi-bildirilir\/#breadcrumb"},"inLanguage":"az","potentialAction":[{"@type":"ReadAction","target":["https:\/\/www.meydan.tv\/az\/article\/litvali-rejissorun-ukraynada-gullelendiyi-bildirilir\/"]}]},{"@type":"ImageObject","inLanguage":"az","@id":"https:\/\/www.meydan.tv\/az\/article\/litvali-rejissorun-ukraynada-gullelendiyi-bildirilir\/#primaryimage","url":"https:\/\/www.meydan.tv\/wp-content\/uploads\/277673347_5095725800490727_6435364650673562168_n-e1649249354666.jpg","contentUrl":"https:\/\/www.meydan.tv\/wp-content\/uploads\/277673347_5095725800490727_6435364650673562168_n-e1649249354666.jpg","width":2048,"height":1141,"caption":"Mantas Kvedaravi\u00e7yus (ortada). M\u0259nb\u0259: Albina Lvutin \"Facebook\" s\u0259hif\u0259si"},{"@type":"BreadcrumbList","@id":"https:\/\/www.meydan.tv\/az\/article\/litvali-rejissorun-ukraynada-gullelendiyi-bildirilir\/#breadcrumb","itemListElement":[{"@type":"ListItem","position":1,"name":"Ana s\u0259hif\u0259","item":"https:\/\/www.meydan.tv\/az\/"},{"@type":"ListItem","position":2,"name":"M\u0259d\u0259niyy\u0259t","item":"https:\/\/www.meydan.tv\/az\/section\/medeniyyet\/"},{"@type":"ListItem","position":3,"name":"Litval\u0131 rejissorun Ukraynada g\u00fcll\u0259l\u0259ndiyi bildirilir"}]},{"@type":"WebSite","@id":"https:\/\/www.meydan.tv\/az\/#website","url":"https:\/\/www.meydan.tv\/az\/","name":"MEYDAN.TV","description":"Meydan TV Az\u0259rbaycan\u0131n media m\u0259kan\u0131ndak\u0131 alternativ s\u0259sidir","publisher":{"@id":"https:\/\/www.meydan.tv\/az\/#organization"},"potentialAction":[{"@type":"SearchAction","target":{"@type":"EntryPoint","urlTemplate":"https:\/\/www.meydan.tv\/az\/?s={search_term_string}"},"query-input":{"@type":"PropertyValueSpecification","valueRequired":true,"valueName":"search_term_string"}}],"inLanguage":"az"},{"@type":"Organization","@id":"https:\/\/www.meydan.tv\/az\/#organization","name":"Meydan TV","url":"https:\/\/www.meydan.tv\/az\/","logo":{"@type":"ImageObject","inLanguage":"az","@id":"https:\/\/www.meydan.tv\/az\/#\/schema\/logo\/image\/","url":"https:\/\/www.meydan.tv\/wp-content\/uploads\/2021\/07\/meydan-logo.svg","contentUrl":"https:\/\/www.meydan.tv\/wp-content\/uploads\/2021\/07\/meydan-logo.svg","width":195,"height":46,"caption":"Meydan TV"},"image":{"@id":"https:\/\/www.meydan.tv\/az\/#\/schema\/logo\/image\/"}},{"@type":"Person","@id":"https:\/\/www.meydan.tv\/az\/#\/schema\/person\/9cdbecf90d17180ce1dfbd95b08dcf47","name":"elli","sameAs":["https:\/\/x.com\/elli"]}]}},"_links":{"self":[{"href":"https:\/\/www.meydan.tv\/az\/wp-json\/wp\/v2\/posts\/240809","targetHints":{"allow":["GET"]}}],"collection":[{"href":"https:\/\/www.meydan.tv\/az\/wp-json\/wp\/v2\/posts"}],"about":[{"href":"https:\/\/www.meydan.tv\/az\/wp-json\/wp\/v2\/types\/post"}],"author":[{"embeddable":true,"href":"https:\/\/www.meydan.tv\/az\/wp-json\/wp\/v2\/users\/8"}],"replies":[{"embeddable":true,"href":"https:\/\/www.meydan.tv\/az\/wp-json\/wp\/v2\/comments?post=240809"}],"version-history":[{"count":2,"href":"https:\/\/www.meydan.tv\/az\/wp-json\/wp\/v2\/posts\/240809\/revisions"}],"predecessor-version":[{"id":240823,"href":"https:\/\/www.meydan.tv\/az\/wp-json\/wp\/v2\/posts\/240809\/revisions\/240823"}],"wp:featuredmedia":[{"embeddable":true,"href":"https:\/\/www.meydan.tv\/az\/wp-json\/wp\/v2\/media\/240806"}],"wp:attachment":[{"href":"https:\/\/www.meydan.tv\/az\/wp-json\/wp\/v2\/media?parent=240809"}],"wp:term":[{"taxonomy":"category","embeddable":true,"href":"https:\/\/www.meydan.tv\/az\/wp-json\/wp\/v2\/categories?post=240809"},{"taxonomy":"post_tag","embeddable":true,"href":"https:\/\/www.meydan.tv\/az\/wp-json\/wp\/v2\/tags?post=240809"}],"curies":[{"name":"wp","href":"https:\/\/api.w.org\/{rel}","templated":true}]}}