{"id":240716,"date":"2022-04-05T22:46:42","date_gmt":"2022-04-05T18:46:42","guid":{"rendered":"https:\/\/www.meydan.tv\/?p=240716"},"modified":"2022-04-05T22:46:44","modified_gmt":"2022-04-05T18:46:44","slug":"zelenskirus-esgerleri-dinc-sakinleri-oldurur-qadinlari-zorlayir","status":"publish","type":"post","link":"https:\/\/www.meydan.tv\/az\/article\/zelenskirus-esgerleri-dinc-sakinleri-oldurur-qadinlari-zorlayir\/","title":{"rendered":"Zelenski:&#8221;Rus \u0259sg\u0259rl\u0259ri dinc sakinl\u0259ri \u00f6ld\u00fcr\u00fcr, qad\u0131nlar\u0131 zorlay\u0131r&#8221;"},"content":{"rendered":"\n<figure class=\"wp-block-embed is-type-video is-provider-youtube wp-block-embed-youtube wp-embed-aspect-16-9 wp-has-aspect-ratio\"><div class=\"wp-block-embed__wrapper\">\n<iframe title=\"Zelenski:&quot;Rus \u0259sg\u0259rl\u0259ri dinc sakinl\u0259ri \u00f6ld\u00fcr\u00fcr, qad\u0131nlar\u0131 zorlay\u0131r&quot;\" width=\"1200\" height=\"675\" data-src=\"https:\/\/www.youtube.com\/embed\/92ncYF6POJM?feature=oembed\" frameborder=\"0\" allow=\"accelerometer; autoplay; clipboard-write; encrypted-media; gyroscope; picture-in-picture\" allowfullscreen src=\"data:image\/svg+xml;base64,PHN2ZyB3aWR0aD0iMSIgaGVpZ2h0PSIxIiB4bWxucz0iaHR0cDovL3d3dy53My5vcmcvMjAwMC9zdmciPjwvc3ZnPg==\" class=\"lazyload\" data-load-mode=\"1\"><\/iframe>\n<\/div><\/figure>\n\n\n\n<!--more-->\n\n\n\n<p>Ukrayna prezidenti Volodimir Zelenski BMT T\u0259hl\u00fck\u0259sizlik \u015euras\u0131nda \u00e7\u0131x\u0131\u015f edib v\u0259 Rusiyan\u0131 soyq\u0131r\u0131m t\u00f6r\u0259tm\u0259kd\u0259 ittiham edib.<\/p>\n\n\n\n<p>Zelenski deyib ki, Rusiyan\u0131n qurbanlar\u0131 ad\u0131ndan m\u00fcraci\u0259t edir.<\/p>\n\n\n\n<p>Rusiya Ukraynan\u0131 i\u015f\u011fal etdikd\u0259n sonra ilk d\u0259f\u0259 \u015furada dan\u0131\u015fan Zelenski rus \u0259sg\u0259rl\u0259rinin dinc sakinl\u0259ri \u00f6ld\u00fcrd\u00fcy\u00fcn\u00fc v\u0259 qad\u0131nlar\u0131 zorlad\u0131\u011f\u0131n\u0131 deyib.<\/p>\n\n\n\n<p>Zelenski deyib ki, Bu\u00e7a \u015f\u0259h\u0259rind\u0259 \u201ct\u00f6r\u0259dilm\u0259y\u0259n cinay\u0259t qalmay\u0131b\u201d.<\/p>\n\n\n\n<p>&nbsp;Zelenski \u00e7\u0131x\u0131\u015f\u0131nda T\u0259hl\u00fck\u0259sizlik \u015furas\u0131n\u0131n t\u0259min etm\u0259li oldu\u011fu t\u0259hl\u00fck\u0259sizlik haradad\u0131r dey\u0259 soru\u015fub.<\/p>\n\n\n\n<p>&#8220;S\u00fclh haradad\u0131r? BMT-nin t\u0259min etm\u0259li oldu\u011fu o t\u0259minatlar haradad\u0131r?&#8221;- o deyib.<\/p>\n\n\n\n<p>&nbsp;Prezident Zelenski Rusiyan\u0131n \u0130kinci D\u00fcnya M\u00fcharib\u0259sind\u0259n sonra N\u00fcrnberqd\u0259 ke\u00e7iril\u0259n m\u0259hk\u0259m\u0259y\u0259 b\u0259nz\u0259r beyn\u0259lxalq tribunal qar\u015f\u0131s\u0131na \u00e7\u0131xar\u0131lmas\u0131n\u0131 t\u0259l\u0259b ed\u0259r\u0259k, Rusiyan\u0131n \u201cm\u0259suliyy\u0259t da\u015f\u0131mas\u0131n\u0131\u201d t\u0259l\u0259b edib.<\/p>\n\n\n\n<p>&nbsp;O, Rusiyan\u0131n T\u0259hl\u00fck\u0259sizlik \u015euras\u0131n\u0131n \u00fczv\u00fcl\u00fcy\u00fcnd\u0259n \u00e7\u0131xar\u0131lmas\u0131n\u0259 da ist\u0259yib.&nbsp;<\/p>\n\n\n\n<p>&nbsp;Nitqinin sonunda o, video n\u00fcmayi\u015f etdirib,&nbsp;<\/p>\n\n\n\n<p>T\u0259xmin\u0259n bir d\u0259qiq\u0259 davam ed\u0259n videoda \u00f6l\u0259n ukraynal\u0131lar\u0131ng\u00f6r\u00fcnt\u00fcl\u0259ri n\u00fcmayi\u015f etdirilib.<\/p>\n","protected":false},"excerpt":{"rendered":"","protected":false},"author":14,"featured_media":240717,"comment_status":"closed","ping_status":"closed","sticky":false,"template":"","format":"standard","meta":{"_acf_changed":false,"_sitemap_exclude":false,"_sitemap_priority":"","_sitemap_frequency":"","footnotes":""},"categories":[63],"tags":[],"class_list":["post-240716","post","type-post","status-publish","format-standard","has-post-thumbnail","hentry","category-video-2","infinite-scroll-item","generate-columns","tablet-grid-50","mobile-grid-100","grid-parent","grid-33","no-featured-image-padding"],"acf":[],"yoast_head":"<!-- This site is optimized with the Yoast SEO plugin v27.5 - https:\/\/yoast.com\/product\/yoast-seo-wordpress\/ -->\n<title>Zelenski:&quot;Rus \u0259sg\u0259rl\u0259ri dinc sakinl\u0259ri \u00f6ld\u00fcr\u00fcr, qad\u0131nlar\u0131 zorlay\u0131r&quot; - MEYDAN.TV<\/title>\n<meta name=\"robots\" content=\"index, follow, max-snippet:-1, max-image-preview:large, max-video-preview:-1\" \/>\n<link rel=\"canonical\" href=\"https:\/\/www.meydan.tv\/az\/article\/zelenskirus-esgerleri-dinc-sakinleri-oldurur-qadinlari-zorlayir\/\" \/>\n<meta property=\"og:locale\" content=\"az_AZ\" \/>\n<meta property=\"og:type\" content=\"article\" \/>\n<meta property=\"og:title\" content=\"Zelenski:&quot;Rus \u0259sg\u0259rl\u0259ri dinc sakinl\u0259ri \u00f6ld\u00fcr\u00fcr, qad\u0131nlar\u0131 zorlay\u0131r&quot; - MEYDAN.TV\" \/>\n<meta property=\"og:url\" content=\"https:\/\/www.meydan.tv\/az\/article\/zelenskirus-esgerleri-dinc-sakinleri-oldurur-qadinlari-zorlayir\/\" \/>\n<meta property=\"og:site_name\" content=\"MEYDAN.TV\" \/>\n<meta property=\"article:published_time\" content=\"2022-04-05T18:46:42+00:00\" \/>\n<meta property=\"article:modified_time\" content=\"2022-04-05T18:46:44+00:00\" \/>\n<meta property=\"og:image\" content=\"https:\/\/www.meydan.tv\/wp-content\/uploads\/screenshot-at-apr-05-20-42-06.png\" \/>\n\t<meta property=\"og:image:width\" content=\"1248\" \/>\n\t<meta property=\"og:image:height\" content=\"692\" \/>\n\t<meta property=\"og:image:type\" content=\"image\/png\" \/>\n<meta name=\"author\" content=\"roma\" \/>\n<meta name=\"twitter:card\" content=\"summary_large_image\" \/>\n<script type=\"application\/ld+json\" class=\"yoast-schema-graph\">{\"@context\":\"https:\\\/\\\/schema.org\",\"@graph\":[{\"@type\":\"Article\",\"@id\":\"https:\\\/\\\/www.meydan.tv\\\/az\\\/article\\\/zelenskirus-esgerleri-dinc-sakinleri-oldurur-qadinlari-zorlayir\\\/#article\",\"isPartOf\":{\"@id\":\"https:\\\/\\\/www.meydan.tv\\\/az\\\/article\\\/zelenskirus-esgerleri-dinc-sakinleri-oldurur-qadinlari-zorlayir\\\/\"},\"author\":{\"name\":\"roma\",\"@id\":\"https:\\\/\\\/www.meydan.tv\\\/az\\\/#\\\/schema\\\/person\\\/8f23e01c4de63326c13c319fb65ee65d\"},\"headline\":\"Zelenski:&#8221;Rus \u0259sg\u0259rl\u0259ri dinc sakinl\u0259ri \u00f6ld\u00fcr\u00fcr, qad\u0131nlar\u0131 zorlay\u0131r&#8221;\",\"datePublished\":\"2022-04-05T18:46:42+00:00\",\"dateModified\":\"2022-04-05T18:46:44+00:00\",\"mainEntityOfPage\":{\"@id\":\"https:\\\/\\\/www.meydan.tv\\\/az\\\/article\\\/zelenskirus-esgerleri-dinc-sakinleri-oldurur-qadinlari-zorlayir\\\/\"},\"wordCount\":254,\"publisher\":{\"@id\":\"https:\\\/\\\/www.meydan.tv\\\/az\\\/#organization\"},\"image\":{\"@id\":\"https:\\\/\\\/www.meydan.tv\\\/az\\\/article\\\/zelenskirus-esgerleri-dinc-sakinleri-oldurur-qadinlari-zorlayir\\\/#primaryimage\"},\"thumbnailUrl\":\"https:\\\/\\\/www.meydan.tv\\\/wp-content\\\/uploads\\\/screenshot-at-apr-05-20-42-06.png\",\"articleSection\":[\"Video\"],\"inLanguage\":\"az\"},{\"@type\":\"WebPage\",\"@id\":\"https:\\\/\\\/www.meydan.tv\\\/az\\\/article\\\/zelenskirus-esgerleri-dinc-sakinleri-oldurur-qadinlari-zorlayir\\\/\",\"url\":\"https:\\\/\\\/www.meydan.tv\\\/az\\\/article\\\/zelenskirus-esgerleri-dinc-sakinleri-oldurur-qadinlari-zorlayir\\\/\",\"name\":\"Zelenski:\\\"Rus \u0259sg\u0259rl\u0259ri dinc sakinl\u0259ri \u00f6ld\u00fcr\u00fcr, qad\u0131nlar\u0131 zorlay\u0131r\\\" - MEYDAN.TV\",\"isPartOf\":{\"@id\":\"https:\\\/\\\/www.meydan.tv\\\/az\\\/#website\"},\"primaryImageOfPage\":{\"@id\":\"https:\\\/\\\/www.meydan.tv\\\/az\\\/article\\\/zelenskirus-esgerleri-dinc-sakinleri-oldurur-qadinlari-zorlayir\\\/#primaryimage\"},\"image\":{\"@id\":\"https:\\\/\\\/www.meydan.tv\\\/az\\\/article\\\/zelenskirus-esgerleri-dinc-sakinleri-oldurur-qadinlari-zorlayir\\\/#primaryimage\"},\"thumbnailUrl\":\"https:\\\/\\\/www.meydan.tv\\\/wp-content\\\/uploads\\\/screenshot-at-apr-05-20-42-06.png\",\"datePublished\":\"2022-04-05T18:46:42+00:00\",\"dateModified\":\"2022-04-05T18:46:44+00:00\",\"breadcrumb\":{\"@id\":\"https:\\\/\\\/www.meydan.tv\\\/az\\\/article\\\/zelenskirus-esgerleri-dinc-sakinleri-oldurur-qadinlari-zorlayir\\\/#breadcrumb\"},\"inLanguage\":\"az\",\"potentialAction\":[{\"@type\":\"ReadAction\",\"target\":[\"https:\\\/\\\/www.meydan.tv\\\/az\\\/article\\\/zelenskirus-esgerleri-dinc-sakinleri-oldurur-qadinlari-zorlayir\\\/\"]}]},{\"@type\":\"ImageObject\",\"inLanguage\":\"az\",\"@id\":\"https:\\\/\\\/www.meydan.tv\\\/az\\\/article\\\/zelenskirus-esgerleri-dinc-sakinleri-oldurur-qadinlari-zorlayir\\\/#primaryimage\",\"url\":\"https:\\\/\\\/www.meydan.tv\\\/wp-content\\\/uploads\\\/screenshot-at-apr-05-20-42-06.png\",\"contentUrl\":\"https:\\\/\\\/www.meydan.tv\\\/wp-content\\\/uploads\\\/screenshot-at-apr-05-20-42-06.png\",\"width\":1248,\"height\":692},{\"@type\":\"BreadcrumbList\",\"@id\":\"https:\\\/\\\/www.meydan.tv\\\/az\\\/article\\\/zelenskirus-esgerleri-dinc-sakinleri-oldurur-qadinlari-zorlayir\\\/#breadcrumb\",\"itemListElement\":[{\"@type\":\"ListItem\",\"position\":1,\"name\":\"Ana s\u0259hif\u0259\",\"item\":\"https:\\\/\\\/www.meydan.tv\\\/az\\\/\"},{\"@type\":\"ListItem\",\"position\":2,\"name\":\"Video\",\"item\":\"https:\\\/\\\/www.meydan.tv\\\/az\\\/section\\\/video-2\\\/\"},{\"@type\":\"ListItem\",\"position\":3,\"name\":\"Zelenski:&#8221;Rus \u0259sg\u0259rl\u0259ri dinc sakinl\u0259ri \u00f6ld\u00fcr\u00fcr, qad\u0131nlar\u0131 zorlay\u0131r&#8221;\"}]},{\"@type\":\"WebSite\",\"@id\":\"https:\\\/\\\/www.meydan.tv\\\/az\\\/#website\",\"url\":\"https:\\\/\\\/www.meydan.tv\\\/az\\\/\",\"name\":\"MEYDAN.TV\",\"description\":\"Meydan TV Az\u0259rbaycan\u0131n media m\u0259kan\u0131ndak\u0131 alternativ s\u0259sidir\",\"publisher\":{\"@id\":\"https:\\\/\\\/www.meydan.tv\\\/az\\\/#organization\"},\"potentialAction\":[{\"@type\":\"SearchAction\",\"target\":{\"@type\":\"EntryPoint\",\"urlTemplate\":\"https:\\\/\\\/www.meydan.tv\\\/az\\\/?s={search_term_string}\"},\"query-input\":{\"@type\":\"PropertyValueSpecification\",\"valueRequired\":true,\"valueName\":\"search_term_string\"}}],\"inLanguage\":\"az\"},{\"@type\":\"Organization\",\"@id\":\"https:\\\/\\\/www.meydan.tv\\\/az\\\/#organization\",\"name\":\"Meydan TV\",\"url\":\"https:\\\/\\\/www.meydan.tv\\\/az\\\/\",\"logo\":{\"@type\":\"ImageObject\",\"inLanguage\":\"az\",\"@id\":\"https:\\\/\\\/www.meydan.tv\\\/az\\\/#\\\/schema\\\/logo\\\/image\\\/\",\"url\":\"https:\\\/\\\/www.meydan.tv\\\/wp-content\\\/uploads\\\/2021\\\/07\\\/meydan-logo.svg\",\"contentUrl\":\"https:\\\/\\\/www.meydan.tv\\\/wp-content\\\/uploads\\\/2021\\\/07\\\/meydan-logo.svg\",\"width\":195,\"height\":46,\"caption\":\"Meydan TV\"},\"image\":{\"@id\":\"https:\\\/\\\/www.meydan.tv\\\/az\\\/#\\\/schema\\\/logo\\\/image\\\/\"}},{\"@type\":\"Person\",\"@id\":\"https:\\\/\\\/www.meydan.tv\\\/az\\\/#\\\/schema\\\/person\\\/8f23e01c4de63326c13c319fb65ee65d\",\"name\":\"roma\"}]}<\/script>\n<!-- \/ Yoast SEO plugin. -->","yoast_head_json":{"title":"Zelenski:\"Rus \u0259sg\u0259rl\u0259ri dinc sakinl\u0259ri \u00f6ld\u00fcr\u00fcr, qad\u0131nlar\u0131 zorlay\u0131r\" - MEYDAN.TV","robots":{"index":"index","follow":"follow","max-snippet":"max-snippet:-1","max-image-preview":"max-image-preview:large","max-video-preview":"max-video-preview:-1"},"canonical":"https:\/\/www.meydan.tv\/az\/article\/zelenskirus-esgerleri-dinc-sakinleri-oldurur-qadinlari-zorlayir\/","og_locale":"az_AZ","og_type":"article","og_title":"Zelenski:\"Rus \u0259sg\u0259rl\u0259ri dinc sakinl\u0259ri \u00f6ld\u00fcr\u00fcr, qad\u0131nlar\u0131 zorlay\u0131r\" - MEYDAN.TV","og_url":"https:\/\/www.meydan.tv\/az\/article\/zelenskirus-esgerleri-dinc-sakinleri-oldurur-qadinlari-zorlayir\/","og_site_name":"MEYDAN.TV","article_published_time":"2022-04-05T18:46:42+00:00","article_modified_time":"2022-04-05T18:46:44+00:00","og_image":[{"width":1248,"height":692,"url":"https:\/\/www.meydan.tv\/wp-content\/uploads\/screenshot-at-apr-05-20-42-06.png","type":"image\/png"}],"author":"roma","twitter_card":"summary_large_image","schema":{"@context":"https:\/\/schema.org","@graph":[{"@type":"Article","@id":"https:\/\/www.meydan.tv\/az\/article\/zelenskirus-esgerleri-dinc-sakinleri-oldurur-qadinlari-zorlayir\/#article","isPartOf":{"@id":"https:\/\/www.meydan.tv\/az\/article\/zelenskirus-esgerleri-dinc-sakinleri-oldurur-qadinlari-zorlayir\/"},"author":{"name":"roma","@id":"https:\/\/www.meydan.tv\/az\/#\/schema\/person\/8f23e01c4de63326c13c319fb65ee65d"},"headline":"Zelenski:&#8221;Rus \u0259sg\u0259rl\u0259ri dinc sakinl\u0259ri \u00f6ld\u00fcr\u00fcr, qad\u0131nlar\u0131 zorlay\u0131r&#8221;","datePublished":"2022-04-05T18:46:42+00:00","dateModified":"2022-04-05T18:46:44+00:00","mainEntityOfPage":{"@id":"https:\/\/www.meydan.tv\/az\/article\/zelenskirus-esgerleri-dinc-sakinleri-oldurur-qadinlari-zorlayir\/"},"wordCount":254,"publisher":{"@id":"https:\/\/www.meydan.tv\/az\/#organization"},"image":{"@id":"https:\/\/www.meydan.tv\/az\/article\/zelenskirus-esgerleri-dinc-sakinleri-oldurur-qadinlari-zorlayir\/#primaryimage"},"thumbnailUrl":"https:\/\/www.meydan.tv\/wp-content\/uploads\/screenshot-at-apr-05-20-42-06.png","articleSection":["Video"],"inLanguage":"az"},{"@type":"WebPage","@id":"https:\/\/www.meydan.tv\/az\/article\/zelenskirus-esgerleri-dinc-sakinleri-oldurur-qadinlari-zorlayir\/","url":"https:\/\/www.meydan.tv\/az\/article\/zelenskirus-esgerleri-dinc-sakinleri-oldurur-qadinlari-zorlayir\/","name":"Zelenski:\"Rus \u0259sg\u0259rl\u0259ri dinc sakinl\u0259ri \u00f6ld\u00fcr\u00fcr, qad\u0131nlar\u0131 zorlay\u0131r\" - MEYDAN.TV","isPartOf":{"@id":"https:\/\/www.meydan.tv\/az\/#website"},"primaryImageOfPage":{"@id":"https:\/\/www.meydan.tv\/az\/article\/zelenskirus-esgerleri-dinc-sakinleri-oldurur-qadinlari-zorlayir\/#primaryimage"},"image":{"@id":"https:\/\/www.meydan.tv\/az\/article\/zelenskirus-esgerleri-dinc-sakinleri-oldurur-qadinlari-zorlayir\/#primaryimage"},"thumbnailUrl":"https:\/\/www.meydan.tv\/wp-content\/uploads\/screenshot-at-apr-05-20-42-06.png","datePublished":"2022-04-05T18:46:42+00:00","dateModified":"2022-04-05T18:46:44+00:00","breadcrumb":{"@id":"https:\/\/www.meydan.tv\/az\/article\/zelenskirus-esgerleri-dinc-sakinleri-oldurur-qadinlari-zorlayir\/#breadcrumb"},"inLanguage":"az","potentialAction":[{"@type":"ReadAction","target":["https:\/\/www.meydan.tv\/az\/article\/zelenskirus-esgerleri-dinc-sakinleri-oldurur-qadinlari-zorlayir\/"]}]},{"@type":"ImageObject","inLanguage":"az","@id":"https:\/\/www.meydan.tv\/az\/article\/zelenskirus-esgerleri-dinc-sakinleri-oldurur-qadinlari-zorlayir\/#primaryimage","url":"https:\/\/www.meydan.tv\/wp-content\/uploads\/screenshot-at-apr-05-20-42-06.png","contentUrl":"https:\/\/www.meydan.tv\/wp-content\/uploads\/screenshot-at-apr-05-20-42-06.png","width":1248,"height":692},{"@type":"BreadcrumbList","@id":"https:\/\/www.meydan.tv\/az\/article\/zelenskirus-esgerleri-dinc-sakinleri-oldurur-qadinlari-zorlayir\/#breadcrumb","itemListElement":[{"@type":"ListItem","position":1,"name":"Ana s\u0259hif\u0259","item":"https:\/\/www.meydan.tv\/az\/"},{"@type":"ListItem","position":2,"name":"Video","item":"https:\/\/www.meydan.tv\/az\/section\/video-2\/"},{"@type":"ListItem","position":3,"name":"Zelenski:&#8221;Rus \u0259sg\u0259rl\u0259ri dinc sakinl\u0259ri \u00f6ld\u00fcr\u00fcr, qad\u0131nlar\u0131 zorlay\u0131r&#8221;"}]},{"@type":"WebSite","@id":"https:\/\/www.meydan.tv\/az\/#website","url":"https:\/\/www.meydan.tv\/az\/","name":"MEYDAN.TV","description":"Meydan TV Az\u0259rbaycan\u0131n media m\u0259kan\u0131ndak\u0131 alternativ s\u0259sidir","publisher":{"@id":"https:\/\/www.meydan.tv\/az\/#organization"},"potentialAction":[{"@type":"SearchAction","target":{"@type":"EntryPoint","urlTemplate":"https:\/\/www.meydan.tv\/az\/?s={search_term_string}"},"query-input":{"@type":"PropertyValueSpecification","valueRequired":true,"valueName":"search_term_string"}}],"inLanguage":"az"},{"@type":"Organization","@id":"https:\/\/www.meydan.tv\/az\/#organization","name":"Meydan TV","url":"https:\/\/www.meydan.tv\/az\/","logo":{"@type":"ImageObject","inLanguage":"az","@id":"https:\/\/www.meydan.tv\/az\/#\/schema\/logo\/image\/","url":"https:\/\/www.meydan.tv\/wp-content\/uploads\/2021\/07\/meydan-logo.svg","contentUrl":"https:\/\/www.meydan.tv\/wp-content\/uploads\/2021\/07\/meydan-logo.svg","width":195,"height":46,"caption":"Meydan TV"},"image":{"@id":"https:\/\/www.meydan.tv\/az\/#\/schema\/logo\/image\/"}},{"@type":"Person","@id":"https:\/\/www.meydan.tv\/az\/#\/schema\/person\/8f23e01c4de63326c13c319fb65ee65d","name":"roma"}]}},"_links":{"self":[{"href":"https:\/\/www.meydan.tv\/az\/wp-json\/wp\/v2\/posts\/240716","targetHints":{"allow":["GET"]}}],"collection":[{"href":"https:\/\/www.meydan.tv\/az\/wp-json\/wp\/v2\/posts"}],"about":[{"href":"https:\/\/www.meydan.tv\/az\/wp-json\/wp\/v2\/types\/post"}],"author":[{"embeddable":true,"href":"https:\/\/www.meydan.tv\/az\/wp-json\/wp\/v2\/users\/14"}],"replies":[{"embeddable":true,"href":"https:\/\/www.meydan.tv\/az\/wp-json\/wp\/v2\/comments?post=240716"}],"version-history":[{"count":1,"href":"https:\/\/www.meydan.tv\/az\/wp-json\/wp\/v2\/posts\/240716\/revisions"}],"predecessor-version":[{"id":240720,"href":"https:\/\/www.meydan.tv\/az\/wp-json\/wp\/v2\/posts\/240716\/revisions\/240720"}],"wp:featuredmedia":[{"embeddable":true,"href":"https:\/\/www.meydan.tv\/az\/wp-json\/wp\/v2\/media\/240717"}],"wp:attachment":[{"href":"https:\/\/www.meydan.tv\/az\/wp-json\/wp\/v2\/media?parent=240716"}],"wp:term":[{"taxonomy":"category","embeddable":true,"href":"https:\/\/www.meydan.tv\/az\/wp-json\/wp\/v2\/categories?post=240716"},{"taxonomy":"post_tag","embeddable":true,"href":"https:\/\/www.meydan.tv\/az\/wp-json\/wp\/v2\/tags?post=240716"}],"curies":[{"name":"wp","href":"https:\/\/api.w.org\/{rel}","templated":true}]}}