{"id":240686,"date":"2022-04-05T17:51:29","date_gmt":"2022-04-05T13:51:29","guid":{"rendered":"https:\/\/www.meydan.tv\/?p=240686"},"modified":"2022-04-05T17:51:31","modified_gmt":"2022-04-05T13:51:31","slug":"deputat-nazirlerin-hamisinin-qubada-qusarda-villalari-var","status":"publish","type":"post","link":"https:\/\/www.meydan.tv\/az\/article\/deputat-nazirlerin-hamisinin-qubada-qusarda-villalari-var\/","title":{"rendered":"Deputat: \u201cNazirl\u0259rin ham\u0131s\u0131n\u0131n Qubada, Qusarda villalar\u0131 var&#8230;\u201d"},"content":{"rendered":"\n<p><\/p>\n\n\n\n<p><em>\u201cKorrupsiya il\u0259 ba\u011fl\u0131 add\u0131mlar at\u0131l\u0131r, amma korrupsiya azalm\u0131r\u201d<\/em><br><\/p>\n\n\n\n<p>Milli M\u0259clisin aprelin 5-d\u0259 ke\u00e7iril\u0259n iclas\u0131nda \u201cB\u0259l\u0259diyy\u0259l\u0259rin f\u0259aliyy\u0259tin\u0259 inzibati n\u0259zar\u0259ti h\u0259yata ke\u00e7ir\u0259n orqan\u0131n illik m\u0259ruz\u0259si\u201d q\u0259bul edilib.<br><\/p>\n\n\n\n<p>M\u0259ruz\u0259d\u0259 ke\u00e7\u0259n il b\u0259l\u0259diyy\u0259l\u0259rin 90 v\u0259zif\u0259li \u015f\u0259xsi bar\u0259sind\u0259 inzibati x\u0259ta haqq\u0131nda protokol t\u0259rtib edil\u0259r\u0259k m\u0259hk\u0259m\u0259l\u0259r\u0259 g\u00f6nd\u0259rildiyi qeyd olunub:<br><\/p>\n\n\n\n<p>\u201cH\u0259min protokollar \u00fczr\u0259 75 b\u0259l\u0259diyy\u0259 s\u0259dri inzibati m\u0259suliyy\u0259t\u0259 c\u0259lb edilib, 5 inzibati x\u0259ta protokoluna xitam verilib, 10 protokol is\u0259 bax\u0131lmaqdad\u0131r\u201d.<br><\/p>\n\n\n\n<p><strong>80-d\u0259k b\u0259l\u0259diyy\u0259 s\u0259dri inzibati m\u0259suliyy\u0259t\u0259 c\u0259lb edilib<br><\/strong><\/p>\n\n\n\n<p>S\u0259n\u0259d\u0259 \u0259sas\u0259n 2021-ci ild\u0259 80 min b\u0259l\u0259diyy\u0259 akt\u0131 \u00fczr\u0259 inzibati n\u0259zar\u0259t h\u0259yata ke\u00e7irilib:<br><\/p>\n\n\n\n<p>\u201c3.000-d\u0259n \u00e7ox akt nazirliyin t\u0259klifl\u0259ri \u0259sas\u0131nda l\u0259\u011fv edilib v\u0259 ya d\u0259yi\u015fdirilib, habel\u0259 qanunsuz verilmi\u015f 9.100 hektar torpaq sah\u0259si geri qaytar\u0131l\u0131b. Pozuntulara yol ver\u0259n b\u0259l\u0259diyy\u0259l\u0259rin v\u0259zif\u0259l\u0259ri \u015f\u0259xsl\u0259ri bar\u0259sind\u0259 m\u0259hk\u0259m\u0259l\u0259r\u0259 g\u00f6nd\u0259rilmi\u015f inzibati x\u0259ta haqq\u0131nda protokollarla 80-d\u0259k b\u0259l\u0259diyy\u0259 s\u0259dri inzibati m\u0259suliyy\u0259t\u0259 c\u0259lb edilib, cinay\u0259t xarakterli 27 fakt \u00fczr\u0259 materiallar is\u0259 prokurorlu\u011fa g\u00f6nd\u0259rilib\u201d.<\/p>\n\n\n\n<p><strong>\u201cBa\u015f nazir v\u0259 nazirl\u0259rin ham\u0131s\u0131n\u0131n Qubada, Qusarda villalar\u0131 var\u201d<br><\/strong><\/p>\n\n\n\n<p>\u0130clasda \u00e7\u0131x\u0131\u015f ed\u0259n deputat Vahid \u018fhm\u0259dov Bak\u0131-Quba yolunun yenid\u0259n qurulmas\u0131 \u00fc\u00e7\u00fcn Ba\u015f nazirin m\u00fcavinind\u0259n yolun t\u0259miri il\u0259 ba\u011fl\u0131 pul ayr\u0131lmas\u0131n\u0131 xahi\u015f edib.<br><\/p>\n\n\n\n<p>Vahid \u018fhm\u0259dovun bildirib ki, h\u0259min yolla getm\u0259k \u00fcmumiyy\u0259tl\u0259 m\u00fcmk\u00fcn deyil:<br><\/p>\n\n\n\n<figure class=\"wp-block-image size-full\"><img decoding=\"async\" width=\"864\" height=\"523\" data-src=\"https:\/\/www.meydan.tv\/wp-content\/uploads\/44555.png\" alt=\"Vahid \u018fhm\u0259dov\" class=\"wp-image-111966 lazyload\" src=\"data:image\/svg+xml;base64,PHN2ZyB3aWR0aD0iMSIgaGVpZ2h0PSIxIiB4bWxucz0iaHR0cDovL3d3dy53My5vcmcvMjAwMC9zdmciPjwvc3ZnPg==\" style=\"--smush-placeholder-width: 864px; --smush-placeholder-aspect-ratio: 864\/523;\" \/><figcaption>Vahid \u018fhm\u0259dov, Foto: Meydan TV<\/figcaption><\/figure>\n\n\n\n<p>\u201c\u0130nsanlar bu yoldan istifad\u0259 etm\u0259k ist\u0259mirl\u0259r. M\u0259n\u0259 deyirl\u0259r, alternativ yol, pullu yol \u00e7\u0259kilir. Lakin bu yol \u0259vv\u0259lki yolu \u0259v\u0259z etmir. \u00c7\u00fcnki o yol birba\u015fa Xa\u00e7maza v\u0259 SDK-ya gedir. M\u0259n bir daha yolun \u00e7\u0259kilm\u0259si il\u0259 \u0259laq\u0259dar Ba\u015f nazir\u0259 m\u00fcraci\u0259t edir\u0259m. \u0130st\u0259r Ba\u015f nazir olsun, ist\u0259r ba\u015f nazirin m\u00fcavinl\u0259rinin, ist\u0259rs\u0259 d\u0259 nazirl\u0259rin ham\u0131s\u0131n\u0131n Qubada, Qusarda villalar\u0131 var. \u00d6zl\u0259ri d\u0259 h\u0259ft\u0259d\u0259 bir-iki d\u0259f\u0259 o yolu gedib-g\u0259lirl\u0259r. O yolu g\u00f6rm\u00fcrl\u0259r?\u201d.<br><\/p>\n\n\n\n<p>Deputat\u0131n s\u00f6zl\u0259rin\u0259 g\u00f6r\u0259, Prezident\u0259 \u00e7\u0131xmadan Az\u0259rbaycanda bir s\u0131ra m\u0259s\u0259l\u0259l\u0259ri h\u0259ll etm\u0259k m\u00fcmk\u00fcn deyil:<br><\/p>\n\n\n\n<p>\u201c\u018fg\u0259r d\u00f6vl\u0259tin Ba\u015f naziri, onun birinci m\u00fcavini m\u0259s\u0259l\u0259ni bilirs\u0259, onu h\u0259ll etmirs\u0259, m\u0259cbur oluram ki, c\u0259nab Prezident\u0259 m\u00fcraci\u0259t ed\u0259m ki, bu yolun m\u0259s\u0259l\u0259si h\u0259ll edilsin\u201d.<br><\/p>\n\n\n\n<p><strong>\u201cH\u0259r\u0259 bir qap\u0131n\u0131 \u0259li il\u0259 tutub ki, bura m\u0259nimdir\u201d<br><\/strong><\/p>\n\n\n\n<p>&#8220;\u0130nvestisiya f\u0259aliyy\u0259ti haqq\u0131nda&#8221; Qanuna t\u0259klif edil\u0259n d\u0259yi\u015fikliyin m\u00fczakir\u0259si zaman\u0131 deputat Fazil Mustafa bildirib ki, neft v\u0259 qaz sektorundan ba\u015fqa dig\u0259r sah\u0259l\u0259r\u0259 xarici investisiya c\u0259lb edilm\u0259si geni\u015f deyil.<br><\/p>\n\n\n\n<p>Deputat\u0131n q\u0259na\u0259tinc\u0259, qanun m\u0259s\u0259l\u0259sini h\u0259ll etm\u0259mi\u015fd\u0259n \u0259vv\u0259l m\u00fchit problemini h\u0259ll etm\u0259liyik:<br><\/p>\n\n\n\n<figure class=\"wp-block-image size-full\"><img decoding=\"async\" width=\"1200\" height=\"800\" data-src=\"https:\/\/www.meydan.tv\/wp-content\/uploads\/untitled-design-9-1.png\" alt=\"\" class=\"wp-image-226031 lazyload\" src=\"data:image\/svg+xml;base64,PHN2ZyB3aWR0aD0iMSIgaGVpZ2h0PSIxIiB4bWxucz0iaHR0cDovL3d3dy53My5vcmcvMjAwMC9zdmciPjwvc3ZnPg==\" style=\"--smush-placeholder-width: 1200px; --smush-placeholder-aspect-ratio: 1200\/800;\" \/><figcaption>Foto: Meydan TV<\/figcaption><\/figure>\n\n\n\n<p>\u201cH\u0259r\u0259 bir qap\u0131n\u0131 \u0259li il\u0259 tutub ki, bura m\u0259nimdir. Korrupsiya il\u0259 ba\u011fl\u0131 add\u0131mlar at\u0131l\u0131r, amma korrupsiya azalm\u0131r. \u00c7\u00fcnki k\u00f6hn\u0259 m\u0259murlar korrupsiyaya al\u0131\u015f\u0131blar. Amma onlar\u0131n g\u00f6z\u00fc yenil\u0259rd\u0259n daha tox idi&#8221;.<br><\/p>\n\n\n\n<p>Deputat R\u00fcf\u0259t Quliyev b\u0259zi ticar\u0259t \u015f\u0259b\u0259k\u0259l\u0259rind\u0259 vaxt\u0131 ke\u00e7mi\u015f m\u0259hsullar\u0131n sat\u0131ld\u0131\u011f\u0131n\u0131 deyib.<br><\/p>\n\n\n\n<p>O, d\u00f6vl\u0259tin bu m\u0259s\u0259l\u0259ni n\u0259zar\u0259t\u0259 g\u00f6t\u00fcrm\u0259li oldu\u011funu vur\u011fulay\u0131b.<br><\/p>\n\n\n\n<p>Aptekl\u0259r\u0259 diqq\u0259t \u00e7\u0259k\u0259n R\u00fcf\u0259t Quliyev vaxt\u0131 ke\u00e7mi\u015f d\u0259rmanlar\u0131n sat\u0131ld\u0131\u011f\u0131n\u0131 deyib:<br><\/p>\n\n\n\n<p>\u201cH\u0259min d\u0259rmanlar\u0131n t\u0259rkibi bar\u0259d\u0259 ciddi n\u0259zar\u0259t\u0259 ehtiyac var. \u00dcmumiyy\u0259tl\u0259, d\u0259rmanlar\u0131n h\u0259m qiym\u0259t, h\u0259m d\u0259 keyfiyy\u0259tin\u0259 n\u0259zar\u0259t art\u0131r\u0131lmal\u0131d\u0131r\u201d.<\/p>\n","protected":false},"excerpt":{"rendered":"<p>\u201cKorrupsiya il\u0259 ba\u011fl\u0131 add\u0131mlar at\u0131l\u0131r, amma korrupsiya azalm\u0131r\u201d Milli M\u0259clisin &#8230; <\/p>\n<p class=\"read-more-container\"><a title=\"Deputat: \u201cNazirl\u0259rin ham\u0131s\u0131n\u0131n Qubada, Qusarda villalar\u0131 var&#8230;\u201d\" class=\"read-more button\" href=\"https:\/\/www.meydan.tv\/az\/article\/deputat-nazirlerin-hamisinin-qubada-qusarda-villalari-var\/#more-240686\" aria-label=\"Read more about Deputat: \u201cNazirl\u0259rin ham\u0131s\u0131n\u0131n Qubada, Qusarda villalar\u0131 var&#8230;\u201d\">Davam\u0131<\/a><\/p>\n","protected":false},"author":8,"featured_media":229203,"comment_status":"closed","ping_status":"closed","sticky":false,"template":"","format":"standard","meta":{"_acf_changed":false,"_sitemap_exclude":false,"_sitemap_priority":"","_sitemap_frequency":"","footnotes":""},"categories":[59,79,56],"tags":[],"class_list":["post-240686","post","type-post","status-publish","format-standard","has-post-thumbnail","hentry","category-siyaset","category-featured","category-xeberler","infinite-scroll-item","generate-columns","tablet-grid-50","mobile-grid-100","grid-parent","grid-33","no-featured-image-padding"],"acf":[],"yoast_head":"<!-- This site is optimized with the Yoast SEO plugin v27.4 - https:\/\/yoast.com\/product\/yoast-seo-wordpress\/ -->\n<title>Deputat: \u201cNazirl\u0259rin ham\u0131s\u0131n\u0131n Qubada, Qusarda villalar\u0131 var...\u201d - MEYDAN.TV<\/title>\n<meta name=\"robots\" content=\"index, follow, max-snippet:-1, max-image-preview:large, max-video-preview:-1\" \/>\n<link rel=\"canonical\" href=\"https:\/\/www.meydan.tv\/az\/article\/deputat-nazirlerin-hamisinin-qubada-qusarda-villalari-var\/\" \/>\n<meta property=\"og:locale\" content=\"az_AZ\" \/>\n<meta property=\"og:type\" content=\"article\" \/>\n<meta property=\"og:title\" content=\"Deputat: \u201cNazirl\u0259rin ham\u0131s\u0131n\u0131n Qubada, Qusarda villalar\u0131 var...\u201d - MEYDAN.TV\" \/>\n<meta property=\"og:description\" content=\"\u201cKorrupsiya il\u0259 ba\u011fl\u0131 add\u0131mlar at\u0131l\u0131r, amma korrupsiya azalm\u0131r\u201d Milli M\u0259clisin ... Davam\u0131\" \/>\n<meta property=\"og:url\" content=\"https:\/\/www.meydan.tv\/az\/article\/deputat-nazirlerin-hamisinin-qubada-qusarda-villalari-var\/\" \/>\n<meta property=\"og:site_name\" content=\"MEYDAN.TV\" \/>\n<meta property=\"article:published_time\" content=\"2022-04-05T13:51:29+00:00\" \/>\n<meta property=\"article:modified_time\" content=\"2022-04-05T13:51:31+00:00\" \/>\n<meta property=\"og:image\" content=\"https:\/\/www.meydan.tv\/wp-content\/uploads\/shutterstock_641835628-e1640022402421.jpg\" \/>\n\t<meta property=\"og:image:width\" content=\"1200\" \/>\n\t<meta property=\"og:image:height\" content=\"666\" \/>\n\t<meta property=\"og:image:type\" content=\"image\/jpeg\" \/>\n<meta name=\"author\" content=\"elli\" \/>\n<meta name=\"twitter:card\" content=\"summary_large_image\" \/>\n<meta name=\"twitter:creator\" content=\"@elli\" \/>\n<script type=\"application\/ld+json\" class=\"yoast-schema-graph\">{\"@context\":\"https:\\\/\\\/schema.org\",\"@graph\":[{\"@type\":\"Article\",\"@id\":\"https:\\\/\\\/www.meydan.tv\\\/az\\\/article\\\/deputat-nazirlerin-hamisinin-qubada-qusarda-villalari-var\\\/#article\",\"isPartOf\":{\"@id\":\"https:\\\/\\\/www.meydan.tv\\\/az\\\/article\\\/deputat-nazirlerin-hamisinin-qubada-qusarda-villalari-var\\\/\"},\"author\":{\"name\":\"elli\",\"@id\":\"https:\\\/\\\/www.meydan.tv\\\/az\\\/#\\\/schema\\\/person\\\/9cdbecf90d17180ce1dfbd95b08dcf47\"},\"headline\":\"Deputat: \u201cNazirl\u0259rin ham\u0131s\u0131n\u0131n Qubada, Qusarda villalar\u0131 var&#8230;\u201d\",\"datePublished\":\"2022-04-05T13:51:29+00:00\",\"dateModified\":\"2022-04-05T13:51:31+00:00\",\"mainEntityOfPage\":{\"@id\":\"https:\\\/\\\/www.meydan.tv\\\/az\\\/article\\\/deputat-nazirlerin-hamisinin-qubada-qusarda-villalari-var\\\/\"},\"wordCount\":708,\"publisher\":{\"@id\":\"https:\\\/\\\/www.meydan.tv\\\/az\\\/#organization\"},\"image\":{\"@id\":\"https:\\\/\\\/www.meydan.tv\\\/az\\\/article\\\/deputat-nazirlerin-hamisinin-qubada-qusarda-villalari-var\\\/#primaryimage\"},\"thumbnailUrl\":\"https:\\\/\\\/www.meydan.tv\\\/wp-content\\\/uploads\\\/shutterstock_641835628-e1640022402421.jpg\",\"articleSection\":[\"Siyas\u0259t\",\"T\u00f6vsiy\u0259\",\"X\u0259b\u0259rl\u0259r\"],\"inLanguage\":\"az\"},{\"@type\":\"WebPage\",\"@id\":\"https:\\\/\\\/www.meydan.tv\\\/az\\\/article\\\/deputat-nazirlerin-hamisinin-qubada-qusarda-villalari-var\\\/\",\"url\":\"https:\\\/\\\/www.meydan.tv\\\/az\\\/article\\\/deputat-nazirlerin-hamisinin-qubada-qusarda-villalari-var\\\/\",\"name\":\"Deputat: \u201cNazirl\u0259rin ham\u0131s\u0131n\u0131n Qubada, Qusarda villalar\u0131 var...\u201d - MEYDAN.TV\",\"isPartOf\":{\"@id\":\"https:\\\/\\\/www.meydan.tv\\\/az\\\/#website\"},\"primaryImageOfPage\":{\"@id\":\"https:\\\/\\\/www.meydan.tv\\\/az\\\/article\\\/deputat-nazirlerin-hamisinin-qubada-qusarda-villalari-var\\\/#primaryimage\"},\"image\":{\"@id\":\"https:\\\/\\\/www.meydan.tv\\\/az\\\/article\\\/deputat-nazirlerin-hamisinin-qubada-qusarda-villalari-var\\\/#primaryimage\"},\"thumbnailUrl\":\"https:\\\/\\\/www.meydan.tv\\\/wp-content\\\/uploads\\\/shutterstock_641835628-e1640022402421.jpg\",\"datePublished\":\"2022-04-05T13:51:29+00:00\",\"dateModified\":\"2022-04-05T13:51:31+00:00\",\"breadcrumb\":{\"@id\":\"https:\\\/\\\/www.meydan.tv\\\/az\\\/article\\\/deputat-nazirlerin-hamisinin-qubada-qusarda-villalari-var\\\/#breadcrumb\"},\"inLanguage\":\"az\",\"potentialAction\":[{\"@type\":\"ReadAction\",\"target\":[\"https:\\\/\\\/www.meydan.tv\\\/az\\\/article\\\/deputat-nazirlerin-hamisinin-qubada-qusarda-villalari-var\\\/\"]}]},{\"@type\":\"ImageObject\",\"inLanguage\":\"az\",\"@id\":\"https:\\\/\\\/www.meydan.tv\\\/az\\\/article\\\/deputat-nazirlerin-hamisinin-qubada-qusarda-villalari-var\\\/#primaryimage\",\"url\":\"https:\\\/\\\/www.meydan.tv\\\/wp-content\\\/uploads\\\/shutterstock_641835628-e1640022402421.jpg\",\"contentUrl\":\"https:\\\/\\\/www.meydan.tv\\\/wp-content\\\/uploads\\\/shutterstock_641835628-e1640022402421.jpg\",\"width\":1200,\"height\":666,\"caption\":\"Milli M\u0259clis, Foto: By aquatarkus\\\/Shutterstock\"},{\"@type\":\"BreadcrumbList\",\"@id\":\"https:\\\/\\\/www.meydan.tv\\\/az\\\/article\\\/deputat-nazirlerin-hamisinin-qubada-qusarda-villalari-var\\\/#breadcrumb\",\"itemListElement\":[{\"@type\":\"ListItem\",\"position\":1,\"name\":\"Ana s\u0259hif\u0259\",\"item\":\"https:\\\/\\\/www.meydan.tv\\\/az\\\/\"},{\"@type\":\"ListItem\",\"position\":2,\"name\":\"Siyas\u0259t\",\"item\":\"https:\\\/\\\/www.meydan.tv\\\/az\\\/section\\\/siyaset\\\/\"},{\"@type\":\"ListItem\",\"position\":3,\"name\":\"Deputat: \u201cNazirl\u0259rin ham\u0131s\u0131n\u0131n Qubada, Qusarda villalar\u0131 var&#8230;\u201d\"}]},{\"@type\":\"WebSite\",\"@id\":\"https:\\\/\\\/www.meydan.tv\\\/az\\\/#website\",\"url\":\"https:\\\/\\\/www.meydan.tv\\\/az\\\/\",\"name\":\"MEYDAN.TV\",\"description\":\"Meydan TV Az\u0259rbaycan\u0131n media m\u0259kan\u0131ndak\u0131 alternativ s\u0259sidir\",\"publisher\":{\"@id\":\"https:\\\/\\\/www.meydan.tv\\\/az\\\/#organization\"},\"potentialAction\":[{\"@type\":\"SearchAction\",\"target\":{\"@type\":\"EntryPoint\",\"urlTemplate\":\"https:\\\/\\\/www.meydan.tv\\\/az\\\/?s={search_term_string}\"},\"query-input\":{\"@type\":\"PropertyValueSpecification\",\"valueRequired\":true,\"valueName\":\"search_term_string\"}}],\"inLanguage\":\"az\"},{\"@type\":\"Organization\",\"@id\":\"https:\\\/\\\/www.meydan.tv\\\/az\\\/#organization\",\"name\":\"Meydan TV\",\"url\":\"https:\\\/\\\/www.meydan.tv\\\/az\\\/\",\"logo\":{\"@type\":\"ImageObject\",\"inLanguage\":\"az\",\"@id\":\"https:\\\/\\\/www.meydan.tv\\\/az\\\/#\\\/schema\\\/logo\\\/image\\\/\",\"url\":\"https:\\\/\\\/www.meydan.tv\\\/wp-content\\\/uploads\\\/2021\\\/07\\\/meydan-logo.svg\",\"contentUrl\":\"https:\\\/\\\/www.meydan.tv\\\/wp-content\\\/uploads\\\/2021\\\/07\\\/meydan-logo.svg\",\"width\":195,\"height\":46,\"caption\":\"Meydan TV\"},\"image\":{\"@id\":\"https:\\\/\\\/www.meydan.tv\\\/az\\\/#\\\/schema\\\/logo\\\/image\\\/\"}},{\"@type\":\"Person\",\"@id\":\"https:\\\/\\\/www.meydan.tv\\\/az\\\/#\\\/schema\\\/person\\\/9cdbecf90d17180ce1dfbd95b08dcf47\",\"name\":\"elli\",\"sameAs\":[\"https:\\\/\\\/x.com\\\/elli\"]}]}<\/script>\n<!-- \/ Yoast SEO plugin. -->","yoast_head_json":{"title":"Deputat: \u201cNazirl\u0259rin ham\u0131s\u0131n\u0131n Qubada, Qusarda villalar\u0131 var...\u201d - MEYDAN.TV","robots":{"index":"index","follow":"follow","max-snippet":"max-snippet:-1","max-image-preview":"max-image-preview:large","max-video-preview":"max-video-preview:-1"},"canonical":"https:\/\/www.meydan.tv\/az\/article\/deputat-nazirlerin-hamisinin-qubada-qusarda-villalari-var\/","og_locale":"az_AZ","og_type":"article","og_title":"Deputat: \u201cNazirl\u0259rin ham\u0131s\u0131n\u0131n Qubada, Qusarda villalar\u0131 var...\u201d - MEYDAN.TV","og_description":"\u201cKorrupsiya il\u0259 ba\u011fl\u0131 add\u0131mlar at\u0131l\u0131r, amma korrupsiya azalm\u0131r\u201d Milli M\u0259clisin ... Davam\u0131","og_url":"https:\/\/www.meydan.tv\/az\/article\/deputat-nazirlerin-hamisinin-qubada-qusarda-villalari-var\/","og_site_name":"MEYDAN.TV","article_published_time":"2022-04-05T13:51:29+00:00","article_modified_time":"2022-04-05T13:51:31+00:00","og_image":[{"width":1200,"height":666,"url":"https:\/\/www.meydan.tv\/wp-content\/uploads\/shutterstock_641835628-e1640022402421.jpg","type":"image\/jpeg"}],"author":"elli","twitter_card":"summary_large_image","twitter_creator":"@elli","schema":{"@context":"https:\/\/schema.org","@graph":[{"@type":"Article","@id":"https:\/\/www.meydan.tv\/az\/article\/deputat-nazirlerin-hamisinin-qubada-qusarda-villalari-var\/#article","isPartOf":{"@id":"https:\/\/www.meydan.tv\/az\/article\/deputat-nazirlerin-hamisinin-qubada-qusarda-villalari-var\/"},"author":{"name":"elli","@id":"https:\/\/www.meydan.tv\/az\/#\/schema\/person\/9cdbecf90d17180ce1dfbd95b08dcf47"},"headline":"Deputat: \u201cNazirl\u0259rin ham\u0131s\u0131n\u0131n Qubada, Qusarda villalar\u0131 var&#8230;\u201d","datePublished":"2022-04-05T13:51:29+00:00","dateModified":"2022-04-05T13:51:31+00:00","mainEntityOfPage":{"@id":"https:\/\/www.meydan.tv\/az\/article\/deputat-nazirlerin-hamisinin-qubada-qusarda-villalari-var\/"},"wordCount":708,"publisher":{"@id":"https:\/\/www.meydan.tv\/az\/#organization"},"image":{"@id":"https:\/\/www.meydan.tv\/az\/article\/deputat-nazirlerin-hamisinin-qubada-qusarda-villalari-var\/#primaryimage"},"thumbnailUrl":"https:\/\/www.meydan.tv\/wp-content\/uploads\/shutterstock_641835628-e1640022402421.jpg","articleSection":["Siyas\u0259t","T\u00f6vsiy\u0259","X\u0259b\u0259rl\u0259r"],"inLanguage":"az"},{"@type":"WebPage","@id":"https:\/\/www.meydan.tv\/az\/article\/deputat-nazirlerin-hamisinin-qubada-qusarda-villalari-var\/","url":"https:\/\/www.meydan.tv\/az\/article\/deputat-nazirlerin-hamisinin-qubada-qusarda-villalari-var\/","name":"Deputat: \u201cNazirl\u0259rin ham\u0131s\u0131n\u0131n Qubada, Qusarda villalar\u0131 var...\u201d - MEYDAN.TV","isPartOf":{"@id":"https:\/\/www.meydan.tv\/az\/#website"},"primaryImageOfPage":{"@id":"https:\/\/www.meydan.tv\/az\/article\/deputat-nazirlerin-hamisinin-qubada-qusarda-villalari-var\/#primaryimage"},"image":{"@id":"https:\/\/www.meydan.tv\/az\/article\/deputat-nazirlerin-hamisinin-qubada-qusarda-villalari-var\/#primaryimage"},"thumbnailUrl":"https:\/\/www.meydan.tv\/wp-content\/uploads\/shutterstock_641835628-e1640022402421.jpg","datePublished":"2022-04-05T13:51:29+00:00","dateModified":"2022-04-05T13:51:31+00:00","breadcrumb":{"@id":"https:\/\/www.meydan.tv\/az\/article\/deputat-nazirlerin-hamisinin-qubada-qusarda-villalari-var\/#breadcrumb"},"inLanguage":"az","potentialAction":[{"@type":"ReadAction","target":["https:\/\/www.meydan.tv\/az\/article\/deputat-nazirlerin-hamisinin-qubada-qusarda-villalari-var\/"]}]},{"@type":"ImageObject","inLanguage":"az","@id":"https:\/\/www.meydan.tv\/az\/article\/deputat-nazirlerin-hamisinin-qubada-qusarda-villalari-var\/#primaryimage","url":"https:\/\/www.meydan.tv\/wp-content\/uploads\/shutterstock_641835628-e1640022402421.jpg","contentUrl":"https:\/\/www.meydan.tv\/wp-content\/uploads\/shutterstock_641835628-e1640022402421.jpg","width":1200,"height":666,"caption":"Milli M\u0259clis, Foto: By aquatarkus\/Shutterstock"},{"@type":"BreadcrumbList","@id":"https:\/\/www.meydan.tv\/az\/article\/deputat-nazirlerin-hamisinin-qubada-qusarda-villalari-var\/#breadcrumb","itemListElement":[{"@type":"ListItem","position":1,"name":"Ana s\u0259hif\u0259","item":"https:\/\/www.meydan.tv\/az\/"},{"@type":"ListItem","position":2,"name":"Siyas\u0259t","item":"https:\/\/www.meydan.tv\/az\/section\/siyaset\/"},{"@type":"ListItem","position":3,"name":"Deputat: \u201cNazirl\u0259rin ham\u0131s\u0131n\u0131n Qubada, Qusarda villalar\u0131 var&#8230;\u201d"}]},{"@type":"WebSite","@id":"https:\/\/www.meydan.tv\/az\/#website","url":"https:\/\/www.meydan.tv\/az\/","name":"MEYDAN.TV","description":"Meydan TV Az\u0259rbaycan\u0131n media m\u0259kan\u0131ndak\u0131 alternativ s\u0259sidir","publisher":{"@id":"https:\/\/www.meydan.tv\/az\/#organization"},"potentialAction":[{"@type":"SearchAction","target":{"@type":"EntryPoint","urlTemplate":"https:\/\/www.meydan.tv\/az\/?s={search_term_string}"},"query-input":{"@type":"PropertyValueSpecification","valueRequired":true,"valueName":"search_term_string"}}],"inLanguage":"az"},{"@type":"Organization","@id":"https:\/\/www.meydan.tv\/az\/#organization","name":"Meydan TV","url":"https:\/\/www.meydan.tv\/az\/","logo":{"@type":"ImageObject","inLanguage":"az","@id":"https:\/\/www.meydan.tv\/az\/#\/schema\/logo\/image\/","url":"https:\/\/www.meydan.tv\/wp-content\/uploads\/2021\/07\/meydan-logo.svg","contentUrl":"https:\/\/www.meydan.tv\/wp-content\/uploads\/2021\/07\/meydan-logo.svg","width":195,"height":46,"caption":"Meydan TV"},"image":{"@id":"https:\/\/www.meydan.tv\/az\/#\/schema\/logo\/image\/"}},{"@type":"Person","@id":"https:\/\/www.meydan.tv\/az\/#\/schema\/person\/9cdbecf90d17180ce1dfbd95b08dcf47","name":"elli","sameAs":["https:\/\/x.com\/elli"]}]}},"_links":{"self":[{"href":"https:\/\/www.meydan.tv\/az\/wp-json\/wp\/v2\/posts\/240686","targetHints":{"allow":["GET"]}}],"collection":[{"href":"https:\/\/www.meydan.tv\/az\/wp-json\/wp\/v2\/posts"}],"about":[{"href":"https:\/\/www.meydan.tv\/az\/wp-json\/wp\/v2\/types\/post"}],"author":[{"embeddable":true,"href":"https:\/\/www.meydan.tv\/az\/wp-json\/wp\/v2\/users\/8"}],"replies":[{"embeddable":true,"href":"https:\/\/www.meydan.tv\/az\/wp-json\/wp\/v2\/comments?post=240686"}],"version-history":[{"count":1,"href":"https:\/\/www.meydan.tv\/az\/wp-json\/wp\/v2\/posts\/240686\/revisions"}],"predecessor-version":[{"id":240687,"href":"https:\/\/www.meydan.tv\/az\/wp-json\/wp\/v2\/posts\/240686\/revisions\/240687"}],"wp:featuredmedia":[{"embeddable":true,"href":"https:\/\/www.meydan.tv\/az\/wp-json\/wp\/v2\/media\/229203"}],"wp:attachment":[{"href":"https:\/\/www.meydan.tv\/az\/wp-json\/wp\/v2\/media?parent=240686"}],"wp:term":[{"taxonomy":"category","embeddable":true,"href":"https:\/\/www.meydan.tv\/az\/wp-json\/wp\/v2\/categories?post=240686"},{"taxonomy":"post_tag","embeddable":true,"href":"https:\/\/www.meydan.tv\/az\/wp-json\/wp\/v2\/tags?post=240686"}],"curies":[{"name":"wp","href":"https:\/\/api.w.org\/{rel}","templated":true}]}}