{"id":240664,"date":"2022-04-05T16:31:57","date_gmt":"2022-04-05T12:31:57","guid":{"rendered":"https:\/\/www.meydan.tv\/?p=240664"},"modified":"2022-04-05T16:38:13","modified_gmt":"2022-04-05T12:38:13","slug":"oskardaki-qalmaqala-gore-sirketler-smitle-islemekden-imtina-edib","status":"publish","type":"post","link":"https:\/\/www.meydan.tv\/az\/article\/oskardaki-qalmaqala-gore-sirketler-smitle-islemekden-imtina-edib\/","title":{"rendered":"\u201cOskar\u201ddak\u0131 qalmaqala g\u00f6r\u0259 \u015firk\u0259tl\u0259r Smitl\u0259 i\u015fl\u0259m\u0259kd\u0259n imtina edib"},"content":{"rendered":"\n<p><\/p>\n\n\n\n<p><em>\u201cApple\u201d da aktyorla ba\u011fl\u0131 layih\u0259l\u0259ri dayand\u0131r\u0131b<\/em><br><\/p>\n\n\n\n<p>\u201cOskar\u201d m\u00fckafatland\u0131rma m\u0259rasimind\u0259 ya\u015fanan qalmaqaldan sonra \u00fczr ist\u0259m\u0259sin\u0259 baxmayaraq, bir \u00e7ox \u015firk\u0259t Uill Smitl\u0259 i\u015fl\u0259m\u0259kd\u0259n imtina edib.<br><\/p>\n\n\n\n<p>\u201cNetflix\u201d, \u201cSony\u201d \u015firk\u0259tl\u0259rind\u0259n sonra \u201cApple\u201d da aktyorla ba\u011fl\u0131 layih\u0259l\u0259ri <a href=\"https:\/\/tass.ru\/kultura\/14282621\" target=\"_blank\" rel=\"noreferrer noopener\">dayand\u0131r\u0131b<\/a>.<br><\/p>\n\n\n\n<p>\u201cSony\u201d \u201cBad Boys 4\u201d filmini \u00e7\u0259km\u0259y\u0259c\u0259k.<br><\/p>\n\n\n\n<p>\u201cNetflix\u201d is\u0259 Uillin i\u015ftirak\u0131 il\u0259 ekranla\u015fd\u0131rlacaq \u201cFast and Loose\u201d kriminal dram\u0131n\u0131n ekranla\u015fd\u0131rmas\u0131n\u0131 l\u0259\u011fv edib.<br><\/p>\n\n\n\n<p>\u201cOskar\u201d kino m\u00fckafat\u0131n\u0131n t\u0259qdimat\u0131 zaman\u0131 komediya aktyoru, h\u0259m\u00e7inin \u015founun apar\u0131c\u0131s\u0131 Kris Rok s\u0259hn\u0259d\u0259 Uill Smitin h\u0259yat yolda\u015f\u0131 Cada Pinkett-Smiti ke\u00e7\u0259l oldu\u011fu \u00fc\u00e7\u00fcn \u201c\u018fsg\u0259r Ceyn\u201d filmind\u0259ki eyniadl\u0131 obrazla m\u00fcqayis\u0259 <a href=\"https:\/\/d9mc3ts4czbpr.cloudfront.net\/az\/article\/smit-kris-rokdan-uzr-istedi\/\" target=\"_blank\" rel=\"noreferrer noopener\">edib.<\/a><br><\/p>\n\n\n\n<p>Bundan q\u0259z\u0259bl\u0259n\u0259n Smit canl\u0131 yay\u0131m zaman\u0131 Rokun \u00fcz\u00fcn\u0259 yumruq vurub v\u0259 h\u0259yat yolda\u015f\u0131 il\u0259 ba\u011fl\u0131 u\u011fursuz zarafat\u0131na cavab olaraq onu s\u00f6y\u00fcb.<br><\/p>\n\n\n\n<p>Hadis\u0259d\u0259n bir ne\u00e7\u0259 d\u0259qiq\u0259 sonra Uill Smit \u201cKral Ri\u00e7ard\u201d filmind\u0259ki roluna g\u00f6r\u0259 \u201c\u018fn yax\u015f\u0131 ki\u015fi aktyoru\u201d m\u00fckafat\u0131na layiq g\u00f6r\u00fcl\u00fcb.<br><\/p>\n\n\n\n<p>Daha sonra aktyor ictimaiyy\u0259t qar\u015f\u0131s\u0131nda Kris Rokdan \u00fczr ist\u0259yib.<br>Aktyor h\u0259m\u00e7inin \u00f6z ist\u0259yi il\u0259 Amerika Kino S\u0259n\u0259ti Akademiyas\u0131ndan istefa verib.<\/p>\n","protected":false},"excerpt":{"rendered":"<p>\u201cApple\u201d da aktyorla ba\u011fl\u0131 layih\u0259l\u0259ri dayand\u0131r\u0131b \u201cOskar\u201d m\u00fckafatland\u0131rma m\u0259rasimind\u0259 ya\u015fanan &#8230; <\/p>\n<p class=\"read-more-container\"><a title=\"\u201cOskar\u201ddak\u0131 qalmaqala g\u00f6r\u0259 \u015firk\u0259tl\u0259r Smitl\u0259 i\u015fl\u0259m\u0259kd\u0259n imtina edib\" class=\"read-more button\" href=\"https:\/\/www.meydan.tv\/az\/article\/oskardaki-qalmaqala-gore-sirketler-smitle-islemekden-imtina-edib\/#more-240664\" aria-label=\"Read more about \u201cOskar\u201ddak\u0131 qalmaqala g\u00f6r\u0259 \u015firk\u0259tl\u0259r Smitl\u0259 i\u015fl\u0259m\u0259kd\u0259n imtina edib\">Davam\u0131<\/a><\/p>\n","protected":false},"author":8,"featured_media":239656,"comment_status":"closed","ping_status":"closed","sticky":false,"template":"","format":"standard","meta":{"_acf_changed":false,"_sitemap_exclude":false,"_sitemap_priority":"","_sitemap_frequency":"","footnotes":""},"categories":[52,56],"tags":[],"class_list":["post-240664","post","type-post","status-publish","format-standard","has-post-thumbnail","hentry","category-medeniyyet","category-xeberler","infinite-scroll-item","generate-columns","tablet-grid-50","mobile-grid-100","grid-parent","grid-33","no-featured-image-padding"],"acf":[],"yoast_head":"<!-- This site is optimized with the Yoast SEO plugin v27.4 - https:\/\/yoast.com\/product\/yoast-seo-wordpress\/ -->\n<title>\u201cOskar\u201ddak\u0131 qalmaqala g\u00f6r\u0259 \u015firk\u0259tl\u0259r Smitl\u0259 i\u015fl\u0259m\u0259kd\u0259n imtina edib - MEYDAN.TV<\/title>\n<meta name=\"robots\" content=\"index, follow, max-snippet:-1, max-image-preview:large, max-video-preview:-1\" \/>\n<link rel=\"canonical\" href=\"https:\/\/www.meydan.tv\/az\/article\/oskardaki-qalmaqala-gore-sirketler-smitle-islemekden-imtina-edib\/\" \/>\n<meta property=\"og:locale\" content=\"az_AZ\" \/>\n<meta property=\"og:type\" content=\"article\" \/>\n<meta property=\"og:title\" content=\"\u201cOskar\u201ddak\u0131 qalmaqala g\u00f6r\u0259 \u015firk\u0259tl\u0259r Smitl\u0259 i\u015fl\u0259m\u0259kd\u0259n imtina edib - MEYDAN.TV\" \/>\n<meta property=\"og:description\" content=\"\u201cApple\u201d da aktyorla ba\u011fl\u0131 layih\u0259l\u0259ri dayand\u0131r\u0131b \u201cOskar\u201d m\u00fckafatland\u0131rma m\u0259rasimind\u0259 ya\u015fanan ... Davam\u0131\" \/>\n<meta property=\"og:url\" content=\"https:\/\/www.meydan.tv\/az\/article\/oskardaki-qalmaqala-gore-sirketler-smitle-islemekden-imtina-edib\/\" \/>\n<meta property=\"og:site_name\" content=\"MEYDAN.TV\" \/>\n<meta property=\"article:published_time\" content=\"2022-04-05T12:31:57+00:00\" \/>\n<meta property=\"article:modified_time\" content=\"2022-04-05T12:38:13+00:00\" \/>\n<meta property=\"og:image\" content=\"https:\/\/www.meydan.tv\/wp-content\/uploads\/download-15-e1648461982614.jpg\" \/>\n\t<meta property=\"og:image:width\" content=\"1200\" \/>\n\t<meta property=\"og:image:height\" content=\"612\" \/>\n\t<meta property=\"og:image:type\" content=\"image\/jpeg\" \/>\n<meta name=\"author\" content=\"elli\" \/>\n<meta name=\"twitter:card\" content=\"summary_large_image\" \/>\n<meta name=\"twitter:creator\" content=\"@elli\" \/>\n<script type=\"application\/ld+json\" class=\"yoast-schema-graph\">{\"@context\":\"https:\\\/\\\/schema.org\",\"@graph\":[{\"@type\":\"Article\",\"@id\":\"https:\\\/\\\/www.meydan.tv\\\/az\\\/article\\\/oskardaki-qalmaqala-gore-sirketler-smitle-islemekden-imtina-edib\\\/#article\",\"isPartOf\":{\"@id\":\"https:\\\/\\\/www.meydan.tv\\\/az\\\/article\\\/oskardaki-qalmaqala-gore-sirketler-smitle-islemekden-imtina-edib\\\/\"},\"author\":{\"name\":\"elli\",\"@id\":\"https:\\\/\\\/www.meydan.tv\\\/az\\\/#\\\/schema\\\/person\\\/9cdbecf90d17180ce1dfbd95b08dcf47\"},\"headline\":\"\u201cOskar\u201ddak\u0131 qalmaqala g\u00f6r\u0259 \u015firk\u0259tl\u0259r Smitl\u0259 i\u015fl\u0259m\u0259kd\u0259n imtina edib\",\"datePublished\":\"2022-04-05T12:31:57+00:00\",\"dateModified\":\"2022-04-05T12:38:13+00:00\",\"mainEntityOfPage\":{\"@id\":\"https:\\\/\\\/www.meydan.tv\\\/az\\\/article\\\/oskardaki-qalmaqala-gore-sirketler-smitle-islemekden-imtina-edib\\\/\"},\"wordCount\":243,\"publisher\":{\"@id\":\"https:\\\/\\\/www.meydan.tv\\\/az\\\/#organization\"},\"image\":{\"@id\":\"https:\\\/\\\/www.meydan.tv\\\/az\\\/article\\\/oskardaki-qalmaqala-gore-sirketler-smitle-islemekden-imtina-edib\\\/#primaryimage\"},\"thumbnailUrl\":\"https:\\\/\\\/www.meydan.tv\\\/wp-content\\\/uploads\\\/download-15-e1648461982614.jpg\",\"articleSection\":[\"M\u0259d\u0259niyy\u0259t\",\"X\u0259b\u0259rl\u0259r\"],\"inLanguage\":\"az\"},{\"@type\":\"WebPage\",\"@id\":\"https:\\\/\\\/www.meydan.tv\\\/az\\\/article\\\/oskardaki-qalmaqala-gore-sirketler-smitle-islemekden-imtina-edib\\\/\",\"url\":\"https:\\\/\\\/www.meydan.tv\\\/az\\\/article\\\/oskardaki-qalmaqala-gore-sirketler-smitle-islemekden-imtina-edib\\\/\",\"name\":\"\u201cOskar\u201ddak\u0131 qalmaqala g\u00f6r\u0259 \u015firk\u0259tl\u0259r Smitl\u0259 i\u015fl\u0259m\u0259kd\u0259n imtina edib - MEYDAN.TV\",\"isPartOf\":{\"@id\":\"https:\\\/\\\/www.meydan.tv\\\/az\\\/#website\"},\"primaryImageOfPage\":{\"@id\":\"https:\\\/\\\/www.meydan.tv\\\/az\\\/article\\\/oskardaki-qalmaqala-gore-sirketler-smitle-islemekden-imtina-edib\\\/#primaryimage\"},\"image\":{\"@id\":\"https:\\\/\\\/www.meydan.tv\\\/az\\\/article\\\/oskardaki-qalmaqala-gore-sirketler-smitle-islemekden-imtina-edib\\\/#primaryimage\"},\"thumbnailUrl\":\"https:\\\/\\\/www.meydan.tv\\\/wp-content\\\/uploads\\\/download-15-e1648461982614.jpg\",\"datePublished\":\"2022-04-05T12:31:57+00:00\",\"dateModified\":\"2022-04-05T12:38:13+00:00\",\"breadcrumb\":{\"@id\":\"https:\\\/\\\/www.meydan.tv\\\/az\\\/article\\\/oskardaki-qalmaqala-gore-sirketler-smitle-islemekden-imtina-edib\\\/#breadcrumb\"},\"inLanguage\":\"az\",\"potentialAction\":[{\"@type\":\"ReadAction\",\"target\":[\"https:\\\/\\\/www.meydan.tv\\\/az\\\/article\\\/oskardaki-qalmaqala-gore-sirketler-smitle-islemekden-imtina-edib\\\/\"]}]},{\"@type\":\"ImageObject\",\"inLanguage\":\"az\",\"@id\":\"https:\\\/\\\/www.meydan.tv\\\/az\\\/article\\\/oskardaki-qalmaqala-gore-sirketler-smitle-islemekden-imtina-edib\\\/#primaryimage\",\"url\":\"https:\\\/\\\/www.meydan.tv\\\/wp-content\\\/uploads\\\/download-15-e1648461982614.jpg\",\"contentUrl\":\"https:\\\/\\\/www.meydan.tv\\\/wp-content\\\/uploads\\\/download-15-e1648461982614.jpg\",\"width\":1200,\"height\":612,\"caption\":\"Foto: Reuters\"},{\"@type\":\"BreadcrumbList\",\"@id\":\"https:\\\/\\\/www.meydan.tv\\\/az\\\/article\\\/oskardaki-qalmaqala-gore-sirketler-smitle-islemekden-imtina-edib\\\/#breadcrumb\",\"itemListElement\":[{\"@type\":\"ListItem\",\"position\":1,\"name\":\"Ana s\u0259hif\u0259\",\"item\":\"https:\\\/\\\/www.meydan.tv\\\/az\\\/\"},{\"@type\":\"ListItem\",\"position\":2,\"name\":\"M\u0259d\u0259niyy\u0259t\",\"item\":\"https:\\\/\\\/www.meydan.tv\\\/az\\\/section\\\/medeniyyet\\\/\"},{\"@type\":\"ListItem\",\"position\":3,\"name\":\"\u201cOskar\u201ddak\u0131 qalmaqala g\u00f6r\u0259 \u015firk\u0259tl\u0259r Smitl\u0259 i\u015fl\u0259m\u0259kd\u0259n imtina edib\"}]},{\"@type\":\"WebSite\",\"@id\":\"https:\\\/\\\/www.meydan.tv\\\/az\\\/#website\",\"url\":\"https:\\\/\\\/www.meydan.tv\\\/az\\\/\",\"name\":\"MEYDAN.TV\",\"description\":\"Meydan TV Az\u0259rbaycan\u0131n media m\u0259kan\u0131ndak\u0131 alternativ s\u0259sidir\",\"publisher\":{\"@id\":\"https:\\\/\\\/www.meydan.tv\\\/az\\\/#organization\"},\"potentialAction\":[{\"@type\":\"SearchAction\",\"target\":{\"@type\":\"EntryPoint\",\"urlTemplate\":\"https:\\\/\\\/www.meydan.tv\\\/az\\\/?s={search_term_string}\"},\"query-input\":{\"@type\":\"PropertyValueSpecification\",\"valueRequired\":true,\"valueName\":\"search_term_string\"}}],\"inLanguage\":\"az\"},{\"@type\":\"Organization\",\"@id\":\"https:\\\/\\\/www.meydan.tv\\\/az\\\/#organization\",\"name\":\"Meydan TV\",\"url\":\"https:\\\/\\\/www.meydan.tv\\\/az\\\/\",\"logo\":{\"@type\":\"ImageObject\",\"inLanguage\":\"az\",\"@id\":\"https:\\\/\\\/www.meydan.tv\\\/az\\\/#\\\/schema\\\/logo\\\/image\\\/\",\"url\":\"https:\\\/\\\/www.meydan.tv\\\/wp-content\\\/uploads\\\/2021\\\/07\\\/meydan-logo.svg\",\"contentUrl\":\"https:\\\/\\\/www.meydan.tv\\\/wp-content\\\/uploads\\\/2021\\\/07\\\/meydan-logo.svg\",\"width\":195,\"height\":46,\"caption\":\"Meydan TV\"},\"image\":{\"@id\":\"https:\\\/\\\/www.meydan.tv\\\/az\\\/#\\\/schema\\\/logo\\\/image\\\/\"}},{\"@type\":\"Person\",\"@id\":\"https:\\\/\\\/www.meydan.tv\\\/az\\\/#\\\/schema\\\/person\\\/9cdbecf90d17180ce1dfbd95b08dcf47\",\"name\":\"elli\",\"sameAs\":[\"https:\\\/\\\/x.com\\\/elli\"]}]}<\/script>\n<!-- \/ Yoast SEO plugin. -->","yoast_head_json":{"title":"\u201cOskar\u201ddak\u0131 qalmaqala g\u00f6r\u0259 \u015firk\u0259tl\u0259r Smitl\u0259 i\u015fl\u0259m\u0259kd\u0259n imtina edib - MEYDAN.TV","robots":{"index":"index","follow":"follow","max-snippet":"max-snippet:-1","max-image-preview":"max-image-preview:large","max-video-preview":"max-video-preview:-1"},"canonical":"https:\/\/www.meydan.tv\/az\/article\/oskardaki-qalmaqala-gore-sirketler-smitle-islemekden-imtina-edib\/","og_locale":"az_AZ","og_type":"article","og_title":"\u201cOskar\u201ddak\u0131 qalmaqala g\u00f6r\u0259 \u015firk\u0259tl\u0259r Smitl\u0259 i\u015fl\u0259m\u0259kd\u0259n imtina edib - MEYDAN.TV","og_description":"\u201cApple\u201d da aktyorla ba\u011fl\u0131 layih\u0259l\u0259ri dayand\u0131r\u0131b \u201cOskar\u201d m\u00fckafatland\u0131rma m\u0259rasimind\u0259 ya\u015fanan ... Davam\u0131","og_url":"https:\/\/www.meydan.tv\/az\/article\/oskardaki-qalmaqala-gore-sirketler-smitle-islemekden-imtina-edib\/","og_site_name":"MEYDAN.TV","article_published_time":"2022-04-05T12:31:57+00:00","article_modified_time":"2022-04-05T12:38:13+00:00","og_image":[{"width":1200,"height":612,"url":"https:\/\/www.meydan.tv\/wp-content\/uploads\/download-15-e1648461982614.jpg","type":"image\/jpeg"}],"author":"elli","twitter_card":"summary_large_image","twitter_creator":"@elli","schema":{"@context":"https:\/\/schema.org","@graph":[{"@type":"Article","@id":"https:\/\/www.meydan.tv\/az\/article\/oskardaki-qalmaqala-gore-sirketler-smitle-islemekden-imtina-edib\/#article","isPartOf":{"@id":"https:\/\/www.meydan.tv\/az\/article\/oskardaki-qalmaqala-gore-sirketler-smitle-islemekden-imtina-edib\/"},"author":{"name":"elli","@id":"https:\/\/www.meydan.tv\/az\/#\/schema\/person\/9cdbecf90d17180ce1dfbd95b08dcf47"},"headline":"\u201cOskar\u201ddak\u0131 qalmaqala g\u00f6r\u0259 \u015firk\u0259tl\u0259r Smitl\u0259 i\u015fl\u0259m\u0259kd\u0259n imtina edib","datePublished":"2022-04-05T12:31:57+00:00","dateModified":"2022-04-05T12:38:13+00:00","mainEntityOfPage":{"@id":"https:\/\/www.meydan.tv\/az\/article\/oskardaki-qalmaqala-gore-sirketler-smitle-islemekden-imtina-edib\/"},"wordCount":243,"publisher":{"@id":"https:\/\/www.meydan.tv\/az\/#organization"},"image":{"@id":"https:\/\/www.meydan.tv\/az\/article\/oskardaki-qalmaqala-gore-sirketler-smitle-islemekden-imtina-edib\/#primaryimage"},"thumbnailUrl":"https:\/\/www.meydan.tv\/wp-content\/uploads\/download-15-e1648461982614.jpg","articleSection":["M\u0259d\u0259niyy\u0259t","X\u0259b\u0259rl\u0259r"],"inLanguage":"az"},{"@type":"WebPage","@id":"https:\/\/www.meydan.tv\/az\/article\/oskardaki-qalmaqala-gore-sirketler-smitle-islemekden-imtina-edib\/","url":"https:\/\/www.meydan.tv\/az\/article\/oskardaki-qalmaqala-gore-sirketler-smitle-islemekden-imtina-edib\/","name":"\u201cOskar\u201ddak\u0131 qalmaqala g\u00f6r\u0259 \u015firk\u0259tl\u0259r Smitl\u0259 i\u015fl\u0259m\u0259kd\u0259n imtina edib - MEYDAN.TV","isPartOf":{"@id":"https:\/\/www.meydan.tv\/az\/#website"},"primaryImageOfPage":{"@id":"https:\/\/www.meydan.tv\/az\/article\/oskardaki-qalmaqala-gore-sirketler-smitle-islemekden-imtina-edib\/#primaryimage"},"image":{"@id":"https:\/\/www.meydan.tv\/az\/article\/oskardaki-qalmaqala-gore-sirketler-smitle-islemekden-imtina-edib\/#primaryimage"},"thumbnailUrl":"https:\/\/www.meydan.tv\/wp-content\/uploads\/download-15-e1648461982614.jpg","datePublished":"2022-04-05T12:31:57+00:00","dateModified":"2022-04-05T12:38:13+00:00","breadcrumb":{"@id":"https:\/\/www.meydan.tv\/az\/article\/oskardaki-qalmaqala-gore-sirketler-smitle-islemekden-imtina-edib\/#breadcrumb"},"inLanguage":"az","potentialAction":[{"@type":"ReadAction","target":["https:\/\/www.meydan.tv\/az\/article\/oskardaki-qalmaqala-gore-sirketler-smitle-islemekden-imtina-edib\/"]}]},{"@type":"ImageObject","inLanguage":"az","@id":"https:\/\/www.meydan.tv\/az\/article\/oskardaki-qalmaqala-gore-sirketler-smitle-islemekden-imtina-edib\/#primaryimage","url":"https:\/\/www.meydan.tv\/wp-content\/uploads\/download-15-e1648461982614.jpg","contentUrl":"https:\/\/www.meydan.tv\/wp-content\/uploads\/download-15-e1648461982614.jpg","width":1200,"height":612,"caption":"Foto: Reuters"},{"@type":"BreadcrumbList","@id":"https:\/\/www.meydan.tv\/az\/article\/oskardaki-qalmaqala-gore-sirketler-smitle-islemekden-imtina-edib\/#breadcrumb","itemListElement":[{"@type":"ListItem","position":1,"name":"Ana s\u0259hif\u0259","item":"https:\/\/www.meydan.tv\/az\/"},{"@type":"ListItem","position":2,"name":"M\u0259d\u0259niyy\u0259t","item":"https:\/\/www.meydan.tv\/az\/section\/medeniyyet\/"},{"@type":"ListItem","position":3,"name":"\u201cOskar\u201ddak\u0131 qalmaqala g\u00f6r\u0259 \u015firk\u0259tl\u0259r Smitl\u0259 i\u015fl\u0259m\u0259kd\u0259n imtina edib"}]},{"@type":"WebSite","@id":"https:\/\/www.meydan.tv\/az\/#website","url":"https:\/\/www.meydan.tv\/az\/","name":"MEYDAN.TV","description":"Meydan TV Az\u0259rbaycan\u0131n media m\u0259kan\u0131ndak\u0131 alternativ s\u0259sidir","publisher":{"@id":"https:\/\/www.meydan.tv\/az\/#organization"},"potentialAction":[{"@type":"SearchAction","target":{"@type":"EntryPoint","urlTemplate":"https:\/\/www.meydan.tv\/az\/?s={search_term_string}"},"query-input":{"@type":"PropertyValueSpecification","valueRequired":true,"valueName":"search_term_string"}}],"inLanguage":"az"},{"@type":"Organization","@id":"https:\/\/www.meydan.tv\/az\/#organization","name":"Meydan TV","url":"https:\/\/www.meydan.tv\/az\/","logo":{"@type":"ImageObject","inLanguage":"az","@id":"https:\/\/www.meydan.tv\/az\/#\/schema\/logo\/image\/","url":"https:\/\/www.meydan.tv\/wp-content\/uploads\/2021\/07\/meydan-logo.svg","contentUrl":"https:\/\/www.meydan.tv\/wp-content\/uploads\/2021\/07\/meydan-logo.svg","width":195,"height":46,"caption":"Meydan TV"},"image":{"@id":"https:\/\/www.meydan.tv\/az\/#\/schema\/logo\/image\/"}},{"@type":"Person","@id":"https:\/\/www.meydan.tv\/az\/#\/schema\/person\/9cdbecf90d17180ce1dfbd95b08dcf47","name":"elli","sameAs":["https:\/\/x.com\/elli"]}]}},"_links":{"self":[{"href":"https:\/\/www.meydan.tv\/az\/wp-json\/wp\/v2\/posts\/240664","targetHints":{"allow":["GET"]}}],"collection":[{"href":"https:\/\/www.meydan.tv\/az\/wp-json\/wp\/v2\/posts"}],"about":[{"href":"https:\/\/www.meydan.tv\/az\/wp-json\/wp\/v2\/types\/post"}],"author":[{"embeddable":true,"href":"https:\/\/www.meydan.tv\/az\/wp-json\/wp\/v2\/users\/8"}],"replies":[{"embeddable":true,"href":"https:\/\/www.meydan.tv\/az\/wp-json\/wp\/v2\/comments?post=240664"}],"version-history":[{"count":3,"href":"https:\/\/www.meydan.tv\/az\/wp-json\/wp\/v2\/posts\/240664\/revisions"}],"predecessor-version":[{"id":240669,"href":"https:\/\/www.meydan.tv\/az\/wp-json\/wp\/v2\/posts\/240664\/revisions\/240669"}],"wp:featuredmedia":[{"embeddable":true,"href":"https:\/\/www.meydan.tv\/az\/wp-json\/wp\/v2\/media\/239656"}],"wp:attachment":[{"href":"https:\/\/www.meydan.tv\/az\/wp-json\/wp\/v2\/media?parent=240664"}],"wp:term":[{"taxonomy":"category","embeddable":true,"href":"https:\/\/www.meydan.tv\/az\/wp-json\/wp\/v2\/categories?post=240664"},{"taxonomy":"post_tag","embeddable":true,"href":"https:\/\/www.meydan.tv\/az\/wp-json\/wp\/v2\/tags?post=240664"}],"curies":[{"name":"wp","href":"https:\/\/api.w.org\/{rel}","templated":true}]}}