{"id":240639,"date":"2022-04-05T15:50:52","date_gmt":"2022-04-05T11:50:52","guid":{"rendered":"https:\/\/www.meydan.tv\/?p=240639"},"modified":"2022-04-05T15:50:54","modified_gmt":"2022-04-05T11:50:54","slug":"ermitaj-ve-tretyakovun-uc-furqonu-finlandiya-serhedinde-saxlanilib","status":"publish","type":"post","link":"https:\/\/www.meydan.tv\/az\/article\/ermitaj-ve-tretyakovun-uc-furqonu-finlandiya-serhedinde-saxlanilib\/","title":{"rendered":"\u201cErmitaj\u201d v\u0259 \u201cTretyakov\u201dun \u00fc\u00e7 furqonu Finlandiya s\u0259rh\u0259dind\u0259 saxlan\u0131l\u0131b"},"content":{"rendered":"\n<p><\/p>\n\n\n\n<p><em>Qaleriyalar\u0131n r\u0259sml\u0259rinin Avropa Birliyinin sanksiyalar\u0131na g\u00f6r\u0259 saxland\u0131\u011f\u0131 bildirilir<\/em><br><\/p>\n\n\n\n<p>Rusiyan\u0131n \u201cErmitaj\u201d v\u0259 \u201cTretyakov\u201d qalereyalar\u0131n\u0131n eksponatlar\u0131 Finlandiya g\u00f6mr\u00fcy\u00fcnd\u0259 saxlan\u0131l\u0131b.<br>R\u0259sml\u0259rin saxlan\u0131lmas\u0131 Avropa \u0130ttifaq\u0131n\u0131n (A\u0130) Rusiyaya t\u0259tbiq etdiyi sanksiyalarla \u0259laq\u0259dar oldu\u011fu <a href=\"https:\/\/t.me\/good78news\/43371\" target=\"_blank\" rel=\"noreferrer noopener\">bildirilib<\/a>.<br><\/p>\n\n\n\n<p>G\u00f6mr\u00fck m\u0259nt\u0259q\u0259sinin \u0259m\u0259kda\u015flar\u0131 y\u00fck\u00fc m\u00fcsadir\u0259 edib.<br><\/p>\n\n\n\n<p>M\u0259s\u0259l\u0259 il\u0259 ba\u011fl\u0131 ilkin ara\u015fd\u0131rmalara ba\u015flan\u0131ld\u0131\u011f\u0131 deyilir.<br><\/p>\n\n\n\n<p>Rusiya Prezidentinin beyn\u0259lxalq m\u0259d\u0259ni \u0259m\u0259kda\u015fl\u0131q \u00fczr\u0259 x\u00fcsusi n\u00fcmay\u0259nd\u0259si Mixail \u015ev\u0131dkoy r\u0259sm \u0259s\u0259rl\u0259rinin s\u0259rh\u0259dd\u0259 yaranan problemin A\u0130-nin sanksiyalar\u0131 s\u0259b\u0259bind\u0259n yarand\u0131\u011f\u0131n\u0131 <a href=\"https:\/\/tass.ru\/kultura\/14275391?utm_source=forpost-sz.ru&amp;utm_medium=referral&amp;utm_campaign=forpost-sz.ru&amp;utm_referrer=forpost-sz.ru\" target=\"_blank\" rel=\"noreferrer noopener\">deyib<\/a>.<br><\/p>\n\n\n\n<p>\u201cGeosiyasi v\u0259ziyy\u0259t kifay\u0259t q\u0259d\u0259r m\u00fcr\u0259kk\u0259bdir. Amma \u00fcmid edir\u0259m ki, xaric\u0259 apar\u0131lan b\u00fct\u00fcn \u0259\u015fyalar vaxt\u0131nda Rusiya Federasiyas\u0131na qay\u0131dacaq\u201d, &#8211; \u015ev\u0131dkoy bildirib.<br><\/p>\n\n\n\n<p>Rusiya M\u0259d\u0259niyy\u0259t Nazirliyinin m\u0259lumat\u0131nda qeyd olunub ki, Finlandiya il\u0259 s\u0259rh\u0259dd\u0259 saxlan\u0131lan eksponatlar \u0130taliyada ke\u00e7iril\u0259n iki s\u0259rgid\u0259 n\u00fcmayi\u015f olunmaq \u00fc\u00e7\u00fcn \u00f6lk\u0259d\u0259n \u00e7\u0131xar\u0131l\u0131bm\u0131\u015f.<br><\/p>\n\n\n\n<p>Rusiya fevral\u0131n 24-d\u0259 Ukraynada h\u0259rbi \u0259m\u0259liyyatlara ba\u015flay\u0131b.<br><\/p>\n\n\n\n<p>H\u0259min tarixd\u0259n etibar\u0259n Avropa \u0130ttifaq\u0131 \u00f6lk\u0259l\u0259ri, h\u0259m\u00e7inin B\u00f6y\u00fck Britaniya, AB\u015e, Kanada v\u0259 dig\u0259r \u00f6lk\u0259l\u0259r Rusiyaya m\u00fcxt\u0259lif sanksiyalar t\u0259tbiq edir.<br><\/p>\n\n\n\n<p>Maliyy\u0259 sanksiyalar\u0131 \u0259sas\u0259n oliqarxlara, y\u00fcks\u0259k r\u00fctb\u0259li h\u0259rb\u00e7il\u0259rin hesablar\u0131na, d\u00f6vl\u0259t m\u0259murlar\u0131na, prezident\u0259, onun k\u00f6m\u0259k\u00e7isin\u0259, nazirl\u0259r\u0259 qoyulan qada\u011falard\u0131r.<br><\/p>\n\n\n\n<p>B\u00fct\u00fcn bu sanksiyalar\u0131n s\u0259b\u0259bi Rusiyan\u0131n Ukraynaya h\u0259rbi m\u00fcdaxil\u0259 etm\u0259sidir.<br>M\u0259qs\u0259d m\u00fcharib\u0259nin maliyy\u0259l\u0259\u015fdirilm\u0259sinin dayand\u0131r\u0131lmas\u0131d\u0131r.<br><\/p>\n\n\n\n<p>H\u0259m\u00e7inin bir s\u0131ra beyn\u0259lxalq musiqi, film \u015firk\u0259tl\u0259ri, o c\u00fcml\u0259d\u0259n, teatrlar, kinostudiyalar Rusiya v\u0259 s\u0259n\u0259t\u00e7il\u0259ri il\u0259 \u0259m\u0259kda\u015fl\u0131\u011f\u0131 dayand\u0131r\u0131b.<\/p>\n","protected":false},"excerpt":{"rendered":"<p>Qaleriyalar\u0131n r\u0259sml\u0259rinin Avropa Birliyinin sanksiyalar\u0131na g\u00f6r\u0259 saxland\u0131\u011f\u0131 bildirilir Rusiyan\u0131n \u201cErmitaj\u201d &#8230; <\/p>\n<p class=\"read-more-container\"><a title=\"\u201cErmitaj\u201d v\u0259 \u201cTretyakov\u201dun \u00fc\u00e7 furqonu Finlandiya s\u0259rh\u0259dind\u0259 saxlan\u0131l\u0131b\" class=\"read-more button\" href=\"https:\/\/www.meydan.tv\/az\/article\/ermitaj-ve-tretyakovun-uc-furqonu-finlandiya-serhedinde-saxlanilib\/#more-240639\" aria-label=\"Read more about \u201cErmitaj\u201d v\u0259 \u201cTretyakov\u201dun \u00fc\u00e7 furqonu Finlandiya s\u0259rh\u0259dind\u0259 saxlan\u0131l\u0131b\">Davam\u0131<\/a><\/p>\n","protected":false},"author":8,"featured_media":240640,"comment_status":"closed","ping_status":"closed","sticky":false,"template":"","format":"standard","meta":{"_acf_changed":false,"_sitemap_exclude":false,"_sitemap_priority":"","_sitemap_frequency":"","footnotes":""},"categories":[52,56],"tags":[],"class_list":["post-240639","post","type-post","status-publish","format-standard","has-post-thumbnail","hentry","category-medeniyyet","category-xeberler","infinite-scroll-item","generate-columns","tablet-grid-50","mobile-grid-100","grid-parent","grid-33","no-featured-image-padding"],"acf":[],"yoast_head":"<!-- This site is optimized with the Yoast SEO plugin v27.4 - https:\/\/yoast.com\/product\/yoast-seo-wordpress\/ -->\n<title>\u201cErmitaj\u201d v\u0259 \u201cTretyakov\u201dun \u00fc\u00e7 furqonu Finlandiya s\u0259rh\u0259dind\u0259 saxlan\u0131l\u0131b - MEYDAN.TV<\/title>\n<meta name=\"robots\" content=\"index, follow, max-snippet:-1, max-image-preview:large, max-video-preview:-1\" \/>\n<link rel=\"canonical\" href=\"https:\/\/www.meydan.tv\/az\/article\/ermitaj-ve-tretyakovun-uc-furqonu-finlandiya-serhedinde-saxlanilib\/\" \/>\n<meta property=\"og:locale\" content=\"az_AZ\" \/>\n<meta property=\"og:type\" content=\"article\" \/>\n<meta property=\"og:title\" content=\"\u201cErmitaj\u201d v\u0259 \u201cTretyakov\u201dun \u00fc\u00e7 furqonu Finlandiya s\u0259rh\u0259dind\u0259 saxlan\u0131l\u0131b - MEYDAN.TV\" \/>\n<meta property=\"og:description\" content=\"Qaleriyalar\u0131n r\u0259sml\u0259rinin Avropa Birliyinin sanksiyalar\u0131na g\u00f6r\u0259 saxland\u0131\u011f\u0131 bildirilir Rusiyan\u0131n \u201cErmitaj\u201d ... Davam\u0131\" \/>\n<meta property=\"og:url\" content=\"https:\/\/www.meydan.tv\/az\/article\/ermitaj-ve-tretyakovun-uc-furqonu-finlandiya-serhedinde-saxlanilib\/\" \/>\n<meta property=\"og:site_name\" content=\"MEYDAN.TV\" \/>\n<meta property=\"article:published_time\" content=\"2022-04-05T11:50:52+00:00\" \/>\n<meta property=\"article:modified_time\" content=\"2022-04-05T11:50:54+00:00\" \/>\n<meta property=\"og:image\" content=\"https:\/\/www.meydan.tv\/wp-content\/uploads\/shutterstock_586258841.jpg\" \/>\n\t<meta property=\"og:image:width\" content=\"1200\" \/>\n\t<meta property=\"og:image:height\" content=\"777\" \/>\n\t<meta property=\"og:image:type\" content=\"image\/jpeg\" \/>\n<meta name=\"author\" content=\"elli\" \/>\n<meta name=\"twitter:card\" content=\"summary_large_image\" \/>\n<meta name=\"twitter:creator\" content=\"@elli\" \/>\n<script type=\"application\/ld+json\" class=\"yoast-schema-graph\">{\"@context\":\"https:\\\/\\\/schema.org\",\"@graph\":[{\"@type\":\"Article\",\"@id\":\"https:\\\/\\\/www.meydan.tv\\\/az\\\/article\\\/ermitaj-ve-tretyakovun-uc-furqonu-finlandiya-serhedinde-saxlanilib\\\/#article\",\"isPartOf\":{\"@id\":\"https:\\\/\\\/www.meydan.tv\\\/az\\\/article\\\/ermitaj-ve-tretyakovun-uc-furqonu-finlandiya-serhedinde-saxlanilib\\\/\"},\"author\":{\"name\":\"elli\",\"@id\":\"https:\\\/\\\/www.meydan.tv\\\/az\\\/#\\\/schema\\\/person\\\/9cdbecf90d17180ce1dfbd95b08dcf47\"},\"headline\":\"\u201cErmitaj\u201d v\u0259 \u201cTretyakov\u201dun \u00fc\u00e7 furqonu Finlandiya s\u0259rh\u0259dind\u0259 saxlan\u0131l\u0131b\",\"datePublished\":\"2022-04-05T11:50:52+00:00\",\"dateModified\":\"2022-04-05T11:50:54+00:00\",\"mainEntityOfPage\":{\"@id\":\"https:\\\/\\\/www.meydan.tv\\\/az\\\/article\\\/ermitaj-ve-tretyakovun-uc-furqonu-finlandiya-serhedinde-saxlanilib\\\/\"},\"wordCount\":353,\"publisher\":{\"@id\":\"https:\\\/\\\/www.meydan.tv\\\/az\\\/#organization\"},\"image\":{\"@id\":\"https:\\\/\\\/www.meydan.tv\\\/az\\\/article\\\/ermitaj-ve-tretyakovun-uc-furqonu-finlandiya-serhedinde-saxlanilib\\\/#primaryimage\"},\"thumbnailUrl\":\"https:\\\/\\\/www.meydan.tv\\\/wp-content\\\/uploads\\\/shutterstock_586258841.jpg\",\"articleSection\":[\"M\u0259d\u0259niyy\u0259t\",\"X\u0259b\u0259rl\u0259r\"],\"inLanguage\":\"az\"},{\"@type\":\"WebPage\",\"@id\":\"https:\\\/\\\/www.meydan.tv\\\/az\\\/article\\\/ermitaj-ve-tretyakovun-uc-furqonu-finlandiya-serhedinde-saxlanilib\\\/\",\"url\":\"https:\\\/\\\/www.meydan.tv\\\/az\\\/article\\\/ermitaj-ve-tretyakovun-uc-furqonu-finlandiya-serhedinde-saxlanilib\\\/\",\"name\":\"\u201cErmitaj\u201d v\u0259 \u201cTretyakov\u201dun \u00fc\u00e7 furqonu Finlandiya s\u0259rh\u0259dind\u0259 saxlan\u0131l\u0131b - MEYDAN.TV\",\"isPartOf\":{\"@id\":\"https:\\\/\\\/www.meydan.tv\\\/az\\\/#website\"},\"primaryImageOfPage\":{\"@id\":\"https:\\\/\\\/www.meydan.tv\\\/az\\\/article\\\/ermitaj-ve-tretyakovun-uc-furqonu-finlandiya-serhedinde-saxlanilib\\\/#primaryimage\"},\"image\":{\"@id\":\"https:\\\/\\\/www.meydan.tv\\\/az\\\/article\\\/ermitaj-ve-tretyakovun-uc-furqonu-finlandiya-serhedinde-saxlanilib\\\/#primaryimage\"},\"thumbnailUrl\":\"https:\\\/\\\/www.meydan.tv\\\/wp-content\\\/uploads\\\/shutterstock_586258841.jpg\",\"datePublished\":\"2022-04-05T11:50:52+00:00\",\"dateModified\":\"2022-04-05T11:50:54+00:00\",\"breadcrumb\":{\"@id\":\"https:\\\/\\\/www.meydan.tv\\\/az\\\/article\\\/ermitaj-ve-tretyakovun-uc-furqonu-finlandiya-serhedinde-saxlanilib\\\/#breadcrumb\"},\"inLanguage\":\"az\",\"potentialAction\":[{\"@type\":\"ReadAction\",\"target\":[\"https:\\\/\\\/www.meydan.tv\\\/az\\\/article\\\/ermitaj-ve-tretyakovun-uc-furqonu-finlandiya-serhedinde-saxlanilib\\\/\"]}]},{\"@type\":\"ImageObject\",\"inLanguage\":\"az\",\"@id\":\"https:\\\/\\\/www.meydan.tv\\\/az\\\/article\\\/ermitaj-ve-tretyakovun-uc-furqonu-finlandiya-serhedinde-saxlanilib\\\/#primaryimage\",\"url\":\"https:\\\/\\\/www.meydan.tv\\\/wp-content\\\/uploads\\\/shutterstock_586258841.jpg\",\"contentUrl\":\"https:\\\/\\\/www.meydan.tv\\\/wp-content\\\/uploads\\\/shutterstock_586258841.jpg\",\"width\":1200,\"height\":777,\"caption\":\"\\\"Tretyakov\\\". Foto: Phuong D. Nguyen\\\/shutterstock\"},{\"@type\":\"BreadcrumbList\",\"@id\":\"https:\\\/\\\/www.meydan.tv\\\/az\\\/article\\\/ermitaj-ve-tretyakovun-uc-furqonu-finlandiya-serhedinde-saxlanilib\\\/#breadcrumb\",\"itemListElement\":[{\"@type\":\"ListItem\",\"position\":1,\"name\":\"Ana s\u0259hif\u0259\",\"item\":\"https:\\\/\\\/www.meydan.tv\\\/az\\\/\"},{\"@type\":\"ListItem\",\"position\":2,\"name\":\"M\u0259d\u0259niyy\u0259t\",\"item\":\"https:\\\/\\\/www.meydan.tv\\\/az\\\/section\\\/medeniyyet\\\/\"},{\"@type\":\"ListItem\",\"position\":3,\"name\":\"\u201cErmitaj\u201d v\u0259 \u201cTretyakov\u201dun \u00fc\u00e7 furqonu Finlandiya s\u0259rh\u0259dind\u0259 saxlan\u0131l\u0131b\"}]},{\"@type\":\"WebSite\",\"@id\":\"https:\\\/\\\/www.meydan.tv\\\/az\\\/#website\",\"url\":\"https:\\\/\\\/www.meydan.tv\\\/az\\\/\",\"name\":\"MEYDAN.TV\",\"description\":\"Meydan TV Az\u0259rbaycan\u0131n media m\u0259kan\u0131ndak\u0131 alternativ s\u0259sidir\",\"publisher\":{\"@id\":\"https:\\\/\\\/www.meydan.tv\\\/az\\\/#organization\"},\"potentialAction\":[{\"@type\":\"SearchAction\",\"target\":{\"@type\":\"EntryPoint\",\"urlTemplate\":\"https:\\\/\\\/www.meydan.tv\\\/az\\\/?s={search_term_string}\"},\"query-input\":{\"@type\":\"PropertyValueSpecification\",\"valueRequired\":true,\"valueName\":\"search_term_string\"}}],\"inLanguage\":\"az\"},{\"@type\":\"Organization\",\"@id\":\"https:\\\/\\\/www.meydan.tv\\\/az\\\/#organization\",\"name\":\"Meydan TV\",\"url\":\"https:\\\/\\\/www.meydan.tv\\\/az\\\/\",\"logo\":{\"@type\":\"ImageObject\",\"inLanguage\":\"az\",\"@id\":\"https:\\\/\\\/www.meydan.tv\\\/az\\\/#\\\/schema\\\/logo\\\/image\\\/\",\"url\":\"https:\\\/\\\/www.meydan.tv\\\/wp-content\\\/uploads\\\/2021\\\/07\\\/meydan-logo.svg\",\"contentUrl\":\"https:\\\/\\\/www.meydan.tv\\\/wp-content\\\/uploads\\\/2021\\\/07\\\/meydan-logo.svg\",\"width\":195,\"height\":46,\"caption\":\"Meydan TV\"},\"image\":{\"@id\":\"https:\\\/\\\/www.meydan.tv\\\/az\\\/#\\\/schema\\\/logo\\\/image\\\/\"}},{\"@type\":\"Person\",\"@id\":\"https:\\\/\\\/www.meydan.tv\\\/az\\\/#\\\/schema\\\/person\\\/9cdbecf90d17180ce1dfbd95b08dcf47\",\"name\":\"elli\",\"sameAs\":[\"https:\\\/\\\/x.com\\\/elli\"]}]}<\/script>\n<!-- \/ Yoast SEO plugin. -->","yoast_head_json":{"title":"\u201cErmitaj\u201d v\u0259 \u201cTretyakov\u201dun \u00fc\u00e7 furqonu Finlandiya s\u0259rh\u0259dind\u0259 saxlan\u0131l\u0131b - MEYDAN.TV","robots":{"index":"index","follow":"follow","max-snippet":"max-snippet:-1","max-image-preview":"max-image-preview:large","max-video-preview":"max-video-preview:-1"},"canonical":"https:\/\/www.meydan.tv\/az\/article\/ermitaj-ve-tretyakovun-uc-furqonu-finlandiya-serhedinde-saxlanilib\/","og_locale":"az_AZ","og_type":"article","og_title":"\u201cErmitaj\u201d v\u0259 \u201cTretyakov\u201dun \u00fc\u00e7 furqonu Finlandiya s\u0259rh\u0259dind\u0259 saxlan\u0131l\u0131b - MEYDAN.TV","og_description":"Qaleriyalar\u0131n r\u0259sml\u0259rinin Avropa Birliyinin sanksiyalar\u0131na g\u00f6r\u0259 saxland\u0131\u011f\u0131 bildirilir Rusiyan\u0131n \u201cErmitaj\u201d ... Davam\u0131","og_url":"https:\/\/www.meydan.tv\/az\/article\/ermitaj-ve-tretyakovun-uc-furqonu-finlandiya-serhedinde-saxlanilib\/","og_site_name":"MEYDAN.TV","article_published_time":"2022-04-05T11:50:52+00:00","article_modified_time":"2022-04-05T11:50:54+00:00","og_image":[{"width":1200,"height":777,"url":"https:\/\/www.meydan.tv\/wp-content\/uploads\/shutterstock_586258841.jpg","type":"image\/jpeg"}],"author":"elli","twitter_card":"summary_large_image","twitter_creator":"@elli","schema":{"@context":"https:\/\/schema.org","@graph":[{"@type":"Article","@id":"https:\/\/www.meydan.tv\/az\/article\/ermitaj-ve-tretyakovun-uc-furqonu-finlandiya-serhedinde-saxlanilib\/#article","isPartOf":{"@id":"https:\/\/www.meydan.tv\/az\/article\/ermitaj-ve-tretyakovun-uc-furqonu-finlandiya-serhedinde-saxlanilib\/"},"author":{"name":"elli","@id":"https:\/\/www.meydan.tv\/az\/#\/schema\/person\/9cdbecf90d17180ce1dfbd95b08dcf47"},"headline":"\u201cErmitaj\u201d v\u0259 \u201cTretyakov\u201dun \u00fc\u00e7 furqonu Finlandiya s\u0259rh\u0259dind\u0259 saxlan\u0131l\u0131b","datePublished":"2022-04-05T11:50:52+00:00","dateModified":"2022-04-05T11:50:54+00:00","mainEntityOfPage":{"@id":"https:\/\/www.meydan.tv\/az\/article\/ermitaj-ve-tretyakovun-uc-furqonu-finlandiya-serhedinde-saxlanilib\/"},"wordCount":353,"publisher":{"@id":"https:\/\/www.meydan.tv\/az\/#organization"},"image":{"@id":"https:\/\/www.meydan.tv\/az\/article\/ermitaj-ve-tretyakovun-uc-furqonu-finlandiya-serhedinde-saxlanilib\/#primaryimage"},"thumbnailUrl":"https:\/\/www.meydan.tv\/wp-content\/uploads\/shutterstock_586258841.jpg","articleSection":["M\u0259d\u0259niyy\u0259t","X\u0259b\u0259rl\u0259r"],"inLanguage":"az"},{"@type":"WebPage","@id":"https:\/\/www.meydan.tv\/az\/article\/ermitaj-ve-tretyakovun-uc-furqonu-finlandiya-serhedinde-saxlanilib\/","url":"https:\/\/www.meydan.tv\/az\/article\/ermitaj-ve-tretyakovun-uc-furqonu-finlandiya-serhedinde-saxlanilib\/","name":"\u201cErmitaj\u201d v\u0259 \u201cTretyakov\u201dun \u00fc\u00e7 furqonu Finlandiya s\u0259rh\u0259dind\u0259 saxlan\u0131l\u0131b - MEYDAN.TV","isPartOf":{"@id":"https:\/\/www.meydan.tv\/az\/#website"},"primaryImageOfPage":{"@id":"https:\/\/www.meydan.tv\/az\/article\/ermitaj-ve-tretyakovun-uc-furqonu-finlandiya-serhedinde-saxlanilib\/#primaryimage"},"image":{"@id":"https:\/\/www.meydan.tv\/az\/article\/ermitaj-ve-tretyakovun-uc-furqonu-finlandiya-serhedinde-saxlanilib\/#primaryimage"},"thumbnailUrl":"https:\/\/www.meydan.tv\/wp-content\/uploads\/shutterstock_586258841.jpg","datePublished":"2022-04-05T11:50:52+00:00","dateModified":"2022-04-05T11:50:54+00:00","breadcrumb":{"@id":"https:\/\/www.meydan.tv\/az\/article\/ermitaj-ve-tretyakovun-uc-furqonu-finlandiya-serhedinde-saxlanilib\/#breadcrumb"},"inLanguage":"az","potentialAction":[{"@type":"ReadAction","target":["https:\/\/www.meydan.tv\/az\/article\/ermitaj-ve-tretyakovun-uc-furqonu-finlandiya-serhedinde-saxlanilib\/"]}]},{"@type":"ImageObject","inLanguage":"az","@id":"https:\/\/www.meydan.tv\/az\/article\/ermitaj-ve-tretyakovun-uc-furqonu-finlandiya-serhedinde-saxlanilib\/#primaryimage","url":"https:\/\/www.meydan.tv\/wp-content\/uploads\/shutterstock_586258841.jpg","contentUrl":"https:\/\/www.meydan.tv\/wp-content\/uploads\/shutterstock_586258841.jpg","width":1200,"height":777,"caption":"\"Tretyakov\". Foto: Phuong D. Nguyen\/shutterstock"},{"@type":"BreadcrumbList","@id":"https:\/\/www.meydan.tv\/az\/article\/ermitaj-ve-tretyakovun-uc-furqonu-finlandiya-serhedinde-saxlanilib\/#breadcrumb","itemListElement":[{"@type":"ListItem","position":1,"name":"Ana s\u0259hif\u0259","item":"https:\/\/www.meydan.tv\/az\/"},{"@type":"ListItem","position":2,"name":"M\u0259d\u0259niyy\u0259t","item":"https:\/\/www.meydan.tv\/az\/section\/medeniyyet\/"},{"@type":"ListItem","position":3,"name":"\u201cErmitaj\u201d v\u0259 \u201cTretyakov\u201dun \u00fc\u00e7 furqonu Finlandiya s\u0259rh\u0259dind\u0259 saxlan\u0131l\u0131b"}]},{"@type":"WebSite","@id":"https:\/\/www.meydan.tv\/az\/#website","url":"https:\/\/www.meydan.tv\/az\/","name":"MEYDAN.TV","description":"Meydan TV Az\u0259rbaycan\u0131n media m\u0259kan\u0131ndak\u0131 alternativ s\u0259sidir","publisher":{"@id":"https:\/\/www.meydan.tv\/az\/#organization"},"potentialAction":[{"@type":"SearchAction","target":{"@type":"EntryPoint","urlTemplate":"https:\/\/www.meydan.tv\/az\/?s={search_term_string}"},"query-input":{"@type":"PropertyValueSpecification","valueRequired":true,"valueName":"search_term_string"}}],"inLanguage":"az"},{"@type":"Organization","@id":"https:\/\/www.meydan.tv\/az\/#organization","name":"Meydan TV","url":"https:\/\/www.meydan.tv\/az\/","logo":{"@type":"ImageObject","inLanguage":"az","@id":"https:\/\/www.meydan.tv\/az\/#\/schema\/logo\/image\/","url":"https:\/\/www.meydan.tv\/wp-content\/uploads\/2021\/07\/meydan-logo.svg","contentUrl":"https:\/\/www.meydan.tv\/wp-content\/uploads\/2021\/07\/meydan-logo.svg","width":195,"height":46,"caption":"Meydan TV"},"image":{"@id":"https:\/\/www.meydan.tv\/az\/#\/schema\/logo\/image\/"}},{"@type":"Person","@id":"https:\/\/www.meydan.tv\/az\/#\/schema\/person\/9cdbecf90d17180ce1dfbd95b08dcf47","name":"elli","sameAs":["https:\/\/x.com\/elli"]}]}},"_links":{"self":[{"href":"https:\/\/www.meydan.tv\/az\/wp-json\/wp\/v2\/posts\/240639","targetHints":{"allow":["GET"]}}],"collection":[{"href":"https:\/\/www.meydan.tv\/az\/wp-json\/wp\/v2\/posts"}],"about":[{"href":"https:\/\/www.meydan.tv\/az\/wp-json\/wp\/v2\/types\/post"}],"author":[{"embeddable":true,"href":"https:\/\/www.meydan.tv\/az\/wp-json\/wp\/v2\/users\/8"}],"replies":[{"embeddable":true,"href":"https:\/\/www.meydan.tv\/az\/wp-json\/wp\/v2\/comments?post=240639"}],"version-history":[{"count":1,"href":"https:\/\/www.meydan.tv\/az\/wp-json\/wp\/v2\/posts\/240639\/revisions"}],"predecessor-version":[{"id":240643,"href":"https:\/\/www.meydan.tv\/az\/wp-json\/wp\/v2\/posts\/240639\/revisions\/240643"}],"wp:featuredmedia":[{"embeddable":true,"href":"https:\/\/www.meydan.tv\/az\/wp-json\/wp\/v2\/media\/240640"}],"wp:attachment":[{"href":"https:\/\/www.meydan.tv\/az\/wp-json\/wp\/v2\/media?parent=240639"}],"wp:term":[{"taxonomy":"category","embeddable":true,"href":"https:\/\/www.meydan.tv\/az\/wp-json\/wp\/v2\/categories?post=240639"},{"taxonomy":"post_tag","embeddable":true,"href":"https:\/\/www.meydan.tv\/az\/wp-json\/wp\/v2\/tags?post=240639"}],"curies":[{"name":"wp","href":"https:\/\/api.w.org\/{rel}","templated":true}]}}