{"id":240577,"date":"2022-04-04T23:18:33","date_gmt":"2022-04-04T19:18:33","guid":{"rendered":"https:\/\/www.meydan.tv\/?p=240577"},"modified":"2022-04-04T23:18:35","modified_gmt":"2022-04-04T19:18:35","slug":"gece-klubunda-bas-veren-partlayisa-gore-3-nefer-hebs-olunub","status":"publish","type":"post","link":"https:\/\/www.meydan.tv\/az\/article\/gece-klubunda-bas-veren-partlayisa-gore-3-nefer-hebs-olunub\/","title":{"rendered":"Gec\u0259 klubunda ba\u015f ver\u0259n partlay\u0131\u015fa g\u00f6r\u0259 3 n\u0259f\u0259r h\u0259bs olunub"},"content":{"rendered":"\n<p><\/p>\n\n\n\n<p><em>H\u0259bs olunanlar aras\u0131nda FHN \u0259m\u0259kda\u015f\u0131 da var<\/em><\/p>\n\n\n\n<p>Aprelin 3-d\u0259 paytaxt\u0131n S\u0259bail rayonu, T\u0259rlan \u018fliyarb\u0259yov k\u00fc\u00e7\u0259sind\u0259 yerl\u0259\u015f\u0259n \u201cLocation\u201d adl\u0131 gec\u0259 klubunda partlay\u0131\u015fa g\u00f6r\u0259 3 n\u0259f\u0259r h\u0259bs olunub.<\/p>\n\n\n\n<p>Bu bar\u0259d\u0259 m\u0259lumat yayan Ba\u015f Prokurorluq h\u0259r \u00fc\u00e7 \u015f\u0259xs bar\u0259sind\u0259 Bin\u0259q\u0259di Rayon M\u0259hk\u0259m\u0259sinin h\u0259bs q\u0259timkan t\u0259dbiri se\u00e7diyini qeyd <a href=\"https:\/\/www.facebook.com\/prokurorluq\/posts\/360631469436271\" target=\"_blank\" rel=\"noreferrer noopener\">edib<\/a>.<\/p>\n\n\n\n<p>Bildirilib ki, istintaq zaman\u0131 yan\u011f\u0131n t\u0259hl\u00fck\u0259sizliyi qaydalar\u0131na riay\u0259t edilm\u0259sin\u0259 m\u0259sul olan ia\u015f\u0259 obyektini icar\u0259y\u0259 g\u00f6t\u00fcrm\u00fc\u015f \u201cMerser food\u201d MMC-d\u0259 administrator i\u015fl\u0259y\u0259n R\u0259sul R\u0259sulova Cinay\u0259t M\u0259c\u0259ll\u0259sinin 225.2-ci (yan\u011f\u0131n t\u0259hl\u00fck\u0259sizliyi qaydalar\u0131n\u0131 pozma &#8211; ehtiyats\u0131zl\u0131qdan z\u0259r\u0259r\u00e7\u0259kmi\u015f \u015f\u0259xsin \u00f6l\u00fcm\u00fcn\u0259 v\u0259 ya dig\u0259r a\u011f\u0131r n\u0259tic\u0259l\u0259r\u0259 s\u0259b\u0259b olduqda), h\u0259min MMC-nin t\u0259sis\u00e7isi-klubun meneceri Orxan S\u0259f\u0259rova Cinay\u0259t M\u0259c\u0259ll\u0259sinin 314.2-ci (s\u0259hl\u0259nkarl\u0131q-ehtiyats\u0131zl\u0131qdan z\u0259r\u0259r\u00e7\u0259kmi\u015f \u015f\u0259xsin \u00f6l\u00fcm\u00fcn\u0259 v\u0259 ya dig\u0259r a\u011f\u0131r n\u0259tic\u0259l\u0259r\u0259 s\u0259b\u0259b olduqda) madd\u0259si il\u0259 ittiham elan edilib:<\/p>\n\n\n\n<div class=\"wp-block-image\"><figure class=\"alignright size-full is-resized\"><img decoding=\"async\" data-src=\"https:\/\/www.meydan.tv\/wp-content\/uploads\/1612772145436814513_1000x669.jpg\" alt=\"Ba\u015f Prokurorluq\" class=\"wp-image-155994 lazyload\" width=\"450\" height=\"295\" src=\"data:image\/svg+xml;base64,PHN2ZyB3aWR0aD0iMSIgaGVpZ2h0PSIxIiB4bWxucz0iaHR0cDovL3d3dy53My5vcmcvMjAwMC9zdmciPjwvc3ZnPg==\" style=\"--smush-placeholder-width: 450px; --smush-placeholder-aspect-ratio: 450\/295;\" \/><figcaption>Foto: Az\u0259rtac<\/figcaption><\/figure><\/div>\n\n\n\n<p>&#8220;Eyni zamanda, \u0259razi \u00fczr\u0259 yan\u011f\u0131n t\u0259hl\u00fck\u0259sizliyinin t\u0259min edilm\u0259sin\u0259 m\u0259sul olan &#8211; F\u00f6vq\u0259lad\u0259 Hallar Nazirliyinin D\u00f6vl\u0259t Yan\u011f\u0131n N\u0259zar\u0259ti Xidm\u0259tinin 2-ci \u018frazi D\u00f6vl\u0259t Yan\u011f\u0131n \u018frazi \u0130dar\u0259sinin inspektoru Ruslan M\u0259mm\u0259dovun v\u0259zif\u0259l\u0259rin icras\u0131 zaman\u0131 s\u0259hl\u0259nkarl\u0131\u011fa yol verilm\u0259si m\u00fc\u0259yy\u0259n edildiyind\u0259n, o Cinay\u0259t M\u0259c\u0259ll\u0259sinin 314.2-ci madd\u0259si il\u0259 t\u0259qsirl\u0259ndiril\u0259n \u015f\u0259xs qismind\u0259 c\u0259lb olunub&#8221;.<\/p>\n\n\n\n<p>Aprelin 3-d\u0259 gec\u0259 saat 03 rad\u0259l\u0259rind\u0259 paytaxt\u0131n S\u0259bail rayonu \u0259razisind\u0259 ya\u015fay\u0131\u015f binas\u0131n\u0131n 1-ci m\u0259rt\u0259b\u0259sind\u0259 yerl\u0259\u015f\u0259n \u201cLocation\u201d gec\u0259 klubunda partlay\u0131\u015f ba\u015f <a href=\"https:\/\/www.meydan.tv\/az\/article\/bakida-partlayis-olub-olen-ve-yaralananlar-var\/\" target=\"_blank\" rel=\"noreferrer noopener\">verib<\/a>.<\/p>\n\n\n\n<p>N\u0259tic\u0259d\u0259 klubun i\u015f\u00e7isi Maya Axundova \u00f6l\u00fcb, 37 n\u0259f\u0259r m\u00fcxt\u0259lif d\u0259r\u0259c\u0259li b\u0259d\u0259n x\u0259sar\u0259tl\u0259ri al\u0131b. Hadis\u0259 zaman\u0131 14 avtomobil, 1 m\u0259nzil v\u0259 2 qeyri-ya\u015fay\u0131\u015f obyektin\u0259 ziyan d\u0259yib.<\/p>\n","protected":false},"excerpt":{"rendered":"<p>H\u0259bs olunanlar aras\u0131nda FHN \u0259m\u0259kda\u015f\u0131 da var Aprelin 3-d\u0259 paytaxt\u0131n &#8230; <\/p>\n<p class=\"read-more-container\"><a title=\"Gec\u0259 klubunda ba\u015f ver\u0259n partlay\u0131\u015fa g\u00f6r\u0259 3 n\u0259f\u0259r h\u0259bs olunub\" class=\"read-more button\" href=\"https:\/\/www.meydan.tv\/az\/article\/gece-klubunda-bas-veren-partlayisa-gore-3-nefer-hebs-olunub\/#more-240577\" aria-label=\"Read more about Gec\u0259 klubunda ba\u015f ver\u0259n partlay\u0131\u015fa g\u00f6r\u0259 3 n\u0259f\u0259r h\u0259bs olunub\">Davam\u0131<\/a><\/p>\n","protected":false},"author":8,"featured_media":240395,"comment_status":"closed","ping_status":"closed","sticky":false,"template":"","format":"standard","meta":{"_acf_changed":false,"_sitemap_exclude":false,"_sitemap_priority":"","_sitemap_frequency":"","footnotes":""},"categories":[62,79,56],"tags":[],"class_list":["post-240577","post","type-post","status-publish","format-standard","has-post-thumbnail","hentry","category-sosial","category-featured","category-xeberler","infinite-scroll-item","generate-columns","tablet-grid-50","mobile-grid-100","grid-parent","grid-33","no-featured-image-padding"],"acf":[],"yoast_head":"<!-- This site is optimized with the Yoast SEO plugin v27.5 - https:\/\/yoast.com\/product\/yoast-seo-wordpress\/ -->\n<title>Gec\u0259 klubunda ba\u015f ver\u0259n partlay\u0131\u015fa g\u00f6r\u0259 3 n\u0259f\u0259r h\u0259bs olunub - MEYDAN.TV<\/title>\n<meta name=\"robots\" content=\"index, follow, max-snippet:-1, max-image-preview:large, max-video-preview:-1\" \/>\n<link rel=\"canonical\" href=\"https:\/\/www.meydan.tv\/az\/article\/gece-klubunda-bas-veren-partlayisa-gore-3-nefer-hebs-olunub\/\" \/>\n<meta property=\"og:locale\" content=\"az_AZ\" \/>\n<meta property=\"og:type\" content=\"article\" \/>\n<meta property=\"og:title\" content=\"Gec\u0259 klubunda ba\u015f ver\u0259n partlay\u0131\u015fa g\u00f6r\u0259 3 n\u0259f\u0259r h\u0259bs olunub - MEYDAN.TV\" \/>\n<meta property=\"og:description\" content=\"H\u0259bs olunanlar aras\u0131nda FHN \u0259m\u0259kda\u015f\u0131 da var Aprelin 3-d\u0259 paytaxt\u0131n ... Davam\u0131\" \/>\n<meta property=\"og:url\" content=\"https:\/\/www.meydan.tv\/az\/article\/gece-klubunda-bas-veren-partlayisa-gore-3-nefer-hebs-olunub\/\" \/>\n<meta property=\"og:site_name\" content=\"MEYDAN.TV\" \/>\n<meta property=\"article:published_time\" content=\"2022-04-04T19:18:33+00:00\" \/>\n<meta property=\"article:modified_time\" content=\"2022-04-04T19:18:35+00:00\" \/>\n<meta property=\"og:image\" content=\"https:\/\/www.meydan.tv\/wp-content\/uploads\/whatsapp_image_2022-04-03_at_04.09.06_2.jpeg\" \/>\n\t<meta property=\"og:image:width\" content=\"1200\" \/>\n\t<meta property=\"og:image:height\" content=\"897\" \/>\n\t<meta property=\"og:image:type\" content=\"image\/jpeg\" \/>\n<meta name=\"author\" content=\"elli\" \/>\n<meta name=\"twitter:card\" content=\"summary_large_image\" \/>\n<meta name=\"twitter:creator\" content=\"@elli\" \/>\n<script type=\"application\/ld+json\" class=\"yoast-schema-graph\">{\"@context\":\"https:\\\/\\\/schema.org\",\"@graph\":[{\"@type\":\"Article\",\"@id\":\"https:\\\/\\\/www.meydan.tv\\\/az\\\/article\\\/gece-klubunda-bas-veren-partlayisa-gore-3-nefer-hebs-olunub\\\/#article\",\"isPartOf\":{\"@id\":\"https:\\\/\\\/www.meydan.tv\\\/az\\\/article\\\/gece-klubunda-bas-veren-partlayisa-gore-3-nefer-hebs-olunub\\\/\"},\"author\":{\"name\":\"elli\",\"@id\":\"https:\\\/\\\/www.meydan.tv\\\/az\\\/#\\\/schema\\\/person\\\/9cdbecf90d17180ce1dfbd95b08dcf47\"},\"headline\":\"Gec\u0259 klubunda ba\u015f ver\u0259n partlay\u0131\u015fa g\u00f6r\u0259 3 n\u0259f\u0259r h\u0259bs olunub\",\"datePublished\":\"2022-04-04T19:18:33+00:00\",\"dateModified\":\"2022-04-04T19:18:35+00:00\",\"mainEntityOfPage\":{\"@id\":\"https:\\\/\\\/www.meydan.tv\\\/az\\\/article\\\/gece-klubunda-bas-veren-partlayisa-gore-3-nefer-hebs-olunub\\\/\"},\"wordCount\":378,\"publisher\":{\"@id\":\"https:\\\/\\\/www.meydan.tv\\\/az\\\/#organization\"},\"image\":{\"@id\":\"https:\\\/\\\/www.meydan.tv\\\/az\\\/article\\\/gece-klubunda-bas-veren-partlayisa-gore-3-nefer-hebs-olunub\\\/#primaryimage\"},\"thumbnailUrl\":\"https:\\\/\\\/www.meydan.tv\\\/wp-content\\\/uploads\\\/whatsapp_image_2022-04-03_at_04.09.06_2.jpeg\",\"articleSection\":[\"Sosial\",\"T\u00f6vsiy\u0259\",\"X\u0259b\u0259rl\u0259r\"],\"inLanguage\":\"az\"},{\"@type\":\"WebPage\",\"@id\":\"https:\\\/\\\/www.meydan.tv\\\/az\\\/article\\\/gece-klubunda-bas-veren-partlayisa-gore-3-nefer-hebs-olunub\\\/\",\"url\":\"https:\\\/\\\/www.meydan.tv\\\/az\\\/article\\\/gece-klubunda-bas-veren-partlayisa-gore-3-nefer-hebs-olunub\\\/\",\"name\":\"Gec\u0259 klubunda ba\u015f ver\u0259n partlay\u0131\u015fa g\u00f6r\u0259 3 n\u0259f\u0259r h\u0259bs olunub - MEYDAN.TV\",\"isPartOf\":{\"@id\":\"https:\\\/\\\/www.meydan.tv\\\/az\\\/#website\"},\"primaryImageOfPage\":{\"@id\":\"https:\\\/\\\/www.meydan.tv\\\/az\\\/article\\\/gece-klubunda-bas-veren-partlayisa-gore-3-nefer-hebs-olunub\\\/#primaryimage\"},\"image\":{\"@id\":\"https:\\\/\\\/www.meydan.tv\\\/az\\\/article\\\/gece-klubunda-bas-veren-partlayisa-gore-3-nefer-hebs-olunub\\\/#primaryimage\"},\"thumbnailUrl\":\"https:\\\/\\\/www.meydan.tv\\\/wp-content\\\/uploads\\\/whatsapp_image_2022-04-03_at_04.09.06_2.jpeg\",\"datePublished\":\"2022-04-04T19:18:33+00:00\",\"dateModified\":\"2022-04-04T19:18:35+00:00\",\"breadcrumb\":{\"@id\":\"https:\\\/\\\/www.meydan.tv\\\/az\\\/article\\\/gece-klubunda-bas-veren-partlayisa-gore-3-nefer-hebs-olunub\\\/#breadcrumb\"},\"inLanguage\":\"az\",\"potentialAction\":[{\"@type\":\"ReadAction\",\"target\":[\"https:\\\/\\\/www.meydan.tv\\\/az\\\/article\\\/gece-klubunda-bas-veren-partlayisa-gore-3-nefer-hebs-olunub\\\/\"]}]},{\"@type\":\"ImageObject\",\"inLanguage\":\"az\",\"@id\":\"https:\\\/\\\/www.meydan.tv\\\/az\\\/article\\\/gece-klubunda-bas-veren-partlayisa-gore-3-nefer-hebs-olunub\\\/#primaryimage\",\"url\":\"https:\\\/\\\/www.meydan.tv\\\/wp-content\\\/uploads\\\/whatsapp_image_2022-04-03_at_04.09.06_2.jpeg\",\"contentUrl\":\"https:\\\/\\\/www.meydan.tv\\\/wp-content\\\/uploads\\\/whatsapp_image_2022-04-03_at_04.09.06_2.jpeg\",\"width\":1200,\"height\":897,\"caption\":\"Foto: FHN\"},{\"@type\":\"BreadcrumbList\",\"@id\":\"https:\\\/\\\/www.meydan.tv\\\/az\\\/article\\\/gece-klubunda-bas-veren-partlayisa-gore-3-nefer-hebs-olunub\\\/#breadcrumb\",\"itemListElement\":[{\"@type\":\"ListItem\",\"position\":1,\"name\":\"Ana s\u0259hif\u0259\",\"item\":\"https:\\\/\\\/www.meydan.tv\\\/az\\\/\"},{\"@type\":\"ListItem\",\"position\":2,\"name\":\"Sosial\",\"item\":\"https:\\\/\\\/www.meydan.tv\\\/az\\\/section\\\/sosial\\\/\"},{\"@type\":\"ListItem\",\"position\":3,\"name\":\"Gec\u0259 klubunda ba\u015f ver\u0259n partlay\u0131\u015fa g\u00f6r\u0259 3 n\u0259f\u0259r h\u0259bs olunub\"}]},{\"@type\":\"WebSite\",\"@id\":\"https:\\\/\\\/www.meydan.tv\\\/az\\\/#website\",\"url\":\"https:\\\/\\\/www.meydan.tv\\\/az\\\/\",\"name\":\"MEYDAN.TV\",\"description\":\"Meydan TV Az\u0259rbaycan\u0131n media m\u0259kan\u0131ndak\u0131 alternativ s\u0259sidir\",\"publisher\":{\"@id\":\"https:\\\/\\\/www.meydan.tv\\\/az\\\/#organization\"},\"potentialAction\":[{\"@type\":\"SearchAction\",\"target\":{\"@type\":\"EntryPoint\",\"urlTemplate\":\"https:\\\/\\\/www.meydan.tv\\\/az\\\/?s={search_term_string}\"},\"query-input\":{\"@type\":\"PropertyValueSpecification\",\"valueRequired\":true,\"valueName\":\"search_term_string\"}}],\"inLanguage\":\"az\"},{\"@type\":\"Organization\",\"@id\":\"https:\\\/\\\/www.meydan.tv\\\/az\\\/#organization\",\"name\":\"Meydan TV\",\"url\":\"https:\\\/\\\/www.meydan.tv\\\/az\\\/\",\"logo\":{\"@type\":\"ImageObject\",\"inLanguage\":\"az\",\"@id\":\"https:\\\/\\\/www.meydan.tv\\\/az\\\/#\\\/schema\\\/logo\\\/image\\\/\",\"url\":\"https:\\\/\\\/www.meydan.tv\\\/wp-content\\\/uploads\\\/2021\\\/07\\\/meydan-logo.svg\",\"contentUrl\":\"https:\\\/\\\/www.meydan.tv\\\/wp-content\\\/uploads\\\/2021\\\/07\\\/meydan-logo.svg\",\"width\":195,\"height\":46,\"caption\":\"Meydan TV\"},\"image\":{\"@id\":\"https:\\\/\\\/www.meydan.tv\\\/az\\\/#\\\/schema\\\/logo\\\/image\\\/\"}},{\"@type\":\"Person\",\"@id\":\"https:\\\/\\\/www.meydan.tv\\\/az\\\/#\\\/schema\\\/person\\\/9cdbecf90d17180ce1dfbd95b08dcf47\",\"name\":\"elli\",\"sameAs\":[\"https:\\\/\\\/x.com\\\/elli\"]}]}<\/script>\n<!-- \/ Yoast SEO plugin. -->","yoast_head_json":{"title":"Gec\u0259 klubunda ba\u015f ver\u0259n partlay\u0131\u015fa g\u00f6r\u0259 3 n\u0259f\u0259r h\u0259bs olunub - MEYDAN.TV","robots":{"index":"index","follow":"follow","max-snippet":"max-snippet:-1","max-image-preview":"max-image-preview:large","max-video-preview":"max-video-preview:-1"},"canonical":"https:\/\/www.meydan.tv\/az\/article\/gece-klubunda-bas-veren-partlayisa-gore-3-nefer-hebs-olunub\/","og_locale":"az_AZ","og_type":"article","og_title":"Gec\u0259 klubunda ba\u015f ver\u0259n partlay\u0131\u015fa g\u00f6r\u0259 3 n\u0259f\u0259r h\u0259bs olunub - MEYDAN.TV","og_description":"H\u0259bs olunanlar aras\u0131nda FHN \u0259m\u0259kda\u015f\u0131 da var Aprelin 3-d\u0259 paytaxt\u0131n ... Davam\u0131","og_url":"https:\/\/www.meydan.tv\/az\/article\/gece-klubunda-bas-veren-partlayisa-gore-3-nefer-hebs-olunub\/","og_site_name":"MEYDAN.TV","article_published_time":"2022-04-04T19:18:33+00:00","article_modified_time":"2022-04-04T19:18:35+00:00","og_image":[{"width":1200,"height":897,"url":"https:\/\/www.meydan.tv\/wp-content\/uploads\/whatsapp_image_2022-04-03_at_04.09.06_2.jpeg","type":"image\/jpeg"}],"author":"elli","twitter_card":"summary_large_image","twitter_creator":"@elli","schema":{"@context":"https:\/\/schema.org","@graph":[{"@type":"Article","@id":"https:\/\/www.meydan.tv\/az\/article\/gece-klubunda-bas-veren-partlayisa-gore-3-nefer-hebs-olunub\/#article","isPartOf":{"@id":"https:\/\/www.meydan.tv\/az\/article\/gece-klubunda-bas-veren-partlayisa-gore-3-nefer-hebs-olunub\/"},"author":{"name":"elli","@id":"https:\/\/www.meydan.tv\/az\/#\/schema\/person\/9cdbecf90d17180ce1dfbd95b08dcf47"},"headline":"Gec\u0259 klubunda ba\u015f ver\u0259n partlay\u0131\u015fa g\u00f6r\u0259 3 n\u0259f\u0259r h\u0259bs olunub","datePublished":"2022-04-04T19:18:33+00:00","dateModified":"2022-04-04T19:18:35+00:00","mainEntityOfPage":{"@id":"https:\/\/www.meydan.tv\/az\/article\/gece-klubunda-bas-veren-partlayisa-gore-3-nefer-hebs-olunub\/"},"wordCount":378,"publisher":{"@id":"https:\/\/www.meydan.tv\/az\/#organization"},"image":{"@id":"https:\/\/www.meydan.tv\/az\/article\/gece-klubunda-bas-veren-partlayisa-gore-3-nefer-hebs-olunub\/#primaryimage"},"thumbnailUrl":"https:\/\/www.meydan.tv\/wp-content\/uploads\/whatsapp_image_2022-04-03_at_04.09.06_2.jpeg","articleSection":["Sosial","T\u00f6vsiy\u0259","X\u0259b\u0259rl\u0259r"],"inLanguage":"az"},{"@type":"WebPage","@id":"https:\/\/www.meydan.tv\/az\/article\/gece-klubunda-bas-veren-partlayisa-gore-3-nefer-hebs-olunub\/","url":"https:\/\/www.meydan.tv\/az\/article\/gece-klubunda-bas-veren-partlayisa-gore-3-nefer-hebs-olunub\/","name":"Gec\u0259 klubunda ba\u015f ver\u0259n partlay\u0131\u015fa g\u00f6r\u0259 3 n\u0259f\u0259r h\u0259bs olunub - MEYDAN.TV","isPartOf":{"@id":"https:\/\/www.meydan.tv\/az\/#website"},"primaryImageOfPage":{"@id":"https:\/\/www.meydan.tv\/az\/article\/gece-klubunda-bas-veren-partlayisa-gore-3-nefer-hebs-olunub\/#primaryimage"},"image":{"@id":"https:\/\/www.meydan.tv\/az\/article\/gece-klubunda-bas-veren-partlayisa-gore-3-nefer-hebs-olunub\/#primaryimage"},"thumbnailUrl":"https:\/\/www.meydan.tv\/wp-content\/uploads\/whatsapp_image_2022-04-03_at_04.09.06_2.jpeg","datePublished":"2022-04-04T19:18:33+00:00","dateModified":"2022-04-04T19:18:35+00:00","breadcrumb":{"@id":"https:\/\/www.meydan.tv\/az\/article\/gece-klubunda-bas-veren-partlayisa-gore-3-nefer-hebs-olunub\/#breadcrumb"},"inLanguage":"az","potentialAction":[{"@type":"ReadAction","target":["https:\/\/www.meydan.tv\/az\/article\/gece-klubunda-bas-veren-partlayisa-gore-3-nefer-hebs-olunub\/"]}]},{"@type":"ImageObject","inLanguage":"az","@id":"https:\/\/www.meydan.tv\/az\/article\/gece-klubunda-bas-veren-partlayisa-gore-3-nefer-hebs-olunub\/#primaryimage","url":"https:\/\/www.meydan.tv\/wp-content\/uploads\/whatsapp_image_2022-04-03_at_04.09.06_2.jpeg","contentUrl":"https:\/\/www.meydan.tv\/wp-content\/uploads\/whatsapp_image_2022-04-03_at_04.09.06_2.jpeg","width":1200,"height":897,"caption":"Foto: FHN"},{"@type":"BreadcrumbList","@id":"https:\/\/www.meydan.tv\/az\/article\/gece-klubunda-bas-veren-partlayisa-gore-3-nefer-hebs-olunub\/#breadcrumb","itemListElement":[{"@type":"ListItem","position":1,"name":"Ana s\u0259hif\u0259","item":"https:\/\/www.meydan.tv\/az\/"},{"@type":"ListItem","position":2,"name":"Sosial","item":"https:\/\/www.meydan.tv\/az\/section\/sosial\/"},{"@type":"ListItem","position":3,"name":"Gec\u0259 klubunda ba\u015f ver\u0259n partlay\u0131\u015fa g\u00f6r\u0259 3 n\u0259f\u0259r h\u0259bs olunub"}]},{"@type":"WebSite","@id":"https:\/\/www.meydan.tv\/az\/#website","url":"https:\/\/www.meydan.tv\/az\/","name":"MEYDAN.TV","description":"Meydan TV Az\u0259rbaycan\u0131n media m\u0259kan\u0131ndak\u0131 alternativ s\u0259sidir","publisher":{"@id":"https:\/\/www.meydan.tv\/az\/#organization"},"potentialAction":[{"@type":"SearchAction","target":{"@type":"EntryPoint","urlTemplate":"https:\/\/www.meydan.tv\/az\/?s={search_term_string}"},"query-input":{"@type":"PropertyValueSpecification","valueRequired":true,"valueName":"search_term_string"}}],"inLanguage":"az"},{"@type":"Organization","@id":"https:\/\/www.meydan.tv\/az\/#organization","name":"Meydan TV","url":"https:\/\/www.meydan.tv\/az\/","logo":{"@type":"ImageObject","inLanguage":"az","@id":"https:\/\/www.meydan.tv\/az\/#\/schema\/logo\/image\/","url":"https:\/\/www.meydan.tv\/wp-content\/uploads\/2021\/07\/meydan-logo.svg","contentUrl":"https:\/\/www.meydan.tv\/wp-content\/uploads\/2021\/07\/meydan-logo.svg","width":195,"height":46,"caption":"Meydan TV"},"image":{"@id":"https:\/\/www.meydan.tv\/az\/#\/schema\/logo\/image\/"}},{"@type":"Person","@id":"https:\/\/www.meydan.tv\/az\/#\/schema\/person\/9cdbecf90d17180ce1dfbd95b08dcf47","name":"elli","sameAs":["https:\/\/x.com\/elli"]}]}},"_links":{"self":[{"href":"https:\/\/www.meydan.tv\/az\/wp-json\/wp\/v2\/posts\/240577","targetHints":{"allow":["GET"]}}],"collection":[{"href":"https:\/\/www.meydan.tv\/az\/wp-json\/wp\/v2\/posts"}],"about":[{"href":"https:\/\/www.meydan.tv\/az\/wp-json\/wp\/v2\/types\/post"}],"author":[{"embeddable":true,"href":"https:\/\/www.meydan.tv\/az\/wp-json\/wp\/v2\/users\/8"}],"replies":[{"embeddable":true,"href":"https:\/\/www.meydan.tv\/az\/wp-json\/wp\/v2\/comments?post=240577"}],"version-history":[{"count":1,"href":"https:\/\/www.meydan.tv\/az\/wp-json\/wp\/v2\/posts\/240577\/revisions"}],"predecessor-version":[{"id":240578,"href":"https:\/\/www.meydan.tv\/az\/wp-json\/wp\/v2\/posts\/240577\/revisions\/240578"}],"wp:featuredmedia":[{"embeddable":true,"href":"https:\/\/www.meydan.tv\/az\/wp-json\/wp\/v2\/media\/240395"}],"wp:attachment":[{"href":"https:\/\/www.meydan.tv\/az\/wp-json\/wp\/v2\/media?parent=240577"}],"wp:term":[{"taxonomy":"category","embeddable":true,"href":"https:\/\/www.meydan.tv\/az\/wp-json\/wp\/v2\/categories?post=240577"},{"taxonomy":"post_tag","embeddable":true,"href":"https:\/\/www.meydan.tv\/az\/wp-json\/wp\/v2\/tags?post=240577"}],"curies":[{"name":"wp","href":"https:\/\/api.w.org\/{rel}","templated":true}]}}