{"id":240518,"date":"2022-04-04T17:29:08","date_gmt":"2022-04-04T13:29:08","guid":{"rendered":"https:\/\/www.meydan.tv\/?p=240518"},"modified":"2022-04-04T17:29:10","modified_gmt":"2022-04-04T13:29:10","slug":"partlayisda-xesaret-alan-mugenni-bu-facie-hemise-gozumun-onunde-olacaq","status":"publish","type":"post","link":"https:\/\/www.meydan.tv\/az\/article\/partlayisda-xesaret-alan-mugenni-bu-facie-hemise-gozumun-onunde-olacaq\/","title":{"rendered":"Partlay\u0131\u015fda x\u0259sar\u0259t alan m\u00fc\u011f\u0259nni: \u201cBu faci\u0259 h\u0259mi\u015f\u0259 g\u00f6z\u00fcm\u00fcn \u00f6n\u00fcnd\u0259 olacaq\u201d"},"content":{"rendered":"\n<p class=\"wp-block-paragraph\"><\/p>\n\n\n\n<p class=\"wp-block-paragraph\"><em>M\u00fc\u011f\u0259nni haz\u0131rda x\u0259st\u0259xanada oldu\u011funu deyib<\/em><br><\/p>\n\n\n\n<p class=\"wp-block-paragraph\">\u201cLocation\u201d klubunda ba\u015f ver\u0259n partlay\u0131\u015fda x\u0259sar\u0259t alanlar aras\u0131nda m\u00fc\u011f\u0259nni Nicat M\u0259h\u0259rr\u0259mov da var.<br>O, bu bar\u0259d\u0259 \u201c\u0130nstagram\u201d hesab\u0131nda m\u0259lumat <a href=\"https:\/\/www.instagram.com\/p\/Cb4hVsWMLnT\/\" target=\"_blank\" rel=\"noreferrer noopener\">verib<\/a>.<br><\/p>\n\n\n\n<p class=\"wp-block-paragraph\">M\u00fc\u011f\u0259nni hadis\u0259 n\u0259tic\u0259sind\u0259 x\u0259st\u0259xanaya yerl\u0259\u015fdirildiyini qeyd edib.<br><\/p>\n\n\n\n<p class=\"wp-block-paragraph\">\u201cBa\u015f ver\u0259n partlay\u0131\u015f d\u0259h\u015f\u0259t idi. \u0130nsanlar\u0131n \u00e7ar\u0259sizliyi, partlay\u0131\u015f s\u0259si, b\u00fct\u00f6vl\u00fckd\u0259 ya\u015fanan faci\u0259 h\u0259mi\u015f\u0259 g\u00f6z\u00fcm\u00fcn \u00f6n\u00fcnd\u0259, yadda\u015f\u0131mda qalacaq. B\u00fct\u00fcn yaral\u0131 dostlar\u0131ma Allahdan \u015f\u0259fa dil\u0259yir\u0259m. M\u0259ni axtaran, x\u0259st\u0259xanaya g\u0259l\u0259n, yan\u0131mda olan dostlar\u0131ma t\u0259\u015f\u0259kk\u00fcr edir\u0259m\u201d, &#8211; m\u00fc\u011f\u0259nni qeyd edib.<br><\/p>\n\n\n\n<p class=\"wp-block-paragraph\">Aprelin 3-d\u0259 ba\u015f vermi\u015f hadis\u0259 n\u0259tic\u0259sind\u0259 1 n\u0259f\u0259r \u00f6l\u00fcb, 37 n\u0259f\u0259r m\u00fcxt\u0259lif d\u0259r\u0259c\u0259li b\u0259d\u0259n x\u0259sar\u0259tl\u0259ri al\u0131b.<br>H\u0259m\u00e7inin 14 avtomobil\u0259, 1 m\u0259nzil\u0259 v\u0259 2 qeyri-ya\u015fay\u0131\u015f obyektin\u0259 ziyan d\u0259ydiyi <a href=\"https:\/\/d9mc3ts4czbpr.cloudfront.net\/az\/article\/bakida-partlayis-olub-olen-ve-yaralananlar-var\/\" target=\"_blank\" rel=\"noreferrer noopener\">bildirilir<\/a>.<\/p>\n","protected":false},"excerpt":{"rendered":"<p>M\u00fc\u011f\u0259nni haz\u0131rda x\u0259st\u0259xanada oldu\u011funu deyib \u201cLocation\u201d klubunda ba\u015f ver\u0259n partlay\u0131\u015fda &#8230; <\/p>\n<p class=\"read-more-container\"><a title=\"Partlay\u0131\u015fda x\u0259sar\u0259t alan m\u00fc\u011f\u0259nni: \u201cBu faci\u0259 h\u0259mi\u015f\u0259 g\u00f6z\u00fcm\u00fcn \u00f6n\u00fcnd\u0259 olacaq\u201d\" class=\"read-more button\" href=\"https:\/\/www.meydan.tv\/az\/article\/partlayisda-xesaret-alan-mugenni-bu-facie-hemise-gozumun-onunde-olacaq\/#more-240518\" aria-label=\"Read more about Partlay\u0131\u015fda x\u0259sar\u0259t alan m\u00fc\u011f\u0259nni: \u201cBu faci\u0259 h\u0259mi\u015f\u0259 g\u00f6z\u00fcm\u00fcn \u00f6n\u00fcnd\u0259 olacaq\u201d\">Davam\u0131<\/a><\/p>\n","protected":false},"author":8,"featured_media":240502,"comment_status":"closed","ping_status":"closed","sticky":false,"template":"","format":"standard","meta":{"_acf_changed":false,"_sitemap_exclude":false,"_sitemap_priority":"","_sitemap_frequency":"","footnotes":""},"categories":[52,56],"tags":[],"class_list":["post-240518","post","type-post","status-publish","format-standard","has-post-thumbnail","hentry","category-medeniyyet","category-xeberler","infinite-scroll-item","generate-columns","tablet-grid-50","mobile-grid-100","grid-parent","grid-33","no-featured-image-padding"],"acf":[],"yoast_head":"<!-- This site is optimized with the Yoast SEO plugin v28.4 - https:\/\/yoast.com\/product\/yoast-seo-wordpress\/ -->\n<title>Partlay\u0131\u015fda x\u0259sar\u0259t alan m\u00fc\u011f\u0259nni: \u201cBu faci\u0259 h\u0259mi\u015f\u0259 g\u00f6z\u00fcm\u00fcn \u00f6n\u00fcnd\u0259 olacaq\u201d - MEYDAN.TV<\/title>\n<meta name=\"robots\" content=\"index, follow, max-snippet:-1, max-image-preview:large, max-video-preview:-1\" \/>\n<link rel=\"canonical\" href=\"https:\/\/www.meydan.tv\/az\/article\/partlayisda-xesaret-alan-mugenni-bu-facie-hemise-gozumun-onunde-olacaq\/\" \/>\n<meta property=\"og:locale\" content=\"az_AZ\" \/>\n<meta property=\"og:type\" content=\"article\" \/>\n<meta property=\"og:title\" content=\"Partlay\u0131\u015fda x\u0259sar\u0259t alan m\u00fc\u011f\u0259nni: \u201cBu faci\u0259 h\u0259mi\u015f\u0259 g\u00f6z\u00fcm\u00fcn \u00f6n\u00fcnd\u0259 olacaq\u201d - MEYDAN.TV\" \/>\n<meta property=\"og:description\" content=\"M\u00fc\u011f\u0259nni haz\u0131rda x\u0259st\u0259xanada oldu\u011funu deyib \u201cLocation\u201d klubunda ba\u015f ver\u0259n partlay\u0131\u015fda ... Davam\u0131\" \/>\n<meta property=\"og:url\" content=\"https:\/\/www.meydan.tv\/az\/article\/partlayisda-xesaret-alan-mugenni-bu-facie-hemise-gozumun-onunde-olacaq\/\" \/>\n<meta property=\"og:site_name\" content=\"MEYDAN.TV\" \/>\n<meta property=\"article:published_time\" content=\"2022-04-04T13:29:08+00:00\" \/>\n<meta property=\"article:modified_time\" content=\"2022-04-04T13:29:10+00:00\" \/>\n<meta property=\"og:image\" content=\"https:\/\/www.meydan.tv\/wp-content\/uploads\/untitled-design-19-1-e1649076497972.jpg\" \/>\n\t<meta property=\"og:image:width\" content=\"1200\" \/>\n\t<meta property=\"og:image:height\" content=\"714\" \/>\n\t<meta property=\"og:image:type\" content=\"image\/jpeg\" \/>\n<meta name=\"twitter:card\" content=\"summary_large_image\" \/>\n<meta name=\"twitter:creator\" content=\"@elli\" \/>\n<!-- \/ Yoast SEO plugin. -->","yoast_head_json":{"title":"Partlay\u0131\u015fda x\u0259sar\u0259t alan m\u00fc\u011f\u0259nni: \u201cBu faci\u0259 h\u0259mi\u015f\u0259 g\u00f6z\u00fcm\u00fcn \u00f6n\u00fcnd\u0259 olacaq\u201d - MEYDAN.TV","robots":{"index":"index","follow":"follow","max-snippet":"max-snippet:-1","max-image-preview":"max-image-preview:large","max-video-preview":"max-video-preview:-1"},"canonical":"https:\/\/www.meydan.tv\/az\/article\/partlayisda-xesaret-alan-mugenni-bu-facie-hemise-gozumun-onunde-olacaq\/","og_locale":"az_AZ","og_type":"article","og_title":"Partlay\u0131\u015fda x\u0259sar\u0259t alan m\u00fc\u011f\u0259nni: \u201cBu faci\u0259 h\u0259mi\u015f\u0259 g\u00f6z\u00fcm\u00fcn \u00f6n\u00fcnd\u0259 olacaq\u201d - MEYDAN.TV","og_description":"M\u00fc\u011f\u0259nni haz\u0131rda x\u0259st\u0259xanada oldu\u011funu deyib \u201cLocation\u201d klubunda ba\u015f ver\u0259n partlay\u0131\u015fda ... Davam\u0131","og_url":"https:\/\/www.meydan.tv\/az\/article\/partlayisda-xesaret-alan-mugenni-bu-facie-hemise-gozumun-onunde-olacaq\/","og_site_name":"MEYDAN.TV","article_published_time":"2022-04-04T13:29:08+00:00","article_modified_time":"2022-04-04T13:29:10+00:00","og_image":[{"width":1200,"height":714,"url":"https:\/\/www.meydan.tv\/wp-content\/uploads\/untitled-design-19-1-e1649076497972.jpg","type":"image\/jpeg"}],"twitter_card":"summary_large_image","twitter_creator":"@elli","schema":{"@context":"https:\/\/schema.org","@graph":[{"@type":"Article","@id":"https:\/\/www.meydan.tv\/az\/article\/partlayisda-xesaret-alan-mugenni-bu-facie-hemise-gozumun-onunde-olacaq\/#article","isPartOf":{"@id":"https:\/\/www.meydan.tv\/az\/article\/partlayisda-xesaret-alan-mugenni-bu-facie-hemise-gozumun-onunde-olacaq\/"},"author":{"name":"elli","@id":"https:\/\/www.meydan.tv\/az\/#\/schema\/person\/9cdbecf90d17180ce1dfbd95b08dcf47"},"headline":"Partlay\u0131\u015fda x\u0259sar\u0259t alan m\u00fc\u011f\u0259nni: \u201cBu faci\u0259 h\u0259mi\u015f\u0259 g\u00f6z\u00fcm\u00fcn \u00f6n\u00fcnd\u0259 olacaq\u201d","datePublished":"2022-04-04T13:29:08+00:00","dateModified":"2022-04-04T13:29:10+00:00","mainEntityOfPage":{"@id":"https:\/\/www.meydan.tv\/az\/article\/partlayisda-xesaret-alan-mugenni-bu-facie-hemise-gozumun-onunde-olacaq\/"},"wordCount":188,"publisher":{"@id":"https:\/\/www.meydan.tv\/az\/#organization"},"image":{"@id":"https:\/\/www.meydan.tv\/az\/article\/partlayisda-xesaret-alan-mugenni-bu-facie-hemise-gozumun-onunde-olacaq\/#primaryimage"},"thumbnailUrl":"https:\/\/www.meydan.tv\/wp-content\/uploads\/untitled-design-19-1-e1649076497972.jpg","articleSection":["M\u0259d\u0259niyy\u0259t","X\u0259b\u0259rl\u0259r"],"inLanguage":"az"},{"@type":"WebPage","@id":"https:\/\/www.meydan.tv\/az\/article\/partlayisda-xesaret-alan-mugenni-bu-facie-hemise-gozumun-onunde-olacaq\/","url":"https:\/\/www.meydan.tv\/az\/article\/partlayisda-xesaret-alan-mugenni-bu-facie-hemise-gozumun-onunde-olacaq\/","name":"Partlay\u0131\u015fda x\u0259sar\u0259t alan m\u00fc\u011f\u0259nni: \u201cBu faci\u0259 h\u0259mi\u015f\u0259 g\u00f6z\u00fcm\u00fcn \u00f6n\u00fcnd\u0259 olacaq\u201d - MEYDAN.TV","isPartOf":{"@id":"https:\/\/www.meydan.tv\/az\/#website"},"primaryImageOfPage":{"@id":"https:\/\/www.meydan.tv\/az\/article\/partlayisda-xesaret-alan-mugenni-bu-facie-hemise-gozumun-onunde-olacaq\/#primaryimage"},"image":{"@id":"https:\/\/www.meydan.tv\/az\/article\/partlayisda-xesaret-alan-mugenni-bu-facie-hemise-gozumun-onunde-olacaq\/#primaryimage"},"thumbnailUrl":"https:\/\/www.meydan.tv\/wp-content\/uploads\/untitled-design-19-1-e1649076497972.jpg","datePublished":"2022-04-04T13:29:08+00:00","dateModified":"2022-04-04T13:29:10+00:00","breadcrumb":{"@id":"https:\/\/www.meydan.tv\/az\/article\/partlayisda-xesaret-alan-mugenni-bu-facie-hemise-gozumun-onunde-olacaq\/#breadcrumb"},"inLanguage":"az","potentialAction":[{"@type":"ReadAction","target":["https:\/\/www.meydan.tv\/az\/article\/partlayisda-xesaret-alan-mugenni-bu-facie-hemise-gozumun-onunde-olacaq\/"]}]},{"@type":"ImageObject","inLanguage":"az","@id":"https:\/\/www.meydan.tv\/az\/article\/partlayisda-xesaret-alan-mugenni-bu-facie-hemise-gozumun-onunde-olacaq\/#primaryimage","url":"https:\/\/www.meydan.tv\/wp-content\/uploads\/untitled-design-19-1-e1649076497972.jpg","contentUrl":"https:\/\/www.meydan.tv\/wp-content\/uploads\/untitled-design-19-1-e1649076497972.jpg","width":1200,"height":714,"caption":"Foto: Nicat M\u0259h\u0259rr\u0259movun \u015f\u0259xsi \"Facebook\" s\u0259hif\u0259sind\u0259n"},{"@type":"BreadcrumbList","@id":"https:\/\/www.meydan.tv\/az\/article\/partlayisda-xesaret-alan-mugenni-bu-facie-hemise-gozumun-onunde-olacaq\/#breadcrumb","itemListElement":[{"@type":"ListItem","position":1,"name":"Ana s\u0259hif\u0259","item":"https:\/\/www.meydan.tv\/az\/"},{"@type":"ListItem","position":2,"name":"M\u0259d\u0259niyy\u0259t","item":"https:\/\/www.meydan.tv\/az\/section\/medeniyyet\/"},{"@type":"ListItem","position":3,"name":"Partlay\u0131\u015fda x\u0259sar\u0259t alan m\u00fc\u011f\u0259nni: \u201cBu faci\u0259 h\u0259mi\u015f\u0259 g\u00f6z\u00fcm\u00fcn \u00f6n\u00fcnd\u0259 olacaq\u201d"}]},{"@type":"WebSite","@id":"https:\/\/www.meydan.tv\/az\/#website","url":"https:\/\/www.meydan.tv\/az\/","name":"MEYDAN.TV","description":"Meydan TV Az\u0259rbaycan\u0131n media m\u0259kan\u0131ndak\u0131 alternativ s\u0259sidir","publisher":{"@id":"https:\/\/www.meydan.tv\/az\/#organization"},"potentialAction":[{"@type":"SearchAction","target":{"@type":"EntryPoint","urlTemplate":"https:\/\/www.meydan.tv\/az\/?s={search_term_string}"},"query-input":{"@type":"PropertyValueSpecification","valueRequired":true,"valueName":"search_term_string"}}],"inLanguage":"az"},{"@type":"Organization","@id":"https:\/\/www.meydan.tv\/az\/#organization","name":"Meydan TV","url":"https:\/\/www.meydan.tv\/az\/","logo":{"@type":"ImageObject","inLanguage":"az","@id":"https:\/\/www.meydan.tv\/az\/#\/schema\/logo\/image\/","url":"https:\/\/www.meydan.tv\/wp-content\/uploads\/2021\/07\/meydan-logo.svg","contentUrl":"https:\/\/www.meydan.tv\/wp-content\/uploads\/2021\/07\/meydan-logo.svg","width":195,"height":46,"caption":"Meydan TV"},"image":{"@id":"https:\/\/www.meydan.tv\/az\/#\/schema\/logo\/image\/"}},{"@type":"Person","@id":"https:\/\/www.meydan.tv\/az\/#\/schema\/person\/9cdbecf90d17180ce1dfbd95b08dcf47","name":"elli","sameAs":["https:\/\/x.com\/elli"]}]}},"_links":{"self":[{"href":"https:\/\/www.meydan.tv\/az\/wp-json\/wp\/v2\/posts\/240518","targetHints":{"allow":["GET"]}}],"collection":[{"href":"https:\/\/www.meydan.tv\/az\/wp-json\/wp\/v2\/posts"}],"about":[{"href":"https:\/\/www.meydan.tv\/az\/wp-json\/wp\/v2\/types\/post"}],"author":[{"embeddable":true,"href":"https:\/\/www.meydan.tv\/az\/wp-json\/wp\/v2\/users\/8"}],"replies":[{"embeddable":true,"href":"https:\/\/www.meydan.tv\/az\/wp-json\/wp\/v2\/comments?post=240518"}],"version-history":[{"count":1,"href":"https:\/\/www.meydan.tv\/az\/wp-json\/wp\/v2\/posts\/240518\/revisions"}],"predecessor-version":[{"id":240519,"href":"https:\/\/www.meydan.tv\/az\/wp-json\/wp\/v2\/posts\/240518\/revisions\/240519"}],"wp:featuredmedia":[{"embeddable":true,"href":"https:\/\/www.meydan.tv\/az\/wp-json\/wp\/v2\/media\/240502"}],"wp:attachment":[{"href":"https:\/\/www.meydan.tv\/az\/wp-json\/wp\/v2\/media?parent=240518"}],"wp:term":[{"taxonomy":"category","embeddable":true,"href":"https:\/\/www.meydan.tv\/az\/wp-json\/wp\/v2\/categories?post=240518"},{"taxonomy":"post_tag","embeddable":true,"href":"https:\/\/www.meydan.tv\/az\/wp-json\/wp\/v2\/tags?post=240518"}],"curies":[{"name":"wp","href":"https:\/\/api.w.org\/{rel}","templated":true}]}}