{"id":240516,"date":"2022-04-04T17:28:07","date_gmt":"2022-04-04T13:28:07","guid":{"rendered":"https:\/\/www.meydan.tv\/?p=240516"},"modified":"2022-04-04T17:28:09","modified_gmt":"2022-04-04T13:28:09","slug":"peskov-rusiyani-terk-edenleri-dusmen-hesab-etmirik","status":"publish","type":"post","link":"https:\/\/www.meydan.tv\/az\/article\/peskov-rusiyani-terk-edenleri-dusmen-hesab-etmirik\/","title":{"rendered":"Peskov: &#8220;Rusiyan\u0131 t\u0259rk ed\u0259nl\u0259ri d\u00fc\u015fm\u0259n hesab etmirik&#8221;"},"content":{"rendered":"\n<p><\/p>\n\n\n\n<p><em>&#8220;\u0130nsanlara b\u00f6htan at\u0131b &#8220;5-ci kolon&#8221; siyah\u0131s\u0131na yazmaq laz\u0131m deyil&#8221;<\/em><br><\/p>\n\n\n\n<p>Kreml s\u00f6z\u00e7\u00fcs\u00fc Dmitri Peskov h\u0259rbi m\u00fcnaqi\u015f\u0259 il\u0259 \u0259laq\u0259dar Rusiyan\u0131 t\u0259rk ed\u0259nl\u0259ri d\u00f6vl\u0259tin d\u00fc\u015fm\u0259n hesab etm\u0259diyini deyib.<\/p>\n\n\n\n<p>\u201cH\u0259r\u0259 bir c\u00fcr reaksiya verdi. Kiml\u0259rs\u0259 qorxdu, kiml\u0259rs\u0259 ba\u015f ver\u0259nl\u0259ri anlamad\u0131. Adamlar var ki, bu hadis\u0259l\u0259r ba\u015flayanda qorxuya d\u00fc\u015fd\u00fcl\u0259r. Kiml\u0259rs\u0259 uzunm\u00fcdd\u0259tli m\u0259zuniyy\u0259t\u0259 \u00e7\u0131xd\u0131qlar\u0131n\u0131 bildirib, \u00f6lk\u0259d\u0259n getdil\u0259r. Onlar buna g\u00f6r\u0259 d\u00f6vl\u0259tin d\u00fc\u015fm\u0259ni deyill\u0259r\u201d, &#8211; Peskov <a href=\"https:\/\/www.gazeta.ru\/politics\/news\/2022\/04\/02\/17513779.shtml?updated\" target=\"_blank\" rel=\"noreferrer noopener\">deyib<\/a>.<br><\/p>\n\n\n\n<p>O, Rusiya-Ukrayna m\u00fcnaqi\u015f\u0259si ba\u015flayandan sonra teleapar\u0131c\u0131 \u0130van Urqant\u0131n Rusiyan\u0131 t\u0259rk etm\u0259si m\u0259s\u0259l\u0259sin\u0259 d\u0259 m\u00fcnasib\u0259t bildirib.<br><\/p>\n\n\n\n<p>\u201c\u0130van Urqant \u00e7ox v\u0259t\u0259np\u0259rv\u0259rdir. \u0130nsanlara b\u00f6htan at\u0131b &#8220;5-ci kolon&#8221; siyah\u0131s\u0131na yazmaq laz\u0131m deyil\u201d, &#8211; Kreml s\u00f6z\u00e7\u00fcs\u00fc bildirib.<br><\/p>\n\n\n\n<p>Teleapar\u0131c\u0131, aktyor \u0130van Urqant mart\u0131n \u0259vv\u0259ll\u0259rind\u0259 Rusiyan\u0131 t\u0259rk edib. Onun ail\u0259si il\u0259 birlikd\u0259 \u0130srail\u0259 getdiyi <a href=\"https:\/\/t.me\/bazabazon\" target=\"_blank\" rel=\"noreferrer noopener\">bildirilir<\/a>.<br><\/p>\n\n\n\n<p>\u0130van Urqant mart\u0131n 11-d\u0259 \u201c\u0130nstagram\u201d hesab\u0131nda fotosunu payla\u015faraq,\u201cT\u0259la\u015fa g\u0259r\u0259k yoxdur. M\u0259ni m\u0259zuniyy\u0259t\u0259 burax\u0131blar. Bir d\u0259 g\u00f6rd\u00fcn\u00fcz ki, geri qay\u0131tm\u0131\u015fam\u201d, &#8211; qeydini <a href=\"https:\/\/www.instagram.com\/p\/Ca9vJwFAIVu\/?utm_medium=copy_link\" target=\"_blank\" rel=\"noreferrer noopener\">yaz\u0131b<\/a>.<br><\/p>\n\n\n\n<p>Fevral\u0131n 24-d\u0259 Rusiyan\u0131n Ukraynada ba\u015flatd\u0131\u011f\u0131 h\u0259rbi \u0259m\u0259liyyatlardan sonra bir \u00e7ox rus s\u0259n\u0259t\u00e7i v\u0259 ictimaiyy\u0259t n\u00fcmay\u0259nd\u0259si ba\u015f ver\u0259nl\u0259r\u0259 s\u0259ssiz <a href=\"https:\/\/www.meydan.tv\/az\/article\/rusiyali-senetciler-muharibeye-etiraz-etdi\/\" target=\"_blank\" rel=\"noreferrer noopener\">qalmay\u0131b<\/a>.<br><\/p>\n\n\n\n<p>Onlar istifad\u0259\u00e7isi olduqlar\u0131 sosial \u015f\u0259b\u0259k\u0259l\u0259r vasit\u0259sil\u0259 m\u00fcharib\u0259y\u0259 qar\u015f\u0131 \u00e7\u0131xd\u0131qlar\u0131n\u0131 elan edibl\u0259r.<br>\u018fks\u0259riyy\u0259t bu v\u0259ziyy\u0259td\u0259 kimin g\u00fcnahkar oldu\u011funa dair m\u00fchakim\u0259 y\u00fcr\u00fctm\u0259d\u0259n s\u00fclh\u0259 \u00e7a\u011f\u0131r\u0131\u015f edib.<br>Urqant da \u201cM\u00fcharib\u0259y\u0259 yox!\u201d dey\u0259nl\u0259r siyah\u0131s\u0131nda yer <a href=\"https:\/\/www.instagram.com\/p\/CaWv16jAvPE\/\" target=\"_blank\" rel=\"noreferrer noopener\">al\u0131b<\/a>.<br><\/p>\n\n\n\n<p>Fevral\u0131n 25-d\u0259 is\u0259 onun Rusiyan\u0131n &#8220;Birinci Kanal&#8221;\u0131nda yay\u0131mlanan \u201cVe\u00e7ern\u0131y Urqant\u201d verili\u015finin n\u00fcmayi\u015fi dayand\u0131r\u0131l\u0131b.<br><\/p>\n\n\n\n<p>Rusiya m\u0259tbuat\u0131nda verili\u015fin ba\u011flanmas\u0131n\u0131 Urqant\u0131n \u201c\u0130nstagram\u201ddak\u0131 payla\u015fmas\u0131 il\u0259 \u0259laq\u0259l\u0259ndiribl\u0259r.<br>&#8220;Birinci Kanal&#8221;\u0131n m\u0259tbuat xidm\u0259ti x\u0259b\u0259ri t\u0259kzib edib.<br><\/p>\n\n\n\n<p>Yay\u0131m c\u0259dv\u0259lind\u0259 \u0259yl\u0259nc\u0259li verili\u015fl\u0259rin ictimai-siyasi proqramlarla \u0259v\u0259z olundu\u011fu bildirilib.<br>H\u0259rbi m\u00fcnaqi\u015f\u0259 ba\u015flayandan sonra \u0259ks\u0259r s\u0259n\u0259t\u00e7il\u0259r Rusiyadan gedib.<br><\/p>\n\n\n\n<p>D\u00f6vl\u0259t Dumas\u0131n\u0131n spikeri Vya\u00e7eslav Volodin Rusiyan\u0131n Ukraynada ke\u00e7irdiyi h\u0259rbi \u0259m\u0259liyyat\u0131 d\u0259st\u0259kl\u0259m\u0259y\u0259n m\u0259d\u0259niyy\u0259t xadiml\u0259rin\u0259 \u00f6z postlar\u0131n\u0131 t\u0259rk etm\u0259yi t\u0259klif <a href=\"https:\/\/www.meydan.tv\/az\/article\/duma-spikerinden-muharibeni-desteklemeyen-medeniyyet-xadimlerine-xeberdarliq\/\" target=\"_blank\" rel=\"noreferrer noopener\">edib<\/a>.<br><\/p>\n\n\n\n<p>Rusiya Prezidentinin m\u0259tbuat katibi Dmitri Peskov is\u0259 m\u0259d\u0259niyy\u0259t xadiml\u0259rini Vladimir Putinin \u0259traf\u0131nda birl\u0259\u015fm\u0259y\u0259 <a href=\"https:\/\/www.meydan.tv\/az\/article\/peskov-medeniyyet-xadimlerine-muraciet-etdi-prezidentimizin-etrafinda-birlesmeliyik\/\" target=\"_blank\" rel=\"noreferrer noopener\">\u00e7a\u011f\u0131r\u0131b<\/a>.<br><\/p>\n\n\n\n<p>Fevral\u0131n 22-d\u0259 Rusiya Prezidenti Vladimir Putin a\u00e7\u0131qlama ver\u0259r\u0259k Ukraynan\u0131n \u015f\u0259rqind\u0259ki separat\u00e7\u0131 qurumlar\u0131 tan\u0131d\u0131\u011f\u0131n\u0131 b\u0259yan edib.<br><\/p>\n\n\n\n<p>Fevral\u0131n 24-d\u0259 is\u0259 Ukraynada h\u0259rbi \u0259m\u0259liyyatlara ba\u015flamaq \u0259mri verib.<br><\/p>\n\n\n\n<p>Ukrayna, Q\u0259rb liderl\u0259ri h\u00fccumu pisl\u0259yib, Putinin buna g\u00f6r\u0259 cavab ver\u0259c\u0259yini bildiribl\u0259r.<br>Sonra Avropa Birliyi \u00f6lk\u0259l\u0259rind\u0259n, el\u0259c\u0259 d\u0259 AB\u015e-dan Rusiyaya qar\u015f\u0131 sanksiyalar g\u0259lm\u0259y\u0259 ba\u015flay\u0131b.<br>Sanksiya t\u0259tbiq edil\u0259n 600-d\u0259n \u00e7ox \u015f\u0259xsin i\u00e7ind\u0259 oliqarxlar, y\u00fcks\u0259k r\u00fctb\u0259li h\u0259rb\u00e7il\u0259r, \u015firk\u0259t sahibl\u0259ri, biznesmenl\u0259rl\u0259 yana\u015f\u0131, Rusiya Prezidenti Vladimir Putin v\u0259 xarici i\u015fl\u0259r naziri Sergey Lavrov da var.<\/p>\n","protected":false},"excerpt":{"rendered":"<p>&#8220;\u0130nsanlara b\u00f6htan at\u0131b &#8220;5-ci kolon&#8221; siyah\u0131s\u0131na yazmaq laz\u0131m deyil&#8221; Kreml &#8230; <\/p>\n<p class=\"read-more-container\"><a title=\"Peskov: &#8220;Rusiyan\u0131 t\u0259rk ed\u0259nl\u0259ri d\u00fc\u015fm\u0259n hesab etmirik&#8221;\" class=\"read-more button\" href=\"https:\/\/www.meydan.tv\/az\/article\/peskov-rusiyani-terk-edenleri-dusmen-hesab-etmirik\/#more-240516\" aria-label=\"Read more about Peskov: &#8220;Rusiyan\u0131 t\u0259rk ed\u0259nl\u0259ri d\u00fc\u015fm\u0259n hesab etmirik&#8221;\">Davam\u0131<\/a><\/p>\n","protected":false},"author":8,"featured_media":234856,"comment_status":"closed","ping_status":"closed","sticky":false,"template":"","format":"standard","meta":{"_acf_changed":false,"_sitemap_exclude":false,"_sitemap_priority":"","_sitemap_frequency":"","footnotes":""},"categories":[52,56],"tags":[],"class_list":["post-240516","post","type-post","status-publish","format-standard","has-post-thumbnail","hentry","category-medeniyyet","category-xeberler","infinite-scroll-item","generate-columns","tablet-grid-50","mobile-grid-100","grid-parent","grid-33","no-featured-image-padding"],"acf":[],"yoast_head":"<!-- This site is optimized with the Yoast SEO plugin v27.4 - https:\/\/yoast.com\/product\/yoast-seo-wordpress\/ -->\n<title>Peskov: &quot;Rusiyan\u0131 t\u0259rk ed\u0259nl\u0259ri d\u00fc\u015fm\u0259n hesab etmirik&quot; - MEYDAN.TV<\/title>\n<meta name=\"robots\" content=\"index, follow, max-snippet:-1, max-image-preview:large, max-video-preview:-1\" \/>\n<link rel=\"canonical\" href=\"https:\/\/www.meydan.tv\/az\/article\/peskov-rusiyani-terk-edenleri-dusmen-hesab-etmirik\/\" \/>\n<meta property=\"og:locale\" content=\"az_AZ\" \/>\n<meta property=\"og:type\" content=\"article\" \/>\n<meta property=\"og:title\" content=\"Peskov: &quot;Rusiyan\u0131 t\u0259rk ed\u0259nl\u0259ri d\u00fc\u015fm\u0259n hesab etmirik&quot; - MEYDAN.TV\" \/>\n<meta property=\"og:description\" content=\"&#8220;\u0130nsanlara b\u00f6htan at\u0131b &#8220;5-ci kolon&#8221; siyah\u0131s\u0131na yazmaq laz\u0131m deyil&#8221; Kreml ... Davam\u0131\" \/>\n<meta property=\"og:url\" content=\"https:\/\/www.meydan.tv\/az\/article\/peskov-rusiyani-terk-edenleri-dusmen-hesab-etmirik\/\" \/>\n<meta property=\"og:site_name\" content=\"MEYDAN.TV\" \/>\n<meta property=\"article:published_time\" content=\"2022-04-04T13:28:07+00:00\" \/>\n<meta property=\"article:modified_time\" content=\"2022-04-04T13:28:09+00:00\" \/>\n<meta property=\"og:image\" content=\"https:\/\/www.meydan.tv\/wp-content\/uploads\/shutterstock_552887806-e1649076125725.jpg\" \/>\n\t<meta property=\"og:image:width\" content=\"1200\" \/>\n\t<meta property=\"og:image:height\" content=\"717\" \/>\n\t<meta property=\"og:image:type\" content=\"image\/jpeg\" \/>\n<meta name=\"author\" content=\"elli\" \/>\n<meta name=\"twitter:card\" content=\"summary_large_image\" \/>\n<meta name=\"twitter:creator\" content=\"@elli\" \/>\n<script type=\"application\/ld+json\" class=\"yoast-schema-graph\">{\"@context\":\"https:\\\/\\\/schema.org\",\"@graph\":[{\"@type\":\"Article\",\"@id\":\"https:\\\/\\\/www.meydan.tv\\\/az\\\/article\\\/peskov-rusiyani-terk-edenleri-dusmen-hesab-etmirik\\\/#article\",\"isPartOf\":{\"@id\":\"https:\\\/\\\/www.meydan.tv\\\/az\\\/article\\\/peskov-rusiyani-terk-edenleri-dusmen-hesab-etmirik\\\/\"},\"author\":{\"name\":\"elli\",\"@id\":\"https:\\\/\\\/www.meydan.tv\\\/az\\\/#\\\/schema\\\/person\\\/9cdbecf90d17180ce1dfbd95b08dcf47\"},\"headline\":\"Peskov: &#8220;Rusiyan\u0131 t\u0259rk ed\u0259nl\u0259ri d\u00fc\u015fm\u0259n hesab etmirik&#8221;\",\"datePublished\":\"2022-04-04T13:28:07+00:00\",\"dateModified\":\"2022-04-04T13:28:09+00:00\",\"mainEntityOfPage\":{\"@id\":\"https:\\\/\\\/www.meydan.tv\\\/az\\\/article\\\/peskov-rusiyani-terk-edenleri-dusmen-hesab-etmirik\\\/\"},\"wordCount\":608,\"publisher\":{\"@id\":\"https:\\\/\\\/www.meydan.tv\\\/az\\\/#organization\"},\"image\":{\"@id\":\"https:\\\/\\\/www.meydan.tv\\\/az\\\/article\\\/peskov-rusiyani-terk-edenleri-dusmen-hesab-etmirik\\\/#primaryimage\"},\"thumbnailUrl\":\"https:\\\/\\\/www.meydan.tv\\\/wp-content\\\/uploads\\\/shutterstock_552887806-e1683809645136.jpg\",\"articleSection\":[\"M\u0259d\u0259niyy\u0259t\",\"X\u0259b\u0259rl\u0259r\"],\"inLanguage\":\"az\"},{\"@type\":\"WebPage\",\"@id\":\"https:\\\/\\\/www.meydan.tv\\\/az\\\/article\\\/peskov-rusiyani-terk-edenleri-dusmen-hesab-etmirik\\\/\",\"url\":\"https:\\\/\\\/www.meydan.tv\\\/az\\\/article\\\/peskov-rusiyani-terk-edenleri-dusmen-hesab-etmirik\\\/\",\"name\":\"Peskov: \\\"Rusiyan\u0131 t\u0259rk ed\u0259nl\u0259ri d\u00fc\u015fm\u0259n hesab etmirik\\\" - MEYDAN.TV\",\"isPartOf\":{\"@id\":\"https:\\\/\\\/www.meydan.tv\\\/az\\\/#website\"},\"primaryImageOfPage\":{\"@id\":\"https:\\\/\\\/www.meydan.tv\\\/az\\\/article\\\/peskov-rusiyani-terk-edenleri-dusmen-hesab-etmirik\\\/#primaryimage\"},\"image\":{\"@id\":\"https:\\\/\\\/www.meydan.tv\\\/az\\\/article\\\/peskov-rusiyani-terk-edenleri-dusmen-hesab-etmirik\\\/#primaryimage\"},\"thumbnailUrl\":\"https:\\\/\\\/www.meydan.tv\\\/wp-content\\\/uploads\\\/shutterstock_552887806-e1683809645136.jpg\",\"datePublished\":\"2022-04-04T13:28:07+00:00\",\"dateModified\":\"2022-04-04T13:28:09+00:00\",\"breadcrumb\":{\"@id\":\"https:\\\/\\\/www.meydan.tv\\\/az\\\/article\\\/peskov-rusiyani-terk-edenleri-dusmen-hesab-etmirik\\\/#breadcrumb\"},\"inLanguage\":\"az\",\"potentialAction\":[{\"@type\":\"ReadAction\",\"target\":[\"https:\\\/\\\/www.meydan.tv\\\/az\\\/article\\\/peskov-rusiyani-terk-edenleri-dusmen-hesab-etmirik\\\/\"]}]},{\"@type\":\"ImageObject\",\"inLanguage\":\"az\",\"@id\":\"https:\\\/\\\/www.meydan.tv\\\/az\\\/article\\\/peskov-rusiyani-terk-edenleri-dusmen-hesab-etmirik\\\/#primaryimage\",\"url\":\"https:\\\/\\\/www.meydan.tv\\\/wp-content\\\/uploads\\\/shutterstock_552887806-e1683809645136.jpg\",\"contentUrl\":\"https:\\\/\\\/www.meydan.tv\\\/wp-content\\\/uploads\\\/shutterstock_552887806-e1683809645136.jpg\",\"width\":1200,\"height\":522,\"caption\":\"Dmitri Peskov, Foto: ID1974\\\/shutterstock\"},{\"@type\":\"BreadcrumbList\",\"@id\":\"https:\\\/\\\/www.meydan.tv\\\/az\\\/article\\\/peskov-rusiyani-terk-edenleri-dusmen-hesab-etmirik\\\/#breadcrumb\",\"itemListElement\":[{\"@type\":\"ListItem\",\"position\":1,\"name\":\"Ana s\u0259hif\u0259\",\"item\":\"https:\\\/\\\/www.meydan.tv\\\/az\\\/\"},{\"@type\":\"ListItem\",\"position\":2,\"name\":\"M\u0259d\u0259niyy\u0259t\",\"item\":\"https:\\\/\\\/www.meydan.tv\\\/az\\\/section\\\/medeniyyet\\\/\"},{\"@type\":\"ListItem\",\"position\":3,\"name\":\"Peskov: &#8220;Rusiyan\u0131 t\u0259rk ed\u0259nl\u0259ri d\u00fc\u015fm\u0259n hesab etmirik&#8221;\"}]},{\"@type\":\"WebSite\",\"@id\":\"https:\\\/\\\/www.meydan.tv\\\/az\\\/#website\",\"url\":\"https:\\\/\\\/www.meydan.tv\\\/az\\\/\",\"name\":\"MEYDAN.TV\",\"description\":\"Meydan TV Az\u0259rbaycan\u0131n media m\u0259kan\u0131ndak\u0131 alternativ s\u0259sidir\",\"publisher\":{\"@id\":\"https:\\\/\\\/www.meydan.tv\\\/az\\\/#organization\"},\"potentialAction\":[{\"@type\":\"SearchAction\",\"target\":{\"@type\":\"EntryPoint\",\"urlTemplate\":\"https:\\\/\\\/www.meydan.tv\\\/az\\\/?s={search_term_string}\"},\"query-input\":{\"@type\":\"PropertyValueSpecification\",\"valueRequired\":true,\"valueName\":\"search_term_string\"}}],\"inLanguage\":\"az\"},{\"@type\":\"Organization\",\"@id\":\"https:\\\/\\\/www.meydan.tv\\\/az\\\/#organization\",\"name\":\"Meydan TV\",\"url\":\"https:\\\/\\\/www.meydan.tv\\\/az\\\/\",\"logo\":{\"@type\":\"ImageObject\",\"inLanguage\":\"az\",\"@id\":\"https:\\\/\\\/www.meydan.tv\\\/az\\\/#\\\/schema\\\/logo\\\/image\\\/\",\"url\":\"https:\\\/\\\/www.meydan.tv\\\/wp-content\\\/uploads\\\/2021\\\/07\\\/meydan-logo.svg\",\"contentUrl\":\"https:\\\/\\\/www.meydan.tv\\\/wp-content\\\/uploads\\\/2021\\\/07\\\/meydan-logo.svg\",\"width\":195,\"height\":46,\"caption\":\"Meydan TV\"},\"image\":{\"@id\":\"https:\\\/\\\/www.meydan.tv\\\/az\\\/#\\\/schema\\\/logo\\\/image\\\/\"}},{\"@type\":\"Person\",\"@id\":\"https:\\\/\\\/www.meydan.tv\\\/az\\\/#\\\/schema\\\/person\\\/9cdbecf90d17180ce1dfbd95b08dcf47\",\"name\":\"elli\",\"sameAs\":[\"https:\\\/\\\/x.com\\\/elli\"]}]}<\/script>\n<!-- \/ Yoast SEO plugin. -->","yoast_head_json":{"title":"Peskov: \"Rusiyan\u0131 t\u0259rk ed\u0259nl\u0259ri d\u00fc\u015fm\u0259n hesab etmirik\" - MEYDAN.TV","robots":{"index":"index","follow":"follow","max-snippet":"max-snippet:-1","max-image-preview":"max-image-preview:large","max-video-preview":"max-video-preview:-1"},"canonical":"https:\/\/www.meydan.tv\/az\/article\/peskov-rusiyani-terk-edenleri-dusmen-hesab-etmirik\/","og_locale":"az_AZ","og_type":"article","og_title":"Peskov: \"Rusiyan\u0131 t\u0259rk ed\u0259nl\u0259ri d\u00fc\u015fm\u0259n hesab etmirik\" - MEYDAN.TV","og_description":"&#8220;\u0130nsanlara b\u00f6htan at\u0131b &#8220;5-ci kolon&#8221; siyah\u0131s\u0131na yazmaq laz\u0131m deyil&#8221; Kreml ... Davam\u0131","og_url":"https:\/\/www.meydan.tv\/az\/article\/peskov-rusiyani-terk-edenleri-dusmen-hesab-etmirik\/","og_site_name":"MEYDAN.TV","article_published_time":"2022-04-04T13:28:07+00:00","article_modified_time":"2022-04-04T13:28:09+00:00","og_image":[{"width":1200,"height":717,"url":"https:\/\/www.meydan.tv\/wp-content\/uploads\/shutterstock_552887806-e1649076125725.jpg","type":"image\/jpeg"}],"author":"elli","twitter_card":"summary_large_image","twitter_creator":"@elli","schema":{"@context":"https:\/\/schema.org","@graph":[{"@type":"Article","@id":"https:\/\/www.meydan.tv\/az\/article\/peskov-rusiyani-terk-edenleri-dusmen-hesab-etmirik\/#article","isPartOf":{"@id":"https:\/\/www.meydan.tv\/az\/article\/peskov-rusiyani-terk-edenleri-dusmen-hesab-etmirik\/"},"author":{"name":"elli","@id":"https:\/\/www.meydan.tv\/az\/#\/schema\/person\/9cdbecf90d17180ce1dfbd95b08dcf47"},"headline":"Peskov: &#8220;Rusiyan\u0131 t\u0259rk ed\u0259nl\u0259ri d\u00fc\u015fm\u0259n hesab etmirik&#8221;","datePublished":"2022-04-04T13:28:07+00:00","dateModified":"2022-04-04T13:28:09+00:00","mainEntityOfPage":{"@id":"https:\/\/www.meydan.tv\/az\/article\/peskov-rusiyani-terk-edenleri-dusmen-hesab-etmirik\/"},"wordCount":608,"publisher":{"@id":"https:\/\/www.meydan.tv\/az\/#organization"},"image":{"@id":"https:\/\/www.meydan.tv\/az\/article\/peskov-rusiyani-terk-edenleri-dusmen-hesab-etmirik\/#primaryimage"},"thumbnailUrl":"https:\/\/www.meydan.tv\/wp-content\/uploads\/shutterstock_552887806-e1683809645136.jpg","articleSection":["M\u0259d\u0259niyy\u0259t","X\u0259b\u0259rl\u0259r"],"inLanguage":"az"},{"@type":"WebPage","@id":"https:\/\/www.meydan.tv\/az\/article\/peskov-rusiyani-terk-edenleri-dusmen-hesab-etmirik\/","url":"https:\/\/www.meydan.tv\/az\/article\/peskov-rusiyani-terk-edenleri-dusmen-hesab-etmirik\/","name":"Peskov: \"Rusiyan\u0131 t\u0259rk ed\u0259nl\u0259ri d\u00fc\u015fm\u0259n hesab etmirik\" - MEYDAN.TV","isPartOf":{"@id":"https:\/\/www.meydan.tv\/az\/#website"},"primaryImageOfPage":{"@id":"https:\/\/www.meydan.tv\/az\/article\/peskov-rusiyani-terk-edenleri-dusmen-hesab-etmirik\/#primaryimage"},"image":{"@id":"https:\/\/www.meydan.tv\/az\/article\/peskov-rusiyani-terk-edenleri-dusmen-hesab-etmirik\/#primaryimage"},"thumbnailUrl":"https:\/\/www.meydan.tv\/wp-content\/uploads\/shutterstock_552887806-e1683809645136.jpg","datePublished":"2022-04-04T13:28:07+00:00","dateModified":"2022-04-04T13:28:09+00:00","breadcrumb":{"@id":"https:\/\/www.meydan.tv\/az\/article\/peskov-rusiyani-terk-edenleri-dusmen-hesab-etmirik\/#breadcrumb"},"inLanguage":"az","potentialAction":[{"@type":"ReadAction","target":["https:\/\/www.meydan.tv\/az\/article\/peskov-rusiyani-terk-edenleri-dusmen-hesab-etmirik\/"]}]},{"@type":"ImageObject","inLanguage":"az","@id":"https:\/\/www.meydan.tv\/az\/article\/peskov-rusiyani-terk-edenleri-dusmen-hesab-etmirik\/#primaryimage","url":"https:\/\/www.meydan.tv\/wp-content\/uploads\/shutterstock_552887806-e1683809645136.jpg","contentUrl":"https:\/\/www.meydan.tv\/wp-content\/uploads\/shutterstock_552887806-e1683809645136.jpg","width":1200,"height":522,"caption":"Dmitri Peskov, Foto: ID1974\/shutterstock"},{"@type":"BreadcrumbList","@id":"https:\/\/www.meydan.tv\/az\/article\/peskov-rusiyani-terk-edenleri-dusmen-hesab-etmirik\/#breadcrumb","itemListElement":[{"@type":"ListItem","position":1,"name":"Ana s\u0259hif\u0259","item":"https:\/\/www.meydan.tv\/az\/"},{"@type":"ListItem","position":2,"name":"M\u0259d\u0259niyy\u0259t","item":"https:\/\/www.meydan.tv\/az\/section\/medeniyyet\/"},{"@type":"ListItem","position":3,"name":"Peskov: &#8220;Rusiyan\u0131 t\u0259rk ed\u0259nl\u0259ri d\u00fc\u015fm\u0259n hesab etmirik&#8221;"}]},{"@type":"WebSite","@id":"https:\/\/www.meydan.tv\/az\/#website","url":"https:\/\/www.meydan.tv\/az\/","name":"MEYDAN.TV","description":"Meydan TV Az\u0259rbaycan\u0131n media m\u0259kan\u0131ndak\u0131 alternativ s\u0259sidir","publisher":{"@id":"https:\/\/www.meydan.tv\/az\/#organization"},"potentialAction":[{"@type":"SearchAction","target":{"@type":"EntryPoint","urlTemplate":"https:\/\/www.meydan.tv\/az\/?s={search_term_string}"},"query-input":{"@type":"PropertyValueSpecification","valueRequired":true,"valueName":"search_term_string"}}],"inLanguage":"az"},{"@type":"Organization","@id":"https:\/\/www.meydan.tv\/az\/#organization","name":"Meydan TV","url":"https:\/\/www.meydan.tv\/az\/","logo":{"@type":"ImageObject","inLanguage":"az","@id":"https:\/\/www.meydan.tv\/az\/#\/schema\/logo\/image\/","url":"https:\/\/www.meydan.tv\/wp-content\/uploads\/2021\/07\/meydan-logo.svg","contentUrl":"https:\/\/www.meydan.tv\/wp-content\/uploads\/2021\/07\/meydan-logo.svg","width":195,"height":46,"caption":"Meydan TV"},"image":{"@id":"https:\/\/www.meydan.tv\/az\/#\/schema\/logo\/image\/"}},{"@type":"Person","@id":"https:\/\/www.meydan.tv\/az\/#\/schema\/person\/9cdbecf90d17180ce1dfbd95b08dcf47","name":"elli","sameAs":["https:\/\/x.com\/elli"]}]}},"_links":{"self":[{"href":"https:\/\/www.meydan.tv\/az\/wp-json\/wp\/v2\/posts\/240516","targetHints":{"allow":["GET"]}}],"collection":[{"href":"https:\/\/www.meydan.tv\/az\/wp-json\/wp\/v2\/posts"}],"about":[{"href":"https:\/\/www.meydan.tv\/az\/wp-json\/wp\/v2\/types\/post"}],"author":[{"embeddable":true,"href":"https:\/\/www.meydan.tv\/az\/wp-json\/wp\/v2\/users\/8"}],"replies":[{"embeddable":true,"href":"https:\/\/www.meydan.tv\/az\/wp-json\/wp\/v2\/comments?post=240516"}],"version-history":[{"count":2,"href":"https:\/\/www.meydan.tv\/az\/wp-json\/wp\/v2\/posts\/240516\/revisions"}],"predecessor-version":[{"id":240537,"href":"https:\/\/www.meydan.tv\/az\/wp-json\/wp\/v2\/posts\/240516\/revisions\/240537"}],"wp:featuredmedia":[{"embeddable":true,"href":"https:\/\/www.meydan.tv\/az\/wp-json\/wp\/v2\/media\/234856"}],"wp:attachment":[{"href":"https:\/\/www.meydan.tv\/az\/wp-json\/wp\/v2\/media?parent=240516"}],"wp:term":[{"taxonomy":"category","embeddable":true,"href":"https:\/\/www.meydan.tv\/az\/wp-json\/wp\/v2\/categories?post=240516"},{"taxonomy":"post_tag","embeddable":true,"href":"https:\/\/www.meydan.tv\/az\/wp-json\/wp\/v2\/tags?post=240516"}],"curies":[{"name":"wp","href":"https:\/\/api.w.org\/{rel}","templated":true}]}}