{"id":240424,"date":"2022-04-03T16:01:30","date_gmt":"2022-04-03T12:01:30","guid":{"rendered":"https:\/\/www.meydan.tv\/?p=240424"},"modified":"2022-04-03T16:01:31","modified_gmt":"2022-04-03T12:01:31","slug":"ayaz-da-bele-getdi","status":"publish","type":"post","link":"https:\/\/www.meydan.tv\/az\/article\/ayaz-da-bele-getdi\/","title":{"rendered":"Ayaz da bel\u0259 getdi"},"content":{"rendered":"\n<p><\/p>\n\n\n\n<p><em>D\u0259yi\u015fm\u0259y\u0259n yaln\u0131z m\u00fcxalif\u0259t v\u0259 k\u00fctl\u0259dir<\/em><\/p>\n\n\n\n<p>Az\u0259rbaycan\u0131n \u018fn Yeni Tarixini yazm\u0131\u015f siyasi xadiml\u0259rin ard\u0131c\u0131l olaraq d\u00fcnyadan k\u00f6\u00e7m\u0259si tarixin bu s\u0259hif\u0259sinin ke\u00e7mi\u015f\u0259 \u0259b\u0259di qovu\u015fmas\u0131 dem\u0259kdir.<\/p>\n\n\n\n<p>B\u0259zi-para adamlar h\u0259l\u0259 d\u0259 qal\u0131b, onlar n\u0259z\u0259riyy\u0259 bax\u0131m\u0131ndan n\u0259 is\u0259 dey\u0259 bil\u0259rl\u0259r, f\u0259q\u0259t bu ged\u0259n-k\u00f6\u00e7\u0259n n\u0259slin \u00f6lk\u0259nin m\u00fcq\u0259dd\u0259rat\u0131nda n\u0259z\u0259r\u0259 \u00e7arpacaq hans\u0131sa rolu oynamaq f\u00fcrs\u0259ti s\u00fcr\u0259tl\u0259 s\u0131fra yax\u0131nla\u015f\u0131r.<\/p>\n\n\n\n<p>\u018fbd\u00fcrr\u0259hman V\u0259zirovun v\u0259fat\u0131 x\u0259b\u0259ri c\u0259miyy\u0259t t\u0259r\u0259find\u0259n yenic\u0259 unudulma\u011fa ba\u015flam\u0131\u015fd\u0131. Ayaz M\u00fct\u0259llibovun v\u0259fat\u0131 x\u0259b\u0259ri median\u0131n diqq\u0259tini 2-3 g\u00fcnl\u00fcy\u0259 \u00f6z\u00fcn\u0259 c\u0259lb ed\u0259 bildi. Lakin bu x\u0259b\u0259r d\u0259 x\u0259zan yeli kimi ke\u00e7ib getdi.<\/p>\n\n\n\n<p>T\u0259sad\u00fcf\u0259 bax\u0131n ki, el\u0259 bu g\u00fcnl\u0259rd\u0259 \u0259d\u0259biyyat\u0131m\u0131z\u0131n klassiki \u00c7ingiz H\u00fcseynovun tariximizin bu d\u00f6vr\u00fcn\u0259 h\u0259sr edilmi\u015f \u201cC\u0131d\u0131r at\u0131n\u0131n nallanmas\u0131\u201c roman\u0131n\u0131 oxuyub qurtarm\u0131\u015fd\u0131m. Bu \u0259s\u0259rin q\u0259hr\u0259manlar\u0131 s\u0131ras\u0131nda Ayaz M\u00fct\u0259llibov da, \u018fbd\u00fcrr\u0259hman V\u0259zirov da var.<\/p>\n\n\n\n<p>T\u0259kc\u0259 bu insanlar deyil, onlar\u0131n v\u0259fat\u0131 x\u0259b\u0259ri deyil, h\u0259m d\u0259 bu insanlarla ba\u011fl\u0131 tarixl\u0259r, tarixi \u015f\u0259raitl\u0259r, tarixi f\u00fcrs\u0259tl\u0259r d\u0259 gedib-g\u0259lm\u0259z\u0259 qovu\u015fur, aktuall\u0131\u011f\u0131n\u0131 itirir. \u201cAz\u0259rbaycan Kommunist Partiyas\u0131n\u0131n sonuncu Birinci katibi, Az\u0259rbaycan Respublikas\u0131n\u0131n birinci Prezidenti\u201d h\u0259yatdan k\u00f6\u00e7\u0259nd\u0259n sonra xalq\u0131n\u0131n tarixind\u0259, onun tarix kitablar\u0131nda yaln\u0131z bu m\u00fcxt\u0259s\u0259r m\u0259lumatla qalacaq.<\/p>\n\n\n\n<p>Ba\u015fqa n\u0259 edib? Hans\u0131 f\u0259zil\u0259tin sahibi idi? \u0130nsaf xatirin\u0259 yazmaq vacibdir.<\/p>\n\n\n\n<p>B\u0259zi siyasi xadiml\u0259r\u0259 etm\u0259dikl\u0259ri xidm\u0259tl\u0259ri aid edirl\u0259r, daha do\u011frusu, onlar bu xidm\u0259tl\u0259ri \u00f6z ayaqlar\u0131na yaz\u0131rlar, onlar\u0131n kollektiv \u015feyx \u0259hm\u0259dl\u0259ri bu ist\u0259yi yerin\u0259 yetirm\u0259k \u00fc\u00e7\u00fcn b\u00fct\u00fcn muzdlu alim-yazar tayfas\u0131n\u0131 s\u0259f\u0259rb\u0259r edir, bu \u0259sass\u0131z iddian\u0131 tarixi q\u0259l\u0259b\u0259 v\u0259 nailiyy\u0259t kimi d\u0259rslikl\u0259r\u0259 sal\u0131r, bu bar\u0259d\u0259 s\u0259n\u0259dli v\u0259 b\u0259dii filml\u0259r \u00e7\u0259kir, mahn\u0131 b\u0259st\u0259l\u0259yib man\u0131slara oxutdururlar.<\/p>\n\n\n\n<p>Ayaz M\u00fct\u0259llibov PR sah\u0259sind\u0259 s\u0131f\u0131r idi. H\u0259tta \u00f6lk\u0259 \u00fc\u00e7\u00fcn g\u00f6rd\u00fcy\u00fc m\u00fcsb\u0259t i\u015fl\u0259ri bel\u0259 c\u0259miyy\u0259t\u0259 \u00e7atd\u0131ra bilmirdi. Bu i\u015fl\u0259rin ham\u0131s\u0131n\u0131 ba\u015fqalar\u0131 d\u0259bb\u0259l\u0259dil\u0259r.<\/p>\n\n\n\n<p>M\u00fct\u0259llibovla \u00f6mr\u00fcmd\u0259 birc\u0259 d\u0259f\u0259 g\u00f6r\u00fc\u015fm\u00fc\u015fd\u00fcm. 1989-cu ilin noyabr ay\u0131n\u0131n birinci yar\u0131s\u0131nda AKP MK-n\u0131n b\u00fcrosu AXC \u0130H-nin \u00fczvl\u0259rini m\u0259sl\u0259h\u0259t\u0259 \u00e7a\u011f\u0131rm\u0131\u015fd\u0131. Bu g\u00f6r\u00fc\u015fd\u0259ki vaqe\u0259ni kitab\u0131mda t\u0259svir etmi\u015f\u0259m dey\u0259 t\u0259krara l\u00fczum g\u00f6rm\u00fcr\u0259m. Ondan sonra onunla he\u00e7 vaxt g\u00f6r\u00fc\u015fm\u0259mi\u015f\u0259m, he\u00e7 bir t\u0259mas\u0131m olmay\u0131b. F\u0259q\u0259t \u015fayi\u0259 yaymaqda y\u00fcks\u0259k pe\u015f\u0259karl\u0131\u011f\u0131 il\u0259 se\u00e7il\u0259n siyasi r\u0259qibl\u0259rim 1990-lar\u0131n \u0259vv\u0259ll\u0259rind\u0259 m\u0259ni \u201cm\u00fct\u0259llibov\u00e7u\u201d kimi q\u0259l\u0259m\u0259 verm\u0259yi bacard\u0131lar.<\/p>\n\n\n\n<p>Bunun m\u0259n\u0259 n\u0259 istisi, n\u0259 d\u0259 soyu\u011fu vard\u0131, zira siyasi t\u0259m\u0259nnam yox idi v\u0259 k\u00fctl\u0259 r\u0259\u011fb\u0259tini qazanma\u011fa t\u0259\u015fn\u0259 deyildim.<\/p>\n\n\n\n<p>Ke\u00e7\u0259n\u0259 g\u00fcz\u0259\u015ft dey\u0259rl\u0259r. V\u0259zirovun siyas\u0259tini t\u0259hlil v\u0259 t\u0259nqid edirdim, fikirl\u0259rimi o\u011furlay\u0131b h\u0259r tind\u0259 bunu \u00f6z fikirl\u0259ri kimi car \u00e7\u0259kirdil\u0259r. V\u0259zirovun xalqa xeyir ver\u0259n bir add\u0131m\u0131n\u0131 m\u00fcsb\u0259t qiym\u0259tl\u0259ndirirdims\u0259, b\u0259dxahlar\u0131m varg\u00fccl\u0259ri il\u0259 \u201csat\u0131ld\u0131, V\u0259zirova sat\u0131ld\u0131\u201d ba\u011f\u0131r\u0131rd\u0131lar.<\/p>\n\n\n\n<p>Az\u0259rbaycan\u0131n siyasi h\u0259yat\u0131n\u0131n q\u0259rib\u0259 x\u00fcsusiyy\u0259tl\u0259ri var. \u0130btidai-icma qurulu\u015fu d\u00f6vr\u00fcn\u00fcn r\u0259ftar\u0131ndan tutmu\u015f erk\u0259n feodalizm d\u00f6vr\u00fcn\u00fcn \u00f6z\u0259llikl\u0259rin\u0259 q\u0259d\u0259r bu h\u0259ft\u0259becar x\u0259lit\u0259 bizim siyas\u0259tl\u0259 guya m\u0259\u015f\u011ful olan m\u0259xluqat\u0131n beynini doldurub. M\u00fcasir siyasi texnologiyalar Az\u0259rbaycan siyasil\u0259rinin fikir d\u00fcnyas\u0131na s\u0259nayemiz\u0259 mikro\u00e7ip istehsal\u0131 yad oldu\u011fu q\u0259d\u0259r yadd\u0131r.<\/p>\n\n\n\n<p>M\u0259hz buna g\u00f6r\u0259 xalqa v\u0259 d\u00f6vl\u0259t\u0259 fayda g\u0259tir\u0259 bil\u0259c\u0259k ist\u0259nil\u0259n t\u0259klif bu yaban\u0131 siyasi f\u0259allar t\u0259r\u0259find\u0259n r\u0259dd edilir. M\u00fct\u0259llibovun Az\u0259rbaycana xeyir g\u0259tir\u0259 bil\u0259c\u0259k bir ne\u00e7\u0259 t\u0259klifini h\u0259min yaban\u0131 siyasi f\u0259allar bil\u0259r\u0259kd\u0259n q\u0259ribliy\u0259 sald\u0131lar.<\/p>\n\n\n\n<p>\u0130ki \u0259n vacibini yada salmaq ist\u0259rdim.<\/p>\n\n\n\n<p><strong>1<\/strong>.D\u00f6vl\u0259timizin tarixind\u0259 birinci v\u0259 sonuncu d\u0259f\u0259 m\u0259hz Ayaz M\u00fct\u0259llibov m\u00fcxalif\u0259t\u0259 koalision h\u00f6kum\u0259t t\u0259\u015fkil etm\u0259k t\u0259klifini vermi\u015fdi. QK\u00c7P-nin s\u00fcqutundan sonra, 1991-ci ilin avqust ay\u0131n\u0131n sonlar\u0131nda verilmi\u015f bu t\u0259klif ta onun 1992-ci ilin mart ay\u0131n\u0131n 5-6-da zorak\u0131 devrilm\u0259sin\u0259 q\u0259d\u0259r, 7 ay (!) siyasi g\u00fcnd\u0259likd\u0259 durdu.<\/p>\n\n\n\n<p>Koalision h\u00f6kum\u0259t t\u0259klifinin mahiyy\u0259ti h\u0259min d\u00f6vrd\u0259 n\u0259 idi? \u0130flasa u\u011fram\u0131\u015f sovet nomenklaturas\u0131n\u0131n lideri h\u00f6kum\u0259tin \u015fir pay\u0131n\u0131 iki e\u015f\u015f\u0259yin arpas\u0131n\u0131 b\u00f6lm\u0259yi bacarmayan m\u00fcxalif\u0259t\u00e7il\u0259r\u0259 verirdi ki, onlar nazir m\u0259qamlar\u0131nda \u0259yl\u0259\u015fib h\u0259min bu sovet nomenklaturas\u0131 il\u0259 birg\u0259 i\u015fl\u0259y\u0259r\u0259k idar\u0259\u00e7ilik bilik v\u0259 v\u0259rdi\u015fl\u0259rin\u0259 yiy\u0259l\u0259nsinl\u0259r, ke\u00e7id d\u00f6vr\u00fcnd\u0259 raz\u0131la\u015fd\u0131r\u0131lm\u0131\u015f islahat proqram\u0131n\u0131 h\u0259yata ke\u00e7irsinl\u0259r.<\/p>\n\n\n\n<p>H\u00f6kum\u0259tin ba\u015f naziri, ba\u015f nazirin m\u00fcavinl\u0259ri, b\u00fct\u00fcn nazirl\u0259r (d\u00f6rd\u00fcnd\u0259n savay\u0131) m\u00fcxalif\u0259td\u0259n olmal\u0131 idi. M\u00fct\u0259llibov deyirdi ki, d\u00f6rd nazir prezident\u0259 tabe olmal\u0131d\u0131r: Xarici i\u015fl\u0259r, Daxili i\u015fl\u0259r, M\u00fcdafi\u0259 v\u0259 T\u0259hl\u00fck\u0259sizlik nazirlikl\u0259ri. Ona g\u00f6r\u0259 yox ki, hans\u0131sa x\u0259bis q\u0259sdi var idi, deyirdi ki, m\u00fcxalif\u0259t\u00e7\u0131l\u0259r s\u0131ras\u0131nda bu m\u00fcr\u0259kk\u0259b v\u0259 m\u0259suliyy\u0259tli v\u0259zif\u0259l\u0259ri icra ed\u0259 bil\u0259c\u0259k kadrlar yoxdur. 1992-1993-c\u00fc ill\u0259rin qanl\u0131-qadal\u0131 hadis\u0259l\u0259ri s\u00fcbut etdi ki, M\u00fct\u0259llibov haql\u0131 idi.<\/p>\n\n\n\n<p>Ba\u015f nazird\u0259n v\u0259 m\u00fcavinl\u0259rind\u0259n tutmu\u015f b\u00fct\u00fcn nazirl\u0259r c\u0259bh\u0259\u00e7il\u0259rd\u0259n ola bil\u0259rdi: maliyy\u0259, tikinti, s\u0259naye, k\u0259nd t\u0259s\u0259rr\u00fcfat\u0131, t\u0259hsil, s\u0259hiyy\u0259, n\u0259qliyyat v\u0259 sair v\u0259 ilax\u0131r. AXC bu milli bar\u0131\u015f v\u0259 t\u0259kam\u00fcl t\u0259klifind\u0259n israrla v\u0259 d\u0259f\u0259l\u0259rl\u0259 imtina etdi.<\/p>\n\n\n\n<p>\u00d6zl\u0259ri bunu etdi, ya p\u0259rd\u0259 arxas\u0131ndan bu qarag\u00fcruhu m\u0259har\u0259tl\u0259 idar\u0259 ed\u0259n r\u0259hb\u0259rin g\u00f6st\u0259ri\u015fi idi, bunu he\u00e7 kim d\u0259qiq dey\u0259 bilm\u0259z. \u201cZamana ehtiyac\u0131 var\u201d art\u0131q baqi d\u00fcnyada, onun h\u0259l\u0259lik fani d\u00fcnyada zind\u0259ganl\u0131q ed\u0259n m\u00fcridl\u0259rinin ba\u015flar\u0131n\u0131 k\u0259ss\u0259n, h\u0259qiq\u0259ti, y\u0259ni siyasi s\u0259fehlikl\u0259rini etiraf etm\u0259zl\u0259r.<\/p>\n\n\n\n<p>Meydan sulayan m\u00fcxalif\u0259tin bu ilk bax\u0131\u015fdan anla\u015f\u0131lmaz g\u00f6r\u00fcn\u0259n, v\u0259t\u0259nim\u0259 olmaz\u0131n b\u0259lalar g\u0259tir\u0259n imtina israr\u0131na tama\u015fa etdikc\u0259 h\u0259min g\u00fcnl\u0259r yad\u0131ma birc\u0259 atalar m\u0259s\u0259li d\u00fc\u015f\u00fcrd\u00fc: \u201cE\u015f\u015f\u0259k n\u0259 bilir z\u0259f\u0259ran-plov n\u0259dir\u201d.<\/p>\n\n\n\n<p>\u018fn q\u0259rib\u0259si, \u0259n g\u00fclm\u0259lisi v\u0259 \u0259n a\u011flamal\u0131s\u0131 odur ki, indiki zamanda canlar\u0131n\u0131 bu sabiq m\u00f6ht\u0259\u015f\u0259m h\u0259r\u0259kat\u0131n miskin qal\u0131qlar\u0131na f\u0259da ver\u0259n insanlar\u0131n 99%-i \u00f6z siyasi b\u00fctl\u0259rinin qeyri-z\u0259kalar\u0131 bar\u0259d\u0259 he\u00e7 bir m\u0259lumata sahib deyilll\u0259r.<\/p>\n\n\n\n<p><strong>2<\/strong>.Ayaz M\u00fct\u0259llibov t\u0259z\u0259c\u0259 m\u00fcst\u0259qilliy\u0259 \u00e7\u0131xm\u0131\u015f Az\u0259rbaycan \u00fc\u00e7\u00fcn Rusiya il\u0259 s\u0131x m\u00fctt\u0259fiqlik m\u00fcnasib\u0259tl\u0259rinin qa\u00e7\u0131lmaz oldu\u011funu d\u0259rk edirdi (bax: 44 g\u00fcnl\u00fck m\u00fcharib\u0259 d\u00f6vr\u00fcnd\u0259 Rusiyan\u0131n tutdu\u011fu m\u00f6vqey\u0259 v\u0259 23 fevral 2022-ci il B\u0259yannam\u0259sin\u0259).<\/p>\n\n\n\n<p>Varg\u00fccl\u0259ri il\u0259 Az\u0259rbaycan\u0131n ali siyasi hakimiyy\u0259tin\u0259 can atan m\u00fcxalif\u0259t liderl\u0259ri (Az\u0259rbaycan\u0131n Elml\u0259r Akademiyas\u0131n\u0131n \u018flyazmalar\u0131 \u0130nstitutunun apar\u0131c\u0131 elmi i\u015f\u00e7isi, tarix elml\u0259ri namiz\u0259di \u018fliyev \u018fb\u00fclf\u0259z, EA-n\u0131n Fizika institutunun apar\u0131c\u0131 elmi i\u015f\u00e7isi, fizika-riyaziyyat elml\u0259ri namiz\u0259di Qas\u0131mov Tofiq, namiz\u0259dlik i\u015fl\u0259rini tamamlaya bilm\u0259mi\u015f elmi i\u015f\u00e7il\u0259r Q\u0259mb\u0259rov \u0130sa v\u0259 H\u00fcseynov P\u0259nah, Daxili \u0130\u015fl\u0259r Nazirliyinin S\u018fDM ( Sosialist \u018fmlak\u0131n\u0131 Da\u011f\u0131danlara qar\u015f\u0131 M\u00fcbariz\u0259) idar\u0259sinin mayoru H\u0259midov \u0130sk\u0259nd\u0259r v\u0259 ba\u015fqalar\u0131) hiss edirdil\u0259r ki, \u0259g\u0259r bu m\u00fctt\u0259fiqlik \u0259laq\u0259l\u0259ri qurulsa, Rusiya Qaraba\u011f m\u00fcnaqi\u015f\u0259sind\u0259 Az\u0259rbaycan\u0131 m\u00fcdafi\u0259 ed\u0259 bil\u0259r, bel\u0259 olan halda is\u0259 \u0259lvida respublikan\u0131 da\u011f\u0131dan ictimai-siyasi t\u0259lat\u00fcml\u0259r, \u0259lvida V\u018fZ\u0130F\u018f! M\u0259hz buna g\u00f6r\u0259 m\u00fcxalif\u0259t M\u00fct\u0259llibovun ger\u00e7\u0259k\u00e7i xarici siyas\u0259tini \u201cimperiyaya n\u00f6k\u0259r\u00e7ilik\u201d kimi q\u0259l\u0259m\u0259 verir, \u201cAyaz M\u00fct\u0259llibov MDB m\u00fcqavil\u0259sin\u0259 imza atmaqla Az\u0259rbaycan\u0131 yeni imperiya boyunduru\u011funa saldi\u201d dey\u0259 h\u0259r tind\u0259 ba\u011f\u0131r\u0131rd\u0131.<\/p>\n\n\n\n<p>N\u0259 oldu? Rusiyaya m\u00fctt\u0259fiq Az\u0259rbaycan deyil, Erm\u0259nistan oldu, \u0259v\u0259zind\u0259 Rusiya Qaraba\u011f\u0131 bizd\u0259n al\u0131b Erm\u0259nistana verdi. M\u00fcxalif\u0259t m\u00fckafats\u0131z qalmad\u0131: \u00e7\u00f6ll\u0259r\u0259 s\u0259p\u0259l\u0259nmi\u015f b\u0259db\u0259xt camaat m\u0259\u011flubiyy\u0259tin g\u00fcnah\u0131n\u0131 Prezidentd\u0259 g\u00f6rd\u00fc, baiskar m\u00fcxalif\u0259ti hakimiyy\u0259t\u0259 g\u0259tirdi. \u201cBildir\u00e7inin b\u0259yliyi\u201d bir il \u00e7\u0259kdi.<\/p>\n\n\n\n<p>Sonras\u0131n\u0131 d\u0259xi yazm\u0131ram, bil\u0259n bilir, bilm\u0259y\u0259n is\u0259 bilm\u0259s\u0259 yax\u015f\u0131d\u0131r, yatanda rahat yatar.<\/p>\n\n\n\n<p>1991-ci ilin sentyabr ay\u0131nda \u201c\u0130stiqlal\u201d q\u0259zetind\u0259 Ayaz M\u00fct\u0259llibova a\u00e7\u0131q m\u0259ktub \u00fcnvanlay\u0131b, ona iqtisadi-siyasi m\u0259kanda 13 islahat t\u0259klif etmi\u015fdim. 1992-ci ilin fevral\u0131nda bu t\u0259klifl\u0259rin yaln\u0131z birini f\u0259rman \u015f\u0259klind\u0259 verdi.<\/p>\n\n\n\n<p>Bu f\u0259rman n\u0259 idi? Sovet d\u00f6vr\u00fcnd\u0259 qeyri-r\u0259smi \u015f\u0259kild\u0259 b\u00fct\u00fcn ticar\u0259t v\u0259 ictimai-ia\u015f\u0259 xidm\u0259ti obyektl\u0259rinin yerl\u0259\u015fdiyi sah\u0259l\u0259r d\u00f6vl\u0259t m\u00fclkiyy\u0259tind\u0259 idi. M\u0259n t\u0259klif etmi\u015fdim ki, M\u00fct\u0259llibov f\u0259rmanla bu sah\u0259l\u0259ri faktiki sahibkarlar\u0131n qanuni \u00f6z\u0259l m\u00fclkiyy\u0259tin\u0259 ke\u00e7irsin. M\u00fct\u0259llibov bu t\u0259klifi f\u0259rman\u0131 il\u0259 qanunil\u0259\u015fdirdi. Bir ay ke\u00e7m\u0259di ki, onu martda devirdil\u0259r, \u018fb\u00fclf\u0259z \u018fliyev Prezident olandan sonra bu f\u0259rman\u0131 l\u0259\u011fv etdi. Sonra Heyd\u0259r \u018fliyev g\u0259ldi. B\u00fct\u00fcn bu sah\u0259l\u0259ri sahibkarlara a\u011flas\u0131\u011fmaz y\u00fcks\u0259k qiym\u0259t\u0259 satd\u0131lar. Kim satd\u0131, nec\u0259 satd\u0131, ne\u00e7\u0259y\u0259 satd\u0131, pullar kim\u0259 \u00e7atd\u0131, d\u0259xi onu yazm\u0131ram, bil\u0259n bilir, bilm\u0259y\u0259n bilm\u0259s\u0259 yax\u015f\u0131d\u0131r, yatanda rahat yatar.<\/p>\n\n\n\n<p>M\u00fct\u0259llibov qalan 12 t\u0259klifimi h\u0259yata ke\u00e7irm\u0259y\u0259 c\u00fcr\u0259t etm\u0259di.<\/p>\n\n\n\n<p>\u00dcmumiyy\u0259tl\u0259 q\u0259tiyy\u0259tsiz, a\u011fciy\u0259r insan idi. M\u00fcxalif\u0259t bunu g\u00f6z\u0259l bilirdi v\u0259 onu daima xalq\u0131n qan\u0131 il\u0259 h\u0259d\u0259l\u0259yirdi. \u0130nsan qan\u0131n\u0131n t\u00f6k\u00fclm\u0259sind\u0259n qorxan M\u00fct\u0259llibov h\u0259r d\u0259f\u0259 m\u00fcxalif\u0259t\u0259 g\u00fcz\u0259\u015ft\u0259 gedirdi. H\u0259r g\u00fcz\u0259\u015ftd\u0259n sonra daha da az\u011f\u0131nla\u015fan m\u00fcxalif\u0259t daha s\u0259rt, daha b\u00f6y\u00fck t\u0259l\u0259bl\u0259r qoyurdu. K\u00fctl\u0259 r\u0259hml\u0259 q\u0259ddarl\u0131q aras\u0131nda ged\u0259n bu yar\u0131\u015fda m\u00fcxalif\u0259tin t\u0259r\u0259find\u0259 idi.<\/p>\n\n\n\n<p>G\u00fcn ke\u00e7di, il doland\u0131, M\u00fct\u0259llibovun ali d\u00f6vl\u0259t m\u0259qam\u0131nda oldu\u011fu zamandan 30 il ke\u00e7di. B\u0259li, Ayaz da bel\u0259 getdi.<\/p>\n\n\n\n<p>D\u0259yi\u015fm\u0259y\u0259n yaln\u0131z m\u00fcxalif\u0259t v\u0259 k\u00fctl\u0259dir. G\u00f6r\u00fcn\u00fcr, Az\u0259rbaycanda yaln\u0131z onlar daimidirl\u0259r.<\/p>\n","protected":false},"excerpt":{"rendered":"<p>D\u0259yi\u015fm\u0259y\u0259n yaln\u0131z m\u00fcxalif\u0259t v\u0259 k\u00fctl\u0259dir Az\u0259rbaycan\u0131n \u018fn Yeni Tarixini yazm\u0131\u015f &#8230; <\/p>\n<p class=\"read-more-container\"><a title=\"Ayaz da bel\u0259 getdi\" class=\"read-more button\" href=\"https:\/\/www.meydan.tv\/az\/article\/ayaz-da-bele-getdi\/#more-240424\" aria-label=\"Read more about Ayaz da bel\u0259 getdi\">Davam\u0131<\/a><\/p>\n","protected":false},"author":8,"featured_media":126823,"comment_status":"closed","ping_status":"closed","sticky":false,"template":"","format":"standard","meta":{"_acf_changed":false,"_sitemap_exclude":false,"_sitemap_priority":"","_sitemap_frequency":"","footnotes":""},"categories":[57],"tags":[],"class_list":["post-240424","post","type-post","status-publish","format-standard","has-post-thumbnail","hentry","category-menim-fikrimce","infinite-scroll-item","generate-columns","tablet-grid-50","mobile-grid-100","grid-parent","grid-33","no-featured-image-padding"],"acf":[],"yoast_head":"<!-- This site is optimized with the Yoast SEO plugin v27.4 - https:\/\/yoast.com\/product\/yoast-seo-wordpress\/ -->\n<title>Ayaz da bel\u0259 getdi - MEYDAN.TV<\/title>\n<meta name=\"robots\" content=\"index, follow, max-snippet:-1, max-image-preview:large, max-video-preview:-1\" \/>\n<link rel=\"canonical\" href=\"https:\/\/www.meydan.tv\/az\/article\/ayaz-da-bele-getdi\/\" \/>\n<meta property=\"og:locale\" content=\"az_AZ\" \/>\n<meta property=\"og:type\" content=\"article\" \/>\n<meta property=\"og:title\" content=\"Ayaz da bel\u0259 getdi - MEYDAN.TV\" \/>\n<meta property=\"og:description\" content=\"D\u0259yi\u015fm\u0259y\u0259n yaln\u0131z m\u00fcxalif\u0259t v\u0259 k\u00fctl\u0259dir Az\u0259rbaycan\u0131n \u018fn Yeni Tarixini yazm\u0131\u015f ... Davam\u0131\" \/>\n<meta property=\"og:url\" content=\"https:\/\/www.meydan.tv\/az\/article\/ayaz-da-bele-getdi\/\" \/>\n<meta property=\"og:site_name\" content=\"MEYDAN.TV\" \/>\n<meta property=\"article:published_time\" content=\"2022-04-03T12:01:30+00:00\" \/>\n<meta property=\"article:modified_time\" content=\"2022-04-03T12:01:31+00:00\" \/>\n<meta property=\"og:image\" content=\"https:\/\/www.meydan.tv\/wp-content\/uploads\/image_from_ios_2_p52ittc.original.original-scaled-e1645163166726.jpg\" \/>\n\t<meta property=\"og:image:width\" content=\"2560\" \/>\n\t<meta property=\"og:image:height\" content=\"1292\" \/>\n\t<meta property=\"og:image:type\" content=\"image\/jpeg\" \/>\n<meta name=\"author\" content=\"elli\" \/>\n<meta name=\"twitter:card\" content=\"summary_large_image\" \/>\n<meta name=\"twitter:creator\" content=\"@elli\" \/>\n<script type=\"application\/ld+json\" class=\"yoast-schema-graph\">{\"@context\":\"https:\\\/\\\/schema.org\",\"@graph\":[{\"@type\":\"Article\",\"@id\":\"https:\\\/\\\/www.meydan.tv\\\/az\\\/article\\\/ayaz-da-bele-getdi\\\/#article\",\"isPartOf\":{\"@id\":\"https:\\\/\\\/www.meydan.tv\\\/az\\\/article\\\/ayaz-da-bele-getdi\\\/\"},\"author\":{\"name\":\"elli\",\"@id\":\"https:\\\/\\\/www.meydan.tv\\\/az\\\/#\\\/schema\\\/person\\\/9cdbecf90d17180ce1dfbd95b08dcf47\"},\"headline\":\"Ayaz da bel\u0259 getdi\",\"datePublished\":\"2022-04-03T12:01:30+00:00\",\"dateModified\":\"2022-04-03T12:01:31+00:00\",\"mainEntityOfPage\":{\"@id\":\"https:\\\/\\\/www.meydan.tv\\\/az\\\/article\\\/ayaz-da-bele-getdi\\\/\"},\"wordCount\":2041,\"publisher\":{\"@id\":\"https:\\\/\\\/www.meydan.tv\\\/az\\\/#organization\"},\"image\":{\"@id\":\"https:\\\/\\\/www.meydan.tv\\\/az\\\/article\\\/ayaz-da-bele-getdi\\\/#primaryimage\"},\"thumbnailUrl\":\"https:\\\/\\\/www.meydan.tv\\\/wp-content\\\/uploads\\\/image_from_ios_2_p52ittc.original.original-scaled-e1682070233838.jpg\",\"articleSection\":[\"M\u0259nim Fikrimc\u0259\"],\"inLanguage\":\"az\"},{\"@type\":\"WebPage\",\"@id\":\"https:\\\/\\\/www.meydan.tv\\\/az\\\/article\\\/ayaz-da-bele-getdi\\\/\",\"url\":\"https:\\\/\\\/www.meydan.tv\\\/az\\\/article\\\/ayaz-da-bele-getdi\\\/\",\"name\":\"Ayaz da bel\u0259 getdi - MEYDAN.TV\",\"isPartOf\":{\"@id\":\"https:\\\/\\\/www.meydan.tv\\\/az\\\/#website\"},\"primaryImageOfPage\":{\"@id\":\"https:\\\/\\\/www.meydan.tv\\\/az\\\/article\\\/ayaz-da-bele-getdi\\\/#primaryimage\"},\"image\":{\"@id\":\"https:\\\/\\\/www.meydan.tv\\\/az\\\/article\\\/ayaz-da-bele-getdi\\\/#primaryimage\"},\"thumbnailUrl\":\"https:\\\/\\\/www.meydan.tv\\\/wp-content\\\/uploads\\\/image_from_ios_2_p52ittc.original.original-scaled-e1682070233838.jpg\",\"datePublished\":\"2022-04-03T12:01:30+00:00\",\"dateModified\":\"2022-04-03T12:01:31+00:00\",\"breadcrumb\":{\"@id\":\"https:\\\/\\\/www.meydan.tv\\\/az\\\/article\\\/ayaz-da-bele-getdi\\\/#breadcrumb\"},\"inLanguage\":\"az\",\"potentialAction\":[{\"@type\":\"ReadAction\",\"target\":[\"https:\\\/\\\/www.meydan.tv\\\/az\\\/article\\\/ayaz-da-bele-getdi\\\/\"]}]},{\"@type\":\"ImageObject\",\"inLanguage\":\"az\",\"@id\":\"https:\\\/\\\/www.meydan.tv\\\/az\\\/article\\\/ayaz-da-bele-getdi\\\/#primaryimage\",\"url\":\"https:\\\/\\\/www.meydan.tv\\\/wp-content\\\/uploads\\\/image_from_ios_2_p52ittc.original.original-scaled-e1682070233838.jpg\",\"contentUrl\":\"https:\\\/\\\/www.meydan.tv\\\/wp-content\\\/uploads\\\/image_from_ios_2_p52ittc.original.original-scaled-e1682070233838.jpg\",\"width\":2560,\"height\":1158,\"caption\":\"Foto: Meydan TV\"},{\"@type\":\"BreadcrumbList\",\"@id\":\"https:\\\/\\\/www.meydan.tv\\\/az\\\/article\\\/ayaz-da-bele-getdi\\\/#breadcrumb\",\"itemListElement\":[{\"@type\":\"ListItem\",\"position\":1,\"name\":\"Ana s\u0259hif\u0259\",\"item\":\"https:\\\/\\\/www.meydan.tv\\\/az\\\/\"},{\"@type\":\"ListItem\",\"position\":2,\"name\":\"M\u0259nim Fikrimc\u0259\",\"item\":\"https:\\\/\\\/www.meydan.tv\\\/az\\\/section\\\/menim-fikrimce\\\/\"},{\"@type\":\"ListItem\",\"position\":3,\"name\":\"Ayaz da bel\u0259 getdi\"}]},{\"@type\":\"WebSite\",\"@id\":\"https:\\\/\\\/www.meydan.tv\\\/az\\\/#website\",\"url\":\"https:\\\/\\\/www.meydan.tv\\\/az\\\/\",\"name\":\"MEYDAN.TV\",\"description\":\"Meydan TV Az\u0259rbaycan\u0131n media m\u0259kan\u0131ndak\u0131 alternativ s\u0259sidir\",\"publisher\":{\"@id\":\"https:\\\/\\\/www.meydan.tv\\\/az\\\/#organization\"},\"potentialAction\":[{\"@type\":\"SearchAction\",\"target\":{\"@type\":\"EntryPoint\",\"urlTemplate\":\"https:\\\/\\\/www.meydan.tv\\\/az\\\/?s={search_term_string}\"},\"query-input\":{\"@type\":\"PropertyValueSpecification\",\"valueRequired\":true,\"valueName\":\"search_term_string\"}}],\"inLanguage\":\"az\"},{\"@type\":\"Organization\",\"@id\":\"https:\\\/\\\/www.meydan.tv\\\/az\\\/#organization\",\"name\":\"Meydan TV\",\"url\":\"https:\\\/\\\/www.meydan.tv\\\/az\\\/\",\"logo\":{\"@type\":\"ImageObject\",\"inLanguage\":\"az\",\"@id\":\"https:\\\/\\\/www.meydan.tv\\\/az\\\/#\\\/schema\\\/logo\\\/image\\\/\",\"url\":\"https:\\\/\\\/www.meydan.tv\\\/wp-content\\\/uploads\\\/2021\\\/07\\\/meydan-logo.svg\",\"contentUrl\":\"https:\\\/\\\/www.meydan.tv\\\/wp-content\\\/uploads\\\/2021\\\/07\\\/meydan-logo.svg\",\"width\":195,\"height\":46,\"caption\":\"Meydan TV\"},\"image\":{\"@id\":\"https:\\\/\\\/www.meydan.tv\\\/az\\\/#\\\/schema\\\/logo\\\/image\\\/\"}},{\"@type\":\"Person\",\"@id\":\"https:\\\/\\\/www.meydan.tv\\\/az\\\/#\\\/schema\\\/person\\\/9cdbecf90d17180ce1dfbd95b08dcf47\",\"name\":\"elli\",\"sameAs\":[\"https:\\\/\\\/x.com\\\/elli\"]}]}<\/script>\n<!-- \/ Yoast SEO plugin. -->","yoast_head_json":{"title":"Ayaz da bel\u0259 getdi - MEYDAN.TV","robots":{"index":"index","follow":"follow","max-snippet":"max-snippet:-1","max-image-preview":"max-image-preview:large","max-video-preview":"max-video-preview:-1"},"canonical":"https:\/\/www.meydan.tv\/az\/article\/ayaz-da-bele-getdi\/","og_locale":"az_AZ","og_type":"article","og_title":"Ayaz da bel\u0259 getdi - MEYDAN.TV","og_description":"D\u0259yi\u015fm\u0259y\u0259n yaln\u0131z m\u00fcxalif\u0259t v\u0259 k\u00fctl\u0259dir Az\u0259rbaycan\u0131n \u018fn Yeni Tarixini yazm\u0131\u015f ... Davam\u0131","og_url":"https:\/\/www.meydan.tv\/az\/article\/ayaz-da-bele-getdi\/","og_site_name":"MEYDAN.TV","article_published_time":"2022-04-03T12:01:30+00:00","article_modified_time":"2022-04-03T12:01:31+00:00","og_image":[{"width":2560,"height":1292,"url":"https:\/\/www.meydan.tv\/wp-content\/uploads\/image_from_ios_2_p52ittc.original.original-scaled-e1645163166726.jpg","type":"image\/jpeg"}],"author":"elli","twitter_card":"summary_large_image","twitter_creator":"@elli","schema":{"@context":"https:\/\/schema.org","@graph":[{"@type":"Article","@id":"https:\/\/www.meydan.tv\/az\/article\/ayaz-da-bele-getdi\/#article","isPartOf":{"@id":"https:\/\/www.meydan.tv\/az\/article\/ayaz-da-bele-getdi\/"},"author":{"name":"elli","@id":"https:\/\/www.meydan.tv\/az\/#\/schema\/person\/9cdbecf90d17180ce1dfbd95b08dcf47"},"headline":"Ayaz da bel\u0259 getdi","datePublished":"2022-04-03T12:01:30+00:00","dateModified":"2022-04-03T12:01:31+00:00","mainEntityOfPage":{"@id":"https:\/\/www.meydan.tv\/az\/article\/ayaz-da-bele-getdi\/"},"wordCount":2041,"publisher":{"@id":"https:\/\/www.meydan.tv\/az\/#organization"},"image":{"@id":"https:\/\/www.meydan.tv\/az\/article\/ayaz-da-bele-getdi\/#primaryimage"},"thumbnailUrl":"https:\/\/www.meydan.tv\/wp-content\/uploads\/image_from_ios_2_p52ittc.original.original-scaled-e1682070233838.jpg","articleSection":["M\u0259nim Fikrimc\u0259"],"inLanguage":"az"},{"@type":"WebPage","@id":"https:\/\/www.meydan.tv\/az\/article\/ayaz-da-bele-getdi\/","url":"https:\/\/www.meydan.tv\/az\/article\/ayaz-da-bele-getdi\/","name":"Ayaz da bel\u0259 getdi - MEYDAN.TV","isPartOf":{"@id":"https:\/\/www.meydan.tv\/az\/#website"},"primaryImageOfPage":{"@id":"https:\/\/www.meydan.tv\/az\/article\/ayaz-da-bele-getdi\/#primaryimage"},"image":{"@id":"https:\/\/www.meydan.tv\/az\/article\/ayaz-da-bele-getdi\/#primaryimage"},"thumbnailUrl":"https:\/\/www.meydan.tv\/wp-content\/uploads\/image_from_ios_2_p52ittc.original.original-scaled-e1682070233838.jpg","datePublished":"2022-04-03T12:01:30+00:00","dateModified":"2022-04-03T12:01:31+00:00","breadcrumb":{"@id":"https:\/\/www.meydan.tv\/az\/article\/ayaz-da-bele-getdi\/#breadcrumb"},"inLanguage":"az","potentialAction":[{"@type":"ReadAction","target":["https:\/\/www.meydan.tv\/az\/article\/ayaz-da-bele-getdi\/"]}]},{"@type":"ImageObject","inLanguage":"az","@id":"https:\/\/www.meydan.tv\/az\/article\/ayaz-da-bele-getdi\/#primaryimage","url":"https:\/\/www.meydan.tv\/wp-content\/uploads\/image_from_ios_2_p52ittc.original.original-scaled-e1682070233838.jpg","contentUrl":"https:\/\/www.meydan.tv\/wp-content\/uploads\/image_from_ios_2_p52ittc.original.original-scaled-e1682070233838.jpg","width":2560,"height":1158,"caption":"Foto: Meydan TV"},{"@type":"BreadcrumbList","@id":"https:\/\/www.meydan.tv\/az\/article\/ayaz-da-bele-getdi\/#breadcrumb","itemListElement":[{"@type":"ListItem","position":1,"name":"Ana s\u0259hif\u0259","item":"https:\/\/www.meydan.tv\/az\/"},{"@type":"ListItem","position":2,"name":"M\u0259nim Fikrimc\u0259","item":"https:\/\/www.meydan.tv\/az\/section\/menim-fikrimce\/"},{"@type":"ListItem","position":3,"name":"Ayaz da bel\u0259 getdi"}]},{"@type":"WebSite","@id":"https:\/\/www.meydan.tv\/az\/#website","url":"https:\/\/www.meydan.tv\/az\/","name":"MEYDAN.TV","description":"Meydan TV Az\u0259rbaycan\u0131n media m\u0259kan\u0131ndak\u0131 alternativ s\u0259sidir","publisher":{"@id":"https:\/\/www.meydan.tv\/az\/#organization"},"potentialAction":[{"@type":"SearchAction","target":{"@type":"EntryPoint","urlTemplate":"https:\/\/www.meydan.tv\/az\/?s={search_term_string}"},"query-input":{"@type":"PropertyValueSpecification","valueRequired":true,"valueName":"search_term_string"}}],"inLanguage":"az"},{"@type":"Organization","@id":"https:\/\/www.meydan.tv\/az\/#organization","name":"Meydan TV","url":"https:\/\/www.meydan.tv\/az\/","logo":{"@type":"ImageObject","inLanguage":"az","@id":"https:\/\/www.meydan.tv\/az\/#\/schema\/logo\/image\/","url":"https:\/\/www.meydan.tv\/wp-content\/uploads\/2021\/07\/meydan-logo.svg","contentUrl":"https:\/\/www.meydan.tv\/wp-content\/uploads\/2021\/07\/meydan-logo.svg","width":195,"height":46,"caption":"Meydan TV"},"image":{"@id":"https:\/\/www.meydan.tv\/az\/#\/schema\/logo\/image\/"}},{"@type":"Person","@id":"https:\/\/www.meydan.tv\/az\/#\/schema\/person\/9cdbecf90d17180ce1dfbd95b08dcf47","name":"elli","sameAs":["https:\/\/x.com\/elli"]}]}},"_links":{"self":[{"href":"https:\/\/www.meydan.tv\/az\/wp-json\/wp\/v2\/posts\/240424","targetHints":{"allow":["GET"]}}],"collection":[{"href":"https:\/\/www.meydan.tv\/az\/wp-json\/wp\/v2\/posts"}],"about":[{"href":"https:\/\/www.meydan.tv\/az\/wp-json\/wp\/v2\/types\/post"}],"author":[{"embeddable":true,"href":"https:\/\/www.meydan.tv\/az\/wp-json\/wp\/v2\/users\/8"}],"replies":[{"embeddable":true,"href":"https:\/\/www.meydan.tv\/az\/wp-json\/wp\/v2\/comments?post=240424"}],"version-history":[{"count":1,"href":"https:\/\/www.meydan.tv\/az\/wp-json\/wp\/v2\/posts\/240424\/revisions"}],"predecessor-version":[{"id":240425,"href":"https:\/\/www.meydan.tv\/az\/wp-json\/wp\/v2\/posts\/240424\/revisions\/240425"}],"wp:featuredmedia":[{"embeddable":true,"href":"https:\/\/www.meydan.tv\/az\/wp-json\/wp\/v2\/media\/126823"}],"wp:attachment":[{"href":"https:\/\/www.meydan.tv\/az\/wp-json\/wp\/v2\/media?parent=240424"}],"wp:term":[{"taxonomy":"category","embeddable":true,"href":"https:\/\/www.meydan.tv\/az\/wp-json\/wp\/v2\/categories?post=240424"},{"taxonomy":"post_tag","embeddable":true,"href":"https:\/\/www.meydan.tv\/az\/wp-json\/wp\/v2\/tags?post=240424"}],"curies":[{"name":"wp","href":"https:\/\/api.w.org\/{rel}","templated":true}]}}