{"id":240388,"date":"2022-04-03T10:14:33","date_gmt":"2022-04-03T06:14:33","guid":{"rendered":"https:\/\/www.meydan.tv\/?p=240388"},"modified":"2022-04-03T12:34:18","modified_gmt":"2022-04-03T08:34:18","slug":"bakida-partlayis-olub-olen-ve-yaralananlar-var","status":"publish","type":"post","link":"https:\/\/www.meydan.tv\/az\/article\/bakida-partlayis-olub-olen-ve-yaralananlar-var\/","title":{"rendered":"Bak\u0131da partlay\u0131\u015f olub; \u00f6l\u0259n v\u0259 yaralananlar var (yenil\u0259nib)"},"content":{"rendered":"\n<p><\/p>\n\n\n\n<p><strong>\u201c<\/strong><em>Location\u201d klubunda ba\u015f ver\u0259n partlay\u0131\u015fda x\u0259sar\u0259t alanlardan 2 n\u0259f\u0259rinin xarici \u00f6lk\u0259 v\u0259t\u0259nda\u015f\u0131 oldu\u011fu bildirilir.<\/em><\/p>\n\n\n\n<p>Bu bar\u0259d\u0259 S\u0259hiyy\u0259 Nazirliyi, \u0130cbari Tibbi S\u0131\u011forta \u00fczr\u0259 D\u00f6vl\u0259t Agentliyi v\u0259 Tibbi \u018frazi B\u00f6lm\u0259l\u0259rini<strong> <\/strong><em>\u0130dar\u0259etm\u0259 Birliyinin birg\u0259 m\u0259lumat\u0131nda qeyd <a href=\"https:\/\/azertag.az\/xeber\/TABIB_Partlayis_zamani_xesaret_alanlardan_iki_nefer_xarici_olke_vetendasidir-2076806\" target=\"_blank\" rel=\"noreferrer noopener\">olunub<\/a>.<br><\/em><\/p>\n\n\n\n<p><em>Bildirilib ki, \u0130taliya v\u0259t\u0259nda\u015f\u0131 \u00fcz \u00e7\u0259n\u0259 z\u0259d\u0259l\u0259nm\u0259si diaqnozu il\u0259 Respublika Klinik X\u0259st\u0259xanas\u0131na yat\u0131r\u0131l\u0131b, v\u0259ziyy\u0259ti stabildir:<br><\/em><\/p>\n\n\n\n<p><em>&#8220;Seneqal v\u0259t\u0259nda\u015f\u0131 N\u0259rimanov Tibb M\u0259rk\u0259zin\u0259 yerl\u0259\u015fdirilib v\u0259 v\u0259ziyy\u0259ti a\u011f\u0131r olaraq d\u0259y\u0259rl\u0259ndirilir&#8221;.M\u0259lumatda \u00fcmumilikd\u0259 31 n\u0259f\u0259rin m\u00fcxt\u0259lif d\u0259r\u0259c\u0259li x\u0259sar\u0259t ald\u0131\u011f\u0131, 1 n\u0259f\u0259rin \u00f6ld\u00fcy\u00fc xat\u0131rlan\u0131b:<br><\/em><\/p>\n\n\n\n<p><em>&#8220;X\u0259sar\u0259t alan \u015f\u0259xsl\u0259rd\u0259n reanimasiyada olan 7 n\u0259f\u0259rd\u0259n 3-n\u00fcn v\u0259ziyy\u0259ti kritik, 10-nun v\u0259ziyy\u0259ti orta a\u011f\u0131r, 6 n\u0259f\u0259rin is\u0259 stabil olaraq qiym\u0259tl\u0259ndirilib&#8221;.<\/em><\/p>\n\n\n\n<hr class=\"wp-block-separator\"\/>\n\n\n\n<p><\/p>\n\n\n\n<p><em>37 n\u0259f\u0259rin yaraland\u0131\u011f\u0131 bildirilir<\/em><\/p>\n\n\n\n<p>Aprelin 3-d\u0259 saat 03:00 rad\u0259l\u0259rind\u0259 paytaxt\u0131n S\u0259bail rayonu, T\u0259rlan \u018fliyarb\u0259yov k\u00fc\u00e7\u0259sind\u0259 yerl\u0259\u015f\u0259n &#8220;Location&#8221; adl\u0131 gec\u0259 klubunda partlay\u0131\u015f ba\u015f verib.<\/p>\n\n\n\n<p>Partlay\u0131\u015f n\u0259tic\u0259sind\u0259 gec\u0259 klubunun i\u015f\u00e7isi, 1979-cu il t\u0259v\u0259ll\u00fcdl\u00fc Maya Axundovan\u0131n \u00f6ld\u00fcy\u00fc bildirilib.<\/p>\n\n\n\n<p>Bu bar\u0259d\u0259 Ba\u015f Prokurorluq m\u0259lumat yay\u0131b.<\/p>\n\n\n\n<p>Ba\u015f Prokurorluq 37 n\u0259f\u0259rin m\u00fcxt\u0259lif d\u0259r\u0259c\u0259li b\u0259d\u0259n x\u0259sar\u0259tl\u0259ri ald\u0131\u011f\u0131n\u0131, onlardan d\u00f6rd\u00fcn\u00fcn v\u0259ziyy\u0259tini \u00e7ox a\u011f\u0131r oldu\u011funu bildirib:<\/p>\n\n\n\n<figure class=\"wp-block-image size-large\"><img decoding=\"async\" width=\"1098\" height=\"821\" data-src=\"https:\/\/www.meydan.tv\/wp-content\/uploads\/whatsapp_image_2022-04-03_at_04.09.06_2-1098x821.jpeg\" alt=\"\" class=\"wp-image-240395 lazyload\" src=\"data:image\/svg+xml;base64,PHN2ZyB3aWR0aD0iMSIgaGVpZ2h0PSIxIiB4bWxucz0iaHR0cDovL3d3dy53My5vcmcvMjAwMC9zdmciPjwvc3ZnPg==\" style=\"--smush-placeholder-width: 1098px; --smush-placeholder-aspect-ratio: 1098\/821;\" \/><\/figure>\n\n\n\n<p>&#8220;H\u0259m\u00e7inin 14 avtomobil, 1 m\u0259nzil v\u0259 2 qeyri ya\u015fay\u0131\u015f obyektin\u0259 d\u0259 ziyan d\u0259yib&#8221;.<\/p>\n\n\n\n<p>Hadis\u0259 il\u0259 ba\u011fl\u0131 Cinay\u0259t M\u0259c\u0259ll\u0259sinin 225.2-ci (yan\u011f\u0131n t\u0259hl\u00fck\u0259sizliyi qaydalar\u0131n\u0131 pozma &#8211; ehtiyats\u0131zl\u0131qdan z\u0259r\u0259r\u00e7\u0259kmi\u015f \u015f\u0259xsin \u00f6l\u00fcm\u00fcn\u0259 v\u0259 ya dig\u0259r a\u011f\u0131r n\u0259tic\u0259l\u0259r\u0259 s\u0259b\u0259b olduqda) v\u0259 314.2-ci (s\u0259hl\u0259nkarl\u0131q-ehtiyats\u0131zl\u0131qdan z\u0259r\u0259r\u00e7\u0259kmi\u015f \u015f\u0259xsin \u00f6l\u00fcm\u00fcn\u0259 v\u0259 ya dig\u0259r a\u011f\u0131r n\u0259tic\u0259l\u0259r\u0259 s\u0259b\u0259b olduqda) madd\u0259l\u0259ri il\u0259 cinay\u0259t i\u015fi ba\u015flan\u0131b.<\/p>\n\n\n\n<figure class=\"wp-block-image size-full\"><img decoding=\"async\" width=\"1200\" height=\"753\" data-src=\"https:\/\/www.meydan.tv\/wp-content\/uploads\/photo_2022-04-03_08-54-22.jpg\" alt=\"\" class=\"wp-image-240404 lazyload\" src=\"data:image\/svg+xml;base64,PHN2ZyB3aWR0aD0iMSIgaGVpZ2h0PSIxIiB4bWxucz0iaHR0cDovL3d3dy53My5vcmcvMjAwMC9zdmciPjwvc3ZnPg==\" style=\"--smush-placeholder-width: 1200px; --smush-placeholder-aspect-ratio: 1200\/753;\" \/><\/figure>\n\n\n\n<p>&#8220;Ba\u015f prokurorun m\u00fcvafiq q\u0259rar\u0131na \u0259sas\u0259n prokurorluq v\u0259 F\u00f6vq\u0259lad\u0259 Hallar Nazirliyinin m\u00fcst\u0259ntiql\u0259rind\u0259n ibar\u0259t birg\u0259 istintaq qrupu yarad\u0131l\u0131b, istintaq\u0131n apar\u0131lmas\u0131 Ba\u015f Prokurorlu\u011fun \u0130stintaq idar\u0259sin\u0259 h\u0259val\u0259 olunub. Hadis\u0259nin ilkin ehtimallarla binada qaz t\u0259chizat\u0131n\u0131n olmamas\u0131 s\u0259b\u0259bind\u0259n orada qura\u015fd\u0131r\u0131lm\u0131\u015f qaz balonundan s\u0131zma n\u0259tic\u0259sind\u0259 ba\u015f verm\u0259si m\u00fc\u0259yy\u0259n edilib&#8221;,-dey\u0259 qeyd olunub.<\/p>\n\n\n\n<p>&#8220;Az\u0259riqaz&#8221; \u0130B-nin ba\u015f direktoru Ruslan \u018fliyev hadis\u0259nin propan qaz balonunun partlamas\u0131 s\u0259b\u0259bind\u0259n ba\u015f verdiyini bildirib. O, t\u0259hl\u00fck\u0259sizlik m\u0259qs\u0259dil\u0259 \u0259razid\u0259 t\u0259bii qaz\u0131n t\u0259chizat\u0131n\u0131n dayand\u0131r\u0131ld\u0131\u011f\u0131n\u0131 \u0259lav\u0259 edib.<\/p>\n\n\n\n<figure class=\"wp-block-image size-large\"><img decoding=\"async\" width=\"616\" height=\"821\" data-src=\"https:\/\/www.meydan.tv\/wp-content\/uploads\/whatsapp_image_2022-04-03_at_06.20.05-616x821.jpeg\" alt=\"\" class=\"wp-image-240398 lazyload\" src=\"data:image\/svg+xml;base64,PHN2ZyB3aWR0aD0iMSIgaGVpZ2h0PSIxIiB4bWxucz0iaHR0cDovL3d3dy53My5vcmcvMjAwMC9zdmciPjwvc3ZnPg==\" style=\"--smush-placeholder-width: 616px; --smush-placeholder-aspect-ratio: 616\/821;\" \/><\/figure>\n","protected":false},"excerpt":{"rendered":"<p>\u201cLocation\u201d klubunda ba\u015f ver\u0259n partlay\u0131\u015fda x\u0259sar\u0259t alanlardan 2 n\u0259f\u0259rinin xarici &#8230; <\/p>\n<p class=\"read-more-container\"><a title=\"Bak\u0131da partlay\u0131\u015f olub; \u00f6l\u0259n v\u0259 yaralananlar var (yenil\u0259nib)\" class=\"read-more button\" href=\"https:\/\/www.meydan.tv\/az\/article\/bakida-partlayis-olub-olen-ve-yaralananlar-var\/#more-240388\" aria-label=\"Read more about Bak\u0131da partlay\u0131\u015f olub; \u00f6l\u0259n v\u0259 yaralananlar var (yenil\u0259nib)\">Davam\u0131<\/a><\/p>\n","protected":false},"author":8,"featured_media":240392,"comment_status":"closed","ping_status":"closed","sticky":false,"template":"","format":"standard","meta":{"_acf_changed":false,"_sitemap_exclude":false,"_sitemap_priority":"","_sitemap_frequency":"","footnotes":""},"categories":[62,79,56],"tags":[],"class_list":["post-240388","post","type-post","status-publish","format-standard","has-post-thumbnail","hentry","category-sosial","category-featured","category-xeberler","infinite-scroll-item","generate-columns","tablet-grid-50","mobile-grid-100","grid-parent","grid-33","no-featured-image-padding"],"acf":[],"yoast_head":"<!-- This site is optimized with the Yoast SEO plugin v27.5 - https:\/\/yoast.com\/product\/yoast-seo-wordpress\/ -->\n<title>Bak\u0131da partlay\u0131\u015f olub; \u00f6l\u0259n v\u0259 yaralananlar var (yenil\u0259nib) - MEYDAN.TV<\/title>\n<meta name=\"robots\" content=\"index, follow, max-snippet:-1, max-image-preview:large, max-video-preview:-1\" \/>\n<link rel=\"canonical\" href=\"https:\/\/www.meydan.tv\/az\/article\/bakida-partlayis-olub-olen-ve-yaralananlar-var\/\" \/>\n<meta property=\"og:locale\" content=\"az_AZ\" \/>\n<meta property=\"og:type\" content=\"article\" \/>\n<meta property=\"og:title\" content=\"Bak\u0131da partlay\u0131\u015f olub; \u00f6l\u0259n v\u0259 yaralananlar var (yenil\u0259nib) - MEYDAN.TV\" \/>\n<meta property=\"og:description\" content=\"\u201cLocation\u201d klubunda ba\u015f ver\u0259n partlay\u0131\u015fda x\u0259sar\u0259t alanlardan 2 n\u0259f\u0259rinin xarici ... Davam\u0131\" \/>\n<meta property=\"og:url\" content=\"https:\/\/www.meydan.tv\/az\/article\/bakida-partlayis-olub-olen-ve-yaralananlar-var\/\" \/>\n<meta property=\"og:site_name\" content=\"MEYDAN.TV\" \/>\n<meta property=\"article:published_time\" content=\"2022-04-03T06:14:33+00:00\" \/>\n<meta property=\"article:modified_time\" content=\"2022-04-03T08:34:18+00:00\" \/>\n<meta property=\"og:image\" content=\"https:\/\/www.meydan.tv\/wp-content\/uploads\/photo_2022-04-03_08-52-28.jpg\" \/>\n\t<meta property=\"og:image:width\" content=\"1280\" \/>\n\t<meta property=\"og:image:height\" content=\"576\" \/>\n\t<meta property=\"og:image:type\" content=\"image\/jpeg\" \/>\n<meta name=\"author\" content=\"elli\" \/>\n<meta name=\"twitter:card\" content=\"summary_large_image\" \/>\n<meta name=\"twitter:creator\" content=\"@elli\" \/>\n<script type=\"application\/ld+json\" class=\"yoast-schema-graph\">{\"@context\":\"https:\\\/\\\/schema.org\",\"@graph\":[{\"@type\":\"Article\",\"@id\":\"https:\\\/\\\/www.meydan.tv\\\/az\\\/article\\\/bakida-partlayis-olub-olen-ve-yaralananlar-var\\\/#article\",\"isPartOf\":{\"@id\":\"https:\\\/\\\/www.meydan.tv\\\/az\\\/article\\\/bakida-partlayis-olub-olen-ve-yaralananlar-var\\\/\"},\"author\":{\"name\":\"elli\",\"@id\":\"https:\\\/\\\/www.meydan.tv\\\/az\\\/#\\\/schema\\\/person\\\/9cdbecf90d17180ce1dfbd95b08dcf47\"},\"headline\":\"Bak\u0131da partlay\u0131\u015f olub; \u00f6l\u0259n v\u0259 yaralananlar var (yenil\u0259nib)\",\"datePublished\":\"2022-04-03T06:14:33+00:00\",\"dateModified\":\"2022-04-03T08:34:18+00:00\",\"mainEntityOfPage\":{\"@id\":\"https:\\\/\\\/www.meydan.tv\\\/az\\\/article\\\/bakida-partlayis-olub-olen-ve-yaralananlar-var\\\/\"},\"wordCount\":495,\"publisher\":{\"@id\":\"https:\\\/\\\/www.meydan.tv\\\/az\\\/#organization\"},\"image\":{\"@id\":\"https:\\\/\\\/www.meydan.tv\\\/az\\\/article\\\/bakida-partlayis-olub-olen-ve-yaralananlar-var\\\/#primaryimage\"},\"thumbnailUrl\":\"https:\\\/\\\/www.meydan.tv\\\/wp-content\\\/uploads\\\/photo_2022-04-03_08-52-28.jpg\",\"articleSection\":[\"Sosial\",\"T\u00f6vsiy\u0259\",\"X\u0259b\u0259rl\u0259r\"],\"inLanguage\":\"az\"},{\"@type\":\"WebPage\",\"@id\":\"https:\\\/\\\/www.meydan.tv\\\/az\\\/article\\\/bakida-partlayis-olub-olen-ve-yaralananlar-var\\\/\",\"url\":\"https:\\\/\\\/www.meydan.tv\\\/az\\\/article\\\/bakida-partlayis-olub-olen-ve-yaralananlar-var\\\/\",\"name\":\"Bak\u0131da partlay\u0131\u015f olub; \u00f6l\u0259n v\u0259 yaralananlar var (yenil\u0259nib) - MEYDAN.TV\",\"isPartOf\":{\"@id\":\"https:\\\/\\\/www.meydan.tv\\\/az\\\/#website\"},\"primaryImageOfPage\":{\"@id\":\"https:\\\/\\\/www.meydan.tv\\\/az\\\/article\\\/bakida-partlayis-olub-olen-ve-yaralananlar-var\\\/#primaryimage\"},\"image\":{\"@id\":\"https:\\\/\\\/www.meydan.tv\\\/az\\\/article\\\/bakida-partlayis-olub-olen-ve-yaralananlar-var\\\/#primaryimage\"},\"thumbnailUrl\":\"https:\\\/\\\/www.meydan.tv\\\/wp-content\\\/uploads\\\/photo_2022-04-03_08-52-28.jpg\",\"datePublished\":\"2022-04-03T06:14:33+00:00\",\"dateModified\":\"2022-04-03T08:34:18+00:00\",\"breadcrumb\":{\"@id\":\"https:\\\/\\\/www.meydan.tv\\\/az\\\/article\\\/bakida-partlayis-olub-olen-ve-yaralananlar-var\\\/#breadcrumb\"},\"inLanguage\":\"az\",\"potentialAction\":[{\"@type\":\"ReadAction\",\"target\":[\"https:\\\/\\\/www.meydan.tv\\\/az\\\/article\\\/bakida-partlayis-olub-olen-ve-yaralananlar-var\\\/\"]}]},{\"@type\":\"ImageObject\",\"inLanguage\":\"az\",\"@id\":\"https:\\\/\\\/www.meydan.tv\\\/az\\\/article\\\/bakida-partlayis-olub-olen-ve-yaralananlar-var\\\/#primaryimage\",\"url\":\"https:\\\/\\\/www.meydan.tv\\\/wp-content\\\/uploads\\\/photo_2022-04-03_08-52-28.jpg\",\"contentUrl\":\"https:\\\/\\\/www.meydan.tv\\\/wp-content\\\/uploads\\\/photo_2022-04-03_08-52-28.jpg\",\"width\":1280,\"height\":576,\"caption\":\"Fotolar FHN-nin sayt\u0131ndan v\u0259 Telegram-dan g\u00f6t\u00fcr\u00fcl\u00fcb\"},{\"@type\":\"BreadcrumbList\",\"@id\":\"https:\\\/\\\/www.meydan.tv\\\/az\\\/article\\\/bakida-partlayis-olub-olen-ve-yaralananlar-var\\\/#breadcrumb\",\"itemListElement\":[{\"@type\":\"ListItem\",\"position\":1,\"name\":\"Ana s\u0259hif\u0259\",\"item\":\"https:\\\/\\\/www.meydan.tv\\\/az\\\/\"},{\"@type\":\"ListItem\",\"position\":2,\"name\":\"Sosial\",\"item\":\"https:\\\/\\\/www.meydan.tv\\\/az\\\/section\\\/sosial\\\/\"},{\"@type\":\"ListItem\",\"position\":3,\"name\":\"Bak\u0131da partlay\u0131\u015f olub; \u00f6l\u0259n v\u0259 yaralananlar var (yenil\u0259nib)\"}]},{\"@type\":\"WebSite\",\"@id\":\"https:\\\/\\\/www.meydan.tv\\\/az\\\/#website\",\"url\":\"https:\\\/\\\/www.meydan.tv\\\/az\\\/\",\"name\":\"MEYDAN.TV\",\"description\":\"Meydan TV Az\u0259rbaycan\u0131n media m\u0259kan\u0131ndak\u0131 alternativ s\u0259sidir\",\"publisher\":{\"@id\":\"https:\\\/\\\/www.meydan.tv\\\/az\\\/#organization\"},\"potentialAction\":[{\"@type\":\"SearchAction\",\"target\":{\"@type\":\"EntryPoint\",\"urlTemplate\":\"https:\\\/\\\/www.meydan.tv\\\/az\\\/?s={search_term_string}\"},\"query-input\":{\"@type\":\"PropertyValueSpecification\",\"valueRequired\":true,\"valueName\":\"search_term_string\"}}],\"inLanguage\":\"az\"},{\"@type\":\"Organization\",\"@id\":\"https:\\\/\\\/www.meydan.tv\\\/az\\\/#organization\",\"name\":\"Meydan TV\",\"url\":\"https:\\\/\\\/www.meydan.tv\\\/az\\\/\",\"logo\":{\"@type\":\"ImageObject\",\"inLanguage\":\"az\",\"@id\":\"https:\\\/\\\/www.meydan.tv\\\/az\\\/#\\\/schema\\\/logo\\\/image\\\/\",\"url\":\"https:\\\/\\\/www.meydan.tv\\\/wp-content\\\/uploads\\\/2021\\\/07\\\/meydan-logo.svg\",\"contentUrl\":\"https:\\\/\\\/www.meydan.tv\\\/wp-content\\\/uploads\\\/2021\\\/07\\\/meydan-logo.svg\",\"width\":195,\"height\":46,\"caption\":\"Meydan TV\"},\"image\":{\"@id\":\"https:\\\/\\\/www.meydan.tv\\\/az\\\/#\\\/schema\\\/logo\\\/image\\\/\"}},{\"@type\":\"Person\",\"@id\":\"https:\\\/\\\/www.meydan.tv\\\/az\\\/#\\\/schema\\\/person\\\/9cdbecf90d17180ce1dfbd95b08dcf47\",\"name\":\"elli\",\"sameAs\":[\"https:\\\/\\\/x.com\\\/elli\"]}]}<\/script>\n<!-- \/ Yoast SEO plugin. -->","yoast_head_json":{"title":"Bak\u0131da partlay\u0131\u015f olub; \u00f6l\u0259n v\u0259 yaralananlar var (yenil\u0259nib) - MEYDAN.TV","robots":{"index":"index","follow":"follow","max-snippet":"max-snippet:-1","max-image-preview":"max-image-preview:large","max-video-preview":"max-video-preview:-1"},"canonical":"https:\/\/www.meydan.tv\/az\/article\/bakida-partlayis-olub-olen-ve-yaralananlar-var\/","og_locale":"az_AZ","og_type":"article","og_title":"Bak\u0131da partlay\u0131\u015f olub; \u00f6l\u0259n v\u0259 yaralananlar var (yenil\u0259nib) - MEYDAN.TV","og_description":"\u201cLocation\u201d klubunda ba\u015f ver\u0259n partlay\u0131\u015fda x\u0259sar\u0259t alanlardan 2 n\u0259f\u0259rinin xarici ... Davam\u0131","og_url":"https:\/\/www.meydan.tv\/az\/article\/bakida-partlayis-olub-olen-ve-yaralananlar-var\/","og_site_name":"MEYDAN.TV","article_published_time":"2022-04-03T06:14:33+00:00","article_modified_time":"2022-04-03T08:34:18+00:00","og_image":[{"width":1280,"height":576,"url":"https:\/\/www.meydan.tv\/wp-content\/uploads\/photo_2022-04-03_08-52-28.jpg","type":"image\/jpeg"}],"author":"elli","twitter_card":"summary_large_image","twitter_creator":"@elli","schema":{"@context":"https:\/\/schema.org","@graph":[{"@type":"Article","@id":"https:\/\/www.meydan.tv\/az\/article\/bakida-partlayis-olub-olen-ve-yaralananlar-var\/#article","isPartOf":{"@id":"https:\/\/www.meydan.tv\/az\/article\/bakida-partlayis-olub-olen-ve-yaralananlar-var\/"},"author":{"name":"elli","@id":"https:\/\/www.meydan.tv\/az\/#\/schema\/person\/9cdbecf90d17180ce1dfbd95b08dcf47"},"headline":"Bak\u0131da partlay\u0131\u015f olub; \u00f6l\u0259n v\u0259 yaralananlar var (yenil\u0259nib)","datePublished":"2022-04-03T06:14:33+00:00","dateModified":"2022-04-03T08:34:18+00:00","mainEntityOfPage":{"@id":"https:\/\/www.meydan.tv\/az\/article\/bakida-partlayis-olub-olen-ve-yaralananlar-var\/"},"wordCount":495,"publisher":{"@id":"https:\/\/www.meydan.tv\/az\/#organization"},"image":{"@id":"https:\/\/www.meydan.tv\/az\/article\/bakida-partlayis-olub-olen-ve-yaralananlar-var\/#primaryimage"},"thumbnailUrl":"https:\/\/www.meydan.tv\/wp-content\/uploads\/photo_2022-04-03_08-52-28.jpg","articleSection":["Sosial","T\u00f6vsiy\u0259","X\u0259b\u0259rl\u0259r"],"inLanguage":"az"},{"@type":"WebPage","@id":"https:\/\/www.meydan.tv\/az\/article\/bakida-partlayis-olub-olen-ve-yaralananlar-var\/","url":"https:\/\/www.meydan.tv\/az\/article\/bakida-partlayis-olub-olen-ve-yaralananlar-var\/","name":"Bak\u0131da partlay\u0131\u015f olub; \u00f6l\u0259n v\u0259 yaralananlar var (yenil\u0259nib) - MEYDAN.TV","isPartOf":{"@id":"https:\/\/www.meydan.tv\/az\/#website"},"primaryImageOfPage":{"@id":"https:\/\/www.meydan.tv\/az\/article\/bakida-partlayis-olub-olen-ve-yaralananlar-var\/#primaryimage"},"image":{"@id":"https:\/\/www.meydan.tv\/az\/article\/bakida-partlayis-olub-olen-ve-yaralananlar-var\/#primaryimage"},"thumbnailUrl":"https:\/\/www.meydan.tv\/wp-content\/uploads\/photo_2022-04-03_08-52-28.jpg","datePublished":"2022-04-03T06:14:33+00:00","dateModified":"2022-04-03T08:34:18+00:00","breadcrumb":{"@id":"https:\/\/www.meydan.tv\/az\/article\/bakida-partlayis-olub-olen-ve-yaralananlar-var\/#breadcrumb"},"inLanguage":"az","potentialAction":[{"@type":"ReadAction","target":["https:\/\/www.meydan.tv\/az\/article\/bakida-partlayis-olub-olen-ve-yaralananlar-var\/"]}]},{"@type":"ImageObject","inLanguage":"az","@id":"https:\/\/www.meydan.tv\/az\/article\/bakida-partlayis-olub-olen-ve-yaralananlar-var\/#primaryimage","url":"https:\/\/www.meydan.tv\/wp-content\/uploads\/photo_2022-04-03_08-52-28.jpg","contentUrl":"https:\/\/www.meydan.tv\/wp-content\/uploads\/photo_2022-04-03_08-52-28.jpg","width":1280,"height":576,"caption":"Fotolar FHN-nin sayt\u0131ndan v\u0259 Telegram-dan g\u00f6t\u00fcr\u00fcl\u00fcb"},{"@type":"BreadcrumbList","@id":"https:\/\/www.meydan.tv\/az\/article\/bakida-partlayis-olub-olen-ve-yaralananlar-var\/#breadcrumb","itemListElement":[{"@type":"ListItem","position":1,"name":"Ana s\u0259hif\u0259","item":"https:\/\/www.meydan.tv\/az\/"},{"@type":"ListItem","position":2,"name":"Sosial","item":"https:\/\/www.meydan.tv\/az\/section\/sosial\/"},{"@type":"ListItem","position":3,"name":"Bak\u0131da partlay\u0131\u015f olub; \u00f6l\u0259n v\u0259 yaralananlar var (yenil\u0259nib)"}]},{"@type":"WebSite","@id":"https:\/\/www.meydan.tv\/az\/#website","url":"https:\/\/www.meydan.tv\/az\/","name":"MEYDAN.TV","description":"Meydan TV Az\u0259rbaycan\u0131n media m\u0259kan\u0131ndak\u0131 alternativ s\u0259sidir","publisher":{"@id":"https:\/\/www.meydan.tv\/az\/#organization"},"potentialAction":[{"@type":"SearchAction","target":{"@type":"EntryPoint","urlTemplate":"https:\/\/www.meydan.tv\/az\/?s={search_term_string}"},"query-input":{"@type":"PropertyValueSpecification","valueRequired":true,"valueName":"search_term_string"}}],"inLanguage":"az"},{"@type":"Organization","@id":"https:\/\/www.meydan.tv\/az\/#organization","name":"Meydan TV","url":"https:\/\/www.meydan.tv\/az\/","logo":{"@type":"ImageObject","inLanguage":"az","@id":"https:\/\/www.meydan.tv\/az\/#\/schema\/logo\/image\/","url":"https:\/\/www.meydan.tv\/wp-content\/uploads\/2021\/07\/meydan-logo.svg","contentUrl":"https:\/\/www.meydan.tv\/wp-content\/uploads\/2021\/07\/meydan-logo.svg","width":195,"height":46,"caption":"Meydan TV"},"image":{"@id":"https:\/\/www.meydan.tv\/az\/#\/schema\/logo\/image\/"}},{"@type":"Person","@id":"https:\/\/www.meydan.tv\/az\/#\/schema\/person\/9cdbecf90d17180ce1dfbd95b08dcf47","name":"elli","sameAs":["https:\/\/x.com\/elli"]}]}},"_links":{"self":[{"href":"https:\/\/www.meydan.tv\/az\/wp-json\/wp\/v2\/posts\/240388","targetHints":{"allow":["GET"]}}],"collection":[{"href":"https:\/\/www.meydan.tv\/az\/wp-json\/wp\/v2\/posts"}],"about":[{"href":"https:\/\/www.meydan.tv\/az\/wp-json\/wp\/v2\/types\/post"}],"author":[{"embeddable":true,"href":"https:\/\/www.meydan.tv\/az\/wp-json\/wp\/v2\/users\/8"}],"replies":[{"embeddable":true,"href":"https:\/\/www.meydan.tv\/az\/wp-json\/wp\/v2\/comments?post=240388"}],"version-history":[{"count":4,"href":"https:\/\/www.meydan.tv\/az\/wp-json\/wp\/v2\/posts\/240388\/revisions"}],"predecessor-version":[{"id":240413,"href":"https:\/\/www.meydan.tv\/az\/wp-json\/wp\/v2\/posts\/240388\/revisions\/240413"}],"wp:featuredmedia":[{"embeddable":true,"href":"https:\/\/www.meydan.tv\/az\/wp-json\/wp\/v2\/media\/240392"}],"wp:attachment":[{"href":"https:\/\/www.meydan.tv\/az\/wp-json\/wp\/v2\/media?parent=240388"}],"wp:term":[{"taxonomy":"category","embeddable":true,"href":"https:\/\/www.meydan.tv\/az\/wp-json\/wp\/v2\/categories?post=240388"},{"taxonomy":"post_tag","embeddable":true,"href":"https:\/\/www.meydan.tv\/az\/wp-json\/wp\/v2\/tags?post=240388"}],"curies":[{"name":"wp","href":"https:\/\/api.w.org\/{rel}","templated":true}]}}