{"id":240361,"date":"2022-04-02T18:40:33","date_gmt":"2022-04-02T14:40:33","guid":{"rendered":"https:\/\/www.meydan.tv\/?p=240361"},"modified":"2022-04-02T18:40:35","modified_gmt":"2022-04-02T14:40:35","slug":"meyart-zelenskiye-oskarmerasiminde-platforma-verilmedi","status":"publish","type":"post","link":"https:\/\/www.meydan.tv\/az\/article\/meyart-zelenskiye-oskarmerasiminde-platforma-verilmedi\/","title":{"rendered":"MeyArt: Zelenskiy\u0259 &#8220;Oskar&#8221;m\u0259rasimind\u0259 platforma verilm\u0259di"},"content":{"rendered":"\n<figure class=\"wp-block-embed is-type-video is-provider-youtube wp-block-embed-youtube wp-embed-aspect-16-9 wp-has-aspect-ratio\"><div class=\"wp-block-embed__wrapper\">\n<iframe title=\"MeyArt: Zelenskiy\u0259 &quot;Oskar&quot;m\u0259rasimind\u0259 platforma verilm\u0259di\" width=\"1200\" height=\"675\" data-src=\"https:\/\/www.youtube.com\/embed\/M69-0zZNvo8?feature=oembed\" frameborder=\"0\" allow=\"accelerometer; autoplay; clipboard-write; encrypted-media; gyroscope; picture-in-picture\" allowfullscreen src=\"data:image\/svg+xml;base64,PHN2ZyB3aWR0aD0iMSIgaGVpZ2h0PSIxIiB4bWxucz0iaHR0cDovL3d3dy53My5vcmcvMjAwMC9zdmciPjwvc3ZnPg==\" class=\"lazyload\" data-load-mode=\"1\"><\/iframe>\n<\/div><\/figure>\n\n\n\n<!--more-->\n\n\n\n<p>B\u00fclb\u00fcl\u00fcn, Xan \u015eu\u015finskinin, \u00dczeyir Hac\u0131b\u0259yovun v\u0259t\u0259ni olan \u015eu\u015fa Az\u0259rbaycan musiqisin\u0259, poeziya, \u0259d\u0259biyyat\u0131na unudulmaz s\u0259n\u0259t \u0259s\u0259rl\u0259ri qazand\u0131r\u0131b. K\u00fclt\u00fcr ab-havas\u0131 il\u0259 yo\u011frulmu\u015f q\u0259dim \u015eu\u015fa t\u0259kc\u0259 Az\u0259rbaycan\u0131n m\u0259d\u0259niyy\u0259t m\u0259rk\u0259zi deyil, o, 2023-c\u00fc il T\u00fcrk D\u00fcnyas\u0131n\u0131n M\u0259d\u0259niyy\u0259t Paytaxt\u0131 elan olunub.&nbsp;<\/p>\n\n\n\n<p>M\u0259d\u0259niyy\u0259t naziri Anar K\u0259rimov bildirib ki, bununla \u0259laq\u0259dar t\u0259dbirl\u0259r plan\u0131 haz\u0131rlan\u0131r. \u201cKonsertl\u0259r, s\u0259rgil\u0259r, \u0259d\u0259biyyat festival\u0131 ke\u00e7irm\u0259kl\u0259 \u015f\u0259h\u0259rin g\u00f6z\u0259lliyini b\u00fct\u00fcn d\u00fcnyaya n\u00fcmayi\u015f etdirm\u0259k ist\u0259yirik\u201d,- dey\u0259 nazir vur\u011fulay\u0131b.<\/p>\n\n\n\n<p>\u201cAvroviziya-2022\u201d mahn\u0131 m\u00fcsabiq\u0259sind\u0259 Az\u0259rbaycan mahn\u0131s\u0131n\u0131 se\u00e7ib. \u00d6lk\u0259ni t\u0259msil ed\u0259n \u201c O s\u0259s Az\u0259rbaycan\u201d\u0131n qalibi Nadir R\u00fcst\u0259mli yar\u0131\u015fmada &#8220;Fade to black\u201d mahn\u0131s\u0131n\u0131 ifa ed\u0259c\u0259k. \u0130taliyan\u0131n Turin \u015f\u0259h\u0259rind\u0259 ke\u00e7iril\u0259c\u0259k v\u0259 \u015f\u00fcar\u0131 &#8220;The sound of beauty&#8221; (&#8220;G\u00f6z\u0259lliyin s\u0259si&#8221;) olan &#8220;Avroviziya-2022&#8221; mahn\u0131 m\u00fcsabiq\u0259sinin yar\u0131mfinal m\u0259rh\u0259l\u0259l\u0259ri may\u0131n 10 v\u0259 12-d\u0259, final m\u0259rh\u0259l\u0259si is\u0259 may\u0131n 14-d\u0259 ba\u015f tutacaq.<\/p>\n\n\n\n<p>Los-Ancelesd\u0259 94-c\u00fc \u201cOskar\u201d kino m\u00fckafat\u0131n\u0131n t\u0259qdimat m\u0259rasimi ke\u00e7irilib. \u201cOskar\u201d m\u00fckafat\u0131n\u0131n apar\u0131c\u0131s\u0131 Kris Rok s\u0259hn\u0259d\u0259 Uill Smitin h\u0259yat yolda\u015f\u0131 Cada Pinkett-Smiti sa\u00e7\u0131 olmad\u0131\u011f\u0131 \u00fc\u00e7\u00fcn \u201c\u018fsg\u0259r Ceyn\u201d filmind\u0259ki eyniadl\u0131 obrazla m\u00fcqayis\u0259 edib.<\/p>\n\n\n\n<p>\u201c\u018fn yax\u015f\u0131 aktyor\u201d m\u00fckafat\u0131n\u0131n qalibi zarafata d\u00f6zm\u0259y\u0259r\u0259k Kris Rokun \u00fcz\u0259rin\u0259 h\u00fccum edib, h\u0259yat yolda\u015f\u0131n\u0131n ad\u0131n\u0131 \u00e7\u0259km\u0259m\u0259yi t\u0259l\u0259b edib.<\/p>\n\n\n\n<p>Daha sonra aktyor \u201cKris Roka h\u00fccum etdiyi \u00fc\u00e7\u00fcn ondan v\u0259 b\u00fct\u00fcn tama\u015fa\u00e7\u0131lardan \u00fczr ist\u0259yib.<\/p>\n\n\n\n<p>T\u0259dbird\u0259 Ukraynada h\u0259lak olanlar\u0131n xatir\u0259si bir d\u0259qiq\u0259lik s\u00fckutla yad olunub. Ancaq aktyor \u015eon Penn bununla kifay\u0259tl\u0259nm\u0259m\u0259y\u0259 s\u0259sl\u0259yib. O, Ukrayna prezidenti Zelenskinin aktyor ke\u00e7mi\u015fini xat\u0131rladaraq \u201cOskar\u201da video ba\u011flant\u0131 il\u0259 qo\u015fulma\u011f\u0131n\u0131n vacib oldu\u011funu bildirmi\u015fdi. Buna icaz\u0259 verilm\u0259y\u0259c\u0259yi t\u0259qdird\u0259 b\u00fct\u00fcn d\u0259v\u0259tlil\u0259rd\u0259n m\u0259rasimi boykot etm\u0259sini ist\u0259mi\u015fdi. Ukrayna m\u00fcharib\u0259si haqq\u0131nda film \u00e7\u0259k\u0259n aktyor h\u0259tta ald\u0131\u011f\u0131 Oskar m\u00fckafatlar\u0131n\u0131 m\u0259hv ed\u0259c\u0259yini s\u00f6yl\u0259mi\u015fdi. Ancaq Oskar m\u0259rasimind\u0259 Zelenskiy\u0259 platforma verilm\u0259di. Rus blogerl\u0259r Metadan 1 milyard dollar t\u0259l\u0259b edir. Bu haqda Rusiya Blogerl\u0259r \u015euras\u0131 m\u0259lumat yay\u0131b. Rusiyan\u0131n Ukraynaya h\u00fccumundan sonra instagram v\u0259 facebook \u00f6lk\u0259d\u0259 f\u0259aliyy\u0259tini dayand\u0131r\u0131b.&nbsp;<\/p>\n\n\n\n<p>Sosial \u015f\u0259b\u0259k\u0259d\u0259 b\u00f6y\u00fck izl\u0259yici k\u00fctl\u0259si olan blogerl\u0259r\u0259 y\u00fcks\u0259k m\u0259bl\u0259\u011fd\u0259 ziyan d\u0259ydiyi a\u00e7\u0131qlan\u0131b. G\u0259lirl\u0259rini sosial \u015f\u0259b\u0259k\u0259l\u0259r vasit\u0259sil\u0259 \u0259ld\u0259 ed\u0259n blogerl\u0259r t\u0259zminat t\u0259l\u0259b edir.<\/p>\n","protected":false},"excerpt":{"rendered":"","protected":false},"author":14,"featured_media":240362,"comment_status":"closed","ping_status":"closed","sticky":false,"template":"","format":"standard","meta":{"_acf_changed":false,"_sitemap_exclude":false,"_sitemap_priority":"","_sitemap_frequency":"","footnotes":""},"categories":[52,56],"tags":[],"class_list":["post-240361","post","type-post","status-publish","format-standard","has-post-thumbnail","hentry","category-medeniyyet","category-xeberler","infinite-scroll-item","generate-columns","tablet-grid-50","mobile-grid-100","grid-parent","grid-33","no-featured-image-padding"],"acf":[],"yoast_head":"<!-- This site is optimized with the Yoast SEO plugin v27.4 - https:\/\/yoast.com\/product\/yoast-seo-wordpress\/ -->\n<title>MeyArt: Zelenskiy\u0259 &quot;Oskar&quot;m\u0259rasimind\u0259 platforma verilm\u0259di - MEYDAN.TV<\/title>\n<meta name=\"robots\" content=\"index, follow, max-snippet:-1, max-image-preview:large, max-video-preview:-1\" \/>\n<link rel=\"canonical\" href=\"https:\/\/www.meydan.tv\/az\/article\/meyart-zelenskiye-oskarmerasiminde-platforma-verilmedi\/\" \/>\n<meta property=\"og:locale\" content=\"az_AZ\" \/>\n<meta property=\"og:type\" content=\"article\" \/>\n<meta property=\"og:title\" content=\"MeyArt: Zelenskiy\u0259 &quot;Oskar&quot;m\u0259rasimind\u0259 platforma verilm\u0259di - MEYDAN.TV\" \/>\n<meta property=\"og:url\" content=\"https:\/\/www.meydan.tv\/az\/article\/meyart-zelenskiye-oskarmerasiminde-platforma-verilmedi\/\" \/>\n<meta property=\"og:site_name\" content=\"MEYDAN.TV\" \/>\n<meta property=\"article:published_time\" content=\"2022-04-02T14:40:33+00:00\" \/>\n<meta property=\"article:modified_time\" content=\"2022-04-02T14:40:35+00:00\" \/>\n<meta property=\"og:image\" content=\"https:\/\/www.meydan.tv\/wp-content\/uploads\/screenshot-at-apr-02-16-38-49.png\" \/>\n\t<meta property=\"og:image:width\" content=\"1410\" \/>\n\t<meta property=\"og:image:height\" content=\"788\" \/>\n\t<meta property=\"og:image:type\" content=\"image\/png\" \/>\n<meta name=\"author\" content=\"roma\" \/>\n<meta name=\"twitter:card\" content=\"summary_large_image\" \/>\n<script type=\"application\/ld+json\" class=\"yoast-schema-graph\">{\"@context\":\"https:\\\/\\\/schema.org\",\"@graph\":[{\"@type\":\"Article\",\"@id\":\"https:\\\/\\\/www.meydan.tv\\\/az\\\/article\\\/meyart-zelenskiye-oskarmerasiminde-platforma-verilmedi\\\/#article\",\"isPartOf\":{\"@id\":\"https:\\\/\\\/www.meydan.tv\\\/az\\\/article\\\/meyart-zelenskiye-oskarmerasiminde-platforma-verilmedi\\\/\"},\"author\":{\"name\":\"roma\",\"@id\":\"https:\\\/\\\/www.meydan.tv\\\/az\\\/#\\\/schema\\\/person\\\/8f23e01c4de63326c13c319fb65ee65d\"},\"headline\":\"MeyArt: Zelenskiy\u0259 &#8220;Oskar&#8221;m\u0259rasimind\u0259 platforma verilm\u0259di\",\"datePublished\":\"2022-04-02T14:40:33+00:00\",\"dateModified\":\"2022-04-02T14:40:35+00:00\",\"mainEntityOfPage\":{\"@id\":\"https:\\\/\\\/www.meydan.tv\\\/az\\\/article\\\/meyart-zelenskiye-oskarmerasiminde-platforma-verilmedi\\\/\"},\"wordCount\":532,\"publisher\":{\"@id\":\"https:\\\/\\\/www.meydan.tv\\\/az\\\/#organization\"},\"image\":{\"@id\":\"https:\\\/\\\/www.meydan.tv\\\/az\\\/article\\\/meyart-zelenskiye-oskarmerasiminde-platforma-verilmedi\\\/#primaryimage\"},\"thumbnailUrl\":\"https:\\\/\\\/www.meydan.tv\\\/wp-content\\\/uploads\\\/screenshot-at-apr-02-16-38-49.png\",\"articleSection\":[\"M\u0259d\u0259niyy\u0259t\",\"X\u0259b\u0259rl\u0259r\"],\"inLanguage\":\"az\"},{\"@type\":\"WebPage\",\"@id\":\"https:\\\/\\\/www.meydan.tv\\\/az\\\/article\\\/meyart-zelenskiye-oskarmerasiminde-platforma-verilmedi\\\/\",\"url\":\"https:\\\/\\\/www.meydan.tv\\\/az\\\/article\\\/meyart-zelenskiye-oskarmerasiminde-platforma-verilmedi\\\/\",\"name\":\"MeyArt: Zelenskiy\u0259 \\\"Oskar\\\"m\u0259rasimind\u0259 platforma verilm\u0259di - MEYDAN.TV\",\"isPartOf\":{\"@id\":\"https:\\\/\\\/www.meydan.tv\\\/az\\\/#website\"},\"primaryImageOfPage\":{\"@id\":\"https:\\\/\\\/www.meydan.tv\\\/az\\\/article\\\/meyart-zelenskiye-oskarmerasiminde-platforma-verilmedi\\\/#primaryimage\"},\"image\":{\"@id\":\"https:\\\/\\\/www.meydan.tv\\\/az\\\/article\\\/meyart-zelenskiye-oskarmerasiminde-platforma-verilmedi\\\/#primaryimage\"},\"thumbnailUrl\":\"https:\\\/\\\/www.meydan.tv\\\/wp-content\\\/uploads\\\/screenshot-at-apr-02-16-38-49.png\",\"datePublished\":\"2022-04-02T14:40:33+00:00\",\"dateModified\":\"2022-04-02T14:40:35+00:00\",\"breadcrumb\":{\"@id\":\"https:\\\/\\\/www.meydan.tv\\\/az\\\/article\\\/meyart-zelenskiye-oskarmerasiminde-platforma-verilmedi\\\/#breadcrumb\"},\"inLanguage\":\"az\",\"potentialAction\":[{\"@type\":\"ReadAction\",\"target\":[\"https:\\\/\\\/www.meydan.tv\\\/az\\\/article\\\/meyart-zelenskiye-oskarmerasiminde-platforma-verilmedi\\\/\"]}]},{\"@type\":\"ImageObject\",\"inLanguage\":\"az\",\"@id\":\"https:\\\/\\\/www.meydan.tv\\\/az\\\/article\\\/meyart-zelenskiye-oskarmerasiminde-platforma-verilmedi\\\/#primaryimage\",\"url\":\"https:\\\/\\\/www.meydan.tv\\\/wp-content\\\/uploads\\\/screenshot-at-apr-02-16-38-49.png\",\"contentUrl\":\"https:\\\/\\\/www.meydan.tv\\\/wp-content\\\/uploads\\\/screenshot-at-apr-02-16-38-49.png\",\"width\":1410,\"height\":788},{\"@type\":\"BreadcrumbList\",\"@id\":\"https:\\\/\\\/www.meydan.tv\\\/az\\\/article\\\/meyart-zelenskiye-oskarmerasiminde-platforma-verilmedi\\\/#breadcrumb\",\"itemListElement\":[{\"@type\":\"ListItem\",\"position\":1,\"name\":\"Ana s\u0259hif\u0259\",\"item\":\"https:\\\/\\\/www.meydan.tv\\\/az\\\/\"},{\"@type\":\"ListItem\",\"position\":2,\"name\":\"X\u0259b\u0259rl\u0259r\",\"item\":\"https:\\\/\\\/www.meydan.tv\\\/az\\\/section\\\/xeberler\\\/\"},{\"@type\":\"ListItem\",\"position\":3,\"name\":\"MeyArt: Zelenskiy\u0259 &#8220;Oskar&#8221;m\u0259rasimind\u0259 platforma verilm\u0259di\"}]},{\"@type\":\"WebSite\",\"@id\":\"https:\\\/\\\/www.meydan.tv\\\/az\\\/#website\",\"url\":\"https:\\\/\\\/www.meydan.tv\\\/az\\\/\",\"name\":\"MEYDAN.TV\",\"description\":\"Meydan TV Az\u0259rbaycan\u0131n media m\u0259kan\u0131ndak\u0131 alternativ s\u0259sidir\",\"publisher\":{\"@id\":\"https:\\\/\\\/www.meydan.tv\\\/az\\\/#organization\"},\"potentialAction\":[{\"@type\":\"SearchAction\",\"target\":{\"@type\":\"EntryPoint\",\"urlTemplate\":\"https:\\\/\\\/www.meydan.tv\\\/az\\\/?s={search_term_string}\"},\"query-input\":{\"@type\":\"PropertyValueSpecification\",\"valueRequired\":true,\"valueName\":\"search_term_string\"}}],\"inLanguage\":\"az\"},{\"@type\":\"Organization\",\"@id\":\"https:\\\/\\\/www.meydan.tv\\\/az\\\/#organization\",\"name\":\"Meydan TV\",\"url\":\"https:\\\/\\\/www.meydan.tv\\\/az\\\/\",\"logo\":{\"@type\":\"ImageObject\",\"inLanguage\":\"az\",\"@id\":\"https:\\\/\\\/www.meydan.tv\\\/az\\\/#\\\/schema\\\/logo\\\/image\\\/\",\"url\":\"https:\\\/\\\/www.meydan.tv\\\/wp-content\\\/uploads\\\/2021\\\/07\\\/meydan-logo.svg\",\"contentUrl\":\"https:\\\/\\\/www.meydan.tv\\\/wp-content\\\/uploads\\\/2021\\\/07\\\/meydan-logo.svg\",\"width\":195,\"height\":46,\"caption\":\"Meydan TV\"},\"image\":{\"@id\":\"https:\\\/\\\/www.meydan.tv\\\/az\\\/#\\\/schema\\\/logo\\\/image\\\/\"}},{\"@type\":\"Person\",\"@id\":\"https:\\\/\\\/www.meydan.tv\\\/az\\\/#\\\/schema\\\/person\\\/8f23e01c4de63326c13c319fb65ee65d\",\"name\":\"roma\"}]}<\/script>\n<!-- \/ Yoast SEO plugin. -->","yoast_head_json":{"title":"MeyArt: Zelenskiy\u0259 \"Oskar\"m\u0259rasimind\u0259 platforma verilm\u0259di - MEYDAN.TV","robots":{"index":"index","follow":"follow","max-snippet":"max-snippet:-1","max-image-preview":"max-image-preview:large","max-video-preview":"max-video-preview:-1"},"canonical":"https:\/\/www.meydan.tv\/az\/article\/meyart-zelenskiye-oskarmerasiminde-platforma-verilmedi\/","og_locale":"az_AZ","og_type":"article","og_title":"MeyArt: Zelenskiy\u0259 \"Oskar\"m\u0259rasimind\u0259 platforma verilm\u0259di - MEYDAN.TV","og_url":"https:\/\/www.meydan.tv\/az\/article\/meyart-zelenskiye-oskarmerasiminde-platforma-verilmedi\/","og_site_name":"MEYDAN.TV","article_published_time":"2022-04-02T14:40:33+00:00","article_modified_time":"2022-04-02T14:40:35+00:00","og_image":[{"width":1410,"height":788,"url":"https:\/\/www.meydan.tv\/wp-content\/uploads\/screenshot-at-apr-02-16-38-49.png","type":"image\/png"}],"author":"roma","twitter_card":"summary_large_image","schema":{"@context":"https:\/\/schema.org","@graph":[{"@type":"Article","@id":"https:\/\/www.meydan.tv\/az\/article\/meyart-zelenskiye-oskarmerasiminde-platforma-verilmedi\/#article","isPartOf":{"@id":"https:\/\/www.meydan.tv\/az\/article\/meyart-zelenskiye-oskarmerasiminde-platforma-verilmedi\/"},"author":{"name":"roma","@id":"https:\/\/www.meydan.tv\/az\/#\/schema\/person\/8f23e01c4de63326c13c319fb65ee65d"},"headline":"MeyArt: Zelenskiy\u0259 &#8220;Oskar&#8221;m\u0259rasimind\u0259 platforma verilm\u0259di","datePublished":"2022-04-02T14:40:33+00:00","dateModified":"2022-04-02T14:40:35+00:00","mainEntityOfPage":{"@id":"https:\/\/www.meydan.tv\/az\/article\/meyart-zelenskiye-oskarmerasiminde-platforma-verilmedi\/"},"wordCount":532,"publisher":{"@id":"https:\/\/www.meydan.tv\/az\/#organization"},"image":{"@id":"https:\/\/www.meydan.tv\/az\/article\/meyart-zelenskiye-oskarmerasiminde-platforma-verilmedi\/#primaryimage"},"thumbnailUrl":"https:\/\/www.meydan.tv\/wp-content\/uploads\/screenshot-at-apr-02-16-38-49.png","articleSection":["M\u0259d\u0259niyy\u0259t","X\u0259b\u0259rl\u0259r"],"inLanguage":"az"},{"@type":"WebPage","@id":"https:\/\/www.meydan.tv\/az\/article\/meyart-zelenskiye-oskarmerasiminde-platforma-verilmedi\/","url":"https:\/\/www.meydan.tv\/az\/article\/meyart-zelenskiye-oskarmerasiminde-platforma-verilmedi\/","name":"MeyArt: Zelenskiy\u0259 \"Oskar\"m\u0259rasimind\u0259 platforma verilm\u0259di - MEYDAN.TV","isPartOf":{"@id":"https:\/\/www.meydan.tv\/az\/#website"},"primaryImageOfPage":{"@id":"https:\/\/www.meydan.tv\/az\/article\/meyart-zelenskiye-oskarmerasiminde-platforma-verilmedi\/#primaryimage"},"image":{"@id":"https:\/\/www.meydan.tv\/az\/article\/meyart-zelenskiye-oskarmerasiminde-platforma-verilmedi\/#primaryimage"},"thumbnailUrl":"https:\/\/www.meydan.tv\/wp-content\/uploads\/screenshot-at-apr-02-16-38-49.png","datePublished":"2022-04-02T14:40:33+00:00","dateModified":"2022-04-02T14:40:35+00:00","breadcrumb":{"@id":"https:\/\/www.meydan.tv\/az\/article\/meyart-zelenskiye-oskarmerasiminde-platforma-verilmedi\/#breadcrumb"},"inLanguage":"az","potentialAction":[{"@type":"ReadAction","target":["https:\/\/www.meydan.tv\/az\/article\/meyart-zelenskiye-oskarmerasiminde-platforma-verilmedi\/"]}]},{"@type":"ImageObject","inLanguage":"az","@id":"https:\/\/www.meydan.tv\/az\/article\/meyart-zelenskiye-oskarmerasiminde-platforma-verilmedi\/#primaryimage","url":"https:\/\/www.meydan.tv\/wp-content\/uploads\/screenshot-at-apr-02-16-38-49.png","contentUrl":"https:\/\/www.meydan.tv\/wp-content\/uploads\/screenshot-at-apr-02-16-38-49.png","width":1410,"height":788},{"@type":"BreadcrumbList","@id":"https:\/\/www.meydan.tv\/az\/article\/meyart-zelenskiye-oskarmerasiminde-platforma-verilmedi\/#breadcrumb","itemListElement":[{"@type":"ListItem","position":1,"name":"Ana s\u0259hif\u0259","item":"https:\/\/www.meydan.tv\/az\/"},{"@type":"ListItem","position":2,"name":"X\u0259b\u0259rl\u0259r","item":"https:\/\/www.meydan.tv\/az\/section\/xeberler\/"},{"@type":"ListItem","position":3,"name":"MeyArt: Zelenskiy\u0259 &#8220;Oskar&#8221;m\u0259rasimind\u0259 platforma verilm\u0259di"}]},{"@type":"WebSite","@id":"https:\/\/www.meydan.tv\/az\/#website","url":"https:\/\/www.meydan.tv\/az\/","name":"MEYDAN.TV","description":"Meydan TV Az\u0259rbaycan\u0131n media m\u0259kan\u0131ndak\u0131 alternativ s\u0259sidir","publisher":{"@id":"https:\/\/www.meydan.tv\/az\/#organization"},"potentialAction":[{"@type":"SearchAction","target":{"@type":"EntryPoint","urlTemplate":"https:\/\/www.meydan.tv\/az\/?s={search_term_string}"},"query-input":{"@type":"PropertyValueSpecification","valueRequired":true,"valueName":"search_term_string"}}],"inLanguage":"az"},{"@type":"Organization","@id":"https:\/\/www.meydan.tv\/az\/#organization","name":"Meydan TV","url":"https:\/\/www.meydan.tv\/az\/","logo":{"@type":"ImageObject","inLanguage":"az","@id":"https:\/\/www.meydan.tv\/az\/#\/schema\/logo\/image\/","url":"https:\/\/www.meydan.tv\/wp-content\/uploads\/2021\/07\/meydan-logo.svg","contentUrl":"https:\/\/www.meydan.tv\/wp-content\/uploads\/2021\/07\/meydan-logo.svg","width":195,"height":46,"caption":"Meydan TV"},"image":{"@id":"https:\/\/www.meydan.tv\/az\/#\/schema\/logo\/image\/"}},{"@type":"Person","@id":"https:\/\/www.meydan.tv\/az\/#\/schema\/person\/8f23e01c4de63326c13c319fb65ee65d","name":"roma"}]}},"_links":{"self":[{"href":"https:\/\/www.meydan.tv\/az\/wp-json\/wp\/v2\/posts\/240361","targetHints":{"allow":["GET"]}}],"collection":[{"href":"https:\/\/www.meydan.tv\/az\/wp-json\/wp\/v2\/posts"}],"about":[{"href":"https:\/\/www.meydan.tv\/az\/wp-json\/wp\/v2\/types\/post"}],"author":[{"embeddable":true,"href":"https:\/\/www.meydan.tv\/az\/wp-json\/wp\/v2\/users\/14"}],"replies":[{"embeddable":true,"href":"https:\/\/www.meydan.tv\/az\/wp-json\/wp\/v2\/comments?post=240361"}],"version-history":[{"count":1,"href":"https:\/\/www.meydan.tv\/az\/wp-json\/wp\/v2\/posts\/240361\/revisions"}],"predecessor-version":[{"id":240368,"href":"https:\/\/www.meydan.tv\/az\/wp-json\/wp\/v2\/posts\/240361\/revisions\/240368"}],"wp:featuredmedia":[{"embeddable":true,"href":"https:\/\/www.meydan.tv\/az\/wp-json\/wp\/v2\/media\/240362"}],"wp:attachment":[{"href":"https:\/\/www.meydan.tv\/az\/wp-json\/wp\/v2\/media?parent=240361"}],"wp:term":[{"taxonomy":"category","embeddable":true,"href":"https:\/\/www.meydan.tv\/az\/wp-json\/wp\/v2\/categories?post=240361"},{"taxonomy":"post_tag","embeddable":true,"href":"https:\/\/www.meydan.tv\/az\/wp-json\/wp\/v2\/tags?post=240361"}],"curies":[{"name":"wp","href":"https:\/\/api.w.org\/{rel}","templated":true}]}}