{"id":240346,"date":"2022-04-01T22:45:39","date_gmt":"2022-04-01T18:45:39","guid":{"rendered":"https:\/\/www.meydan.tv\/?p=240346"},"modified":"2022-04-01T22:45:41","modified_gmt":"2022-04-01T18:45:41","slug":"sosial-problemlere-gore-baslayan-etirazlar-qanli-toqqusmalara-cevrildi","status":"publish","type":"post","link":"https:\/\/www.meydan.tv\/az\/article\/sosial-problemlere-gore-baslayan-etirazlar-qanli-toqqusmalara-cevrildi\/","title":{"rendered":"Sosial probleml\u0259r\u0259 g\u00f6r\u0259 ba\u015flayan etirazlar qanl\u0131 toqqu\u015fmalara \u00e7evrildi"},"content":{"rendered":"\n<figure class=\"wp-block-embed is-type-video is-provider-youtube wp-block-embed-youtube wp-embed-aspect-16-9 wp-has-aspect-ratio\"><div class=\"wp-block-embed__wrapper\">\n<iframe title=\"Sosial probleml\u0259r\u0259 g\u00f6r\u0259 ba\u015flayan etirazlar qanl\u0131 toqqu\u015fmalara \u00e7evrildi\" width=\"1200\" height=\"675\" data-src=\"https:\/\/www.youtube.com\/embed\/aB4EdGfT6PM?feature=oembed\" frameborder=\"0\" allow=\"accelerometer; autoplay; clipboard-write; encrypted-media; gyroscope; picture-in-picture\" allowfullscreen src=\"data:image\/svg+xml;base64,PHN2ZyB3aWR0aD0iMSIgaGVpZ2h0PSIxIiB4bWxucz0iaHR0cDovL3d3dy53My5vcmcvMjAwMC9zdmciPjwvc3ZnPg==\" class=\"lazyload\" data-load-mode=\"1\"><\/iframe>\n<\/div><\/figure>\n\n\n\n<!--more-->\n\n\n\n<p>\u015eri Lankada q\u0259z\u0259bli \u0259hali v\u0259 polis aras\u0131nda a\u011f\u0131r toqqu\u015fmalar olub. \u00d6lk\u0259 bir m\u00fcdd\u0259tdir elektrik enerjisi k\u0259silm\u0259si, \u0259rzaq q\u0131tl\u0131\u011f\u0131, d\u0259rman \u00e7at\u0131\u015fmazl\u0131\u011f\u0131 kimi probleml\u0259rd\u0259n \u0259ziyy\u0259t \u00e7\u0259kir. \u0130nsanlar h\u00f6kum\u0259ti istefaya \u00e7a\u011f\u0131rmaq \u00fc\u00e7\u00fcn prezident saray\u0131 \u00f6n\u00fcnd\u0259 etirazlara topla\u015f\u0131b. Polisin zor t\u0259tbiqind\u0259n sonra etirazlar c\u0131\u011f\u0131r\u0131ndan \u00e7\u0131x\u0131b, k\u00fc\u00e7\u0259 d\u00f6y\u00fc\u015fl\u0259rin\u0259 \u00e7evrilib. Prezident Gotabhaya Rajapaksa etirazlarda ekstremist elementl\u0259r oldu\u011funu deyib. Yaral\u0131 v\u0259 \u00f6l\u00fc say\u0131, h\u0259l\u0259lik d\u0259qiq bilinmir.<\/p>\n","protected":false},"excerpt":{"rendered":"","protected":false},"author":14,"featured_media":240347,"comment_status":"closed","ping_status":"closed","sticky":false,"template":"","format":"standard","meta":{"_acf_changed":false,"_sitemap_exclude":false,"_sitemap_priority":"","_sitemap_frequency":"","footnotes":""},"categories":[63],"tags":[],"class_list":["post-240346","post","type-post","status-publish","format-standard","has-post-thumbnail","hentry","category-video-2","infinite-scroll-item","generate-columns","tablet-grid-50","mobile-grid-100","grid-parent","grid-33","no-featured-image-padding"],"acf":[],"yoast_head":"<!-- This site is optimized with the Yoast SEO plugin v27.5 - https:\/\/yoast.com\/product\/yoast-seo-wordpress\/ -->\n<title>Sosial probleml\u0259r\u0259 g\u00f6r\u0259 ba\u015flayan etirazlar qanl\u0131 toqqu\u015fmalara \u00e7evrildi - MEYDAN.TV<\/title>\n<meta name=\"robots\" content=\"index, follow, max-snippet:-1, max-image-preview:large, max-video-preview:-1\" \/>\n<link rel=\"canonical\" href=\"https:\/\/www.meydan.tv\/az\/article\/sosial-problemlere-gore-baslayan-etirazlar-qanli-toqqusmalara-cevrildi\/\" \/>\n<meta property=\"og:locale\" content=\"az_AZ\" \/>\n<meta property=\"og:type\" content=\"article\" \/>\n<meta property=\"og:title\" content=\"Sosial probleml\u0259r\u0259 g\u00f6r\u0259 ba\u015flayan etirazlar qanl\u0131 toqqu\u015fmalara \u00e7evrildi - MEYDAN.TV\" \/>\n<meta property=\"og:url\" content=\"https:\/\/www.meydan.tv\/az\/article\/sosial-problemlere-gore-baslayan-etirazlar-qanli-toqqusmalara-cevrildi\/\" \/>\n<meta property=\"og:site_name\" content=\"MEYDAN.TV\" \/>\n<meta property=\"article:published_time\" content=\"2022-04-01T18:45:39+00:00\" \/>\n<meta property=\"article:modified_time\" content=\"2022-04-01T18:45:41+00:00\" \/>\n<meta property=\"og:image\" content=\"https:\/\/www.meydan.tv\/wp-content\/uploads\/screenshot-2022-04-01-at-20.40.43.png\" \/>\n\t<meta property=\"og:image:width\" content=\"1756\" \/>\n\t<meta property=\"og:image:height\" content=\"978\" \/>\n\t<meta property=\"og:image:type\" content=\"image\/png\" \/>\n<meta name=\"author\" content=\"roma\" \/>\n<meta name=\"twitter:card\" content=\"summary_large_image\" \/>\n<script type=\"application\/ld+json\" class=\"yoast-schema-graph\">{\"@context\":\"https:\\\/\\\/schema.org\",\"@graph\":[{\"@type\":\"Article\",\"@id\":\"https:\\\/\\\/www.meydan.tv\\\/az\\\/article\\\/sosial-problemlere-gore-baslayan-etirazlar-qanli-toqqusmalara-cevrildi\\\/#article\",\"isPartOf\":{\"@id\":\"https:\\\/\\\/www.meydan.tv\\\/az\\\/article\\\/sosial-problemlere-gore-baslayan-etirazlar-qanli-toqqusmalara-cevrildi\\\/\"},\"author\":{\"name\":\"roma\",\"@id\":\"https:\\\/\\\/www.meydan.tv\\\/az\\\/#\\\/schema\\\/person\\\/8f23e01c4de63326c13c319fb65ee65d\"},\"headline\":\"Sosial probleml\u0259r\u0259 g\u00f6r\u0259 ba\u015flayan etirazlar qanl\u0131 toqqu\u015fmalara \u00e7evrildi\",\"datePublished\":\"2022-04-01T18:45:39+00:00\",\"dateModified\":\"2022-04-01T18:45:41+00:00\",\"mainEntityOfPage\":{\"@id\":\"https:\\\/\\\/www.meydan.tv\\\/az\\\/article\\\/sosial-problemlere-gore-baslayan-etirazlar-qanli-toqqusmalara-cevrildi\\\/\"},\"wordCount\":110,\"publisher\":{\"@id\":\"https:\\\/\\\/www.meydan.tv\\\/az\\\/#organization\"},\"image\":{\"@id\":\"https:\\\/\\\/www.meydan.tv\\\/az\\\/article\\\/sosial-problemlere-gore-baslayan-etirazlar-qanli-toqqusmalara-cevrildi\\\/#primaryimage\"},\"thumbnailUrl\":\"https:\\\/\\\/www.meydan.tv\\\/wp-content\\\/uploads\\\/screenshot-2022-04-01-at-20.40.43.png\",\"articleSection\":[\"Video\"],\"inLanguage\":\"az\"},{\"@type\":\"WebPage\",\"@id\":\"https:\\\/\\\/www.meydan.tv\\\/az\\\/article\\\/sosial-problemlere-gore-baslayan-etirazlar-qanli-toqqusmalara-cevrildi\\\/\",\"url\":\"https:\\\/\\\/www.meydan.tv\\\/az\\\/article\\\/sosial-problemlere-gore-baslayan-etirazlar-qanli-toqqusmalara-cevrildi\\\/\",\"name\":\"Sosial probleml\u0259r\u0259 g\u00f6r\u0259 ba\u015flayan etirazlar qanl\u0131 toqqu\u015fmalara \u00e7evrildi - MEYDAN.TV\",\"isPartOf\":{\"@id\":\"https:\\\/\\\/www.meydan.tv\\\/az\\\/#website\"},\"primaryImageOfPage\":{\"@id\":\"https:\\\/\\\/www.meydan.tv\\\/az\\\/article\\\/sosial-problemlere-gore-baslayan-etirazlar-qanli-toqqusmalara-cevrildi\\\/#primaryimage\"},\"image\":{\"@id\":\"https:\\\/\\\/www.meydan.tv\\\/az\\\/article\\\/sosial-problemlere-gore-baslayan-etirazlar-qanli-toqqusmalara-cevrildi\\\/#primaryimage\"},\"thumbnailUrl\":\"https:\\\/\\\/www.meydan.tv\\\/wp-content\\\/uploads\\\/screenshot-2022-04-01-at-20.40.43.png\",\"datePublished\":\"2022-04-01T18:45:39+00:00\",\"dateModified\":\"2022-04-01T18:45:41+00:00\",\"breadcrumb\":{\"@id\":\"https:\\\/\\\/www.meydan.tv\\\/az\\\/article\\\/sosial-problemlere-gore-baslayan-etirazlar-qanli-toqqusmalara-cevrildi\\\/#breadcrumb\"},\"inLanguage\":\"az\",\"potentialAction\":[{\"@type\":\"ReadAction\",\"target\":[\"https:\\\/\\\/www.meydan.tv\\\/az\\\/article\\\/sosial-problemlere-gore-baslayan-etirazlar-qanli-toqqusmalara-cevrildi\\\/\"]}]},{\"@type\":\"ImageObject\",\"inLanguage\":\"az\",\"@id\":\"https:\\\/\\\/www.meydan.tv\\\/az\\\/article\\\/sosial-problemlere-gore-baslayan-etirazlar-qanli-toqqusmalara-cevrildi\\\/#primaryimage\",\"url\":\"https:\\\/\\\/www.meydan.tv\\\/wp-content\\\/uploads\\\/screenshot-2022-04-01-at-20.40.43.png\",\"contentUrl\":\"https:\\\/\\\/www.meydan.tv\\\/wp-content\\\/uploads\\\/screenshot-2022-04-01-at-20.40.43.png\",\"width\":1756,\"height\":978},{\"@type\":\"BreadcrumbList\",\"@id\":\"https:\\\/\\\/www.meydan.tv\\\/az\\\/article\\\/sosial-problemlere-gore-baslayan-etirazlar-qanli-toqqusmalara-cevrildi\\\/#breadcrumb\",\"itemListElement\":[{\"@type\":\"ListItem\",\"position\":1,\"name\":\"Ana s\u0259hif\u0259\",\"item\":\"https:\\\/\\\/www.meydan.tv\\\/az\\\/\"},{\"@type\":\"ListItem\",\"position\":2,\"name\":\"Video\",\"item\":\"https:\\\/\\\/www.meydan.tv\\\/az\\\/section\\\/video-2\\\/\"},{\"@type\":\"ListItem\",\"position\":3,\"name\":\"Sosial probleml\u0259r\u0259 g\u00f6r\u0259 ba\u015flayan etirazlar qanl\u0131 toqqu\u015fmalara \u00e7evrildi\"}]},{\"@type\":\"WebSite\",\"@id\":\"https:\\\/\\\/www.meydan.tv\\\/az\\\/#website\",\"url\":\"https:\\\/\\\/www.meydan.tv\\\/az\\\/\",\"name\":\"MEYDAN.TV\",\"description\":\"Meydan TV Az\u0259rbaycan\u0131n media m\u0259kan\u0131ndak\u0131 alternativ s\u0259sidir\",\"publisher\":{\"@id\":\"https:\\\/\\\/www.meydan.tv\\\/az\\\/#organization\"},\"potentialAction\":[{\"@type\":\"SearchAction\",\"target\":{\"@type\":\"EntryPoint\",\"urlTemplate\":\"https:\\\/\\\/www.meydan.tv\\\/az\\\/?s={search_term_string}\"},\"query-input\":{\"@type\":\"PropertyValueSpecification\",\"valueRequired\":true,\"valueName\":\"search_term_string\"}}],\"inLanguage\":\"az\"},{\"@type\":\"Organization\",\"@id\":\"https:\\\/\\\/www.meydan.tv\\\/az\\\/#organization\",\"name\":\"Meydan TV\",\"url\":\"https:\\\/\\\/www.meydan.tv\\\/az\\\/\",\"logo\":{\"@type\":\"ImageObject\",\"inLanguage\":\"az\",\"@id\":\"https:\\\/\\\/www.meydan.tv\\\/az\\\/#\\\/schema\\\/logo\\\/image\\\/\",\"url\":\"https:\\\/\\\/www.meydan.tv\\\/wp-content\\\/uploads\\\/2021\\\/07\\\/meydan-logo.svg\",\"contentUrl\":\"https:\\\/\\\/www.meydan.tv\\\/wp-content\\\/uploads\\\/2021\\\/07\\\/meydan-logo.svg\",\"width\":195,\"height\":46,\"caption\":\"Meydan TV\"},\"image\":{\"@id\":\"https:\\\/\\\/www.meydan.tv\\\/az\\\/#\\\/schema\\\/logo\\\/image\\\/\"}},{\"@type\":\"Person\",\"@id\":\"https:\\\/\\\/www.meydan.tv\\\/az\\\/#\\\/schema\\\/person\\\/8f23e01c4de63326c13c319fb65ee65d\",\"name\":\"roma\"}]}<\/script>\n<!-- \/ Yoast SEO plugin. -->","yoast_head_json":{"title":"Sosial probleml\u0259r\u0259 g\u00f6r\u0259 ba\u015flayan etirazlar qanl\u0131 toqqu\u015fmalara \u00e7evrildi - MEYDAN.TV","robots":{"index":"index","follow":"follow","max-snippet":"max-snippet:-1","max-image-preview":"max-image-preview:large","max-video-preview":"max-video-preview:-1"},"canonical":"https:\/\/www.meydan.tv\/az\/article\/sosial-problemlere-gore-baslayan-etirazlar-qanli-toqqusmalara-cevrildi\/","og_locale":"az_AZ","og_type":"article","og_title":"Sosial probleml\u0259r\u0259 g\u00f6r\u0259 ba\u015flayan etirazlar qanl\u0131 toqqu\u015fmalara \u00e7evrildi - MEYDAN.TV","og_url":"https:\/\/www.meydan.tv\/az\/article\/sosial-problemlere-gore-baslayan-etirazlar-qanli-toqqusmalara-cevrildi\/","og_site_name":"MEYDAN.TV","article_published_time":"2022-04-01T18:45:39+00:00","article_modified_time":"2022-04-01T18:45:41+00:00","og_image":[{"width":1756,"height":978,"url":"https:\/\/www.meydan.tv\/wp-content\/uploads\/screenshot-2022-04-01-at-20.40.43.png","type":"image\/png"}],"author":"roma","twitter_card":"summary_large_image","schema":{"@context":"https:\/\/schema.org","@graph":[{"@type":"Article","@id":"https:\/\/www.meydan.tv\/az\/article\/sosial-problemlere-gore-baslayan-etirazlar-qanli-toqqusmalara-cevrildi\/#article","isPartOf":{"@id":"https:\/\/www.meydan.tv\/az\/article\/sosial-problemlere-gore-baslayan-etirazlar-qanli-toqqusmalara-cevrildi\/"},"author":{"name":"roma","@id":"https:\/\/www.meydan.tv\/az\/#\/schema\/person\/8f23e01c4de63326c13c319fb65ee65d"},"headline":"Sosial probleml\u0259r\u0259 g\u00f6r\u0259 ba\u015flayan etirazlar qanl\u0131 toqqu\u015fmalara \u00e7evrildi","datePublished":"2022-04-01T18:45:39+00:00","dateModified":"2022-04-01T18:45:41+00:00","mainEntityOfPage":{"@id":"https:\/\/www.meydan.tv\/az\/article\/sosial-problemlere-gore-baslayan-etirazlar-qanli-toqqusmalara-cevrildi\/"},"wordCount":110,"publisher":{"@id":"https:\/\/www.meydan.tv\/az\/#organization"},"image":{"@id":"https:\/\/www.meydan.tv\/az\/article\/sosial-problemlere-gore-baslayan-etirazlar-qanli-toqqusmalara-cevrildi\/#primaryimage"},"thumbnailUrl":"https:\/\/www.meydan.tv\/wp-content\/uploads\/screenshot-2022-04-01-at-20.40.43.png","articleSection":["Video"],"inLanguage":"az"},{"@type":"WebPage","@id":"https:\/\/www.meydan.tv\/az\/article\/sosial-problemlere-gore-baslayan-etirazlar-qanli-toqqusmalara-cevrildi\/","url":"https:\/\/www.meydan.tv\/az\/article\/sosial-problemlere-gore-baslayan-etirazlar-qanli-toqqusmalara-cevrildi\/","name":"Sosial probleml\u0259r\u0259 g\u00f6r\u0259 ba\u015flayan etirazlar qanl\u0131 toqqu\u015fmalara \u00e7evrildi - MEYDAN.TV","isPartOf":{"@id":"https:\/\/www.meydan.tv\/az\/#website"},"primaryImageOfPage":{"@id":"https:\/\/www.meydan.tv\/az\/article\/sosial-problemlere-gore-baslayan-etirazlar-qanli-toqqusmalara-cevrildi\/#primaryimage"},"image":{"@id":"https:\/\/www.meydan.tv\/az\/article\/sosial-problemlere-gore-baslayan-etirazlar-qanli-toqqusmalara-cevrildi\/#primaryimage"},"thumbnailUrl":"https:\/\/www.meydan.tv\/wp-content\/uploads\/screenshot-2022-04-01-at-20.40.43.png","datePublished":"2022-04-01T18:45:39+00:00","dateModified":"2022-04-01T18:45:41+00:00","breadcrumb":{"@id":"https:\/\/www.meydan.tv\/az\/article\/sosial-problemlere-gore-baslayan-etirazlar-qanli-toqqusmalara-cevrildi\/#breadcrumb"},"inLanguage":"az","potentialAction":[{"@type":"ReadAction","target":["https:\/\/www.meydan.tv\/az\/article\/sosial-problemlere-gore-baslayan-etirazlar-qanli-toqqusmalara-cevrildi\/"]}]},{"@type":"ImageObject","inLanguage":"az","@id":"https:\/\/www.meydan.tv\/az\/article\/sosial-problemlere-gore-baslayan-etirazlar-qanli-toqqusmalara-cevrildi\/#primaryimage","url":"https:\/\/www.meydan.tv\/wp-content\/uploads\/screenshot-2022-04-01-at-20.40.43.png","contentUrl":"https:\/\/www.meydan.tv\/wp-content\/uploads\/screenshot-2022-04-01-at-20.40.43.png","width":1756,"height":978},{"@type":"BreadcrumbList","@id":"https:\/\/www.meydan.tv\/az\/article\/sosial-problemlere-gore-baslayan-etirazlar-qanli-toqqusmalara-cevrildi\/#breadcrumb","itemListElement":[{"@type":"ListItem","position":1,"name":"Ana s\u0259hif\u0259","item":"https:\/\/www.meydan.tv\/az\/"},{"@type":"ListItem","position":2,"name":"Video","item":"https:\/\/www.meydan.tv\/az\/section\/video-2\/"},{"@type":"ListItem","position":3,"name":"Sosial probleml\u0259r\u0259 g\u00f6r\u0259 ba\u015flayan etirazlar qanl\u0131 toqqu\u015fmalara \u00e7evrildi"}]},{"@type":"WebSite","@id":"https:\/\/www.meydan.tv\/az\/#website","url":"https:\/\/www.meydan.tv\/az\/","name":"MEYDAN.TV","description":"Meydan TV Az\u0259rbaycan\u0131n media m\u0259kan\u0131ndak\u0131 alternativ s\u0259sidir","publisher":{"@id":"https:\/\/www.meydan.tv\/az\/#organization"},"potentialAction":[{"@type":"SearchAction","target":{"@type":"EntryPoint","urlTemplate":"https:\/\/www.meydan.tv\/az\/?s={search_term_string}"},"query-input":{"@type":"PropertyValueSpecification","valueRequired":true,"valueName":"search_term_string"}}],"inLanguage":"az"},{"@type":"Organization","@id":"https:\/\/www.meydan.tv\/az\/#organization","name":"Meydan TV","url":"https:\/\/www.meydan.tv\/az\/","logo":{"@type":"ImageObject","inLanguage":"az","@id":"https:\/\/www.meydan.tv\/az\/#\/schema\/logo\/image\/","url":"https:\/\/www.meydan.tv\/wp-content\/uploads\/2021\/07\/meydan-logo.svg","contentUrl":"https:\/\/www.meydan.tv\/wp-content\/uploads\/2021\/07\/meydan-logo.svg","width":195,"height":46,"caption":"Meydan TV"},"image":{"@id":"https:\/\/www.meydan.tv\/az\/#\/schema\/logo\/image\/"}},{"@type":"Person","@id":"https:\/\/www.meydan.tv\/az\/#\/schema\/person\/8f23e01c4de63326c13c319fb65ee65d","name":"roma"}]}},"_links":{"self":[{"href":"https:\/\/www.meydan.tv\/az\/wp-json\/wp\/v2\/posts\/240346","targetHints":{"allow":["GET"]}}],"collection":[{"href":"https:\/\/www.meydan.tv\/az\/wp-json\/wp\/v2\/posts"}],"about":[{"href":"https:\/\/www.meydan.tv\/az\/wp-json\/wp\/v2\/types\/post"}],"author":[{"embeddable":true,"href":"https:\/\/www.meydan.tv\/az\/wp-json\/wp\/v2\/users\/14"}],"replies":[{"embeddable":true,"href":"https:\/\/www.meydan.tv\/az\/wp-json\/wp\/v2\/comments?post=240346"}],"version-history":[{"count":1,"href":"https:\/\/www.meydan.tv\/az\/wp-json\/wp\/v2\/posts\/240346\/revisions"}],"predecessor-version":[{"id":240350,"href":"https:\/\/www.meydan.tv\/az\/wp-json\/wp\/v2\/posts\/240346\/revisions\/240350"}],"wp:featuredmedia":[{"embeddable":true,"href":"https:\/\/www.meydan.tv\/az\/wp-json\/wp\/v2\/media\/240347"}],"wp:attachment":[{"href":"https:\/\/www.meydan.tv\/az\/wp-json\/wp\/v2\/media?parent=240346"}],"wp:term":[{"taxonomy":"category","embeddable":true,"href":"https:\/\/www.meydan.tv\/az\/wp-json\/wp\/v2\/categories?post=240346"},{"taxonomy":"post_tag","embeddable":true,"href":"https:\/\/www.meydan.tv\/az\/wp-json\/wp\/v2\/tags?post=240346"}],"curies":[{"name":"wp","href":"https:\/\/api.w.org\/{rel}","templated":true}]}}