{"id":240281,"date":"2022-04-01T16:29:21","date_gmt":"2022-04-01T12:29:21","guid":{"rendered":"https:\/\/www.meydan.tv\/?p=240281"},"modified":"2022-04-01T16:29:22","modified_gmt":"2022-04-01T12:29:22","slug":"depardye-putinin-cilginliqlarina-gore-rus-xalqi-mesuliyyet-dasimir","status":"publish","type":"post","link":"https:\/\/www.meydan.tv\/az\/article\/depardye-putinin-cilginliqlarina-gore-rus-xalqi-mesuliyyet-dasimir\/","title":{"rendered":"Depardye: &#8220;Putinin \u00e7\u0131l\u011f\u0131nl\u0131qlar\u0131na g\u00f6r\u0259 rus xalq\u0131 m\u0259suliyy\u0259t da\u015f\u0131m\u0131r&#8221;"},"content":{"rendered":"\n<p><\/p>\n\n\n\n<p><em>Peskov: &#8220;Depardye n\u0259 ba\u015f verdiyini tam ba\u015fa d\u00fc\u015fm\u00fcr&#8221;<\/em><br><\/p>\n\n\n\n<p>\u201cRus xalq\u0131 Vladimir Putin kimi liderl\u0259rin h\u0259ddini a\u015fm\u0131\u015f \u00e7\u0131l\u011f\u0131nl\u0131qlar\u0131na g\u00f6r\u0259 m\u0259suliyy\u0259t da\u015f\u0131m\u0131r\u201d.<br><\/p>\n\n\n\n<p>Bunu fransal\u0131 aktyor Jerar Depardye Rusiya-Ukrayna m\u00fcnaqi\u015f\u0259si haqq\u0131nda dan\u0131\u015fark\u0259n <a href=\"https:\/\/news.yahoo.com\/depardieu-denounces-putins-crazy-excesses-180828422.html?guccounter=1&amp;guce_referrer=aHR0cHM6Ly9sLmZhY2Vib29rLmNvbS8&amp;guce_referrer_sig=AQAAAGZLdi_BKQBgu_8LcrXlU5mU4GPVGqzPt3q8KqWUkzLtOFJp-x8eBJTXvHQEny9N-qmoUTWz1V8UUfogTmLKchjCqcU0r25dimKyZ0ribvYhHqH4FwH86FMmo6I8LUVi9PKneqaQDblcDsIqajUA2CKsY04igIRJfYNIrDn95YAR\" target=\"_blank\" rel=\"noreferrer noopener\">deyib<\/a>.<\/p>\n\n\n\n<p>Bu, Depardyenin Rusiya qo\u015funlar\u0131n\u0131n Ukrayna \u0259razisin\u0259 daxil olmas\u0131 il\u0259 ba\u011fl\u0131 ikinci a\u00e7\u0131qlamas\u0131d\u0131r.<br><\/p>\n\n\n\n<p>\u201cRusiya il\u0259 Ukrayna h\u0259mi\u015f\u0259 qarda\u015f \u00f6lk\u0259l\u0259r olub. M\u0259n qarda\u015f m\u00fcharib\u0259sinin \u0259leyhin\u0259y\u0259m. Silahdan istifad\u0259ni dayand\u0131r\u0131n v\u0259 dan\u0131\u015f\u0131qlar apar\u0131n\u201d, &#8211; h\u0259rbi m\u00fcnaqi\u015f\u0259nin alt\u0131nc\u0131 g\u00fcn\u00fc aktyor <a href=\"https:\/\/www.rfi.fr\/ru\/%D1%84%D1%80%D0%B0%D0%BD%D1%86%D0%B8%D1%8F\/20220301-%D0%B2%D0%BE%D0%B9%D0%BD%D0%B0-%D1%80%D1%84-%D0%BF%D1%80%D0%BE%D1%82%D0%B8%D0%B2-%D1%83%D0%BA%D1%80%D0%B0%D0%B8%D0%BD%D1%8B-%D0%B6%D0%B5%D1%80%D0%B0%D1%80-%D0%B4%D0%B5%D0%BF%D0%B0%D1%80%D0%B4%D1%8C%D0%B5-%D0%BF%D1%80%D0%B8%D0%B7%D0%B2%D0%B0%D0%BB-%D1%81%D0%BB%D0%BE%D0%B6%D0%B8%D1%82%D1%8C-%D0%BE%D1%80%D1%83%D0%B6%D0%B8%D0%B5-%D0%B8-%D0%B2%D0%B5%D1%81%D1%82%D0%B8-%D0%BF%D0%B5%D1%80%D0%B5%D0%B3%D0%BE%D0%B2%D0%BE%D1%80%D1%8B\" target=\"_blank\" rel=\"noreferrer noopener\">demi\u015fdi<\/a>. <br><\/p>\n\n\n\n<p>&#8220;Rusiya r\u0259hb\u0259rliyinin h\u0259r\u0259k\u0259tl\u0259rin\u0259 qar\u015f\u0131 s\u0259rt a\u00e7\u0131qlamalar ver\u0259n aktyor Jerar Depardye, y\u0259qin ki, n\u0259 ba\u015f verdiyini tam ba\u015fa d\u00fc\u015fm\u00fcr&#8221;.<br><\/p>\n\n\n\n<p>Bunu is\u0259 Kremlin s\u00f6z\u00e7\u00fcs\u00fc Dmitri Peskov Jerar Depardyenin fikirl\u0259rin\u0259 cavab ver\u0259rk\u0259n <a href=\"https:\/\/meduza.io\/news\/2022\/04\/01\/depardie-osudil-bezumnye-postupki-putina-peskov-zayavil-chto-akter-ne-ponimaet-chto-proishodit\" target=\"_blank\" rel=\"noreferrer noopener\">deyib<\/a>.<br><\/p>\n\n\n\n<p>\u201cO, 2014-c\u00fc ild\u0259 Ukraynada ba\u015f ver\u0259nl\u0259ri, Minsk raz\u0131la\u015fmas\u0131n\u0131, Donetsk v\u0259 Luhansk\u0131n n\u0259 oldu\u011funu ba\u015fa d\u00fc\u015fm\u00fcr. Depardye dinc \u0259halinin bombalanmas\u0131n\u0131 \u00e7\u0259tin ki, anlaya. Laz\u0131m g\u0259l\u0259rs\u0259, ba\u015f ver\u0259nl\u0259ri ona izah etm\u0259y\u0259 haz\u0131r\u0131q\u201d, &#8211; dey\u0259 Peskov qeyd edib.<br><\/p>\n\n\n\n<p>Jerar Depardye 2013-c\u00fc ilin yanvar\u0131nda Rusiya v\u0259t\u0259nda\u015fl\u0131\u011f\u0131 al\u0131b.<br>Aktyor Fransan\u0131n ozamank\u0131 prezidenti Fransua Olland\u0131n \u00f6lk\u0259nin \u0259n varl\u0131 v\u0259t\u0259nda\u015flar\u0131ndan 75 faiz vergi t\u0259tbiq etm\u0259k niyy\u0259tin\u0259 etiraz olaraq Rusiyadan v\u0259t\u0259nda\u015fl\u0131q ist\u0259mi\u015fdi.<br><\/p>\n\n\n\n<p>2013-c\u00fc ilin fevral\u0131nda \u00c7e\u00e7enistan r\u0259hb\u0259ri Ramzan Kad\u0131rovun q\u0259rar\u0131 il\u0259 aktyora respublikan\u0131n f\u0259xri v\u0259t\u0259nda\u015f\u0131 statusu, h\u0259m\u00e7inin 5 otaql\u0131 m\u0259nzil verilib.<br><\/p>\n\n\n\n<p>2015-ci ild\u0259 Jerar Depardye Aleksandr Luka\u015fenko il\u0259 \u015f\u0259xs\u0259n tan\u0131\u015f olub.<br>Belarus prezidenti aktyora 99 il m\u00fcdd\u0259tin\u0259 Zaslavski su anbar\u0131n\u0131n (Minsk d\u0259nizi) sahilind\u0259 15 hektar \u0259razi icar\u0259y\u0259 verilm\u0259sini tap\u015f\u0131r\u0131b.<br>H\u0259min \u0259razi prestijli \u015f\u0259h\u0259r\u0259traf\u0131 \u0259razil\u0259rd\u0259n hesab edilir.<br>Aktyorun icar\u0259 m\u00fcdd\u0259ti \u00fc\u00e7\u00fcn ild\u0259 t\u0259xmin\u0259n 133 rubl \u00f6d\u0259diyi <a href=\"https:\/\/udf.name\/news\/realt\/212422-chto-postroil-zherar-deparde-v-jelitnom-poselke-laporovichi-pod-minskom.html\" target=\"_blank\" rel=\"noreferrer noopener\">bildirilir<\/a>.<br><\/p>\n\n\n\n<p>Rusiya fevral\u0131n 24-d\u0259 Ukraynada h\u0259rbi \u0259m\u0259liyyatlara ba\u015flay\u0131b.<br>Ondan 2 g\u00fcn \u00f6nc\u0259 is\u0259 Rusiya Prezidenti Vladimir Putin a\u00e7\u0131qlama ver\u0259r\u0259k Ukraynan\u0131n \u015f\u0259rqind\u0259ki separat\u00e7\u0131 qurumlar\u0131 tan\u0131d\u0131\u011f\u0131n\u0131 b\u0259yan edib.<br><\/p>\n\n\n\n<p>Ukrayna, Q\u0259rb liderl\u0259ri h\u0259rbi \u0259m\u0259liyyat\u0131 pisl\u0259yib, Putinin buna g\u00f6r\u0259 cavab ver\u0259c\u0259yini bildiribl\u0259r.<br>Bundan sonra Avropa Birliyi \u00f6lk\u0259l\u0259rind\u0259n, el\u0259c\u0259 d\u0259 AB\u015e-dan Rusiyaya qar\u015f\u0131 sanksiyalar g\u0259lm\u0259y\u0259 ba\u015flay\u0131b.<br>Sanksiya t\u0259tbiq edil\u0259n 600-d\u0259n \u00e7ox \u015f\u0259xsin i\u00e7ind\u0259 oliqarxlar, y\u00fcks\u0259k r\u00fctb\u0259li h\u0259rb\u00e7il\u0259r, \u015firk\u0259t sahibl\u0259ri, biznesmenl\u0259rl\u0259 yana\u015f\u0131, Rusiya Prezidenti Vladimir Putin v\u0259 xarici i\u015fl\u0259r naziri Sergey Lavrov da var.<\/p>\n","protected":false},"excerpt":{"rendered":"<p>Peskov: &#8220;Depardye n\u0259 ba\u015f verdiyini tam ba\u015fa d\u00fc\u015fm\u00fcr&#8221; \u201cRus xalq\u0131 &#8230; <\/p>\n<p class=\"read-more-container\"><a title=\"Depardye: &#8220;Putinin \u00e7\u0131l\u011f\u0131nl\u0131qlar\u0131na g\u00f6r\u0259 rus xalq\u0131 m\u0259suliyy\u0259t da\u015f\u0131m\u0131r&#8221;\" class=\"read-more button\" href=\"https:\/\/www.meydan.tv\/az\/article\/depardye-putinin-cilginliqlarina-gore-rus-xalqi-mesuliyyet-dasimir\/#more-240281\" aria-label=\"Read more about Depardye: &#8220;Putinin \u00e7\u0131l\u011f\u0131nl\u0131qlar\u0131na g\u00f6r\u0259 rus xalq\u0131 m\u0259suliyy\u0259t da\u015f\u0131m\u0131r&#8221;\">Davam\u0131<\/a><\/p>\n","protected":false},"author":8,"featured_media":133008,"comment_status":"closed","ping_status":"closed","sticky":false,"template":"","format":"standard","meta":{"_acf_changed":false,"_sitemap_exclude":false,"_sitemap_priority":"","_sitemap_frequency":"","footnotes":""},"categories":[52,56],"tags":[],"class_list":["post-240281","post","type-post","status-publish","format-standard","has-post-thumbnail","hentry","category-medeniyyet","category-xeberler","infinite-scroll-item","generate-columns","tablet-grid-50","mobile-grid-100","grid-parent","grid-33","no-featured-image-padding"],"acf":[],"yoast_head":"<!-- This site is optimized with the Yoast SEO plugin v27.4 - https:\/\/yoast.com\/product\/yoast-seo-wordpress\/ -->\n<title>Depardye: &quot;Putinin \u00e7\u0131l\u011f\u0131nl\u0131qlar\u0131na g\u00f6r\u0259 rus xalq\u0131 m\u0259suliyy\u0259t da\u015f\u0131m\u0131r&quot; - MEYDAN.TV<\/title>\n<meta name=\"robots\" content=\"index, follow, max-snippet:-1, max-image-preview:large, max-video-preview:-1\" \/>\n<link rel=\"canonical\" href=\"https:\/\/www.meydan.tv\/az\/article\/depardye-putinin-cilginliqlarina-gore-rus-xalqi-mesuliyyet-dasimir\/\" \/>\n<meta property=\"og:locale\" content=\"az_AZ\" \/>\n<meta property=\"og:type\" content=\"article\" \/>\n<meta property=\"og:title\" content=\"Depardye: &quot;Putinin \u00e7\u0131l\u011f\u0131nl\u0131qlar\u0131na g\u00f6r\u0259 rus xalq\u0131 m\u0259suliyy\u0259t da\u015f\u0131m\u0131r&quot; - MEYDAN.TV\" \/>\n<meta property=\"og:description\" content=\"Peskov: &#8220;Depardye n\u0259 ba\u015f verdiyini tam ba\u015fa d\u00fc\u015fm\u00fcr&#8221; \u201cRus xalq\u0131 ... Davam\u0131\" \/>\n<meta property=\"og:url\" content=\"https:\/\/www.meydan.tv\/az\/article\/depardye-putinin-cilginliqlarina-gore-rus-xalqi-mesuliyyet-dasimir\/\" \/>\n<meta property=\"og:site_name\" content=\"MEYDAN.TV\" \/>\n<meta property=\"article:published_time\" content=\"2022-04-01T12:29:21+00:00\" \/>\n<meta property=\"article:modified_time\" content=\"2022-04-01T12:29:22+00:00\" \/>\n<meta property=\"og:image\" content=\"https:\/\/www.meydan.tv\/wp-content\/uploads\/depardye-e1648815837878.jpeg\" \/>\n\t<meta property=\"og:image:width\" content=\"750\" \/>\n\t<meta property=\"og:image:height\" content=\"405\" \/>\n\t<meta property=\"og:image:type\" content=\"image\/jpeg\" \/>\n<meta name=\"author\" content=\"elli\" \/>\n<meta name=\"twitter:card\" content=\"summary_large_image\" \/>\n<meta name=\"twitter:creator\" content=\"@elli\" \/>\n<script type=\"application\/ld+json\" class=\"yoast-schema-graph\">{\"@context\":\"https:\\\/\\\/schema.org\",\"@graph\":[{\"@type\":\"Article\",\"@id\":\"https:\\\/\\\/www.meydan.tv\\\/az\\\/article\\\/depardye-putinin-cilginliqlarina-gore-rus-xalqi-mesuliyyet-dasimir\\\/#article\",\"isPartOf\":{\"@id\":\"https:\\\/\\\/www.meydan.tv\\\/az\\\/article\\\/depardye-putinin-cilginliqlarina-gore-rus-xalqi-mesuliyyet-dasimir\\\/\"},\"author\":{\"name\":\"elli\",\"@id\":\"https:\\\/\\\/www.meydan.tv\\\/az\\\/#\\\/schema\\\/person\\\/9cdbecf90d17180ce1dfbd95b08dcf47\"},\"headline\":\"Depardye: &#8220;Putinin \u00e7\u0131l\u011f\u0131nl\u0131qlar\u0131na g\u00f6r\u0259 rus xalq\u0131 m\u0259suliyy\u0259t da\u015f\u0131m\u0131r&#8221;\",\"datePublished\":\"2022-04-01T12:29:21+00:00\",\"dateModified\":\"2022-04-01T12:29:22+00:00\",\"mainEntityOfPage\":{\"@id\":\"https:\\\/\\\/www.meydan.tv\\\/az\\\/article\\\/depardye-putinin-cilginliqlarina-gore-rus-xalqi-mesuliyyet-dasimir\\\/\"},\"wordCount\":496,\"publisher\":{\"@id\":\"https:\\\/\\\/www.meydan.tv\\\/az\\\/#organization\"},\"image\":{\"@id\":\"https:\\\/\\\/www.meydan.tv\\\/az\\\/article\\\/depardye-putinin-cilginliqlarina-gore-rus-xalqi-mesuliyyet-dasimir\\\/#primaryimage\"},\"thumbnailUrl\":\"https:\\\/\\\/www.meydan.tv\\\/wp-content\\\/uploads\\\/depardye-e1648815837878.jpeg\",\"articleSection\":[\"M\u0259d\u0259niyy\u0259t\",\"X\u0259b\u0259rl\u0259r\"],\"inLanguage\":\"az\"},{\"@type\":\"WebPage\",\"@id\":\"https:\\\/\\\/www.meydan.tv\\\/az\\\/article\\\/depardye-putinin-cilginliqlarina-gore-rus-xalqi-mesuliyyet-dasimir\\\/\",\"url\":\"https:\\\/\\\/www.meydan.tv\\\/az\\\/article\\\/depardye-putinin-cilginliqlarina-gore-rus-xalqi-mesuliyyet-dasimir\\\/\",\"name\":\"Depardye: \\\"Putinin \u00e7\u0131l\u011f\u0131nl\u0131qlar\u0131na g\u00f6r\u0259 rus xalq\u0131 m\u0259suliyy\u0259t da\u015f\u0131m\u0131r\\\" - MEYDAN.TV\",\"isPartOf\":{\"@id\":\"https:\\\/\\\/www.meydan.tv\\\/az\\\/#website\"},\"primaryImageOfPage\":{\"@id\":\"https:\\\/\\\/www.meydan.tv\\\/az\\\/article\\\/depardye-putinin-cilginliqlarina-gore-rus-xalqi-mesuliyyet-dasimir\\\/#primaryimage\"},\"image\":{\"@id\":\"https:\\\/\\\/www.meydan.tv\\\/az\\\/article\\\/depardye-putinin-cilginliqlarina-gore-rus-xalqi-mesuliyyet-dasimir\\\/#primaryimage\"},\"thumbnailUrl\":\"https:\\\/\\\/www.meydan.tv\\\/wp-content\\\/uploads\\\/depardye-e1648815837878.jpeg\",\"datePublished\":\"2022-04-01T12:29:21+00:00\",\"dateModified\":\"2022-04-01T12:29:22+00:00\",\"breadcrumb\":{\"@id\":\"https:\\\/\\\/www.meydan.tv\\\/az\\\/article\\\/depardye-putinin-cilginliqlarina-gore-rus-xalqi-mesuliyyet-dasimir\\\/#breadcrumb\"},\"inLanguage\":\"az\",\"potentialAction\":[{\"@type\":\"ReadAction\",\"target\":[\"https:\\\/\\\/www.meydan.tv\\\/az\\\/article\\\/depardye-putinin-cilginliqlarina-gore-rus-xalqi-mesuliyyet-dasimir\\\/\"]}]},{\"@type\":\"ImageObject\",\"inLanguage\":\"az\",\"@id\":\"https:\\\/\\\/www.meydan.tv\\\/az\\\/article\\\/depardye-putinin-cilginliqlarina-gore-rus-xalqi-mesuliyyet-dasimir\\\/#primaryimage\",\"url\":\"https:\\\/\\\/www.meydan.tv\\\/wp-content\\\/uploads\\\/depardye-e1648815837878.jpeg\",\"contentUrl\":\"https:\\\/\\\/www.meydan.tv\\\/wp-content\\\/uploads\\\/depardye-e1648815837878.jpeg\",\"width\":750,\"height\":405,\"caption\":\"Source: Foto: Meydan TV\"},{\"@type\":\"BreadcrumbList\",\"@id\":\"https:\\\/\\\/www.meydan.tv\\\/az\\\/article\\\/depardye-putinin-cilginliqlarina-gore-rus-xalqi-mesuliyyet-dasimir\\\/#breadcrumb\",\"itemListElement\":[{\"@type\":\"ListItem\",\"position\":1,\"name\":\"Ana s\u0259hif\u0259\",\"item\":\"https:\\\/\\\/www.meydan.tv\\\/az\\\/\"},{\"@type\":\"ListItem\",\"position\":2,\"name\":\"M\u0259d\u0259niyy\u0259t\",\"item\":\"https:\\\/\\\/www.meydan.tv\\\/az\\\/section\\\/medeniyyet\\\/\"},{\"@type\":\"ListItem\",\"position\":3,\"name\":\"Depardye: &#8220;Putinin \u00e7\u0131l\u011f\u0131nl\u0131qlar\u0131na g\u00f6r\u0259 rus xalq\u0131 m\u0259suliyy\u0259t da\u015f\u0131m\u0131r&#8221;\"}]},{\"@type\":\"WebSite\",\"@id\":\"https:\\\/\\\/www.meydan.tv\\\/az\\\/#website\",\"url\":\"https:\\\/\\\/www.meydan.tv\\\/az\\\/\",\"name\":\"MEYDAN.TV\",\"description\":\"Meydan TV Az\u0259rbaycan\u0131n media m\u0259kan\u0131ndak\u0131 alternativ s\u0259sidir\",\"publisher\":{\"@id\":\"https:\\\/\\\/www.meydan.tv\\\/az\\\/#organization\"},\"potentialAction\":[{\"@type\":\"SearchAction\",\"target\":{\"@type\":\"EntryPoint\",\"urlTemplate\":\"https:\\\/\\\/www.meydan.tv\\\/az\\\/?s={search_term_string}\"},\"query-input\":{\"@type\":\"PropertyValueSpecification\",\"valueRequired\":true,\"valueName\":\"search_term_string\"}}],\"inLanguage\":\"az\"},{\"@type\":\"Organization\",\"@id\":\"https:\\\/\\\/www.meydan.tv\\\/az\\\/#organization\",\"name\":\"Meydan TV\",\"url\":\"https:\\\/\\\/www.meydan.tv\\\/az\\\/\",\"logo\":{\"@type\":\"ImageObject\",\"inLanguage\":\"az\",\"@id\":\"https:\\\/\\\/www.meydan.tv\\\/az\\\/#\\\/schema\\\/logo\\\/image\\\/\",\"url\":\"https:\\\/\\\/www.meydan.tv\\\/wp-content\\\/uploads\\\/2021\\\/07\\\/meydan-logo.svg\",\"contentUrl\":\"https:\\\/\\\/www.meydan.tv\\\/wp-content\\\/uploads\\\/2021\\\/07\\\/meydan-logo.svg\",\"width\":195,\"height\":46,\"caption\":\"Meydan TV\"},\"image\":{\"@id\":\"https:\\\/\\\/www.meydan.tv\\\/az\\\/#\\\/schema\\\/logo\\\/image\\\/\"}},{\"@type\":\"Person\",\"@id\":\"https:\\\/\\\/www.meydan.tv\\\/az\\\/#\\\/schema\\\/person\\\/9cdbecf90d17180ce1dfbd95b08dcf47\",\"name\":\"elli\",\"sameAs\":[\"https:\\\/\\\/x.com\\\/elli\"]}]}<\/script>\n<!-- \/ Yoast SEO plugin. -->","yoast_head_json":{"title":"Depardye: \"Putinin \u00e7\u0131l\u011f\u0131nl\u0131qlar\u0131na g\u00f6r\u0259 rus xalq\u0131 m\u0259suliyy\u0259t da\u015f\u0131m\u0131r\" - MEYDAN.TV","robots":{"index":"index","follow":"follow","max-snippet":"max-snippet:-1","max-image-preview":"max-image-preview:large","max-video-preview":"max-video-preview:-1"},"canonical":"https:\/\/www.meydan.tv\/az\/article\/depardye-putinin-cilginliqlarina-gore-rus-xalqi-mesuliyyet-dasimir\/","og_locale":"az_AZ","og_type":"article","og_title":"Depardye: \"Putinin \u00e7\u0131l\u011f\u0131nl\u0131qlar\u0131na g\u00f6r\u0259 rus xalq\u0131 m\u0259suliyy\u0259t da\u015f\u0131m\u0131r\" - MEYDAN.TV","og_description":"Peskov: &#8220;Depardye n\u0259 ba\u015f verdiyini tam ba\u015fa d\u00fc\u015fm\u00fcr&#8221; \u201cRus xalq\u0131 ... Davam\u0131","og_url":"https:\/\/www.meydan.tv\/az\/article\/depardye-putinin-cilginliqlarina-gore-rus-xalqi-mesuliyyet-dasimir\/","og_site_name":"MEYDAN.TV","article_published_time":"2022-04-01T12:29:21+00:00","article_modified_time":"2022-04-01T12:29:22+00:00","og_image":[{"width":750,"height":405,"url":"https:\/\/www.meydan.tv\/wp-content\/uploads\/depardye-e1648815837878.jpeg","type":"image\/jpeg"}],"author":"elli","twitter_card":"summary_large_image","twitter_creator":"@elli","schema":{"@context":"https:\/\/schema.org","@graph":[{"@type":"Article","@id":"https:\/\/www.meydan.tv\/az\/article\/depardye-putinin-cilginliqlarina-gore-rus-xalqi-mesuliyyet-dasimir\/#article","isPartOf":{"@id":"https:\/\/www.meydan.tv\/az\/article\/depardye-putinin-cilginliqlarina-gore-rus-xalqi-mesuliyyet-dasimir\/"},"author":{"name":"elli","@id":"https:\/\/www.meydan.tv\/az\/#\/schema\/person\/9cdbecf90d17180ce1dfbd95b08dcf47"},"headline":"Depardye: &#8220;Putinin \u00e7\u0131l\u011f\u0131nl\u0131qlar\u0131na g\u00f6r\u0259 rus xalq\u0131 m\u0259suliyy\u0259t da\u015f\u0131m\u0131r&#8221;","datePublished":"2022-04-01T12:29:21+00:00","dateModified":"2022-04-01T12:29:22+00:00","mainEntityOfPage":{"@id":"https:\/\/www.meydan.tv\/az\/article\/depardye-putinin-cilginliqlarina-gore-rus-xalqi-mesuliyyet-dasimir\/"},"wordCount":496,"publisher":{"@id":"https:\/\/www.meydan.tv\/az\/#organization"},"image":{"@id":"https:\/\/www.meydan.tv\/az\/article\/depardye-putinin-cilginliqlarina-gore-rus-xalqi-mesuliyyet-dasimir\/#primaryimage"},"thumbnailUrl":"https:\/\/www.meydan.tv\/wp-content\/uploads\/depardye-e1648815837878.jpeg","articleSection":["M\u0259d\u0259niyy\u0259t","X\u0259b\u0259rl\u0259r"],"inLanguage":"az"},{"@type":"WebPage","@id":"https:\/\/www.meydan.tv\/az\/article\/depardye-putinin-cilginliqlarina-gore-rus-xalqi-mesuliyyet-dasimir\/","url":"https:\/\/www.meydan.tv\/az\/article\/depardye-putinin-cilginliqlarina-gore-rus-xalqi-mesuliyyet-dasimir\/","name":"Depardye: \"Putinin \u00e7\u0131l\u011f\u0131nl\u0131qlar\u0131na g\u00f6r\u0259 rus xalq\u0131 m\u0259suliyy\u0259t da\u015f\u0131m\u0131r\" - MEYDAN.TV","isPartOf":{"@id":"https:\/\/www.meydan.tv\/az\/#website"},"primaryImageOfPage":{"@id":"https:\/\/www.meydan.tv\/az\/article\/depardye-putinin-cilginliqlarina-gore-rus-xalqi-mesuliyyet-dasimir\/#primaryimage"},"image":{"@id":"https:\/\/www.meydan.tv\/az\/article\/depardye-putinin-cilginliqlarina-gore-rus-xalqi-mesuliyyet-dasimir\/#primaryimage"},"thumbnailUrl":"https:\/\/www.meydan.tv\/wp-content\/uploads\/depardye-e1648815837878.jpeg","datePublished":"2022-04-01T12:29:21+00:00","dateModified":"2022-04-01T12:29:22+00:00","breadcrumb":{"@id":"https:\/\/www.meydan.tv\/az\/article\/depardye-putinin-cilginliqlarina-gore-rus-xalqi-mesuliyyet-dasimir\/#breadcrumb"},"inLanguage":"az","potentialAction":[{"@type":"ReadAction","target":["https:\/\/www.meydan.tv\/az\/article\/depardye-putinin-cilginliqlarina-gore-rus-xalqi-mesuliyyet-dasimir\/"]}]},{"@type":"ImageObject","inLanguage":"az","@id":"https:\/\/www.meydan.tv\/az\/article\/depardye-putinin-cilginliqlarina-gore-rus-xalqi-mesuliyyet-dasimir\/#primaryimage","url":"https:\/\/www.meydan.tv\/wp-content\/uploads\/depardye-e1648815837878.jpeg","contentUrl":"https:\/\/www.meydan.tv\/wp-content\/uploads\/depardye-e1648815837878.jpeg","width":750,"height":405,"caption":"Source: Foto: Meydan TV"},{"@type":"BreadcrumbList","@id":"https:\/\/www.meydan.tv\/az\/article\/depardye-putinin-cilginliqlarina-gore-rus-xalqi-mesuliyyet-dasimir\/#breadcrumb","itemListElement":[{"@type":"ListItem","position":1,"name":"Ana s\u0259hif\u0259","item":"https:\/\/www.meydan.tv\/az\/"},{"@type":"ListItem","position":2,"name":"M\u0259d\u0259niyy\u0259t","item":"https:\/\/www.meydan.tv\/az\/section\/medeniyyet\/"},{"@type":"ListItem","position":3,"name":"Depardye: &#8220;Putinin \u00e7\u0131l\u011f\u0131nl\u0131qlar\u0131na g\u00f6r\u0259 rus xalq\u0131 m\u0259suliyy\u0259t da\u015f\u0131m\u0131r&#8221;"}]},{"@type":"WebSite","@id":"https:\/\/www.meydan.tv\/az\/#website","url":"https:\/\/www.meydan.tv\/az\/","name":"MEYDAN.TV","description":"Meydan TV Az\u0259rbaycan\u0131n media m\u0259kan\u0131ndak\u0131 alternativ s\u0259sidir","publisher":{"@id":"https:\/\/www.meydan.tv\/az\/#organization"},"potentialAction":[{"@type":"SearchAction","target":{"@type":"EntryPoint","urlTemplate":"https:\/\/www.meydan.tv\/az\/?s={search_term_string}"},"query-input":{"@type":"PropertyValueSpecification","valueRequired":true,"valueName":"search_term_string"}}],"inLanguage":"az"},{"@type":"Organization","@id":"https:\/\/www.meydan.tv\/az\/#organization","name":"Meydan TV","url":"https:\/\/www.meydan.tv\/az\/","logo":{"@type":"ImageObject","inLanguage":"az","@id":"https:\/\/www.meydan.tv\/az\/#\/schema\/logo\/image\/","url":"https:\/\/www.meydan.tv\/wp-content\/uploads\/2021\/07\/meydan-logo.svg","contentUrl":"https:\/\/www.meydan.tv\/wp-content\/uploads\/2021\/07\/meydan-logo.svg","width":195,"height":46,"caption":"Meydan TV"},"image":{"@id":"https:\/\/www.meydan.tv\/az\/#\/schema\/logo\/image\/"}},{"@type":"Person","@id":"https:\/\/www.meydan.tv\/az\/#\/schema\/person\/9cdbecf90d17180ce1dfbd95b08dcf47","name":"elli","sameAs":["https:\/\/x.com\/elli"]}]}},"_links":{"self":[{"href":"https:\/\/www.meydan.tv\/az\/wp-json\/wp\/v2\/posts\/240281","targetHints":{"allow":["GET"]}}],"collection":[{"href":"https:\/\/www.meydan.tv\/az\/wp-json\/wp\/v2\/posts"}],"about":[{"href":"https:\/\/www.meydan.tv\/az\/wp-json\/wp\/v2\/types\/post"}],"author":[{"embeddable":true,"href":"https:\/\/www.meydan.tv\/az\/wp-json\/wp\/v2\/users\/8"}],"replies":[{"embeddable":true,"href":"https:\/\/www.meydan.tv\/az\/wp-json\/wp\/v2\/comments?post=240281"}],"version-history":[{"count":1,"href":"https:\/\/www.meydan.tv\/az\/wp-json\/wp\/v2\/posts\/240281\/revisions"}],"predecessor-version":[{"id":240293,"href":"https:\/\/www.meydan.tv\/az\/wp-json\/wp\/v2\/posts\/240281\/revisions\/240293"}],"wp:featuredmedia":[{"embeddable":true,"href":"https:\/\/www.meydan.tv\/az\/wp-json\/wp\/v2\/media\/133008"}],"wp:attachment":[{"href":"https:\/\/www.meydan.tv\/az\/wp-json\/wp\/v2\/media?parent=240281"}],"wp:term":[{"taxonomy":"category","embeddable":true,"href":"https:\/\/www.meydan.tv\/az\/wp-json\/wp\/v2\/categories?post=240281"},{"taxonomy":"post_tag","embeddable":true,"href":"https:\/\/www.meydan.tv\/az\/wp-json\/wp\/v2\/tags?post=240281"}],"curies":[{"name":"wp","href":"https:\/\/api.w.org\/{rel}","templated":true}]}}