{"id":240238,"date":"2022-04-01T12:43:05","date_gmt":"2022-04-01T08:43:05","guid":{"rendered":"https:\/\/www.meydan.tv\/?p=240238"},"modified":"2022-04-01T12:43:07","modified_gmt":"2022-04-01T08:43:07","slug":"rusiyanin-xalq-artisti-ukraynadaki-herbi-emeliyyatlari-pisledi","status":"publish","type":"post","link":"https:\/\/www.meydan.tv\/az\/article\/rusiyanin-xalq-artisti-ukraynadaki-herbi-emeliyyatlari-pisledi\/","title":{"rendered":"Rusiyan\u0131n\u00a0Xalq artisti Ukraynadak\u0131 h\u0259rbi \u0259m\u0259liyyatlar\u0131 pisl\u0259di"},"content":{"rendered":"\n<p><\/p>\n\n\n\n<p>&#8220;<em>M\u00fcharib\u0259 qurbanlar\u0131 v\u0259 onlar\u0131n ail\u0259l\u0259rinin yan\u0131ndayam&#8221;<\/em><\/p>\n\n\n\n<p>Rusiya Xalq artisti, opera ifa\u00e7\u0131s\u0131 Anna Netrebko Ukraynadak\u0131 h\u0259rbi \u0259m\u0259liyyatlar\u0131 pisl\u0259yib.<\/p>\n\n\n\n<p>M\u00fcnaqi\u015f\u0259 ba\u015flayandan sonra s\u0259hn\u0259y\u0259 \u00e7\u0131xmaqdan, h\u0259m\u00e7inin h\u0259r hans\u0131 a\u00e7\u0131qlama verm\u0259kd\u0259n yay\u0131nan m\u00fc\u011f\u0259nni ictimaiyy\u0259t t\u0259r\u0259find\u0259n yanl\u0131\u015f anla\u015f\u0131ld\u0131\u011f\u0131 <a href=\"https:\/\/www.facebook.com\/annanetrebko\/posts\/512787003549029\" target=\"_blank\" rel=\"noreferrer noopener\">q\u0259na\u0259tind\u0259dir<\/a>: <\/p>\n\n\n\n<p>&#8220;Ukraynadak\u0131 m\u00fcharib\u0259ni q\u0259ti \u015f\u0259kild\u0259 pisl\u0259yir\u0259m. M\u00fcharib\u0259 qurbanlar\u0131 v\u0259 onlar\u0131n ail\u0259l\u0259rinin yan\u0131ndayam. M\u0259nim m\u00f6vqeyim b\u0259llidir. He\u00e7 bir siyasi partiyan\u0131n \u00fczv\u00fc deyil\u0259m. H\u0259m\u00e7inin hans\u0131sa Rusiya lideri il\u0259 d\u0259 m\u00fctt\u0259fiq deyil\u0259m. \u018fslind\u0259, m\u0259n Prezident Putinl\u0259 c\u0259mi bir ne\u00e7\u0259 d\u0259f\u0259 yarad\u0131c\u0131l\u0131\u011f\u0131mla ba\u011fl\u0131 \u0259ld\u0259 etdiyim u\u011furlara g\u00f6r\u0259 t\u0259qdim olunan m\u00fckafatlar\u0131 almaq \u00fc\u00e7\u00fcn g\u00f6r\u00fc\u015fm\u00fc\u015f\u0259m&#8221;.<\/p>\n\n\n\n<p>Rusiya h\u00f6kum\u0259ti il\u0259 dostluq m\u00fcnasib\u0259tinin olmad\u0131\u011f\u0131n\u0131, maliyy\u0259 d\u0259st\u0259yi almad\u0131\u011f\u0131n\u0131 qeyd ed\u0259n ifa\u00e7\u0131 Avstriyada ya\u015fad\u0131\u011f\u0131n\u0131 \u0259lav\u0259 edib: &#8220;Avstriyada vergi rezidentiy\u0259m. V\u0259t\u0259nim Rusiyan\u0131 sevir\u0259m v\u0259 yaln\u0131z s\u0259n\u0259timl\u0259 s\u00fclh v\u0259 birlik axtar\u0131ram. Yarad\u0131c\u0131l\u0131\u011f\u0131mdak\u0131 fasil\u0259d\u0259n sonra may\u0131n sonunda ilk olaraq Avropada \u00e7\u0131x\u0131\u015flar\u0131m\u0131 davam etdir\u0259c\u0259y\u0259m&#8221;.<\/p>\n\n\n\n<p>Anna Netrebkonun a\u00e7\u0131qlamas\u0131n\u0131n ard\u0131nca Novosibirsk D\u00f6vl\u0259t Akademik Opera v\u0259 Balet Teatr\u0131 opera m\u00fc\u011f\u0259nnisinin iyunun 2-d\u0259 olacaq \u00e7\u0131x\u0131\u015f\u0131n\u0131 l\u0259\u011fv edib.<\/p>\n\n\n\n<p>Qurumun sayt\u0131nda yerl\u0259\u015fdiril\u0259n m\u0259lumatda bildirilir ki, Anna Netrebkonun \u00e7\u0131x\u0131\u015f\u0131 \u201cRusiyan\u0131n h\u0259r\u0259k\u0259tl\u0259rini pisl\u0259m\u0259si\u201d s\u0259b\u0259bind\u0259n <a href=\"https:\/\/novat.nsk.ru\/news\/events\/novat_otmenyaet_vystuplenie_anny_netrebko\/\" target=\"_blank\" rel=\"noreferrer noopener\">dayand\u0131r\u0131l\u0131b<\/a>.<\/p>\n\n\n\n<p>Rusiya fevral\u0131n 24-d\u0259 Ukraynada h\u0259rbi \u0259m\u0259liyyatlara ba\u015flay\u0131b.<\/p>\n\n\n\n<p>H\u0259min tarixd\u0259n etibar\u0259n Avropa \u0130ttifaq\u0131 \u00f6lk\u0259l\u0259ri, h\u0259m\u00e7inin B\u00f6y\u00fck Britaniya, AB\u015e, Kanada v\u0259 dig\u0259r \u00f6lk\u0259l\u0259r Rusiyaya m\u00fcxt\u0259lif sanksiyalar t\u0259tbiq edir.<\/p>\n\n\n\n<p>Maliyy\u0259 sanksiyalar\u0131 \u0259sas\u0259n oliqarxlara, y\u00fcks\u0259k r\u00fctb\u0259li h\u0259rb\u00e7il\u0259rin hesablar\u0131na, d\u00f6vl\u0259t m\u0259murlar\u0131na, prezident\u0259, onun k\u00f6m\u0259k\u00e7isin\u0259, nazirl\u0259r\u0259 qoyulan qada\u011falard\u0131r.<\/p>\n\n\n\n<p>B\u00fct\u00fcn bu sanksiyalar\u0131n s\u0259b\u0259bi Rusiyan\u0131n Ukraynaya h\u0259rbi m\u00fcdaxil\u0259 etm\u0259sidir.<\/p>\n\n\n\n<p>M\u0259qs\u0259d m\u00fcharib\u0259nin maliyy\u0259l\u0259\u015fdirilm\u0259sinin dayand\u0131r\u0131lmas\u0131d\u0131r.<\/p>\n\n\n\n<p>H\u0259m\u00e7inin bir s\u0131ra beyn\u0259lxalq musiqi, film \u015firk\u0259tl\u0259ri, o c\u00fcml\u0259d\u0259n, teatrlar, kinostudiyalar Rusiya v\u0259 s\u0259n\u0259t\u00e7il\u0259ri il\u0259 \u0259m\u0259kda\u015fl\u0131\u011f\u0131 dayand\u0131r\u0131b.<\/p>\n\n\n\n<p>Amerikan\u0131n Metropoliten-opera Teatr\u0131 is\u0259 Anna Netrebko il\u0259 \u0259m\u0259kda\u015fl\u0131\u011f\u0131n\u0131 Ukraynadak\u0131 h\u0259rbi \u0259m\u0259liyyatlara g\u00f6r\u0259 dayand\u0131r\u0131b.<\/p>\n\n\n\n<p>Teatr r\u0259hb\u0259rliyi opera ifa\u00e7\u0131s\u0131n\u0131 Prezident Vladimir Putinin Ukraynada h\u0259yata ke\u00e7irdiyi h\u0259rbi m\u00fcdaxil\u0259ni pisl\u0259m\u0259diyi \u00fc\u00e7\u00fcn s\u0259hn\u0259d\u0259n <a href=\"https:\/\/d9mc3ts4czbpr.cloudfront.net\/az\/article\/abs-teatri-rusiyanin-xalq-artistini-sehneden-uzaqlasdirib\/\" target=\"_blank\" rel=\"noreferrer noopener\">uzaqla\u015fd\u0131r\u0131b<\/a>.<\/p>\n\n\n\n<p>Bir \u00e7ox rus s\u0259n\u0259t\u00e7isi Ukraynadak\u0131 geni\u015fmiqyasl\u0131 h\u0259rbi m\u00fcdaxil\u0259y\u0259 s\u0259ssiz qalmay\u0131b. Aralar\u0131nda ba\u015f ver\u0259nl\u0259r\u0259 g\u00f6r\u0259 a\u00e7\u0131q \u015f\u0259kild\u0259 Rusiya r\u0259hb\u0259rliyini g\u00fcnahland\u0131ranlar da olub, prosesl\u0259r\u0259 reaksiya verm\u0259kd\u0259n \u00e7\u0259kin\u0259nl\u0259r d\u0259.<\/p>\n\n\n\n<p>D\u00f6vl\u0259t Dumas\u0131n\u0131n spikeri Vya\u00e7eslav Volodin is\u0259 Rusiyan\u0131n Ukraynada ke\u00e7irdiyi h\u0259rbi \u0259m\u0259liyyat\u0131 d\u0259st\u0259kl\u0259m\u0259y\u0259n m\u0259d\u0259niyy\u0259t xadiml\u0259rin\u0259 \u00f6z postlar\u0131n\u0131 t\u0259rk etm\u0259yi t\u0259klif <a href=\"https:\/\/d9mc3ts4czbpr.cloudfront.net\/az\/article\/duma-spikerinden-muharibeni-desteklemeyen-medeniyyet-xadimlerine-xeberdarliq\/\" target=\"_blank\" rel=\"noreferrer noopener\">edib<\/a>.<br><\/p>\n\n\n\n<p>Rusiya prezidentinin m\u0259tbuat katibi Dmitri Peskov is\u0259 m\u0259d\u0259niyy\u0259t xadiml\u0259rini Vladimir Putinin \u0259traf\u0131nda birl\u0259\u015fm\u0259y\u0259 <a href=\"https:\/\/d9mc3ts4czbpr.cloudfront.net\/az\/article\/peskov-medeniyyet-xadimlerine-muraciet-etdi-prezidentimizin-etrafinda-birlesmeliyik\/\" target=\"_blank\" rel=\"noreferrer noopener\">\u00e7a\u011f\u0131r\u0131b<\/a>.<br><\/p>\n\n\n\n<p><\/p>\n","protected":false},"excerpt":{"rendered":"<p>&#8220;M\u00fcharib\u0259 qurbanlar\u0131 v\u0259 onlar\u0131n ail\u0259l\u0259rinin yan\u0131ndayam&#8221; Rusiya Xalq artisti, opera &#8230; <\/p>\n<p class=\"read-more-container\"><a title=\"Rusiyan\u0131n\u00a0Xalq artisti Ukraynadak\u0131 h\u0259rbi \u0259m\u0259liyyatlar\u0131 pisl\u0259di\" class=\"read-more button\" href=\"https:\/\/www.meydan.tv\/az\/article\/rusiyanin-xalq-artisti-ukraynadaki-herbi-emeliyyatlari-pisledi\/#more-240238\" aria-label=\"Read more about Rusiyan\u0131n\u00a0Xalq artisti Ukraynadak\u0131 h\u0259rbi \u0259m\u0259liyyatlar\u0131 pisl\u0259di\">Davam\u0131<\/a><\/p>\n","protected":false},"author":8,"featured_media":237118,"comment_status":"closed","ping_status":"closed","sticky":false,"template":"","format":"standard","meta":{"_acf_changed":false,"_sitemap_exclude":false,"_sitemap_priority":"","_sitemap_frequency":"","footnotes":""},"categories":[52,56],"tags":[],"class_list":["post-240238","post","type-post","status-publish","format-standard","has-post-thumbnail","hentry","category-medeniyyet","category-xeberler","infinite-scroll-item","generate-columns","tablet-grid-50","mobile-grid-100","grid-parent","grid-33","no-featured-image-padding"],"acf":[],"yoast_head":"<!-- This site is optimized with the Yoast SEO plugin v27.4 - https:\/\/yoast.com\/product\/yoast-seo-wordpress\/ -->\n<title>Rusiyan\u0131n\u00a0Xalq artisti Ukraynadak\u0131 h\u0259rbi \u0259m\u0259liyyatlar\u0131 pisl\u0259di - MEYDAN.TV<\/title>\n<meta name=\"robots\" content=\"index, follow, max-snippet:-1, max-image-preview:large, max-video-preview:-1\" \/>\n<link rel=\"canonical\" href=\"https:\/\/www.meydan.tv\/az\/article\/rusiyanin-xalq-artisti-ukraynadaki-herbi-emeliyyatlari-pisledi\/\" \/>\n<meta property=\"og:locale\" content=\"az_AZ\" \/>\n<meta property=\"og:type\" content=\"article\" \/>\n<meta property=\"og:title\" content=\"Rusiyan\u0131n\u00a0Xalq artisti Ukraynadak\u0131 h\u0259rbi \u0259m\u0259liyyatlar\u0131 pisl\u0259di - MEYDAN.TV\" \/>\n<meta property=\"og:description\" content=\"&#8220;M\u00fcharib\u0259 qurbanlar\u0131 v\u0259 onlar\u0131n ail\u0259l\u0259rinin yan\u0131ndayam&#8221; Rusiya Xalq artisti, opera ... Davam\u0131\" \/>\n<meta property=\"og:url\" content=\"https:\/\/www.meydan.tv\/az\/article\/rusiyanin-xalq-artisti-ukraynadaki-herbi-emeliyyatlari-pisledi\/\" \/>\n<meta property=\"og:site_name\" content=\"MEYDAN.TV\" \/>\n<meta property=\"article:published_time\" content=\"2022-04-01T08:43:05+00:00\" \/>\n<meta property=\"article:modified_time\" content=\"2022-04-01T08:43:07+00:00\" \/>\n<meta property=\"og:image\" content=\"https:\/\/www.meydan.tv\/wp-content\/uploads\/shutterstock_164946122-e1646389397911.jpg\" \/>\n\t<meta property=\"og:image:width\" content=\"1200\" \/>\n\t<meta property=\"og:image:height\" content=\"618\" \/>\n\t<meta property=\"og:image:type\" content=\"image\/jpeg\" \/>\n<meta name=\"author\" content=\"elli\" \/>\n<meta name=\"twitter:card\" content=\"summary_large_image\" \/>\n<meta name=\"twitter:creator\" content=\"@elli\" \/>\n<script type=\"application\/ld+json\" class=\"yoast-schema-graph\">{\"@context\":\"https:\\\/\\\/schema.org\",\"@graph\":[{\"@type\":\"Article\",\"@id\":\"https:\\\/\\\/www.meydan.tv\\\/az\\\/article\\\/rusiyanin-xalq-artisti-ukraynadaki-herbi-emeliyyatlari-pisledi\\\/#article\",\"isPartOf\":{\"@id\":\"https:\\\/\\\/www.meydan.tv\\\/az\\\/article\\\/rusiyanin-xalq-artisti-ukraynadaki-herbi-emeliyyatlari-pisledi\\\/\"},\"author\":{\"name\":\"elli\",\"@id\":\"https:\\\/\\\/www.meydan.tv\\\/az\\\/#\\\/schema\\\/person\\\/9cdbecf90d17180ce1dfbd95b08dcf47\"},\"headline\":\"Rusiyan\u0131n\u00a0Xalq artisti Ukraynadak\u0131 h\u0259rbi \u0259m\u0259liyyatlar\u0131 pisl\u0259di\",\"datePublished\":\"2022-04-01T08:43:05+00:00\",\"dateModified\":\"2022-04-01T08:43:07+00:00\",\"mainEntityOfPage\":{\"@id\":\"https:\\\/\\\/www.meydan.tv\\\/az\\\/article\\\/rusiyanin-xalq-artisti-ukraynadaki-herbi-emeliyyatlari-pisledi\\\/\"},\"wordCount\":605,\"publisher\":{\"@id\":\"https:\\\/\\\/www.meydan.tv\\\/az\\\/#organization\"},\"image\":{\"@id\":\"https:\\\/\\\/www.meydan.tv\\\/az\\\/article\\\/rusiyanin-xalq-artisti-ukraynadaki-herbi-emeliyyatlari-pisledi\\\/#primaryimage\"},\"thumbnailUrl\":\"https:\\\/\\\/www.meydan.tv\\\/wp-content\\\/uploads\\\/shutterstock_164946122-e1646389397911.jpg\",\"articleSection\":[\"M\u0259d\u0259niyy\u0259t\",\"X\u0259b\u0259rl\u0259r\"],\"inLanguage\":\"az\"},{\"@type\":\"WebPage\",\"@id\":\"https:\\\/\\\/www.meydan.tv\\\/az\\\/article\\\/rusiyanin-xalq-artisti-ukraynadaki-herbi-emeliyyatlari-pisledi\\\/\",\"url\":\"https:\\\/\\\/www.meydan.tv\\\/az\\\/article\\\/rusiyanin-xalq-artisti-ukraynadaki-herbi-emeliyyatlari-pisledi\\\/\",\"name\":\"Rusiyan\u0131n\u00a0Xalq artisti Ukraynadak\u0131 h\u0259rbi \u0259m\u0259liyyatlar\u0131 pisl\u0259di - MEYDAN.TV\",\"isPartOf\":{\"@id\":\"https:\\\/\\\/www.meydan.tv\\\/az\\\/#website\"},\"primaryImageOfPage\":{\"@id\":\"https:\\\/\\\/www.meydan.tv\\\/az\\\/article\\\/rusiyanin-xalq-artisti-ukraynadaki-herbi-emeliyyatlari-pisledi\\\/#primaryimage\"},\"image\":{\"@id\":\"https:\\\/\\\/www.meydan.tv\\\/az\\\/article\\\/rusiyanin-xalq-artisti-ukraynadaki-herbi-emeliyyatlari-pisledi\\\/#primaryimage\"},\"thumbnailUrl\":\"https:\\\/\\\/www.meydan.tv\\\/wp-content\\\/uploads\\\/shutterstock_164946122-e1646389397911.jpg\",\"datePublished\":\"2022-04-01T08:43:05+00:00\",\"dateModified\":\"2022-04-01T08:43:07+00:00\",\"breadcrumb\":{\"@id\":\"https:\\\/\\\/www.meydan.tv\\\/az\\\/article\\\/rusiyanin-xalq-artisti-ukraynadaki-herbi-emeliyyatlari-pisledi\\\/#breadcrumb\"},\"inLanguage\":\"az\",\"potentialAction\":[{\"@type\":\"ReadAction\",\"target\":[\"https:\\\/\\\/www.meydan.tv\\\/az\\\/article\\\/rusiyanin-xalq-artisti-ukraynadaki-herbi-emeliyyatlari-pisledi\\\/\"]}]},{\"@type\":\"ImageObject\",\"inLanguage\":\"az\",\"@id\":\"https:\\\/\\\/www.meydan.tv\\\/az\\\/article\\\/rusiyanin-xalq-artisti-ukraynadaki-herbi-emeliyyatlari-pisledi\\\/#primaryimage\",\"url\":\"https:\\\/\\\/www.meydan.tv\\\/wp-content\\\/uploads\\\/shutterstock_164946122-e1646389397911.jpg\",\"contentUrl\":\"https:\\\/\\\/www.meydan.tv\\\/wp-content\\\/uploads\\\/shutterstock_164946122-e1646389397911.jpg\",\"width\":1200,\"height\":618,\"caption\":\"Anna Netrebko. Foto: 360b\\\/shutterstock\"},{\"@type\":\"BreadcrumbList\",\"@id\":\"https:\\\/\\\/www.meydan.tv\\\/az\\\/article\\\/rusiyanin-xalq-artisti-ukraynadaki-herbi-emeliyyatlari-pisledi\\\/#breadcrumb\",\"itemListElement\":[{\"@type\":\"ListItem\",\"position\":1,\"name\":\"Ana s\u0259hif\u0259\",\"item\":\"https:\\\/\\\/www.meydan.tv\\\/az\\\/\"},{\"@type\":\"ListItem\",\"position\":2,\"name\":\"M\u0259d\u0259niyy\u0259t\",\"item\":\"https:\\\/\\\/www.meydan.tv\\\/az\\\/section\\\/medeniyyet\\\/\"},{\"@type\":\"ListItem\",\"position\":3,\"name\":\"Rusiyan\u0131n\u00a0Xalq artisti Ukraynadak\u0131 h\u0259rbi \u0259m\u0259liyyatlar\u0131 pisl\u0259di\"}]},{\"@type\":\"WebSite\",\"@id\":\"https:\\\/\\\/www.meydan.tv\\\/az\\\/#website\",\"url\":\"https:\\\/\\\/www.meydan.tv\\\/az\\\/\",\"name\":\"MEYDAN.TV\",\"description\":\"Meydan TV Az\u0259rbaycan\u0131n media m\u0259kan\u0131ndak\u0131 alternativ s\u0259sidir\",\"publisher\":{\"@id\":\"https:\\\/\\\/www.meydan.tv\\\/az\\\/#organization\"},\"potentialAction\":[{\"@type\":\"SearchAction\",\"target\":{\"@type\":\"EntryPoint\",\"urlTemplate\":\"https:\\\/\\\/www.meydan.tv\\\/az\\\/?s={search_term_string}\"},\"query-input\":{\"@type\":\"PropertyValueSpecification\",\"valueRequired\":true,\"valueName\":\"search_term_string\"}}],\"inLanguage\":\"az\"},{\"@type\":\"Organization\",\"@id\":\"https:\\\/\\\/www.meydan.tv\\\/az\\\/#organization\",\"name\":\"Meydan TV\",\"url\":\"https:\\\/\\\/www.meydan.tv\\\/az\\\/\",\"logo\":{\"@type\":\"ImageObject\",\"inLanguage\":\"az\",\"@id\":\"https:\\\/\\\/www.meydan.tv\\\/az\\\/#\\\/schema\\\/logo\\\/image\\\/\",\"url\":\"https:\\\/\\\/www.meydan.tv\\\/wp-content\\\/uploads\\\/2021\\\/07\\\/meydan-logo.svg\",\"contentUrl\":\"https:\\\/\\\/www.meydan.tv\\\/wp-content\\\/uploads\\\/2021\\\/07\\\/meydan-logo.svg\",\"width\":195,\"height\":46,\"caption\":\"Meydan TV\"},\"image\":{\"@id\":\"https:\\\/\\\/www.meydan.tv\\\/az\\\/#\\\/schema\\\/logo\\\/image\\\/\"}},{\"@type\":\"Person\",\"@id\":\"https:\\\/\\\/www.meydan.tv\\\/az\\\/#\\\/schema\\\/person\\\/9cdbecf90d17180ce1dfbd95b08dcf47\",\"name\":\"elli\",\"sameAs\":[\"https:\\\/\\\/x.com\\\/elli\"]}]}<\/script>\n<!-- \/ Yoast SEO plugin. -->","yoast_head_json":{"title":"Rusiyan\u0131n\u00a0Xalq artisti Ukraynadak\u0131 h\u0259rbi \u0259m\u0259liyyatlar\u0131 pisl\u0259di - MEYDAN.TV","robots":{"index":"index","follow":"follow","max-snippet":"max-snippet:-1","max-image-preview":"max-image-preview:large","max-video-preview":"max-video-preview:-1"},"canonical":"https:\/\/www.meydan.tv\/az\/article\/rusiyanin-xalq-artisti-ukraynadaki-herbi-emeliyyatlari-pisledi\/","og_locale":"az_AZ","og_type":"article","og_title":"Rusiyan\u0131n\u00a0Xalq artisti Ukraynadak\u0131 h\u0259rbi \u0259m\u0259liyyatlar\u0131 pisl\u0259di - MEYDAN.TV","og_description":"&#8220;M\u00fcharib\u0259 qurbanlar\u0131 v\u0259 onlar\u0131n ail\u0259l\u0259rinin yan\u0131ndayam&#8221; Rusiya Xalq artisti, opera ... Davam\u0131","og_url":"https:\/\/www.meydan.tv\/az\/article\/rusiyanin-xalq-artisti-ukraynadaki-herbi-emeliyyatlari-pisledi\/","og_site_name":"MEYDAN.TV","article_published_time":"2022-04-01T08:43:05+00:00","article_modified_time":"2022-04-01T08:43:07+00:00","og_image":[{"width":1200,"height":618,"url":"https:\/\/www.meydan.tv\/wp-content\/uploads\/shutterstock_164946122-e1646389397911.jpg","type":"image\/jpeg"}],"author":"elli","twitter_card":"summary_large_image","twitter_creator":"@elli","schema":{"@context":"https:\/\/schema.org","@graph":[{"@type":"Article","@id":"https:\/\/www.meydan.tv\/az\/article\/rusiyanin-xalq-artisti-ukraynadaki-herbi-emeliyyatlari-pisledi\/#article","isPartOf":{"@id":"https:\/\/www.meydan.tv\/az\/article\/rusiyanin-xalq-artisti-ukraynadaki-herbi-emeliyyatlari-pisledi\/"},"author":{"name":"elli","@id":"https:\/\/www.meydan.tv\/az\/#\/schema\/person\/9cdbecf90d17180ce1dfbd95b08dcf47"},"headline":"Rusiyan\u0131n\u00a0Xalq artisti Ukraynadak\u0131 h\u0259rbi \u0259m\u0259liyyatlar\u0131 pisl\u0259di","datePublished":"2022-04-01T08:43:05+00:00","dateModified":"2022-04-01T08:43:07+00:00","mainEntityOfPage":{"@id":"https:\/\/www.meydan.tv\/az\/article\/rusiyanin-xalq-artisti-ukraynadaki-herbi-emeliyyatlari-pisledi\/"},"wordCount":605,"publisher":{"@id":"https:\/\/www.meydan.tv\/az\/#organization"},"image":{"@id":"https:\/\/www.meydan.tv\/az\/article\/rusiyanin-xalq-artisti-ukraynadaki-herbi-emeliyyatlari-pisledi\/#primaryimage"},"thumbnailUrl":"https:\/\/www.meydan.tv\/wp-content\/uploads\/shutterstock_164946122-e1646389397911.jpg","articleSection":["M\u0259d\u0259niyy\u0259t","X\u0259b\u0259rl\u0259r"],"inLanguage":"az"},{"@type":"WebPage","@id":"https:\/\/www.meydan.tv\/az\/article\/rusiyanin-xalq-artisti-ukraynadaki-herbi-emeliyyatlari-pisledi\/","url":"https:\/\/www.meydan.tv\/az\/article\/rusiyanin-xalq-artisti-ukraynadaki-herbi-emeliyyatlari-pisledi\/","name":"Rusiyan\u0131n\u00a0Xalq artisti Ukraynadak\u0131 h\u0259rbi \u0259m\u0259liyyatlar\u0131 pisl\u0259di - MEYDAN.TV","isPartOf":{"@id":"https:\/\/www.meydan.tv\/az\/#website"},"primaryImageOfPage":{"@id":"https:\/\/www.meydan.tv\/az\/article\/rusiyanin-xalq-artisti-ukraynadaki-herbi-emeliyyatlari-pisledi\/#primaryimage"},"image":{"@id":"https:\/\/www.meydan.tv\/az\/article\/rusiyanin-xalq-artisti-ukraynadaki-herbi-emeliyyatlari-pisledi\/#primaryimage"},"thumbnailUrl":"https:\/\/www.meydan.tv\/wp-content\/uploads\/shutterstock_164946122-e1646389397911.jpg","datePublished":"2022-04-01T08:43:05+00:00","dateModified":"2022-04-01T08:43:07+00:00","breadcrumb":{"@id":"https:\/\/www.meydan.tv\/az\/article\/rusiyanin-xalq-artisti-ukraynadaki-herbi-emeliyyatlari-pisledi\/#breadcrumb"},"inLanguage":"az","potentialAction":[{"@type":"ReadAction","target":["https:\/\/www.meydan.tv\/az\/article\/rusiyanin-xalq-artisti-ukraynadaki-herbi-emeliyyatlari-pisledi\/"]}]},{"@type":"ImageObject","inLanguage":"az","@id":"https:\/\/www.meydan.tv\/az\/article\/rusiyanin-xalq-artisti-ukraynadaki-herbi-emeliyyatlari-pisledi\/#primaryimage","url":"https:\/\/www.meydan.tv\/wp-content\/uploads\/shutterstock_164946122-e1646389397911.jpg","contentUrl":"https:\/\/www.meydan.tv\/wp-content\/uploads\/shutterstock_164946122-e1646389397911.jpg","width":1200,"height":618,"caption":"Anna Netrebko. Foto: 360b\/shutterstock"},{"@type":"BreadcrumbList","@id":"https:\/\/www.meydan.tv\/az\/article\/rusiyanin-xalq-artisti-ukraynadaki-herbi-emeliyyatlari-pisledi\/#breadcrumb","itemListElement":[{"@type":"ListItem","position":1,"name":"Ana s\u0259hif\u0259","item":"https:\/\/www.meydan.tv\/az\/"},{"@type":"ListItem","position":2,"name":"M\u0259d\u0259niyy\u0259t","item":"https:\/\/www.meydan.tv\/az\/section\/medeniyyet\/"},{"@type":"ListItem","position":3,"name":"Rusiyan\u0131n\u00a0Xalq artisti Ukraynadak\u0131 h\u0259rbi \u0259m\u0259liyyatlar\u0131 pisl\u0259di"}]},{"@type":"WebSite","@id":"https:\/\/www.meydan.tv\/az\/#website","url":"https:\/\/www.meydan.tv\/az\/","name":"MEYDAN.TV","description":"Meydan TV Az\u0259rbaycan\u0131n media m\u0259kan\u0131ndak\u0131 alternativ s\u0259sidir","publisher":{"@id":"https:\/\/www.meydan.tv\/az\/#organization"},"potentialAction":[{"@type":"SearchAction","target":{"@type":"EntryPoint","urlTemplate":"https:\/\/www.meydan.tv\/az\/?s={search_term_string}"},"query-input":{"@type":"PropertyValueSpecification","valueRequired":true,"valueName":"search_term_string"}}],"inLanguage":"az"},{"@type":"Organization","@id":"https:\/\/www.meydan.tv\/az\/#organization","name":"Meydan TV","url":"https:\/\/www.meydan.tv\/az\/","logo":{"@type":"ImageObject","inLanguage":"az","@id":"https:\/\/www.meydan.tv\/az\/#\/schema\/logo\/image\/","url":"https:\/\/www.meydan.tv\/wp-content\/uploads\/2021\/07\/meydan-logo.svg","contentUrl":"https:\/\/www.meydan.tv\/wp-content\/uploads\/2021\/07\/meydan-logo.svg","width":195,"height":46,"caption":"Meydan TV"},"image":{"@id":"https:\/\/www.meydan.tv\/az\/#\/schema\/logo\/image\/"}},{"@type":"Person","@id":"https:\/\/www.meydan.tv\/az\/#\/schema\/person\/9cdbecf90d17180ce1dfbd95b08dcf47","name":"elli","sameAs":["https:\/\/x.com\/elli"]}]}},"_links":{"self":[{"href":"https:\/\/www.meydan.tv\/az\/wp-json\/wp\/v2\/posts\/240238","targetHints":{"allow":["GET"]}}],"collection":[{"href":"https:\/\/www.meydan.tv\/az\/wp-json\/wp\/v2\/posts"}],"about":[{"href":"https:\/\/www.meydan.tv\/az\/wp-json\/wp\/v2\/types\/post"}],"author":[{"embeddable":true,"href":"https:\/\/www.meydan.tv\/az\/wp-json\/wp\/v2\/users\/8"}],"replies":[{"embeddable":true,"href":"https:\/\/www.meydan.tv\/az\/wp-json\/wp\/v2\/comments?post=240238"}],"version-history":[{"count":1,"href":"https:\/\/www.meydan.tv\/az\/wp-json\/wp\/v2\/posts\/240238\/revisions"}],"predecessor-version":[{"id":240239,"href":"https:\/\/www.meydan.tv\/az\/wp-json\/wp\/v2\/posts\/240238\/revisions\/240239"}],"wp:featuredmedia":[{"embeddable":true,"href":"https:\/\/www.meydan.tv\/az\/wp-json\/wp\/v2\/media\/237118"}],"wp:attachment":[{"href":"https:\/\/www.meydan.tv\/az\/wp-json\/wp\/v2\/media?parent=240238"}],"wp:term":[{"taxonomy":"category","embeddable":true,"href":"https:\/\/www.meydan.tv\/az\/wp-json\/wp\/v2\/categories?post=240238"},{"taxonomy":"post_tag","embeddable":true,"href":"https:\/\/www.meydan.tv\/az\/wp-json\/wp\/v2\/tags?post=240238"}],"curies":[{"name":"wp","href":"https:\/\/api.w.org\/{rel}","templated":true}]}}