{"id":240224,"date":"2022-04-01T00:16:41","date_gmt":"2022-03-31T20:16:41","guid":{"rendered":"https:\/\/www.meydan.tv\/?p=240224"},"modified":"2022-04-01T00:16:42","modified_gmt":"2022-03-31T20:16:42","slug":"nehremliler-mektebin-qezali-oldugunu-deyen-qazini-hebsle-hedelemisdiler","status":"publish","type":"post","link":"https:\/\/www.meydan.tv\/az\/article\/nehremliler-mektebin-qezali-oldugunu-deyen-qazini-hebsle-hedelemisdiler\/","title":{"rendered":"Nehr\u0259mlil\u0259r: \u201cM\u0259kt\u0259bin q\u0259zal\u0131 oldu\u011funu dey\u0259n qazini h\u0259bsl\u0259 h\u0259d\u0259l\u0259mi\u015fdil\u0259r\u201d"},"content":{"rendered":"\n<p><\/p>\n\n\n\n<p><em>H\u0259lak olan g\u0259ncin atas\u0131 da m\u0259kt\u0259bin yarars\u0131z olmas\u0131ndan \u015fikay\u0259t etdikl\u0259rini deyir<\/em><\/p>\n\n\n\n<p>\u201cNehr\u0259m q\u0259s\u0259b\u0259sind\u0259ki m\u0259kt\u0259bin yarars\u0131z v\u0259ziyy\u0259td\u0259 olmas\u0131 bar\u0259d\u0259 d\u0259f\u0259l\u0259rl\u0259 icraya, yerli n\u00fcmay\u0259nd\u0259liy\u0259 \u015fikay\u0259t edilib. \u018fh\u0259miyy\u0259t ver\u0259n yox idi. H\u0259tta bir ne\u00e7\u0259 g\u00fcn \u00f6nc\u0259 Qaraba\u011f qazil\u0259rind\u0259n biri \u0259raziy\u0259 g\u0259l\u0259r\u0259k etiraz edib, bildirib ki, bina tamamiyl\u0259 s\u00f6k\u00fclm\u0259lidir, \u00e7\u00fcnki q\u0259zal\u0131d\u0131r, u\u00e7acaq\u201d.<\/p>\n\n\n\n<p>Adlar\u0131n\u0131n a\u00e7\u0131qlanmas\u0131n\u0131 ist\u0259m\u0259y\u0259n q\u0259s\u0259b\u0259 sakinl\u0259ri Meydan TV-y\u0259 bel\u0259 deyib.<\/p>\n\n\n\n<p>Mart\u0131n 31-d\u0259 Nax\u00e7\u0131van Muxtar Respublikas\u0131n\u0131n Bab\u0259k rayonunun Nehr\u0259m q\u0259s\u0259b\u0259sind\u0259 3 sayl\u0131 tam orta m\u0259kt\u0259b <a href=\"https:\/\/d9mc3ts4czbpr.cloudfront.net\/az\/article\/naxcivanda-mekteb-cokub-olen-ve-yaralananlarin-oldugu-deyilir\/\" target=\"_blank\" rel=\"noreferrer noopener\">\u00e7\u00f6k\u00fcb<\/a>.<\/p>\n\n\n\n<p>Hadis\u0259nin m\u0259kt\u0259bd\u0259 in\u015faat i\u015fl\u0259ri apar\u0131lan zaman ba\u015f verdiyi bildirilir. Q\u0259za n\u0259tic\u0259sind\u0259 q\u0259s\u0259b\u0259 sakinl\u0259ri 22 ya\u015fl\u0131 Qadir Nizami o\u011flu S\u00fcleymanov, 50 ya\u015fl\u0131 H\u0259s\u0259n Abbas\u0259li o\u011flu \u018fliyev, 34 ya\u015fl\u0131 As\u0259f \u0130smay\u0131l o\u011flu R\u00fcst\u0259mov v\u0259 61 ya\u015fl\u0131 \u0130brahim X\u0259lil o\u011flu M\u0259h\u0259rr\u0259mov h\u0259yatlar\u0131n\u0131 itirib. G\u00fczn\u00fct k\u0259nd sakini, 1996-c\u0131 il t\u0259v\u0259ll\u00fcdl\u00fc Al\u0131 H\u0259s\u0259n o\u011flu \u018fliyev is\u0259 hadis\u0259d\u0259 x\u0259sar\u0259t al\u0131b.<\/p>\n\n\n\n<p>K\u0259nd sakinl\u0259ri deyir ki, binan\u0131n q\u0259zal\u0131 olmas\u0131na etiraz ed\u0259n qazi bu haqda \u00e7\u0259kib sosial \u015f\u0259b\u0259k\u0259l\u0259rd\u0259 ictimail\u0259\u015fdir\u0259c\u0259yini s\u00f6yl\u0259yib, onu h\u0259bs ed\u0259c\u0259kl\u0259ri il\u0259 t\u0259hdid edibl\u0259r:<\/p>\n\n\n\n<p>\u201cOrda olanlar etiraza m\u0259h\u0259l qoymay\u0131b i\u015fl\u0259rin\u0259 davam etdil\u0259r. T\u0259mir d\u0259 faci\u0259 il\u0259 n\u0259tic\u0259l\u0259ndi. M\u0259kt\u0259bin layih\u0259sini Bab\u0259k Rayon Tikinti \u0130dar\u0259si h\u0259yata ke\u00e7irirdi, amma hans\u0131 \u015firk\u0259tin tikdiyi b\u0259lli deyil\u201d.<\/p>\n\n\n\n<p>Meydan TV idar\u0259nin r\u0259isi R\u0259vay\u0259t \u0130manovla \u0259laq\u0259 saxlaya bilm\u0259yib.<\/p>\n\n\n\n<p>Hadis\u0259d\u0259 h\u0259lak olan Qadir S\u00fcleymanovun atas\u0131 Nizami S\u00fcleymanov da binan\u0131n q\u0259zal\u0131 oldu\u011funu Meydan TV-y\u0259 t\u0259sdiql\u0259yib:<\/p>\n\n\n\n<p>\u201cYarars\u0131z m\u0259kt\u0259b idi. 50 d\u0259f\u0259 demi\u015fdik r\u0259hb\u0259rliy\u0259. Olan m\u0259nim u\u015fa\u011f\u0131ma oldu. \u0130ndi d\u0259 he\u00e7 n\u0259 demirl\u0259r, el\u0259 u\u015fa\u011f\u0131 torpa\u011fa qoyub g\u0259lmi\u015f\u0259m\u201d.<\/p>\n\n\n\n<p>Nizami S\u00fcleymanov ba\u015f ver\u0259n hadis\u0259y\u0259 g\u00f6r\u0259 m\u0259suliyy\u0259t da\u015f\u0131yanlar\u0131n c\u0259zaland\u0131r\u0131lmas\u0131 \u00fc\u00e7\u00fcn h\u00fcquq-m\u00fchafiz\u0259 orqanlar\u0131na \u015fikay\u0259t ed\u0259c\u0259yini d\u0259 deyib.<\/p>\n","protected":false},"excerpt":{"rendered":"<p>H\u0259lak olan g\u0259ncin atas\u0131 da m\u0259kt\u0259bin yarars\u0131z olmas\u0131ndan \u015fikay\u0259t etdikl\u0259rini &#8230; <\/p>\n<p class=\"read-more-container\"><a title=\"Nehr\u0259mlil\u0259r: \u201cM\u0259kt\u0259bin q\u0259zal\u0131 oldu\u011funu dey\u0259n qazini h\u0259bsl\u0259 h\u0259d\u0259l\u0259mi\u015fdil\u0259r\u201d\" class=\"read-more button\" href=\"https:\/\/www.meydan.tv\/az\/article\/nehremliler-mektebin-qezali-oldugunu-deyen-qazini-hebsle-hedelemisdiler\/#more-240224\" aria-label=\"Read more about Nehr\u0259mlil\u0259r: \u201cM\u0259kt\u0259bin q\u0259zal\u0131 oldu\u011funu dey\u0259n qazini h\u0259bsl\u0259 h\u0259d\u0259l\u0259mi\u015fdil\u0259r\u201d\">Davam\u0131<\/a><\/p>\n","protected":false},"author":8,"featured_media":240058,"comment_status":"closed","ping_status":"closed","sticky":false,"template":"","format":"standard","meta":{"_acf_changed":false,"_sitemap_exclude":false,"_sitemap_priority":"","_sitemap_frequency":"","footnotes":""},"categories":[60,79,56],"tags":[],"class_list":["post-240224","post","type-post","status-publish","format-standard","has-post-thumbnail","hentry","category-bolge","category-featured","category-xeberler","infinite-scroll-item","generate-columns","tablet-grid-50","mobile-grid-100","grid-parent","grid-33","no-featured-image-padding"],"acf":[],"yoast_head":"<!-- This site is optimized with the Yoast SEO plugin v27.5 - https:\/\/yoast.com\/product\/yoast-seo-wordpress\/ -->\n<title>Nehr\u0259mlil\u0259r: \u201cM\u0259kt\u0259bin q\u0259zal\u0131 oldu\u011funu dey\u0259n qazini h\u0259bsl\u0259 h\u0259d\u0259l\u0259mi\u015fdil\u0259r\u201d - MEYDAN.TV<\/title>\n<meta name=\"robots\" content=\"index, follow, max-snippet:-1, max-image-preview:large, max-video-preview:-1\" \/>\n<link rel=\"canonical\" href=\"https:\/\/www.meydan.tv\/az\/article\/nehremliler-mektebin-qezali-oldugunu-deyen-qazini-hebsle-hedelemisdiler\/\" \/>\n<meta property=\"og:locale\" content=\"az_AZ\" \/>\n<meta property=\"og:type\" content=\"article\" \/>\n<meta property=\"og:title\" content=\"Nehr\u0259mlil\u0259r: \u201cM\u0259kt\u0259bin q\u0259zal\u0131 oldu\u011funu dey\u0259n qazini h\u0259bsl\u0259 h\u0259d\u0259l\u0259mi\u015fdil\u0259r\u201d - MEYDAN.TV\" \/>\n<meta property=\"og:description\" content=\"H\u0259lak olan g\u0259ncin atas\u0131 da m\u0259kt\u0259bin yarars\u0131z olmas\u0131ndan \u015fikay\u0259t etdikl\u0259rini ... Davam\u0131\" \/>\n<meta property=\"og:url\" content=\"https:\/\/www.meydan.tv\/az\/article\/nehremliler-mektebin-qezali-oldugunu-deyen-qazini-hebsle-hedelemisdiler\/\" \/>\n<meta property=\"og:site_name\" content=\"MEYDAN.TV\" \/>\n<meta property=\"article:published_time\" content=\"2022-03-31T20:16:41+00:00\" \/>\n<meta property=\"article:modified_time\" content=\"2022-03-31T20:16:42+00:00\" \/>\n<meta property=\"og:image\" content=\"https:\/\/www.meydan.tv\/wp-content\/uploads\/untitled-design-7-7.jpg\" \/>\n\t<meta property=\"og:image:width\" content=\"1200\" \/>\n\t<meta property=\"og:image:height\" content=\"800\" \/>\n\t<meta property=\"og:image:type\" content=\"image\/jpeg\" \/>\n<meta name=\"author\" content=\"elli\" \/>\n<meta name=\"twitter:card\" content=\"summary_large_image\" \/>\n<meta name=\"twitter:creator\" content=\"@elli\" \/>\n<script type=\"application\/ld+json\" class=\"yoast-schema-graph\">{\"@context\":\"https:\\\/\\\/schema.org\",\"@graph\":[{\"@type\":\"Article\",\"@id\":\"https:\\\/\\\/www.meydan.tv\\\/az\\\/article\\\/nehremliler-mektebin-qezali-oldugunu-deyen-qazini-hebsle-hedelemisdiler\\\/#article\",\"isPartOf\":{\"@id\":\"https:\\\/\\\/www.meydan.tv\\\/az\\\/article\\\/nehremliler-mektebin-qezali-oldugunu-deyen-qazini-hebsle-hedelemisdiler\\\/\"},\"author\":{\"name\":\"elli\",\"@id\":\"https:\\\/\\\/www.meydan.tv\\\/az\\\/#\\\/schema\\\/person\\\/9cdbecf90d17180ce1dfbd95b08dcf47\"},\"headline\":\"Nehr\u0259mlil\u0259r: \u201cM\u0259kt\u0259bin q\u0259zal\u0131 oldu\u011funu dey\u0259n qazini h\u0259bsl\u0259 h\u0259d\u0259l\u0259mi\u015fdil\u0259r\u201d\",\"datePublished\":\"2022-03-31T20:16:41+00:00\",\"dateModified\":\"2022-03-31T20:16:42+00:00\",\"mainEntityOfPage\":{\"@id\":\"https:\\\/\\\/www.meydan.tv\\\/az\\\/article\\\/nehremliler-mektebin-qezali-oldugunu-deyen-qazini-hebsle-hedelemisdiler\\\/\"},\"wordCount\":450,\"publisher\":{\"@id\":\"https:\\\/\\\/www.meydan.tv\\\/az\\\/#organization\"},\"image\":{\"@id\":\"https:\\\/\\\/www.meydan.tv\\\/az\\\/article\\\/nehremliler-mektebin-qezali-oldugunu-deyen-qazini-hebsle-hedelemisdiler\\\/#primaryimage\"},\"thumbnailUrl\":\"https:\\\/\\\/www.meydan.tv\\\/wp-content\\\/uploads\\\/untitled-design-7-7.jpg\",\"articleSection\":[\"B\u00f6lg\u0259\",\"T\u00f6vsiy\u0259\",\"X\u0259b\u0259rl\u0259r\"],\"inLanguage\":\"az\"},{\"@type\":\"WebPage\",\"@id\":\"https:\\\/\\\/www.meydan.tv\\\/az\\\/article\\\/nehremliler-mektebin-qezali-oldugunu-deyen-qazini-hebsle-hedelemisdiler\\\/\",\"url\":\"https:\\\/\\\/www.meydan.tv\\\/az\\\/article\\\/nehremliler-mektebin-qezali-oldugunu-deyen-qazini-hebsle-hedelemisdiler\\\/\",\"name\":\"Nehr\u0259mlil\u0259r: \u201cM\u0259kt\u0259bin q\u0259zal\u0131 oldu\u011funu dey\u0259n qazini h\u0259bsl\u0259 h\u0259d\u0259l\u0259mi\u015fdil\u0259r\u201d - MEYDAN.TV\",\"isPartOf\":{\"@id\":\"https:\\\/\\\/www.meydan.tv\\\/az\\\/#website\"},\"primaryImageOfPage\":{\"@id\":\"https:\\\/\\\/www.meydan.tv\\\/az\\\/article\\\/nehremliler-mektebin-qezali-oldugunu-deyen-qazini-hebsle-hedelemisdiler\\\/#primaryimage\"},\"image\":{\"@id\":\"https:\\\/\\\/www.meydan.tv\\\/az\\\/article\\\/nehremliler-mektebin-qezali-oldugunu-deyen-qazini-hebsle-hedelemisdiler\\\/#primaryimage\"},\"thumbnailUrl\":\"https:\\\/\\\/www.meydan.tv\\\/wp-content\\\/uploads\\\/untitled-design-7-7.jpg\",\"datePublished\":\"2022-03-31T20:16:41+00:00\",\"dateModified\":\"2022-03-31T20:16:42+00:00\",\"breadcrumb\":{\"@id\":\"https:\\\/\\\/www.meydan.tv\\\/az\\\/article\\\/nehremliler-mektebin-qezali-oldugunu-deyen-qazini-hebsle-hedelemisdiler\\\/#breadcrumb\"},\"inLanguage\":\"az\",\"potentialAction\":[{\"@type\":\"ReadAction\",\"target\":[\"https:\\\/\\\/www.meydan.tv\\\/az\\\/article\\\/nehremliler-mektebin-qezali-oldugunu-deyen-qazini-hebsle-hedelemisdiler\\\/\"]}]},{\"@type\":\"ImageObject\",\"inLanguage\":\"az\",\"@id\":\"https:\\\/\\\/www.meydan.tv\\\/az\\\/article\\\/nehremliler-mektebin-qezali-oldugunu-deyen-qazini-hebsle-hedelemisdiler\\\/#primaryimage\",\"url\":\"https:\\\/\\\/www.meydan.tv\\\/wp-content\\\/uploads\\\/untitled-design-7-7.jpg\",\"contentUrl\":\"https:\\\/\\\/www.meydan.tv\\\/wp-content\\\/uploads\\\/untitled-design-7-7.jpg\",\"width\":1200,\"height\":800,\"caption\":\"Nehr\u0259m q\u0259s\u0259b\u0259si,3 n\u00f6mr\u0259li tam orta m\u0259kt\u0259bin \u00e7\u00f6km\u0259si. Foto: \\\"Az\u0259rbaycan Universitetl\u0259ri\\\"nin \\\"Facebook\\\" s\u0259hif\u0259si\"},{\"@type\":\"BreadcrumbList\",\"@id\":\"https:\\\/\\\/www.meydan.tv\\\/az\\\/article\\\/nehremliler-mektebin-qezali-oldugunu-deyen-qazini-hebsle-hedelemisdiler\\\/#breadcrumb\",\"itemListElement\":[{\"@type\":\"ListItem\",\"position\":1,\"name\":\"Ana s\u0259hif\u0259\",\"item\":\"https:\\\/\\\/www.meydan.tv\\\/az\\\/\"},{\"@type\":\"ListItem\",\"position\":2,\"name\":\"B\u00f6lg\u0259\",\"item\":\"https:\\\/\\\/www.meydan.tv\\\/az\\\/section\\\/bolge\\\/\"},{\"@type\":\"ListItem\",\"position\":3,\"name\":\"Nehr\u0259mlil\u0259r: \u201cM\u0259kt\u0259bin q\u0259zal\u0131 oldu\u011funu dey\u0259n qazini h\u0259bsl\u0259 h\u0259d\u0259l\u0259mi\u015fdil\u0259r\u201d\"}]},{\"@type\":\"WebSite\",\"@id\":\"https:\\\/\\\/www.meydan.tv\\\/az\\\/#website\",\"url\":\"https:\\\/\\\/www.meydan.tv\\\/az\\\/\",\"name\":\"MEYDAN.TV\",\"description\":\"Meydan TV Az\u0259rbaycan\u0131n media m\u0259kan\u0131ndak\u0131 alternativ s\u0259sidir\",\"publisher\":{\"@id\":\"https:\\\/\\\/www.meydan.tv\\\/az\\\/#organization\"},\"potentialAction\":[{\"@type\":\"SearchAction\",\"target\":{\"@type\":\"EntryPoint\",\"urlTemplate\":\"https:\\\/\\\/www.meydan.tv\\\/az\\\/?s={search_term_string}\"},\"query-input\":{\"@type\":\"PropertyValueSpecification\",\"valueRequired\":true,\"valueName\":\"search_term_string\"}}],\"inLanguage\":\"az\"},{\"@type\":\"Organization\",\"@id\":\"https:\\\/\\\/www.meydan.tv\\\/az\\\/#organization\",\"name\":\"Meydan TV\",\"url\":\"https:\\\/\\\/www.meydan.tv\\\/az\\\/\",\"logo\":{\"@type\":\"ImageObject\",\"inLanguage\":\"az\",\"@id\":\"https:\\\/\\\/www.meydan.tv\\\/az\\\/#\\\/schema\\\/logo\\\/image\\\/\",\"url\":\"https:\\\/\\\/www.meydan.tv\\\/wp-content\\\/uploads\\\/2021\\\/07\\\/meydan-logo.svg\",\"contentUrl\":\"https:\\\/\\\/www.meydan.tv\\\/wp-content\\\/uploads\\\/2021\\\/07\\\/meydan-logo.svg\",\"width\":195,\"height\":46,\"caption\":\"Meydan TV\"},\"image\":{\"@id\":\"https:\\\/\\\/www.meydan.tv\\\/az\\\/#\\\/schema\\\/logo\\\/image\\\/\"}},{\"@type\":\"Person\",\"@id\":\"https:\\\/\\\/www.meydan.tv\\\/az\\\/#\\\/schema\\\/person\\\/9cdbecf90d17180ce1dfbd95b08dcf47\",\"name\":\"elli\",\"sameAs\":[\"https:\\\/\\\/x.com\\\/elli\"]}]}<\/script>\n<!-- \/ Yoast SEO plugin. -->","yoast_head_json":{"title":"Nehr\u0259mlil\u0259r: \u201cM\u0259kt\u0259bin q\u0259zal\u0131 oldu\u011funu dey\u0259n qazini h\u0259bsl\u0259 h\u0259d\u0259l\u0259mi\u015fdil\u0259r\u201d - MEYDAN.TV","robots":{"index":"index","follow":"follow","max-snippet":"max-snippet:-1","max-image-preview":"max-image-preview:large","max-video-preview":"max-video-preview:-1"},"canonical":"https:\/\/www.meydan.tv\/az\/article\/nehremliler-mektebin-qezali-oldugunu-deyen-qazini-hebsle-hedelemisdiler\/","og_locale":"az_AZ","og_type":"article","og_title":"Nehr\u0259mlil\u0259r: \u201cM\u0259kt\u0259bin q\u0259zal\u0131 oldu\u011funu dey\u0259n qazini h\u0259bsl\u0259 h\u0259d\u0259l\u0259mi\u015fdil\u0259r\u201d - MEYDAN.TV","og_description":"H\u0259lak olan g\u0259ncin atas\u0131 da m\u0259kt\u0259bin yarars\u0131z olmas\u0131ndan \u015fikay\u0259t etdikl\u0259rini ... Davam\u0131","og_url":"https:\/\/www.meydan.tv\/az\/article\/nehremliler-mektebin-qezali-oldugunu-deyen-qazini-hebsle-hedelemisdiler\/","og_site_name":"MEYDAN.TV","article_published_time":"2022-03-31T20:16:41+00:00","article_modified_time":"2022-03-31T20:16:42+00:00","og_image":[{"width":1200,"height":800,"url":"https:\/\/www.meydan.tv\/wp-content\/uploads\/untitled-design-7-7.jpg","type":"image\/jpeg"}],"author":"elli","twitter_card":"summary_large_image","twitter_creator":"@elli","schema":{"@context":"https:\/\/schema.org","@graph":[{"@type":"Article","@id":"https:\/\/www.meydan.tv\/az\/article\/nehremliler-mektebin-qezali-oldugunu-deyen-qazini-hebsle-hedelemisdiler\/#article","isPartOf":{"@id":"https:\/\/www.meydan.tv\/az\/article\/nehremliler-mektebin-qezali-oldugunu-deyen-qazini-hebsle-hedelemisdiler\/"},"author":{"name":"elli","@id":"https:\/\/www.meydan.tv\/az\/#\/schema\/person\/9cdbecf90d17180ce1dfbd95b08dcf47"},"headline":"Nehr\u0259mlil\u0259r: \u201cM\u0259kt\u0259bin q\u0259zal\u0131 oldu\u011funu dey\u0259n qazini h\u0259bsl\u0259 h\u0259d\u0259l\u0259mi\u015fdil\u0259r\u201d","datePublished":"2022-03-31T20:16:41+00:00","dateModified":"2022-03-31T20:16:42+00:00","mainEntityOfPage":{"@id":"https:\/\/www.meydan.tv\/az\/article\/nehremliler-mektebin-qezali-oldugunu-deyen-qazini-hebsle-hedelemisdiler\/"},"wordCount":450,"publisher":{"@id":"https:\/\/www.meydan.tv\/az\/#organization"},"image":{"@id":"https:\/\/www.meydan.tv\/az\/article\/nehremliler-mektebin-qezali-oldugunu-deyen-qazini-hebsle-hedelemisdiler\/#primaryimage"},"thumbnailUrl":"https:\/\/www.meydan.tv\/wp-content\/uploads\/untitled-design-7-7.jpg","articleSection":["B\u00f6lg\u0259","T\u00f6vsiy\u0259","X\u0259b\u0259rl\u0259r"],"inLanguage":"az"},{"@type":"WebPage","@id":"https:\/\/www.meydan.tv\/az\/article\/nehremliler-mektebin-qezali-oldugunu-deyen-qazini-hebsle-hedelemisdiler\/","url":"https:\/\/www.meydan.tv\/az\/article\/nehremliler-mektebin-qezali-oldugunu-deyen-qazini-hebsle-hedelemisdiler\/","name":"Nehr\u0259mlil\u0259r: \u201cM\u0259kt\u0259bin q\u0259zal\u0131 oldu\u011funu dey\u0259n qazini h\u0259bsl\u0259 h\u0259d\u0259l\u0259mi\u015fdil\u0259r\u201d - MEYDAN.TV","isPartOf":{"@id":"https:\/\/www.meydan.tv\/az\/#website"},"primaryImageOfPage":{"@id":"https:\/\/www.meydan.tv\/az\/article\/nehremliler-mektebin-qezali-oldugunu-deyen-qazini-hebsle-hedelemisdiler\/#primaryimage"},"image":{"@id":"https:\/\/www.meydan.tv\/az\/article\/nehremliler-mektebin-qezali-oldugunu-deyen-qazini-hebsle-hedelemisdiler\/#primaryimage"},"thumbnailUrl":"https:\/\/www.meydan.tv\/wp-content\/uploads\/untitled-design-7-7.jpg","datePublished":"2022-03-31T20:16:41+00:00","dateModified":"2022-03-31T20:16:42+00:00","breadcrumb":{"@id":"https:\/\/www.meydan.tv\/az\/article\/nehremliler-mektebin-qezali-oldugunu-deyen-qazini-hebsle-hedelemisdiler\/#breadcrumb"},"inLanguage":"az","potentialAction":[{"@type":"ReadAction","target":["https:\/\/www.meydan.tv\/az\/article\/nehremliler-mektebin-qezali-oldugunu-deyen-qazini-hebsle-hedelemisdiler\/"]}]},{"@type":"ImageObject","inLanguage":"az","@id":"https:\/\/www.meydan.tv\/az\/article\/nehremliler-mektebin-qezali-oldugunu-deyen-qazini-hebsle-hedelemisdiler\/#primaryimage","url":"https:\/\/www.meydan.tv\/wp-content\/uploads\/untitled-design-7-7.jpg","contentUrl":"https:\/\/www.meydan.tv\/wp-content\/uploads\/untitled-design-7-7.jpg","width":1200,"height":800,"caption":"Nehr\u0259m q\u0259s\u0259b\u0259si,3 n\u00f6mr\u0259li tam orta m\u0259kt\u0259bin \u00e7\u00f6km\u0259si. Foto: \"Az\u0259rbaycan Universitetl\u0259ri\"nin \"Facebook\" s\u0259hif\u0259si"},{"@type":"BreadcrumbList","@id":"https:\/\/www.meydan.tv\/az\/article\/nehremliler-mektebin-qezali-oldugunu-deyen-qazini-hebsle-hedelemisdiler\/#breadcrumb","itemListElement":[{"@type":"ListItem","position":1,"name":"Ana s\u0259hif\u0259","item":"https:\/\/www.meydan.tv\/az\/"},{"@type":"ListItem","position":2,"name":"B\u00f6lg\u0259","item":"https:\/\/www.meydan.tv\/az\/section\/bolge\/"},{"@type":"ListItem","position":3,"name":"Nehr\u0259mlil\u0259r: \u201cM\u0259kt\u0259bin q\u0259zal\u0131 oldu\u011funu dey\u0259n qazini h\u0259bsl\u0259 h\u0259d\u0259l\u0259mi\u015fdil\u0259r\u201d"}]},{"@type":"WebSite","@id":"https:\/\/www.meydan.tv\/az\/#website","url":"https:\/\/www.meydan.tv\/az\/","name":"MEYDAN.TV","description":"Meydan TV Az\u0259rbaycan\u0131n media m\u0259kan\u0131ndak\u0131 alternativ s\u0259sidir","publisher":{"@id":"https:\/\/www.meydan.tv\/az\/#organization"},"potentialAction":[{"@type":"SearchAction","target":{"@type":"EntryPoint","urlTemplate":"https:\/\/www.meydan.tv\/az\/?s={search_term_string}"},"query-input":{"@type":"PropertyValueSpecification","valueRequired":true,"valueName":"search_term_string"}}],"inLanguage":"az"},{"@type":"Organization","@id":"https:\/\/www.meydan.tv\/az\/#organization","name":"Meydan TV","url":"https:\/\/www.meydan.tv\/az\/","logo":{"@type":"ImageObject","inLanguage":"az","@id":"https:\/\/www.meydan.tv\/az\/#\/schema\/logo\/image\/","url":"https:\/\/www.meydan.tv\/wp-content\/uploads\/2021\/07\/meydan-logo.svg","contentUrl":"https:\/\/www.meydan.tv\/wp-content\/uploads\/2021\/07\/meydan-logo.svg","width":195,"height":46,"caption":"Meydan TV"},"image":{"@id":"https:\/\/www.meydan.tv\/az\/#\/schema\/logo\/image\/"}},{"@type":"Person","@id":"https:\/\/www.meydan.tv\/az\/#\/schema\/person\/9cdbecf90d17180ce1dfbd95b08dcf47","name":"elli","sameAs":["https:\/\/x.com\/elli"]}]}},"_links":{"self":[{"href":"https:\/\/www.meydan.tv\/az\/wp-json\/wp\/v2\/posts\/240224","targetHints":{"allow":["GET"]}}],"collection":[{"href":"https:\/\/www.meydan.tv\/az\/wp-json\/wp\/v2\/posts"}],"about":[{"href":"https:\/\/www.meydan.tv\/az\/wp-json\/wp\/v2\/types\/post"}],"author":[{"embeddable":true,"href":"https:\/\/www.meydan.tv\/az\/wp-json\/wp\/v2\/users\/8"}],"replies":[{"embeddable":true,"href":"https:\/\/www.meydan.tv\/az\/wp-json\/wp\/v2\/comments?post=240224"}],"version-history":[{"count":1,"href":"https:\/\/www.meydan.tv\/az\/wp-json\/wp\/v2\/posts\/240224\/revisions"}],"predecessor-version":[{"id":240225,"href":"https:\/\/www.meydan.tv\/az\/wp-json\/wp\/v2\/posts\/240224\/revisions\/240225"}],"wp:featuredmedia":[{"embeddable":true,"href":"https:\/\/www.meydan.tv\/az\/wp-json\/wp\/v2\/media\/240058"}],"wp:attachment":[{"href":"https:\/\/www.meydan.tv\/az\/wp-json\/wp\/v2\/media?parent=240224"}],"wp:term":[{"taxonomy":"category","embeddable":true,"href":"https:\/\/www.meydan.tv\/az\/wp-json\/wp\/v2\/categories?post=240224"},{"taxonomy":"post_tag","embeddable":true,"href":"https:\/\/www.meydan.tv\/az\/wp-json\/wp\/v2\/tags?post=240224"}],"curies":[{"name":"wp","href":"https:\/\/api.w.org\/{rel}","templated":true}]}}