{"id":240212,"date":"2022-03-31T22:31:27","date_gmt":"2022-03-31T18:31:27","guid":{"rendered":"https:\/\/www.meydan.tv\/?p=240212"},"modified":"2022-04-01T07:59:26","modified_gmt":"2022-04-01T03:59:26","slug":"nazim-cefersoy-onumuzdeki-heftede-rusiyanin-herbi-hucumunu-gozleyirem-donbasin-merkezine","status":"publish","type":"post","link":"https:\/\/www.meydan.tv\/az\/article\/nazim-cefersoy-onumuzdeki-heftede-rusiyanin-herbi-hucumunu-gozleyirem-donbasin-merkezine\/","title":{"rendered":"Nazim C\u0259f\u0259rsoy: \u201c\u00d6n\u00fcm\u00fczd\u0259ki h\u0259ft\u0259d\u0259 Rusiyan\u0131n h\u0259rbi h\u00fccumunu g\u00f6zl\u0259yir\u0259m, Donbas c\u0259bh\u0259sin\u0259\u201d"},"content":{"rendered":"\n<figure class=\"wp-block-embed is-type-video is-provider-youtube wp-block-embed-youtube wp-embed-aspect-16-9 wp-has-aspect-ratio\"><div class=\"wp-block-embed__wrapper\">\n<iframe title=\"Nazim C\u0259f\u0259rsoy: \u201c\u00d6n\u00fcm\u00fczd\u0259ki h\u0259ft\u0259d\u0259 Rusiyan\u0131n h\u0259rbi h\u00fccumunu g\u00f6zl\u0259yir\u0259m, Donbas\u0131n m\u0259rk\u0259zin\u0259\u201d\" width=\"1200\" height=\"675\" data-src=\"https:\/\/www.youtube.com\/embed\/LgH6RdZWsMc?feature=oembed\" frameborder=\"0\" allow=\"accelerometer; autoplay; clipboard-write; encrypted-media; gyroscope; picture-in-picture\" allowfullscreen src=\"data:image\/svg+xml;base64,PHN2ZyB3aWR0aD0iMSIgaGVpZ2h0PSIxIiB4bWxucz0iaHR0cDovL3d3dy53My5vcmcvMjAwMC9zdmciPjwvc3ZnPg==\" class=\"lazyload\" data-load-mode=\"1\"><\/iframe>\n<\/div><\/figure>\n\n\n\n<!--more-->\n\n\n\n<p><strong><em>\u201c\u0130st\u0259diyinin b\u00f6y\u00fck hiss\u0259sini almadan yar\u0131m\u00e7\u0131q dayanmaq Rusiyan\u0131n t\u0259bi\u0259tin\u0259 ziddir\u201d<\/em><\/strong><\/p>\n\n\n\n<p><em>Meydan TV-nin qona\u011f\u0131, siyasi \u015f\u0259rh\u00e7i Nazim C\u0259f\u0259rsoydur. Onunla Rusiya-Ukrayna m\u00fcharib\u0259sinin, Rusiyadan Az\u0259rbaycana t\u0259hdidl\u0259rin do\u011furdu\u011fu suallara cavab tapma\u011fa \u00e7al\u0131\u015fd\u0131q.<\/em><br><\/p>\n\n\n\n<p>&#8211;&nbsp;<em>Nazim b\u0259y, Rusiya-Ukrayna n\u00fcmay\u0259nd\u0259 hey\u0259tinin mart\u0131n 29-da \u0130stanbulda ba\u015f tutan g\u00f6r\u00fc\u015f\u00fcn\u00fc at\u0259\u015fk\u0259s\u0259 do\u011fru add\u0131m saymaq olarm\u0131?<\/em><\/p>\n\n\n\n<p>&#8211; Qism\u0259n b\u0259li, \u00e7\u00fcnki dilomatik m\u00fczakir\u0259l\u0259rin \u00fcmumi m\u0259qs\u0259di n\u0259tic\u0259y\u0259 varmaqd\u0131r, m\u00fc\u0259yy\u0259n ir\u0259lil\u0259yi\u015fl\u0259r d\u0259 var. Ancaq bug\u00fcnk\u00fc \u015f\u0259rtl\u0259rl\u0259 a\u011f\u0131r problemin bit\u0259c\u0259yini \u00e7ox da pozitiv baxm\u0131ram, h\u0259l\u0259 bir m\u00fcdd\u0259t proses davam ed\u0259c\u0259k. Bug\u00fcnk\u00fc x\u0259b\u0259rl\u0259r\u0259 baxd\u0131m, Dmitri Peskov deyir ki, prezident Putin\u0259 m\u00fc\u0259yy\u0259n hesabat, m\u0259lumatlar verilib v\u0259 yeni a\u00e7\u0131qlamalar olacaq. Y\u0259ni ba\u015flanan m\u00fczakir\u0259 prosesinin q\u0131sa s\u00fcrm\u0259y\u0259c\u0259yini d\u00fc\u015f\u00fcn\u00fcr\u0259m. S\u0259b\u0259b d\u0259 odur ki, h\u0259r \u015fey d\u00f6y\u00fc\u015f meydan\u0131ndad\u0131r.<\/p>\n\n\n\n<p>&#8211;&nbsp;<em>El\u0259 d\u00fcn\u0259n Rusiyan\u0131n m\u00fcdafi\u0259 naziri \u015eoyqu dedi ki, ordusu x\u00fcsusi \u0259m\u0259liyyat\u0131n birinci m\u0259rh\u0259l\u0259sinin \u0259sas tap\u015f\u0131r\u0131qlar\u0131n\u0131 yerin\u0259 yetirib v\u0259 indi b\u00fct\u00fcn diqq\u0259tini \u0259sas m\u0259qs\u0259din\u0259 \u2013 Donbas\u0131n azad olunmas\u0131na y\u00f6n\u0259ld\u0259c\u0259k. Bel\u0259 \u00e7\u0131x\u0131r ki, m\u00fcharib\u0259nin n\u00f6vb\u0259ti m\u0259rh\u0259l\u0259si Donbasda olacaq?<\/em><\/p>\n\n\n\n<p>&#8211; \u018fslind\u0259, \u0259n az\u0131ndan bu m\u0259rh\u0259l\u0259 bel\u0259 g\u00f6r\u00fcn\u00fcr, amma gedi\u015fat\u0131n Donbasla m\u0259hdudla\u015faca\u011f\u0131n\u0131 s\u00f6yl\u0259m\u0259k \u00e7\u0259tindir. Yoxsa Xarkov v\u0259 ya Odessa il\u0259 ba\u011fl\u0131 m\u0259s\u0259l\u0259l\u0259r g\u00fcnd\u0259m\u0259 g\u0259l\u0259c\u0259k? \u00c7\u00fcnki Rusiyan\u0131n h\u0259rbi \u0259m\u0259liyyatlara ba\u015flamaq prosesind\u0259 Ukraynan\u0131n Qara d\u0259niz\u0259 \u00e7\u0131x\u0131\u015f\u0131n\u0131 ba\u011flamaq m\u00fch\u00fcm h\u0259d\u0259fl\u0259rd\u0259n biri idi. H\u0259l\u0259lik diqq\u0259t Donbas \u00fcz\u0259rin\u0259dir v\u0259 29 martdan da bunun a\u00e7\u0131qlamalar\u0131 verilirdi. H\u0259m d\u0259 d\u00f6y\u00fc\u015f s\u0259hn\u0259l\u0259rini izl\u0259y\u0259nd\u0259 bunu g\u00f6rm\u0259k olurdu. Mart\u0131n 25-d\u0259 Rusiyan\u0131n M\u00fcdafi\u0259 Nazirliyi a\u00e7\u0131qlama verdi ki, m\u00fcharib\u0259nin birinci m\u0259rh\u0259l\u0259sini bitirirl\u0259r, Donbasa y\u00f6n\u0259l\u0259c\u0259kl\u0259r. H\u0259tta o a\u00e7\u0131qlamadan bir ne\u00e7\u0259 g\u00fcn \u0259vv\u0259l Rusiyan\u0131n m\u00fcxt\u0259lif c\u0259bh\u0259l\u0259rd\u0259ki h\u0259rbi g\u00fcc\u00fc Donbasa transfer olurdu. Ukrayna t\u0259r\u0259fd\u0259n s\u0259sl\u0259n\u0259n a\u00e7\u0131qlamalarda bunu sezm\u0259k olard\u0131. Konkret olaraq, Arestovi\u00e7 deyirdi ki, m\u00fcharib\u0259 bitm\u0259yib, b\u00fct\u00fcn s\u00fcr\u0259til\u0259 davam edir, amma \u0259sas d\u00f6y\u00fc\u015f meydan\u00e7as\u0131 Donbasa do\u011fru transfer olur.<\/p>\n\n\n\n<p>&#8211;&nbsp;<em>O zaman d\u00fc\u015f\u00fcnm\u0259k olarm\u0131 Rusiya Kiyev \u0259traf\u0131nda d\u00f6y\u00fc\u015fl\u0259rd\u0259 m\u0259\u011flub oldu?<\/em><\/p>\n\n\n\n<p>&nbsp;&#8211; Bel\u0259 bir m\u00fclahiz\u0259 y\u00fcr\u00fctm\u0259k \u00fc\u00e7\u00fcn Rusiyan\u0131n m\u0259qs\u0259dini bilm\u0259k laz\u0131md\u0131r. Az\u0259rbaycanda m\u00fcxt\u0259lif fikirl\u0259r s\u0259sl\u0259nir, m\u0259n bunun \u0259slini tapmaq ist\u0259yir\u0259m ki, kim deyib. M\u0259s\u0259l\u0259n, bel\u0259 bir iddia var ki, Rusiya m\u00fcharib\u0259ni 3 g\u00fcn\u0259 bitirm\u0259k ist\u0259yirdi, n\u0259y\u0259 \u0259sas\u0259n, bu fikir s\u0259sl\u0259nir, bilmirik.<br><\/p>\n\n\n\n<p>&#8211;&nbsp;<em>M\u0259n xat\u0131rlatma verim, 2014-c\u00fc il olaylar\u0131ndan sonra Almaniya Kansleri Merkel v\u0259 Fransa Prezidenti Olland\u0131n t\u0259\u015f\u0259bb\u00fcs\u00fcyl\u0259 Poro\u015fenko v\u0259 Putin Minskd\u0259 g\u00f6r\u00fc\u015fd\u00fc. O zaman Putin Poro\u015fenkoya 2 g\u00fcn\u0259 Kiyevi, ard\u0131nca is\u0259 Baltik v\u0259 dig\u0259r \u00f6lk\u0259l\u0259ri i\u015f\u011fal etm\u0259k imkan\u0131n\u0131n oldu\u011funu bildirimi\u015fdi. Y\u0259ni bu a\u00e7\u0131qlaman\u0131 \u0259sas g\u0259tirib bir s\u0131ra ekspertl\u0259r iddia edir ki, Kremlin 24 fevralda ba\u015flad\u0131\u011f\u0131 m\u00fcharib\u0259nin yax\u0131n m\u0259qs\u0259di 2-4 g\u00fcn\u0259 Kiyevi i\u015f\u011fal etm\u0259k olub&#8230;<\/em><\/p>\n\n\n\n<p>&#8211; M\u0259n faktlar \u00fcz\u0259rind\u0259 dan\u0131\u015fa bil\u0259r\u0259m. Qeyd etdiyiniz g\u00f6r\u00fc\u015fd\u0259 d\u0259 adam\u0131m olmay\u0131b, o hadis\u0259nin olub-olmad\u0131\u011f\u0131n\u0131 bilmir\u0259m.<\/p>\n\n\n\n<p>&#8211;<em>A\u00e7\u0131qlama ictimail\u0259\u015fib.<\/em><\/p>\n\n\n\n<p>&#8211; \u0130ctimail\u0259\u015f\u0259 bil\u0259r, oturub s\u00f6hb\u0259t ed\u0259nd\u0259 bu m\u00fcmk\u00fcnd\u00fcr. Ancaq Putin h\u0259min a\u00e7\u0131qlaman\u0131 s\u0259sl\u0259ndiribmi, bu, ayr\u0131 s\u00f6hb\u0259tdir, qoyaq k\u0259nara. Sad\u0259c\u0259, m\u00fcharib\u0259 d\u00f6vr\u00fcnd\u0259 b\u00fct\u00fcn t\u0259r\u0259fl\u0259rin t\u0259bli\u011fat ma\u015f\u0131n\u0131 \u00e7ox s\u00fcr\u0259tl\u0259 i\u015fl\u0259yir, h\u0259m d\u0259 \u00e7ox g\u00fccl\u00fc dezinformasiyalar da olur. \u0130kincisi, Rusiya-Ukrayna sava\u015f\u0131 son 30-40 ild\u0259 apar\u0131lan \u0259n g\u00fccl\u00fc informasiya m\u00fcharib\u0259sidir. X\u00fcsusil\u0259 Ukrayna informasiya m\u00fcharib\u0259sini \u00e7ox u\u011furlu apar\u0131r. \u00dc\u00e7\u00fcnc\u00fcs\u00fc, m\u00fcharib\u0259nin t\u0259r\u0259fl\u0259ri birba\u015fa Az\u0259rbaycan\u0131 maraqland\u0131r\u0131r. Rusiyayla bizim 200 illik ac\u0131 t\u0259cr\u00fcb\u0259miz var, Ukraynan\u0131n da biziml\u0259 paralel problemi var, \u0259razi b\u00fct\u00f6vl\u00fcy\u00fc m\u0259s\u0259l\u0259si. Ona g\u00f6r\u0259 d\u0259 \u0259halimiz, siyas\u0259t\u00e7il\u0259rimiz m\u0259s\u0259l\u0259l\u0259ri m\u00fc\u0259yy\u0259nl\u0259\u015fdir\u0259nd\u0259 Ukraynadan yana olurlar.<\/p>\n\n\n\n<p>&#8211;&nbsp;&nbsp;<em>H\u0259m d\u0259 Prezident \u0130lham \u018fliyev m\u00fcharib\u0259d\u0259n 2 g\u00fcn \u0259vv\u0259l Moskvada Putinl\u0259 m\u00fctt\u0259fiqlik sazi\u015fi imzalad\u0131&#8230;<\/em><\/p>\n\n\n\n<p>&#8211;&nbsp; M\u0259n daha \u00e7ox Az\u0259rbaycan v\u0259t\u0259nda\u015f\u0131n\u0131n proses\u0259 yana\u015fmas\u0131ndan dan\u0131\u015f\u0131ram. Ayd\u0131nd\u0131r ki, Az\u0259rbaycan c\u0259miyy\u0259ti qar\u015f\u0131 t\u0259r\u0259f Rusiya oldu\u011fu \u00fc\u00e7\u00fcn Ukraynaya m\u00fcxt\u0259lif motivl\u0259r \u00fcz\u0259rind\u0259n yana\u015f\u0131r. Bu m\u0259nada daha soyuqqanl\u0131 t\u0259hlil \u00e7\u0259tinl\u0259\u015fir. \u00c7\u00fcnki \u0259limizd\u0259 ciddi m\u0259nb\u0259l\u0259r yoxdur, h\u0259r\u0259 \u00f6z\u00fcn\u0259 s\u0259rf ed\u0259n formada m\u0259s\u0259l\u0259ni g\u00fcnd\u0259m\u0259 g\u0259tirir, amma m\u00f6vzunu t\u0259hlil ed\u0259nd\u0259 m\u00fcxt\u0259lif m\u0259s\u0259l\u0259l\u0259ri diqq\u0259t\u0259 almal\u0131san. O ki qald\u0131 sizin Minsk g\u00f6r\u00fc\u015f\u00fcnd\u0259 Putind\u0259n g\u0259tiridiyiniz sitata, m\u0259n bunlar\u0131n n\u0259 q\u0259d\u0259r do\u011fru oldu\u011funu dey\u0259 bilm\u0259r\u0259m. Biz m\u0259s\u0259l\u0259y\u0259 akademik yana\u015fanda bir informasiyan\u0131n bir ne\u00e7\u0259 m\u0259nb\u0259d\u0259n t\u0259sdiqini bilm\u0259liyik, o c\u00fcml\u0259d\u0259n, media da el\u0259dir. M\u0259n m\u0259s\u0259l\u0259y\u0259 h\u0259rb elmi v\u0259 strategiya perspektivind\u0259n bax\u0131ram.<\/p>\n\n\n\n<p>&#8211;&nbsp;<em>B\u0259s h\u0259rb elmi n\u0259 deyir?<\/em><\/p>\n\n\n\n<p>&#8211;\u00a0 H\u0259rb elmi v\u0259 strategiya perspektivi deyir ki, m\u00fcharib\u0259d\u0259n \u0259vv\u0259l Ukrayna ordusunun d\u00fcnyada yeri 25-ci s\u0131radayd\u0131. D\u00fcnyan\u0131n he\u00e7 bir ordusu 25-ci s\u0131rada olan ordunu Avropan\u0131n 40 milyonluq olan co\u011frafiyas\u0131nda m\u0259\u011flub ed\u0259 bilm\u0259z. H\u0259rb elmi v\u0259 strategiya bunu inkar edir. M\u00fcharib\u0259 d\u0259 b\u00fct\u00fcn t\u0259bli\u011fatlarla yana\u015f\u0131 h\u0259r \u015feyin \u00f6l\u00e7\u00fcl\u00fcb-bi\u00e7ildiyi m\u0259s\u0259l\u0259dir. H\u0259r hans\u0131 variant\u0131 s\u0259hv ets\u0259n, \u00f6l\u00fcm \u00e7\u0131x\u0131r ortal\u0131\u011fa. Ona g\u00f6r\u0259 t\u0259bli\u011fat\u0131 k\u0259nara qoyaraq prosesi t\u0259hlil etm\u0259yin t\u0259r\u0259fdar\u0131yam. H\u0259tta Rusiya Prezidenti 2-4 g\u00fcn\u0259 Kiyevi alaca\u011f\u0131n\u0131 deyibs\u0259, bunun t\u0259bli\u011fat oldu\u011funun f\u0259rqind\u0259dir. Amma bir m\u0259s\u0259l\u0259ni d\u0259 unutmayaq, 2014-c\u00fc ild\u0259n 7 il ke\u00e7ib, bu ill\u0259rd\u0259 Ukrayna ordusu Q\u0259rb m\u00fctt\u0259fiql\u0259ri t\u0259r\u0259find\u0259n \u00e7ox ciddi silahland\u0131r\u0131l\u0131b v\u0259 onlara t\u0259lim ke\u00e7irilib. T\u0259bii ki, 7 ild\u0259 Rusiya k\u0259\u015ffiyyat\u0131 da Ukraynan\u0131 diqq\u0259td\u0259n k\u0259nar qoymay\u0131b. Lap tutaq ki, Putin el\u0259 deyib, amma m\u0259ntiq\u0259 uymur.<\/p>\n\n\n\n<p>&#8211; <em>M\u00fcharib\u0259nin son 20 g\u00fcn\u00fcnd\u0259 Putinin n\u00fcv\u0259 silah\u0131 ifad\u0259si d\u0259 d\u00fcnyada \u00e7oxlu m\u00fczakir\u0259l\u0259r\u0259 s\u0259b\u0259b olub. Bir m\u0259qam\u0131 n\u0259z\u0259r\u0259 alaq ki, Rusiya lideri vaxtil\u0259 \u201cRusiyan\u0131n olmayaca\u011f\u0131 d\u00fcnya he\u00e7 kim\u0259 laz\u0131m deyil\u201d dey\u0259 s\u00f6yl\u0259mi\u015fdi. Bu, h\u0259m d\u0259 Duman\u0131n spikeri Volodinin \u201cPutin yoxdur, Rusiya yoxdur\u201d mesaj\u0131n\u0131 xat\u0131rlad\u0131r. N\u00fcv\u0259 silah\u0131n\u0131n i\u015fl\u0259nm\u0259si t\u0259hl\u00fck\u0259si d\u00fcnya \u00fc\u00e7\u00fcn reald\u0131rm\u0131?<\/em><\/p>\n\n\n\n<p>&#8211;\u00a0 \u0130nsan o\u011flunun h\u0259yat\u0131 boyu \u0259n \u00e7ox etdiyi \u015fey m\u00fcharib\u0259dir. 7 min illik b\u0259\u015f\u0259riyy\u0259t tarixind\u0259 insano\u011flu t\u0259xmin\u0259n 3500 m\u00fcharib\u0259 edib. Ona g\u00f6r\u0259 dediyinizi inkar etm\u0259k insanl\u0131q tarixin\u0259 ziddir. N\u00fcv\u0259 m\u00fcharib\u0259si i\u015fin \u0259n t\u0259hl\u00fck\u0259sidir, bunu da dey\u0259 bilmirik, \u00e7\u00fcnki tarixd\u0259 bundan t\u0259hdid kimi 70 illik istifad\u0259 edilm\u0259si d\u00f6n\u0259mi var. 1945-ci ilin Xirosima, Naqasaki hadis\u0259l\u0259ri olub. Bu m\u0259nada \u201cinsan o\u011flu kim\u0259s\u0259 n\u00fcv\u0259 silah\u0131 atmaz\u201d da dey\u0259 bilmirik. N\u0259z\u0259r\u0259 al\u0131n ki, Yaponiyaya n\u00fcv\u0259 silah\u0131n\u0131 atan demokratik \u00f6lk\u0259ydi. \u201cSoyuq m\u00fcharib\u0259\u201d d\u00f6vr\u00fcnd\u0259 d\u0259 insan \u201cs\u0259n m\u0259n\u0259 n\u00fcv\u0259 silah\u0131n\u0131 atma, m\u0259n d\u0259 s\u0259n\u0259 atmaram\u201d t\u0259hdidinin i\u00e7\u0259risind\u0259 ya\u015fay\u0131b ki, buna d\u0259h\u015f\u0259t d\u0259ng\u0259si demi\u015fik. Dolay\u0131s\u0131yla bu c\u00fcr prosesl\u0259rin i\u00e7\u0259risind\u0259 birm\u0259nal\u0131 \u015f\u0259kild\u0259 olar-olmaz do\u011fru yana\u015f\u0131m deyil. H\u0259tta 1\/100 ehtimal olsa, bu ehtimal var, statistika elmin\u0259 g\u00f6r\u0259 bunlar\u0131n aras\u0131nda \u00e7ox b\u00f6y\u00fck f\u0259rq yoxdur, bu m\u0259s\u0259l\u0259 olacaq-olmayacaq s\u00f6hb\u0259tidir. Ona g\u00f6r\u0259 sual\u0131n\u0131za birm\u0259nal\u0131 cavab verm\u0259yi do\u011fru hesab etmir\u0259m. Tarix g\u00f6st\u0259rir ki, b\u00fct\u00fcn ehtimallar\u0131 istisna etm\u0259k olmaz. \u00dcmid ed\u0259k ki, bel\u0259 bir \u015fey olmaz. O ki qald\u0131 spesifik n\u00fcv\u0259 silah\u0131n\u0131 niy\u0259 g\u00fcnd\u0259m\u0259 g\u0259tirdil\u0259r sual\u0131na, burda maraql\u0131 n\u00fcans var. Bax\u0131n, beyn\u0259lxalq m\u00fcnasib\u0259tl\u0259rd\u0259 \u201c\u00e7\u0131l\u011f\u0131n adam\u201d n\u0259z\u0259riyy\u0259si deyil\u0259n bir \u015fey var, mahiyy\u0259ti budur ki, qar\u015f\u0131 t\u0259r\u0259fi h\u0259tta \u0259n a\u011f\u0131la g\u0259lm\u0259y\u0259c\u0259k d\u0259liliyi, \u00e7\u0131l\u011f\u0131nl\u0131\u011f\u0131 ed\u0259 bil\u0259c\u0259yiniz\u0259 inand\u0131rmaq laz\u0131md\u0131r.<\/p>\n\n\n\n<p>&#8211; <em>Dem\u0259k ist\u0259yirsiniz ki, Putin d\u00fcnyan\u0131 n\u00fcv\u0259 silah\u0131n\u0131 i\u015f\u0259 salaca\u011f\u0131yla inand\u0131rmaq ist\u0259yirdi?<\/em><\/p>\n\n\n\n<p>&#8211; Bu n\u0259z\u0259riyy\u0259ni AB\u015e Veytnam m\u00fcharib\u0259sind\u0259 SSR\u0130-ni, kommunistl\u0259ri dayand\u0131rmaq \u00fc\u00e7\u00fcn istifad\u0259 etm\u0259y\u0259 \u00e7al\u0131\u015fd\u0131, effekti olmad\u0131, bu, art\u0131q ayr\u0131 s\u00f6hb\u0259tdir. Yad\u0131n\u0131za g\u0259lirmi, prezident Putin bu s\u00f6hb\u0259ti g\u00fcnd\u0259m\u0259 g\u0259tir\u0259nd\u0259, dedi ki, \u00fc\u00e7\u00fcnc\u00fc t\u0259r\u0259fl\u0259r qar\u0131\u015fmas\u0131n, arxas\u0131nca B\u00f6y\u00fck Britaniyan\u0131n xarici i\u015fl\u0259r naziri n\u00fcv\u0259 m\u00fcharib\u0259si t\u0259hl\u00fck\u0259sinin oldu\u011funu dil\u0259 g\u0259tirdi, sonra Bayden dan\u0131\u015fd\u0131. V\u0259 Putin q\u0259rar verdi ki, \u0259n yuxar\u0131 s\u0259viyy\u0259d\u0259 n\u00fcv\u0259 silah\u0131 haz\u0131rl\u0131\u011f\u0131 g\u00f6r\u00fcls\u00fcn. Bel\u0259 olanda, Bayden bildirdi ki, ya sanksiya qoyaca\u011f\u0131q, ya da \u00dc\u00e7\u00fcnc\u00fc D\u00fcnya M\u00fcharib\u0259si olacaq. \u018fslind\u0259, h\u0259r iki t\u0259r\u0259f bu prosesd\u0259 oyun oynay\u0131rd\u0131. Rusiya q\u0259rbl\u0259 m\u00fcnasib\u0259tl\u0259rind\u0259 m\u0259qs\u0259din\u0259 \u00e7atmaq \u00fc\u00e7\u00fcn \u201c\u00e7\u0131l\u011f\u0131n adam\u201d roluna girdi. M\u0259n d\u00fc\u015f\u00fcn\u00fcr\u0259m ki, Rusiya q\u0259rbi h\u0259rbi m\u0259nada dayand\u0131rmaq \u00fc\u00e7\u00fcn bu n\u0259z\u0259riyy\u0259ni i\u015f\u0259 sald\u0131. AB\u015e v\u0259 q\u0259rb d\u0259 bunun f\u0259rqind\u0259dir, ona g\u00f6r\u0259 xat\u0131rlay\u0131rs\u0131n\u0131za, CNN-d\u0259 Kristina Amanpur Dmitri Peskova sual verdi ki, siz n\u00fcv\u0259 silah\u0131 istifad\u0259 ed\u0259c\u0259ksinizmi. O da dedi ki, n\u0259 vaxt n\u00fcv\u0259 silah\u0131n\u0131 istifad\u0259 ed\u0259c\u0259yimiz qanunvericilikd\u0259 yaz\u0131l\u0131b. Jurnalistin m\u0259qs\u0259di sual\u0131yla Rusiyan\u0131n niyy\u0259tini anlamaq idis\u0259, qar\u015f\u0131 t\u0259r\u0259fin d\u0259 m\u0259qs\u0259di o niyy\u0259ti ona anlatmamaq idi. \u201cYox\u201d des\u0259, q\u0259rb daha rahat davranacaq, \u201ch\u0259\u201d des\u0259, daha pis v\u0259ziyy\u0259t\u0259 d\u00fc\u015f\u0259c\u0259k. Onsuz da Rusiyan\u0131n n\u00fcfuzu d\u00fcnyada korlan\u0131b. Peskov el\u0259 cavab verib ki, birm\u0259nal\u0131 ba\u015fa d\u00fc\u015fm\u0259k olmur.<\/p>\n\n\n\n<p>&#8211;&nbsp;<em>M\u00fcharib\u0259ni ba\u015flayan Rusiyad\u0131rsa, onu n\u0259 dayand\u0131ra bil\u0259c\u0259k?<\/em><\/p>\n\n\n\n<p>&#8211;\u00a0 Bu m\u0259s\u0259l\u0259nin iki hiss\u0259si var: h\u0259rbi v\u0259 siyasi. B\u00fct\u00fcn sava\u015flar siyasi m\u0259qs\u0259dl\u0259r\u0259 \u00e7atmaq \u00fc\u00e7\u00fcnd\u00fcr. He\u00e7 kim m\u00fcharib\u0259y\u0259 ba\u015flayanda n\u0259 q\u0259d\u0259r adam \u00f6ld\u00fcr\u0259c\u0259yini s\u00f6yl\u0259mir. M\u00fcharib\u0259 m\u00fc\u0259yy\u0259n bir siyasi m\u0259qs\u0259di h\u0259yata ke\u00e7irm\u0259k \u00fc\u00e7\u00fcnd\u00fcr. Rusiyan\u0131n siyasi m\u0259qs\u0259dl\u0259rini \u0259vv\u0259ld\u0259n ham\u0131m\u0131z yax\u015f\u0131 bilirik, Ukraynan\u0131n NATO-ya \u00fczvl\u00fcy\u00fcn\u00fcn \u0259leyhin\u0259 \u00e7\u0131xmas\u0131, n\u00fcv\u0259 silah\u0131na sahib \u00e7\u0131xmamas\u0131, denazifikasiya, Donbas, Kr\u0131m v\u0259.s Amma m\u0259n Rusiyan\u0131n \u00f6n\u0259mli siyasi h\u0259d\u0259fl\u0259r\u0259 \u00e7atmadan dayanaca\u011f\u0131n\u0131 d\u00fc\u015f\u00fcnm\u00fcr\u0259m. El\u0259 m\u0259nz\u0259r\u0259 yaran\u0131b ki, Rusiya art\u0131q Ukraynaya h\u00fccum edib, ondan sonra da sanksiyalar qoyulub, imici d\u0259 ham\u0131ya m\u0259lumdur. Daha burda ist\u0259diyinin b\u00f6y\u00fck hiss\u0259sini almadan yar\u0131m\u00e7\u0131q dayanmaq \u0259\u015fyan\u0131n t\u0259bi\u0259tin\u0259 ziddir. Sad\u0259c\u0259, gedi\u015fat\u0131 iki m\u0259s\u0259l\u0259 m\u00fc\u0259yy\u0259nl\u0259\u015fdir\u0259c\u0259k. Birincisi, h\u0259rbi sah\u0259d\u0259ki durumdur. G\u00f6r\u00fcn\u0259n odur ki, Rusiyan\u0131n ba\u015f\u0131ndak\u0131 plan\u0131yla sonrak\u0131 plan\u0131 aras\u0131nda d\u0259yi\u015fiklik oldu. Hesab edir\u0259m ki, birinci g\u00fcn Rusiyan\u0131n planlamas\u0131 daha s\u00fcr\u0259tli h\u00fccum idi, m\u0259n 3-5 g\u00fcn demir\u0259m. Kr\u0131mda ola bil\u0259c\u0259yini qism\u0259n yerin\u0259 yetir\u0259c\u0259kl\u0259rini d\u00fc\u015f\u00fcn\u00fcrd\u00fcl\u0259r. Sonradan x\u0259b\u0259r yay\u0131ld\u0131 ki, d\u00fczg\u00fcn informasiya v\u0259 t\u0259hlil olmad\u0131\u011f\u0131ndan x\u00fcsusi xidm\u0259t orqan\u0131ndan iki n\u0259f\u0259r ev dusta\u011f\u0131 edilib. Amma birinci g\u00fcn Rusiya Kr\u0131m m\u0259s\u0259l\u0259si olmayaca\u011f\u0131n\u0131 anlad\u0131. Ondan sonra bir g\u00fcn dayand\u0131, d\u00fczd\u00fcr, Zelenskinin s\u00fclh ist\u0259m\u0259sil\u0259 \u0259laq\u0259l\u0259ndirdil\u0259r, y\u0259qin onun da t\u0259siri vard\u0131. Ancaq xaricil\u0259r demi\u015fk\u0259n, plan\u0131n yenil\u0259m\u0259si oldu. Ona g\u00f6r\u0259 d\u0259 indiki v\u0259ziyy\u0259td\u0259 m\u00fcharib\u0259 meydan\u0131ndak\u0131 m\u0259nz\u0259r\u0259d\u0259n \u00e7ox \u015fey as\u0131l\u0131d\u0131r, haz\u0131rda o q\u0259d\u0259r informasiya var ki, ger\u00e7\u0259yi bilm\u0259k olmur. Ukrayna t\u0259r\u0259finin informasiyas\u0131 bel\u0259 t\u0259\u0259ss\u00fcrat yarad\u0131r ki, art\u0131q Rusiya ordusu yoxdur. Moskva is\u0259 m\u0259lumatlar\u0131 daha m\u0259hdud verir. 24 fevralda sava\u015f ba\u015flayanda mart\u0131n sonuna q\u0259d\u0259r davam ed\u0259c\u0259yini demi\u015fdim, indi d\u0259 aprelin ortas\u0131na q\u0259d\u0259r ged\u0259c\u0259yini d\u00fc\u015f\u00fcn\u00fcr\u0259m. \u00d6n\u00fcm\u00fczd\u0259ki h\u0259ft\u0259d\u0259 Rusiyan\u0131n h\u0259rbi h\u00fccumunu g\u00f6zl\u0259yir\u0259m, Donbas c\u0259bh\u0259sin\u0259.<\/p>\n\n\n\n<p>&#8211; <em>Ke\u00e7\u0259k Az\u0259rbaycana, son 2 h\u0259ft\u0259d\u0259 Qaraba\u011fda h\u0259rbi h\u0259r\u0259k\u0259tl\u0259nm\u0259 oldu. R\u0259smi m\u0259lumata g\u00f6r\u0259, Az\u0259rbaycan ordusu F\u0259rrux y\u00fcks\u0259kliyini g\u00f6t\u00fcrd\u00fc. Ard\u0131nca Rusiyan\u0131n \u201cBirinci kanal\u0131\u201dnda Ukrayna m\u0259s\u0259l\u0259sinin m\u00fczakir\u0259si zaman\u0131 D\u00f6vl\u0259t Dumas\u0131n\u0131n \u201c\u018fdat\u0259li Rusiya\u201d fraksiyas\u0131n\u0131n \u00fczv\u00fc Mixail Delyagin m\u00f6vzudan k\u0259nara \u00e7\u0131xaraq Az\u0259rbaycan\u0131n neft s\u0259nayesinin bombalanmas\u0131n\u0131n vacibliyini vur\u011fulad\u0131. D\u00fczd\u00fcr, Peskovun simas\u0131nda Kreml, Zaxaraovan\u0131n simas\u0131nda X\u0130N deputat\u0131 m\u0259suliyy\u0259tsiz adland\u0131randan sonra Delyagin \u00fczr ist\u0259di. H\u0259m d\u0259 s\u0259fir Polad B\u00fclb\u00fclo\u011flu m\u00fcnasib\u0259t bildirdi v\u0259 Delyagin haqda cinay\u0259t i\u015fi a\u00e7\u0131l\u0131b. Bir s\u0131ra analitikl\u0259r deputat\u0131n \u00e7\u0131x\u0131\u015f\u0131n\u0131 t\u0259sad\u00fcf saym\u0131r. \u018fg\u0259r t\u0259sad\u00fcf deyils\u0259, Moskva Bak\u0131ya hans\u0131 mesaj\u0131 verir?<\/em><\/p>\n\n\n\n<p>&#8211; M\u0259n iki \u015feyi qeyd ed\u0259c\u0259m. Birincisi, bu c\u00fcr s\u00f6hb\u0259tl\u0259rd\u0259 siyasil\u0259rin \u00e7ox t\u0259sad\u00fcfi a\u00e7\u0131qlamalar verdiyini d\u00fc\u015f\u00fcnm\u00fcr\u0259m. N\u0259z\u0259r\u0259 al\u0131n ki, d\u00f6vl\u0259tin televiziyas\u0131nda \u00e7\u0131x\u0131\u015f yay\u0131mlan\u0131b. Ancaq \u201cRusiya n\u0259 dem\u0259k ist\u0259yir\u201d sual\u0131na g\u0259ldikd\u0259, \u201chans\u0131 Rusiya\u201d sual\u0131 ortaya \u00e7\u0131x\u0131r. \u0130kinci Qaraba\u011f M\u00fcharib\u0259si d\u00f6vr\u00fcnd\u0259 d\u0259 bu a\u00e7\u0131q g\u00f6r\u00fcnd\u00fc, \u00e7\u00fcnki \u015fimal \u00f6lk\u0259d\u0259 d\u0259 \u0259n\u0259n\u0259vi imperialist zehniyy\u0259tl\u0259 prosesl\u0259r\u0259, qon\u015fulara baxan insanlar var. Bunun m\u0259tbuatda \u0259n klassik n\u00fcmay\u0259nd\u0259si deputat Zatulindir, yet\u0259rinc\u0259 kanallar\u0131 v\u0259 d\u00f6vl\u0259t idar\u0259l\u0259riyl\u0259 s\u0131x \u0259laq\u0259d\u0259 olan adamd\u0131r. Amma bir t\u0259r\u0259fd\u0259n d\u0259 Rusiyan\u0131n C\u0259nubi Qafqazdak\u0131 maraqlar\u0131n\u0131n daha m\u0259ntiqli, daha qar\u015f\u0131l\u0131ql\u0131, x\u00fcsus\u0259n T\u00fcrkiy\u0259 v\u0259 Az\u0259rbaycanla m\u00fcnasib\u0259tl\u0259ri pozmamas\u0131n\u0131 d\u00fc\u015f\u00fcn\u0259nl\u0259r d\u0259 var. M\u0259s\u0259l\u0259n, sonuncular d\u00fc\u015f\u00fcn\u00fcr ki, Almaniyada \u0259sg\u0259rimiz yoxdur, amma qar\u015f\u0131l\u0131ql\u0131 maraqlar\u0131m\u0131z var, \u0259g\u0259r burda ediriks\u0259, niy\u0259 orda etm\u0259y\u0259k. Onlar bunu bizim \u201cqara qa\u015f\u0131m\u0131za, qara g\u00f6z\u00fcm\u00fcz\u0259\u201d a\u015fiq olduqlar\u0131 \u00fc\u00e7\u00fcn demirl\u0259r. \u00d6z maraqlar\u0131 bel\u0259 t\u0259l\u0259b edir.<\/p>\n\n\n\n<p>&#8211;&nbsp;&nbsp;<em>Zatulini h\u0259rbi-s\u0259naye qrupuna aid etm\u0259k olarm\u0131?<\/em><\/p>\n\n\n\n<p>&#8211;&nbsp; M\u0259nc\u0259, el\u0259 ay\u0131rmaq olmaz. M\u0259s\u0259l\u0259n, Korto\u00e7enko, Az\u0259rbaycanla normal m\u00fcnasib\u0259t qurmaq ist\u0259y\u0259nl\u0259rd\u0259ndir, o, M\u00fcdafi\u0259 Nazirliyind\u0259 \u0130ctimai \u015euran\u0131n \u0259vv\u0259l r\u0259hb\u0259ri v\u0259 \u00fczv\u00fc olub. \u018fg\u0259r h\u0259rbi-s\u0259naye kompleksi des\u0259k, m\u00fcdafi\u0259 nazirinin yax\u0131n adam\u0131 say\u0131l\u0131r. Bununla bel\u0259, dediyiniz kateqoriyayla ay\u0131rd etm\u0259k m\u00fcmk\u00fcn olmur. M\u0259n bel\u0259 yana\u015f\u0131ram: Rusiyan\u0131n b\u00f6lg\u0259 siyas\u0259tind\u0259ki \u0259n\u0259n\u0259vi imperialist x\u0259ttini qorumaq, davam v\u0259 inki\u015fat etdirm\u0259k ist\u0259y\u0259nl\u0259r var, bunlar iqtisadi, h\u0259rbi, jurnalistika, politologiya, b\u00fct\u00fcn sektorlarda var. Bir d\u0259 Rusiyan\u0131n b\u00f6lg\u0259 d\u00f6vl\u0259tl\u0259ri il\u0259 m\u00fcnasib\u0259tl\u0259rini nisb\u0259t\u0259n daha qar\u015f\u0131l\u0131ql\u0131, milli mara\u011f\u0131 bu \u015f\u0259kild\u0259 qurmaq ist\u0259y\u0259nl\u0259r var. 44 g\u00fcnl\u00fck sava\u015fda bu g\u00f6r\u00fcnd\u00fc, bir t\u0259r\u0259fd\u0259 Zatulin, dig\u0259r t\u0259r\u0259fd\u0259 d\u0259 Korto\u00e7enko m\u0259tbuata yans\u0131yanlar idi. Biz sad\u0259c\u0259 Erm\u0259nistanla m\u00fcharib\u0259 etmirdik, Moskvada da Erm\u0259nistanla Az\u0259rbaycan\u0131n m\u00fcnasib\u0259tl\u0259rinin nec\u0259 qurulmas\u0131 haqq\u0131nda b\u00fct\u00fcn sah\u0259l\u0259rd\u0259 \u00e7ox ciddi m\u00fcbariz\u0259 gedirdi. M\u0259nim q\u0259na\u0259tim bel\u0259dir ki, Delyagin Az\u0259rbaycan da daxil postsovet co\u011frafiyas\u0131na \u0259n\u0259n\u0259vi imperialist p\u0259nc\u0259r\u0259d\u0259n baxanlardand\u0131r. \u00c7ox maraql\u0131d\u0131r ki, Delyagin \u0259vv\u0259l liberal olub, Nemtsovun, Kasyanovun m\u00fcavini idi, y\u0259ni m\u00fcxt\u0259lif partiyalarda olub, \u00e7ox opportunist adamd\u0131r v\u0259 yeri g\u0259l\u0259nd\u0259 opportunisc\u0259 a\u00e7\u0131qlamalar verm\u0259y\u0259 davam edir. D\u00fc\u015f\u00fcn\u00fcr\u0259m ki, o dair\u0259l\u0259rin kontekstind\u0259 Delyagin d\u0259 h\u0259min fikirl\u0259ri dil\u0259 g\u0259tirdi. T\u0259bii ki, m\u0259n birba\u015fa Kremlin \u201cbunu edin\u201d dediyini d\u00fc\u015f\u00fcnm\u00fcr\u0259m. Amma Kreml bundan faydalan\u0131r.<\/p>\n\n\n\n<p>&#8211;&nbsp;<em>Sad\u0259c\u0259, bu c\u00fcr mesajlar, t\u0259hdidl\u0259r birinci d\u0259f\u0259 deyil, politoloq Sergey Mixiev d\u0259 ox\u015far a\u00e7\u0131qlamalar verir, yaxud Rusiya M\u00fcdafi\u0259 Nazirliyinin x\u0259rit\u0259 payla\u015f\u0131mlar\u0131, informasiyalar\u0131 olur.D\u00fczd\u00fcr, b\u0259z\u0259n silirl\u0259r. Rusiyadan bu c\u00fcr t\u0259hdil\u0259r n\u0259 vaxta q\u0259d\u0259r davam ed\u0259 bil\u0259r?<\/em><\/p>\n\n\n\n<p>&#8211; Bu c\u00fcr gedi\u015fat Az\u0259rbaycan-Rusiya, Az\u0259rbaycan-\u0130ran, Az\u0259rbaycan-AB\u015e, Az\u0259rbaycan-Almaniya m\u00fcnasib\u0259tl\u0259rind\u0259, y\u0259ni b\u00f6lg\u0259d\u0259 mara\u011f\u0131 olan \u00f6lk\u0259l\u0259rin, o c\u00fcml\u0259d\u0259n, bizim mara\u011f\u0131m\u0131z olan b\u00fct\u00fcn \u00f6lk\u0259l\u0259rd\u0259 bu v\u0259 ya dig\u0259r formada t\u0259zah\u00fcr etdir\u0259c\u0259k. Y\u0259ni beyn\u0259lxalq m\u00fcnasib\u0259tl\u0259rin t\u0259bi\u0259tind\u0259 olan bir \u015feydir. Sad\u0259c\u0259, bunlar\u0131 imkan yarand\u0131qca marginalla\u015fd\u0131rmaq, bunu ed\u0259nl\u0259ri ola bildikc\u0259, susdurmaq, el\u0259 \u00f6z i\u00e7\u0259ril\u0259rind\u0259 c\u0259zaland\u0131rmalar\u0131na nail olmaq laz\u0131md\u0131r. \u018fvv\u0259ll\u0259r bunu \u00e7ox bacara bilmirdik, deyirdil\u0259r, kar qal\u0131rd\u0131q. Son d\u00f6vrl\u0259r bu istiqam\u0259td\u0259 yava\u015f da olsa m\u00fc\u0259yy\u0259n add\u0131mlar atm\u0131\u015f\u0131q. Bilirsiniz, Rusiyada da, AB\u015e-da da, h\u0259tta G\u00fcrc\u00fcstanda da bizim kimi d\u00fc\u015f\u00fcn\u0259 bilm\u0259y\u0259n insanlar olacaq, n\u0259s\u0259 dey\u0259c\u0259kl\u0259r, cavab ver\u0259c\u0259yik, b\u0259z\u0259n s\u00f6z\u00fcn\u0259 g\u00f6r\u0259 pe\u015fman da ed\u0259c\u0259yik. Delyagin d\u0259 bu c\u00fcr x\u0259tl\u0259rd\u0259n birini t\u0259msil edirdi, bu d\u0259f\u0259 dayand\u0131rd\u0131q. Amma bu o dem\u0259k deyil ki, sabah ba\u015fqa birisi s\u0259sl\u0259ndirm\u0259y\u0259c\u0259k. \u00d6n\u0259mli olan el\u0259 bir a\u00e7\u0131qlama veril\u0259nd\u0259 laz\u0131m\u0131 reaksiyan\u0131 g\u00f6st\u0259r\u0259 bilm\u0259k, onu dayand\u0131rmaqd\u0131r. Rusiya Xarici \u0130\u015fl\u0259r Nazirliyinin r\u0259smisi Mariya Zaxarova m\u00fcnasib\u0259t bildirdi, onun biz\u0259 yana\u015fmas\u0131 ayd\u0131nd\u0131r, x\u00fcsusi simpatiyas\u0131 yoxdur. Kremlin d\u0259 reaksiyas\u0131 g\u00f6st\u0259rir ki, h\u0259ddi a\u015fmay\u0131n mesaj\u0131 var.<\/p>\n","protected":false},"excerpt":{"rendered":"","protected":false},"author":14,"featured_media":240213,"comment_status":"closed","ping_status":"closed","sticky":false,"template":"","format":"standard","meta":{"_acf_changed":false,"_sitemap_exclude":false,"_sitemap_priority":"","_sitemap_frequency":"","footnotes":""},"categories":[63],"tags":[],"class_list":["post-240212","post","type-post","status-publish","format-standard","has-post-thumbnail","hentry","category-video-2","infinite-scroll-item","generate-columns","tablet-grid-50","mobile-grid-100","grid-parent","grid-33","no-featured-image-padding"],"acf":[],"yoast_head":"<!-- This site is optimized with the Yoast SEO plugin v27.5 - https:\/\/yoast.com\/product\/yoast-seo-wordpress\/ -->\n<title>Nazim C\u0259f\u0259rsoy: \u201c\u00d6n\u00fcm\u00fczd\u0259ki h\u0259ft\u0259d\u0259 Rusiyan\u0131n h\u0259rbi h\u00fccumunu g\u00f6zl\u0259yir\u0259m, Donbas c\u0259bh\u0259sin\u0259\u201d - MEYDAN.TV<\/title>\n<meta name=\"robots\" content=\"index, follow, max-snippet:-1, max-image-preview:large, max-video-preview:-1\" \/>\n<link rel=\"canonical\" href=\"https:\/\/www.meydan.tv\/az\/article\/nazim-cefersoy-onumuzdeki-heftede-rusiyanin-herbi-hucumunu-gozleyirem-donbasin-merkezine\/\" \/>\n<meta property=\"og:locale\" content=\"az_AZ\" \/>\n<meta property=\"og:type\" content=\"article\" \/>\n<meta property=\"og:title\" content=\"Nazim C\u0259f\u0259rsoy: \u201c\u00d6n\u00fcm\u00fczd\u0259ki h\u0259ft\u0259d\u0259 Rusiyan\u0131n h\u0259rbi h\u00fccumunu g\u00f6zl\u0259yir\u0259m, Donbas c\u0259bh\u0259sin\u0259\u201d - MEYDAN.TV\" \/>\n<meta property=\"og:url\" content=\"https:\/\/www.meydan.tv\/az\/article\/nazim-cefersoy-onumuzdeki-heftede-rusiyanin-herbi-hucumunu-gozleyirem-donbasin-merkezine\/\" \/>\n<meta property=\"og:site_name\" content=\"MEYDAN.TV\" \/>\n<meta property=\"article:published_time\" content=\"2022-03-31T18:31:27+00:00\" \/>\n<meta property=\"article:modified_time\" content=\"2022-04-01T03:59:26+00:00\" \/>\n<meta property=\"og:image\" content=\"https:\/\/www.meydan.tv\/wp-content\/uploads\/screenshot-at-mar-31-20-21-35.png\" \/>\n\t<meta property=\"og:image:width\" content=\"1468\" \/>\n\t<meta property=\"og:image:height\" content=\"820\" \/>\n\t<meta property=\"og:image:type\" content=\"image\/png\" \/>\n<meta name=\"author\" content=\"roma\" \/>\n<meta name=\"twitter:card\" content=\"summary_large_image\" \/>\n<script type=\"application\/ld+json\" class=\"yoast-schema-graph\">{\"@context\":\"https:\\\/\\\/schema.org\",\"@graph\":[{\"@type\":\"Article\",\"@id\":\"https:\\\/\\\/www.meydan.tv\\\/az\\\/article\\\/nazim-cefersoy-onumuzdeki-heftede-rusiyanin-herbi-hucumunu-gozleyirem-donbasin-merkezine\\\/#article\",\"isPartOf\":{\"@id\":\"https:\\\/\\\/www.meydan.tv\\\/az\\\/article\\\/nazim-cefersoy-onumuzdeki-heftede-rusiyanin-herbi-hucumunu-gozleyirem-donbasin-merkezine\\\/\"},\"author\":{\"name\":\"roma\",\"@id\":\"https:\\\/\\\/www.meydan.tv\\\/az\\\/#\\\/schema\\\/person\\\/8f23e01c4de63326c13c319fb65ee65d\"},\"headline\":\"Nazim C\u0259f\u0259rsoy: \u201c\u00d6n\u00fcm\u00fczd\u0259ki h\u0259ft\u0259d\u0259 Rusiyan\u0131n h\u0259rbi h\u00fccumunu g\u00f6zl\u0259yir\u0259m, Donbas c\u0259bh\u0259sin\u0259\u201d\",\"datePublished\":\"2022-03-31T18:31:27+00:00\",\"dateModified\":\"2022-04-01T03:59:26+00:00\",\"mainEntityOfPage\":{\"@id\":\"https:\\\/\\\/www.meydan.tv\\\/az\\\/article\\\/nazim-cefersoy-onumuzdeki-heftede-rusiyanin-herbi-hucumunu-gozleyirem-donbasin-merkezine\\\/\"},\"wordCount\":3478,\"publisher\":{\"@id\":\"https:\\\/\\\/www.meydan.tv\\\/az\\\/#organization\"},\"image\":{\"@id\":\"https:\\\/\\\/www.meydan.tv\\\/az\\\/article\\\/nazim-cefersoy-onumuzdeki-heftede-rusiyanin-herbi-hucumunu-gozleyirem-donbasin-merkezine\\\/#primaryimage\"},\"thumbnailUrl\":\"https:\\\/\\\/www.meydan.tv\\\/wp-content\\\/uploads\\\/screenshot-at-mar-31-20-21-35.png\",\"articleSection\":[\"Video\"],\"inLanguage\":\"az\"},{\"@type\":\"WebPage\",\"@id\":\"https:\\\/\\\/www.meydan.tv\\\/az\\\/article\\\/nazim-cefersoy-onumuzdeki-heftede-rusiyanin-herbi-hucumunu-gozleyirem-donbasin-merkezine\\\/\",\"url\":\"https:\\\/\\\/www.meydan.tv\\\/az\\\/article\\\/nazim-cefersoy-onumuzdeki-heftede-rusiyanin-herbi-hucumunu-gozleyirem-donbasin-merkezine\\\/\",\"name\":\"Nazim C\u0259f\u0259rsoy: \u201c\u00d6n\u00fcm\u00fczd\u0259ki h\u0259ft\u0259d\u0259 Rusiyan\u0131n h\u0259rbi h\u00fccumunu g\u00f6zl\u0259yir\u0259m, Donbas c\u0259bh\u0259sin\u0259\u201d - MEYDAN.TV\",\"isPartOf\":{\"@id\":\"https:\\\/\\\/www.meydan.tv\\\/az\\\/#website\"},\"primaryImageOfPage\":{\"@id\":\"https:\\\/\\\/www.meydan.tv\\\/az\\\/article\\\/nazim-cefersoy-onumuzdeki-heftede-rusiyanin-herbi-hucumunu-gozleyirem-donbasin-merkezine\\\/#primaryimage\"},\"image\":{\"@id\":\"https:\\\/\\\/www.meydan.tv\\\/az\\\/article\\\/nazim-cefersoy-onumuzdeki-heftede-rusiyanin-herbi-hucumunu-gozleyirem-donbasin-merkezine\\\/#primaryimage\"},\"thumbnailUrl\":\"https:\\\/\\\/www.meydan.tv\\\/wp-content\\\/uploads\\\/screenshot-at-mar-31-20-21-35.png\",\"datePublished\":\"2022-03-31T18:31:27+00:00\",\"dateModified\":\"2022-04-01T03:59:26+00:00\",\"breadcrumb\":{\"@id\":\"https:\\\/\\\/www.meydan.tv\\\/az\\\/article\\\/nazim-cefersoy-onumuzdeki-heftede-rusiyanin-herbi-hucumunu-gozleyirem-donbasin-merkezine\\\/#breadcrumb\"},\"inLanguage\":\"az\",\"potentialAction\":[{\"@type\":\"ReadAction\",\"target\":[\"https:\\\/\\\/www.meydan.tv\\\/az\\\/article\\\/nazim-cefersoy-onumuzdeki-heftede-rusiyanin-herbi-hucumunu-gozleyirem-donbasin-merkezine\\\/\"]}]},{\"@type\":\"ImageObject\",\"inLanguage\":\"az\",\"@id\":\"https:\\\/\\\/www.meydan.tv\\\/az\\\/article\\\/nazim-cefersoy-onumuzdeki-heftede-rusiyanin-herbi-hucumunu-gozleyirem-donbasin-merkezine\\\/#primaryimage\",\"url\":\"https:\\\/\\\/www.meydan.tv\\\/wp-content\\\/uploads\\\/screenshot-at-mar-31-20-21-35.png\",\"contentUrl\":\"https:\\\/\\\/www.meydan.tv\\\/wp-content\\\/uploads\\\/screenshot-at-mar-31-20-21-35.png\",\"width\":1468,\"height\":820},{\"@type\":\"BreadcrumbList\",\"@id\":\"https:\\\/\\\/www.meydan.tv\\\/az\\\/article\\\/nazim-cefersoy-onumuzdeki-heftede-rusiyanin-herbi-hucumunu-gozleyirem-donbasin-merkezine\\\/#breadcrumb\",\"itemListElement\":[{\"@type\":\"ListItem\",\"position\":1,\"name\":\"Ana s\u0259hif\u0259\",\"item\":\"https:\\\/\\\/www.meydan.tv\\\/az\\\/\"},{\"@type\":\"ListItem\",\"position\":2,\"name\":\"Video\",\"item\":\"https:\\\/\\\/www.meydan.tv\\\/az\\\/section\\\/video-2\\\/\"},{\"@type\":\"ListItem\",\"position\":3,\"name\":\"Nazim C\u0259f\u0259rsoy: \u201c\u00d6n\u00fcm\u00fczd\u0259ki h\u0259ft\u0259d\u0259 Rusiyan\u0131n h\u0259rbi h\u00fccumunu g\u00f6zl\u0259yir\u0259m, Donbas c\u0259bh\u0259sin\u0259\u201d\"}]},{\"@type\":\"WebSite\",\"@id\":\"https:\\\/\\\/www.meydan.tv\\\/az\\\/#website\",\"url\":\"https:\\\/\\\/www.meydan.tv\\\/az\\\/\",\"name\":\"MEYDAN.TV\",\"description\":\"Meydan TV Az\u0259rbaycan\u0131n media m\u0259kan\u0131ndak\u0131 alternativ s\u0259sidir\",\"publisher\":{\"@id\":\"https:\\\/\\\/www.meydan.tv\\\/az\\\/#organization\"},\"potentialAction\":[{\"@type\":\"SearchAction\",\"target\":{\"@type\":\"EntryPoint\",\"urlTemplate\":\"https:\\\/\\\/www.meydan.tv\\\/az\\\/?s={search_term_string}\"},\"query-input\":{\"@type\":\"PropertyValueSpecification\",\"valueRequired\":true,\"valueName\":\"search_term_string\"}}],\"inLanguage\":\"az\"},{\"@type\":\"Organization\",\"@id\":\"https:\\\/\\\/www.meydan.tv\\\/az\\\/#organization\",\"name\":\"Meydan TV\",\"url\":\"https:\\\/\\\/www.meydan.tv\\\/az\\\/\",\"logo\":{\"@type\":\"ImageObject\",\"inLanguage\":\"az\",\"@id\":\"https:\\\/\\\/www.meydan.tv\\\/az\\\/#\\\/schema\\\/logo\\\/image\\\/\",\"url\":\"https:\\\/\\\/www.meydan.tv\\\/wp-content\\\/uploads\\\/2021\\\/07\\\/meydan-logo.svg\",\"contentUrl\":\"https:\\\/\\\/www.meydan.tv\\\/wp-content\\\/uploads\\\/2021\\\/07\\\/meydan-logo.svg\",\"width\":195,\"height\":46,\"caption\":\"Meydan TV\"},\"image\":{\"@id\":\"https:\\\/\\\/www.meydan.tv\\\/az\\\/#\\\/schema\\\/logo\\\/image\\\/\"}},{\"@type\":\"Person\",\"@id\":\"https:\\\/\\\/www.meydan.tv\\\/az\\\/#\\\/schema\\\/person\\\/8f23e01c4de63326c13c319fb65ee65d\",\"name\":\"roma\"}]}<\/script>\n<!-- \/ Yoast SEO plugin. -->","yoast_head_json":{"title":"Nazim C\u0259f\u0259rsoy: \u201c\u00d6n\u00fcm\u00fczd\u0259ki h\u0259ft\u0259d\u0259 Rusiyan\u0131n h\u0259rbi h\u00fccumunu g\u00f6zl\u0259yir\u0259m, Donbas c\u0259bh\u0259sin\u0259\u201d - MEYDAN.TV","robots":{"index":"index","follow":"follow","max-snippet":"max-snippet:-1","max-image-preview":"max-image-preview:large","max-video-preview":"max-video-preview:-1"},"canonical":"https:\/\/www.meydan.tv\/az\/article\/nazim-cefersoy-onumuzdeki-heftede-rusiyanin-herbi-hucumunu-gozleyirem-donbasin-merkezine\/","og_locale":"az_AZ","og_type":"article","og_title":"Nazim C\u0259f\u0259rsoy: \u201c\u00d6n\u00fcm\u00fczd\u0259ki h\u0259ft\u0259d\u0259 Rusiyan\u0131n h\u0259rbi h\u00fccumunu g\u00f6zl\u0259yir\u0259m, Donbas c\u0259bh\u0259sin\u0259\u201d - MEYDAN.TV","og_url":"https:\/\/www.meydan.tv\/az\/article\/nazim-cefersoy-onumuzdeki-heftede-rusiyanin-herbi-hucumunu-gozleyirem-donbasin-merkezine\/","og_site_name":"MEYDAN.TV","article_published_time":"2022-03-31T18:31:27+00:00","article_modified_time":"2022-04-01T03:59:26+00:00","og_image":[{"width":1468,"height":820,"url":"https:\/\/www.meydan.tv\/wp-content\/uploads\/screenshot-at-mar-31-20-21-35.png","type":"image\/png"}],"author":"roma","twitter_card":"summary_large_image","schema":{"@context":"https:\/\/schema.org","@graph":[{"@type":"Article","@id":"https:\/\/www.meydan.tv\/az\/article\/nazim-cefersoy-onumuzdeki-heftede-rusiyanin-herbi-hucumunu-gozleyirem-donbasin-merkezine\/#article","isPartOf":{"@id":"https:\/\/www.meydan.tv\/az\/article\/nazim-cefersoy-onumuzdeki-heftede-rusiyanin-herbi-hucumunu-gozleyirem-donbasin-merkezine\/"},"author":{"name":"roma","@id":"https:\/\/www.meydan.tv\/az\/#\/schema\/person\/8f23e01c4de63326c13c319fb65ee65d"},"headline":"Nazim C\u0259f\u0259rsoy: \u201c\u00d6n\u00fcm\u00fczd\u0259ki h\u0259ft\u0259d\u0259 Rusiyan\u0131n h\u0259rbi h\u00fccumunu g\u00f6zl\u0259yir\u0259m, Donbas c\u0259bh\u0259sin\u0259\u201d","datePublished":"2022-03-31T18:31:27+00:00","dateModified":"2022-04-01T03:59:26+00:00","mainEntityOfPage":{"@id":"https:\/\/www.meydan.tv\/az\/article\/nazim-cefersoy-onumuzdeki-heftede-rusiyanin-herbi-hucumunu-gozleyirem-donbasin-merkezine\/"},"wordCount":3478,"publisher":{"@id":"https:\/\/www.meydan.tv\/az\/#organization"},"image":{"@id":"https:\/\/www.meydan.tv\/az\/article\/nazim-cefersoy-onumuzdeki-heftede-rusiyanin-herbi-hucumunu-gozleyirem-donbasin-merkezine\/#primaryimage"},"thumbnailUrl":"https:\/\/www.meydan.tv\/wp-content\/uploads\/screenshot-at-mar-31-20-21-35.png","articleSection":["Video"],"inLanguage":"az"},{"@type":"WebPage","@id":"https:\/\/www.meydan.tv\/az\/article\/nazim-cefersoy-onumuzdeki-heftede-rusiyanin-herbi-hucumunu-gozleyirem-donbasin-merkezine\/","url":"https:\/\/www.meydan.tv\/az\/article\/nazim-cefersoy-onumuzdeki-heftede-rusiyanin-herbi-hucumunu-gozleyirem-donbasin-merkezine\/","name":"Nazim C\u0259f\u0259rsoy: \u201c\u00d6n\u00fcm\u00fczd\u0259ki h\u0259ft\u0259d\u0259 Rusiyan\u0131n h\u0259rbi h\u00fccumunu g\u00f6zl\u0259yir\u0259m, Donbas c\u0259bh\u0259sin\u0259\u201d - MEYDAN.TV","isPartOf":{"@id":"https:\/\/www.meydan.tv\/az\/#website"},"primaryImageOfPage":{"@id":"https:\/\/www.meydan.tv\/az\/article\/nazim-cefersoy-onumuzdeki-heftede-rusiyanin-herbi-hucumunu-gozleyirem-donbasin-merkezine\/#primaryimage"},"image":{"@id":"https:\/\/www.meydan.tv\/az\/article\/nazim-cefersoy-onumuzdeki-heftede-rusiyanin-herbi-hucumunu-gozleyirem-donbasin-merkezine\/#primaryimage"},"thumbnailUrl":"https:\/\/www.meydan.tv\/wp-content\/uploads\/screenshot-at-mar-31-20-21-35.png","datePublished":"2022-03-31T18:31:27+00:00","dateModified":"2022-04-01T03:59:26+00:00","breadcrumb":{"@id":"https:\/\/www.meydan.tv\/az\/article\/nazim-cefersoy-onumuzdeki-heftede-rusiyanin-herbi-hucumunu-gozleyirem-donbasin-merkezine\/#breadcrumb"},"inLanguage":"az","potentialAction":[{"@type":"ReadAction","target":["https:\/\/www.meydan.tv\/az\/article\/nazim-cefersoy-onumuzdeki-heftede-rusiyanin-herbi-hucumunu-gozleyirem-donbasin-merkezine\/"]}]},{"@type":"ImageObject","inLanguage":"az","@id":"https:\/\/www.meydan.tv\/az\/article\/nazim-cefersoy-onumuzdeki-heftede-rusiyanin-herbi-hucumunu-gozleyirem-donbasin-merkezine\/#primaryimage","url":"https:\/\/www.meydan.tv\/wp-content\/uploads\/screenshot-at-mar-31-20-21-35.png","contentUrl":"https:\/\/www.meydan.tv\/wp-content\/uploads\/screenshot-at-mar-31-20-21-35.png","width":1468,"height":820},{"@type":"BreadcrumbList","@id":"https:\/\/www.meydan.tv\/az\/article\/nazim-cefersoy-onumuzdeki-heftede-rusiyanin-herbi-hucumunu-gozleyirem-donbasin-merkezine\/#breadcrumb","itemListElement":[{"@type":"ListItem","position":1,"name":"Ana s\u0259hif\u0259","item":"https:\/\/www.meydan.tv\/az\/"},{"@type":"ListItem","position":2,"name":"Video","item":"https:\/\/www.meydan.tv\/az\/section\/video-2\/"},{"@type":"ListItem","position":3,"name":"Nazim C\u0259f\u0259rsoy: \u201c\u00d6n\u00fcm\u00fczd\u0259ki h\u0259ft\u0259d\u0259 Rusiyan\u0131n h\u0259rbi h\u00fccumunu g\u00f6zl\u0259yir\u0259m, Donbas c\u0259bh\u0259sin\u0259\u201d"}]},{"@type":"WebSite","@id":"https:\/\/www.meydan.tv\/az\/#website","url":"https:\/\/www.meydan.tv\/az\/","name":"MEYDAN.TV","description":"Meydan TV Az\u0259rbaycan\u0131n media m\u0259kan\u0131ndak\u0131 alternativ s\u0259sidir","publisher":{"@id":"https:\/\/www.meydan.tv\/az\/#organization"},"potentialAction":[{"@type":"SearchAction","target":{"@type":"EntryPoint","urlTemplate":"https:\/\/www.meydan.tv\/az\/?s={search_term_string}"},"query-input":{"@type":"PropertyValueSpecification","valueRequired":true,"valueName":"search_term_string"}}],"inLanguage":"az"},{"@type":"Organization","@id":"https:\/\/www.meydan.tv\/az\/#organization","name":"Meydan TV","url":"https:\/\/www.meydan.tv\/az\/","logo":{"@type":"ImageObject","inLanguage":"az","@id":"https:\/\/www.meydan.tv\/az\/#\/schema\/logo\/image\/","url":"https:\/\/www.meydan.tv\/wp-content\/uploads\/2021\/07\/meydan-logo.svg","contentUrl":"https:\/\/www.meydan.tv\/wp-content\/uploads\/2021\/07\/meydan-logo.svg","width":195,"height":46,"caption":"Meydan TV"},"image":{"@id":"https:\/\/www.meydan.tv\/az\/#\/schema\/logo\/image\/"}},{"@type":"Person","@id":"https:\/\/www.meydan.tv\/az\/#\/schema\/person\/8f23e01c4de63326c13c319fb65ee65d","name":"roma"}]}},"_links":{"self":[{"href":"https:\/\/www.meydan.tv\/az\/wp-json\/wp\/v2\/posts\/240212","targetHints":{"allow":["GET"]}}],"collection":[{"href":"https:\/\/www.meydan.tv\/az\/wp-json\/wp\/v2\/posts"}],"about":[{"href":"https:\/\/www.meydan.tv\/az\/wp-json\/wp\/v2\/types\/post"}],"author":[{"embeddable":true,"href":"https:\/\/www.meydan.tv\/az\/wp-json\/wp\/v2\/users\/14"}],"replies":[{"embeddable":true,"href":"https:\/\/www.meydan.tv\/az\/wp-json\/wp\/v2\/comments?post=240212"}],"version-history":[{"count":4,"href":"https:\/\/www.meydan.tv\/az\/wp-json\/wp\/v2\/posts\/240212\/revisions"}],"predecessor-version":[{"id":240227,"href":"https:\/\/www.meydan.tv\/az\/wp-json\/wp\/v2\/posts\/240212\/revisions\/240227"}],"wp:featuredmedia":[{"embeddable":true,"href":"https:\/\/www.meydan.tv\/az\/wp-json\/wp\/v2\/media\/240213"}],"wp:attachment":[{"href":"https:\/\/www.meydan.tv\/az\/wp-json\/wp\/v2\/media?parent=240212"}],"wp:term":[{"taxonomy":"category","embeddable":true,"href":"https:\/\/www.meydan.tv\/az\/wp-json\/wp\/v2\/categories?post=240212"},{"taxonomy":"post_tag","embeddable":true,"href":"https:\/\/www.meydan.tv\/az\/wp-json\/wp\/v2\/tags?post=240212"}],"curies":[{"name":"wp","href":"https:\/\/api.w.org\/{rel}","templated":true}]}}