{"id":240062,"date":"2022-03-31T15:58:33","date_gmt":"2022-03-31T11:58:33","guid":{"rendered":"https:\/\/www.meydan.tv\/?p=240062"},"modified":"2022-03-31T15:58:35","modified_gmt":"2022-03-31T11:58:35","slug":"naxcivanda-mekteb-cokub-olen-ve-yaralananlarin-oldugu-deyilir","status":"publish","type":"post","link":"https:\/\/www.meydan.tv\/az\/article\/naxcivanda-mekteb-cokub-olen-ve-yaralananlarin-oldugu-deyilir\/","title":{"rendered":"Nax\u00e7\u0131vanda m\u0259kt\u0259b \u00e7\u00f6k\u00fcb: \u00f6l\u0259n v\u0259 yaralananlar\u0131n oldu\u011fu deyilir"},"content":{"rendered":"\n<p><\/p>\n\n\n\n<p><em>T\u0259hsil Nazirliyi deyir ki, \u00e7oxsayl\u0131 itkinin olmas\u0131 il\u0259 ba\u011fl\u0131 x\u0259b\u0259rl\u0259r yanl\u0131\u015fd\u0131r<\/em><\/p>\n\n\n\n<p>Nax\u00e7\u0131van Muxtar Respublikas\u0131n\u0131n Bab\u0259k rayonunun Nehr\u0259m q\u0259s\u0259b\u0259sind\u0259 3 sayl\u0131 tam orta m\u0259kt\u0259b \u00e7\u00f6k\u00fcb.<\/p>\n\n\n\n<p>Hadis\u0259nin m\u0259kt\u0259bd\u0259 in\u015faat i\u015fl\u0259ri apar\u0131lan zaman ba\u015f verdiyi <a href=\"https:\/\/apa.az\/az\/hadise\/naxcivanda-mekteb-cokub-olenler-ve-yarananlar-var-695161\" target=\"_blank\" rel=\"noreferrer noopener\">bildirilir<\/a>.<\/p>\n\n\n\n<p>Q\u0259za n\u0259tic\u0259sind\u0259 \u00f6l\u0259nl\u0259rin v\u0259 yaralananlar\u0131n oldu\u011fu deyilir.<\/p>\n\n\n\n<p>Nax\u00e7\u0131van MR X\u0259st\u0259xanas\u0131n\u0131n q\u0259bul \u015f\u00f6b\u0259sind\u0259n APA-ya bildirilib ki, x\u0259st\u0259xanaya 3 n\u0259f\u0259rin meyiti v\u0259 bir yaral\u0131 g\u0259tirilib.<\/p>\n\n\n\n<p>Yaral\u0131 \u015f\u0259xs reanimasiyaya yerl\u0259\u015fdirilib.<\/p>\n\n\n\n<p>Qeyd edilib ki, \u00f6l\u0259nl\u0259r m\u0259kt\u0259bin in\u015faat i\u015find\u0259 \u00e7al\u0131\u015fanlar olub.<\/p>\n\n\n\n<p>T\u0259hsil Nazirliyi Nax\u00e7\u0131vanda orta m\u0259kt\u0259b binas\u0131n\u0131n \u00e7\u00f6km\u0259si v\u0259 n\u0259tic\u0259d\u0259 m\u00fc\u0259llim v\u0259 \u015fagirdl\u0259r aras\u0131nda \u00f6l\u0259nl\u0259rin olmas\u0131 il\u0259 ba\u011fl\u0131 m\u0259lumatlara m\u00fcnasib\u0259t bildirib.<\/p>\n\n\n\n<p>Bu bar\u0259d\u0259 T\u0259hsil Nazirliyinin M\u0259tbuat Xidm\u0259tinin r\u0259hb\u0259ri C\u0259sar\u0259t Valehov &#8220;Facebook&#8221; hesab\u0131nda <a href=\"https:\/\/www.facebook.com\/casarat.valehov\" target=\"_blank\" rel=\"noreferrer noopener\">yaz\u0131b<\/a>. <\/p>\n\n\n\n<p>O bildirib ki, Nax\u00e7\u0131van Muxtar Respublikas\u0131n\u0131n Bab\u0259k rayonu Nehr\u0259m q\u0259s\u0259b\u0259 3 n\u00f6mr\u0259li tam orta m\u0259kt\u0259b binas\u0131n\u0131n \u00e7\u00f6km\u0259si n\u0259tic\u0259sind\u0259 \u015fagird v\u0259 m\u00fc\u0259llim kollektivi aras\u0131nda \u00e7oxsayl\u0131 \u00f6l\u00fcml\u0259rin, yaral\u0131lar\u0131n olmas\u0131 il\u0259 ba\u011fl\u0131 mediada yay\u0131lan x\u0259b\u0259rl\u0259r tamamil\u0259 yanl\u0131\u015fd\u0131r v\u0259 he\u00e7 bir \u0259sas\u0131 yoxdur: &#8220;Aidiyy\u0259ti qurumlara istinad\u0259n bildiririk ki, h\u0259min m\u0259kt\u0259bd\u0259 apar\u0131lan t\u0259mir-tikinti i\u015fl\u0259ri il\u0259 \u0259laq\u0259dar 1 mart 2022-ci il tarixind\u0259n m\u0259kt\u0259bin \u015fagird kontingenti Nehr\u0259m q\u0259s\u0259b\u0259 1 n\u00f6mr\u0259li tam orta m\u0259kt\u0259bd\u0259 t\u0259hsill\u0259rini davam etdirirl\u0259r&#8221;, &#8211; dey\u0259 a\u00e7\u0131qlamada bildirilir.<\/p>\n\n\n\n<p>Nazirlik r\u0259smisi bildirib ki, qeyd olunan m\u0259s\u0259l\u0259 il\u0259 ba\u011fl\u0131 ictimaiyy\u0259t\u0259 \u0259lav\u0259 m\u0259lumat veril\u0259c\u0259k.<\/p>\n","protected":false},"excerpt":{"rendered":"<p>T\u0259hsil Nazirliyi deyir ki, \u00e7oxsayl\u0131 itkinin olmas\u0131 il\u0259 ba\u011fl\u0131 x\u0259b\u0259rl\u0259r &#8230; <\/p>\n<p class=\"read-more-container\"><a title=\"Nax\u00e7\u0131vanda m\u0259kt\u0259b \u00e7\u00f6k\u00fcb: \u00f6l\u0259n v\u0259 yaralananlar\u0131n oldu\u011fu deyilir\" class=\"read-more button\" href=\"https:\/\/www.meydan.tv\/az\/article\/naxcivanda-mekteb-cokub-olen-ve-yaralananlarin-oldugu-deyilir\/#more-240062\" aria-label=\"Read more about Nax\u00e7\u0131vanda m\u0259kt\u0259b \u00e7\u00f6k\u00fcb: \u00f6l\u0259n v\u0259 yaralananlar\u0131n oldu\u011fu deyilir\">Davam\u0131<\/a><\/p>\n","protected":false},"author":8,"featured_media":240058,"comment_status":"closed","ping_status":"closed","sticky":false,"template":"","format":"standard","meta":{"_acf_changed":false,"_sitemap_exclude":false,"_sitemap_priority":"","_sitemap_frequency":"","footnotes":""},"categories":[62,79,56],"tags":[],"class_list":["post-240062","post","type-post","status-publish","format-standard","has-post-thumbnail","hentry","category-sosial","category-featured","category-xeberler","infinite-scroll-item","generate-columns","tablet-grid-50","mobile-grid-100","grid-parent","grid-33","no-featured-image-padding"],"acf":[],"yoast_head":"<!-- This site is optimized with the Yoast SEO plugin v27.5 - https:\/\/yoast.com\/product\/yoast-seo-wordpress\/ -->\n<title>Nax\u00e7\u0131vanda m\u0259kt\u0259b \u00e7\u00f6k\u00fcb: \u00f6l\u0259n v\u0259 yaralananlar\u0131n oldu\u011fu deyilir - MEYDAN.TV<\/title>\n<meta name=\"robots\" content=\"index, follow, max-snippet:-1, max-image-preview:large, max-video-preview:-1\" \/>\n<link rel=\"canonical\" href=\"https:\/\/www.meydan.tv\/az\/article\/naxcivanda-mekteb-cokub-olen-ve-yaralananlarin-oldugu-deyilir\/\" \/>\n<meta property=\"og:locale\" content=\"az_AZ\" \/>\n<meta property=\"og:type\" content=\"article\" \/>\n<meta property=\"og:title\" content=\"Nax\u00e7\u0131vanda m\u0259kt\u0259b \u00e7\u00f6k\u00fcb: \u00f6l\u0259n v\u0259 yaralananlar\u0131n oldu\u011fu deyilir - MEYDAN.TV\" \/>\n<meta property=\"og:description\" content=\"T\u0259hsil Nazirliyi deyir ki, \u00e7oxsayl\u0131 itkinin olmas\u0131 il\u0259 ba\u011fl\u0131 x\u0259b\u0259rl\u0259r ... Davam\u0131\" \/>\n<meta property=\"og:url\" content=\"https:\/\/www.meydan.tv\/az\/article\/naxcivanda-mekteb-cokub-olen-ve-yaralananlarin-oldugu-deyilir\/\" \/>\n<meta property=\"og:site_name\" content=\"MEYDAN.TV\" \/>\n<meta property=\"article:published_time\" content=\"2022-03-31T11:58:33+00:00\" \/>\n<meta property=\"article:modified_time\" content=\"2022-03-31T11:58:35+00:00\" \/>\n<meta property=\"og:image\" content=\"https:\/\/www.meydan.tv\/wp-content\/uploads\/untitled-design-7-7.jpg\" \/>\n\t<meta property=\"og:image:width\" content=\"1200\" \/>\n\t<meta property=\"og:image:height\" content=\"800\" \/>\n\t<meta property=\"og:image:type\" content=\"image\/jpeg\" \/>\n<meta name=\"author\" content=\"elli\" \/>\n<meta name=\"twitter:card\" content=\"summary_large_image\" \/>\n<meta name=\"twitter:creator\" content=\"@elli\" \/>\n<script type=\"application\/ld+json\" class=\"yoast-schema-graph\">{\"@context\":\"https:\\\/\\\/schema.org\",\"@graph\":[{\"@type\":\"Article\",\"@id\":\"https:\\\/\\\/www.meydan.tv\\\/az\\\/article\\\/naxcivanda-mekteb-cokub-olen-ve-yaralananlarin-oldugu-deyilir\\\/#article\",\"isPartOf\":{\"@id\":\"https:\\\/\\\/www.meydan.tv\\\/az\\\/article\\\/naxcivanda-mekteb-cokub-olen-ve-yaralananlarin-oldugu-deyilir\\\/\"},\"author\":{\"name\":\"elli\",\"@id\":\"https:\\\/\\\/www.meydan.tv\\\/az\\\/#\\\/schema\\\/person\\\/9cdbecf90d17180ce1dfbd95b08dcf47\"},\"headline\":\"Nax\u00e7\u0131vanda m\u0259kt\u0259b \u00e7\u00f6k\u00fcb: \u00f6l\u0259n v\u0259 yaralananlar\u0131n oldu\u011fu deyilir\",\"datePublished\":\"2022-03-31T11:58:33+00:00\",\"dateModified\":\"2022-03-31T11:58:35+00:00\",\"mainEntityOfPage\":{\"@id\":\"https:\\\/\\\/www.meydan.tv\\\/az\\\/article\\\/naxcivanda-mekteb-cokub-olen-ve-yaralananlarin-oldugu-deyilir\\\/\"},\"wordCount\":339,\"publisher\":{\"@id\":\"https:\\\/\\\/www.meydan.tv\\\/az\\\/#organization\"},\"image\":{\"@id\":\"https:\\\/\\\/www.meydan.tv\\\/az\\\/article\\\/naxcivanda-mekteb-cokub-olen-ve-yaralananlarin-oldugu-deyilir\\\/#primaryimage\"},\"thumbnailUrl\":\"https:\\\/\\\/www.meydan.tv\\\/wp-content\\\/uploads\\\/untitled-design-7-7.jpg\",\"articleSection\":[\"Sosial\",\"T\u00f6vsiy\u0259\",\"X\u0259b\u0259rl\u0259r\"],\"inLanguage\":\"az\"},{\"@type\":\"WebPage\",\"@id\":\"https:\\\/\\\/www.meydan.tv\\\/az\\\/article\\\/naxcivanda-mekteb-cokub-olen-ve-yaralananlarin-oldugu-deyilir\\\/\",\"url\":\"https:\\\/\\\/www.meydan.tv\\\/az\\\/article\\\/naxcivanda-mekteb-cokub-olen-ve-yaralananlarin-oldugu-deyilir\\\/\",\"name\":\"Nax\u00e7\u0131vanda m\u0259kt\u0259b \u00e7\u00f6k\u00fcb: \u00f6l\u0259n v\u0259 yaralananlar\u0131n oldu\u011fu deyilir - MEYDAN.TV\",\"isPartOf\":{\"@id\":\"https:\\\/\\\/www.meydan.tv\\\/az\\\/#website\"},\"primaryImageOfPage\":{\"@id\":\"https:\\\/\\\/www.meydan.tv\\\/az\\\/article\\\/naxcivanda-mekteb-cokub-olen-ve-yaralananlarin-oldugu-deyilir\\\/#primaryimage\"},\"image\":{\"@id\":\"https:\\\/\\\/www.meydan.tv\\\/az\\\/article\\\/naxcivanda-mekteb-cokub-olen-ve-yaralananlarin-oldugu-deyilir\\\/#primaryimage\"},\"thumbnailUrl\":\"https:\\\/\\\/www.meydan.tv\\\/wp-content\\\/uploads\\\/untitled-design-7-7.jpg\",\"datePublished\":\"2022-03-31T11:58:33+00:00\",\"dateModified\":\"2022-03-31T11:58:35+00:00\",\"breadcrumb\":{\"@id\":\"https:\\\/\\\/www.meydan.tv\\\/az\\\/article\\\/naxcivanda-mekteb-cokub-olen-ve-yaralananlarin-oldugu-deyilir\\\/#breadcrumb\"},\"inLanguage\":\"az\",\"potentialAction\":[{\"@type\":\"ReadAction\",\"target\":[\"https:\\\/\\\/www.meydan.tv\\\/az\\\/article\\\/naxcivanda-mekteb-cokub-olen-ve-yaralananlarin-oldugu-deyilir\\\/\"]}]},{\"@type\":\"ImageObject\",\"inLanguage\":\"az\",\"@id\":\"https:\\\/\\\/www.meydan.tv\\\/az\\\/article\\\/naxcivanda-mekteb-cokub-olen-ve-yaralananlarin-oldugu-deyilir\\\/#primaryimage\",\"url\":\"https:\\\/\\\/www.meydan.tv\\\/wp-content\\\/uploads\\\/untitled-design-7-7.jpg\",\"contentUrl\":\"https:\\\/\\\/www.meydan.tv\\\/wp-content\\\/uploads\\\/untitled-design-7-7.jpg\",\"width\":1200,\"height\":800,\"caption\":\"Nehr\u0259m q\u0259s\u0259b\u0259si,3 n\u00f6mr\u0259li tam orta m\u0259kt\u0259bin \u00e7\u00f6km\u0259si. Foto: \\\"Az\u0259rbaycan Universitetl\u0259ri\\\"nin \\\"Facebook\\\" s\u0259hif\u0259si\"},{\"@type\":\"BreadcrumbList\",\"@id\":\"https:\\\/\\\/www.meydan.tv\\\/az\\\/article\\\/naxcivanda-mekteb-cokub-olen-ve-yaralananlarin-oldugu-deyilir\\\/#breadcrumb\",\"itemListElement\":[{\"@type\":\"ListItem\",\"position\":1,\"name\":\"Ana s\u0259hif\u0259\",\"item\":\"https:\\\/\\\/www.meydan.tv\\\/az\\\/\"},{\"@type\":\"ListItem\",\"position\":2,\"name\":\"Sosial\",\"item\":\"https:\\\/\\\/www.meydan.tv\\\/az\\\/section\\\/sosial\\\/\"},{\"@type\":\"ListItem\",\"position\":3,\"name\":\"Nax\u00e7\u0131vanda m\u0259kt\u0259b \u00e7\u00f6k\u00fcb: \u00f6l\u0259n v\u0259 yaralananlar\u0131n oldu\u011fu deyilir\"}]},{\"@type\":\"WebSite\",\"@id\":\"https:\\\/\\\/www.meydan.tv\\\/az\\\/#website\",\"url\":\"https:\\\/\\\/www.meydan.tv\\\/az\\\/\",\"name\":\"MEYDAN.TV\",\"description\":\"Meydan TV Az\u0259rbaycan\u0131n media m\u0259kan\u0131ndak\u0131 alternativ s\u0259sidir\",\"publisher\":{\"@id\":\"https:\\\/\\\/www.meydan.tv\\\/az\\\/#organization\"},\"potentialAction\":[{\"@type\":\"SearchAction\",\"target\":{\"@type\":\"EntryPoint\",\"urlTemplate\":\"https:\\\/\\\/www.meydan.tv\\\/az\\\/?s={search_term_string}\"},\"query-input\":{\"@type\":\"PropertyValueSpecification\",\"valueRequired\":true,\"valueName\":\"search_term_string\"}}],\"inLanguage\":\"az\"},{\"@type\":\"Organization\",\"@id\":\"https:\\\/\\\/www.meydan.tv\\\/az\\\/#organization\",\"name\":\"Meydan TV\",\"url\":\"https:\\\/\\\/www.meydan.tv\\\/az\\\/\",\"logo\":{\"@type\":\"ImageObject\",\"inLanguage\":\"az\",\"@id\":\"https:\\\/\\\/www.meydan.tv\\\/az\\\/#\\\/schema\\\/logo\\\/image\\\/\",\"url\":\"https:\\\/\\\/www.meydan.tv\\\/wp-content\\\/uploads\\\/2021\\\/07\\\/meydan-logo.svg\",\"contentUrl\":\"https:\\\/\\\/www.meydan.tv\\\/wp-content\\\/uploads\\\/2021\\\/07\\\/meydan-logo.svg\",\"width\":195,\"height\":46,\"caption\":\"Meydan TV\"},\"image\":{\"@id\":\"https:\\\/\\\/www.meydan.tv\\\/az\\\/#\\\/schema\\\/logo\\\/image\\\/\"}},{\"@type\":\"Person\",\"@id\":\"https:\\\/\\\/www.meydan.tv\\\/az\\\/#\\\/schema\\\/person\\\/9cdbecf90d17180ce1dfbd95b08dcf47\",\"name\":\"elli\",\"sameAs\":[\"https:\\\/\\\/x.com\\\/elli\"]}]}<\/script>\n<!-- \/ Yoast SEO plugin. -->","yoast_head_json":{"title":"Nax\u00e7\u0131vanda m\u0259kt\u0259b \u00e7\u00f6k\u00fcb: \u00f6l\u0259n v\u0259 yaralananlar\u0131n oldu\u011fu deyilir - MEYDAN.TV","robots":{"index":"index","follow":"follow","max-snippet":"max-snippet:-1","max-image-preview":"max-image-preview:large","max-video-preview":"max-video-preview:-1"},"canonical":"https:\/\/www.meydan.tv\/az\/article\/naxcivanda-mekteb-cokub-olen-ve-yaralananlarin-oldugu-deyilir\/","og_locale":"az_AZ","og_type":"article","og_title":"Nax\u00e7\u0131vanda m\u0259kt\u0259b \u00e7\u00f6k\u00fcb: \u00f6l\u0259n v\u0259 yaralananlar\u0131n oldu\u011fu deyilir - MEYDAN.TV","og_description":"T\u0259hsil Nazirliyi deyir ki, \u00e7oxsayl\u0131 itkinin olmas\u0131 il\u0259 ba\u011fl\u0131 x\u0259b\u0259rl\u0259r ... Davam\u0131","og_url":"https:\/\/www.meydan.tv\/az\/article\/naxcivanda-mekteb-cokub-olen-ve-yaralananlarin-oldugu-deyilir\/","og_site_name":"MEYDAN.TV","article_published_time":"2022-03-31T11:58:33+00:00","article_modified_time":"2022-03-31T11:58:35+00:00","og_image":[{"width":1200,"height":800,"url":"https:\/\/www.meydan.tv\/wp-content\/uploads\/untitled-design-7-7.jpg","type":"image\/jpeg"}],"author":"elli","twitter_card":"summary_large_image","twitter_creator":"@elli","schema":{"@context":"https:\/\/schema.org","@graph":[{"@type":"Article","@id":"https:\/\/www.meydan.tv\/az\/article\/naxcivanda-mekteb-cokub-olen-ve-yaralananlarin-oldugu-deyilir\/#article","isPartOf":{"@id":"https:\/\/www.meydan.tv\/az\/article\/naxcivanda-mekteb-cokub-olen-ve-yaralananlarin-oldugu-deyilir\/"},"author":{"name":"elli","@id":"https:\/\/www.meydan.tv\/az\/#\/schema\/person\/9cdbecf90d17180ce1dfbd95b08dcf47"},"headline":"Nax\u00e7\u0131vanda m\u0259kt\u0259b \u00e7\u00f6k\u00fcb: \u00f6l\u0259n v\u0259 yaralananlar\u0131n oldu\u011fu deyilir","datePublished":"2022-03-31T11:58:33+00:00","dateModified":"2022-03-31T11:58:35+00:00","mainEntityOfPage":{"@id":"https:\/\/www.meydan.tv\/az\/article\/naxcivanda-mekteb-cokub-olen-ve-yaralananlarin-oldugu-deyilir\/"},"wordCount":339,"publisher":{"@id":"https:\/\/www.meydan.tv\/az\/#organization"},"image":{"@id":"https:\/\/www.meydan.tv\/az\/article\/naxcivanda-mekteb-cokub-olen-ve-yaralananlarin-oldugu-deyilir\/#primaryimage"},"thumbnailUrl":"https:\/\/www.meydan.tv\/wp-content\/uploads\/untitled-design-7-7.jpg","articleSection":["Sosial","T\u00f6vsiy\u0259","X\u0259b\u0259rl\u0259r"],"inLanguage":"az"},{"@type":"WebPage","@id":"https:\/\/www.meydan.tv\/az\/article\/naxcivanda-mekteb-cokub-olen-ve-yaralananlarin-oldugu-deyilir\/","url":"https:\/\/www.meydan.tv\/az\/article\/naxcivanda-mekteb-cokub-olen-ve-yaralananlarin-oldugu-deyilir\/","name":"Nax\u00e7\u0131vanda m\u0259kt\u0259b \u00e7\u00f6k\u00fcb: \u00f6l\u0259n v\u0259 yaralananlar\u0131n oldu\u011fu deyilir - MEYDAN.TV","isPartOf":{"@id":"https:\/\/www.meydan.tv\/az\/#website"},"primaryImageOfPage":{"@id":"https:\/\/www.meydan.tv\/az\/article\/naxcivanda-mekteb-cokub-olen-ve-yaralananlarin-oldugu-deyilir\/#primaryimage"},"image":{"@id":"https:\/\/www.meydan.tv\/az\/article\/naxcivanda-mekteb-cokub-olen-ve-yaralananlarin-oldugu-deyilir\/#primaryimage"},"thumbnailUrl":"https:\/\/www.meydan.tv\/wp-content\/uploads\/untitled-design-7-7.jpg","datePublished":"2022-03-31T11:58:33+00:00","dateModified":"2022-03-31T11:58:35+00:00","breadcrumb":{"@id":"https:\/\/www.meydan.tv\/az\/article\/naxcivanda-mekteb-cokub-olen-ve-yaralananlarin-oldugu-deyilir\/#breadcrumb"},"inLanguage":"az","potentialAction":[{"@type":"ReadAction","target":["https:\/\/www.meydan.tv\/az\/article\/naxcivanda-mekteb-cokub-olen-ve-yaralananlarin-oldugu-deyilir\/"]}]},{"@type":"ImageObject","inLanguage":"az","@id":"https:\/\/www.meydan.tv\/az\/article\/naxcivanda-mekteb-cokub-olen-ve-yaralananlarin-oldugu-deyilir\/#primaryimage","url":"https:\/\/www.meydan.tv\/wp-content\/uploads\/untitled-design-7-7.jpg","contentUrl":"https:\/\/www.meydan.tv\/wp-content\/uploads\/untitled-design-7-7.jpg","width":1200,"height":800,"caption":"Nehr\u0259m q\u0259s\u0259b\u0259si,3 n\u00f6mr\u0259li tam orta m\u0259kt\u0259bin \u00e7\u00f6km\u0259si. Foto: \"Az\u0259rbaycan Universitetl\u0259ri\"nin \"Facebook\" s\u0259hif\u0259si"},{"@type":"BreadcrumbList","@id":"https:\/\/www.meydan.tv\/az\/article\/naxcivanda-mekteb-cokub-olen-ve-yaralananlarin-oldugu-deyilir\/#breadcrumb","itemListElement":[{"@type":"ListItem","position":1,"name":"Ana s\u0259hif\u0259","item":"https:\/\/www.meydan.tv\/az\/"},{"@type":"ListItem","position":2,"name":"Sosial","item":"https:\/\/www.meydan.tv\/az\/section\/sosial\/"},{"@type":"ListItem","position":3,"name":"Nax\u00e7\u0131vanda m\u0259kt\u0259b \u00e7\u00f6k\u00fcb: \u00f6l\u0259n v\u0259 yaralananlar\u0131n oldu\u011fu deyilir"}]},{"@type":"WebSite","@id":"https:\/\/www.meydan.tv\/az\/#website","url":"https:\/\/www.meydan.tv\/az\/","name":"MEYDAN.TV","description":"Meydan TV Az\u0259rbaycan\u0131n media m\u0259kan\u0131ndak\u0131 alternativ s\u0259sidir","publisher":{"@id":"https:\/\/www.meydan.tv\/az\/#organization"},"potentialAction":[{"@type":"SearchAction","target":{"@type":"EntryPoint","urlTemplate":"https:\/\/www.meydan.tv\/az\/?s={search_term_string}"},"query-input":{"@type":"PropertyValueSpecification","valueRequired":true,"valueName":"search_term_string"}}],"inLanguage":"az"},{"@type":"Organization","@id":"https:\/\/www.meydan.tv\/az\/#organization","name":"Meydan TV","url":"https:\/\/www.meydan.tv\/az\/","logo":{"@type":"ImageObject","inLanguage":"az","@id":"https:\/\/www.meydan.tv\/az\/#\/schema\/logo\/image\/","url":"https:\/\/www.meydan.tv\/wp-content\/uploads\/2021\/07\/meydan-logo.svg","contentUrl":"https:\/\/www.meydan.tv\/wp-content\/uploads\/2021\/07\/meydan-logo.svg","width":195,"height":46,"caption":"Meydan TV"},"image":{"@id":"https:\/\/www.meydan.tv\/az\/#\/schema\/logo\/image\/"}},{"@type":"Person","@id":"https:\/\/www.meydan.tv\/az\/#\/schema\/person\/9cdbecf90d17180ce1dfbd95b08dcf47","name":"elli","sameAs":["https:\/\/x.com\/elli"]}]}},"_links":{"self":[{"href":"https:\/\/www.meydan.tv\/az\/wp-json\/wp\/v2\/posts\/240062","targetHints":{"allow":["GET"]}}],"collection":[{"href":"https:\/\/www.meydan.tv\/az\/wp-json\/wp\/v2\/posts"}],"about":[{"href":"https:\/\/www.meydan.tv\/az\/wp-json\/wp\/v2\/types\/post"}],"author":[{"embeddable":true,"href":"https:\/\/www.meydan.tv\/az\/wp-json\/wp\/v2\/users\/8"}],"replies":[{"embeddable":true,"href":"https:\/\/www.meydan.tv\/az\/wp-json\/wp\/v2\/comments?post=240062"}],"version-history":[{"count":3,"href":"https:\/\/www.meydan.tv\/az\/wp-json\/wp\/v2\/posts\/240062\/revisions"}],"predecessor-version":[{"id":240085,"href":"https:\/\/www.meydan.tv\/az\/wp-json\/wp\/v2\/posts\/240062\/revisions\/240085"}],"wp:featuredmedia":[{"embeddable":true,"href":"https:\/\/www.meydan.tv\/az\/wp-json\/wp\/v2\/media\/240058"}],"wp:attachment":[{"href":"https:\/\/www.meydan.tv\/az\/wp-json\/wp\/v2\/media?parent=240062"}],"wp:term":[{"taxonomy":"category","embeddable":true,"href":"https:\/\/www.meydan.tv\/az\/wp-json\/wp\/v2\/categories?post=240062"},{"taxonomy":"post_tag","embeddable":true,"href":"https:\/\/www.meydan.tv\/az\/wp-json\/wp\/v2\/tags?post=240062"}],"curies":[{"name":"wp","href":"https:\/\/api.w.org\/{rel}","templated":true}]}}