{"id":240048,"date":"2022-03-31T14:16:44","date_gmt":"2022-03-31T10:16:44","guid":{"rendered":"https:\/\/www.meydan.tv\/?p=240048"},"modified":"2022-03-31T14:16:47","modified_gmt":"2022-03-31T10:16:47","slug":"rita-flores-tehdid-altinda-lukasenkonu-desteklediyini-deyir","status":"publish","type":"post","link":"https:\/\/www.meydan.tv\/az\/article\/rita-flores-tehdid-altinda-lukasenkonu-desteklediyini-deyir\/","title":{"rendered":"Rita Flores t\u0259hdid alt\u0131nda Luka\u015fenkonu d\u0259st\u0259kl\u0259diyini deyir"},"content":{"rendered":"\n<p><\/p>\n\n\n\n<p><em>\u0130fa\u00e7\u0131 15 il h\u0259bs c\u0259zas\u0131 il\u0259 h\u0259d\u0259l\u0259nib<\/em><\/p>\n\n\n\n<p>&#8220;Pussy Riot&#8221; rus feminist pank-rok qrupunun \u00fczv\u00fc Rita Flores Minskd\u0259 polis \u0259m\u0259kda\u015flar\u0131 t\u0259r\u0259find\u0259n saxlan\u0131laraq Prezident Aleksandr Luka\u015fenkoya d\u0259st\u0259k \u00fc\u00e7\u00fcn video \u00e7\u0259km\u0259y\u0259 m\u0259cbur edildiyini iddia <a href=\"https:\/\/meduza.io\/news\/2022\/03\/30\/uchastnitsa-pussy-riot-rita-flores-rasskazala-chto-ee-zaderzhali-v-minske-i-zastavili-zapisat-video-v-podderzhku-lukashenko\" target=\"_blank\" rel=\"noreferrer noopener\">edib<\/a>.<\/p>\n\n\n\n<p>\u0130fa\u00e7\u0131n\u0131n s\u00f6zl\u0259rin\u0259 g\u00f6r\u0259, mart\u0131n 30-da m\u00fclki geyimli \u015f\u0259xsl\u0259r onu yerl\u0259\u015fdiyi otelin yax\u0131nl\u0131\u011f\u0131nda saxlay\u0131blar.<\/p>\n\n\n\n<p>Saxlan\u0131ld\u0131qdan sonra telefonunu \u0259lind\u0259n al\u0131blar, n\u00f6mr\u0259sin\u0259 bax\u0131blar v\u0259 onu 15 il h\u0259bsl\u0259 h\u0259d\u0259l\u0259yibl\u0259r. Daha sonra onu \u015f\u00f6b\u0259y\u0259 apar\u0131b v\u0259 video \u00e7\u0259km\u0259yi t\u0259l\u0259b edibl\u0259r.<\/p>\n\n\n\n<p>Flores bildirib ki, onu se\u00e7im etm\u0259k m\u0259cburiyy\u0259tind\u0259 qoyublar: \u201cDedil\u0259r ki, iki se\u00e7imin var: ya Ukraynadak\u0131 h\u0259rbi m\u00fcnaqi\u015f\u0259ni d\u0259st\u0259kl\u0259m\u0259lis\u0259n, ya da &#8220;Luka\u015fenko superdir, Belarusdak\u0131 b\u00fct\u00fcn etirazlar t\u0259bli\u011fat v\u0259 blefdir&#8221; dem\u0259lis\u0259n. Videonu \u00e7\u0259km\u0259s\u0259m, m\u0259n\u0259 fiziki t\u0259zyiq ed\u0259c\u0259kl\u0259rini dedil\u0259r\u201d.<\/p>\n\n\n\n<p>O, t\u0259hdid alt\u0131nda Luka\u015fenko haqq\u0131nda video \u00e7\u0259km\u0259y\u0259 raz\u0131la\u015fd\u0131\u011f\u0131n\u0131 deyir.<\/p>\n\n\n\n<p>Anonimlik prinsipl\u0259ri \u0259sas\u0131nda f\u0259aliyy\u0259t g\u00f6st\u0259r\u0259n v\u0259 ictimai yerl\u0259rd\u0259 \u00e7\u0131x\u0131\u015flar ed\u0259n rus feminist pank-rok qrupu \u201cPussy Riot\u201d 2011-ci ild\u0259n yarad\u0131l\u0131b.<\/p>\n\n\n\n<p>Layih\u0259 i\u015ftirak\u00e7\u0131lar\u0131 \u00f6z ictimai-siyasi proqramlar\u0131n\u0131 bel\u0259 formala\u015fd\u0131r\u0131rlar: feminizm, h\u00fcquq-m\u00fchafiz\u0259 orqanlar\u0131 il\u0259 m\u00fcbariz\u0259, LGBT icmas\u0131n\u0131n m\u00fcdafi\u0259si, anti-Putinizm, Rusiyada hakimiyy\u0259tin radikal \u015f\u0259kild\u0259 m\u0259rk\u0259zsizl\u0259\u015fdirilm\u0259si, Ximki me\u015f\u0259sinin xilas\u0131 v\u0259 Rusiyan\u0131n paytaxt\u0131n\u0131n \u015e\u0259rqi Sibir\u0259 k\u00f6\u00e7\u00fcr\u00fclm\u0259si.<\/p>\n\n\n\n<p>Rusiya fevral\u0131n 24-d\u0259 Ukraynada h\u0259rbi \u0259m\u0259liyyatlara ba\u015flay\u0131b.<\/p>\n\n\n\n<p>Daha sonra Ukraynan\u0131n s\u0259rh\u0259d xidm\u0259ti Rusiya h\u0259rb\u00e7il\u0259rinin \u0259razil\u0259rin\u0259 Belarusdan artilleriya at\u0259\u015fi a\u00e7d\u0131\u011f\u0131n\u0131 bildirib.<\/p>\n\n\n\n<p>Belarus lideri Aleksandr Luka\u015fenka is\u0259 Rusiyan\u0131n Ukraynaya qar\u015f\u0131 ba\u015flad\u0131\u011f\u0131 h\u00fccumda ordusunun i\u015ftirak etm\u0259diyini deyib.<\/p>\n\n\n\n<p>Ukrayna, Q\u0259rb liderl\u0259ri h\u0259rbi \u0259m\u0259liyyatlar\u0131 pisl\u0259yib, Putinin buna g\u00f6r\u0259 cavab ver\u0259c\u0259yini bildiribl\u0259r.<\/p>\n\n\n\n<p>Bundan sonra Avropa Birliyi \u00f6lk\u0259l\u0259rind\u0259n, el\u0259c\u0259 d\u0259 AB\u015e-dan Rusiyaya qar\u015f\u0131 sanksiyalar g\u0259lm\u0259y\u0259 ba\u015flay\u0131b.<\/p>\n","protected":false},"excerpt":{"rendered":"<p>\u0130fa\u00e7\u0131 15 il h\u0259bs c\u0259zas\u0131 il\u0259 h\u0259d\u0259l\u0259nib &#8220;Pussy Riot&#8221; rus &#8230; <\/p>\n<p class=\"read-more-container\"><a title=\"Rita Flores t\u0259hdid alt\u0131nda Luka\u015fenkonu d\u0259st\u0259kl\u0259diyini deyir\" class=\"read-more button\" href=\"https:\/\/www.meydan.tv\/az\/article\/rita-flores-tehdid-altinda-lukasenkonu-desteklediyini-deyir\/#more-240048\" aria-label=\"Read more about Rita Flores t\u0259hdid alt\u0131nda Luka\u015fenkonu d\u0259st\u0259kl\u0259diyini deyir\">Davam\u0131<\/a><\/p>\n","protected":false},"author":8,"featured_media":240051,"comment_status":"closed","ping_status":"closed","sticky":false,"template":"","format":"standard","meta":{"_acf_changed":false,"_sitemap_exclude":false,"_sitemap_priority":"","_sitemap_frequency":"","footnotes":""},"categories":[52,56],"tags":[],"class_list":["post-240048","post","type-post","status-publish","format-standard","has-post-thumbnail","hentry","category-medeniyyet","category-xeberler","infinite-scroll-item","generate-columns","tablet-grid-50","mobile-grid-100","grid-parent","grid-33","no-featured-image-padding"],"acf":[],"yoast_head":"<!-- This site is optimized with the Yoast SEO plugin v27.4 - https:\/\/yoast.com\/product\/yoast-seo-wordpress\/ -->\n<title>Rita Flores t\u0259hdid alt\u0131nda Luka\u015fenkonu d\u0259st\u0259kl\u0259diyini deyir - MEYDAN.TV<\/title>\n<meta name=\"robots\" content=\"index, follow, max-snippet:-1, max-image-preview:large, max-video-preview:-1\" \/>\n<link rel=\"canonical\" href=\"https:\/\/www.meydan.tv\/az\/article\/rita-flores-tehdid-altinda-lukasenkonu-desteklediyini-deyir\/\" \/>\n<meta property=\"og:locale\" content=\"az_AZ\" \/>\n<meta property=\"og:type\" content=\"article\" \/>\n<meta property=\"og:title\" content=\"Rita Flores t\u0259hdid alt\u0131nda Luka\u015fenkonu d\u0259st\u0259kl\u0259diyini deyir - MEYDAN.TV\" \/>\n<meta property=\"og:description\" content=\"\u0130fa\u00e7\u0131 15 il h\u0259bs c\u0259zas\u0131 il\u0259 h\u0259d\u0259l\u0259nib &#8220;Pussy Riot&#8221; rus ... Davam\u0131\" \/>\n<meta property=\"og:url\" content=\"https:\/\/www.meydan.tv\/az\/article\/rita-flores-tehdid-altinda-lukasenkonu-desteklediyini-deyir\/\" \/>\n<meta property=\"og:site_name\" content=\"MEYDAN.TV\" \/>\n<meta property=\"article:published_time\" content=\"2022-03-31T10:16:44+00:00\" \/>\n<meta property=\"article:modified_time\" content=\"2022-03-31T10:16:47+00:00\" \/>\n<meta property=\"og:image\" content=\"https:\/\/www.meydan.tv\/wp-content\/uploads\/shutterstock_249968704.jpg\" \/>\n\t<meta property=\"og:image:width\" content=\"1200\" \/>\n\t<meta property=\"og:image:height\" content=\"800\" \/>\n\t<meta property=\"og:image:type\" content=\"image\/jpeg\" \/>\n<meta name=\"author\" content=\"elli\" \/>\n<meta name=\"twitter:card\" content=\"summary_large_image\" \/>\n<meta name=\"twitter:creator\" content=\"@elli\" \/>\n<script type=\"application\/ld+json\" class=\"yoast-schema-graph\">{\"@context\":\"https:\\\/\\\/schema.org\",\"@graph\":[{\"@type\":\"Article\",\"@id\":\"https:\\\/\\\/www.meydan.tv\\\/az\\\/article\\\/rita-flores-tehdid-altinda-lukasenkonu-desteklediyini-deyir\\\/#article\",\"isPartOf\":{\"@id\":\"https:\\\/\\\/www.meydan.tv\\\/az\\\/article\\\/rita-flores-tehdid-altinda-lukasenkonu-desteklediyini-deyir\\\/\"},\"author\":{\"name\":\"elli\",\"@id\":\"https:\\\/\\\/www.meydan.tv\\\/az\\\/#\\\/schema\\\/person\\\/9cdbecf90d17180ce1dfbd95b08dcf47\"},\"headline\":\"Rita Flores t\u0259hdid alt\u0131nda Luka\u015fenkonu d\u0259st\u0259kl\u0259diyini deyir\",\"datePublished\":\"2022-03-31T10:16:44+00:00\",\"dateModified\":\"2022-03-31T10:16:47+00:00\",\"mainEntityOfPage\":{\"@id\":\"https:\\\/\\\/www.meydan.tv\\\/az\\\/article\\\/rita-flores-tehdid-altinda-lukasenkonu-desteklediyini-deyir\\\/\"},\"wordCount\":393,\"publisher\":{\"@id\":\"https:\\\/\\\/www.meydan.tv\\\/az\\\/#organization\"},\"image\":{\"@id\":\"https:\\\/\\\/www.meydan.tv\\\/az\\\/article\\\/rita-flores-tehdid-altinda-lukasenkonu-desteklediyini-deyir\\\/#primaryimage\"},\"thumbnailUrl\":\"https:\\\/\\\/www.meydan.tv\\\/wp-content\\\/uploads\\\/shutterstock_249968704.jpg\",\"articleSection\":[\"M\u0259d\u0259niyy\u0259t\",\"X\u0259b\u0259rl\u0259r\"],\"inLanguage\":\"az\"},{\"@type\":\"WebPage\",\"@id\":\"https:\\\/\\\/www.meydan.tv\\\/az\\\/article\\\/rita-flores-tehdid-altinda-lukasenkonu-desteklediyini-deyir\\\/\",\"url\":\"https:\\\/\\\/www.meydan.tv\\\/az\\\/article\\\/rita-flores-tehdid-altinda-lukasenkonu-desteklediyini-deyir\\\/\",\"name\":\"Rita Flores t\u0259hdid alt\u0131nda Luka\u015fenkonu d\u0259st\u0259kl\u0259diyini deyir - MEYDAN.TV\",\"isPartOf\":{\"@id\":\"https:\\\/\\\/www.meydan.tv\\\/az\\\/#website\"},\"primaryImageOfPage\":{\"@id\":\"https:\\\/\\\/www.meydan.tv\\\/az\\\/article\\\/rita-flores-tehdid-altinda-lukasenkonu-desteklediyini-deyir\\\/#primaryimage\"},\"image\":{\"@id\":\"https:\\\/\\\/www.meydan.tv\\\/az\\\/article\\\/rita-flores-tehdid-altinda-lukasenkonu-desteklediyini-deyir\\\/#primaryimage\"},\"thumbnailUrl\":\"https:\\\/\\\/www.meydan.tv\\\/wp-content\\\/uploads\\\/shutterstock_249968704.jpg\",\"datePublished\":\"2022-03-31T10:16:44+00:00\",\"dateModified\":\"2022-03-31T10:16:47+00:00\",\"breadcrumb\":{\"@id\":\"https:\\\/\\\/www.meydan.tv\\\/az\\\/article\\\/rita-flores-tehdid-altinda-lukasenkonu-desteklediyini-deyir\\\/#breadcrumb\"},\"inLanguage\":\"az\",\"potentialAction\":[{\"@type\":\"ReadAction\",\"target\":[\"https:\\\/\\\/www.meydan.tv\\\/az\\\/article\\\/rita-flores-tehdid-altinda-lukasenkonu-desteklediyini-deyir\\\/\"]}]},{\"@type\":\"ImageObject\",\"inLanguage\":\"az\",\"@id\":\"https:\\\/\\\/www.meydan.tv\\\/az\\\/article\\\/rita-flores-tehdid-altinda-lukasenkonu-desteklediyini-deyir\\\/#primaryimage\",\"url\":\"https:\\\/\\\/www.meydan.tv\\\/wp-content\\\/uploads\\\/shutterstock_249968704.jpg\",\"contentUrl\":\"https:\\\/\\\/www.meydan.tv\\\/wp-content\\\/uploads\\\/shutterstock_249968704.jpg\",\"width\":1200,\"height\":800,\"caption\":\"Foto: Vladimir Wrangel\\\/shutterstock\"},{\"@type\":\"BreadcrumbList\",\"@id\":\"https:\\\/\\\/www.meydan.tv\\\/az\\\/article\\\/rita-flores-tehdid-altinda-lukasenkonu-desteklediyini-deyir\\\/#breadcrumb\",\"itemListElement\":[{\"@type\":\"ListItem\",\"position\":1,\"name\":\"Ana s\u0259hif\u0259\",\"item\":\"https:\\\/\\\/www.meydan.tv\\\/az\\\/\"},{\"@type\":\"ListItem\",\"position\":2,\"name\":\"M\u0259d\u0259niyy\u0259t\",\"item\":\"https:\\\/\\\/www.meydan.tv\\\/az\\\/section\\\/medeniyyet\\\/\"},{\"@type\":\"ListItem\",\"position\":3,\"name\":\"Rita Flores t\u0259hdid alt\u0131nda Luka\u015fenkonu d\u0259st\u0259kl\u0259diyini deyir\"}]},{\"@type\":\"WebSite\",\"@id\":\"https:\\\/\\\/www.meydan.tv\\\/az\\\/#website\",\"url\":\"https:\\\/\\\/www.meydan.tv\\\/az\\\/\",\"name\":\"MEYDAN.TV\",\"description\":\"Meydan TV Az\u0259rbaycan\u0131n media m\u0259kan\u0131ndak\u0131 alternativ s\u0259sidir\",\"publisher\":{\"@id\":\"https:\\\/\\\/www.meydan.tv\\\/az\\\/#organization\"},\"potentialAction\":[{\"@type\":\"SearchAction\",\"target\":{\"@type\":\"EntryPoint\",\"urlTemplate\":\"https:\\\/\\\/www.meydan.tv\\\/az\\\/?s={search_term_string}\"},\"query-input\":{\"@type\":\"PropertyValueSpecification\",\"valueRequired\":true,\"valueName\":\"search_term_string\"}}],\"inLanguage\":\"az\"},{\"@type\":\"Organization\",\"@id\":\"https:\\\/\\\/www.meydan.tv\\\/az\\\/#organization\",\"name\":\"Meydan TV\",\"url\":\"https:\\\/\\\/www.meydan.tv\\\/az\\\/\",\"logo\":{\"@type\":\"ImageObject\",\"inLanguage\":\"az\",\"@id\":\"https:\\\/\\\/www.meydan.tv\\\/az\\\/#\\\/schema\\\/logo\\\/image\\\/\",\"url\":\"https:\\\/\\\/www.meydan.tv\\\/wp-content\\\/uploads\\\/2021\\\/07\\\/meydan-logo.svg\",\"contentUrl\":\"https:\\\/\\\/www.meydan.tv\\\/wp-content\\\/uploads\\\/2021\\\/07\\\/meydan-logo.svg\",\"width\":195,\"height\":46,\"caption\":\"Meydan TV\"},\"image\":{\"@id\":\"https:\\\/\\\/www.meydan.tv\\\/az\\\/#\\\/schema\\\/logo\\\/image\\\/\"}},{\"@type\":\"Person\",\"@id\":\"https:\\\/\\\/www.meydan.tv\\\/az\\\/#\\\/schema\\\/person\\\/9cdbecf90d17180ce1dfbd95b08dcf47\",\"name\":\"elli\",\"sameAs\":[\"https:\\\/\\\/x.com\\\/elli\"]}]}<\/script>\n<!-- \/ Yoast SEO plugin. -->","yoast_head_json":{"title":"Rita Flores t\u0259hdid alt\u0131nda Luka\u015fenkonu d\u0259st\u0259kl\u0259diyini deyir - MEYDAN.TV","robots":{"index":"index","follow":"follow","max-snippet":"max-snippet:-1","max-image-preview":"max-image-preview:large","max-video-preview":"max-video-preview:-1"},"canonical":"https:\/\/www.meydan.tv\/az\/article\/rita-flores-tehdid-altinda-lukasenkonu-desteklediyini-deyir\/","og_locale":"az_AZ","og_type":"article","og_title":"Rita Flores t\u0259hdid alt\u0131nda Luka\u015fenkonu d\u0259st\u0259kl\u0259diyini deyir - MEYDAN.TV","og_description":"\u0130fa\u00e7\u0131 15 il h\u0259bs c\u0259zas\u0131 il\u0259 h\u0259d\u0259l\u0259nib &#8220;Pussy Riot&#8221; rus ... Davam\u0131","og_url":"https:\/\/www.meydan.tv\/az\/article\/rita-flores-tehdid-altinda-lukasenkonu-desteklediyini-deyir\/","og_site_name":"MEYDAN.TV","article_published_time":"2022-03-31T10:16:44+00:00","article_modified_time":"2022-03-31T10:16:47+00:00","og_image":[{"width":1200,"height":800,"url":"https:\/\/www.meydan.tv\/wp-content\/uploads\/shutterstock_249968704.jpg","type":"image\/jpeg"}],"author":"elli","twitter_card":"summary_large_image","twitter_creator":"@elli","schema":{"@context":"https:\/\/schema.org","@graph":[{"@type":"Article","@id":"https:\/\/www.meydan.tv\/az\/article\/rita-flores-tehdid-altinda-lukasenkonu-desteklediyini-deyir\/#article","isPartOf":{"@id":"https:\/\/www.meydan.tv\/az\/article\/rita-flores-tehdid-altinda-lukasenkonu-desteklediyini-deyir\/"},"author":{"name":"elli","@id":"https:\/\/www.meydan.tv\/az\/#\/schema\/person\/9cdbecf90d17180ce1dfbd95b08dcf47"},"headline":"Rita Flores t\u0259hdid alt\u0131nda Luka\u015fenkonu d\u0259st\u0259kl\u0259diyini deyir","datePublished":"2022-03-31T10:16:44+00:00","dateModified":"2022-03-31T10:16:47+00:00","mainEntityOfPage":{"@id":"https:\/\/www.meydan.tv\/az\/article\/rita-flores-tehdid-altinda-lukasenkonu-desteklediyini-deyir\/"},"wordCount":393,"publisher":{"@id":"https:\/\/www.meydan.tv\/az\/#organization"},"image":{"@id":"https:\/\/www.meydan.tv\/az\/article\/rita-flores-tehdid-altinda-lukasenkonu-desteklediyini-deyir\/#primaryimage"},"thumbnailUrl":"https:\/\/www.meydan.tv\/wp-content\/uploads\/shutterstock_249968704.jpg","articleSection":["M\u0259d\u0259niyy\u0259t","X\u0259b\u0259rl\u0259r"],"inLanguage":"az"},{"@type":"WebPage","@id":"https:\/\/www.meydan.tv\/az\/article\/rita-flores-tehdid-altinda-lukasenkonu-desteklediyini-deyir\/","url":"https:\/\/www.meydan.tv\/az\/article\/rita-flores-tehdid-altinda-lukasenkonu-desteklediyini-deyir\/","name":"Rita Flores t\u0259hdid alt\u0131nda Luka\u015fenkonu d\u0259st\u0259kl\u0259diyini deyir - MEYDAN.TV","isPartOf":{"@id":"https:\/\/www.meydan.tv\/az\/#website"},"primaryImageOfPage":{"@id":"https:\/\/www.meydan.tv\/az\/article\/rita-flores-tehdid-altinda-lukasenkonu-desteklediyini-deyir\/#primaryimage"},"image":{"@id":"https:\/\/www.meydan.tv\/az\/article\/rita-flores-tehdid-altinda-lukasenkonu-desteklediyini-deyir\/#primaryimage"},"thumbnailUrl":"https:\/\/www.meydan.tv\/wp-content\/uploads\/shutterstock_249968704.jpg","datePublished":"2022-03-31T10:16:44+00:00","dateModified":"2022-03-31T10:16:47+00:00","breadcrumb":{"@id":"https:\/\/www.meydan.tv\/az\/article\/rita-flores-tehdid-altinda-lukasenkonu-desteklediyini-deyir\/#breadcrumb"},"inLanguage":"az","potentialAction":[{"@type":"ReadAction","target":["https:\/\/www.meydan.tv\/az\/article\/rita-flores-tehdid-altinda-lukasenkonu-desteklediyini-deyir\/"]}]},{"@type":"ImageObject","inLanguage":"az","@id":"https:\/\/www.meydan.tv\/az\/article\/rita-flores-tehdid-altinda-lukasenkonu-desteklediyini-deyir\/#primaryimage","url":"https:\/\/www.meydan.tv\/wp-content\/uploads\/shutterstock_249968704.jpg","contentUrl":"https:\/\/www.meydan.tv\/wp-content\/uploads\/shutterstock_249968704.jpg","width":1200,"height":800,"caption":"Foto: Vladimir Wrangel\/shutterstock"},{"@type":"BreadcrumbList","@id":"https:\/\/www.meydan.tv\/az\/article\/rita-flores-tehdid-altinda-lukasenkonu-desteklediyini-deyir\/#breadcrumb","itemListElement":[{"@type":"ListItem","position":1,"name":"Ana s\u0259hif\u0259","item":"https:\/\/www.meydan.tv\/az\/"},{"@type":"ListItem","position":2,"name":"M\u0259d\u0259niyy\u0259t","item":"https:\/\/www.meydan.tv\/az\/section\/medeniyyet\/"},{"@type":"ListItem","position":3,"name":"Rita Flores t\u0259hdid alt\u0131nda Luka\u015fenkonu d\u0259st\u0259kl\u0259diyini deyir"}]},{"@type":"WebSite","@id":"https:\/\/www.meydan.tv\/az\/#website","url":"https:\/\/www.meydan.tv\/az\/","name":"MEYDAN.TV","description":"Meydan TV Az\u0259rbaycan\u0131n media m\u0259kan\u0131ndak\u0131 alternativ s\u0259sidir","publisher":{"@id":"https:\/\/www.meydan.tv\/az\/#organization"},"potentialAction":[{"@type":"SearchAction","target":{"@type":"EntryPoint","urlTemplate":"https:\/\/www.meydan.tv\/az\/?s={search_term_string}"},"query-input":{"@type":"PropertyValueSpecification","valueRequired":true,"valueName":"search_term_string"}}],"inLanguage":"az"},{"@type":"Organization","@id":"https:\/\/www.meydan.tv\/az\/#organization","name":"Meydan TV","url":"https:\/\/www.meydan.tv\/az\/","logo":{"@type":"ImageObject","inLanguage":"az","@id":"https:\/\/www.meydan.tv\/az\/#\/schema\/logo\/image\/","url":"https:\/\/www.meydan.tv\/wp-content\/uploads\/2021\/07\/meydan-logo.svg","contentUrl":"https:\/\/www.meydan.tv\/wp-content\/uploads\/2021\/07\/meydan-logo.svg","width":195,"height":46,"caption":"Meydan TV"},"image":{"@id":"https:\/\/www.meydan.tv\/az\/#\/schema\/logo\/image\/"}},{"@type":"Person","@id":"https:\/\/www.meydan.tv\/az\/#\/schema\/person\/9cdbecf90d17180ce1dfbd95b08dcf47","name":"elli","sameAs":["https:\/\/x.com\/elli"]}]}},"_links":{"self":[{"href":"https:\/\/www.meydan.tv\/az\/wp-json\/wp\/v2\/posts\/240048","targetHints":{"allow":["GET"]}}],"collection":[{"href":"https:\/\/www.meydan.tv\/az\/wp-json\/wp\/v2\/posts"}],"about":[{"href":"https:\/\/www.meydan.tv\/az\/wp-json\/wp\/v2\/types\/post"}],"author":[{"embeddable":true,"href":"https:\/\/www.meydan.tv\/az\/wp-json\/wp\/v2\/users\/8"}],"replies":[{"embeddable":true,"href":"https:\/\/www.meydan.tv\/az\/wp-json\/wp\/v2\/comments?post=240048"}],"version-history":[{"count":1,"href":"https:\/\/www.meydan.tv\/az\/wp-json\/wp\/v2\/posts\/240048\/revisions"}],"predecessor-version":[{"id":240054,"href":"https:\/\/www.meydan.tv\/az\/wp-json\/wp\/v2\/posts\/240048\/revisions\/240054"}],"wp:featuredmedia":[{"embeddable":true,"href":"https:\/\/www.meydan.tv\/az\/wp-json\/wp\/v2\/media\/240051"}],"wp:attachment":[{"href":"https:\/\/www.meydan.tv\/az\/wp-json\/wp\/v2\/media?parent=240048"}],"wp:term":[{"taxonomy":"category","embeddable":true,"href":"https:\/\/www.meydan.tv\/az\/wp-json\/wp\/v2\/categories?post=240048"},{"taxonomy":"post_tag","embeddable":true,"href":"https:\/\/www.meydan.tv\/az\/wp-json\/wp\/v2\/tags?post=240048"}],"curies":[{"name":"wp","href":"https:\/\/api.w.org\/{rel}","templated":true}]}}