{"id":240039,"date":"2022-03-31T13:19:42","date_gmt":"2022-03-31T09:19:42","guid":{"rendered":"https:\/\/www.meydan.tv\/?p=240039"},"modified":"2022-03-31T17:19:47","modified_gmt":"2022-03-31T13:19:47","slug":"rusiyanin-ukraynaya-herbi-mudaxilesinin-36-ci-gunu-yenilenen-xeberler","status":"publish","type":"post","link":"https:\/\/www.meydan.tv\/az\/article\/rusiyanin-ukraynaya-herbi-mudaxilesinin-36-ci-gunu-yenilenen-xeberler\/","title":{"rendered":"Rusiyan\u0131n Ukraynaya h\u0259rbi m\u00fcdaxil\u0259sinin 36-c\u0131 g\u00fcn\u00fc: yenil\u0259n\u0259n x\u0259b\u0259rl\u0259r"},"content":{"rendered":"\n<figure class=\"wp-block-embed is-type-video is-provider-youtube wp-block-embed-youtube wp-embed-aspect-16-9 wp-has-aspect-ratio\"><div class=\"wp-block-embed__wrapper\">\n<iframe title=\"Xarkovda &quot;salamat bina&quot; tapmaq m\u00fcmk\u00fcn deyil\" width=\"1200\" height=\"675\" data-src=\"https:\/\/www.youtube.com\/embed\/Kxc8eVNc-ho?feature=oembed\" frameborder=\"0\" allow=\"accelerometer; autoplay; clipboard-write; encrypted-media; gyroscope; picture-in-picture\" allowfullscreen src=\"data:image\/svg+xml;base64,PHN2ZyB3aWR0aD0iMSIgaGVpZ2h0PSIxIiB4bWxucz0iaHR0cDovL3d3dy53My5vcmcvMjAwMC9zdmciPjwvc3ZnPg==\" class=\"lazyload\" data-load-mode=\"1\"><\/iframe>\n<\/div><\/figure>\n\n\n\n<!--more-->\n\n\n\n<p><strong>\u0130rina Vere\u015f\u00e7uk: \u201c400 min\u0259 yax\u0131n ukraynal\u0131 zorla Rusiyaya apar\u0131l\u0131b\u201d<\/strong><\/p>\n\n\n\n<p>\u201c<em>Mariupolun daha 100 min sakini t\u0259cili t\u0259xliy\u0259 edilm\u0259lidir\u201d.<br><\/em><\/p>\n\n\n\n<p><em>Bunu Ukraynan\u0131n Ba\u015f nazirinin m\u00fcavini \u0130rina Vere\u015f\u00e7uk deyib.<br><\/em><\/p>\n\n\n\n<p><em>Nazir bildirib ki, 75 min n\u0259f\u0259rin \u015f\u0259h\u0259rd\u0259n \u00e7\u0131xmas\u0131na k\u00f6m\u0259k edilib.<br><\/em><\/p>\n\n\n\n<p><em>\u201c\u0130ndi t\u0259cili t\u0259xliy\u0259 ehtiyac\u0131 olanlar t\u0259xmin\u0259n 100 min n\u0259f\u0259rdir&#8221;, &#8211; dey\u0259 o qeyd edib.<br><\/em><\/p>\n\n\n\n<div class=\"wp-block-image\"><figure class=\"alignright size-full is-resized\"><img decoding=\"async\" data-src=\"https:\/\/www.meydan.tv\/wp-content\/uploads\/shutterstock_2131547613.jpg\" alt=\"\" class=\"wp-image-240094 lazyload\" width=\"384\" height=\"254\" src=\"data:image\/svg+xml;base64,PHN2ZyB3aWR0aD0iMSIgaGVpZ2h0PSIxIiB4bWxucz0iaHR0cDovL3d3dy53My5vcmcvMjAwMC9zdmciPjwvc3ZnPg==\" style=\"--smush-placeholder-width: 384px; --smush-placeholder-aspect-ratio: 384\/254;\" \/><figcaption>Ukrayna qa\u00e7q\u0131nlar\u0131. Foto: Gabriel Preda RO\/shutterstock<\/figcaption><\/figure><\/div>\n\n\n\n<p><em>Ukraynan\u0131n Ombudsman\u0131 Lyudmila Denisova is\u0259 400 min\u0259 yax\u0131n ukraynal\u0131n\u0131n zorla Rusiyaya apar\u0131ld\u0131\u011f\u0131n\u0131 <a href=\"https:\/\/www.euronews.com\/my-europe\/2022\/03\/30\/more-than-400-000-ukrainians-forcibly-displaced-to-russia-claims-ukraine-s-ombudswoman?utm_term=Autofeed&amp;utm_medium=Social&amp;utm_source=Twitter#Echobox=1648678981\" target=\"_blank\" rel=\"noreferrer noopener\">bildirib<\/a>:<\/em><br><\/p>\n\n\n\n<p><em>&#8220;Onlar \u00f6z ist\u0259kl\u0259ri il\u0259 getm\u0259yibl\u0259r, m\u0259cburi \u015f\u0259kild\u0259 Donetsk vilay\u0259tind\u0259ki filtrasiya d\u00fc\u015f\u0259rg\u0259sin\u0259 apar\u0131l\u0131blar. Bundan sonra avtobusla Rusiyaya apar\u0131l\u0131rlar. Sonra da qatarla m\u00fcxt\u0259lif yerl\u0259r\u0259, x\u00fcsus\u0259n d\u0259 Rusiyan\u0131n Saxalin kimi depressiyaya m\u0259ruz qalm\u0131\u015f b\u00f6lg\u0259l\u0259rin\u0259 g\u00f6nd\u0259rilirl\u0259r\u201d.<\/em><\/p>\n\n\n\n<p><\/p>\n\n\n\n<hr class=\"wp-block-separator\"\/>\n\n\n\n<p><strong>Britaniya Rusiyaya yeni sanksiyalar t\u0259tbiq etdi<\/strong><\/p>\n\n\n\n<p><em>B\u00f6y\u00fck Britaniya h\u00f6kum\u0259ti Rusiyaya qar\u015f\u0131 yeni sanksiyalar t\u0259tbiq edib.<\/em><\/p>\n\n\n\n<p><em>Bu d\u0259f\u0259 siyah\u0131da \u201cTV-Novosti\u201d telekanal\u0131, \u201cRossiya seqodnya\u201d media qrupu, Rusiyan\u0131n Milli M\u00fcdafi\u0259y\u0259 N\u0259zar\u0259t M\u0259rk\u0259zinin r\u0259hb\u0259ri, general-polkovnik Mixail Mizintsev v\u0259 jurnalist Sergey Brilevin d\u0259 ad\u0131 <a href=\"https:\/\/www.gov.uk\/\" target=\"_blank\" rel=\"noreferrer noopener\">var<\/a>.<\/em><\/p>\n\n\n\n<div class=\"wp-block-image\"><figure class=\"alignleft size-full is-resized\"><img decoding=\"async\" data-src=\"https:\/\/www.meydan.tv\/wp-content\/uploads\/shutterstock_2113603529.jpg\" alt=\"\" class=\"wp-image-238453 lazyload\" width=\"407\" height=\"271\" src=\"data:image\/svg+xml;base64,PHN2ZyB3aWR0aD0iMSIgaGVpZ2h0PSIxIiB4bWxucz0iaHR0cDovL3d3dy53My5vcmcvMjAwMC9zdmciPjwvc3ZnPg==\" style=\"--smush-placeholder-width: 407px; --smush-placeholder-aspect-ratio: 407\/271;\" \/><figcaption>Rusiya, B\u00f6y\u00fck Britaniya v\u0259 Ukrayna. Foto: OnePixelStudio\/shutterstock<\/figcaption><\/figure><\/div>\n\n\n\n<p><em>Sanksiyalar \u201cQazprom-Media\u201d holdinqinin ba\u015f direktoru Aleksandr Jarov, \u201cTV-Novosti\u201d telekanal\u0131n\u0131n ba\u015f direktoru Aleksey Nikolov, \u201cSputnik\u201din r\u0259hb\u0259ri Anton Anisimov, \u201cStrateji M\u0259d\u0259niyy\u0259t Fondu\u201dnun direktoru Vladimir Maksimenko, h\u0259m\u00e7inin fondla \u0259m\u0259kda\u015fl\u0131q ed\u0259n jurnalist v\u0259 ekspertl\u0259r\u0259 d\u0259 \u015famil edilib.<\/em><\/p>\n\n\n\n<p><em>Fevral\u0131n 24-d\u0259n bu yana Avropa \u0130ttifaq\u0131 \u00f6lk\u0259l\u0259ri, h\u0259m\u00e7inin B\u00f6y\u00fck Britaniya, AB\u015e, Kanada Rusiyaya m\u00fcxt\u0259lif sanksiyalar qoyub.<\/em><\/p>\n\n\n\n<p><em>Maliyy\u0259 sanksiyalar\u0131 \u0259sas\u0259n oliqarxlara, y\u00fcks\u0259k r\u00fctb\u0259li h\u0259rb\u00e7il\u0259rin hesablar\u0131na, d\u00f6vl\u0259t m\u0259murlar\u0131na, prezident\u0259, onun k\u00f6m\u0259k\u00e7isin\u0259, nazirl\u0259r\u0259 qoyulan qada\u011falard\u0131r.<\/em><\/p>\n\n\n\n<p><\/p>\n\n\n\n<hr class=\"wp-block-separator\"\/>\n\n\n\n<p><strong>Rusiya Ukraynda b\u00f6y\u00fck yanacaq bazalar\u0131n\u0131 vurub<\/strong><\/p>\n\n\n\n<p><em>Rusiya havadan burax\u0131lan qanadl\u0131 raketl\u0259rl\u0259 Dnepr, Lisi\u00e7ansk, \u00c7uqev v\u0259 Novomoskovskda iri yanacaq bazalar\u0131n\u0131 m\u0259hv edib.<\/em><\/p>\n\n\n\n<p><em>Bu bar\u0259d\u0259 Rusiya M\u00fcdafi\u0259 Nazirliyinin s\u00f6z\u00e7\u00fcs\u00fc \u0130qor Kona\u015fenkov <a href=\"https:\/\/tass.ru\/armiya-i-opk\/14237267\" target=\"_blank\" rel=\"noreferrer noopener\">bildirib<\/a>.<\/em><\/p>\n\n\n\n<div class=\"wp-block-image\"><figure class=\"alignright size-full is-resized\"><img decoding=\"async\" data-src=\"https:\/\/www.meydan.tv\/wp-content\/uploads\/iqor-konasenkov.jpeg\" alt=\"\" class=\"wp-image-240040 lazyload\" width=\"442\" height=\"279\" src=\"data:image\/svg+xml;base64,PHN2ZyB3aWR0aD0iMSIgaGVpZ2h0PSIxIiB4bWxucz0iaHR0cDovL3d3dy53My5vcmcvMjAwMC9zdmciPjwvc3ZnPg==\" style=\"--smush-placeholder-width: 442px; --smush-placeholder-aspect-ratio: 442\/279;\" \/><figcaption>\u0130qor Kona\u015fenkov. Foto: ORT kanal\u0131ndan screenshot<\/figcaption><\/figure><\/div>\n\n\n\n<p><em>\u0130.Kona\u015fenkov bildirib ki, Ukraynada x\u00fcsusi h\u0259rbi \u0259m\u0259liyyat ba\u015flayandan b\u0259ri Ukrayna Silahl\u0131 Q\u00fcvv\u0259l\u0259rinin 341 pilotsuz u\u00e7u\u015f aparat\u0131n\u0131 (PUA), 1815 tank\u0131 v\u0259 195 reaktiv yayl\u0131m at\u0259\u015f sistemini (MLRS) m\u0259hv edilib.<\/em><\/p>\n\n\n\n<p><\/p>\n\n\n\n<hr class=\"wp-block-separator\"\/>\n\n\n\n<p><\/p>\n\n\n\n<p><\/p>\n\n\n\n<p><\/p>\n\n\n\n<p><\/p>\n\n\n\n<p><strong>Ukraynadan Rusiyaya g\u0259l\u0259n qa\u00e7q\u0131nlar\u0131n say\u0131 yar\u0131m milyonu ke\u00e7ib<\/strong><br><\/p>\n\n\n\n<p><em>Donetsk v\u0259 Luhansk \u201crespublikalar\u0131\u201d, el\u0259c\u0259 d\u0259 Ukraynan\u0131n dig\u0259r b\u00f6lg\u0259l\u0259rind\u0259n Rusiyaya g\u0259l\u0259n qa\u00e7q\u0131nlar\u0131n say\u0131 yar\u0131m milyonu ke\u00e7diyi <a href=\"https:\/\/meduza.io\/news\/2022\/03\/31\/rossiyskie-vlasti-zayavili-chto-v-stranu-pribyli-polmilliona-bezhentsev-iz-ukrainy\" target=\"_blank\" rel=\"noreferrer noopener\">bildirilir<\/a>. <\/em><br><\/p>\n\n\n\n<p><em>\u00dcmumilikd\u0259, 107 mind\u0259n \u00e7oxu u\u015faq olmaqla, 529 mind\u0259n art\u0131q insan s\u0259rh\u0259di ke\u00e7ib.<br>Son 24 saat \u0259rzind\u0259 Rusiyaya 37 min n\u0259f\u0259r g\u0259lib.<br><\/em><\/p>\n\n\n\n<div class=\"wp-block-image\"><figure class=\"alignleft size-full is-resized\"><img decoding=\"async\" data-src=\"https:\/\/www.meydan.tv\/wp-content\/uploads\/shutterstock_2131279401.jpg\" alt=\"\" class=\"wp-image-238605 lazyload\" width=\"444\" height=\"295\" src=\"data:image\/svg+xml;base64,PHN2ZyB3aWR0aD0iMSIgaGVpZ2h0PSIxIiB4bWxucz0iaHR0cDovL3d3dy53My5vcmcvMjAwMC9zdmciPjwvc3ZnPg==\" style=\"--smush-placeholder-width: 444px; --smush-placeholder-aspect-ratio: 444\/295;\" \/><figcaption>Ukraynal\u0131 qa\u00e7q\u0131nlar. Foto: Yanosh Nemesh\/shutterstock<\/figcaption><\/figure><\/div>\n\n\n\n<p><em>Donetsk v\u0259 Luhansk \u201crespublikalar\u0131\u201d \u0259halinin evakuasiyas\u0131na fevral\u0131n 18-d\u0259n etibar\u0259n ba\u015flay\u0131b.<br>H\u0259rbi m\u00fcnaqi\u015f\u0259l\u0259r ba\u015flayandan bir m\u00fcdd\u0259t sonra Rusiya M\u00fcdafi\u0259 Nazirliyi d\u0259 dinc \u0259halinin \u00e7\u0131xmas\u0131 \u00fc\u00e7\u00fcn humanitar d\u0259hlizl\u0259r a\u00e7\u0131b.<\/em><br><\/p>\n\n\n\n<p><\/p>\n\n\n\n<p><\/p>\n\n\n\n<p><\/p>\n\n\n\n<p><strong>Xat\u0131rlatma<br><\/strong>Rusiya fevral\u0131n 24-d\u0259 Ukraynada h\u0259rbi \u0259m\u0259liyyatlara ba\u015flay\u0131b.<br>Ondan 2 g\u00fcn \u00f6nc\u0259 is\u0259 Rusiya Prezidenti Vladimir Putin a\u00e7\u0131qlama ver\u0259r\u0259k Ukraynan\u0131n \u015f\u0259rqind\u0259ki separat\u00e7\u0131 qurumlar\u0131 tan\u0131d\u0131\u011f\u0131n\u0131 b\u0259yan edib.<br>Ukrayna, Q\u0259rb liderl\u0259ri h\u0259rbi \u0259m\u0259liyyatlar\u0131 pisl\u0259yib, Putinin buna g\u00f6r\u0259 cavab ver\u0259c\u0259yini bildiribl\u0259r.<br>Bundan sonra Avropa Birliyi \u00f6lk\u0259l\u0259rind\u0259n, el\u0259c\u0259 d\u0259 AB\u015e-dan Rusiyaya qar\u015f\u0131 sanksiyalar g\u0259lm\u0259y\u0259 ba\u015flay\u0131b.<br>Sanksiya t\u0259tbiq edil\u0259n 600-d\u0259n \u00e7ox \u015f\u0259xsin i\u00e7ind\u0259 oliqarxlar, y\u00fcks\u0259k r\u00fctb\u0259li h\u0259rb\u00e7il\u0259r, \u015firk\u0259t sahibl\u0259ri, biznesmenl\u0259rl\u0259 yana\u015f\u0131, Rusiya Prezidenti Vladimir Putin v\u0259 xarici i\u015fl\u0259r naziri Sergey Lavrov da var.<\/p>\n","protected":false},"excerpt":{"rendered":"","protected":false},"author":8,"featured_media":239569,"comment_status":"closed","ping_status":"closed","sticky":false,"template":"","format":"standard","meta":{"_acf_changed":false,"_sitemap_exclude":false,"_sitemap_priority":"","_sitemap_frequency":"","footnotes":""},"categories":[88,63,56],"tags":[],"class_list":["post-240039","post","type-post","status-publish","format-standard","has-post-thumbnail","hentry","category-redaktor-secimi","category-video-2","category-xeberler","infinite-scroll-item","generate-columns","tablet-grid-50","mobile-grid-100","grid-parent","grid-33","no-featured-image-padding"],"acf":[],"yoast_head":"<!-- This site is optimized with the Yoast SEO plugin v27.5 - https:\/\/yoast.com\/product\/yoast-seo-wordpress\/ -->\n<title>Rusiyan\u0131n Ukraynaya h\u0259rbi m\u00fcdaxil\u0259sinin 36-c\u0131 g\u00fcn\u00fc: yenil\u0259n\u0259n x\u0259b\u0259rl\u0259r - MEYDAN.TV<\/title>\n<meta name=\"robots\" content=\"index, follow, max-snippet:-1, max-image-preview:large, max-video-preview:-1\" \/>\n<link rel=\"canonical\" href=\"https:\/\/www.meydan.tv\/az\/article\/rusiyanin-ukraynaya-herbi-mudaxilesinin-36-ci-gunu-yenilenen-xeberler\/\" \/>\n<meta property=\"og:locale\" content=\"az_AZ\" \/>\n<meta property=\"og:type\" content=\"article\" \/>\n<meta property=\"og:title\" content=\"Rusiyan\u0131n Ukraynaya h\u0259rbi m\u00fcdaxil\u0259sinin 36-c\u0131 g\u00fcn\u00fc: yenil\u0259n\u0259n x\u0259b\u0259rl\u0259r - MEYDAN.TV\" \/>\n<meta property=\"og:url\" content=\"https:\/\/www.meydan.tv\/az\/article\/rusiyanin-ukraynaya-herbi-mudaxilesinin-36-ci-gunu-yenilenen-xeberler\/\" \/>\n<meta property=\"og:site_name\" content=\"MEYDAN.TV\" \/>\n<meta property=\"article:published_time\" content=\"2022-03-31T09:19:42+00:00\" \/>\n<meta property=\"article:modified_time\" content=\"2022-03-31T13:19:47+00:00\" \/>\n<meta property=\"og:image\" content=\"https:\/\/www.meydan.tv\/wp-content\/uploads\/3h3a7147-copy-1.webp\" \/>\n\t<meta property=\"og:image:width\" content=\"1500\" \/>\n\t<meta property=\"og:image:height\" content=\"1000\" \/>\n\t<meta property=\"og:image:type\" content=\"image\/webp\" \/>\n<meta name=\"author\" content=\"elli\" \/>\n<meta name=\"twitter:card\" content=\"summary_large_image\" \/>\n<meta name=\"twitter:creator\" content=\"@elli\" \/>\n<script type=\"application\/ld+json\" class=\"yoast-schema-graph\">{\"@context\":\"https:\\\/\\\/schema.org\",\"@graph\":[{\"@type\":\"Article\",\"@id\":\"https:\\\/\\\/www.meydan.tv\\\/az\\\/article\\\/rusiyanin-ukraynaya-herbi-mudaxilesinin-36-ci-gunu-yenilenen-xeberler\\\/#article\",\"isPartOf\":{\"@id\":\"https:\\\/\\\/www.meydan.tv\\\/az\\\/article\\\/rusiyanin-ukraynaya-herbi-mudaxilesinin-36-ci-gunu-yenilenen-xeberler\\\/\"},\"author\":{\"name\":\"elli\",\"@id\":\"https:\\\/\\\/www.meydan.tv\\\/az\\\/#\\\/schema\\\/person\\\/9cdbecf90d17180ce1dfbd95b08dcf47\"},\"headline\":\"Rusiyan\u0131n Ukraynaya h\u0259rbi m\u00fcdaxil\u0259sinin 36-c\u0131 g\u00fcn\u00fc: yenil\u0259n\u0259n x\u0259b\u0259rl\u0259r\",\"datePublished\":\"2022-03-31T09:19:42+00:00\",\"dateModified\":\"2022-03-31T13:19:47+00:00\",\"mainEntityOfPage\":{\"@id\":\"https:\\\/\\\/www.meydan.tv\\\/az\\\/article\\\/rusiyanin-ukraynaya-herbi-mudaxilesinin-36-ci-gunu-yenilenen-xeberler\\\/\"},\"wordCount\":693,\"publisher\":{\"@id\":\"https:\\\/\\\/www.meydan.tv\\\/az\\\/#organization\"},\"image\":{\"@id\":\"https:\\\/\\\/www.meydan.tv\\\/az\\\/article\\\/rusiyanin-ukraynaya-herbi-mudaxilesinin-36-ci-gunu-yenilenen-xeberler\\\/#primaryimage\"},\"thumbnailUrl\":\"https:\\\/\\\/www.meydan.tv\\\/wp-content\\\/uploads\\\/3h3a7147-copy-1.webp\",\"articleSection\":[\"Redaktor se\u00e7imi\",\"Video\",\"X\u0259b\u0259rl\u0259r\"],\"inLanguage\":\"az\"},{\"@type\":\"WebPage\",\"@id\":\"https:\\\/\\\/www.meydan.tv\\\/az\\\/article\\\/rusiyanin-ukraynaya-herbi-mudaxilesinin-36-ci-gunu-yenilenen-xeberler\\\/\",\"url\":\"https:\\\/\\\/www.meydan.tv\\\/az\\\/article\\\/rusiyanin-ukraynaya-herbi-mudaxilesinin-36-ci-gunu-yenilenen-xeberler\\\/\",\"name\":\"Rusiyan\u0131n Ukraynaya h\u0259rbi m\u00fcdaxil\u0259sinin 36-c\u0131 g\u00fcn\u00fc: yenil\u0259n\u0259n x\u0259b\u0259rl\u0259r - MEYDAN.TV\",\"isPartOf\":{\"@id\":\"https:\\\/\\\/www.meydan.tv\\\/az\\\/#website\"},\"primaryImageOfPage\":{\"@id\":\"https:\\\/\\\/www.meydan.tv\\\/az\\\/article\\\/rusiyanin-ukraynaya-herbi-mudaxilesinin-36-ci-gunu-yenilenen-xeberler\\\/#primaryimage\"},\"image\":{\"@id\":\"https:\\\/\\\/www.meydan.tv\\\/az\\\/article\\\/rusiyanin-ukraynaya-herbi-mudaxilesinin-36-ci-gunu-yenilenen-xeberler\\\/#primaryimage\"},\"thumbnailUrl\":\"https:\\\/\\\/www.meydan.tv\\\/wp-content\\\/uploads\\\/3h3a7147-copy-1.webp\",\"datePublished\":\"2022-03-31T09:19:42+00:00\",\"dateModified\":\"2022-03-31T13:19:47+00:00\",\"breadcrumb\":{\"@id\":\"https:\\\/\\\/www.meydan.tv\\\/az\\\/article\\\/rusiyanin-ukraynaya-herbi-mudaxilesinin-36-ci-gunu-yenilenen-xeberler\\\/#breadcrumb\"},\"inLanguage\":\"az\",\"potentialAction\":[{\"@type\":\"ReadAction\",\"target\":[\"https:\\\/\\\/www.meydan.tv\\\/az\\\/article\\\/rusiyanin-ukraynaya-herbi-mudaxilesinin-36-ci-gunu-yenilenen-xeberler\\\/\"]}]},{\"@type\":\"ImageObject\",\"inLanguage\":\"az\",\"@id\":\"https:\\\/\\\/www.meydan.tv\\\/az\\\/article\\\/rusiyanin-ukraynaya-herbi-mudaxilesinin-36-ci-gunu-yenilenen-xeberler\\\/#primaryimage\",\"url\":\"https:\\\/\\\/www.meydan.tv\\\/wp-content\\\/uploads\\\/3h3a7147-copy-1.webp\",\"contentUrl\":\"https:\\\/\\\/www.meydan.tv\\\/wp-content\\\/uploads\\\/3h3a7147-copy-1.webp\",\"width\":1500,\"height\":1000,\"caption\":\"Foto: Meydan TV\"},{\"@type\":\"BreadcrumbList\",\"@id\":\"https:\\\/\\\/www.meydan.tv\\\/az\\\/article\\\/rusiyanin-ukraynaya-herbi-mudaxilesinin-36-ci-gunu-yenilenen-xeberler\\\/#breadcrumb\",\"itemListElement\":[{\"@type\":\"ListItem\",\"position\":1,\"name\":\"Ana s\u0259hif\u0259\",\"item\":\"https:\\\/\\\/www.meydan.tv\\\/az\\\/\"},{\"@type\":\"ListItem\",\"position\":2,\"name\":\"Redaktor se\u00e7imi\",\"item\":\"https:\\\/\\\/www.meydan.tv\\\/az\\\/section\\\/redaktor-secimi\\\/\"},{\"@type\":\"ListItem\",\"position\":3,\"name\":\"Rusiyan\u0131n Ukraynaya h\u0259rbi m\u00fcdaxil\u0259sinin 36-c\u0131 g\u00fcn\u00fc: yenil\u0259n\u0259n x\u0259b\u0259rl\u0259r\"}]},{\"@type\":\"WebSite\",\"@id\":\"https:\\\/\\\/www.meydan.tv\\\/az\\\/#website\",\"url\":\"https:\\\/\\\/www.meydan.tv\\\/az\\\/\",\"name\":\"MEYDAN.TV\",\"description\":\"Meydan TV Az\u0259rbaycan\u0131n media m\u0259kan\u0131ndak\u0131 alternativ s\u0259sidir\",\"publisher\":{\"@id\":\"https:\\\/\\\/www.meydan.tv\\\/az\\\/#organization\"},\"potentialAction\":[{\"@type\":\"SearchAction\",\"target\":{\"@type\":\"EntryPoint\",\"urlTemplate\":\"https:\\\/\\\/www.meydan.tv\\\/az\\\/?s={search_term_string}\"},\"query-input\":{\"@type\":\"PropertyValueSpecification\",\"valueRequired\":true,\"valueName\":\"search_term_string\"}}],\"inLanguage\":\"az\"},{\"@type\":\"Organization\",\"@id\":\"https:\\\/\\\/www.meydan.tv\\\/az\\\/#organization\",\"name\":\"Meydan TV\",\"url\":\"https:\\\/\\\/www.meydan.tv\\\/az\\\/\",\"logo\":{\"@type\":\"ImageObject\",\"inLanguage\":\"az\",\"@id\":\"https:\\\/\\\/www.meydan.tv\\\/az\\\/#\\\/schema\\\/logo\\\/image\\\/\",\"url\":\"https:\\\/\\\/www.meydan.tv\\\/wp-content\\\/uploads\\\/2021\\\/07\\\/meydan-logo.svg\",\"contentUrl\":\"https:\\\/\\\/www.meydan.tv\\\/wp-content\\\/uploads\\\/2021\\\/07\\\/meydan-logo.svg\",\"width\":195,\"height\":46,\"caption\":\"Meydan TV\"},\"image\":{\"@id\":\"https:\\\/\\\/www.meydan.tv\\\/az\\\/#\\\/schema\\\/logo\\\/image\\\/\"}},{\"@type\":\"Person\",\"@id\":\"https:\\\/\\\/www.meydan.tv\\\/az\\\/#\\\/schema\\\/person\\\/9cdbecf90d17180ce1dfbd95b08dcf47\",\"name\":\"elli\",\"sameAs\":[\"https:\\\/\\\/x.com\\\/elli\"]}]}<\/script>\n<!-- \/ Yoast SEO plugin. -->","yoast_head_json":{"title":"Rusiyan\u0131n Ukraynaya h\u0259rbi m\u00fcdaxil\u0259sinin 36-c\u0131 g\u00fcn\u00fc: yenil\u0259n\u0259n x\u0259b\u0259rl\u0259r - MEYDAN.TV","robots":{"index":"index","follow":"follow","max-snippet":"max-snippet:-1","max-image-preview":"max-image-preview:large","max-video-preview":"max-video-preview:-1"},"canonical":"https:\/\/www.meydan.tv\/az\/article\/rusiyanin-ukraynaya-herbi-mudaxilesinin-36-ci-gunu-yenilenen-xeberler\/","og_locale":"az_AZ","og_type":"article","og_title":"Rusiyan\u0131n Ukraynaya h\u0259rbi m\u00fcdaxil\u0259sinin 36-c\u0131 g\u00fcn\u00fc: yenil\u0259n\u0259n x\u0259b\u0259rl\u0259r - MEYDAN.TV","og_url":"https:\/\/www.meydan.tv\/az\/article\/rusiyanin-ukraynaya-herbi-mudaxilesinin-36-ci-gunu-yenilenen-xeberler\/","og_site_name":"MEYDAN.TV","article_published_time":"2022-03-31T09:19:42+00:00","article_modified_time":"2022-03-31T13:19:47+00:00","og_image":[{"width":1500,"height":1000,"url":"https:\/\/www.meydan.tv\/wp-content\/uploads\/3h3a7147-copy-1.webp","type":"image\/webp"}],"author":"elli","twitter_card":"summary_large_image","twitter_creator":"@elli","schema":{"@context":"https:\/\/schema.org","@graph":[{"@type":"Article","@id":"https:\/\/www.meydan.tv\/az\/article\/rusiyanin-ukraynaya-herbi-mudaxilesinin-36-ci-gunu-yenilenen-xeberler\/#article","isPartOf":{"@id":"https:\/\/www.meydan.tv\/az\/article\/rusiyanin-ukraynaya-herbi-mudaxilesinin-36-ci-gunu-yenilenen-xeberler\/"},"author":{"name":"elli","@id":"https:\/\/www.meydan.tv\/az\/#\/schema\/person\/9cdbecf90d17180ce1dfbd95b08dcf47"},"headline":"Rusiyan\u0131n Ukraynaya h\u0259rbi m\u00fcdaxil\u0259sinin 36-c\u0131 g\u00fcn\u00fc: yenil\u0259n\u0259n x\u0259b\u0259rl\u0259r","datePublished":"2022-03-31T09:19:42+00:00","dateModified":"2022-03-31T13:19:47+00:00","mainEntityOfPage":{"@id":"https:\/\/www.meydan.tv\/az\/article\/rusiyanin-ukraynaya-herbi-mudaxilesinin-36-ci-gunu-yenilenen-xeberler\/"},"wordCount":693,"publisher":{"@id":"https:\/\/www.meydan.tv\/az\/#organization"},"image":{"@id":"https:\/\/www.meydan.tv\/az\/article\/rusiyanin-ukraynaya-herbi-mudaxilesinin-36-ci-gunu-yenilenen-xeberler\/#primaryimage"},"thumbnailUrl":"https:\/\/www.meydan.tv\/wp-content\/uploads\/3h3a7147-copy-1.webp","articleSection":["Redaktor se\u00e7imi","Video","X\u0259b\u0259rl\u0259r"],"inLanguage":"az"},{"@type":"WebPage","@id":"https:\/\/www.meydan.tv\/az\/article\/rusiyanin-ukraynaya-herbi-mudaxilesinin-36-ci-gunu-yenilenen-xeberler\/","url":"https:\/\/www.meydan.tv\/az\/article\/rusiyanin-ukraynaya-herbi-mudaxilesinin-36-ci-gunu-yenilenen-xeberler\/","name":"Rusiyan\u0131n Ukraynaya h\u0259rbi m\u00fcdaxil\u0259sinin 36-c\u0131 g\u00fcn\u00fc: yenil\u0259n\u0259n x\u0259b\u0259rl\u0259r - MEYDAN.TV","isPartOf":{"@id":"https:\/\/www.meydan.tv\/az\/#website"},"primaryImageOfPage":{"@id":"https:\/\/www.meydan.tv\/az\/article\/rusiyanin-ukraynaya-herbi-mudaxilesinin-36-ci-gunu-yenilenen-xeberler\/#primaryimage"},"image":{"@id":"https:\/\/www.meydan.tv\/az\/article\/rusiyanin-ukraynaya-herbi-mudaxilesinin-36-ci-gunu-yenilenen-xeberler\/#primaryimage"},"thumbnailUrl":"https:\/\/www.meydan.tv\/wp-content\/uploads\/3h3a7147-copy-1.webp","datePublished":"2022-03-31T09:19:42+00:00","dateModified":"2022-03-31T13:19:47+00:00","breadcrumb":{"@id":"https:\/\/www.meydan.tv\/az\/article\/rusiyanin-ukraynaya-herbi-mudaxilesinin-36-ci-gunu-yenilenen-xeberler\/#breadcrumb"},"inLanguage":"az","potentialAction":[{"@type":"ReadAction","target":["https:\/\/www.meydan.tv\/az\/article\/rusiyanin-ukraynaya-herbi-mudaxilesinin-36-ci-gunu-yenilenen-xeberler\/"]}]},{"@type":"ImageObject","inLanguage":"az","@id":"https:\/\/www.meydan.tv\/az\/article\/rusiyanin-ukraynaya-herbi-mudaxilesinin-36-ci-gunu-yenilenen-xeberler\/#primaryimage","url":"https:\/\/www.meydan.tv\/wp-content\/uploads\/3h3a7147-copy-1.webp","contentUrl":"https:\/\/www.meydan.tv\/wp-content\/uploads\/3h3a7147-copy-1.webp","width":1500,"height":1000,"caption":"Foto: Meydan TV"},{"@type":"BreadcrumbList","@id":"https:\/\/www.meydan.tv\/az\/article\/rusiyanin-ukraynaya-herbi-mudaxilesinin-36-ci-gunu-yenilenen-xeberler\/#breadcrumb","itemListElement":[{"@type":"ListItem","position":1,"name":"Ana s\u0259hif\u0259","item":"https:\/\/www.meydan.tv\/az\/"},{"@type":"ListItem","position":2,"name":"Redaktor se\u00e7imi","item":"https:\/\/www.meydan.tv\/az\/section\/redaktor-secimi\/"},{"@type":"ListItem","position":3,"name":"Rusiyan\u0131n Ukraynaya h\u0259rbi m\u00fcdaxil\u0259sinin 36-c\u0131 g\u00fcn\u00fc: yenil\u0259n\u0259n x\u0259b\u0259rl\u0259r"}]},{"@type":"WebSite","@id":"https:\/\/www.meydan.tv\/az\/#website","url":"https:\/\/www.meydan.tv\/az\/","name":"MEYDAN.TV","description":"Meydan TV Az\u0259rbaycan\u0131n media m\u0259kan\u0131ndak\u0131 alternativ s\u0259sidir","publisher":{"@id":"https:\/\/www.meydan.tv\/az\/#organization"},"potentialAction":[{"@type":"SearchAction","target":{"@type":"EntryPoint","urlTemplate":"https:\/\/www.meydan.tv\/az\/?s={search_term_string}"},"query-input":{"@type":"PropertyValueSpecification","valueRequired":true,"valueName":"search_term_string"}}],"inLanguage":"az"},{"@type":"Organization","@id":"https:\/\/www.meydan.tv\/az\/#organization","name":"Meydan TV","url":"https:\/\/www.meydan.tv\/az\/","logo":{"@type":"ImageObject","inLanguage":"az","@id":"https:\/\/www.meydan.tv\/az\/#\/schema\/logo\/image\/","url":"https:\/\/www.meydan.tv\/wp-content\/uploads\/2021\/07\/meydan-logo.svg","contentUrl":"https:\/\/www.meydan.tv\/wp-content\/uploads\/2021\/07\/meydan-logo.svg","width":195,"height":46,"caption":"Meydan TV"},"image":{"@id":"https:\/\/www.meydan.tv\/az\/#\/schema\/logo\/image\/"}},{"@type":"Person","@id":"https:\/\/www.meydan.tv\/az\/#\/schema\/person\/9cdbecf90d17180ce1dfbd95b08dcf47","name":"elli","sameAs":["https:\/\/x.com\/elli"]}]}},"_links":{"self":[{"href":"https:\/\/www.meydan.tv\/az\/wp-json\/wp\/v2\/posts\/240039","targetHints":{"allow":["GET"]}}],"collection":[{"href":"https:\/\/www.meydan.tv\/az\/wp-json\/wp\/v2\/posts"}],"about":[{"href":"https:\/\/www.meydan.tv\/az\/wp-json\/wp\/v2\/types\/post"}],"author":[{"embeddable":true,"href":"https:\/\/www.meydan.tv\/az\/wp-json\/wp\/v2\/users\/8"}],"replies":[{"embeddable":true,"href":"https:\/\/www.meydan.tv\/az\/wp-json\/wp\/v2\/comments?post=240039"}],"version-history":[{"count":5,"href":"https:\/\/www.meydan.tv\/az\/wp-json\/wp\/v2\/posts\/240039\/revisions"}],"predecessor-version":[{"id":240108,"href":"https:\/\/www.meydan.tv\/az\/wp-json\/wp\/v2\/posts\/240039\/revisions\/240108"}],"wp:featuredmedia":[{"embeddable":true,"href":"https:\/\/www.meydan.tv\/az\/wp-json\/wp\/v2\/media\/239569"}],"wp:attachment":[{"href":"https:\/\/www.meydan.tv\/az\/wp-json\/wp\/v2\/media?parent=240039"}],"wp:term":[{"taxonomy":"category","embeddable":true,"href":"https:\/\/www.meydan.tv\/az\/wp-json\/wp\/v2\/categories?post=240039"},{"taxonomy":"post_tag","embeddable":true,"href":"https:\/\/www.meydan.tv\/az\/wp-json\/wp\/v2\/tags?post=240039"}],"curies":[{"name":"wp","href":"https:\/\/api.w.org\/{rel}","templated":true}]}}