{"id":239987,"date":"2022-03-31T22:25:27","date_gmt":"2022-03-31T18:25:27","guid":{"rendered":"https:\/\/www.meydan.tv\/?p=239987"},"modified":"2022-03-31T22:25:29","modified_gmt":"2022-03-31T18:25:29","slug":"kecmis-icra-bascisinin-qizlari-ukrayna-muharibesinde-konulludur","status":"publish","type":"post","link":"https:\/\/www.meydan.tv\/az\/article\/kecmis-icra-bascisinin-qizlari-ukrayna-muharibesinde-konulludur\/","title":{"rendered":"Ke\u00e7mi\u015f icra ba\u015f\u00e7\u0131s\u0131n\u0131n q\u0131zlar\u0131 Ukrayna m\u00fcharib\u0259sind\u0259 k\u00f6n\u00fcll\u00fcd\u00fcr"},"content":{"rendered":"\n<figure class=\"wp-block-embed is-type-video is-provider-youtube wp-block-embed-youtube wp-embed-aspect-16-9 wp-has-aspect-ratio\"><div class=\"wp-block-embed__wrapper\">\n<iframe title=\"Kec\u0327mis\u0327 icra bas\u0327c\u0327\u0131s\u0131n\u0131n q\u0131zlar\u0131 Ukrayna mu\u0308harib\u0259sind\u0259 ko\u0308nu\u0308llu\u0308du\u0308r\" width=\"1200\" height=\"675\" data-src=\"https:\/\/www.youtube.com\/embed\/a5IbXofUe0c?feature=oembed\" frameborder=\"0\" allow=\"accelerometer; autoplay; clipboard-write; encrypted-media; gyroscope; picture-in-picture\" allowfullscreen src=\"data:image\/svg+xml;base64,PHN2ZyB3aWR0aD0iMSIgaGVpZ2h0PSIxIiB4bWxucz0iaHR0cDovL3d3dy53My5vcmcvMjAwMC9zdmciPjwvc3ZnPg==\" class=\"lazyload\" data-load-mode=\"1\"><\/iframe>\n<\/div><\/figure>\n\n\n\n<!--more-->\n\n\n\n<p>D\u0259rya v\u0259 Leyla \u00f6vladlar\u0131n\u0131 Bak\u0131da qoyub Ukraynaya qay\u0131tma\u011fa haz\u0131rla\u015f\u0131rlar. Onlar Ukraynada ged\u0259n m\u00fcharib\u0259d\u0259 k\u00f6n\u00fcll\u00fc kimi i\u015ftirak edirl\u0259r. Bac\u0131lar d\u00f6y\u00fc\u015f\u00e7\u00fcl\u0259r\u0259 v\u0259 m\u00fclki \u015f\u0259xsl\u0259r\u0259 ilkin tibbi yard\u0131mla ba\u011fl\u0131 m\u0259sl\u0259h\u0259tl\u0259r verirl\u0259r.&nbsp;<\/p>\n\n\n\n<p>\u201cBiz ba\u015fa d\u00fc\u015f\u00fcrd\u00fck ki, \u0259g\u0259r s\u0259nin torpa\u011f\u0131nda d\u00fc\u015fm\u0259n varsa, s\u0259nin qarda\u015flar\u0131n\u0131 v\u0259 bac\u0131lar\u0131n\u0131 \u00f6ld\u00fcrm\u0259y\u0259 ba\u015flay\u0131blarsa, do\u011fma v\u0259t\u0259ninin i\u015f\u011fal\u0131na ba\u015flan\u0131l\u0131bsa, s\u0259n n\u0259s\u0259 etm\u0259lis\u0259n. N\u0259 ed\u0259 bil\u0259c\u0259yini sonra anlayacaqsan. \u018fsas n\u0259d\u0259ns\u0259 ba\u015flamaqd\u0131r. \u018flb\u0259tt\u0259, qorxursan, h\u0259min o istiqam\u0259td\u0259 ilk d\u0259f\u0259 getm\u0259k qorxuluydu. Biz ba\u015fa d\u00fc\u015f\u00fcrd\u00fck ki, d\u00f6y\u00fc\u015f\u0259n insanlar varsa, dem\u0259li onlara d\u00f6y\u00fc\u015fm\u0259y\u0259 k\u00f6m\u0259k ed\u0259n insanlar da olmal\u0131d\u0131r. Bu, tamamil\u0259 normal prosesdir, ba\u015fqa c\u00fcr ola da bilm\u0259z\u201d-D\u0259rya H\u00fcseynli deyir.&nbsp;<\/p>\n\n\n\n<p>Onlar\u0131n atas\u0131 az\u0259rbaycanl\u0131, anas\u0131 ukraynal\u0131d\u0131r. Atalar\u0131 Xaqani H\u00fcseynli AXC hakimiyy\u0259ti d\u00f6vr\u00fcnd\u0259 Nizami rayonunun icra ba\u015f\u00e7\u0131s\u0131 olub.<\/p>\n\n\n\n<p>\u201cBiz\u0259 deyirdil\u0259r ki, siz\u0259 rahatd\u0131, sizin atan\u0131z m\u00fcharib\u0259 i\u015ftirak\u00e7\u0131s\u0131 olub, u\u015faql\u0131qdan m\u00fcharib\u0259 g\u00f6rm\u00fcs\u00fcz. Sizin \u00fc\u00e7\u00fcn b\u00fct\u00fcn bunlar normald\u0131, indi d\u0259 m\u00fcharib\u0259d\u0259siz. Bunu e\u015fitm\u0259k \u00e7ox q\u0259rib\u0259 idi. Bilmir\u0259m, vaxt ke\u00e7\u0259nd\u0259n sonra m\u0259n\u0259 d\u0259 dem\u0259k \u00e7\u0259tindir ki, atam Qaraba\u011fdan olmasayd\u0131, biz nec\u0259 insan olard\u0131q. Atam burada da vaxtil\u0259 m\u00fcharib\u0259 olanda ordusuna ciddi k\u00f6m\u0259k edirdi\u201d- D\u0259rya H\u00fcseynli bildirir.&nbsp;<\/p>\n\n\n\n<p>D\u0259rya v\u0259 Leyla 2014-c\u00fc ild\u0259 ba\u015flayan Rusiya-Ukrayna m\u00fcharib\u0259sind\u0259 d\u0259 k\u00f6n\u00fcll\u00fc olublar<\/p>\n\n\n\n<p>Onlar NATO zabitl\u0259rind\u0259n t\u0259liml\u0259r al\u0131blar<\/p>\n\n\n\n<p>Onlar \u00fcmid edirl\u0259r ki, m\u00fcharib\u0259 tezlikl\u0259 yekunla\u015far v\u0259 Ukrayna xalq\u0131 \u00fc\u00e7\u00fcn q\u0259l\u0259b\u0259 il\u0259 bit\u0259r.<\/p>\n","protected":false},"excerpt":{"rendered":"","protected":false},"author":14,"featured_media":240208,"comment_status":"closed","ping_status":"closed","sticky":false,"template":"","format":"standard","meta":{"_acf_changed":false,"_sitemap_exclude":false,"_sitemap_priority":"","_sitemap_frequency":"","footnotes":""},"categories":[61,63],"tags":[],"class_list":["post-239987","post","type-post","status-publish","format-standard","has-post-thumbnail","hentry","category-reportaj","category-video-2","infinite-scroll-item","generate-columns","tablet-grid-50","mobile-grid-100","grid-parent","grid-33","no-featured-image-padding"],"acf":[],"yoast_head":"<!-- This site is optimized with the Yoast SEO plugin v27.4 - https:\/\/yoast.com\/product\/yoast-seo-wordpress\/ -->\n<title>Ke\u00e7mi\u015f icra ba\u015f\u00e7\u0131s\u0131n\u0131n q\u0131zlar\u0131 Ukrayna m\u00fcharib\u0259sind\u0259 k\u00f6n\u00fcll\u00fcd\u00fcr - MEYDAN.TV<\/title>\n<meta name=\"robots\" content=\"index, follow, max-snippet:-1, max-image-preview:large, max-video-preview:-1\" \/>\n<link rel=\"canonical\" href=\"https:\/\/www.meydan.tv\/az\/article\/kecmis-icra-bascisinin-qizlari-ukrayna-muharibesinde-konulludur\/\" \/>\n<meta property=\"og:locale\" content=\"az_AZ\" \/>\n<meta property=\"og:type\" content=\"article\" \/>\n<meta property=\"og:title\" content=\"Ke\u00e7mi\u015f icra ba\u015f\u00e7\u0131s\u0131n\u0131n q\u0131zlar\u0131 Ukrayna m\u00fcharib\u0259sind\u0259 k\u00f6n\u00fcll\u00fcd\u00fcr - MEYDAN.TV\" \/>\n<meta property=\"og:url\" content=\"https:\/\/www.meydan.tv\/az\/article\/kecmis-icra-bascisinin-qizlari-ukrayna-muharibesinde-konulludur\/\" \/>\n<meta property=\"og:site_name\" content=\"MEYDAN.TV\" \/>\n<meta property=\"article:published_time\" content=\"2022-03-31T18:25:27+00:00\" \/>\n<meta property=\"article:modified_time\" content=\"2022-03-31T18:25:29+00:00\" \/>\n<meta property=\"og:image\" content=\"https:\/\/www.meydan.tv\/wp-content\/uploads\/photo_2022-03-31-20.15.38.jpeg\" \/>\n\t<meta property=\"og:image:width\" content=\"848\" \/>\n\t<meta property=\"og:image:height\" content=\"471\" \/>\n\t<meta property=\"og:image:type\" content=\"image\/jpeg\" \/>\n<meta name=\"author\" content=\"roma\" \/>\n<meta name=\"twitter:card\" content=\"summary_large_image\" \/>\n<script type=\"application\/ld+json\" class=\"yoast-schema-graph\">{\"@context\":\"https:\\\/\\\/schema.org\",\"@graph\":[{\"@type\":\"Article\",\"@id\":\"https:\\\/\\\/www.meydan.tv\\\/az\\\/article\\\/kecmis-icra-bascisinin-qizlari-ukrayna-muharibesinde-konulludur\\\/#article\",\"isPartOf\":{\"@id\":\"https:\\\/\\\/www.meydan.tv\\\/az\\\/article\\\/kecmis-icra-bascisinin-qizlari-ukrayna-muharibesinde-konulludur\\\/\"},\"author\":{\"name\":\"roma\",\"@id\":\"https:\\\/\\\/www.meydan.tv\\\/az\\\/#\\\/schema\\\/person\\\/8f23e01c4de63326c13c319fb65ee65d\"},\"headline\":\"Ke\u00e7mi\u015f icra ba\u015f\u00e7\u0131s\u0131n\u0131n q\u0131zlar\u0131 Ukrayna m\u00fcharib\u0259sind\u0259 k\u00f6n\u00fcll\u00fcd\u00fcr\",\"datePublished\":\"2022-03-31T18:25:27+00:00\",\"dateModified\":\"2022-03-31T18:25:29+00:00\",\"mainEntityOfPage\":{\"@id\":\"https:\\\/\\\/www.meydan.tv\\\/az\\\/article\\\/kecmis-icra-bascisinin-qizlari-ukrayna-muharibesinde-konulludur\\\/\"},\"wordCount\":366,\"publisher\":{\"@id\":\"https:\\\/\\\/www.meydan.tv\\\/az\\\/#organization\"},\"image\":{\"@id\":\"https:\\\/\\\/www.meydan.tv\\\/az\\\/article\\\/kecmis-icra-bascisinin-qizlari-ukrayna-muharibesinde-konulludur\\\/#primaryimage\"},\"thumbnailUrl\":\"https:\\\/\\\/www.meydan.tv\\\/wp-content\\\/uploads\\\/photo_2022-03-31-20.15.38.jpeg\",\"articleSection\":[\"Reportaj\",\"Video\"],\"inLanguage\":\"az\"},{\"@type\":\"WebPage\",\"@id\":\"https:\\\/\\\/www.meydan.tv\\\/az\\\/article\\\/kecmis-icra-bascisinin-qizlari-ukrayna-muharibesinde-konulludur\\\/\",\"url\":\"https:\\\/\\\/www.meydan.tv\\\/az\\\/article\\\/kecmis-icra-bascisinin-qizlari-ukrayna-muharibesinde-konulludur\\\/\",\"name\":\"Ke\u00e7mi\u015f icra ba\u015f\u00e7\u0131s\u0131n\u0131n q\u0131zlar\u0131 Ukrayna m\u00fcharib\u0259sind\u0259 k\u00f6n\u00fcll\u00fcd\u00fcr - MEYDAN.TV\",\"isPartOf\":{\"@id\":\"https:\\\/\\\/www.meydan.tv\\\/az\\\/#website\"},\"primaryImageOfPage\":{\"@id\":\"https:\\\/\\\/www.meydan.tv\\\/az\\\/article\\\/kecmis-icra-bascisinin-qizlari-ukrayna-muharibesinde-konulludur\\\/#primaryimage\"},\"image\":{\"@id\":\"https:\\\/\\\/www.meydan.tv\\\/az\\\/article\\\/kecmis-icra-bascisinin-qizlari-ukrayna-muharibesinde-konulludur\\\/#primaryimage\"},\"thumbnailUrl\":\"https:\\\/\\\/www.meydan.tv\\\/wp-content\\\/uploads\\\/photo_2022-03-31-20.15.38.jpeg\",\"datePublished\":\"2022-03-31T18:25:27+00:00\",\"dateModified\":\"2022-03-31T18:25:29+00:00\",\"breadcrumb\":{\"@id\":\"https:\\\/\\\/www.meydan.tv\\\/az\\\/article\\\/kecmis-icra-bascisinin-qizlari-ukrayna-muharibesinde-konulludur\\\/#breadcrumb\"},\"inLanguage\":\"az\",\"potentialAction\":[{\"@type\":\"ReadAction\",\"target\":[\"https:\\\/\\\/www.meydan.tv\\\/az\\\/article\\\/kecmis-icra-bascisinin-qizlari-ukrayna-muharibesinde-konulludur\\\/\"]}]},{\"@type\":\"ImageObject\",\"inLanguage\":\"az\",\"@id\":\"https:\\\/\\\/www.meydan.tv\\\/az\\\/article\\\/kecmis-icra-bascisinin-qizlari-ukrayna-muharibesinde-konulludur\\\/#primaryimage\",\"url\":\"https:\\\/\\\/www.meydan.tv\\\/wp-content\\\/uploads\\\/photo_2022-03-31-20.15.38.jpeg\",\"contentUrl\":\"https:\\\/\\\/www.meydan.tv\\\/wp-content\\\/uploads\\\/photo_2022-03-31-20.15.38.jpeg\",\"width\":848,\"height\":471},{\"@type\":\"BreadcrumbList\",\"@id\":\"https:\\\/\\\/www.meydan.tv\\\/az\\\/article\\\/kecmis-icra-bascisinin-qizlari-ukrayna-muharibesinde-konulludur\\\/#breadcrumb\",\"itemListElement\":[{\"@type\":\"ListItem\",\"position\":1,\"name\":\"Ana s\u0259hif\u0259\",\"item\":\"https:\\\/\\\/www.meydan.tv\\\/az\\\/\"},{\"@type\":\"ListItem\",\"position\":2,\"name\":\"Video\",\"item\":\"https:\\\/\\\/www.meydan.tv\\\/az\\\/section\\\/video-2\\\/\"},{\"@type\":\"ListItem\",\"position\":3,\"name\":\"Ke\u00e7mi\u015f icra ba\u015f\u00e7\u0131s\u0131n\u0131n q\u0131zlar\u0131 Ukrayna m\u00fcharib\u0259sind\u0259 k\u00f6n\u00fcll\u00fcd\u00fcr\"}]},{\"@type\":\"WebSite\",\"@id\":\"https:\\\/\\\/www.meydan.tv\\\/az\\\/#website\",\"url\":\"https:\\\/\\\/www.meydan.tv\\\/az\\\/\",\"name\":\"MEYDAN.TV\",\"description\":\"Meydan TV Az\u0259rbaycan\u0131n media m\u0259kan\u0131ndak\u0131 alternativ s\u0259sidir\",\"publisher\":{\"@id\":\"https:\\\/\\\/www.meydan.tv\\\/az\\\/#organization\"},\"potentialAction\":[{\"@type\":\"SearchAction\",\"target\":{\"@type\":\"EntryPoint\",\"urlTemplate\":\"https:\\\/\\\/www.meydan.tv\\\/az\\\/?s={search_term_string}\"},\"query-input\":{\"@type\":\"PropertyValueSpecification\",\"valueRequired\":true,\"valueName\":\"search_term_string\"}}],\"inLanguage\":\"az\"},{\"@type\":\"Organization\",\"@id\":\"https:\\\/\\\/www.meydan.tv\\\/az\\\/#organization\",\"name\":\"Meydan TV\",\"url\":\"https:\\\/\\\/www.meydan.tv\\\/az\\\/\",\"logo\":{\"@type\":\"ImageObject\",\"inLanguage\":\"az\",\"@id\":\"https:\\\/\\\/www.meydan.tv\\\/az\\\/#\\\/schema\\\/logo\\\/image\\\/\",\"url\":\"https:\\\/\\\/www.meydan.tv\\\/wp-content\\\/uploads\\\/2021\\\/07\\\/meydan-logo.svg\",\"contentUrl\":\"https:\\\/\\\/www.meydan.tv\\\/wp-content\\\/uploads\\\/2021\\\/07\\\/meydan-logo.svg\",\"width\":195,\"height\":46,\"caption\":\"Meydan TV\"},\"image\":{\"@id\":\"https:\\\/\\\/www.meydan.tv\\\/az\\\/#\\\/schema\\\/logo\\\/image\\\/\"}},{\"@type\":\"Person\",\"@id\":\"https:\\\/\\\/www.meydan.tv\\\/az\\\/#\\\/schema\\\/person\\\/8f23e01c4de63326c13c319fb65ee65d\",\"name\":\"roma\"}]}<\/script>\n<!-- \/ Yoast SEO plugin. -->","yoast_head_json":{"title":"Ke\u00e7mi\u015f icra ba\u015f\u00e7\u0131s\u0131n\u0131n q\u0131zlar\u0131 Ukrayna m\u00fcharib\u0259sind\u0259 k\u00f6n\u00fcll\u00fcd\u00fcr - MEYDAN.TV","robots":{"index":"index","follow":"follow","max-snippet":"max-snippet:-1","max-image-preview":"max-image-preview:large","max-video-preview":"max-video-preview:-1"},"canonical":"https:\/\/www.meydan.tv\/az\/article\/kecmis-icra-bascisinin-qizlari-ukrayna-muharibesinde-konulludur\/","og_locale":"az_AZ","og_type":"article","og_title":"Ke\u00e7mi\u015f icra ba\u015f\u00e7\u0131s\u0131n\u0131n q\u0131zlar\u0131 Ukrayna m\u00fcharib\u0259sind\u0259 k\u00f6n\u00fcll\u00fcd\u00fcr - MEYDAN.TV","og_url":"https:\/\/www.meydan.tv\/az\/article\/kecmis-icra-bascisinin-qizlari-ukrayna-muharibesinde-konulludur\/","og_site_name":"MEYDAN.TV","article_published_time":"2022-03-31T18:25:27+00:00","article_modified_time":"2022-03-31T18:25:29+00:00","og_image":[{"width":848,"height":471,"url":"https:\/\/www.meydan.tv\/wp-content\/uploads\/photo_2022-03-31-20.15.38.jpeg","type":"image\/jpeg"}],"author":"roma","twitter_card":"summary_large_image","schema":{"@context":"https:\/\/schema.org","@graph":[{"@type":"Article","@id":"https:\/\/www.meydan.tv\/az\/article\/kecmis-icra-bascisinin-qizlari-ukrayna-muharibesinde-konulludur\/#article","isPartOf":{"@id":"https:\/\/www.meydan.tv\/az\/article\/kecmis-icra-bascisinin-qizlari-ukrayna-muharibesinde-konulludur\/"},"author":{"name":"roma","@id":"https:\/\/www.meydan.tv\/az\/#\/schema\/person\/8f23e01c4de63326c13c319fb65ee65d"},"headline":"Ke\u00e7mi\u015f icra ba\u015f\u00e7\u0131s\u0131n\u0131n q\u0131zlar\u0131 Ukrayna m\u00fcharib\u0259sind\u0259 k\u00f6n\u00fcll\u00fcd\u00fcr","datePublished":"2022-03-31T18:25:27+00:00","dateModified":"2022-03-31T18:25:29+00:00","mainEntityOfPage":{"@id":"https:\/\/www.meydan.tv\/az\/article\/kecmis-icra-bascisinin-qizlari-ukrayna-muharibesinde-konulludur\/"},"wordCount":366,"publisher":{"@id":"https:\/\/www.meydan.tv\/az\/#organization"},"image":{"@id":"https:\/\/www.meydan.tv\/az\/article\/kecmis-icra-bascisinin-qizlari-ukrayna-muharibesinde-konulludur\/#primaryimage"},"thumbnailUrl":"https:\/\/www.meydan.tv\/wp-content\/uploads\/photo_2022-03-31-20.15.38.jpeg","articleSection":["Reportaj","Video"],"inLanguage":"az"},{"@type":"WebPage","@id":"https:\/\/www.meydan.tv\/az\/article\/kecmis-icra-bascisinin-qizlari-ukrayna-muharibesinde-konulludur\/","url":"https:\/\/www.meydan.tv\/az\/article\/kecmis-icra-bascisinin-qizlari-ukrayna-muharibesinde-konulludur\/","name":"Ke\u00e7mi\u015f icra ba\u015f\u00e7\u0131s\u0131n\u0131n q\u0131zlar\u0131 Ukrayna m\u00fcharib\u0259sind\u0259 k\u00f6n\u00fcll\u00fcd\u00fcr - MEYDAN.TV","isPartOf":{"@id":"https:\/\/www.meydan.tv\/az\/#website"},"primaryImageOfPage":{"@id":"https:\/\/www.meydan.tv\/az\/article\/kecmis-icra-bascisinin-qizlari-ukrayna-muharibesinde-konulludur\/#primaryimage"},"image":{"@id":"https:\/\/www.meydan.tv\/az\/article\/kecmis-icra-bascisinin-qizlari-ukrayna-muharibesinde-konulludur\/#primaryimage"},"thumbnailUrl":"https:\/\/www.meydan.tv\/wp-content\/uploads\/photo_2022-03-31-20.15.38.jpeg","datePublished":"2022-03-31T18:25:27+00:00","dateModified":"2022-03-31T18:25:29+00:00","breadcrumb":{"@id":"https:\/\/www.meydan.tv\/az\/article\/kecmis-icra-bascisinin-qizlari-ukrayna-muharibesinde-konulludur\/#breadcrumb"},"inLanguage":"az","potentialAction":[{"@type":"ReadAction","target":["https:\/\/www.meydan.tv\/az\/article\/kecmis-icra-bascisinin-qizlari-ukrayna-muharibesinde-konulludur\/"]}]},{"@type":"ImageObject","inLanguage":"az","@id":"https:\/\/www.meydan.tv\/az\/article\/kecmis-icra-bascisinin-qizlari-ukrayna-muharibesinde-konulludur\/#primaryimage","url":"https:\/\/www.meydan.tv\/wp-content\/uploads\/photo_2022-03-31-20.15.38.jpeg","contentUrl":"https:\/\/www.meydan.tv\/wp-content\/uploads\/photo_2022-03-31-20.15.38.jpeg","width":848,"height":471},{"@type":"BreadcrumbList","@id":"https:\/\/www.meydan.tv\/az\/article\/kecmis-icra-bascisinin-qizlari-ukrayna-muharibesinde-konulludur\/#breadcrumb","itemListElement":[{"@type":"ListItem","position":1,"name":"Ana s\u0259hif\u0259","item":"https:\/\/www.meydan.tv\/az\/"},{"@type":"ListItem","position":2,"name":"Video","item":"https:\/\/www.meydan.tv\/az\/section\/video-2\/"},{"@type":"ListItem","position":3,"name":"Ke\u00e7mi\u015f icra ba\u015f\u00e7\u0131s\u0131n\u0131n q\u0131zlar\u0131 Ukrayna m\u00fcharib\u0259sind\u0259 k\u00f6n\u00fcll\u00fcd\u00fcr"}]},{"@type":"WebSite","@id":"https:\/\/www.meydan.tv\/az\/#website","url":"https:\/\/www.meydan.tv\/az\/","name":"MEYDAN.TV","description":"Meydan TV Az\u0259rbaycan\u0131n media m\u0259kan\u0131ndak\u0131 alternativ s\u0259sidir","publisher":{"@id":"https:\/\/www.meydan.tv\/az\/#organization"},"potentialAction":[{"@type":"SearchAction","target":{"@type":"EntryPoint","urlTemplate":"https:\/\/www.meydan.tv\/az\/?s={search_term_string}"},"query-input":{"@type":"PropertyValueSpecification","valueRequired":true,"valueName":"search_term_string"}}],"inLanguage":"az"},{"@type":"Organization","@id":"https:\/\/www.meydan.tv\/az\/#organization","name":"Meydan TV","url":"https:\/\/www.meydan.tv\/az\/","logo":{"@type":"ImageObject","inLanguage":"az","@id":"https:\/\/www.meydan.tv\/az\/#\/schema\/logo\/image\/","url":"https:\/\/www.meydan.tv\/wp-content\/uploads\/2021\/07\/meydan-logo.svg","contentUrl":"https:\/\/www.meydan.tv\/wp-content\/uploads\/2021\/07\/meydan-logo.svg","width":195,"height":46,"caption":"Meydan TV"},"image":{"@id":"https:\/\/www.meydan.tv\/az\/#\/schema\/logo\/image\/"}},{"@type":"Person","@id":"https:\/\/www.meydan.tv\/az\/#\/schema\/person\/8f23e01c4de63326c13c319fb65ee65d","name":"roma"}]}},"_links":{"self":[{"href":"https:\/\/www.meydan.tv\/az\/wp-json\/wp\/v2\/posts\/239987","targetHints":{"allow":["GET"]}}],"collection":[{"href":"https:\/\/www.meydan.tv\/az\/wp-json\/wp\/v2\/posts"}],"about":[{"href":"https:\/\/www.meydan.tv\/az\/wp-json\/wp\/v2\/types\/post"}],"author":[{"embeddable":true,"href":"https:\/\/www.meydan.tv\/az\/wp-json\/wp\/v2\/users\/14"}],"replies":[{"embeddable":true,"href":"https:\/\/www.meydan.tv\/az\/wp-json\/wp\/v2\/comments?post=239987"}],"version-history":[{"count":1,"href":"https:\/\/www.meydan.tv\/az\/wp-json\/wp\/v2\/posts\/239987\/revisions"}],"predecessor-version":[{"id":240211,"href":"https:\/\/www.meydan.tv\/az\/wp-json\/wp\/v2\/posts\/239987\/revisions\/240211"}],"wp:featuredmedia":[{"embeddable":true,"href":"https:\/\/www.meydan.tv\/az\/wp-json\/wp\/v2\/media\/240208"}],"wp:attachment":[{"href":"https:\/\/www.meydan.tv\/az\/wp-json\/wp\/v2\/media?parent=239987"}],"wp:term":[{"taxonomy":"category","embeddable":true,"href":"https:\/\/www.meydan.tv\/az\/wp-json\/wp\/v2\/categories?post=239987"},{"taxonomy":"post_tag","embeddable":true,"href":"https:\/\/www.meydan.tv\/az\/wp-json\/wp\/v2\/tags?post=239987"}],"curies":[{"name":"wp","href":"https:\/\/api.w.org\/{rel}","templated":true}]}}