{"id":239945,"date":"2022-03-30T15:40:21","date_gmt":"2022-03-30T11:40:21","guid":{"rendered":"https:\/\/www.meydan.tv\/?p=239945"},"modified":"2022-03-30T15:40:22","modified_gmt":"2022-03-30T11:40:22","slug":"azerbaycanda-alim-qadin-olmaq-necedir","status":"publish","type":"post","link":"https:\/\/www.meydan.tv\/az\/article\/azerbaycanda-alim-qadin-olmaq-necedir\/","title":{"rendered":"Az\u0259rbaycanda alim qad\u0131n olmaq nec\u0259dir?"},"content":{"rendered":"\n<figure class=\"wp-block-embed is-type-video is-provider-youtube wp-block-embed-youtube wp-embed-aspect-16-9 wp-has-aspect-ratio\"><div class=\"wp-block-embed__wrapper\">\n<iframe title=\"Az\u0259rbaycanda alim qad\u0131n olmaq nec\u0259dir?\" width=\"1200\" height=\"675\" data-src=\"https:\/\/www.youtube.com\/embed\/ah34kHJmgK4?feature=oembed\" frameborder=\"0\" allow=\"accelerometer; autoplay; clipboard-write; encrypted-media; gyroscope; picture-in-picture\" allowfullscreen src=\"data:image\/svg+xml;base64,PHN2ZyB3aWR0aD0iMSIgaGVpZ2h0PSIxIiB4bWxucz0iaHR0cDovL3d3dy53My5vcmcvMjAwMC9zdmciPjwvc3ZnPg==\" class=\"lazyload\" data-load-mode=\"1\"><\/iframe>\n<\/div><\/figure>\n\n\n\n<!--more-->\n\n\n\n<p>&#8220;U\u015faql\u0131qda arzum o idi ki, ad\u0131m \u00e7\u0259kil\u0259nd\u0259 desinl\u0259r ki, professordu, elml\u0259r doktorudu&#8221;, &#8211; \u0130lah\u0259 Sad\u0131qova deyir. \u0130lah\u0259 xan\u0131m kulturoloqdur. Kulturologiya v\u0259 sosiologiya sah\u0259sind\u0259 elmi f\u0259aliyy\u0259tl\u0259 m\u0259\u015f\u011fuldur. 25-d\u0259n \u00e7ox elmi m\u0259qal\u0259 m\u00fc\u0259llifidir. 15-d\u0259n \u00e7ox beyn\u0259lxalq v\u0259 respublika s\u0259viyy\u0259li konfranslar, simpoziumlar\u0131n i\u015ftirak\u00e7\u0131s\u0131d\u0131r.<br>\u201cM\u0259n \u00f6z\u00fcm Bak\u0131 k\u0259ndl\u0259rind\u0259n birind\u0259 ya\u015fay\u0131ram. Bilirsiz ki, Bak\u0131 k\u0259ndl\u0259rind\u0259 d\u0259 \u00e7ox t\u0259\u0259ss\u00fcf ki, bel\u0259 stereotipl\u0259r var q\u0131zlar\u0131n oxumas\u0131 il\u0259 ba\u011fl\u0131. 9-cu sinif\u0259 q\u0259d\u0259r q\u0131zlar\u0131 oxudurlar, 9-cu sinifd\u0259n sonra mane olurlar\u201d, &#8211; dey\u0259n \u0130lah\u0259 xan\u0131m \u0259lav\u0259 edir ki, ona valideynl\u0259ri oxuma\u011f\u0131 qada\u011fan etm\u0259yib.<br>\u201cM\u0259n dey\u0259nd\u0259 ki, t\u0259hsilimi davam etdirm\u0259k ist\u0259yir\u0259m, bakalavr\u0131 bitir\u0259nd\u0259n sonra magistr t\u0259hsili alacam, onda da he\u00e7 bir \u0259ng\u0259l olmad\u0131lar. Y\u0259ni m\u0259n\u0259 dem\u0259dil\u0259r ki, q\u0131z u\u015fa\u011f\u0131san, art\u0131q bitir. Nec\u0259 bizd\u0259 ad\u0259t\u0259n deyirl\u0259r \u00f6lk\u0259d\u0259, bir t\u0259hsil ald\u0131n, bir diplomun oldu, kifay\u0259tdir. Yox, el\u0259 yana\u015fmad\u0131lar, \u0259ksin\u0259, bir az da m\u0259ni h\u0259v\u0259sl\u0259ndirdil\u0259r\u201d.<br>\u0130lah\u0259 doktoranturaya da q\u0259bul olunmaq q\u0259rar\u0131 verir. Dissertasiyas\u0131n\u0131n m\u00f6vzusu \u201cM\u00fcst\u0259qil Az\u0259rbaycanda ail\u0259-nikah m\u00fcnasib\u0259tl\u0259rinin sosial-kulturoloji aspektl\u0259ri\u201ddir.<br>\u201cAvtoritar idar\u0259etm\u0259 \u00fcsulu ail\u0259l\u0259rimiz\u0259 d\u0259 ke\u00e7ib v\u0259 ail\u0259l\u0259rimizd\u0259 d\u0259 qad\u0131nlar\u0131n h\u00fcquqlar\u0131 tapdalan\u0131r, qad\u0131nlara t\u0259hsil almaq imkan\u0131 verilmir. D\u00fczd\u00fcr, son d\u00f6vrl\u0259r bu stereotipl\u0259r aradan qalx\u0131b, amma uzun zaman Az\u0259rbaycan c\u0259miyy\u0259ti bundan \u0259ziyy\u0259t \u00e7\u0259kib. V\u0259 bu g\u00fcn \u0259slind\u0259 biz bunun ac\u0131 b\u0259hr\u0259sini g\u00f6r\u00fcr\u00fck, qad\u0131nlara qar\u015f\u0131 \u015fidd\u0259tl\u0259, zorak\u0131l\u0131qla\u201d, &#8211; dey\u0259n \u0130.Sad\u0131qovan\u0131n fikrinc\u0259 kulturologiya bu stereotipl\u0259rin k\u00f6k\u00fcn\u00fc k\u0259sm\u0259y\u0259 k\u00f6m\u0259k ed\u0259 bil\u0259r.<br>\u201cM\u0259n h\u0259r zaman universitetd\u0259 \u00e7\u0131x\u0131\u015flar\u0131mda, beyn\u0259lxalq konfranslarda, respublika s\u0259viyy\u0259li konfranslarda \u00e7\u0131x\u0131\u015flar\u0131mda, ixtisas\u0131m\u0131n \u0259n \u00fcst\u00fcn t\u0259r\u0259fi kimi onu g\u00f6st\u0259rir\u0259m ki, kulturologiya h\u0259rt\u0259r\u0259fli \u015f\u0259xsiyy\u0259tl\u0259r yeti\u015fdirir. Siz el\u0259 bir adam tapa bilm\u0259zsiz ki, kulturologiya il\u0259 m\u0259\u015f\u011ful olsun, ictimai prosesl\u0259rd\u0259n k\u0259narda qals\u0131n, s\u0131radan bir, he\u00e7 bir \u015fey\u0259 qar\u0131\u015fmayan bir v\u0259t\u0259nda\u015f kimi f\u0259aliyy\u0259t g\u00f6st\u0259rsin, olmur bel\u0259 bir \u015fey. \u0130xtisas art\u0131q yeti\u015fdirir, h\u0259rt\u0259r\u0259fli yeti\u015fdirir. Psixologiya da \u00f6yr\u0259dir, sosiologiya da, f\u0259ls\u0259f\u0259 d\u0259, d\u00fc\u015f\u00fcnm\u0259yi \u00f6yr\u0259dir insana\u201d.<br>Valideynl\u0259rin q\u0131zlar\u0131n\u0131 t\u0259hsild\u0259n yay\u0131nd\u0131rma\u011f\u0131 yegan\u0259 problem deyil. \u201cBizim c\u0259miyy\u0259tin qad\u0131na y\u00fckl\u0259diyi yaz\u0131lmam\u0131\u015f qanunlar var\u201d, &#8211; Jal\u0259 \u0130smay\u0131l deyir. Jal\u0259 \u0130smay\u0131l filologiya \u00fczr\u0259 f\u0259ls\u0259f\u0259 doktoru. \u0130ki dissertasiya m\u00fcdafi\u0259 edib. Klujda Babe\u015f-Bolyay Universitetind\u0259 f\u0259aliyy\u0259t g\u00f6st\u0259r\u0259n T\u00fcrkologiya \u0130nstitutunda Az\u0259rbaycan dili v\u0259 \u00f6lk\u0259\u015f\u00fcnasl\u0131qdan 3 il d\u0259rs deyib.<br>\u201c\u018frin v\u0259 arvad\u0131n h\u0259r ikisinin i\u015fd\u0259n qay\u0131tmas\u0131ndan sonra yem\u0259yi m\u00fctl\u0259q qad\u0131n bi\u015firm\u0259lidir, qablar\u0131 m\u00fctl\u0259q qad\u0131n yumal\u0131d\u0131r\u201d, &#8211; \u0130lah\u0259 xan\u0131m deyir. &#8211; U\u015faqlar varsa v\u0259ziyy\u0259t daha da q\u0259lizl\u0259\u015fir, u\u015fa\u011f\u0131n m\u0259kt\u0259bi var, d\u0259rsi var, yem\u0259yi var. Yat\u0131zd\u0131rd\u0131, qablar\u0131 yudu, sabah\u0131n yem\u0259yini bi\u015firdi, gec\u0259 oldu 12 v\u0259 bir alim qad\u0131n bu saatdan sonra hans\u0131 t\u0259dqiqat\u0131 apara bil\u0259r? \u018fn az\u0131, o, he\u00e7 olmasa bir m\u0259qal\u0259 oxumal\u0131d\u0131r, \u00f6z m\u0259qal\u0259l\u0259rini yazmal\u0131d\u0131r, d\u00fcnyada ba\u015f ver\u0259n \u00f6z sah\u0259sin\u0259 aid yenilikl\u0259ri izl\u0259m\u0259lidir.<br>Doktorant q\u0131zlarla ail\u0259 quran b\u0259yl\u0259r bunu n\u0259z\u0259r\u0259 almal\u0131d\u0131r, \u0259g\u0259r o k\u00f6m\u0259yi ed\u0259 bilm\u0259y\u0259c\u0259kl\u0259rs\u0259 qad\u0131na, g\u0259l\u0259c\u0259kd\u0259 \u00f6z sah\u0259sind\u0259 u\u011fur qazanmaq ist\u0259y\u0259n qad\u0131na o k\u00f6m\u0259yi g\u00f6st\u0259r\u0259 bilm\u0259y\u0259c\u0259ks\u0259, l\u00fctf\u0259n he\u00e7 yax\u0131nla\u015fmas\u0131n, he\u00e7 \u00fcr\u0259yini a\u00e7mas\u0131n v\u0259 o d\u0259st\u0259yi g\u00f6st\u0259r\u0259 bilm\u0259y\u0259n adam xan\u0131mla o yolu getm\u0259sin. H\u0259r \u015fey\u0259 r\u0259\u011fm\u0259n yen\u0259 d\u0259 i\u015fini \u00e7atd\u0131ran, m\u0259qal\u0259l\u0259rini yazan, Az\u0259rbaycan\u0131 xarici konfranslarda, simpoziumlarda layiqinc\u0259 t\u0259msil ed\u0259n aliml\u0259rimiz var. \u00c7ox deyil, b\u00fct\u00fcn sah\u0259l\u0259rd\u0259 oldu\u011fu kimi, h\u0259r \u015fey y\u00fczd\u0259-y\u00fcz deyil. B\u0259lk\u0259 barmaq hesab\u0131d\u0131, amma onlar var v\u0259 n\u0259 yax\u015f\u0131 var v\u0259 o qad\u0131nlar n\u00fcmun\u0259dir yeni g\u0259l\u0259n doktorant q\u0131zlar \u00fc\u00e7\u00fcn\u201d.<\/p>\n","protected":false},"excerpt":{"rendered":"","protected":false},"author":14,"featured_media":239425,"comment_status":"closed","ping_status":"closed","sticky":false,"template":"","format":"standard","meta":{"_acf_changed":false,"_sitemap_exclude":false,"_sitemap_priority":"","_sitemap_frequency":"","footnotes":""},"categories":[63],"tags":[],"class_list":["post-239945","post","type-post","status-publish","format-standard","has-post-thumbnail","hentry","category-video-2","infinite-scroll-item","generate-columns","tablet-grid-50","mobile-grid-100","grid-parent","grid-33","no-featured-image-padding"],"acf":[],"yoast_head":"<!-- This site is optimized with the Yoast SEO plugin v27.5 - https:\/\/yoast.com\/product\/yoast-seo-wordpress\/ -->\n<title>Az\u0259rbaycanda alim qad\u0131n olmaq nec\u0259dir? - MEYDAN.TV<\/title>\n<meta name=\"robots\" content=\"index, follow, max-snippet:-1, max-image-preview:large, max-video-preview:-1\" \/>\n<link rel=\"canonical\" href=\"https:\/\/www.meydan.tv\/az\/article\/azerbaycanda-alim-qadin-olmaq-necedir\/\" \/>\n<meta property=\"og:locale\" content=\"az_AZ\" \/>\n<meta property=\"og:type\" content=\"article\" \/>\n<meta property=\"og:title\" content=\"Az\u0259rbaycanda alim qad\u0131n olmaq nec\u0259dir? - MEYDAN.TV\" \/>\n<meta property=\"og:url\" content=\"https:\/\/www.meydan.tv\/az\/article\/azerbaycanda-alim-qadin-olmaq-necedir\/\" \/>\n<meta property=\"og:site_name\" content=\"MEYDAN.TV\" \/>\n<meta property=\"article:published_time\" content=\"2022-03-30T11:40:21+00:00\" \/>\n<meta property=\"article:modified_time\" content=\"2022-03-30T11:40:22+00:00\" \/>\n<meta property=\"og:image\" content=\"https:\/\/www.meydan.tv\/wp-content\/uploads\/elm.jpg\" \/>\n\t<meta property=\"og:image:width\" content=\"1920\" \/>\n\t<meta property=\"og:image:height\" content=\"1080\" \/>\n\t<meta property=\"og:image:type\" content=\"image\/jpeg\" \/>\n<meta name=\"author\" content=\"roma\" \/>\n<meta name=\"twitter:card\" content=\"summary_large_image\" \/>\n<script type=\"application\/ld+json\" class=\"yoast-schema-graph\">{\"@context\":\"https:\\\/\\\/schema.org\",\"@graph\":[{\"@type\":\"Article\",\"@id\":\"https:\\\/\\\/www.meydan.tv\\\/az\\\/article\\\/azerbaycanda-alim-qadin-olmaq-necedir\\\/#article\",\"isPartOf\":{\"@id\":\"https:\\\/\\\/www.meydan.tv\\\/az\\\/article\\\/azerbaycanda-alim-qadin-olmaq-necedir\\\/\"},\"author\":{\"name\":\"roma\",\"@id\":\"https:\\\/\\\/www.meydan.tv\\\/az\\\/#\\\/schema\\\/person\\\/8f23e01c4de63326c13c319fb65ee65d\"},\"headline\":\"Az\u0259rbaycanda alim qad\u0131n olmaq nec\u0259dir?\",\"datePublished\":\"2022-03-30T11:40:21+00:00\",\"dateModified\":\"2022-03-30T11:40:22+00:00\",\"mainEntityOfPage\":{\"@id\":\"https:\\\/\\\/www.meydan.tv\\\/az\\\/article\\\/azerbaycanda-alim-qadin-olmaq-necedir\\\/\"},\"wordCount\":828,\"publisher\":{\"@id\":\"https:\\\/\\\/www.meydan.tv\\\/az\\\/#organization\"},\"image\":{\"@id\":\"https:\\\/\\\/www.meydan.tv\\\/az\\\/article\\\/azerbaycanda-alim-qadin-olmaq-necedir\\\/#primaryimage\"},\"thumbnailUrl\":\"https:\\\/\\\/www.meydan.tv\\\/wp-content\\\/uploads\\\/elm.jpg\",\"articleSection\":[\"Video\"],\"inLanguage\":\"az\"},{\"@type\":\"WebPage\",\"@id\":\"https:\\\/\\\/www.meydan.tv\\\/az\\\/article\\\/azerbaycanda-alim-qadin-olmaq-necedir\\\/\",\"url\":\"https:\\\/\\\/www.meydan.tv\\\/az\\\/article\\\/azerbaycanda-alim-qadin-olmaq-necedir\\\/\",\"name\":\"Az\u0259rbaycanda alim qad\u0131n olmaq nec\u0259dir? - MEYDAN.TV\",\"isPartOf\":{\"@id\":\"https:\\\/\\\/www.meydan.tv\\\/az\\\/#website\"},\"primaryImageOfPage\":{\"@id\":\"https:\\\/\\\/www.meydan.tv\\\/az\\\/article\\\/azerbaycanda-alim-qadin-olmaq-necedir\\\/#primaryimage\"},\"image\":{\"@id\":\"https:\\\/\\\/www.meydan.tv\\\/az\\\/article\\\/azerbaycanda-alim-qadin-olmaq-necedir\\\/#primaryimage\"},\"thumbnailUrl\":\"https:\\\/\\\/www.meydan.tv\\\/wp-content\\\/uploads\\\/elm.jpg\",\"datePublished\":\"2022-03-30T11:40:21+00:00\",\"dateModified\":\"2022-03-30T11:40:22+00:00\",\"breadcrumb\":{\"@id\":\"https:\\\/\\\/www.meydan.tv\\\/az\\\/article\\\/azerbaycanda-alim-qadin-olmaq-necedir\\\/#breadcrumb\"},\"inLanguage\":\"az\",\"potentialAction\":[{\"@type\":\"ReadAction\",\"target\":[\"https:\\\/\\\/www.meydan.tv\\\/az\\\/article\\\/azerbaycanda-alim-qadin-olmaq-necedir\\\/\"]}]},{\"@type\":\"ImageObject\",\"inLanguage\":\"az\",\"@id\":\"https:\\\/\\\/www.meydan.tv\\\/az\\\/article\\\/azerbaycanda-alim-qadin-olmaq-necedir\\\/#primaryimage\",\"url\":\"https:\\\/\\\/www.meydan.tv\\\/wp-content\\\/uploads\\\/elm.jpg\",\"contentUrl\":\"https:\\\/\\\/www.meydan.tv\\\/wp-content\\\/uploads\\\/elm.jpg\",\"width\":1920,\"height\":1080},{\"@type\":\"BreadcrumbList\",\"@id\":\"https:\\\/\\\/www.meydan.tv\\\/az\\\/article\\\/azerbaycanda-alim-qadin-olmaq-necedir\\\/#breadcrumb\",\"itemListElement\":[{\"@type\":\"ListItem\",\"position\":1,\"name\":\"Ana s\u0259hif\u0259\",\"item\":\"https:\\\/\\\/www.meydan.tv\\\/az\\\/\"},{\"@type\":\"ListItem\",\"position\":2,\"name\":\"Video\",\"item\":\"https:\\\/\\\/www.meydan.tv\\\/az\\\/section\\\/video-2\\\/\"},{\"@type\":\"ListItem\",\"position\":3,\"name\":\"Az\u0259rbaycanda alim qad\u0131n olmaq nec\u0259dir?\"}]},{\"@type\":\"WebSite\",\"@id\":\"https:\\\/\\\/www.meydan.tv\\\/az\\\/#website\",\"url\":\"https:\\\/\\\/www.meydan.tv\\\/az\\\/\",\"name\":\"MEYDAN.TV\",\"description\":\"Meydan TV Az\u0259rbaycan\u0131n media m\u0259kan\u0131ndak\u0131 alternativ s\u0259sidir\",\"publisher\":{\"@id\":\"https:\\\/\\\/www.meydan.tv\\\/az\\\/#organization\"},\"potentialAction\":[{\"@type\":\"SearchAction\",\"target\":{\"@type\":\"EntryPoint\",\"urlTemplate\":\"https:\\\/\\\/www.meydan.tv\\\/az\\\/?s={search_term_string}\"},\"query-input\":{\"@type\":\"PropertyValueSpecification\",\"valueRequired\":true,\"valueName\":\"search_term_string\"}}],\"inLanguage\":\"az\"},{\"@type\":\"Organization\",\"@id\":\"https:\\\/\\\/www.meydan.tv\\\/az\\\/#organization\",\"name\":\"Meydan TV\",\"url\":\"https:\\\/\\\/www.meydan.tv\\\/az\\\/\",\"logo\":{\"@type\":\"ImageObject\",\"inLanguage\":\"az\",\"@id\":\"https:\\\/\\\/www.meydan.tv\\\/az\\\/#\\\/schema\\\/logo\\\/image\\\/\",\"url\":\"https:\\\/\\\/www.meydan.tv\\\/wp-content\\\/uploads\\\/2021\\\/07\\\/meydan-logo.svg\",\"contentUrl\":\"https:\\\/\\\/www.meydan.tv\\\/wp-content\\\/uploads\\\/2021\\\/07\\\/meydan-logo.svg\",\"width\":195,\"height\":46,\"caption\":\"Meydan TV\"},\"image\":{\"@id\":\"https:\\\/\\\/www.meydan.tv\\\/az\\\/#\\\/schema\\\/logo\\\/image\\\/\"}},{\"@type\":\"Person\",\"@id\":\"https:\\\/\\\/www.meydan.tv\\\/az\\\/#\\\/schema\\\/person\\\/8f23e01c4de63326c13c319fb65ee65d\",\"name\":\"roma\"}]}<\/script>\n<!-- \/ Yoast SEO plugin. -->","yoast_head_json":{"title":"Az\u0259rbaycanda alim qad\u0131n olmaq nec\u0259dir? - MEYDAN.TV","robots":{"index":"index","follow":"follow","max-snippet":"max-snippet:-1","max-image-preview":"max-image-preview:large","max-video-preview":"max-video-preview:-1"},"canonical":"https:\/\/www.meydan.tv\/az\/article\/azerbaycanda-alim-qadin-olmaq-necedir\/","og_locale":"az_AZ","og_type":"article","og_title":"Az\u0259rbaycanda alim qad\u0131n olmaq nec\u0259dir? - MEYDAN.TV","og_url":"https:\/\/www.meydan.tv\/az\/article\/azerbaycanda-alim-qadin-olmaq-necedir\/","og_site_name":"MEYDAN.TV","article_published_time":"2022-03-30T11:40:21+00:00","article_modified_time":"2022-03-30T11:40:22+00:00","og_image":[{"width":1920,"height":1080,"url":"https:\/\/www.meydan.tv\/wp-content\/uploads\/elm.jpg","type":"image\/jpeg"}],"author":"roma","twitter_card":"summary_large_image","schema":{"@context":"https:\/\/schema.org","@graph":[{"@type":"Article","@id":"https:\/\/www.meydan.tv\/az\/article\/azerbaycanda-alim-qadin-olmaq-necedir\/#article","isPartOf":{"@id":"https:\/\/www.meydan.tv\/az\/article\/azerbaycanda-alim-qadin-olmaq-necedir\/"},"author":{"name":"roma","@id":"https:\/\/www.meydan.tv\/az\/#\/schema\/person\/8f23e01c4de63326c13c319fb65ee65d"},"headline":"Az\u0259rbaycanda alim qad\u0131n olmaq nec\u0259dir?","datePublished":"2022-03-30T11:40:21+00:00","dateModified":"2022-03-30T11:40:22+00:00","mainEntityOfPage":{"@id":"https:\/\/www.meydan.tv\/az\/article\/azerbaycanda-alim-qadin-olmaq-necedir\/"},"wordCount":828,"publisher":{"@id":"https:\/\/www.meydan.tv\/az\/#organization"},"image":{"@id":"https:\/\/www.meydan.tv\/az\/article\/azerbaycanda-alim-qadin-olmaq-necedir\/#primaryimage"},"thumbnailUrl":"https:\/\/www.meydan.tv\/wp-content\/uploads\/elm.jpg","articleSection":["Video"],"inLanguage":"az"},{"@type":"WebPage","@id":"https:\/\/www.meydan.tv\/az\/article\/azerbaycanda-alim-qadin-olmaq-necedir\/","url":"https:\/\/www.meydan.tv\/az\/article\/azerbaycanda-alim-qadin-olmaq-necedir\/","name":"Az\u0259rbaycanda alim qad\u0131n olmaq nec\u0259dir? - MEYDAN.TV","isPartOf":{"@id":"https:\/\/www.meydan.tv\/az\/#website"},"primaryImageOfPage":{"@id":"https:\/\/www.meydan.tv\/az\/article\/azerbaycanda-alim-qadin-olmaq-necedir\/#primaryimage"},"image":{"@id":"https:\/\/www.meydan.tv\/az\/article\/azerbaycanda-alim-qadin-olmaq-necedir\/#primaryimage"},"thumbnailUrl":"https:\/\/www.meydan.tv\/wp-content\/uploads\/elm.jpg","datePublished":"2022-03-30T11:40:21+00:00","dateModified":"2022-03-30T11:40:22+00:00","breadcrumb":{"@id":"https:\/\/www.meydan.tv\/az\/article\/azerbaycanda-alim-qadin-olmaq-necedir\/#breadcrumb"},"inLanguage":"az","potentialAction":[{"@type":"ReadAction","target":["https:\/\/www.meydan.tv\/az\/article\/azerbaycanda-alim-qadin-olmaq-necedir\/"]}]},{"@type":"ImageObject","inLanguage":"az","@id":"https:\/\/www.meydan.tv\/az\/article\/azerbaycanda-alim-qadin-olmaq-necedir\/#primaryimage","url":"https:\/\/www.meydan.tv\/wp-content\/uploads\/elm.jpg","contentUrl":"https:\/\/www.meydan.tv\/wp-content\/uploads\/elm.jpg","width":1920,"height":1080},{"@type":"BreadcrumbList","@id":"https:\/\/www.meydan.tv\/az\/article\/azerbaycanda-alim-qadin-olmaq-necedir\/#breadcrumb","itemListElement":[{"@type":"ListItem","position":1,"name":"Ana s\u0259hif\u0259","item":"https:\/\/www.meydan.tv\/az\/"},{"@type":"ListItem","position":2,"name":"Video","item":"https:\/\/www.meydan.tv\/az\/section\/video-2\/"},{"@type":"ListItem","position":3,"name":"Az\u0259rbaycanda alim qad\u0131n olmaq nec\u0259dir?"}]},{"@type":"WebSite","@id":"https:\/\/www.meydan.tv\/az\/#website","url":"https:\/\/www.meydan.tv\/az\/","name":"MEYDAN.TV","description":"Meydan TV Az\u0259rbaycan\u0131n media m\u0259kan\u0131ndak\u0131 alternativ s\u0259sidir","publisher":{"@id":"https:\/\/www.meydan.tv\/az\/#organization"},"potentialAction":[{"@type":"SearchAction","target":{"@type":"EntryPoint","urlTemplate":"https:\/\/www.meydan.tv\/az\/?s={search_term_string}"},"query-input":{"@type":"PropertyValueSpecification","valueRequired":true,"valueName":"search_term_string"}}],"inLanguage":"az"},{"@type":"Organization","@id":"https:\/\/www.meydan.tv\/az\/#organization","name":"Meydan TV","url":"https:\/\/www.meydan.tv\/az\/","logo":{"@type":"ImageObject","inLanguage":"az","@id":"https:\/\/www.meydan.tv\/az\/#\/schema\/logo\/image\/","url":"https:\/\/www.meydan.tv\/wp-content\/uploads\/2021\/07\/meydan-logo.svg","contentUrl":"https:\/\/www.meydan.tv\/wp-content\/uploads\/2021\/07\/meydan-logo.svg","width":195,"height":46,"caption":"Meydan TV"},"image":{"@id":"https:\/\/www.meydan.tv\/az\/#\/schema\/logo\/image\/"}},{"@type":"Person","@id":"https:\/\/www.meydan.tv\/az\/#\/schema\/person\/8f23e01c4de63326c13c319fb65ee65d","name":"roma"}]}},"_links":{"self":[{"href":"https:\/\/www.meydan.tv\/az\/wp-json\/wp\/v2\/posts\/239945","targetHints":{"allow":["GET"]}}],"collection":[{"href":"https:\/\/www.meydan.tv\/az\/wp-json\/wp\/v2\/posts"}],"about":[{"href":"https:\/\/www.meydan.tv\/az\/wp-json\/wp\/v2\/types\/post"}],"author":[{"embeddable":true,"href":"https:\/\/www.meydan.tv\/az\/wp-json\/wp\/v2\/users\/14"}],"replies":[{"embeddable":true,"href":"https:\/\/www.meydan.tv\/az\/wp-json\/wp\/v2\/comments?post=239945"}],"version-history":[{"count":1,"href":"https:\/\/www.meydan.tv\/az\/wp-json\/wp\/v2\/posts\/239945\/revisions"}],"predecessor-version":[{"id":239949,"href":"https:\/\/www.meydan.tv\/az\/wp-json\/wp\/v2\/posts\/239945\/revisions\/239949"}],"wp:featuredmedia":[{"embeddable":true,"href":"https:\/\/www.meydan.tv\/az\/wp-json\/wp\/v2\/media\/239425"}],"wp:attachment":[{"href":"https:\/\/www.meydan.tv\/az\/wp-json\/wp\/v2\/media?parent=239945"}],"wp:term":[{"taxonomy":"category","embeddable":true,"href":"https:\/\/www.meydan.tv\/az\/wp-json\/wp\/v2\/categories?post=239945"},{"taxonomy":"post_tag","embeddable":true,"href":"https:\/\/www.meydan.tv\/az\/wp-json\/wp\/v2\/tags?post=239945"}],"curies":[{"name":"wp","href":"https:\/\/api.w.org\/{rel}","templated":true}]}}