{"id":239929,"date":"2022-03-30T14:22:44","date_gmt":"2022-03-30T10:22:44","guid":{"rendered":"https:\/\/www.meydan.tv\/?p=239929"},"modified":"2022-03-30T19:11:07","modified_gmt":"2022-03-30T15:11:07","slug":"sulhmeramlilarin-ferrux-istiqametinde-mohkemlendiyi-bildirilir","status":"publish","type":"post","link":"https:\/\/www.meydan.tv\/az\/article\/sulhmeramlilarin-ferrux-istiqametinde-mohkemlendiyi-bildirilir\/","title":{"rendered":"S\u00fclhm\u0259raml\u0131lar\u0131n F\u0259rrux istiqam\u0259tind\u0259 m\u00f6hk\u0259ml\u0259ndiyi bildirilir"},"content":{"rendered":"\n<figure class=\"wp-block-embed is-type-video is-provider-youtube wp-block-embed-youtube wp-embed-aspect-16-9 wp-has-aspect-ratio\"><div class=\"wp-block-embed__wrapper\">\n<iframe title=\"S\u00fclhm\u0259raml\u0131lar\u0131n F\u0259rrux istiqam\u0259tind\u0259 m\u00f6hk\u0259ml\u0259ndiyi bildirilir\" width=\"1200\" height=\"675\" data-src=\"https:\/\/www.youtube.com\/embed\/Y5TC5QO9cok?feature=oembed\" frameborder=\"0\" allow=\"accelerometer; autoplay; clipboard-write; encrypted-media; gyroscope; picture-in-picture\" allowfullscreen src=\"data:image\/svg+xml;base64,PHN2ZyB3aWR0aD0iMSIgaGVpZ2h0PSIxIiB4bWxucz0iaHR0cDovL3d3dy53My5vcmcvMjAwMC9zdmciPjwvc3ZnPg==\" class=\"lazyload\" data-load-mode=\"1\"><\/iframe>\n<\/div><\/figure>\n\n\n\n<!--more-->\n\n\n\n<p>\u201c<em>T\u0259dbir Az\u0259rbaycan ordusunun daha da ir\u0259lil\u0259m\u0259sinin qar\u015f\u0131s\u0131n\u0131 almaq \u00fc\u00e7\u00fcnd\u00fcr\u201d<\/em><\/p>\n\n\n\n<p>\u201cAzadl\u0131q\u201d radiosunun Erm\u0259nistan xidm\u0259ti Rusiya s\u00fclhm\u0259raml\u0131lar\u0131n\u0131n F\u0259rrux k\u0259ndi istiqam\u0259tind\u0259 m\u00f6hk\u0259ml\u0259ndiyi haqda m\u0259lumat <a href=\"https:\/\/d2yagb5mpsf41b.cloudfront.net\/a\/farrux-qarabag\/31776340.html?utm_medium=proxy&amp;utm_campaign=otf&amp;utm_source=otf&amp;fbclid=IwAR3-iA0vwokyQQhXvIwhvSY3EriCBWA-bWMf3Sd6_Nug9QP1sY28IP6iyWs\" target=\"_blank\" rel=\"noreferrer noopener\">yay\u0131b<\/a>.<\/p>\n\n\n\n<p>Sayt m\u0259lumat\u0131 Rusiya s\u00fclhm\u0259raml\u0131 kontingentinin &#8220;Telegram&#8221; kanal\u0131na istinad\u0259n yay\u0131b:<\/p>\n\n\n\n<p>&#8220;Rusiya s\u00fclhm\u0259raml\u0131 missiyas\u0131n\u0131n komandanl\u0131\u011f\u0131 \u201cehtiyat q\u00fcvv\u0259l\u0259rini F\u0259rrux k\u0259ndi sah\u0259sind\u0259 c\u0259ml\u0259\u015fdirm\u0259k\u201d q\u0259rar\u0131 q\u0259bul edib&#8221;.<\/p>\n\n\n\n<p>Bildirilir ki, Rusiyan\u0131n bu add\u0131m\u0131 Az\u0259rbaycan qo\u015funlar\u0131n\u0131n daha da ir\u0259lil\u0259m\u0259sinin qar\u015f\u0131s\u0131n\u0131n al\u0131nmas\u0131 \u00fc\u00e7\u00fcnd\u00fcr.<\/p>\n\n\n\n<p>&#8220;Azatutyun&#8221; \u00e7\u0259kili\u015f qrupunun bu g\u00fcnl\u0259rd\u0259 F\u0259rrux k\u0259ndinin yax\u0131nl\u0131\u011f\u0131ndak\u0131 Pirl\u0259r (erm\u0259nil\u0259r Xramort deyirl\u0259r) k\u0259ndind\u0259 oldu\u011funu da vur\u011fulay\u0131b:<\/p>\n\n\n\n<p>\u201cYerli polis\u201d \u00e7\u0259kili\u015fi qada\u011fan edib. K\u0259ndd\u0259 v\u0259ziyy\u0259t g\u0259rgin idi. Sakinl\u0259r Az\u0259rbaycan silahl\u0131 q\u00fcvv\u0259l\u0259ri \u201cqon\u015fu y\u00fcks\u0259klikd\u0259dirl\u0259r\u201d dey\u0259 bildiribl\u0259r. Bug\u00fcnl\u0259rd\u0259 ba\u015f vermi\u015f eskalasiyadan sonra k\u0259ndd\u0259 yaln\u0131z ki\u015fil\u0259r qal\u0131b. Qad\u0131nlar v\u0259 u\u015faqlar Xank\u0259ndiy\u0259 v\u0259 Qaraba\u011f\u0131n ba\u015fqa t\u0259hl\u00fck\u0259siz ya\u015fay\u0131\u015f m\u0259nt\u0259q\u0259l\u0259rin\u0259 evakuasiya olunublar&#8221;.<\/p>\n\n\n\n<p>Sayt mart\u0131n 29-da Az\u0259rbaycan\u0131n Xank\u0259ndinin qaz t\u0259chizat\u0131n\u0131 tam b\u0259rpa etdiyini d\u0259 yaz\u0131b.<\/p>\n\n\n\n<p>Ancaq Az\u0259rbaycan M\u00fcdafi\u0259 Nazirliyi yaz\u0131lanlarla ba\u011fl\u0131 h\u0259r hans\u0131 \u015f\u0259rh verm\u0259yib.<\/p>\n\n\n\n<p>Nazirlik yaln\u0131z mart\u0131n 28-d\u0259 Rusiya M\u00fcdafi\u0259 Nazirliyinin bir g\u00fcn \u0259vv\u0259lki a\u00e7\u0131qlamas\u0131ndan t\u0259\u0259ss\u00fcfl\u0259ndiyini bildirmi\u015fdi.<\/p>\n\n\n\n<p>Qurum qeyd etmi\u015fdi ki, Rusiya M\u00fcdafi\u0259 Nazirliyinin Az\u0259rbaycan h\u0259rb\u00e7il\u0259rinin F\u0259rrux k\u0259ndini t\u0259rk etdiyi bar\u0259d\u0259 m\u0259lumat\u0131 h\u0259qiq\u0259t\u0259uy\u011fun deyil.<\/p>\n\n\n\n<p>\u201cAz\u0259rbaycan Ordusunun \u00f6lk\u0259mizin suveren \u0259razil\u0259rinin t\u0259rkib hiss\u0259si olan F\u0259rrux k\u0259ndi v\u0259 \u0259traf y\u00fcks\u0259klikl\u0259rd\u0259ki m\u00f6vqel\u0259rind\u0259 he\u00e7 bir d\u0259yi\u015fiklik ba\u015f verm\u0259yib.<br>Az\u0259rbaycan Ordusunun b\u00f6lm\u0259l\u0259rinin h\u0259min m\u00f6vqel\u0259rd\u0259n geri \u00e7\u0259kilm\u0259si haqq\u0131nda m\u0259lumat h\u0259qiq\u0259ti \u0259ks etdirmir. Ordumuz \u0259m\u0259liyyat \u015f\u0259raitin\u0259 tam n\u0259zar\u0259t edir\u201d, \u2013 dey\u0259 M\u00fcdafi\u0259 Nazirliyi <a href=\"https:\/\/www.meydan.tv\/az\/article\/qarabagda-veziyyetin-gerginlesmesi-azerbaycanin-maraqlarina-ziddir\/\" target=\"_blank\" rel=\"noreferrer noopener\">bildirib<\/a>.<\/p>\n\n\n\n<p><strong>Xat\u0131rlatma<\/strong><\/p>\n\n\n\n<p>Erm\u0259nistanla Az\u0259rbaycan aras\u0131nda sonuncu 44 g\u00fcnl\u00fck silahl\u0131 m\u00fcnaqi\u015f\u0259 2020-ci il noyabr\u0131n 10-da q\u00fcvv\u0259y\u0259 minmi\u015f tam at\u0259\u015fk\u0259s haqq\u0131nda raz\u0131la\u015fma il\u0259 ba\u015fa \u00e7at\u0131b.<\/p>\n\n\n\n<p>Da\u011fl\u0131q Qaraba\u011f v\u0259 \u0259traf b\u00f6lg\u0259l\u0259rd\u0259ki m\u00fcnaqi\u015f\u0259nin tarixi is\u0259 1988-ci il\u0259 dayan\u0131r.<\/p>\n\n\n\n<p>90-c\u0131 ill\u0259rd\u0259 Az\u0259rbaycan-Erm\u0259nistan aras\u0131ndak\u0131 ilk m\u00fcharib\u0259 v\u0259 sonrak\u0131 d\u00f6vrl\u0259rd\u0259 Az\u0259rbaycan t\u0259r\u0259f daim Erm\u0259nistan\u0131 m\u0259d\u0259ni abid\u0259l\u0259rin m\u0259hv edilm\u0259sind\u0259 g\u00fcnahland\u0131r\u0131b.<\/p>\n\n\n\n<p>2020-ci ild\u0259 ba\u015f ver\u0259n ikinci m\u00fcharib\u0259d\u0259n sonra is\u0259 Az\u0259rbaycan Erm\u0259nistan\u0131 \u015f\u0259h\u0259rl\u0259ri, k\u0259ndl\u0259ri, q\u0259bristanl\u0131qlar\u0131 yer \u00fcz\u00fcnd\u0259n silm\u0259kd\u0259 ittiham edib.<\/p>\n","protected":false},"excerpt":{"rendered":"","protected":false},"author":8,"featured_media":232904,"comment_status":"closed","ping_status":"closed","sticky":false,"template":"","format":"standard","meta":{"_acf_changed":false,"_sitemap_exclude":false,"_sitemap_priority":"","_sitemap_frequency":"","footnotes":""},"categories":[59,63,56],"tags":[],"class_list":["post-239929","post","type-post","status-publish","format-standard","has-post-thumbnail","hentry","category-siyaset","category-video-2","category-xeberler","infinite-scroll-item","generate-columns","tablet-grid-50","mobile-grid-100","grid-parent","grid-33","no-featured-image-padding"],"acf":[],"yoast_head":"<!-- This site is optimized with the Yoast SEO plugin v27.5 - https:\/\/yoast.com\/product\/yoast-seo-wordpress\/ -->\n<title>S\u00fclhm\u0259raml\u0131lar\u0131n F\u0259rrux istiqam\u0259tind\u0259 m\u00f6hk\u0259ml\u0259ndiyi bildirilir - MEYDAN.TV<\/title>\n<meta name=\"robots\" content=\"index, follow, max-snippet:-1, max-image-preview:large, max-video-preview:-1\" \/>\n<link rel=\"canonical\" href=\"https:\/\/www.meydan.tv\/az\/article\/sulhmeramlilarin-ferrux-istiqametinde-mohkemlendiyi-bildirilir\/\" \/>\n<meta property=\"og:locale\" content=\"az_AZ\" \/>\n<meta property=\"og:type\" content=\"article\" \/>\n<meta property=\"og:title\" content=\"S\u00fclhm\u0259raml\u0131lar\u0131n F\u0259rrux istiqam\u0259tind\u0259 m\u00f6hk\u0259ml\u0259ndiyi bildirilir - MEYDAN.TV\" \/>\n<meta property=\"og:url\" content=\"https:\/\/www.meydan.tv\/az\/article\/sulhmeramlilarin-ferrux-istiqametinde-mohkemlendiyi-bildirilir\/\" \/>\n<meta property=\"og:site_name\" content=\"MEYDAN.TV\" \/>\n<meta property=\"article:published_time\" content=\"2022-03-30T10:22:44+00:00\" \/>\n<meta property=\"article:modified_time\" content=\"2022-03-30T15:11:07+00:00\" \/>\n<meta property=\"og:image\" content=\"https:\/\/www.meydan.tv\/wp-content\/uploads\/shutterstock_1876154575.jpg\" \/>\n\t<meta property=\"og:image:width\" content=\"1200\" \/>\n\t<meta property=\"og:image:height\" content=\"800\" \/>\n\t<meta property=\"og:image:type\" content=\"image\/jpeg\" \/>\n<meta name=\"author\" content=\"elli\" \/>\n<meta name=\"twitter:card\" content=\"summary_large_image\" \/>\n<meta name=\"twitter:creator\" content=\"@elli\" \/>\n<script type=\"application\/ld+json\" class=\"yoast-schema-graph\">{\"@context\":\"https:\\\/\\\/schema.org\",\"@graph\":[{\"@type\":\"Article\",\"@id\":\"https:\\\/\\\/www.meydan.tv\\\/az\\\/article\\\/sulhmeramlilarin-ferrux-istiqametinde-mohkemlendiyi-bildirilir\\\/#article\",\"isPartOf\":{\"@id\":\"https:\\\/\\\/www.meydan.tv\\\/az\\\/article\\\/sulhmeramlilarin-ferrux-istiqametinde-mohkemlendiyi-bildirilir\\\/\"},\"author\":{\"name\":\"elli\",\"@id\":\"https:\\\/\\\/www.meydan.tv\\\/az\\\/#\\\/schema\\\/person\\\/9cdbecf90d17180ce1dfbd95b08dcf47\"},\"headline\":\"S\u00fclhm\u0259raml\u0131lar\u0131n F\u0259rrux istiqam\u0259tind\u0259 m\u00f6hk\u0259ml\u0259ndiyi bildirilir\",\"datePublished\":\"2022-03-30T10:22:44+00:00\",\"dateModified\":\"2022-03-30T15:11:07+00:00\",\"mainEntityOfPage\":{\"@id\":\"https:\\\/\\\/www.meydan.tv\\\/az\\\/article\\\/sulhmeramlilarin-ferrux-istiqametinde-mohkemlendiyi-bildirilir\\\/\"},\"wordCount\":537,\"publisher\":{\"@id\":\"https:\\\/\\\/www.meydan.tv\\\/az\\\/#organization\"},\"image\":{\"@id\":\"https:\\\/\\\/www.meydan.tv\\\/az\\\/article\\\/sulhmeramlilarin-ferrux-istiqametinde-mohkemlendiyi-bildirilir\\\/#primaryimage\"},\"thumbnailUrl\":\"https:\\\/\\\/www.meydan.tv\\\/wp-content\\\/uploads\\\/shutterstock_1876154575.jpg\",\"articleSection\":[\"Siyas\u0259t\",\"Video\",\"X\u0259b\u0259rl\u0259r\"],\"inLanguage\":\"az\"},{\"@type\":\"WebPage\",\"@id\":\"https:\\\/\\\/www.meydan.tv\\\/az\\\/article\\\/sulhmeramlilarin-ferrux-istiqametinde-mohkemlendiyi-bildirilir\\\/\",\"url\":\"https:\\\/\\\/www.meydan.tv\\\/az\\\/article\\\/sulhmeramlilarin-ferrux-istiqametinde-mohkemlendiyi-bildirilir\\\/\",\"name\":\"S\u00fclhm\u0259raml\u0131lar\u0131n F\u0259rrux istiqam\u0259tind\u0259 m\u00f6hk\u0259ml\u0259ndiyi bildirilir - MEYDAN.TV\",\"isPartOf\":{\"@id\":\"https:\\\/\\\/www.meydan.tv\\\/az\\\/#website\"},\"primaryImageOfPage\":{\"@id\":\"https:\\\/\\\/www.meydan.tv\\\/az\\\/article\\\/sulhmeramlilarin-ferrux-istiqametinde-mohkemlendiyi-bildirilir\\\/#primaryimage\"},\"image\":{\"@id\":\"https:\\\/\\\/www.meydan.tv\\\/az\\\/article\\\/sulhmeramlilarin-ferrux-istiqametinde-mohkemlendiyi-bildirilir\\\/#primaryimage\"},\"thumbnailUrl\":\"https:\\\/\\\/www.meydan.tv\\\/wp-content\\\/uploads\\\/shutterstock_1876154575.jpg\",\"datePublished\":\"2022-03-30T10:22:44+00:00\",\"dateModified\":\"2022-03-30T15:11:07+00:00\",\"breadcrumb\":{\"@id\":\"https:\\\/\\\/www.meydan.tv\\\/az\\\/article\\\/sulhmeramlilarin-ferrux-istiqametinde-mohkemlendiyi-bildirilir\\\/#breadcrumb\"},\"inLanguage\":\"az\",\"potentialAction\":[{\"@type\":\"ReadAction\",\"target\":[\"https:\\\/\\\/www.meydan.tv\\\/az\\\/article\\\/sulhmeramlilarin-ferrux-istiqametinde-mohkemlendiyi-bildirilir\\\/\"]}]},{\"@type\":\"ImageObject\",\"inLanguage\":\"az\",\"@id\":\"https:\\\/\\\/www.meydan.tv\\\/az\\\/article\\\/sulhmeramlilarin-ferrux-istiqametinde-mohkemlendiyi-bildirilir\\\/#primaryimage\",\"url\":\"https:\\\/\\\/www.meydan.tv\\\/wp-content\\\/uploads\\\/shutterstock_1876154575.jpg\",\"contentUrl\":\"https:\\\/\\\/www.meydan.tv\\\/wp-content\\\/uploads\\\/shutterstock_1876154575.jpg\",\"width\":1200,\"height\":800,\"caption\":\"Rusiya s\u00fclhm\u0259raml\u0131lar\u0131, Emil Aliyarli\\\/shutterstock\"},{\"@type\":\"BreadcrumbList\",\"@id\":\"https:\\\/\\\/www.meydan.tv\\\/az\\\/article\\\/sulhmeramlilarin-ferrux-istiqametinde-mohkemlendiyi-bildirilir\\\/#breadcrumb\",\"itemListElement\":[{\"@type\":\"ListItem\",\"position\":1,\"name\":\"Ana s\u0259hif\u0259\",\"item\":\"https:\\\/\\\/www.meydan.tv\\\/az\\\/\"},{\"@type\":\"ListItem\",\"position\":2,\"name\":\"Siyas\u0259t\",\"item\":\"https:\\\/\\\/www.meydan.tv\\\/az\\\/section\\\/siyaset\\\/\"},{\"@type\":\"ListItem\",\"position\":3,\"name\":\"S\u00fclhm\u0259raml\u0131lar\u0131n F\u0259rrux istiqam\u0259tind\u0259 m\u00f6hk\u0259ml\u0259ndiyi bildirilir\"}]},{\"@type\":\"WebSite\",\"@id\":\"https:\\\/\\\/www.meydan.tv\\\/az\\\/#website\",\"url\":\"https:\\\/\\\/www.meydan.tv\\\/az\\\/\",\"name\":\"MEYDAN.TV\",\"description\":\"Meydan TV Az\u0259rbaycan\u0131n media m\u0259kan\u0131ndak\u0131 alternativ s\u0259sidir\",\"publisher\":{\"@id\":\"https:\\\/\\\/www.meydan.tv\\\/az\\\/#organization\"},\"potentialAction\":[{\"@type\":\"SearchAction\",\"target\":{\"@type\":\"EntryPoint\",\"urlTemplate\":\"https:\\\/\\\/www.meydan.tv\\\/az\\\/?s={search_term_string}\"},\"query-input\":{\"@type\":\"PropertyValueSpecification\",\"valueRequired\":true,\"valueName\":\"search_term_string\"}}],\"inLanguage\":\"az\"},{\"@type\":\"Organization\",\"@id\":\"https:\\\/\\\/www.meydan.tv\\\/az\\\/#organization\",\"name\":\"Meydan TV\",\"url\":\"https:\\\/\\\/www.meydan.tv\\\/az\\\/\",\"logo\":{\"@type\":\"ImageObject\",\"inLanguage\":\"az\",\"@id\":\"https:\\\/\\\/www.meydan.tv\\\/az\\\/#\\\/schema\\\/logo\\\/image\\\/\",\"url\":\"https:\\\/\\\/www.meydan.tv\\\/wp-content\\\/uploads\\\/2021\\\/07\\\/meydan-logo.svg\",\"contentUrl\":\"https:\\\/\\\/www.meydan.tv\\\/wp-content\\\/uploads\\\/2021\\\/07\\\/meydan-logo.svg\",\"width\":195,\"height\":46,\"caption\":\"Meydan TV\"},\"image\":{\"@id\":\"https:\\\/\\\/www.meydan.tv\\\/az\\\/#\\\/schema\\\/logo\\\/image\\\/\"}},{\"@type\":\"Person\",\"@id\":\"https:\\\/\\\/www.meydan.tv\\\/az\\\/#\\\/schema\\\/person\\\/9cdbecf90d17180ce1dfbd95b08dcf47\",\"name\":\"elli\",\"sameAs\":[\"https:\\\/\\\/x.com\\\/elli\"]}]}<\/script>\n<!-- \/ Yoast SEO plugin. -->","yoast_head_json":{"title":"S\u00fclhm\u0259raml\u0131lar\u0131n F\u0259rrux istiqam\u0259tind\u0259 m\u00f6hk\u0259ml\u0259ndiyi bildirilir - MEYDAN.TV","robots":{"index":"index","follow":"follow","max-snippet":"max-snippet:-1","max-image-preview":"max-image-preview:large","max-video-preview":"max-video-preview:-1"},"canonical":"https:\/\/www.meydan.tv\/az\/article\/sulhmeramlilarin-ferrux-istiqametinde-mohkemlendiyi-bildirilir\/","og_locale":"az_AZ","og_type":"article","og_title":"S\u00fclhm\u0259raml\u0131lar\u0131n F\u0259rrux istiqam\u0259tind\u0259 m\u00f6hk\u0259ml\u0259ndiyi bildirilir - MEYDAN.TV","og_url":"https:\/\/www.meydan.tv\/az\/article\/sulhmeramlilarin-ferrux-istiqametinde-mohkemlendiyi-bildirilir\/","og_site_name":"MEYDAN.TV","article_published_time":"2022-03-30T10:22:44+00:00","article_modified_time":"2022-03-30T15:11:07+00:00","og_image":[{"width":1200,"height":800,"url":"https:\/\/www.meydan.tv\/wp-content\/uploads\/shutterstock_1876154575.jpg","type":"image\/jpeg"}],"author":"elli","twitter_card":"summary_large_image","twitter_creator":"@elli","schema":{"@context":"https:\/\/schema.org","@graph":[{"@type":"Article","@id":"https:\/\/www.meydan.tv\/az\/article\/sulhmeramlilarin-ferrux-istiqametinde-mohkemlendiyi-bildirilir\/#article","isPartOf":{"@id":"https:\/\/www.meydan.tv\/az\/article\/sulhmeramlilarin-ferrux-istiqametinde-mohkemlendiyi-bildirilir\/"},"author":{"name":"elli","@id":"https:\/\/www.meydan.tv\/az\/#\/schema\/person\/9cdbecf90d17180ce1dfbd95b08dcf47"},"headline":"S\u00fclhm\u0259raml\u0131lar\u0131n F\u0259rrux istiqam\u0259tind\u0259 m\u00f6hk\u0259ml\u0259ndiyi bildirilir","datePublished":"2022-03-30T10:22:44+00:00","dateModified":"2022-03-30T15:11:07+00:00","mainEntityOfPage":{"@id":"https:\/\/www.meydan.tv\/az\/article\/sulhmeramlilarin-ferrux-istiqametinde-mohkemlendiyi-bildirilir\/"},"wordCount":537,"publisher":{"@id":"https:\/\/www.meydan.tv\/az\/#organization"},"image":{"@id":"https:\/\/www.meydan.tv\/az\/article\/sulhmeramlilarin-ferrux-istiqametinde-mohkemlendiyi-bildirilir\/#primaryimage"},"thumbnailUrl":"https:\/\/www.meydan.tv\/wp-content\/uploads\/shutterstock_1876154575.jpg","articleSection":["Siyas\u0259t","Video","X\u0259b\u0259rl\u0259r"],"inLanguage":"az"},{"@type":"WebPage","@id":"https:\/\/www.meydan.tv\/az\/article\/sulhmeramlilarin-ferrux-istiqametinde-mohkemlendiyi-bildirilir\/","url":"https:\/\/www.meydan.tv\/az\/article\/sulhmeramlilarin-ferrux-istiqametinde-mohkemlendiyi-bildirilir\/","name":"S\u00fclhm\u0259raml\u0131lar\u0131n F\u0259rrux istiqam\u0259tind\u0259 m\u00f6hk\u0259ml\u0259ndiyi bildirilir - MEYDAN.TV","isPartOf":{"@id":"https:\/\/www.meydan.tv\/az\/#website"},"primaryImageOfPage":{"@id":"https:\/\/www.meydan.tv\/az\/article\/sulhmeramlilarin-ferrux-istiqametinde-mohkemlendiyi-bildirilir\/#primaryimage"},"image":{"@id":"https:\/\/www.meydan.tv\/az\/article\/sulhmeramlilarin-ferrux-istiqametinde-mohkemlendiyi-bildirilir\/#primaryimage"},"thumbnailUrl":"https:\/\/www.meydan.tv\/wp-content\/uploads\/shutterstock_1876154575.jpg","datePublished":"2022-03-30T10:22:44+00:00","dateModified":"2022-03-30T15:11:07+00:00","breadcrumb":{"@id":"https:\/\/www.meydan.tv\/az\/article\/sulhmeramlilarin-ferrux-istiqametinde-mohkemlendiyi-bildirilir\/#breadcrumb"},"inLanguage":"az","potentialAction":[{"@type":"ReadAction","target":["https:\/\/www.meydan.tv\/az\/article\/sulhmeramlilarin-ferrux-istiqametinde-mohkemlendiyi-bildirilir\/"]}]},{"@type":"ImageObject","inLanguage":"az","@id":"https:\/\/www.meydan.tv\/az\/article\/sulhmeramlilarin-ferrux-istiqametinde-mohkemlendiyi-bildirilir\/#primaryimage","url":"https:\/\/www.meydan.tv\/wp-content\/uploads\/shutterstock_1876154575.jpg","contentUrl":"https:\/\/www.meydan.tv\/wp-content\/uploads\/shutterstock_1876154575.jpg","width":1200,"height":800,"caption":"Rusiya s\u00fclhm\u0259raml\u0131lar\u0131, Emil Aliyarli\/shutterstock"},{"@type":"BreadcrumbList","@id":"https:\/\/www.meydan.tv\/az\/article\/sulhmeramlilarin-ferrux-istiqametinde-mohkemlendiyi-bildirilir\/#breadcrumb","itemListElement":[{"@type":"ListItem","position":1,"name":"Ana s\u0259hif\u0259","item":"https:\/\/www.meydan.tv\/az\/"},{"@type":"ListItem","position":2,"name":"Siyas\u0259t","item":"https:\/\/www.meydan.tv\/az\/section\/siyaset\/"},{"@type":"ListItem","position":3,"name":"S\u00fclhm\u0259raml\u0131lar\u0131n F\u0259rrux istiqam\u0259tind\u0259 m\u00f6hk\u0259ml\u0259ndiyi bildirilir"}]},{"@type":"WebSite","@id":"https:\/\/www.meydan.tv\/az\/#website","url":"https:\/\/www.meydan.tv\/az\/","name":"MEYDAN.TV","description":"Meydan TV Az\u0259rbaycan\u0131n media m\u0259kan\u0131ndak\u0131 alternativ s\u0259sidir","publisher":{"@id":"https:\/\/www.meydan.tv\/az\/#organization"},"potentialAction":[{"@type":"SearchAction","target":{"@type":"EntryPoint","urlTemplate":"https:\/\/www.meydan.tv\/az\/?s={search_term_string}"},"query-input":{"@type":"PropertyValueSpecification","valueRequired":true,"valueName":"search_term_string"}}],"inLanguage":"az"},{"@type":"Organization","@id":"https:\/\/www.meydan.tv\/az\/#organization","name":"Meydan TV","url":"https:\/\/www.meydan.tv\/az\/","logo":{"@type":"ImageObject","inLanguage":"az","@id":"https:\/\/www.meydan.tv\/az\/#\/schema\/logo\/image\/","url":"https:\/\/www.meydan.tv\/wp-content\/uploads\/2021\/07\/meydan-logo.svg","contentUrl":"https:\/\/www.meydan.tv\/wp-content\/uploads\/2021\/07\/meydan-logo.svg","width":195,"height":46,"caption":"Meydan TV"},"image":{"@id":"https:\/\/www.meydan.tv\/az\/#\/schema\/logo\/image\/"}},{"@type":"Person","@id":"https:\/\/www.meydan.tv\/az\/#\/schema\/person\/9cdbecf90d17180ce1dfbd95b08dcf47","name":"elli","sameAs":["https:\/\/x.com\/elli"]}]}},"_links":{"self":[{"href":"https:\/\/www.meydan.tv\/az\/wp-json\/wp\/v2\/posts\/239929","targetHints":{"allow":["GET"]}}],"collection":[{"href":"https:\/\/www.meydan.tv\/az\/wp-json\/wp\/v2\/posts"}],"about":[{"href":"https:\/\/www.meydan.tv\/az\/wp-json\/wp\/v2\/types\/post"}],"author":[{"embeddable":true,"href":"https:\/\/www.meydan.tv\/az\/wp-json\/wp\/v2\/users\/8"}],"replies":[{"embeddable":true,"href":"https:\/\/www.meydan.tv\/az\/wp-json\/wp\/v2\/comments?post=239929"}],"version-history":[{"count":3,"href":"https:\/\/www.meydan.tv\/az\/wp-json\/wp\/v2\/posts\/239929\/revisions"}],"predecessor-version":[{"id":239998,"href":"https:\/\/www.meydan.tv\/az\/wp-json\/wp\/v2\/posts\/239929\/revisions\/239998"}],"wp:featuredmedia":[{"embeddable":true,"href":"https:\/\/www.meydan.tv\/az\/wp-json\/wp\/v2\/media\/232904"}],"wp:attachment":[{"href":"https:\/\/www.meydan.tv\/az\/wp-json\/wp\/v2\/media?parent=239929"}],"wp:term":[{"taxonomy":"category","embeddable":true,"href":"https:\/\/www.meydan.tv\/az\/wp-json\/wp\/v2\/categories?post=239929"},{"taxonomy":"post_tag","embeddable":true,"href":"https:\/\/www.meydan.tv\/az\/wp-json\/wp\/v2\/tags?post=239929"}],"curies":[{"name":"wp","href":"https:\/\/api.w.org\/{rel}","templated":true}]}}