{"id":239910,"date":"2022-03-30T13:58:27","date_gmt":"2022-03-30T09:58:27","guid":{"rendered":"https:\/\/www.meydan.tv\/?p=239910"},"modified":"2022-03-30T13:58:29","modified_gmt":"2022-03-30T09:58:29","slug":"anami-13-gun-aparatda-saxladilar-ki-bizden-pul-alsinlar","status":"publish","type":"post","link":"https:\/\/www.meydan.tv\/az\/article\/anami-13-gun-aparatda-saxladilar-ki-bizden-pul-alsinlar\/","title":{"rendered":"\u201cAnam\u0131 13 g\u00fcn aparatda saxlad\u0131lar ki, bizd\u0259n pul als\u0131nlar\u201d"},"content":{"rendered":"\n<p><\/p>\n\n\n\n<p><em>Bak\u0131 sakini anas\u0131n\u0131n \u00f6l\u00fcm\u00fcnd\u0259 h\u0259kimi g\u00fcnahland\u0131r\u0131r<\/em><br><\/p>\n\n\n\n<p>Bak\u0131 \u015f\u0259h\u0259r, Nizami rayon sakini G\u00fcnay B\u0259yl\u0259rova h\u0259kim Mirc\u0259lal Kaz\u0131mid\u0259n \u015fikay\u0259t\u00e7idir. G\u00fcnay B\u0259yl\u0259rova Meydan TV-y\u0259 bildirib ki, anas\u0131 65 ya\u015fl\u0131 Nurid\u0259 B\u0259yl\u0259rova qaraciy\u0259r \u00e7at\u0131\u015fmazl\u0131\u011f\u0131 il\u0259 M\u0259rk\u0259zi Klinik X\u0259st\u0259xana yerl\u0259\u015fdirilib, Kaz\u0131mi t\u0259r\u0259find\u0259n ona qaraciy\u0259r k\u00f6\u00e7\u00fcr\u00fcl\u00fcb. H\u0259kim anas\u0131 v\u0259fat ed\u0259n g\u00fcn\u0259 kimi onlar\u0131 sa\u011falaca\u011f\u0131na inand\u0131r\u0131b.<br><\/p>\n\n\n\n<p>\u201cAnam 4-c\u00fc d\u0259r\u0259c\u0259li serroz idi. \u018fvv\u0259lc\u0259 analizl\u0259rini T\u00fcrkiy\u0259y\u0259 g\u00f6nd\u0259rdik, ancaq t\u00fcrkiy\u0259li h\u0259kiml\u0259r \u0259m\u0259liyyat\u0131 m\u0259qs\u0259d\u0259uy\u011fun hesab etm\u0259dil\u0259r. Kaz\u0131mi is\u0259 analizl\u0259r v\u0259 KT m\u00fcayn\u0259sind\u0259n sonra \u0259m\u0259liyyat olunma\u011f\u0131n\u0131 m\u0259sl\u0259h\u0259t bildi. Dedi ki, \u0259ksin\u0259 \u0259m\u0259liyyat olunmazsa, ya\u015famayacaq\u201d,-\u015fikay\u0259t\u00e7i s\u00f6yl\u0259yib.<br><\/p>\n\n\n\n<p>G\u00fcnay B\u0259yl\u0259rovan\u0131n s\u00f6zl\u0259rin\u0259 g\u00f6r\u0259, qarda\u015f\u0131 donor olub. \u018fm\u0259liyyat\u0131n riskl\u0259ri bar\u0259d\u0259 m\u0259lumat verilib, onlar da \u0259m\u0259liyyata raz\u0131l\u0131q s\u0259n\u0259dini imzalay\u0131blar. Anas\u0131 yanvar\u0131n 15-d\u0259 \u0259m\u0259liyyat edilib. X\u0259st\u0259xanadan \u00e7\u0131xandan bir ne\u00e7\u0259 g\u00fcn sonra v\u0259ziyy\u0259ti pisl\u0259\u015fib v\u0259 t\u0259krar x\u0259st\u0259xanaya apar\u0131l\u0131b:<br><\/p>\n\n\n\n<p>\u201cBiz onsuz da bu \u0259m\u0259liyyat\u0131n riskl\u0259rind\u0259n x\u0259b\u0259rdar idik. Anam 5 g\u00fcn komada qald\u0131, \u00fcmumilikd\u0259, 27 g\u00fcn klinikada yatd\u0131. Bizim naraz\u0131l\u0131\u011f\u0131m\u0131z odur ki, sonrak\u0131 g\u00fcnl\u0259rd\u0259 v\u0259ziyy\u0259tinin yax\u015f\u0131 olmad\u0131\u011f\u0131n\u0131, h\u0259yat\u0131 vacib orqanlar\u0131n\u0131n s\u0131radan \u00e7\u0131xd\u0131\u011f\u0131n\u0131 bildikl\u0259ri halda onu fevral\u0131n 13-d\u0259n 25-n\u0259 q\u0259d\u0259r s\u00fcni n\u0259f\u0259s aparat\u0131nda saxlad\u0131lar. \u00c7\u00fcnki h\u0259r g\u00fcn klinikaya pul \u00f6d\u0259yirdik, \u0259m\u0259liyyat \u00fc\u00e7\u00fcn 42 min \u00f6d\u0259mi\u015fdik, reanimasiyada qald\u0131\u011f\u0131 g\u00fcnl\u0259r \u00fc\u00e7\u00fcn evimizi sat\u0131b 25 min manat \u00f6d\u0259dik\u201d.<br><\/p>\n\n\n\n<figure class=\"wp-block-image size-large\"><img decoding=\"async\" width=\"1097\" height=\"821\" data-src=\"https:\/\/www.meydan.tv\/wp-content\/uploads\/photo-2022-03-27-00-05-09-1097x821.jpg\" alt=\"\" class=\"wp-image-239911 lazyload\" src=\"data:image\/svg+xml;base64,PHN2ZyB3aWR0aD0iMSIgaGVpZ2h0PSIxIiB4bWxucz0iaHR0cDovL3d3dy53My5vcmcvMjAwMC9zdmciPjwvc3ZnPg==\" style=\"--smush-placeholder-width: 1097px; --smush-placeholder-aspect-ratio: 1097\/821;\" \/><figcaption> Nurid\u0259 B\u0259yl\u0259rovan\u0131n analizl\u0259rinin cavablar\u0131. Foto: Meydan TV<\/figcaption><\/figure>\n\n\n\n<p>B\u0259yl\u0259rova deyir ki, fevral\u0131n 3-d\u0259 anas\u0131ndan g\u00f6t\u00fcr\u00fcl\u0259n analizl\u0259rd\u0259 sepsis (b\u0259d\u0259nin infeksiyas\u0131na qar\u015f\u0131 yaranan,h\u0259yati t\u0259hl\u00fck\u0259 da\u015f\u0131yan bir x\u0259st\u0259likdir) infeksiyas\u0131 a\u015fkarlan\u0131b. Ay\u0131n 7-si t\u0259krar analizl\u0259rd\u0259 infeksiyan\u0131n y\u00fcks\u0259ldiyi b\u0259lli olub:<br><\/p>\n\n\n\n<p>\u201c\u018fm\u0259liyyatdan \u0259vv\u0259l bu infeksiya a\u015fkarlanmam\u0131\u015fd\u0131, dem\u0259li, palatada sal\u0131n\u0131b. H\u0259kimd\u0259n soru\u015fmaq ist\u0259yir\u0259m, \u0259g\u0259r qaraciy\u0259r f\u0259aliyy\u0259t\u0259 ba\u015flam\u0131\u015fd\u0131sa, niy\u0259 sepsisi m\u00fcalic\u0259 etm\u0259yibl\u0259r? T\u0259xmin edirdim ki, g\u00f6zl\u0259yibl\u0259r infeksiya y\u00fcks\u0259lsin, \u00f6l\u00fcm s\u0259b\u0259bi kimi bunu g\u00f6st\u0259rsinl\u0259r, yan\u0131lmam\u0131\u015fam\u201d.<br><\/p>\n\n\n\n<p>\u015eikay\u0259t\u00e7i deyir ki, anas\u0131 sa\u011falsayd\u0131, \u00e7\u0259kdikl\u0259ri \u0259ziyy\u0259t h\u0259d\u0259r getm\u0259zdi, evl\u0259rinin sat\u0131b \u00e7\u0259tin \u015f\u0259raitd\u0259 kiray\u0259d\u0259 ya\u015famas\u0131na da d\u00f6z\u0259rdi. \u0130ndi is\u0259 h\u0259m m\u0259n\u0259vi, h\u0259m d\u0259 maddi c\u0259h\u0259td\u0259n \u00e7\u0259tin v\u0259ziyy\u0259t\u0259 d\u00fc\u015f\u00fcb:<br><\/p>\n\n\n\n<p>\u201cAnam\u0131 13 g\u00fcn aparatda saxlad\u0131lar ki, bizd\u0259n pul als\u0131nlar. H\u0259kimin dediyi kimi \u0259m\u0259liyyat u\u011furlu al\u0131nmay\u0131b, b\u00f6yr\u0259kl\u0259ri, a\u011fciy\u0259ri s\u0131radan \u00e7\u0131x\u0131b. Buna g\u00f6r\u0259 d\u0259 h\u0259kiml\u0259rin c\u0259zaland\u0131r\u0131lmas\u0131 \u00fc\u00e7\u00fcn b\u00fct\u00fcn lazimi orqanlara \u015fikay\u0259t etmi\u015f\u0259m\u201d.<br><\/p>\n\n\n\n<p>M\u0259rk\u0259zi Klinik X\u0259st\u0259xanadan Meydan TV-y\u0259 h\u0259kiml\u0259 \u0259laq\u0259 saxlama\u011f\u0131 m\u0259sl\u0259h\u0259t bilibl\u0259r. H\u0259kim Mirc\u0259lal Kazimi is\u0259 Meydan TV-y\u0259 bu bar\u0259d\u0259 dan\u0131\u015fa bilm\u0259y\u0259c\u0259yini deyib v\u0259 x\u0259st\u0259xana il\u0259 \u0259laq\u0259 saxlama\u011f\u0131 m\u0259sl\u0259h\u0259t bilib.<\/p>\n","protected":false},"excerpt":{"rendered":"<p>Bak\u0131 sakini anas\u0131n\u0131n \u00f6l\u00fcm\u00fcnd\u0259 h\u0259kimi g\u00fcnahland\u0131r\u0131r Bak\u0131 \u015f\u0259h\u0259r, Nizami rayon &#8230; <\/p>\n<p class=\"read-more-container\"><a title=\"\u201cAnam\u0131 13 g\u00fcn aparatda saxlad\u0131lar ki, bizd\u0259n pul als\u0131nlar\u201d\" class=\"read-more button\" href=\"https:\/\/www.meydan.tv\/az\/article\/anami-13-gun-aparatda-saxladilar-ki-bizden-pul-alsinlar\/#more-239910\" aria-label=\"Read more about \u201cAnam\u0131 13 g\u00fcn aparatda saxlad\u0131lar ki, bizd\u0259n pul als\u0131nlar\u201d\">Davam\u0131<\/a><\/p>\n","protected":false},"author":8,"featured_media":239925,"comment_status":"closed","ping_status":"closed","sticky":false,"template":"","format":"standard","meta":{"_acf_changed":false,"_sitemap_exclude":false,"_sitemap_priority":"","_sitemap_frequency":"","footnotes":""},"categories":[54,79,56],"tags":[],"class_list":["post-239910","post","type-post","status-publish","format-standard","has-post-thumbnail","hentry","category-sagliq","category-featured","category-xeberler","infinite-scroll-item","generate-columns","tablet-grid-50","mobile-grid-100","grid-parent","grid-33","no-featured-image-padding"],"acf":[],"yoast_head":"<!-- This site is optimized with the Yoast SEO plugin v27.4 - https:\/\/yoast.com\/product\/yoast-seo-wordpress\/ -->\n<title>\u201cAnam\u0131 13 g\u00fcn aparatda saxlad\u0131lar ki, bizd\u0259n pul als\u0131nlar\u201d - MEYDAN.TV<\/title>\n<meta name=\"robots\" content=\"index, follow, max-snippet:-1, max-image-preview:large, max-video-preview:-1\" \/>\n<link rel=\"canonical\" href=\"https:\/\/www.meydan.tv\/az\/article\/anami-13-gun-aparatda-saxladilar-ki-bizden-pul-alsinlar\/\" \/>\n<meta property=\"og:locale\" content=\"az_AZ\" \/>\n<meta property=\"og:type\" content=\"article\" \/>\n<meta property=\"og:title\" content=\"\u201cAnam\u0131 13 g\u00fcn aparatda saxlad\u0131lar ki, bizd\u0259n pul als\u0131nlar\u201d - MEYDAN.TV\" \/>\n<meta property=\"og:description\" content=\"Bak\u0131 sakini anas\u0131n\u0131n \u00f6l\u00fcm\u00fcnd\u0259 h\u0259kimi g\u00fcnahland\u0131r\u0131r Bak\u0131 \u015f\u0259h\u0259r, Nizami rayon ... Davam\u0131\" \/>\n<meta property=\"og:url\" content=\"https:\/\/www.meydan.tv\/az\/article\/anami-13-gun-aparatda-saxladilar-ki-bizden-pul-alsinlar\/\" \/>\n<meta property=\"og:site_name\" content=\"MEYDAN.TV\" \/>\n<meta property=\"article:published_time\" content=\"2022-03-30T09:58:27+00:00\" \/>\n<meta property=\"article:modified_time\" content=\"2022-03-30T09:58:29+00:00\" \/>\n<meta property=\"og:image\" content=\"https:\/\/www.meydan.tv\/wp-content\/uploads\/merkez_klnka.jpg\" \/>\n\t<meta property=\"og:image:width\" content=\"1200\" \/>\n\t<meta property=\"og:image:height\" content=\"815\" \/>\n\t<meta property=\"og:image:type\" content=\"image\/jpeg\" \/>\n<meta name=\"author\" content=\"elli\" \/>\n<meta name=\"twitter:card\" content=\"summary_large_image\" \/>\n<meta name=\"twitter:creator\" content=\"@elli\" \/>\n<script type=\"application\/ld+json\" class=\"yoast-schema-graph\">{\"@context\":\"https:\\\/\\\/schema.org\",\"@graph\":[{\"@type\":\"Article\",\"@id\":\"https:\\\/\\\/www.meydan.tv\\\/az\\\/article\\\/anami-13-gun-aparatda-saxladilar-ki-bizden-pul-alsinlar\\\/#article\",\"isPartOf\":{\"@id\":\"https:\\\/\\\/www.meydan.tv\\\/az\\\/article\\\/anami-13-gun-aparatda-saxladilar-ki-bizden-pul-alsinlar\\\/\"},\"author\":{\"name\":\"elli\",\"@id\":\"https:\\\/\\\/www.meydan.tv\\\/az\\\/#\\\/schema\\\/person\\\/9cdbecf90d17180ce1dfbd95b08dcf47\"},\"headline\":\"\u201cAnam\u0131 13 g\u00fcn aparatda saxlad\u0131lar ki, bizd\u0259n pul als\u0131nlar\u201d\",\"datePublished\":\"2022-03-30T09:58:27+00:00\",\"dateModified\":\"2022-03-30T09:58:29+00:00\",\"mainEntityOfPage\":{\"@id\":\"https:\\\/\\\/www.meydan.tv\\\/az\\\/article\\\/anami-13-gun-aparatda-saxladilar-ki-bizden-pul-alsinlar\\\/\"},\"wordCount\":636,\"publisher\":{\"@id\":\"https:\\\/\\\/www.meydan.tv\\\/az\\\/#organization\"},\"image\":{\"@id\":\"https:\\\/\\\/www.meydan.tv\\\/az\\\/article\\\/anami-13-gun-aparatda-saxladilar-ki-bizden-pul-alsinlar\\\/#primaryimage\"},\"thumbnailUrl\":\"https:\\\/\\\/www.meydan.tv\\\/wp-content\\\/uploads\\\/merkez_klnka.jpg\",\"articleSection\":[\"Sa\u011fl\u0131q\",\"T\u00f6vsiy\u0259\",\"X\u0259b\u0259rl\u0259r\"],\"inLanguage\":\"az\"},{\"@type\":\"WebPage\",\"@id\":\"https:\\\/\\\/www.meydan.tv\\\/az\\\/article\\\/anami-13-gun-aparatda-saxladilar-ki-bizden-pul-alsinlar\\\/\",\"url\":\"https:\\\/\\\/www.meydan.tv\\\/az\\\/article\\\/anami-13-gun-aparatda-saxladilar-ki-bizden-pul-alsinlar\\\/\",\"name\":\"\u201cAnam\u0131 13 g\u00fcn aparatda saxlad\u0131lar ki, bizd\u0259n pul als\u0131nlar\u201d - MEYDAN.TV\",\"isPartOf\":{\"@id\":\"https:\\\/\\\/www.meydan.tv\\\/az\\\/#website\"},\"primaryImageOfPage\":{\"@id\":\"https:\\\/\\\/www.meydan.tv\\\/az\\\/article\\\/anami-13-gun-aparatda-saxladilar-ki-bizden-pul-alsinlar\\\/#primaryimage\"},\"image\":{\"@id\":\"https:\\\/\\\/www.meydan.tv\\\/az\\\/article\\\/anami-13-gun-aparatda-saxladilar-ki-bizden-pul-alsinlar\\\/#primaryimage\"},\"thumbnailUrl\":\"https:\\\/\\\/www.meydan.tv\\\/wp-content\\\/uploads\\\/merkez_klnka.jpg\",\"datePublished\":\"2022-03-30T09:58:27+00:00\",\"dateModified\":\"2022-03-30T09:58:29+00:00\",\"breadcrumb\":{\"@id\":\"https:\\\/\\\/www.meydan.tv\\\/az\\\/article\\\/anami-13-gun-aparatda-saxladilar-ki-bizden-pul-alsinlar\\\/#breadcrumb\"},\"inLanguage\":\"az\",\"potentialAction\":[{\"@type\":\"ReadAction\",\"target\":[\"https:\\\/\\\/www.meydan.tv\\\/az\\\/article\\\/anami-13-gun-aparatda-saxladilar-ki-bizden-pul-alsinlar\\\/\"]}]},{\"@type\":\"ImageObject\",\"inLanguage\":\"az\",\"@id\":\"https:\\\/\\\/www.meydan.tv\\\/az\\\/article\\\/anami-13-gun-aparatda-saxladilar-ki-bizden-pul-alsinlar\\\/#primaryimage\",\"url\":\"https:\\\/\\\/www.meydan.tv\\\/wp-content\\\/uploads\\\/merkez_klnka.jpg\",\"contentUrl\":\"https:\\\/\\\/www.meydan.tv\\\/wp-content\\\/uploads\\\/merkez_klnka.jpg\",\"width\":1200,\"height\":815,\"caption\":\"M\u0259rk\u0259zi Klinik X\u0259st\u0259xana. Foto: Az\u0259rtac\"},{\"@type\":\"BreadcrumbList\",\"@id\":\"https:\\\/\\\/www.meydan.tv\\\/az\\\/article\\\/anami-13-gun-aparatda-saxladilar-ki-bizden-pul-alsinlar\\\/#breadcrumb\",\"itemListElement\":[{\"@type\":\"ListItem\",\"position\":1,\"name\":\"Ana s\u0259hif\u0259\",\"item\":\"https:\\\/\\\/www.meydan.tv\\\/az\\\/\"},{\"@type\":\"ListItem\",\"position\":2,\"name\":\"Sa\u011fl\u0131q\",\"item\":\"https:\\\/\\\/www.meydan.tv\\\/az\\\/section\\\/sagliq\\\/\"},{\"@type\":\"ListItem\",\"position\":3,\"name\":\"\u201cAnam\u0131 13 g\u00fcn aparatda saxlad\u0131lar ki, bizd\u0259n pul als\u0131nlar\u201d\"}]},{\"@type\":\"WebSite\",\"@id\":\"https:\\\/\\\/www.meydan.tv\\\/az\\\/#website\",\"url\":\"https:\\\/\\\/www.meydan.tv\\\/az\\\/\",\"name\":\"MEYDAN.TV\",\"description\":\"Meydan TV Az\u0259rbaycan\u0131n media m\u0259kan\u0131ndak\u0131 alternativ s\u0259sidir\",\"publisher\":{\"@id\":\"https:\\\/\\\/www.meydan.tv\\\/az\\\/#organization\"},\"potentialAction\":[{\"@type\":\"SearchAction\",\"target\":{\"@type\":\"EntryPoint\",\"urlTemplate\":\"https:\\\/\\\/www.meydan.tv\\\/az\\\/?s={search_term_string}\"},\"query-input\":{\"@type\":\"PropertyValueSpecification\",\"valueRequired\":true,\"valueName\":\"search_term_string\"}}],\"inLanguage\":\"az\"},{\"@type\":\"Organization\",\"@id\":\"https:\\\/\\\/www.meydan.tv\\\/az\\\/#organization\",\"name\":\"Meydan TV\",\"url\":\"https:\\\/\\\/www.meydan.tv\\\/az\\\/\",\"logo\":{\"@type\":\"ImageObject\",\"inLanguage\":\"az\",\"@id\":\"https:\\\/\\\/www.meydan.tv\\\/az\\\/#\\\/schema\\\/logo\\\/image\\\/\",\"url\":\"https:\\\/\\\/www.meydan.tv\\\/wp-content\\\/uploads\\\/2021\\\/07\\\/meydan-logo.svg\",\"contentUrl\":\"https:\\\/\\\/www.meydan.tv\\\/wp-content\\\/uploads\\\/2021\\\/07\\\/meydan-logo.svg\",\"width\":195,\"height\":46,\"caption\":\"Meydan TV\"},\"image\":{\"@id\":\"https:\\\/\\\/www.meydan.tv\\\/az\\\/#\\\/schema\\\/logo\\\/image\\\/\"}},{\"@type\":\"Person\",\"@id\":\"https:\\\/\\\/www.meydan.tv\\\/az\\\/#\\\/schema\\\/person\\\/9cdbecf90d17180ce1dfbd95b08dcf47\",\"name\":\"elli\",\"sameAs\":[\"https:\\\/\\\/x.com\\\/elli\"]}]}<\/script>\n<!-- \/ Yoast SEO plugin. -->","yoast_head_json":{"title":"\u201cAnam\u0131 13 g\u00fcn aparatda saxlad\u0131lar ki, bizd\u0259n pul als\u0131nlar\u201d - MEYDAN.TV","robots":{"index":"index","follow":"follow","max-snippet":"max-snippet:-1","max-image-preview":"max-image-preview:large","max-video-preview":"max-video-preview:-1"},"canonical":"https:\/\/www.meydan.tv\/az\/article\/anami-13-gun-aparatda-saxladilar-ki-bizden-pul-alsinlar\/","og_locale":"az_AZ","og_type":"article","og_title":"\u201cAnam\u0131 13 g\u00fcn aparatda saxlad\u0131lar ki, bizd\u0259n pul als\u0131nlar\u201d - MEYDAN.TV","og_description":"Bak\u0131 sakini anas\u0131n\u0131n \u00f6l\u00fcm\u00fcnd\u0259 h\u0259kimi g\u00fcnahland\u0131r\u0131r Bak\u0131 \u015f\u0259h\u0259r, Nizami rayon ... Davam\u0131","og_url":"https:\/\/www.meydan.tv\/az\/article\/anami-13-gun-aparatda-saxladilar-ki-bizden-pul-alsinlar\/","og_site_name":"MEYDAN.TV","article_published_time":"2022-03-30T09:58:27+00:00","article_modified_time":"2022-03-30T09:58:29+00:00","og_image":[{"width":1200,"height":815,"url":"https:\/\/www.meydan.tv\/wp-content\/uploads\/merkez_klnka.jpg","type":"image\/jpeg"}],"author":"elli","twitter_card":"summary_large_image","twitter_creator":"@elli","schema":{"@context":"https:\/\/schema.org","@graph":[{"@type":"Article","@id":"https:\/\/www.meydan.tv\/az\/article\/anami-13-gun-aparatda-saxladilar-ki-bizden-pul-alsinlar\/#article","isPartOf":{"@id":"https:\/\/www.meydan.tv\/az\/article\/anami-13-gun-aparatda-saxladilar-ki-bizden-pul-alsinlar\/"},"author":{"name":"elli","@id":"https:\/\/www.meydan.tv\/az\/#\/schema\/person\/9cdbecf90d17180ce1dfbd95b08dcf47"},"headline":"\u201cAnam\u0131 13 g\u00fcn aparatda saxlad\u0131lar ki, bizd\u0259n pul als\u0131nlar\u201d","datePublished":"2022-03-30T09:58:27+00:00","dateModified":"2022-03-30T09:58:29+00:00","mainEntityOfPage":{"@id":"https:\/\/www.meydan.tv\/az\/article\/anami-13-gun-aparatda-saxladilar-ki-bizden-pul-alsinlar\/"},"wordCount":636,"publisher":{"@id":"https:\/\/www.meydan.tv\/az\/#organization"},"image":{"@id":"https:\/\/www.meydan.tv\/az\/article\/anami-13-gun-aparatda-saxladilar-ki-bizden-pul-alsinlar\/#primaryimage"},"thumbnailUrl":"https:\/\/www.meydan.tv\/wp-content\/uploads\/merkez_klnka.jpg","articleSection":["Sa\u011fl\u0131q","T\u00f6vsiy\u0259","X\u0259b\u0259rl\u0259r"],"inLanguage":"az"},{"@type":"WebPage","@id":"https:\/\/www.meydan.tv\/az\/article\/anami-13-gun-aparatda-saxladilar-ki-bizden-pul-alsinlar\/","url":"https:\/\/www.meydan.tv\/az\/article\/anami-13-gun-aparatda-saxladilar-ki-bizden-pul-alsinlar\/","name":"\u201cAnam\u0131 13 g\u00fcn aparatda saxlad\u0131lar ki, bizd\u0259n pul als\u0131nlar\u201d - MEYDAN.TV","isPartOf":{"@id":"https:\/\/www.meydan.tv\/az\/#website"},"primaryImageOfPage":{"@id":"https:\/\/www.meydan.tv\/az\/article\/anami-13-gun-aparatda-saxladilar-ki-bizden-pul-alsinlar\/#primaryimage"},"image":{"@id":"https:\/\/www.meydan.tv\/az\/article\/anami-13-gun-aparatda-saxladilar-ki-bizden-pul-alsinlar\/#primaryimage"},"thumbnailUrl":"https:\/\/www.meydan.tv\/wp-content\/uploads\/merkez_klnka.jpg","datePublished":"2022-03-30T09:58:27+00:00","dateModified":"2022-03-30T09:58:29+00:00","breadcrumb":{"@id":"https:\/\/www.meydan.tv\/az\/article\/anami-13-gun-aparatda-saxladilar-ki-bizden-pul-alsinlar\/#breadcrumb"},"inLanguage":"az","potentialAction":[{"@type":"ReadAction","target":["https:\/\/www.meydan.tv\/az\/article\/anami-13-gun-aparatda-saxladilar-ki-bizden-pul-alsinlar\/"]}]},{"@type":"ImageObject","inLanguage":"az","@id":"https:\/\/www.meydan.tv\/az\/article\/anami-13-gun-aparatda-saxladilar-ki-bizden-pul-alsinlar\/#primaryimage","url":"https:\/\/www.meydan.tv\/wp-content\/uploads\/merkez_klnka.jpg","contentUrl":"https:\/\/www.meydan.tv\/wp-content\/uploads\/merkez_klnka.jpg","width":1200,"height":815,"caption":"M\u0259rk\u0259zi Klinik X\u0259st\u0259xana. Foto: Az\u0259rtac"},{"@type":"BreadcrumbList","@id":"https:\/\/www.meydan.tv\/az\/article\/anami-13-gun-aparatda-saxladilar-ki-bizden-pul-alsinlar\/#breadcrumb","itemListElement":[{"@type":"ListItem","position":1,"name":"Ana s\u0259hif\u0259","item":"https:\/\/www.meydan.tv\/az\/"},{"@type":"ListItem","position":2,"name":"Sa\u011fl\u0131q","item":"https:\/\/www.meydan.tv\/az\/section\/sagliq\/"},{"@type":"ListItem","position":3,"name":"\u201cAnam\u0131 13 g\u00fcn aparatda saxlad\u0131lar ki, bizd\u0259n pul als\u0131nlar\u201d"}]},{"@type":"WebSite","@id":"https:\/\/www.meydan.tv\/az\/#website","url":"https:\/\/www.meydan.tv\/az\/","name":"MEYDAN.TV","description":"Meydan TV Az\u0259rbaycan\u0131n media m\u0259kan\u0131ndak\u0131 alternativ s\u0259sidir","publisher":{"@id":"https:\/\/www.meydan.tv\/az\/#organization"},"potentialAction":[{"@type":"SearchAction","target":{"@type":"EntryPoint","urlTemplate":"https:\/\/www.meydan.tv\/az\/?s={search_term_string}"},"query-input":{"@type":"PropertyValueSpecification","valueRequired":true,"valueName":"search_term_string"}}],"inLanguage":"az"},{"@type":"Organization","@id":"https:\/\/www.meydan.tv\/az\/#organization","name":"Meydan TV","url":"https:\/\/www.meydan.tv\/az\/","logo":{"@type":"ImageObject","inLanguage":"az","@id":"https:\/\/www.meydan.tv\/az\/#\/schema\/logo\/image\/","url":"https:\/\/www.meydan.tv\/wp-content\/uploads\/2021\/07\/meydan-logo.svg","contentUrl":"https:\/\/www.meydan.tv\/wp-content\/uploads\/2021\/07\/meydan-logo.svg","width":195,"height":46,"caption":"Meydan TV"},"image":{"@id":"https:\/\/www.meydan.tv\/az\/#\/schema\/logo\/image\/"}},{"@type":"Person","@id":"https:\/\/www.meydan.tv\/az\/#\/schema\/person\/9cdbecf90d17180ce1dfbd95b08dcf47","name":"elli","sameAs":["https:\/\/x.com\/elli"]}]}},"_links":{"self":[{"href":"https:\/\/www.meydan.tv\/az\/wp-json\/wp\/v2\/posts\/239910","targetHints":{"allow":["GET"]}}],"collection":[{"href":"https:\/\/www.meydan.tv\/az\/wp-json\/wp\/v2\/posts"}],"about":[{"href":"https:\/\/www.meydan.tv\/az\/wp-json\/wp\/v2\/types\/post"}],"author":[{"embeddable":true,"href":"https:\/\/www.meydan.tv\/az\/wp-json\/wp\/v2\/users\/8"}],"replies":[{"embeddable":true,"href":"https:\/\/www.meydan.tv\/az\/wp-json\/wp\/v2\/comments?post=239910"}],"version-history":[{"count":1,"href":"https:\/\/www.meydan.tv\/az\/wp-json\/wp\/v2\/posts\/239910\/revisions"}],"predecessor-version":[{"id":239928,"href":"https:\/\/www.meydan.tv\/az\/wp-json\/wp\/v2\/posts\/239910\/revisions\/239928"}],"wp:featuredmedia":[{"embeddable":true,"href":"https:\/\/www.meydan.tv\/az\/wp-json\/wp\/v2\/media\/239925"}],"wp:attachment":[{"href":"https:\/\/www.meydan.tv\/az\/wp-json\/wp\/v2\/media?parent=239910"}],"wp:term":[{"taxonomy":"category","embeddable":true,"href":"https:\/\/www.meydan.tv\/az\/wp-json\/wp\/v2\/categories?post=239910"},{"taxonomy":"post_tag","embeddable":true,"href":"https:\/\/www.meydan.tv\/az\/wp-json\/wp\/v2\/tags?post=239910"}],"curies":[{"name":"wp","href":"https:\/\/api.w.org\/{rel}","templated":true}]}}