{"id":239901,"date":"2022-03-30T12:55:14","date_gmt":"2022-03-30T08:55:14","guid":{"rendered":"https:\/\/www.meydan.tv\/?p=239901"},"modified":"2022-04-01T23:06:50","modified_gmt":"2022-04-01T19:06:50","slug":"geriye-dogru-ireli","status":"publish","type":"post","link":"https:\/\/www.meydan.tv\/az\/article\/geriye-dogru-ireli\/","title":{"rendered":"Geriy\u0259 do\u011fru&#8230; \u0130r\u0259li!"},"content":{"rendered":"\n<p><\/p>\n\n\n\n<p><em>Geri d\u00f6n\u00fc\u015f\u00fcm\u00fcz\u00fcn daha bir n\u00fcmun\u0259si mart\u0131n 29-da ya\u015fan\u0131b<\/em><br><br>Son g\u00fcnl\u0259r maraql\u0131 informasiyalarla z\u0259ngindir. Tan\u0131nm\u0131\u015f politoloqlar\u0131m\u0131z, h\u0259r\u015fey\u015f\u00fcnas deputatlar\u0131m\u0131z bel\u0259 \u00e7atd\u0131r\u0131b ba\u015f ver\u0259nl\u0259ri \u015f\u0259rh etm\u0259kd\u0259 \u00e7\u0259tinlik \u00e7\u0259kir. Rusiyan\u0131n Ukraynaya h\u00fccumu, i\u015f\u011fal\u00e7\u0131l\u0131q siyas\u0259ti \u0259traf\u0131nda dan\u0131\u015fmaq, fikirl\u0259rini b\u00f6l\u00fc\u015fm\u0259k bu politoloqlar\u0131m\u0131z \u00fc\u00e7\u00fcn ciddi s\u0131naqd\u0131r. N\u0259 dan\u0131\u015fmaq, nec\u0259 dan\u0131\u015fmaq, n\u0259 \u015fi\u015fi, n\u0259 kabab\u0131 yand\u0131rmamaq, h\u0259qiq\u0259t\u0259n, \u00e7ox \u00e7\u0259tin durumdur. Haqq\u0131n, yoxsa m\u00fctt\u0259fiqin yan\u0131nda dayanmaq? \u201cOlum, ya \u00f6l\u00fcm\u201d sual\u0131 q\u0259d\u0259r \u00e7\u0259tindir, he\u00e7 mandat alanda bel\u0259 se\u00e7im qar\u015f\u0131s\u0131nda qalmam\u0131\u015fd\u0131lar\u2026<br><\/p>\n\n\n\n<p>Bu arada Qaraba\u011fdan x\u0259b\u0259r g\u0259ldi ki, ordumuz F\u0259rrux y\u00fcks\u0259kliyini v\u0259 eyni adl\u0131 k\u0259ndi g\u00f6t\u00fcr\u00fcb. Az ke\u00e7m\u0259mi\u015f Rusiya M\u00fcdafi\u0259 Nazirliyi bizi \u00f6z torpaqlar\u0131m\u0131zdan geri oturtdu\u011funu a\u00e7\u0131qlad\u0131, y\u0259ni o yerl\u0259rd\u0259n geri \u00e7\u0259kildiyimizi dedi, \u00fcst\u0259lik, h\u0259min a\u00e7\u0131qlamada \u201cDa\u011fl\u0131q Qaraba\u011f\u201d s\u00f6z\u00fc i\u015fl\u0259tdi, ard\u0131nca bizim m\u00fcdafi\u0259 nazirimiz Zakir H\u0259s\u0259novun problemi \u00e7\u00f6zd\u00fcy\u00fc x\u0259b\u0259ri g\u0259ldi. S\u0259n dem\u0259, Z.H\u0259s\u0259nov Rusiyan\u0131n m\u00fcdafi\u0259 naziri \u015eoyquya z\u0259ng vurub Az\u0259rbaycanda \u201cDa\u011fl\u0131q Qaraba\u011f\u201d adl\u0131 yer v\u0259 \u201cFurux\u201d adl\u0131 k\u0259nd olmad\u0131\u011f\u0131n\u0131 deyib (yaz\u0131lanlardan bel\u0259 anla\u015f\u0131l\u0131r). Onlar\u0131n cavab\u0131 maraql\u0131 deyil, maraql\u0131 olan mart\u0131n \u0259vv\u0259ll\u0259rind\u0259n yoxa \u015f\u0131xan, he\u00e7 Putinin d\u0259 tapmad\u0131\u011f\u0131 \u015eoyqunu Zakir H\u0259s\u0259novun an\u0131ndaca tapmas\u0131d\u0131r. G\u00f6r\u00fcn\u00fcr, bu m\u0259s\u0259l\u0259d\u0259 m\u00fctt\u0259fiqliyin b\u00f6y\u00fck rolu olub. Yeri g\u0259lmi\u015fk\u0259n, AzTV-l\u0259r d\u0259 x\u0259b\u0259r siyas\u0259tind\u0259 m\u00fctt\u0259fiqliy\u0259 \u00f6n\u0259m verirl\u0259r, \u0259vv\u0259lc\u0259 Rusiyaya, ard\u0131nca Ukraynaya istinadla m\u00fcharib\u0259 zonas\u0131ndan informasiyalar\u0131 ara-s\u0131ra Az\u0259rbaycan tama\u015fa\u00e7\u0131lar\u0131na \u00e7atd\u0131r\u0131rlar. H\u0259m d\u0259 \u201ci\u015f\u011fal\u201d, \u201cRusiyan\u0131n h\u00fccumu\u201d, \u201cd\u00fc\u015fm\u0259n\u201d kimi s\u00f6zl\u0259ri dil\u0259 g\u0259tirm\u0259kd\u0259n \u00e7\u0259kinirl\u0259r; m\u00fctt\u0259fiqliyimiz\u0259 ziyan d\u0259ym\u0259sin dey\u0259 (bunu h\u0259m d\u0259 AzTV-l\u0259rin pe\u015f\u0259karl\u0131\u011f\u0131n\u0131n, \u201cd\u0259qiq, q\u0259r\u0259zsiz, vicdanl\u0131\u201d, balansl\u0131 siyas\u0259t aparan jurnalistikan\u0131n u\u011furu saymaq olar). 43 madd\u0259lik sazi\u015f is\u0259 siz\u0259 zarafat g\u0259lm\u0259sin, onun \u015f\u0259rtl\u0259rin\u0259 \u0259m\u0259l etm\u0259k bir yana, he\u00e7 oxuyub qurtarmaq olmur\u2026<br><\/p>\n\n\n\n<p>Ancaq ham\u0131m\u0131z\u0131 narahat ed\u0259n m\u0259qama iki nazirliyin a\u00e7\u0131qlamalar\u0131 ayd\u0131nl\u0131q g\u0259tirm\u0259yib, Az\u0259rbaycanda \u201cDa\u011fl\u0131q Qaraba\u011f\u201d adl\u0131 yerin v\u0259 F\u0259rrux y\u00fcks\u0259kliyinin bizd\u0259 olub-olmad\u0131\u011f\u0131 bilinmir\u2026<br><\/p>\n\n\n\n<p>Xalq\u0131m\u0131z bunun \u015fokundan ay\u0131lmam\u0131\u015f Milli M\u0259clisin \u201ch\u00f6rm\u0259tli xan\u0131m s\u0259dr\u201di (ifad\u0259 saxta mandatl\u0131 deputatlara m\u0259xsusdur) Sahib\u0259 Qafarova MDB Parlament Assambleyas\u0131 \u015euras\u0131n\u0131n Qazax\u0131stan\u0131n Almat\u0131 \u015f\u0259h\u0259rind\u0259 ke\u00e7iril\u0259n iclas\u0131nda \u201cAz\u0259rbaycan SSR\u201d s\u00f6z\u00fc il\u0259 g\u00fcnd\u0259m\u0259 g\u0259lib. \u018fslind\u0259, t\u0259\u0259cc\u00fcbl\u00fc he\u00e7 n\u0259 yoxdur. Ancaq n\u0259d\u0259ns\u0259 h\u0259r k\u0259s onun \u00e7\u0131x\u0131\u015f\u0131n\u0131 payla\u015f\u0131r, t\u0259nqid edir (\u00f6zl\u0259rinin q\u0259bul etdiyi qanunlarla- demokratiya, s\u00f6z azadl\u0131\u011f\u0131d\u0131r ax\u0131). \u00c7ox t\u0259\u0259ss\u00fcf, bir n\u0259f\u0259r d\u0259 soru\u015fmur ki, \u201ch\u00f6rm\u0259tli xan\u0131m s\u0259dr\u201d \u00fc\u00e7\u00fcn o m\u0259tni kim yaz\u0131b verib. Biz g\u00f6rm\u00fc\u015f\u00fck ki, Milli M\u0259clisin spikeri ist\u0259r parlamentd\u0259, ist\u0259r m\u00fcxt\u0259lif g\u00f6r\u00fc\u015fl\u0259rd\u0259 h\u0259mi\u015f\u0259 \u00e7\u0131x\u0131\u015f\u0131n\u0131 haz\u0131r m\u0259tnl\u0259rd\u0259n oxuyub. \u0130ndi yaz\u0131lan\u0131 oldu\u011fu kimi ka\u011f\u0131zdan oxuyan\u0131 yox, yazan\u0131 q\u0131namaq kims\u0259nin a\u011fl\u0131na g\u0259lmir. Kim bilir, b\u0259lk\u0259, parlamentin n\u00f6vb\u0259ti iclas\u0131nda deputatlar \u201ch\u00f6rm\u0259tli xan\u0131m s\u0259dr\u201dd\u0259n bu m\u0259s\u0259l\u0259y\u0259 ayd\u0131nl\u0131q g\u0259tirm\u0259sini t\u0259l\u0259b ed\u0259c\u0259kl\u0259r. Bir politoloqun s\u00f6z\u00fc olmas\u0131n: N\u0259 des\u0259n, ola bil\u0259r!<br><\/p>\n\n\n\n<p>Geri d\u00f6n\u00fc\u015f\u00fcm\u00fcz\u00fcn daha bir n\u00fcmun\u0259si mart\u0131n 29-da ya\u015fan\u0131b. \u0130ctimai f\u0259al \u0130mran \u018fliyev \u015f\u0259h\u0259rin ortas\u0131nda q\u0259fl\u0259t\u0259n yoxa \u00e7\u0131x\u0131b. V\u0259kili v\u0259 dostlar\u0131 onu tapa bilmir. \u00c7ox maraql\u0131d\u0131r ki, t\u0259hl\u00fck\u0259sizliyimiz\u0259 qarant olan d\u00f6vl\u0259t qurumlar\u0131 da f\u0259al\u0131n yoxa \u00e7\u0131xmas\u0131ndan x\u0259b\u0259rsiz olduqlar\u0131n\u0131 deyirl\u0259r. Ke\u00e7mi\u015f t\u0259cr\u00fcb\u0259d\u0259s\u0259 bel\u0259 hallar \u00e7ox olub v\u0259 it\u0259n adam h\u0259mi\u015f\u0259 t\u0259hl\u00fck\u0259sizliyimiz\u0259 qarant olan orqanlardan tap\u0131l\u0131b\u2026<br><\/p>\n\n\n\n<p>Yen\u0259 d\u0259 el\u0259 oldu\u2026<br><\/p>\n\n\n\n<p><strong>P.S.<\/strong><em>Qar\u015f\u0131dan aprel ay\u0131 g\u0259lir, Az\u0259rbaycanda sovet hakimiyy\u0259tinin quruldu\u011fu ay, o \u00fczd\u0259n \u201ch\u00f6rm\u0259tli xan\u0131m s\u0259dr\u201din \u00e7\u0131x\u0131\u015f\u0131n\u0131 da, o m\u0259tni yazan\u0131 da anlamaq olar. Biz indi Az\u0259rbaycana m\u00fcst\u0259qilliyin tam\u0131n\u0131 dad\u0131zd\u0131rm\u0131\u015f 28 May yox, daha \u00e7ox 28 Aprel \u00f6vladlar\u0131n\u0131n d\u00f6vr\u00fcnd\u0259 ya\u015fay\u0131r\u0131q.<\/em><\/p>\n","protected":false},"excerpt":{"rendered":"<p>Geri d\u00f6n\u00fc\u015f\u00fcm\u00fcz\u00fcn daha bir n\u00fcmun\u0259si mart\u0131n 29-da ya\u015fan\u0131b Son g\u00fcnl\u0259r &#8230; <\/p>\n<p class=\"read-more-container\"><a title=\"Geriy\u0259 do\u011fru&#8230; \u0130r\u0259li!\" class=\"read-more button\" href=\"https:\/\/www.meydan.tv\/az\/article\/geriye-dogru-ireli\/#more-239901\" aria-label=\"Read more about Geriy\u0259 do\u011fru&#8230; \u0130r\u0259li!\">Davam\u0131<\/a><\/p>\n","protected":false},"author":8,"featured_media":125837,"comment_status":"closed","ping_status":"closed","sticky":false,"template":"","format":"standard","meta":{"_acf_changed":false,"_sitemap_exclude":false,"_sitemap_priority":"","_sitemap_frequency":"","footnotes":""},"categories":[57],"tags":[],"class_list":["post-239901","post","type-post","status-publish","format-standard","has-post-thumbnail","hentry","category-menim-fikrimce","infinite-scroll-item","generate-columns","tablet-grid-50","mobile-grid-100","grid-parent","grid-33","no-featured-image-padding"],"acf":[],"yoast_head":"<!-- This site is optimized with the Yoast SEO plugin v27.4 - https:\/\/yoast.com\/product\/yoast-seo-wordpress\/ -->\n<title>Geriy\u0259 do\u011fru... \u0130r\u0259li! - MEYDAN.TV<\/title>\n<meta name=\"robots\" content=\"index, follow, max-snippet:-1, max-image-preview:large, max-video-preview:-1\" \/>\n<link rel=\"canonical\" href=\"https:\/\/www.meydan.tv\/az\/article\/geriye-dogru-ireli\/\" \/>\n<meta property=\"og:locale\" content=\"az_AZ\" \/>\n<meta property=\"og:type\" content=\"article\" \/>\n<meta property=\"og:title\" content=\"Geriy\u0259 do\u011fru... \u0130r\u0259li! - MEYDAN.TV\" \/>\n<meta property=\"og:description\" content=\"Geri d\u00f6n\u00fc\u015f\u00fcm\u00fcz\u00fcn daha bir n\u00fcmun\u0259si mart\u0131n 29-da ya\u015fan\u0131b Son g\u00fcnl\u0259r ... Davam\u0131\" \/>\n<meta property=\"og:url\" content=\"https:\/\/www.meydan.tv\/az\/article\/geriye-dogru-ireli\/\" \/>\n<meta property=\"og:site_name\" content=\"MEYDAN.TV\" \/>\n<meta property=\"article:published_time\" content=\"2022-03-30T08:55:14+00:00\" \/>\n<meta property=\"article:modified_time\" content=\"2022-04-01T19:06:50+00:00\" \/>\n<meta property=\"og:image\" content=\"https:\/\/www.meydan.tv\/wp-content\/uploads\/image_from_ios_unrqckb.original-scaled.jpg\" \/>\n\t<meta property=\"og:image:width\" content=\"2560\" \/>\n\t<meta property=\"og:image:height\" content=\"1440\" \/>\n\t<meta property=\"og:image:type\" content=\"image\/jpeg\" \/>\n<meta name=\"author\" content=\"elli\" \/>\n<meta name=\"twitter:card\" content=\"summary_large_image\" \/>\n<meta name=\"twitter:creator\" content=\"@elli\" \/>\n<script type=\"application\/ld+json\" class=\"yoast-schema-graph\">{\"@context\":\"https:\\\/\\\/schema.org\",\"@graph\":[{\"@type\":\"Article\",\"@id\":\"https:\\\/\\\/www.meydan.tv\\\/az\\\/article\\\/geriye-dogru-ireli\\\/#article\",\"isPartOf\":{\"@id\":\"https:\\\/\\\/www.meydan.tv\\\/az\\\/article\\\/geriye-dogru-ireli\\\/\"},\"author\":{\"name\":\"elli\",\"@id\":\"https:\\\/\\\/www.meydan.tv\\\/az\\\/#\\\/schema\\\/person\\\/9cdbecf90d17180ce1dfbd95b08dcf47\"},\"headline\":\"Geriy\u0259 do\u011fru&#8230; \u0130r\u0259li!\",\"datePublished\":\"2022-03-30T08:55:14+00:00\",\"dateModified\":\"2022-04-01T19:06:50+00:00\",\"mainEntityOfPage\":{\"@id\":\"https:\\\/\\\/www.meydan.tv\\\/az\\\/article\\\/geriye-dogru-ireli\\\/\"},\"wordCount\":845,\"publisher\":{\"@id\":\"https:\\\/\\\/www.meydan.tv\\\/az\\\/#organization\"},\"image\":{\"@id\":\"https:\\\/\\\/www.meydan.tv\\\/az\\\/article\\\/geriye-dogru-ireli\\\/#primaryimage\"},\"thumbnailUrl\":\"https:\\\/\\\/www.meydan.tv\\\/wp-content\\\/uploads\\\/image_from_ios_unrqckb.original-scaled-e1685106480202.jpg\",\"articleSection\":[\"M\u0259nim Fikrimc\u0259\"],\"inLanguage\":\"az\"},{\"@type\":\"WebPage\",\"@id\":\"https:\\\/\\\/www.meydan.tv\\\/az\\\/article\\\/geriye-dogru-ireli\\\/\",\"url\":\"https:\\\/\\\/www.meydan.tv\\\/az\\\/article\\\/geriye-dogru-ireli\\\/\",\"name\":\"Geriy\u0259 do\u011fru... \u0130r\u0259li! - MEYDAN.TV\",\"isPartOf\":{\"@id\":\"https:\\\/\\\/www.meydan.tv\\\/az\\\/#website\"},\"primaryImageOfPage\":{\"@id\":\"https:\\\/\\\/www.meydan.tv\\\/az\\\/article\\\/geriye-dogru-ireli\\\/#primaryimage\"},\"image\":{\"@id\":\"https:\\\/\\\/www.meydan.tv\\\/az\\\/article\\\/geriye-dogru-ireli\\\/#primaryimage\"},\"thumbnailUrl\":\"https:\\\/\\\/www.meydan.tv\\\/wp-content\\\/uploads\\\/image_from_ios_unrqckb.original-scaled-e1685106480202.jpg\",\"datePublished\":\"2022-03-30T08:55:14+00:00\",\"dateModified\":\"2022-04-01T19:06:50+00:00\",\"breadcrumb\":{\"@id\":\"https:\\\/\\\/www.meydan.tv\\\/az\\\/article\\\/geriye-dogru-ireli\\\/#breadcrumb\"},\"inLanguage\":\"az\",\"potentialAction\":[{\"@type\":\"ReadAction\",\"target\":[\"https:\\\/\\\/www.meydan.tv\\\/az\\\/article\\\/geriye-dogru-ireli\\\/\"]}]},{\"@type\":\"ImageObject\",\"inLanguage\":\"az\",\"@id\":\"https:\\\/\\\/www.meydan.tv\\\/az\\\/article\\\/geriye-dogru-ireli\\\/#primaryimage\",\"url\":\"https:\\\/\\\/www.meydan.tv\\\/wp-content\\\/uploads\\\/image_from_ios_unrqckb.original-scaled-e1685106480202.jpg\",\"contentUrl\":\"https:\\\/\\\/www.meydan.tv\\\/wp-content\\\/uploads\\\/image_from_ios_unrqckb.original-scaled-e1685106480202.jpg\",\"width\":2560,\"height\":1228,\"caption\":\"M\u0259nb\u0259: Meydan TV\"},{\"@type\":\"BreadcrumbList\",\"@id\":\"https:\\\/\\\/www.meydan.tv\\\/az\\\/article\\\/geriye-dogru-ireli\\\/#breadcrumb\",\"itemListElement\":[{\"@type\":\"ListItem\",\"position\":1,\"name\":\"Ana s\u0259hif\u0259\",\"item\":\"https:\\\/\\\/www.meydan.tv\\\/az\\\/\"},{\"@type\":\"ListItem\",\"position\":2,\"name\":\"M\u0259nim Fikrimc\u0259\",\"item\":\"https:\\\/\\\/www.meydan.tv\\\/az\\\/section\\\/menim-fikrimce\\\/\"},{\"@type\":\"ListItem\",\"position\":3,\"name\":\"Geriy\u0259 do\u011fru&#8230; \u0130r\u0259li!\"}]},{\"@type\":\"WebSite\",\"@id\":\"https:\\\/\\\/www.meydan.tv\\\/az\\\/#website\",\"url\":\"https:\\\/\\\/www.meydan.tv\\\/az\\\/\",\"name\":\"MEYDAN.TV\",\"description\":\"Meydan TV Az\u0259rbaycan\u0131n media m\u0259kan\u0131ndak\u0131 alternativ s\u0259sidir\",\"publisher\":{\"@id\":\"https:\\\/\\\/www.meydan.tv\\\/az\\\/#organization\"},\"potentialAction\":[{\"@type\":\"SearchAction\",\"target\":{\"@type\":\"EntryPoint\",\"urlTemplate\":\"https:\\\/\\\/www.meydan.tv\\\/az\\\/?s={search_term_string}\"},\"query-input\":{\"@type\":\"PropertyValueSpecification\",\"valueRequired\":true,\"valueName\":\"search_term_string\"}}],\"inLanguage\":\"az\"},{\"@type\":\"Organization\",\"@id\":\"https:\\\/\\\/www.meydan.tv\\\/az\\\/#organization\",\"name\":\"Meydan TV\",\"url\":\"https:\\\/\\\/www.meydan.tv\\\/az\\\/\",\"logo\":{\"@type\":\"ImageObject\",\"inLanguage\":\"az\",\"@id\":\"https:\\\/\\\/www.meydan.tv\\\/az\\\/#\\\/schema\\\/logo\\\/image\\\/\",\"url\":\"https:\\\/\\\/www.meydan.tv\\\/wp-content\\\/uploads\\\/2021\\\/07\\\/meydan-logo.svg\",\"contentUrl\":\"https:\\\/\\\/www.meydan.tv\\\/wp-content\\\/uploads\\\/2021\\\/07\\\/meydan-logo.svg\",\"width\":195,\"height\":46,\"caption\":\"Meydan TV\"},\"image\":{\"@id\":\"https:\\\/\\\/www.meydan.tv\\\/az\\\/#\\\/schema\\\/logo\\\/image\\\/\"}},{\"@type\":\"Person\",\"@id\":\"https:\\\/\\\/www.meydan.tv\\\/az\\\/#\\\/schema\\\/person\\\/9cdbecf90d17180ce1dfbd95b08dcf47\",\"name\":\"elli\",\"sameAs\":[\"https:\\\/\\\/x.com\\\/elli\"]}]}<\/script>\n<!-- \/ Yoast SEO plugin. -->","yoast_head_json":{"title":"Geriy\u0259 do\u011fru... \u0130r\u0259li! - MEYDAN.TV","robots":{"index":"index","follow":"follow","max-snippet":"max-snippet:-1","max-image-preview":"max-image-preview:large","max-video-preview":"max-video-preview:-1"},"canonical":"https:\/\/www.meydan.tv\/az\/article\/geriye-dogru-ireli\/","og_locale":"az_AZ","og_type":"article","og_title":"Geriy\u0259 do\u011fru... \u0130r\u0259li! - MEYDAN.TV","og_description":"Geri d\u00f6n\u00fc\u015f\u00fcm\u00fcz\u00fcn daha bir n\u00fcmun\u0259si mart\u0131n 29-da ya\u015fan\u0131b Son g\u00fcnl\u0259r ... Davam\u0131","og_url":"https:\/\/www.meydan.tv\/az\/article\/geriye-dogru-ireli\/","og_site_name":"MEYDAN.TV","article_published_time":"2022-03-30T08:55:14+00:00","article_modified_time":"2022-04-01T19:06:50+00:00","og_image":[{"width":2560,"height":1440,"url":"https:\/\/www.meydan.tv\/wp-content\/uploads\/image_from_ios_unrqckb.original-scaled.jpg","type":"image\/jpeg"}],"author":"elli","twitter_card":"summary_large_image","twitter_creator":"@elli","schema":{"@context":"https:\/\/schema.org","@graph":[{"@type":"Article","@id":"https:\/\/www.meydan.tv\/az\/article\/geriye-dogru-ireli\/#article","isPartOf":{"@id":"https:\/\/www.meydan.tv\/az\/article\/geriye-dogru-ireli\/"},"author":{"name":"elli","@id":"https:\/\/www.meydan.tv\/az\/#\/schema\/person\/9cdbecf90d17180ce1dfbd95b08dcf47"},"headline":"Geriy\u0259 do\u011fru&#8230; \u0130r\u0259li!","datePublished":"2022-03-30T08:55:14+00:00","dateModified":"2022-04-01T19:06:50+00:00","mainEntityOfPage":{"@id":"https:\/\/www.meydan.tv\/az\/article\/geriye-dogru-ireli\/"},"wordCount":845,"publisher":{"@id":"https:\/\/www.meydan.tv\/az\/#organization"},"image":{"@id":"https:\/\/www.meydan.tv\/az\/article\/geriye-dogru-ireli\/#primaryimage"},"thumbnailUrl":"https:\/\/www.meydan.tv\/wp-content\/uploads\/image_from_ios_unrqckb.original-scaled-e1685106480202.jpg","articleSection":["M\u0259nim Fikrimc\u0259"],"inLanguage":"az"},{"@type":"WebPage","@id":"https:\/\/www.meydan.tv\/az\/article\/geriye-dogru-ireli\/","url":"https:\/\/www.meydan.tv\/az\/article\/geriye-dogru-ireli\/","name":"Geriy\u0259 do\u011fru... \u0130r\u0259li! - MEYDAN.TV","isPartOf":{"@id":"https:\/\/www.meydan.tv\/az\/#website"},"primaryImageOfPage":{"@id":"https:\/\/www.meydan.tv\/az\/article\/geriye-dogru-ireli\/#primaryimage"},"image":{"@id":"https:\/\/www.meydan.tv\/az\/article\/geriye-dogru-ireli\/#primaryimage"},"thumbnailUrl":"https:\/\/www.meydan.tv\/wp-content\/uploads\/image_from_ios_unrqckb.original-scaled-e1685106480202.jpg","datePublished":"2022-03-30T08:55:14+00:00","dateModified":"2022-04-01T19:06:50+00:00","breadcrumb":{"@id":"https:\/\/www.meydan.tv\/az\/article\/geriye-dogru-ireli\/#breadcrumb"},"inLanguage":"az","potentialAction":[{"@type":"ReadAction","target":["https:\/\/www.meydan.tv\/az\/article\/geriye-dogru-ireli\/"]}]},{"@type":"ImageObject","inLanguage":"az","@id":"https:\/\/www.meydan.tv\/az\/article\/geriye-dogru-ireli\/#primaryimage","url":"https:\/\/www.meydan.tv\/wp-content\/uploads\/image_from_ios_unrqckb.original-scaled-e1685106480202.jpg","contentUrl":"https:\/\/www.meydan.tv\/wp-content\/uploads\/image_from_ios_unrqckb.original-scaled-e1685106480202.jpg","width":2560,"height":1228,"caption":"M\u0259nb\u0259: Meydan TV"},{"@type":"BreadcrumbList","@id":"https:\/\/www.meydan.tv\/az\/article\/geriye-dogru-ireli\/#breadcrumb","itemListElement":[{"@type":"ListItem","position":1,"name":"Ana s\u0259hif\u0259","item":"https:\/\/www.meydan.tv\/az\/"},{"@type":"ListItem","position":2,"name":"M\u0259nim Fikrimc\u0259","item":"https:\/\/www.meydan.tv\/az\/section\/menim-fikrimce\/"},{"@type":"ListItem","position":3,"name":"Geriy\u0259 do\u011fru&#8230; \u0130r\u0259li!"}]},{"@type":"WebSite","@id":"https:\/\/www.meydan.tv\/az\/#website","url":"https:\/\/www.meydan.tv\/az\/","name":"MEYDAN.TV","description":"Meydan TV Az\u0259rbaycan\u0131n media m\u0259kan\u0131ndak\u0131 alternativ s\u0259sidir","publisher":{"@id":"https:\/\/www.meydan.tv\/az\/#organization"},"potentialAction":[{"@type":"SearchAction","target":{"@type":"EntryPoint","urlTemplate":"https:\/\/www.meydan.tv\/az\/?s={search_term_string}"},"query-input":{"@type":"PropertyValueSpecification","valueRequired":true,"valueName":"search_term_string"}}],"inLanguage":"az"},{"@type":"Organization","@id":"https:\/\/www.meydan.tv\/az\/#organization","name":"Meydan TV","url":"https:\/\/www.meydan.tv\/az\/","logo":{"@type":"ImageObject","inLanguage":"az","@id":"https:\/\/www.meydan.tv\/az\/#\/schema\/logo\/image\/","url":"https:\/\/www.meydan.tv\/wp-content\/uploads\/2021\/07\/meydan-logo.svg","contentUrl":"https:\/\/www.meydan.tv\/wp-content\/uploads\/2021\/07\/meydan-logo.svg","width":195,"height":46,"caption":"Meydan TV"},"image":{"@id":"https:\/\/www.meydan.tv\/az\/#\/schema\/logo\/image\/"}},{"@type":"Person","@id":"https:\/\/www.meydan.tv\/az\/#\/schema\/person\/9cdbecf90d17180ce1dfbd95b08dcf47","name":"elli","sameAs":["https:\/\/x.com\/elli"]}]}},"_links":{"self":[{"href":"https:\/\/www.meydan.tv\/az\/wp-json\/wp\/v2\/posts\/239901","targetHints":{"allow":["GET"]}}],"collection":[{"href":"https:\/\/www.meydan.tv\/az\/wp-json\/wp\/v2\/posts"}],"about":[{"href":"https:\/\/www.meydan.tv\/az\/wp-json\/wp\/v2\/types\/post"}],"author":[{"embeddable":true,"href":"https:\/\/www.meydan.tv\/az\/wp-json\/wp\/v2\/users\/8"}],"replies":[{"embeddable":true,"href":"https:\/\/www.meydan.tv\/az\/wp-json\/wp\/v2\/comments?post=239901"}],"version-history":[{"count":2,"href":"https:\/\/www.meydan.tv\/az\/wp-json\/wp\/v2\/posts\/239901\/revisions"}],"predecessor-version":[{"id":240351,"href":"https:\/\/www.meydan.tv\/az\/wp-json\/wp\/v2\/posts\/239901\/revisions\/240351"}],"wp:featuredmedia":[{"embeddable":true,"href":"https:\/\/www.meydan.tv\/az\/wp-json\/wp\/v2\/media\/125837"}],"wp:attachment":[{"href":"https:\/\/www.meydan.tv\/az\/wp-json\/wp\/v2\/media?parent=239901"}],"wp:term":[{"taxonomy":"category","embeddable":true,"href":"https:\/\/www.meydan.tv\/az\/wp-json\/wp\/v2\/categories?post=239901"},{"taxonomy":"post_tag","embeddable":true,"href":"https:\/\/www.meydan.tv\/az\/wp-json\/wp\/v2\/tags?post=239901"}],"curies":[{"name":"wp","href":"https:\/\/api.w.org\/{rel}","templated":true}]}}