{"id":239899,"date":"2022-03-30T12:56:59","date_gmt":"2022-03-30T08:56:59","guid":{"rendered":"https:\/\/www.meydan.tv\/?p=239899"},"modified":"2022-03-30T12:57:02","modified_gmt":"2022-03-30T08:57:02","slug":"tofiq-yaqublu-milli-sura-aprelin-2-de-mitinq-kecirmeyecek","status":"publish","type":"post","link":"https:\/\/www.meydan.tv\/az\/article\/tofiq-yaqublu-milli-sura-aprelin-2-de-mitinq-kecirmeyecek\/","title":{"rendered":"Tofiq Yaqublu: &#8220;Milli \u015eura aprelin 2-d\u0259 mitinq ke\u00e7irm\u0259y\u0259c\u0259k&#8221;"},"content":{"rendered":"\n<p><\/p>\n\n\n\n<p><em>&#8220;Raz\u0131la\u015fd\u0131r\u0131lmam\u0131\u015f aksiya ke\u00e7irm\u0259y\u0259c\u0259yimizi s\u00f6yl\u0259mi\u015fdik&#8221;<\/em><\/p>\n\n\n\n<p>Demokratik Q\u00fcvv\u0259l\u0259rin Milli \u015euras\u0131 aprelin 2-d\u0259 mitinq ke\u00e7irm\u0259y\u0259c\u0259k.<\/p>\n\n\n\n<p>Bu bar\u0259d\u0259 Milli \u015euran\u0131n Koordinasiya M\u0259rk\u0259zinin \u00fczv\u00fc, m\u00fcsavat\u00e7\u0131 Tofiq Yaqublu Meydan TV-y\u0259 dan\u0131\u015f\u0131b.<\/p>\n\n\n\n<p>T.Yaqublu Bak\u0131 \u015e\u0259h\u0259r \u0130cra Hakimiyy\u0259tinin (B\u015e\u0130H) Milli \u015euran\u0131n aprelin 2-d\u0259 mitinq ke\u00e7irm\u0259kl\u0259 ba\u011fl\u0131 m\u00fcraci\u0259tin\u0259 r\u0259dd cavab\u0131 verdiyind\u0259n x\u0259b\u0259rdard\u0131r.<\/p>\n\n\n\n<p>&#8220;Biz onsuz da \u0259vv\u0259lc\u0259d\u0259n raz\u0131la\u015fd\u0131r\u0131lmam\u0131\u015f aksiya ke\u00e7irm\u0259y\u0259c\u0259yimizi s\u00f6yl\u0259mi\u015fdik. Amma mart\u0131n 31-d\u0259 Milli \u015euran\u0131n n\u00f6vb\u0259ti toplant\u0131s\u0131nda icra hakimiyy\u0259tinin cavab m\u0259ktubu m\u00fczakir\u0259 olunub qiym\u0259t veril\u0259c\u0259k&#8221;, &#8211; dey\u0259 o bildirib.<\/p>\n\n\n\n<p>Milli \u015eura mart\u0131n 24-d\u0259 paytaxt r\u0259hb\u0259rliyin\u0259 aksiya ke\u00e7irm\u0259kl\u0259 ba\u011fl\u0131 m\u00fcraci\u0259t <a href=\"https:\/\/www.meydan.tv\/az\/article\/milli-sura-mitinq-qerari-verdi\/\" target=\"_blank\" rel=\"noreferrer noopener\">etmi\u015fdi<\/a>.<\/p>\n\n\n\n<p>M\u00fcraci\u0259td\u0259 aprelin 2-d\u0259 saat 15:00-17:00-d\u0259k Bak\u0131 \u015f\u0259h\u0259ri, Yasamal rayonunda yerl\u0259\u015f\u0259n ke\u00e7mi\u015f &#8220;M\u0259hsul&#8221; stadionunda, metronun \u201cN\u0259rimanov\u201d stansiyas\u0131 yan\u0131ndak\u0131 parkda v\u0259 \u201cUkrayna\u201d dair\u0259sind\u0259 mitinqin ke\u00e7irilm\u0259si \u00fc\u00e7\u00fcn yer ayr\u0131lmas\u0131 qeyd olunmu\u015fdu.<\/p>\n\n\n\n<p>Milli \u015eura Ukraynan\u0131n \u0259razi b\u00fct\u00f6vl\u00fcy\u00fcn\u0259 d\u0259st\u0259k m\u0259qs\u0259dil\u0259 mitinq ke\u00e7irm\u0259yi planla\u015fd\u0131rm\u0131\u015fd\u0131.<\/p>\n","protected":false},"excerpt":{"rendered":"<p>&#8220;Raz\u0131la\u015fd\u0131r\u0131lmam\u0131\u015f aksiya ke\u00e7irm\u0259y\u0259c\u0259yimizi s\u00f6yl\u0259mi\u015fdik&#8221; Demokratik Q\u00fcvv\u0259l\u0259rin Milli \u015euras\u0131 aprelin 2-d\u0259 &#8230; <\/p>\n<p class=\"read-more-container\"><a title=\"Tofiq Yaqublu: &#8220;Milli \u015eura aprelin 2-d\u0259 mitinq ke\u00e7irm\u0259y\u0259c\u0259k&#8221;\" class=\"read-more button\" href=\"https:\/\/www.meydan.tv\/az\/article\/tofiq-yaqublu-milli-sura-aprelin-2-de-mitinq-kecirmeyecek\/#more-239899\" aria-label=\"Read more about Tofiq Yaqublu: &#8220;Milli \u015eura aprelin 2-d\u0259 mitinq ke\u00e7irm\u0259y\u0259c\u0259k&#8221;\">Davam\u0131<\/a><\/p>\n","protected":false},"author":8,"featured_media":122839,"comment_status":"closed","ping_status":"closed","sticky":false,"template":"","format":"standard","meta":{"_acf_changed":false,"_sitemap_exclude":false,"_sitemap_priority":"","_sitemap_frequency":"","footnotes":""},"categories":[59,79,56],"tags":[],"class_list":["post-239899","post","type-post","status-publish","format-standard","has-post-thumbnail","hentry","category-siyaset","category-featured","category-xeberler","infinite-scroll-item","generate-columns","tablet-grid-50","mobile-grid-100","grid-parent","grid-33","no-featured-image-padding"],"acf":[],"yoast_head":"<!-- This site is optimized with the Yoast SEO plugin v27.5 - https:\/\/yoast.com\/product\/yoast-seo-wordpress\/ -->\n<title>Tofiq Yaqublu: &quot;Milli \u015eura aprelin 2-d\u0259 mitinq ke\u00e7irm\u0259y\u0259c\u0259k&quot; - MEYDAN.TV<\/title>\n<meta name=\"robots\" content=\"index, follow, max-snippet:-1, max-image-preview:large, max-video-preview:-1\" \/>\n<link rel=\"canonical\" href=\"https:\/\/www.meydan.tv\/az\/article\/tofiq-yaqublu-milli-sura-aprelin-2-de-mitinq-kecirmeyecek\/\" \/>\n<meta property=\"og:locale\" content=\"az_AZ\" \/>\n<meta property=\"og:type\" content=\"article\" \/>\n<meta property=\"og:title\" content=\"Tofiq Yaqublu: &quot;Milli \u015eura aprelin 2-d\u0259 mitinq ke\u00e7irm\u0259y\u0259c\u0259k&quot; - MEYDAN.TV\" \/>\n<meta property=\"og:description\" content=\"&#8220;Raz\u0131la\u015fd\u0131r\u0131lmam\u0131\u015f aksiya ke\u00e7irm\u0259y\u0259c\u0259yimizi s\u00f6yl\u0259mi\u015fdik&#8221; Demokratik Q\u00fcvv\u0259l\u0259rin Milli \u015euras\u0131 aprelin 2-d\u0259 ... Davam\u0131\" \/>\n<meta property=\"og:url\" content=\"https:\/\/www.meydan.tv\/az\/article\/tofiq-yaqublu-milli-sura-aprelin-2-de-mitinq-kecirmeyecek\/\" \/>\n<meta property=\"og:site_name\" content=\"MEYDAN.TV\" \/>\n<meta property=\"article:published_time\" content=\"2022-03-30T08:56:59+00:00\" \/>\n<meta property=\"article:modified_time\" content=\"2022-03-30T08:57:02+00:00\" \/>\n<meta property=\"og:image\" content=\"https:\/\/www.meydan.tv\/wp-content\/uploads\/screenshot_232.png\" \/>\n\t<meta property=\"og:image:width\" content=\"1200\" \/>\n\t<meta property=\"og:image:height\" content=\"670\" \/>\n\t<meta property=\"og:image:type\" content=\"image\/png\" \/>\n<meta name=\"author\" content=\"elli\" \/>\n<meta name=\"twitter:card\" content=\"summary_large_image\" \/>\n<meta name=\"twitter:creator\" content=\"@elli\" \/>\n<script type=\"application\/ld+json\" class=\"yoast-schema-graph\">{\"@context\":\"https:\\\/\\\/schema.org\",\"@graph\":[{\"@type\":\"Article\",\"@id\":\"https:\\\/\\\/www.meydan.tv\\\/az\\\/article\\\/tofiq-yaqublu-milli-sura-aprelin-2-de-mitinq-kecirmeyecek\\\/#article\",\"isPartOf\":{\"@id\":\"https:\\\/\\\/www.meydan.tv\\\/az\\\/article\\\/tofiq-yaqublu-milli-sura-aprelin-2-de-mitinq-kecirmeyecek\\\/\"},\"author\":{\"name\":\"elli\",\"@id\":\"https:\\\/\\\/www.meydan.tv\\\/az\\\/#\\\/schema\\\/person\\\/9cdbecf90d17180ce1dfbd95b08dcf47\"},\"headline\":\"Tofiq Yaqublu: &#8220;Milli \u015eura aprelin 2-d\u0259 mitinq ke\u00e7irm\u0259y\u0259c\u0259k&#8221;\",\"datePublished\":\"2022-03-30T08:56:59+00:00\",\"dateModified\":\"2022-03-30T08:57:02+00:00\",\"mainEntityOfPage\":{\"@id\":\"https:\\\/\\\/www.meydan.tv\\\/az\\\/article\\\/tofiq-yaqublu-milli-sura-aprelin-2-de-mitinq-kecirmeyecek\\\/\"},\"wordCount\":234,\"publisher\":{\"@id\":\"https:\\\/\\\/www.meydan.tv\\\/az\\\/#organization\"},\"image\":{\"@id\":\"https:\\\/\\\/www.meydan.tv\\\/az\\\/article\\\/tofiq-yaqublu-milli-sura-aprelin-2-de-mitinq-kecirmeyecek\\\/#primaryimage\"},\"thumbnailUrl\":\"https:\\\/\\\/www.meydan.tv\\\/wp-content\\\/uploads\\\/screenshot_232.png\",\"articleSection\":[\"Siyas\u0259t\",\"T\u00f6vsiy\u0259\",\"X\u0259b\u0259rl\u0259r\"],\"inLanguage\":\"az\"},{\"@type\":\"WebPage\",\"@id\":\"https:\\\/\\\/www.meydan.tv\\\/az\\\/article\\\/tofiq-yaqublu-milli-sura-aprelin-2-de-mitinq-kecirmeyecek\\\/\",\"url\":\"https:\\\/\\\/www.meydan.tv\\\/az\\\/article\\\/tofiq-yaqublu-milli-sura-aprelin-2-de-mitinq-kecirmeyecek\\\/\",\"name\":\"Tofiq Yaqublu: \\\"Milli \u015eura aprelin 2-d\u0259 mitinq ke\u00e7irm\u0259y\u0259c\u0259k\\\" - MEYDAN.TV\",\"isPartOf\":{\"@id\":\"https:\\\/\\\/www.meydan.tv\\\/az\\\/#website\"},\"primaryImageOfPage\":{\"@id\":\"https:\\\/\\\/www.meydan.tv\\\/az\\\/article\\\/tofiq-yaqublu-milli-sura-aprelin-2-de-mitinq-kecirmeyecek\\\/#primaryimage\"},\"image\":{\"@id\":\"https:\\\/\\\/www.meydan.tv\\\/az\\\/article\\\/tofiq-yaqublu-milli-sura-aprelin-2-de-mitinq-kecirmeyecek\\\/#primaryimage\"},\"thumbnailUrl\":\"https:\\\/\\\/www.meydan.tv\\\/wp-content\\\/uploads\\\/screenshot_232.png\",\"datePublished\":\"2022-03-30T08:56:59+00:00\",\"dateModified\":\"2022-03-30T08:57:02+00:00\",\"breadcrumb\":{\"@id\":\"https:\\\/\\\/www.meydan.tv\\\/az\\\/article\\\/tofiq-yaqublu-milli-sura-aprelin-2-de-mitinq-kecirmeyecek\\\/#breadcrumb\"},\"inLanguage\":\"az\",\"potentialAction\":[{\"@type\":\"ReadAction\",\"target\":[\"https:\\\/\\\/www.meydan.tv\\\/az\\\/article\\\/tofiq-yaqublu-milli-sura-aprelin-2-de-mitinq-kecirmeyecek\\\/\"]}]},{\"@type\":\"ImageObject\",\"inLanguage\":\"az\",\"@id\":\"https:\\\/\\\/www.meydan.tv\\\/az\\\/article\\\/tofiq-yaqublu-milli-sura-aprelin-2-de-mitinq-kecirmeyecek\\\/#primaryimage\",\"url\":\"https:\\\/\\\/www.meydan.tv\\\/wp-content\\\/uploads\\\/screenshot_232.png\",\"contentUrl\":\"https:\\\/\\\/www.meydan.tv\\\/wp-content\\\/uploads\\\/screenshot_232.png\",\"width\":1200,\"height\":670,\"caption\":\"Source: Meydan.TV\"},{\"@type\":\"BreadcrumbList\",\"@id\":\"https:\\\/\\\/www.meydan.tv\\\/az\\\/article\\\/tofiq-yaqublu-milli-sura-aprelin-2-de-mitinq-kecirmeyecek\\\/#breadcrumb\",\"itemListElement\":[{\"@type\":\"ListItem\",\"position\":1,\"name\":\"Ana s\u0259hif\u0259\",\"item\":\"https:\\\/\\\/www.meydan.tv\\\/az\\\/\"},{\"@type\":\"ListItem\",\"position\":2,\"name\":\"Siyas\u0259t\",\"item\":\"https:\\\/\\\/www.meydan.tv\\\/az\\\/section\\\/siyaset\\\/\"},{\"@type\":\"ListItem\",\"position\":3,\"name\":\"Tofiq Yaqublu: &#8220;Milli \u015eura aprelin 2-d\u0259 mitinq ke\u00e7irm\u0259y\u0259c\u0259k&#8221;\"}]},{\"@type\":\"WebSite\",\"@id\":\"https:\\\/\\\/www.meydan.tv\\\/az\\\/#website\",\"url\":\"https:\\\/\\\/www.meydan.tv\\\/az\\\/\",\"name\":\"MEYDAN.TV\",\"description\":\"Meydan TV Az\u0259rbaycan\u0131n media m\u0259kan\u0131ndak\u0131 alternativ s\u0259sidir\",\"publisher\":{\"@id\":\"https:\\\/\\\/www.meydan.tv\\\/az\\\/#organization\"},\"potentialAction\":[{\"@type\":\"SearchAction\",\"target\":{\"@type\":\"EntryPoint\",\"urlTemplate\":\"https:\\\/\\\/www.meydan.tv\\\/az\\\/?s={search_term_string}\"},\"query-input\":{\"@type\":\"PropertyValueSpecification\",\"valueRequired\":true,\"valueName\":\"search_term_string\"}}],\"inLanguage\":\"az\"},{\"@type\":\"Organization\",\"@id\":\"https:\\\/\\\/www.meydan.tv\\\/az\\\/#organization\",\"name\":\"Meydan TV\",\"url\":\"https:\\\/\\\/www.meydan.tv\\\/az\\\/\",\"logo\":{\"@type\":\"ImageObject\",\"inLanguage\":\"az\",\"@id\":\"https:\\\/\\\/www.meydan.tv\\\/az\\\/#\\\/schema\\\/logo\\\/image\\\/\",\"url\":\"https:\\\/\\\/www.meydan.tv\\\/wp-content\\\/uploads\\\/2021\\\/07\\\/meydan-logo.svg\",\"contentUrl\":\"https:\\\/\\\/www.meydan.tv\\\/wp-content\\\/uploads\\\/2021\\\/07\\\/meydan-logo.svg\",\"width\":195,\"height\":46,\"caption\":\"Meydan TV\"},\"image\":{\"@id\":\"https:\\\/\\\/www.meydan.tv\\\/az\\\/#\\\/schema\\\/logo\\\/image\\\/\"}},{\"@type\":\"Person\",\"@id\":\"https:\\\/\\\/www.meydan.tv\\\/az\\\/#\\\/schema\\\/person\\\/9cdbecf90d17180ce1dfbd95b08dcf47\",\"name\":\"elli\",\"sameAs\":[\"https:\\\/\\\/x.com\\\/elli\"]}]}<\/script>\n<!-- \/ Yoast SEO plugin. -->","yoast_head_json":{"title":"Tofiq Yaqublu: \"Milli \u015eura aprelin 2-d\u0259 mitinq ke\u00e7irm\u0259y\u0259c\u0259k\" - MEYDAN.TV","robots":{"index":"index","follow":"follow","max-snippet":"max-snippet:-1","max-image-preview":"max-image-preview:large","max-video-preview":"max-video-preview:-1"},"canonical":"https:\/\/www.meydan.tv\/az\/article\/tofiq-yaqublu-milli-sura-aprelin-2-de-mitinq-kecirmeyecek\/","og_locale":"az_AZ","og_type":"article","og_title":"Tofiq Yaqublu: \"Milli \u015eura aprelin 2-d\u0259 mitinq ke\u00e7irm\u0259y\u0259c\u0259k\" - MEYDAN.TV","og_description":"&#8220;Raz\u0131la\u015fd\u0131r\u0131lmam\u0131\u015f aksiya ke\u00e7irm\u0259y\u0259c\u0259yimizi s\u00f6yl\u0259mi\u015fdik&#8221; Demokratik Q\u00fcvv\u0259l\u0259rin Milli \u015euras\u0131 aprelin 2-d\u0259 ... Davam\u0131","og_url":"https:\/\/www.meydan.tv\/az\/article\/tofiq-yaqublu-milli-sura-aprelin-2-de-mitinq-kecirmeyecek\/","og_site_name":"MEYDAN.TV","article_published_time":"2022-03-30T08:56:59+00:00","article_modified_time":"2022-03-30T08:57:02+00:00","og_image":[{"width":1200,"height":670,"url":"https:\/\/www.meydan.tv\/wp-content\/uploads\/screenshot_232.png","type":"image\/png"}],"author":"elli","twitter_card":"summary_large_image","twitter_creator":"@elli","schema":{"@context":"https:\/\/schema.org","@graph":[{"@type":"Article","@id":"https:\/\/www.meydan.tv\/az\/article\/tofiq-yaqublu-milli-sura-aprelin-2-de-mitinq-kecirmeyecek\/#article","isPartOf":{"@id":"https:\/\/www.meydan.tv\/az\/article\/tofiq-yaqublu-milli-sura-aprelin-2-de-mitinq-kecirmeyecek\/"},"author":{"name":"elli","@id":"https:\/\/www.meydan.tv\/az\/#\/schema\/person\/9cdbecf90d17180ce1dfbd95b08dcf47"},"headline":"Tofiq Yaqublu: &#8220;Milli \u015eura aprelin 2-d\u0259 mitinq ke\u00e7irm\u0259y\u0259c\u0259k&#8221;","datePublished":"2022-03-30T08:56:59+00:00","dateModified":"2022-03-30T08:57:02+00:00","mainEntityOfPage":{"@id":"https:\/\/www.meydan.tv\/az\/article\/tofiq-yaqublu-milli-sura-aprelin-2-de-mitinq-kecirmeyecek\/"},"wordCount":234,"publisher":{"@id":"https:\/\/www.meydan.tv\/az\/#organization"},"image":{"@id":"https:\/\/www.meydan.tv\/az\/article\/tofiq-yaqublu-milli-sura-aprelin-2-de-mitinq-kecirmeyecek\/#primaryimage"},"thumbnailUrl":"https:\/\/www.meydan.tv\/wp-content\/uploads\/screenshot_232.png","articleSection":["Siyas\u0259t","T\u00f6vsiy\u0259","X\u0259b\u0259rl\u0259r"],"inLanguage":"az"},{"@type":"WebPage","@id":"https:\/\/www.meydan.tv\/az\/article\/tofiq-yaqublu-milli-sura-aprelin-2-de-mitinq-kecirmeyecek\/","url":"https:\/\/www.meydan.tv\/az\/article\/tofiq-yaqublu-milli-sura-aprelin-2-de-mitinq-kecirmeyecek\/","name":"Tofiq Yaqublu: \"Milli \u015eura aprelin 2-d\u0259 mitinq ke\u00e7irm\u0259y\u0259c\u0259k\" - MEYDAN.TV","isPartOf":{"@id":"https:\/\/www.meydan.tv\/az\/#website"},"primaryImageOfPage":{"@id":"https:\/\/www.meydan.tv\/az\/article\/tofiq-yaqublu-milli-sura-aprelin-2-de-mitinq-kecirmeyecek\/#primaryimage"},"image":{"@id":"https:\/\/www.meydan.tv\/az\/article\/tofiq-yaqublu-milli-sura-aprelin-2-de-mitinq-kecirmeyecek\/#primaryimage"},"thumbnailUrl":"https:\/\/www.meydan.tv\/wp-content\/uploads\/screenshot_232.png","datePublished":"2022-03-30T08:56:59+00:00","dateModified":"2022-03-30T08:57:02+00:00","breadcrumb":{"@id":"https:\/\/www.meydan.tv\/az\/article\/tofiq-yaqublu-milli-sura-aprelin-2-de-mitinq-kecirmeyecek\/#breadcrumb"},"inLanguage":"az","potentialAction":[{"@type":"ReadAction","target":["https:\/\/www.meydan.tv\/az\/article\/tofiq-yaqublu-milli-sura-aprelin-2-de-mitinq-kecirmeyecek\/"]}]},{"@type":"ImageObject","inLanguage":"az","@id":"https:\/\/www.meydan.tv\/az\/article\/tofiq-yaqublu-milli-sura-aprelin-2-de-mitinq-kecirmeyecek\/#primaryimage","url":"https:\/\/www.meydan.tv\/wp-content\/uploads\/screenshot_232.png","contentUrl":"https:\/\/www.meydan.tv\/wp-content\/uploads\/screenshot_232.png","width":1200,"height":670,"caption":"Source: Meydan.TV"},{"@type":"BreadcrumbList","@id":"https:\/\/www.meydan.tv\/az\/article\/tofiq-yaqublu-milli-sura-aprelin-2-de-mitinq-kecirmeyecek\/#breadcrumb","itemListElement":[{"@type":"ListItem","position":1,"name":"Ana s\u0259hif\u0259","item":"https:\/\/www.meydan.tv\/az\/"},{"@type":"ListItem","position":2,"name":"Siyas\u0259t","item":"https:\/\/www.meydan.tv\/az\/section\/siyaset\/"},{"@type":"ListItem","position":3,"name":"Tofiq Yaqublu: &#8220;Milli \u015eura aprelin 2-d\u0259 mitinq ke\u00e7irm\u0259y\u0259c\u0259k&#8221;"}]},{"@type":"WebSite","@id":"https:\/\/www.meydan.tv\/az\/#website","url":"https:\/\/www.meydan.tv\/az\/","name":"MEYDAN.TV","description":"Meydan TV Az\u0259rbaycan\u0131n media m\u0259kan\u0131ndak\u0131 alternativ s\u0259sidir","publisher":{"@id":"https:\/\/www.meydan.tv\/az\/#organization"},"potentialAction":[{"@type":"SearchAction","target":{"@type":"EntryPoint","urlTemplate":"https:\/\/www.meydan.tv\/az\/?s={search_term_string}"},"query-input":{"@type":"PropertyValueSpecification","valueRequired":true,"valueName":"search_term_string"}}],"inLanguage":"az"},{"@type":"Organization","@id":"https:\/\/www.meydan.tv\/az\/#organization","name":"Meydan TV","url":"https:\/\/www.meydan.tv\/az\/","logo":{"@type":"ImageObject","inLanguage":"az","@id":"https:\/\/www.meydan.tv\/az\/#\/schema\/logo\/image\/","url":"https:\/\/www.meydan.tv\/wp-content\/uploads\/2021\/07\/meydan-logo.svg","contentUrl":"https:\/\/www.meydan.tv\/wp-content\/uploads\/2021\/07\/meydan-logo.svg","width":195,"height":46,"caption":"Meydan TV"},"image":{"@id":"https:\/\/www.meydan.tv\/az\/#\/schema\/logo\/image\/"}},{"@type":"Person","@id":"https:\/\/www.meydan.tv\/az\/#\/schema\/person\/9cdbecf90d17180ce1dfbd95b08dcf47","name":"elli","sameAs":["https:\/\/x.com\/elli"]}]}},"_links":{"self":[{"href":"https:\/\/www.meydan.tv\/az\/wp-json\/wp\/v2\/posts\/239899","targetHints":{"allow":["GET"]}}],"collection":[{"href":"https:\/\/www.meydan.tv\/az\/wp-json\/wp\/v2\/posts"}],"about":[{"href":"https:\/\/www.meydan.tv\/az\/wp-json\/wp\/v2\/types\/post"}],"author":[{"embeddable":true,"href":"https:\/\/www.meydan.tv\/az\/wp-json\/wp\/v2\/users\/8"}],"replies":[{"embeddable":true,"href":"https:\/\/www.meydan.tv\/az\/wp-json\/wp\/v2\/comments?post=239899"}],"version-history":[{"count":1,"href":"https:\/\/www.meydan.tv\/az\/wp-json\/wp\/v2\/posts\/239899\/revisions"}],"predecessor-version":[{"id":239900,"href":"https:\/\/www.meydan.tv\/az\/wp-json\/wp\/v2\/posts\/239899\/revisions\/239900"}],"wp:featuredmedia":[{"embeddable":true,"href":"https:\/\/www.meydan.tv\/az\/wp-json\/wp\/v2\/media\/122839"}],"wp:attachment":[{"href":"https:\/\/www.meydan.tv\/az\/wp-json\/wp\/v2\/media?parent=239899"}],"wp:term":[{"taxonomy":"category","embeddable":true,"href":"https:\/\/www.meydan.tv\/az\/wp-json\/wp\/v2\/categories?post=239899"},{"taxonomy":"post_tag","embeddable":true,"href":"https:\/\/www.meydan.tv\/az\/wp-json\/wp\/v2\/tags?post=239899"}],"curies":[{"name":"wp","href":"https:\/\/api.w.org\/{rel}","templated":true}]}}