{"id":239771,"date":"2022-03-29T13:12:05","date_gmt":"2022-03-29T09:12:05","guid":{"rendered":"https:\/\/www.meydan.tv\/?p=239771"},"modified":"2022-03-29T13:12:07","modified_gmt":"2022-03-29T09:12:07","slug":"misir-kralligi","status":"publish","type":"post","link":"https:\/\/www.meydan.tv\/az\/article\/misir-kralligi\/","title":{"rendered":"Misir krall\u0131\u011f\u0131"},"content":{"rendered":"\n<p><\/p>\n\n\n\n<p><em>\u018fr\u0259b \u00f6lk\u0259l\u0259rind\u0259 \u00f6z\u00fcnd\u0259n \u0259vv\u0259lki v\u0259 sonrak\u0131 \u00e7evrili\u015fl\u0259rd\u0259n f\u0259rqli olaraq bu \u00e7evrili\u015f qans\u0131z \u00f6t\u00fc\u015fd\u00fc<br><\/em><br>Alban k\u00f6k\u0259nli Osmanl\u0131 pa\u015fas\u0131 M\u0259h\u0259mm\u0259d \u018fli 1805-ci ild\u0259 Misiri \u00f6z hakimiyy\u0259ti alt\u0131na ald\u0131. \u00d6lk\u0259 formal olaraq Osmanl\u0131 \u0259razisi, pa\u015fa is\u0259 sultan\u0131n vassal\u0131 say\u0131l\u0131rd\u0131. \u018fslind\u0259 is\u0259 M\u0259h\u0259mm\u0259d \u018fli buran\u0131 m\u00fcst\u0259qil idar\u0259 edir, \u0130stanbulla hesabla\u015fm\u0131rd\u0131. Onu tabe etm\u0259y\u0259 \u00e7al\u0131\u015fan sultan\u0131 is\u0259 iki m\u00fcharib\u0259d\u0259 m\u0259\u011flubiyy\u0259t\u0259 u\u011fratd\u0131. N\u0259tic\u0259d\u0259 sultan Misirl\u0259 yana\u015f\u0131 Sudan\u0131 da M\u0259h\u0259mm\u0259d \u018flinin irsi m\u00fclk\u00fc kimi tan\u0131mal\u0131 oldu.<br><\/p>\n\n\n\n<p>Osmanl\u0131 h\u00f6kmdar\u0131 \u018fbd\u00fcl\u0259ziz 1867-ci ild\u0259 Misir pa\u015fas\u0131 \u0130smay\u0131la irsi \u201chidiv\u201d titulu verdi, bu da onlar\u0131 dig\u0259r \u0259razil\u0259rin hakiml\u0259rind\u0259n f\u0259rql\u0259ndirirdi. Hidiv Osmanl\u0131 protokolunda ba\u015f v\u0259zir v\u0259 \u015feyx\u00fclislamdan sonra g\u0259lirdi. \u0130smay\u0131l pa\u015fadan sonra o\u011flu Tefvik v\u0259 n\u0259v\u0259si II Abbas hidiv titulunu da\u015f\u0131d\u0131lar.<br><\/p>\n\n\n\n<p>1882-ci ild\u0259 \u0130ngilt\u0259r\u0259-Misir m\u00fcharib\u0259sind\u0259n sonra \u00fcmumiyy\u0259tl\u0259 qar\u0131\u015f\u0131q v\u0259ziyy\u0259t yarand\u0131: Misir Osmanl\u0131n\u0131n \u0259razisi say\u0131l\u0131rd\u0131, amma buran\u0131 Osmanl\u0131 il\u0259 hesabla\u015fmayan hidivl\u0259r idar\u0259 edirdil\u0259r, \u00fcst\u0259lik, \u0130ngilt\u0259r\u0259nin i\u015f\u011fal\u0131 alt\u0131nda idi.<br><\/p>\n\n\n\n<p>1892-ci ild\u0259 hakimiyy\u0259t\u0259 g\u0259l\u0259n II Abbas \u0130ngilt\u0259r\u0259 \u0259leydar\u0131, Osmanl\u0131 il\u0259 yaxnla\u015fma t\u0259r\u0259fdar\u0131 kimi tan\u0131n\u0131rd\u0131. \u0130ngilisl\u0259r d\u0259 buna \u0259ks add\u0131mlarla cavab verirdil\u0259r. Amma Osmanl\u0131 d\u00f6vl\u0259ti Almaniya t\u0259r\u0259find\u0259 v\u0259 \u0130ngilt\u0259r\u0259 \u0259leyhin\u0259 Birinci D\u00fcnya M\u00fcharib\u0259sin\u0259 qo\u015fulduqda, London bel\u0259 v\u0259ziyy\u0259ti t\u0259hl\u00fck\u0259li hesab etdi. II Abbas devrildi, onun yerin\u0259 ingilisp\u0259r\u0259st \u0259misi H\u00fcseyn Kamil\u0131 g\u0259tirildi.<br><\/p>\n\n\n\n<p>Bu hadis\u0259 Osmanl\u0131n\u0131n Misir \u00fcz\u0259rind\u0259 4 \u0259sr davam ed\u0259n hakimiyy\u0259tinin sonu oldu. \u0130ndi Misir daha Osmanl\u0131n\u0131n \u0259yal\u0259ti, hidivlik yox, sultanl\u0131q idi. \u00d6lk\u0259 ba\u015f\u00e7\u0131s\u0131 da sultan adlan\u0131rd\u0131. Bu, y\u0259qin ki, Osmanl\u0131 i\u015f\u011fal\u0131na q\u0259d\u0259r m\u00f6vcud olan Misir sultanl\u0131\u011f\u0131n\u0131n varisliyin\u0259 i\u015far\u0259 idi. Amma indiki sultanl\u0131q, el\u0259c\u0259 d\u0259 Sudan Britaniyan\u0131n protektoratl\u0131\u011f\u0131 alt\u0131nda idi.<br><\/p>\n\n\n\n<p>\u0130lk sultan \u00fc\u00e7 illik hakimiyy\u0259td\u0259n sonra \u00f6ld\u00fc. Onun o\u011flu H\u00fcseyn K\u0259mal\u0259ddin s\u0259yyah, \u0259ntiq \u0259\u015fyalar\u0131n v\u0259 inc\u0259s\u0259n\u0259t \u0259s\u0259rl\u0259rinin q\u0131z\u011f\u0131n t\u0259dqiqat\u00e7\u0131s\u0131 v\u0259 kolleksiya\u00e7\u0131s\u0131 idi. O, \u00f6z hobbisi il\u0259 m\u0259\u015f\u011ful olma\u011fa \u00fcst\u00fcnl\u00fck ver\u0259r\u0259k h\u00f6kmdarl\u0131qdan imtina etdi. Buna g\u00f6r\u0259 d\u0259 m\u0259rhum sultan\u0131n qarda\u015f\u0131 \u018fhm\u0259d Fuad pa\u015fa I Fuad ad\u0131 il\u0259 taxta \u00e7\u0131xd\u0131.<\/p>\n\n\n\n<hr class=\"wp-block-separator\"\/>\n\n\n\n<p>Birinci D\u00fcnya M\u00fcharib\u0259si 1918-ci il noyabr\u0131n 11-d\u0259 bitdikd\u0259n bir ne\u00e7\u0259 g\u00fcn sonra tan\u0131nm\u0131\u015f h\u00fcquq\u015f\u00fcnas, daha \u0259vv\u0259ll\u0259r h\u00f6kum\u0259td\u0259 maarif v\u0259 \u0259dliyy\u0259 nazirl\u0259ri v\u0259zif\u0259sini tutan S\u0259\u0259d Za\u011flul pa\u015fa v\u0259 daha bir ne\u00e7\u0259 n\u0259f\u0259r Britaniyan\u0131n \u00f6lk\u0259d\u0259ki Ali komissar\u0131 general Recinald Uinqeytl\u0259 g\u00f6r\u00fc\u015f\u0259r\u0259k Misirin m\u00fcst\u0259qilliyini m\u00fczakir\u0259 etm\u0259k \u00fc\u00e7\u00fcn Paris s\u00fclh konfrans\u0131na n\u00fcmay\u0259nd\u0259 g\u00f6nd\u0259rilm\u0259l\u0259rini ist\u0259ndil\u0259r. Amma t\u0259klif q\u0259bul olunmad\u0131. Bu n\u00fcmay\u0259nd\u0259lik m\u0259s\u0259l\u0259si o q\u0259d\u0259r populyar idi ki, h\u0259min d\u00f6vrd\u0259 m\u00fcst\u0259qillik t\u0259r\u0259fdarlar\u0131n\u0131n yaratd\u0131\u011f\u0131 partiyaya bu s\u0259b\u0259bd\u0259n V\u0259fd (n\u00fcmay\u0259nd\u0259) ad\u0131 verildi.<br><\/p>\n\n\n\n<p>S\u0259\u0259d Za\u011flulun r\u0259hb\u0259rlik etdiyi partiya 1919-cu ilin ilk aylar\u0131nda geni\u015f f\u0259aliyy\u0259t\u0259, \u00f6lk\u0259boyu t\u0259\u015fkilatlanma\u011fa, m\u00fcst\u0259qillik lehin\u0259 imza toplama\u011fa ba\u015flad\u0131. Misird\u0259 Britaniya protektoratl\u0131\u011f\u0131na qar\u015f\u0131 v\u0259t\u0259nda\u015f ita\u0259tsizliyi geni\u015fl\u0259ndi. V\u0259ziyy\u0259ti n\u0259zar\u0259td\u0259 saxlama\u011fa \u00e7al\u0131\u015fan ingilisl\u0259r mart\u0131n 8-d\u0259 Za\u011flulu v\u0259 daha iki n\u0259f\u0259ri h\u0259bs\u0259 alaraq Maltaya s\u00fcrg\u00fcn etdil\u0259r.<br><\/p>\n\n\n\n<p>Amma m\u0259hz bu add\u0131m v\u0259ziyy\u0259ti n\u0259zar\u0259td\u0259n \u00e7\u0131xaran q\u0131\u011f\u0131lc\u0131m oldu. Mart\u0131n 9-dan ba\u015flayaraq \u00f6lk\u0259ni etirazlar b\u00fcr\u00fcd\u00fc. \u015e\u0259h\u0259rl\u0259rd\u0259ki etirazlar dinc c\u0259r\u0259yan ets\u0259l\u0259r d\u0259, ingilisl\u0259r onlara qar\u015f\u0131 silah i\u015fl\u0259tdil\u0259r. Etirazlar\u0131n ilk g\u00fcn\u00fc 6 dinc n\u00fcmayi\u015f\u00e7i \u00f6ld\u00fcr\u00fcld\u00fc. K\u0259nd yerl\u0259rind\u0259 etirazlar daha aqressiv ke\u00e7irildi, insanlar m\u00fcxt\u0259lif obyektl\u0259r\u0259 h\u00fccumlar edir, da\u011f\u0131d\u0131r, talan edirdil\u0259r. \u0130ngilisl\u0259r buna ifrat amans\u0131zl\u0131qla cavab verdil\u0259r. \u0130yulun sonlar\u0131na kimi 800-d\u0259n \u00e7ox misirli \u00f6ld\u00fcr\u00fcld\u00fc, 1600-d\u0259n \u00e7ox yaraland\u0131.<br><\/p>\n\n\n\n<p>Repressiyalara baxmayaraq, \u0259halinin etirazlar\u0131 s\u0259ngimirdi. \u00d6lk\u0259ni t\u0259til h\u0259r\u0259kat\u0131 b\u00fcr\u00fcd\u00fc. Diqq\u0259t\u0259layiq hald\u0131r ki, \u00f6lk\u0259nin xristian sakinl\u0259ri d\u0259 m\u00fcs\u0259lmanlarla birlikd\u0259 m\u00fcst\u0259qillik u\u011frunda \u00e7\u0131x\u0131\u015f edirdil\u0259r. H\u0259tta qad\u0131nlar bel\u0259 aksiyalarda i\u015ftirak edirdil\u0259r ki, bu, \u0259r\u0259b \u00f6lk\u0259si \u00fc\u00e7\u00fcn g\u00f6r\u00fcnm\u0259mi\u015f hal idi. Misirin yeni Ali komissar\u0131 Edmund Allenbinin t\u00f6vsiy\u0259si il\u0259 London siyas\u0259ti d\u0259yi\u015fm\u0259k q\u0259rar\u0131na g\u0259ldi. S\u0259\u0259d Za\u011flul v\u0259 dostlar\u0131 azad edildi, onlara Paris\u0259 getm\u0259k icaz\u0259si verildi. Amma bu s\u0259f\u0259r u\u011fursuz oldu, misirlil\u0259r s\u00fclh konfrans\u0131ndan ist\u0259dikl\u0259ri n\u0259tic\u0259ni almadan d\u00f6nd\u00fcl\u0259r.<br><\/p>\n\n\n\n<p>Paris u\u011fursuzlu\u011fu Misir mill\u0259t\u00e7il\u0259rini ruhdan salmad\u0131.V\u0259t\u0259nda\u015f ita\u0259tsizliyi davam edirdi, ingilis mallar\u0131 boykot olunurdu, tez-tez n\u00fcmayi\u015fl\u0259r ke\u00e7irilirdi. 1921-ci ild\u0259 ingilisl\u0259r Za\u011flul v\u0259 bir ne\u00e7\u0259 silahda\u015f\u0131n\u0131 yenid\u0259n h\u0259bs etdil\u0259r v\u0259 bu d\u0259f\u0259 Sey\u015fel adalar\u0131na g\u00f6nd\u0259rdil\u0259r. Yen\u0259 k\u00fctl\u0259vi etirazlar ba\u015f verdi<br><\/p>\n\n\n\n<p>Bununla bel\u0259, Misird\u0259 ba\u015f ver\u0259nl\u0259r \u0130ngilt\u0259r\u0259 h\u00f6kum\u0259tini d\u00fc\u015f\u00fcnm\u0259y\u0259 vadar etdi. H\u0259r \u015feyi \u0259lind\u0259 saxlamaq c\u0259hdi he\u00e7 n\u0259siz qalma\u011fa s\u0259b\u0259b ola bil\u0259rdi. Lloyd Corc h\u00f6kum\u0259tinin h\u0259l\u0259 1919-cu ilin pay\u0131z\u0131nda Misir\u0259 g\u00f6nd\u0259rdiyi komissiya (Milner missiyas\u0131) v\u0259ziyy\u0259ti t\u0259hlil ed\u0259nd\u0259n sonra h\u00f6kum\u0259t\u0259 v\u0259 krala protektoratl\u0131qdan imtinan\u0131, \u0259v\u0259zind\u0259 ittifaq m\u00fcqavil\u0259sinin imzalanmas\u0131n\u0131 t\u00f6vsiy\u0259 etmi\u015fdi.<br><\/p>\n\n\n\n<p>H\u00f6kum\u0259t d\u0259 Britaniyan\u0131n maraqlar\u0131n\u0131n\u0131n qorunmas\u0131 il\u0259 (imperiyan\u0131n kommunikasiya x\u0259tl\u0259rinin t\u0259hl\u00fck\u0259sizliyi, Misirin xarici t\u0259cav\u00fczd\u0259n m\u00fcdafi\u0259si v\u0259 s.) Misirin m\u00fcst\u0259qilliyini tan\u0131maq q\u0259rar\u0131na g\u0259ldi. 1922-ci il fevral\u0131n 28-d\u0259 m\u0259hz \u0130ngilt\u0259r\u0259 h\u00f6kum\u0259ti Misirin (Sudans\u0131z) m\u00fcst\u0259qilliyini elan etdi. Amma \u00f6lk\u0259d\u0259 h\u0259tta Britaniya Ali komissar\u0131 bel\u0259 qalmaqda idi.<\/p>\n\n\n\n<hr class=\"wp-block-separator\"\/>\n\n\n\n<p>M\u00fcst\u0259qilliyin ard\u0131ndan I Fuad mart\u0131n 15-d\u0259 \u00f6z\u00fcn\u00fc kral, Misiri is\u0259 krall\u0131q elan etdi. Onu da qeyd etm\u0259k laz\u0131md\u0131r ki, misirlil\u0259r Sudan\u0131n ayr\u0131lmas\u0131n\u0131 q\u0259bul etmirdil\u0259r, buna g\u00f6r\u0259 d\u0259 Fuad\u0131n r\u0259smi titulu \u201cMisir v\u0259 Sudan\u0131n kral\u0131\u201d idi.<br><\/p>\n\n\n\n<p>1923-c\u00fc ild\u0259 krall\u0131\u011f\u0131n konstitusiyas\u0131 q\u0259bul edildi. S\u0259n\u0259d\u0259 g\u00f6r\u0259 \u00f6lk\u0259d\u0259 parlament b\u0259rpa olunurdu. Qanunverici orqan iki palatadan ibar\u0259t idi \u2013 N\u00fcmay\u0259nd\u0259l\u0259r palatas\u0131 v\u0259 Senat. Deputatalar\u0131n s\u0259lahiyy\u0259t m\u00fcdd\u0259ti be\u015f il idi. N\u00fcmay\u0259nd\u0259l\u0259r palatas\u0131n\u0131n b\u00fct\u00fcn \u00fczvl\u0259ri, Senat\u0131n is\u0259 be\u015fd\u0259 \u00fc\u00e7 hiss\u0259si \u00fcmumi s\u0259sverm\u0259 il\u0259 se\u00e7ilirdi. Be\u015fd\u0259 iki hiss\u0259si is\u0259 kral t\u0259r\u0259find\u0259n t\u0259yin olunurdu. H\u00f6kum\u0259t parlament qar\u015f\u0131s\u0131nda hesabatl\u0131 idi, amma kral\u0131n da parlamenti buraxmaq s\u0259lahiyy\u0259ti vard\u0131.<br><\/p>\n\n\n\n<p>1924-c\u00fc ilin yanvar\u0131n 12-d\u0259 ke\u00e7iril\u0259n parlament se\u00e7kil\u0259rind\u0259 V\u0259fd partiyas\u0131 s\u0259sl\u0259rin 90 faizin\u0259 yax\u0131n\u0131n\u0131 toplayaraq qalib g\u0259ldi v\u0259 iki h\u0259ft\u0259 sonra S\u0259\u0259d Za\u011flul h\u00f6kum\u0259t ba\u015f\u00e7\u0131s\u0131 oldu. Amma bu iqtidar 10 ay davam etdi. Noyabr\u0131n 19-da Sudan\u0131n ingilis general-qubernatoru Li Stek Qahir\u0259d\u0259 \u00f6ld\u00fcr\u00fcld\u00fc. \u0130ngilisl\u0259r sevm\u0259dikl\u0259ri Za\u011flula qar\u015f\u0131 bu hadis\u0259d\u0259n istifad\u0259 etm\u0259k q\u0259rar\u0131na g\u0259ldil\u0259r.<br><\/p>\n\n\n\n<p>Misir h\u00f6kum\u0259ti 500 min funt-sterlinq c\u0259rim\u0259 \u00f6d\u0259m\u0259li, \u00fczr ist\u0259m\u0259li, h\u0259rbi hiss\u0259l\u0259rini Sudandan \u00e7\u0131xararaq buraya olan iddialar\u0131ndan vaz ke\u00e7m\u0259li idi. \u015e\u0259rtl\u0259ri q\u0259bul etm\u0259y\u0259n ba\u015f nazir istefa verdi. Kral h\u00f6kum\u0259t qurma\u011f\u0131 \u00f6z adam\u0131 \u018fhm\u0259d Ziv\u0259r pa\u015faya tap\u015f\u0131rd\u0131. S\u0259\u0259d Za\u011flul is\u0259 1927-ci ild\u0259 v\u0259fat etdi.<br><\/p>\n\n\n\n<p>Krall\u0131\u011f\u0131n m\u00f6vcud oldu\u011fu 30 il \u0259rzind\u0259 Misirin siyasi h\u0259yat\u0131nda \u00fc\u00e7 \u0259sas oyun\u00e7u vard\u0131: ingilisl\u0259r, saray v\u0259 V\u0259fd. Sonuncu xalq aras\u0131nda populyarl\u0131\u011f\u0131na baxmayaraq, dig\u0259rl\u0259rind\u0259n daha z\u0259if idi. \u00c7\u00fcnki real g\u00fcc ingilisl\u0259rd\u0259 v\u0259 kralda idi. Bununla bel\u0259, m\u00fct\u0259madi qazand\u0131\u011f\u0131 parlamentd\u0259 \u00e7oxlu\u011fu partiyaya m\u00fc\u0259yy\u0259n r\u0131\u00e7aqlar verirdi.<br>I Fuad s\u0259lahiyy\u0259tl\u0259rinin konstitusiya v\u0259 parlament t\u0259r\u0259find\u0259n m\u0259hdudla\u015fd\u0131r\u0131lmas\u0131ndan m\u0259mnun deyildi v\u0259 buna g\u00f6r\u0259 d\u0259 1930-cu ild\u0259 yeni konstitusiya elan etdi. \u0130ndi kral Senat \u00fczvl\u0259rinin \u00e7oxunu, be\u015fd\u0259 \u00fc\u00e7 hiss\u0259sini t\u0259yin ed\u0259c\u0259kdi. Bu da parlamenti formal quruma \u00e7evirirdi. \u00dcst\u0259lik, se\u00e7ki h\u00fcququ da m\u0259hdudla\u015fd\u0131r\u0131ld\u0131. \u018fvv\u0259lki \u00fcmumi se\u00e7ki h\u00fcququnun \u0259v\u0259zin\u0259 \u0259mlak v\u0259 savad senzi t\u0259tbiq olunurdu.<br><\/p>\n\n\n\n<p>1923-c\u00fc il konstitusiyas\u0131 il\u0259 m\u00fcqayis\u0259d\u0259 yeni \u0259sas qanun m\u00fcrt\u0259ce xarakter\u0259 malik idi v\u0259 demokratiya bax\u0131m\u0131ndan geril\u0259m\u0259 idi. T\u0259sad\u00fcfi deyil ki, bu add\u0131m Misir c\u0259miyy\u0259tind\u0259 geni\u015f naraz\u0131l\u0131q do\u011furdu. N\u0259tic\u0259d\u0259 yeni konstitusiya yaln\u0131z 5 il q\u00fcvv\u0259d\u0259 oldu v\u0259 1935-ci ilin sonlar\u0131nda k\u00f6hn\u0259 konstitusiya b\u0259rpa edildi.<br><\/p>\n\n\n\n<p>Kral I Fuad 1936-c\u0131 ilin aprelind\u0259 \u00f6ld\u00fc v\u0259 taxta onun yegan\u0259 o\u011flu, 16 ya\u015fl\u0131 Faruk \u00e7\u0131xd\u0131. Yeni kral\u0131n d\u00f6vr\u00fcnd\u0259 ilk yaddaqalan hadis\u0259 h\u0259min ilin avqustunda Britaniya-Misir m\u00fcqavil\u0259sinin imzalanmas\u0131 oldu. Bu d\u00f6vrd\u0259 \u0130kinci d\u00fcnya m\u00fcharib\u0259sinin \u0259lam\u0259tl\u0259ri g\u00f6r\u00fcn\u00fcrd\u00fc. Afrikada \u0130taliya Efiopiyaya qar\u015f\u0131 t\u0259cav\u00fcz\u0259 ba\u015flam\u0131\u015fd\u0131 v\u0259 Misir d\u0259 \u00f6z t\u0259hl\u00fck\u0259sizliyind\u0259n narahat idi.<br><\/p>\n\n\n\n<p>\u0130yirmi illik m\u00fcdd\u0259t\u0259 imzalanan m\u00fcqavil\u0259y\u0259 g\u00f6r\u0259, Britaniya Misird\u0259n b\u00fct\u00fcn h\u0259rbi q\u00fcvv\u0259l\u0259rini \u00e7\u0131xar\u0131rd\u0131, yaln\u0131z S\u00fcvey\u015f kanal\u0131n\u0131n qorunmas\u0131 \u00fc\u00e7\u00fcn 10 minlik \u0259sg\u0259r v\u0259 400 n\u0259f\u0259rlik hava q\u00fcvv\u0259l\u0259ri saxlan\u0131l\u0131rd\u0131. M\u00fcharib\u0259 d\u00f6vr\u00fcnd\u0259 bu q\u00fcvv\u0259l\u0259r art\u0131r\u0131la v\u0259 Misirin b\u00fct\u00fcn d\u0259niz v\u0259 hava limanlar\u0131ndan, yollar\u0131ndan istifad\u0259 edil\u0259 bil\u0259rdi. \u0130sg\u0259nd\u0259riyy\u0259d\u0259ki ingilis h\u0259rbi-d\u0259niz bazas\u0131 daha 8 il m\u00f6vcud olacaqd\u0131.<br><\/p>\n\n\n\n<p>\u0130ngilisl\u0259rin h\u0259tta h\u0259rbi v\u0259ziyy\u0259t v\u0259 senzura t\u0259tbiq etm\u0259k h\u00fcququ vard\u0131. Britaniya Misiri m\u00fcdafi\u0259 etm\u0259yi v\u0259 h\u0259rbi q\u00fcvv\u0259l\u0259rin\u0259 t\u0259liml\u0259r ke\u00e7m\u0259yi \u00f6hd\u0259sin\u0259 g\u00f6t\u00fcr\u00fcrd\u00fc. Ali komissarl\u0131q l\u0259\u011fv olunurdu, t\u0259r\u0259fl\u0259ri s\u0259firl\u0259r t\u0259msil ed\u0259c\u0259kdi. Misir ordusu Sudana qay\u0131d\u0131rd\u0131 v\u0259 burada Britaniya-Misir kondominiumu b\u0259rpa olunurdu.<br><\/p>\n\n\n\n<p>M\u00fcqavil\u0259 Misirin m\u00fcst\u0259qilliyini geni\u015fl\u0259ndirdi, amma yen\u0259 d\u0259 m\u00fc\u0259yy\u0259n m\u0259hdudiyy\u0259tl\u0259r qal\u0131rd\u0131. Bu da mill\u0259t\u00e7il\u0259rin etiraz\u0131na v\u0259 m\u00fcqavim\u0259tin\u0259 s\u0259b\u0259b oldu. \u00dcmumiyy\u0259tl\u0259, bu d\u00f6vrd\u0259 \u0259ks\u0259r \u0259r\u0259b \u00f6lk\u0259l\u0259rind\u0259 oldu\u011fu kimi Misird\u0259 d\u0259 Britaniya \u0259leyhin\u0259 \u0259hval \u00fcz\u0259rind\u0259n nasist Almaniyas\u0131na g\u00fccl\u00fc r\u0259\u011fb\u0259t vard\u0131. M\u00fcharib\u0259d\u0259 Almaniyan\u0131n qalib g\u0259lm\u0259sini v\u0259 Britaniyan\u0131n z\u0259ifl\u0259m\u0259sini arzulayanlar \u0259ks\u0259riyy\u0259t t\u0259\u015fkil edirdil\u0259r. Liberal V\u0259fd partiyas\u0131n\u0131n eyni m\u00f6vqeyi b\u00f6l\u00fc\u015fm\u0259m\u0259si populyarl\u0131\u011f\u0131n\u0131 azald\u0131rd\u0131.<\/p>\n\n\n\n<hr class=\"wp-block-separator\"\/>\n\n\n\n<p>M\u00fcqavil\u0259nin imzalanmas\u0131ndan \u00fc\u00e7 il sonra \u0130kinci d\u00fcnya m\u00fcharib\u0259si ba\u015flad\u0131 v\u0259 ingilisl\u0259r yenid\u0259n \u00f6lk\u0259d\u0259ki q\u00fcvv\u0259l\u0259rini art\u0131raraq Qahir\u0259 k\u00fc\u00e7\u0259l\u0259rind\u0259 peyda oldular.<br><\/p>\n\n\n\n<p>1940-c\u0131 ild\u0259 \u0130taliya da Almaniya t\u0259r\u0259find\u0259 m\u00fcharib\u0259y\u0259 qo\u015fuldu. Bu hadis\u0259d\u0259n sonra Misir kral\u0131 I Farukla g\u00f6r\u00fc\u015f\u0259n Britaniya s\u0259firi Mayls Lempson Britaniya h\u00f6kum\u0259tinin \u00f6lk\u0259d\u0259ki b\u00fct\u00fcn italiyal\u0131lar\u0131n, o c\u00fcml\u0259d\u0259n kral saray\u0131nda qulluq ed\u0259nl\u0259rin qovulmas\u0131n\u0131 ist\u0259diyini bildirdi. Kral is\u0259 bu t\u0259l\u0259b\u0259 \u201cn\u0259 vaxt siz \u00f6z italiyal\u0131lar\u0131n\u0131z\u0131 qovars\u0131n\u0131z, m\u0259n d\u0259 bizimkil\u0259ri qovaram\u201d dey\u0259r\u0259k cavab verdi. M\u0259s\u0259l\u0259 onda idi ki, s\u0259firin \u00f6z arvad\u0131 italiyal\u0131 idi.<br><br>\u015eimali Afrikada 1940-c\u0131 ilin sentyabr\u0131ndan 1943-c\u00fc ilin may\u0131na kimi davam ed\u0259n h\u0259rbi \u0259m\u0259liyyatlar\u0131n bir hiss\u0259si Misir \u0259razisind\u0259 apar\u0131ld\u0131. Rommelin ba\u015f\u00e7\u0131l\u0131q etdiyi alman v\u0259 italiyal\u0131lar \u0259vv\u0259lc\u0259 Misirin i\u00e7\u0259ril\u0259rin\u0259 q\u0259d\u0259r ir\u0259lil\u0259dil\u0259r. Amma 1942-ci ilin iyulunda Birinci \u0259l-\u018fl\u0259meyn d\u00f6y\u00fc\u015f\u00fcnd\u0259 ingilisl\u0259r d\u00fc\u015fm\u0259nin h\u00fccumunu dayand\u0131ra bildil\u0259r. H\u0259min ilin oktyabr-noyabr\u0131nda \u0130kinci \u0259l-\u018fl\u0259meyn d\u00f6y\u00fc\u015f\u00fcnd\u0259 qalib g\u0259ldil\u0259r v\u0259 \u0259m\u0259liyyatlar\u0131n gedi\u015find\u0259 d\u00f6n\u00fc\u015f yaradaraq h\u00fccuma ke\u00e7dil\u0259r. \u015eimali Afrikada d\u00f6y\u00fc\u015fl\u0259r alman v\u0259 italiyal\u0131lar\u0131n m\u0259\u011flubiyy\u0259ti il\u0259 bitdi.<br><\/p>\n\n\n\n<p>Misir r\u0259sm\u0259n m\u00fcharib\u0259d\u0259 i\u015ftirak etmirdi. Amma onun piyada v\u0259 s\u00fcvari h\u0259rbi hiss\u0259l\u0259ri ingilisl\u0259r t\u0259r\u0259fd\u0259 h\u0259rbi \u0259m\u0259liyyatlara qo\u015fulmu\u015fdu. El\u0259c\u0259 d\u0259 zenit v\u0259 artilleriya q\u00fcvv\u0259l\u0259ri alman aviasiyas\u0131n\u0131n h\u00fccumlar\u0131n\u0131n d\u0259f edilm\u0259sind\u0259 \u00f6n\u0259mli rol oynad\u0131. \u018fm\u0259liyyatlar zaman\u0131 \u0259r\u0259bl\u0259rin 14 g\u0259misi alman sualt\u0131 qay\u0131qlar\u0131 t\u0259r\u0259find\u0259n bat\u0131r\u0131ld\u0131. Misir r\u0259sm\u0259n yaln\u0131z 1945-ci ilin aprelind\u0259 Almaniya v\u0259 m\u00fctt\u0259fiql\u0259rin\u0259 m\u00fcharib\u0259 elan etdi.<br><\/p>\n\n\n\n<p>1942-ci ild\u0259 ba\u015f ver\u0259n bir hadis\u0259 Misirin sonrak\u0131 taleyin\u0259 ciddi t\u0259sir g\u00f6st\u0259rdi. \u0130ngilisl\u0259r h\u0259m kral saray\u0131nda, h\u0259m d\u0259 Misir c\u0259miyy\u0259tind\u0259 m\u00f6vcud olan almanp\u0259r\u0259st \u0259hvaldan x\u0259b\u0259rdar idil\u0259r. Buna g\u00f6r\u0259 d\u0259 \u0259vv\u0259ll\u0259r yax\u015f\u0131 m\u00fcnasib\u0259td\u0259 olmad\u0131qlar\u0131 daha neytral V\u0259fd partiyas\u0131n\u0131n t\u0259kba\u015f\u0131na, ya da koalisyon h\u00f6kum\u0259t qurmas\u0131n\u0131 ist\u0259yirdil\u0259r.<br>Amma s\u0259fir Lempson Londonun bu ist\u0259yini krala \u00e7atd\u0131randa Faruk raz\u0131la\u015fmad\u0131. Bel\u0259 olduqda, fevral\u0131n 4-d\u0259 ingilisl\u0259r qo\u015funlar\u0131 Abdin saray\u0131n\u0131 m\u00fchasir\u0259y\u0259 ald\u0131lar v\u0259 kraldan ya taxt-tacdan \u0259l \u00e7\u0259km\u0259yi, ya da V\u0259fd lideri Mustafa N\u0259hhas\u0131 ba\u015f nazir t\u0259yin olunmas\u0131n\u0131 t\u0259l\u0259b etdil\u0259r. Kral ikinci il\u0259 raz\u0131la\u015fd\u0131 v\u0259 N\u0259hhas 1944-c\u00fc ilin oktyabr\u0131na kimi ba\u015f nazir oldu.<br><\/p>\n\n\n\n<p>Hadis\u0259 Misir v\u0259t\u0259np\u0259rv\u0259rl\u0259rind\u0259, x\u00fcsus\u0259n d\u0259 mill\u0259t\u00e7i zabitl\u0259rd\u0259 olduqca b\u00f6y\u00fck t\u0259\u0259ss\u00fcrat oyatd\u0131, Britaniya \u0259leyhin\u0259 \u0259hval\u0131 k\u00f6r\u00fckl\u0259di. \u00dcst\u0259lik, h\u0259m monarxiyan\u0131n, h\u0259m d\u0259 bir zamanlar populyar V\u0259fd partiyas\u0131n\u0131n n\u00fcfuzuna a\u011f\u0131r z\u0259rb\u0259 endirdi. Bir \u00e7ox tarix\u00e7il\u0259rin fikrinc\u0259, Abdin insidenti monarxiyan\u0131n devrilm\u0259sin\u0259 aparan yolda \u00f6n\u0259mli hadis\u0259l\u0259rd\u0259n biri oldu.<\/p>\n\n\n\n<hr class=\"wp-block-separator\"\/>\n\n\n\n<p>\u0130kinci d\u00fcnya m\u00fcharib\u0259sind\u0259n sonra Misirin taleyind\u0259 \u00f6n\u0259mli rol oyanayan hadis\u0259 \u0130srail d\u00f6vl\u0259tinin yaranmas\u0131 v\u0259 ilk \u0259r\u0259b-y\u0259hudi m\u00fcharib\u0259si oldu. Misirin d\u0259 daxil oldu\u011fu \u0259r\u0259b \u00f6lk\u0259l\u0259ri koalisiyas\u0131 \u0130sraill\u0259 m\u00fcharib\u0259d\u0259 a\u011f\u0131r m\u0259\u011flubiyy\u0259t\u0259 u\u011frad\u0131. \u018fr\u0259bl\u0259rin \u201cn\u0259kb\u0259\u201d (f\u0259lak\u0259t) kimi qiym\u0259tl\u0259ndirdikl\u0259ri sava\u015f\u0131n n\u0259tic\u0259l\u0259ri d\u0259 Misir monarxiyas\u0131n\u0131n n\u00fcfuzuna m\u0259nfi t\u0259sir g\u00f6st\u0259rdi.<br><\/p>\n\n\n\n<p>1951-ci il oktyabr\u0131n 15-d\u0259 Misir parlamenti Britaniya-Misir m\u00fcqavil\u0259sin\u0259 xitam verilm\u0259si bar\u0259d\u0259 qanun q\u0259bul etdi v\u0259 ingilisl\u0259rin S\u00fcvey\u015f kanal\u0131 \u0259traf\u0131n\u0131 t\u0259rk etm\u0259sini ist\u0259di. \u0130ngilisl\u0259r is\u0259 m\u00fcqavil\u0259nin m\u00fcdd\u0259tinin bitm\u0259sin\u0259 h\u0259l\u0259 5 il qald\u0131\u011f\u0131n\u0131 \u0259sas g\u0259tir\u0259r\u0259k h\u0259min ist\u0259yi r\u0259dd etdil\u0259r.<br><\/p>\n\n\n\n<p>Bel\u0259 olduqda Misir h\u00f6kum\u0259ti sabotaj x\u0259ttini tutdu. \u0130ngilisl\u0259rin bazas\u0131na \u0259rzaq burax\u0131lmad\u0131, burada i\u015fl\u0259y\u0259n misirlil\u0259r\u0259 i\u015f\u0259 \u00e7\u0131xmaq qada\u011fan olundu, ingilisl\u0259r\u0259 qar\u015f\u0131 partizan h\u00fccumlar\u0131 h\u0259yata ke\u00e7irildi. Prosesin kulminasiyas\u0131 yanvar\u0131n 25-d\u0259 ba\u015f verdi. \u0130ngilis h\u0259rb\u00e7il\u0259rl\u0259 Misir polisi aras\u0131nda ba\u015f ver\u0259n d\u00f6y\u00fc\u015fd\u0259 43 polis v\u0259 3 ingilis \u00f6ld\u00fcr\u00fcld\u00fc.<br><\/p>\n\n\n\n<p>Ert\u0259si g\u00fcn Qahir\u0259d\u0259 ba\u015f ver\u0259n hadis\u0259l\u0259r tarix\u0259 \u201cqara \u015f\u0259nb\u0259\u201d kimi d\u00fc\u015fd\u00fc. K\u00fc\u00e7\u0259l\u0259r\u0259 \u00e7\u0131xan etiraz\u00e7\u0131lar \u0259vv\u0259lc\u0259 h\u00f6kum\u0259t binas\u0131n\u0131n, sonra da kral saray\u0131n\u0131n qar\u015f\u0131s\u0131na ged\u0259r\u0259k Britaniya il\u0259 diplomatik \u0259laq\u0259l\u0259rin k\u0259silm\u0259sini t\u0259l\u0259b etdil\u0259r. \u018fvv\u0259lc\u0259 dinc ke\u00e7\u0259n n\u00fcmayi\u015fl\u0259r daha sonra i\u011fti\u015fa\u015flara v\u0259 xaosa \u00e7evrildi. Paytaxtdak\u0131 y\u00fczl\u0259rl\u0259 bina \u2013 300 ma\u011faza, 40 kinoteatr, 13 otel, 92 bar, 8 avtosalon, 30 ofis v\u0259 ba\u015fqa tikilil\u0259r yand\u0131r\u0131ld\u0131. 26 n\u0259f\u0259r h\u0259lak oldu, 550-d\u0259n \u00e7ox adam yaraland\u0131.<\/p>\n\n\n\n<hr class=\"wp-block-separator\"\/>\n\n\n\n<p>Konstitusiyal\u0131 monarxiya Misird\u0259 demokratiyan\u0131n v\u0259 parlamentarizmin t\u0259\u015f\u0259kk\u00fcl\u00fcnd\u0259 v\u0259 inki\u015faf\u0131nda \u00f6n\u0259mli rol oynaya bil\u0259rdi. Amma reall\u0131qda ba\u015f ver\u0259n hadis\u0259l\u0259r buna imkan verm\u0259di. Bir t\u0259r\u0259fd\u0259n h\u0259m kral\u0131n, h\u0259m d\u0259 ingilisl\u0259rin m\u00fcdaxil\u0259si \u00f6lk\u0259nin xalq\u0131n se\u00e7diyi \u015f\u0259xsl\u0259r t\u0259r\u0259find\u0259n idar\u0259 olunmas\u0131na, demokratiyan\u0131n, \u00e7oxpartiyal\u0131l\u0131\u011f\u0131n oturu\u015fmas\u0131na mane oldu. Krall\u0131\u011f\u0131n 30 illik tarixi \u0259rzind\u0259 parlament 10 d\u0259f\u0259 vaxt\u0131ndan \u0259vv\u0259l burax\u0131ld\u0131. H\u0259min d\u00f6vrd\u0259 40 h\u00f6kum\u0259t formala\u015fd\u0131.<br><\/p>\n\n\n\n<p>Dig\u0259r t\u0259r\u0259fd\u0259n, Misirin siyasi istebli\u015fmenti \u00fc\u00e7\u00fcn korrupsiya, nepotizm, s\u0259ri\u015ft\u0259sizlik, m\u0259suliyy\u0259tsizlik kimi hallar adi idi. H\u0259tta V\u0259fd partiyas\u0131 da istisna deyildi. S\u0259\u0259d Za\u011fluldan sonra partiyaya r\u0259hb\u0259rlik ed\u0259n Mustafa N\u0259hhas Misirin \u0259n korrupsioner m\u0259murlar\u0131ndan biri idi. B\u00fct\u00fcn bunlar \u00f6lk\u0259 \u0259halisind\u0259 t\u0259kc\u0259 ayr\u0131-ayr\u0131 \u015f\u0259xsl\u0259rd\u0259n deyil, \u00fcmumilikd\u0259 siyasi sistemd\u0259n naraz\u0131l\u0131\u011f\u0131n artmas\u0131na s\u0259b\u0259b oldu.<br><\/p>\n\n\n\n<p>Misir ordusunda 1949-cu ild\u0259n \u201cAzad zabitl\u0259r h\u0259r\u0259kat\u0131\u201d adl\u0131 gizli t\u0259\u015fkilat yaranm\u0131\u015fd\u0131. M\u0259h\u0259mm\u0259d Naqib, Camal \u018fbd\u00fcl Nasir, \u018fbd\u00fcl Hakim Amer, \u018fnv\u0259r Sadat, K\u0259mal\u0259ddin H\u00fcseyn, \u018fhm\u0259d Hamru\u015f v\u0259 ba\u015fqalar\u0131n\u0131n daxil oldu\u011fu t\u0259\u015fkilat1952-ci il iyulun 22-d\u0259n 23-\u0259 ke\u00e7\u0259n gec\u0259 \u00e7evrili\u015f ed\u0259r\u0259k hakimiyy\u0259t\u0259 yiy\u0259l\u0259ndi.<br><\/p>\n\n\n\n<p>Kral Faruk hakimiyy\u0259td\u0259n \u0259l \u00e7\u0259km\u0259y\u0259 m\u0259cbur edildi, amma monarxiya l\u0259\u011fv olunmad\u0131. Farukun alt\u0131 ayl\u0131 o\u011flu II Fuad kral elan edildi. Kral s\u00fclal\u0259sind\u0259n olan \u015fahzad\u0259 M\u0259h\u0259mm\u0259d \u018fbd\u00fcl Monim q\u0259yyum t\u0259yin olundu. Amma real hakimiyy\u0259t q\u0259sd\u00e7i zabitl\u0259rin \u0259lind\u0259 idi.<br><\/p>\n\n\n\n<p>\u018fr\u0259b \u00f6lk\u0259l\u0259rind\u0259 \u00f6z\u00fcnd\u0259n \u0259vv\u0259lki v\u0259 sonrak\u0131 \u00e7evrili\u015fl\u0259rd\u0259n f\u0259rqli olaraq bu \u00e7evrili\u015f qans\u0131z \u00f6t\u00fc\u015fd\u00fc. Faruka da he\u00e7 n\u0259 edilm\u0259di, sad\u0259c\u0259 \u00f6lk\u0259d\u0259n \u00e7\u0131xar\u0131ld\u0131. O, \u00f6mr\u00fcn\u00fcn qalan\u0131n\u0131 Avropada ke\u00e7irdi v\u0259 1966-c\u0131 ild\u0259 Romada v\u0259fat etdi.<br><\/p>\n\n\n\n<p>\u00c7evrili\u015fd\u0259n 11 ay sonra zabitl\u0259r monarxiyan\u0131 l\u0259\u011fv etm\u0259k q\u0259rar\u0131na g\u0259ldil\u0259r. 1953-c\u00fc il iyunun 18-d\u0259 Misir respublika elan edildi. M\u0259h\u0259mm\u0259d Naqib h\u0259m prezident, h\u0259m ba\u015f nazir, Camal \u018fbd\u00fcl Nasir is\u0259 ba\u015f nazirin m\u00fcavini oldu.<\/p>\n","protected":false},"excerpt":{"rendered":"<p>\u018fr\u0259b \u00f6lk\u0259l\u0259rind\u0259 \u00f6z\u00fcnd\u0259n \u0259vv\u0259lki v\u0259 sonrak\u0131 \u00e7evrili\u015fl\u0259rd\u0259n f\u0259rqli olaraq bu &#8230; <\/p>\n<p class=\"read-more-container\"><a title=\"Misir krall\u0131\u011f\u0131\" class=\"read-more button\" href=\"https:\/\/www.meydan.tv\/az\/article\/misir-kralligi\/#more-239771\" aria-label=\"Read more about Misir krall\u0131\u011f\u0131\">Davam\u0131<\/a><\/p>\n","protected":false},"author":8,"featured_media":119327,"comment_status":"closed","ping_status":"closed","sticky":false,"template":"","format":"standard","meta":{"_acf_changed":false,"_sitemap_exclude":false,"_sitemap_priority":"","_sitemap_frequency":"","footnotes":""},"categories":[57],"tags":[],"class_list":["post-239771","post","type-post","status-publish","format-standard","has-post-thumbnail","hentry","category-menim-fikrimce","infinite-scroll-item","generate-columns","tablet-grid-50","mobile-grid-100","grid-parent","grid-33","no-featured-image-padding"],"acf":[],"yoast_head":"<!-- This site is optimized with the Yoast SEO plugin v27.4 - https:\/\/yoast.com\/product\/yoast-seo-wordpress\/ -->\n<title>Misir krall\u0131\u011f\u0131 - MEYDAN.TV<\/title>\n<meta name=\"robots\" content=\"index, follow, max-snippet:-1, max-image-preview:large, max-video-preview:-1\" \/>\n<link rel=\"canonical\" href=\"https:\/\/www.meydan.tv\/az\/article\/misir-kralligi\/\" \/>\n<meta property=\"og:locale\" content=\"az_AZ\" \/>\n<meta property=\"og:type\" content=\"article\" \/>\n<meta property=\"og:title\" content=\"Misir krall\u0131\u011f\u0131 - MEYDAN.TV\" \/>\n<meta property=\"og:description\" content=\"\u018fr\u0259b \u00f6lk\u0259l\u0259rind\u0259 \u00f6z\u00fcnd\u0259n \u0259vv\u0259lki v\u0259 sonrak\u0131 \u00e7evrili\u015fl\u0259rd\u0259n f\u0259rqli olaraq bu ... Davam\u0131\" \/>\n<meta property=\"og:url\" content=\"https:\/\/www.meydan.tv\/az\/article\/misir-kralligi\/\" \/>\n<meta property=\"og:site_name\" content=\"MEYDAN.TV\" \/>\n<meta property=\"article:published_time\" content=\"2022-03-29T09:12:05+00:00\" \/>\n<meta property=\"article:modified_time\" content=\"2022-03-29T09:12:07+00:00\" \/>\n<meta property=\"og:image\" content=\"https:\/\/www.meydan.tv\/wp-content\/uploads\/3cb67e7d-b10f-4c21-a950-7ff09b6b8f8f-scaled.jpeg\" \/>\n\t<meta property=\"og:image:width\" content=\"2560\" \/>\n\t<meta property=\"og:image:height\" content=\"1440\" \/>\n\t<meta property=\"og:image:type\" content=\"image\/jpeg\" \/>\n<meta name=\"author\" content=\"elli\" \/>\n<meta name=\"twitter:card\" content=\"summary_large_image\" \/>\n<meta name=\"twitter:creator\" content=\"@elli\" \/>\n<script type=\"application\/ld+json\" class=\"yoast-schema-graph\">{\"@context\":\"https:\\\/\\\/schema.org\",\"@graph\":[{\"@type\":\"Article\",\"@id\":\"https:\\\/\\\/www.meydan.tv\\\/az\\\/article\\\/misir-kralligi\\\/#article\",\"isPartOf\":{\"@id\":\"https:\\\/\\\/www.meydan.tv\\\/az\\\/article\\\/misir-kralligi\\\/\"},\"author\":{\"name\":\"elli\",\"@id\":\"https:\\\/\\\/www.meydan.tv\\\/az\\\/#\\\/schema\\\/person\\\/9cdbecf90d17180ce1dfbd95b08dcf47\"},\"headline\":\"Misir krall\u0131\u011f\u0131\",\"datePublished\":\"2022-03-29T09:12:05+00:00\",\"dateModified\":\"2022-03-29T09:12:07+00:00\",\"mainEntityOfPage\":{\"@id\":\"https:\\\/\\\/www.meydan.tv\\\/az\\\/article\\\/misir-kralligi\\\/\"},\"wordCount\":3303,\"publisher\":{\"@id\":\"https:\\\/\\\/www.meydan.tv\\\/az\\\/#organization\"},\"image\":{\"@id\":\"https:\\\/\\\/www.meydan.tv\\\/az\\\/article\\\/misir-kralligi\\\/#primaryimage\"},\"thumbnailUrl\":\"https:\\\/\\\/www.meydan.tv\\\/wp-content\\\/uploads\\\/3cb67e7d-b10f-4c21-a950-7ff09b6b8f8f-scaled-e1684405162756.jpeg\",\"articleSection\":[\"M\u0259nim Fikrimc\u0259\"],\"inLanguage\":\"az\"},{\"@type\":\"WebPage\",\"@id\":\"https:\\\/\\\/www.meydan.tv\\\/az\\\/article\\\/misir-kralligi\\\/\",\"url\":\"https:\\\/\\\/www.meydan.tv\\\/az\\\/article\\\/misir-kralligi\\\/\",\"name\":\"Misir krall\u0131\u011f\u0131 - MEYDAN.TV\",\"isPartOf\":{\"@id\":\"https:\\\/\\\/www.meydan.tv\\\/az\\\/#website\"},\"primaryImageOfPage\":{\"@id\":\"https:\\\/\\\/www.meydan.tv\\\/az\\\/article\\\/misir-kralligi\\\/#primaryimage\"},\"image\":{\"@id\":\"https:\\\/\\\/www.meydan.tv\\\/az\\\/article\\\/misir-kralligi\\\/#primaryimage\"},\"thumbnailUrl\":\"https:\\\/\\\/www.meydan.tv\\\/wp-content\\\/uploads\\\/3cb67e7d-b10f-4c21-a950-7ff09b6b8f8f-scaled-e1684405162756.jpeg\",\"datePublished\":\"2022-03-29T09:12:05+00:00\",\"dateModified\":\"2022-03-29T09:12:07+00:00\",\"breadcrumb\":{\"@id\":\"https:\\\/\\\/www.meydan.tv\\\/az\\\/article\\\/misir-kralligi\\\/#breadcrumb\"},\"inLanguage\":\"az\",\"potentialAction\":[{\"@type\":\"ReadAction\",\"target\":[\"https:\\\/\\\/www.meydan.tv\\\/az\\\/article\\\/misir-kralligi\\\/\"]}]},{\"@type\":\"ImageObject\",\"inLanguage\":\"az\",\"@id\":\"https:\\\/\\\/www.meydan.tv\\\/az\\\/article\\\/misir-kralligi\\\/#primaryimage\",\"url\":\"https:\\\/\\\/www.meydan.tv\\\/wp-content\\\/uploads\\\/3cb67e7d-b10f-4c21-a950-7ff09b6b8f8f-scaled-e1684405162756.jpeg\",\"contentUrl\":\"https:\\\/\\\/www.meydan.tv\\\/wp-content\\\/uploads\\\/3cb67e7d-b10f-4c21-a950-7ff09b6b8f8f-scaled-e1684405162756.jpeg\",\"width\":2560,\"height\":1203,\"caption\":\"Foto: Meydan Tv\"},{\"@type\":\"BreadcrumbList\",\"@id\":\"https:\\\/\\\/www.meydan.tv\\\/az\\\/article\\\/misir-kralligi\\\/#breadcrumb\",\"itemListElement\":[{\"@type\":\"ListItem\",\"position\":1,\"name\":\"Ana s\u0259hif\u0259\",\"item\":\"https:\\\/\\\/www.meydan.tv\\\/az\\\/\"},{\"@type\":\"ListItem\",\"position\":2,\"name\":\"M\u0259nim Fikrimc\u0259\",\"item\":\"https:\\\/\\\/www.meydan.tv\\\/az\\\/section\\\/menim-fikrimce\\\/\"},{\"@type\":\"ListItem\",\"position\":3,\"name\":\"Misir krall\u0131\u011f\u0131\"}]},{\"@type\":\"WebSite\",\"@id\":\"https:\\\/\\\/www.meydan.tv\\\/az\\\/#website\",\"url\":\"https:\\\/\\\/www.meydan.tv\\\/az\\\/\",\"name\":\"MEYDAN.TV\",\"description\":\"Meydan TV Az\u0259rbaycan\u0131n media m\u0259kan\u0131ndak\u0131 alternativ s\u0259sidir\",\"publisher\":{\"@id\":\"https:\\\/\\\/www.meydan.tv\\\/az\\\/#organization\"},\"potentialAction\":[{\"@type\":\"SearchAction\",\"target\":{\"@type\":\"EntryPoint\",\"urlTemplate\":\"https:\\\/\\\/www.meydan.tv\\\/az\\\/?s={search_term_string}\"},\"query-input\":{\"@type\":\"PropertyValueSpecification\",\"valueRequired\":true,\"valueName\":\"search_term_string\"}}],\"inLanguage\":\"az\"},{\"@type\":\"Organization\",\"@id\":\"https:\\\/\\\/www.meydan.tv\\\/az\\\/#organization\",\"name\":\"Meydan TV\",\"url\":\"https:\\\/\\\/www.meydan.tv\\\/az\\\/\",\"logo\":{\"@type\":\"ImageObject\",\"inLanguage\":\"az\",\"@id\":\"https:\\\/\\\/www.meydan.tv\\\/az\\\/#\\\/schema\\\/logo\\\/image\\\/\",\"url\":\"https:\\\/\\\/www.meydan.tv\\\/wp-content\\\/uploads\\\/2021\\\/07\\\/meydan-logo.svg\",\"contentUrl\":\"https:\\\/\\\/www.meydan.tv\\\/wp-content\\\/uploads\\\/2021\\\/07\\\/meydan-logo.svg\",\"width\":195,\"height\":46,\"caption\":\"Meydan TV\"},\"image\":{\"@id\":\"https:\\\/\\\/www.meydan.tv\\\/az\\\/#\\\/schema\\\/logo\\\/image\\\/\"}},{\"@type\":\"Person\",\"@id\":\"https:\\\/\\\/www.meydan.tv\\\/az\\\/#\\\/schema\\\/person\\\/9cdbecf90d17180ce1dfbd95b08dcf47\",\"name\":\"elli\",\"sameAs\":[\"https:\\\/\\\/x.com\\\/elli\"]}]}<\/script>\n<!-- \/ Yoast SEO plugin. -->","yoast_head_json":{"title":"Misir krall\u0131\u011f\u0131 - MEYDAN.TV","robots":{"index":"index","follow":"follow","max-snippet":"max-snippet:-1","max-image-preview":"max-image-preview:large","max-video-preview":"max-video-preview:-1"},"canonical":"https:\/\/www.meydan.tv\/az\/article\/misir-kralligi\/","og_locale":"az_AZ","og_type":"article","og_title":"Misir krall\u0131\u011f\u0131 - MEYDAN.TV","og_description":"\u018fr\u0259b \u00f6lk\u0259l\u0259rind\u0259 \u00f6z\u00fcnd\u0259n \u0259vv\u0259lki v\u0259 sonrak\u0131 \u00e7evrili\u015fl\u0259rd\u0259n f\u0259rqli olaraq bu ... Davam\u0131","og_url":"https:\/\/www.meydan.tv\/az\/article\/misir-kralligi\/","og_site_name":"MEYDAN.TV","article_published_time":"2022-03-29T09:12:05+00:00","article_modified_time":"2022-03-29T09:12:07+00:00","og_image":[{"width":2560,"height":1440,"url":"https:\/\/www.meydan.tv\/wp-content\/uploads\/3cb67e7d-b10f-4c21-a950-7ff09b6b8f8f-scaled.jpeg","type":"image\/jpeg"}],"author":"elli","twitter_card":"summary_large_image","twitter_creator":"@elli","schema":{"@context":"https:\/\/schema.org","@graph":[{"@type":"Article","@id":"https:\/\/www.meydan.tv\/az\/article\/misir-kralligi\/#article","isPartOf":{"@id":"https:\/\/www.meydan.tv\/az\/article\/misir-kralligi\/"},"author":{"name":"elli","@id":"https:\/\/www.meydan.tv\/az\/#\/schema\/person\/9cdbecf90d17180ce1dfbd95b08dcf47"},"headline":"Misir krall\u0131\u011f\u0131","datePublished":"2022-03-29T09:12:05+00:00","dateModified":"2022-03-29T09:12:07+00:00","mainEntityOfPage":{"@id":"https:\/\/www.meydan.tv\/az\/article\/misir-kralligi\/"},"wordCount":3303,"publisher":{"@id":"https:\/\/www.meydan.tv\/az\/#organization"},"image":{"@id":"https:\/\/www.meydan.tv\/az\/article\/misir-kralligi\/#primaryimage"},"thumbnailUrl":"https:\/\/www.meydan.tv\/wp-content\/uploads\/3cb67e7d-b10f-4c21-a950-7ff09b6b8f8f-scaled-e1684405162756.jpeg","articleSection":["M\u0259nim Fikrimc\u0259"],"inLanguage":"az"},{"@type":"WebPage","@id":"https:\/\/www.meydan.tv\/az\/article\/misir-kralligi\/","url":"https:\/\/www.meydan.tv\/az\/article\/misir-kralligi\/","name":"Misir krall\u0131\u011f\u0131 - MEYDAN.TV","isPartOf":{"@id":"https:\/\/www.meydan.tv\/az\/#website"},"primaryImageOfPage":{"@id":"https:\/\/www.meydan.tv\/az\/article\/misir-kralligi\/#primaryimage"},"image":{"@id":"https:\/\/www.meydan.tv\/az\/article\/misir-kralligi\/#primaryimage"},"thumbnailUrl":"https:\/\/www.meydan.tv\/wp-content\/uploads\/3cb67e7d-b10f-4c21-a950-7ff09b6b8f8f-scaled-e1684405162756.jpeg","datePublished":"2022-03-29T09:12:05+00:00","dateModified":"2022-03-29T09:12:07+00:00","breadcrumb":{"@id":"https:\/\/www.meydan.tv\/az\/article\/misir-kralligi\/#breadcrumb"},"inLanguage":"az","potentialAction":[{"@type":"ReadAction","target":["https:\/\/www.meydan.tv\/az\/article\/misir-kralligi\/"]}]},{"@type":"ImageObject","inLanguage":"az","@id":"https:\/\/www.meydan.tv\/az\/article\/misir-kralligi\/#primaryimage","url":"https:\/\/www.meydan.tv\/wp-content\/uploads\/3cb67e7d-b10f-4c21-a950-7ff09b6b8f8f-scaled-e1684405162756.jpeg","contentUrl":"https:\/\/www.meydan.tv\/wp-content\/uploads\/3cb67e7d-b10f-4c21-a950-7ff09b6b8f8f-scaled-e1684405162756.jpeg","width":2560,"height":1203,"caption":"Foto: Meydan Tv"},{"@type":"BreadcrumbList","@id":"https:\/\/www.meydan.tv\/az\/article\/misir-kralligi\/#breadcrumb","itemListElement":[{"@type":"ListItem","position":1,"name":"Ana s\u0259hif\u0259","item":"https:\/\/www.meydan.tv\/az\/"},{"@type":"ListItem","position":2,"name":"M\u0259nim Fikrimc\u0259","item":"https:\/\/www.meydan.tv\/az\/section\/menim-fikrimce\/"},{"@type":"ListItem","position":3,"name":"Misir krall\u0131\u011f\u0131"}]},{"@type":"WebSite","@id":"https:\/\/www.meydan.tv\/az\/#website","url":"https:\/\/www.meydan.tv\/az\/","name":"MEYDAN.TV","description":"Meydan TV Az\u0259rbaycan\u0131n media m\u0259kan\u0131ndak\u0131 alternativ s\u0259sidir","publisher":{"@id":"https:\/\/www.meydan.tv\/az\/#organization"},"potentialAction":[{"@type":"SearchAction","target":{"@type":"EntryPoint","urlTemplate":"https:\/\/www.meydan.tv\/az\/?s={search_term_string}"},"query-input":{"@type":"PropertyValueSpecification","valueRequired":true,"valueName":"search_term_string"}}],"inLanguage":"az"},{"@type":"Organization","@id":"https:\/\/www.meydan.tv\/az\/#organization","name":"Meydan TV","url":"https:\/\/www.meydan.tv\/az\/","logo":{"@type":"ImageObject","inLanguage":"az","@id":"https:\/\/www.meydan.tv\/az\/#\/schema\/logo\/image\/","url":"https:\/\/www.meydan.tv\/wp-content\/uploads\/2021\/07\/meydan-logo.svg","contentUrl":"https:\/\/www.meydan.tv\/wp-content\/uploads\/2021\/07\/meydan-logo.svg","width":195,"height":46,"caption":"Meydan TV"},"image":{"@id":"https:\/\/www.meydan.tv\/az\/#\/schema\/logo\/image\/"}},{"@type":"Person","@id":"https:\/\/www.meydan.tv\/az\/#\/schema\/person\/9cdbecf90d17180ce1dfbd95b08dcf47","name":"elli","sameAs":["https:\/\/x.com\/elli"]}]}},"_links":{"self":[{"href":"https:\/\/www.meydan.tv\/az\/wp-json\/wp\/v2\/posts\/239771","targetHints":{"allow":["GET"]}}],"collection":[{"href":"https:\/\/www.meydan.tv\/az\/wp-json\/wp\/v2\/posts"}],"about":[{"href":"https:\/\/www.meydan.tv\/az\/wp-json\/wp\/v2\/types\/post"}],"author":[{"embeddable":true,"href":"https:\/\/www.meydan.tv\/az\/wp-json\/wp\/v2\/users\/8"}],"replies":[{"embeddable":true,"href":"https:\/\/www.meydan.tv\/az\/wp-json\/wp\/v2\/comments?post=239771"}],"version-history":[{"count":1,"href":"https:\/\/www.meydan.tv\/az\/wp-json\/wp\/v2\/posts\/239771\/revisions"}],"predecessor-version":[{"id":239772,"href":"https:\/\/www.meydan.tv\/az\/wp-json\/wp\/v2\/posts\/239771\/revisions\/239772"}],"wp:featuredmedia":[{"embeddable":true,"href":"https:\/\/www.meydan.tv\/az\/wp-json\/wp\/v2\/media\/119327"}],"wp:attachment":[{"href":"https:\/\/www.meydan.tv\/az\/wp-json\/wp\/v2\/media?parent=239771"}],"wp:term":[{"taxonomy":"category","embeddable":true,"href":"https:\/\/www.meydan.tv\/az\/wp-json\/wp\/v2\/categories?post=239771"},{"taxonomy":"post_tag","embeddable":true,"href":"https:\/\/www.meydan.tv\/az\/wp-json\/wp\/v2\/tags?post=239771"}],"curies":[{"name":"wp","href":"https:\/\/api.w.org\/{rel}","templated":true}]}}