{"id":239766,"date":"2022-03-29T13:07:37","date_gmt":"2022-03-29T09:07:37","guid":{"rendered":"https:\/\/www.meydan.tv\/?p=239766"},"modified":"2022-03-29T21:08:53","modified_gmt":"2022-03-29T17:08:53","slug":"rusiyanin-ukraynaya-herbi-mudaxilesinin-34-cu-gunu-yenilenen-xeberler","status":"publish","type":"post","link":"https:\/\/www.meydan.tv\/az\/article\/rusiyanin-ukraynaya-herbi-mudaxilesinin-34-cu-gunu-yenilenen-xeberler\/","title":{"rendered":"Rusiyan\u0131n Ukraynaya h\u0259rbi m\u00fcdaxil\u0259sinin 34-c\u00fc g\u00fcn\u00fc: yenil\u0259n\u0259n x\u0259b\u0259rl\u0259r"},"content":{"rendered":"\n<figure class=\"wp-block-embed is-type-video is-provider-youtube wp-block-embed-youtube wp-embed-aspect-16-9 wp-has-aspect-ratio\"><div class=\"wp-block-embed__wrapper\">\n<iframe title=\"T\u00fcrkiy\u0259 g\u00f6r\u00fc\u015f\u00fc: Rusiya v\u0259 Ukraynan\u0131n t\u0259l\u0259bl\u0259ri konkretl\u0259\u015fib\" width=\"1200\" height=\"675\" data-src=\"https:\/\/www.youtube.com\/embed\/2crf7tBPnzg?feature=oembed\" frameborder=\"0\" allow=\"accelerometer; autoplay; clipboard-write; encrypted-media; gyroscope; picture-in-picture\" allowfullscreen src=\"data:image\/svg+xml;base64,PHN2ZyB3aWR0aD0iMSIgaGVpZ2h0PSIxIiB4bWxucz0iaHR0cDovL3d3dy53My5vcmcvMjAwMC9zdmciPjwvc3ZnPg==\" class=\"lazyload\" data-load-mode=\"1\"><\/iframe>\n<\/div><\/figure>\n\n\n\n<!--more-->\n\n\n\n<p><strong>Medinski: &#8220;Rusiya g\u0259rginliyin azald\u0131lmas\u0131 \u00fc\u00e7\u00fcn add\u0131mlar at\u0131r&#8221;<\/strong><\/p>\n\n\n\n<p>\u201c<em>Rusiya g\u0259rginliyin azald\u0131lmas\u0131 \u00fc\u00e7\u00fcn Ukraynaya do\u011fru iki add\u0131m at\u0131r\u201d.<\/em><\/p>\n\n\n\n<p><em>Bunu Rusiya n\u00fcmay\u0259nd\u0259 hey\u0259tinin r\u0259hb\u0259ri, prezidentin k\u00f6m\u0259k\u00e7isi Vladimir Medinski mart\u0131n 29-da <a href=\"https:\/\/tass.ru\/politika\/14216163\" target=\"_blank\" rel=\"noreferrer noopener\">deyib<\/a>.<\/em><\/p>\n\n\n\n<div class=\"wp-block-image\"><figure class=\"alignright size-large is-resized\"><img decoding=\"async\" data-src=\"https:\/\/www.meydan.tv\/wp-content\/uploads\/eazis4hwsaecmxz-1087x821.jpg\" alt=\"\" class=\"wp-image-239819 lazyload\" width=\"380\" height=\"287\" src=\"data:image\/svg+xml;base64,PHN2ZyB3aWR0aD0iMSIgaGVpZ2h0PSIxIiB4bWxucz0iaHR0cDovL3d3dy53My5vcmcvMjAwMC9zdmciPjwvc3ZnPg==\" style=\"--smush-placeholder-width: 380px; --smush-placeholder-aspect-ratio: 380\/287;\" \/><figcaption>Vladimir Medinski. Foto: Twitter<\/figcaption><\/figure><\/div>\n\n\n\n<p><em>Vladimir Medinski \u0130stanbulda Rusiya-Ukrayna dan\u0131\u015f\u0131qlar\u0131n\u0131n konstruktiv ke\u00e7diyini bildirib.<\/em><\/p>\n\n\n\n<p>\u201c<em>M\u00fcqavil\u0259 tez bir zamanda i\u015fl\u0259n\u0259rs\u0259 v\u0259 kompromis tap\u0131larsa, s\u00fclh\u00fcn \u0259ld\u0259 edilm\u0259si ehtimal\u0131 daha da yax\u0131nla\u015facaq\u201d, &#8211; dey\u0259 Medinski s\u00f6yl\u0259yib. <\/em><\/p>\n\n\n\n<p><\/p>\n\n\n\n<hr class=\"wp-block-separator\"\/>\n\n\n\n<p><strong>\u015eoyqu: &#8220;\u018fsas diqq\u0259ti Donbasa y\u00f6n\u0259ld\u0259c\u0259yik&#8221;<\/strong><\/p>\n\n\n\n<p><em>Rusiya Kiyev v\u0259 \u00c7erniqov vilay\u0259tl\u0259ri \u0259razisind\u0259n ayr\u0131-ayr\u0131 h\u0259rbi hiss\u0259l\u0259ri \u00e7\u0131xar\u0131r<\/em>.<\/p>\n\n\n\n<p><em>Bu bar\u0259d\u0259 Ukrayna Silahl\u0131 Q\u00fcvv\u0259l\u0259rinin Ba\u015f Q\u0259rargah\u0131 m\u0259lumat <a href=\"https:\/\/ukranews.com\/news\/844925-rossijskie-voennye-vyvodyat-otdelnye-podrazdeleniya-s-kievskoj-i-chernigovskoj-oblastej-genshtab\" target=\"_blank\" rel=\"noreferrer noopener\">yay\u0131b<\/a>.<\/em><\/p>\n\n\n\n<p>&#8220;<em>Amma rus i\u015f\u011fal\u00e7\u0131lar\u0131n\u0131n h\u0259rbi v\u0259 m\u00fclki infrastruktur obyektl\u0259rin\u0259 z\u0259rb\u0259l\u0259r endirm\u0259si t\u0259hl\u00fck\u0259si y\u00fcks\u0259k olaraq qal\u0131r\u201d, &#8211; dey\u0259 Ba\u015f Q\u0259rargah \u0259lav\u0259 edib.<\/em><\/p>\n\n\n\n<div class=\"wp-block-image\"><figure class=\"alignleft size-large is-resized\"><img decoding=\"async\" data-src=\"https:\/\/www.meydan.tv\/wp-content\/uploads\/trend_sergey_shoygu_131014_3-1095x821.jpg\" alt=\"\" class=\"wp-image-226320 lazyload\" width=\"424\" height=\"317\" src=\"data:image\/svg+xml;base64,PHN2ZyB3aWR0aD0iMSIgaGVpZ2h0PSIxIiB4bWxucz0iaHR0cDovL3d3dy53My5vcmcvMjAwMC9zdmciPjwvc3ZnPg==\" style=\"--smush-placeholder-width: 424px; --smush-placeholder-aspect-ratio: 424\/317;\" \/><figcaption>Sergey \u015eoyqu, Foto: Trend.az<\/figcaption><\/figure><\/div>\n\n\n\n<p>\u201c<em>Rusiya ordusu x\u00fcsusi \u0259m\u0259liyyat\u0131n birinci m\u0259rh\u0259l\u0259sinin \u0259sas tap\u015f\u0131r\u0131qlar\u0131n\u0131 yerin\u0259 yetirib v\u0259 indi b\u00fct\u00fcn diqq\u0259tini \u0259sas m\u0259qs\u0259din\u0259 &#8211; Donbas\u0131n azad olunmas\u0131na y\u00f6n\u0259ld\u0259c\u0259k\u201d.<\/em><\/p>\n\n\n\n<p><em>Bu a\u00e7\u0131qlaman\u0131 Rusiyan\u0131n m\u00fcdafi\u0259 naziri Sergey \u015eoyqu <a href=\"https:\/\/radiosputnik.ria.ru\/20220329\/shoygu-1780654044.html\" target=\"_blank\" rel=\"noreferrer noopener\">deyib<\/a>.<\/em><\/p>\n\n\n\n<p><em>Nazir Ukrayna ordusunun xeyli itki verdiyini bildirib: \u201cUkrayna ordusunun 152 t\u0259yyar\u0259sind\u0259n 123-\u00fc, 149 helikopterd\u0259n is\u0259 77-si m\u0259hv edilib. Bundan \u0259lav\u0259, \u0259vv\u0259ll\u0259r Kiyevin s\u0259r\u0259ncam\u0131nda olan 180 zenit-raket kompleksind\u0259n yaln\u0131z 28-i f\u0259aliyy\u0259t g\u00f6st\u0259rir\u201d.<\/em><\/p>\n\n\n\n<p><\/p>\n\n\n\n<hr class=\"wp-block-separator\"\/>\n\n\n\n<p><strong>&#8220;\u018fsas m\u0259qam Ukrayna \u00fc\u00e7\u00fcn beyn\u0259lxalq t\u0259hl\u00fck\u0259sizlik z\u0259man\u0259tl\u0259ri haqq\u0131nda sazi\u015fdir&#8221;<\/strong><\/p>\n\n\n\n<p><em>\u201cBug\u00fcnk\u00fc dan\u0131\u015f\u0131qlarda t\u0259r\u0259fl\u0259r Ukrayna \u00fc\u00e7\u00fcn beyn\u0259lxalq t\u0259hl\u00fck\u0259sizlik t\u0259minatlar\u0131 v\u0259 humanitar m\u0259s\u0259l\u0259l\u0259rin h\u0259lli \u00fc\u00e7\u00fcn at\u0259\u015fk\u0259sl\u0259 ba\u011fl\u0131 intensiv m\u0259sl\u0259h\u0259tl\u0259\u015fm\u0259l\u0259r apar\u0131r\u201d.<\/em><\/p>\n\n\n\n<p><em>Bunu Ukrayna Prezident Aparat\u0131 r\u0259hb\u0259rinin m\u00fc\u015faviri, dan\u0131\u015f\u0131qlar aparan n\u00fcmay\u0259nd\u0259 hey\u0259tinin \u00fczv\u00fc Mixaylo Podolyak \u0130stanbulda ke\u00e7irdiyi aral\u0131q brifinqd\u0259 <a href=\"https:\/\/ukranews.com\/news\/844935-delegatsii-ukrainy-i-rossii-vedut-intensivnye-konsultatsii-o-mezhdunarodnyh-garantiyah-bezopasnosti\" target=\"_blank\" rel=\"noreferrer noopener\">deyib<\/a>.<\/em><\/p>\n\n\n\n<p>\u201c<em>\u0130ndi bir ne\u00e7\u0259 vacib m\u0259s\u0259l\u0259 \u00fczr\u0259 intensiv m\u0259sl\u0259h\u0259tl\u0259\u015fm\u0259l\u0259r gedir. \u018fsas m\u0259qam Ukrayna \u00fc\u00e7\u00fcn beyn\u0259lxalq t\u0259hl\u00fck\u0259sizlik z\u0259man\u0259tl\u0259ri haqq\u0131nda sazi\u015fdir. Yaln\u0131z bu m\u00fcqavil\u0259 il\u0259 biz m\u00fcharib\u0259ni Ukraynaya laz\u0131m olan \u015f\u0259kild\u0259 bitir\u0259 bil\u0259rik. \u0130kinci t\u0259l\u0259b olunan m\u0259s\u0259l\u0259 b\u00fct\u00fcn humanitar probleml\u0259rin h\u0259lli namin\u0259 at\u0259\u015fk\u0259sdir v\u0259 indi biz bundan dan\u0131\u015f\u0131r\u0131q\u201d, &#8211; dey\u0259 Podolyak bildirib.<\/em><\/p>\n\n\n\n<div class=\"wp-block-image\"><figure class=\"alignright size-full is-resized\"><img decoding=\"async\" data-src=\"https:\/\/www.meydan.tv\/wp-content\/uploads\/2677368.jpeg\" alt=\"\" class=\"wp-image-238676 lazyload\" width=\"397\" height=\"250\" src=\"data:image\/svg+xml;base64,PHN2ZyB3aWR0aD0iMSIgaGVpZ2h0PSIxIiB4bWxucz0iaHR0cDovL3d3dy53My5vcmcvMjAwMC9zdmciPjwvc3ZnPg==\" style=\"--smush-placeholder-width: 397px; --smush-placeholder-aspect-ratio: 397\/250;\" \/><figcaption>Mixail Podolyak. Foto: https:\/\/www.perild.com\/<\/figcaption><\/figure><\/div>\n\n\n\n<p><em>Mart\u0131n 29-da \u0130stanbulda Ukrayna-Rusiya n\u00fcmay\u0259nd\u0259 hey\u0259tl\u0259rinin n\u00f6vb\u0259ti g\u00f6r\u00fc\u015f\u00fc ke\u00e7irilir.<\/em><\/p>\n\n\n\n<p><em>G\u00f6r\u00fc\u015fd\u0259n \u0259vv\u0259l T\u00fcrkiy\u0259 Prezidenti R\u0259c\u0259b Tayyib \u018frdo\u011fan dan\u0131\u015f\u0131qlar \u00fc\u00e7\u00fcn \u0130stanbula g\u0259l\u0259n Ukrayna v\u0259 Rusiya n\u00fcmay\u0259nd\u0259 hey\u0259tl\u0259rin\u0259 s\u00fclh\u00fcn b\u0259rpas\u0131n\u0131 yax\u0131nla\u015fd\u0131racaq q\u0259rarlar q\u0259bul etm\u0259yi arzulay\u0131b.<\/em><\/p>\n\n\n\n<p><\/p>\n\n\n\n<p><\/p>\n\n\n\n<hr class=\"wp-block-separator\"\/>\n\n\n\n<p><strong>\u0130rina Vere\u015f\u00e7uk: &#8220;Ukraynada \u00fc\u00e7 humanitar d\u0259hliz a\u00e7\u0131l\u0131b&#8221;<\/strong><br><\/p>\n\n\n\n<p><em>Mart\u0131n 29-da m\u00fclki \u015f\u0259xsl\u0259rin t\u0259xliy\u0259si \u00fc\u00e7\u00fcn Ukraynada \u00fc\u00e7 humanitar d\u0259hliz a\u00e7\u0131l\u0131b.<br><\/em><\/p>\n\n\n\n<p><em>Ukrayna Ba\u015f nazirinin m\u00fcavini \u0130rina Vere\u015f\u00e7uk bildirib ki, Mariupol, Melitopol v\u0259 Enerqodardan Zaporojyey\u0259 humanitar d\u0259hlizl\u0259rin a\u00e7\u0131lmas\u0131 <a href=\"https:\/\/lenta.ru\/news\/2022\/03\/29\/koridor_ua\/\" target=\"_blank\" rel=\"noreferrer noopener\">raz\u0131la\u015fd\u0131r\u0131l\u0131b<\/a>.<br><\/em><br><em>Vere\u015f\u00e7ukun s\u00f6zl\u0259rin\u0259 g\u00f6r\u0259, Donetsk vilay\u0259tind\u0259 insanlar \u015f\u0259xsi n\u0259qliyyat vasit\u0259l\u0259ri il\u0259 Mariupoldan Zaporojyey\u0259 humanitar d\u0259hlizl\u0259 ged\u0259 bil\u0259c\u0259kl\u0259r.<\/em><br><\/p>\n\n\n\n<div class=\"wp-block-image\"><figure class=\"alignleft size-full is-resized\"><img decoding=\"async\" data-src=\"https:\/\/www.meydan.tv\/wp-content\/uploads\/ukrayna_basbakan_yardimcisi_irina_verescuk_sputnik_v_asisini_tanimiyoruz_ve_rus_asilarina_ihtiyac_duymuyoruz_h42517_44a7d.jpg\" alt=\"\" class=\"wp-image-237701 lazyload\" width=\"495\" height=\"257\" src=\"data:image\/svg+xml;base64,PHN2ZyB3aWR0aD0iMSIgaGVpZ2h0PSIxIiB4bWxucz0iaHR0cDovL3d3dy53My5vcmcvMjAwMC9zdmciPjwvc3ZnPg==\" style=\"--smush-placeholder-width: 495px; --smush-placeholder-aspect-ratio: 495\/257;\" \/><figcaption>\u0130rina Vere\u015f\u00e7uk. Foto: Unian.net<\/figcaption><\/figure><\/div>\n\n\n\n<p><em>Ba\u015f nazirin m\u00fcavini mart\u0131n 27-d\u0259 Ukraynan\u0131n t\u0259hl\u00fck\u0259li rayonlar\u0131ndan humanitar d\u0259hlizl\u0259r vasit\u0259sil\u0259 sutka \u0259rzind\u0259 1100 n\u0259f\u0259rin t\u0259xliy\u0259 edildiyini deyib.<\/em><br><\/p>\n\n\n\n<p><em>Rusiya M\u00fcdafi\u0259 Nazirliyi is\u0259 Donetsk v\u0259 Luqansk \u201crespublikalar\u0131\u201dndan Rusiyaya 19,6 mind\u0259n \u00e7ox insan\u0131n t\u0259xliy\u0259si bar\u0259d\u0259 m\u0259lumat yay\u0131b.<\/em><br><\/p>\n\n\n\n<p><em>\u00dcmumilikd\u0259 h\u0259rbi \u0259m\u0259liyyat ba\u015flayandan Rusiyaya 439 420 n\u0259f\u0259rin t\u0259xliy\u0259 edildiyi bildirilir.<\/em><\/p>\n\n\n\n<p><\/p>\n\n\n\n<p><\/p>\n\n\n\n<hr class=\"wp-block-separator\"\/>\n\n\n\n<p><strong>AY\u0130B Moskva v\u0259 Minskd\u0259ki ofisl\u0259rini ba\u011flay\u0131r<\/strong><br><\/p>\n\n\n\n<p><em>Avropa Yenid\u0259nqurma v\u0259 \u0130nki\u015faf Bank\u0131 (AY\u0130B) Moskva v\u0259 Minskd\u0259ki ofisl\u0259rini ba\u011flayaca\u011f\u0131n\u0131 <a href=\"https:\/\/www.ebrd.com\/news\/2022\/ebrd-to-close-its-offices-in-moscow-and-minsk-.html\" target=\"_blank\" rel=\"noreferrer noopener\">a\u00e7\u0131qlay\u0131b<\/a><\/em>.<br><br><em>Bank Rusiyan\u0131n Ukraynaya h\u0259rbi m\u00fcdaxil\u0259sini q\u0259ti \u015f\u0259kild\u0259 pisl\u0259yib.<br><\/em><\/p>\n\n\n\n<p><em>Bildirilib ki, bank t\u0259r\u0259find\u0259n h\u0259rbi m\u00fcnaqi\u015f\u0259d\u0259n z\u0259r\u0259r \u00e7\u0259k\u0259nl\u0259r\u0259 ilkin olaraq 2 milyard avro ayr\u0131l\u0131b.<br><\/em><\/p>\n\n\n\n<div class=\"wp-block-image\"><figure class=\"alignright size-full is-resized\"><img decoding=\"async\" data-src=\"https:\/\/www.meydan.tv\/wp-content\/uploads\/shutterstock_2070100202.jpg\" alt=\"\" class=\"wp-image-239767 lazyload\" width=\"360\" height=\"240\" src=\"data:image\/svg+xml;base64,PHN2ZyB3aWR0aD0iMSIgaGVpZ2h0PSIxIiB4bWxucz0iaHR0cDovL3d3dy53My5vcmcvMjAwMC9zdmciPjwvc3ZnPg==\" style=\"--smush-placeholder-width: 360px; --smush-placeholder-aspect-ratio: 360\/240;\" \/><figcaption>Avropa Yenid\u0259nqurma v\u0259 \u0130nki\u015faf Bank\u0131. Foto: viewimage\/shutterstock<\/figcaption><\/figure><\/div>\n\n\n\n<p><em>Avropa Yenid\u0259nqurma v\u0259 \u0130nki\u015faf Bank\u0131 indiy\u0259d\u0259k Rusiyaya 788 layih\u0259 \u00e7\u0259r\u00e7iv\u0259sind\u0259 24,301 mikyard avro, Belarusa is\u0259 142 layih\u0259 \u00e7\u0259r\u00e7iv\u0259sind\u0259 3,087 milyard avro ay\u0131r\u0131b.<\/em><br><\/p>\n\n\n\n<p><em>Bank\u0131n Rusiyadak\u0131 aktiv portfelinin h\u0259cmi 61 layih\u0259 \u00e7\u0259r\u00e7iv\u0259sind\u0259 939 milyon avro, Belarusdak\u0131 aktiv portfelinin h\u0259cmi is\u0259 61 layih\u0259 \u00fczr\u0259 880 milyon avro t\u0259\u015fkil edir.<\/em><\/p>\n\n\n\n<p><\/p>\n\n\n\n<hr class=\"wp-block-separator\"\/>\n\n\n\n<p><strong>&#8220;Ukraynada ba\u015f ver\u0259nl\u0259r Suriyada g\u00f6rd\u00fckl\u0259rimizin t\u0259krar\u0131d\u0131r\u201d<\/strong><\/p>\n\n\n\n<p><em>&#8220;Amnesty International&#8221; Rusiyan\u0131 m\u00fcharib\u0259 cinay\u0259tl\u0259rind\u0259 ittiham <a href=\"https:\/\/ru.slovoidilo.ua\/2022\/03\/29\/novost\/obshhestvo\/rossiya-sovershaet-mariupole-voennye-prestupleniya-amnesty-international\" target=\"_blank\" rel=\"noreferrer noopener\">edir<\/a><\/em>.<\/p>\n\n\n\n<p><em>Bu bar\u0259d\u0259 t\u0259\u015fkilat\u0131n yayd\u0131\u011f\u0131 a\u00e7\u0131qlamada deyilir.<\/em><\/p>\n\n\n\n<p><em>Bildirilir ki, Rusiya Ukraynadak\u0131 m\u00fcharib\u0259y\u0259 g\u00f6r\u0259 h\u0259rbi cinay\u0259tl\u0259r t\u00f6r\u0259dir v\u0259 beyn\u0259lxalq h\u00fcququ kobud \u015f\u0259kild\u0259 pozur.<\/em><\/p>\n\n\n\n<div class=\"wp-block-image\"><figure class=\"alignleft size-large is-resized\"><img decoding=\"async\" data-src=\"https:\/\/www.meydan.tv\/wp-content\/uploads\/shutterstock_1170052747-1026x821.jpg\" alt=\"\" class=\"wp-image-229428 lazyload\" width=\"394\" height=\"315\" src=\"data:image\/svg+xml;base64,PHN2ZyB3aWR0aD0iMSIgaGVpZ2h0PSIxIiB4bWxucz0iaHR0cDovL3d3dy53My5vcmcvMjAwMC9zdmciPjwvc3ZnPg==\" style=\"--smush-placeholder-width: 394px; --smush-placeholder-aspect-ratio: 394\/315;\" \/><figcaption>Foto: By Casimiro PT\/Shutterstock<\/figcaption><\/figure><\/div>\n\n\n\n<p>\u201c<em>Amnesty \u0130nternational&#8221;\u0131n ba\u015f katibi Aqnes Kalamar deyib ki, Mariupolun m\u00fchasir\u0259si, humanitar \u0259saslarla t\u0259xliy\u0259d\u0259n imtina v\u0259 m\u00fclki \u015f\u0259xsl\u0259rin geri \u00e7\u0259kilm\u0259si \u00fc\u00e7\u00fcn humanitar d\u0259hlizl\u0259rin t\u0259min edilm\u0259m\u0259si, h\u0259m\u00e7inin m\u00fclki \u0259haliy\u0259 h\u00fccumlar m\u00fcharib\u0259 cinay\u0259tl\u0259ridir.<\/em><\/p>\n\n\n\n<p><em>&#8220;Ukraynada ba\u015f ver\u0259nl\u0259r \u201cSuriyada g\u00f6rd\u00fckl\u0259rimizin t\u0259krar\u0131d\u0131r\u201d, &#8211; Kalamar bel\u0259 deyib.<\/em><\/p>\n\n\n\n<p><em>Onun s\u00f6zl\u0259rin\u0259 g\u00f6r\u0259, Rusiya ordusu \u201cSuriya v\u0259 \u00c7e\u00e7enistandak\u0131 kimi taktikaya\u201d \u0259l at\u0131r: &#8220;Y\u0259ni m\u00fclki \u0259haliy\u0259 z\u0259rb\u0259l\u0259r endirm\u0259k v\u0259 beyn\u0259lxalq konvensiyalarla qada\u011fan olunmu\u015f silahlardan istifad\u0259 etm\u0259k&#8221;.<\/em><\/p>\n\n\n\n<p><\/p>\n\n\n\n<hr class=\"wp-block-separator\"\/>\n\n\n\n<p><strong>Rusiyan\u0131n \u201cdenazifikasiya\u201d, \u201cdemilitarizasiya\u201d \u015f\u0259rtl\u0259rini geri g\u00f6t\u00fcr\u00fcr<\/strong>?<\/p>\n\n\n\n<p><em>B\u00f6y\u00fck Britaniyan\u0131n \u201cFinancial Times\u201d q\u0259zeti Rusiya il\u0259 Ukrayna aras\u0131nda m\u00fcmk\u00fcn sazi\u015f layih\u0259si bar\u0259d\u0259 4 m\u0259nb\u0259y\u0259 istinad\u0259n m\u0259lumat <a href=\"http:\/\/B\u00f6y\u00fck Britaniyan\u0131n \u201cFinancial Times\u201d q\u0259zeti Rusiya il\u0259 Ukrayna aras\u0131nda m\u00fcmk\u00fcn sazi\u015f layih\u0259si bar\u0259d\u0259 4 m\u0259nb\u0259y\u0259 istinad\u0259n m\u0259lumat yay\u0131b (https:\/\/www.ft.com\/content\/7f14efe8-2f4c-47a2-aa6b-9a755a39b626?fbclid=IwAR1e9god0c5pgHsiOcFJRwXvNRZA5Dx9FHGNL-_fTSE_bZUT2YZcX3hgrV8).\" target=\"_blank\" rel=\"noreferrer noopener\">yay\u0131b<\/a>.<\/em><\/p>\n\n\n\n<p><em>Q\u0259zet yaz\u0131r ki, Rusiyan\u0131n \u201cdenazifikasiya\u201d, \u201cdemilitarizasiya\u201d v\u0259 Ukraynada rus dilinin statusu il\u0259 ba\u011fl\u0131 t\u0259l\u0259bl\u0259ri art\u0131q s\u0259n\u0259d layih\u0259sind\u0259 yoxdur: \u201cUkrayna h\u0259m NATO-ya \u00fczvl\u00fck, h\u0259m d\u0259 n\u00fcv\u0259 silah\u0131n\u0131n haz\u0131rlanmas\u0131 v\u0259 xarici h\u0259rbi bazalar\u0131n yerl\u0259\u015fdirilm\u0259sind\u0259n \u0259l \u00e7\u0259k\u0259c\u0259k\u201d.<\/em><\/p>\n\n\n\n<div class=\"wp-block-image\"><figure class=\"alignright size-full is-resized\"><img decoding=\"async\" data-src=\"https:\/\/www.meydan.tv\/wp-content\/uploads\/shutterstock_2083876834.jpg\" alt=\"\" class=\"wp-image-235204 lazyload\" width=\"430\" height=\"172\" src=\"data:image\/svg+xml;base64,PHN2ZyB3aWR0aD0iMSIgaGVpZ2h0PSIxIiB4bWxucz0iaHR0cDovL3d3dy53My5vcmcvMjAwMC9zdmciPjwvc3ZnPg==\" style=\"--smush-placeholder-width: 430px; --smush-placeholder-aspect-ratio: 430\/172;\" \/><figcaption>Rusiya-Ukrayna. Svetlana Turchenick\/shutterstock<\/figcaption><\/figure><\/div>\n\n\n\n<p>\u201c<em>Ukrayna 11 \u00f6lk\u0259d\u0259n t\u0259hl\u00fck\u0259sizlik z\u0259man\u0259ti alacaq: Rusiya, AB\u015e, B\u00f6y\u00fck Britaniya, Kanada, Fransa, Almaniya, \u00c7in, \u0130taliya, Pol\u015fa, \u0130srail v\u0259 T\u00fcrkiy\u0259d\u0259n. Bununla b\u0259rab\u0259r Ukraynan\u0131n Avropa \u0130ttifaq\u0131na daxil olmas\u0131 ehtimal\u0131 istisna edilmir\u201d, &#8211; dey\u0259 q\u0259zet yaz\u0131r.<\/em><\/p>\n\n\n\n<p><em>\u201cFinancial Times\u201d dan\u0131\u015f\u0131qlar\u0131n \u0259n \u00e7\u0259tin m\u0259s\u0259l\u0259sinin Kr\u0131m v\u0259 Donbasla ba\u011fl\u0131 oldu\u011funu qeyd edir: \u201cBu m\u0259s\u0259l\u0259 Putinl\u0259 Zelenskinin \u015f\u0259xsi g\u00f6r\u00fc\u015f\u00fcn\u0259 q\u0259d\u0259r t\u0259xir\u0259 sal\u0131na bil\u0259r\u201d.<\/em><\/p>\n\n\n\n<p>\u201c<em>Ukrayna s\u0259rh\u0259dl\u0259rinin d\u0259yi\u015fdirilm\u0259sini q\u0259bul etm\u0259y\u0259 haz\u0131r deyil. Ancaq s\u00f6z ver\u0259 bil\u0259r ki, yar\u0131madan\u0131 v\u0259 \u015f\u0259rq rayonlar\u0131n\u0131 g\u00fcc yolu il\u0259 qaytarma\u011fa c\u0259hd etm\u0259y\u0259c\u0259k\u201d, &#8211; dey\u0259 \u201cFinancial Times\u201d yaz\u0131b.<\/em><\/p>\n\n\n\n<p>Ancaq q\u0259zetin yazd\u0131\u011f\u0131n<em>\u0131 h\u0259r iki \u00f6lk\u0259nin r\u0259smi m\u0259nb\u0259l\u0259ri n\u0259 t\u0259sdiq, n\u0259 d\u0259 t\u0259kzib edib.<\/em><\/p>\n\n\n\n<p><\/p>\n\n\n\n<hr class=\"wp-block-separator\"\/>\n\n\n\n<p><strong>Rusiya Avropan\u0131 pulsuz qazla t\u0259min etm\u0259y\u0259c\u0259k<\/strong><\/p>\n\n\n\n<p><em>Mart\u0131n 29-da Rusiya G7 \u00f6lk\u0259l\u0259rinin qaz\u0131 rublla almaq imtinas\u0131na reaksiya <a href=\"https:\/\/tass.ru\/ekonomika\/14209983\" target=\"_blank\" rel=\"noreferrer noopener\">verib<\/a>.<\/em><\/p>\n\n\n\n<p><em>Bu bar\u0259d\u0259 Rusiya Prezidentinin m\u0259tbuat katibi Dmitri Peskov Amerikan\u0131n PBS tele\u015firk\u0259tin\u0259 deyib.<\/em><\/p>\n\n\n\n<p><em>O bildirib ki, Rusiya xeyriyy\u0259\u00e7ilikl\u0259 m\u0259\u015f\u011ful olmaq v\u0259 Avropan\u0131 \u00f6z t\u0259bii qaz\u0131n\u0131 pulsuz t\u0259min etm\u0259k niyy\u0259tind\u0259 deyil: <\/em><\/p>\n\n\n\n<div class=\"wp-block-image\"><figure class=\"alignleft size-full is-resized\"><img decoding=\"async\" data-src=\"https:\/\/www.meydan.tv\/wp-content\/uploads\/shutterstock_552887806.jpg\" alt=\"\" class=\"wp-image-234856 lazyload\" width=\"358\" height=\"239\" src=\"data:image\/svg+xml;base64,PHN2ZyB3aWR0aD0iMSIgaGVpZ2h0PSIxIiB4bWxucz0iaHR0cDovL3d3dy53My5vcmcvMjAwMC9zdmciPjwvc3ZnPg==\" style=\"--smush-placeholder-width: 358px; --smush-placeholder-aspect-ratio: 358\/239;\" \/><figcaption>Dmitri Peskov, Foto: ID1974\/shutterstock<\/figcaption><\/figure><\/div>\n\n\n\n<p><em>\u201cMoskva Avropa \u0130ttifaq\u0131n\u0131n bu c\u00fcr t\u0259dar\u00fck\u00fc rublla \u00f6d\u0259m\u0259kd\u0259n imtina ed\u0259c\u0259yi t\u0259qdird\u0259 v\u0259ziyy\u0259ti \u00f6yr\u0259n\u0259c\u0259k v\u0259 \u0259lav\u0259 q\u0259rarlar q\u0259bul ed\u0259c\u0259k\u201d.<\/em><\/p>\n\n\n\n<p>&#8220;<em>\u00d6d\u0259ni\u015f yoxdursa, qaz yoxdur&#8221;, &#8211; dey\u0259 Peskov x\u0259b\u0259rdarl\u0131q edib.<\/em><\/p>\n\n\n\n<p><\/p>\n\n\n\n<p><\/p>\n\n\n\n<p><\/p>\n\n\n\n<p><\/p>\n\n\n\n<p><strong>Xat\u0131rlatma<\/strong><\/p>\n\n\n\n<p>Rusiya fevral\u0131n 24-d\u0259 Ukraynaya h\u00fccuma ba\u015flay\u0131b.<\/p>\n\n\n\n<p>Ondan 2 g\u00fcn \u00f6nc\u0259 is\u0259 Rusiya Prezidenti Vladimir Putin a\u00e7\u0131qlama ver\u0259r\u0259k Ukraynan\u0131n \u015f\u0259rqind\u0259ki separat\u00e7\u0131 qurumlar\u0131 tan\u0131d\u0131\u011f\u0131n\u0131 b\u0259yan edib.<\/p>\n\n\n\n<p>Ukrayna, Q\u0259rb liderl\u0259ri h\u00fccumu pisl\u0259yib, Putinin buna g\u00f6r\u0259 cavab ver\u0259c\u0259yini bildiribl\u0259r.<\/p>\n\n\n\n<p>Bundan sonra Avropa Birliyi \u00f6lk\u0259l\u0259rind\u0259n, el\u0259c\u0259 d\u0259 AB\u015e-dan Rusiyaya qar\u015f\u0131 sanksiyalar g\u0259lm\u0259y\u0259 ba\u015flay\u0131b.<\/p>\n\n\n\n<p>Sanksiya t\u0259tbiq edil\u0259n 600-d\u0259n \u00e7ox \u015f\u0259xsin i\u00e7ind\u0259 oliqarxlar, y\u00fcks\u0259k r\u00fctb\u0259li h\u0259rb\u00e7il\u0259r, \u015firk\u0259t sahibl\u0259ri, biznesmenl\u0259rl\u0259 yana\u015f\u0131, Rusiya Prezidenti Vladimir Putin v\u0259 xarici i\u015fl\u0259r naziri Sergey Lavrov da var.<\/p>\n","protected":false},"excerpt":{"rendered":"","protected":false},"author":8,"featured_media":239587,"comment_status":"closed","ping_status":"closed","sticky":false,"template":"","format":"standard","meta":{"_acf_changed":false,"_sitemap_exclude":false,"_sitemap_priority":"","_sitemap_frequency":"","footnotes":""},"categories":[88,63,56],"tags":[],"class_list":["post-239766","post","type-post","status-publish","format-standard","has-post-thumbnail","hentry","category-redaktor-secimi","category-video-2","category-xeberler","infinite-scroll-item","generate-columns","tablet-grid-50","mobile-grid-100","grid-parent","grid-33","no-featured-image-padding"],"acf":[],"yoast_head":"<!-- This site is optimized with the Yoast SEO plugin v27.5 - https:\/\/yoast.com\/product\/yoast-seo-wordpress\/ -->\n<title>Rusiyan\u0131n Ukraynaya h\u0259rbi m\u00fcdaxil\u0259sinin 34-c\u00fc g\u00fcn\u00fc: yenil\u0259n\u0259n x\u0259b\u0259rl\u0259r - MEYDAN.TV<\/title>\n<meta name=\"robots\" content=\"index, follow, max-snippet:-1, max-image-preview:large, max-video-preview:-1\" \/>\n<link rel=\"canonical\" href=\"https:\/\/www.meydan.tv\/az\/article\/rusiyanin-ukraynaya-herbi-mudaxilesinin-34-cu-gunu-yenilenen-xeberler\/\" \/>\n<meta property=\"og:locale\" content=\"az_AZ\" \/>\n<meta property=\"og:type\" content=\"article\" \/>\n<meta property=\"og:title\" content=\"Rusiyan\u0131n Ukraynaya h\u0259rbi m\u00fcdaxil\u0259sinin 34-c\u00fc g\u00fcn\u00fc: yenil\u0259n\u0259n x\u0259b\u0259rl\u0259r - MEYDAN.TV\" \/>\n<meta property=\"og:url\" content=\"https:\/\/www.meydan.tv\/az\/article\/rusiyanin-ukraynaya-herbi-mudaxilesinin-34-cu-gunu-yenilenen-xeberler\/\" \/>\n<meta property=\"og:site_name\" content=\"MEYDAN.TV\" \/>\n<meta property=\"article:published_time\" content=\"2022-03-29T09:07:37+00:00\" \/>\n<meta property=\"article:modified_time\" content=\"2022-03-29T17:08:53+00:00\" \/>\n<meta property=\"og:image\" content=\"https:\/\/www.meydan.tv\/wp-content\/uploads\/3h3a7134-copy-1.webp\" \/>\n\t<meta property=\"og:image:width\" content=\"1500\" \/>\n\t<meta property=\"og:image:height\" content=\"1000\" \/>\n\t<meta property=\"og:image:type\" content=\"image\/webp\" \/>\n<meta name=\"author\" content=\"elli\" \/>\n<meta name=\"twitter:card\" content=\"summary_large_image\" \/>\n<meta name=\"twitter:creator\" content=\"@elli\" \/>\n<script type=\"application\/ld+json\" class=\"yoast-schema-graph\">{\"@context\":\"https:\\\/\\\/schema.org\",\"@graph\":[{\"@type\":\"Article\",\"@id\":\"https:\\\/\\\/www.meydan.tv\\\/az\\\/article\\\/rusiyanin-ukraynaya-herbi-mudaxilesinin-34-cu-gunu-yenilenen-xeberler\\\/#article\",\"isPartOf\":{\"@id\":\"https:\\\/\\\/www.meydan.tv\\\/az\\\/article\\\/rusiyanin-ukraynaya-herbi-mudaxilesinin-34-cu-gunu-yenilenen-xeberler\\\/\"},\"author\":{\"name\":\"elli\",\"@id\":\"https:\\\/\\\/www.meydan.tv\\\/az\\\/#\\\/schema\\\/person\\\/9cdbecf90d17180ce1dfbd95b08dcf47\"},\"headline\":\"Rusiyan\u0131n Ukraynaya h\u0259rbi m\u00fcdaxil\u0259sinin 34-c\u00fc g\u00fcn\u00fc: yenil\u0259n\u0259n x\u0259b\u0259rl\u0259r\",\"datePublished\":\"2022-03-29T09:07:37+00:00\",\"dateModified\":\"2022-03-29T17:08:53+00:00\",\"mainEntityOfPage\":{\"@id\":\"https:\\\/\\\/www.meydan.tv\\\/az\\\/article\\\/rusiyanin-ukraynaya-herbi-mudaxilesinin-34-cu-gunu-yenilenen-xeberler\\\/\"},\"wordCount\":1525,\"publisher\":{\"@id\":\"https:\\\/\\\/www.meydan.tv\\\/az\\\/#organization\"},\"image\":{\"@id\":\"https:\\\/\\\/www.meydan.tv\\\/az\\\/article\\\/rusiyanin-ukraynaya-herbi-mudaxilesinin-34-cu-gunu-yenilenen-xeberler\\\/#primaryimage\"},\"thumbnailUrl\":\"https:\\\/\\\/www.meydan.tv\\\/wp-content\\\/uploads\\\/3h3a7134-copy-1.webp\",\"articleSection\":[\"Redaktor se\u00e7imi\",\"Video\",\"X\u0259b\u0259rl\u0259r\"],\"inLanguage\":\"az\"},{\"@type\":\"WebPage\",\"@id\":\"https:\\\/\\\/www.meydan.tv\\\/az\\\/article\\\/rusiyanin-ukraynaya-herbi-mudaxilesinin-34-cu-gunu-yenilenen-xeberler\\\/\",\"url\":\"https:\\\/\\\/www.meydan.tv\\\/az\\\/article\\\/rusiyanin-ukraynaya-herbi-mudaxilesinin-34-cu-gunu-yenilenen-xeberler\\\/\",\"name\":\"Rusiyan\u0131n Ukraynaya h\u0259rbi m\u00fcdaxil\u0259sinin 34-c\u00fc g\u00fcn\u00fc: yenil\u0259n\u0259n x\u0259b\u0259rl\u0259r - MEYDAN.TV\",\"isPartOf\":{\"@id\":\"https:\\\/\\\/www.meydan.tv\\\/az\\\/#website\"},\"primaryImageOfPage\":{\"@id\":\"https:\\\/\\\/www.meydan.tv\\\/az\\\/article\\\/rusiyanin-ukraynaya-herbi-mudaxilesinin-34-cu-gunu-yenilenen-xeberler\\\/#primaryimage\"},\"image\":{\"@id\":\"https:\\\/\\\/www.meydan.tv\\\/az\\\/article\\\/rusiyanin-ukraynaya-herbi-mudaxilesinin-34-cu-gunu-yenilenen-xeberler\\\/#primaryimage\"},\"thumbnailUrl\":\"https:\\\/\\\/www.meydan.tv\\\/wp-content\\\/uploads\\\/3h3a7134-copy-1.webp\",\"datePublished\":\"2022-03-29T09:07:37+00:00\",\"dateModified\":\"2022-03-29T17:08:53+00:00\",\"breadcrumb\":{\"@id\":\"https:\\\/\\\/www.meydan.tv\\\/az\\\/article\\\/rusiyanin-ukraynaya-herbi-mudaxilesinin-34-cu-gunu-yenilenen-xeberler\\\/#breadcrumb\"},\"inLanguage\":\"az\",\"potentialAction\":[{\"@type\":\"ReadAction\",\"target\":[\"https:\\\/\\\/www.meydan.tv\\\/az\\\/article\\\/rusiyanin-ukraynaya-herbi-mudaxilesinin-34-cu-gunu-yenilenen-xeberler\\\/\"]}]},{\"@type\":\"ImageObject\",\"inLanguage\":\"az\",\"@id\":\"https:\\\/\\\/www.meydan.tv\\\/az\\\/article\\\/rusiyanin-ukraynaya-herbi-mudaxilesinin-34-cu-gunu-yenilenen-xeberler\\\/#primaryimage\",\"url\":\"https:\\\/\\\/www.meydan.tv\\\/wp-content\\\/uploads\\\/3h3a7134-copy-1.webp\",\"contentUrl\":\"https:\\\/\\\/www.meydan.tv\\\/wp-content\\\/uploads\\\/3h3a7134-copy-1.webp\",\"width\":1500,\"height\":1000,\"caption\":\"Foto: Meydan TV\"},{\"@type\":\"BreadcrumbList\",\"@id\":\"https:\\\/\\\/www.meydan.tv\\\/az\\\/article\\\/rusiyanin-ukraynaya-herbi-mudaxilesinin-34-cu-gunu-yenilenen-xeberler\\\/#breadcrumb\",\"itemListElement\":[{\"@type\":\"ListItem\",\"position\":1,\"name\":\"Ana s\u0259hif\u0259\",\"item\":\"https:\\\/\\\/www.meydan.tv\\\/az\\\/\"},{\"@type\":\"ListItem\",\"position\":2,\"name\":\"Redaktor se\u00e7imi\",\"item\":\"https:\\\/\\\/www.meydan.tv\\\/az\\\/section\\\/redaktor-secimi\\\/\"},{\"@type\":\"ListItem\",\"position\":3,\"name\":\"Rusiyan\u0131n Ukraynaya h\u0259rbi m\u00fcdaxil\u0259sinin 34-c\u00fc g\u00fcn\u00fc: yenil\u0259n\u0259n x\u0259b\u0259rl\u0259r\"}]},{\"@type\":\"WebSite\",\"@id\":\"https:\\\/\\\/www.meydan.tv\\\/az\\\/#website\",\"url\":\"https:\\\/\\\/www.meydan.tv\\\/az\\\/\",\"name\":\"MEYDAN.TV\",\"description\":\"Meydan TV Az\u0259rbaycan\u0131n media m\u0259kan\u0131ndak\u0131 alternativ s\u0259sidir\",\"publisher\":{\"@id\":\"https:\\\/\\\/www.meydan.tv\\\/az\\\/#organization\"},\"potentialAction\":[{\"@type\":\"SearchAction\",\"target\":{\"@type\":\"EntryPoint\",\"urlTemplate\":\"https:\\\/\\\/www.meydan.tv\\\/az\\\/?s={search_term_string}\"},\"query-input\":{\"@type\":\"PropertyValueSpecification\",\"valueRequired\":true,\"valueName\":\"search_term_string\"}}],\"inLanguage\":\"az\"},{\"@type\":\"Organization\",\"@id\":\"https:\\\/\\\/www.meydan.tv\\\/az\\\/#organization\",\"name\":\"Meydan TV\",\"url\":\"https:\\\/\\\/www.meydan.tv\\\/az\\\/\",\"logo\":{\"@type\":\"ImageObject\",\"inLanguage\":\"az\",\"@id\":\"https:\\\/\\\/www.meydan.tv\\\/az\\\/#\\\/schema\\\/logo\\\/image\\\/\",\"url\":\"https:\\\/\\\/www.meydan.tv\\\/wp-content\\\/uploads\\\/2021\\\/07\\\/meydan-logo.svg\",\"contentUrl\":\"https:\\\/\\\/www.meydan.tv\\\/wp-content\\\/uploads\\\/2021\\\/07\\\/meydan-logo.svg\",\"width\":195,\"height\":46,\"caption\":\"Meydan TV\"},\"image\":{\"@id\":\"https:\\\/\\\/www.meydan.tv\\\/az\\\/#\\\/schema\\\/logo\\\/image\\\/\"}},{\"@type\":\"Person\",\"@id\":\"https:\\\/\\\/www.meydan.tv\\\/az\\\/#\\\/schema\\\/person\\\/9cdbecf90d17180ce1dfbd95b08dcf47\",\"name\":\"elli\",\"sameAs\":[\"https:\\\/\\\/x.com\\\/elli\"]}]}<\/script>\n<!-- \/ Yoast SEO plugin. -->","yoast_head_json":{"title":"Rusiyan\u0131n Ukraynaya h\u0259rbi m\u00fcdaxil\u0259sinin 34-c\u00fc g\u00fcn\u00fc: yenil\u0259n\u0259n x\u0259b\u0259rl\u0259r - MEYDAN.TV","robots":{"index":"index","follow":"follow","max-snippet":"max-snippet:-1","max-image-preview":"max-image-preview:large","max-video-preview":"max-video-preview:-1"},"canonical":"https:\/\/www.meydan.tv\/az\/article\/rusiyanin-ukraynaya-herbi-mudaxilesinin-34-cu-gunu-yenilenen-xeberler\/","og_locale":"az_AZ","og_type":"article","og_title":"Rusiyan\u0131n Ukraynaya h\u0259rbi m\u00fcdaxil\u0259sinin 34-c\u00fc g\u00fcn\u00fc: yenil\u0259n\u0259n x\u0259b\u0259rl\u0259r - MEYDAN.TV","og_url":"https:\/\/www.meydan.tv\/az\/article\/rusiyanin-ukraynaya-herbi-mudaxilesinin-34-cu-gunu-yenilenen-xeberler\/","og_site_name":"MEYDAN.TV","article_published_time":"2022-03-29T09:07:37+00:00","article_modified_time":"2022-03-29T17:08:53+00:00","og_image":[{"width":1500,"height":1000,"url":"https:\/\/www.meydan.tv\/wp-content\/uploads\/3h3a7134-copy-1.webp","type":"image\/webp"}],"author":"elli","twitter_card":"summary_large_image","twitter_creator":"@elli","schema":{"@context":"https:\/\/schema.org","@graph":[{"@type":"Article","@id":"https:\/\/www.meydan.tv\/az\/article\/rusiyanin-ukraynaya-herbi-mudaxilesinin-34-cu-gunu-yenilenen-xeberler\/#article","isPartOf":{"@id":"https:\/\/www.meydan.tv\/az\/article\/rusiyanin-ukraynaya-herbi-mudaxilesinin-34-cu-gunu-yenilenen-xeberler\/"},"author":{"name":"elli","@id":"https:\/\/www.meydan.tv\/az\/#\/schema\/person\/9cdbecf90d17180ce1dfbd95b08dcf47"},"headline":"Rusiyan\u0131n Ukraynaya h\u0259rbi m\u00fcdaxil\u0259sinin 34-c\u00fc g\u00fcn\u00fc: yenil\u0259n\u0259n x\u0259b\u0259rl\u0259r","datePublished":"2022-03-29T09:07:37+00:00","dateModified":"2022-03-29T17:08:53+00:00","mainEntityOfPage":{"@id":"https:\/\/www.meydan.tv\/az\/article\/rusiyanin-ukraynaya-herbi-mudaxilesinin-34-cu-gunu-yenilenen-xeberler\/"},"wordCount":1525,"publisher":{"@id":"https:\/\/www.meydan.tv\/az\/#organization"},"image":{"@id":"https:\/\/www.meydan.tv\/az\/article\/rusiyanin-ukraynaya-herbi-mudaxilesinin-34-cu-gunu-yenilenen-xeberler\/#primaryimage"},"thumbnailUrl":"https:\/\/www.meydan.tv\/wp-content\/uploads\/3h3a7134-copy-1.webp","articleSection":["Redaktor se\u00e7imi","Video","X\u0259b\u0259rl\u0259r"],"inLanguage":"az"},{"@type":"WebPage","@id":"https:\/\/www.meydan.tv\/az\/article\/rusiyanin-ukraynaya-herbi-mudaxilesinin-34-cu-gunu-yenilenen-xeberler\/","url":"https:\/\/www.meydan.tv\/az\/article\/rusiyanin-ukraynaya-herbi-mudaxilesinin-34-cu-gunu-yenilenen-xeberler\/","name":"Rusiyan\u0131n Ukraynaya h\u0259rbi m\u00fcdaxil\u0259sinin 34-c\u00fc g\u00fcn\u00fc: yenil\u0259n\u0259n x\u0259b\u0259rl\u0259r - MEYDAN.TV","isPartOf":{"@id":"https:\/\/www.meydan.tv\/az\/#website"},"primaryImageOfPage":{"@id":"https:\/\/www.meydan.tv\/az\/article\/rusiyanin-ukraynaya-herbi-mudaxilesinin-34-cu-gunu-yenilenen-xeberler\/#primaryimage"},"image":{"@id":"https:\/\/www.meydan.tv\/az\/article\/rusiyanin-ukraynaya-herbi-mudaxilesinin-34-cu-gunu-yenilenen-xeberler\/#primaryimage"},"thumbnailUrl":"https:\/\/www.meydan.tv\/wp-content\/uploads\/3h3a7134-copy-1.webp","datePublished":"2022-03-29T09:07:37+00:00","dateModified":"2022-03-29T17:08:53+00:00","breadcrumb":{"@id":"https:\/\/www.meydan.tv\/az\/article\/rusiyanin-ukraynaya-herbi-mudaxilesinin-34-cu-gunu-yenilenen-xeberler\/#breadcrumb"},"inLanguage":"az","potentialAction":[{"@type":"ReadAction","target":["https:\/\/www.meydan.tv\/az\/article\/rusiyanin-ukraynaya-herbi-mudaxilesinin-34-cu-gunu-yenilenen-xeberler\/"]}]},{"@type":"ImageObject","inLanguage":"az","@id":"https:\/\/www.meydan.tv\/az\/article\/rusiyanin-ukraynaya-herbi-mudaxilesinin-34-cu-gunu-yenilenen-xeberler\/#primaryimage","url":"https:\/\/www.meydan.tv\/wp-content\/uploads\/3h3a7134-copy-1.webp","contentUrl":"https:\/\/www.meydan.tv\/wp-content\/uploads\/3h3a7134-copy-1.webp","width":1500,"height":1000,"caption":"Foto: Meydan TV"},{"@type":"BreadcrumbList","@id":"https:\/\/www.meydan.tv\/az\/article\/rusiyanin-ukraynaya-herbi-mudaxilesinin-34-cu-gunu-yenilenen-xeberler\/#breadcrumb","itemListElement":[{"@type":"ListItem","position":1,"name":"Ana s\u0259hif\u0259","item":"https:\/\/www.meydan.tv\/az\/"},{"@type":"ListItem","position":2,"name":"Redaktor se\u00e7imi","item":"https:\/\/www.meydan.tv\/az\/section\/redaktor-secimi\/"},{"@type":"ListItem","position":3,"name":"Rusiyan\u0131n Ukraynaya h\u0259rbi m\u00fcdaxil\u0259sinin 34-c\u00fc g\u00fcn\u00fc: yenil\u0259n\u0259n x\u0259b\u0259rl\u0259r"}]},{"@type":"WebSite","@id":"https:\/\/www.meydan.tv\/az\/#website","url":"https:\/\/www.meydan.tv\/az\/","name":"MEYDAN.TV","description":"Meydan TV Az\u0259rbaycan\u0131n media m\u0259kan\u0131ndak\u0131 alternativ s\u0259sidir","publisher":{"@id":"https:\/\/www.meydan.tv\/az\/#organization"},"potentialAction":[{"@type":"SearchAction","target":{"@type":"EntryPoint","urlTemplate":"https:\/\/www.meydan.tv\/az\/?s={search_term_string}"},"query-input":{"@type":"PropertyValueSpecification","valueRequired":true,"valueName":"search_term_string"}}],"inLanguage":"az"},{"@type":"Organization","@id":"https:\/\/www.meydan.tv\/az\/#organization","name":"Meydan TV","url":"https:\/\/www.meydan.tv\/az\/","logo":{"@type":"ImageObject","inLanguage":"az","@id":"https:\/\/www.meydan.tv\/az\/#\/schema\/logo\/image\/","url":"https:\/\/www.meydan.tv\/wp-content\/uploads\/2021\/07\/meydan-logo.svg","contentUrl":"https:\/\/www.meydan.tv\/wp-content\/uploads\/2021\/07\/meydan-logo.svg","width":195,"height":46,"caption":"Meydan TV"},"image":{"@id":"https:\/\/www.meydan.tv\/az\/#\/schema\/logo\/image\/"}},{"@type":"Person","@id":"https:\/\/www.meydan.tv\/az\/#\/schema\/person\/9cdbecf90d17180ce1dfbd95b08dcf47","name":"elli","sameAs":["https:\/\/x.com\/elli"]}]}},"_links":{"self":[{"href":"https:\/\/www.meydan.tv\/az\/wp-json\/wp\/v2\/posts\/239766","targetHints":{"allow":["GET"]}}],"collection":[{"href":"https:\/\/www.meydan.tv\/az\/wp-json\/wp\/v2\/posts"}],"about":[{"href":"https:\/\/www.meydan.tv\/az\/wp-json\/wp\/v2\/types\/post"}],"author":[{"embeddable":true,"href":"https:\/\/www.meydan.tv\/az\/wp-json\/wp\/v2\/users\/8"}],"replies":[{"embeddable":true,"href":"https:\/\/www.meydan.tv\/az\/wp-json\/wp\/v2\/comments?post=239766"}],"version-history":[{"count":7,"href":"https:\/\/www.meydan.tv\/az\/wp-json\/wp\/v2\/posts\/239766\/revisions"}],"predecessor-version":[{"id":239871,"href":"https:\/\/www.meydan.tv\/az\/wp-json\/wp\/v2\/posts\/239766\/revisions\/239871"}],"wp:featuredmedia":[{"embeddable":true,"href":"https:\/\/www.meydan.tv\/az\/wp-json\/wp\/v2\/media\/239587"}],"wp:attachment":[{"href":"https:\/\/www.meydan.tv\/az\/wp-json\/wp\/v2\/media?parent=239766"}],"wp:term":[{"taxonomy":"category","embeddable":true,"href":"https:\/\/www.meydan.tv\/az\/wp-json\/wp\/v2\/categories?post=239766"},{"taxonomy":"post_tag","embeddable":true,"href":"https:\/\/www.meydan.tv\/az\/wp-json\/wp\/v2\/tags?post=239766"}],"curies":[{"name":"wp","href":"https:\/\/api.w.org\/{rel}","templated":true}]}}