{"id":239677,"date":"2022-03-28T15:30:05","date_gmt":"2022-03-28T11:30:05","guid":{"rendered":"https:\/\/www.meydan.tv\/?p=239677"},"modified":"2022-03-28T15:30:08","modified_gmt":"2022-03-28T11:30:08","slug":"qarabagda-veziyyetin-gerginlesmesi-azerbaycanin-maraqlarina-ziddir","status":"publish","type":"post","link":"https:\/\/www.meydan.tv\/az\/article\/qarabagda-veziyyetin-gerginlesmesi-azerbaycanin-maraqlarina-ziddir\/","title":{"rendered":"&#8220;Qaraba\u011fda v\u0259ziyy\u0259tin g\u0259rginl\u0259\u015fm\u0259si Az\u0259rbaycan\u0131n maraqlar\u0131na ziddir&#8221;"},"content":{"rendered":"\n<p><\/p>\n\n\n\n<p><em>H\u0259rbi ekspert: &#8220;Rusiya Erm\u0259nistan\u0131n m\u0259\u011flubiyy\u0259tini \u00f6z m\u0259\u011flubiyy\u0259ti kimi q\u0259bul edir&#8221;<\/em><\/p>\n\n\n\n<p>&#8220;Az\u0259rbaycan M\u00fcdafi\u0259 Nazirliyinin son s\u0259rt a\u00e7\u0131qlamalar\u0131 Rusiya il\u0259 raz\u0131la\u015fd\u0131r\u0131l\u0131b&#8221;.<\/p>\n\n\n\n<p>Siyasi \u015f\u0259rh\u00e7i Z\u0259rd\u00fc\u015ft \u018flizad\u0259 Az\u0259rbaycan M\u00fcdafi\u0259 Nazirliyinin Rusiya M\u00fcdafi\u0259 Nazirliyin\u0259 cavab\u0131n\u0131 bel\u0259 \u015f\u0259rh edib.<\/p>\n\n\n\n<p>Az\u0259rbaycan M\u00fcdafi\u0259 Nazirliyi Rusiya M\u00fcdafi\u0259 Nazirliyinin 27 mart tarixli a\u00e7\u0131qlamas\u0131ndan t\u0259\u0259ss\u00fcfl\u0259ndiyini bildirib.<\/p>\n\n\n\n<p>Nazirlik qeyd edib ki, Rusiya M\u00fcdafi\u0259 Nazirliyinin Az\u0259rbaycan h\u0259rb\u00e7il\u0259rinin F\u0259rrux k\u0259ndini t\u0259rk etdiyi bar\u0259d\u0259 m\u0259lumat\u0131 h\u0259qiq\u0259t\u0259uy\u011fun <a href=\"https:\/\/mod.gov.az\/az\/news\/azerbaycan-respublikasi-mudafie-nazirliyinin-aciqlamasi-39663.html\" target=\"_blank\" rel=\"noreferrer noopener\">deyil<\/a>.<\/p>\n\n\n\n<p>\u201cAz\u0259rbaycan Ordusunun \u00f6lk\u0259mizin suveren \u0259razil\u0259rinin t\u0259rkib hiss\u0259si olan F\u0259rrux k\u0259ndi v\u0259 \u0259traf y\u00fcks\u0259klikl\u0259rd\u0259ki m\u00f6vqel\u0259rind\u0259 he\u00e7 bir d\u0259yi\u015fiklik ba\u015f verm\u0259yib. Az\u0259rbaycan Ordusunun b\u00f6lm\u0259l\u0259rinin h\u0259min m\u00f6vqel\u0259rd\u0259n geri \u00e7\u0259kilm\u0259si haqq\u0131nda m\u0259lumat h\u0259qiq\u0259ti \u0259ks etdirmir. Ordumuz \u0259m\u0259liyyat \u015f\u0259raitin\u0259 tam n\u0259zar\u0259t edir&#8221;, &#8211; dey\u0259 M\u00fcdafi\u0259 Nazirliyi bildirib.<\/p>\n\n\n\n<p>M\u00fcdafi\u0259 Nazirliyi at\u0259\u015fk\u0259sin Az\u0259rbaycan t\u0259r\u0259find\u0259n pozulmas\u0131 bar\u0259d\u0259 m\u0259lumatlar\u0131 da t\u0259kzib edib.<\/p>\n\n\n\n<p><strong>\u201cErm\u0259nistan\u0131n BMT-d\u0259 Ukraynayla ba\u011fl\u0131 s\u0259svem\u0259d\u0259 bit\u0259r\u0259f qalmas\u0131 ona baha ba\u015fa g\u0259ldi\u201d<\/strong><\/p>\n\n\n\n<p>Z\u0259rd\u00fc\u015ft \u018flizad\u0259 deyir ki, Qaraba\u011f m\u00fcnaqi\u015f\u0259si Rusiyan\u0131n n\u0259zar\u0259tind\u0259 olan m\u0259s\u0259l\u0259dir. O, 1987-ci ild\u0259n ba\u015flanan proses\u0259 diqq\u0259t yetirm\u0259yi t\u00f6vsiy\u0259 edir: &#8220;36 ildir ki, Qaraba\u011f m\u00fcnaqi\u015f\u0259si Rusiyan\u0131n h\u0259ssas r\u0259hb\u0259rliyi alt\u0131nda davam edir. B\u00fct\u00fcn etnik t\u0259mizl\u0259m\u0259l\u0259r, q\u0259tll\u0259r, cinay\u0259tl\u0259r, bombardmanlar &#8211; ham\u0131s\u0131 Rusiyan\u0131n n\u0259zar\u0259til\u0259 ge\u00e7\u0259kl\u0259\u015fib. Eyni zamanda, h\u0259r iki t\u0259r\u0259fd\u0259 olan siyasi v\u0259 h\u0259rbi kadrlar da bil\u0259r\u0259kd\u0259n, yaxud bilm\u0259y\u0259r\u0259kd\u0259n Rusiyan\u0131n plan\u0131yla h\u0259r\u0259k\u0259t edirl\u0259r. Rusiya \u0259b\u0259di &#8220;par\u00e7ala, h\u00f6km s\u00fcr&#8221; siyas\u0259tini davam etdirir. Bax\u0131n, 44 g\u00fcnl\u00fck sava\u015f\u0131 dayand\u0131r\u0131b v\u0259 s\u00fclhm\u0259rmal\u0131lar\u0131n\u0131 b\u00f6lg\u0259d\u0259 yerl\u0259\u015fdirdi&#8221;.<\/p>\n\n\n\n<p>Siyasi \u015f\u0259rh\u00e7i son ba\u015f ver\u0259n hadis\u0259l\u0259ri d\u0259 t\u0259sad\u00fcf saym\u0131r. Deyir ki, Erm\u0259nistan\u0131n BMT-d\u0259 Ukraynayla ba\u011fl\u0131 son s\u0259svem\u0259d\u0259 bit\u0259r\u0259f qalmas\u0131 ona baha ba\u015fa g\u0259lib: <\/p>\n\n\n\n<p>&#8220;\u0130ndi Yerevana ba\u015fa salmaq ist\u0259yirl\u0259r ki, s\u0259nin bit\u0259r\u0259f qalma\u011fa h\u00fcququn yoxdur. Pa\u015finyan da m\u00fcst\u0259qil olma\u011fa \u00e7al\u0131\u015f\u0131r. Bel\u0259 olanda, ona d\u0259rs verm\u0259k zaman\u0131 \u00e7at\u0131r. Qaraba\u011fdak\u0131 separat\u00e7\u0131lar\u0131 da bel\u0259 al\u00e7aq i\u015fl\u0259r \u00fc\u00e7\u00fcn saxlay\u0131rlar, \u018fmr verirl\u0259r ki, \u00f6z\u00fcn\u00fcz\u00fc h\u0259yas\u0131z apar\u0131b Az\u0259rbaycana meydan sulay\u0131n. Onlar da istehkam, s\u0259ng\u0259r d\u00fcz\u0259ldirl\u0259r. Az\u0259rbaycan da bunlar\u0131 g\u00f6r\u00fcr v\u0259 s\u00fclhm\u0259raml\u0131lara m\u0259lumat verirl\u0259r ki, separat\u00e7\u0131lara deyin a\u011f\u0131ll\u0131 olsunlar. M\u00fcsb\u0259t cavab almayanda F\u0259rruxu v\u0259 ba\u015fqa k\u0259ndl\u0259ri t\u0259mizl\u0259yirl\u0259r. Ad\u0131nca Erm\u0259nistan medias\u0131 hay-k\u00fcy sal\u0131r v\u0259 Rusiya da \u0259ks b\u0259yanat\u0131 verir. Bu, &#8220;dov\u015fana qa\u00e7, taz\u0131ya tut&#8221; siyas\u0259tidir. Son n\u0259tic\u0259d\u0259 h\u0259r iki d\u00f6vl\u0259tin ba\u015f\u00e7\u0131s\u0131n\u0131 Moskvaya \u00e7a\u011f\u0131r\u0131b n\u00f6vb\u0259ti b\u0259yanat\u0131 imzalatd\u0131racaqlar.<\/p>\n\n\n\n<div class=\"wp-block-image\"><figure class=\"alignright size-full is-resized\"><img decoding=\"async\" data-src=\"https:\/\/www.meydan.tv\/wp-content\/uploads\/zerdusht-alizade.jpg\" alt=\"Z\u0259rd\u00fc\u015ft \u018flizad\u0259\" class=\"wp-image-155862 lazyload\" width=\"448\" height=\"312\" src=\"data:image\/svg+xml;base64,PHN2ZyB3aWR0aD0iMSIgaGVpZ2h0PSIxIiB4bWxucz0iaHR0cDovL3d3dy53My5vcmcvMjAwMC9zdmciPjwvc3ZnPg==\" style=\"--smush-placeholder-width: 448px; --smush-placeholder-aspect-ratio: 448\/312;\" \/><figcaption>Source: strateq.az<\/figcaption><\/figure><\/div>\n\n\n\n<p>&#8220;H\u0259l\u0259 \u00f6t\u0259n \u0259srin \u0259vv\u0259lind\u0259 C\u0259f\u0259r Cabbarl\u0131 &#8220;atan kazaklard\u0131r&#8221; yazanda diaqnoz qoymu\u015fdu. 5 erm\u0259ni qalana q\u0259d\u0259r, ruslar ordan \u00e7\u0131xmayacaq. B\u0259lk\u0259, Rusiya \u00f6z\u00fc da\u011f\u0131lsa, m\u0259s\u0259l\u0259 \u00f6z-\u00f6z\u00fcn\u0259 h\u0259ll oluna bil\u0259r. H\u0259m d\u0259 Erm\u0259nistan v\u0259 Az\u0259rbaycan r\u0259hb\u0259rlyinin bir-birin\u0259 etimad\u0131n\u0131n olmamas\u0131 onlar\u0131 vasit\u0259siz \u015f\u0259kild\u0259 dan\u0131\u015f\u0131qlara ba\u015flama\u011fa mane olur. Ona g\u00f6r\u0259 Rusiyan\u0131n sxemi i\u015fl\u0259yir&#8221;, &#8211; dey\u0259 siyasi \u015f\u0259rh\u00e7i qeyd edib.<\/p>\n\n\n\n<p>Z.\u018flizad\u0259 hesab edir ki, indiki situasiyada Qaraba\u011fda v\u0259ziyy\u0259tin g\u0259rginl\u0259\u015fm\u0259si Az\u0259rbaycan\u0131n maraqlar\u0131na ziddir: &#8220;\u00c7\u00fcnki zaman bizim xeyrimiz\u0259 i\u015fl\u0259yir. Haz\u0131rda Qaraba\u011fda maksimum 30-35 min erm\u0259ni var: i\u015f yox, t\u0259hl\u00fck\u0259sizlikl\u0259ri b\u0259rbad. Az\u0259rbaycan\u0131n is\u0259 \u0259hali say\u0131 v\u0259 iqtisadi imkanlar\u0131 art\u0131rsa, g\u0259rginlik biz\u0259 laz\u0131m deyil. Amma Rusiya Az\u0259rbaycan vasit\u0259sil\u0259 Erm\u0259nistan\u0131 c\u0259zaland\u0131r\u0131r. Ola bil\u0259r ki. m\u0259n yan\u0131l\u0131ram. B\u0259lk\u0259, hakimiyy\u0259tin v\u0259t\u0259np\u0259rv\u0259rlik damar\u0131 tutub. M\u0259s\u0259l\u0259 ondad\u0131r ki, Az\u0259rbaycan xalq\u0131n\u0131 korrupsiya bataql\u0131\u011f\u0131na salan hakimiyy\u0259t v\u0259t\u0259np\u0259rv\u0259r ola bilm\u0259z&#8221;.<\/p>\n\n\n\n<p><strong>\u201cSiyasi r\u0259hb\u0259rliyin ba\u015f\u0131 a\u00e7\u0131landan sonra M\u00fcdafi\u0259 Nazirliyind\u0259 bir ne\u00e7\u0259 papaq bo\u015f qalacaq\u201d<\/strong><\/p>\n\n\n\n<p>H\u0259rbi ekspert \u018fdal\u0259t Verdiyev is\u0259 f\u0259rqli d\u00fc\u015f\u00fcn\u00fcr. O deyir ki, Rusiya Erm\u0259nistan\u0131 c\u0259zaland\u0131rmaq ist\u0259yirs\u0259, \u015fimal d\u00f6vl\u0259tin M\u00fcdafi\u0259 Nazirliyi Az\u0259rbaycan\u0131n t\u0259r\u0259find\u0259 dursun: <\/p>\n\n\n\n<p>\u201cRusiya M\u00fcdafi\u0259 Nazirliyi Bak\u0131 v\u0259 Yerevan\u0131n qar\u015f\u0131s\u0131nda g\u00f6t\u00fcrd\u00fcy\u00fc \u00f6hd\u0259liyi, s\u00fclhm\u0259raml\u0131 f\u0259aliyy\u0259ti 10 noyabr b\u0259yanat\u0131na uy\u011fun yerin\u0259 yetirsin. Amma biz \u0259razid\u0259 tam \u0259ksini g\u00f6r\u00fcr\u00fck. M\u0259n bu c\u00fcr iddialar\u0131 q\u0259bul etmir\u0259m, \u00e7\u00fcnki tam \u0259ks proses gedir\u201d<\/p>\n\n\n\n<p>Onun fikrinc\u0259, Rusiya s\u00fclhm\u0259raml\u0131 kontingentinin 16 ayda Qaraba\u011fda g\u00f6st\u0259rdiyi f\u0259aliyy\u0259t Az\u0259rbaycan\u0131 qane ed\u0259 bilm\u0259z: <\/p>\n\n\n\n<p>\u201cOna g\u00f6r\u0259 d\u0259 Az\u0259rbaycan \u00f6z qo\u015funlar\u0131n\u0131 s\u0259rh\u0259dl\u0259ri \u00e7\u0259r\u00e7iv\u0259sind\u0259 ba\u015fqa m\u00f6vqel\u0259rd\u0259 yerl\u0259\u015fdirm\u0259y\u0259 ba\u015flay\u0131b, o c\u00fcml\u0259d\u0259n, F\u0259rrux k\u0259ndi v\u0259 ona yax\u0131n y\u00fcks\u0259klikl\u0259rd\u0259. Bu da Rusiya M\u00fcdafi\u0259 Nazirliyinin yum\u015faq des\u0259k, bir q\u0259d\u0259r x\u0259trin\u0259 d\u0259ydi. \u00dcmumiyy\u0259tl\u0259, biz s\u00fclhm\u0259raml\u0131lar\u0131n \u0259vv\u0259lki f\u0259aliyy\u0259tl\u0259rin\u0259 d\u0259 ciddi reaksiyalar vermi\u015fdik, amma g\u00f6r\u00fcn\u00fcr, Rusiya M\u00fcdafi\u0259 Nazirliyi t\u0259r\u0259f tutmaqda davam edir v\u0259 f\u0259aliyy\u0259tsizliyini bu tip feyk informasiya b\u00fclletenl\u0259ri yaymaqla h\u0259yata ke\u00e7irm\u0259y\u0259 \u00e7al\u0131\u015f\u0131r&#8221;.<\/p>\n\n\n\n<div class=\"wp-block-image\"><figure class=\"alignleft size-large is-resized\"><img decoding=\"async\" data-src=\"https:\/\/www.meydan.tv\/wp-content\/uploads\/edalet-e1617183922851-1200x675.jpg\" alt=\"\u018fdal\u0259t Verdiyev\" class=\"wp-image-210711 lazyload\" width=\"412\" height=\"232\" src=\"data:image\/svg+xml;base64,PHN2ZyB3aWR0aD0iMSIgaGVpZ2h0PSIxIiB4bWxucz0iaHR0cDovL3d3dy53My5vcmcvMjAwMC9zdmciPjwvc3ZnPg==\" style=\"--smush-placeholder-width: 412px; --smush-placeholder-aspect-ratio: 412\/232;\" \/><figcaption>Source: https:\/\/yenicag.az\/<\/figcaption><\/figure><\/div>\n\n\n\n<p>&#8220;Art\u0131q son iki g\u00fcn\u00fcn hadis\u0259l\u0259ri Rusiyan\u0131n yayd\u0131\u011f\u0131 m\u0259lumatlar\u0131n he\u00e7 bir \u0259sas\u0131 olmad\u0131\u011f\u0131n\u0131 \u00fcz\u0259 \u00e7\u0131xartd\u0131. Az\u0259rbaycan ordusu 1994-c\u00fc ild\u0259n sonra, h\u0259tta Horadiz \u0259m\u0259liyyatlar\u0131ndan sonra yerl\u0259\u015fdiyi he\u00e7 bir m\u00f6vqed\u0259n bayra\u011f\u0131n\u0131 qald\u0131rd\u0131\u011f\u0131 yerd\u0259n geriy\u0259 bir add\u0131m da atmay\u0131b. Bu, Rusiya kimi qlobal bir g\u00fcc\u00fcn M\u00fcdafi\u0259 Nazirliyinin yar\u0131tmaz v\u0259 m\u0259suly\u0259tsiz f\u0259aliyy\u0259tind\u0259n ba\u015fqa bir \u015fey deyil\u201d, &#8211; \u018fdal\u0259t Verdiyev bel\u0259 deyir.<\/p>\n\n\n\n<p><\/p>\n\n\n\n<p><\/p>\n\n\n\n<p>Ekspert h\u0259m\u00e7inin qeyd edib ki, Erm\u0259nistan d\u00f6vl\u0259tinin v\u0259 ordusunun yarad\u0131lmas\u0131nda Rusiya M\u00fcdafi\u0259 Nazirliyinin \u0259h\u0259miyy\u0259tli rolu olub: <\/p>\n\n\n\n<p>\u201cEyni zamanda, Rusiya Erm\u0259nistan\u0131n silahl\u0131 q\u00fcvv\u0259l\u0259rini yeti\u015fdirib. Az\u0259rbaycan\u0131n t\u0259kba\u015f\u0131na bu silahl\u0131 q\u00fcvv\u0259l\u0259ri 44 g\u00fcnl\u00fck sava\u015fda darmada\u011f\u0131n etm\u0259sini Rusiya M\u00fcdafi\u0259 Nazirliyi h\u0259zm ed\u0259 bilmir. \u00c7\u00fcnki Erm\u0259nistan\u0131n m\u0259\u011flubiyy\u0259tini \u00f6z m\u0259\u011flubiyy\u0259tl\u0259ri kimi q\u0259bul edirl\u0259r. Halbuki Rusiya silahl\u0131 q\u00fcvv\u0259l\u0259rinin f\u0259aliyy\u0259ti Moskvayla Bak\u0131 aras\u0131nda m\u00fctt\u0259fiqlik, qon\u015fuluq, \u0259m\u0259kda\u015fl\u0131q v\u0259 s\u00fclhm\u0259raml\u0131 f\u0259aliyy\u0259t planlar\u0131na tamamil\u0259 ziddir&#8221;.<\/p>\n\n\n\n<p>&#8220;Bel\u0259 g\u00f6r\u00fcn\u00fcr ki, Rusiya M\u00fcdafi\u0259 Nazirliyi Rusiya Ali Ba\u015f Komandana qar\u015f\u0131 t\u0259xribatlarla m\u0259\u015f\u011fuldur. Putin Qaraba\u011f\u0131n Az\u0259rbaycan oldu\u011funu deyir, Rusiya M\u00fcdafi\u0259 Nazirliyi bunun \u0259ksinin t\u0259sdiql\u0259y\u0259n feyk m\u0259lumatlar yay\u0131r. M\u0259nc\u0259, siyasi r\u0259hb\u0259rliyin ba\u015f\u0131 a\u00e7\u0131landan sonra Rusiya M\u00fcdafi\u0259 Nazirliyind\u0259 bir ne\u00e7\u0259 papaq bo\u015f qalacaq\u201d, &#8211; dey\u0259 ekspert vur\u011fulay\u0131b.<\/p>\n\n\n\n<p>Mart\u0131n 26-da Qaraba\u011fda qanunsuz erm\u0259ni silahl\u0131 q\u00fcvv\u0259l\u0259rinin t\u0259xribat t\u00f6r\u0259tm\u0259y\u0259 c\u0259hd g\u00f6st\u0259rdiyi bildirilir.<\/p>\n\n\n\n<p>Bu bar\u0259d\u0259 Az\u0259rbaycan M\u00fcdafi\u0259 Nazirliyi m\u0259lumat <a href=\"https:\/\/www.meydan.tv\/az\/article\/qarabagda-gerginlik-azerbaycan-ordunun-texribata-cekildiyini-deyir\/\" target=\"_blank\" rel=\"noreferrer noopener\">yay\u0131b<\/a>.<\/p>\n\n\n\n<p>Nazirlik qeyd edib ki, bu g\u00fcn s\u0259h\u0259r saatlar\u0131nda dumanl\u0131 hava v\u0259 m\u0259hdudg\u00f6rm\u0259 \u015f\u0259raitind\u0259n istifad\u0259 ed\u0259n qeyri-qanuni erm\u0259ni silahl\u0131 d\u0259st\u0259l\u0259ri Az\u0259rbaycan Ordusunun b\u00f6lm\u0259l\u0259rin\u0259 qar\u015f\u0131 t\u0259xribat t\u00f6r\u0259tm\u0259y\u0259 c\u0259hd g\u00f6st\u0259rib:<\/p>\n\n\n\n<p>\u201cD\u0259rhal g\u00f6r\u00fcl\u0259n t\u0259dbirl\u0259r n\u0259tic\u0259sind\u0259 qeyri-qanuni erm\u0259ni silahl\u0131 d\u0259st\u0259l\u0259rinin \u00fczvl\u0259ri geri \u00e7\u0259kilm\u0259y\u0259 m\u0259cbur edilib. Az\u0259rbaycan Ordusunun b\u00f6lm\u0259l\u0259ri s\u0131ras\u0131nda itki yoxdur. \u018fm\u0259liyyat \u015f\u0259raiti b\u00f6lm\u0259l\u0259rimizin n\u0259zar\u0259ti alt\u0131ndad\u0131r\u201d.<\/p>\n\n\n\n<p><strong>Xat\u0131rlatma<\/strong><\/p>\n\n\n\n<p>Erm\u0259nistanla Az\u0259rbaycan aras\u0131nda sonuncu 44 g\u00fcnl\u00fck silahl\u0131 m\u00fcnaqi\u015f\u0259 2020-ci il noyabr\u0131n 10-da q\u00fcvv\u0259y\u0259 minmi\u015f tam at\u0259\u015fk\u0259s haqq\u0131nda raz\u0131la\u015fma il\u0259 ba\u015fa \u00e7at\u0131b.<\/p>\n\n\n\n<p>Da\u011fl\u0131q Qaraba\u011f v\u0259 \u0259traf b\u00f6lg\u0259l\u0259rd\u0259ki m\u00fcnaqi\u015f\u0259nin tarixi is\u0259 1988-ci il\u0259 dayan\u0131r.<\/p>\n\n\n\n<p>90-c\u0131 ill\u0259rd\u0259 Az\u0259rbaycan-Erm\u0259nistan aras\u0131ndak\u0131 ilk m\u00fcharib\u0259 v\u0259 sonrak\u0131 d\u00f6vrl\u0259rd\u0259 Az\u0259rbaycan t\u0259r\u0259f daim Erm\u0259nistan\u0131 m\u0259d\u0259ni abid\u0259l\u0259rin m\u0259hv edilm\u0259sind\u0259 g\u00fcnahland\u0131r\u0131b.<\/p>\n\n\n\n<p>2020-ci ild\u0259 ba\u015f ver\u0259n ikinci m\u00fcharib\u0259d\u0259n sonra is\u0259 Az\u0259rbaycan Erm\u0259nistan\u0131 \u015f\u0259h\u0259rl\u0259ri, k\u0259ndl\u0259ri, q\u0259bristanl\u0131qlar\u0131 yer \u00fcz\u00fcnd\u0259n silm\u0259kd\u0259 ittiham edib.<\/p>\n\n\n\n<p>Erm\u0259nistan is\u0259 haz\u0131rda eyni ittihamla Az\u0259rbaycan\u0131 su\u00e7lay\u0131r.<\/p>\n","protected":false},"excerpt":{"rendered":"<p>H\u0259rbi ekspert: &#8220;Rusiya Erm\u0259nistan\u0131n m\u0259\u011flubiyy\u0259tini \u00f6z m\u0259\u011flubiyy\u0259ti kimi q\u0259bul edir&#8221; &#8230; <\/p>\n<p class=\"read-more-container\"><a title=\"&#8220;Qaraba\u011fda v\u0259ziyy\u0259tin g\u0259rginl\u0259\u015fm\u0259si Az\u0259rbaycan\u0131n maraqlar\u0131na ziddir&#8221;\" class=\"read-more button\" href=\"https:\/\/www.meydan.tv\/az\/article\/qarabagda-veziyyetin-gerginlesmesi-azerbaycanin-maraqlarina-ziddir\/#more-239677\" aria-label=\"Read more about &#8220;Qaraba\u011fda v\u0259ziyy\u0259tin g\u0259rginl\u0259\u015fm\u0259si Az\u0259rbaycan\u0131n maraqlar\u0131na ziddir&#8221;\">Davam\u0131<\/a><\/p>\n","protected":false},"author":8,"featured_media":239674,"comment_status":"closed","ping_status":"closed","sticky":false,"template":"","format":"standard","meta":{"_acf_changed":false,"_sitemap_exclude":false,"_sitemap_priority":"","_sitemap_frequency":"","footnotes":""},"categories":[59,79,56],"tags":[],"class_list":["post-239677","post","type-post","status-publish","format-standard","has-post-thumbnail","hentry","category-siyaset","category-featured","category-xeberler","infinite-scroll-item","generate-columns","tablet-grid-50","mobile-grid-100","grid-parent","grid-33","no-featured-image-padding"],"acf":[],"yoast_head":"<!-- This site is optimized with the Yoast SEO plugin v27.4 - https:\/\/yoast.com\/product\/yoast-seo-wordpress\/ -->\n<title>&quot;Qaraba\u011fda v\u0259ziyy\u0259tin g\u0259rginl\u0259\u015fm\u0259si Az\u0259rbaycan\u0131n maraqlar\u0131na ziddir&quot; - MEYDAN.TV<\/title>\n<meta name=\"robots\" content=\"index, follow, max-snippet:-1, max-image-preview:large, max-video-preview:-1\" \/>\n<link rel=\"canonical\" href=\"https:\/\/www.meydan.tv\/az\/article\/qarabagda-veziyyetin-gerginlesmesi-azerbaycanin-maraqlarina-ziddir\/\" \/>\n<meta property=\"og:locale\" content=\"az_AZ\" \/>\n<meta property=\"og:type\" content=\"article\" \/>\n<meta property=\"og:title\" content=\"&quot;Qaraba\u011fda v\u0259ziyy\u0259tin g\u0259rginl\u0259\u015fm\u0259si Az\u0259rbaycan\u0131n maraqlar\u0131na ziddir&quot; - MEYDAN.TV\" \/>\n<meta property=\"og:description\" content=\"H\u0259rbi ekspert: &#8220;Rusiya Erm\u0259nistan\u0131n m\u0259\u011flubiyy\u0259tini \u00f6z m\u0259\u011flubiyy\u0259ti kimi q\u0259bul edir&#8221; ... Davam\u0131\" \/>\n<meta property=\"og:url\" content=\"https:\/\/www.meydan.tv\/az\/article\/qarabagda-veziyyetin-gerginlesmesi-azerbaycanin-maraqlarina-ziddir\/\" \/>\n<meta property=\"og:site_name\" content=\"MEYDAN.TV\" \/>\n<meta property=\"article:published_time\" content=\"2022-03-28T11:30:05+00:00\" \/>\n<meta property=\"article:modified_time\" content=\"2022-03-28T11:30:08+00:00\" \/>\n<meta property=\"og:image\" content=\"https:\/\/www.meydan.tv\/wp-content\/uploads\/shutterstock_2080256083.jpg\" \/>\n\t<meta property=\"og:image:width\" content=\"1200\" \/>\n\t<meta property=\"og:image:height\" content=\"800\" \/>\n\t<meta property=\"og:image:type\" content=\"image\/jpeg\" \/>\n<meta name=\"author\" content=\"elli\" \/>\n<meta name=\"twitter:card\" content=\"summary_large_image\" \/>\n<meta name=\"twitter:creator\" content=\"@elli\" \/>\n<script type=\"application\/ld+json\" class=\"yoast-schema-graph\">{\"@context\":\"https:\\\/\\\/schema.org\",\"@graph\":[{\"@type\":\"Article\",\"@id\":\"https:\\\/\\\/www.meydan.tv\\\/az\\\/article\\\/qarabagda-veziyyetin-gerginlesmesi-azerbaycanin-maraqlarina-ziddir\\\/#article\",\"isPartOf\":{\"@id\":\"https:\\\/\\\/www.meydan.tv\\\/az\\\/article\\\/qarabagda-veziyyetin-gerginlesmesi-azerbaycanin-maraqlarina-ziddir\\\/\"},\"author\":{\"name\":\"elli\",\"@id\":\"https:\\\/\\\/www.meydan.tv\\\/az\\\/#\\\/schema\\\/person\\\/9cdbecf90d17180ce1dfbd95b08dcf47\"},\"headline\":\"&#8220;Qaraba\u011fda v\u0259ziyy\u0259tin g\u0259rginl\u0259\u015fm\u0259si Az\u0259rbaycan\u0131n maraqlar\u0131na ziddir&#8221;\",\"datePublished\":\"2022-03-28T11:30:05+00:00\",\"dateModified\":\"2022-03-28T11:30:08+00:00\",\"mainEntityOfPage\":{\"@id\":\"https:\\\/\\\/www.meydan.tv\\\/az\\\/article\\\/qarabagda-veziyyetin-gerginlesmesi-azerbaycanin-maraqlarina-ziddir\\\/\"},\"wordCount\":1609,\"publisher\":{\"@id\":\"https:\\\/\\\/www.meydan.tv\\\/az\\\/#organization\"},\"image\":{\"@id\":\"https:\\\/\\\/www.meydan.tv\\\/az\\\/article\\\/qarabagda-veziyyetin-gerginlesmesi-azerbaycanin-maraqlarina-ziddir\\\/#primaryimage\"},\"thumbnailUrl\":\"https:\\\/\\\/www.meydan.tv\\\/wp-content\\\/uploads\\\/shutterstock_2080256083.jpg\",\"articleSection\":[\"Siyas\u0259t\",\"T\u00f6vsiy\u0259\",\"X\u0259b\u0259rl\u0259r\"],\"inLanguage\":\"az\"},{\"@type\":\"WebPage\",\"@id\":\"https:\\\/\\\/www.meydan.tv\\\/az\\\/article\\\/qarabagda-veziyyetin-gerginlesmesi-azerbaycanin-maraqlarina-ziddir\\\/\",\"url\":\"https:\\\/\\\/www.meydan.tv\\\/az\\\/article\\\/qarabagda-veziyyetin-gerginlesmesi-azerbaycanin-maraqlarina-ziddir\\\/\",\"name\":\"\\\"Qaraba\u011fda v\u0259ziyy\u0259tin g\u0259rginl\u0259\u015fm\u0259si Az\u0259rbaycan\u0131n maraqlar\u0131na ziddir\\\" - MEYDAN.TV\",\"isPartOf\":{\"@id\":\"https:\\\/\\\/www.meydan.tv\\\/az\\\/#website\"},\"primaryImageOfPage\":{\"@id\":\"https:\\\/\\\/www.meydan.tv\\\/az\\\/article\\\/qarabagda-veziyyetin-gerginlesmesi-azerbaycanin-maraqlarina-ziddir\\\/#primaryimage\"},\"image\":{\"@id\":\"https:\\\/\\\/www.meydan.tv\\\/az\\\/article\\\/qarabagda-veziyyetin-gerginlesmesi-azerbaycanin-maraqlarina-ziddir\\\/#primaryimage\"},\"thumbnailUrl\":\"https:\\\/\\\/www.meydan.tv\\\/wp-content\\\/uploads\\\/shutterstock_2080256083.jpg\",\"datePublished\":\"2022-03-28T11:30:05+00:00\",\"dateModified\":\"2022-03-28T11:30:08+00:00\",\"breadcrumb\":{\"@id\":\"https:\\\/\\\/www.meydan.tv\\\/az\\\/article\\\/qarabagda-veziyyetin-gerginlesmesi-azerbaycanin-maraqlarina-ziddir\\\/#breadcrumb\"},\"inLanguage\":\"az\",\"potentialAction\":[{\"@type\":\"ReadAction\",\"target\":[\"https:\\\/\\\/www.meydan.tv\\\/az\\\/article\\\/qarabagda-veziyyetin-gerginlesmesi-azerbaycanin-maraqlarina-ziddir\\\/\"]}]},{\"@type\":\"ImageObject\",\"inLanguage\":\"az\",\"@id\":\"https:\\\/\\\/www.meydan.tv\\\/az\\\/article\\\/qarabagda-veziyyetin-gerginlesmesi-azerbaycanin-maraqlarina-ziddir\\\/#primaryimage\",\"url\":\"https:\\\/\\\/www.meydan.tv\\\/wp-content\\\/uploads\\\/shutterstock_2080256083.jpg\",\"contentUrl\":\"https:\\\/\\\/www.meydan.tv\\\/wp-content\\\/uploads\\\/shutterstock_2080256083.jpg\",\"width\":1200,\"height\":800,\"caption\":\"Rusiya-Az\u0259rbaycan. Foto: OnePixelStudio\\\/shutterstock\"},{\"@type\":\"BreadcrumbList\",\"@id\":\"https:\\\/\\\/www.meydan.tv\\\/az\\\/article\\\/qarabagda-veziyyetin-gerginlesmesi-azerbaycanin-maraqlarina-ziddir\\\/#breadcrumb\",\"itemListElement\":[{\"@type\":\"ListItem\",\"position\":1,\"name\":\"Ana s\u0259hif\u0259\",\"item\":\"https:\\\/\\\/www.meydan.tv\\\/az\\\/\"},{\"@type\":\"ListItem\",\"position\":2,\"name\":\"Siyas\u0259t\",\"item\":\"https:\\\/\\\/www.meydan.tv\\\/az\\\/section\\\/siyaset\\\/\"},{\"@type\":\"ListItem\",\"position\":3,\"name\":\"&#8220;Qaraba\u011fda v\u0259ziyy\u0259tin g\u0259rginl\u0259\u015fm\u0259si Az\u0259rbaycan\u0131n maraqlar\u0131na ziddir&#8221;\"}]},{\"@type\":\"WebSite\",\"@id\":\"https:\\\/\\\/www.meydan.tv\\\/az\\\/#website\",\"url\":\"https:\\\/\\\/www.meydan.tv\\\/az\\\/\",\"name\":\"MEYDAN.TV\",\"description\":\"Meydan TV Az\u0259rbaycan\u0131n media m\u0259kan\u0131ndak\u0131 alternativ s\u0259sidir\",\"publisher\":{\"@id\":\"https:\\\/\\\/www.meydan.tv\\\/az\\\/#organization\"},\"potentialAction\":[{\"@type\":\"SearchAction\",\"target\":{\"@type\":\"EntryPoint\",\"urlTemplate\":\"https:\\\/\\\/www.meydan.tv\\\/az\\\/?s={search_term_string}\"},\"query-input\":{\"@type\":\"PropertyValueSpecification\",\"valueRequired\":true,\"valueName\":\"search_term_string\"}}],\"inLanguage\":\"az\"},{\"@type\":\"Organization\",\"@id\":\"https:\\\/\\\/www.meydan.tv\\\/az\\\/#organization\",\"name\":\"Meydan TV\",\"url\":\"https:\\\/\\\/www.meydan.tv\\\/az\\\/\",\"logo\":{\"@type\":\"ImageObject\",\"inLanguage\":\"az\",\"@id\":\"https:\\\/\\\/www.meydan.tv\\\/az\\\/#\\\/schema\\\/logo\\\/image\\\/\",\"url\":\"https:\\\/\\\/www.meydan.tv\\\/wp-content\\\/uploads\\\/2021\\\/07\\\/meydan-logo.svg\",\"contentUrl\":\"https:\\\/\\\/www.meydan.tv\\\/wp-content\\\/uploads\\\/2021\\\/07\\\/meydan-logo.svg\",\"width\":195,\"height\":46,\"caption\":\"Meydan TV\"},\"image\":{\"@id\":\"https:\\\/\\\/www.meydan.tv\\\/az\\\/#\\\/schema\\\/logo\\\/image\\\/\"}},{\"@type\":\"Person\",\"@id\":\"https:\\\/\\\/www.meydan.tv\\\/az\\\/#\\\/schema\\\/person\\\/9cdbecf90d17180ce1dfbd95b08dcf47\",\"name\":\"elli\",\"sameAs\":[\"https:\\\/\\\/x.com\\\/elli\"]}]}<\/script>\n<!-- \/ Yoast SEO plugin. -->","yoast_head_json":{"title":"\"Qaraba\u011fda v\u0259ziyy\u0259tin g\u0259rginl\u0259\u015fm\u0259si Az\u0259rbaycan\u0131n maraqlar\u0131na ziddir\" - MEYDAN.TV","robots":{"index":"index","follow":"follow","max-snippet":"max-snippet:-1","max-image-preview":"max-image-preview:large","max-video-preview":"max-video-preview:-1"},"canonical":"https:\/\/www.meydan.tv\/az\/article\/qarabagda-veziyyetin-gerginlesmesi-azerbaycanin-maraqlarina-ziddir\/","og_locale":"az_AZ","og_type":"article","og_title":"\"Qaraba\u011fda v\u0259ziyy\u0259tin g\u0259rginl\u0259\u015fm\u0259si Az\u0259rbaycan\u0131n maraqlar\u0131na ziddir\" - MEYDAN.TV","og_description":"H\u0259rbi ekspert: &#8220;Rusiya Erm\u0259nistan\u0131n m\u0259\u011flubiyy\u0259tini \u00f6z m\u0259\u011flubiyy\u0259ti kimi q\u0259bul edir&#8221; ... Davam\u0131","og_url":"https:\/\/www.meydan.tv\/az\/article\/qarabagda-veziyyetin-gerginlesmesi-azerbaycanin-maraqlarina-ziddir\/","og_site_name":"MEYDAN.TV","article_published_time":"2022-03-28T11:30:05+00:00","article_modified_time":"2022-03-28T11:30:08+00:00","og_image":[{"width":1200,"height":800,"url":"https:\/\/www.meydan.tv\/wp-content\/uploads\/shutterstock_2080256083.jpg","type":"image\/jpeg"}],"author":"elli","twitter_card":"summary_large_image","twitter_creator":"@elli","schema":{"@context":"https:\/\/schema.org","@graph":[{"@type":"Article","@id":"https:\/\/www.meydan.tv\/az\/article\/qarabagda-veziyyetin-gerginlesmesi-azerbaycanin-maraqlarina-ziddir\/#article","isPartOf":{"@id":"https:\/\/www.meydan.tv\/az\/article\/qarabagda-veziyyetin-gerginlesmesi-azerbaycanin-maraqlarina-ziddir\/"},"author":{"name":"elli","@id":"https:\/\/www.meydan.tv\/az\/#\/schema\/person\/9cdbecf90d17180ce1dfbd95b08dcf47"},"headline":"&#8220;Qaraba\u011fda v\u0259ziyy\u0259tin g\u0259rginl\u0259\u015fm\u0259si Az\u0259rbaycan\u0131n maraqlar\u0131na ziddir&#8221;","datePublished":"2022-03-28T11:30:05+00:00","dateModified":"2022-03-28T11:30:08+00:00","mainEntityOfPage":{"@id":"https:\/\/www.meydan.tv\/az\/article\/qarabagda-veziyyetin-gerginlesmesi-azerbaycanin-maraqlarina-ziddir\/"},"wordCount":1609,"publisher":{"@id":"https:\/\/www.meydan.tv\/az\/#organization"},"image":{"@id":"https:\/\/www.meydan.tv\/az\/article\/qarabagda-veziyyetin-gerginlesmesi-azerbaycanin-maraqlarina-ziddir\/#primaryimage"},"thumbnailUrl":"https:\/\/www.meydan.tv\/wp-content\/uploads\/shutterstock_2080256083.jpg","articleSection":["Siyas\u0259t","T\u00f6vsiy\u0259","X\u0259b\u0259rl\u0259r"],"inLanguage":"az"},{"@type":"WebPage","@id":"https:\/\/www.meydan.tv\/az\/article\/qarabagda-veziyyetin-gerginlesmesi-azerbaycanin-maraqlarina-ziddir\/","url":"https:\/\/www.meydan.tv\/az\/article\/qarabagda-veziyyetin-gerginlesmesi-azerbaycanin-maraqlarina-ziddir\/","name":"\"Qaraba\u011fda v\u0259ziyy\u0259tin g\u0259rginl\u0259\u015fm\u0259si Az\u0259rbaycan\u0131n maraqlar\u0131na ziddir\" - MEYDAN.TV","isPartOf":{"@id":"https:\/\/www.meydan.tv\/az\/#website"},"primaryImageOfPage":{"@id":"https:\/\/www.meydan.tv\/az\/article\/qarabagda-veziyyetin-gerginlesmesi-azerbaycanin-maraqlarina-ziddir\/#primaryimage"},"image":{"@id":"https:\/\/www.meydan.tv\/az\/article\/qarabagda-veziyyetin-gerginlesmesi-azerbaycanin-maraqlarina-ziddir\/#primaryimage"},"thumbnailUrl":"https:\/\/www.meydan.tv\/wp-content\/uploads\/shutterstock_2080256083.jpg","datePublished":"2022-03-28T11:30:05+00:00","dateModified":"2022-03-28T11:30:08+00:00","breadcrumb":{"@id":"https:\/\/www.meydan.tv\/az\/article\/qarabagda-veziyyetin-gerginlesmesi-azerbaycanin-maraqlarina-ziddir\/#breadcrumb"},"inLanguage":"az","potentialAction":[{"@type":"ReadAction","target":["https:\/\/www.meydan.tv\/az\/article\/qarabagda-veziyyetin-gerginlesmesi-azerbaycanin-maraqlarina-ziddir\/"]}]},{"@type":"ImageObject","inLanguage":"az","@id":"https:\/\/www.meydan.tv\/az\/article\/qarabagda-veziyyetin-gerginlesmesi-azerbaycanin-maraqlarina-ziddir\/#primaryimage","url":"https:\/\/www.meydan.tv\/wp-content\/uploads\/shutterstock_2080256083.jpg","contentUrl":"https:\/\/www.meydan.tv\/wp-content\/uploads\/shutterstock_2080256083.jpg","width":1200,"height":800,"caption":"Rusiya-Az\u0259rbaycan. Foto: OnePixelStudio\/shutterstock"},{"@type":"BreadcrumbList","@id":"https:\/\/www.meydan.tv\/az\/article\/qarabagda-veziyyetin-gerginlesmesi-azerbaycanin-maraqlarina-ziddir\/#breadcrumb","itemListElement":[{"@type":"ListItem","position":1,"name":"Ana s\u0259hif\u0259","item":"https:\/\/www.meydan.tv\/az\/"},{"@type":"ListItem","position":2,"name":"Siyas\u0259t","item":"https:\/\/www.meydan.tv\/az\/section\/siyaset\/"},{"@type":"ListItem","position":3,"name":"&#8220;Qaraba\u011fda v\u0259ziyy\u0259tin g\u0259rginl\u0259\u015fm\u0259si Az\u0259rbaycan\u0131n maraqlar\u0131na ziddir&#8221;"}]},{"@type":"WebSite","@id":"https:\/\/www.meydan.tv\/az\/#website","url":"https:\/\/www.meydan.tv\/az\/","name":"MEYDAN.TV","description":"Meydan TV Az\u0259rbaycan\u0131n media m\u0259kan\u0131ndak\u0131 alternativ s\u0259sidir","publisher":{"@id":"https:\/\/www.meydan.tv\/az\/#organization"},"potentialAction":[{"@type":"SearchAction","target":{"@type":"EntryPoint","urlTemplate":"https:\/\/www.meydan.tv\/az\/?s={search_term_string}"},"query-input":{"@type":"PropertyValueSpecification","valueRequired":true,"valueName":"search_term_string"}}],"inLanguage":"az"},{"@type":"Organization","@id":"https:\/\/www.meydan.tv\/az\/#organization","name":"Meydan TV","url":"https:\/\/www.meydan.tv\/az\/","logo":{"@type":"ImageObject","inLanguage":"az","@id":"https:\/\/www.meydan.tv\/az\/#\/schema\/logo\/image\/","url":"https:\/\/www.meydan.tv\/wp-content\/uploads\/2021\/07\/meydan-logo.svg","contentUrl":"https:\/\/www.meydan.tv\/wp-content\/uploads\/2021\/07\/meydan-logo.svg","width":195,"height":46,"caption":"Meydan TV"},"image":{"@id":"https:\/\/www.meydan.tv\/az\/#\/schema\/logo\/image\/"}},{"@type":"Person","@id":"https:\/\/www.meydan.tv\/az\/#\/schema\/person\/9cdbecf90d17180ce1dfbd95b08dcf47","name":"elli","sameAs":["https:\/\/x.com\/elli"]}]}},"_links":{"self":[{"href":"https:\/\/www.meydan.tv\/az\/wp-json\/wp\/v2\/posts\/239677","targetHints":{"allow":["GET"]}}],"collection":[{"href":"https:\/\/www.meydan.tv\/az\/wp-json\/wp\/v2\/posts"}],"about":[{"href":"https:\/\/www.meydan.tv\/az\/wp-json\/wp\/v2\/types\/post"}],"author":[{"embeddable":true,"href":"https:\/\/www.meydan.tv\/az\/wp-json\/wp\/v2\/users\/8"}],"replies":[{"embeddable":true,"href":"https:\/\/www.meydan.tv\/az\/wp-json\/wp\/v2\/comments?post=239677"}],"version-history":[{"count":2,"href":"https:\/\/www.meydan.tv\/az\/wp-json\/wp\/v2\/posts\/239677\/revisions"}],"predecessor-version":[{"id":239691,"href":"https:\/\/www.meydan.tv\/az\/wp-json\/wp\/v2\/posts\/239677\/revisions\/239691"}],"wp:featuredmedia":[{"embeddable":true,"href":"https:\/\/www.meydan.tv\/az\/wp-json\/wp\/v2\/media\/239674"}],"wp:attachment":[{"href":"https:\/\/www.meydan.tv\/az\/wp-json\/wp\/v2\/media?parent=239677"}],"wp:term":[{"taxonomy":"category","embeddable":true,"href":"https:\/\/www.meydan.tv\/az\/wp-json\/wp\/v2\/categories?post=239677"},{"taxonomy":"post_tag","embeddable":true,"href":"https:\/\/www.meydan.tv\/az\/wp-json\/wp\/v2\/tags?post=239677"}],"curies":[{"name":"wp","href":"https:\/\/api.w.org\/{rel}","templated":true}]}}