{"id":239655,"date":"2022-03-28T14:33:57","date_gmt":"2022-03-28T10:33:57","guid":{"rendered":"https:\/\/www.meydan.tv\/?p=239655"},"modified":"2022-03-28T18:32:16","modified_gmt":"2022-03-28T14:32:16","slug":"oskarin-teqdimatinda-dava","status":"publish","type":"post","link":"https:\/\/www.meydan.tv\/az\/article\/oskarin-teqdimatinda-dava\/","title":{"rendered":"\u201cOskar\u201d\u0131n t\u0259qdimat\u0131nda dava"},"content":{"rendered":"\n<figure class=\"wp-block-embed is-type-video is-provider-youtube wp-block-embed-youtube wp-embed-aspect-16-9 wp-has-aspect-ratio\"><div class=\"wp-block-embed__wrapper\">\n<iframe title=\"Oscar m\u0259rasimind\u0259 dava d\u00fc\u015f\u00fcb\" width=\"1200\" height=\"675\" data-src=\"https:\/\/www.youtube.com\/embed\/4BqewUDzsgE?feature=oembed\" frameborder=\"0\" allow=\"accelerometer; autoplay; clipboard-write; encrypted-media; gyroscope; picture-in-picture\" allowfullscreen src=\"data:image\/svg+xml;base64,PHN2ZyB3aWR0aD0iMSIgaGVpZ2h0PSIxIiB4bWxucz0iaHR0cDovL3d3dy53My5vcmcvMjAwMC9zdmciPjwvc3ZnPg==\" class=\"lazyload\" data-load-mode=\"1\"><\/iframe>\n<\/div><\/figure>\n\n\n\n<!--more-->\n\n\n\n<p><em>S\u0259hn\u0259d\u0259 d\u00f6y\u00fc\u015f, Uill Smitin g\u00f6z ya\u015flar\u0131 v\u0259 Ukraynaya d\u0259st\u0259k \u00fc\u00e7\u00fcn bir d\u0259qiq\u0259lik s\u00fckut<\/em><\/p>\n\n\n\n<p>Los-Ancelesd\u0259 94-c\u00fc \u201cOskar\u201d kino m\u00fckafat\u0131n\u0131n t\u0259qdimat m\u0259rasimi <a href=\"https:\/\/abc.com\/\" target=\"_blank\" rel=\"noreferrer noopener\">ke\u00e7irilib<\/a>.<\/p>\n\n\n\n<p>M\u0259rasimd\u0259 23 kateqoriya \u00fczr\u0259 15 qalib m\u00fc\u0259yy\u0259n olunub.<\/p>\n\n\n\n<p>Bu il \u201c\u018fn yax\u015f\u0131 film\u201d nominasiyas\u0131nda \u201cDune\u201d, \u201cBelfast\u201d, \u201cDon\u2019t Look Up\u201d, \u201cWest Side Story\u201d, \u201cCODA\u201d, \u201cThe Power of the Dog\u201d, \u201cLicorice Pizza\u201d, \u201cNightmare Alley\u201d, \u201cKing Richard\u201d v\u0259 Yaponiya istehsal\u0131 \u201cDrive My Car\u201d filml\u0259ri yar\u0131\u015f\u0131b.<\/p>\n\n\n\n<p>\u201c\u018fn yax\u015f\u0131 rejissor\u201d ad\u0131 u\u011frunda Kennet Brana, Ryusuke Hamaquti, Pol Tomas Anderson, Ceyn Kempion v\u0259 Stiven Spilberq m\u00fcbariz\u0259 apar\u0131b.<\/p>\n\n\n\n<p>\u201c\u018fn yax\u015f\u0131 aktrisa\u201d nominasiyas\u0131na Nikol Kidman (\u201cBeing the Ricardos\u201d), Oliviya Kolman (\u201cThe Lost Daughter\u201d) , Penelopa Kruz (\u201cParallel Mothers\u201d), Cessika \u00c7esteyn (\u201cThe Eyes of Tammy Faye\u201d) v\u0259 Kristen St\u00fcart (\u201cSpencer\u201d) iddial\u0131 olub.<\/p>\n\n\n\n<p>\u201c\u018fn yax\u015f\u0131 aktyor\u201d m\u00fckafat\u0131 u\u011frunda Havyer Bardem (\u201cBeing the Ricardos\u201d), Benedikt Kamberbet\u00e7 (\u201cThe Power of the Dog\u201d), Endryu Qarfild (\u201cTick, Tick\u2026 Boom!\u201d), Uill Smit (\u201cKing Richard\u201d), yaxud Denzel Va\u015finqton (\u201cThe Tragedy of Macbeth\u201d) yar\u0131\u015f\u0131b.<\/p>\n\n\n\n<p>\u201cXarici dild\u0259 \u0259n yax\u015f\u0131 film\u201d nominasiyas\u0131nda Ryusuke Hamaquti \u201cDrive My Car\u201d, Yonas Poer Rasmussenin \u201cFlee\u201d, Paolo Sorrentinonun \u201cThe Hand of God\u201d, Pavo \u00c7oyninq Dorjinin \u201cLunana: A Yak in the Classroom\u201d, Joakim Trierin \u201cThe Worst Person in the World\u201d filml\u0259ri m\u00fcbariz\u0259 apar\u0131b.<\/p>\n\n\n\n<p><em>Bu ilin \u201c\u018fn yax\u015f\u0131 film\u201di \u201cCODA\u201d olub.<br>\u201c\u018fn yax\u015f\u0131 rejissor\u201d- Ceyn Kempion (\u201cThe Power of the Dog\u201d),<br>\u201c\u018fn yax\u015f\u0131 aktrisa\u201d \u2013 Cessika \u00c7esteyn (\u201cThe Eyes of Tammy Faye\u201d).<br>\u201c\u018fn yax\u015f\u0131 aktyor\u201d \u2013 Uill Smit (\u201cKing Richard\u201d),<br>\u201c\u018fn yax\u015f\u0131 k\u00f6m\u0259k\u00e7i aktyor\u201d Troy Cotsur \u2013 \u201cCODA\u201d,<br>\u201c\u018fn yax\u015f\u0131 k\u00f6m\u0259k\u00e7i aktrisa\u201d &#8211; Ariana Debose \u2013 \u201cWest side story\u201d,<br>\u201cXarici dild\u0259 \u0259n yax\u015f\u0131 film\u201d \u2013 \u201cDrive my car\u201d &#8211; Yaponiya istehsal\u0131, rejissor Ryusuke Hamaquti,<br>\u201c\u018fn yax\u015f\u0131 orijinal ssenari\u201d \u2013 \u201cBelfast\u201d &#8211; Kenneth Branagh,<br>\u201c\u018fn yax\u015f\u0131 uy\u011funla\u015fd\u0131r\u0131lm\u0131\u015f ssenari\u201d \u2013 \u201cCODA\u201d &#8211; Sian Heder,<br>\u201c\u018fn yax\u015f\u0131 orijinal musiqi\u201d &#8211; Hans Zimmer \u2013\u201cDune\u201d,<br>\u201c\u018fn yax\u015f\u0131 s\u0259s effekti\u201d \u2013 \u201cDune\u201d,<br>\u201c\u018fn yax\u015f\u0131 montaj\u201d \u2013 \u201cDune\u201d,<br>\u201c\u018fn yax\u015f\u0131 vizual effekt\u201d &#8211; \u201cDune\u201d,<br>\u201c\u018fn yax\u015f\u0131 operator i\u015fi\u201d &#8211; Greig Fraiser \u2013 \u201cDune\u201d,<br>\u201c\u018fn yax\u015f\u0131 istehsal dizayn\u0131 \u2013 \u201cDune\u201d,<br>\u201c\u018fn yax\u015f\u0131 s\u0259n\u0259dli film\u201d &#8211; \u201cSummer of soul\u201d,<br>\u201c\u018fn yax\u015f\u0131 q\u0131sametrajl\u0131 s\u0259n\u0259dli film\u201d &#8211; \u201cThe queen of basketball\u201d,<br>\u201c\u018fn yax\u015f\u0131 cizgi filmi\u201d \u2013 \u201cEncanto\u201d,<br>\u201c\u018fn yax\u015f\u0131 q\u0131sametrajl\u0131 cizgi filmi\u201d &#8211; \u201cThe windshield wiper\u201d.<br>\u201c\u018fn yax\u015f\u0131 q\u0131sametrajl\u0131 film\u201d \u2013 \u201cThe long goodbye\u201d se\u00e7ilib.<\/em><\/p>\n\n\n\n<figure class=\"wp-block-image size-full\"><img decoding=\"async\" width=\"1200\" height=\"798\" data-src=\"https:\/\/www.meydan.tv\/wp-content\/uploads\/download-2-3.jpg\" alt=\"\" class=\"wp-image-239659 lazyload\" src=\"data:image\/svg+xml;base64,PHN2ZyB3aWR0aD0iMSIgaGVpZ2h0PSIxIiB4bWxucz0iaHR0cDovL3d3dy53My5vcmcvMjAwMC9zdmciPjwvc3ZnPg==\" style=\"--smush-placeholder-width: 1200px; --smush-placeholder-aspect-ratio: 1200\/798;\" \/><figcaption>\u201c\u018fn yax\u015f\u0131 aktrisa\u201d \u2013 Cessika \u00c7esteyn. Foto: Reuters<\/figcaption><\/figure>\n\n\n\n<p>Bu il m\u00fckafat tarixind\u0259 ilk d\u0259f\u0259 8 nominasiya \u00fczr\u0259 qalib m\u0259rasim ba\u015flamazdan \u0259vv\u0259l elan olunub.<\/p>\n\n\n\n<p>M\u0259rasimd\u0259 Ukraynada ba\u015f ver\u0259n hadis\u0259l\u0259rl\u0259 \u0259laq\u0259dar h\u0259lak olanlar\u0131n xatir\u0259si bir d\u0259qiq\u0259lik s\u00fckutla yad olunub.<\/p>\n\n\n\n<p>Bud\u0259f\u0259ki t\u0259qdimat m\u0259rasimi m\u00fcnaqi\u015f\u0259siz <a href=\"https:\/\/www.theguardian.com\/film\/2022\/mar\/28\/oscars-coda-best-picture-will-smith-chris-rock-slap\" target=\"_blank\" rel=\"noreferrer noopener\">\u00f6t\u00fc\u015fm\u0259yib<\/a><\/p>\n\n\n\n<p>Komediya aktyoru Kris Rok s\u0259hn\u0259d\u0259 Uill Smitin h\u0259yat yolda\u015f\u0131 Cada Pinkett-Smiti ke\u00e7\u0259l oldu\u011fu \u00fc\u00e7\u00fcn \u201c\u018fsg\u0259r Ceyn\u201d filmind\u0259ki eyniadl\u0131 obrazla m\u00fcqayis\u0259 edib.<\/p>\n\n\n\n<p>Zarafata d\u00f6zm\u0259y\u0259n aktyor s\u0259hn\u0259y\u0259 qalxaraq, Kris Rokun \u00fcz\u00fcn\u0259 yumruq z\u0259rb\u0259si endirib, h\u0259yat yolda\u015f\u0131n\u0131n ad\u0131n\u0131 \u00e7\u0259km\u0259m\u0259yi t\u0259l\u0259b edib.<\/p>\n\n\n\n<p>Uill Smitin h\u0259yat yolda\u015f\u0131 autoimmun x\u0259st\u0259likd\u0259n \u0259ziyy\u0259t \u00e7\u0259kir. Cada d\u0259f\u0259l\u0259rl\u0259 m\u00fcsahib\u0259sind\u0259 sa\u00e7lar\u0131n\u0131n t\u00f6k\u00fcld\u00fcy\u00fcn\u00fc deyib.<\/p>\n","protected":false},"excerpt":{"rendered":"","protected":false},"author":8,"featured_media":239656,"comment_status":"closed","ping_status":"closed","sticky":false,"template":"","format":"standard","meta":{"_acf_changed":false,"_sitemap_exclude":false,"_sitemap_priority":"","_sitemap_frequency":"","footnotes":""},"categories":[52,63,56],"tags":[],"class_list":["post-239655","post","type-post","status-publish","format-standard","has-post-thumbnail","hentry","category-medeniyyet","category-video-2","category-xeberler","infinite-scroll-item","generate-columns","tablet-grid-50","mobile-grid-100","grid-parent","grid-33","no-featured-image-padding"],"acf":[],"yoast_head":"<!-- This site is optimized with the Yoast SEO plugin v27.4 - https:\/\/yoast.com\/product\/yoast-seo-wordpress\/ -->\n<title>\u201cOskar\u201d\u0131n t\u0259qdimat\u0131nda dava - MEYDAN.TV<\/title>\n<meta name=\"robots\" content=\"index, follow, max-snippet:-1, max-image-preview:large, max-video-preview:-1\" \/>\n<link rel=\"canonical\" href=\"https:\/\/www.meydan.tv\/az\/article\/oskarin-teqdimatinda-dava\/\" \/>\n<meta property=\"og:locale\" content=\"az_AZ\" \/>\n<meta property=\"og:type\" content=\"article\" \/>\n<meta property=\"og:title\" content=\"\u201cOskar\u201d\u0131n t\u0259qdimat\u0131nda dava - MEYDAN.TV\" \/>\n<meta property=\"og:url\" content=\"https:\/\/www.meydan.tv\/az\/article\/oskarin-teqdimatinda-dava\/\" \/>\n<meta property=\"og:site_name\" content=\"MEYDAN.TV\" \/>\n<meta property=\"article:published_time\" content=\"2022-03-28T10:33:57+00:00\" \/>\n<meta property=\"article:modified_time\" content=\"2022-03-28T14:32:16+00:00\" \/>\n<meta property=\"og:image\" content=\"https:\/\/www.meydan.tv\/wp-content\/uploads\/download-15-e1648461982614.jpg\" \/>\n\t<meta property=\"og:image:width\" content=\"1200\" \/>\n\t<meta property=\"og:image:height\" content=\"612\" \/>\n\t<meta property=\"og:image:type\" content=\"image\/jpeg\" \/>\n<meta name=\"author\" content=\"elli\" \/>\n<meta name=\"twitter:card\" content=\"summary_large_image\" \/>\n<meta name=\"twitter:creator\" content=\"@elli\" \/>\n<script type=\"application\/ld+json\" class=\"yoast-schema-graph\">{\"@context\":\"https:\\\/\\\/schema.org\",\"@graph\":[{\"@type\":\"Article\",\"@id\":\"https:\\\/\\\/www.meydan.tv\\\/az\\\/article\\\/oskarin-teqdimatinda-dava\\\/#article\",\"isPartOf\":{\"@id\":\"https:\\\/\\\/www.meydan.tv\\\/az\\\/article\\\/oskarin-teqdimatinda-dava\\\/\"},\"author\":{\"name\":\"elli\",\"@id\":\"https:\\\/\\\/www.meydan.tv\\\/az\\\/#\\\/schema\\\/person\\\/9cdbecf90d17180ce1dfbd95b08dcf47\"},\"headline\":\"\u201cOskar\u201d\u0131n t\u0259qdimat\u0131nda dava\",\"datePublished\":\"2022-03-28T10:33:57+00:00\",\"dateModified\":\"2022-03-28T14:32:16+00:00\",\"mainEntityOfPage\":{\"@id\":\"https:\\\/\\\/www.meydan.tv\\\/az\\\/article\\\/oskarin-teqdimatinda-dava\\\/\"},\"wordCount\":568,\"publisher\":{\"@id\":\"https:\\\/\\\/www.meydan.tv\\\/az\\\/#organization\"},\"image\":{\"@id\":\"https:\\\/\\\/www.meydan.tv\\\/az\\\/article\\\/oskarin-teqdimatinda-dava\\\/#primaryimage\"},\"thumbnailUrl\":\"https:\\\/\\\/www.meydan.tv\\\/wp-content\\\/uploads\\\/download-15-e1648461982614.jpg\",\"articleSection\":[\"M\u0259d\u0259niyy\u0259t\",\"Video\",\"X\u0259b\u0259rl\u0259r\"],\"inLanguage\":\"az\"},{\"@type\":\"WebPage\",\"@id\":\"https:\\\/\\\/www.meydan.tv\\\/az\\\/article\\\/oskarin-teqdimatinda-dava\\\/\",\"url\":\"https:\\\/\\\/www.meydan.tv\\\/az\\\/article\\\/oskarin-teqdimatinda-dava\\\/\",\"name\":\"\u201cOskar\u201d\u0131n t\u0259qdimat\u0131nda dava - MEYDAN.TV\",\"isPartOf\":{\"@id\":\"https:\\\/\\\/www.meydan.tv\\\/az\\\/#website\"},\"primaryImageOfPage\":{\"@id\":\"https:\\\/\\\/www.meydan.tv\\\/az\\\/article\\\/oskarin-teqdimatinda-dava\\\/#primaryimage\"},\"image\":{\"@id\":\"https:\\\/\\\/www.meydan.tv\\\/az\\\/article\\\/oskarin-teqdimatinda-dava\\\/#primaryimage\"},\"thumbnailUrl\":\"https:\\\/\\\/www.meydan.tv\\\/wp-content\\\/uploads\\\/download-15-e1648461982614.jpg\",\"datePublished\":\"2022-03-28T10:33:57+00:00\",\"dateModified\":\"2022-03-28T14:32:16+00:00\",\"breadcrumb\":{\"@id\":\"https:\\\/\\\/www.meydan.tv\\\/az\\\/article\\\/oskarin-teqdimatinda-dava\\\/#breadcrumb\"},\"inLanguage\":\"az\",\"potentialAction\":[{\"@type\":\"ReadAction\",\"target\":[\"https:\\\/\\\/www.meydan.tv\\\/az\\\/article\\\/oskarin-teqdimatinda-dava\\\/\"]}]},{\"@type\":\"ImageObject\",\"inLanguage\":\"az\",\"@id\":\"https:\\\/\\\/www.meydan.tv\\\/az\\\/article\\\/oskarin-teqdimatinda-dava\\\/#primaryimage\",\"url\":\"https:\\\/\\\/www.meydan.tv\\\/wp-content\\\/uploads\\\/download-15-e1648461982614.jpg\",\"contentUrl\":\"https:\\\/\\\/www.meydan.tv\\\/wp-content\\\/uploads\\\/download-15-e1648461982614.jpg\",\"width\":1200,\"height\":612,\"caption\":\"Foto: Reuters\"},{\"@type\":\"BreadcrumbList\",\"@id\":\"https:\\\/\\\/www.meydan.tv\\\/az\\\/article\\\/oskarin-teqdimatinda-dava\\\/#breadcrumb\",\"itemListElement\":[{\"@type\":\"ListItem\",\"position\":1,\"name\":\"Ana s\u0259hif\u0259\",\"item\":\"https:\\\/\\\/www.meydan.tv\\\/az\\\/\"},{\"@type\":\"ListItem\",\"position\":2,\"name\":\"M\u0259d\u0259niyy\u0259t\",\"item\":\"https:\\\/\\\/www.meydan.tv\\\/az\\\/section\\\/medeniyyet\\\/\"},{\"@type\":\"ListItem\",\"position\":3,\"name\":\"\u201cOskar\u201d\u0131n t\u0259qdimat\u0131nda dava\"}]},{\"@type\":\"WebSite\",\"@id\":\"https:\\\/\\\/www.meydan.tv\\\/az\\\/#website\",\"url\":\"https:\\\/\\\/www.meydan.tv\\\/az\\\/\",\"name\":\"MEYDAN.TV\",\"description\":\"Meydan TV Az\u0259rbaycan\u0131n media m\u0259kan\u0131ndak\u0131 alternativ s\u0259sidir\",\"publisher\":{\"@id\":\"https:\\\/\\\/www.meydan.tv\\\/az\\\/#organization\"},\"potentialAction\":[{\"@type\":\"SearchAction\",\"target\":{\"@type\":\"EntryPoint\",\"urlTemplate\":\"https:\\\/\\\/www.meydan.tv\\\/az\\\/?s={search_term_string}\"},\"query-input\":{\"@type\":\"PropertyValueSpecification\",\"valueRequired\":true,\"valueName\":\"search_term_string\"}}],\"inLanguage\":\"az\"},{\"@type\":\"Organization\",\"@id\":\"https:\\\/\\\/www.meydan.tv\\\/az\\\/#organization\",\"name\":\"Meydan TV\",\"url\":\"https:\\\/\\\/www.meydan.tv\\\/az\\\/\",\"logo\":{\"@type\":\"ImageObject\",\"inLanguage\":\"az\",\"@id\":\"https:\\\/\\\/www.meydan.tv\\\/az\\\/#\\\/schema\\\/logo\\\/image\\\/\",\"url\":\"https:\\\/\\\/www.meydan.tv\\\/wp-content\\\/uploads\\\/2021\\\/07\\\/meydan-logo.svg\",\"contentUrl\":\"https:\\\/\\\/www.meydan.tv\\\/wp-content\\\/uploads\\\/2021\\\/07\\\/meydan-logo.svg\",\"width\":195,\"height\":46,\"caption\":\"Meydan TV\"},\"image\":{\"@id\":\"https:\\\/\\\/www.meydan.tv\\\/az\\\/#\\\/schema\\\/logo\\\/image\\\/\"}},{\"@type\":\"Person\",\"@id\":\"https:\\\/\\\/www.meydan.tv\\\/az\\\/#\\\/schema\\\/person\\\/9cdbecf90d17180ce1dfbd95b08dcf47\",\"name\":\"elli\",\"sameAs\":[\"https:\\\/\\\/x.com\\\/elli\"]}]}<\/script>\n<!-- \/ Yoast SEO plugin. -->","yoast_head_json":{"title":"\u201cOskar\u201d\u0131n t\u0259qdimat\u0131nda dava - MEYDAN.TV","robots":{"index":"index","follow":"follow","max-snippet":"max-snippet:-1","max-image-preview":"max-image-preview:large","max-video-preview":"max-video-preview:-1"},"canonical":"https:\/\/www.meydan.tv\/az\/article\/oskarin-teqdimatinda-dava\/","og_locale":"az_AZ","og_type":"article","og_title":"\u201cOskar\u201d\u0131n t\u0259qdimat\u0131nda dava - MEYDAN.TV","og_url":"https:\/\/www.meydan.tv\/az\/article\/oskarin-teqdimatinda-dava\/","og_site_name":"MEYDAN.TV","article_published_time":"2022-03-28T10:33:57+00:00","article_modified_time":"2022-03-28T14:32:16+00:00","og_image":[{"width":1200,"height":612,"url":"https:\/\/www.meydan.tv\/wp-content\/uploads\/download-15-e1648461982614.jpg","type":"image\/jpeg"}],"author":"elli","twitter_card":"summary_large_image","twitter_creator":"@elli","schema":{"@context":"https:\/\/schema.org","@graph":[{"@type":"Article","@id":"https:\/\/www.meydan.tv\/az\/article\/oskarin-teqdimatinda-dava\/#article","isPartOf":{"@id":"https:\/\/www.meydan.tv\/az\/article\/oskarin-teqdimatinda-dava\/"},"author":{"name":"elli","@id":"https:\/\/www.meydan.tv\/az\/#\/schema\/person\/9cdbecf90d17180ce1dfbd95b08dcf47"},"headline":"\u201cOskar\u201d\u0131n t\u0259qdimat\u0131nda dava","datePublished":"2022-03-28T10:33:57+00:00","dateModified":"2022-03-28T14:32:16+00:00","mainEntityOfPage":{"@id":"https:\/\/www.meydan.tv\/az\/article\/oskarin-teqdimatinda-dava\/"},"wordCount":568,"publisher":{"@id":"https:\/\/www.meydan.tv\/az\/#organization"},"image":{"@id":"https:\/\/www.meydan.tv\/az\/article\/oskarin-teqdimatinda-dava\/#primaryimage"},"thumbnailUrl":"https:\/\/www.meydan.tv\/wp-content\/uploads\/download-15-e1648461982614.jpg","articleSection":["M\u0259d\u0259niyy\u0259t","Video","X\u0259b\u0259rl\u0259r"],"inLanguage":"az"},{"@type":"WebPage","@id":"https:\/\/www.meydan.tv\/az\/article\/oskarin-teqdimatinda-dava\/","url":"https:\/\/www.meydan.tv\/az\/article\/oskarin-teqdimatinda-dava\/","name":"\u201cOskar\u201d\u0131n t\u0259qdimat\u0131nda dava - MEYDAN.TV","isPartOf":{"@id":"https:\/\/www.meydan.tv\/az\/#website"},"primaryImageOfPage":{"@id":"https:\/\/www.meydan.tv\/az\/article\/oskarin-teqdimatinda-dava\/#primaryimage"},"image":{"@id":"https:\/\/www.meydan.tv\/az\/article\/oskarin-teqdimatinda-dava\/#primaryimage"},"thumbnailUrl":"https:\/\/www.meydan.tv\/wp-content\/uploads\/download-15-e1648461982614.jpg","datePublished":"2022-03-28T10:33:57+00:00","dateModified":"2022-03-28T14:32:16+00:00","breadcrumb":{"@id":"https:\/\/www.meydan.tv\/az\/article\/oskarin-teqdimatinda-dava\/#breadcrumb"},"inLanguage":"az","potentialAction":[{"@type":"ReadAction","target":["https:\/\/www.meydan.tv\/az\/article\/oskarin-teqdimatinda-dava\/"]}]},{"@type":"ImageObject","inLanguage":"az","@id":"https:\/\/www.meydan.tv\/az\/article\/oskarin-teqdimatinda-dava\/#primaryimage","url":"https:\/\/www.meydan.tv\/wp-content\/uploads\/download-15-e1648461982614.jpg","contentUrl":"https:\/\/www.meydan.tv\/wp-content\/uploads\/download-15-e1648461982614.jpg","width":1200,"height":612,"caption":"Foto: Reuters"},{"@type":"BreadcrumbList","@id":"https:\/\/www.meydan.tv\/az\/article\/oskarin-teqdimatinda-dava\/#breadcrumb","itemListElement":[{"@type":"ListItem","position":1,"name":"Ana s\u0259hif\u0259","item":"https:\/\/www.meydan.tv\/az\/"},{"@type":"ListItem","position":2,"name":"M\u0259d\u0259niyy\u0259t","item":"https:\/\/www.meydan.tv\/az\/section\/medeniyyet\/"},{"@type":"ListItem","position":3,"name":"\u201cOskar\u201d\u0131n t\u0259qdimat\u0131nda dava"}]},{"@type":"WebSite","@id":"https:\/\/www.meydan.tv\/az\/#website","url":"https:\/\/www.meydan.tv\/az\/","name":"MEYDAN.TV","description":"Meydan TV Az\u0259rbaycan\u0131n media m\u0259kan\u0131ndak\u0131 alternativ s\u0259sidir","publisher":{"@id":"https:\/\/www.meydan.tv\/az\/#organization"},"potentialAction":[{"@type":"SearchAction","target":{"@type":"EntryPoint","urlTemplate":"https:\/\/www.meydan.tv\/az\/?s={search_term_string}"},"query-input":{"@type":"PropertyValueSpecification","valueRequired":true,"valueName":"search_term_string"}}],"inLanguage":"az"},{"@type":"Organization","@id":"https:\/\/www.meydan.tv\/az\/#organization","name":"Meydan TV","url":"https:\/\/www.meydan.tv\/az\/","logo":{"@type":"ImageObject","inLanguage":"az","@id":"https:\/\/www.meydan.tv\/az\/#\/schema\/logo\/image\/","url":"https:\/\/www.meydan.tv\/wp-content\/uploads\/2021\/07\/meydan-logo.svg","contentUrl":"https:\/\/www.meydan.tv\/wp-content\/uploads\/2021\/07\/meydan-logo.svg","width":195,"height":46,"caption":"Meydan TV"},"image":{"@id":"https:\/\/www.meydan.tv\/az\/#\/schema\/logo\/image\/"}},{"@type":"Person","@id":"https:\/\/www.meydan.tv\/az\/#\/schema\/person\/9cdbecf90d17180ce1dfbd95b08dcf47","name":"elli","sameAs":["https:\/\/x.com\/elli"]}]}},"_links":{"self":[{"href":"https:\/\/www.meydan.tv\/az\/wp-json\/wp\/v2\/posts\/239655","targetHints":{"allow":["GET"]}}],"collection":[{"href":"https:\/\/www.meydan.tv\/az\/wp-json\/wp\/v2\/posts"}],"about":[{"href":"https:\/\/www.meydan.tv\/az\/wp-json\/wp\/v2\/types\/post"}],"author":[{"embeddable":true,"href":"https:\/\/www.meydan.tv\/az\/wp-json\/wp\/v2\/users\/8"}],"replies":[{"embeddable":true,"href":"https:\/\/www.meydan.tv\/az\/wp-json\/wp\/v2\/comments?post=239655"}],"version-history":[{"count":3,"href":"https:\/\/www.meydan.tv\/az\/wp-json\/wp\/v2\/posts\/239655\/revisions"}],"predecessor-version":[{"id":239731,"href":"https:\/\/www.meydan.tv\/az\/wp-json\/wp\/v2\/posts\/239655\/revisions\/239731"}],"wp:featuredmedia":[{"embeddable":true,"href":"https:\/\/www.meydan.tv\/az\/wp-json\/wp\/v2\/media\/239656"}],"wp:attachment":[{"href":"https:\/\/www.meydan.tv\/az\/wp-json\/wp\/v2\/media?parent=239655"}],"wp:term":[{"taxonomy":"category","embeddable":true,"href":"https:\/\/www.meydan.tv\/az\/wp-json\/wp\/v2\/categories?post=239655"},{"taxonomy":"post_tag","embeddable":true,"href":"https:\/\/www.meydan.tv\/az\/wp-json\/wp\/v2\/tags?post=239655"}],"curies":[{"name":"wp","href":"https:\/\/api.w.org\/{rel}","templated":true}]}}