{"id":239411,"date":"2022-03-26T13:46:49","date_gmt":"2022-03-26T09:46:49","guid":{"rendered":"https:\/\/www.meydan.tv\/?p=239411"},"modified":"2022-03-26T13:49:08","modified_gmt":"2022-03-26T09:49:08","slug":"qarabagda-gerginlik-azerbaycan-ordunun-texribata-cekildiyini-deyir","status":"publish","type":"post","link":"https:\/\/www.meydan.tv\/az\/article\/qarabagda-gerginlik-azerbaycan-ordunun-texribata-cekildiyini-deyir\/","title":{"rendered":"Qaraba\u011fda g\u0259rginlik: Az\u0259rbaycan ordunun t\u0259xribata \u00e7\u0259kildiyini deyir"},"content":{"rendered":"\n<p><\/p>\n\n\n\n<p><em>\u201cAz\u0259rbaycan Ordusunun b\u00f6lm\u0259l\u0259ri s\u0131ras\u0131nda itki yoxdur\u201d<\/em><\/p>\n\n\n\n<p>Mart\u0131n 26-da Qaraba\u011fda qanunsuz erm\u0259ni silahl\u0131 q\u00fcvv\u0259l\u0259rinin t\u0259xribat t\u00f6r\u0259tm\u0259y\u0259 c\u0259hd g\u00f6st\u0259rdiyi bildirilir.<\/p>\n\n\n\n<p>Bu bar\u0259d\u0259 Az\u0259rbaycan M\u00fcdafi\u0259 Nazirliyi m\u0259lumat <a href=\"https:\/\/mod.gov.az\/az\/news\/mudafie-nazirliyinin-melumati-39654.html\" target=\"_blank\" rel=\"noreferrer noopener\">yay\u0131b<\/a>.<\/p>\n\n\n\n<p>Nazirlik qeyd edib ki, bu g\u00fcn s\u0259h\u0259r saatlar\u0131nda dumanl\u0131 hava v\u0259 m\u0259hdudg\u00f6rm\u0259 \u015f\u0259raitind\u0259n istifad\u0259 ed\u0259n qeyri-qanuni erm\u0259ni silahl\u0131 d\u0259st\u0259l\u0259ri Az\u0259rbaycan Ordusunun b\u00f6lm\u0259l\u0259rin\u0259 qar\u015f\u0131 t\u0259xribat t\u00f6r\u0259tm\u0259y\u0259 c\u0259hd g\u00f6st\u0259rib:<br>&#8220;D\u0259rhal g\u00f6r\u00fcl\u0259n t\u0259dbirl\u0259r n\u0259tic\u0259sind\u0259 qeyri-qanuni erm\u0259ni silahl\u0131 d\u0259st\u0259l\u0259rinin \u00fczvl\u0259ri geri \u00e7\u0259kilm\u0259y\u0259 m\u0259cbur edilib. Az\u0259rbaycan Ordusunun b\u00f6lm\u0259l\u0259ri s\u0131ras\u0131nda itki yoxdur. \u018fm\u0259liyyat \u015f\u0259raiti b\u00f6lm\u0259l\u0259rimizin n\u0259zar\u0259ti alt\u0131ndad\u0131r&#8221;.<\/p>\n\n\n\n<p>M\u00fcdafi\u0259 Nazirliyi insident bar\u0259d\u0259 Rusiya s\u00fclhm\u0259raml\u0131 kontingentinin komandanl\u0131\u011f\u0131na v\u0259 Rusiya-T\u00fcrkiy\u0259 Birg\u0259 Monitorinq M\u0259rk\u0259zin\u0259 m\u0259lumat verildiyini vur\u011fulay\u0131b.<\/p>\n\n\n\n<figure class=\"wp-block-image size-full\"><img decoding=\"async\" width=\"864\" height=\"486\" data-src=\"https:\/\/www.meydan.tv\/wp-content\/uploads\/agdam_rhis5y6.jpg\" alt=\"fadsf\" class=\"wp-image-156435 lazyload\" src=\"data:image\/svg+xml;base64,PHN2ZyB3aWR0aD0iMSIgaGVpZ2h0PSIxIiB4bWxucz0iaHR0cDovL3d3dy53My5vcmcvMjAwMC9zdmciPjwvc3ZnPg==\" style=\"--smush-placeholder-width: 864px; --smush-placeholder-aspect-ratio: 864\/486;\" \/><figcaption>Rusiya-T\u00fcrkiy\u0259 Monitorinq M\u0259rk\u0259zi. Foto: Az\u0259rbaycan M\u00fcdafi\u0259 Nazirliyi<\/figcaption><\/figure>\n\n\n\n<p>Tan\u0131nmam\u0131\u015f &#8220;Da\u011fl\u0131q Qaraba\u011f Respublikas\u0131&#8221;n\u0131n M\u00fcdafi\u0259 Nazirliyi Az\u0259rbaycan Silahl\u0131 Q\u00fcvv\u0259l\u0259ri m\u00fcxt\u0259lif \u00e7apl\u0131 at\u0131c\u0131 silahlardan istifad\u0259 etm\u0259kl\u0259 \u015f\u0259rq s\u0259rh\u0259din\u0259 do\u011fru ir\u0259lil\u0259diyini bildirib:<\/p>\n\n\n\n<p>&#8220;Az\u0259rbaycan h\u0259rb\u00e7il\u0259ri Rusiya s\u00fclhm\u0259raml\u0131 kontingentinin cavabdehlik zonas\u0131nda yenid\u0259n t\u0259cav\u00fczkar h\u0259r\u0259k\u0259tl\u0259r\u0259 <a href=\"https:\/\/www.aysor.am\/ru\/news\/2022\/03\/26\/%D0%9C%D0%B8%D0%BD%D0%BE%D0%B1%D0%BE%D1%80%D0%BE%D0%BD%D1%8B-%D0%90%D1%80%D1%86%D0%B0%D1%85%D0%B0\/1945238\" target=\"_blank\" rel=\"noreferrer noopener\">ke\u00e7ib<\/a>&#8221; .<\/p>\n\n\n\n<p>Mart\u0131n 26-da Az\u0259rbaycan Xarici \u0130\u015fl\u0259r Nazirliyi AB\u015e D\u00f6vl\u0259t Departamentinin m\u0259tbuat xidm\u0259tinin r\u0259hb\u0259rinin m\u00fcavini Calina Porterin K\u0130V n\u00fcmay\u0259nd\u0259l\u0259ri il\u0259 g\u00f6r\u00fc\u015f\u00fc zaman\u0131 Az\u0259rbaycan\u0131n Qaraba\u011f b\u00f6lg\u0259si il\u0259 ba\u011fl\u0131 s\u0259sl\u0259ndirdiyi fikir\u0259 reaksiya <a href=\"https:\/\/www.mfa.gov.az\/az\/news\/no14022\" target=\"_blank\" rel=\"noreferrer noopener\">verib<\/a>.<\/p>\n\n\n\n<p>C.Porter d\u00fcn\u0259n ke\u00e7irdiyi brifinqd\u0259 AB\u015e-\u0131n Az\u0259rbaycan qo\u015funlar\u0131n\u0131n yerd\u0259yi\u015fm\u0259sind\u0259n &#8220;d\u0259rin narahatl\u0131q hissi ke\u00e7irdiyini&#8221; bildir\u0259r\u0259k, ba\u015f ver\u0259nl\u0259ri &#8220;laz\u0131ms\u0131z eskalasiya t\u0259dbirl\u0259ri&#8221; adland\u0131r\u0131b.<\/p>\n\n\n\n<p>Az\u0259rbaycan X\u0130N-in M\u0259tbuat Xidm\u0259ti t\u0259\u0259ss\u00fcfl\u0259 qeyd edib ki, Erm\u0259nistan\u0131n Az\u0259rbaycana qar\u015f\u0131 30 il\u0259 yax\u0131n davam ed\u0259n h\u0259rbi t\u0259cav\u00fcz\u00fcn\u0259 son verilm\u0259si \u00fc\u00e7\u00fcn bu ill\u0259r \u0259rzind\u0259 AT\u018fT-in Minsk Qrupunun h\u0259ms\u0259dri qismind\u0259 AB\u015e t\u0259r\u0259find\u0259n he\u00e7 bir effektiv add\u0131m at\u0131lmay\u0131b:<\/p>\n\n\n\n<p>&#8220;Az\u0259rbaycan \u00f6z\u00fc beyn\u0259lxalq h\u00fcquq \u0259sas\u0131nda \u0259razi b\u00fct\u00f6vl\u00fcy\u00fcn\u00fc b\u0259rpa edib v\u0259 BMT T\u015e q\u0259tnam\u0259l\u0259rinin icras\u0131n\u0131 t\u0259min edib&#8221;.<\/p>\n\n\n\n<p>&#8220;Haz\u0131rda \u201cDa\u011fl\u0131q Qaraba\u011f\u201d anlay\u0131\u015f\u0131 m\u00f6vcud deyil, Az\u0259rbaycan\u0131n t\u0259rkib hiss\u0259si olan \u015e\u0259rqi Z\u0259ng\u0259zur v\u0259 Qaraba\u011f iqtisadi rayonlar\u0131 m\u00f6vcuddur. Saxta erm\u0259ni t\u0259bli\u011fat\u0131 \u0259sas\u0131nda AB\u015e D\u00f6vl\u0259t Departamenti r\u0259smisi t\u0259r\u0259find\u0259n bel\u0259 bir a\u00e7\u0131qlaman\u0131n verilm\u0259si \u00f6z\u00fc m\u0259suliyy\u0259tsiz bir davran\u0131\u015fd\u0131r&#8221;,- dey\u0259 nazirliyin M\u0259tbuat Xidm\u0259tinin \u015f\u0259rhind\u0259 qeyd edilir.<\/p>\n\n\n\n<p><strong>Xat\u0131rlatma<\/strong><br><\/p>\n\n\n\n<p>Erm\u0259nistanla Az\u0259rbaycan aras\u0131nda sonuncu 44 g\u00fcnl\u00fck silahl\u0131 m\u00fcnaqi\u015f\u0259 2020-ci il noyabr\u0131n 10-da q\u00fcvv\u0259y\u0259 minmi\u015f tam at\u0259\u015fk\u0259s haqq\u0131nda raz\u0131la\u015fma il\u0259 ba\u015fa \u00e7at\u0131b.<br><\/p>\n\n\n\n<p>Da\u011fl\u0131q Qaraba\u011f v\u0259 \u0259traf b\u00f6lg\u0259l\u0259rd\u0259ki m\u00fcnaqi\u015f\u0259nin tarixi is\u0259 1988-ci il\u0259 dayan\u0131r.<br><\/p>\n\n\n\n<p>90-c\u0131 ill\u0259rd\u0259 Az\u0259rbaycan-Erm\u0259nistan aras\u0131ndak\u0131 ilk m\u00fcharib\u0259 v\u0259 sonrak\u0131 d\u00f6vrl\u0259rd\u0259 Az\u0259rbaycan t\u0259r\u0259f daim Erm\u0259nistan\u0131 m\u0259d\u0259ni abid\u0259l\u0259rin m\u0259hv edilm\u0259sind\u0259 g\u00fcnahland\u0131r\u0131b.<br><\/p>\n\n\n\n<p>2020-ci ild\u0259 ba\u015f ver\u0259n ikinci m\u00fcharib\u0259d\u0259n sonra is\u0259 Az\u0259rbaycan Erm\u0259nistan\u0131 \u015f\u0259h\u0259rl\u0259ri, k\u0259ndl\u0259ri, q\u0259bristanl\u0131qlar\u0131 yer \u00fcz\u00fcnd\u0259n silm\u0259kd\u0259 ittiham edib.<br><\/p>\n\n\n\n<p>Erm\u0259nistan is\u0259 haz\u0131rda eyni ittihamla Az\u0259rbaycan\u0131 su\u00e7lay\u0131r.<\/p>\n","protected":false},"excerpt":{"rendered":"<p>\u201cAz\u0259rbaycan Ordusunun b\u00f6lm\u0259l\u0259ri s\u0131ras\u0131nda itki yoxdur\u201d Mart\u0131n 26-da Qaraba\u011fda qanunsuz &#8230; <\/p>\n<p class=\"read-more-container\"><a title=\"Qaraba\u011fda g\u0259rginlik: Az\u0259rbaycan ordunun t\u0259xribata \u00e7\u0259kildiyini deyir\" class=\"read-more button\" href=\"https:\/\/www.meydan.tv\/az\/article\/qarabagda-gerginlik-azerbaycan-ordunun-texribata-cekildiyini-deyir\/#more-239411\" aria-label=\"Read more about Qaraba\u011fda g\u0259rginlik: Az\u0259rbaycan ordunun t\u0259xribata \u00e7\u0259kildiyini deyir\">Davam\u0131<\/a><\/p>\n","protected":false},"author":8,"featured_media":157817,"comment_status":"closed","ping_status":"closed","sticky":false,"template":"","format":"standard","meta":{"_acf_changed":false,"_sitemap_exclude":false,"_sitemap_priority":"","_sitemap_frequency":"","footnotes":""},"categories":[59,56],"tags":[],"class_list":["post-239411","post","type-post","status-publish","format-standard","has-post-thumbnail","hentry","category-siyaset","category-xeberler","infinite-scroll-item","generate-columns","tablet-grid-50","mobile-grid-100","grid-parent","grid-33","no-featured-image-padding"],"acf":[],"yoast_head":"<!-- This site is optimized with the Yoast SEO plugin v27.4 - https:\/\/yoast.com\/product\/yoast-seo-wordpress\/ -->\n<title>Qaraba\u011fda g\u0259rginlik: Az\u0259rbaycan ordunun t\u0259xribata \u00e7\u0259kildiyini deyir - MEYDAN.TV<\/title>\n<meta name=\"robots\" content=\"index, follow, max-snippet:-1, max-image-preview:large, max-video-preview:-1\" \/>\n<link rel=\"canonical\" href=\"https:\/\/www.meydan.tv\/az\/article\/qarabagda-gerginlik-azerbaycan-ordunun-texribata-cekildiyini-deyir\/\" \/>\n<meta property=\"og:locale\" content=\"az_AZ\" \/>\n<meta property=\"og:type\" content=\"article\" \/>\n<meta property=\"og:title\" content=\"Qaraba\u011fda g\u0259rginlik: Az\u0259rbaycan ordunun t\u0259xribata \u00e7\u0259kildiyini deyir - MEYDAN.TV\" \/>\n<meta property=\"og:description\" content=\"\u201cAz\u0259rbaycan Ordusunun b\u00f6lm\u0259l\u0259ri s\u0131ras\u0131nda itki yoxdur\u201d Mart\u0131n 26-da Qaraba\u011fda qanunsuz ... Davam\u0131\" \/>\n<meta property=\"og:url\" content=\"https:\/\/www.meydan.tv\/az\/article\/qarabagda-gerginlik-azerbaycan-ordunun-texribata-cekildiyini-deyir\/\" \/>\n<meta property=\"og:site_name\" content=\"MEYDAN.TV\" \/>\n<meta property=\"article:published_time\" content=\"2022-03-26T09:46:49+00:00\" \/>\n<meta property=\"article:modified_time\" content=\"2022-03-26T09:49:08+00:00\" \/>\n<meta property=\"og:image\" content=\"https:\/\/www.meydan.tv\/wp-content\/uploads\/maxresdefault.jpeg\" \/>\n\t<meta property=\"og:image:width\" content=\"1280\" \/>\n\t<meta property=\"og:image:height\" content=\"720\" \/>\n\t<meta property=\"og:image:type\" content=\"image\/jpeg\" \/>\n<meta name=\"author\" content=\"elli\" \/>\n<meta name=\"twitter:card\" content=\"summary_large_image\" \/>\n<meta name=\"twitter:creator\" content=\"@elli\" \/>\n<script type=\"application\/ld+json\" class=\"yoast-schema-graph\">{\"@context\":\"https:\\\/\\\/schema.org\",\"@graph\":[{\"@type\":\"Article\",\"@id\":\"https:\\\/\\\/www.meydan.tv\\\/az\\\/article\\\/qarabagda-gerginlik-azerbaycan-ordunun-texribata-cekildiyini-deyir\\\/#article\",\"isPartOf\":{\"@id\":\"https:\\\/\\\/www.meydan.tv\\\/az\\\/article\\\/qarabagda-gerginlik-azerbaycan-ordunun-texribata-cekildiyini-deyir\\\/\"},\"author\":{\"name\":\"elli\",\"@id\":\"https:\\\/\\\/www.meydan.tv\\\/az\\\/#\\\/schema\\\/person\\\/9cdbecf90d17180ce1dfbd95b08dcf47\"},\"headline\":\"Qaraba\u011fda g\u0259rginlik: Az\u0259rbaycan ordunun t\u0259xribata \u00e7\u0259kildiyini deyir\",\"datePublished\":\"2022-03-26T09:46:49+00:00\",\"dateModified\":\"2022-03-26T09:49:08+00:00\",\"mainEntityOfPage\":{\"@id\":\"https:\\\/\\\/www.meydan.tv\\\/az\\\/article\\\/qarabagda-gerginlik-azerbaycan-ordunun-texribata-cekildiyini-deyir\\\/\"},\"wordCount\":669,\"publisher\":{\"@id\":\"https:\\\/\\\/www.meydan.tv\\\/az\\\/#organization\"},\"image\":{\"@id\":\"https:\\\/\\\/www.meydan.tv\\\/az\\\/article\\\/qarabagda-gerginlik-azerbaycan-ordunun-texribata-cekildiyini-deyir\\\/#primaryimage\"},\"thumbnailUrl\":\"https:\\\/\\\/www.meydan.tv\\\/wp-content\\\/uploads\\\/maxresdefault.jpeg\",\"articleSection\":[\"Siyas\u0259t\",\"X\u0259b\u0259rl\u0259r\"],\"inLanguage\":\"az\"},{\"@type\":\"WebPage\",\"@id\":\"https:\\\/\\\/www.meydan.tv\\\/az\\\/article\\\/qarabagda-gerginlik-azerbaycan-ordunun-texribata-cekildiyini-deyir\\\/\",\"url\":\"https:\\\/\\\/www.meydan.tv\\\/az\\\/article\\\/qarabagda-gerginlik-azerbaycan-ordunun-texribata-cekildiyini-deyir\\\/\",\"name\":\"Qaraba\u011fda g\u0259rginlik: Az\u0259rbaycan ordunun t\u0259xribata \u00e7\u0259kildiyini deyir - MEYDAN.TV\",\"isPartOf\":{\"@id\":\"https:\\\/\\\/www.meydan.tv\\\/az\\\/#website\"},\"primaryImageOfPage\":{\"@id\":\"https:\\\/\\\/www.meydan.tv\\\/az\\\/article\\\/qarabagda-gerginlik-azerbaycan-ordunun-texribata-cekildiyini-deyir\\\/#primaryimage\"},\"image\":{\"@id\":\"https:\\\/\\\/www.meydan.tv\\\/az\\\/article\\\/qarabagda-gerginlik-azerbaycan-ordunun-texribata-cekildiyini-deyir\\\/#primaryimage\"},\"thumbnailUrl\":\"https:\\\/\\\/www.meydan.tv\\\/wp-content\\\/uploads\\\/maxresdefault.jpeg\",\"datePublished\":\"2022-03-26T09:46:49+00:00\",\"dateModified\":\"2022-03-26T09:49:08+00:00\",\"breadcrumb\":{\"@id\":\"https:\\\/\\\/www.meydan.tv\\\/az\\\/article\\\/qarabagda-gerginlik-azerbaycan-ordunun-texribata-cekildiyini-deyir\\\/#breadcrumb\"},\"inLanguage\":\"az\",\"potentialAction\":[{\"@type\":\"ReadAction\",\"target\":[\"https:\\\/\\\/www.meydan.tv\\\/az\\\/article\\\/qarabagda-gerginlik-azerbaycan-ordunun-texribata-cekildiyini-deyir\\\/\"]}]},{\"@type\":\"ImageObject\",\"inLanguage\":\"az\",\"@id\":\"https:\\\/\\\/www.meydan.tv\\\/az\\\/article\\\/qarabagda-gerginlik-azerbaycan-ordunun-texribata-cekildiyini-deyir\\\/#primaryimage\",\"url\":\"https:\\\/\\\/www.meydan.tv\\\/wp-content\\\/uploads\\\/maxresdefault.jpeg\",\"contentUrl\":\"https:\\\/\\\/www.meydan.tv\\\/wp-content\\\/uploads\\\/maxresdefault.jpeg\",\"width\":1280,\"height\":720,\"caption\":\"Source: Meydan.TV\"},{\"@type\":\"BreadcrumbList\",\"@id\":\"https:\\\/\\\/www.meydan.tv\\\/az\\\/article\\\/qarabagda-gerginlik-azerbaycan-ordunun-texribata-cekildiyini-deyir\\\/#breadcrumb\",\"itemListElement\":[{\"@type\":\"ListItem\",\"position\":1,\"name\":\"Ana s\u0259hif\u0259\",\"item\":\"https:\\\/\\\/www.meydan.tv\\\/az\\\/\"},{\"@type\":\"ListItem\",\"position\":2,\"name\":\"Siyas\u0259t\",\"item\":\"https:\\\/\\\/www.meydan.tv\\\/az\\\/section\\\/siyaset\\\/\"},{\"@type\":\"ListItem\",\"position\":3,\"name\":\"Qaraba\u011fda g\u0259rginlik: Az\u0259rbaycan ordunun t\u0259xribata \u00e7\u0259kildiyini deyir\"}]},{\"@type\":\"WebSite\",\"@id\":\"https:\\\/\\\/www.meydan.tv\\\/az\\\/#website\",\"url\":\"https:\\\/\\\/www.meydan.tv\\\/az\\\/\",\"name\":\"MEYDAN.TV\",\"description\":\"Meydan TV Az\u0259rbaycan\u0131n media m\u0259kan\u0131ndak\u0131 alternativ s\u0259sidir\",\"publisher\":{\"@id\":\"https:\\\/\\\/www.meydan.tv\\\/az\\\/#organization\"},\"potentialAction\":[{\"@type\":\"SearchAction\",\"target\":{\"@type\":\"EntryPoint\",\"urlTemplate\":\"https:\\\/\\\/www.meydan.tv\\\/az\\\/?s={search_term_string}\"},\"query-input\":{\"@type\":\"PropertyValueSpecification\",\"valueRequired\":true,\"valueName\":\"search_term_string\"}}],\"inLanguage\":\"az\"},{\"@type\":\"Organization\",\"@id\":\"https:\\\/\\\/www.meydan.tv\\\/az\\\/#organization\",\"name\":\"Meydan TV\",\"url\":\"https:\\\/\\\/www.meydan.tv\\\/az\\\/\",\"logo\":{\"@type\":\"ImageObject\",\"inLanguage\":\"az\",\"@id\":\"https:\\\/\\\/www.meydan.tv\\\/az\\\/#\\\/schema\\\/logo\\\/image\\\/\",\"url\":\"https:\\\/\\\/www.meydan.tv\\\/wp-content\\\/uploads\\\/2021\\\/07\\\/meydan-logo.svg\",\"contentUrl\":\"https:\\\/\\\/www.meydan.tv\\\/wp-content\\\/uploads\\\/2021\\\/07\\\/meydan-logo.svg\",\"width\":195,\"height\":46,\"caption\":\"Meydan TV\"},\"image\":{\"@id\":\"https:\\\/\\\/www.meydan.tv\\\/az\\\/#\\\/schema\\\/logo\\\/image\\\/\"}},{\"@type\":\"Person\",\"@id\":\"https:\\\/\\\/www.meydan.tv\\\/az\\\/#\\\/schema\\\/person\\\/9cdbecf90d17180ce1dfbd95b08dcf47\",\"name\":\"elli\",\"sameAs\":[\"https:\\\/\\\/x.com\\\/elli\"]}]}<\/script>\n<!-- \/ Yoast SEO plugin. -->","yoast_head_json":{"title":"Qaraba\u011fda g\u0259rginlik: Az\u0259rbaycan ordunun t\u0259xribata \u00e7\u0259kildiyini deyir - MEYDAN.TV","robots":{"index":"index","follow":"follow","max-snippet":"max-snippet:-1","max-image-preview":"max-image-preview:large","max-video-preview":"max-video-preview:-1"},"canonical":"https:\/\/www.meydan.tv\/az\/article\/qarabagda-gerginlik-azerbaycan-ordunun-texribata-cekildiyini-deyir\/","og_locale":"az_AZ","og_type":"article","og_title":"Qaraba\u011fda g\u0259rginlik: Az\u0259rbaycan ordunun t\u0259xribata \u00e7\u0259kildiyini deyir - MEYDAN.TV","og_description":"\u201cAz\u0259rbaycan Ordusunun b\u00f6lm\u0259l\u0259ri s\u0131ras\u0131nda itki yoxdur\u201d Mart\u0131n 26-da Qaraba\u011fda qanunsuz ... Davam\u0131","og_url":"https:\/\/www.meydan.tv\/az\/article\/qarabagda-gerginlik-azerbaycan-ordunun-texribata-cekildiyini-deyir\/","og_site_name":"MEYDAN.TV","article_published_time":"2022-03-26T09:46:49+00:00","article_modified_time":"2022-03-26T09:49:08+00:00","og_image":[{"width":1280,"height":720,"url":"https:\/\/www.meydan.tv\/wp-content\/uploads\/maxresdefault.jpeg","type":"image\/jpeg"}],"author":"elli","twitter_card":"summary_large_image","twitter_creator":"@elli","schema":{"@context":"https:\/\/schema.org","@graph":[{"@type":"Article","@id":"https:\/\/www.meydan.tv\/az\/article\/qarabagda-gerginlik-azerbaycan-ordunun-texribata-cekildiyini-deyir\/#article","isPartOf":{"@id":"https:\/\/www.meydan.tv\/az\/article\/qarabagda-gerginlik-azerbaycan-ordunun-texribata-cekildiyini-deyir\/"},"author":{"name":"elli","@id":"https:\/\/www.meydan.tv\/az\/#\/schema\/person\/9cdbecf90d17180ce1dfbd95b08dcf47"},"headline":"Qaraba\u011fda g\u0259rginlik: Az\u0259rbaycan ordunun t\u0259xribata \u00e7\u0259kildiyini deyir","datePublished":"2022-03-26T09:46:49+00:00","dateModified":"2022-03-26T09:49:08+00:00","mainEntityOfPage":{"@id":"https:\/\/www.meydan.tv\/az\/article\/qarabagda-gerginlik-azerbaycan-ordunun-texribata-cekildiyini-deyir\/"},"wordCount":669,"publisher":{"@id":"https:\/\/www.meydan.tv\/az\/#organization"},"image":{"@id":"https:\/\/www.meydan.tv\/az\/article\/qarabagda-gerginlik-azerbaycan-ordunun-texribata-cekildiyini-deyir\/#primaryimage"},"thumbnailUrl":"https:\/\/www.meydan.tv\/wp-content\/uploads\/maxresdefault.jpeg","articleSection":["Siyas\u0259t","X\u0259b\u0259rl\u0259r"],"inLanguage":"az"},{"@type":"WebPage","@id":"https:\/\/www.meydan.tv\/az\/article\/qarabagda-gerginlik-azerbaycan-ordunun-texribata-cekildiyini-deyir\/","url":"https:\/\/www.meydan.tv\/az\/article\/qarabagda-gerginlik-azerbaycan-ordunun-texribata-cekildiyini-deyir\/","name":"Qaraba\u011fda g\u0259rginlik: Az\u0259rbaycan ordunun t\u0259xribata \u00e7\u0259kildiyini deyir - MEYDAN.TV","isPartOf":{"@id":"https:\/\/www.meydan.tv\/az\/#website"},"primaryImageOfPage":{"@id":"https:\/\/www.meydan.tv\/az\/article\/qarabagda-gerginlik-azerbaycan-ordunun-texribata-cekildiyini-deyir\/#primaryimage"},"image":{"@id":"https:\/\/www.meydan.tv\/az\/article\/qarabagda-gerginlik-azerbaycan-ordunun-texribata-cekildiyini-deyir\/#primaryimage"},"thumbnailUrl":"https:\/\/www.meydan.tv\/wp-content\/uploads\/maxresdefault.jpeg","datePublished":"2022-03-26T09:46:49+00:00","dateModified":"2022-03-26T09:49:08+00:00","breadcrumb":{"@id":"https:\/\/www.meydan.tv\/az\/article\/qarabagda-gerginlik-azerbaycan-ordunun-texribata-cekildiyini-deyir\/#breadcrumb"},"inLanguage":"az","potentialAction":[{"@type":"ReadAction","target":["https:\/\/www.meydan.tv\/az\/article\/qarabagda-gerginlik-azerbaycan-ordunun-texribata-cekildiyini-deyir\/"]}]},{"@type":"ImageObject","inLanguage":"az","@id":"https:\/\/www.meydan.tv\/az\/article\/qarabagda-gerginlik-azerbaycan-ordunun-texribata-cekildiyini-deyir\/#primaryimage","url":"https:\/\/www.meydan.tv\/wp-content\/uploads\/maxresdefault.jpeg","contentUrl":"https:\/\/www.meydan.tv\/wp-content\/uploads\/maxresdefault.jpeg","width":1280,"height":720,"caption":"Source: Meydan.TV"},{"@type":"BreadcrumbList","@id":"https:\/\/www.meydan.tv\/az\/article\/qarabagda-gerginlik-azerbaycan-ordunun-texribata-cekildiyini-deyir\/#breadcrumb","itemListElement":[{"@type":"ListItem","position":1,"name":"Ana s\u0259hif\u0259","item":"https:\/\/www.meydan.tv\/az\/"},{"@type":"ListItem","position":2,"name":"Siyas\u0259t","item":"https:\/\/www.meydan.tv\/az\/section\/siyaset\/"},{"@type":"ListItem","position":3,"name":"Qaraba\u011fda g\u0259rginlik: Az\u0259rbaycan ordunun t\u0259xribata \u00e7\u0259kildiyini deyir"}]},{"@type":"WebSite","@id":"https:\/\/www.meydan.tv\/az\/#website","url":"https:\/\/www.meydan.tv\/az\/","name":"MEYDAN.TV","description":"Meydan TV Az\u0259rbaycan\u0131n media m\u0259kan\u0131ndak\u0131 alternativ s\u0259sidir","publisher":{"@id":"https:\/\/www.meydan.tv\/az\/#organization"},"potentialAction":[{"@type":"SearchAction","target":{"@type":"EntryPoint","urlTemplate":"https:\/\/www.meydan.tv\/az\/?s={search_term_string}"},"query-input":{"@type":"PropertyValueSpecification","valueRequired":true,"valueName":"search_term_string"}}],"inLanguage":"az"},{"@type":"Organization","@id":"https:\/\/www.meydan.tv\/az\/#organization","name":"Meydan TV","url":"https:\/\/www.meydan.tv\/az\/","logo":{"@type":"ImageObject","inLanguage":"az","@id":"https:\/\/www.meydan.tv\/az\/#\/schema\/logo\/image\/","url":"https:\/\/www.meydan.tv\/wp-content\/uploads\/2021\/07\/meydan-logo.svg","contentUrl":"https:\/\/www.meydan.tv\/wp-content\/uploads\/2021\/07\/meydan-logo.svg","width":195,"height":46,"caption":"Meydan TV"},"image":{"@id":"https:\/\/www.meydan.tv\/az\/#\/schema\/logo\/image\/"}},{"@type":"Person","@id":"https:\/\/www.meydan.tv\/az\/#\/schema\/person\/9cdbecf90d17180ce1dfbd95b08dcf47","name":"elli","sameAs":["https:\/\/x.com\/elli"]}]}},"_links":{"self":[{"href":"https:\/\/www.meydan.tv\/az\/wp-json\/wp\/v2\/posts\/239411","targetHints":{"allow":["GET"]}}],"collection":[{"href":"https:\/\/www.meydan.tv\/az\/wp-json\/wp\/v2\/posts"}],"about":[{"href":"https:\/\/www.meydan.tv\/az\/wp-json\/wp\/v2\/types\/post"}],"author":[{"embeddable":true,"href":"https:\/\/www.meydan.tv\/az\/wp-json\/wp\/v2\/users\/8"}],"replies":[{"embeddable":true,"href":"https:\/\/www.meydan.tv\/az\/wp-json\/wp\/v2\/comments?post=239411"}],"version-history":[{"count":3,"href":"https:\/\/www.meydan.tv\/az\/wp-json\/wp\/v2\/posts\/239411\/revisions"}],"predecessor-version":[{"id":239415,"href":"https:\/\/www.meydan.tv\/az\/wp-json\/wp\/v2\/posts\/239411\/revisions\/239415"}],"wp:featuredmedia":[{"embeddable":true,"href":"https:\/\/www.meydan.tv\/az\/wp-json\/wp\/v2\/media\/157817"}],"wp:attachment":[{"href":"https:\/\/www.meydan.tv\/az\/wp-json\/wp\/v2\/media?parent=239411"}],"wp:term":[{"taxonomy":"category","embeddable":true,"href":"https:\/\/www.meydan.tv\/az\/wp-json\/wp\/v2\/categories?post=239411"},{"taxonomy":"post_tag","embeddable":true,"href":"https:\/\/www.meydan.tv\/az\/wp-json\/wp\/v2\/tags?post=239411"}],"curies":[{"name":"wp","href":"https:\/\/api.w.org\/{rel}","templated":true}]}}