{"id":239364,"date":"2022-03-25T22:11:20","date_gmt":"2022-03-25T18:11:20","guid":{"rendered":"https:\/\/www.meydan.tv\/?p=239364"},"modified":"2022-03-25T22:21:19","modified_gmt":"2022-03-25T18:21:19","slug":"bir-ayin-ve-on-ilin-muharibesi-statistika-nelerden-xeber-verir","status":"publish","type":"post","link":"https:\/\/www.meydan.tv\/az\/article\/bir-ayin-ve-on-ilin-muharibesi-statistika-nelerden-xeber-verir\/","title":{"rendered":"Bir ay\u0131n v\u0259 on ilin m\u00fcharib\u0259si: Statistika n\u0259l\u0259rd\u0259n x\u0259b\u0259r verir?"},"content":{"rendered":"\n<p><\/p>\n\n\n\n<p><em>Ukraynada 1 ayda \u00f6l\u0259n h\u0259rb\u00e7il\u0259rin say\u0131 \u018ffqan\u0131standak\u0131ndan \u00e7oxdur<\/em><br><br>Bir \u00e7ox h\u0259rbi-siyasi analitik Rusiyan\u0131n Ukraynaya h\u00fccumunu SSR\u0130-nin \u018ffqan\u0131stana t\u0259cav\u00fcz\u00fcyl\u0259 m\u00fcqayis\u0259 edirl\u0259r. Art\u0131q m\u00fcharib\u0259nin bir ay\u0131n\u0131n tamam\u0131nda Rusiyan\u0131n Ukraynaya h\u00fccumu nec\u0259 Putinin kobud s\u0259hvi kimi d\u0259y\u0259rl\u0259ndirilirs\u0259, \u018ffqan\u0131stana h\u00fccum da Brejnevin SSR\u0130-nin s\u00fcqutuna aparan \u00e7ox ciddi s\u0259hvi kimi qiym\u0259tl\u0259ndirilir.<br><\/p>\n\n\n\n<p>Amma h\u0259r bir m\u00fcqayis\u0259 q\u00fcsurludur m\u0259ntiqind\u0259n \u00e7\u0131x\u0131\u015f ets\u0259k d\u0259, el\u0259 m\u0259qamlar var ki, bu yerd\u0259 \u0259lah\u0259zr\u0259t m\u0259ntiq v\u0259 statistik r\u0259q\u0259ml\u0259r daha \u00f6nd\u0259 dayan\u0131r.<br><\/p>\n\n\n\n<p>\u0130ndi faktlara ke\u00e7\u0259k; SSR\u0130-nin \u018ffqan\u0131standa oldu\u011fu, daha do\u011frusu, bu \u00f6lk\u0259ni i\u015f\u011falda saxlad\u0131\u011f\u0131 10 il \u0259rzind\u0259 (1979-1989) insan itkisi 15023 n\u0259f\u0259r olub. Bu bar\u0259d\u0259 SSR\u0130-nin bir n\u00f6mr\u0259li n\u0259\u015fri olan \u201cPravda\u201d q\u0259zetinin 1989-cu il 15 avqust say\u0131nda d\u0259rc edilmi\u015f m\u0259qal\u0259sind\u0259 bildirilir. M\u0259qal\u0259d\u0259 o da g\u00f6st\u0259rilir ki, 10 illik h\u0259rbi \u0259m\u0259liyyatlar d\u00f6vr\u00fcnd\u0259 \u018ffqan\u0131standa 2 milyon n\u0259f\u0259r\u0259 yax\u0131n m\u00fclki sakin d\u0259 h\u0259lak olub. <\/p>\n\n\n\n<figure class=\"wp-block-image size-full\"><img decoding=\"async\" width=\"1200\" height=\"749\" data-src=\"https:\/\/www.meydan.tv\/wp-content\/uploads\/photo-2022-03-25-15-45-17.jpg\" alt=\"\" class=\"wp-image-239371 lazyload\" src=\"data:image\/svg+xml;base64,PHN2ZyB3aWR0aD0iMSIgaGVpZ2h0PSIxIiB4bWxucz0iaHR0cDovL3d3dy53My5vcmcvMjAwMC9zdmciPjwvc3ZnPg==\" style=\"--smush-placeholder-width: 1200px; --smush-placeholder-aspect-ratio: 1200\/749;\" \/><figcaption>Foto: foto https:\/\/militaryarms.ru<\/figcaption><\/figure>\n\n\n\n<p>Sovet ordusu \u018ffqan\u0131standa 1979-cu ild\u0259 86, 1980-ci ild\u0259 1484, 1981-ci ild\u0259 1298, 1982-ci ild\u0259 1948, 1983-c\u00fc ild\u0259 1446, 1984-c\u00fc ild\u0259 2343, 1985-ci ild\u0259 1868, 1986-c\u0131 ild\u0259 1333, 1987-ci ild\u0259 1215, 1988-ci ild\u0259 759, 1989-cu ild\u0259 53 n\u0259f\u0259r olmaqla \u00fcmumilikd\u0259, 14.427 h\u0259rb\u00e7isini itirib. DTK-n\u0131n itkisi 576, Daxili \u0130\u015fl\u0259r Nazirliyinin itkisi is\u0259 28 n\u0259f\u0259r olub. H\u0259rbi \u0259m\u0259liyyatlarda t\u0259xmin\u0259n 54 min n\u0259f\u0259r yaralan\u0131b, 416 min n\u0259f\u0259r is\u0259 m\u00fcxt\u0259lif d\u0259r\u0259c\u0259li kontuziyalar al\u0131b. Sovet ordusunun \u018ffqan\u0131standa texniki itkisi is\u0259 bel\u0259 olub: 147 tank, 1314 zirehli transportyor, 433 artilleriya sistemi, 118 t\u0259yyar\u0259 v\u0259 333 helikopter.<br><\/p>\n\n\n\n<p>Rusiya-Ukrayna m\u00fcharib\u0259sinin statistikas\u0131 is\u0259 daha d\u0259h\u015f\u0259tli m\u0259qamlardan x\u0259b\u0259r verir.<br>M\u0259s\u0259l\u0259n, Rusiya M\u00fcdafi\u0259 Nazirliyi ilk d\u0259f\u0259 mart\u0131n 2-d\u0259 itkil\u0259rl\u0259 ba\u011fl\u0131 r\u0259smi r\u0259q\u0259m a\u00e7\u0131qlay\u0131b. Bildirilib ki, h\u0259min g\u00fcn\u0259 q\u0259d\u0259r ordu 500 n\u0259f\u0259r\u0259d\u0259k itki verib. Amma mart\u0131n 23-d\u0259 Rusiyan\u0131n \u201cKomsomolskaya pravda\u201d q\u0259zetin\u0259 nazirlikd\u0259ki m\u0259nb\u0259d\u0259n 9861 n\u0259f\u0259rin h\u0259lak oldu\u011fu bar\u0259s\u0259 x\u0259b\u0259r daxil olub. Bir m\u00fcdd\u0259t sonra bu x\u0259b\u0259r q\u0259zetin \u201ckp.ru\u201d sayt\u0131ndan g\u00f6t\u00fcr\u00fcl\u00fcb.<br><\/p>\n\n\n\n<figure class=\"wp-block-image size-large\"><img decoding=\"async\" width=\"911\" height=\"821\" data-src=\"https:\/\/www.meydan.tv\/wp-content\/uploads\/deb2f7e8-657a-4486-adc3-6fbb49f1fdfb-911x821.jpg\" alt=\"\" class=\"wp-image-239368 lazyload\" src=\"data:image\/svg+xml;base64,PHN2ZyB3aWR0aD0iMSIgaGVpZ2h0PSIxIiB4bWxucz0iaHR0cDovL3d3dy53My5vcmcvMjAwMC9zdmciPjwvc3ZnPg==\" style=\"--smush-placeholder-width: 911px; --smush-placeholder-aspect-ratio: 911\/821;\" \/><figcaption> \u201cKomsomolskaya pravda\u201dn\u0131n silin\u0259n x\u0259b\u0259rinin screenshotu<\/figcaption><\/figure>\n\n\n\n<p>Mart\u0131n 25-d\u0259 Ukrayna M\u00fcdafi\u0259 Nazirliyinin &#8220;Facebook&#8221; s\u0259hif\u0259sind\u0259 is\u0259 bildirilib ki, fevral\u0131n 24-d\u0259n bu g\u00fcn s\u0259h\u0259r saatlar\u0131na q\u0259d\u0259r Rusiya Ordusunun 561 \u0259d\u0259d tank\u0131, 1625 \u0259d\u0259d zirehli d\u00f6y\u00fc\u015f ma\u015f\u0131n\u0131, 291 \u0259d\u0259d artilleriya sistemi, 90 \u0259d\u0259d reaktiv yayl\u0131m at\u0259\u015f sistemi, 49 \u0259d\u0259d havadan m\u00fcdafi\u0259 sistemi, 115 \u0259d\u0259d h\u0259rbi t\u0259yyar\u0259si, 125 \u0259d\u0259d helikopteri, 1089 \u0259d\u0259d avtomobil texnikas\u0131, 5 \u0259d\u0259d g\u0259mi\/kater, 72 \u0259d\u0259d yanacaq \u00e7\u0259ni, 53 \u0259d\u0259d dronu, 18 x\u00fcsusi avadanl\u0131\u011f\u0131 m\u0259hv edilib.<br><\/p>\n\n\n\n<p>Ukrayna M\u00fcdafi\u0259 Nazirliyi Rusiya t\u0259r\u0259finin t\u0259xmin\u0259n 16 100-\u0259 yax\u0131n canl\u0131 q\u00fcvv\u0259sini itirdiyini b\u0259yan edib.<br>R\u0259q\u0259ml\u0259r\u0259 diqq\u0259t yetirdinizmi? Bir ay v\u0259 on ilin sad\u0259c\u0259 m\u00fcqayis\u0259sin\u0259.<br><\/p>\n\n\n\n<p>V\u0259 sonda, 10 il \u0259rzind\u0259 SSR\u0130 \u018ffqan\u0131standa c\u0259mi 5 general itirmi\u015fdi.<br>Bunlar general-leytenant Pyotr \u015ekid\u00e7enko, general-mayorlar Vadim Xaxalov, Anatoli Draqun, Nikolay Vlasov, Leonid Sukanov idil\u0259r.<br><\/p>\n\n\n\n<p>Ukrayna Silahl\u0131 Q\u00fcvv\u0259l\u0259rinin Ba\u015f Komandanl\u0131\u011f\u0131 \u0130dar\u0259sinin Strateji Kommunikasiyalar Departamentinin m\u0259lumat\u0131na g\u00f6r\u0259, m\u00fcharib\u0259nin bir ay\u0131 \u0259rzind\u0259 ukraynal\u0131 h\u0259rb\u00e7il\u0259r az\u0131 alt\u0131 general da daxil olmaqla 10-dan \u00e7ox y\u00fcks\u0259k s\u0259viyy\u0259li Rusiya komandirini \u00f6ld\u00fcr\u00fcb.<br><\/p>\n\n\n\n<p>Bunlar Milli Qvardiyan\u0131n 141-ci motoat\u0131c\u0131 alay\u0131n\u0131n komandiri general-mayor Maqomed Tu\u015fayev, general-mayor Vitali Gerasimov &#8211; M\u0259rk\u0259zi H\u0259rbi dair\u0259nin 41-ci ordusu komandan\u0131n\u0131n birinci m\u00fcavini, general-mayor Andrey Kolesnikov &#8211; \u015e\u0259rq h\u0259rbi dair\u0259sinin 29-cu ordusunun komandan\u0131, general-mayor Andrey Suxovetski &#8211; M\u0259rk\u0259zi h\u0259rbi dair\u0259nin 41-ci ordusu komandirinin m\u00fcavini, general-mayor Oleq Mityaev &#8211; 150-ci motoat\u0131c\u0131 diviziyan\u0131n komandiri, general-leytenant Andrey Mordvi\u00e7ev &#8211; C\u0259nub h\u0259rbi dair\u0259sinin 8-ci Qvardiya birl\u0259\u015fmi\u015f silahl\u0131 q\u00fcvv\u0259l\u0259rinin komandan\u0131.<br><\/p>\n\n\n\n<p>Son olaraq Ukrayna prezident ofisinin m\u0259sl\u0259h\u0259t\u00e7isi Aleksey Arestovi\u00e7 mart\u0131n 25-d\u0259 ke\u00e7irdiyi brifinqd\u0259 bildirib ki, Rusiya ordusunun daha bir zabiti \u2013 49-cu ordunun komandan\u0131 general-leytenant Yakov Ryazantsev \u00f6ld\u00fcr\u00fcl\u00fcb.<br>M\u00fcharib\u0259 is\u0259 davam edir\u2026<\/p>\n","protected":false},"excerpt":{"rendered":"<p>Ukraynada 1 ayda \u00f6l\u0259n h\u0259rb\u00e7il\u0259rin say\u0131 \u018ffqan\u0131standak\u0131ndan \u00e7oxdur Bir \u00e7ox &#8230; <\/p>\n<p class=\"read-more-container\"><a title=\"Bir ay\u0131n v\u0259 on ilin m\u00fcharib\u0259si: Statistika n\u0259l\u0259rd\u0259n x\u0259b\u0259r verir?\" class=\"read-more button\" href=\"https:\/\/www.meydan.tv\/az\/article\/bir-ayin-ve-on-ilin-muharibesi-statistika-nelerden-xeber-verir\/#more-239364\" aria-label=\"Read more about Bir ay\u0131n v\u0259 on ilin m\u00fcharib\u0259si: Statistika n\u0259l\u0259rd\u0259n x\u0259b\u0259r verir?\">Davam\u0131<\/a><\/p>\n","protected":false},"author":8,"featured_media":238902,"comment_status":"closed","ping_status":"closed","sticky":false,"template":"","format":"standard","meta":{"_acf_changed":false,"_sitemap_exclude":false,"_sitemap_priority":"","_sitemap_frequency":"","footnotes":""},"categories":[57],"tags":[],"class_list":["post-239364","post","type-post","status-publish","format-standard","has-post-thumbnail","hentry","category-menim-fikrimce","infinite-scroll-item","generate-columns","tablet-grid-50","mobile-grid-100","grid-parent","grid-33","no-featured-image-padding"],"acf":[],"yoast_head":"<!-- This site is optimized with the Yoast SEO plugin v27.4 - https:\/\/yoast.com\/product\/yoast-seo-wordpress\/ -->\n<title>Bir ay\u0131n v\u0259 on ilin m\u00fcharib\u0259si: Statistika n\u0259l\u0259rd\u0259n x\u0259b\u0259r verir? - MEYDAN.TV<\/title>\n<meta name=\"robots\" content=\"index, follow, max-snippet:-1, max-image-preview:large, max-video-preview:-1\" \/>\n<link rel=\"canonical\" href=\"https:\/\/www.meydan.tv\/az\/article\/bir-ayin-ve-on-ilin-muharibesi-statistika-nelerden-xeber-verir\/\" \/>\n<meta property=\"og:locale\" content=\"az_AZ\" \/>\n<meta property=\"og:type\" content=\"article\" \/>\n<meta property=\"og:title\" content=\"Bir ay\u0131n v\u0259 on ilin m\u00fcharib\u0259si: Statistika n\u0259l\u0259rd\u0259n x\u0259b\u0259r verir? - MEYDAN.TV\" \/>\n<meta property=\"og:description\" content=\"Ukraynada 1 ayda \u00f6l\u0259n h\u0259rb\u00e7il\u0259rin say\u0131 \u018ffqan\u0131standak\u0131ndan \u00e7oxdur Bir \u00e7ox ... Davam\u0131\" \/>\n<meta property=\"og:url\" content=\"https:\/\/www.meydan.tv\/az\/article\/bir-ayin-ve-on-ilin-muharibesi-statistika-nelerden-xeber-verir\/\" \/>\n<meta property=\"og:site_name\" content=\"MEYDAN.TV\" \/>\n<meta property=\"article:published_time\" content=\"2022-03-25T18:11:20+00:00\" \/>\n<meta property=\"article:modified_time\" content=\"2022-03-25T18:21:19+00:00\" \/>\n<meta property=\"og:image\" content=\"https:\/\/www.meydan.tv\/wp-content\/uploads\/shutterstock_2130839222.jpg\" \/>\n\t<meta property=\"og:image:width\" content=\"1200\" \/>\n\t<meta property=\"og:image:height\" content=\"800\" \/>\n\t<meta property=\"og:image:type\" content=\"image\/jpeg\" \/>\n<meta name=\"author\" content=\"elli\" \/>\n<meta name=\"twitter:card\" content=\"summary_large_image\" \/>\n<meta name=\"twitter:creator\" content=\"@elli\" \/>\n<script type=\"application\/ld+json\" class=\"yoast-schema-graph\">{\"@context\":\"https:\\\/\\\/schema.org\",\"@graph\":[{\"@type\":\"Article\",\"@id\":\"https:\\\/\\\/www.meydan.tv\\\/az\\\/article\\\/bir-ayin-ve-on-ilin-muharibesi-statistika-nelerden-xeber-verir\\\/#article\",\"isPartOf\":{\"@id\":\"https:\\\/\\\/www.meydan.tv\\\/az\\\/article\\\/bir-ayin-ve-on-ilin-muharibesi-statistika-nelerden-xeber-verir\\\/\"},\"author\":{\"name\":\"elli\",\"@id\":\"https:\\\/\\\/www.meydan.tv\\\/az\\\/#\\\/schema\\\/person\\\/9cdbecf90d17180ce1dfbd95b08dcf47\"},\"headline\":\"Bir ay\u0131n v\u0259 on ilin m\u00fcharib\u0259si: Statistika n\u0259l\u0259rd\u0259n x\u0259b\u0259r verir?\",\"datePublished\":\"2022-03-25T18:11:20+00:00\",\"dateModified\":\"2022-03-25T18:21:19+00:00\",\"mainEntityOfPage\":{\"@id\":\"https:\\\/\\\/www.meydan.tv\\\/az\\\/article\\\/bir-ayin-ve-on-ilin-muharibesi-statistika-nelerden-xeber-verir\\\/\"},\"wordCount\":778,\"publisher\":{\"@id\":\"https:\\\/\\\/www.meydan.tv\\\/az\\\/#organization\"},\"image\":{\"@id\":\"https:\\\/\\\/www.meydan.tv\\\/az\\\/article\\\/bir-ayin-ve-on-ilin-muharibesi-statistika-nelerden-xeber-verir\\\/#primaryimage\"},\"thumbnailUrl\":\"https:\\\/\\\/www.meydan.tv\\\/wp-content\\\/uploads\\\/shutterstock_2130839222.jpg\",\"articleSection\":[\"M\u0259nim Fikrimc\u0259\"],\"inLanguage\":\"az\"},{\"@type\":\"WebPage\",\"@id\":\"https:\\\/\\\/www.meydan.tv\\\/az\\\/article\\\/bir-ayin-ve-on-ilin-muharibesi-statistika-nelerden-xeber-verir\\\/\",\"url\":\"https:\\\/\\\/www.meydan.tv\\\/az\\\/article\\\/bir-ayin-ve-on-ilin-muharibesi-statistika-nelerden-xeber-verir\\\/\",\"name\":\"Bir ay\u0131n v\u0259 on ilin m\u00fcharib\u0259si: Statistika n\u0259l\u0259rd\u0259n x\u0259b\u0259r verir? - MEYDAN.TV\",\"isPartOf\":{\"@id\":\"https:\\\/\\\/www.meydan.tv\\\/az\\\/#website\"},\"primaryImageOfPage\":{\"@id\":\"https:\\\/\\\/www.meydan.tv\\\/az\\\/article\\\/bir-ayin-ve-on-ilin-muharibesi-statistika-nelerden-xeber-verir\\\/#primaryimage\"},\"image\":{\"@id\":\"https:\\\/\\\/www.meydan.tv\\\/az\\\/article\\\/bir-ayin-ve-on-ilin-muharibesi-statistika-nelerden-xeber-verir\\\/#primaryimage\"},\"thumbnailUrl\":\"https:\\\/\\\/www.meydan.tv\\\/wp-content\\\/uploads\\\/shutterstock_2130839222.jpg\",\"datePublished\":\"2022-03-25T18:11:20+00:00\",\"dateModified\":\"2022-03-25T18:21:19+00:00\",\"breadcrumb\":{\"@id\":\"https:\\\/\\\/www.meydan.tv\\\/az\\\/article\\\/bir-ayin-ve-on-ilin-muharibesi-statistika-nelerden-xeber-verir\\\/#breadcrumb\"},\"inLanguage\":\"az\",\"potentialAction\":[{\"@type\":\"ReadAction\",\"target\":[\"https:\\\/\\\/www.meydan.tv\\\/az\\\/article\\\/bir-ayin-ve-on-ilin-muharibesi-statistika-nelerden-xeber-verir\\\/\"]}]},{\"@type\":\"ImageObject\",\"inLanguage\":\"az\",\"@id\":\"https:\\\/\\\/www.meydan.tv\\\/az\\\/article\\\/bir-ayin-ve-on-ilin-muharibesi-statistika-nelerden-xeber-verir\\\/#primaryimage\",\"url\":\"https:\\\/\\\/www.meydan.tv\\\/wp-content\\\/uploads\\\/shutterstock_2130839222.jpg\",\"contentUrl\":\"https:\\\/\\\/www.meydan.tv\\\/wp-content\\\/uploads\\\/shutterstock_2130839222.jpg\",\"width\":1200,\"height\":800,\"caption\":\"Rusiya-Ukrayna sava\u015f\u0131. Foto: LeStudio\\\/shutterstock\"},{\"@type\":\"BreadcrumbList\",\"@id\":\"https:\\\/\\\/www.meydan.tv\\\/az\\\/article\\\/bir-ayin-ve-on-ilin-muharibesi-statistika-nelerden-xeber-verir\\\/#breadcrumb\",\"itemListElement\":[{\"@type\":\"ListItem\",\"position\":1,\"name\":\"Ana s\u0259hif\u0259\",\"item\":\"https:\\\/\\\/www.meydan.tv\\\/az\\\/\"},{\"@type\":\"ListItem\",\"position\":2,\"name\":\"M\u0259nim Fikrimc\u0259\",\"item\":\"https:\\\/\\\/www.meydan.tv\\\/az\\\/section\\\/menim-fikrimce\\\/\"},{\"@type\":\"ListItem\",\"position\":3,\"name\":\"Bir ay\u0131n v\u0259 on ilin m\u00fcharib\u0259si: Statistika n\u0259l\u0259rd\u0259n x\u0259b\u0259r verir?\"}]},{\"@type\":\"WebSite\",\"@id\":\"https:\\\/\\\/www.meydan.tv\\\/az\\\/#website\",\"url\":\"https:\\\/\\\/www.meydan.tv\\\/az\\\/\",\"name\":\"MEYDAN.TV\",\"description\":\"Meydan TV Az\u0259rbaycan\u0131n media m\u0259kan\u0131ndak\u0131 alternativ s\u0259sidir\",\"publisher\":{\"@id\":\"https:\\\/\\\/www.meydan.tv\\\/az\\\/#organization\"},\"potentialAction\":[{\"@type\":\"SearchAction\",\"target\":{\"@type\":\"EntryPoint\",\"urlTemplate\":\"https:\\\/\\\/www.meydan.tv\\\/az\\\/?s={search_term_string}\"},\"query-input\":{\"@type\":\"PropertyValueSpecification\",\"valueRequired\":true,\"valueName\":\"search_term_string\"}}],\"inLanguage\":\"az\"},{\"@type\":\"Organization\",\"@id\":\"https:\\\/\\\/www.meydan.tv\\\/az\\\/#organization\",\"name\":\"Meydan TV\",\"url\":\"https:\\\/\\\/www.meydan.tv\\\/az\\\/\",\"logo\":{\"@type\":\"ImageObject\",\"inLanguage\":\"az\",\"@id\":\"https:\\\/\\\/www.meydan.tv\\\/az\\\/#\\\/schema\\\/logo\\\/image\\\/\",\"url\":\"https:\\\/\\\/www.meydan.tv\\\/wp-content\\\/uploads\\\/2021\\\/07\\\/meydan-logo.svg\",\"contentUrl\":\"https:\\\/\\\/www.meydan.tv\\\/wp-content\\\/uploads\\\/2021\\\/07\\\/meydan-logo.svg\",\"width\":195,\"height\":46,\"caption\":\"Meydan TV\"},\"image\":{\"@id\":\"https:\\\/\\\/www.meydan.tv\\\/az\\\/#\\\/schema\\\/logo\\\/image\\\/\"}},{\"@type\":\"Person\",\"@id\":\"https:\\\/\\\/www.meydan.tv\\\/az\\\/#\\\/schema\\\/person\\\/9cdbecf90d17180ce1dfbd95b08dcf47\",\"name\":\"elli\",\"sameAs\":[\"https:\\\/\\\/x.com\\\/elli\"]}]}<\/script>\n<!-- \/ Yoast SEO plugin. -->","yoast_head_json":{"title":"Bir ay\u0131n v\u0259 on ilin m\u00fcharib\u0259si: Statistika n\u0259l\u0259rd\u0259n x\u0259b\u0259r verir? - MEYDAN.TV","robots":{"index":"index","follow":"follow","max-snippet":"max-snippet:-1","max-image-preview":"max-image-preview:large","max-video-preview":"max-video-preview:-1"},"canonical":"https:\/\/www.meydan.tv\/az\/article\/bir-ayin-ve-on-ilin-muharibesi-statistika-nelerden-xeber-verir\/","og_locale":"az_AZ","og_type":"article","og_title":"Bir ay\u0131n v\u0259 on ilin m\u00fcharib\u0259si: Statistika n\u0259l\u0259rd\u0259n x\u0259b\u0259r verir? - MEYDAN.TV","og_description":"Ukraynada 1 ayda \u00f6l\u0259n h\u0259rb\u00e7il\u0259rin say\u0131 \u018ffqan\u0131standak\u0131ndan \u00e7oxdur Bir \u00e7ox ... Davam\u0131","og_url":"https:\/\/www.meydan.tv\/az\/article\/bir-ayin-ve-on-ilin-muharibesi-statistika-nelerden-xeber-verir\/","og_site_name":"MEYDAN.TV","article_published_time":"2022-03-25T18:11:20+00:00","article_modified_time":"2022-03-25T18:21:19+00:00","og_image":[{"width":1200,"height":800,"url":"https:\/\/www.meydan.tv\/wp-content\/uploads\/shutterstock_2130839222.jpg","type":"image\/jpeg"}],"author":"elli","twitter_card":"summary_large_image","twitter_creator":"@elli","schema":{"@context":"https:\/\/schema.org","@graph":[{"@type":"Article","@id":"https:\/\/www.meydan.tv\/az\/article\/bir-ayin-ve-on-ilin-muharibesi-statistika-nelerden-xeber-verir\/#article","isPartOf":{"@id":"https:\/\/www.meydan.tv\/az\/article\/bir-ayin-ve-on-ilin-muharibesi-statistika-nelerden-xeber-verir\/"},"author":{"name":"elli","@id":"https:\/\/www.meydan.tv\/az\/#\/schema\/person\/9cdbecf90d17180ce1dfbd95b08dcf47"},"headline":"Bir ay\u0131n v\u0259 on ilin m\u00fcharib\u0259si: Statistika n\u0259l\u0259rd\u0259n x\u0259b\u0259r verir?","datePublished":"2022-03-25T18:11:20+00:00","dateModified":"2022-03-25T18:21:19+00:00","mainEntityOfPage":{"@id":"https:\/\/www.meydan.tv\/az\/article\/bir-ayin-ve-on-ilin-muharibesi-statistika-nelerden-xeber-verir\/"},"wordCount":778,"publisher":{"@id":"https:\/\/www.meydan.tv\/az\/#organization"},"image":{"@id":"https:\/\/www.meydan.tv\/az\/article\/bir-ayin-ve-on-ilin-muharibesi-statistika-nelerden-xeber-verir\/#primaryimage"},"thumbnailUrl":"https:\/\/www.meydan.tv\/wp-content\/uploads\/shutterstock_2130839222.jpg","articleSection":["M\u0259nim Fikrimc\u0259"],"inLanguage":"az"},{"@type":"WebPage","@id":"https:\/\/www.meydan.tv\/az\/article\/bir-ayin-ve-on-ilin-muharibesi-statistika-nelerden-xeber-verir\/","url":"https:\/\/www.meydan.tv\/az\/article\/bir-ayin-ve-on-ilin-muharibesi-statistika-nelerden-xeber-verir\/","name":"Bir ay\u0131n v\u0259 on ilin m\u00fcharib\u0259si: Statistika n\u0259l\u0259rd\u0259n x\u0259b\u0259r verir? - MEYDAN.TV","isPartOf":{"@id":"https:\/\/www.meydan.tv\/az\/#website"},"primaryImageOfPage":{"@id":"https:\/\/www.meydan.tv\/az\/article\/bir-ayin-ve-on-ilin-muharibesi-statistika-nelerden-xeber-verir\/#primaryimage"},"image":{"@id":"https:\/\/www.meydan.tv\/az\/article\/bir-ayin-ve-on-ilin-muharibesi-statistika-nelerden-xeber-verir\/#primaryimage"},"thumbnailUrl":"https:\/\/www.meydan.tv\/wp-content\/uploads\/shutterstock_2130839222.jpg","datePublished":"2022-03-25T18:11:20+00:00","dateModified":"2022-03-25T18:21:19+00:00","breadcrumb":{"@id":"https:\/\/www.meydan.tv\/az\/article\/bir-ayin-ve-on-ilin-muharibesi-statistika-nelerden-xeber-verir\/#breadcrumb"},"inLanguage":"az","potentialAction":[{"@type":"ReadAction","target":["https:\/\/www.meydan.tv\/az\/article\/bir-ayin-ve-on-ilin-muharibesi-statistika-nelerden-xeber-verir\/"]}]},{"@type":"ImageObject","inLanguage":"az","@id":"https:\/\/www.meydan.tv\/az\/article\/bir-ayin-ve-on-ilin-muharibesi-statistika-nelerden-xeber-verir\/#primaryimage","url":"https:\/\/www.meydan.tv\/wp-content\/uploads\/shutterstock_2130839222.jpg","contentUrl":"https:\/\/www.meydan.tv\/wp-content\/uploads\/shutterstock_2130839222.jpg","width":1200,"height":800,"caption":"Rusiya-Ukrayna sava\u015f\u0131. Foto: LeStudio\/shutterstock"},{"@type":"BreadcrumbList","@id":"https:\/\/www.meydan.tv\/az\/article\/bir-ayin-ve-on-ilin-muharibesi-statistika-nelerden-xeber-verir\/#breadcrumb","itemListElement":[{"@type":"ListItem","position":1,"name":"Ana s\u0259hif\u0259","item":"https:\/\/www.meydan.tv\/az\/"},{"@type":"ListItem","position":2,"name":"M\u0259nim Fikrimc\u0259","item":"https:\/\/www.meydan.tv\/az\/section\/menim-fikrimce\/"},{"@type":"ListItem","position":3,"name":"Bir ay\u0131n v\u0259 on ilin m\u00fcharib\u0259si: Statistika n\u0259l\u0259rd\u0259n x\u0259b\u0259r verir?"}]},{"@type":"WebSite","@id":"https:\/\/www.meydan.tv\/az\/#website","url":"https:\/\/www.meydan.tv\/az\/","name":"MEYDAN.TV","description":"Meydan TV Az\u0259rbaycan\u0131n media m\u0259kan\u0131ndak\u0131 alternativ s\u0259sidir","publisher":{"@id":"https:\/\/www.meydan.tv\/az\/#organization"},"potentialAction":[{"@type":"SearchAction","target":{"@type":"EntryPoint","urlTemplate":"https:\/\/www.meydan.tv\/az\/?s={search_term_string}"},"query-input":{"@type":"PropertyValueSpecification","valueRequired":true,"valueName":"search_term_string"}}],"inLanguage":"az"},{"@type":"Organization","@id":"https:\/\/www.meydan.tv\/az\/#organization","name":"Meydan TV","url":"https:\/\/www.meydan.tv\/az\/","logo":{"@type":"ImageObject","inLanguage":"az","@id":"https:\/\/www.meydan.tv\/az\/#\/schema\/logo\/image\/","url":"https:\/\/www.meydan.tv\/wp-content\/uploads\/2021\/07\/meydan-logo.svg","contentUrl":"https:\/\/www.meydan.tv\/wp-content\/uploads\/2021\/07\/meydan-logo.svg","width":195,"height":46,"caption":"Meydan TV"},"image":{"@id":"https:\/\/www.meydan.tv\/az\/#\/schema\/logo\/image\/"}},{"@type":"Person","@id":"https:\/\/www.meydan.tv\/az\/#\/schema\/person\/9cdbecf90d17180ce1dfbd95b08dcf47","name":"elli","sameAs":["https:\/\/x.com\/elli"]}]}},"_links":{"self":[{"href":"https:\/\/www.meydan.tv\/az\/wp-json\/wp\/v2\/posts\/239364","targetHints":{"allow":["GET"]}}],"collection":[{"href":"https:\/\/www.meydan.tv\/az\/wp-json\/wp\/v2\/posts"}],"about":[{"href":"https:\/\/www.meydan.tv\/az\/wp-json\/wp\/v2\/types\/post"}],"author":[{"embeddable":true,"href":"https:\/\/www.meydan.tv\/az\/wp-json\/wp\/v2\/users\/8"}],"replies":[{"embeddable":true,"href":"https:\/\/www.meydan.tv\/az\/wp-json\/wp\/v2\/comments?post=239364"}],"version-history":[{"count":3,"href":"https:\/\/www.meydan.tv\/az\/wp-json\/wp\/v2\/posts\/239364\/revisions"}],"predecessor-version":[{"id":239376,"href":"https:\/\/www.meydan.tv\/az\/wp-json\/wp\/v2\/posts\/239364\/revisions\/239376"}],"wp:featuredmedia":[{"embeddable":true,"href":"https:\/\/www.meydan.tv\/az\/wp-json\/wp\/v2\/media\/238902"}],"wp:attachment":[{"href":"https:\/\/www.meydan.tv\/az\/wp-json\/wp\/v2\/media?parent=239364"}],"wp:term":[{"taxonomy":"category","embeddable":true,"href":"https:\/\/www.meydan.tv\/az\/wp-json\/wp\/v2\/categories?post=239364"},{"taxonomy":"post_tag","embeddable":true,"href":"https:\/\/www.meydan.tv\/az\/wp-json\/wp\/v2\/tags?post=239364"}],"curies":[{"name":"wp","href":"https:\/\/api.w.org\/{rel}","templated":true}]}}