{"id":239330,"date":"2022-03-25T21:25:36","date_gmt":"2022-03-25T17:25:36","guid":{"rendered":"https:\/\/www.meydan.tv\/?p=239330"},"modified":"2022-03-25T21:25:38","modified_gmt":"2022-03-25T17:25:38","slug":"yardimli-kendlileri-dord-terefe-cixisimiz-baglanib-un-ehtiyatimiz-tukenir","status":"publish","type":"post","link":"https:\/\/www.meydan.tv\/az\/article\/yardimli-kendlileri-dord-terefe-cixisimiz-baglanib-un-ehtiyatimiz-tukenir\/","title":{"rendered":"Yard\u0131ml\u0131 k\u0259ndlil\u0259ri: \u201cD\u00f6rd t\u0259r\u0259f\u0259 \u00e7\u0131x\u0131\u015f\u0131m\u0131z ba\u011flan\u0131b, un ehtiyat\u0131m\u0131z t\u00fck\u0259nir\u201d"},"content":{"rendered":"\n<p class=\"wp-block-paragraph\"><em>\u201cArt\u0131q be\u015finci g\u00fcnd\u00fcr ki, k\u0259ndl\u0259rimizin \u00e7\u0131x\u0131\u015flar\u0131 ba\u011flan\u0131b\u201d<\/em><\/p>\n\n\n\n<p class=\"wp-block-paragraph\">Yard\u0131ml\u0131n\u0131n \u015e\u0131xlar, B\u0259rcan, G\u00f6lyeri v\u0259 T\u0259z\u0259k\u0259nd k\u0259ndl\u0259rinin yollar\u0131ndak\u0131 normadan art\u0131q qar \u00f6rt\u00fcy\u00fc mart\u0131n 20-d\u0259n h\u0259min k\u0259ndl\u0259r\u0259 gedi\u015f-g\u0259li\u015fi \u0259ng\u0259ll\u0259yib. Bunu Meydan TV-y\u0259 \u015e\u0131xlar k\u0259ndinin sakinl\u0259ri deyir:<\/p>\n\n\n\n<p class=\"wp-block-paragraph\">\u201cYa\u011f\u0131nt\u0131 k\u0259ndl\u0259rimizd\u0259 probleml\u0259r yarad\u0131b. Rayonun ba\u015fqa yerl\u0259rind\u0259 v\u0259 m\u0259rk\u0259zd\u0259 yollar qardan t\u0259mizl\u0259ns\u0259 d\u0259, k\u0259nd yollar\u0131 sanki unudulub\u201d.<\/p>\n\n\n\n<p class=\"wp-block-paragraph\">\u201c2 min n\u0259f\u0259r sanki blokada \u015f\u0259raitind\u0259 ya\u015fay\u0131r\u201d<\/p>\n\n\n\n<p class=\"wp-block-paragraph\">Adlar\u0131 qeyd olunan d\u00f6rd k\u0259ndin \u00fcmumilikd\u0259 t\u0259qrib\u0259n 2 min n\u0259f\u0259r\u0259 yax\u0131n sakini var.<\/p>\n\n\n\n<figure class=\"wp-block-image size-large\"><img loading=\"lazy\" decoding=\"async\" width=\"1200\" height=\"540\" src=\"https:\/\/www.meydan.tv\/wp-content\/uploads\/photo-2022-03-24-12-03-00-1-1200x540.jpg\" alt=\"\" class=\"wp-image-239334\"\/><\/figure>\n\n\n\n<p class=\"wp-block-paragraph\">\u201cT\u0259s\u0259vv\u00fcr edin ki, birinin s\u0259hh\u0259ti a\u011f\u0131rla\u015fsa, t\u0259cili yard\u0131m yeti\u015f\u0259 bilm\u0259y\u0259c\u0259k, \u00f6z\u00fcm\u00fcz d\u0259 rayon m\u0259rk\u0259zin\u0259, n\u0259 d\u0259 qon\u015fuluqdak\u0131 Masall\u0131ya, C\u0259lilabada \u00e7atd\u0131ra bil\u0259c\u0259yik. Qar ya\u011fandan ham\u0131 evl\u0259rini isitm\u0259k \u00fc\u00e7\u00fcn elektrik cihazlar\u0131 qo\u015fub, naqill\u0259rd\u0259 bir q\u0131saqapanma olsa, yan\u011f\u0131n ba\u015f vers\u0259, yan\u011f\u0131ns\u00f6nd\u00fcr\u0259n yeti\u015f\u0259 bilm\u0259y\u0259c\u0259k. \u018ftrafdan t\u0259crid v\u0259ziyy\u0259td\u0259 qalm\u0131\u015f\u0131q. K\u0259nd yollar\u0131nda n\u0259qliyyat\u0131n h\u0259r\u0259k\u0259ti tamamil\u0259 dayan\u0131b\u201d, &#8211; sakinl\u0259r deyir.<\/p>\n\n\n\n<p class=\"wp-block-paragraph\"><strong>\u00c7\u00f6r\u0259k q\u0131tl\u0131\u011f\u0131 yarana bil\u0259r<\/strong><\/p>\n\n\n\n<p class=\"wp-block-paragraph\">D\u0259rd bununla bitmir. Sakinl\u0259r deyir, hava \u015f\u0259raiti bel\u0259 davam ed\u0259rs\u0259 v\u0259 aidiyy\u0259ti qurumlar yollar\u0131 a\u00e7maq \u00fc\u00e7\u00fcn h\u0259r\u0259k\u0259t\u0259 ke\u00e7m\u0259zs\u0259, d\u00f6rd k\u0259ndd\u0259 \u00e7\u00f6r\u0259k q\u0131tl\u0131\u011f\u0131 da qa\u00e7\u0131lmazd\u0131r:<\/p>\n\n\n\n<figure class=\"wp-block-image size-large\"><img loading=\"lazy\" decoding=\"async\" width=\"1200\" height=\"540\" src=\"https:\/\/www.meydan.tv\/wp-content\/uploads\/photo-2022-03-24-12-02-59-1200x540.jpg\" alt=\"\" class=\"wp-image-239331\"\/><\/figure>\n\n\n\n<p class=\"wp-block-paragraph\">\u201cBu v\u0259ziyy\u0259t n\u0259 vaxtad\u0259k davam ed\u0259c\u0259k, bilmirik. Bir t\u0259r\u0259fd\u0259n ya\u011f\u0131nt\u0131 k\u0259smir, dig\u0259r t\u0259r\u0259fd\u0259n k\u00f6m\u0259k g\u0259lmir, yollar a\u00e7\u0131lm\u0131r. \u00c7\u00f6r\u0259yi t\u0259ndird\u0259 bi\u015firirik, art\u0131q un ehtiyat\u0131m\u0131z t\u00fck\u0259nm\u0259k \u00fczr\u0259dir. Qocas\u0131, x\u0259st\u0259si, k\u00f6rp\u0259si olan ail\u0259l\u0259r var, un ehtiyat\u0131m\u0131z da t\u00fck\u0259ns\u0259 v\u0259ziyy\u0259timiz daha da a\u011f\u0131rla\u015facaq\u201d.<\/p>\n\n\n\n<p class=\"wp-block-paragraph\">Fotolar mart\u0131n 24-d\u0259 s\u0259h\u0259r saatlar\u0131nda sakinl\u0259r t\u0259r\u0259find\u0259n \u00e7\u0259kilib. Qeyri-i\u015f g\u00fcnl\u0259ri oldu\u011funa g\u00f6r\u0259 Meydan TV Yard\u0131ml\u0131 Rayon \u0130cra Hakimiyy\u0259ti il\u0259 \u0259laq\u0259 saxlaya bilm\u0259yib.<\/p>\n","protected":false},"excerpt":{"rendered":"<p>\u201cArt\u0131q be\u015finci g\u00fcnd\u00fcr ki, k\u0259ndl\u0259rimizin \u00e7\u0131x\u0131\u015flar\u0131 ba\u011flan\u0131b\u201d Yard\u0131ml\u0131n\u0131n \u015e\u0131xlar, B\u0259rcan, &#8230; <\/p>\n<p class=\"read-more-container\"><a title=\"Yard\u0131ml\u0131 k\u0259ndlil\u0259ri: \u201cD\u00f6rd t\u0259r\u0259f\u0259 \u00e7\u0131x\u0131\u015f\u0131m\u0131z ba\u011flan\u0131b, un ehtiyat\u0131m\u0131z t\u00fck\u0259nir\u201d\" class=\"read-more button\" href=\"https:\/\/www.meydan.tv\/az\/article\/yardimli-kendlileri-dord-terefe-cixisimiz-baglanib-un-ehtiyatimiz-tukenir\/#more-239330\" aria-label=\"Read more about Yard\u0131ml\u0131 k\u0259ndlil\u0259ri: \u201cD\u00f6rd t\u0259r\u0259f\u0259 \u00e7\u0131x\u0131\u015f\u0131m\u0131z ba\u011flan\u0131b, un ehtiyat\u0131m\u0131z t\u00fck\u0259nir\u201d\">Davam\u0131<\/a><\/p>\n","protected":false},"author":14,"featured_media":239337,"comment_status":"closed","ping_status":"closed","sticky":false,"template":"","format":"standard","meta":{"_acf_changed":false,"_sitemap_exclude":false,"_sitemap_priority":"","_sitemap_frequency":"","footnotes":""},"categories":[60,56],"tags":[],"class_list":["post-239330","post","type-post","status-publish","format-standard","has-post-thumbnail","hentry","category-bolge","category-xeberler","infinite-scroll-item","generate-columns","tablet-grid-50","mobile-grid-100","grid-parent","grid-33","no-featured-image-padding"],"acf":[],"yoast_head":"<!-- This site is optimized with the Yoast SEO plugin v28.3 - https:\/\/yoast.com\/product\/yoast-seo-wordpress\/ -->\n<title>Yard\u0131ml\u0131 k\u0259ndlil\u0259ri: \u201cD\u00f6rd t\u0259r\u0259f\u0259 \u00e7\u0131x\u0131\u015f\u0131m\u0131z ba\u011flan\u0131b, un ehtiyat\u0131m\u0131z t\u00fck\u0259nir\u201d - MEYDAN.TV<\/title>\n<meta name=\"robots\" content=\"index, follow, max-snippet:-1, max-image-preview:large, max-video-preview:-1\" \/>\n<link rel=\"canonical\" href=\"https:\/\/www.meydan.tv\/az\/article\/yardimli-kendlileri-dord-terefe-cixisimiz-baglanib-un-ehtiyatimiz-tukenir\/\" \/>\n<meta property=\"og:locale\" content=\"az_AZ\" \/>\n<meta property=\"og:type\" content=\"article\" \/>\n<meta property=\"og:title\" content=\"Yard\u0131ml\u0131 k\u0259ndlil\u0259ri: \u201cD\u00f6rd t\u0259r\u0259f\u0259 \u00e7\u0131x\u0131\u015f\u0131m\u0131z ba\u011flan\u0131b, un ehtiyat\u0131m\u0131z t\u00fck\u0259nir\u201d - MEYDAN.TV\" \/>\n<meta property=\"og:description\" content=\"\u201cArt\u0131q be\u015finci g\u00fcnd\u00fcr ki, k\u0259ndl\u0259rimizin \u00e7\u0131x\u0131\u015flar\u0131 ba\u011flan\u0131b\u201d Yard\u0131ml\u0131n\u0131n \u015e\u0131xlar, B\u0259rcan, ... Davam\u0131\" \/>\n<meta property=\"og:url\" content=\"https:\/\/www.meydan.tv\/az\/article\/yardimli-kendlileri-dord-terefe-cixisimiz-baglanib-un-ehtiyatimiz-tukenir\/\" \/>\n<meta property=\"og:site_name\" content=\"MEYDAN.TV\" \/>\n<meta property=\"article:published_time\" content=\"2022-03-25T17:25:36+00:00\" \/>\n<meta property=\"article:modified_time\" content=\"2022-03-25T17:25:38+00:00\" \/>\n<meta property=\"og:image\" content=\"https:\/\/www.meydan.tv\/wp-content\/uploads\/photo-2022-03-24-12-03-00.jpg\" \/>\n\t<meta property=\"og:image:width\" content=\"1280\" \/>\n\t<meta property=\"og:image:height\" content=\"576\" \/>\n\t<meta property=\"og:image:type\" content=\"image\/jpeg\" \/>\n<meta name=\"twitter:card\" content=\"summary_large_image\" \/>\n<!-- \/ Yoast SEO plugin. -->","yoast_head_json":{"title":"Yard\u0131ml\u0131 k\u0259ndlil\u0259ri: \u201cD\u00f6rd t\u0259r\u0259f\u0259 \u00e7\u0131x\u0131\u015f\u0131m\u0131z ba\u011flan\u0131b, un ehtiyat\u0131m\u0131z t\u00fck\u0259nir\u201d - MEYDAN.TV","robots":{"index":"index","follow":"follow","max-snippet":"max-snippet:-1","max-image-preview":"max-image-preview:large","max-video-preview":"max-video-preview:-1"},"canonical":"https:\/\/www.meydan.tv\/az\/article\/yardimli-kendlileri-dord-terefe-cixisimiz-baglanib-un-ehtiyatimiz-tukenir\/","og_locale":"az_AZ","og_type":"article","og_title":"Yard\u0131ml\u0131 k\u0259ndlil\u0259ri: \u201cD\u00f6rd t\u0259r\u0259f\u0259 \u00e7\u0131x\u0131\u015f\u0131m\u0131z ba\u011flan\u0131b, un ehtiyat\u0131m\u0131z t\u00fck\u0259nir\u201d - MEYDAN.TV","og_description":"\u201cArt\u0131q be\u015finci g\u00fcnd\u00fcr ki, k\u0259ndl\u0259rimizin \u00e7\u0131x\u0131\u015flar\u0131 ba\u011flan\u0131b\u201d Yard\u0131ml\u0131n\u0131n \u015e\u0131xlar, B\u0259rcan, ... Davam\u0131","og_url":"https:\/\/www.meydan.tv\/az\/article\/yardimli-kendlileri-dord-terefe-cixisimiz-baglanib-un-ehtiyatimiz-tukenir\/","og_site_name":"MEYDAN.TV","article_published_time":"2022-03-25T17:25:36+00:00","article_modified_time":"2022-03-25T17:25:38+00:00","og_image":[{"width":1280,"height":576,"url":"https:\/\/www.meydan.tv\/wp-content\/uploads\/photo-2022-03-24-12-03-00.jpg","type":"image\/jpeg"}],"twitter_card":"summary_large_image","schema":{"@context":"https:\/\/schema.org","@graph":[{"@type":"Article","@id":"https:\/\/www.meydan.tv\/az\/article\/yardimli-kendlileri-dord-terefe-cixisimiz-baglanib-un-ehtiyatimiz-tukenir\/#article","isPartOf":{"@id":"https:\/\/www.meydan.tv\/az\/article\/yardimli-kendlileri-dord-terefe-cixisimiz-baglanib-un-ehtiyatimiz-tukenir\/"},"author":{"name":"roma","@id":"https:\/\/www.meydan.tv\/az\/#\/schema\/person\/8f23e01c4de63326c13c319fb65ee65d"},"headline":"Yard\u0131ml\u0131 k\u0259ndlil\u0259ri: \u201cD\u00f6rd t\u0259r\u0259f\u0259 \u00e7\u0131x\u0131\u015f\u0131m\u0131z ba\u011flan\u0131b, un ehtiyat\u0131m\u0131z t\u00fck\u0259nir\u201d","datePublished":"2022-03-25T17:25:36+00:00","dateModified":"2022-03-25T17:25:38+00:00","mainEntityOfPage":{"@id":"https:\/\/www.meydan.tv\/az\/article\/yardimli-kendlileri-dord-terefe-cixisimiz-baglanib-un-ehtiyatimiz-tukenir\/"},"wordCount":415,"publisher":{"@id":"https:\/\/www.meydan.tv\/az\/#organization"},"image":{"@id":"https:\/\/www.meydan.tv\/az\/article\/yardimli-kendlileri-dord-terefe-cixisimiz-baglanib-un-ehtiyatimiz-tukenir\/#primaryimage"},"thumbnailUrl":"https:\/\/www.meydan.tv\/wp-content\/uploads\/photo-2022-03-24-12-03-00.jpg","articleSection":["B\u00f6lg\u0259","X\u0259b\u0259rl\u0259r"],"inLanguage":"az"},{"@type":"WebPage","@id":"https:\/\/www.meydan.tv\/az\/article\/yardimli-kendlileri-dord-terefe-cixisimiz-baglanib-un-ehtiyatimiz-tukenir\/","url":"https:\/\/www.meydan.tv\/az\/article\/yardimli-kendlileri-dord-terefe-cixisimiz-baglanib-un-ehtiyatimiz-tukenir\/","name":"Yard\u0131ml\u0131 k\u0259ndlil\u0259ri: \u201cD\u00f6rd t\u0259r\u0259f\u0259 \u00e7\u0131x\u0131\u015f\u0131m\u0131z ba\u011flan\u0131b, un ehtiyat\u0131m\u0131z t\u00fck\u0259nir\u201d - MEYDAN.TV","isPartOf":{"@id":"https:\/\/www.meydan.tv\/az\/#website"},"primaryImageOfPage":{"@id":"https:\/\/www.meydan.tv\/az\/article\/yardimli-kendlileri-dord-terefe-cixisimiz-baglanib-un-ehtiyatimiz-tukenir\/#primaryimage"},"image":{"@id":"https:\/\/www.meydan.tv\/az\/article\/yardimli-kendlileri-dord-terefe-cixisimiz-baglanib-un-ehtiyatimiz-tukenir\/#primaryimage"},"thumbnailUrl":"https:\/\/www.meydan.tv\/wp-content\/uploads\/photo-2022-03-24-12-03-00.jpg","datePublished":"2022-03-25T17:25:36+00:00","dateModified":"2022-03-25T17:25:38+00:00","breadcrumb":{"@id":"https:\/\/www.meydan.tv\/az\/article\/yardimli-kendlileri-dord-terefe-cixisimiz-baglanib-un-ehtiyatimiz-tukenir\/#breadcrumb"},"inLanguage":"az","potentialAction":[{"@type":"ReadAction","target":["https:\/\/www.meydan.tv\/az\/article\/yardimli-kendlileri-dord-terefe-cixisimiz-baglanib-un-ehtiyatimiz-tukenir\/"]}]},{"@type":"ImageObject","inLanguage":"az","@id":"https:\/\/www.meydan.tv\/az\/article\/yardimli-kendlileri-dord-terefe-cixisimiz-baglanib-un-ehtiyatimiz-tukenir\/#primaryimage","url":"https:\/\/www.meydan.tv\/wp-content\/uploads\/photo-2022-03-24-12-03-00.jpg","contentUrl":"https:\/\/www.meydan.tv\/wp-content\/uploads\/photo-2022-03-24-12-03-00.jpg","width":1280,"height":576},{"@type":"BreadcrumbList","@id":"https:\/\/www.meydan.tv\/az\/article\/yardimli-kendlileri-dord-terefe-cixisimiz-baglanib-un-ehtiyatimiz-tukenir\/#breadcrumb","itemListElement":[{"@type":"ListItem","position":1,"name":"Ana s\u0259hif\u0259","item":"https:\/\/www.meydan.tv\/az\/"},{"@type":"ListItem","position":2,"name":"B\u00f6lg\u0259","item":"https:\/\/www.meydan.tv\/az\/section\/bolge\/"},{"@type":"ListItem","position":3,"name":"Yard\u0131ml\u0131 k\u0259ndlil\u0259ri: \u201cD\u00f6rd t\u0259r\u0259f\u0259 \u00e7\u0131x\u0131\u015f\u0131m\u0131z ba\u011flan\u0131b, un ehtiyat\u0131m\u0131z t\u00fck\u0259nir\u201d"}]},{"@type":"WebSite","@id":"https:\/\/www.meydan.tv\/az\/#website","url":"https:\/\/www.meydan.tv\/az\/","name":"MEYDAN.TV","description":"Meydan TV Az\u0259rbaycan\u0131n media m\u0259kan\u0131ndak\u0131 alternativ s\u0259sidir","publisher":{"@id":"https:\/\/www.meydan.tv\/az\/#organization"},"potentialAction":[{"@type":"SearchAction","target":{"@type":"EntryPoint","urlTemplate":"https:\/\/www.meydan.tv\/az\/?s={search_term_string}"},"query-input":{"@type":"PropertyValueSpecification","valueRequired":true,"valueName":"search_term_string"}}],"inLanguage":"az"},{"@type":"Organization","@id":"https:\/\/www.meydan.tv\/az\/#organization","name":"Meydan TV","url":"https:\/\/www.meydan.tv\/az\/","logo":{"@type":"ImageObject","inLanguage":"az","@id":"https:\/\/www.meydan.tv\/az\/#\/schema\/logo\/image\/","url":"https:\/\/www.meydan.tv\/wp-content\/uploads\/2021\/07\/meydan-logo.svg","contentUrl":"https:\/\/www.meydan.tv\/wp-content\/uploads\/2021\/07\/meydan-logo.svg","width":195,"height":46,"caption":"Meydan TV"},"image":{"@id":"https:\/\/www.meydan.tv\/az\/#\/schema\/logo\/image\/"}},{"@type":"Person","@id":"https:\/\/www.meydan.tv\/az\/#\/schema\/person\/8f23e01c4de63326c13c319fb65ee65d","name":"roma"}]}},"_links":{"self":[{"href":"https:\/\/www.meydan.tv\/az\/wp-json\/wp\/v2\/posts\/239330","targetHints":{"allow":["GET"]}}],"collection":[{"href":"https:\/\/www.meydan.tv\/az\/wp-json\/wp\/v2\/posts"}],"about":[{"href":"https:\/\/www.meydan.tv\/az\/wp-json\/wp\/v2\/types\/post"}],"author":[{"embeddable":true,"href":"https:\/\/www.meydan.tv\/az\/wp-json\/wp\/v2\/users\/14"}],"replies":[{"embeddable":true,"href":"https:\/\/www.meydan.tv\/az\/wp-json\/wp\/v2\/comments?post=239330"}],"version-history":[{"count":1,"href":"https:\/\/www.meydan.tv\/az\/wp-json\/wp\/v2\/posts\/239330\/revisions"}],"predecessor-version":[{"id":239340,"href":"https:\/\/www.meydan.tv\/az\/wp-json\/wp\/v2\/posts\/239330\/revisions\/239340"}],"wp:featuredmedia":[{"embeddable":true,"href":"https:\/\/www.meydan.tv\/az\/wp-json\/wp\/v2\/media\/239337"}],"wp:attachment":[{"href":"https:\/\/www.meydan.tv\/az\/wp-json\/wp\/v2\/media?parent=239330"}],"wp:term":[{"taxonomy":"category","embeddable":true,"href":"https:\/\/www.meydan.tv\/az\/wp-json\/wp\/v2\/categories?post=239330"},{"taxonomy":"post_tag","embeddable":true,"href":"https:\/\/www.meydan.tv\/az\/wp-json\/wp\/v2\/tags?post=239330"}],"curies":[{"name":"wp","href":"https:\/\/api.w.org\/{rel}","templated":true}]}}