{"id":239324,"date":"2022-03-25T19:39:32","date_gmt":"2022-03-25T15:39:32","guid":{"rendered":"https:\/\/www.meydan.tv\/?p=239324"},"modified":"2022-03-25T19:40:34","modified_gmt":"2022-03-25T15:40:34","slug":"naxcivan-xani-vasif-talibov-kimdir-bioqrafiya","status":"publish","type":"post","link":"https:\/\/www.meydan.tv\/az\/article\/naxcivan-xani-vasif-talibov-kimdir-bioqrafiya\/","title":{"rendered":"Nax\u00e7\u0131van xan\u0131 Vasif Tal\u0131bov kimdir? &#8211; [B\u0130OQRAF\u0130YA]"},"content":{"rendered":"\n<figure class=\"wp-block-embed is-type-video is-provider-youtube wp-block-embed-youtube wp-embed-aspect-16-9 wp-has-aspect-ratio\"><div class=\"wp-block-embed__wrapper\">\n<iframe title=\"Nax\u00e7\u0131van xan\u0131 Vasif Tal\u0131bov kimdir? - [B\u0130OQRAF\u0130YA]\" width=\"1200\" height=\"675\" data-src=\"https:\/\/www.youtube.com\/embed\/WcaozwQeanE?feature=oembed\" frameborder=\"0\" allow=\"accelerometer; autoplay; clipboard-write; encrypted-media; gyroscope; picture-in-picture\" allowfullscreen src=\"data:image\/svg+xml;base64,PHN2ZyB3aWR0aD0iMSIgaGVpZ2h0PSIxIiB4bWxucz0iaHR0cDovL3d3dy53My5vcmcvMjAwMC9zdmciPjwvc3ZnPg==\" class=\"lazyload\" data-load-mode=\"1\"><\/iframe>\n<\/div><\/figure>\n\n\n\n<!--more-->\n\n\n\n<p><strong>&nbsp;\u201cAz\u0259rbaycan\u0131n \u015eimali Koreyas\u0131\u201d &#8211; Nax\u00e7\u0131vandan qazan\u0131lan milyonlarla s\u0259rv\u0259t<\/strong><\/p>\n\n\n\n<p>Vasif Tal\u0131bov art\u0131q 26 ild\u0259n \u00e7oxdur ki, Nax\u00e7\u0131van\u0131 d\u0259mir yumru\u011fu il\u0259 idar\u0259 edir. Onun hakimiyy\u0259ti d\u00f6vr\u00fcnd\u0259 h\u0259bs edil\u0259nl\u0259r d\u00f6y\u00fcl\u00fcb v\u0259 m\u00fcxt\u0259lif i\u015fg\u0259nc\u0259l\u0259r\u0259 m\u0259ruz qal\u0131blar. Dissidentl\u0259r m\u0259cbur\u0259n psixoloji x\u0259st\u0259xanalara yerl\u0259\u015fdirilibl\u0259r. O, hakimiyy\u0259tini h\u0259m\u00e7inin m\u00fcst\u0259qil median\u0131 susdurmaq \u00fc\u00e7\u00fcn d\u0259 istifad\u0259 edib. Tal\u0131bovun hakimiyy\u0259tini t\u0259nqid ed\u0259n jurnalistl\u0259r, f\u0259allar t\u0259zyiq\u0259, h\u0259bs\u0259, dig\u0259r \u00f6lk\u0259l\u0259r\u0259 k\u00f6\u00e7m\u0259y\u0259 m\u0259ruz v\u0259 m\u0259cbur qal\u0131blar.<\/p>\n\n\n\n<p>Vasif Tal\u0131bovun illik maa\u015f\u0131 r\u0259smi olaraq 26 min AB\u015e dollar\u0131ndan da azd\u0131r. O\u011fullar\u0131 is\u0259 az\u00f6d\u0259ni\u015fli d\u00f6vl\u0259t i\u015fl\u0259rind\u0259 \u00e7al\u0131\u015f\u0131rlar &#8211; Rza miqrasiya xidm\u0259ti r\u0259smisi, Seymur is\u0259 Nax\u00e7\u0131van parlamentinin \u00fczv\u00fcd\u00fcr.<\/p>\n\n\n\n<p>Vasif Tal\u0131bovu hakimiyy\u0259t\u0259 g\u0259tir\u0259n f\u00fcrs\u0259t Sevil Sultanova il\u0259 evlilik olub. Sultanovan\u0131n anas\u0131n\u0131n day\u0131s\u0131 Sovetl\u0259rd\u0259 y\u00fcks\u0259k v\u0259zif\u0259li Heyd\u0259r \u018fliyev olub.<\/p>\n\n\n\n<p>1990-c\u0131 ill\u0259rd\u0259 Sovet \u0130ttifaq\u0131 da\u011f\u0131lma \u0259r\u0259f\u0259sind\u0259 \u018fliyev Moskvadan Nax\u00e7\u0131vana geri d\u00f6n\u00fcr. Qalma\u011fa ba\u015fqa bir yeri olmad\u0131\u011f\u0131ndan o, m\u00fcv\u0259qq\u0259ti olaraq Tal\u0131bovun iki yataqotaql\u0131 m\u0259nzilind\u0259 qal\u0131b.<\/p>\n\n\n\n<p>O, Tal\u0131bovun ona g\u00f6st\u0259rdiyi l\u00fctfkarl\u0131\u011fa t\u0259\u015f\u0259kk\u00fcr\u00fcn\u00fc n\u00f6vb\u0259ti il g\u00f6st\u0259rib. Bel\u0259 ki, \u018fliyev Nax\u00e7\u0131van parlamentinin s\u0259dri se\u00e7ildikd\u0259n sonra h\u0259min zaman t\u0259xmin\u0259n 30 ya\u015f\u0131 olan Tal\u0131bovu \u00f6z\u00fcn\u0259 \u0259sas k\u00f6m\u0259k\u00e7i kimi i\u015f\u0259 g\u00f6t\u00fcr\u00fcb.<\/p>\n\n\n\n<p>Heyd\u0259r \u018fliyev sonrak\u0131 m\u00fcsahib\u0259l\u0259rinin birind\u0259 deyirdi ki, daxil\u0259n bir az fikirl\u0259\u015fdim ki, g\u0259ncliyin\u0259 g\u00f6r\u0259, b\u0259lk\u0259 d\u0259, a\u011f\u0131r, \u00e7\u0259tin olar. Ancaq o s\u00fcbut etdi ki, v\u0259t\u0259nin\u0259, mill\u0259tin\u0259, xalq\u0131na s\u0259daq\u0259tli olan adam ya\u015f\u0131ndan as\u0131l\u0131 olmayaraq b\u00f6y\u00fck i\u015fl\u0259r g\u00f6r\u0259 bil\u0259r.<\/p>\n\n\n\n<p>Tal\u0131bovun 60 illik yubileyi m\u00fcnasib\u0259ti il\u0259 yerli x\u0259b\u0259r agentliyi \u201cNuh\u00e7\u0131xan\u201d Tal\u0131bovu \u201cb\u00f6y\u00fck v\u0259t\u0259np\u0259rv\u0259r, q\u0259tiyy\u0259tli, c\u0259sur v\u0259 humanist\u201d v\u0259 h\u0259m d\u0259 \u201ch\u0259ddind\u0259n art\u0131q t\u0259vaz\u00f6kar\u201d bir \u015f\u0259xs kimi<a href=\"https:\/\/nuhcixan.az\/news\/cemiyyet\/24602-dunya-boyda-naxcivan-sevgisi\"> t\u0259svir edir<\/a>.<\/p>\n\n\n\n<p>Beyn\u0259lxalq al\u0259md\u0259 is\u0259 man\u015fetl\u0259r bir az f\u0259rqlidir &#8211; daha \u00e7ox Tal\u0131bovun hakimiyy\u0259tinin dikt\u0259 etdiyi a\u011f\u0131r v\u0259 s\u0259rt qaydalar\u0131 haqq\u0131nda m\u0259lumatlar payla\u015f\u0131l\u0131r: yerli sakinl\u0259r\u0259<a href=\"https:\/\/www.bbc.com\/news\/blogs-news-from-elsewhere-41094703\"> Hemingway-in \u0259s\u0259rl\u0259rini oxuma\u011f\u0131n<\/a> z\u0259ruri oldu\u011funu bildir\u0259n v\u0259 yaxud<a href=\"https:\/\/www.rferl.org\/a\/1079243.html\"> eyvandan paltar asma qada\u011fas\u0131<\/a>,<a href=\"https:\/\/www.bbc.com\/news\/blogs-news-from-elsewhere-23957805\"> d\u00f6vl\u0259t i\u015f\u00e7il\u0259rinin b\u0259z\u0259kli corablar geym\u0259k qada\u011fas\u0131<\/a> v\u0259 s.<\/p>\n\n\n\n<p>Bu qaydalar Nax\u00e7\u0131vana bir ne\u00e7\u0259 t\u0259x\u0259ll\u00fcs qazand\u0131r\u0131b: m\u00fcxalif\u0259t\u00e7i f\u0259allar Nax\u00e7\u0131van\u0131 \u201cAz\u0259rbaycan\u0131n \u015eimali Koreyas\u0131\u201d adland\u0131rark\u0259n, beyn\u0259lxalq t\u0259\u015fkilatlar is\u0259 \u201c<a href=\"https:\/\/www.nhc.no\/content\/uploads\/2018\/10\/Azerbaijan_final_version.pdf\">Az\u0259rbaycan\u0131n Qara Adas\u0131<\/a>\u201d adland\u0131r\u0131r.<\/p>\n\n\n\n<p>AB\u015e diplomat\u0131 Nax\u00e7\u0131vana s\u0259f\u0259ri zaman\u0131 Va\u015finqtondak\u0131 r\u0259hb\u0259rliyin\u0259 yazark\u0259n regionu Tal\u0131bovun \u201cxanl\u0131\u011f\u0131\u201d adland\u0131r\u0131b: \u201cNax\u00e7\u0131van ba\u015f-ayaq bir d\u00fcnyad\u0131r\u201d, &#8211; diplomat qeyd edib.<\/p>\n\n\n\n<p>S\u0131zd\u0131r\u0131lan yeni s\u0259n\u0259dl\u0259r g\u00f6st\u0259rir ki, xarici banklarda m\u00fcxt\u0259lif hesablar a\u00e7araq, Rza v\u0259 Seymur Tal\u0131bov qarda\u015flar\u0131 atalar\u0131n\u0131n avtoritar hakimiyy\u0259ti alt\u0131nda Nax\u00e7\u0131van \u0259halisi \u0259ziyy\u0259t \u00e7\u0259kdiyi bir d\u00f6n\u0259md\u0259 \u015f\u00fcbh\u0259li pul k\u00f6\u00e7\u00fcrm\u0259l\u0259ri vasit\u0259sil\u0259 20 milyon dollardan \u00e7ox pul qazan\u0131blar.<\/p>\n\n\n\n<p>OCCRP-nin daha \u0259vv\u0259l \u00fcz\u0259 \u00e7\u0131xard\u0131\u011f\u0131 iki geni\u015fmiqyasl\u0131 \u201cAz\u0259rbaycan\u201d v\u0259 \u201cTroyka\u201d adland\u0131r\u0131lan \u00e7irkli pulyuma mexanizml\u0259rinin hiss\u0259si olan saxta of\u015for \u015firk\u0259tl\u0259r \u00fcz\u0259rind\u0259n Tal\u0131bov qarda\u015flar\u0131na m\u0259xsus bank hesablar\u0131na \u00e7oxsayl\u0131 pul k\u00f6\u00e7\u00fcrm\u0259l\u0259ri h\u0259yata ke\u00e7irilib. Pul k\u00f6\u00e7\u00fcrm\u0259l\u0259rini analiz ed\u0259n maliyy\u0259 cinay\u0259tl\u0259ri \u00fczr\u0259 ekspert deyir ki, bu tranzaksiyalar\u0131n \u015f\u00fcbh\u0259li olmas\u0131 \u00fc\u00e7\u00fcn \u0259saslar var v\u0259 bu banklar\u0131n diqq\u0259tind\u0259n k\u0259narda qalmamal\u0131 idi.<\/p>\n\n\n\n<p>N\u00f6vb\u0259ti ill\u0259r \u0259rzind\u0259 Tal\u0131bov qarda\u015flar\u0131 Dubay v\u0259 G\u00fcrc\u00fcstanda 63 milyon AB\u015e dollar\u0131 d\u0259y\u0259rind\u0259 \u0259mlaklar \u0259ld\u0259 edibl\u0259r.<\/p>\n\n\n\n<p>Bir d\u0259f\u0259y\u0259 500 min AB\u015e dollar\u0131 v\u0259 a\u011flas\u0131\u011fmaz yuvarlaq r\u0259q\u0259mli k\u00f6\u00e7\u00fcrm\u0259l\u0259r d\u0259 m\u00fct\u0259madi olaraq onlar\u0131n bank hesablar\u0131na k\u00f6\u00e7\u00fcr\u00fcl\u00fcb. Transferl\u0259rin izah\u0131 is\u0259 +\u201cmetal\u201d, \u201cmetal hiss\u0259l\u0259r\u201d v\u0259 \u201celektrik avadanl\u0131qlar\u201dna q\u0259d\u0259r geni\u015fl\u0259ndirilib. 2012-ci ilin sonuna qarda\u015flar \u00fcmumilikd\u0259 20 milyon dollara q\u0259d\u0259r pul al\u0131blar.<\/p>\n\n\n\n<p>&nbsp;Tal\u0131bovun o\u011fullar\u0131 t\u0259r\u0259find\u0259n \u0259ld\u0259 edil\u0259n milyonlar OCCRP-nin daha \u00f6nc\u0259 a\u015fkar etdiyi b\u00f6y\u00fck m\u0259bl\u0259\u011fl\u0259rd\u0259 \u00e7irkli pulyuma sxeml\u0259ri &#8211; <strong>\u201cAz\u0259rbaycan\u201d v\u0259 \u201cTroyka\u201d<\/strong> Landromat\u0131 vasit\u0259si h\u0259yata ke\u00e7irilib. \u018fvv\u0259lki ara\u015fd\u0131rmalar g\u00f6st\u0259rir ki, Az\u0259rbaycan elitas\u0131, o c\u00fcml\u0259d\u0259n prezident \u0130lham \u018fliyevin \u0259misi q\u0131z\u0131 da bu mexanizmd\u0259n yararlan\u0131b. \u0130ndi bu m\u0259\u015fhur siyah\u0131ya prezidentl\u0259 nikah qohumlu\u011fu olan n\u00fcfuzlu Tal\u0131bovlar ail\u0259sini d\u0259 \u0259lav\u0259 etm\u0259k olar.<\/p>\n\n\n\n<p>\u018fld\u0259 olunan m\u0259lumatlar Tal\u0131bovlar\u0131n bu pullar\u0131 n\u0259y\u0259 s\u0259rf etdikl\u0259ri il\u0259 ba\u011fl\u0131 m\u0259lumatlar\u0131 g\u00f6st\u0259rmir. Lakin tranzaksiyalar ba\u015flad\u0131qdan bir az sonra x\u0259rcl\u0259m\u0259l\u0259r\u0259 ba\u015flan\u0131l\u0131b.<\/p>\n\n\n\n<p>Ail\u0259nin ad\u0131na olan bank hesablar\u0131 k\u00f6\u00e7\u00fcr\u00fcl\u0259n milyonlar <strong>\u201cEmirates NBD\u201d, \u201cBarclays&#8221; v\u0259 \u201cCredit Suisse\u201d <\/strong>d\u0259 daxil olmaqla m\u00fcxt\u0259lif \u00f6lk\u0259l\u0259rin \u0259n b\u00f6y\u00fck maliyy\u0259 qurumlar\u0131nda a\u00e7\u0131l\u0131b. Ad\u0131 \u00e7\u0259kil\u0259n qurumlar ya iddialar\u0131 r\u0259dd edib, ya da f\u0259rdi m\u00fc\u015ft\u0259ril\u0259rl\u0259 ba\u011fl\u0131 m\u0259lumat ver\u0259 bilm\u0259dikl\u0259rini deyibl\u0259r.<\/p>\n\n\n\n<p>2008-ci ild\u0259 <strong>Rza Tal\u0131bov<\/strong>, anas\u0131, \u0259misi. o\u011flu v\u0259 bir ne\u00e7\u0259 i\u015f adam\u0131 il\u0259 birg\u0259 bank t\u0259sis edibl\u0259r. D\u00f6rd il sonra, Laundromat tranzaksiyalar\u0131 pik h\u0259dd\u0259 \u00e7atd\u0131\u011f\u0131nda Rza G\u00fcrc\u00fcstan\u0131n kurort m\u0259rk\u0259zi hesab edil\u0259n Batumid\u0259n iki qon\u015fu bina al\u0131b. Daha sonra is\u0259 o, bu binalar\u0131 be\u015f ulduzlu otel\u0259 \u00e7evirib.<strong> Rza, Seymur Tal\u0131bovla<\/strong> birlikd\u0259 onlar\u0131n <strong>bac\u0131lar\u0131 Baharxan\u0131m Tal\u0131bova<\/strong> da Laundromat \u015firk\u0259tl\u0259rind\u0259n bir milyon AB\u015e dollara yax\u0131n pul \u0259ld\u0259 edib. Bundan sonra ail\u0259 Dubayda \u00e7oxlu sayda \u0259mlaklarla yana\u015f\u0131 l\u00fcks villa, 12 m\u0259rt\u0259b\u0259li otel v\u0259 f\u0259rdi m\u0259nzill\u0259r d\u0259 sat\u0131n al\u0131blar. \u00dcmumilikd\u0259 onlar\u0131n sahib olduqlar\u0131 \u0259mlaklar\u0131n d\u0259y\u0259ri <strong>63 milyon AB\u015e<\/strong> dollar\u0131 m\u0259bl\u0259\u011find\u0259 d\u0259y\u0259rl\u0259ndirilir.<\/p>\n\n\n\n<p>Tal\u0131bovlar\u0131n Nax\u00e7\u0131van\u0131 bu q\u0259d\u0259r bo\u011fmas\u0131 yaln\u0131z siyasi m\u0259s\u0259l\u0259 deyil. Nax\u00e7\u0131vanda ail\u0259nin yerli iqtisadiyyatda \u00fcst\u00fcnl\u00fck t\u0259\u015fkil etdiyin\u0259 inan\u0131l\u0131r v\u0259<a href=\"https:\/\/www.nhc.no\/content\/uploads\/2018\/10\/Azerbaijan_final_version.pdf\"> ekspertl\u0259r<\/a> onlar\u0131n idxal\u0131 m\u0259hdudla\u015fd\u0131rd\u0131\u011f\u0131n\u0131, r\u0259qibl\u0259ri biznesd\u0259n qovdu\u011funu v\u0259 h\u0259tta sakinl\u0259ri m\u0259hsul y\u0131\u011f\u0131m\u0131nda i\u015fl\u0259m\u0259y\u0259 m\u0259cbur etdikl\u0259rini d\u0259 qeyd edirl\u0259r.<\/p>\n\n\n\n<p>M\u00fchacir\u0259td\u0259 olan nax\u00e7\u0131vanl\u0131n\u0131n dediyin\u0259 g\u00f6r\u0259, regionda bir \u00e7ox m\u0259hsul ail\u0259y\u0259 m\u0259xsus olan m\u0259\u015fhur \u201cG\u0259miqaya Holdinq\u201d brendi ad\u0131 alt\u0131nda sat\u0131l\u0131r. \u201cG\u0259miqaya Holdinq\u201d h\u0259m\u00e7inin<a href=\"https:\/\/www.gemiqaya.com\/en\/areas-of-activity\/construction\/superstructure\"> Nax\u00e7\u0131vanda onlarla ictimai obyekt<\/a>, o c\u00fcml\u0259d\u0259n nazirlik binalar\u0131, x\u0259st\u0259xanalar, universitetl\u0259r v\u0259 m\u0259scidin in\u015fas\u0131nda v\u0259 ya t\u0259mirind\u0259 i\u015ftirak edib.<\/p>\n\n\n\n<p>Bu ekstravaqant m\u00fclkl\u0259rin he\u00e7 biri qarda\u015flar\u0131n sosial media hesablar\u0131nda yer alm\u0131r. B\u0259zi avtoritar rejim r\u0259hb\u0259rl\u0259rinin \u00f6vladlar\u0131ndan f\u0259rqli olaraq, Seymur v\u0259 Rza sosial \u015f\u0259b\u0259k\u0259l\u0259rd\u0259ki s\u0259hif\u0259l\u0259rind\u0259 diqq\u0259t c\u0259lb ed\u0259n s\u0259rv\u0259tl\u0259ri payla\u015fmaqdan \u00e7\u0259kinirl\u0259r, \u0259v\u0259zind\u0259 v\u0259t\u0259n\u0259 m\u0259h\u0259bb\u0259tl\u0259ri, atalar\u0131n\u0131n u\u011furlar\u0131 v\u0259 Prezident \u018fliyev\u0259 s\u0259daq\u0259tl\u0259ri haqq\u0131nda yaz\u0131lar yaz\u0131rlar.<\/p>\n\n\n\n<p>\u00d6t\u0259n il Rza Tal\u0131bov \u00f6z \u201cTwitter\u201d s\u0259hif\u0259sind\u0259 \u018fliyevd\u0259n bir sitat payla\u015faraq, g\u00f6r\u00fcn\u00fcr ki, rejimin sad\u0259 v\u0259 t\u0259vaz\u00f6kar oldu\u011funu vur\u011fulamaq ist\u0259yib.<\/p>\n\n\n\n<p>&#8220;\u018fn\u0259n\u0259l\u0259rimiz, d\u0259y\u0259rl\u0259rimiz v\u0259 ya\u015fay\u0131\u015f t\u0259rzimiz &#8211; bizim s\u0259rv\u0259timizdir\u201d, &#8211; Rza Tal\u0131bov iri h\u0259rfl\u0259rl\u0259 sitat\u0131 payla\u015f\u0131b.<\/p>\n\n\n\n<p>O, dig\u0259r s\u0259rv\u0259tl\u0259ri is\u0259 sadalamay\u0131b.<\/p>\n","protected":false},"excerpt":{"rendered":"","protected":false},"author":12,"featured_media":239325,"comment_status":"closed","ping_status":"closed","sticky":false,"template":"","format":"standard","meta":{"_acf_changed":false,"_sitemap_exclude":false,"_sitemap_priority":"","_sitemap_frequency":"","footnotes":""},"categories":[55,88,59,79,63],"tags":[],"class_list":["post-239324","post","type-post","status-publish","format-standard","has-post-thumbnail","hentry","category-arasdirma","category-redaktor-secimi","category-siyaset","category-featured","category-video-2","infinite-scroll-item","generate-columns","tablet-grid-50","mobile-grid-100","grid-parent","grid-33","no-featured-image-padding"],"acf":[],"yoast_head":"<!-- This site is optimized with the Yoast SEO plugin v27.4 - https:\/\/yoast.com\/product\/yoast-seo-wordpress\/ -->\n<title>Nax\u00e7\u0131van xan\u0131 Vasif Tal\u0131bov kimdir? - [B\u0130OQRAF\u0130YA] - MEYDAN.TV<\/title>\n<meta name=\"robots\" content=\"index, follow, max-snippet:-1, max-image-preview:large, max-video-preview:-1\" \/>\n<link rel=\"canonical\" href=\"https:\/\/www.meydan.tv\/az\/article\/naxcivan-xani-vasif-talibov-kimdir-bioqrafiya\/\" \/>\n<meta property=\"og:locale\" content=\"az_AZ\" \/>\n<meta property=\"og:type\" content=\"article\" \/>\n<meta property=\"og:title\" content=\"Nax\u00e7\u0131van xan\u0131 Vasif Tal\u0131bov kimdir? - [B\u0130OQRAF\u0130YA] - MEYDAN.TV\" \/>\n<meta property=\"og:url\" content=\"https:\/\/www.meydan.tv\/az\/article\/naxcivan-xani-vasif-talibov-kimdir-bioqrafiya\/\" \/>\n<meta property=\"og:site_name\" content=\"MEYDAN.TV\" \/>\n<meta property=\"article:published_time\" content=\"2022-03-25T15:39:32+00:00\" \/>\n<meta property=\"article:modified_time\" content=\"2022-03-25T15:40:34+00:00\" \/>\n<meta property=\"og:image\" content=\"https:\/\/www.meydan.tv\/wp-content\/uploads\/photo_2022-03-25_15-39-07.jpg\" \/>\n\t<meta property=\"og:image:width\" content=\"1280\" \/>\n\t<meta property=\"og:image:height\" content=\"720\" \/>\n\t<meta property=\"og:image:type\" content=\"image\/jpeg\" \/>\n<meta name=\"author\" content=\"aleks\" \/>\n<meta name=\"twitter:card\" content=\"summary_large_image\" \/>\n<script type=\"application\/ld+json\" class=\"yoast-schema-graph\">{\"@context\":\"https:\\\/\\\/schema.org\",\"@graph\":[{\"@type\":\"Article\",\"@id\":\"https:\\\/\\\/www.meydan.tv\\\/az\\\/article\\\/naxcivan-xani-vasif-talibov-kimdir-bioqrafiya\\\/#article\",\"isPartOf\":{\"@id\":\"https:\\\/\\\/www.meydan.tv\\\/az\\\/article\\\/naxcivan-xani-vasif-talibov-kimdir-bioqrafiya\\\/\"},\"author\":{\"name\":\"aleks\",\"@id\":\"https:\\\/\\\/www.meydan.tv\\\/az\\\/#\\\/schema\\\/person\\\/476e9360e593fa131d5d71d51866f8da\"},\"headline\":\"Nax\u00e7\u0131van xan\u0131 Vasif Tal\u0131bov kimdir? &#8211; [B\u0130OQRAF\u0130YA]\",\"datePublished\":\"2022-03-25T15:39:32+00:00\",\"dateModified\":\"2022-03-25T15:40:34+00:00\",\"mainEntityOfPage\":{\"@id\":\"https:\\\/\\\/www.meydan.tv\\\/az\\\/article\\\/naxcivan-xani-vasif-talibov-kimdir-bioqrafiya\\\/\"},\"wordCount\":1445,\"publisher\":{\"@id\":\"https:\\\/\\\/www.meydan.tv\\\/az\\\/#organization\"},\"image\":{\"@id\":\"https:\\\/\\\/www.meydan.tv\\\/az\\\/article\\\/naxcivan-xani-vasif-talibov-kimdir-bioqrafiya\\\/#primaryimage\"},\"thumbnailUrl\":\"https:\\\/\\\/www.meydan.tv\\\/wp-content\\\/uploads\\\/photo_2022-03-25_15-39-07.jpg\",\"articleSection\":[\"Ara\u015fd\u0131rma\",\"Redaktor se\u00e7imi\",\"Siyas\u0259t\",\"T\u00f6vsiy\u0259\",\"Video\"],\"inLanguage\":\"az\"},{\"@type\":\"WebPage\",\"@id\":\"https:\\\/\\\/www.meydan.tv\\\/az\\\/article\\\/naxcivan-xani-vasif-talibov-kimdir-bioqrafiya\\\/\",\"url\":\"https:\\\/\\\/www.meydan.tv\\\/az\\\/article\\\/naxcivan-xani-vasif-talibov-kimdir-bioqrafiya\\\/\",\"name\":\"Nax\u00e7\u0131van xan\u0131 Vasif Tal\u0131bov kimdir? - [B\u0130OQRAF\u0130YA] - MEYDAN.TV\",\"isPartOf\":{\"@id\":\"https:\\\/\\\/www.meydan.tv\\\/az\\\/#website\"},\"primaryImageOfPage\":{\"@id\":\"https:\\\/\\\/www.meydan.tv\\\/az\\\/article\\\/naxcivan-xani-vasif-talibov-kimdir-bioqrafiya\\\/#primaryimage\"},\"image\":{\"@id\":\"https:\\\/\\\/www.meydan.tv\\\/az\\\/article\\\/naxcivan-xani-vasif-talibov-kimdir-bioqrafiya\\\/#primaryimage\"},\"thumbnailUrl\":\"https:\\\/\\\/www.meydan.tv\\\/wp-content\\\/uploads\\\/photo_2022-03-25_15-39-07.jpg\",\"datePublished\":\"2022-03-25T15:39:32+00:00\",\"dateModified\":\"2022-03-25T15:40:34+00:00\",\"breadcrumb\":{\"@id\":\"https:\\\/\\\/www.meydan.tv\\\/az\\\/article\\\/naxcivan-xani-vasif-talibov-kimdir-bioqrafiya\\\/#breadcrumb\"},\"inLanguage\":\"az\",\"potentialAction\":[{\"@type\":\"ReadAction\",\"target\":[\"https:\\\/\\\/www.meydan.tv\\\/az\\\/article\\\/naxcivan-xani-vasif-talibov-kimdir-bioqrafiya\\\/\"]}]},{\"@type\":\"ImageObject\",\"inLanguage\":\"az\",\"@id\":\"https:\\\/\\\/www.meydan.tv\\\/az\\\/article\\\/naxcivan-xani-vasif-talibov-kimdir-bioqrafiya\\\/#primaryimage\",\"url\":\"https:\\\/\\\/www.meydan.tv\\\/wp-content\\\/uploads\\\/photo_2022-03-25_15-39-07.jpg\",\"contentUrl\":\"https:\\\/\\\/www.meydan.tv\\\/wp-content\\\/uploads\\\/photo_2022-03-25_15-39-07.jpg\",\"width\":1280,\"height\":720},{\"@type\":\"BreadcrumbList\",\"@id\":\"https:\\\/\\\/www.meydan.tv\\\/az\\\/article\\\/naxcivan-xani-vasif-talibov-kimdir-bioqrafiya\\\/#breadcrumb\",\"itemListElement\":[{\"@type\":\"ListItem\",\"position\":1,\"name\":\"Ana s\u0259hif\u0259\",\"item\":\"https:\\\/\\\/www.meydan.tv\\\/az\\\/\"},{\"@type\":\"ListItem\",\"position\":2,\"name\":\"Ara\u015fd\u0131rma\",\"item\":\"https:\\\/\\\/www.meydan.tv\\\/az\\\/section\\\/arasdirma\\\/\"},{\"@type\":\"ListItem\",\"position\":3,\"name\":\"Nax\u00e7\u0131van xan\u0131 Vasif Tal\u0131bov kimdir? &#8211; [B\u0130OQRAF\u0130YA]\"}]},{\"@type\":\"WebSite\",\"@id\":\"https:\\\/\\\/www.meydan.tv\\\/az\\\/#website\",\"url\":\"https:\\\/\\\/www.meydan.tv\\\/az\\\/\",\"name\":\"MEYDAN.TV\",\"description\":\"Meydan TV Az\u0259rbaycan\u0131n media m\u0259kan\u0131ndak\u0131 alternativ s\u0259sidir\",\"publisher\":{\"@id\":\"https:\\\/\\\/www.meydan.tv\\\/az\\\/#organization\"},\"potentialAction\":[{\"@type\":\"SearchAction\",\"target\":{\"@type\":\"EntryPoint\",\"urlTemplate\":\"https:\\\/\\\/www.meydan.tv\\\/az\\\/?s={search_term_string}\"},\"query-input\":{\"@type\":\"PropertyValueSpecification\",\"valueRequired\":true,\"valueName\":\"search_term_string\"}}],\"inLanguage\":\"az\"},{\"@type\":\"Organization\",\"@id\":\"https:\\\/\\\/www.meydan.tv\\\/az\\\/#organization\",\"name\":\"Meydan TV\",\"url\":\"https:\\\/\\\/www.meydan.tv\\\/az\\\/\",\"logo\":{\"@type\":\"ImageObject\",\"inLanguage\":\"az\",\"@id\":\"https:\\\/\\\/www.meydan.tv\\\/az\\\/#\\\/schema\\\/logo\\\/image\\\/\",\"url\":\"https:\\\/\\\/www.meydan.tv\\\/wp-content\\\/uploads\\\/2021\\\/07\\\/meydan-logo.svg\",\"contentUrl\":\"https:\\\/\\\/www.meydan.tv\\\/wp-content\\\/uploads\\\/2021\\\/07\\\/meydan-logo.svg\",\"width\":195,\"height\":46,\"caption\":\"Meydan TV\"},\"image\":{\"@id\":\"https:\\\/\\\/www.meydan.tv\\\/az\\\/#\\\/schema\\\/logo\\\/image\\\/\"}},{\"@type\":\"Person\",\"@id\":\"https:\\\/\\\/www.meydan.tv\\\/az\\\/#\\\/schema\\\/person\\\/476e9360e593fa131d5d71d51866f8da\",\"name\":\"aleks\"}]}<\/script>\n<!-- \/ Yoast SEO plugin. -->","yoast_head_json":{"title":"Nax\u00e7\u0131van xan\u0131 Vasif Tal\u0131bov kimdir? - [B\u0130OQRAF\u0130YA] - MEYDAN.TV","robots":{"index":"index","follow":"follow","max-snippet":"max-snippet:-1","max-image-preview":"max-image-preview:large","max-video-preview":"max-video-preview:-1"},"canonical":"https:\/\/www.meydan.tv\/az\/article\/naxcivan-xani-vasif-talibov-kimdir-bioqrafiya\/","og_locale":"az_AZ","og_type":"article","og_title":"Nax\u00e7\u0131van xan\u0131 Vasif Tal\u0131bov kimdir? - [B\u0130OQRAF\u0130YA] - MEYDAN.TV","og_url":"https:\/\/www.meydan.tv\/az\/article\/naxcivan-xani-vasif-talibov-kimdir-bioqrafiya\/","og_site_name":"MEYDAN.TV","article_published_time":"2022-03-25T15:39:32+00:00","article_modified_time":"2022-03-25T15:40:34+00:00","og_image":[{"width":1280,"height":720,"url":"https:\/\/www.meydan.tv\/wp-content\/uploads\/photo_2022-03-25_15-39-07.jpg","type":"image\/jpeg"}],"author":"aleks","twitter_card":"summary_large_image","schema":{"@context":"https:\/\/schema.org","@graph":[{"@type":"Article","@id":"https:\/\/www.meydan.tv\/az\/article\/naxcivan-xani-vasif-talibov-kimdir-bioqrafiya\/#article","isPartOf":{"@id":"https:\/\/www.meydan.tv\/az\/article\/naxcivan-xani-vasif-talibov-kimdir-bioqrafiya\/"},"author":{"name":"aleks","@id":"https:\/\/www.meydan.tv\/az\/#\/schema\/person\/476e9360e593fa131d5d71d51866f8da"},"headline":"Nax\u00e7\u0131van xan\u0131 Vasif Tal\u0131bov kimdir? &#8211; [B\u0130OQRAF\u0130YA]","datePublished":"2022-03-25T15:39:32+00:00","dateModified":"2022-03-25T15:40:34+00:00","mainEntityOfPage":{"@id":"https:\/\/www.meydan.tv\/az\/article\/naxcivan-xani-vasif-talibov-kimdir-bioqrafiya\/"},"wordCount":1445,"publisher":{"@id":"https:\/\/www.meydan.tv\/az\/#organization"},"image":{"@id":"https:\/\/www.meydan.tv\/az\/article\/naxcivan-xani-vasif-talibov-kimdir-bioqrafiya\/#primaryimage"},"thumbnailUrl":"https:\/\/www.meydan.tv\/wp-content\/uploads\/photo_2022-03-25_15-39-07.jpg","articleSection":["Ara\u015fd\u0131rma","Redaktor se\u00e7imi","Siyas\u0259t","T\u00f6vsiy\u0259","Video"],"inLanguage":"az"},{"@type":"WebPage","@id":"https:\/\/www.meydan.tv\/az\/article\/naxcivan-xani-vasif-talibov-kimdir-bioqrafiya\/","url":"https:\/\/www.meydan.tv\/az\/article\/naxcivan-xani-vasif-talibov-kimdir-bioqrafiya\/","name":"Nax\u00e7\u0131van xan\u0131 Vasif Tal\u0131bov kimdir? - [B\u0130OQRAF\u0130YA] - MEYDAN.TV","isPartOf":{"@id":"https:\/\/www.meydan.tv\/az\/#website"},"primaryImageOfPage":{"@id":"https:\/\/www.meydan.tv\/az\/article\/naxcivan-xani-vasif-talibov-kimdir-bioqrafiya\/#primaryimage"},"image":{"@id":"https:\/\/www.meydan.tv\/az\/article\/naxcivan-xani-vasif-talibov-kimdir-bioqrafiya\/#primaryimage"},"thumbnailUrl":"https:\/\/www.meydan.tv\/wp-content\/uploads\/photo_2022-03-25_15-39-07.jpg","datePublished":"2022-03-25T15:39:32+00:00","dateModified":"2022-03-25T15:40:34+00:00","breadcrumb":{"@id":"https:\/\/www.meydan.tv\/az\/article\/naxcivan-xani-vasif-talibov-kimdir-bioqrafiya\/#breadcrumb"},"inLanguage":"az","potentialAction":[{"@type":"ReadAction","target":["https:\/\/www.meydan.tv\/az\/article\/naxcivan-xani-vasif-talibov-kimdir-bioqrafiya\/"]}]},{"@type":"ImageObject","inLanguage":"az","@id":"https:\/\/www.meydan.tv\/az\/article\/naxcivan-xani-vasif-talibov-kimdir-bioqrafiya\/#primaryimage","url":"https:\/\/www.meydan.tv\/wp-content\/uploads\/photo_2022-03-25_15-39-07.jpg","contentUrl":"https:\/\/www.meydan.tv\/wp-content\/uploads\/photo_2022-03-25_15-39-07.jpg","width":1280,"height":720},{"@type":"BreadcrumbList","@id":"https:\/\/www.meydan.tv\/az\/article\/naxcivan-xani-vasif-talibov-kimdir-bioqrafiya\/#breadcrumb","itemListElement":[{"@type":"ListItem","position":1,"name":"Ana s\u0259hif\u0259","item":"https:\/\/www.meydan.tv\/az\/"},{"@type":"ListItem","position":2,"name":"Ara\u015fd\u0131rma","item":"https:\/\/www.meydan.tv\/az\/section\/arasdirma\/"},{"@type":"ListItem","position":3,"name":"Nax\u00e7\u0131van xan\u0131 Vasif Tal\u0131bov kimdir? &#8211; [B\u0130OQRAF\u0130YA]"}]},{"@type":"WebSite","@id":"https:\/\/www.meydan.tv\/az\/#website","url":"https:\/\/www.meydan.tv\/az\/","name":"MEYDAN.TV","description":"Meydan TV Az\u0259rbaycan\u0131n media m\u0259kan\u0131ndak\u0131 alternativ s\u0259sidir","publisher":{"@id":"https:\/\/www.meydan.tv\/az\/#organization"},"potentialAction":[{"@type":"SearchAction","target":{"@type":"EntryPoint","urlTemplate":"https:\/\/www.meydan.tv\/az\/?s={search_term_string}"},"query-input":{"@type":"PropertyValueSpecification","valueRequired":true,"valueName":"search_term_string"}}],"inLanguage":"az"},{"@type":"Organization","@id":"https:\/\/www.meydan.tv\/az\/#organization","name":"Meydan TV","url":"https:\/\/www.meydan.tv\/az\/","logo":{"@type":"ImageObject","inLanguage":"az","@id":"https:\/\/www.meydan.tv\/az\/#\/schema\/logo\/image\/","url":"https:\/\/www.meydan.tv\/wp-content\/uploads\/2021\/07\/meydan-logo.svg","contentUrl":"https:\/\/www.meydan.tv\/wp-content\/uploads\/2021\/07\/meydan-logo.svg","width":195,"height":46,"caption":"Meydan TV"},"image":{"@id":"https:\/\/www.meydan.tv\/az\/#\/schema\/logo\/image\/"}},{"@type":"Person","@id":"https:\/\/www.meydan.tv\/az\/#\/schema\/person\/476e9360e593fa131d5d71d51866f8da","name":"aleks"}]}},"_links":{"self":[{"href":"https:\/\/www.meydan.tv\/az\/wp-json\/wp\/v2\/posts\/239324","targetHints":{"allow":["GET"]}}],"collection":[{"href":"https:\/\/www.meydan.tv\/az\/wp-json\/wp\/v2\/posts"}],"about":[{"href":"https:\/\/www.meydan.tv\/az\/wp-json\/wp\/v2\/types\/post"}],"author":[{"embeddable":true,"href":"https:\/\/www.meydan.tv\/az\/wp-json\/wp\/v2\/users\/12"}],"replies":[{"embeddable":true,"href":"https:\/\/www.meydan.tv\/az\/wp-json\/wp\/v2\/comments?post=239324"}],"version-history":[{"count":1,"href":"https:\/\/www.meydan.tv\/az\/wp-json\/wp\/v2\/posts\/239324\/revisions"}],"predecessor-version":[{"id":239328,"href":"https:\/\/www.meydan.tv\/az\/wp-json\/wp\/v2\/posts\/239324\/revisions\/239328"}],"wp:featuredmedia":[{"embeddable":true,"href":"https:\/\/www.meydan.tv\/az\/wp-json\/wp\/v2\/media\/239325"}],"wp:attachment":[{"href":"https:\/\/www.meydan.tv\/az\/wp-json\/wp\/v2\/media?parent=239324"}],"wp:term":[{"taxonomy":"category","embeddable":true,"href":"https:\/\/www.meydan.tv\/az\/wp-json\/wp\/v2\/categories?post=239324"},{"taxonomy":"post_tag","embeddable":true,"href":"https:\/\/www.meydan.tv\/az\/wp-json\/wp\/v2\/tags?post=239324"}],"curies":[{"name":"wp","href":"https:\/\/api.w.org\/{rel}","templated":true}]}}