{"id":239306,"date":"2022-03-25T14:30:27","date_gmt":"2022-03-25T10:30:27","guid":{"rendered":"https:\/\/www.meydan.tv\/?p=239306"},"modified":"2022-03-25T22:15:41","modified_gmt":"2022-03-25T18:15:41","slug":"simali-makedoniyalilar-ve-kor-azerbaycanlilar","status":"publish","type":"post","link":"https:\/\/www.meydan.tv\/az\/article\/simali-makedoniyalilar-ve-kor-azerbaycanlilar\/","title":{"rendered":"\u015eimali makedoniyal\u0131lar v\u0259 \u201ckor\u201d az\u0259rbaycanl\u0131lar"},"content":{"rendered":"\n<p>Elxan M\u0259mm\u0259dovun o bir c\u00fcml\u0259si\u2026<br><br>Futbol sensasiyalar oyunudur. Amma bu\u2026 H\u0259, bu, sensasiyadan da \u00f6t\u0259si bir \u015feydir. \u0130ki milyon \u0259halisi olan, futbolda \u201custad\u201d, \u201cm\u00fc\u0259llim\u201d s\u0259viyy\u0259sin\u0259 \u00e7atmaq bir yana, he\u00e7 \u201ct\u0259l\u0259b\u0259\u201d m\u0259rt\u0259b\u0259sin\u0259 d\u0259 y\u00fcks\u0259lm\u0259y\u0259n \u015eimali Makedoniyan\u0131n milli komandas\u0131 \u0130taliya y\u0131\u011fmas\u0131n\u0131 m\u0259\u011flub etdi. D\u00c7-2022-nin pley-offunda. \u00d6z\u00fc d\u0259 \u0130taliyada. <\/p>\n\n\n\n<p>H\u0259min \u0130taliya milli komandas\u0131n\u0131 ki, d\u00f6rdqat d\u00fcnya \u00e7empionudur, sonuncu Avropa \u00e7empionat\u0131n\u0131n qalibidir.<br>\u015eimali Makedoniya millisinin 1:0 hesabl\u0131 q\u0259l\u0259b\u0259si onlar\u0131 D\u00c7-2022-nin pley-offunun final m\u0259rh\u0259l\u0259sin\u0259 apard\u0131, \u0130taliya is\u0259\u2026 B\u00fct\u00fcn \u0130taliya yasdad\u0131r, heyr\u0259t i\u00e7ind\u0259dir. Ax\u0131 nec\u0259 ola bil\u0259r ki, Avropan\u0131n b\u00f6y\u00fck v\u0259 h\u0259tta ortabab komandalar\u0131n\u0131n ciddiy\u0259 almad\u0131\u011f\u0131, \u201chans\u0131sa\u201d \u015eimali Makedoniya millisi onlar\u0131 d\u00fcnya \u00e7empionat\u0131ndan k\u0259narda qoysun? \u015eimali makedoniyal\u0131lar sevinm\u0259kl\u0259rind\u0259, italiyal\u0131lar g\u00f6z ya\u015f\u0131 ax\u0131tmaqda olsun, m\u0259n siz\u0259 \u00f6z\u00fcm\u00fczd\u0259n dan\u0131\u015f\u0131m.<br><\/p>\n\n\n\n<p>Mart\u0131n 17-d\u0259 AFFA-n\u0131n \u0130craiyy\u0259 Komit\u0259sinin iclas\u0131 ke\u00e7irildi. \u0130clasda i\u015ftirak ed\u0259nl\u0259r yekdillikl\u0259 q\u0259rara ald\u0131lar ki, bundan sonra federasiyan\u0131n ba\u015f katibi postunu S\u0259rxan Hac\u0131yev tutsun. Hac\u0131yev\u0259 q\u0259d\u0259r AFFA-n\u0131n h\u0259m ba\u015f katibi, h\u0259m d\u0259 icra\u00e7\u0131 vitse-prezidenti olan Elxan M\u0259mm\u0259dov iclasdan sonra jurnalistl\u0259r\u0259 a\u00e7\u0131qlama verib v\u0259 m\u0259s\u0259l\u0259 il\u0259 ba\u011fl\u0131 fikirl\u0259rini bildirib:<br><\/p>\n\n\n\n<p>\u201cBug\u00fcnk\u00fc iclasda s\u0259m\u0259r\u0259li m\u00fczakir\u0259l\u0259r v\u0259 fikir m\u00fcbadil\u0259si apar\u0131ld\u0131, bir ne\u00e7\u0259 vacib q\u0259rar q\u0259bul olundu. Art\u0131q ictimaiyy\u0259t\u0259 d\u0259 b\u0259lli oldu\u011fu kimi, bu g\u00fcnd\u0259n etibar\u0259n m\u0259nim AFFA-n\u0131n ba\u015f katibi kimi f\u0259aliyy\u0259tim ba\u015fa \u00e7atd\u0131. Bundan sonra assosiasiyada f\u0259aliyy\u0259timi 2020-ci il yanvar\u0131n 28-d\u0259 AFFA-n\u0131n Hesabat-Se\u00e7ki Konfrans\u0131nda ke\u00e7irilmi\u015f se\u00e7kinin n\u0259tic\u0259sin\u0259 uy\u011fun olaraq \u0130craiyy\u0259 Komit\u0259sinin \u00fczv\u00fc v\u0259 qeyd olunan tarixd\u0259 \u0130craiyy\u0259 Komit\u0259sinin iclas\u0131nda q\u0259bul olunmu\u015f q\u0259rara uy\u011fun olaraq, icra\u00e7\u0131 vitse-prezident olaraq davam etdir\u0259c\u0259y\u0259m. 2007-ci ild\u0259n ba\u015flayaraq 14 ild\u0259n art\u0131q m\u00fcdd\u0259td\u0259 AFFA-n\u0131n ba\u015f katibi v\u0259zif\u0259sind\u0259 \u00e7al\u0131\u015fm\u0131\u015fam v\u0259 g\u00f6r\u00fcn\u00fcr, f\u0259aliyy\u0259timd\u0259 m\u00fc\u0259yy\u0259n m\u00fcsb\u0259t m\u0259qamlar oldu\u011fu \u00fc\u00e7\u00fcn bu q\u0259d\u0259r uzun m\u00fcdd\u0259t \u0259rzind\u0259 m\u0259n\u0259 etimad g\u00f6st\u0259rilib. F\u00fcrs\u0259td\u0259n istifad\u0259 edib bu y\u00fcks\u0259k etimada g\u00f6r\u0259 AFFA r\u0259hb\u0259rliyin\u0259, \u0130craiyy\u0259 Komit\u0259sin\u0259 t\u0259\u015f\u0259kk\u00fcr\u00fcm\u00fc bildirir\u0259m\u201d.<br><\/p>\n\n\n\n<p>Az\u0259rbaycan futbolunun ba\u015f\u0131, icra\u00e7\u0131s\u0131, h\u00f6km ver\u0259ni, h\u00f6km\u00fc icra ed\u0259ni, x\u00fclas\u0259, h\u0259r \u015feyi olan Elxan M\u0259mm\u0259dovun a\u00e7\u0131qlamas\u0131nda bir c\u00fcml\u0259 var ki, o c\u00fcml\u0259 h\u0259r \u015fey\u0259 ayd\u0131nl\u0131q g\u0259tirir. Bax, bu: \u201c2007-ci ild\u0259n ba\u015flayaraq 14 ild\u0259n art\u0131q m\u00fcdd\u0259td\u0259 AFFA-n\u0131n ba\u015f katibi v\u0259zif\u0259sind\u0259 \u00e7al\u0131\u015fm\u0131\u015fam v\u0259 g\u00f6r\u00fcn\u00fcr, f\u0259aliyy\u0259timd\u0259 m\u00fc\u0259yy\u0259n m\u00fcsb\u0259t m\u0259qamlar oldu\u011fu \u00fc\u00e7\u00fcn bu q\u0259d\u0259r uzun m\u00fcdd\u0259t \u0259rzind\u0259 m\u0259n\u0259 etimad g\u00f6st\u0259rilib\u201d.<br><\/p>\n\n\n\n<p>M\u0259d\u0259ni insanlar s\u00f6y\u00fc\u015f s\u00f6ym\u0259z, t\u0259hqir etm\u0259z, etik \u00e7\u0259r\u00e7iv\u0259l\u0259ri a\u015fmaz. Amma Elxan M\u0259mm\u0259dov h\u0259min o c\u00fcml\u0259si il\u0259 Az\u0259rbaycan\u0131n c\u00fcml\u0259 futbol ictimaiyy\u0259tini s\u00f6y\u00fcb, \u0259l\u0259 sal\u0131b, a\u015fa\u011f\u0131lay\u0131b, t\u0259hqir edib. \u0130cra\u00e7\u0131 vitse-prezidentin 14 illik f\u0259aliyy\u0259ti d\u00f6vr\u00fcnd\u0259 Az\u0259rbaycan futbolu, x\u00fcsus\u0259n d\u0259, AFFA-n\u0131n birba\u015fa cavabdeh oldu\u011fu, m\u0259suliyy\u0259t da\u015f\u0131d\u0131\u011f\u0131 milli komandalar hans\u0131 u\u011furlara imza at\u0131b ki, M\u0259mm\u0259dov onlar\u0131n aras\u0131ndan \u201cm\u00fcsb\u0259t m\u0259qamlar\u201d tap\u0131b \u00e7\u0131xar\u0131r? B\u0259lk\u0259, \u015eimali Makedoniya millisi kimi bizim y\u0131\u011fma komanda da d\u00fcnya \u00e7empionat\u0131n\u0131n, Avropa \u00e7empionat\u0131n\u0131n pley-off m\u0259rh\u0259l\u0259sin\u0259 v\u0259siq\u0259 qazan\u0131b? Biz ki h\u0259r d\u00fcnya, Avropa \u00e7empionat\u0131n\u0131n qrup m\u0259rh\u0259l\u0259sini sonuncu, \u0259ks\u0259r hallarda da, vur-tut 1 xalla ba\u015fa vururuq. Az\u0259rbaycan\u0131n a\u015fa\u011f\u0131 ya\u015f qruplar\u0131 \u00fczr\u0259 milli komandalar\u0131 i\u015ftirak etdikl\u0259ri b\u00fct\u00fcn turnirl\u0259rd\u0259 h\u0259r oyunda \u00f6z qap\u0131s\u0131nda 4-5 top g\u00f6rm\u0259s\u0259, biz bunu sensasiya say\u0131r\u0131q. Az\u0259rbaycanda \u00fcr\u0259k x\u0259st\u0259l\u0259ri il\u0259 ba\u011fl\u0131 ara\u015fd\u0131r\u0131lma apar\u0131lsa, \u00e7ox g\u00fcman, \u0259n \u00e7ox x\u0259st\u0259 Elxan M\u0259mm\u0259dovun idar\u0259\u00e7iliyi d\u00f6vr\u00fcnd\u0259 \u00f6lk\u0259nin milli komandalar\u0131na azarke\u015flik ed\u0259nl\u0259r aras\u0131nda tap\u0131lar.<br><\/p>\n\n\n\n<p>Elxan M\u0259mm\u0259dov niy\u0259 d\u00fc\u015f\u00fcn\u00fcr ki, o, do\u011frudan da yax\u015f\u0131 idar\u0259\u00e7idir, \u00f6z\u00fc demi\u015fk\u0259n, f\u0259aliyy\u0259tind\u0259 m\u00fcsb\u0259t m\u0259qamlar \u00e7oxdur?<br><\/p>\n\n\n\n<p>AFFA-n\u0131n vitse-prezidentini bel\u0259 d\u00fc\u015f\u00fcnm\u0259y\u0259 vadar ed\u0259n onun d\u00f6vl\u0259t s\u0259viyy\u0259sind\u0259, \u201cyuxar\u0131\u201ddan e\u015fitdiyi \u201cmolodes\u201d s\u00f6z\u00fcd\u00fcr. UEFA Avropa Liqas\u0131n\u0131n final mat\u00e7\u0131n\u0131n Bak\u0131da ke\u00e7irilm\u0259si, Avropa \u00e7empionat\u0131n\u0131n final m\u0259rh\u0259l\u0259sinin bir ne\u00e7\u0259 oyununun Az\u0259rbaycan\u0131n paytaxt\u0131nda t\u0259\u015fkilin\u0259 nail olmaq v\u0259 sair v\u0259 ilax\u0131r. B\u00fct\u00fcn bunlar Elxan M\u0259mm\u0259dova siyasi elitada \u201cmolodes\u201d s\u00f6z\u00fcn\u00fc g\u0259tir\u0259n amill\u0259rdir. Az\u0259rbaycan\u0131n futbol \u00fczr\u0259 milli komandalar\u0131 b\u00fct\u00fcn turnirl\u0259rd\u0259n boynub\u00fck\u00fck, ba\u015f\u0131a\u015fa\u011f\u0131 d\u00f6n\u00fcr? D\u00f6ns\u00fcn. Az\u0259rbaycan\u0131n \u0259sas milli komandas\u0131 se\u00e7m\u0259 m\u0259rh\u0259l\u0259l\u0259ri \u0259zil\u0259-b\u00fcz\u00fcl\u0259 v\u0259ziyy\u0259td\u0259, 1 xalla ba\u015fa vurur? Vursun. \u018fsas odur ki, Elxan M\u0259mm\u0259dov Az\u0259rbaycan neftinin pullar\u0131 hesab\u0131na arabir Bak\u0131da hans\u0131sa beyn\u0259lxalq yar\u0131\u015f\u0131n final oyununu ke\u00e7ir\u0259 bilir. <\/p>\n\n\n\n<p>Az\u0259rbaycan futbolunu zirv\u0259l\u0259r\u0259 Bak\u0131da ke\u00e7iril\u0259n UEFA Avropa Liqas\u0131n\u0131n final mat\u00e7\u0131nda \u00fcz-\u00fcz\u0259 g\u0259lmi\u015f \u0130ngilt\u0259r\u0259nin \u201c\u00c7elsi\u201d v\u0259 \u201cArsenal\u201d klublar\u0131 da\u015f\u0131yacaq, az\u0259rbaycanl\u0131 futbol\u00e7ular yox. Biz bu \u201cd\u0259h\u015f\u0259tli d\u0259r\u0259c\u0259d\u0259 sad\u0259 h\u0259qiq\u0259ti\u201d anlayanda, g\u00f6z\u00fcm\u00fcz a\u00e7\u0131lacaq, Elxan M\u0259mm\u0259dovun 14 illik f\u0259aliyy\u0259tind\u0259ki m\u00fcsb\u0259t m\u0259qamlar\u0131 g\u00f6rm\u0259y\u0259 ba\u015flayaca\u011f\u0131q. H\u0259l\u0259lik is\u0259 ham\u0131m\u0131z koruq\u2026<\/p>\n\n\n\n<p><\/p>\n","protected":false},"excerpt":{"rendered":"<p>Elxan M\u0259mm\u0259dovun o bir c\u00fcml\u0259si\u2026 Futbol sensasiyalar oyunudur. Amma bu\u2026 &#8230; <\/p>\n<p class=\"read-more-container\"><a title=\"\u015eimali makedoniyal\u0131lar v\u0259 \u201ckor\u201d az\u0259rbaycanl\u0131lar\" class=\"read-more button\" href=\"https:\/\/www.meydan.tv\/az\/article\/simali-makedoniyalilar-ve-kor-azerbaycanlilar\/#more-239306\" aria-label=\"Read more about \u015eimali makedoniyal\u0131lar v\u0259 \u201ckor\u201d az\u0259rbaycanl\u0131lar\">Davam\u0131<\/a><\/p>\n","protected":false},"author":12,"featured_media":239307,"comment_status":"closed","ping_status":"closed","sticky":false,"template":"","format":"standard","meta":{"_acf_changed":false,"_sitemap_exclude":false,"_sitemap_priority":"","_sitemap_frequency":"","footnotes":""},"categories":[57],"tags":[],"class_list":["post-239306","post","type-post","status-publish","format-standard","has-post-thumbnail","hentry","category-menim-fikrimce","infinite-scroll-item","generate-columns","tablet-grid-50","mobile-grid-100","grid-parent","grid-33","no-featured-image-padding"],"acf":[],"yoast_head":"<!-- This site is optimized with the Yoast SEO plugin v27.4 - https:\/\/yoast.com\/product\/yoast-seo-wordpress\/ -->\n<title>\u015eimali makedoniyal\u0131lar v\u0259 \u201ckor\u201d az\u0259rbaycanl\u0131lar - MEYDAN.TV<\/title>\n<meta name=\"robots\" content=\"index, follow, max-snippet:-1, max-image-preview:large, max-video-preview:-1\" \/>\n<link rel=\"canonical\" href=\"https:\/\/www.meydan.tv\/az\/article\/simali-makedoniyalilar-ve-kor-azerbaycanlilar\/\" \/>\n<meta property=\"og:locale\" content=\"az_AZ\" \/>\n<meta property=\"og:type\" content=\"article\" \/>\n<meta property=\"og:title\" content=\"\u015eimali makedoniyal\u0131lar v\u0259 \u201ckor\u201d az\u0259rbaycanl\u0131lar - MEYDAN.TV\" \/>\n<meta property=\"og:description\" content=\"Elxan M\u0259mm\u0259dovun o bir c\u00fcml\u0259si\u2026 Futbol sensasiyalar oyunudur. Amma bu\u2026 ... Davam\u0131\" \/>\n<meta property=\"og:url\" content=\"https:\/\/www.meydan.tv\/az\/article\/simali-makedoniyalilar-ve-kor-azerbaycanlilar\/\" \/>\n<meta property=\"og:site_name\" content=\"MEYDAN.TV\" \/>\n<meta property=\"article:published_time\" content=\"2022-03-25T10:30:27+00:00\" \/>\n<meta property=\"article:modified_time\" content=\"2022-03-25T18:15:41+00:00\" \/>\n<meta property=\"og:image\" content=\"https:\/\/www.meydan.tv\/wp-content\/uploads\/affa-2.jpg\" \/>\n\t<meta property=\"og:image:width\" content=\"600\" \/>\n\t<meta property=\"og:image:height\" content=\"450\" \/>\n\t<meta property=\"og:image:type\" content=\"image\/jpeg\" \/>\n<meta name=\"author\" content=\"aleks\" \/>\n<meta name=\"twitter:card\" content=\"summary_large_image\" \/>\n<script type=\"application\/ld+json\" class=\"yoast-schema-graph\">{\"@context\":\"https:\\\/\\\/schema.org\",\"@graph\":[{\"@type\":\"Article\",\"@id\":\"https:\\\/\\\/www.meydan.tv\\\/az\\\/article\\\/simali-makedoniyalilar-ve-kor-azerbaycanlilar\\\/#article\",\"isPartOf\":{\"@id\":\"https:\\\/\\\/www.meydan.tv\\\/az\\\/article\\\/simali-makedoniyalilar-ve-kor-azerbaycanlilar\\\/\"},\"author\":{\"name\":\"aleks\",\"@id\":\"https:\\\/\\\/www.meydan.tv\\\/az\\\/#\\\/schema\\\/person\\\/476e9360e593fa131d5d71d51866f8da\"},\"headline\":\"\u015eimali makedoniyal\u0131lar v\u0259 \u201ckor\u201d az\u0259rbaycanl\u0131lar\",\"datePublished\":\"2022-03-25T10:30:27+00:00\",\"dateModified\":\"2022-03-25T18:15:41+00:00\",\"mainEntityOfPage\":{\"@id\":\"https:\\\/\\\/www.meydan.tv\\\/az\\\/article\\\/simali-makedoniyalilar-ve-kor-azerbaycanlilar\\\/\"},\"wordCount\":1071,\"publisher\":{\"@id\":\"https:\\\/\\\/www.meydan.tv\\\/az\\\/#organization\"},\"image\":{\"@id\":\"https:\\\/\\\/www.meydan.tv\\\/az\\\/article\\\/simali-makedoniyalilar-ve-kor-azerbaycanlilar\\\/#primaryimage\"},\"thumbnailUrl\":\"https:\\\/\\\/www.meydan.tv\\\/wp-content\\\/uploads\\\/affa-2.jpg\",\"articleSection\":[\"M\u0259nim Fikrimc\u0259\"],\"inLanguage\":\"az\"},{\"@type\":\"WebPage\",\"@id\":\"https:\\\/\\\/www.meydan.tv\\\/az\\\/article\\\/simali-makedoniyalilar-ve-kor-azerbaycanlilar\\\/\",\"url\":\"https:\\\/\\\/www.meydan.tv\\\/az\\\/article\\\/simali-makedoniyalilar-ve-kor-azerbaycanlilar\\\/\",\"name\":\"\u015eimali makedoniyal\u0131lar v\u0259 \u201ckor\u201d az\u0259rbaycanl\u0131lar - MEYDAN.TV\",\"isPartOf\":{\"@id\":\"https:\\\/\\\/www.meydan.tv\\\/az\\\/#website\"},\"primaryImageOfPage\":{\"@id\":\"https:\\\/\\\/www.meydan.tv\\\/az\\\/article\\\/simali-makedoniyalilar-ve-kor-azerbaycanlilar\\\/#primaryimage\"},\"image\":{\"@id\":\"https:\\\/\\\/www.meydan.tv\\\/az\\\/article\\\/simali-makedoniyalilar-ve-kor-azerbaycanlilar\\\/#primaryimage\"},\"thumbnailUrl\":\"https:\\\/\\\/www.meydan.tv\\\/wp-content\\\/uploads\\\/affa-2.jpg\",\"datePublished\":\"2022-03-25T10:30:27+00:00\",\"dateModified\":\"2022-03-25T18:15:41+00:00\",\"breadcrumb\":{\"@id\":\"https:\\\/\\\/www.meydan.tv\\\/az\\\/article\\\/simali-makedoniyalilar-ve-kor-azerbaycanlilar\\\/#breadcrumb\"},\"inLanguage\":\"az\",\"potentialAction\":[{\"@type\":\"ReadAction\",\"target\":[\"https:\\\/\\\/www.meydan.tv\\\/az\\\/article\\\/simali-makedoniyalilar-ve-kor-azerbaycanlilar\\\/\"]}]},{\"@type\":\"ImageObject\",\"inLanguage\":\"az\",\"@id\":\"https:\\\/\\\/www.meydan.tv\\\/az\\\/article\\\/simali-makedoniyalilar-ve-kor-azerbaycanlilar\\\/#primaryimage\",\"url\":\"https:\\\/\\\/www.meydan.tv\\\/wp-content\\\/uploads\\\/affa-2.jpg\",\"contentUrl\":\"https:\\\/\\\/www.meydan.tv\\\/wp-content\\\/uploads\\\/affa-2.jpg\",\"width\":600,\"height\":450,\"caption\":\"Foto: AFFA\"},{\"@type\":\"BreadcrumbList\",\"@id\":\"https:\\\/\\\/www.meydan.tv\\\/az\\\/article\\\/simali-makedoniyalilar-ve-kor-azerbaycanlilar\\\/#breadcrumb\",\"itemListElement\":[{\"@type\":\"ListItem\",\"position\":1,\"name\":\"Ana s\u0259hif\u0259\",\"item\":\"https:\\\/\\\/www.meydan.tv\\\/az\\\/\"},{\"@type\":\"ListItem\",\"position\":2,\"name\":\"M\u0259nim Fikrimc\u0259\",\"item\":\"https:\\\/\\\/www.meydan.tv\\\/az\\\/section\\\/menim-fikrimce\\\/\"},{\"@type\":\"ListItem\",\"position\":3,\"name\":\"\u015eimali makedoniyal\u0131lar v\u0259 \u201ckor\u201d az\u0259rbaycanl\u0131lar\"}]},{\"@type\":\"WebSite\",\"@id\":\"https:\\\/\\\/www.meydan.tv\\\/az\\\/#website\",\"url\":\"https:\\\/\\\/www.meydan.tv\\\/az\\\/\",\"name\":\"MEYDAN.TV\",\"description\":\"Meydan TV Az\u0259rbaycan\u0131n media m\u0259kan\u0131ndak\u0131 alternativ s\u0259sidir\",\"publisher\":{\"@id\":\"https:\\\/\\\/www.meydan.tv\\\/az\\\/#organization\"},\"potentialAction\":[{\"@type\":\"SearchAction\",\"target\":{\"@type\":\"EntryPoint\",\"urlTemplate\":\"https:\\\/\\\/www.meydan.tv\\\/az\\\/?s={search_term_string}\"},\"query-input\":{\"@type\":\"PropertyValueSpecification\",\"valueRequired\":true,\"valueName\":\"search_term_string\"}}],\"inLanguage\":\"az\"},{\"@type\":\"Organization\",\"@id\":\"https:\\\/\\\/www.meydan.tv\\\/az\\\/#organization\",\"name\":\"Meydan TV\",\"url\":\"https:\\\/\\\/www.meydan.tv\\\/az\\\/\",\"logo\":{\"@type\":\"ImageObject\",\"inLanguage\":\"az\",\"@id\":\"https:\\\/\\\/www.meydan.tv\\\/az\\\/#\\\/schema\\\/logo\\\/image\\\/\",\"url\":\"https:\\\/\\\/www.meydan.tv\\\/wp-content\\\/uploads\\\/2021\\\/07\\\/meydan-logo.svg\",\"contentUrl\":\"https:\\\/\\\/www.meydan.tv\\\/wp-content\\\/uploads\\\/2021\\\/07\\\/meydan-logo.svg\",\"width\":195,\"height\":46,\"caption\":\"Meydan TV\"},\"image\":{\"@id\":\"https:\\\/\\\/www.meydan.tv\\\/az\\\/#\\\/schema\\\/logo\\\/image\\\/\"}},{\"@type\":\"Person\",\"@id\":\"https:\\\/\\\/www.meydan.tv\\\/az\\\/#\\\/schema\\\/person\\\/476e9360e593fa131d5d71d51866f8da\",\"name\":\"aleks\"}]}<\/script>\n<!-- \/ Yoast SEO plugin. -->","yoast_head_json":{"title":"\u015eimali makedoniyal\u0131lar v\u0259 \u201ckor\u201d az\u0259rbaycanl\u0131lar - MEYDAN.TV","robots":{"index":"index","follow":"follow","max-snippet":"max-snippet:-1","max-image-preview":"max-image-preview:large","max-video-preview":"max-video-preview:-1"},"canonical":"https:\/\/www.meydan.tv\/az\/article\/simali-makedoniyalilar-ve-kor-azerbaycanlilar\/","og_locale":"az_AZ","og_type":"article","og_title":"\u015eimali makedoniyal\u0131lar v\u0259 \u201ckor\u201d az\u0259rbaycanl\u0131lar - MEYDAN.TV","og_description":"Elxan M\u0259mm\u0259dovun o bir c\u00fcml\u0259si\u2026 Futbol sensasiyalar oyunudur. Amma bu\u2026 ... Davam\u0131","og_url":"https:\/\/www.meydan.tv\/az\/article\/simali-makedoniyalilar-ve-kor-azerbaycanlilar\/","og_site_name":"MEYDAN.TV","article_published_time":"2022-03-25T10:30:27+00:00","article_modified_time":"2022-03-25T18:15:41+00:00","og_image":[{"width":600,"height":450,"url":"https:\/\/www.meydan.tv\/wp-content\/uploads\/affa-2.jpg","type":"image\/jpeg"}],"author":"aleks","twitter_card":"summary_large_image","schema":{"@context":"https:\/\/schema.org","@graph":[{"@type":"Article","@id":"https:\/\/www.meydan.tv\/az\/article\/simali-makedoniyalilar-ve-kor-azerbaycanlilar\/#article","isPartOf":{"@id":"https:\/\/www.meydan.tv\/az\/article\/simali-makedoniyalilar-ve-kor-azerbaycanlilar\/"},"author":{"name":"aleks","@id":"https:\/\/www.meydan.tv\/az\/#\/schema\/person\/476e9360e593fa131d5d71d51866f8da"},"headline":"\u015eimali makedoniyal\u0131lar v\u0259 \u201ckor\u201d az\u0259rbaycanl\u0131lar","datePublished":"2022-03-25T10:30:27+00:00","dateModified":"2022-03-25T18:15:41+00:00","mainEntityOfPage":{"@id":"https:\/\/www.meydan.tv\/az\/article\/simali-makedoniyalilar-ve-kor-azerbaycanlilar\/"},"wordCount":1071,"publisher":{"@id":"https:\/\/www.meydan.tv\/az\/#organization"},"image":{"@id":"https:\/\/www.meydan.tv\/az\/article\/simali-makedoniyalilar-ve-kor-azerbaycanlilar\/#primaryimage"},"thumbnailUrl":"https:\/\/www.meydan.tv\/wp-content\/uploads\/affa-2.jpg","articleSection":["M\u0259nim Fikrimc\u0259"],"inLanguage":"az"},{"@type":"WebPage","@id":"https:\/\/www.meydan.tv\/az\/article\/simali-makedoniyalilar-ve-kor-azerbaycanlilar\/","url":"https:\/\/www.meydan.tv\/az\/article\/simali-makedoniyalilar-ve-kor-azerbaycanlilar\/","name":"\u015eimali makedoniyal\u0131lar v\u0259 \u201ckor\u201d az\u0259rbaycanl\u0131lar - MEYDAN.TV","isPartOf":{"@id":"https:\/\/www.meydan.tv\/az\/#website"},"primaryImageOfPage":{"@id":"https:\/\/www.meydan.tv\/az\/article\/simali-makedoniyalilar-ve-kor-azerbaycanlilar\/#primaryimage"},"image":{"@id":"https:\/\/www.meydan.tv\/az\/article\/simali-makedoniyalilar-ve-kor-azerbaycanlilar\/#primaryimage"},"thumbnailUrl":"https:\/\/www.meydan.tv\/wp-content\/uploads\/affa-2.jpg","datePublished":"2022-03-25T10:30:27+00:00","dateModified":"2022-03-25T18:15:41+00:00","breadcrumb":{"@id":"https:\/\/www.meydan.tv\/az\/article\/simali-makedoniyalilar-ve-kor-azerbaycanlilar\/#breadcrumb"},"inLanguage":"az","potentialAction":[{"@type":"ReadAction","target":["https:\/\/www.meydan.tv\/az\/article\/simali-makedoniyalilar-ve-kor-azerbaycanlilar\/"]}]},{"@type":"ImageObject","inLanguage":"az","@id":"https:\/\/www.meydan.tv\/az\/article\/simali-makedoniyalilar-ve-kor-azerbaycanlilar\/#primaryimage","url":"https:\/\/www.meydan.tv\/wp-content\/uploads\/affa-2.jpg","contentUrl":"https:\/\/www.meydan.tv\/wp-content\/uploads\/affa-2.jpg","width":600,"height":450,"caption":"Foto: AFFA"},{"@type":"BreadcrumbList","@id":"https:\/\/www.meydan.tv\/az\/article\/simali-makedoniyalilar-ve-kor-azerbaycanlilar\/#breadcrumb","itemListElement":[{"@type":"ListItem","position":1,"name":"Ana s\u0259hif\u0259","item":"https:\/\/www.meydan.tv\/az\/"},{"@type":"ListItem","position":2,"name":"M\u0259nim Fikrimc\u0259","item":"https:\/\/www.meydan.tv\/az\/section\/menim-fikrimce\/"},{"@type":"ListItem","position":3,"name":"\u015eimali makedoniyal\u0131lar v\u0259 \u201ckor\u201d az\u0259rbaycanl\u0131lar"}]},{"@type":"WebSite","@id":"https:\/\/www.meydan.tv\/az\/#website","url":"https:\/\/www.meydan.tv\/az\/","name":"MEYDAN.TV","description":"Meydan TV Az\u0259rbaycan\u0131n media m\u0259kan\u0131ndak\u0131 alternativ s\u0259sidir","publisher":{"@id":"https:\/\/www.meydan.tv\/az\/#organization"},"potentialAction":[{"@type":"SearchAction","target":{"@type":"EntryPoint","urlTemplate":"https:\/\/www.meydan.tv\/az\/?s={search_term_string}"},"query-input":{"@type":"PropertyValueSpecification","valueRequired":true,"valueName":"search_term_string"}}],"inLanguage":"az"},{"@type":"Organization","@id":"https:\/\/www.meydan.tv\/az\/#organization","name":"Meydan TV","url":"https:\/\/www.meydan.tv\/az\/","logo":{"@type":"ImageObject","inLanguage":"az","@id":"https:\/\/www.meydan.tv\/az\/#\/schema\/logo\/image\/","url":"https:\/\/www.meydan.tv\/wp-content\/uploads\/2021\/07\/meydan-logo.svg","contentUrl":"https:\/\/www.meydan.tv\/wp-content\/uploads\/2021\/07\/meydan-logo.svg","width":195,"height":46,"caption":"Meydan TV"},"image":{"@id":"https:\/\/www.meydan.tv\/az\/#\/schema\/logo\/image\/"}},{"@type":"Person","@id":"https:\/\/www.meydan.tv\/az\/#\/schema\/person\/476e9360e593fa131d5d71d51866f8da","name":"aleks"}]}},"_links":{"self":[{"href":"https:\/\/www.meydan.tv\/az\/wp-json\/wp\/v2\/posts\/239306","targetHints":{"allow":["GET"]}}],"collection":[{"href":"https:\/\/www.meydan.tv\/az\/wp-json\/wp\/v2\/posts"}],"about":[{"href":"https:\/\/www.meydan.tv\/az\/wp-json\/wp\/v2\/types\/post"}],"author":[{"embeddable":true,"href":"https:\/\/www.meydan.tv\/az\/wp-json\/wp\/v2\/users\/12"}],"replies":[{"embeddable":true,"href":"https:\/\/www.meydan.tv\/az\/wp-json\/wp\/v2\/comments?post=239306"}],"version-history":[{"count":5,"href":"https:\/\/www.meydan.tv\/az\/wp-json\/wp\/v2\/posts\/239306\/revisions"}],"predecessor-version":[{"id":239367,"href":"https:\/\/www.meydan.tv\/az\/wp-json\/wp\/v2\/posts\/239306\/revisions\/239367"}],"wp:featuredmedia":[{"embeddable":true,"href":"https:\/\/www.meydan.tv\/az\/wp-json\/wp\/v2\/media\/239307"}],"wp:attachment":[{"href":"https:\/\/www.meydan.tv\/az\/wp-json\/wp\/v2\/media?parent=239306"}],"wp:term":[{"taxonomy":"category","embeddable":true,"href":"https:\/\/www.meydan.tv\/az\/wp-json\/wp\/v2\/categories?post=239306"},{"taxonomy":"post_tag","embeddable":true,"href":"https:\/\/www.meydan.tv\/az\/wp-json\/wp\/v2\/tags?post=239306"}],"curies":[{"name":"wp","href":"https:\/\/api.w.org\/{rel}","templated":true}]}}