{"id":239299,"date":"2022-03-24T20:17:33","date_gmt":"2022-03-24T16:17:33","guid":{"rendered":"https:\/\/www.meydan.tv\/?p=239299"},"modified":"2022-03-24T20:17:35","modified_gmt":"2022-03-24T16:17:35","slug":"milli-sura-mitinq-qerari-verdi","status":"publish","type":"post","link":"https:\/\/www.meydan.tv\/az\/article\/milli-sura-mitinq-qerari-verdi\/","title":{"rendered":"Milli \u015eura mitinq q\u0259rar\u0131 verdi"},"content":{"rendered":"\n<p><\/p>\n\n\n\n<p><em>Tofiq Yaqublu: &#8220;M\u0259qs\u0259dimiz Ukrayna xalq\u0131na d\u0259st\u0259yimizi ifad\u0259 etm\u0259kdir&#8221;<\/em><\/p>\n\n\n\n<p>Demokratik Q\u00fcvv\u0259l\u0259rin Milli \u015euras\u0131 aprelin 2-\u0259 Ukraynaya d\u0259st\u0259k mitinqi ke\u00e7irm\u0259k bar\u0259d\u0259 q\u0259rar q\u0259bul edib.<\/p>\n\n\n\n<p>Bu bar\u0259d\u0259 Milli \u015euran\u0131n Koordinasiya M\u0259rk\u0259zinin \u00fczv\u00fc Tofiq Yaqublu &#8220;Facebook&#8221; s\u0259hif\u0259sind\u0259 m\u0259lumat yay\u0131b.<\/p>\n\n\n\n<p>Aksiyan\u0131n saat 15.00-d\u0259n 17.00-d\u0259k ke\u00e7irilm\u0259si n\u0259z\u0259rd\u0259 tutulur.<\/p>\n\n\n\n<p>T.Yaqublu bildirib ki, mitinq \u00fc\u00e7\u00fcn &#8220;M\u0259hsul&#8221; stadionu, &#8220;N\u0259rimanov&#8221; metrostansiyas\u0131n\u0131n yan\u0131ndak\u0131 park v\u0259 &#8220;Ukrayna&#8221; dair\u0259si t\u0259klif olunub.<\/p>\n\n\n\n<p>&#8220;Mitinqin m\u0259qs\u0259di Az\u0259rbaycan xalq\u0131n\u0131n Rusiyan\u0131n h\u0259rbi t\u0259cav\u00fcz\u00fcn\u0259 m\u0259ruz qalm\u0131\u015f Ukrayna xalq\u0131na d\u0259st\u0259yini ifad\u0259 etm\u0259kdir. Mitinq \u015f\u0259h\u0259r hakimiyy\u0259ti il\u0259 raz\u0131la\u015fd\u0131r\u0131laca\u011f\u0131 t\u0259qdird\u0259 ke\u00e7iril\u0259c\u0259k&#8221;, &#8211; dey\u0259 Yaqublu bildirib.<\/p>\n\n\n\n<p><\/p>\n\n\n\n<p><strong>Xat\u0131rlatma<\/strong><\/p>\n\n\n\n<p>Rusiya fevral\u0131n 24-d\u0259 Ukraynaya geni\u015fmiqyasl\u0131 h\u00fccuma ba\u015flay\u0131b.<\/p>\n\n\n\n<p>Ondan 2 g\u00fcn \u00f6nc\u0259 is\u0259 Rusiya Prezidenti Vladimir Putin a\u00e7\u0131qlama ver\u0259r\u0259k Ukraynan\u0131n \u015f\u0259rqind\u0259ki separat\u00e7\u0131 qurumlar\u0131 tan\u0131d\u0131\u011f\u0131n\u0131 b\u0259yan edib.<\/p>\n\n\n\n<p>Ukrayna, Q\u0259rb liderl\u0259ri h\u00fccumu pisl\u0259yib, Putinin buna g\u00f6r\u0259 cavab ver\u0259c\u0259yini bildiribl\u0259r.<\/p>\n\n\n\n<p>Bundan sonra Avropa Birliyi \u00f6lk\u0259l\u0259rind\u0259n, el\u0259c\u0259 d\u0259 AB\u015e-dan Rusiyaya qar\u015f\u0131 sanksiyalar g\u0259lm\u0259y\u0259 ba\u015flay\u0131b.<\/p>\n\n\n\n<p>Sanksiya t\u0259tbiq edil\u0259n 600-d\u0259n \u00e7ox \u015f\u0259xsin i\u00e7ind\u0259 oliqarxlar, y\u00fcks\u0259k r\u00fctb\u0259li h\u0259rb\u00e7il\u0259r, \u015firk\u0259t sahibl\u0259ri, biznesmenl\u0259rl\u0259 yana\u015f\u0131, Rusiya Prezidenti Vladimir Putin v\u0259 xarici i\u015fl\u0259r naziri Sergey Lavrov da var.<\/p>\n","protected":false},"excerpt":{"rendered":"<p>Tofiq Yaqublu: &#8220;M\u0259qs\u0259dimiz Ukrayna xalq\u0131na d\u0259st\u0259yimizi ifad\u0259 etm\u0259kdir&#8221; Demokratik Q\u00fcvv\u0259l\u0259rin &#8230; <\/p>\n<p class=\"read-more-container\"><a title=\"Milli \u015eura mitinq q\u0259rar\u0131 verdi\" class=\"read-more button\" href=\"https:\/\/www.meydan.tv\/az\/article\/milli-sura-mitinq-qerari-verdi\/#more-239299\" aria-label=\"Read more about Milli \u015eura mitinq q\u0259rar\u0131 verdi\">Davam\u0131<\/a><\/p>\n","protected":false},"author":8,"featured_media":130282,"comment_status":"closed","ping_status":"closed","sticky":false,"template":"","format":"standard","meta":{"_acf_changed":false,"_sitemap_exclude":false,"_sitemap_priority":"","_sitemap_frequency":"","footnotes":""},"categories":[59,79,56],"tags":[],"class_list":["post-239299","post","type-post","status-publish","format-standard","has-post-thumbnail","hentry","category-siyaset","category-featured","category-xeberler","infinite-scroll-item","generate-columns","tablet-grid-50","mobile-grid-100","grid-parent","grid-33","no-featured-image-padding"],"acf":[],"yoast_head":"<!-- This site is optimized with the Yoast SEO plugin v27.5 - https:\/\/yoast.com\/product\/yoast-seo-wordpress\/ -->\n<title>Milli \u015eura mitinq q\u0259rar\u0131 verdi - MEYDAN.TV<\/title>\n<meta name=\"robots\" content=\"index, follow, max-snippet:-1, max-image-preview:large, max-video-preview:-1\" \/>\n<link rel=\"canonical\" href=\"https:\/\/www.meydan.tv\/az\/article\/milli-sura-mitinq-qerari-verdi\/\" \/>\n<meta property=\"og:locale\" content=\"az_AZ\" \/>\n<meta property=\"og:type\" content=\"article\" \/>\n<meta property=\"og:title\" content=\"Milli \u015eura mitinq q\u0259rar\u0131 verdi - MEYDAN.TV\" \/>\n<meta property=\"og:description\" content=\"Tofiq Yaqublu: &#8220;M\u0259qs\u0259dimiz Ukrayna xalq\u0131na d\u0259st\u0259yimizi ifad\u0259 etm\u0259kdir&#8221; Demokratik Q\u00fcvv\u0259l\u0259rin ... Davam\u0131\" \/>\n<meta property=\"og:url\" content=\"https:\/\/www.meydan.tv\/az\/article\/milli-sura-mitinq-qerari-verdi\/\" \/>\n<meta property=\"og:site_name\" content=\"MEYDAN.TV\" \/>\n<meta property=\"article:published_time\" content=\"2022-03-24T16:17:33+00:00\" \/>\n<meta property=\"article:modified_time\" content=\"2022-03-24T16:17:35+00:00\" \/>\n<meta property=\"og:image\" content=\"https:\/\/www.meydan.tv\/wp-content\/uploads\/milli-sura3.jpg\" \/>\n\t<meta property=\"og:image:width\" content=\"1500\" \/>\n\t<meta property=\"og:image:height\" content=\"1000\" \/>\n\t<meta property=\"og:image:type\" content=\"image\/jpeg\" \/>\n<meta name=\"author\" content=\"elli\" \/>\n<meta name=\"twitter:card\" content=\"summary_large_image\" \/>\n<meta name=\"twitter:creator\" content=\"@elli\" \/>\n<script type=\"application\/ld+json\" class=\"yoast-schema-graph\">{\"@context\":\"https:\\\/\\\/schema.org\",\"@graph\":[{\"@type\":\"Article\",\"@id\":\"https:\\\/\\\/www.meydan.tv\\\/az\\\/article\\\/milli-sura-mitinq-qerari-verdi\\\/#article\",\"isPartOf\":{\"@id\":\"https:\\\/\\\/www.meydan.tv\\\/az\\\/article\\\/milli-sura-mitinq-qerari-verdi\\\/\"},\"author\":{\"name\":\"elli\",\"@id\":\"https:\\\/\\\/www.meydan.tv\\\/az\\\/#\\\/schema\\\/person\\\/9cdbecf90d17180ce1dfbd95b08dcf47\"},\"headline\":\"Milli \u015eura mitinq q\u0259rar\u0131 verdi\",\"datePublished\":\"2022-03-24T16:17:33+00:00\",\"dateModified\":\"2022-03-24T16:17:35+00:00\",\"mainEntityOfPage\":{\"@id\":\"https:\\\/\\\/www.meydan.tv\\\/az\\\/article\\\/milli-sura-mitinq-qerari-verdi\\\/\"},\"wordCount\":277,\"publisher\":{\"@id\":\"https:\\\/\\\/www.meydan.tv\\\/az\\\/#organization\"},\"image\":{\"@id\":\"https:\\\/\\\/www.meydan.tv\\\/az\\\/article\\\/milli-sura-mitinq-qerari-verdi\\\/#primaryimage\"},\"thumbnailUrl\":\"https:\\\/\\\/www.meydan.tv\\\/wp-content\\\/uploads\\\/milli-sura3.jpg\",\"articleSection\":[\"Siyas\u0259t\",\"T\u00f6vsiy\u0259\",\"X\u0259b\u0259rl\u0259r\"],\"inLanguage\":\"az\"},{\"@type\":\"WebPage\",\"@id\":\"https:\\\/\\\/www.meydan.tv\\\/az\\\/article\\\/milli-sura-mitinq-qerari-verdi\\\/\",\"url\":\"https:\\\/\\\/www.meydan.tv\\\/az\\\/article\\\/milli-sura-mitinq-qerari-verdi\\\/\",\"name\":\"Milli \u015eura mitinq q\u0259rar\u0131 verdi - MEYDAN.TV\",\"isPartOf\":{\"@id\":\"https:\\\/\\\/www.meydan.tv\\\/az\\\/#website\"},\"primaryImageOfPage\":{\"@id\":\"https:\\\/\\\/www.meydan.tv\\\/az\\\/article\\\/milli-sura-mitinq-qerari-verdi\\\/#primaryimage\"},\"image\":{\"@id\":\"https:\\\/\\\/www.meydan.tv\\\/az\\\/article\\\/milli-sura-mitinq-qerari-verdi\\\/#primaryimage\"},\"thumbnailUrl\":\"https:\\\/\\\/www.meydan.tv\\\/wp-content\\\/uploads\\\/milli-sura3.jpg\",\"datePublished\":\"2022-03-24T16:17:33+00:00\",\"dateModified\":\"2022-03-24T16:17:35+00:00\",\"breadcrumb\":{\"@id\":\"https:\\\/\\\/www.meydan.tv\\\/az\\\/article\\\/milli-sura-mitinq-qerari-verdi\\\/#breadcrumb\"},\"inLanguage\":\"az\",\"potentialAction\":[{\"@type\":\"ReadAction\",\"target\":[\"https:\\\/\\\/www.meydan.tv\\\/az\\\/article\\\/milli-sura-mitinq-qerari-verdi\\\/\"]}]},{\"@type\":\"ImageObject\",\"inLanguage\":\"az\",\"@id\":\"https:\\\/\\\/www.meydan.tv\\\/az\\\/article\\\/milli-sura-mitinq-qerari-verdi\\\/#primaryimage\",\"url\":\"https:\\\/\\\/www.meydan.tv\\\/wp-content\\\/uploads\\\/milli-sura3.jpg\",\"contentUrl\":\"https:\\\/\\\/www.meydan.tv\\\/wp-content\\\/uploads\\\/milli-sura3.jpg\",\"width\":1500,\"height\":1000,\"caption\":\"Foto: Meydan TV\"},{\"@type\":\"BreadcrumbList\",\"@id\":\"https:\\\/\\\/www.meydan.tv\\\/az\\\/article\\\/milli-sura-mitinq-qerari-verdi\\\/#breadcrumb\",\"itemListElement\":[{\"@type\":\"ListItem\",\"position\":1,\"name\":\"Ana s\u0259hif\u0259\",\"item\":\"https:\\\/\\\/www.meydan.tv\\\/az\\\/\"},{\"@type\":\"ListItem\",\"position\":2,\"name\":\"Siyas\u0259t\",\"item\":\"https:\\\/\\\/www.meydan.tv\\\/az\\\/section\\\/siyaset\\\/\"},{\"@type\":\"ListItem\",\"position\":3,\"name\":\"Milli \u015eura mitinq q\u0259rar\u0131 verdi\"}]},{\"@type\":\"WebSite\",\"@id\":\"https:\\\/\\\/www.meydan.tv\\\/az\\\/#website\",\"url\":\"https:\\\/\\\/www.meydan.tv\\\/az\\\/\",\"name\":\"MEYDAN.TV\",\"description\":\"Meydan TV Az\u0259rbaycan\u0131n media m\u0259kan\u0131ndak\u0131 alternativ s\u0259sidir\",\"publisher\":{\"@id\":\"https:\\\/\\\/www.meydan.tv\\\/az\\\/#organization\"},\"potentialAction\":[{\"@type\":\"SearchAction\",\"target\":{\"@type\":\"EntryPoint\",\"urlTemplate\":\"https:\\\/\\\/www.meydan.tv\\\/az\\\/?s={search_term_string}\"},\"query-input\":{\"@type\":\"PropertyValueSpecification\",\"valueRequired\":true,\"valueName\":\"search_term_string\"}}],\"inLanguage\":\"az\"},{\"@type\":\"Organization\",\"@id\":\"https:\\\/\\\/www.meydan.tv\\\/az\\\/#organization\",\"name\":\"Meydan TV\",\"url\":\"https:\\\/\\\/www.meydan.tv\\\/az\\\/\",\"logo\":{\"@type\":\"ImageObject\",\"inLanguage\":\"az\",\"@id\":\"https:\\\/\\\/www.meydan.tv\\\/az\\\/#\\\/schema\\\/logo\\\/image\\\/\",\"url\":\"https:\\\/\\\/www.meydan.tv\\\/wp-content\\\/uploads\\\/2021\\\/07\\\/meydan-logo.svg\",\"contentUrl\":\"https:\\\/\\\/www.meydan.tv\\\/wp-content\\\/uploads\\\/2021\\\/07\\\/meydan-logo.svg\",\"width\":195,\"height\":46,\"caption\":\"Meydan TV\"},\"image\":{\"@id\":\"https:\\\/\\\/www.meydan.tv\\\/az\\\/#\\\/schema\\\/logo\\\/image\\\/\"}},{\"@type\":\"Person\",\"@id\":\"https:\\\/\\\/www.meydan.tv\\\/az\\\/#\\\/schema\\\/person\\\/9cdbecf90d17180ce1dfbd95b08dcf47\",\"name\":\"elli\",\"sameAs\":[\"https:\\\/\\\/x.com\\\/elli\"]}]}<\/script>\n<!-- \/ Yoast SEO plugin. -->","yoast_head_json":{"title":"Milli \u015eura mitinq q\u0259rar\u0131 verdi - MEYDAN.TV","robots":{"index":"index","follow":"follow","max-snippet":"max-snippet:-1","max-image-preview":"max-image-preview:large","max-video-preview":"max-video-preview:-1"},"canonical":"https:\/\/www.meydan.tv\/az\/article\/milli-sura-mitinq-qerari-verdi\/","og_locale":"az_AZ","og_type":"article","og_title":"Milli \u015eura mitinq q\u0259rar\u0131 verdi - MEYDAN.TV","og_description":"Tofiq Yaqublu: &#8220;M\u0259qs\u0259dimiz Ukrayna xalq\u0131na d\u0259st\u0259yimizi ifad\u0259 etm\u0259kdir&#8221; Demokratik Q\u00fcvv\u0259l\u0259rin ... Davam\u0131","og_url":"https:\/\/www.meydan.tv\/az\/article\/milli-sura-mitinq-qerari-verdi\/","og_site_name":"MEYDAN.TV","article_published_time":"2022-03-24T16:17:33+00:00","article_modified_time":"2022-03-24T16:17:35+00:00","og_image":[{"width":1500,"height":1000,"url":"https:\/\/www.meydan.tv\/wp-content\/uploads\/milli-sura3.jpg","type":"image\/jpeg"}],"author":"elli","twitter_card":"summary_large_image","twitter_creator":"@elli","schema":{"@context":"https:\/\/schema.org","@graph":[{"@type":"Article","@id":"https:\/\/www.meydan.tv\/az\/article\/milli-sura-mitinq-qerari-verdi\/#article","isPartOf":{"@id":"https:\/\/www.meydan.tv\/az\/article\/milli-sura-mitinq-qerari-verdi\/"},"author":{"name":"elli","@id":"https:\/\/www.meydan.tv\/az\/#\/schema\/person\/9cdbecf90d17180ce1dfbd95b08dcf47"},"headline":"Milli \u015eura mitinq q\u0259rar\u0131 verdi","datePublished":"2022-03-24T16:17:33+00:00","dateModified":"2022-03-24T16:17:35+00:00","mainEntityOfPage":{"@id":"https:\/\/www.meydan.tv\/az\/article\/milli-sura-mitinq-qerari-verdi\/"},"wordCount":277,"publisher":{"@id":"https:\/\/www.meydan.tv\/az\/#organization"},"image":{"@id":"https:\/\/www.meydan.tv\/az\/article\/milli-sura-mitinq-qerari-verdi\/#primaryimage"},"thumbnailUrl":"https:\/\/www.meydan.tv\/wp-content\/uploads\/milli-sura3.jpg","articleSection":["Siyas\u0259t","T\u00f6vsiy\u0259","X\u0259b\u0259rl\u0259r"],"inLanguage":"az"},{"@type":"WebPage","@id":"https:\/\/www.meydan.tv\/az\/article\/milli-sura-mitinq-qerari-verdi\/","url":"https:\/\/www.meydan.tv\/az\/article\/milli-sura-mitinq-qerari-verdi\/","name":"Milli \u015eura mitinq q\u0259rar\u0131 verdi - MEYDAN.TV","isPartOf":{"@id":"https:\/\/www.meydan.tv\/az\/#website"},"primaryImageOfPage":{"@id":"https:\/\/www.meydan.tv\/az\/article\/milli-sura-mitinq-qerari-verdi\/#primaryimage"},"image":{"@id":"https:\/\/www.meydan.tv\/az\/article\/milli-sura-mitinq-qerari-verdi\/#primaryimage"},"thumbnailUrl":"https:\/\/www.meydan.tv\/wp-content\/uploads\/milli-sura3.jpg","datePublished":"2022-03-24T16:17:33+00:00","dateModified":"2022-03-24T16:17:35+00:00","breadcrumb":{"@id":"https:\/\/www.meydan.tv\/az\/article\/milli-sura-mitinq-qerari-verdi\/#breadcrumb"},"inLanguage":"az","potentialAction":[{"@type":"ReadAction","target":["https:\/\/www.meydan.tv\/az\/article\/milli-sura-mitinq-qerari-verdi\/"]}]},{"@type":"ImageObject","inLanguage":"az","@id":"https:\/\/www.meydan.tv\/az\/article\/milli-sura-mitinq-qerari-verdi\/#primaryimage","url":"https:\/\/www.meydan.tv\/wp-content\/uploads\/milli-sura3.jpg","contentUrl":"https:\/\/www.meydan.tv\/wp-content\/uploads\/milli-sura3.jpg","width":1500,"height":1000,"caption":"Foto: Meydan TV"},{"@type":"BreadcrumbList","@id":"https:\/\/www.meydan.tv\/az\/article\/milli-sura-mitinq-qerari-verdi\/#breadcrumb","itemListElement":[{"@type":"ListItem","position":1,"name":"Ana s\u0259hif\u0259","item":"https:\/\/www.meydan.tv\/az\/"},{"@type":"ListItem","position":2,"name":"Siyas\u0259t","item":"https:\/\/www.meydan.tv\/az\/section\/siyaset\/"},{"@type":"ListItem","position":3,"name":"Milli \u015eura mitinq q\u0259rar\u0131 verdi"}]},{"@type":"WebSite","@id":"https:\/\/www.meydan.tv\/az\/#website","url":"https:\/\/www.meydan.tv\/az\/","name":"MEYDAN.TV","description":"Meydan TV Az\u0259rbaycan\u0131n media m\u0259kan\u0131ndak\u0131 alternativ s\u0259sidir","publisher":{"@id":"https:\/\/www.meydan.tv\/az\/#organization"},"potentialAction":[{"@type":"SearchAction","target":{"@type":"EntryPoint","urlTemplate":"https:\/\/www.meydan.tv\/az\/?s={search_term_string}"},"query-input":{"@type":"PropertyValueSpecification","valueRequired":true,"valueName":"search_term_string"}}],"inLanguage":"az"},{"@type":"Organization","@id":"https:\/\/www.meydan.tv\/az\/#organization","name":"Meydan TV","url":"https:\/\/www.meydan.tv\/az\/","logo":{"@type":"ImageObject","inLanguage":"az","@id":"https:\/\/www.meydan.tv\/az\/#\/schema\/logo\/image\/","url":"https:\/\/www.meydan.tv\/wp-content\/uploads\/2021\/07\/meydan-logo.svg","contentUrl":"https:\/\/www.meydan.tv\/wp-content\/uploads\/2021\/07\/meydan-logo.svg","width":195,"height":46,"caption":"Meydan TV"},"image":{"@id":"https:\/\/www.meydan.tv\/az\/#\/schema\/logo\/image\/"}},{"@type":"Person","@id":"https:\/\/www.meydan.tv\/az\/#\/schema\/person\/9cdbecf90d17180ce1dfbd95b08dcf47","name":"elli","sameAs":["https:\/\/x.com\/elli"]}]}},"_links":{"self":[{"href":"https:\/\/www.meydan.tv\/az\/wp-json\/wp\/v2\/posts\/239299","targetHints":{"allow":["GET"]}}],"collection":[{"href":"https:\/\/www.meydan.tv\/az\/wp-json\/wp\/v2\/posts"}],"about":[{"href":"https:\/\/www.meydan.tv\/az\/wp-json\/wp\/v2\/types\/post"}],"author":[{"embeddable":true,"href":"https:\/\/www.meydan.tv\/az\/wp-json\/wp\/v2\/users\/8"}],"replies":[{"embeddable":true,"href":"https:\/\/www.meydan.tv\/az\/wp-json\/wp\/v2\/comments?post=239299"}],"version-history":[{"count":1,"href":"https:\/\/www.meydan.tv\/az\/wp-json\/wp\/v2\/posts\/239299\/revisions"}],"predecessor-version":[{"id":239300,"href":"https:\/\/www.meydan.tv\/az\/wp-json\/wp\/v2\/posts\/239299\/revisions\/239300"}],"wp:featuredmedia":[{"embeddable":true,"href":"https:\/\/www.meydan.tv\/az\/wp-json\/wp\/v2\/media\/130282"}],"wp:attachment":[{"href":"https:\/\/www.meydan.tv\/az\/wp-json\/wp\/v2\/media?parent=239299"}],"wp:term":[{"taxonomy":"category","embeddable":true,"href":"https:\/\/www.meydan.tv\/az\/wp-json\/wp\/v2\/categories?post=239299"},{"taxonomy":"post_tag","embeddable":true,"href":"https:\/\/www.meydan.tv\/az\/wp-json\/wp\/v2\/tags?post=239299"}],"curies":[{"name":"wp","href":"https:\/\/api.w.org\/{rel}","templated":true}]}}