{"id":239038,"date":"2022-03-19T20:00:30","date_gmt":"2022-03-19T16:00:30","guid":{"rendered":"https:\/\/www.meydan.tv\/?p=239038"},"modified":"2022-03-19T20:00:32","modified_gmt":"2022-03-19T16:00:32","slug":"meyart-beren-saatla-kivanc-tatlitug-eyni-filme-cekilir","status":"publish","type":"post","link":"https:\/\/www.meydan.tv\/az\/article\/meyart-beren-saatla-kivanc-tatlitug-eyni-filme-cekilir\/","title":{"rendered":"MeyArt: Beren Saatla K\u0131van\u00e7 Tatl\u0131tu\u011f eyni film\u0259 \u00e7\u0259kilir"},"content":{"rendered":"\n<figure class=\"wp-block-embed is-type-video is-provider-youtube wp-block-embed-youtube wp-embed-aspect-16-9 wp-has-aspect-ratio\"><div class=\"wp-block-embed__wrapper\">\n<iframe title=\"MeyArt: Beren Saatla K\u0131van\u00e7 Tatl\u0131tu\u011f eyni film\u0259 \u00e7\u0259kilir\" width=\"1200\" height=\"675\" data-src=\"https:\/\/www.youtube.com\/embed\/OQ4ZsBd9OtI?feature=oembed\" frameborder=\"0\" allow=\"accelerometer; autoplay; clipboard-write; encrypted-media; gyroscope; picture-in-picture\" allowfullscreen src=\"data:image\/svg+xml;base64,PHN2ZyB3aWR0aD0iMSIgaGVpZ2h0PSIxIiB4bWxucz0iaHR0cDovL3d3dy53My5vcmcvMjAwMC9zdmciPjwvc3ZnPg==\" class=\"lazyload\" data-load-mode=\"1\"><\/iframe>\n<\/div><\/figure>\n\n\n\n<!--more-->\n\n\n\n<p>Ya\u015fam\u0131m\u0131z\u0131n ba\u015f rolunda, \u00f6z\u00fcm\u00fcz\u00fcn q\u0259hr\u0259man\u0131na \u00e7evril\u0259 bilirik, ya \u00f6mr\u00fcm\u00fcz\u00fcn s\u0259hif\u0259l\u0259rini sor\u011fulamadan adlay\u0131r\u0131q. Bu h\u0259ft\u0259 m\u00fcst\u0259qil rejissor \u0130lkin Yusif \u201cM\u0259n q\u0259hr\u0259man axtar\u0131ram\u201d adl\u0131 s\u0259n\u0259dli filmi il\u0259 h\u0259m d\u0259 bu suallara cavab axtar\u0131b. Filmin premyeras\u0131 mart\u0131n 15-d\u0259 Az\u0259rbaycan kinoteatr\u0131nda ba\u015f tutub.<\/p>\n\n\n\n<p>Bu h\u0259ft\u0259 \u0259s\u0259rl\u0259ri il\u0259 Az\u0259rbaycan\u0131 d\u00fcnya miqyas\u0131na \u00e7\u0131xaran kinodramaturq R\u00fcst\u0259m \u0130brahimb\u0259yovla vida m\u0259rasimi ke\u00e7irildi. Kino m\u00fct\u0259x\u0259ssisi il\u0259 sa\u011folla\u015fma\u011fa ssenaril\u0259rin\u0259 h\u0259yat ver\u0259n aktyorlar, m\u0259d\u0259niyy\u0259t v\u0259 inc\u0259s\u0259n\u0259t xadiml\u0259ri il\u0259 yana\u015f\u0131, onu sev\u0259rl\u0259r d\u0259 g\u0259lib.&nbsp;<\/p>\n\n\n\n<p>Rusiyada ukraynal\u0131 musiqi\u00e7il\u0259r\u0259, el\u0259c\u0259 d\u0259 Ukraynada h\u0259rbi \u0259m\u0259liyyatlara qar\u015f\u0131 \u00e7\u0131xan rus s\u0259n\u0259t\u00e7il\u0259r\u0259 qada\u011fa qoyulub. \u00d6lk\u0259nin m\u00fcxt\u0259lif regionlar\u0131nda, h\u0259m\u00e7inin Moskva restoranlar\u0131nda \u00e7\u0131x\u0131\u015f ed\u0259n musiqi\u00e7il\u0259r\u0259 \u201cqara siyah\u0131\u201d t\u0259qdim edildiyi deyilir.&nbsp;<\/p>\n\n\n\n<p>Bir zamanlar\u0131n milyonlar\u0131 ekrana kilidl\u0259y\u0259n \u201cA\u015fk\u0131-Memnu\u201d-nun ba\u015f q\u0259hr\u0259manlar\u0131&nbsp; K\u0131van\u00e7 Tatl\u0131tu\u011f v\u0259 Beren Saat\u0131n 14 ild\u0259n sonra yenid\u0259n bir filmd\u0259 \u00e7\u0259kil\u0259c\u0259yi deyilir.&nbsp;<\/p>\n\n\n\n<p>Hollivud aktyoru Arnold \u015evartsenegger twitter hesab\u0131ndan rus xalq\u0131na v\u0259 Putin\u0259 m\u00fcraci\u0259t edib. O, rus \u0259sg\u0259rl\u0259rini ger\u00e7\u0259kl\u0259ri g\u00f6rm\u0259y\u0259, h\u00f6kum\u0259tin apard\u0131\u011f\u0131 propaqandaya inanmama\u011fa \u00e7a\u011f\u0131r\u0131b.<\/p>\n","protected":false},"excerpt":{"rendered":"","protected":false},"author":14,"featured_media":239039,"comment_status":"closed","ping_status":"closed","sticky":false,"template":"","format":"standard","meta":{"_acf_changed":false,"_sitemap_exclude":false,"_sitemap_priority":"","_sitemap_frequency":"","footnotes":""},"categories":[52,63],"tags":[],"class_list":["post-239038","post","type-post","status-publish","format-standard","has-post-thumbnail","hentry","category-medeniyyet","category-video-2","infinite-scroll-item","generate-columns","tablet-grid-50","mobile-grid-100","grid-parent","grid-33","no-featured-image-padding"],"acf":[],"yoast_head":"<!-- This site is optimized with the Yoast SEO plugin v27.4 - https:\/\/yoast.com\/product\/yoast-seo-wordpress\/ -->\n<title>MeyArt: Beren Saatla K\u0131van\u00e7 Tatl\u0131tu\u011f eyni film\u0259 \u00e7\u0259kilir - MEYDAN.TV<\/title>\n<meta name=\"robots\" content=\"index, follow, max-snippet:-1, max-image-preview:large, max-video-preview:-1\" \/>\n<link rel=\"canonical\" href=\"https:\/\/www.meydan.tv\/az\/article\/meyart-beren-saatla-kivanc-tatlitug-eyni-filme-cekilir\/\" \/>\n<meta property=\"og:locale\" content=\"az_AZ\" \/>\n<meta property=\"og:type\" content=\"article\" \/>\n<meta property=\"og:title\" content=\"MeyArt: Beren Saatla K\u0131van\u00e7 Tatl\u0131tu\u011f eyni film\u0259 \u00e7\u0259kilir - MEYDAN.TV\" \/>\n<meta property=\"og:url\" content=\"https:\/\/www.meydan.tv\/az\/article\/meyart-beren-saatla-kivanc-tatlitug-eyni-filme-cekilir\/\" \/>\n<meta property=\"og:site_name\" content=\"MEYDAN.TV\" \/>\n<meta property=\"article:published_time\" content=\"2022-03-19T16:00:30+00:00\" \/>\n<meta property=\"article:modified_time\" content=\"2022-03-19T16:00:32+00:00\" \/>\n<meta property=\"og:image\" content=\"https:\/\/www.meydan.tv\/wp-content\/uploads\/beren-saat-ve-kivanc-tatlitug-sinema-projesi-icin-14-yil-sonra-bir-ortaya-geliyor-qnjtcraa.jpeg\" \/>\n\t<meta property=\"og:image:width\" content=\"1202\" \/>\n\t<meta property=\"og:image:height\" content=\"675\" \/>\n\t<meta property=\"og:image:type\" content=\"image\/jpeg\" \/>\n<meta name=\"author\" content=\"roma\" \/>\n<meta name=\"twitter:card\" content=\"summary_large_image\" \/>\n<script type=\"application\/ld+json\" class=\"yoast-schema-graph\">{\"@context\":\"https:\\\/\\\/schema.org\",\"@graph\":[{\"@type\":\"Article\",\"@id\":\"https:\\\/\\\/www.meydan.tv\\\/az\\\/article\\\/meyart-beren-saatla-kivanc-tatlitug-eyni-filme-cekilir\\\/#article\",\"isPartOf\":{\"@id\":\"https:\\\/\\\/www.meydan.tv\\\/az\\\/article\\\/meyart-beren-saatla-kivanc-tatlitug-eyni-filme-cekilir\\\/\"},\"author\":{\"name\":\"roma\",\"@id\":\"https:\\\/\\\/www.meydan.tv\\\/az\\\/#\\\/schema\\\/person\\\/8f23e01c4de63326c13c319fb65ee65d\"},\"headline\":\"MeyArt: Beren Saatla K\u0131van\u00e7 Tatl\u0131tu\u011f eyni film\u0259 \u00e7\u0259kilir\",\"datePublished\":\"2022-03-19T16:00:30+00:00\",\"dateModified\":\"2022-03-19T16:00:32+00:00\",\"mainEntityOfPage\":{\"@id\":\"https:\\\/\\\/www.meydan.tv\\\/az\\\/article\\\/meyart-beren-saatla-kivanc-tatlitug-eyni-filme-cekilir\\\/\"},\"wordCount\":275,\"publisher\":{\"@id\":\"https:\\\/\\\/www.meydan.tv\\\/az\\\/#organization\"},\"image\":{\"@id\":\"https:\\\/\\\/www.meydan.tv\\\/az\\\/article\\\/meyart-beren-saatla-kivanc-tatlitug-eyni-filme-cekilir\\\/#primaryimage\"},\"thumbnailUrl\":\"https:\\\/\\\/www.meydan.tv\\\/wp-content\\\/uploads\\\/beren-saat-ve-kivanc-tatlitug-sinema-projesi-icin-14-yil-sonra-bir-ortaya-geliyor-qnjtcraa.jpeg\",\"articleSection\":[\"M\u0259d\u0259niyy\u0259t\",\"Video\"],\"inLanguage\":\"az\"},{\"@type\":\"WebPage\",\"@id\":\"https:\\\/\\\/www.meydan.tv\\\/az\\\/article\\\/meyart-beren-saatla-kivanc-tatlitug-eyni-filme-cekilir\\\/\",\"url\":\"https:\\\/\\\/www.meydan.tv\\\/az\\\/article\\\/meyart-beren-saatla-kivanc-tatlitug-eyni-filme-cekilir\\\/\",\"name\":\"MeyArt: Beren Saatla K\u0131van\u00e7 Tatl\u0131tu\u011f eyni film\u0259 \u00e7\u0259kilir - MEYDAN.TV\",\"isPartOf\":{\"@id\":\"https:\\\/\\\/www.meydan.tv\\\/az\\\/#website\"},\"primaryImageOfPage\":{\"@id\":\"https:\\\/\\\/www.meydan.tv\\\/az\\\/article\\\/meyart-beren-saatla-kivanc-tatlitug-eyni-filme-cekilir\\\/#primaryimage\"},\"image\":{\"@id\":\"https:\\\/\\\/www.meydan.tv\\\/az\\\/article\\\/meyart-beren-saatla-kivanc-tatlitug-eyni-filme-cekilir\\\/#primaryimage\"},\"thumbnailUrl\":\"https:\\\/\\\/www.meydan.tv\\\/wp-content\\\/uploads\\\/beren-saat-ve-kivanc-tatlitug-sinema-projesi-icin-14-yil-sonra-bir-ortaya-geliyor-qnjtcraa.jpeg\",\"datePublished\":\"2022-03-19T16:00:30+00:00\",\"dateModified\":\"2022-03-19T16:00:32+00:00\",\"breadcrumb\":{\"@id\":\"https:\\\/\\\/www.meydan.tv\\\/az\\\/article\\\/meyart-beren-saatla-kivanc-tatlitug-eyni-filme-cekilir\\\/#breadcrumb\"},\"inLanguage\":\"az\",\"potentialAction\":[{\"@type\":\"ReadAction\",\"target\":[\"https:\\\/\\\/www.meydan.tv\\\/az\\\/article\\\/meyart-beren-saatla-kivanc-tatlitug-eyni-filme-cekilir\\\/\"]}]},{\"@type\":\"ImageObject\",\"inLanguage\":\"az\",\"@id\":\"https:\\\/\\\/www.meydan.tv\\\/az\\\/article\\\/meyart-beren-saatla-kivanc-tatlitug-eyni-filme-cekilir\\\/#primaryimage\",\"url\":\"https:\\\/\\\/www.meydan.tv\\\/wp-content\\\/uploads\\\/beren-saat-ve-kivanc-tatlitug-sinema-projesi-icin-14-yil-sonra-bir-ortaya-geliyor-qnjtcraa.jpeg\",\"contentUrl\":\"https:\\\/\\\/www.meydan.tv\\\/wp-content\\\/uploads\\\/beren-saat-ve-kivanc-tatlitug-sinema-projesi-icin-14-yil-sonra-bir-ortaya-geliyor-qnjtcraa.jpeg\",\"width\":1202,\"height\":675},{\"@type\":\"BreadcrumbList\",\"@id\":\"https:\\\/\\\/www.meydan.tv\\\/az\\\/article\\\/meyart-beren-saatla-kivanc-tatlitug-eyni-filme-cekilir\\\/#breadcrumb\",\"itemListElement\":[{\"@type\":\"ListItem\",\"position\":1,\"name\":\"Ana s\u0259hif\u0259\",\"item\":\"https:\\\/\\\/www.meydan.tv\\\/az\\\/\"},{\"@type\":\"ListItem\",\"position\":2,\"name\":\"M\u0259d\u0259niyy\u0259t\",\"item\":\"https:\\\/\\\/www.meydan.tv\\\/az\\\/section\\\/medeniyyet\\\/\"},{\"@type\":\"ListItem\",\"position\":3,\"name\":\"MeyArt: Beren Saatla K\u0131van\u00e7 Tatl\u0131tu\u011f eyni film\u0259 \u00e7\u0259kilir\"}]},{\"@type\":\"WebSite\",\"@id\":\"https:\\\/\\\/www.meydan.tv\\\/az\\\/#website\",\"url\":\"https:\\\/\\\/www.meydan.tv\\\/az\\\/\",\"name\":\"MEYDAN.TV\",\"description\":\"Meydan TV Az\u0259rbaycan\u0131n media m\u0259kan\u0131ndak\u0131 alternativ s\u0259sidir\",\"publisher\":{\"@id\":\"https:\\\/\\\/www.meydan.tv\\\/az\\\/#organization\"},\"potentialAction\":[{\"@type\":\"SearchAction\",\"target\":{\"@type\":\"EntryPoint\",\"urlTemplate\":\"https:\\\/\\\/www.meydan.tv\\\/az\\\/?s={search_term_string}\"},\"query-input\":{\"@type\":\"PropertyValueSpecification\",\"valueRequired\":true,\"valueName\":\"search_term_string\"}}],\"inLanguage\":\"az\"},{\"@type\":\"Organization\",\"@id\":\"https:\\\/\\\/www.meydan.tv\\\/az\\\/#organization\",\"name\":\"Meydan TV\",\"url\":\"https:\\\/\\\/www.meydan.tv\\\/az\\\/\",\"logo\":{\"@type\":\"ImageObject\",\"inLanguage\":\"az\",\"@id\":\"https:\\\/\\\/www.meydan.tv\\\/az\\\/#\\\/schema\\\/logo\\\/image\\\/\",\"url\":\"https:\\\/\\\/www.meydan.tv\\\/wp-content\\\/uploads\\\/2021\\\/07\\\/meydan-logo.svg\",\"contentUrl\":\"https:\\\/\\\/www.meydan.tv\\\/wp-content\\\/uploads\\\/2021\\\/07\\\/meydan-logo.svg\",\"width\":195,\"height\":46,\"caption\":\"Meydan TV\"},\"image\":{\"@id\":\"https:\\\/\\\/www.meydan.tv\\\/az\\\/#\\\/schema\\\/logo\\\/image\\\/\"}},{\"@type\":\"Person\",\"@id\":\"https:\\\/\\\/www.meydan.tv\\\/az\\\/#\\\/schema\\\/person\\\/8f23e01c4de63326c13c319fb65ee65d\",\"name\":\"roma\"}]}<\/script>\n<!-- \/ Yoast SEO plugin. -->","yoast_head_json":{"title":"MeyArt: Beren Saatla K\u0131van\u00e7 Tatl\u0131tu\u011f eyni film\u0259 \u00e7\u0259kilir - MEYDAN.TV","robots":{"index":"index","follow":"follow","max-snippet":"max-snippet:-1","max-image-preview":"max-image-preview:large","max-video-preview":"max-video-preview:-1"},"canonical":"https:\/\/www.meydan.tv\/az\/article\/meyart-beren-saatla-kivanc-tatlitug-eyni-filme-cekilir\/","og_locale":"az_AZ","og_type":"article","og_title":"MeyArt: Beren Saatla K\u0131van\u00e7 Tatl\u0131tu\u011f eyni film\u0259 \u00e7\u0259kilir - MEYDAN.TV","og_url":"https:\/\/www.meydan.tv\/az\/article\/meyart-beren-saatla-kivanc-tatlitug-eyni-filme-cekilir\/","og_site_name":"MEYDAN.TV","article_published_time":"2022-03-19T16:00:30+00:00","article_modified_time":"2022-03-19T16:00:32+00:00","og_image":[{"width":1202,"height":675,"url":"https:\/\/www.meydan.tv\/wp-content\/uploads\/beren-saat-ve-kivanc-tatlitug-sinema-projesi-icin-14-yil-sonra-bir-ortaya-geliyor-qnjtcraa.jpeg","type":"image\/jpeg"}],"author":"roma","twitter_card":"summary_large_image","schema":{"@context":"https:\/\/schema.org","@graph":[{"@type":"Article","@id":"https:\/\/www.meydan.tv\/az\/article\/meyart-beren-saatla-kivanc-tatlitug-eyni-filme-cekilir\/#article","isPartOf":{"@id":"https:\/\/www.meydan.tv\/az\/article\/meyart-beren-saatla-kivanc-tatlitug-eyni-filme-cekilir\/"},"author":{"name":"roma","@id":"https:\/\/www.meydan.tv\/az\/#\/schema\/person\/8f23e01c4de63326c13c319fb65ee65d"},"headline":"MeyArt: Beren Saatla K\u0131van\u00e7 Tatl\u0131tu\u011f eyni film\u0259 \u00e7\u0259kilir","datePublished":"2022-03-19T16:00:30+00:00","dateModified":"2022-03-19T16:00:32+00:00","mainEntityOfPage":{"@id":"https:\/\/www.meydan.tv\/az\/article\/meyart-beren-saatla-kivanc-tatlitug-eyni-filme-cekilir\/"},"wordCount":275,"publisher":{"@id":"https:\/\/www.meydan.tv\/az\/#organization"},"image":{"@id":"https:\/\/www.meydan.tv\/az\/article\/meyart-beren-saatla-kivanc-tatlitug-eyni-filme-cekilir\/#primaryimage"},"thumbnailUrl":"https:\/\/www.meydan.tv\/wp-content\/uploads\/beren-saat-ve-kivanc-tatlitug-sinema-projesi-icin-14-yil-sonra-bir-ortaya-geliyor-qnjtcraa.jpeg","articleSection":["M\u0259d\u0259niyy\u0259t","Video"],"inLanguage":"az"},{"@type":"WebPage","@id":"https:\/\/www.meydan.tv\/az\/article\/meyart-beren-saatla-kivanc-tatlitug-eyni-filme-cekilir\/","url":"https:\/\/www.meydan.tv\/az\/article\/meyart-beren-saatla-kivanc-tatlitug-eyni-filme-cekilir\/","name":"MeyArt: Beren Saatla K\u0131van\u00e7 Tatl\u0131tu\u011f eyni film\u0259 \u00e7\u0259kilir - MEYDAN.TV","isPartOf":{"@id":"https:\/\/www.meydan.tv\/az\/#website"},"primaryImageOfPage":{"@id":"https:\/\/www.meydan.tv\/az\/article\/meyart-beren-saatla-kivanc-tatlitug-eyni-filme-cekilir\/#primaryimage"},"image":{"@id":"https:\/\/www.meydan.tv\/az\/article\/meyart-beren-saatla-kivanc-tatlitug-eyni-filme-cekilir\/#primaryimage"},"thumbnailUrl":"https:\/\/www.meydan.tv\/wp-content\/uploads\/beren-saat-ve-kivanc-tatlitug-sinema-projesi-icin-14-yil-sonra-bir-ortaya-geliyor-qnjtcraa.jpeg","datePublished":"2022-03-19T16:00:30+00:00","dateModified":"2022-03-19T16:00:32+00:00","breadcrumb":{"@id":"https:\/\/www.meydan.tv\/az\/article\/meyart-beren-saatla-kivanc-tatlitug-eyni-filme-cekilir\/#breadcrumb"},"inLanguage":"az","potentialAction":[{"@type":"ReadAction","target":["https:\/\/www.meydan.tv\/az\/article\/meyart-beren-saatla-kivanc-tatlitug-eyni-filme-cekilir\/"]}]},{"@type":"ImageObject","inLanguage":"az","@id":"https:\/\/www.meydan.tv\/az\/article\/meyart-beren-saatla-kivanc-tatlitug-eyni-filme-cekilir\/#primaryimage","url":"https:\/\/www.meydan.tv\/wp-content\/uploads\/beren-saat-ve-kivanc-tatlitug-sinema-projesi-icin-14-yil-sonra-bir-ortaya-geliyor-qnjtcraa.jpeg","contentUrl":"https:\/\/www.meydan.tv\/wp-content\/uploads\/beren-saat-ve-kivanc-tatlitug-sinema-projesi-icin-14-yil-sonra-bir-ortaya-geliyor-qnjtcraa.jpeg","width":1202,"height":675},{"@type":"BreadcrumbList","@id":"https:\/\/www.meydan.tv\/az\/article\/meyart-beren-saatla-kivanc-tatlitug-eyni-filme-cekilir\/#breadcrumb","itemListElement":[{"@type":"ListItem","position":1,"name":"Ana s\u0259hif\u0259","item":"https:\/\/www.meydan.tv\/az\/"},{"@type":"ListItem","position":2,"name":"M\u0259d\u0259niyy\u0259t","item":"https:\/\/www.meydan.tv\/az\/section\/medeniyyet\/"},{"@type":"ListItem","position":3,"name":"MeyArt: Beren Saatla K\u0131van\u00e7 Tatl\u0131tu\u011f eyni film\u0259 \u00e7\u0259kilir"}]},{"@type":"WebSite","@id":"https:\/\/www.meydan.tv\/az\/#website","url":"https:\/\/www.meydan.tv\/az\/","name":"MEYDAN.TV","description":"Meydan TV Az\u0259rbaycan\u0131n media m\u0259kan\u0131ndak\u0131 alternativ s\u0259sidir","publisher":{"@id":"https:\/\/www.meydan.tv\/az\/#organization"},"potentialAction":[{"@type":"SearchAction","target":{"@type":"EntryPoint","urlTemplate":"https:\/\/www.meydan.tv\/az\/?s={search_term_string}"},"query-input":{"@type":"PropertyValueSpecification","valueRequired":true,"valueName":"search_term_string"}}],"inLanguage":"az"},{"@type":"Organization","@id":"https:\/\/www.meydan.tv\/az\/#organization","name":"Meydan TV","url":"https:\/\/www.meydan.tv\/az\/","logo":{"@type":"ImageObject","inLanguage":"az","@id":"https:\/\/www.meydan.tv\/az\/#\/schema\/logo\/image\/","url":"https:\/\/www.meydan.tv\/wp-content\/uploads\/2021\/07\/meydan-logo.svg","contentUrl":"https:\/\/www.meydan.tv\/wp-content\/uploads\/2021\/07\/meydan-logo.svg","width":195,"height":46,"caption":"Meydan TV"},"image":{"@id":"https:\/\/www.meydan.tv\/az\/#\/schema\/logo\/image\/"}},{"@type":"Person","@id":"https:\/\/www.meydan.tv\/az\/#\/schema\/person\/8f23e01c4de63326c13c319fb65ee65d","name":"roma"}]}},"_links":{"self":[{"href":"https:\/\/www.meydan.tv\/az\/wp-json\/wp\/v2\/posts\/239038","targetHints":{"allow":["GET"]}}],"collection":[{"href":"https:\/\/www.meydan.tv\/az\/wp-json\/wp\/v2\/posts"}],"about":[{"href":"https:\/\/www.meydan.tv\/az\/wp-json\/wp\/v2\/types\/post"}],"author":[{"embeddable":true,"href":"https:\/\/www.meydan.tv\/az\/wp-json\/wp\/v2\/users\/14"}],"replies":[{"embeddable":true,"href":"https:\/\/www.meydan.tv\/az\/wp-json\/wp\/v2\/comments?post=239038"}],"version-history":[{"count":1,"href":"https:\/\/www.meydan.tv\/az\/wp-json\/wp\/v2\/posts\/239038\/revisions"}],"predecessor-version":[{"id":239042,"href":"https:\/\/www.meydan.tv\/az\/wp-json\/wp\/v2\/posts\/239038\/revisions\/239042"}],"wp:featuredmedia":[{"embeddable":true,"href":"https:\/\/www.meydan.tv\/az\/wp-json\/wp\/v2\/media\/239039"}],"wp:attachment":[{"href":"https:\/\/www.meydan.tv\/az\/wp-json\/wp\/v2\/media?parent=239038"}],"wp:term":[{"taxonomy":"category","embeddable":true,"href":"https:\/\/www.meydan.tv\/az\/wp-json\/wp\/v2\/categories?post=239038"},{"taxonomy":"post_tag","embeddable":true,"href":"https:\/\/www.meydan.tv\/az\/wp-json\/wp\/v2\/tags?post=239038"}],"curies":[{"name":"wp","href":"https:\/\/api.w.org\/{rel}","templated":true}]}}