{"id":239022,"date":"2022-03-19T00:13:46","date_gmt":"2022-03-18T20:13:46","guid":{"rendered":"https:\/\/www.meydan.tv\/?p=239022"},"modified":"2022-03-19T00:13:48","modified_gmt":"2022-03-18T20:13:48","slug":"turkmenistanin-serdari","status":"publish","type":"post","link":"https:\/\/www.meydan.tv\/az\/article\/turkmenistanin-serdari\/","title":{"rendered":"T\u00fcrkm\u0259nistan\u0131n S\u0259rdar\u0131\u2026"},"content":{"rendered":"\n<p><em>T\u00fcrkm\u0259nba\u015f\u0131 \u015f\u0259xs\u0259n ona katiblik edir<\/em><br><\/p>\n\n\n\n<p>Bu il mart\u0131n 12-d\u0259 qarda\u015f T\u00fcrkm\u0259nistanda ke\u00e7iril\u0259n prezident se\u00e7kisi, he\u00e7 \u015f\u00fcbh\u0259siz, d\u00fcnya tarixind\u0259 \u00f6z layiqli yerini alacaq. 14 fevral 2007-ci ild\u0259n T\u00fcrkm\u0259nistan\u0131n d\u0259yi\u015fm\u0259z prezidenti olan Qurbanqulu Berdim\u0259h\u0259mm\u0259dov 2012 v\u0259 2017-ci ill\u0259rd\u0259 ke\u00e7iril\u0259n se\u00e7kil\u0259rd\u0259 d\u0259 postunu qoruyub. N\u00f6vb\u0259ti \u2013 4-c\u00fc se\u00e7kid\u0259s\u0259, y\u0259ni 15 ild\u0259n sonra yerini o\u011fluna verib. G\u00f6r\u00fcn\u00fcr, yorulub (bizim prezident ondan d\u00fcz 4 il qabaq hakimiyy\u0259t\u0259 g\u0259ls\u0259 d\u0259, 19 ildir bu postda otursa da, n\u0259 yor\u011funlu\u011fu var, n\u0259 d\u0259 v\u0259zif\u0259ni kim\u0259s\u0259 \u00f6t\u00fcrm\u0259k niyy\u0259ti). Ola bilsin, kiml\u0259rs\u0259 bu yana\u015fman\u0131, \u201co\u011fluna \u00f6t\u00fcrm\u0259k\u201d m\u0259s\u0259l\u0259sini yanl\u0131\u015f anlas\u0131n, \u0259slind\u0259, onun o\u011flu \u201calternativ \u0259saslarla ke\u00e7iril\u0259n se\u00e7kid\u0259\u201d qalib g\u0259lib. Bunu m\u0259n yox, &#8220;beyn\u0259lxalq m\u00fc\u015fahid\u0259\u00e7il\u0259r&#8221; &#8211; M\u00fcst\u0259qil D\u00f6vl\u0259tl\u0259r Birliyi, \u015eanxay \u018fm\u0259kda\u015fl\u0131q T\u0259\u015fkilat\u0131, T\u00fcrk D\u00f6vl\u0259tl\u0259ri T\u0259\u015fkilat\u0131ndan olan m\u00fc\u015fahid\u0259\u00e7il\u0259r bel\u0259 qiym\u0259tl\u0259ndirib, y\u0259ni se\u00e7kinin n\u0259tic\u0259l\u0259rini legitim say\u0131b: &#8220;T\u00fcrkm\u0259nistanda prezident se\u00e7kil\u0259ri u\u011furla, m\u00fct\u0259\u015f\u0259kkil \u015f\u0259kild\u0259, geni\u015f alternativ \u0259sasda, a\u015fkarl\u0131q v\u0259 \u015f\u0259ffafl\u0131q \u015f\u0259raitind\u0259, se\u00e7icil\u0259rin y\u00fcks\u0259k f\u0259all\u0131\u011f\u0131 il\u0259 ke\u00e7irilib&#8221;.<\/p>\n\n\n\n<p>O boyda t\u0259\u015fkilatlara \u015f\u00fcbh\u0259yl\u0259 yana\u015fmaq biz\u0259 yara\u015fmaz. H\u0259m d\u0259 ona g\u00f6r\u0259 ki, n\u0259tic\u0259l\u0259r a\u00e7\u0131qlanandan sonra bir \u00e7ox n\u00fcfuzlu d\u00f6vl\u0259t ba\u015f\u00e7\u0131lar\u0131 eyni g\u00fcnd\u0259, mart\u0131n 15-d\u0259 Qurbanquluya (?!) z\u0259ng vurub u\u011furlu se\u00e7ki m\u00fcnasib\u0259til\u0259 onu t\u0259brik edibl\u0259r. Sa\u011f olsun, o da \u0259d\u0259b-\u0259rkanla z\u0259ngl\u0259r\u0259 cavab ver\u0259nd\u0259n sonra d\u0259st\u0259yi o\u011fluna \u2013 yeni prezident S\u0259rdara \u00f6t\u00fcr\u00fcb.<\/p>\n\n\n\n<p>T\u00fcrkm\u0259nistan saytlar\u0131 bununla ba\u011fl\u0131 informasiya yay\u0131b. D\u00fczd\u00fcr, h\u0259min informasiyalarda d\u0259st\u0259yi o\u011fluna ver\u0259rk\u0259n T\u00fcrkm\u0259nba\u015f\u0131n\u0131n n\u0259 dediyi yaz\u0131lmay\u0131b. \u201cBunlar niy\u0259 s\u0259n\u0259 yox, m\u0259n\u0259 z\u0259ng vururlar\u201d deyib-dem\u0259diyi d\u0259 bilinmir. H\u0259r halda, d\u00f6vl\u0259t ba\u015f\u00e7\u0131lar\u0131n\u0131n onu bu \u015f\u0259kild\u0259, h\u0259m d\u0259 s\u00f6zl\u0259\u015fibl\u0259rmi\u015f kimi eyni g\u00fcnd\u0259 narahat etm\u0259sind\u0259n q\u0259z\u0259bl\u0259nm\u0259si \u015f\u00fcbh\u0259sizdir. D\u0259d\u0259-bala o c\u00fcr se\u00e7kinin g\u0259rginliyind\u0259n qurtarmam\u0131\u015f, h\u0259r\u0259 bir diyardan z\u0259ng vurur, h\u0259m d\u0259 t\u0259z\u0259 prezident\u0259 yox, k\u00f6hn\u0259y\u0259. Ax\u0131 o indi Xalq M\u0259sl\u0259h\u0259ti v\u0259 M\u0259clisi Milli Genge\u015fin s\u0259dridir. Ancaq o da var ki, Qurbanqulu mill\u0259tin atas\u0131 olmaqla yana\u015f\u0131, h\u0259m d\u0259 S\u0259rdar\u0131n atas\u0131d\u0131r, y\u0259qin, prezidentl\u0259r\u0259 el\u0259 buna g\u00f6r\u0259 g\u00fcz\u0259\u015ft\u0259 gedib, a\u011f\u0131r s\u00f6zl\u0259r dem\u0259yib.<\/p>\n\n\n\n<p>\u0130ndi is\u0259 g\u0259lin h\u0259min informasiyalarla, n\u00fcfuzlu d\u00f6vl\u0259t ba\u015f\u00e7\u0131lar\u0131n\u0131n t\u0259brik z\u0259ngl\u0259rinin, t\u0259bii ki, q\u0131sald\u0131lm\u0131\u015f formas\u0131yla tan\u0131\u015f olaq:<\/p>\n\n\n\n<p>Bu g\u00fcn T\u00fcrkm\u0259nistan Prezidenti Qurbanqulu Berdim\u0259h\u0259mm\u0259dovla Rusiya Federasiyas\u0131n\u0131n Prezidenti Vladimir Putin aras\u0131nda telefon dan\u0131\u015f\u0131\u011f\u0131 olub\u2026<br>Sonra xalq\u0131n lideri telefonun d\u0259st\u0259yini T\u00fcrkm\u0259nistan\u0131n yeni se\u00e7ilmi\u015f prezidenti S\u0259rdar Berdim\u0259h\u0259mm\u0259dova t\u0259qdim edib.<\/p>\n\n\n\n<p>Bu g\u00fcn T\u00fcrkm\u0259nistan Prezidenti Qurbanqulu Berdim\u0259h\u0259mm\u0259dov il\u0259 T\u00fcrkiy\u0259 Respublikas\u0131n\u0131n Prezidenti R\u0259c\u0259b Tayyib \u018frdo\u011fan aras\u0131nda telefon dan\u0131\u015f\u0131\u011f\u0131 olub\u2026<br>T\u00fcrkiy\u0259 Respublikas\u0131n\u0131n Prezidentin\u0259 m\u00f6hk\u0259m cansa\u011fl\u0131\u011f\u0131, uzun \u00f6m\u00fcr v\u0259 b\u00fct\u00fcn i\u015fl\u0259rind\u0259 u\u011furlar arzulayan xalq\u0131n lideri d\u0259st\u0259yi T\u00fcrkm\u0259nistan\u0131n yeni se\u00e7ilmi\u015f prezidentin\u0259 verib.<\/p>\n\n\n\n<p>Bu g\u00fcn T\u00fcrkm\u0259nistan Prezidenti Qurbanqulu Berdim\u0259h\u0259mm\u0259dov il\u0259 \u0130ran \u0130slam Respublikas\u0131n\u0131n Prezidenti Seyid \u0130brahim R\u0259isi aras\u0131nda telefon dan\u0131\u015f\u0131\u011f\u0131 olub.<br>Prezident Qurbanqulu Berdim\u0259h\u0259mm\u0259dov f\u00fcrs\u0259td\u0259n istifad\u0259 ed\u0259r\u0259k, d\u00f6vl\u0259tl\u0259raras\u0131 \u0259m\u0259kda\u015fl\u0131\u011f\u0131n inki\u015faf\u0131na verdiyi b\u00f6y\u00fck \u015f\u0259xsi t\u00f6hf\u0259y\u0259 g\u00f6r\u0259 Prezident Seyid \u0130brahim R\u0259isiy\u0259 t\u0259\u015f\u0259kk\u00fcr edib\u2026<\/p>\n\n\n\n<p>Sonra xalq\u0131n lideri d\u0259st\u0259yi T\u00fcrkm\u0259n d\u00f6vl\u0259tinin yeni se\u00e7ilmi\u015f r\u0259hb\u0259rin\u0259 t\u0259hvil verib.<\/p>\n\n\n\n<p>Bu g\u00fcn T\u00fcrkm\u0259nistan Prezidenti Qurbanqulu Berdim\u0259h\u0259mm\u0259dov il\u0259 Pakistan \u0130slam Respublikas\u0131n\u0131n Prezidenti Arif Alvi aras\u0131nda telefon dan\u0131\u015f\u0131\u011f\u0131 olub\u2026<br>Pakistan \u0130slam Respublikas\u0131n\u0131n Prezidentin\u0259 m\u00f6hk\u0259m cansa\u011fl\u0131\u011f\u0131, uzun \u00f6m\u00fcr v\u0259 b\u00fct\u00fcn f\u0259aliyy\u0259tind\u0259 u\u011furlar arzulayan d\u00f6vl\u0259timizin ba\u015f\u00e7\u0131s\u0131 d\u0259st\u0259yi T\u00fcrkm\u0259nistan\u0131n yeni se\u00e7ilmi\u015f prezidentin\u0259 verdi.<\/p>\n\n\n\n<p>Bu g\u00fcn T\u00fcrkm\u0259nistan Prezidenti Qurbanqulu Berdim\u0259h\u0259mm\u0259dov il\u0259 Az\u0259rbaycan Respublikas\u0131n\u0131n Prezidenti \u0130lham \u018fliyev aras\u0131nda telefon dan\u0131\u015f\u0131\u011f\u0131 olub\u2026<br>H\u0259mkar\u0131na m\u00f6hk\u0259m cansa\u011fl\u0131\u011f\u0131, uzun \u00f6m\u00fcr v\u0259 u\u011furlar arzulayan T\u00fcrkm\u0259nistan lideri telefonun d\u0259st\u0259yini T\u00fcrkm\u0259nistan\u0131n yeni se\u00e7ilmi\u015f prezidentin\u0259 t\u0259hvil verib.<\/p>\n\n\n\n<p>Bu g\u00fcn T\u00fcrkm\u0259nistan Prezidenti Qurbanqulu Berdim\u0259h\u0259mm\u0259dovla Erm\u0259nistan Respublikas\u0131n\u0131n ba\u015f naziri Nikol Pa\u015finyan aras\u0131nda telefon dan\u0131\u015f\u0131\u011f\u0131 olub\u2026<br>Sonra xalq\u0131n lideri telefonun d\u0259st\u0259yini T\u00fcrkm\u0259nistan\u0131n yeni se\u00e7ilmi\u015f prezidenti S\u0259rdar Berdim\u0259h\u0259mm\u0259dova t\u0259qdim edib.<\/p>\n\n\n\n<p>Bu g\u00fcn T\u00fcrkm\u0259nistan Prezidenti Qurbanqulu Berdim\u0259h\u0259mm\u0259dov il\u0259 Qazax\u0131stan Respublikas\u0131n\u0131n Prezidenti Kas\u0131m Jomart Tokayev aras\u0131nda telefon dan\u0131\u015f\u0131\u011f\u0131 olub\u2026<br>Sonra xalq\u0131n lideri telefonun d\u0259st\u0259yini T\u00fcrkm\u0259nistan\u0131n yeni se\u00e7ilmi\u015f prezidenti S\u0259rdar Berdim\u0259h\u0259mm\u0259dova t\u0259qdim edib.<\/p>\n\n\n\n<p>Bu g\u00fcn T\u00fcrkm\u0259nistan Prezidenti Qurbanqulu Berdim\u0259h\u0259mm\u0259dov il\u0259 Q\u0131r\u011f\u0131z Respublikas\u0131n\u0131n Prezidenti Sad\u0131r Japarov aras\u0131nda telefon dan\u0131\u015f\u0131\u011f\u0131 olub.<br>Q\u0131r\u011f\u0131z Respublikas\u0131n\u0131n prezidentin\u0259 m\u00f6hk\u0259m cansa\u011fl\u0131\u011f\u0131, uzun \u00f6m\u00fcr v\u0259 b\u00fct\u00fcn i\u015fl\u0259rind\u0259 u\u011furlar arzulayan xalq\u0131n lideri telefonun d\u0259st\u0259yini T\u00fcrkm\u0259nistan\u0131n yeni se\u00e7ilmi\u015f prezidenti S\u0259rdar Berdim\u0259h\u0259mm\u0259dova verib.<\/p>\n\n\n\n<p>Yeri g\u0259lmi\u015fk\u0259n, uzaqg\u00f6r\u0259n Q\u0131r\u011f\u0131z\u0131stan Prezidenti Sad\u0131r Japarov bu il fevral\u0131n 26-da T\u00fcrkm\u0259nba\u015f\u0131ya m\u0259ktubunda \u0259sl astroloq kimi proqnoz verib, T\u00fcrkm\u0259nistan\u0131n n\u00f6vb\u0259ti se\u00e7ilmi\u015f prezidentinin Qurbanqulu Berdim\u0259h\u0259mm\u0259dovun ba\u015flad\u0131\u011f\u0131 yolu davam etdir\u0259c\u0259yin\u0259 \u00fcmidvar oldu\u011funu bildirmi\u015fdi.<\/p>\n\n\n\n<p><\/p>\n\n\n\n<p>      1.Bu g\u00fcn T\u00fcrkm\u0259nistan Prezidenti Qurbanqulu Berdim\u0259h\u0259mm\u0259dov il\u0259 Tacikistan Respublikas\u0131n\u0131n Prezidenti Emom\u0259li R\u0259hmon aras\u0131nda telefon dan\u0131\u015f\u0131\u011f\u0131 olub.<br>Sonra xalq\u0131n lideri telefonun d\u0259st\u0259yini T\u00fcrkm\u0259nistan\u0131n yeni se\u00e7ilmi\u015f prezidenti Serdar Berdim\u0259h\u0259mm\u0259dova t\u0259qdim edib.<\/p>\n\n\n\n<ol class=\"wp-block-list\"><li>Bu g\u00fcn T\u00fcrkm\u0259nistan Prezidenti Qurbanqulu Berdim\u0259h\u0259mm\u0259dov il\u0259 \u00d6zb\u0259kistan Respublikas\u0131n\u0131n Prezidenti \u015eavkat Mirziyoyev aras\u0131nda telefon dan\u0131\u015f\u0131\u011f\u0131 olub.<br>\u00d6zb\u0259kistan Prezidentin\u0259 m\u00f6hk\u0259m can sa\u011fl\u0131\u011f\u0131, uzun \u00f6m\u00fcr v\u0259 b\u00fct\u00fcn i\u015fl\u0259rind\u0259 u\u011furlar arzulayan xalq\u0131n lideri telefonun d\u0259st\u0259yini T\u00fcrkm\u0259nistan\u0131n yeni se\u00e7ilmi\u015f prezidentin\u0259 verib.<\/li><\/ol>\n\n\n\n<p><strong>P.S. <\/strong>D\u00fcnya liderl\u0259rind\u0259n t\u0259brik z\u0259ngl\u0259ri g\u0259lm\u0259kd\u0259 davam edir. D\u00fczd\u00fcr, yen\u0259 z\u0259ngl\u0259ri \u00f6nc\u0259 Qurbanqulu cavablay\u0131r, ancaq hal-\u0259hval tutandan sonra d\u0259st\u0259yi S\u0259rdara verir\u2026<\/p>\n","protected":false},"excerpt":{"rendered":"<p>T\u00fcrkm\u0259nba\u015f\u0131 \u015f\u0259xs\u0259n ona katiblik edir Bu il mart\u0131n 12-d\u0259 qarda\u015f &#8230; <\/p>\n<p class=\"read-more-container\"><a title=\"T\u00fcrkm\u0259nistan\u0131n S\u0259rdar\u0131\u2026\" class=\"read-more button\" href=\"https:\/\/www.meydan.tv\/az\/article\/turkmenistanin-serdari\/#more-239022\" aria-label=\"Read more about T\u00fcrkm\u0259nistan\u0131n S\u0259rdar\u0131\u2026\">Davam\u0131<\/a><\/p>\n","protected":false},"author":8,"featured_media":121439,"comment_status":"closed","ping_status":"closed","sticky":false,"template":"","format":"standard","meta":{"_acf_changed":false,"_sitemap_exclude":false,"_sitemap_priority":"","_sitemap_frequency":"","footnotes":""},"categories":[57],"tags":[],"class_list":["post-239022","post","type-post","status-publish","format-standard","has-post-thumbnail","hentry","category-menim-fikrimce","infinite-scroll-item","generate-columns","tablet-grid-50","mobile-grid-100","grid-parent","grid-33","no-featured-image-padding"],"acf":[],"yoast_head":"<!-- This site is optimized with the Yoast SEO plugin v27.4 - https:\/\/yoast.com\/product\/yoast-seo-wordpress\/ -->\n<title>T\u00fcrkm\u0259nistan\u0131n S\u0259rdar\u0131\u2026 - MEYDAN.TV<\/title>\n<meta name=\"robots\" content=\"index, follow, max-snippet:-1, max-image-preview:large, max-video-preview:-1\" \/>\n<link rel=\"canonical\" href=\"https:\/\/www.meydan.tv\/az\/article\/turkmenistanin-serdari\/\" \/>\n<meta property=\"og:locale\" content=\"az_AZ\" \/>\n<meta property=\"og:type\" content=\"article\" \/>\n<meta property=\"og:title\" content=\"T\u00fcrkm\u0259nistan\u0131n S\u0259rdar\u0131\u2026 - MEYDAN.TV\" \/>\n<meta property=\"og:description\" content=\"T\u00fcrkm\u0259nba\u015f\u0131 \u015f\u0259xs\u0259n ona katiblik edir Bu il mart\u0131n 12-d\u0259 qarda\u015f ... Davam\u0131\" \/>\n<meta property=\"og:url\" content=\"https:\/\/www.meydan.tv\/az\/article\/turkmenistanin-serdari\/\" \/>\n<meta property=\"og:site_name\" content=\"MEYDAN.TV\" \/>\n<meta property=\"article:published_time\" content=\"2022-03-18T20:13:46+00:00\" \/>\n<meta property=\"article:modified_time\" content=\"2022-03-18T20:13:48+00:00\" \/>\n<meta property=\"og:image\" content=\"https:\/\/www.meydan.tv\/wp-content\/uploads\/image_from_ios_unrqckb-scaled.jpg\" \/>\n\t<meta property=\"og:image:width\" content=\"2560\" \/>\n\t<meta property=\"og:image:height\" content=\"1440\" \/>\n\t<meta property=\"og:image:type\" content=\"image\/jpeg\" \/>\n<meta name=\"author\" content=\"elli\" \/>\n<meta name=\"twitter:card\" content=\"summary_large_image\" \/>\n<meta name=\"twitter:creator\" content=\"@elli\" \/>\n<script type=\"application\/ld+json\" class=\"yoast-schema-graph\">{\"@context\":\"https:\\\/\\\/schema.org\",\"@graph\":[{\"@type\":\"Article\",\"@id\":\"https:\\\/\\\/www.meydan.tv\\\/az\\\/article\\\/turkmenistanin-serdari\\\/#article\",\"isPartOf\":{\"@id\":\"https:\\\/\\\/www.meydan.tv\\\/az\\\/article\\\/turkmenistanin-serdari\\\/\"},\"author\":{\"name\":\"elli\",\"@id\":\"https:\\\/\\\/www.meydan.tv\\\/az\\\/#\\\/schema\\\/person\\\/9cdbecf90d17180ce1dfbd95b08dcf47\"},\"headline\":\"T\u00fcrkm\u0259nistan\u0131n S\u0259rdar\u0131\u2026\",\"datePublished\":\"2022-03-18T20:13:46+00:00\",\"dateModified\":\"2022-03-18T20:13:48+00:00\",\"mainEntityOfPage\":{\"@id\":\"https:\\\/\\\/www.meydan.tv\\\/az\\\/article\\\/turkmenistanin-serdari\\\/\"},\"wordCount\":1261,\"publisher\":{\"@id\":\"https:\\\/\\\/www.meydan.tv\\\/az\\\/#organization\"},\"image\":{\"@id\":\"https:\\\/\\\/www.meydan.tv\\\/az\\\/article\\\/turkmenistanin-serdari\\\/#primaryimage\"},\"thumbnailUrl\":\"https:\\\/\\\/www.meydan.tv\\\/wp-content\\\/uploads\\\/image_from_ios_unrqckb-scaled.jpg\",\"articleSection\":[\"M\u0259nim Fikrimc\u0259\"],\"inLanguage\":\"az\"},{\"@type\":\"WebPage\",\"@id\":\"https:\\\/\\\/www.meydan.tv\\\/az\\\/article\\\/turkmenistanin-serdari\\\/\",\"url\":\"https:\\\/\\\/www.meydan.tv\\\/az\\\/article\\\/turkmenistanin-serdari\\\/\",\"name\":\"T\u00fcrkm\u0259nistan\u0131n S\u0259rdar\u0131\u2026 - MEYDAN.TV\",\"isPartOf\":{\"@id\":\"https:\\\/\\\/www.meydan.tv\\\/az\\\/#website\"},\"primaryImageOfPage\":{\"@id\":\"https:\\\/\\\/www.meydan.tv\\\/az\\\/article\\\/turkmenistanin-serdari\\\/#primaryimage\"},\"image\":{\"@id\":\"https:\\\/\\\/www.meydan.tv\\\/az\\\/article\\\/turkmenistanin-serdari\\\/#primaryimage\"},\"thumbnailUrl\":\"https:\\\/\\\/www.meydan.tv\\\/wp-content\\\/uploads\\\/image_from_ios_unrqckb-scaled.jpg\",\"datePublished\":\"2022-03-18T20:13:46+00:00\",\"dateModified\":\"2022-03-18T20:13:48+00:00\",\"breadcrumb\":{\"@id\":\"https:\\\/\\\/www.meydan.tv\\\/az\\\/article\\\/turkmenistanin-serdari\\\/#breadcrumb\"},\"inLanguage\":\"az\",\"potentialAction\":[{\"@type\":\"ReadAction\",\"target\":[\"https:\\\/\\\/www.meydan.tv\\\/az\\\/article\\\/turkmenistanin-serdari\\\/\"]}]},{\"@type\":\"ImageObject\",\"inLanguage\":\"az\",\"@id\":\"https:\\\/\\\/www.meydan.tv\\\/az\\\/article\\\/turkmenistanin-serdari\\\/#primaryimage\",\"url\":\"https:\\\/\\\/www.meydan.tv\\\/wp-content\\\/uploads\\\/image_from_ios_unrqckb-scaled.jpg\",\"contentUrl\":\"https:\\\/\\\/www.meydan.tv\\\/wp-content\\\/uploads\\\/image_from_ios_unrqckb-scaled.jpg\",\"width\":2560,\"height\":1440,\"caption\":\"Foto: Meydan.tv\"},{\"@type\":\"BreadcrumbList\",\"@id\":\"https:\\\/\\\/www.meydan.tv\\\/az\\\/article\\\/turkmenistanin-serdari\\\/#breadcrumb\",\"itemListElement\":[{\"@type\":\"ListItem\",\"position\":1,\"name\":\"Ana s\u0259hif\u0259\",\"item\":\"https:\\\/\\\/www.meydan.tv\\\/az\\\/\"},{\"@type\":\"ListItem\",\"position\":2,\"name\":\"M\u0259nim Fikrimc\u0259\",\"item\":\"https:\\\/\\\/www.meydan.tv\\\/az\\\/section\\\/menim-fikrimce\\\/\"},{\"@type\":\"ListItem\",\"position\":3,\"name\":\"T\u00fcrkm\u0259nistan\u0131n S\u0259rdar\u0131\u2026\"}]},{\"@type\":\"WebSite\",\"@id\":\"https:\\\/\\\/www.meydan.tv\\\/az\\\/#website\",\"url\":\"https:\\\/\\\/www.meydan.tv\\\/az\\\/\",\"name\":\"MEYDAN.TV\",\"description\":\"Meydan TV Az\u0259rbaycan\u0131n media m\u0259kan\u0131ndak\u0131 alternativ s\u0259sidir\",\"publisher\":{\"@id\":\"https:\\\/\\\/www.meydan.tv\\\/az\\\/#organization\"},\"potentialAction\":[{\"@type\":\"SearchAction\",\"target\":{\"@type\":\"EntryPoint\",\"urlTemplate\":\"https:\\\/\\\/www.meydan.tv\\\/az\\\/?s={search_term_string}\"},\"query-input\":{\"@type\":\"PropertyValueSpecification\",\"valueRequired\":true,\"valueName\":\"search_term_string\"}}],\"inLanguage\":\"az\"},{\"@type\":\"Organization\",\"@id\":\"https:\\\/\\\/www.meydan.tv\\\/az\\\/#organization\",\"name\":\"Meydan TV\",\"url\":\"https:\\\/\\\/www.meydan.tv\\\/az\\\/\",\"logo\":{\"@type\":\"ImageObject\",\"inLanguage\":\"az\",\"@id\":\"https:\\\/\\\/www.meydan.tv\\\/az\\\/#\\\/schema\\\/logo\\\/image\\\/\",\"url\":\"https:\\\/\\\/www.meydan.tv\\\/wp-content\\\/uploads\\\/2021\\\/07\\\/meydan-logo.svg\",\"contentUrl\":\"https:\\\/\\\/www.meydan.tv\\\/wp-content\\\/uploads\\\/2021\\\/07\\\/meydan-logo.svg\",\"width\":195,\"height\":46,\"caption\":\"Meydan TV\"},\"image\":{\"@id\":\"https:\\\/\\\/www.meydan.tv\\\/az\\\/#\\\/schema\\\/logo\\\/image\\\/\"}},{\"@type\":\"Person\",\"@id\":\"https:\\\/\\\/www.meydan.tv\\\/az\\\/#\\\/schema\\\/person\\\/9cdbecf90d17180ce1dfbd95b08dcf47\",\"name\":\"elli\",\"sameAs\":[\"https:\\\/\\\/x.com\\\/elli\"]}]}<\/script>\n<!-- \/ Yoast SEO plugin. -->","yoast_head_json":{"title":"T\u00fcrkm\u0259nistan\u0131n S\u0259rdar\u0131\u2026 - MEYDAN.TV","robots":{"index":"index","follow":"follow","max-snippet":"max-snippet:-1","max-image-preview":"max-image-preview:large","max-video-preview":"max-video-preview:-1"},"canonical":"https:\/\/www.meydan.tv\/az\/article\/turkmenistanin-serdari\/","og_locale":"az_AZ","og_type":"article","og_title":"T\u00fcrkm\u0259nistan\u0131n S\u0259rdar\u0131\u2026 - MEYDAN.TV","og_description":"T\u00fcrkm\u0259nba\u015f\u0131 \u015f\u0259xs\u0259n ona katiblik edir Bu il mart\u0131n 12-d\u0259 qarda\u015f ... Davam\u0131","og_url":"https:\/\/www.meydan.tv\/az\/article\/turkmenistanin-serdari\/","og_site_name":"MEYDAN.TV","article_published_time":"2022-03-18T20:13:46+00:00","article_modified_time":"2022-03-18T20:13:48+00:00","og_image":[{"width":2560,"height":1440,"url":"https:\/\/www.meydan.tv\/wp-content\/uploads\/image_from_ios_unrqckb-scaled.jpg","type":"image\/jpeg"}],"author":"elli","twitter_card":"summary_large_image","twitter_creator":"@elli","schema":{"@context":"https:\/\/schema.org","@graph":[{"@type":"Article","@id":"https:\/\/www.meydan.tv\/az\/article\/turkmenistanin-serdari\/#article","isPartOf":{"@id":"https:\/\/www.meydan.tv\/az\/article\/turkmenistanin-serdari\/"},"author":{"name":"elli","@id":"https:\/\/www.meydan.tv\/az\/#\/schema\/person\/9cdbecf90d17180ce1dfbd95b08dcf47"},"headline":"T\u00fcrkm\u0259nistan\u0131n S\u0259rdar\u0131\u2026","datePublished":"2022-03-18T20:13:46+00:00","dateModified":"2022-03-18T20:13:48+00:00","mainEntityOfPage":{"@id":"https:\/\/www.meydan.tv\/az\/article\/turkmenistanin-serdari\/"},"wordCount":1261,"publisher":{"@id":"https:\/\/www.meydan.tv\/az\/#organization"},"image":{"@id":"https:\/\/www.meydan.tv\/az\/article\/turkmenistanin-serdari\/#primaryimage"},"thumbnailUrl":"https:\/\/www.meydan.tv\/wp-content\/uploads\/image_from_ios_unrqckb-scaled.jpg","articleSection":["M\u0259nim Fikrimc\u0259"],"inLanguage":"az"},{"@type":"WebPage","@id":"https:\/\/www.meydan.tv\/az\/article\/turkmenistanin-serdari\/","url":"https:\/\/www.meydan.tv\/az\/article\/turkmenistanin-serdari\/","name":"T\u00fcrkm\u0259nistan\u0131n S\u0259rdar\u0131\u2026 - MEYDAN.TV","isPartOf":{"@id":"https:\/\/www.meydan.tv\/az\/#website"},"primaryImageOfPage":{"@id":"https:\/\/www.meydan.tv\/az\/article\/turkmenistanin-serdari\/#primaryimage"},"image":{"@id":"https:\/\/www.meydan.tv\/az\/article\/turkmenistanin-serdari\/#primaryimage"},"thumbnailUrl":"https:\/\/www.meydan.tv\/wp-content\/uploads\/image_from_ios_unrqckb-scaled.jpg","datePublished":"2022-03-18T20:13:46+00:00","dateModified":"2022-03-18T20:13:48+00:00","breadcrumb":{"@id":"https:\/\/www.meydan.tv\/az\/article\/turkmenistanin-serdari\/#breadcrumb"},"inLanguage":"az","potentialAction":[{"@type":"ReadAction","target":["https:\/\/www.meydan.tv\/az\/article\/turkmenistanin-serdari\/"]}]},{"@type":"ImageObject","inLanguage":"az","@id":"https:\/\/www.meydan.tv\/az\/article\/turkmenistanin-serdari\/#primaryimage","url":"https:\/\/www.meydan.tv\/wp-content\/uploads\/image_from_ios_unrqckb-scaled.jpg","contentUrl":"https:\/\/www.meydan.tv\/wp-content\/uploads\/image_from_ios_unrqckb-scaled.jpg","width":2560,"height":1440,"caption":"Foto: Meydan.tv"},{"@type":"BreadcrumbList","@id":"https:\/\/www.meydan.tv\/az\/article\/turkmenistanin-serdari\/#breadcrumb","itemListElement":[{"@type":"ListItem","position":1,"name":"Ana s\u0259hif\u0259","item":"https:\/\/www.meydan.tv\/az\/"},{"@type":"ListItem","position":2,"name":"M\u0259nim Fikrimc\u0259","item":"https:\/\/www.meydan.tv\/az\/section\/menim-fikrimce\/"},{"@type":"ListItem","position":3,"name":"T\u00fcrkm\u0259nistan\u0131n S\u0259rdar\u0131\u2026"}]},{"@type":"WebSite","@id":"https:\/\/www.meydan.tv\/az\/#website","url":"https:\/\/www.meydan.tv\/az\/","name":"MEYDAN.TV","description":"Meydan TV Az\u0259rbaycan\u0131n media m\u0259kan\u0131ndak\u0131 alternativ s\u0259sidir","publisher":{"@id":"https:\/\/www.meydan.tv\/az\/#organization"},"potentialAction":[{"@type":"SearchAction","target":{"@type":"EntryPoint","urlTemplate":"https:\/\/www.meydan.tv\/az\/?s={search_term_string}"},"query-input":{"@type":"PropertyValueSpecification","valueRequired":true,"valueName":"search_term_string"}}],"inLanguage":"az"},{"@type":"Organization","@id":"https:\/\/www.meydan.tv\/az\/#organization","name":"Meydan TV","url":"https:\/\/www.meydan.tv\/az\/","logo":{"@type":"ImageObject","inLanguage":"az","@id":"https:\/\/www.meydan.tv\/az\/#\/schema\/logo\/image\/","url":"https:\/\/www.meydan.tv\/wp-content\/uploads\/2021\/07\/meydan-logo.svg","contentUrl":"https:\/\/www.meydan.tv\/wp-content\/uploads\/2021\/07\/meydan-logo.svg","width":195,"height":46,"caption":"Meydan TV"},"image":{"@id":"https:\/\/www.meydan.tv\/az\/#\/schema\/logo\/image\/"}},{"@type":"Person","@id":"https:\/\/www.meydan.tv\/az\/#\/schema\/person\/9cdbecf90d17180ce1dfbd95b08dcf47","name":"elli","sameAs":["https:\/\/x.com\/elli"]}]}},"_links":{"self":[{"href":"https:\/\/www.meydan.tv\/az\/wp-json\/wp\/v2\/posts\/239022","targetHints":{"allow":["GET"]}}],"collection":[{"href":"https:\/\/www.meydan.tv\/az\/wp-json\/wp\/v2\/posts"}],"about":[{"href":"https:\/\/www.meydan.tv\/az\/wp-json\/wp\/v2\/types\/post"}],"author":[{"embeddable":true,"href":"https:\/\/www.meydan.tv\/az\/wp-json\/wp\/v2\/users\/8"}],"replies":[{"embeddable":true,"href":"https:\/\/www.meydan.tv\/az\/wp-json\/wp\/v2\/comments?post=239022"}],"version-history":[{"count":2,"href":"https:\/\/www.meydan.tv\/az\/wp-json\/wp\/v2\/posts\/239022\/revisions"}],"predecessor-version":[{"id":239815,"href":"https:\/\/www.meydan.tv\/az\/wp-json\/wp\/v2\/posts\/239022\/revisions\/239815"}],"wp:featuredmedia":[{"embeddable":true,"href":"https:\/\/www.meydan.tv\/az\/wp-json\/wp\/v2\/media\/121439"}],"wp:attachment":[{"href":"https:\/\/www.meydan.tv\/az\/wp-json\/wp\/v2\/media?parent=239022"}],"wp:term":[{"taxonomy":"category","embeddable":true,"href":"https:\/\/www.meydan.tv\/az\/wp-json\/wp\/v2\/categories?post=239022"},{"taxonomy":"post_tag","embeddable":true,"href":"https:\/\/www.meydan.tv\/az\/wp-json\/wp\/v2\/tags?post=239022"}],"curies":[{"name":"wp","href":"https:\/\/api.w.org\/{rel}","templated":true}]}}