{"id":239003,"date":"2022-03-18T20:41:38","date_gmt":"2022-03-18T16:41:38","guid":{"rendered":"https:\/\/www.meydan.tv\/?p=239003"},"modified":"2022-03-18T20:45:09","modified_gmt":"2022-03-18T16:45:09","slug":"nazirliyin-muellifi-mukafati-bilinmeyen-loqosu","status":"publish","type":"post","link":"https:\/\/www.meydan.tv\/az\/article\/nazirliyin-muellifi-mukafati-bilinmeyen-loqosu\/","title":{"rendered":"Nazirliyin m\u00fc\u0259llifi, m\u00fckafat\u0131 bilinm\u0259y\u0259n loqosu"},"content":{"rendered":"\n<p><em>Bir g\u00fcnd\u0259 100-d\u0259n art\u0131q loqonu qiym\u0259tl\u0259ndir\u0259n m\u00fcnsifl\u0259r kimdir?<\/em><\/p>\n\n\n\n<p>Mart ay\u0131n\u0131n 2-d\u0259 G\u0259ncl\u0259r v\u0259 \u0130dman Nazirliyi 20 ild\u0259n sonra q\u0259rara g\u0259ldi: Dey\u0259s\u0259n, loqomuz k\u00f6hn\u0259lib, b\u0259lk\u0259 ony yenil\u0259y\u0259k?<\/p>\n\n\n\n<p>V\u0259 nazirlikd\u0259 bel\u0259 q\u0259rara g\u0259lirl\u0259r ki, bunun \u00fc\u00e7\u00fcn ayr\u0131ca m\u00fcsabiq\u0259 elan edilsin.<br>Nazirliyin M\u0259tbuat Xidm\u0259tind\u0259n &#8220;Report&#8221;a veril\u0259n m\u0259lumata g\u00f6r\u0259, yeni loqonun dizayn\u0131 g\u0259ncl\u0259r v\u0259 idmana dair \u00fcmumi elementl\u0259ri ehtiva etm\u0259li, orijinal v\u0259 konseptual g\u00f6r\u00fcn\u00fc\u015fl\u00fc olmal\u0131d\u0131r.<\/p>\n\n\n\n<p>M\u00fcsabiq\u0259y\u0259 is\u0259 yaln\u0131z indiy\u0259d\u0259k istifad\u0259 edilm\u0259y\u0259n v\u0259 m\u00f6vcud loqotipl\u0259rin elementl\u0259rini t\u0259krarlamayan loqolar t\u0259qdim edilm\u0259liydi.<\/p>\n\n\n\n<p>\u015e\u0259rtl\u0259r\u0259 g\u00f6r\u0259, t\u0259klifl\u0259r 10 i\u015f g\u00fcn\u00fc \u0259rzind\u0259 &#8211; 16 martad\u0259k nazirliy\u0259 g\u00f6nd\u0259rilm\u0259li idi.<br>El\u0259 g\u00f6nd\u0259rilir d\u0259. D\u00fcz 14 g\u00fcn m\u00fcdd\u0259tind\u0259 nazirliyini yeni loqosunu yarad\u0131b m\u00fckafat qazanmaq ist\u0259y\u0259nl\u0259rin say\u0131 100-\u0259 \u00e7at\u0131b.<\/p>\n\n\n\n<p>N\u0259hay\u0259t, bu g\u00fcn G\u0259ncl\u0259r v\u0259 \u0130dman Nazirliyinin yeni loqosu t\u0259qdim olunub.<br>Apasport.az sayt\u0131n\u0131n m\u0259lumat\u0131na g\u00f6r\u0259, loqonun t\u0259qdimat m\u0259rasimi Bak\u0131 G\u0259ncl\u0259r M\u0259rk\u0259zind\u0259 ke\u00e7irilib.<br>T\u0259dbird\u0259 \u00e7\u0131x\u0131\u015f ed\u0259n g\u0259ncl\u0259r v\u0259 idman naziri F\u0259rid Qay\u0131bov loqonu d\u0259yi\u015fm\u0259yin vaxt\u0131 \u00e7atd\u0131\u011f\u0131n\u0131 bildirib: \u201cYeni t\u0259rzd\u0259 korporativ r\u0259ngl\u0259r\u0259 yol a\u00e7maq ist\u0259dik. \u0130ki h\u0259ft\u0259 \u0259vv\u0259l elan etdik, y\u00fcz\u0259 q\u0259d\u0259r variantlar ald\u0131q. N\u0259hay\u0259t, qalib loqonu se\u00e7dik. Sonda da bu g\u00fcn t\u0259qdim etdiyimiz loqo \u00fcz\u0259rind\u0259 dayand\u0131q. D\u00fc\u015f\u00fcn\u00fcr\u0259m ki, bu loqo m\u00fcasir t\u0259l\u0259bl\u0259r\u0259 cavab verir\u201d.<br>B\u0259s n\u0259dir, daha do\u011frusu nec\u0259dir nazirliyin yeni loqosu? G\u00f6r\u0259s\u0259n bu &#8220;loqo&#8221;ya n\u0259 q\u0259d\u0259r pul x\u0259rcl\u0259nib? B\u0259lk\u0259 d\u0259 subyektiv fikrimizi q\u0259rib\u00e7iliy\u0259 salacaqs\u0131n\u0131z, amma bel\u0259 bir loqonu 4-cu sinif \u015fagirdl\u0259ri informatika f\u0259nnind\u0259n paint-\u0259 dair d\u0259rsd\u0259 ilk i\u015fl\u0259rind\u0259 haz\u0131rlay\u0131rlar. A\u011f fonda ya\u015f\u0131l \u015friftl\u0259 AZE yaz\u0131lm\u0131\u015f bir bu n\u0259sn\u0259 do\u011frudanm\u0131 c\u0259nab nazirin dediyi kimi \u201cg\u0259ncl\u0259r v\u0259 idmana dair \u00fcmumi elementl\u0259ri ehtiva edir, orijinal v\u0259 konseptual g\u00f6r\u00fcn\u00fc\u015fl\u00fcd\u00fcr?\u201d<\/p>\n\n\n\n<p>Bu m\u0259s\u0259l\u0259nin bir t\u0259r\u0259fi. B\u0259s g\u00f6r\u0259s\u0259n, mart\u0131n 2-d\u0259 ba\u015flay\u0131b 16-da bit\u0259n m\u00fcsabiq\u0259y\u0259 t\u0259qdim olunun 100 i\u015f bir i\u015f g\u00fcn\u00fc \u0259rzind\u0259 nec\u0259 ara\u015fd\u0131r\u0131l\u0131b? Bu f\u00f6q\u0259lm\u00fcnsifl\u0259r kimdir?<br>B\u0259s g\u00f6rs\u0259n qalib kimdi, ona n\u0259 q\u0259d\u0259r m\u00fckafat verilib?<br>Nazirliyin m\u0259tbuat xidm\u0259tinin r\u0259hb\u0259ri Qabil Mehdiyev Meydan TV-y\u0259 bildirib ki, onlar d\u00fcn\u0259n b\u00fct\u00fcn g\u00fcn\u00fc i\u015fl\u0259yibl\u0259r v\u0259 n\u0259hay\u0259t, qalibi se\u00e7ibl\u0259r: \u201c\u0130st\u0259dik \u0259n yax\u015f\u0131s\u0131n\u0131 se\u00e7\u0259k. O ki qald\u0131 m\u00fckafata, sizd\u0259n qabaq da z\u0259ng etmi\u015fdil\u0259r. M\u00fckafat\u0131n m\u0259bl\u0259\u011find\u0259n x\u0259b\u0259rim yoxdur\u201d.<br>Dey\u0259s\u0259n el\u0259 qalibd\u0259n d\u0259. \u00c7\u00fcnki qalibin kim oldu\u011fu da t\u0259dbird\u0259 a\u00e7\u0131qlanmay\u0131b.<\/p>\n","protected":false},"excerpt":{"rendered":"<p>Bir g\u00fcnd\u0259 100-d\u0259n art\u0131q loqonu qiym\u0259tl\u0259ndir\u0259n m\u00fcnsifl\u0259r kimdir? Mart ay\u0131n\u0131n &#8230; <\/p>\n<p class=\"read-more-container\"><a title=\"Nazirliyin m\u00fc\u0259llifi, m\u00fckafat\u0131 bilinm\u0259y\u0259n loqosu\" class=\"read-more button\" href=\"https:\/\/www.meydan.tv\/az\/article\/nazirliyin-muellifi-mukafati-bilinmeyen-loqosu\/#more-239003\" aria-label=\"Read more about Nazirliyin m\u00fc\u0259llifi, m\u00fckafat\u0131 bilinm\u0259y\u0259n loqosu\">Davam\u0131<\/a><\/p>\n","protected":false},"author":8,"featured_media":239000,"comment_status":"closed","ping_status":"closed","sticky":false,"template":"","format":"standard","meta":{"_acf_changed":false,"_sitemap_exclude":false,"_sitemap_priority":"","_sitemap_frequency":"","footnotes":""},"categories":[57,79],"tags":[],"class_list":["post-239003","post","type-post","status-publish","format-standard","has-post-thumbnail","hentry","category-menim-fikrimce","category-featured","infinite-scroll-item","generate-columns","tablet-grid-50","mobile-grid-100","grid-parent","grid-33","no-featured-image-padding"],"acf":[],"yoast_head":"<!-- This site is optimized with the Yoast SEO plugin v27.4 - https:\/\/yoast.com\/product\/yoast-seo-wordpress\/ -->\n<title>Nazirliyin m\u00fc\u0259llifi, m\u00fckafat\u0131 bilinm\u0259y\u0259n loqosu - MEYDAN.TV<\/title>\n<meta name=\"robots\" content=\"index, follow, max-snippet:-1, max-image-preview:large, max-video-preview:-1\" \/>\n<link rel=\"canonical\" href=\"https:\/\/www.meydan.tv\/az\/article\/nazirliyin-muellifi-mukafati-bilinmeyen-loqosu\/\" \/>\n<meta property=\"og:locale\" content=\"az_AZ\" \/>\n<meta property=\"og:type\" content=\"article\" \/>\n<meta property=\"og:title\" content=\"Nazirliyin m\u00fc\u0259llifi, m\u00fckafat\u0131 bilinm\u0259y\u0259n loqosu - MEYDAN.TV\" \/>\n<meta property=\"og:description\" content=\"Bir g\u00fcnd\u0259 100-d\u0259n art\u0131q loqonu qiym\u0259tl\u0259ndir\u0259n m\u00fcnsifl\u0259r kimdir? Mart ay\u0131n\u0131n ... Davam\u0131\" \/>\n<meta property=\"og:url\" content=\"https:\/\/www.meydan.tv\/az\/article\/nazirliyin-muellifi-mukafati-bilinmeyen-loqosu\/\" \/>\n<meta property=\"og:site_name\" content=\"MEYDAN.TV\" \/>\n<meta property=\"article:published_time\" content=\"2022-03-18T16:41:38+00:00\" \/>\n<meta property=\"article:modified_time\" content=\"2022-03-18T16:45:09+00:00\" \/>\n<meta property=\"og:image\" content=\"https:\/\/www.meydan.tv\/wp-content\/uploads\/1028290_5.jpg\" \/>\n\t<meta property=\"og:image:width\" content=\"1280\" \/>\n\t<meta property=\"og:image:height\" content=\"853\" \/>\n\t<meta property=\"og:image:type\" content=\"image\/jpeg\" \/>\n<meta name=\"author\" content=\"elli\" \/>\n<meta name=\"twitter:card\" content=\"summary_large_image\" \/>\n<meta name=\"twitter:creator\" content=\"@elli\" \/>\n<script type=\"application\/ld+json\" class=\"yoast-schema-graph\">{\"@context\":\"https:\\\/\\\/schema.org\",\"@graph\":[{\"@type\":\"Article\",\"@id\":\"https:\\\/\\\/www.meydan.tv\\\/az\\\/article\\\/nazirliyin-muellifi-mukafati-bilinmeyen-loqosu\\\/#article\",\"isPartOf\":{\"@id\":\"https:\\\/\\\/www.meydan.tv\\\/az\\\/article\\\/nazirliyin-muellifi-mukafati-bilinmeyen-loqosu\\\/\"},\"author\":{\"name\":\"elli\",\"@id\":\"https:\\\/\\\/www.meydan.tv\\\/az\\\/#\\\/schema\\\/person\\\/9cdbecf90d17180ce1dfbd95b08dcf47\"},\"headline\":\"Nazirliyin m\u00fc\u0259llifi, m\u00fckafat\u0131 bilinm\u0259y\u0259n loqosu\",\"datePublished\":\"2022-03-18T16:41:38+00:00\",\"dateModified\":\"2022-03-18T16:45:09+00:00\",\"mainEntityOfPage\":{\"@id\":\"https:\\\/\\\/www.meydan.tv\\\/az\\\/article\\\/nazirliyin-muellifi-mukafati-bilinmeyen-loqosu\\\/\"},\"wordCount\":564,\"publisher\":{\"@id\":\"https:\\\/\\\/www.meydan.tv\\\/az\\\/#organization\"},\"image\":{\"@id\":\"https:\\\/\\\/www.meydan.tv\\\/az\\\/article\\\/nazirliyin-muellifi-mukafati-bilinmeyen-loqosu\\\/#primaryimage\"},\"thumbnailUrl\":\"https:\\\/\\\/www.meydan.tv\\\/wp-content\\\/uploads\\\/1028290_5.jpg\",\"articleSection\":[\"M\u0259nim Fikrimc\u0259\",\"T\u00f6vsiy\u0259\"],\"inLanguage\":\"az\"},{\"@type\":\"WebPage\",\"@id\":\"https:\\\/\\\/www.meydan.tv\\\/az\\\/article\\\/nazirliyin-muellifi-mukafati-bilinmeyen-loqosu\\\/\",\"url\":\"https:\\\/\\\/www.meydan.tv\\\/az\\\/article\\\/nazirliyin-muellifi-mukafati-bilinmeyen-loqosu\\\/\",\"name\":\"Nazirliyin m\u00fc\u0259llifi, m\u00fckafat\u0131 bilinm\u0259y\u0259n loqosu - MEYDAN.TV\",\"isPartOf\":{\"@id\":\"https:\\\/\\\/www.meydan.tv\\\/az\\\/#website\"},\"primaryImageOfPage\":{\"@id\":\"https:\\\/\\\/www.meydan.tv\\\/az\\\/article\\\/nazirliyin-muellifi-mukafati-bilinmeyen-loqosu\\\/#primaryimage\"},\"image\":{\"@id\":\"https:\\\/\\\/www.meydan.tv\\\/az\\\/article\\\/nazirliyin-muellifi-mukafati-bilinmeyen-loqosu\\\/#primaryimage\"},\"thumbnailUrl\":\"https:\\\/\\\/www.meydan.tv\\\/wp-content\\\/uploads\\\/1028290_5.jpg\",\"datePublished\":\"2022-03-18T16:41:38+00:00\",\"dateModified\":\"2022-03-18T16:45:09+00:00\",\"breadcrumb\":{\"@id\":\"https:\\\/\\\/www.meydan.tv\\\/az\\\/article\\\/nazirliyin-muellifi-mukafati-bilinmeyen-loqosu\\\/#breadcrumb\"},\"inLanguage\":\"az\",\"potentialAction\":[{\"@type\":\"ReadAction\",\"target\":[\"https:\\\/\\\/www.meydan.tv\\\/az\\\/article\\\/nazirliyin-muellifi-mukafati-bilinmeyen-loqosu\\\/\"]}]},{\"@type\":\"ImageObject\",\"inLanguage\":\"az\",\"@id\":\"https:\\\/\\\/www.meydan.tv\\\/az\\\/article\\\/nazirliyin-muellifi-mukafati-bilinmeyen-loqosu\\\/#primaryimage\",\"url\":\"https:\\\/\\\/www.meydan.tv\\\/wp-content\\\/uploads\\\/1028290_5.jpg\",\"contentUrl\":\"https:\\\/\\\/www.meydan.tv\\\/wp-content\\\/uploads\\\/1028290_5.jpg\",\"width\":1280,\"height\":853,\"caption\":\"M\u0259nb\u0259: G\u0259ncl\u0259r v\u0259 \u0130dman Nazirliyi\"},{\"@type\":\"BreadcrumbList\",\"@id\":\"https:\\\/\\\/www.meydan.tv\\\/az\\\/article\\\/nazirliyin-muellifi-mukafati-bilinmeyen-loqosu\\\/#breadcrumb\",\"itemListElement\":[{\"@type\":\"ListItem\",\"position\":1,\"name\":\"Ana s\u0259hif\u0259\",\"item\":\"https:\\\/\\\/www.meydan.tv\\\/az\\\/\"},{\"@type\":\"ListItem\",\"position\":2,\"name\":\"M\u0259nim Fikrimc\u0259\",\"item\":\"https:\\\/\\\/www.meydan.tv\\\/az\\\/section\\\/menim-fikrimce\\\/\"},{\"@type\":\"ListItem\",\"position\":3,\"name\":\"Nazirliyin m\u00fc\u0259llifi, m\u00fckafat\u0131 bilinm\u0259y\u0259n loqosu\"}]},{\"@type\":\"WebSite\",\"@id\":\"https:\\\/\\\/www.meydan.tv\\\/az\\\/#website\",\"url\":\"https:\\\/\\\/www.meydan.tv\\\/az\\\/\",\"name\":\"MEYDAN.TV\",\"description\":\"Meydan TV Az\u0259rbaycan\u0131n media m\u0259kan\u0131ndak\u0131 alternativ s\u0259sidir\",\"publisher\":{\"@id\":\"https:\\\/\\\/www.meydan.tv\\\/az\\\/#organization\"},\"potentialAction\":[{\"@type\":\"SearchAction\",\"target\":{\"@type\":\"EntryPoint\",\"urlTemplate\":\"https:\\\/\\\/www.meydan.tv\\\/az\\\/?s={search_term_string}\"},\"query-input\":{\"@type\":\"PropertyValueSpecification\",\"valueRequired\":true,\"valueName\":\"search_term_string\"}}],\"inLanguage\":\"az\"},{\"@type\":\"Organization\",\"@id\":\"https:\\\/\\\/www.meydan.tv\\\/az\\\/#organization\",\"name\":\"Meydan TV\",\"url\":\"https:\\\/\\\/www.meydan.tv\\\/az\\\/\",\"logo\":{\"@type\":\"ImageObject\",\"inLanguage\":\"az\",\"@id\":\"https:\\\/\\\/www.meydan.tv\\\/az\\\/#\\\/schema\\\/logo\\\/image\\\/\",\"url\":\"https:\\\/\\\/www.meydan.tv\\\/wp-content\\\/uploads\\\/2021\\\/07\\\/meydan-logo.svg\",\"contentUrl\":\"https:\\\/\\\/www.meydan.tv\\\/wp-content\\\/uploads\\\/2021\\\/07\\\/meydan-logo.svg\",\"width\":195,\"height\":46,\"caption\":\"Meydan TV\"},\"image\":{\"@id\":\"https:\\\/\\\/www.meydan.tv\\\/az\\\/#\\\/schema\\\/logo\\\/image\\\/\"}},{\"@type\":\"Person\",\"@id\":\"https:\\\/\\\/www.meydan.tv\\\/az\\\/#\\\/schema\\\/person\\\/9cdbecf90d17180ce1dfbd95b08dcf47\",\"name\":\"elli\",\"sameAs\":[\"https:\\\/\\\/x.com\\\/elli\"]}]}<\/script>\n<!-- \/ Yoast SEO plugin. -->","yoast_head_json":{"title":"Nazirliyin m\u00fc\u0259llifi, m\u00fckafat\u0131 bilinm\u0259y\u0259n loqosu - MEYDAN.TV","robots":{"index":"index","follow":"follow","max-snippet":"max-snippet:-1","max-image-preview":"max-image-preview:large","max-video-preview":"max-video-preview:-1"},"canonical":"https:\/\/www.meydan.tv\/az\/article\/nazirliyin-muellifi-mukafati-bilinmeyen-loqosu\/","og_locale":"az_AZ","og_type":"article","og_title":"Nazirliyin m\u00fc\u0259llifi, m\u00fckafat\u0131 bilinm\u0259y\u0259n loqosu - MEYDAN.TV","og_description":"Bir g\u00fcnd\u0259 100-d\u0259n art\u0131q loqonu qiym\u0259tl\u0259ndir\u0259n m\u00fcnsifl\u0259r kimdir? Mart ay\u0131n\u0131n ... Davam\u0131","og_url":"https:\/\/www.meydan.tv\/az\/article\/nazirliyin-muellifi-mukafati-bilinmeyen-loqosu\/","og_site_name":"MEYDAN.TV","article_published_time":"2022-03-18T16:41:38+00:00","article_modified_time":"2022-03-18T16:45:09+00:00","og_image":[{"width":1280,"height":853,"url":"https:\/\/www.meydan.tv\/wp-content\/uploads\/1028290_5.jpg","type":"image\/jpeg"}],"author":"elli","twitter_card":"summary_large_image","twitter_creator":"@elli","schema":{"@context":"https:\/\/schema.org","@graph":[{"@type":"Article","@id":"https:\/\/www.meydan.tv\/az\/article\/nazirliyin-muellifi-mukafati-bilinmeyen-loqosu\/#article","isPartOf":{"@id":"https:\/\/www.meydan.tv\/az\/article\/nazirliyin-muellifi-mukafati-bilinmeyen-loqosu\/"},"author":{"name":"elli","@id":"https:\/\/www.meydan.tv\/az\/#\/schema\/person\/9cdbecf90d17180ce1dfbd95b08dcf47"},"headline":"Nazirliyin m\u00fc\u0259llifi, m\u00fckafat\u0131 bilinm\u0259y\u0259n loqosu","datePublished":"2022-03-18T16:41:38+00:00","dateModified":"2022-03-18T16:45:09+00:00","mainEntityOfPage":{"@id":"https:\/\/www.meydan.tv\/az\/article\/nazirliyin-muellifi-mukafati-bilinmeyen-loqosu\/"},"wordCount":564,"publisher":{"@id":"https:\/\/www.meydan.tv\/az\/#organization"},"image":{"@id":"https:\/\/www.meydan.tv\/az\/article\/nazirliyin-muellifi-mukafati-bilinmeyen-loqosu\/#primaryimage"},"thumbnailUrl":"https:\/\/www.meydan.tv\/wp-content\/uploads\/1028290_5.jpg","articleSection":["M\u0259nim Fikrimc\u0259","T\u00f6vsiy\u0259"],"inLanguage":"az"},{"@type":"WebPage","@id":"https:\/\/www.meydan.tv\/az\/article\/nazirliyin-muellifi-mukafati-bilinmeyen-loqosu\/","url":"https:\/\/www.meydan.tv\/az\/article\/nazirliyin-muellifi-mukafati-bilinmeyen-loqosu\/","name":"Nazirliyin m\u00fc\u0259llifi, m\u00fckafat\u0131 bilinm\u0259y\u0259n loqosu - MEYDAN.TV","isPartOf":{"@id":"https:\/\/www.meydan.tv\/az\/#website"},"primaryImageOfPage":{"@id":"https:\/\/www.meydan.tv\/az\/article\/nazirliyin-muellifi-mukafati-bilinmeyen-loqosu\/#primaryimage"},"image":{"@id":"https:\/\/www.meydan.tv\/az\/article\/nazirliyin-muellifi-mukafati-bilinmeyen-loqosu\/#primaryimage"},"thumbnailUrl":"https:\/\/www.meydan.tv\/wp-content\/uploads\/1028290_5.jpg","datePublished":"2022-03-18T16:41:38+00:00","dateModified":"2022-03-18T16:45:09+00:00","breadcrumb":{"@id":"https:\/\/www.meydan.tv\/az\/article\/nazirliyin-muellifi-mukafati-bilinmeyen-loqosu\/#breadcrumb"},"inLanguage":"az","potentialAction":[{"@type":"ReadAction","target":["https:\/\/www.meydan.tv\/az\/article\/nazirliyin-muellifi-mukafati-bilinmeyen-loqosu\/"]}]},{"@type":"ImageObject","inLanguage":"az","@id":"https:\/\/www.meydan.tv\/az\/article\/nazirliyin-muellifi-mukafati-bilinmeyen-loqosu\/#primaryimage","url":"https:\/\/www.meydan.tv\/wp-content\/uploads\/1028290_5.jpg","contentUrl":"https:\/\/www.meydan.tv\/wp-content\/uploads\/1028290_5.jpg","width":1280,"height":853,"caption":"M\u0259nb\u0259: G\u0259ncl\u0259r v\u0259 \u0130dman Nazirliyi"},{"@type":"BreadcrumbList","@id":"https:\/\/www.meydan.tv\/az\/article\/nazirliyin-muellifi-mukafati-bilinmeyen-loqosu\/#breadcrumb","itemListElement":[{"@type":"ListItem","position":1,"name":"Ana s\u0259hif\u0259","item":"https:\/\/www.meydan.tv\/az\/"},{"@type":"ListItem","position":2,"name":"M\u0259nim Fikrimc\u0259","item":"https:\/\/www.meydan.tv\/az\/section\/menim-fikrimce\/"},{"@type":"ListItem","position":3,"name":"Nazirliyin m\u00fc\u0259llifi, m\u00fckafat\u0131 bilinm\u0259y\u0259n loqosu"}]},{"@type":"WebSite","@id":"https:\/\/www.meydan.tv\/az\/#website","url":"https:\/\/www.meydan.tv\/az\/","name":"MEYDAN.TV","description":"Meydan TV Az\u0259rbaycan\u0131n media m\u0259kan\u0131ndak\u0131 alternativ s\u0259sidir","publisher":{"@id":"https:\/\/www.meydan.tv\/az\/#organization"},"potentialAction":[{"@type":"SearchAction","target":{"@type":"EntryPoint","urlTemplate":"https:\/\/www.meydan.tv\/az\/?s={search_term_string}"},"query-input":{"@type":"PropertyValueSpecification","valueRequired":true,"valueName":"search_term_string"}}],"inLanguage":"az"},{"@type":"Organization","@id":"https:\/\/www.meydan.tv\/az\/#organization","name":"Meydan TV","url":"https:\/\/www.meydan.tv\/az\/","logo":{"@type":"ImageObject","inLanguage":"az","@id":"https:\/\/www.meydan.tv\/az\/#\/schema\/logo\/image\/","url":"https:\/\/www.meydan.tv\/wp-content\/uploads\/2021\/07\/meydan-logo.svg","contentUrl":"https:\/\/www.meydan.tv\/wp-content\/uploads\/2021\/07\/meydan-logo.svg","width":195,"height":46,"caption":"Meydan TV"},"image":{"@id":"https:\/\/www.meydan.tv\/az\/#\/schema\/logo\/image\/"}},{"@type":"Person","@id":"https:\/\/www.meydan.tv\/az\/#\/schema\/person\/9cdbecf90d17180ce1dfbd95b08dcf47","name":"elli","sameAs":["https:\/\/x.com\/elli"]}]}},"_links":{"self":[{"href":"https:\/\/www.meydan.tv\/az\/wp-json\/wp\/v2\/posts\/239003","targetHints":{"allow":["GET"]}}],"collection":[{"href":"https:\/\/www.meydan.tv\/az\/wp-json\/wp\/v2\/posts"}],"about":[{"href":"https:\/\/www.meydan.tv\/az\/wp-json\/wp\/v2\/types\/post"}],"author":[{"embeddable":true,"href":"https:\/\/www.meydan.tv\/az\/wp-json\/wp\/v2\/users\/8"}],"replies":[{"embeddable":true,"href":"https:\/\/www.meydan.tv\/az\/wp-json\/wp\/v2\/comments?post=239003"}],"version-history":[{"count":2,"href":"https:\/\/www.meydan.tv\/az\/wp-json\/wp\/v2\/posts\/239003\/revisions"}],"predecessor-version":[{"id":239005,"href":"https:\/\/www.meydan.tv\/az\/wp-json\/wp\/v2\/posts\/239003\/revisions\/239005"}],"wp:featuredmedia":[{"embeddable":true,"href":"https:\/\/www.meydan.tv\/az\/wp-json\/wp\/v2\/media\/239000"}],"wp:attachment":[{"href":"https:\/\/www.meydan.tv\/az\/wp-json\/wp\/v2\/media?parent=239003"}],"wp:term":[{"taxonomy":"category","embeddable":true,"href":"https:\/\/www.meydan.tv\/az\/wp-json\/wp\/v2\/categories?post=239003"},{"taxonomy":"post_tag","embeddable":true,"href":"https:\/\/www.meydan.tv\/az\/wp-json\/wp\/v2\/tags?post=239003"}],"curies":[{"name":"wp","href":"https:\/\/api.w.org\/{rel}","templated":true}]}}