{"id":238831,"date":"2022-03-17T17:30:13","date_gmt":"2022-03-17T13:30:13","guid":{"rendered":"https:\/\/www.meydan.tv\/?p=238831"},"modified":"2022-03-17T17:30:15","modified_gmt":"2022-03-17T13:30:15","slug":"huquq-mudafiecisi-novruzda-efv-serencami-gozleyirdik-teessuf-ki","status":"publish","type":"post","link":"https:\/\/www.meydan.tv\/az\/article\/huquq-mudafiecisi-novruzda-efv-serencami-gozleyirdik-teessuf-ki\/","title":{"rendered":"H\u00fcquq m\u00fcdafi\u0259\u00e7isi: \u201cNovruzda \u0259fv s\u0259r\u0259ncam\u0131 g\u00f6zl\u0259yirdik, t\u0259\u0259ss\u00fcf ki\u2026\u201d"},"content":{"rendered":"\n<p><\/p>\n\n\n\n<p><em>\u201cHakimiyy\u0259t siyasi m\u0259hbus ail\u0259l\u0259rinin hissl\u0259ri il\u0259 oynay\u0131r\u201d<\/em><\/p>\n\n\n\n<p>H\u00fcquq m\u00fcdafi\u0259\u00e7il\u0259ri Novruz bayram\u0131 \u0259r\u0259f\u0259sind\u0259 d\u00f6vl\u0259t ba\u015f\u00e7\u0131s\u0131n\u0131n \u0259fv s\u0259r\u0259ncam\u0131 verm\u0259m\u0259sind\u0259n m\u0259yus olublar.<\/p>\n\n\n\n<p>Bu bar\u0259d\u0259 \u201cM\u00fcdafi\u0259 x\u0259tti\u201d t\u0259\u015fkilat\u0131n\u0131n icra\u00e7\u0131 direktoru R\u00fcf\u0259t S\u0259f\u0259rov mart\u0131n 17-d\u0259 ke\u00e7irdikl\u0259ri m\u0259tbuat konfrans\u0131nda bildirib.<\/p>\n\n\n\n<p>O, \u0259fv s\u0259r\u0259ncam\u0131n\u0131 g\u00f6zl\u0259dikl\u0259rini deyib: \u201cG\u00f6zl\u0259yirdik ki, mart ay\u0131nda \u0259fv s\u0259r\u0259ncam\u0131 imzalanacaq, siyasi m\u0259hbuslar azadl\u0131\u011fa burax\u0131lacaq. T\u0259\u0259ss\u00fcf ki, bu, ba\u015f verm\u0259di&#8221;.<\/p>\n\n\n\n<p>O, hakimiyy\u0259ti siyasi m\u0259hbus ail\u0259l\u0259rinin hissl\u0259ri il\u0259 oynamaqda q\u0131nay\u0131b: &#8220;Ail\u0259l\u0259r\u0259 s\u00f6z verirl\u0259r, yerin\u0259 yetirmirl\u0259r\u201d.<\/p>\n\n\n\n<p>&#8220;Siyasi m\u0259hbuslar\u0131n g\u00fcnah\u0131 ondad\u0131r ki, onlar hakimiyy\u0259tin siyasi x\u0259ttini d\u0259st\u0259kl\u0259mirl\u0259r. Haz\u0131rk\u0131 idar\u0259\u00e7ilik formas\u0131 siyasi m\u0259hbuslars\u0131z m\u00f6vcud ola bilm\u0259z&#8221;, &#8211; R\u00fcf\u0259t S\u0259f\u0259rov bel\u0259 deyib.<\/p>\n\n\n\n<p>Onun s\u00f6zl\u0259rin\u0259 g\u00f6r\u0259, h\u00f6kum\u0259t d\u00fcnyadak\u0131 prosesl\u0259rd\u0259n n\u0259tic\u0259 \u00e7\u0131xarmal\u0131 v\u0259 \u00f6z siyas\u0259tini d\u0259yi\u015fm\u0259li, daha liberal h\u0259r\u0259k\u0259t etm\u0259lidir.<\/p>\n\n\n\n<p>T\u0259\u015fkilat\u0131n hesabat\u0131nda reportyor, LGBT\u0130+ f\u0259al\u0131 \u018fv\u0259z Hafizlinin q\u0259tl\u0259 yetirilm\u0259si, Rusiyan\u0131n Ukraynaya h\u0259rbi m\u00fcdaxil\u0259sin\u0259 etiraz ed\u0259n az\u0259rbaycanl\u0131 f\u0259allara polisin mane olmas\u0131, beyn\u0259lxalq da\u015f\u0131malar\u0131 h\u0259yata ke\u00e7ir\u0259n y\u00fck ma\u015f\u0131nlar\u0131n\u0131n s\u00fcr\u00fcc\u00fcl\u0259rinin dinc aksiyas\u0131 v\u0259 onlara qar\u015f\u0131 polis zorak\u0131l\u0131\u011f\u0131 yer al\u0131b.<\/p>\n\n\n\n<p>Hesabatda h\u0259m\u00e7inin B\u0259xtiyar Hac\u0131yev v\u0259 Az\u0259rbaycan Xalq C\u0259bh\u0259si Partiyas\u0131 \u00fczvl\u0259rinin s\u0131x\u0131\u015fd\u0131r\u0131lmas\u0131ndan da s\u00f6z a\u00e7\u0131l\u0131b.<\/p>\n","protected":false},"excerpt":{"rendered":"<p>\u201cHakimiyy\u0259t siyasi m\u0259hbus ail\u0259l\u0259rinin hissl\u0259ri il\u0259 oynay\u0131r\u201d H\u00fcquq m\u00fcdafi\u0259\u00e7il\u0259ri Novruz &#8230; <\/p>\n<p class=\"read-more-container\"><a title=\"H\u00fcquq m\u00fcdafi\u0259\u00e7isi: \u201cNovruzda \u0259fv s\u0259r\u0259ncam\u0131 g\u00f6zl\u0259yirdik, t\u0259\u0259ss\u00fcf ki\u2026\u201d\" class=\"read-more button\" href=\"https:\/\/www.meydan.tv\/az\/article\/huquq-mudafiecisi-novruzda-efv-serencami-gozleyirdik-teessuf-ki\/#more-238831\" aria-label=\"Read more about H\u00fcquq m\u00fcdafi\u0259\u00e7isi: \u201cNovruzda \u0259fv s\u0259r\u0259ncam\u0131 g\u00f6zl\u0259yirdik, t\u0259\u0259ss\u00fcf ki\u2026\u201d\">Davam\u0131<\/a><\/p>\n","protected":false},"author":8,"featured_media":146397,"comment_status":"closed","ping_status":"closed","sticky":false,"template":"","format":"standard","meta":{"_acf_changed":false,"_sitemap_exclude":false,"_sitemap_priority":"","_sitemap_frequency":"","footnotes":""},"categories":[59,56],"tags":[],"class_list":["post-238831","post","type-post","status-publish","format-standard","has-post-thumbnail","hentry","category-siyaset","category-xeberler","infinite-scroll-item","generate-columns","tablet-grid-50","mobile-grid-100","grid-parent","grid-33","no-featured-image-padding"],"acf":[],"yoast_head":"<!-- This site is optimized with the Yoast SEO plugin v27.5 - https:\/\/yoast.com\/product\/yoast-seo-wordpress\/ -->\n<title>H\u00fcquq m\u00fcdafi\u0259\u00e7isi: \u201cNovruzda \u0259fv s\u0259r\u0259ncam\u0131 g\u00f6zl\u0259yirdik, t\u0259\u0259ss\u00fcf ki\u2026\u201d - MEYDAN.TV<\/title>\n<meta name=\"robots\" content=\"index, follow, max-snippet:-1, max-image-preview:large, max-video-preview:-1\" \/>\n<link rel=\"canonical\" href=\"https:\/\/www.meydan.tv\/az\/article\/huquq-mudafiecisi-novruzda-efv-serencami-gozleyirdik-teessuf-ki\/\" \/>\n<meta property=\"og:locale\" content=\"az_AZ\" \/>\n<meta property=\"og:type\" content=\"article\" \/>\n<meta property=\"og:title\" content=\"H\u00fcquq m\u00fcdafi\u0259\u00e7isi: \u201cNovruzda \u0259fv s\u0259r\u0259ncam\u0131 g\u00f6zl\u0259yirdik, t\u0259\u0259ss\u00fcf ki\u2026\u201d - MEYDAN.TV\" \/>\n<meta property=\"og:description\" content=\"\u201cHakimiyy\u0259t siyasi m\u0259hbus ail\u0259l\u0259rinin hissl\u0259ri il\u0259 oynay\u0131r\u201d H\u00fcquq m\u00fcdafi\u0259\u00e7il\u0259ri Novruz ... Davam\u0131\" \/>\n<meta property=\"og:url\" content=\"https:\/\/www.meydan.tv\/az\/article\/huquq-mudafiecisi-novruzda-efv-serencami-gozleyirdik-teessuf-ki\/\" \/>\n<meta property=\"og:site_name\" content=\"MEYDAN.TV\" \/>\n<meta property=\"article:published_time\" content=\"2022-03-17T13:30:13+00:00\" \/>\n<meta property=\"article:modified_time\" content=\"2022-03-17T13:30:15+00:00\" \/>\n<meta property=\"og:image\" content=\"https:\/\/www.meydan.tv\/wp-content\/uploads\/copy_of_untitled9_15oikom.original.png\" \/>\n\t<meta property=\"og:image:width\" content=\"1000\" \/>\n\t<meta property=\"og:image:height\" content=\"555\" \/>\n\t<meta property=\"og:image:type\" content=\"image\/png\" \/>\n<meta name=\"author\" content=\"elli\" \/>\n<meta name=\"twitter:card\" content=\"summary_large_image\" \/>\n<meta name=\"twitter:creator\" content=\"@elli\" \/>\n<script type=\"application\/ld+json\" class=\"yoast-schema-graph\">{\"@context\":\"https:\\\/\\\/schema.org\",\"@graph\":[{\"@type\":\"Article\",\"@id\":\"https:\\\/\\\/www.meydan.tv\\\/az\\\/article\\\/huquq-mudafiecisi-novruzda-efv-serencami-gozleyirdik-teessuf-ki\\\/#article\",\"isPartOf\":{\"@id\":\"https:\\\/\\\/www.meydan.tv\\\/az\\\/article\\\/huquq-mudafiecisi-novruzda-efv-serencami-gozleyirdik-teessuf-ki\\\/\"},\"author\":{\"name\":\"elli\",\"@id\":\"https:\\\/\\\/www.meydan.tv\\\/az\\\/#\\\/schema\\\/person\\\/9cdbecf90d17180ce1dfbd95b08dcf47\"},\"headline\":\"H\u00fcquq m\u00fcdafi\u0259\u00e7isi: \u201cNovruzda \u0259fv s\u0259r\u0259ncam\u0131 g\u00f6zl\u0259yirdik, t\u0259\u0259ss\u00fcf ki\u2026\u201d\",\"datePublished\":\"2022-03-17T13:30:13+00:00\",\"dateModified\":\"2022-03-17T13:30:15+00:00\",\"mainEntityOfPage\":{\"@id\":\"https:\\\/\\\/www.meydan.tv\\\/az\\\/article\\\/huquq-mudafiecisi-novruzda-efv-serencami-gozleyirdik-teessuf-ki\\\/\"},\"wordCount\":324,\"publisher\":{\"@id\":\"https:\\\/\\\/www.meydan.tv\\\/az\\\/#organization\"},\"image\":{\"@id\":\"https:\\\/\\\/www.meydan.tv\\\/az\\\/article\\\/huquq-mudafiecisi-novruzda-efv-serencami-gozleyirdik-teessuf-ki\\\/#primaryimage\"},\"thumbnailUrl\":\"https:\\\/\\\/www.meydan.tv\\\/wp-content\\\/uploads\\\/copy_of_untitled9_15oikom.original.png\",\"articleSection\":[\"Siyas\u0259t\",\"X\u0259b\u0259rl\u0259r\"],\"inLanguage\":\"az\"},{\"@type\":\"WebPage\",\"@id\":\"https:\\\/\\\/www.meydan.tv\\\/az\\\/article\\\/huquq-mudafiecisi-novruzda-efv-serencami-gozleyirdik-teessuf-ki\\\/\",\"url\":\"https:\\\/\\\/www.meydan.tv\\\/az\\\/article\\\/huquq-mudafiecisi-novruzda-efv-serencami-gozleyirdik-teessuf-ki\\\/\",\"name\":\"H\u00fcquq m\u00fcdafi\u0259\u00e7isi: \u201cNovruzda \u0259fv s\u0259r\u0259ncam\u0131 g\u00f6zl\u0259yirdik, t\u0259\u0259ss\u00fcf ki\u2026\u201d - MEYDAN.TV\",\"isPartOf\":{\"@id\":\"https:\\\/\\\/www.meydan.tv\\\/az\\\/#website\"},\"primaryImageOfPage\":{\"@id\":\"https:\\\/\\\/www.meydan.tv\\\/az\\\/article\\\/huquq-mudafiecisi-novruzda-efv-serencami-gozleyirdik-teessuf-ki\\\/#primaryimage\"},\"image\":{\"@id\":\"https:\\\/\\\/www.meydan.tv\\\/az\\\/article\\\/huquq-mudafiecisi-novruzda-efv-serencami-gozleyirdik-teessuf-ki\\\/#primaryimage\"},\"thumbnailUrl\":\"https:\\\/\\\/www.meydan.tv\\\/wp-content\\\/uploads\\\/copy_of_untitled9_15oikom.original.png\",\"datePublished\":\"2022-03-17T13:30:13+00:00\",\"dateModified\":\"2022-03-17T13:30:15+00:00\",\"breadcrumb\":{\"@id\":\"https:\\\/\\\/www.meydan.tv\\\/az\\\/article\\\/huquq-mudafiecisi-novruzda-efv-serencami-gozleyirdik-teessuf-ki\\\/#breadcrumb\"},\"inLanguage\":\"az\",\"potentialAction\":[{\"@type\":\"ReadAction\",\"target\":[\"https:\\\/\\\/www.meydan.tv\\\/az\\\/article\\\/huquq-mudafiecisi-novruzda-efv-serencami-gozleyirdik-teessuf-ki\\\/\"]}]},{\"@type\":\"ImageObject\",\"inLanguage\":\"az\",\"@id\":\"https:\\\/\\\/www.meydan.tv\\\/az\\\/article\\\/huquq-mudafiecisi-novruzda-efv-serencami-gozleyirdik-teessuf-ki\\\/#primaryimage\",\"url\":\"https:\\\/\\\/www.meydan.tv\\\/wp-content\\\/uploads\\\/copy_of_untitled9_15oikom.original.png\",\"contentUrl\":\"https:\\\/\\\/www.meydan.tv\\\/wp-content\\\/uploads\\\/copy_of_untitled9_15oikom.original.png\",\"width\":1000,\"height\":555,\"caption\":\"Foto: \u201cM\u00fcdafi\u0259 X\u0259tti\u201d\"},{\"@type\":\"BreadcrumbList\",\"@id\":\"https:\\\/\\\/www.meydan.tv\\\/az\\\/article\\\/huquq-mudafiecisi-novruzda-efv-serencami-gozleyirdik-teessuf-ki\\\/#breadcrumb\",\"itemListElement\":[{\"@type\":\"ListItem\",\"position\":1,\"name\":\"Ana s\u0259hif\u0259\",\"item\":\"https:\\\/\\\/www.meydan.tv\\\/az\\\/\"},{\"@type\":\"ListItem\",\"position\":2,\"name\":\"Siyas\u0259t\",\"item\":\"https:\\\/\\\/www.meydan.tv\\\/az\\\/section\\\/siyaset\\\/\"},{\"@type\":\"ListItem\",\"position\":3,\"name\":\"H\u00fcquq m\u00fcdafi\u0259\u00e7isi: \u201cNovruzda \u0259fv s\u0259r\u0259ncam\u0131 g\u00f6zl\u0259yirdik, t\u0259\u0259ss\u00fcf ki\u2026\u201d\"}]},{\"@type\":\"WebSite\",\"@id\":\"https:\\\/\\\/www.meydan.tv\\\/az\\\/#website\",\"url\":\"https:\\\/\\\/www.meydan.tv\\\/az\\\/\",\"name\":\"MEYDAN.TV\",\"description\":\"Meydan TV Az\u0259rbaycan\u0131n media m\u0259kan\u0131ndak\u0131 alternativ s\u0259sidir\",\"publisher\":{\"@id\":\"https:\\\/\\\/www.meydan.tv\\\/az\\\/#organization\"},\"potentialAction\":[{\"@type\":\"SearchAction\",\"target\":{\"@type\":\"EntryPoint\",\"urlTemplate\":\"https:\\\/\\\/www.meydan.tv\\\/az\\\/?s={search_term_string}\"},\"query-input\":{\"@type\":\"PropertyValueSpecification\",\"valueRequired\":true,\"valueName\":\"search_term_string\"}}],\"inLanguage\":\"az\"},{\"@type\":\"Organization\",\"@id\":\"https:\\\/\\\/www.meydan.tv\\\/az\\\/#organization\",\"name\":\"Meydan TV\",\"url\":\"https:\\\/\\\/www.meydan.tv\\\/az\\\/\",\"logo\":{\"@type\":\"ImageObject\",\"inLanguage\":\"az\",\"@id\":\"https:\\\/\\\/www.meydan.tv\\\/az\\\/#\\\/schema\\\/logo\\\/image\\\/\",\"url\":\"https:\\\/\\\/www.meydan.tv\\\/wp-content\\\/uploads\\\/2021\\\/07\\\/meydan-logo.svg\",\"contentUrl\":\"https:\\\/\\\/www.meydan.tv\\\/wp-content\\\/uploads\\\/2021\\\/07\\\/meydan-logo.svg\",\"width\":195,\"height\":46,\"caption\":\"Meydan TV\"},\"image\":{\"@id\":\"https:\\\/\\\/www.meydan.tv\\\/az\\\/#\\\/schema\\\/logo\\\/image\\\/\"}},{\"@type\":\"Person\",\"@id\":\"https:\\\/\\\/www.meydan.tv\\\/az\\\/#\\\/schema\\\/person\\\/9cdbecf90d17180ce1dfbd95b08dcf47\",\"name\":\"elli\",\"sameAs\":[\"https:\\\/\\\/x.com\\\/elli\"]}]}<\/script>\n<!-- \/ Yoast SEO plugin. -->","yoast_head_json":{"title":"H\u00fcquq m\u00fcdafi\u0259\u00e7isi: \u201cNovruzda \u0259fv s\u0259r\u0259ncam\u0131 g\u00f6zl\u0259yirdik, t\u0259\u0259ss\u00fcf ki\u2026\u201d - MEYDAN.TV","robots":{"index":"index","follow":"follow","max-snippet":"max-snippet:-1","max-image-preview":"max-image-preview:large","max-video-preview":"max-video-preview:-1"},"canonical":"https:\/\/www.meydan.tv\/az\/article\/huquq-mudafiecisi-novruzda-efv-serencami-gozleyirdik-teessuf-ki\/","og_locale":"az_AZ","og_type":"article","og_title":"H\u00fcquq m\u00fcdafi\u0259\u00e7isi: \u201cNovruzda \u0259fv s\u0259r\u0259ncam\u0131 g\u00f6zl\u0259yirdik, t\u0259\u0259ss\u00fcf ki\u2026\u201d - MEYDAN.TV","og_description":"\u201cHakimiyy\u0259t siyasi m\u0259hbus ail\u0259l\u0259rinin hissl\u0259ri il\u0259 oynay\u0131r\u201d H\u00fcquq m\u00fcdafi\u0259\u00e7il\u0259ri Novruz ... Davam\u0131","og_url":"https:\/\/www.meydan.tv\/az\/article\/huquq-mudafiecisi-novruzda-efv-serencami-gozleyirdik-teessuf-ki\/","og_site_name":"MEYDAN.TV","article_published_time":"2022-03-17T13:30:13+00:00","article_modified_time":"2022-03-17T13:30:15+00:00","og_image":[{"width":1000,"height":555,"url":"https:\/\/www.meydan.tv\/wp-content\/uploads\/copy_of_untitled9_15oikom.original.png","type":"image\/png"}],"author":"elli","twitter_card":"summary_large_image","twitter_creator":"@elli","schema":{"@context":"https:\/\/schema.org","@graph":[{"@type":"Article","@id":"https:\/\/www.meydan.tv\/az\/article\/huquq-mudafiecisi-novruzda-efv-serencami-gozleyirdik-teessuf-ki\/#article","isPartOf":{"@id":"https:\/\/www.meydan.tv\/az\/article\/huquq-mudafiecisi-novruzda-efv-serencami-gozleyirdik-teessuf-ki\/"},"author":{"name":"elli","@id":"https:\/\/www.meydan.tv\/az\/#\/schema\/person\/9cdbecf90d17180ce1dfbd95b08dcf47"},"headline":"H\u00fcquq m\u00fcdafi\u0259\u00e7isi: \u201cNovruzda \u0259fv s\u0259r\u0259ncam\u0131 g\u00f6zl\u0259yirdik, t\u0259\u0259ss\u00fcf ki\u2026\u201d","datePublished":"2022-03-17T13:30:13+00:00","dateModified":"2022-03-17T13:30:15+00:00","mainEntityOfPage":{"@id":"https:\/\/www.meydan.tv\/az\/article\/huquq-mudafiecisi-novruzda-efv-serencami-gozleyirdik-teessuf-ki\/"},"wordCount":324,"publisher":{"@id":"https:\/\/www.meydan.tv\/az\/#organization"},"image":{"@id":"https:\/\/www.meydan.tv\/az\/article\/huquq-mudafiecisi-novruzda-efv-serencami-gozleyirdik-teessuf-ki\/#primaryimage"},"thumbnailUrl":"https:\/\/www.meydan.tv\/wp-content\/uploads\/copy_of_untitled9_15oikom.original.png","articleSection":["Siyas\u0259t","X\u0259b\u0259rl\u0259r"],"inLanguage":"az"},{"@type":"WebPage","@id":"https:\/\/www.meydan.tv\/az\/article\/huquq-mudafiecisi-novruzda-efv-serencami-gozleyirdik-teessuf-ki\/","url":"https:\/\/www.meydan.tv\/az\/article\/huquq-mudafiecisi-novruzda-efv-serencami-gozleyirdik-teessuf-ki\/","name":"H\u00fcquq m\u00fcdafi\u0259\u00e7isi: \u201cNovruzda \u0259fv s\u0259r\u0259ncam\u0131 g\u00f6zl\u0259yirdik, t\u0259\u0259ss\u00fcf ki\u2026\u201d - MEYDAN.TV","isPartOf":{"@id":"https:\/\/www.meydan.tv\/az\/#website"},"primaryImageOfPage":{"@id":"https:\/\/www.meydan.tv\/az\/article\/huquq-mudafiecisi-novruzda-efv-serencami-gozleyirdik-teessuf-ki\/#primaryimage"},"image":{"@id":"https:\/\/www.meydan.tv\/az\/article\/huquq-mudafiecisi-novruzda-efv-serencami-gozleyirdik-teessuf-ki\/#primaryimage"},"thumbnailUrl":"https:\/\/www.meydan.tv\/wp-content\/uploads\/copy_of_untitled9_15oikom.original.png","datePublished":"2022-03-17T13:30:13+00:00","dateModified":"2022-03-17T13:30:15+00:00","breadcrumb":{"@id":"https:\/\/www.meydan.tv\/az\/article\/huquq-mudafiecisi-novruzda-efv-serencami-gozleyirdik-teessuf-ki\/#breadcrumb"},"inLanguage":"az","potentialAction":[{"@type":"ReadAction","target":["https:\/\/www.meydan.tv\/az\/article\/huquq-mudafiecisi-novruzda-efv-serencami-gozleyirdik-teessuf-ki\/"]}]},{"@type":"ImageObject","inLanguage":"az","@id":"https:\/\/www.meydan.tv\/az\/article\/huquq-mudafiecisi-novruzda-efv-serencami-gozleyirdik-teessuf-ki\/#primaryimage","url":"https:\/\/www.meydan.tv\/wp-content\/uploads\/copy_of_untitled9_15oikom.original.png","contentUrl":"https:\/\/www.meydan.tv\/wp-content\/uploads\/copy_of_untitled9_15oikom.original.png","width":1000,"height":555,"caption":"Foto: \u201cM\u00fcdafi\u0259 X\u0259tti\u201d"},{"@type":"BreadcrumbList","@id":"https:\/\/www.meydan.tv\/az\/article\/huquq-mudafiecisi-novruzda-efv-serencami-gozleyirdik-teessuf-ki\/#breadcrumb","itemListElement":[{"@type":"ListItem","position":1,"name":"Ana s\u0259hif\u0259","item":"https:\/\/www.meydan.tv\/az\/"},{"@type":"ListItem","position":2,"name":"Siyas\u0259t","item":"https:\/\/www.meydan.tv\/az\/section\/siyaset\/"},{"@type":"ListItem","position":3,"name":"H\u00fcquq m\u00fcdafi\u0259\u00e7isi: \u201cNovruzda \u0259fv s\u0259r\u0259ncam\u0131 g\u00f6zl\u0259yirdik, t\u0259\u0259ss\u00fcf ki\u2026\u201d"}]},{"@type":"WebSite","@id":"https:\/\/www.meydan.tv\/az\/#website","url":"https:\/\/www.meydan.tv\/az\/","name":"MEYDAN.TV","description":"Meydan TV Az\u0259rbaycan\u0131n media m\u0259kan\u0131ndak\u0131 alternativ s\u0259sidir","publisher":{"@id":"https:\/\/www.meydan.tv\/az\/#organization"},"potentialAction":[{"@type":"SearchAction","target":{"@type":"EntryPoint","urlTemplate":"https:\/\/www.meydan.tv\/az\/?s={search_term_string}"},"query-input":{"@type":"PropertyValueSpecification","valueRequired":true,"valueName":"search_term_string"}}],"inLanguage":"az"},{"@type":"Organization","@id":"https:\/\/www.meydan.tv\/az\/#organization","name":"Meydan TV","url":"https:\/\/www.meydan.tv\/az\/","logo":{"@type":"ImageObject","inLanguage":"az","@id":"https:\/\/www.meydan.tv\/az\/#\/schema\/logo\/image\/","url":"https:\/\/www.meydan.tv\/wp-content\/uploads\/2021\/07\/meydan-logo.svg","contentUrl":"https:\/\/www.meydan.tv\/wp-content\/uploads\/2021\/07\/meydan-logo.svg","width":195,"height":46,"caption":"Meydan TV"},"image":{"@id":"https:\/\/www.meydan.tv\/az\/#\/schema\/logo\/image\/"}},{"@type":"Person","@id":"https:\/\/www.meydan.tv\/az\/#\/schema\/person\/9cdbecf90d17180ce1dfbd95b08dcf47","name":"elli","sameAs":["https:\/\/x.com\/elli"]}]}},"_links":{"self":[{"href":"https:\/\/www.meydan.tv\/az\/wp-json\/wp\/v2\/posts\/238831","targetHints":{"allow":["GET"]}}],"collection":[{"href":"https:\/\/www.meydan.tv\/az\/wp-json\/wp\/v2\/posts"}],"about":[{"href":"https:\/\/www.meydan.tv\/az\/wp-json\/wp\/v2\/types\/post"}],"author":[{"embeddable":true,"href":"https:\/\/www.meydan.tv\/az\/wp-json\/wp\/v2\/users\/8"}],"replies":[{"embeddable":true,"href":"https:\/\/www.meydan.tv\/az\/wp-json\/wp\/v2\/comments?post=238831"}],"version-history":[{"count":2,"href":"https:\/\/www.meydan.tv\/az\/wp-json\/wp\/v2\/posts\/238831\/revisions"}],"predecessor-version":[{"id":238836,"href":"https:\/\/www.meydan.tv\/az\/wp-json\/wp\/v2\/posts\/238831\/revisions\/238836"}],"wp:featuredmedia":[{"embeddable":true,"href":"https:\/\/www.meydan.tv\/az\/wp-json\/wp\/v2\/media\/146397"}],"wp:attachment":[{"href":"https:\/\/www.meydan.tv\/az\/wp-json\/wp\/v2\/media?parent=238831"}],"wp:term":[{"taxonomy":"category","embeddable":true,"href":"https:\/\/www.meydan.tv\/az\/wp-json\/wp\/v2\/categories?post=238831"},{"taxonomy":"post_tag","embeddable":true,"href":"https:\/\/www.meydan.tv\/az\/wp-json\/wp\/v2\/tags?post=238831"}],"curies":[{"name":"wp","href":"https:\/\/api.w.org\/{rel}","templated":true}]}}