{"id":238815,"date":"2022-03-17T16:18:50","date_gmt":"2022-03-17T12:18:50","guid":{"rendered":"https:\/\/www.meydan.tv\/?p=238815"},"modified":"2022-03-17T16:18:52","modified_gmt":"2022-03-17T12:18:52","slug":"qarabagda-berpa-edilecek-medeniyyet-muessiselerinin-sayi-aciqlandi","status":"publish","type":"post","link":"https:\/\/www.meydan.tv\/az\/article\/qarabagda-berpa-edilecek-medeniyyet-muessiselerinin-sayi-aciqlandi\/","title":{"rendered":"Qaraba\u011fda b\u0259rpa edil\u0259c\u0259k m\u0259d\u0259niyy\u0259t m\u00fc\u0259ssis\u0259l\u0259rinin say\u0131 a\u00e7\u0131qland\u0131"},"content":{"rendered":"\n<p><em>Nazirlik: &#8220;286 kitabxana, 237 m\u0259d\u0259niyy\u0259t evi, 19 muzey, 24 u\u015faq musiqi m\u0259kt\u0259bi b\u0259rpa olunacaq&#8221;<\/em><\/p>\n\n\n\n<p>\u0130\u015f\u011faldan azad olunan \u0259razil\u0259rd\u0259ki m\u0259d\u0259niyy\u0259t m\u00fc\u0259ssis\u0259l\u0259rinin b\u0259rpa konsepsiyas\u0131 yekunla\u015fmaq \u00fczr\u0259dir.<\/p>\n\n\n\n<p>Bu haqda Meydan TV-y\u0259 M\u0259d\u0259niyy\u0259t Nazirliyind\u0259n m\u0259lumat verilib.<\/p>\n\n\n\n<p>Nazirlik h\u0259min \u0259razil\u0259rd\u0259 \u00fcmumilikd\u0259 571 m\u0259d\u0259niyy\u0259t m\u00fc\u0259ssis\u0259si qeyd\u0259 <a href=\"http:\/\/mct.gov.az\/az\/umumi-xeberler\/13467\" target=\"_blank\" rel=\"noreferrer noopener\">al\u0131b<\/a>.<\/p>\n\n\n\n<p>286 kitabxana, 237 m\u0259d\u0259niyy\u0259t evi v\u0259 klub, 19 muzey, 24 u\u015faq musiqi m\u0259kt\u0259bi, 1 kinoteatr, 2 teatr, 2 qalereyan\u0131n t\u0259mir-b\u0259rpas\u0131 n\u0259z\u0259rd\u0259 tutulub.<\/p>\n\n\n\n<p>Monitorinq zaman\u0131 h\u0259min \u0259razil\u0259rd\u0259 106 d\u00f6vl\u0259t qeydiyyat\u0131nda olmayan tarixi, memarl\u0131q, arxeoloji obyekt d\u0259 a\u015fkar edilib.<\/p>\n\n\n\n<p>\u00dcmumilikd\u0259 Qaraba\u011f\u0131n \u0259n b\u00f6y\u00fck musiqi m\u0259kt\u0259bl\u0259ri A\u011fdam rayonda yerl\u0259\u015fib.<\/p>\n\n\n\n<p>Rayon 23 iyul 1993-c\u00fc ild\u0259 Erm\u0259nistan silahl\u0131 q\u00fcvv\u0259l\u0259ri t\u0259r\u0259find\u0259n i\u015f\u011fal edilib.<\/p>\n\n\n\n<p>H\u0259min vaxta q\u0259d\u0259r rayonda 79 m\u0259d\u0259niyy\u0259t oca\u011f\u0131 f\u0259aliyy\u0259t g\u00f6st\u0259rib.<\/p>\n\n\n\n<p>Bunlardan biri d\u0259 Xan \u015eu\u015finski ad\u0131na A\u011fdam Mu\u011fam M\u0259kt\u0259bi olub.<\/p>\n\n\n\n<p>A\u011fdam\u0131n Xan \u015eu\u015finski ad\u0131na Mu\u011fam M\u0259kt\u0259bi \u2014 1985-ci ild\u0259n f\u0259aliyy\u0259t\u0259 ba\u015flay\u0131b.<\/p>\n\n\n\n<p>M\u0259kt\u0259b\u0259 \u018fm\u0259kdar m\u0259d\u0259niyy\u0259t i\u015f\u00e7isi, tarz\u0259n Rafiq R\u00fcst\u0259mli r\u0259hb\u0259rlik edib.<\/p>\n\n\n\n<p>O, 1987-ci ild\u0259 m\u0259kt\u0259bin n\u0259zdind\u0259 ikinci \u201cQaraba\u011f b\u00fclb\u00fcll\u0259ri\u201d ansambl\u0131n\u0131 yarad\u0131b.<\/p>\n\n\n\n<p>\u0130lk \u201cQaraba\u011f b\u00fclb\u00fcll\u0259ri\u201d Murad Rzayevin r\u0259hb\u0259rliyi il\u0259 f\u0259aliyy\u0259t g\u00f6st\u0259rib.<\/p>\n\n\n\n<p>Birinci \u201cQaraba\u011f b\u00fclb\u00fcll\u0259ri\u201dnin ya\u015flar\u0131 ke\u00e7id d\u00f6vr\u00fcn\u0259 d\u00fc\u015fd\u00fcy\u00fc \u00fc\u00e7\u00fcn oxumay\u0131blar. Sonradan A\u011fdam M\u0259d\u0259niyy\u0259t \u015e\u00f6b\u0259sinin g\u00f6st\u0259ri\u015fi il\u0259 ikinci \u201cQaraba\u011f b\u00fclb\u00fcll\u0259ri\u201d ansambl\u0131 yarad\u0131l\u0131b.<\/p>\n\n\n\n<p>1993-c\u00fc ild\u0259 A\u011fdam i\u015f\u011fal olunduqdan sonra mu\u011fam m\u0259kt\u0259bi \u0259vv\u0259lc\u0259 B\u0259rd\u0259d\u0259 m\u0259skunla\u015f\u0131b. Daha sonra Bak\u0131n\u0131n Bil\u0259c\u0259ri q\u0259s\u0259b\u0259sind\u0259 yerl\u0259\u015f\u0259n Qam\u0259t Abbasov ad\u0131na 284 sayl\u0131 m\u0259kt\u0259binin binas\u0131na k\u00f6\u00e7\u00fcr\u00fcl\u00fcb.<\/p>\n\n\n\n<p>2015-ci ild\u0259n m\u0259kt\u0259b\u0259 X\u0259tay\u0259 S\u0259f\u0259rova r\u0259hb\u0259rlik edir.<\/p>\n\n\n\n<p>18 otaql\u0131 m\u0259kt\u0259bd\u0259 54 m\u00fc\u0259llim f\u0259aliyy\u0259t g\u00f6st\u0259rir.<\/p>\n\n\n\n<p>174 \u015fagird t\u0259hsil al\u0131r.<\/p>\n\n\n\n<p>M\u0259kt\u0259bd\u0259 kaman\u00e7a, tar, fortepiano, saz, na\u011fara, xan\u0259nd\u0259 v\u0259 qarmon \u015f\u00f6b\u0259sind\u0259n ibar\u0259t 7 ixtisas \u00fczr\u0259 t\u0259hsil verilir.<\/p>\n\n\n\n<p>X\u0259tay\u0259 S\u0259f\u0259rova Meydan TV-y\u0259 deyir ki, \u015fagirdl\u0259rin 70-80 faizi Qaraba\u011f b\u00f6lg\u0259sind\u0259ndir.<\/p>\n\n\n\n<p>H\u0259m\u00e7inin bildirir ki, m\u0259kt\u0259b beyn\u0259lxalq v\u0259 \u00f6lk\u0259daxili festivallar, h\u0259m\u00e7inin m\u00fcsabiq\u0259l\u0259rd\u0259 d\u0259f\u0259l\u0259rl\u0259 i\u015ftirak edib.<\/p>\n\n\n\n<p>\u201cMu\u011fam m\u0259kt\u0259bind\u0259 ba\u015fqa b\u00f6lg\u0259l\u0259rd\u0259n d\u0259 m\u00fc\u0259lliml\u0259r var. \u015e\u0259kid\u0259n, Bak\u0131dan, \u0130smay\u0131ll\u0131dan olan m\u00fc\u0259lliml\u0259r d\u0259 d\u00f6rd g\u00f6zl\u0259 A\u011fdama k\u00f6\u00e7\u0259c\u0259yimiz g\u00fcn\u00fc g\u00f6zl\u0259yirl\u0259r\u201d, &#8211; m\u0259kt\u0259bin direktoru deyir.<\/p>\n\n\n\n<p>Mu\u011fam m\u0259kt\u0259binin m\u0259zunlar\u0131 aras\u0131nda \u018fm\u0259kdar artist Firuz S\u0259xav\u0259t, Opera v\u0259 Balet Teatr\u0131n\u0131n solisti S\u0259buhi \u0130bayev, Sevinc Sar\u0131yeva, Humay M\u0259mm\u0259dova, Ehtiram H\u00fcseynov, F\u0259qani \u018fliyev, Cabir \u0130manov, Ayaz Qas\u0131mov, Habil Hac\u0131yev v\u0259 dig\u0259rl\u0259ri var.<\/p>\n\n\n\n<p>Xan\u0259nd\u0259 Firuz S\u0259xav\u0259t 1985-1990-c\u0131 ill\u0259rd\u0259 A\u011fdam Mu\u011fam M\u0259kt\u0259bind\u0259 t\u0259hsil al\u0131b: \u201cH\u0259min m\u0259kt\u0259bin ilk m\u0259zunlar\u0131ndan olmu\u015fam. \u018fvv\u0259lc\u0259 \u201cQaraba\u011f b\u00fclb\u00fcll\u0259ri\u201d ansambl\u0131nda oxudum. Bu, t\u0259xmin\u0259n 6-7 ay davam etdi. Mu\u011famla ba\u011fl\u0131 d\u0259rind\u0259n t\u0259hsil almaq m\u0259qs\u0259dil\u0259 A\u011fdam Mu\u011fam M\u0259kt\u0259bi a\u00e7\u0131lan kimi ora getdim. On \u00fc\u00e7 ya\u015f\u0131m vard\u0131. M\u00fc\u0259llimim \u018flis\u0259fa H\u00fcseynov olub\u201d.<\/p>\n\n\n\n<p>Xan\u0259nd\u0259 deyir ki, Rafiq R\u00fcst\u0259mlinin r\u0259hb\u0259rliyi il\u0259 f\u0259aliyy\u0259t g\u00f6st\u0259r\u0259n m\u0259kt\u0259bin \u015fagirdl\u0259ri qastrol s\u0259f\u0259rl\u0259rind\u0259 olub, mu\u011fam konsertl\u0259ri il\u0259 \u00e7\u0131x\u0131\u015f edibl\u0259r: \u201cTez-tez Bak\u0131ya g\u0259lib, burada konsertl\u0259r verirdik. Xaric\u0259 d\u0259 qastrol s\u0259f\u0259rin\u0259 gedirdik. Sevinc Sar\u0131yeva, S\u0259buhi \u0130bayev d\u0259 h\u0259min m\u0259kt\u0259bin yetirm\u0259l\u0259ridir\u201d.<\/p>\n\n\n\n<p>M\u0259d\u0259niyy\u0259t Nazirliyind\u0259n Meydan TV-y\u0259 bildirilib ki, A\u011fdam rayonu \u00fczr\u0259 haz\u0131rda 11 u\u015faq musiqi m\u0259kt\u0259bi f\u0259aliyy\u0259t g\u00f6st\u0259rir. Onlardan 6 m\u0259kt\u0259b A\u011fdamda, 3 m\u0259kt\u0259b Bak\u0131da, 1 m\u0259kt\u0259b Ab\u015feron rayonunda, 1 m\u0259kt\u0259b is\u0259 Yevlax \u015f\u0259h\u0259rind\u0259dir.<\/p>\n\n\n\n<p>Nazirlikd\u0259 Mu\u011fam m\u0259kt\u0259binin yenid\u0259n A\u011fdama k\u00f6\u00e7\u00fcr\u00fclm\u0259si il\u0259 ba\u011fl\u0131 is\u0259 he\u00e7 bir m\u0259lumat yoxdur.<\/p>\n\n\n\n<p>2020-ci il sentyabr\u0131n 27-d\u0259 is\u0259 Az\u0259rbaycan v\u0259 Erm\u0259nistan silahl\u0131 q\u00fcvv\u0259l\u0259rinin t\u0259mas x\u0259ttind\u0259 n\u00f6vb\u0259ti d\u0259f\u0259 d\u00f6y\u00fc\u015fl\u0259r ba\u015flay\u0131b.<\/p>\n\n\n\n<p>44 g\u00fcnl\u00fck bu m\u00fcharib\u0259 (\u0130kinci Qaraba\u011f m\u00fcharib\u0259si) v\u0259 sonrak\u0131 raz\u0131la\u015fma n\u0259tic\u0259sind\u0259 Az\u0259rbaycan Da\u011fl\u0131q Qaraba\u011f\u0131n bir hiss\u0259sin\u0259 v\u0259 \u0259traf yeddi rayona (\u015eu\u015fa, Hadrut, C\u0259bray\u0131l, F\u00fczuli, Qubadl\u0131, Z\u0259ngilan v\u0259 Xocav\u0259ndin bir hiss\u0259si) n\u0259zar\u0259ti \u0259l\u0259 al\u0131b.<\/p>\n\n\n\n<p>10 noyabr raz\u0131la\u015fmas\u0131na (Az\u0259rbaycan, Erm\u0259nistan v\u0259 Rusiya r\u0259hb\u0259rl\u0259ri aras\u0131nda) \u0259sas\u0259n, La\u00e7\u0131n d\u0259hlizind\u0259 v\u0259 qo\u015funlar\u0131n t\u0259mas x\u0259ttind\u0259 Rusiya s\u00fclhm\u0259raml\u0131lar\u0131 yerl\u0259\u015fdirilib, K\u0259lb\u0259c\u0259r, A\u011fdam v\u0259 La\u00e7\u0131n rayonlar\u0131 bo\u015fald\u0131l\u0131b.<\/p>\n\n\n\n<p>Ke\u00e7mi\u015f Da\u011fl\u0131q Qaraba\u011f Muxtar Vilay\u0259tinin \u00e7ox hiss\u0259si tan\u0131nmayan qurumun v\u0259 Rusiya s\u00fclhm\u0259raml\u0131lar\u0131n\u0131n n\u0259zar\u0259tind\u0259 qal\u0131b.<\/p>\n","protected":false},"excerpt":{"rendered":"<p>Nazirlik: &#8220;286 kitabxana, 237 m\u0259d\u0259niyy\u0259t evi, 19 muzey, 24 u\u015faq &#8230; <\/p>\n<p class=\"read-more-container\"><a title=\"Qaraba\u011fda b\u0259rpa edil\u0259c\u0259k m\u0259d\u0259niyy\u0259t m\u00fc\u0259ssis\u0259l\u0259rinin say\u0131 a\u00e7\u0131qland\u0131\" class=\"read-more button\" href=\"https:\/\/www.meydan.tv\/az\/article\/qarabagda-berpa-edilecek-medeniyyet-muessiselerinin-sayi-aciqlandi\/#more-238815\" aria-label=\"Read more about Qaraba\u011fda b\u0259rpa edil\u0259c\u0259k m\u0259d\u0259niyy\u0259t m\u00fc\u0259ssis\u0259l\u0259rinin say\u0131 a\u00e7\u0131qland\u0131\">Davam\u0131<\/a><\/p>\n","protected":false},"author":8,"featured_media":153486,"comment_status":"closed","ping_status":"closed","sticky":false,"template":"","format":"standard","meta":{"_acf_changed":false,"_sitemap_exclude":false,"_sitemap_priority":"","_sitemap_frequency":"","footnotes":""},"categories":[52,56],"tags":[],"class_list":["post-238815","post","type-post","status-publish","format-standard","has-post-thumbnail","hentry","category-medeniyyet","category-xeberler","infinite-scroll-item","generate-columns","tablet-grid-50","mobile-grid-100","grid-parent","grid-33","no-featured-image-padding"],"acf":[],"yoast_head":"<!-- This site is optimized with the Yoast SEO plugin v27.4 - https:\/\/yoast.com\/product\/yoast-seo-wordpress\/ -->\n<title>Qaraba\u011fda b\u0259rpa edil\u0259c\u0259k m\u0259d\u0259niyy\u0259t m\u00fc\u0259ssis\u0259l\u0259rinin say\u0131 a\u00e7\u0131qland\u0131 - MEYDAN.TV<\/title>\n<meta name=\"robots\" content=\"index, follow, max-snippet:-1, max-image-preview:large, max-video-preview:-1\" \/>\n<link rel=\"canonical\" href=\"https:\/\/www.meydan.tv\/az\/article\/qarabagda-berpa-edilecek-medeniyyet-muessiselerinin-sayi-aciqlandi\/\" \/>\n<meta property=\"og:locale\" content=\"az_AZ\" \/>\n<meta property=\"og:type\" content=\"article\" \/>\n<meta property=\"og:title\" content=\"Qaraba\u011fda b\u0259rpa edil\u0259c\u0259k m\u0259d\u0259niyy\u0259t m\u00fc\u0259ssis\u0259l\u0259rinin say\u0131 a\u00e7\u0131qland\u0131 - MEYDAN.TV\" \/>\n<meta property=\"og:description\" content=\"Nazirlik: &#8220;286 kitabxana, 237 m\u0259d\u0259niyy\u0259t evi, 19 muzey, 24 u\u015faq ... Davam\u0131\" \/>\n<meta property=\"og:url\" content=\"https:\/\/www.meydan.tv\/az\/article\/qarabagda-berpa-edilecek-medeniyyet-muessiselerinin-sayi-aciqlandi\/\" \/>\n<meta property=\"og:site_name\" content=\"MEYDAN.TV\" \/>\n<meta property=\"article:published_time\" content=\"2022-03-17T12:18:50+00:00\" \/>\n<meta property=\"article:modified_time\" content=\"2022-03-17T12:18:52+00:00\" \/>\n<meta property=\"og:image\" content=\"https:\/\/www.meydan.tv\/wp-content\/uploads\/merlin_180424377_f1cfe68a-7711-4b89-80a1-2c37a05a7d5b-superjumbo.jpg\" \/>\n\t<meta property=\"og:image:width\" content=\"2048\" \/>\n\t<meta property=\"og:image:height\" content=\"1365\" \/>\n\t<meta property=\"og:image:type\" content=\"image\/jpeg\" \/>\n<meta name=\"author\" content=\"elli\" \/>\n<meta name=\"twitter:card\" content=\"summary_large_image\" \/>\n<meta name=\"twitter:creator\" content=\"@elli\" \/>\n<script type=\"application\/ld+json\" class=\"yoast-schema-graph\">{\"@context\":\"https:\\\/\\\/schema.org\",\"@graph\":[{\"@type\":\"Article\",\"@id\":\"https:\\\/\\\/www.meydan.tv\\\/az\\\/article\\\/qarabagda-berpa-edilecek-medeniyyet-muessiselerinin-sayi-aciqlandi\\\/#article\",\"isPartOf\":{\"@id\":\"https:\\\/\\\/www.meydan.tv\\\/az\\\/article\\\/qarabagda-berpa-edilecek-medeniyyet-muessiselerinin-sayi-aciqlandi\\\/\"},\"author\":{\"name\":\"elli\",\"@id\":\"https:\\\/\\\/www.meydan.tv\\\/az\\\/#\\\/schema\\\/person\\\/9cdbecf90d17180ce1dfbd95b08dcf47\"},\"headline\":\"Qaraba\u011fda b\u0259rpa edil\u0259c\u0259k m\u0259d\u0259niyy\u0259t m\u00fc\u0259ssis\u0259l\u0259rinin say\u0131 a\u00e7\u0131qland\u0131\",\"datePublished\":\"2022-03-17T12:18:50+00:00\",\"dateModified\":\"2022-03-17T12:18:52+00:00\",\"mainEntityOfPage\":{\"@id\":\"https:\\\/\\\/www.meydan.tv\\\/az\\\/article\\\/qarabagda-berpa-edilecek-medeniyyet-muessiselerinin-sayi-aciqlandi\\\/\"},\"wordCount\":977,\"publisher\":{\"@id\":\"https:\\\/\\\/www.meydan.tv\\\/az\\\/#organization\"},\"image\":{\"@id\":\"https:\\\/\\\/www.meydan.tv\\\/az\\\/article\\\/qarabagda-berpa-edilecek-medeniyyet-muessiselerinin-sayi-aciqlandi\\\/#primaryimage\"},\"thumbnailUrl\":\"https:\\\/\\\/www.meydan.tv\\\/wp-content\\\/uploads\\\/merlin_180424377_f1cfe68a-7711-4b89-80a1-2c37a05a7d5b-superjumbo.jpg\",\"articleSection\":[\"M\u0259d\u0259niyy\u0259t\",\"X\u0259b\u0259rl\u0259r\"],\"inLanguage\":\"az\"},{\"@type\":\"WebPage\",\"@id\":\"https:\\\/\\\/www.meydan.tv\\\/az\\\/article\\\/qarabagda-berpa-edilecek-medeniyyet-muessiselerinin-sayi-aciqlandi\\\/\",\"url\":\"https:\\\/\\\/www.meydan.tv\\\/az\\\/article\\\/qarabagda-berpa-edilecek-medeniyyet-muessiselerinin-sayi-aciqlandi\\\/\",\"name\":\"Qaraba\u011fda b\u0259rpa edil\u0259c\u0259k m\u0259d\u0259niyy\u0259t m\u00fc\u0259ssis\u0259l\u0259rinin say\u0131 a\u00e7\u0131qland\u0131 - MEYDAN.TV\",\"isPartOf\":{\"@id\":\"https:\\\/\\\/www.meydan.tv\\\/az\\\/#website\"},\"primaryImageOfPage\":{\"@id\":\"https:\\\/\\\/www.meydan.tv\\\/az\\\/article\\\/qarabagda-berpa-edilecek-medeniyyet-muessiselerinin-sayi-aciqlandi\\\/#primaryimage\"},\"image\":{\"@id\":\"https:\\\/\\\/www.meydan.tv\\\/az\\\/article\\\/qarabagda-berpa-edilecek-medeniyyet-muessiselerinin-sayi-aciqlandi\\\/#primaryimage\"},\"thumbnailUrl\":\"https:\\\/\\\/www.meydan.tv\\\/wp-content\\\/uploads\\\/merlin_180424377_f1cfe68a-7711-4b89-80a1-2c37a05a7d5b-superjumbo.jpg\",\"datePublished\":\"2022-03-17T12:18:50+00:00\",\"dateModified\":\"2022-03-17T12:18:52+00:00\",\"breadcrumb\":{\"@id\":\"https:\\\/\\\/www.meydan.tv\\\/az\\\/article\\\/qarabagda-berpa-edilecek-medeniyyet-muessiselerinin-sayi-aciqlandi\\\/#breadcrumb\"},\"inLanguage\":\"az\",\"potentialAction\":[{\"@type\":\"ReadAction\",\"target\":[\"https:\\\/\\\/www.meydan.tv\\\/az\\\/article\\\/qarabagda-berpa-edilecek-medeniyyet-muessiselerinin-sayi-aciqlandi\\\/\"]}]},{\"@type\":\"ImageObject\",\"inLanguage\":\"az\",\"@id\":\"https:\\\/\\\/www.meydan.tv\\\/az\\\/article\\\/qarabagda-berpa-edilecek-medeniyyet-muessiselerinin-sayi-aciqlandi\\\/#primaryimage\",\"url\":\"https:\\\/\\\/www.meydan.tv\\\/wp-content\\\/uploads\\\/merlin_180424377_f1cfe68a-7711-4b89-80a1-2c37a05a7d5b-superjumbo.jpg\",\"contentUrl\":\"https:\\\/\\\/www.meydan.tv\\\/wp-content\\\/uploads\\\/merlin_180424377_f1cfe68a-7711-4b89-80a1-2c37a05a7d5b-superjumbo.jpg\",\"width\":2048,\"height\":1365,\"caption\":\"Source: Ivor Prickett - The New York Times\"},{\"@type\":\"BreadcrumbList\",\"@id\":\"https:\\\/\\\/www.meydan.tv\\\/az\\\/article\\\/qarabagda-berpa-edilecek-medeniyyet-muessiselerinin-sayi-aciqlandi\\\/#breadcrumb\",\"itemListElement\":[{\"@type\":\"ListItem\",\"position\":1,\"name\":\"Ana s\u0259hif\u0259\",\"item\":\"https:\\\/\\\/www.meydan.tv\\\/az\\\/\"},{\"@type\":\"ListItem\",\"position\":2,\"name\":\"M\u0259d\u0259niyy\u0259t\",\"item\":\"https:\\\/\\\/www.meydan.tv\\\/az\\\/section\\\/medeniyyet\\\/\"},{\"@type\":\"ListItem\",\"position\":3,\"name\":\"Qaraba\u011fda b\u0259rpa edil\u0259c\u0259k m\u0259d\u0259niyy\u0259t m\u00fc\u0259ssis\u0259l\u0259rinin say\u0131 a\u00e7\u0131qland\u0131\"}]},{\"@type\":\"WebSite\",\"@id\":\"https:\\\/\\\/www.meydan.tv\\\/az\\\/#website\",\"url\":\"https:\\\/\\\/www.meydan.tv\\\/az\\\/\",\"name\":\"MEYDAN.TV\",\"description\":\"Meydan TV Az\u0259rbaycan\u0131n media m\u0259kan\u0131ndak\u0131 alternativ s\u0259sidir\",\"publisher\":{\"@id\":\"https:\\\/\\\/www.meydan.tv\\\/az\\\/#organization\"},\"potentialAction\":[{\"@type\":\"SearchAction\",\"target\":{\"@type\":\"EntryPoint\",\"urlTemplate\":\"https:\\\/\\\/www.meydan.tv\\\/az\\\/?s={search_term_string}\"},\"query-input\":{\"@type\":\"PropertyValueSpecification\",\"valueRequired\":true,\"valueName\":\"search_term_string\"}}],\"inLanguage\":\"az\"},{\"@type\":\"Organization\",\"@id\":\"https:\\\/\\\/www.meydan.tv\\\/az\\\/#organization\",\"name\":\"Meydan TV\",\"url\":\"https:\\\/\\\/www.meydan.tv\\\/az\\\/\",\"logo\":{\"@type\":\"ImageObject\",\"inLanguage\":\"az\",\"@id\":\"https:\\\/\\\/www.meydan.tv\\\/az\\\/#\\\/schema\\\/logo\\\/image\\\/\",\"url\":\"https:\\\/\\\/www.meydan.tv\\\/wp-content\\\/uploads\\\/2021\\\/07\\\/meydan-logo.svg\",\"contentUrl\":\"https:\\\/\\\/www.meydan.tv\\\/wp-content\\\/uploads\\\/2021\\\/07\\\/meydan-logo.svg\",\"width\":195,\"height\":46,\"caption\":\"Meydan TV\"},\"image\":{\"@id\":\"https:\\\/\\\/www.meydan.tv\\\/az\\\/#\\\/schema\\\/logo\\\/image\\\/\"}},{\"@type\":\"Person\",\"@id\":\"https:\\\/\\\/www.meydan.tv\\\/az\\\/#\\\/schema\\\/person\\\/9cdbecf90d17180ce1dfbd95b08dcf47\",\"name\":\"elli\",\"sameAs\":[\"https:\\\/\\\/x.com\\\/elli\"]}]}<\/script>\n<!-- \/ Yoast SEO plugin. -->","yoast_head_json":{"title":"Qaraba\u011fda b\u0259rpa edil\u0259c\u0259k m\u0259d\u0259niyy\u0259t m\u00fc\u0259ssis\u0259l\u0259rinin say\u0131 a\u00e7\u0131qland\u0131 - MEYDAN.TV","robots":{"index":"index","follow":"follow","max-snippet":"max-snippet:-1","max-image-preview":"max-image-preview:large","max-video-preview":"max-video-preview:-1"},"canonical":"https:\/\/www.meydan.tv\/az\/article\/qarabagda-berpa-edilecek-medeniyyet-muessiselerinin-sayi-aciqlandi\/","og_locale":"az_AZ","og_type":"article","og_title":"Qaraba\u011fda b\u0259rpa edil\u0259c\u0259k m\u0259d\u0259niyy\u0259t m\u00fc\u0259ssis\u0259l\u0259rinin say\u0131 a\u00e7\u0131qland\u0131 - MEYDAN.TV","og_description":"Nazirlik: &#8220;286 kitabxana, 237 m\u0259d\u0259niyy\u0259t evi, 19 muzey, 24 u\u015faq ... Davam\u0131","og_url":"https:\/\/www.meydan.tv\/az\/article\/qarabagda-berpa-edilecek-medeniyyet-muessiselerinin-sayi-aciqlandi\/","og_site_name":"MEYDAN.TV","article_published_time":"2022-03-17T12:18:50+00:00","article_modified_time":"2022-03-17T12:18:52+00:00","og_image":[{"width":2048,"height":1365,"url":"https:\/\/www.meydan.tv\/wp-content\/uploads\/merlin_180424377_f1cfe68a-7711-4b89-80a1-2c37a05a7d5b-superjumbo.jpg","type":"image\/jpeg"}],"author":"elli","twitter_card":"summary_large_image","twitter_creator":"@elli","schema":{"@context":"https:\/\/schema.org","@graph":[{"@type":"Article","@id":"https:\/\/www.meydan.tv\/az\/article\/qarabagda-berpa-edilecek-medeniyyet-muessiselerinin-sayi-aciqlandi\/#article","isPartOf":{"@id":"https:\/\/www.meydan.tv\/az\/article\/qarabagda-berpa-edilecek-medeniyyet-muessiselerinin-sayi-aciqlandi\/"},"author":{"name":"elli","@id":"https:\/\/www.meydan.tv\/az\/#\/schema\/person\/9cdbecf90d17180ce1dfbd95b08dcf47"},"headline":"Qaraba\u011fda b\u0259rpa edil\u0259c\u0259k m\u0259d\u0259niyy\u0259t m\u00fc\u0259ssis\u0259l\u0259rinin say\u0131 a\u00e7\u0131qland\u0131","datePublished":"2022-03-17T12:18:50+00:00","dateModified":"2022-03-17T12:18:52+00:00","mainEntityOfPage":{"@id":"https:\/\/www.meydan.tv\/az\/article\/qarabagda-berpa-edilecek-medeniyyet-muessiselerinin-sayi-aciqlandi\/"},"wordCount":977,"publisher":{"@id":"https:\/\/www.meydan.tv\/az\/#organization"},"image":{"@id":"https:\/\/www.meydan.tv\/az\/article\/qarabagda-berpa-edilecek-medeniyyet-muessiselerinin-sayi-aciqlandi\/#primaryimage"},"thumbnailUrl":"https:\/\/www.meydan.tv\/wp-content\/uploads\/merlin_180424377_f1cfe68a-7711-4b89-80a1-2c37a05a7d5b-superjumbo.jpg","articleSection":["M\u0259d\u0259niyy\u0259t","X\u0259b\u0259rl\u0259r"],"inLanguage":"az"},{"@type":"WebPage","@id":"https:\/\/www.meydan.tv\/az\/article\/qarabagda-berpa-edilecek-medeniyyet-muessiselerinin-sayi-aciqlandi\/","url":"https:\/\/www.meydan.tv\/az\/article\/qarabagda-berpa-edilecek-medeniyyet-muessiselerinin-sayi-aciqlandi\/","name":"Qaraba\u011fda b\u0259rpa edil\u0259c\u0259k m\u0259d\u0259niyy\u0259t m\u00fc\u0259ssis\u0259l\u0259rinin say\u0131 a\u00e7\u0131qland\u0131 - MEYDAN.TV","isPartOf":{"@id":"https:\/\/www.meydan.tv\/az\/#website"},"primaryImageOfPage":{"@id":"https:\/\/www.meydan.tv\/az\/article\/qarabagda-berpa-edilecek-medeniyyet-muessiselerinin-sayi-aciqlandi\/#primaryimage"},"image":{"@id":"https:\/\/www.meydan.tv\/az\/article\/qarabagda-berpa-edilecek-medeniyyet-muessiselerinin-sayi-aciqlandi\/#primaryimage"},"thumbnailUrl":"https:\/\/www.meydan.tv\/wp-content\/uploads\/merlin_180424377_f1cfe68a-7711-4b89-80a1-2c37a05a7d5b-superjumbo.jpg","datePublished":"2022-03-17T12:18:50+00:00","dateModified":"2022-03-17T12:18:52+00:00","breadcrumb":{"@id":"https:\/\/www.meydan.tv\/az\/article\/qarabagda-berpa-edilecek-medeniyyet-muessiselerinin-sayi-aciqlandi\/#breadcrumb"},"inLanguage":"az","potentialAction":[{"@type":"ReadAction","target":["https:\/\/www.meydan.tv\/az\/article\/qarabagda-berpa-edilecek-medeniyyet-muessiselerinin-sayi-aciqlandi\/"]}]},{"@type":"ImageObject","inLanguage":"az","@id":"https:\/\/www.meydan.tv\/az\/article\/qarabagda-berpa-edilecek-medeniyyet-muessiselerinin-sayi-aciqlandi\/#primaryimage","url":"https:\/\/www.meydan.tv\/wp-content\/uploads\/merlin_180424377_f1cfe68a-7711-4b89-80a1-2c37a05a7d5b-superjumbo.jpg","contentUrl":"https:\/\/www.meydan.tv\/wp-content\/uploads\/merlin_180424377_f1cfe68a-7711-4b89-80a1-2c37a05a7d5b-superjumbo.jpg","width":2048,"height":1365,"caption":"Source: Ivor Prickett - The New York Times"},{"@type":"BreadcrumbList","@id":"https:\/\/www.meydan.tv\/az\/article\/qarabagda-berpa-edilecek-medeniyyet-muessiselerinin-sayi-aciqlandi\/#breadcrumb","itemListElement":[{"@type":"ListItem","position":1,"name":"Ana s\u0259hif\u0259","item":"https:\/\/www.meydan.tv\/az\/"},{"@type":"ListItem","position":2,"name":"M\u0259d\u0259niyy\u0259t","item":"https:\/\/www.meydan.tv\/az\/section\/medeniyyet\/"},{"@type":"ListItem","position":3,"name":"Qaraba\u011fda b\u0259rpa edil\u0259c\u0259k m\u0259d\u0259niyy\u0259t m\u00fc\u0259ssis\u0259l\u0259rinin say\u0131 a\u00e7\u0131qland\u0131"}]},{"@type":"WebSite","@id":"https:\/\/www.meydan.tv\/az\/#website","url":"https:\/\/www.meydan.tv\/az\/","name":"MEYDAN.TV","description":"Meydan TV Az\u0259rbaycan\u0131n media m\u0259kan\u0131ndak\u0131 alternativ s\u0259sidir","publisher":{"@id":"https:\/\/www.meydan.tv\/az\/#organization"},"potentialAction":[{"@type":"SearchAction","target":{"@type":"EntryPoint","urlTemplate":"https:\/\/www.meydan.tv\/az\/?s={search_term_string}"},"query-input":{"@type":"PropertyValueSpecification","valueRequired":true,"valueName":"search_term_string"}}],"inLanguage":"az"},{"@type":"Organization","@id":"https:\/\/www.meydan.tv\/az\/#organization","name":"Meydan TV","url":"https:\/\/www.meydan.tv\/az\/","logo":{"@type":"ImageObject","inLanguage":"az","@id":"https:\/\/www.meydan.tv\/az\/#\/schema\/logo\/image\/","url":"https:\/\/www.meydan.tv\/wp-content\/uploads\/2021\/07\/meydan-logo.svg","contentUrl":"https:\/\/www.meydan.tv\/wp-content\/uploads\/2021\/07\/meydan-logo.svg","width":195,"height":46,"caption":"Meydan TV"},"image":{"@id":"https:\/\/www.meydan.tv\/az\/#\/schema\/logo\/image\/"}},{"@type":"Person","@id":"https:\/\/www.meydan.tv\/az\/#\/schema\/person\/9cdbecf90d17180ce1dfbd95b08dcf47","name":"elli","sameAs":["https:\/\/x.com\/elli"]}]}},"_links":{"self":[{"href":"https:\/\/www.meydan.tv\/az\/wp-json\/wp\/v2\/posts\/238815","targetHints":{"allow":["GET"]}}],"collection":[{"href":"https:\/\/www.meydan.tv\/az\/wp-json\/wp\/v2\/posts"}],"about":[{"href":"https:\/\/www.meydan.tv\/az\/wp-json\/wp\/v2\/types\/post"}],"author":[{"embeddable":true,"href":"https:\/\/www.meydan.tv\/az\/wp-json\/wp\/v2\/users\/8"}],"replies":[{"embeddable":true,"href":"https:\/\/www.meydan.tv\/az\/wp-json\/wp\/v2\/comments?post=238815"}],"version-history":[{"count":3,"href":"https:\/\/www.meydan.tv\/az\/wp-json\/wp\/v2\/posts\/238815\/revisions"}],"predecessor-version":[{"id":238819,"href":"https:\/\/www.meydan.tv\/az\/wp-json\/wp\/v2\/posts\/238815\/revisions\/238819"}],"wp:featuredmedia":[{"embeddable":true,"href":"https:\/\/www.meydan.tv\/az\/wp-json\/wp\/v2\/media\/153486"}],"wp:attachment":[{"href":"https:\/\/www.meydan.tv\/az\/wp-json\/wp\/v2\/media?parent=238815"}],"wp:term":[{"taxonomy":"category","embeddable":true,"href":"https:\/\/www.meydan.tv\/az\/wp-json\/wp\/v2\/categories?post=238815"},{"taxonomy":"post_tag","embeddable":true,"href":"https:\/\/www.meydan.tv\/az\/wp-json\/wp\/v2\/tags?post=238815"}],"curies":[{"name":"wp","href":"https:\/\/api.w.org\/{rel}","templated":true}]}}