{"id":238794,"date":"2022-03-17T14:56:27","date_gmt":"2022-03-17T10:56:27","guid":{"rendered":"https:\/\/www.meydan.tv\/?p=238794"},"modified":"2022-03-17T14:56:29","modified_gmt":"2022-03-17T10:56:29","slug":"seadet-cahangirin-olkeden-cixisina-qadaga-qoyulub","status":"publish","type":"post","link":"https:\/\/www.meydan.tv\/az\/article\/seadet-cahangirin-olkeden-cixisina-qadaga-qoyulub\/","title":{"rendered":"S\u0259ad\u0259t Cahangirin \u00f6lk\u0259d\u0259n \u00e7\u0131x\u0131\u015f\u0131na qada\u011fa qoyulub"},"content":{"rendered":"\n<p><em>&#8220;Ba\u015f prokurora teleqram vurdum ki, \u015fahid\u0259 &#8220;stop&#8221; qoymaq qanunla qada\u011fand\u0131r&#8221;<\/em><\/p>\n\n\n\n<p>\u201cAzadl\u0131q\u201d q\u0259zetinin \u0259m\u0259kda\u015f\u0131 S\u0259ad\u0259t Cahangir \u00f6lk\u0259d\u0259n \u00e7\u0131x\u0131\u015f\u0131na qada\u011fan qoyuldu\u011funu deyir.<\/p>\n\n\n\n<p>Yazar haqq\u0131ndak\u0131 qada\u011fa q\u0259rar\u0131n\u0131 Ba\u015f Prokurorlu\u011fun A\u011f\u0131r Cinay\u0259tl\u0259r\u0259 dair \u0130stintaq \u0130dar\u0259sin\u0259 g\u00f6nd\u0259rdiyi sor\u011funun cavab\u0131ndan \u00f6yr\u0259nib.<\/p>\n\n\n\n<p>Bu bar\u0259d\u0259 Meydan TV-y\u0259 S\u0259ad\u0259t Cahangirin \u00f6z\u00fc m\u0259lumat verib.<\/p>\n\n\n\n<p>O bildirib ki, 2020-ci ilin 1 may tarixind\u0259 AXCP s\u0259drinin m\u00fchafiz\u0259\u00e7isi Niyam\u0259ddin \u018fhm\u0259dovun i\u015fi il\u0259 ba\u011fl\u0131 onun evind\u0259 axtar\u0131\u015f apar\u0131l\u0131b: <\/p>\n\n\n\n<p>\u201cArd\u0131nca, 6 saat Ba\u015f Prokurorlu\u011fun A\u011f\u0131r Cinay\u0259tl\u0259r\u0259 dair \u0130stintaq \u0130dar\u0259sind\u0259 \u015fahid qismind\u0259 dindirilmi\u015fdim. O vaxtdan iki il \u00f6t\u00fcr, h\u0259min absurd cinay\u0259t i\u015fi ba\u015fa \u00e7at\u0131b, Niyam\u0259ddin \u018fhm\u0259dova h\u00f6km d\u0259 oxunub. Apelyasiya M\u0259hk\u0259m\u0259si m\u0259nim evd\u0259n g\u00f6t\u00fcr\u00fcl\u0259n pulumun v\u0259 \u0259\u015fyalar\u0131m\u0131n qaytar\u0131lmas\u0131 haqda q\u0259rar da \u00e7\u0131xar\u0131b. \u018f\u015fyalar\u0131m h\u0259l\u0259 geri verilm\u0259s\u0259 d\u0259, art\u0131q pulumu qaytar\u0131blar. Ancaq bu g\u00fcnl\u0259rd\u0259 m\u0259lum oldu ki, \u00f6lk\u0259d\u0259n \u00e7\u0131x\u0131\u015f\u0131ma qada\u011fa qoyulub. \u018fg\u0259r \u00f6n\u0259mli bir m\u0259s\u0259l\u0259 \u00fc\u00e7\u00fcn q\u0131sa m\u00fcdd\u0259tlik xarici \u00f6lk\u0259y\u0259 s\u0259f\u0259r etm\u0259k z\u0259rur\u0259ti yaranmasayd\u0131, bilm\u0259zdim\u201d.<\/p>\n\n\n\n<figure class=\"wp-block-image size-large\"><img decoding=\"async\" width=\"580\" height=\"821\" data-src=\"https:\/\/www.meydan.tv\/wp-content\/uploads\/275453317_660116471928764_5462903049723899595_n-580x821.jpg\" alt=\"\" class=\"wp-image-238788 lazyload\" src=\"data:image\/svg+xml;base64,PHN2ZyB3aWR0aD0iMSIgaGVpZ2h0PSIxIiB4bWxucz0iaHR0cDovL3d3dy53My5vcmcvMjAwMC9zdmciPjwvc3ZnPg==\" style=\"--smush-placeholder-width: 580px; --smush-placeholder-aspect-ratio: 580\/821;\" \/><figcaption>Foto: S\u0259ad\u0259t Cahangir\u0259 g\u00f6nd\u0259ril\u0259n m\u0259ktubun sur\u0259ti<\/figcaption><\/figure>\n\n\n\n<p>S.Cahangir yanvar\u0131n 19-da Ba\u015f Prokurorlu\u011fa m\u0259ktub yaz\u0131b v\u0259 \u00f6lk\u0259d\u0259n \u00e7\u0131x\u0131\u015f\u0131n\u0131n qada\u011fan olub-olmad\u0131\u011f\u0131 bar\u0259d\u0259 m\u0259lumat ist\u0259yib: <\/p>\n\n\n\n<p>\u201cDo\u011frusu, b\u00f6y\u00fck ehtimalla qada\u011fan\u0131n olmayaca\u011f\u0131n\u0131 d\u00fc\u015f\u00fcn\u00fcrd\u00fcm. Ancaq mart\u0131n 17-d\u0259 \u0130stintaq \u0130dar\u0259sinin r\u0259isi Nem\u0259t \u018fv\u0259zovun ad\u0131ndan g\u0259l\u0259n m\u0259ktubda deyilir ki, sizin d\u00f6vl\u0259t s\u0259rh\u0259dini ke\u00e7m\u0259niz\u0259 m\u00fcv\u0259qq\u0259ti qada\u011fa qoyulub. N\u0259 edim, indi d\u0259 m\u0259ktub g\u00f6nd\u0259rim 2 ay cavab\u0131n\u0131 g\u00f6zl\u0259yim ki, o qada\u011fa n\u0259 vaxt g\u00f6t\u00fcr\u00fcl\u0259c\u0259k? \u0130\u015f ba\u015fa \u00e7at\u0131b, h\u00f6km oxunub, amma \u015fahid\u0259 qoyulan \u201cstop\u201d qal\u0131b? Niy\u0259 he\u00e7 bir cinay\u0259t \u0259m\u0259li olmayan \u015f\u0259xs\u0259 \u201cstop\u201d qoymal\u0131s\u0131n\u0131z ax\u0131? Lap \u201cstop\u201d qoymusunuzsa, onu hans\u0131 i\u015f\u0259 calay\u0131b indiy\u0259d\u0259k saxlam\u0131s\u0131n\u0131z? G\u00f6r\u00fcn\u00fcr, biz haqq\u0131m\u0131z\u0131 n\u0259 q\u0259d\u0259r \u00f6z \u00f6lk\u0259mizd\u0259 axtarmaq ist\u0259s\u0259k d\u0259, olmur\u201d.<\/p>\n\n\n\n<p>\u201cMart\u0131n 14-d\u0259 Ba\u015f prokurora teleqram vurdum. Bildirdim ki, \u015fahid\u0259 &#8220;stop&#8221; qoymaq qanunla qada\u011fand\u0131r. Xahi\u015f etdim ki, \u0259sass\u0131z qada\u011fan\u0131 g\u00f6t\u00fcrs\u00fcnl\u0259r. Ombudsmana da m\u00fcraci\u0259t etmi\u015f\u0259m. Cavab g\u00f6zl\u0259yir\u0259m v\u0259 m\u0259hk\u0259m\u0259y\u0259 d\u0259 s\u0259n\u0259dl\u0259rimi haz\u0131rlay\u0131ram. M\u0259hk\u0259m\u0259 uzun \u00e7\u0259kir, amma m\u00fcsb\u0259t cavab g\u0259lm\u0259s\u0259, m\u0259hk\u0259m\u0259y\u0259 m\u00fcraci\u0259t ed\u0259c\u0259yik\u201d, &#8211; dey\u0259 o bildirib.<\/p>\n\n\n\n<p>Jurnalist 2020-ci ilin 1 may\u0131nda evind\u0259 axtar\u0131\u015fla ba\u011fl\u0131 m\u0259hk\u0259m\u0259 i\u015finin ba\u015fa \u00e7atd\u0131\u011f\u0131n\u0131 v\u0259 \u015fikay\u0259tinin Avropa M\u0259hk\u0259m\u0259sin\u0259 g\u00f6nd\u0259rildiyini deyib.<\/p>\n\n\n\n<p>AXCP s\u0259dri \u018fli K\u0259rimlinin m\u00fchafiz\u0259\u00e7isi Niyam\u0259ddin \u018fhm\u0259dov Cinay\u0259t M\u0259c\u0259ll\u0259sinin 214-1 (terror\u00e7ulu\u011fu maliyy\u0259l\u0259\u015fdirm\u0259), 28.281 (d\u00f6vl\u0259t \u0259leyhin\u0259 y\u00f6n\u0259lik a\u00e7\u0131q \u00e7a\u011f\u0131r\u0131\u015flara haz\u0131rl\u0131q) v\u0259 233-1 (qanunla m\u00fclki d\u00f6vriyy\u0259d\u0259 olmas\u0131na yol verilm\u0259y\u0259n \u0259\u015fyalar\u0131 \u0259ld\u0259 etm\u0259, saxlama) madd\u0259l\u0259ril\u0259 13 il azadl\u0131qdan m\u0259hrum edilib.<\/p>\n\n\n\n<p>AXCP f\u0259al\u0131 \u00f6z\u00fcn\u00fc t\u0259qsirli bilmir, \u018fli K\u0259rimlinin m\u00fchafiz\u0259\u00e7isi oldu\u011funa, 2019-cu ilin 19 oktyabr\u0131nda Milli \u015euran\u0131n ke\u00e7irdiyi icaz\u0259siz etiraz aksiyas\u0131nda sona q\u0259d\u0259r onu t\u0259k buraxmad\u0131\u011f\u0131na g\u00f6r\u0259 c\u0259zaland\u0131r\u0131ld\u0131\u011f\u0131n\u0131 deyir.<\/p>\n\n\n\n<p>Niyam\u0259ddin \u018fhm\u0259dov deyib ki, AXCP v\u0259 \u018fli K\u0259rimlinin \u0259leyhin\u0259 ifad\u0259 verm\u0259si \u00fc\u00e7\u00fcn a\u011flas\u0131\u011fmaz i\u015fg\u0259nc\u0259l\u0259r\u0259 m\u0259ruz qal\u0131b.<\/p>\n","protected":false},"excerpt":{"rendered":"<p>&#8220;Ba\u015f prokurora teleqram vurdum ki, \u015fahid\u0259 &#8220;stop&#8221; qoymaq qanunla qada\u011fand\u0131r&#8221; &#8230; <\/p>\n<p class=\"read-more-container\"><a title=\"S\u0259ad\u0259t Cahangirin \u00f6lk\u0259d\u0259n \u00e7\u0131x\u0131\u015f\u0131na qada\u011fa qoyulub\" class=\"read-more button\" href=\"https:\/\/www.meydan.tv\/az\/article\/seadet-cahangirin-olkeden-cixisina-qadaga-qoyulub\/#more-238794\" aria-label=\"Read more about S\u0259ad\u0259t Cahangirin \u00f6lk\u0259d\u0259n \u00e7\u0131x\u0131\u015f\u0131na qada\u011fa qoyulub\">Davam\u0131<\/a><\/p>\n","protected":false},"author":8,"featured_media":238791,"comment_status":"closed","ping_status":"closed","sticky":false,"template":"","format":"standard","meta":{"_acf_changed":false,"_sitemap_exclude":false,"_sitemap_priority":"","_sitemap_frequency":"","footnotes":""},"categories":[56],"tags":[],"class_list":["post-238794","post","type-post","status-publish","format-standard","has-post-thumbnail","hentry","category-xeberler","infinite-scroll-item","generate-columns","tablet-grid-50","mobile-grid-100","grid-parent","grid-33","no-featured-image-padding"],"acf":[],"yoast_head":"<!-- This site is optimized with the Yoast SEO plugin v27.4 - https:\/\/yoast.com\/product\/yoast-seo-wordpress\/ -->\n<title>S\u0259ad\u0259t Cahangirin \u00f6lk\u0259d\u0259n \u00e7\u0131x\u0131\u015f\u0131na qada\u011fa qoyulub - MEYDAN.TV<\/title>\n<meta name=\"robots\" content=\"index, follow, max-snippet:-1, max-image-preview:large, max-video-preview:-1\" \/>\n<link rel=\"canonical\" href=\"https:\/\/www.meydan.tv\/az\/article\/seadet-cahangirin-olkeden-cixisina-qadaga-qoyulub\/\" \/>\n<meta property=\"og:locale\" content=\"az_AZ\" \/>\n<meta property=\"og:type\" content=\"article\" \/>\n<meta property=\"og:title\" content=\"S\u0259ad\u0259t Cahangirin \u00f6lk\u0259d\u0259n \u00e7\u0131x\u0131\u015f\u0131na qada\u011fa qoyulub - MEYDAN.TV\" \/>\n<meta property=\"og:description\" content=\"&#8220;Ba\u015f prokurora teleqram vurdum ki, \u015fahid\u0259 &#8220;stop&#8221; qoymaq qanunla qada\u011fand\u0131r&#8221; ... Davam\u0131\" \/>\n<meta property=\"og:url\" content=\"https:\/\/www.meydan.tv\/az\/article\/seadet-cahangirin-olkeden-cixisina-qadaga-qoyulub\/\" \/>\n<meta property=\"og:site_name\" content=\"MEYDAN.TV\" \/>\n<meta property=\"article:published_time\" content=\"2022-03-17T10:56:27+00:00\" \/>\n<meta property=\"article:modified_time\" content=\"2022-03-17T10:56:29+00:00\" \/>\n<meta property=\"og:image\" content=\"https:\/\/www.meydan.tv\/wp-content\/uploads\/107889839_4045410498865495_6755744757140527639_n-e1647514075850.jpg\" \/>\n\t<meta property=\"og:image:width\" content=\"1200\" \/>\n\t<meta property=\"og:image:height\" content=\"699\" \/>\n\t<meta property=\"og:image:type\" content=\"image\/jpeg\" \/>\n<meta name=\"author\" content=\"elli\" \/>\n<meta name=\"twitter:card\" content=\"summary_large_image\" \/>\n<meta name=\"twitter:creator\" content=\"@elli\" \/>\n<script type=\"application\/ld+json\" class=\"yoast-schema-graph\">{\"@context\":\"https:\\\/\\\/schema.org\",\"@graph\":[{\"@type\":\"Article\",\"@id\":\"https:\\\/\\\/www.meydan.tv\\\/az\\\/article\\\/seadet-cahangirin-olkeden-cixisina-qadaga-qoyulub\\\/#article\",\"isPartOf\":{\"@id\":\"https:\\\/\\\/www.meydan.tv\\\/az\\\/article\\\/seadet-cahangirin-olkeden-cixisina-qadaga-qoyulub\\\/\"},\"author\":{\"name\":\"elli\",\"@id\":\"https:\\\/\\\/www.meydan.tv\\\/az\\\/#\\\/schema\\\/person\\\/9cdbecf90d17180ce1dfbd95b08dcf47\"},\"headline\":\"S\u0259ad\u0259t Cahangirin \u00f6lk\u0259d\u0259n \u00e7\u0131x\u0131\u015f\u0131na qada\u011fa qoyulub\",\"datePublished\":\"2022-03-17T10:56:27+00:00\",\"dateModified\":\"2022-03-17T10:56:29+00:00\",\"mainEntityOfPage\":{\"@id\":\"https:\\\/\\\/www.meydan.tv\\\/az\\\/article\\\/seadet-cahangirin-olkeden-cixisina-qadaga-qoyulub\\\/\"},\"wordCount\":683,\"publisher\":{\"@id\":\"https:\\\/\\\/www.meydan.tv\\\/az\\\/#organization\"},\"image\":{\"@id\":\"https:\\\/\\\/www.meydan.tv\\\/az\\\/article\\\/seadet-cahangirin-olkeden-cixisina-qadaga-qoyulub\\\/#primaryimage\"},\"thumbnailUrl\":\"https:\\\/\\\/www.meydan.tv\\\/wp-content\\\/uploads\\\/107889839_4045410498865495_6755744757140527639_n-e1647514075850.jpg\",\"articleSection\":[\"X\u0259b\u0259rl\u0259r\"],\"inLanguage\":\"az\"},{\"@type\":\"WebPage\",\"@id\":\"https:\\\/\\\/www.meydan.tv\\\/az\\\/article\\\/seadet-cahangirin-olkeden-cixisina-qadaga-qoyulub\\\/\",\"url\":\"https:\\\/\\\/www.meydan.tv\\\/az\\\/article\\\/seadet-cahangirin-olkeden-cixisina-qadaga-qoyulub\\\/\",\"name\":\"S\u0259ad\u0259t Cahangirin \u00f6lk\u0259d\u0259n \u00e7\u0131x\u0131\u015f\u0131na qada\u011fa qoyulub - MEYDAN.TV\",\"isPartOf\":{\"@id\":\"https:\\\/\\\/www.meydan.tv\\\/az\\\/#website\"},\"primaryImageOfPage\":{\"@id\":\"https:\\\/\\\/www.meydan.tv\\\/az\\\/article\\\/seadet-cahangirin-olkeden-cixisina-qadaga-qoyulub\\\/#primaryimage\"},\"image\":{\"@id\":\"https:\\\/\\\/www.meydan.tv\\\/az\\\/article\\\/seadet-cahangirin-olkeden-cixisina-qadaga-qoyulub\\\/#primaryimage\"},\"thumbnailUrl\":\"https:\\\/\\\/www.meydan.tv\\\/wp-content\\\/uploads\\\/107889839_4045410498865495_6755744757140527639_n-e1647514075850.jpg\",\"datePublished\":\"2022-03-17T10:56:27+00:00\",\"dateModified\":\"2022-03-17T10:56:29+00:00\",\"breadcrumb\":{\"@id\":\"https:\\\/\\\/www.meydan.tv\\\/az\\\/article\\\/seadet-cahangirin-olkeden-cixisina-qadaga-qoyulub\\\/#breadcrumb\"},\"inLanguage\":\"az\",\"potentialAction\":[{\"@type\":\"ReadAction\",\"target\":[\"https:\\\/\\\/www.meydan.tv\\\/az\\\/article\\\/seadet-cahangirin-olkeden-cixisina-qadaga-qoyulub\\\/\"]}]},{\"@type\":\"ImageObject\",\"inLanguage\":\"az\",\"@id\":\"https:\\\/\\\/www.meydan.tv\\\/az\\\/article\\\/seadet-cahangirin-olkeden-cixisina-qadaga-qoyulub\\\/#primaryimage\",\"url\":\"https:\\\/\\\/www.meydan.tv\\\/wp-content\\\/uploads\\\/107889839_4045410498865495_6755744757140527639_n-e1647514075850.jpg\",\"contentUrl\":\"https:\\\/\\\/www.meydan.tv\\\/wp-content\\\/uploads\\\/107889839_4045410498865495_6755744757140527639_n-e1647514075850.jpg\",\"width\":1200,\"height\":699,\"caption\":\"Foto: S\u0259ad\u0259t Cahangirin \u015f\u0259xsi arxivind\u0259n\"},{\"@type\":\"BreadcrumbList\",\"@id\":\"https:\\\/\\\/www.meydan.tv\\\/az\\\/article\\\/seadet-cahangirin-olkeden-cixisina-qadaga-qoyulub\\\/#breadcrumb\",\"itemListElement\":[{\"@type\":\"ListItem\",\"position\":1,\"name\":\"Ana s\u0259hif\u0259\",\"item\":\"https:\\\/\\\/www.meydan.tv\\\/az\\\/\"},{\"@type\":\"ListItem\",\"position\":2,\"name\":\"X\u0259b\u0259rl\u0259r\",\"item\":\"https:\\\/\\\/www.meydan.tv\\\/az\\\/section\\\/xeberler\\\/\"},{\"@type\":\"ListItem\",\"position\":3,\"name\":\"S\u0259ad\u0259t Cahangirin \u00f6lk\u0259d\u0259n \u00e7\u0131x\u0131\u015f\u0131na qada\u011fa qoyulub\"}]},{\"@type\":\"WebSite\",\"@id\":\"https:\\\/\\\/www.meydan.tv\\\/az\\\/#website\",\"url\":\"https:\\\/\\\/www.meydan.tv\\\/az\\\/\",\"name\":\"MEYDAN.TV\",\"description\":\"Meydan TV Az\u0259rbaycan\u0131n media m\u0259kan\u0131ndak\u0131 alternativ s\u0259sidir\",\"publisher\":{\"@id\":\"https:\\\/\\\/www.meydan.tv\\\/az\\\/#organization\"},\"potentialAction\":[{\"@type\":\"SearchAction\",\"target\":{\"@type\":\"EntryPoint\",\"urlTemplate\":\"https:\\\/\\\/www.meydan.tv\\\/az\\\/?s={search_term_string}\"},\"query-input\":{\"@type\":\"PropertyValueSpecification\",\"valueRequired\":true,\"valueName\":\"search_term_string\"}}],\"inLanguage\":\"az\"},{\"@type\":\"Organization\",\"@id\":\"https:\\\/\\\/www.meydan.tv\\\/az\\\/#organization\",\"name\":\"Meydan TV\",\"url\":\"https:\\\/\\\/www.meydan.tv\\\/az\\\/\",\"logo\":{\"@type\":\"ImageObject\",\"inLanguage\":\"az\",\"@id\":\"https:\\\/\\\/www.meydan.tv\\\/az\\\/#\\\/schema\\\/logo\\\/image\\\/\",\"url\":\"https:\\\/\\\/www.meydan.tv\\\/wp-content\\\/uploads\\\/2021\\\/07\\\/meydan-logo.svg\",\"contentUrl\":\"https:\\\/\\\/www.meydan.tv\\\/wp-content\\\/uploads\\\/2021\\\/07\\\/meydan-logo.svg\",\"width\":195,\"height\":46,\"caption\":\"Meydan TV\"},\"image\":{\"@id\":\"https:\\\/\\\/www.meydan.tv\\\/az\\\/#\\\/schema\\\/logo\\\/image\\\/\"}},{\"@type\":\"Person\",\"@id\":\"https:\\\/\\\/www.meydan.tv\\\/az\\\/#\\\/schema\\\/person\\\/9cdbecf90d17180ce1dfbd95b08dcf47\",\"name\":\"elli\",\"sameAs\":[\"https:\\\/\\\/x.com\\\/elli\"]}]}<\/script>\n<!-- \/ Yoast SEO plugin. -->","yoast_head_json":{"title":"S\u0259ad\u0259t Cahangirin \u00f6lk\u0259d\u0259n \u00e7\u0131x\u0131\u015f\u0131na qada\u011fa qoyulub - MEYDAN.TV","robots":{"index":"index","follow":"follow","max-snippet":"max-snippet:-1","max-image-preview":"max-image-preview:large","max-video-preview":"max-video-preview:-1"},"canonical":"https:\/\/www.meydan.tv\/az\/article\/seadet-cahangirin-olkeden-cixisina-qadaga-qoyulub\/","og_locale":"az_AZ","og_type":"article","og_title":"S\u0259ad\u0259t Cahangirin \u00f6lk\u0259d\u0259n \u00e7\u0131x\u0131\u015f\u0131na qada\u011fa qoyulub - MEYDAN.TV","og_description":"&#8220;Ba\u015f prokurora teleqram vurdum ki, \u015fahid\u0259 &#8220;stop&#8221; qoymaq qanunla qada\u011fand\u0131r&#8221; ... Davam\u0131","og_url":"https:\/\/www.meydan.tv\/az\/article\/seadet-cahangirin-olkeden-cixisina-qadaga-qoyulub\/","og_site_name":"MEYDAN.TV","article_published_time":"2022-03-17T10:56:27+00:00","article_modified_time":"2022-03-17T10:56:29+00:00","og_image":[{"width":1200,"height":699,"url":"https:\/\/www.meydan.tv\/wp-content\/uploads\/107889839_4045410498865495_6755744757140527639_n-e1647514075850.jpg","type":"image\/jpeg"}],"author":"elli","twitter_card":"summary_large_image","twitter_creator":"@elli","schema":{"@context":"https:\/\/schema.org","@graph":[{"@type":"Article","@id":"https:\/\/www.meydan.tv\/az\/article\/seadet-cahangirin-olkeden-cixisina-qadaga-qoyulub\/#article","isPartOf":{"@id":"https:\/\/www.meydan.tv\/az\/article\/seadet-cahangirin-olkeden-cixisina-qadaga-qoyulub\/"},"author":{"name":"elli","@id":"https:\/\/www.meydan.tv\/az\/#\/schema\/person\/9cdbecf90d17180ce1dfbd95b08dcf47"},"headline":"S\u0259ad\u0259t Cahangirin \u00f6lk\u0259d\u0259n \u00e7\u0131x\u0131\u015f\u0131na qada\u011fa qoyulub","datePublished":"2022-03-17T10:56:27+00:00","dateModified":"2022-03-17T10:56:29+00:00","mainEntityOfPage":{"@id":"https:\/\/www.meydan.tv\/az\/article\/seadet-cahangirin-olkeden-cixisina-qadaga-qoyulub\/"},"wordCount":683,"publisher":{"@id":"https:\/\/www.meydan.tv\/az\/#organization"},"image":{"@id":"https:\/\/www.meydan.tv\/az\/article\/seadet-cahangirin-olkeden-cixisina-qadaga-qoyulub\/#primaryimage"},"thumbnailUrl":"https:\/\/www.meydan.tv\/wp-content\/uploads\/107889839_4045410498865495_6755744757140527639_n-e1647514075850.jpg","articleSection":["X\u0259b\u0259rl\u0259r"],"inLanguage":"az"},{"@type":"WebPage","@id":"https:\/\/www.meydan.tv\/az\/article\/seadet-cahangirin-olkeden-cixisina-qadaga-qoyulub\/","url":"https:\/\/www.meydan.tv\/az\/article\/seadet-cahangirin-olkeden-cixisina-qadaga-qoyulub\/","name":"S\u0259ad\u0259t Cahangirin \u00f6lk\u0259d\u0259n \u00e7\u0131x\u0131\u015f\u0131na qada\u011fa qoyulub - MEYDAN.TV","isPartOf":{"@id":"https:\/\/www.meydan.tv\/az\/#website"},"primaryImageOfPage":{"@id":"https:\/\/www.meydan.tv\/az\/article\/seadet-cahangirin-olkeden-cixisina-qadaga-qoyulub\/#primaryimage"},"image":{"@id":"https:\/\/www.meydan.tv\/az\/article\/seadet-cahangirin-olkeden-cixisina-qadaga-qoyulub\/#primaryimage"},"thumbnailUrl":"https:\/\/www.meydan.tv\/wp-content\/uploads\/107889839_4045410498865495_6755744757140527639_n-e1647514075850.jpg","datePublished":"2022-03-17T10:56:27+00:00","dateModified":"2022-03-17T10:56:29+00:00","breadcrumb":{"@id":"https:\/\/www.meydan.tv\/az\/article\/seadet-cahangirin-olkeden-cixisina-qadaga-qoyulub\/#breadcrumb"},"inLanguage":"az","potentialAction":[{"@type":"ReadAction","target":["https:\/\/www.meydan.tv\/az\/article\/seadet-cahangirin-olkeden-cixisina-qadaga-qoyulub\/"]}]},{"@type":"ImageObject","inLanguage":"az","@id":"https:\/\/www.meydan.tv\/az\/article\/seadet-cahangirin-olkeden-cixisina-qadaga-qoyulub\/#primaryimage","url":"https:\/\/www.meydan.tv\/wp-content\/uploads\/107889839_4045410498865495_6755744757140527639_n-e1647514075850.jpg","contentUrl":"https:\/\/www.meydan.tv\/wp-content\/uploads\/107889839_4045410498865495_6755744757140527639_n-e1647514075850.jpg","width":1200,"height":699,"caption":"Foto: S\u0259ad\u0259t Cahangirin \u015f\u0259xsi arxivind\u0259n"},{"@type":"BreadcrumbList","@id":"https:\/\/www.meydan.tv\/az\/article\/seadet-cahangirin-olkeden-cixisina-qadaga-qoyulub\/#breadcrumb","itemListElement":[{"@type":"ListItem","position":1,"name":"Ana s\u0259hif\u0259","item":"https:\/\/www.meydan.tv\/az\/"},{"@type":"ListItem","position":2,"name":"X\u0259b\u0259rl\u0259r","item":"https:\/\/www.meydan.tv\/az\/section\/xeberler\/"},{"@type":"ListItem","position":3,"name":"S\u0259ad\u0259t Cahangirin \u00f6lk\u0259d\u0259n \u00e7\u0131x\u0131\u015f\u0131na qada\u011fa qoyulub"}]},{"@type":"WebSite","@id":"https:\/\/www.meydan.tv\/az\/#website","url":"https:\/\/www.meydan.tv\/az\/","name":"MEYDAN.TV","description":"Meydan TV Az\u0259rbaycan\u0131n media m\u0259kan\u0131ndak\u0131 alternativ s\u0259sidir","publisher":{"@id":"https:\/\/www.meydan.tv\/az\/#organization"},"potentialAction":[{"@type":"SearchAction","target":{"@type":"EntryPoint","urlTemplate":"https:\/\/www.meydan.tv\/az\/?s={search_term_string}"},"query-input":{"@type":"PropertyValueSpecification","valueRequired":true,"valueName":"search_term_string"}}],"inLanguage":"az"},{"@type":"Organization","@id":"https:\/\/www.meydan.tv\/az\/#organization","name":"Meydan TV","url":"https:\/\/www.meydan.tv\/az\/","logo":{"@type":"ImageObject","inLanguage":"az","@id":"https:\/\/www.meydan.tv\/az\/#\/schema\/logo\/image\/","url":"https:\/\/www.meydan.tv\/wp-content\/uploads\/2021\/07\/meydan-logo.svg","contentUrl":"https:\/\/www.meydan.tv\/wp-content\/uploads\/2021\/07\/meydan-logo.svg","width":195,"height":46,"caption":"Meydan TV"},"image":{"@id":"https:\/\/www.meydan.tv\/az\/#\/schema\/logo\/image\/"}},{"@type":"Person","@id":"https:\/\/www.meydan.tv\/az\/#\/schema\/person\/9cdbecf90d17180ce1dfbd95b08dcf47","name":"elli","sameAs":["https:\/\/x.com\/elli"]}]}},"_links":{"self":[{"href":"https:\/\/www.meydan.tv\/az\/wp-json\/wp\/v2\/posts\/238794","targetHints":{"allow":["GET"]}}],"collection":[{"href":"https:\/\/www.meydan.tv\/az\/wp-json\/wp\/v2\/posts"}],"about":[{"href":"https:\/\/www.meydan.tv\/az\/wp-json\/wp\/v2\/types\/post"}],"author":[{"embeddable":true,"href":"https:\/\/www.meydan.tv\/az\/wp-json\/wp\/v2\/users\/8"}],"replies":[{"embeddable":true,"href":"https:\/\/www.meydan.tv\/az\/wp-json\/wp\/v2\/comments?post=238794"}],"version-history":[{"count":2,"href":"https:\/\/www.meydan.tv\/az\/wp-json\/wp\/v2\/posts\/238794\/revisions"}],"predecessor-version":[{"id":238799,"href":"https:\/\/www.meydan.tv\/az\/wp-json\/wp\/v2\/posts\/238794\/revisions\/238799"}],"wp:featuredmedia":[{"embeddable":true,"href":"https:\/\/www.meydan.tv\/az\/wp-json\/wp\/v2\/media\/238791"}],"wp:attachment":[{"href":"https:\/\/www.meydan.tv\/az\/wp-json\/wp\/v2\/media?parent=238794"}],"wp:term":[{"taxonomy":"category","embeddable":true,"href":"https:\/\/www.meydan.tv\/az\/wp-json\/wp\/v2\/categories?post=238794"},{"taxonomy":"post_tag","embeddable":true,"href":"https:\/\/www.meydan.tv\/az\/wp-json\/wp\/v2\/tags?post=238794"}],"curies":[{"name":"wp","href":"https:\/\/api.w.org\/{rel}","templated":true}]}}