{"id":238716,"date":"2022-03-16T19:45:43","date_gmt":"2022-03-16T15:45:43","guid":{"rendered":"https:\/\/www.meydan.tv\/?p=238716"},"modified":"2022-03-16T19:45:45","modified_gmt":"2022-03-16T15:45:45","slug":"yuzlerle-azerbaycanli-rusiya-azerbaycan-serhedinde-qalib","status":"publish","type":"post","link":"https:\/\/www.meydan.tv\/az\/article\/yuzlerle-azerbaycanli-rusiya-azerbaycan-serhedinde-qalib\/","title":{"rendered":"Y\u00fczl\u0259rl\u0259 az\u0259rbaycanl\u0131 Rusiya Az\u0259rbaycan s\u0259rh\u0259dind\u0259 qal\u0131b"},"content":{"rendered":"\n<figure class=\"wp-block-embed is-type-video is-provider-youtube wp-block-embed-youtube wp-embed-aspect-16-9 wp-has-aspect-ratio\"><div class=\"wp-block-embed__wrapper\">\n<iframe title=\"Y\u00fczl\u0259rl\u0259 az\u0259rbaycanl\u0131 Rusiya Az\u0259rbaycan s\u0259rh\u0259dind\u0259 qal\u0131b\" width=\"1200\" height=\"675\" data-src=\"https:\/\/www.youtube.com\/embed\/fgEo7vgc3jA?feature=oembed\" frameborder=\"0\" allow=\"accelerometer; autoplay; clipboard-write; encrypted-media; gyroscope; picture-in-picture\" allowfullscreen src=\"data:image\/svg+xml;base64,PHN2ZyB3aWR0aD0iMSIgaGVpZ2h0PSIxIiB4bWxucz0iaHR0cDovL3d3dy53My5vcmcvMjAwMC9zdmciPjwvc3ZnPg==\" class=\"lazyload\" data-load-mode=\"1\"><\/iframe>\n<\/div><\/figure>\n\n\n\n<!--more-->\n\n\n\n<p>\u201c<em>\u0130ki s\u0259rh\u0259d aras\u0131nda, he\u00e7 bir insani ehtiyaclar\u0131m\u0131z\u0131n qar\u015f\u0131lanmas\u0131na imkan verilm\u0259d\u0259n dayanm\u0131\u015f\u0131q\u201d. <\/em><\/p>\n\n\n\n<p>Rusiyan\u0131n Ukraynaya h\u0259rbi m\u00fcdaxil\u0259sind\u0259n sonra bu \u00f6lk\u0259ni t\u0259rk ed\u0259n Az\u0259rbaycan v\u0259 T\u00fcrkiy\u0259 v\u0259t\u0259nda\u015flar\u0131n\u0131n bir ne\u00e7\u0259si Samur G\u00f6mr\u00fck Postunda qal\u0131b, Az\u0259rbaycana burax\u0131lm\u0131r. Aralar\u0131nda Ukrayna v\u0259t\u0259nda\u015f\u0131 olan qad\u0131nlar da var. Art\u0131q 3 g\u00fcnd\u00fcr s\u0259rh\u0259dd\u0259 qald\u0131\u011f\u0131n\u0131 dey\u0259n t\u00fcrk \u0259silli Ukrayna v\u0259t\u0259nda\u015f\u0131 Tuncel Ertunkun s\u00f6zl\u0259rin\u0259 g\u00f6r\u0259, onlar\u0131n adi ehtiyaclar\u0131 da t\u0259min edilmir: \u201cXahi\u015f edirik ki, he\u00e7 olmasa qad\u0131nlara tualetd\u0259n istifad\u0259 izni versinl\u0259r, ona da icaz\u0259 vermirl\u0259r. \u0130nsanlar k\u00f6rp\u00fcn\u00fcn alt\u0131nda t\u0259bii ehtiyaclar\u0131n\u0131 \u00f6d\u0259m\u0259k m\u0259cburiyy\u0259tind\u0259 qal\u0131rlar\u201d. <\/p>\n\n\n\n<p>\u201cBiz Az\u0259rbaycan torpaqlar\u0131na g\u0259l\u0259nd\u0259 \u00e7ox sevindik. M\u00fcharib\u0259nin i\u00e7ind\u0259n \u00e7\u0131xd\u0131q, 3-4 g\u00fcn yol g\u0259ldik, xilas oldu\u011fumuzu z\u0259nn etdik, amma burada daha da pis v\u0259ziyy\u0259tl\u0259 qar\u015f\u0131la\u015fd\u0131q. Bizi t\u0259krar Rusiyaya qovurlar, s\u0259rh\u0259d qap\u0131s\u0131na yax\u0131n buraxm\u0131rlar. Rusiya da bizi q\u0259bul etmir. \u0130ki s\u0259rh\u0259d aras\u0131nda, he\u00e7 bir insani ehtiyaclar\u0131m\u0131z\u0131n qar\u015f\u0131lanmas\u0131na imkan verilm\u0259d\u0259n dayanm\u0131\u015f\u0131q. D\u00f6vl\u0259t r\u0259hb\u0259rl\u0259rind\u0259n, h\u0259r k\u0259sd\u0259n yard\u0131m g\u00f6zl\u0259yirik. Allah xatirin\u0259, bizi buradan qurtarma\u011fa k\u00f6m\u0259k edin\u201d, &#8211; Ertunk deyib. 2 min kilometrlik m\u0259saf\u0259ni q\u0259t ed\u0259r\u0259k Az\u0259rbaycan s\u0259rh\u0259din\u0259 g\u0259l\u0259n Ukrayna v\u0259t\u0259nda\u015f\u0131 \u0130rina Ertunk d\u0259 \u00f6lk\u0259y\u0259 burax\u0131lmad\u0131qlar\u0131n\u0131, he\u00e7 bir t\u0259bii ehtiyaclar\u0131n\u0131 \u00f6d\u0259m\u0259y\u0259 imkan verilm\u0259diyini, \u00fcst\u0259lik ac-susuz qald\u0131qlar\u0131n\u0131 bildirirl\u0259r. <\/p>\n\n\n\n<p>Marina Solopova da bir ne\u00e7\u0259 sutkad\u0131r s\u0259rh\u0259dd\u0259 qald\u0131qlar\u0131n\u0131, \u00fcst\u0259lik s\u00fcd v\u0259zi x\u0259r\u00e7\u0259ngind\u0259n yeni \u0259m\u0259liyyat olundu\u011funu deyir. Onun s\u00f6zl\u0259rin\u0259 g\u00f6r\u0259, yem\u0259k v\u0259 kommunikasiya xidm\u0259tl\u0259rind\u0259n d\u0259 m\u0259hrumdular. V\u0259ziyy\u0259tl\u0259 ba\u011fl\u0131 Az\u0259rbaycan\u0131n \u0259laq\u0259dar orqanlar\u0131ndan m\u0259lumat almaq m\u00fcmk\u00fcn olmay\u0131b. D\u00f6vl\u0259t S\u0259rh\u0259d Xidm\u0259ti, el\u0259c\u0259 d\u0259 D\u00f6vl\u0259t G\u00f6mr\u00fck Komit\u0259sind\u0259n cavab verilm\u0259yib. Mart\u0131n 15-d\u0259 Ba\u015f nazir \u018fli \u018fs\u0259dov parlamentd\u0259 \u00e7\u0131x\u0131\u015f\u0131 zaman\u0131 <a href=\"https:\/\/report.az\/xarici-siyaset\/bas-nazir-bu-gunedek-ukraynadan-azerbaycana-9-246-nefer-texliye-edilib\/\">deyib<\/a>  ki, bu g\u00fcn s\u0259h\u0259r saatlar\u0131na olan m\u0259lumata g\u00f6r\u0259, Ukraynada ya\u015fayan 9 246 v\u0259t\u0259nda\u015f\u0131m\u0131z t\u0259xliy\u0259 edilib. Haz\u0131rda proses davam etdirilir. Az\u0259rbaycana g\u0259l\u0259n Ukrayna, T\u00fcrkiy\u0259 v\u0259t\u0259nda\u015flar\u0131n\u0131n olub-olmamas\u0131 haqq\u0131nda is\u0259 r\u0259smi m\u0259lumat yoxdur.<\/p>\n","protected":false},"excerpt":{"rendered":"","protected":false},"author":12,"featured_media":238717,"comment_status":"closed","ping_status":"closed","sticky":false,"template":"","format":"standard","meta":{"_acf_changed":false,"_sitemap_exclude":false,"_sitemap_priority":"","_sitemap_frequency":"","footnotes":""},"categories":[62,63],"tags":[],"class_list":["post-238716","post","type-post","status-publish","format-standard","has-post-thumbnail","hentry","category-sosial","category-video-2","infinite-scroll-item","generate-columns","tablet-grid-50","mobile-grid-100","grid-parent","grid-33","no-featured-image-padding"],"acf":[],"yoast_head":"<!-- This site is optimized with the Yoast SEO plugin v27.5 - https:\/\/yoast.com\/product\/yoast-seo-wordpress\/ -->\n<title>Y\u00fczl\u0259rl\u0259 az\u0259rbaycanl\u0131 Rusiya Az\u0259rbaycan s\u0259rh\u0259dind\u0259 qal\u0131b - MEYDAN.TV<\/title>\n<meta name=\"robots\" content=\"index, follow, max-snippet:-1, max-image-preview:large, max-video-preview:-1\" \/>\n<link rel=\"canonical\" href=\"https:\/\/www.meydan.tv\/az\/article\/yuzlerle-azerbaycanli-rusiya-azerbaycan-serhedinde-qalib\/\" \/>\n<meta property=\"og:locale\" content=\"az_AZ\" \/>\n<meta property=\"og:type\" content=\"article\" \/>\n<meta property=\"og:title\" content=\"Y\u00fczl\u0259rl\u0259 az\u0259rbaycanl\u0131 Rusiya Az\u0259rbaycan s\u0259rh\u0259dind\u0259 qal\u0131b - MEYDAN.TV\" \/>\n<meta property=\"og:url\" content=\"https:\/\/www.meydan.tv\/az\/article\/yuzlerle-azerbaycanli-rusiya-azerbaycan-serhedinde-qalib\/\" \/>\n<meta property=\"og:site_name\" content=\"MEYDAN.TV\" \/>\n<meta property=\"article:published_time\" content=\"2022-03-16T15:45:43+00:00\" \/>\n<meta property=\"article:modified_time\" content=\"2022-03-16T15:45:45+00:00\" \/>\n<meta property=\"og:image\" content=\"https:\/\/www.meydan.tv\/wp-content\/uploads\/image-from-ios-184-scaled.jpg\" \/>\n\t<meta property=\"og:image:width\" content=\"2560\" \/>\n\t<meta property=\"og:image:height\" content=\"1707\" \/>\n\t<meta property=\"og:image:type\" content=\"image\/jpeg\" \/>\n<meta name=\"author\" content=\"aleks\" \/>\n<meta name=\"twitter:card\" content=\"summary_large_image\" \/>\n<script type=\"application\/ld+json\" class=\"yoast-schema-graph\">{\"@context\":\"https:\\\/\\\/schema.org\",\"@graph\":[{\"@type\":\"Article\",\"@id\":\"https:\\\/\\\/www.meydan.tv\\\/az\\\/article\\\/yuzlerle-azerbaycanli-rusiya-azerbaycan-serhedinde-qalib\\\/#article\",\"isPartOf\":{\"@id\":\"https:\\\/\\\/www.meydan.tv\\\/az\\\/article\\\/yuzlerle-azerbaycanli-rusiya-azerbaycan-serhedinde-qalib\\\/\"},\"author\":{\"name\":\"aleks\",\"@id\":\"https:\\\/\\\/www.meydan.tv\\\/az\\\/#\\\/schema\\\/person\\\/476e9360e593fa131d5d71d51866f8da\"},\"headline\":\"Y\u00fczl\u0259rl\u0259 az\u0259rbaycanl\u0131 Rusiya Az\u0259rbaycan s\u0259rh\u0259dind\u0259 qal\u0131b\",\"datePublished\":\"2022-03-16T15:45:43+00:00\",\"dateModified\":\"2022-03-16T15:45:45+00:00\",\"mainEntityOfPage\":{\"@id\":\"https:\\\/\\\/www.meydan.tv\\\/az\\\/article\\\/yuzlerle-azerbaycanli-rusiya-azerbaycan-serhedinde-qalib\\\/\"},\"wordCount\":487,\"publisher\":{\"@id\":\"https:\\\/\\\/www.meydan.tv\\\/az\\\/#organization\"},\"image\":{\"@id\":\"https:\\\/\\\/www.meydan.tv\\\/az\\\/article\\\/yuzlerle-azerbaycanli-rusiya-azerbaycan-serhedinde-qalib\\\/#primaryimage\"},\"thumbnailUrl\":\"https:\\\/\\\/www.meydan.tv\\\/wp-content\\\/uploads\\\/image-from-ios-184-scaled.jpg\",\"articleSection\":[\"Sosial\",\"Video\"],\"inLanguage\":\"az\"},{\"@type\":\"WebPage\",\"@id\":\"https:\\\/\\\/www.meydan.tv\\\/az\\\/article\\\/yuzlerle-azerbaycanli-rusiya-azerbaycan-serhedinde-qalib\\\/\",\"url\":\"https:\\\/\\\/www.meydan.tv\\\/az\\\/article\\\/yuzlerle-azerbaycanli-rusiya-azerbaycan-serhedinde-qalib\\\/\",\"name\":\"Y\u00fczl\u0259rl\u0259 az\u0259rbaycanl\u0131 Rusiya Az\u0259rbaycan s\u0259rh\u0259dind\u0259 qal\u0131b - MEYDAN.TV\",\"isPartOf\":{\"@id\":\"https:\\\/\\\/www.meydan.tv\\\/az\\\/#website\"},\"primaryImageOfPage\":{\"@id\":\"https:\\\/\\\/www.meydan.tv\\\/az\\\/article\\\/yuzlerle-azerbaycanli-rusiya-azerbaycan-serhedinde-qalib\\\/#primaryimage\"},\"image\":{\"@id\":\"https:\\\/\\\/www.meydan.tv\\\/az\\\/article\\\/yuzlerle-azerbaycanli-rusiya-azerbaycan-serhedinde-qalib\\\/#primaryimage\"},\"thumbnailUrl\":\"https:\\\/\\\/www.meydan.tv\\\/wp-content\\\/uploads\\\/image-from-ios-184-scaled.jpg\",\"datePublished\":\"2022-03-16T15:45:43+00:00\",\"dateModified\":\"2022-03-16T15:45:45+00:00\",\"breadcrumb\":{\"@id\":\"https:\\\/\\\/www.meydan.tv\\\/az\\\/article\\\/yuzlerle-azerbaycanli-rusiya-azerbaycan-serhedinde-qalib\\\/#breadcrumb\"},\"inLanguage\":\"az\",\"potentialAction\":[{\"@type\":\"ReadAction\",\"target\":[\"https:\\\/\\\/www.meydan.tv\\\/az\\\/article\\\/yuzlerle-azerbaycanli-rusiya-azerbaycan-serhedinde-qalib\\\/\"]}]},{\"@type\":\"ImageObject\",\"inLanguage\":\"az\",\"@id\":\"https:\\\/\\\/www.meydan.tv\\\/az\\\/article\\\/yuzlerle-azerbaycanli-rusiya-azerbaycan-serhedinde-qalib\\\/#primaryimage\",\"url\":\"https:\\\/\\\/www.meydan.tv\\\/wp-content\\\/uploads\\\/image-from-ios-184-scaled.jpg\",\"contentUrl\":\"https:\\\/\\\/www.meydan.tv\\\/wp-content\\\/uploads\\\/image-from-ios-184-scaled.jpg\",\"width\":2560,\"height\":1707},{\"@type\":\"BreadcrumbList\",\"@id\":\"https:\\\/\\\/www.meydan.tv\\\/az\\\/article\\\/yuzlerle-azerbaycanli-rusiya-azerbaycan-serhedinde-qalib\\\/#breadcrumb\",\"itemListElement\":[{\"@type\":\"ListItem\",\"position\":1,\"name\":\"Ana s\u0259hif\u0259\",\"item\":\"https:\\\/\\\/www.meydan.tv\\\/az\\\/\"},{\"@type\":\"ListItem\",\"position\":2,\"name\":\"Video\",\"item\":\"https:\\\/\\\/www.meydan.tv\\\/az\\\/section\\\/video-2\\\/\"},{\"@type\":\"ListItem\",\"position\":3,\"name\":\"Y\u00fczl\u0259rl\u0259 az\u0259rbaycanl\u0131 Rusiya Az\u0259rbaycan s\u0259rh\u0259dind\u0259 qal\u0131b\"}]},{\"@type\":\"WebSite\",\"@id\":\"https:\\\/\\\/www.meydan.tv\\\/az\\\/#website\",\"url\":\"https:\\\/\\\/www.meydan.tv\\\/az\\\/\",\"name\":\"MEYDAN.TV\",\"description\":\"Meydan TV Az\u0259rbaycan\u0131n media m\u0259kan\u0131ndak\u0131 alternativ s\u0259sidir\",\"publisher\":{\"@id\":\"https:\\\/\\\/www.meydan.tv\\\/az\\\/#organization\"},\"potentialAction\":[{\"@type\":\"SearchAction\",\"target\":{\"@type\":\"EntryPoint\",\"urlTemplate\":\"https:\\\/\\\/www.meydan.tv\\\/az\\\/?s={search_term_string}\"},\"query-input\":{\"@type\":\"PropertyValueSpecification\",\"valueRequired\":true,\"valueName\":\"search_term_string\"}}],\"inLanguage\":\"az\"},{\"@type\":\"Organization\",\"@id\":\"https:\\\/\\\/www.meydan.tv\\\/az\\\/#organization\",\"name\":\"Meydan TV\",\"url\":\"https:\\\/\\\/www.meydan.tv\\\/az\\\/\",\"logo\":{\"@type\":\"ImageObject\",\"inLanguage\":\"az\",\"@id\":\"https:\\\/\\\/www.meydan.tv\\\/az\\\/#\\\/schema\\\/logo\\\/image\\\/\",\"url\":\"https:\\\/\\\/www.meydan.tv\\\/wp-content\\\/uploads\\\/2021\\\/07\\\/meydan-logo.svg\",\"contentUrl\":\"https:\\\/\\\/www.meydan.tv\\\/wp-content\\\/uploads\\\/2021\\\/07\\\/meydan-logo.svg\",\"width\":195,\"height\":46,\"caption\":\"Meydan TV\"},\"image\":{\"@id\":\"https:\\\/\\\/www.meydan.tv\\\/az\\\/#\\\/schema\\\/logo\\\/image\\\/\"}},{\"@type\":\"Person\",\"@id\":\"https:\\\/\\\/www.meydan.tv\\\/az\\\/#\\\/schema\\\/person\\\/476e9360e593fa131d5d71d51866f8da\",\"name\":\"aleks\"}]}<\/script>\n<!-- \/ Yoast SEO plugin. -->","yoast_head_json":{"title":"Y\u00fczl\u0259rl\u0259 az\u0259rbaycanl\u0131 Rusiya Az\u0259rbaycan s\u0259rh\u0259dind\u0259 qal\u0131b - MEYDAN.TV","robots":{"index":"index","follow":"follow","max-snippet":"max-snippet:-1","max-image-preview":"max-image-preview:large","max-video-preview":"max-video-preview:-1"},"canonical":"https:\/\/www.meydan.tv\/az\/article\/yuzlerle-azerbaycanli-rusiya-azerbaycan-serhedinde-qalib\/","og_locale":"az_AZ","og_type":"article","og_title":"Y\u00fczl\u0259rl\u0259 az\u0259rbaycanl\u0131 Rusiya Az\u0259rbaycan s\u0259rh\u0259dind\u0259 qal\u0131b - MEYDAN.TV","og_url":"https:\/\/www.meydan.tv\/az\/article\/yuzlerle-azerbaycanli-rusiya-azerbaycan-serhedinde-qalib\/","og_site_name":"MEYDAN.TV","article_published_time":"2022-03-16T15:45:43+00:00","article_modified_time":"2022-03-16T15:45:45+00:00","og_image":[{"width":2560,"height":1707,"url":"https:\/\/www.meydan.tv\/wp-content\/uploads\/image-from-ios-184-scaled.jpg","type":"image\/jpeg"}],"author":"aleks","twitter_card":"summary_large_image","schema":{"@context":"https:\/\/schema.org","@graph":[{"@type":"Article","@id":"https:\/\/www.meydan.tv\/az\/article\/yuzlerle-azerbaycanli-rusiya-azerbaycan-serhedinde-qalib\/#article","isPartOf":{"@id":"https:\/\/www.meydan.tv\/az\/article\/yuzlerle-azerbaycanli-rusiya-azerbaycan-serhedinde-qalib\/"},"author":{"name":"aleks","@id":"https:\/\/www.meydan.tv\/az\/#\/schema\/person\/476e9360e593fa131d5d71d51866f8da"},"headline":"Y\u00fczl\u0259rl\u0259 az\u0259rbaycanl\u0131 Rusiya Az\u0259rbaycan s\u0259rh\u0259dind\u0259 qal\u0131b","datePublished":"2022-03-16T15:45:43+00:00","dateModified":"2022-03-16T15:45:45+00:00","mainEntityOfPage":{"@id":"https:\/\/www.meydan.tv\/az\/article\/yuzlerle-azerbaycanli-rusiya-azerbaycan-serhedinde-qalib\/"},"wordCount":487,"publisher":{"@id":"https:\/\/www.meydan.tv\/az\/#organization"},"image":{"@id":"https:\/\/www.meydan.tv\/az\/article\/yuzlerle-azerbaycanli-rusiya-azerbaycan-serhedinde-qalib\/#primaryimage"},"thumbnailUrl":"https:\/\/www.meydan.tv\/wp-content\/uploads\/image-from-ios-184-scaled.jpg","articleSection":["Sosial","Video"],"inLanguage":"az"},{"@type":"WebPage","@id":"https:\/\/www.meydan.tv\/az\/article\/yuzlerle-azerbaycanli-rusiya-azerbaycan-serhedinde-qalib\/","url":"https:\/\/www.meydan.tv\/az\/article\/yuzlerle-azerbaycanli-rusiya-azerbaycan-serhedinde-qalib\/","name":"Y\u00fczl\u0259rl\u0259 az\u0259rbaycanl\u0131 Rusiya Az\u0259rbaycan s\u0259rh\u0259dind\u0259 qal\u0131b - MEYDAN.TV","isPartOf":{"@id":"https:\/\/www.meydan.tv\/az\/#website"},"primaryImageOfPage":{"@id":"https:\/\/www.meydan.tv\/az\/article\/yuzlerle-azerbaycanli-rusiya-azerbaycan-serhedinde-qalib\/#primaryimage"},"image":{"@id":"https:\/\/www.meydan.tv\/az\/article\/yuzlerle-azerbaycanli-rusiya-azerbaycan-serhedinde-qalib\/#primaryimage"},"thumbnailUrl":"https:\/\/www.meydan.tv\/wp-content\/uploads\/image-from-ios-184-scaled.jpg","datePublished":"2022-03-16T15:45:43+00:00","dateModified":"2022-03-16T15:45:45+00:00","breadcrumb":{"@id":"https:\/\/www.meydan.tv\/az\/article\/yuzlerle-azerbaycanli-rusiya-azerbaycan-serhedinde-qalib\/#breadcrumb"},"inLanguage":"az","potentialAction":[{"@type":"ReadAction","target":["https:\/\/www.meydan.tv\/az\/article\/yuzlerle-azerbaycanli-rusiya-azerbaycan-serhedinde-qalib\/"]}]},{"@type":"ImageObject","inLanguage":"az","@id":"https:\/\/www.meydan.tv\/az\/article\/yuzlerle-azerbaycanli-rusiya-azerbaycan-serhedinde-qalib\/#primaryimage","url":"https:\/\/www.meydan.tv\/wp-content\/uploads\/image-from-ios-184-scaled.jpg","contentUrl":"https:\/\/www.meydan.tv\/wp-content\/uploads\/image-from-ios-184-scaled.jpg","width":2560,"height":1707},{"@type":"BreadcrumbList","@id":"https:\/\/www.meydan.tv\/az\/article\/yuzlerle-azerbaycanli-rusiya-azerbaycan-serhedinde-qalib\/#breadcrumb","itemListElement":[{"@type":"ListItem","position":1,"name":"Ana s\u0259hif\u0259","item":"https:\/\/www.meydan.tv\/az\/"},{"@type":"ListItem","position":2,"name":"Video","item":"https:\/\/www.meydan.tv\/az\/section\/video-2\/"},{"@type":"ListItem","position":3,"name":"Y\u00fczl\u0259rl\u0259 az\u0259rbaycanl\u0131 Rusiya Az\u0259rbaycan s\u0259rh\u0259dind\u0259 qal\u0131b"}]},{"@type":"WebSite","@id":"https:\/\/www.meydan.tv\/az\/#website","url":"https:\/\/www.meydan.tv\/az\/","name":"MEYDAN.TV","description":"Meydan TV Az\u0259rbaycan\u0131n media m\u0259kan\u0131ndak\u0131 alternativ s\u0259sidir","publisher":{"@id":"https:\/\/www.meydan.tv\/az\/#organization"},"potentialAction":[{"@type":"SearchAction","target":{"@type":"EntryPoint","urlTemplate":"https:\/\/www.meydan.tv\/az\/?s={search_term_string}"},"query-input":{"@type":"PropertyValueSpecification","valueRequired":true,"valueName":"search_term_string"}}],"inLanguage":"az"},{"@type":"Organization","@id":"https:\/\/www.meydan.tv\/az\/#organization","name":"Meydan TV","url":"https:\/\/www.meydan.tv\/az\/","logo":{"@type":"ImageObject","inLanguage":"az","@id":"https:\/\/www.meydan.tv\/az\/#\/schema\/logo\/image\/","url":"https:\/\/www.meydan.tv\/wp-content\/uploads\/2021\/07\/meydan-logo.svg","contentUrl":"https:\/\/www.meydan.tv\/wp-content\/uploads\/2021\/07\/meydan-logo.svg","width":195,"height":46,"caption":"Meydan TV"},"image":{"@id":"https:\/\/www.meydan.tv\/az\/#\/schema\/logo\/image\/"}},{"@type":"Person","@id":"https:\/\/www.meydan.tv\/az\/#\/schema\/person\/476e9360e593fa131d5d71d51866f8da","name":"aleks"}]}},"_links":{"self":[{"href":"https:\/\/www.meydan.tv\/az\/wp-json\/wp\/v2\/posts\/238716","targetHints":{"allow":["GET"]}}],"collection":[{"href":"https:\/\/www.meydan.tv\/az\/wp-json\/wp\/v2\/posts"}],"about":[{"href":"https:\/\/www.meydan.tv\/az\/wp-json\/wp\/v2\/types\/post"}],"author":[{"embeddable":true,"href":"https:\/\/www.meydan.tv\/az\/wp-json\/wp\/v2\/users\/12"}],"replies":[{"embeddable":true,"href":"https:\/\/www.meydan.tv\/az\/wp-json\/wp\/v2\/comments?post=238716"}],"version-history":[{"count":1,"href":"https:\/\/www.meydan.tv\/az\/wp-json\/wp\/v2\/posts\/238716\/revisions"}],"predecessor-version":[{"id":238720,"href":"https:\/\/www.meydan.tv\/az\/wp-json\/wp\/v2\/posts\/238716\/revisions\/238720"}],"wp:featuredmedia":[{"embeddable":true,"href":"https:\/\/www.meydan.tv\/az\/wp-json\/wp\/v2\/media\/238717"}],"wp:attachment":[{"href":"https:\/\/www.meydan.tv\/az\/wp-json\/wp\/v2\/media?parent=238716"}],"wp:term":[{"taxonomy":"category","embeddable":true,"href":"https:\/\/www.meydan.tv\/az\/wp-json\/wp\/v2\/categories?post=238716"},{"taxonomy":"post_tag","embeddable":true,"href":"https:\/\/www.meydan.tv\/az\/wp-json\/wp\/v2\/tags?post=238716"}],"curies":[{"name":"wp","href":"https:\/\/api.w.org\/{rel}","templated":true}]}}