{"id":238692,"date":"2022-03-16T18:09:21","date_gmt":"2022-03-16T14:09:21","guid":{"rendered":"https:\/\/www.meydan.tv\/?p=238692"},"modified":"2022-03-16T18:09:23","modified_gmt":"2022-03-16T14:09:23","slug":"rusiya-artiq-avropa-surasinin-uzvu-deyil","status":"publish","type":"post","link":"https:\/\/www.meydan.tv\/az\/article\/rusiya-artiq-avropa-surasinin-uzvu-deyil\/","title":{"rendered":"Rusiya art\u0131q Avropa \u015euras\u0131n\u0131n \u00fczv\u00fc deyil"},"content":{"rendered":"\n<p><em>Nazirl\u0259r Komit\u0259si q\u0259rar\u0131 a\u00e7\u0131qlay\u0131b<\/em><\/p>\n\n\n\n<p>Avropa \u015euras\u0131n\u0131n (A\u015e) Nazirl\u0259r Komit\u0259si mart\u0131n 16-dan Rusiyan\u0131 t\u0259\u015fkilatdan \u00e7\u0131xarmaq q\u0259rar\u0131n\u0131 elan <a href=\"https:\/\/meduza.io\/news\/2022\/03\/16\/rossiyu-isklyuchili-iz-soveta-evropy-ona-sostoyala-v-etoy-organizatsii-26-let\" target=\"_blank\" rel=\"noreferrer noopener\">edib.<\/a><\/p>\n\n\n\n<p>M\u00fcvafiq q\u0259rarda deyilir ki, Avropa \u015euras\u0131 Xartiyas\u0131n\u0131n 8-ci madd\u0259sin\u0259 uy\u011fun olaraq ba\u015flanm\u0131\u015f prosedur kontekstind\u0259 Rusiya xaric edilib.<\/p>\n\n\n\n<p>D\u00fcn\u0259n is\u0259 Avropa \u015euras\u0131 Parlament Assambleyas\u0131 Rusiyan\u0131n qurumdan \u00e7\u0131xar\u0131lmas\u0131n\u0131 s\u0259s\u0259 qoyub.<\/p>\n\n\n\n<p>Assambleyan\u0131n 216 n\u00fcmay\u0259nd\u0259si layih\u0259nin lehin\u0259 s\u0259s verib, \u00fc\u00e7\u00fc is\u0259 bit\u0259r\u0259f qal\u0131b. \u018fleyhin\u0259 s\u0259s ver\u0259n olmay\u0131b.<\/p>\n\n\n\n<p>Mart\u0131n 10-da Rusiya Xarici \u0130\u015fl\u0259r Nazirliyi Avropa \u015euras\u0131n\u0131n i\u015find\u0259 i\u015ftirak etm\u0259y\u0259c\u0259yini <a href=\"https:\/\/www.meydan.tv\/az\/article\/rusiya-avropa-surasindan-cixdigini-beyan-edib\/\" target=\"_blank\" rel=\"noreferrer noopener\">a\u00e7\u0131qlay\u0131b<\/a>.<\/p>\n\n\n\n<p>Eyni zamanda, Federasiya \u015euras\u0131 izah edib ki, Avropa \u015euras\u0131ndan r\u0259smi \u00e7\u0131xd\u0131qdan sonra Rusiya Avropa \u0130nsan H\u00fcquqlar\u0131 Konvensiyas\u0131n\u0131 denonsasiya ed\u0259c\u0259k v\u0259 \u00f6lk\u0259 v\u0259t\u0259nda\u015flar\u0131 Avropa \u0130nsan H\u00fcquqlar\u0131 M\u0259hk\u0259m\u0259sin\u0259 m\u00fcraci\u0259t ed\u0259 bilm\u0259y\u0259c\u0259k.<\/p>\n\n\n\n<p>Fevral\u0131n 25-d\u0259 Avropa \u015euras\u0131 Rusiyan\u0131n t\u0259\u015fkilatdak\u0131 \u00fczvl\u00fcy\u00fcn\u00fc m\u00fcv\u0259qq\u0259ti olaraq dayand\u0131rd\u0131\u011f\u0131n\u0131 elan etmi\u015fdi.<\/p>\n\n\n\n<p>\u015euraya s\u0259drlik ed\u0259n \u0130taliyan\u0131n xarici i\u015fl\u0259r naziri Luici Di Mayo bu add\u0131m\u0131 Rusiyan\u0131n Ukraynaya qar\u015f\u0131 ba\u015flatd\u0131\u011f\u0131 m\u00fcharib\u0259yl\u0259 \u0259laq\u0259l\u0259ndirmi\u015fdi.<\/p>\n\n\n\n<p>Avropa \u015euras\u0131 1949-cu ild\u0259 yarad\u0131l\u0131b.<\/p>\n\n\n\n<p>Rusiya 1996-c\u0131 ild\u0259 \u2013 Boris Yeltsinin \u00f6lk\u0259nin demokratiyaya ke\u00e7idini t\u0259tbiq etm\u0259k c\u0259hdinin bir hiss\u0259si kimi m\u00fcraci\u0259tind\u0259n sonra Avropa \u015euras\u0131na \u00fczv olub.<\/p>\n\n\n\n<p>Rusiyan\u0131n n\u00fcmay\u0259nd\u0259lik h\u00fcquqlar\u0131 2001-ci ild\u0259 \u0130kinci \u00c7e\u00e7enistan m\u00fcharib\u0259si zaman\u0131 v\u0259 2014-c\u00fc ild\u0259 Putin Kr\u0131m\u0131 i\u015f\u011fal ed\u0259nd\u0259 d\u0259 dayand\u0131r\u0131lm\u0131\u015fd\u0131.<\/p>\n","protected":false},"excerpt":{"rendered":"<p>Nazirl\u0259r Komit\u0259si q\u0259rar\u0131 a\u00e7\u0131qlay\u0131b Avropa \u015euras\u0131n\u0131n (A\u015e) Nazirl\u0259r Komit\u0259si mart\u0131n &#8230; <\/p>\n<p class=\"read-more-container\"><a title=\"Rusiya art\u0131q Avropa \u015euras\u0131n\u0131n \u00fczv\u00fc deyil\" class=\"read-more button\" href=\"https:\/\/www.meydan.tv\/az\/article\/rusiya-artiq-avropa-surasinin-uzvu-deyil\/#more-238692\" aria-label=\"Read more about Rusiya art\u0131q Avropa \u015euras\u0131n\u0131n \u00fczv\u00fc deyil\">Davam\u0131<\/a><\/p>\n","protected":false},"author":8,"featured_media":238693,"comment_status":"closed","ping_status":"closed","sticky":false,"template":"","format":"standard","meta":{"_acf_changed":false,"_sitemap_exclude":false,"_sitemap_priority":"","_sitemap_frequency":"","footnotes":""},"categories":[59,56],"tags":[],"class_list":["post-238692","post","type-post","status-publish","format-standard","has-post-thumbnail","hentry","category-siyaset","category-xeberler","infinite-scroll-item","generate-columns","tablet-grid-50","mobile-grid-100","grid-parent","grid-33","no-featured-image-padding"],"acf":[],"yoast_head":"<!-- This site is optimized with the Yoast SEO plugin v27.5 - https:\/\/yoast.com\/product\/yoast-seo-wordpress\/ -->\n<title>Rusiya art\u0131q Avropa \u015euras\u0131n\u0131n \u00fczv\u00fc deyil - MEYDAN.TV<\/title>\n<meta name=\"robots\" content=\"index, follow, max-snippet:-1, max-image-preview:large, max-video-preview:-1\" \/>\n<link rel=\"canonical\" href=\"https:\/\/www.meydan.tv\/az\/article\/rusiya-artiq-avropa-surasinin-uzvu-deyil\/\" \/>\n<meta property=\"og:locale\" content=\"az_AZ\" \/>\n<meta property=\"og:type\" content=\"article\" \/>\n<meta property=\"og:title\" content=\"Rusiya art\u0131q Avropa \u015euras\u0131n\u0131n \u00fczv\u00fc deyil - MEYDAN.TV\" \/>\n<meta property=\"og:description\" content=\"Nazirl\u0259r Komit\u0259si q\u0259rar\u0131 a\u00e7\u0131qlay\u0131b Avropa \u015euras\u0131n\u0131n (A\u015e) Nazirl\u0259r Komit\u0259si mart\u0131n ... Davam\u0131\" \/>\n<meta property=\"og:url\" content=\"https:\/\/www.meydan.tv\/az\/article\/rusiya-artiq-avropa-surasinin-uzvu-deyil\/\" \/>\n<meta property=\"og:site_name\" content=\"MEYDAN.TV\" \/>\n<meta property=\"article:published_time\" content=\"2022-03-16T14:09:21+00:00\" \/>\n<meta property=\"article:modified_time\" content=\"2022-03-16T14:09:23+00:00\" \/>\n<meta property=\"og:image\" content=\"https:\/\/www.meydan.tv\/wp-content\/uploads\/photo_2022-03-16_17-14-43.jpg\" \/>\n\t<meta property=\"og:image:width\" content=\"1142\" \/>\n\t<meta property=\"og:image:height\" content=\"826\" \/>\n\t<meta property=\"og:image:type\" content=\"image\/jpeg\" \/>\n<meta name=\"author\" content=\"elli\" \/>\n<meta name=\"twitter:card\" content=\"summary_large_image\" \/>\n<meta name=\"twitter:creator\" content=\"@elli\" \/>\n<script type=\"application\/ld+json\" class=\"yoast-schema-graph\">{\"@context\":\"https:\\\/\\\/schema.org\",\"@graph\":[{\"@type\":\"Article\",\"@id\":\"https:\\\/\\\/www.meydan.tv\\\/az\\\/article\\\/rusiya-artiq-avropa-surasinin-uzvu-deyil\\\/#article\",\"isPartOf\":{\"@id\":\"https:\\\/\\\/www.meydan.tv\\\/az\\\/article\\\/rusiya-artiq-avropa-surasinin-uzvu-deyil\\\/\"},\"author\":{\"name\":\"elli\",\"@id\":\"https:\\\/\\\/www.meydan.tv\\\/az\\\/#\\\/schema\\\/person\\\/9cdbecf90d17180ce1dfbd95b08dcf47\"},\"headline\":\"Rusiya art\u0131q Avropa \u015euras\u0131n\u0131n \u00fczv\u00fc deyil\",\"datePublished\":\"2022-03-16T14:09:21+00:00\",\"dateModified\":\"2022-03-16T14:09:23+00:00\",\"mainEntityOfPage\":{\"@id\":\"https:\\\/\\\/www.meydan.tv\\\/az\\\/article\\\/rusiya-artiq-avropa-surasinin-uzvu-deyil\\\/\"},\"wordCount\":299,\"publisher\":{\"@id\":\"https:\\\/\\\/www.meydan.tv\\\/az\\\/#organization\"},\"image\":{\"@id\":\"https:\\\/\\\/www.meydan.tv\\\/az\\\/article\\\/rusiya-artiq-avropa-surasinin-uzvu-deyil\\\/#primaryimage\"},\"thumbnailUrl\":\"https:\\\/\\\/www.meydan.tv\\\/wp-content\\\/uploads\\\/photo_2022-03-16_17-14-43.jpg\",\"articleSection\":[\"Siyas\u0259t\",\"X\u0259b\u0259rl\u0259r\"],\"inLanguage\":\"az\"},{\"@type\":\"WebPage\",\"@id\":\"https:\\\/\\\/www.meydan.tv\\\/az\\\/article\\\/rusiya-artiq-avropa-surasinin-uzvu-deyil\\\/\",\"url\":\"https:\\\/\\\/www.meydan.tv\\\/az\\\/article\\\/rusiya-artiq-avropa-surasinin-uzvu-deyil\\\/\",\"name\":\"Rusiya art\u0131q Avropa \u015euras\u0131n\u0131n \u00fczv\u00fc deyil - MEYDAN.TV\",\"isPartOf\":{\"@id\":\"https:\\\/\\\/www.meydan.tv\\\/az\\\/#website\"},\"primaryImageOfPage\":{\"@id\":\"https:\\\/\\\/www.meydan.tv\\\/az\\\/article\\\/rusiya-artiq-avropa-surasinin-uzvu-deyil\\\/#primaryimage\"},\"image\":{\"@id\":\"https:\\\/\\\/www.meydan.tv\\\/az\\\/article\\\/rusiya-artiq-avropa-surasinin-uzvu-deyil\\\/#primaryimage\"},\"thumbnailUrl\":\"https:\\\/\\\/www.meydan.tv\\\/wp-content\\\/uploads\\\/photo_2022-03-16_17-14-43.jpg\",\"datePublished\":\"2022-03-16T14:09:21+00:00\",\"dateModified\":\"2022-03-16T14:09:23+00:00\",\"breadcrumb\":{\"@id\":\"https:\\\/\\\/www.meydan.tv\\\/az\\\/article\\\/rusiya-artiq-avropa-surasinin-uzvu-deyil\\\/#breadcrumb\"},\"inLanguage\":\"az\",\"potentialAction\":[{\"@type\":\"ReadAction\",\"target\":[\"https:\\\/\\\/www.meydan.tv\\\/az\\\/article\\\/rusiya-artiq-avropa-surasinin-uzvu-deyil\\\/\"]}]},{\"@type\":\"ImageObject\",\"inLanguage\":\"az\",\"@id\":\"https:\\\/\\\/www.meydan.tv\\\/az\\\/article\\\/rusiya-artiq-avropa-surasinin-uzvu-deyil\\\/#primaryimage\",\"url\":\"https:\\\/\\\/www.meydan.tv\\\/wp-content\\\/uploads\\\/photo_2022-03-16_17-14-43.jpg\",\"contentUrl\":\"https:\\\/\\\/www.meydan.tv\\\/wp-content\\\/uploads\\\/photo_2022-03-16_17-14-43.jpg\",\"width\":1142,\"height\":826,\"caption\":\"Rusiya bayra\u011f\u0131 endirilir. Foto: Telegram\"},{\"@type\":\"BreadcrumbList\",\"@id\":\"https:\\\/\\\/www.meydan.tv\\\/az\\\/article\\\/rusiya-artiq-avropa-surasinin-uzvu-deyil\\\/#breadcrumb\",\"itemListElement\":[{\"@type\":\"ListItem\",\"position\":1,\"name\":\"Ana s\u0259hif\u0259\",\"item\":\"https:\\\/\\\/www.meydan.tv\\\/az\\\/\"},{\"@type\":\"ListItem\",\"position\":2,\"name\":\"Siyas\u0259t\",\"item\":\"https:\\\/\\\/www.meydan.tv\\\/az\\\/section\\\/siyaset\\\/\"},{\"@type\":\"ListItem\",\"position\":3,\"name\":\"Rusiya art\u0131q Avropa \u015euras\u0131n\u0131n \u00fczv\u00fc deyil\"}]},{\"@type\":\"WebSite\",\"@id\":\"https:\\\/\\\/www.meydan.tv\\\/az\\\/#website\",\"url\":\"https:\\\/\\\/www.meydan.tv\\\/az\\\/\",\"name\":\"MEYDAN.TV\",\"description\":\"Meydan TV Az\u0259rbaycan\u0131n media m\u0259kan\u0131ndak\u0131 alternativ s\u0259sidir\",\"publisher\":{\"@id\":\"https:\\\/\\\/www.meydan.tv\\\/az\\\/#organization\"},\"potentialAction\":[{\"@type\":\"SearchAction\",\"target\":{\"@type\":\"EntryPoint\",\"urlTemplate\":\"https:\\\/\\\/www.meydan.tv\\\/az\\\/?s={search_term_string}\"},\"query-input\":{\"@type\":\"PropertyValueSpecification\",\"valueRequired\":true,\"valueName\":\"search_term_string\"}}],\"inLanguage\":\"az\"},{\"@type\":\"Organization\",\"@id\":\"https:\\\/\\\/www.meydan.tv\\\/az\\\/#organization\",\"name\":\"Meydan TV\",\"url\":\"https:\\\/\\\/www.meydan.tv\\\/az\\\/\",\"logo\":{\"@type\":\"ImageObject\",\"inLanguage\":\"az\",\"@id\":\"https:\\\/\\\/www.meydan.tv\\\/az\\\/#\\\/schema\\\/logo\\\/image\\\/\",\"url\":\"https:\\\/\\\/www.meydan.tv\\\/wp-content\\\/uploads\\\/2021\\\/07\\\/meydan-logo.svg\",\"contentUrl\":\"https:\\\/\\\/www.meydan.tv\\\/wp-content\\\/uploads\\\/2021\\\/07\\\/meydan-logo.svg\",\"width\":195,\"height\":46,\"caption\":\"Meydan TV\"},\"image\":{\"@id\":\"https:\\\/\\\/www.meydan.tv\\\/az\\\/#\\\/schema\\\/logo\\\/image\\\/\"}},{\"@type\":\"Person\",\"@id\":\"https:\\\/\\\/www.meydan.tv\\\/az\\\/#\\\/schema\\\/person\\\/9cdbecf90d17180ce1dfbd95b08dcf47\",\"name\":\"elli\",\"sameAs\":[\"https:\\\/\\\/x.com\\\/elli\"]}]}<\/script>\n<!-- \/ Yoast SEO plugin. -->","yoast_head_json":{"title":"Rusiya art\u0131q Avropa \u015euras\u0131n\u0131n \u00fczv\u00fc deyil - MEYDAN.TV","robots":{"index":"index","follow":"follow","max-snippet":"max-snippet:-1","max-image-preview":"max-image-preview:large","max-video-preview":"max-video-preview:-1"},"canonical":"https:\/\/www.meydan.tv\/az\/article\/rusiya-artiq-avropa-surasinin-uzvu-deyil\/","og_locale":"az_AZ","og_type":"article","og_title":"Rusiya art\u0131q Avropa \u015euras\u0131n\u0131n \u00fczv\u00fc deyil - MEYDAN.TV","og_description":"Nazirl\u0259r Komit\u0259si q\u0259rar\u0131 a\u00e7\u0131qlay\u0131b Avropa \u015euras\u0131n\u0131n (A\u015e) Nazirl\u0259r Komit\u0259si mart\u0131n ... Davam\u0131","og_url":"https:\/\/www.meydan.tv\/az\/article\/rusiya-artiq-avropa-surasinin-uzvu-deyil\/","og_site_name":"MEYDAN.TV","article_published_time":"2022-03-16T14:09:21+00:00","article_modified_time":"2022-03-16T14:09:23+00:00","og_image":[{"width":1142,"height":826,"url":"https:\/\/www.meydan.tv\/wp-content\/uploads\/photo_2022-03-16_17-14-43.jpg","type":"image\/jpeg"}],"author":"elli","twitter_card":"summary_large_image","twitter_creator":"@elli","schema":{"@context":"https:\/\/schema.org","@graph":[{"@type":"Article","@id":"https:\/\/www.meydan.tv\/az\/article\/rusiya-artiq-avropa-surasinin-uzvu-deyil\/#article","isPartOf":{"@id":"https:\/\/www.meydan.tv\/az\/article\/rusiya-artiq-avropa-surasinin-uzvu-deyil\/"},"author":{"name":"elli","@id":"https:\/\/www.meydan.tv\/az\/#\/schema\/person\/9cdbecf90d17180ce1dfbd95b08dcf47"},"headline":"Rusiya art\u0131q Avropa \u015euras\u0131n\u0131n \u00fczv\u00fc deyil","datePublished":"2022-03-16T14:09:21+00:00","dateModified":"2022-03-16T14:09:23+00:00","mainEntityOfPage":{"@id":"https:\/\/www.meydan.tv\/az\/article\/rusiya-artiq-avropa-surasinin-uzvu-deyil\/"},"wordCount":299,"publisher":{"@id":"https:\/\/www.meydan.tv\/az\/#organization"},"image":{"@id":"https:\/\/www.meydan.tv\/az\/article\/rusiya-artiq-avropa-surasinin-uzvu-deyil\/#primaryimage"},"thumbnailUrl":"https:\/\/www.meydan.tv\/wp-content\/uploads\/photo_2022-03-16_17-14-43.jpg","articleSection":["Siyas\u0259t","X\u0259b\u0259rl\u0259r"],"inLanguage":"az"},{"@type":"WebPage","@id":"https:\/\/www.meydan.tv\/az\/article\/rusiya-artiq-avropa-surasinin-uzvu-deyil\/","url":"https:\/\/www.meydan.tv\/az\/article\/rusiya-artiq-avropa-surasinin-uzvu-deyil\/","name":"Rusiya art\u0131q Avropa \u015euras\u0131n\u0131n \u00fczv\u00fc deyil - MEYDAN.TV","isPartOf":{"@id":"https:\/\/www.meydan.tv\/az\/#website"},"primaryImageOfPage":{"@id":"https:\/\/www.meydan.tv\/az\/article\/rusiya-artiq-avropa-surasinin-uzvu-deyil\/#primaryimage"},"image":{"@id":"https:\/\/www.meydan.tv\/az\/article\/rusiya-artiq-avropa-surasinin-uzvu-deyil\/#primaryimage"},"thumbnailUrl":"https:\/\/www.meydan.tv\/wp-content\/uploads\/photo_2022-03-16_17-14-43.jpg","datePublished":"2022-03-16T14:09:21+00:00","dateModified":"2022-03-16T14:09:23+00:00","breadcrumb":{"@id":"https:\/\/www.meydan.tv\/az\/article\/rusiya-artiq-avropa-surasinin-uzvu-deyil\/#breadcrumb"},"inLanguage":"az","potentialAction":[{"@type":"ReadAction","target":["https:\/\/www.meydan.tv\/az\/article\/rusiya-artiq-avropa-surasinin-uzvu-deyil\/"]}]},{"@type":"ImageObject","inLanguage":"az","@id":"https:\/\/www.meydan.tv\/az\/article\/rusiya-artiq-avropa-surasinin-uzvu-deyil\/#primaryimage","url":"https:\/\/www.meydan.tv\/wp-content\/uploads\/photo_2022-03-16_17-14-43.jpg","contentUrl":"https:\/\/www.meydan.tv\/wp-content\/uploads\/photo_2022-03-16_17-14-43.jpg","width":1142,"height":826,"caption":"Rusiya bayra\u011f\u0131 endirilir. Foto: Telegram"},{"@type":"BreadcrumbList","@id":"https:\/\/www.meydan.tv\/az\/article\/rusiya-artiq-avropa-surasinin-uzvu-deyil\/#breadcrumb","itemListElement":[{"@type":"ListItem","position":1,"name":"Ana s\u0259hif\u0259","item":"https:\/\/www.meydan.tv\/az\/"},{"@type":"ListItem","position":2,"name":"Siyas\u0259t","item":"https:\/\/www.meydan.tv\/az\/section\/siyaset\/"},{"@type":"ListItem","position":3,"name":"Rusiya art\u0131q Avropa \u015euras\u0131n\u0131n \u00fczv\u00fc deyil"}]},{"@type":"WebSite","@id":"https:\/\/www.meydan.tv\/az\/#website","url":"https:\/\/www.meydan.tv\/az\/","name":"MEYDAN.TV","description":"Meydan TV Az\u0259rbaycan\u0131n media m\u0259kan\u0131ndak\u0131 alternativ s\u0259sidir","publisher":{"@id":"https:\/\/www.meydan.tv\/az\/#organization"},"potentialAction":[{"@type":"SearchAction","target":{"@type":"EntryPoint","urlTemplate":"https:\/\/www.meydan.tv\/az\/?s={search_term_string}"},"query-input":{"@type":"PropertyValueSpecification","valueRequired":true,"valueName":"search_term_string"}}],"inLanguage":"az"},{"@type":"Organization","@id":"https:\/\/www.meydan.tv\/az\/#organization","name":"Meydan TV","url":"https:\/\/www.meydan.tv\/az\/","logo":{"@type":"ImageObject","inLanguage":"az","@id":"https:\/\/www.meydan.tv\/az\/#\/schema\/logo\/image\/","url":"https:\/\/www.meydan.tv\/wp-content\/uploads\/2021\/07\/meydan-logo.svg","contentUrl":"https:\/\/www.meydan.tv\/wp-content\/uploads\/2021\/07\/meydan-logo.svg","width":195,"height":46,"caption":"Meydan TV"},"image":{"@id":"https:\/\/www.meydan.tv\/az\/#\/schema\/logo\/image\/"}},{"@type":"Person","@id":"https:\/\/www.meydan.tv\/az\/#\/schema\/person\/9cdbecf90d17180ce1dfbd95b08dcf47","name":"elli","sameAs":["https:\/\/x.com\/elli"]}]}},"_links":{"self":[{"href":"https:\/\/www.meydan.tv\/az\/wp-json\/wp\/v2\/posts\/238692","targetHints":{"allow":["GET"]}}],"collection":[{"href":"https:\/\/www.meydan.tv\/az\/wp-json\/wp\/v2\/posts"}],"about":[{"href":"https:\/\/www.meydan.tv\/az\/wp-json\/wp\/v2\/types\/post"}],"author":[{"embeddable":true,"href":"https:\/\/www.meydan.tv\/az\/wp-json\/wp\/v2\/users\/8"}],"replies":[{"embeddable":true,"href":"https:\/\/www.meydan.tv\/az\/wp-json\/wp\/v2\/comments?post=238692"}],"version-history":[{"count":3,"href":"https:\/\/www.meydan.tv\/az\/wp-json\/wp\/v2\/posts\/238692\/revisions"}],"predecessor-version":[{"id":238703,"href":"https:\/\/www.meydan.tv\/az\/wp-json\/wp\/v2\/posts\/238692\/revisions\/238703"}],"wp:featuredmedia":[{"embeddable":true,"href":"https:\/\/www.meydan.tv\/az\/wp-json\/wp\/v2\/media\/238693"}],"wp:attachment":[{"href":"https:\/\/www.meydan.tv\/az\/wp-json\/wp\/v2\/media?parent=238692"}],"wp:term":[{"taxonomy":"category","embeddable":true,"href":"https:\/\/www.meydan.tv\/az\/wp-json\/wp\/v2\/categories?post=238692"},{"taxonomy":"post_tag","embeddable":true,"href":"https:\/\/www.meydan.tv\/az\/wp-json\/wp\/v2\/tags?post=238692"}],"curies":[{"name":"wp","href":"https:\/\/api.w.org\/{rel}","templated":true}]}}