{"id":238593,"date":"2022-03-16T14:02:34","date_gmt":"2022-03-16T10:02:34","guid":{"rendered":"https:\/\/www.meydan.tv\/?p=238593"},"modified":"2022-03-16T14:03:53","modified_gmt":"2022-03-16T10:03:53","slug":"rustem-ibrahimbeyovla-vida-merasimi-kecirilib","status":"publish","type":"post","link":"https:\/\/www.meydan.tv\/az\/article\/rustem-ibrahimbeyovla-vida-merasimi-kecirilib\/","title":{"rendered":"R\u00fcst\u0259m \u0130brahimb\u0259yovla vida m\u0259rasimi ke\u00e7irilib"},"content":{"rendered":"\n<p><\/p>\n\n\n\n<p><em>M\u0259rasimd\u0259 m\u0259d\u0259niyy\u0259t naziri v\u0259 inc\u0259s\u0259n\u0259t xadiml\u0259ri i\u015ftirak edibl\u0259r<\/em><br><\/p>\n\n\n\n<p>\u201cNizami\u201d Kino M\u0259rk\u0259zind\u0259 Az\u0259rbaycan Kinematoqrafiya\u00e7\u0131lar \u0130ttifaq\u0131n\u0131n (AK\u0130) s\u0259dri, Xalq yaz\u0131\u00e7\u0131s\u0131 R\u00fcst\u0259m \u0130brahimb\u0259yovla vida m\u0259rasimi ke\u00e7irilib.<br><\/p>\n\n\n\n<p>M\u0259rasimd\u0259 m\u0259d\u0259niyy\u0259t naziri Anar K\u0259rimov, m\u0259d\u0259niyy\u0259t v\u0259 inc\u0259s\u0259n\u0259t xadiml\u0259ri, m\u0259rhumun ail\u0259 \u00fczvl\u0259ri v\u0259 ictimaiyy\u0259t n\u00fcmay\u0259nd\u0259l\u0259ri i\u015ftirak edibl\u0259r.<br><\/p>\n\n\n\n<p>T\u0259dbir i\u015ftirak\u00e7\u0131lar\u0131 m\u0259rhumla ba\u011fl\u0131 xatir\u0259l\u0259rini b\u00f6l\u00fc\u015f\u00fcb, onun Az\u0259rbaycan\u0131n kino, teatr v\u0259 \u0259d\u0259biyyat\u0131 sah\u0259sind\u0259ki b\u00f6y\u00fck xidm\u0259tl\u0259rinin oldu\u011funu vur\u011fulay\u0131blar.<br><\/p>\n\n\n\n<p>O\u011flu Fuad \u0130brahimb\u0259yov jurnalistl\u0259r\u0259 atas\u0131n\u0131n v\u0259fat\u0131n\u0131n g\u00f6zl\u0259nilm\u0259z oldu\u011funu deyib. \u018flav\u0259 edib ki, valideyn itkisi \u00e7ox a\u011f\u0131rd\u0131r.<br><\/p>\n\n\n\n<p>\u201cAtam \u00f6l\u00fcmqaba\u011f\u0131 dostlar\u0131na salam \u00e7atd\u0131rma\u011f\u0131m\u0131 ist\u0259di. Dedi ki, \u0259g\u0259r \u00f6ls\u0259m, m\u0259nim b\u00fct\u00fcn k\u00f6hn\u0259 dostlar\u0131m\u0131 qucaqla, onlara sevgimi \u00e7atd\u0131r. Onun v\u0259t\u0259nind\u0259 d\u0259fn olunmas\u0131na sevinir\u0259m. Onu sev\u0259nl\u0259r, g\u0259lib, m\u0259zar\u0131n\u0131 ziyar\u0259t ed\u0259 bil\u0259c\u0259kl\u0259r\u201d, &#8211; m\u0259rhumun o\u011flu bildirib.<br><\/p>\n\n\n\n<p>Xalq artisti, kinoaktyor Rasim Balayev, Az\u0259rbaycan Yaz\u0131\u00e7\u0131lar Birliyinin (AYB) s\u0259dri, Xalq yaz\u0131\u00e7\u0131s\u0131 Anar Rzayev, AYB-nin katibi, Xalq yaz\u0131\u00e7\u0131s\u0131 \u00c7ingiz Abdullayev, Xalq \u015fairi Ramiz R\u00f6v\u015f\u0259n d\u0259 R\u00fcst\u0259m \u0130brahimov haqq\u0131nda dan\u0131\u015f\u0131blar.<br><\/p>\n\n\n\n<figure class=\"wp-block-image size-large\"><img decoding=\"async\" width=\"1095\" height=\"821\" data-src=\"https:\/\/www.meydan.tv\/wp-content\/uploads\/image_from_ios__5_-1-1095x821.jpg\" alt=\"\" class=\"wp-image-238491 lazyload\" src=\"data:image\/svg+xml;base64,PHN2ZyB3aWR0aD0iMSIgaGVpZ2h0PSIxIiB4bWxucz0iaHR0cDovL3d3dy53My5vcmcvMjAwMC9zdmciPjwvc3ZnPg==\" style=\"--smush-placeholder-width: 1095px; --smush-placeholder-aspect-ratio: 1095\/821;\" \/><figcaption>Foto: Meydan TV<\/figcaption><\/figure>\n\n\n\n<p>R\u00fcst\u0259m \u0130brahimb\u0259yov mart\u0131n 11-d\u0259 uzun s\u00fcr\u0259n x\u0259st\u0259likd\u0259n sonra 83 ya\u015f\u0131nda v\u0259fat <a href=\"https:\/\/d9mc3ts4czbpr.cloudfront.net\/az\/article\/rustem-ibrahimbeyov-vefat-edib\/\" target=\"_blank\" rel=\"noreferrer noopener\">edib<\/a>.<br><br>Prezident \u0130lham \u018fliyev v\u0259 Birinci vitse-prezident Mehriban \u018fliyeva vida m\u0259rasimin\u0259 \u0259klil g\u00f6nd\u0259rib.<br>R\u00fcst\u0259m \u0130brahimb\u0259yov 1939-cu ild\u0259 Bak\u0131da do\u011fulub.<br><\/p>\n\n\n\n<p>Az\u0259rbaycan Neft v\u0259 Kimya \u0130nsitutunu bitirib. H\u0259m\u00e7inin Moskvada \u00dcmumittifaq D\u00f6vl\u0259t Kinematoqrafiya \u0130nstitutunda ssenarist v\u0259 rejissor ixtisaslar\u0131na yiy\u0259l\u0259nib.<br><\/p>\n\n\n\n<p>Onun \u0259s\u0259rl\u0259ri \u0259sas\u0131nda q\u0131rxdan \u00e7ox b\u0259dii, televiziya filml\u0259ri v\u0259 tama\u015falar\u0131 \u00e7\u0259kilib. H\u0259m\u00e7inin pyesl\u0259ri s\u0259hn\u0259l\u0259\u015fdirilib.<br><\/p>\n\n\n\n<p>2005-ci ild\u0259 Qazax\u0131stan Prezidenti Nursultan Nazarbayevin sifari\u015fi il\u0259 R\u00fcst\u0259m \u0130brahimb\u0259yovun ssenarisi \u0259sas\u0131nda \u201cK\u00f6\u00e7\u0259ril\u0259r\u201d filmi \u00e7\u0259kilib. Film 2007-ci ild\u0259 \u201cOskar\u201d m\u00fckafat\u0131na t\u0259qdim olunmas\u0131 bar\u0259d\u0259 t\u0259klif al\u0131b.<br>\u00c7\u0259kili\u015fl\u0259r\u0259 30 milyon dollar d\u00f6vl\u0259t v\u0259saiti x\u0259rcl\u0259nib.<br>Filmin bir n\u00fcsx\u0259si Az\u0259rbaycan D\u00f6vl\u0259t Film Fonduna h\u0259diyy\u0259 edilib.<br><\/p>\n\n\n\n<p>R\u00fcst\u0259m \u0130brahimb\u0259yov Az\u0259rbaycan Kinematoqraf\u00e7\u0131lar \u0130ttifaq\u0131n\u0131n (1981) katibidir.<br><\/p>\n\n\n\n<p>O, 2001-ci ild\u0259 \u201c\u0130bRus\u201d teatr\u0131n\u0131 (\u0130B- \u0130brahimb\u0259yov, RUS-R\u00fcst\u0259m) yarad\u0131b.<br>R\u00fcst\u0259m \u0130brahimb\u0259yovun \u0130\u00e7\u0259ri\u015f\u0259h\u0259rd\u0259ki \u015f\u0259xsi evind\u0259 yerl\u0259\u015f\u0259n \u201c\u0130bRus\u201dda tama\u015falar iki dild\u0259: Az\u0259rbaycan v\u0259 rus dill\u0259rind\u0259 oynan\u0131l\u0131b. Teatr\u0131n f\u0259aliyy\u0259ti Xalq yaz\u0131\u00e7\u0131s\u0131n\u0131n siyasi f\u0259aliyy\u0259tind\u0259n dolay\u0131 \u00f6lk\u0259ni t\u0259rk etm\u0259sind\u0259n bir m\u00fcdd\u0259t sonra dayand\u0131rl\u0131b.<\/p>\n\n\n\n<p>M\u00fcxalif siyasi q\u00fcvv\u0259l\u0259rin birl\u0259\u015fdiyi Milli \u015eura 2013-c\u00fc ilin prezident se\u00e7kisind\u0259 R\u00fcst\u0259m \u0130brahimb\u0259yovun namiz\u0259dliyini ir\u0259li s\u00fcrm\u00fc\u015fd\u00fc. Lakin \u0130brahimb\u0259yovun Rusiya v\u0259t\u0259nda\u015fl\u0131\u011f\u0131n\u0131 s\u0259b\u0259b g\u0259tir\u0259n M\u0259rk\u0259zi Se\u00e7ki Komissiyas\u0131 (MSK) onun namiz\u0259dliyini qeyd\u0259 almaqdan imtina etmi\u015fdi. H\u0259min vaxtdan \u0130brahimb\u0259yov Az\u0259rbaycandan k\u0259narda ya\u015fay\u0131rd\u0131.\u0130ll\u0259rl\u0259 m\u00fchacir\u0259td\u0259 ya\u015fayan R\u00fcst\u0259m \u0130brahimb\u0259yov qarda\u015f\u0131 Xalq yaz\u0131\u00e7\u0131s\u0131 Maqsud \u0130brahimb\u0259yovun v\u0259fat\u0131ndan sonra Az\u0259rbaycana g\u0259lib. Sonralar o, Az\u0259rbaycana tez-tez g\u0259lirdi, m\u00fcxt\u0259lif t\u0259dbirl\u0259rd\u0259 i\u015ftirak edirdi.<\/p>\n\n\n\n<p>R\u00fcst\u0259m \u0130brahimb\u0259yov I F\u0259xri Xiyabanda d\u0259fn edil\u0259c\u0259k.<br><\/p>\n\n\n\n<p><\/p>\n","protected":false},"excerpt":{"rendered":"<p>M\u0259rasimd\u0259 m\u0259d\u0259niyy\u0259t naziri v\u0259 inc\u0259s\u0259n\u0259t xadiml\u0259ri i\u015ftirak edibl\u0259r \u201cNizami\u201d Kino &#8230; <\/p>\n<p class=\"read-more-container\"><a title=\"R\u00fcst\u0259m \u0130brahimb\u0259yovla vida m\u0259rasimi ke\u00e7irilib\" class=\"read-more button\" href=\"https:\/\/www.meydan.tv\/az\/article\/rustem-ibrahimbeyovla-vida-merasimi-kecirilib\/#more-238593\" aria-label=\"Read more about R\u00fcst\u0259m \u0130brahimb\u0259yovla vida m\u0259rasimi ke\u00e7irilib\">Davam\u0131<\/a><\/p>\n","protected":false},"author":8,"featured_media":238488,"comment_status":"closed","ping_status":"closed","sticky":false,"template":"","format":"standard","meta":{"_acf_changed":false,"_sitemap_exclude":false,"_sitemap_priority":"","_sitemap_frequency":"","footnotes":""},"categories":[52,56],"tags":[],"class_list":["post-238593","post","type-post","status-publish","format-standard","has-post-thumbnail","hentry","category-medeniyyet","category-xeberler","infinite-scroll-item","generate-columns","tablet-grid-50","mobile-grid-100","grid-parent","grid-33","no-featured-image-padding"],"acf":[],"yoast_head":"<!-- This site is optimized with the Yoast SEO plugin v27.4 - https:\/\/yoast.com\/product\/yoast-seo-wordpress\/ -->\n<title>R\u00fcst\u0259m \u0130brahimb\u0259yovla vida m\u0259rasimi ke\u00e7irilib - MEYDAN.TV<\/title>\n<meta name=\"robots\" content=\"index, follow, max-snippet:-1, max-image-preview:large, max-video-preview:-1\" \/>\n<link rel=\"canonical\" href=\"https:\/\/www.meydan.tv\/az\/article\/rustem-ibrahimbeyovla-vida-merasimi-kecirilib\/\" \/>\n<meta property=\"og:locale\" content=\"az_AZ\" \/>\n<meta property=\"og:type\" content=\"article\" \/>\n<meta property=\"og:title\" content=\"R\u00fcst\u0259m \u0130brahimb\u0259yovla vida m\u0259rasimi ke\u00e7irilib - MEYDAN.TV\" \/>\n<meta property=\"og:description\" content=\"M\u0259rasimd\u0259 m\u0259d\u0259niyy\u0259t naziri v\u0259 inc\u0259s\u0259n\u0259t xadiml\u0259ri i\u015ftirak edibl\u0259r \u201cNizami\u201d Kino ... Davam\u0131\" \/>\n<meta property=\"og:url\" content=\"https:\/\/www.meydan.tv\/az\/article\/rustem-ibrahimbeyovla-vida-merasimi-kecirilib\/\" \/>\n<meta property=\"og:site_name\" content=\"MEYDAN.TV\" \/>\n<meta property=\"article:published_time\" content=\"2022-03-16T10:02:34+00:00\" \/>\n<meta property=\"article:modified_time\" content=\"2022-03-16T10:03:53+00:00\" \/>\n<meta property=\"og:image\" content=\"https:\/\/www.meydan.tv\/wp-content\/uploads\/image_from_ios-1-12-scaled.jpg\" \/>\n\t<meta property=\"og:image:width\" content=\"2560\" \/>\n\t<meta property=\"og:image:height\" content=\"1920\" \/>\n\t<meta property=\"og:image:type\" content=\"image\/jpeg\" \/>\n<meta name=\"author\" content=\"elli\" \/>\n<meta name=\"twitter:card\" content=\"summary_large_image\" \/>\n<meta name=\"twitter:creator\" content=\"@elli\" \/>\n<script type=\"application\/ld+json\" class=\"yoast-schema-graph\">{\"@context\":\"https:\\\/\\\/schema.org\",\"@graph\":[{\"@type\":\"Article\",\"@id\":\"https:\\\/\\\/www.meydan.tv\\\/az\\\/article\\\/rustem-ibrahimbeyovla-vida-merasimi-kecirilib\\\/#article\",\"isPartOf\":{\"@id\":\"https:\\\/\\\/www.meydan.tv\\\/az\\\/article\\\/rustem-ibrahimbeyovla-vida-merasimi-kecirilib\\\/\"},\"author\":{\"name\":\"elli\",\"@id\":\"https:\\\/\\\/www.meydan.tv\\\/az\\\/#\\\/schema\\\/person\\\/9cdbecf90d17180ce1dfbd95b08dcf47\"},\"headline\":\"R\u00fcst\u0259m \u0130brahimb\u0259yovla vida m\u0259rasimi ke\u00e7irilib\",\"datePublished\":\"2022-03-16T10:02:34+00:00\",\"dateModified\":\"2022-03-16T10:03:53+00:00\",\"mainEntityOfPage\":{\"@id\":\"https:\\\/\\\/www.meydan.tv\\\/az\\\/article\\\/rustem-ibrahimbeyovla-vida-merasimi-kecirilib\\\/\"},\"wordCount\":648,\"publisher\":{\"@id\":\"https:\\\/\\\/www.meydan.tv\\\/az\\\/#organization\"},\"image\":{\"@id\":\"https:\\\/\\\/www.meydan.tv\\\/az\\\/article\\\/rustem-ibrahimbeyovla-vida-merasimi-kecirilib\\\/#primaryimage\"},\"thumbnailUrl\":\"https:\\\/\\\/www.meydan.tv\\\/wp-content\\\/uploads\\\/image_from_ios-1-12-scaled.jpg\",\"articleSection\":[\"M\u0259d\u0259niyy\u0259t\",\"X\u0259b\u0259rl\u0259r\"],\"inLanguage\":\"az\"},{\"@type\":\"WebPage\",\"@id\":\"https:\\\/\\\/www.meydan.tv\\\/az\\\/article\\\/rustem-ibrahimbeyovla-vida-merasimi-kecirilib\\\/\",\"url\":\"https:\\\/\\\/www.meydan.tv\\\/az\\\/article\\\/rustem-ibrahimbeyovla-vida-merasimi-kecirilib\\\/\",\"name\":\"R\u00fcst\u0259m \u0130brahimb\u0259yovla vida m\u0259rasimi ke\u00e7irilib - MEYDAN.TV\",\"isPartOf\":{\"@id\":\"https:\\\/\\\/www.meydan.tv\\\/az\\\/#website\"},\"primaryImageOfPage\":{\"@id\":\"https:\\\/\\\/www.meydan.tv\\\/az\\\/article\\\/rustem-ibrahimbeyovla-vida-merasimi-kecirilib\\\/#primaryimage\"},\"image\":{\"@id\":\"https:\\\/\\\/www.meydan.tv\\\/az\\\/article\\\/rustem-ibrahimbeyovla-vida-merasimi-kecirilib\\\/#primaryimage\"},\"thumbnailUrl\":\"https:\\\/\\\/www.meydan.tv\\\/wp-content\\\/uploads\\\/image_from_ios-1-12-scaled.jpg\",\"datePublished\":\"2022-03-16T10:02:34+00:00\",\"dateModified\":\"2022-03-16T10:03:53+00:00\",\"breadcrumb\":{\"@id\":\"https:\\\/\\\/www.meydan.tv\\\/az\\\/article\\\/rustem-ibrahimbeyovla-vida-merasimi-kecirilib\\\/#breadcrumb\"},\"inLanguage\":\"az\",\"potentialAction\":[{\"@type\":\"ReadAction\",\"target\":[\"https:\\\/\\\/www.meydan.tv\\\/az\\\/article\\\/rustem-ibrahimbeyovla-vida-merasimi-kecirilib\\\/\"]}]},{\"@type\":\"ImageObject\",\"inLanguage\":\"az\",\"@id\":\"https:\\\/\\\/www.meydan.tv\\\/az\\\/article\\\/rustem-ibrahimbeyovla-vida-merasimi-kecirilib\\\/#primaryimage\",\"url\":\"https:\\\/\\\/www.meydan.tv\\\/wp-content\\\/uploads\\\/image_from_ios-1-12-scaled.jpg\",\"contentUrl\":\"https:\\\/\\\/www.meydan.tv\\\/wp-content\\\/uploads\\\/image_from_ios-1-12-scaled.jpg\",\"width\":2560,\"height\":1920,\"caption\":\"Foto: Meydan TV\"},{\"@type\":\"BreadcrumbList\",\"@id\":\"https:\\\/\\\/www.meydan.tv\\\/az\\\/article\\\/rustem-ibrahimbeyovla-vida-merasimi-kecirilib\\\/#breadcrumb\",\"itemListElement\":[{\"@type\":\"ListItem\",\"position\":1,\"name\":\"Ana s\u0259hif\u0259\",\"item\":\"https:\\\/\\\/www.meydan.tv\\\/az\\\/\"},{\"@type\":\"ListItem\",\"position\":2,\"name\":\"M\u0259d\u0259niyy\u0259t\",\"item\":\"https:\\\/\\\/www.meydan.tv\\\/az\\\/section\\\/medeniyyet\\\/\"},{\"@type\":\"ListItem\",\"position\":3,\"name\":\"R\u00fcst\u0259m \u0130brahimb\u0259yovla vida m\u0259rasimi ke\u00e7irilib\"}]},{\"@type\":\"WebSite\",\"@id\":\"https:\\\/\\\/www.meydan.tv\\\/az\\\/#website\",\"url\":\"https:\\\/\\\/www.meydan.tv\\\/az\\\/\",\"name\":\"MEYDAN.TV\",\"description\":\"Meydan TV Az\u0259rbaycan\u0131n media m\u0259kan\u0131ndak\u0131 alternativ s\u0259sidir\",\"publisher\":{\"@id\":\"https:\\\/\\\/www.meydan.tv\\\/az\\\/#organization\"},\"potentialAction\":[{\"@type\":\"SearchAction\",\"target\":{\"@type\":\"EntryPoint\",\"urlTemplate\":\"https:\\\/\\\/www.meydan.tv\\\/az\\\/?s={search_term_string}\"},\"query-input\":{\"@type\":\"PropertyValueSpecification\",\"valueRequired\":true,\"valueName\":\"search_term_string\"}}],\"inLanguage\":\"az\"},{\"@type\":\"Organization\",\"@id\":\"https:\\\/\\\/www.meydan.tv\\\/az\\\/#organization\",\"name\":\"Meydan TV\",\"url\":\"https:\\\/\\\/www.meydan.tv\\\/az\\\/\",\"logo\":{\"@type\":\"ImageObject\",\"inLanguage\":\"az\",\"@id\":\"https:\\\/\\\/www.meydan.tv\\\/az\\\/#\\\/schema\\\/logo\\\/image\\\/\",\"url\":\"https:\\\/\\\/www.meydan.tv\\\/wp-content\\\/uploads\\\/2021\\\/07\\\/meydan-logo.svg\",\"contentUrl\":\"https:\\\/\\\/www.meydan.tv\\\/wp-content\\\/uploads\\\/2021\\\/07\\\/meydan-logo.svg\",\"width\":195,\"height\":46,\"caption\":\"Meydan TV\"},\"image\":{\"@id\":\"https:\\\/\\\/www.meydan.tv\\\/az\\\/#\\\/schema\\\/logo\\\/image\\\/\"}},{\"@type\":\"Person\",\"@id\":\"https:\\\/\\\/www.meydan.tv\\\/az\\\/#\\\/schema\\\/person\\\/9cdbecf90d17180ce1dfbd95b08dcf47\",\"name\":\"elli\",\"sameAs\":[\"https:\\\/\\\/x.com\\\/elli\"]}]}<\/script>\n<!-- \/ Yoast SEO plugin. -->","yoast_head_json":{"title":"R\u00fcst\u0259m \u0130brahimb\u0259yovla vida m\u0259rasimi ke\u00e7irilib - MEYDAN.TV","robots":{"index":"index","follow":"follow","max-snippet":"max-snippet:-1","max-image-preview":"max-image-preview:large","max-video-preview":"max-video-preview:-1"},"canonical":"https:\/\/www.meydan.tv\/az\/article\/rustem-ibrahimbeyovla-vida-merasimi-kecirilib\/","og_locale":"az_AZ","og_type":"article","og_title":"R\u00fcst\u0259m \u0130brahimb\u0259yovla vida m\u0259rasimi ke\u00e7irilib - MEYDAN.TV","og_description":"M\u0259rasimd\u0259 m\u0259d\u0259niyy\u0259t naziri v\u0259 inc\u0259s\u0259n\u0259t xadiml\u0259ri i\u015ftirak edibl\u0259r \u201cNizami\u201d Kino ... Davam\u0131","og_url":"https:\/\/www.meydan.tv\/az\/article\/rustem-ibrahimbeyovla-vida-merasimi-kecirilib\/","og_site_name":"MEYDAN.TV","article_published_time":"2022-03-16T10:02:34+00:00","article_modified_time":"2022-03-16T10:03:53+00:00","og_image":[{"width":2560,"height":1920,"url":"https:\/\/www.meydan.tv\/wp-content\/uploads\/image_from_ios-1-12-scaled.jpg","type":"image\/jpeg"}],"author":"elli","twitter_card":"summary_large_image","twitter_creator":"@elli","schema":{"@context":"https:\/\/schema.org","@graph":[{"@type":"Article","@id":"https:\/\/www.meydan.tv\/az\/article\/rustem-ibrahimbeyovla-vida-merasimi-kecirilib\/#article","isPartOf":{"@id":"https:\/\/www.meydan.tv\/az\/article\/rustem-ibrahimbeyovla-vida-merasimi-kecirilib\/"},"author":{"name":"elli","@id":"https:\/\/www.meydan.tv\/az\/#\/schema\/person\/9cdbecf90d17180ce1dfbd95b08dcf47"},"headline":"R\u00fcst\u0259m \u0130brahimb\u0259yovla vida m\u0259rasimi ke\u00e7irilib","datePublished":"2022-03-16T10:02:34+00:00","dateModified":"2022-03-16T10:03:53+00:00","mainEntityOfPage":{"@id":"https:\/\/www.meydan.tv\/az\/article\/rustem-ibrahimbeyovla-vida-merasimi-kecirilib\/"},"wordCount":648,"publisher":{"@id":"https:\/\/www.meydan.tv\/az\/#organization"},"image":{"@id":"https:\/\/www.meydan.tv\/az\/article\/rustem-ibrahimbeyovla-vida-merasimi-kecirilib\/#primaryimage"},"thumbnailUrl":"https:\/\/www.meydan.tv\/wp-content\/uploads\/image_from_ios-1-12-scaled.jpg","articleSection":["M\u0259d\u0259niyy\u0259t","X\u0259b\u0259rl\u0259r"],"inLanguage":"az"},{"@type":"WebPage","@id":"https:\/\/www.meydan.tv\/az\/article\/rustem-ibrahimbeyovla-vida-merasimi-kecirilib\/","url":"https:\/\/www.meydan.tv\/az\/article\/rustem-ibrahimbeyovla-vida-merasimi-kecirilib\/","name":"R\u00fcst\u0259m \u0130brahimb\u0259yovla vida m\u0259rasimi ke\u00e7irilib - MEYDAN.TV","isPartOf":{"@id":"https:\/\/www.meydan.tv\/az\/#website"},"primaryImageOfPage":{"@id":"https:\/\/www.meydan.tv\/az\/article\/rustem-ibrahimbeyovla-vida-merasimi-kecirilib\/#primaryimage"},"image":{"@id":"https:\/\/www.meydan.tv\/az\/article\/rustem-ibrahimbeyovla-vida-merasimi-kecirilib\/#primaryimage"},"thumbnailUrl":"https:\/\/www.meydan.tv\/wp-content\/uploads\/image_from_ios-1-12-scaled.jpg","datePublished":"2022-03-16T10:02:34+00:00","dateModified":"2022-03-16T10:03:53+00:00","breadcrumb":{"@id":"https:\/\/www.meydan.tv\/az\/article\/rustem-ibrahimbeyovla-vida-merasimi-kecirilib\/#breadcrumb"},"inLanguage":"az","potentialAction":[{"@type":"ReadAction","target":["https:\/\/www.meydan.tv\/az\/article\/rustem-ibrahimbeyovla-vida-merasimi-kecirilib\/"]}]},{"@type":"ImageObject","inLanguage":"az","@id":"https:\/\/www.meydan.tv\/az\/article\/rustem-ibrahimbeyovla-vida-merasimi-kecirilib\/#primaryimage","url":"https:\/\/www.meydan.tv\/wp-content\/uploads\/image_from_ios-1-12-scaled.jpg","contentUrl":"https:\/\/www.meydan.tv\/wp-content\/uploads\/image_from_ios-1-12-scaled.jpg","width":2560,"height":1920,"caption":"Foto: Meydan TV"},{"@type":"BreadcrumbList","@id":"https:\/\/www.meydan.tv\/az\/article\/rustem-ibrahimbeyovla-vida-merasimi-kecirilib\/#breadcrumb","itemListElement":[{"@type":"ListItem","position":1,"name":"Ana s\u0259hif\u0259","item":"https:\/\/www.meydan.tv\/az\/"},{"@type":"ListItem","position":2,"name":"M\u0259d\u0259niyy\u0259t","item":"https:\/\/www.meydan.tv\/az\/section\/medeniyyet\/"},{"@type":"ListItem","position":3,"name":"R\u00fcst\u0259m \u0130brahimb\u0259yovla vida m\u0259rasimi ke\u00e7irilib"}]},{"@type":"WebSite","@id":"https:\/\/www.meydan.tv\/az\/#website","url":"https:\/\/www.meydan.tv\/az\/","name":"MEYDAN.TV","description":"Meydan TV Az\u0259rbaycan\u0131n media m\u0259kan\u0131ndak\u0131 alternativ s\u0259sidir","publisher":{"@id":"https:\/\/www.meydan.tv\/az\/#organization"},"potentialAction":[{"@type":"SearchAction","target":{"@type":"EntryPoint","urlTemplate":"https:\/\/www.meydan.tv\/az\/?s={search_term_string}"},"query-input":{"@type":"PropertyValueSpecification","valueRequired":true,"valueName":"search_term_string"}}],"inLanguage":"az"},{"@type":"Organization","@id":"https:\/\/www.meydan.tv\/az\/#organization","name":"Meydan TV","url":"https:\/\/www.meydan.tv\/az\/","logo":{"@type":"ImageObject","inLanguage":"az","@id":"https:\/\/www.meydan.tv\/az\/#\/schema\/logo\/image\/","url":"https:\/\/www.meydan.tv\/wp-content\/uploads\/2021\/07\/meydan-logo.svg","contentUrl":"https:\/\/www.meydan.tv\/wp-content\/uploads\/2021\/07\/meydan-logo.svg","width":195,"height":46,"caption":"Meydan TV"},"image":{"@id":"https:\/\/www.meydan.tv\/az\/#\/schema\/logo\/image\/"}},{"@type":"Person","@id":"https:\/\/www.meydan.tv\/az\/#\/schema\/person\/9cdbecf90d17180ce1dfbd95b08dcf47","name":"elli","sameAs":["https:\/\/x.com\/elli"]}]}},"_links":{"self":[{"href":"https:\/\/www.meydan.tv\/az\/wp-json\/wp\/v2\/posts\/238593","targetHints":{"allow":["GET"]}}],"collection":[{"href":"https:\/\/www.meydan.tv\/az\/wp-json\/wp\/v2\/posts"}],"about":[{"href":"https:\/\/www.meydan.tv\/az\/wp-json\/wp\/v2\/types\/post"}],"author":[{"embeddable":true,"href":"https:\/\/www.meydan.tv\/az\/wp-json\/wp\/v2\/users\/8"}],"replies":[{"embeddable":true,"href":"https:\/\/www.meydan.tv\/az\/wp-json\/wp\/v2\/comments?post=238593"}],"version-history":[{"count":3,"href":"https:\/\/www.meydan.tv\/az\/wp-json\/wp\/v2\/posts\/238593\/revisions"}],"predecessor-version":[{"id":238596,"href":"https:\/\/www.meydan.tv\/az\/wp-json\/wp\/v2\/posts\/238593\/revisions\/238596"}],"wp:featuredmedia":[{"embeddable":true,"href":"https:\/\/www.meydan.tv\/az\/wp-json\/wp\/v2\/media\/238488"}],"wp:attachment":[{"href":"https:\/\/www.meydan.tv\/az\/wp-json\/wp\/v2\/media?parent=238593"}],"wp:term":[{"taxonomy":"category","embeddable":true,"href":"https:\/\/www.meydan.tv\/az\/wp-json\/wp\/v2\/categories?post=238593"},{"taxonomy":"post_tag","embeddable":true,"href":"https:\/\/www.meydan.tv\/az\/wp-json\/wp\/v2\/tags?post=238593"}],"curies":[{"name":"wp","href":"https:\/\/api.w.org\/{rel}","templated":true}]}}