{"id":238540,"date":"2022-03-16T13:44:38","date_gmt":"2022-03-16T09:44:38","guid":{"rendered":"https:\/\/www.meydan.tv\/?p=238540"},"modified":"2022-03-29T12:37:18","modified_gmt":"2022-03-29T08:37:18","slug":"rusiyanin-ukraynaya-herbi-mudaxilesinin-21-ci-gunu","status":"publish","type":"post","link":"https:\/\/www.meydan.tv\/az\/article\/rusiyanin-ukraynaya-herbi-mudaxilesinin-21-ci-gunu\/","title":{"rendered":"Rusiyan\u0131n Ukraynaya h\u0259rbi m\u00fcdaxil\u0259sinin 21-ci g\u00fcn\u00fc"},"content":{"rendered":"\n<figure class=\"wp-block-embed is-type-video is-provider-youtube wp-block-embed-youtube wp-embed-aspect-16-9 wp-has-aspect-ratio\"><div class=\"wp-block-embed__wrapper\">\n<iframe title=\"Mariupol - m\u00fchasir\u0259d\u0259 sa\u011f qalmaq m\u00fcbariz\u0259si ver\u0259n \u015f\u0259h\u0259r\" width=\"1200\" height=\"675\" data-src=\"https:\/\/www.youtube.com\/embed\/z2cAGb_5qIU?feature=oembed\" frameborder=\"0\" allow=\"accelerometer; autoplay; clipboard-write; encrypted-media; gyroscope; picture-in-picture\" allowfullscreen src=\"data:image\/svg+xml;base64,PHN2ZyB3aWR0aD0iMSIgaGVpZ2h0PSIxIiB4bWxucz0iaHR0cDovL3d3dy53My5vcmcvMjAwMC9zdmciPjwvc3ZnPg==\" class=\"lazyload\" data-load-mode=\"1\"><\/iframe>\n<\/div><\/figure>\n\n\n\n<p><\/p>\n\n\n\n<p><\/p>\n\n\n\n<p><strong>Melitopol \u015f\u0259h\u0259rinin meri azad edilib<\/strong><\/p>\n\n\n\n<p><em>\u201c\u0130van Fedorov art\u0131q t\u0259hl\u00fck\u0259sizlikd\u0259dir\u201d<\/em><\/p>\n\n\n\n<p><em>Melitopol \u015f\u0259h\u0259rinin meri \u0130van Fedorovun Ukrayna ordusunun \u0259m\u0259liyyat\u0131 n\u0259tic\u0259sind\u0259 azad ediliyi bildirilir.<\/em><\/p>\n\n\n\n<p><em>Bu bar\u0259d\u0259 Ukrayna Prezidenti Aparat\u0131n\u0131n r\u0259hb\u0259rinin m\u00fcavini Kirilo Timo\u015fenko \u00f6z\u00fcn\u00fcn \u201cTelegram\u201d kanal\u0131nda m\u0259lumat <a href=\"https:\/\/www.unian.net\/war\/mera-melitopolya-ivana-fedorova-osvobozhden-iz-plena-on-uzhe-v-bezopasnosti-op-novosti-vtorzheniya-rossii-na-ukrainu-11746759.html\" target=\"_blank\" rel=\"noreferrer noopener\">payla\u015f\u0131b<\/a><\/em>.<\/p>\n\n\n\n<div class=\"wp-block-image\"><figure class=\"alignright size-full is-resized\"><img decoding=\"async\" data-src=\"https:\/\/www.meydan.tv\/wp-content\/uploads\/download-6.jpg\" alt=\"\" class=\"wp-image-238731 lazyload\" width=\"394\" height=\"215\" src=\"data:image\/svg+xml;base64,PHN2ZyB3aWR0aD0iMSIgaGVpZ2h0PSIxIiB4bWxucz0iaHR0cDovL3d3dy53My5vcmcvMjAwMC9zdmciPjwvc3ZnPg==\" style=\"--smush-placeholder-width: 394px; --smush-placeholder-aspect-ratio: 394\/215;\" \/><figcaption>\u0130van Fedorov. Foto: screenshot<\/figcaption><\/figure><\/div>\n\n\n\n<p><em>&#8220;Melitopol meri \u0130van Fedorov art\u0131q t\u0259hl\u00fck\u0259sizlikd\u0259dir&#8221;, &#8211; dey\u0259 Timo\u015fenko yaz\u0131b v\u0259 merin prezidentl\u0259 dan\u0131\u015fd\u0131\u011f\u0131n\u0131 vur\u011fulay\u0131b.<\/em><\/p>\n\n\n\n<p><em>Melitopol \u015f\u0259h\u0259rinin meri \u0130van Fedorovun mart\u0131n 11-d\u0259 Rusiya ordusu t\u0259r\u0259find\u0259n o\u011furland\u0131\u011f\u0131 bildirilirdi.<\/em><\/p>\n\n\n\n<p><em>Zaporojye vilay\u0259tinin Melitopol \u015f\u0259h\u0259ri fevral\u0131n 26-dan Rusiyan\u0131n i\u015f\u011fal\u0131 alt\u0131ndad\u0131r.<\/em><\/p>\n\n\n\n<hr class=\"wp-block-separator\"\/>\n\n\n\n<p>Rusiya Avropa \u015euras\u0131ndan \u00e7\u0131xar\u0131ld\u0131<\/p>\n\n\n\n<p>Avropa \u015euras\u0131n\u0131n (A\u015e) Nazirl\u0259r Komit\u0259si mart\u0131n 16-dan Rusiyan\u0131 t\u0259\u015fkilatdan \u00e7\u0131xarmaq q\u0259rar\u0131n\u0131 elan<a href=\"https:\/\/www.meydan.tv\/az\/article\/rusiya-artiq-avropa-surasinin-uzvu-deyil\/\" target=\"_blank\" rel=\"noreferrer noopener\"> <\/a><a href=\"https:\/\/d9mc3ts4czbpr.cloudfront.net\/az\/article\/rusiya-artiq-avropa-surasinin-uzvu-deyil\/\" target=\"_blank\" rel=\"noreferrer noopener\">edib<\/a>.<\/p>\n\n\n\n<div class=\"wp-block-image\"><figure class=\"alignleft size-large is-resized\"><img decoding=\"async\" data-src=\"https:\/\/www.meydan.tv\/wp-content\/uploads\/photo_2022-03-16_17-14-43-1135x821.jpg\" alt=\"\" class=\"wp-image-238693 lazyload\" width=\"288\" height=\"207\" src=\"data:image\/svg+xml;base64,PHN2ZyB3aWR0aD0iMSIgaGVpZ2h0PSIxIiB4bWxucz0iaHR0cDovL3d3dy53My5vcmcvMjAwMC9zdmciPjwvc3ZnPg==\" style=\"--smush-placeholder-width: 288px; --smush-placeholder-aspect-ratio: 288\/207;\" \/><figcaption>Rusiya bayra\u011f\u0131 endirilir. Foto: Telegram<\/figcaption><\/figure><\/div>\n\n\n\n<p>M\u00fcvafiq q\u0259rarda deyilir ki, Avropa \u015euras\u0131 Xartiyas\u0131n\u0131n 8-ci madd\u0259sin\u0259 uy\u011fun olaraq ba\u015flanm\u0131\u015f prosedur kontekstind\u0259 Rusiya xaric edilib.<\/p>\n\n\n\n<hr class=\"wp-block-separator\"\/>\n\n\n\n<p><\/p>\n\n\n\n<p><\/p>\n\n\n\n<p><\/p>\n\n\n\n<p><\/p>\n\n\n\n<p><strong>Ukrayna \u00f6z modelini t\u0259klif edir<\/strong><\/p>\n\n\n\n<p><em>&#8220;Ukrayna \u00fc\u00e7\u00fcn yaln\u0131z &#8220;Ukrayna modeli&#8221; ola bil\u0259r&#8221;.<\/em><\/p>\n\n\n\n<p><em>Bunu dan\u0131\u015f\u0131qlarda i\u015ftirak ed\u0259n Ukrayna Prezident Adminstrasiyas\u0131 r\u0259hb\u0259rinin m\u00fc\u015faviri Mixail Podolyak Rusiya r\u0259smil\u0259rinin &#8220;Ukraynan\u0131n Avstriya v\u0259 ya \u0130sve\u00e7 modelin\u0259 ke\u00e7m\u0259si&#8221; il\u0259 ba\u011fl\u0131 fikirl\u0259rini \u015f\u0259rh ed\u0259rk\u0259n <a href=\"https:\/\/www.unian.net\/war\/model-tolko-ukrainskaya-v-op-otvetili-na-zayavleniya-rf-o-neytralitete-novosti-vtorzheniya-rossii-na-ukrainu-11746108.html\" target=\"_blank\" rel=\"noreferrer noopener\">deyib<\/a>.<\/em><\/p>\n\n\n\n<div class=\"wp-block-image\"><figure class=\"alignright size-full is-resized\"><img decoding=\"async\" data-src=\"https:\/\/www.meydan.tv\/wp-content\/uploads\/2677368.jpeg\" alt=\"\" class=\"wp-image-238676 lazyload\" width=\"383\" height=\"241\" src=\"data:image\/svg+xml;base64,PHN2ZyB3aWR0aD0iMSIgaGVpZ2h0PSIxIiB4bWxucz0iaHR0cDovL3d3dy53My5vcmcvMjAwMC9zdmciPjwvc3ZnPg==\" style=\"--smush-placeholder-width: 383px; --smush-placeholder-aspect-ratio: 383\/241;\" \/><figcaption>Mixail Podolyak. Foto: https:\/\/www.perild.com\/<\/figcaption><\/figure><\/div>\n\n\n\n<p><em>O bildirib ki, bu m\u0259s\u0259l\u0259l\u0259rd\u0259 Ukraynan\u0131n ilk n\u00f6vb\u0259d\u0259 m\u00fctl\u0259q t\u0259hl\u00fck\u0259sizlik t\u0259minatlar\u0131na ehtiyac\u0131 var: &#8220;Ukrayna h\u00fcquqi c\u0259h\u0259td\u0259n t\u0259sdiql\u0259nmi\u015f v\u0259 qeyri-protokol t\u0259hl\u00fck\u0259sizlik z\u0259man\u0259tl\u0259ri il\u0259 neytrall\u0131\u011f\u0131n x\u00fcsusi versiyas\u0131n\u0131 t\u0259l\u0259b edir&#8221;.<\/em><\/p>\n\n\n\n<p><em>&#8220;\u018flb\u0259tt\u0259, biz t\u0259r\u0259fda\u015flar\u0131m\u0131z\u0131n dan\u0131\u015f\u0131qlar prosesind\u0259 f\u0259al t\u0259r\u0259f kimi qalmaq c\u0259hdini ba\u015fa d\u00fc\u015f\u00fcr\u00fck. \u0130sve\u00e7 v\u0259 ya Avstriyan\u0131n neytrall\u0131q modell\u0259ri haqq\u0131nda s\u00f6zl\u0259r buradan gedir. Lakin Ukrayna haz\u0131rda Rusiya il\u0259 birba\u015fa m\u00fcharib\u0259 v\u0259ziyy\u0259tind\u0259dir. Buna g\u00f6r\u0259 d\u0259 model yaln\u0131z &#8220;Ukrayna modeli&#8221; ola bil\u0259r. Bunun da qanunla t\u0259sdiql\u0259nmi\u015f &#8220;t\u0259hl\u00fck\u0259sizlik z\u0259man\u0259tl\u0259ri&#8221; \u0259sas\u0131nda ger\u00e7\u0259kl\u0259\u015fm\u0259si m\u00fcmk\u00fcnd\u00fcr&#8221;, &#8211; dey\u0259 Podolyak bildirib.<\/em><\/p>\n\n\n\n<hr class=\"wp-block-separator\"\/>\n\n\n\n<p><strong>\u00c7avu\u015fo\u011flu: &#8220;T\u00fcrkiy\u0259 Rusiya-Ukrayna m\u00fcharib\u0259sind\u0259 balansl\u0131 m\u00f6vqe tutub&#8221;<br><\/strong><\/p>\n\n\n\n<p><em>&#8220;Ankara Rusiya-Ukrayna b\u00f6hran\u0131n\u0131n lap \u0259vv\u0259lind\u0259n qanunun aliliyini m\u00fcdafi\u0259 ed\u0259r\u0259k ayd\u0131n, balansl\u0131 v\u0259 obyektiv m\u00f6vqe tutdu&#8221;.<\/em><br><\/p>\n\n\n\n<p><em>Bunu mart\u0131n 16-da Moskvada Rusiya xarici i\u015fl\u0259r naziri Sergey Lavrovla dan\u0131\u015f\u0131qlar\u0131 aparan T\u00fcrkiy\u0259nin xarici i\u015fl\u0259r naziri M\u00f6vlud \u00c7avu\u015fo\u011flu <a href=\"https:\/\/www.aa.com.tr\/ru\/%D0%BF%D0%BE%D0%BB%D0%B8%D1%82%D0%B8%D0%BA%D0%B0\/%D1%87%D0%B0%D0%B2%D1%83%D1%88%D0%BE%D0%B3%D0%BB%D1%83-%D1%82%D1%83%D1%80%D1%86%D0%B8%D1%8F-%D0%B7%D0%B0%D0%BD%D0%B8%D0%BC%D0%B0%D0%B5%D1%82-%D1%87%D0%B5%D1%82%D0%BA%D1%83%D1%8E-%D0%BF%D0%BE%D0%B7%D0%B8%D1%86%D0%B8%D1%8E-%D0%BF%D0%BE-%D0%BA%D1%80%D0%B8%D0%B7%D0%B8%D1%81%D1%83-%D0%BC%D0%B5%D0%B6%D0%B4%D1%83-%D1%80%D1%84-%D0%B8-%D1%83%D0%BA%D1%80%D0%B0%D0%B8%D0%BD%D0%BE%D0%B9\/2536915\" target=\"_blank\" rel=\"noreferrer noopener\">deyib<\/a>. <\/em><br><\/p>\n\n\n\n<p><em>M.\u00c7avu\u015fo\u011flu bildirib ki, T\u00fcrkiy\u0259 bo\u011fazlar\u0131n statusu il\u0259 ba\u011fl\u0131 Montr\u00f6 Konvensiyas\u0131na sadiq qalacaq v\u0259 onun m\u00fcdd\u0259alar\u0131na \u0259m\u0259l ed\u0259c\u0259k.<\/em><br><\/p>\n\n\n\n<div class=\"wp-block-image\"><figure class=\"alignleft size-full is-resized\"><img decoding=\"async\" data-src=\"https:\/\/www.meydan.tv\/wp-content\/uploads\/122900036149.jpg\" alt=\"M.\u00c7avu\u015fo\u011flu v\u0259 S.Lavrovun g\u00f6r\u00fc\u015f\u00fc\" class=\"wp-image-154122 lazyload\" width=\"370\" height=\"208\" src=\"data:image\/svg+xml;base64,PHN2ZyB3aWR0aD0iMSIgaGVpZ2h0PSIxIiB4bWxucz0iaHR0cDovL3d3dy53My5vcmcvMjAwMC9zdmciPjwvc3ZnPg==\" style=\"--smush-placeholder-width: 370px; --smush-placeholder-aspect-ratio: 370\/208;\" \/><figcaption>M\u0259nb\u0259: T\u00fcrkiy\u0259 Xarici \u0130\u015fl\u0259r Nazirliyi<\/figcaption><\/figure><\/div>\n\n\n\n<p><em>\u00d6z n\u00f6vb\u0259sind\u0259 S.Lavrov deyib ki, Rusiya il\u0259 T\u00fcrkiy\u0259nin Ukrayna m\u0259s\u0259l\u0259sind\u0259 fikir ayr\u0131l\u0131\u011f\u0131 var: &#8220;Amma Ankaran\u0131n balansl\u0131 m\u00f6vqeyi Rusiya \u00fc\u00e7\u00fcn x\u00fcsusi d\u0259y\u0259r da\u015f\u0131y\u0131r&#8221;.<br><\/em><\/p>\n\n\n\n<p><em>O qeyd edib ki, Rusiya T\u00fcrkiy\u0259nin Montr\u00f6 Konvensiyas\u0131n\u0131n t\u0259l\u0259bl\u0259rin\u0259 m\u0259suliyy\u0259tl\u0259 yana\u015fmas\u0131n\u0131 y\u00fcks\u0259k qiym\u0259tl\u0259ndirir.<\/em><\/p>\n\n\n\n<hr class=\"wp-block-separator\"\/>\n\n\n\n<p><strong>Peskov: &#8220;Ukraynan\u0131n Avstriya v\u0259 ya \u0130sve\u00e7 modelin\u0259 ke\u00e7m\u0259si m\u00fczakir\u0259 olunur&#8221;<\/strong><\/p>\n\n\n\n<p><em>&#8220;Dan\u0131\u015f\u0131qlarda Ukraynan\u0131n h\u0259rbsizl\u0259\u015fdirilmi\u015f d\u00f6vl\u0259t kimi Avstriya v\u0259 ya \u0130sve\u00e7 modelin\u0259 ke\u00e7m\u0259si m\u00fczakir\u0259 olunur&#8221;.<\/em><\/p>\n\n\n\n<p><em>Bunu Rusiya Prezdintinin m\u0259tbuat katibi Dmitri Peskov <a href=\"https:\/\/tass.ru\/politika\/14087473\" target=\"_blank\" rel=\"noreferrer noopener\">deyib<\/a>.<\/em><\/p>\n\n\n\n<p><em>O, bu variant\u0131 kompromis kimi qiym\u0259tl\u0259ndirib.<\/em><\/p>\n\n\n\n<div class=\"wp-block-image\"><figure class=\"alignright size-full is-resized\"><img decoding=\"async\" data-src=\"https:\/\/www.meydan.tv\/wp-content\/uploads\/shutterstock_552887806.jpg\" alt=\"\" class=\"wp-image-234856 lazyload\" width=\"345\" height=\"229\" src=\"data:image\/svg+xml;base64,PHN2ZyB3aWR0aD0iMSIgaGVpZ2h0PSIxIiB4bWxucz0iaHR0cDovL3d3dy53My5vcmcvMjAwMC9zdmciPjwvc3ZnPg==\" style=\"--smush-placeholder-width: 345px; --smush-placeholder-aspect-ratio: 345\/229;\" \/><figcaption>Dmitri Peskov, Foto: ID1974\/shutterstock<\/figcaption><\/figure><\/div>\n\n\n\n<p><em>D.Peskov Ukrayna il\u0259 m\u00fcmk\u00fcn kompromisin \u0130sve\u00e7 versiyas\u0131ndan dan\u0131\u015fmay\u0131b<\/em>.<\/p>\n\n\n\n<p><em>&#8220;M\u0259n t\u0259f\u0259rr\u00fcatlara varmama\u011fa \u00fcst\u00fcnl\u00fck verir\u0259m. Bir daha qeyd etm\u0259k ist\u0259yir\u0259m ki, davam ed\u0259n dan\u0131\u015f\u0131qlar kontekstind\u0259 bu m\u00f6vzunun h\u0259r hans\u0131 \u0259lav\u0259 t\u0259f\u0259rr\u00fcat\u0131 m\u00fcmk\u00fcn deyil&#8221;, &#8211; dey\u0259 o, fikrini izah edib.<\/em><\/p>\n\n\n\n<hr class=\"wp-block-separator\"\/>\n\n\n\n<p><\/p>\n\n\n\n<p><\/p>\n\n\n\n<p><strong>Ukraynada 2 media n\u00fcmay\u0259nd\u0259si h\u0259lak olub<\/strong><\/p>\n\n\n\n<p><em>Ukraynada &#8220;Fox News&#8221; telekanal\u0131n\u0131n operatoru Pierre Zakrjewski \u00f6ld\u00fcr\u00fcl\u00fcb.<\/em><\/p>\n\n\n\n<p><em>Bu bar\u0259d\u0259 &#8220;Euronews&#8221; Amerika televiziya \u015f\u0259b\u0259k\u0259sin\u0259 istinad\u0259n m\u0259lumat <a href=\"https:\/\/ru.euronews.com\/2022\/03\/16\/ukraine-war-day-21-live\" target=\"_blank\" rel=\"noreferrer noopener\">yay\u0131b<\/a>.<\/em><\/p>\n\n\n\n<div class=\"wp-block-image\"><figure class=\"alignleft size-large is-resized\"><img decoding=\"async\" data-src=\"https:\/\/www.meydan.tv\/wp-content\/uploads\/image_from_ios-20-1200x800.jpg\" alt=\"\" class=\"wp-image-238474 lazyload\" width=\"371\" height=\"247\" src=\"data:image\/svg+xml;base64,PHN2ZyB3aWR0aD0iMSIgaGVpZ2h0PSIxIiB4bWxucz0iaHR0cDovL3d3dy53My5vcmcvMjAwMC9zdmciPjwvc3ZnPg==\" style=\"--smush-placeholder-width: 371px; --smush-placeholder-aspect-ratio: 371\/247;\" \/><figcaption>Ukrayna. Foto: Meydan TV<\/figcaption><\/figure><\/div>\n\n\n\n<p><em>&#8220;S\u0259rh\u0259dsiz Reportyorlar&#8221;\u0131n m\u0259lumat\u0131na g\u00f6r\u0259, &#8220;Fox News&#8221; komandas\u0131 il\u0259 i\u015fl\u0259y\u0259n ukraynal\u0131 jurnalist Oleksandra Kuv\u015finova da h\u00fccumda \u00f6l\u00fcb.<\/em><\/p>\n\n\n\n<hr class=\"wp-block-separator\"\/>\n\n\n\n<p><\/p>\n\n\n\n<p><\/p>\n\n\n\n<p><\/p>\n\n\n\n<p><\/p>\n\n\n\n<p>\u201c<strong>Paramount Global\u201d Ukraynaya 1 milyon dollar ian\u0259 edib<\/strong><\/p>\n\n\n\n<p>\u201c<em>Paramount Global\u201d \u015firk\u0259ti Ukraynaya bir milyon dollar humanitar yard\u0131m edib.<\/em><\/p>\n\n\n\n<p><em>Bu haqda \u015firk\u0259tin ba\u015f direktoru Robert Baki\u015f m\u0259lumat <a href=\"https:\/\/variety.com\/2022\/film\/global\/paramount-russia-operations-donation-1235205339\/\" target=\"_blank\" rel=\"noreferrer noopener\">verib<\/a>.<\/em><\/p>\n\n\n\n<p><em>O bildirib ki, \u015firk\u0259t Rusiyada b\u00fct\u00fcn istiqam\u0259tl\u0259rd\u0259 f\u0259aliyy\u0259tini dayand\u0131racaq.<\/em><\/p>\n\n\n\n<p><em>Daha \u00f6nc\u0259 \u201cParamount Pictures\u201d kinostudiyas\u0131 Rusiya prikat\u0131nda \u201cThe Lost City\u201d v\u0259 \u201cSonic the Hedgehog 2\u201d filml\u0259rinin n\u00fcmayi\u015fini <a href=\"https:\/\/d9mc3ts4czbpr.cloudfront.net\/az\/article\/netflix-rusiya-telekanallarini-yayimlamaqdan-imtina-edib\/\" target=\"_blank\" rel=\"noreferrer noopener\">dayand\u0131rm\u0131\u015fd\u0131<\/a>.<\/em><\/p>\n\n\n\n<div class=\"wp-block-image\"><figure class=\"alignright size-full is-resized\"><img decoding=\"async\" data-src=\"https:\/\/www.meydan.tv\/wp-content\/uploads\/shutterstock_1802628085.jpg\" alt=\"\" class=\"wp-image-238658 lazyload\" width=\"334\" height=\"223\" src=\"data:image\/svg+xml;base64,PHN2ZyB3aWR0aD0iMSIgaGVpZ2h0PSIxIiB4bWxucz0iaHR0cDovL3d3dy53My5vcmcvMjAwMC9zdmciPjwvc3ZnPg==\" style=\"--smush-placeholder-width: 334px; --smush-placeholder-aspect-ratio: 334\/223;\" \/><figcaption>\u201cParamount Global\u201d. Foto: rafapress\/shutterstock<\/figcaption><\/figure><\/div>\n\n\n\n<p>\u201c<em>Dig\u0259r f\u0259aliyy\u0259t sah\u0259l\u0259rinin d\u0259 dayand\u0131r\u0131lmas\u0131 m\u00f6vcud m\u00fcqavil\u0259 v\u0259 texniki m\u0259s\u0259l\u0259l\u0259r\u0259 g\u00f6r\u0259 yubayn\u0131r\u201d,- Baki\u015f deyib.<\/em><\/p>\n\n\n\n<p>\u201c<em>Bir \u00e7oxlar\u0131n\u0131z kimi m\u0259n d\u0259 Ukraynan\u0131n da\u011f\u0131d\u0131c\u0131, s\u0259b\u0259bsiz i\u015f\u011fal\u0131n\u0131 diqq\u0259tl\u0259 izl\u0259yir\u0259m. N\u0259tic\u0259d\u0259, ba\u015f ver\u0259n humanitar b\u00f6hran\u0131n Ukraynada, \u015e\u0259rqi Avropada v\u0259 Rusiyan\u0131n \u00f6z\u00fcnd\u0259 milyonlarla insan\u0131n h\u0259yat\u0131na vurdu\u011fu ziyan\u0131n \u015fahidi olmaq \u00fcr\u0259k a\u011fr\u0131d\u0131r\u201d, &#8211; dey\u0259 o vur\u011fulay\u0131b.<\/em><\/p>\n\n\n\n<hr class=\"wp-block-separator\"\/>\n\n\n\n<p><strong>&#8220;Real&#8221; \u201cHam\u0131 Ukrayna il\u0259 birlikd\u0259\u201d kampaniyas\u0131na qo\u015fulub<\/strong><\/p>\n\n\n\n<p><em>\u0130spaniyan\u0131n \u201cReal\u201d klubu ukraynal\u0131lara bir milyon avro ba\u011f\u0131\u015flay\u0131b.<\/em><\/p>\n\n\n\n<p><em>Bu bar\u0259d\u0259 klub \u00f6z\u00fc m\u0259lumat <a href=\"https:\/\/www.meydan.tv\/az\/article\/real-madrid-ukraynalilara-1-milyon-avro-bagisladi\/\" target=\"_blank\" rel=\"noreferrer noopener\">yay\u0131b<\/a>.<\/em><\/p>\n\n\n\n<div class=\"wp-block-image\"><figure class=\"alignleft size-large is-resized\"><img decoding=\"async\" data-src=\"https:\/\/www.meydan.tv\/wp-content\/uploads\/shutterstock_254052985-1190x821.jpg\" alt=\"\" class=\"wp-image-238628 lazyload\" width=\"358\" height=\"246\" src=\"data:image\/svg+xml;base64,PHN2ZyB3aWR0aD0iMSIgaGVpZ2h0PSIxIiB4bWxucz0iaHR0cDovL3d3dy53My5vcmcvMjAwMC9zdmciPjwvc3ZnPg==\" style=\"--smush-placeholder-width: 358px; --smush-placeholder-aspect-ratio: 358\/246;\" \/><figcaption>\u201cReal Madrid\u201d. Foto: dean bertoncelj\/shutterstock<\/figcaption><\/figure><\/div>\n\n\n\n<p><em>Bildirilir ki, klub \u201cReal Madrid\u201d fondunun mart\u0131n 5-d\u0259 ba\u015flatd\u0131\u011f\u0131 \u201cHam\u0131 Ukrayna il\u0259 birlikd\u0259\u201d kampaniyas\u0131na qo\u015fulub. \u201cReal\u201d futbol klubu ukraynal\u0131lar\u0131n ehtiyaclar\u0131n\u0131 y\u00fcng\u00fcll\u0259\u015fdirm\u0259y\u0259 k\u00f6m\u0259k m\u0259qs\u0259diyl\u0259 bir milyon avro \u00f6d\u0259yib.<\/em><br><\/p>\n\n\n\n<p><em>Bundan ba\u015fqa, fond Ukraynadan \u00e7\u0131xan qa\u00e7q\u0131nlar \u00fc\u00e7\u00fcn 13 mind\u0259n \u00e7ox isti idman geyimi ba\u011f\u0131\u015flay\u0131b.<\/em><\/p>\n\n\n\n<hr class=\"wp-block-separator\"\/>\n\n\n\n<p><\/p>\n\n\n\n<p><\/p>\n\n\n\n<p><strong>Ukrayna \u201cRoskosmos\u201dun ba\u015f direktorunu ittiham edir<\/strong><br><\/p>\n\n\n\n<p><em>Ukrayna Ba\u015f Prokurorlu\u011fu Rusiya Federal Kosmik Agentliyinin (\u201cRoskosmos\u201d) ba\u015f direktoru Dmitri Roqozin\u0259 qar\u015f\u0131 ittiham ir\u0259li s\u00fcr\u00fcb.<\/em><br><\/p>\n\n\n\n<div class=\"wp-block-image\"><figure class=\"alignright size-full is-resized\"><img decoding=\"async\" data-src=\"https:\/\/www.meydan.tv\/wp-content\/uploads\/untitled-design-3-13.jpg\" alt=\"\" class=\"wp-image-238624 lazyload\" width=\"367\" height=\"245\" src=\"data:image\/svg+xml;base64,PHN2ZyB3aWR0aD0iMSIgaGVpZ2h0PSIxIiB4bWxucz0iaHR0cDovL3d3dy53My5vcmcvMjAwMC9zdmciPjwvc3ZnPg==\" style=\"--smush-placeholder-width: 367px; --smush-placeholder-aspect-ratio: 367\/245;\" \/><figcaption>Dmitri Roqozin. Foto: https:\/\/gadgets360.com\/<\/figcaption><\/figure><\/div>\n\n\n\n<p><em>Ba\u015f prokuror \u0130rina Venediktova Roqozini Ukraynan\u0131n \u0259razi b\u00fct\u00f6vl\u00fcy\u00fcn\u0259 q\u0259sd etm\u0259kd\u0259, h\u0259m\u00e7inin h\u0259rbi m\u00fcdaxil\u0259y\u0259 \u015f\u0259rik olmaqda ittiham <a href=\"https:\/\/www.facebook.com\/irina.venediktova.31\/posts\/5305669036112655\" target=\"_blank\" rel=\"noreferrer noopener\">edib<\/a>.<br><br>\u201cRoskosmos\u201dun ba\u015f direktoru daha \u00f6nc\u0259 Rusiyan\u0131n Ukraynada ba\u015flatd\u0131\u011f\u0131 h\u0259rbi \u0259m\u0259liyyatlara d\u0259st\u0259k oldu\u011funu <a href=\"https:\/\/ria.ru\/20220310\/ukraina-1777436794.html\" target=\"_blank\" rel=\"noreferrer noopener\">bildirmi\u015fdi<\/a>.<\/em><\/p>\n\n\n\n<hr class=\"wp-block-separator\"\/>\n\n\n\n<p><\/p>\n\n\n\n<p><strong>BMT: &#8220;Ukraynan\u0131 3 milyon insan t\u0259rk edib&#8221;<\/strong><br><\/p>\n\n\n\n<p><em>Ukraynan\u0131 t\u0259rk ed\u0259nl\u0259rin say\u0131 3 milyona \u00e7at\u0131b.<\/em><br><\/p>\n\n\n\n<p><em>Bu bar\u0259d\u0259 martln 15-d\u0259 Birl\u0259\u015fmi\u015f Mill\u0259tl\u0259r T\u0259\u015fkilat\u0131n\u0131n Qa\u00e7q\u0131nlar \u00fczr\u0259 Ali Komissarl\u0131\u011f\u0131n\u0131n \u0130dar\u0259si m\u0259lumat <a href=\"https:\/\/ru.euronews.com\/2022\/03\/15\/ukraine-refugees-un\" target=\"_blank\" rel=\"noreferrer noopener\">yay\u0131b<\/a>.<\/em><br><\/p>\n\n\n\n<div class=\"wp-block-image\"><figure class=\"alignleft size-full is-resized\"><img decoding=\"async\" data-src=\"https:\/\/www.meydan.tv\/wp-content\/uploads\/shutterstock_2131279401.jpg\" alt=\"\" class=\"wp-image-238605 lazyload\" width=\"377\" height=\"251\" src=\"data:image\/svg+xml;base64,PHN2ZyB3aWR0aD0iMSIgaGVpZ2h0PSIxIiB4bWxucz0iaHR0cDovL3d3dy53My5vcmcvMjAwMC9zdmciPjwvc3ZnPg==\" style=\"--smush-placeholder-width: 377px; --smush-placeholder-aspect-ratio: 377\/251;\" \/><figcaption>Ukraynal\u0131 qa\u00e7q\u0131nlar. Foto: Yanosh Nemesh\/shutterstock<\/figcaption><\/figure><\/div>\n\n\n\n<p><em>T\u0259\u015fkilat ger\u00e7\u0259k v\u0259ziyy\u0259tin g\u00f6st\u0259ril\u0259n r\u0259q\u0259md\u0259n daha \u00e7ox oldu\u011funu bildirib: <\/em><\/p>\n\n\n\n<p><em>&#8220;Biz ev sahibi olan \u00f6lk\u0259l\u0259rin t\u0259qdim etdiyi m\u0259lumatlara \u0259saslan\u0131r\u0131q ki, onlar da h\u0259mi\u015f\u0259 tam v\u0259 vaxt\u0131nda olmur&#8221;.<\/em><br><\/p>\n\n\n\n<p><em>T\u0259\u015fkilat qa\u00e7q\u0131nlar\u0131n 1.4 milyonunun u\u015faq oldu\u011funu qeyd edib.<\/em><\/p>\n\n\n\n<p><\/p>\n\n\n\n<p><\/p>\n\n\n\n<p><\/p>\n\n\n\n<hr class=\"wp-block-separator\"\/>\n\n\n\n<p><\/p>\n\n\n\n<p><\/p>\n\n\n\n<p><\/p>\n\n\n\n<p><strong>&#8220;Kompromis \u0259ld\u0259 etm\u0259k \u00fc\u00e7\u00fcn m\u00fc\u0259yy\u0259n \u00fcmid var&#8221;<\/strong><\/p>\n\n\n\n<p><br>&#8220;<em>Ukrayna il\u0259 dan\u0131\u015f\u0131qlar yax\u015f\u0131 getmir, lakin kompromis \u00fc\u00e7\u00fcn m\u00fc\u0259yy\u0259n \u00fcmidl\u0259r var&#8221;.<\/em><br><\/p>\n\n\n\n<p><em>Bunu Rusiyan\u0131n Xarici i\u015fl\u0259r naziri Sergey Lavrov RBC kanal\u0131na m\u00fcsahib\u0259sind\u0259 <a href=\"https:\/\/www.rbc.ru\/politics\/16\/03\/2022\/62319c6f9a794746c6416e82?from=newsfeed\" target=\"_blank\" rel=\"noreferrer noopener\">s\u00f6yl\u0259yib<\/a>.<\/em><br><\/p>\n\n\n\n<div class=\"wp-block-image\"><figure class=\"alignright size-large is-resized\"><img decoding=\"async\" data-src=\"https:\/\/www.meydan.tv\/wp-content\/uploads\/image_from_ios_gbxriqv-scaled-e1642167591848-1200x675.jpg\" alt=\"Sergey Lavrov\" class=\"wp-image-151367 lazyload\" width=\"400\" height=\"225\" src=\"data:image\/svg+xml;base64,PHN2ZyB3aWR0aD0iMSIgaGVpZ2h0PSIxIiB4bWxucz0iaHR0cDovL3d3dy53My5vcmcvMjAwMC9zdmciPjwvc3ZnPg==\" style=\"--smush-placeholder-width: 400px; --smush-placeholder-aspect-ratio: 400\/225;\" \/><figcaption>Source: Meydan TV<\/figcaption><\/figure><\/div>\n\n\n\n<p>&#8220;<em>M\u0259n dan\u0131\u015f\u0131qlar\u0131 aparanlar\u0131n verdiyi qiym\u0259tl\u0259ri r\u0259hb\u0259r tuturam. Onlar b\u0259yan edirl\u0259r ki, dan\u0131\u015f\u0131qlar m\u0259lum s\u0259b\u0259bl\u0259r\u0259 g\u00f6r\u0259 yax\u015f\u0131 getmir, lakin buna baxmayaraq, kompromis \u0259ld\u0259 etm\u0259k \u00fc\u00e7\u00fcn m\u00fc\u0259yy\u0259n \u00fcmid var\u201d, &#8211; Lavrov bildirib.<\/em><\/p>\n\n\n\n<p><\/p>\n\n\n\n<p><\/p>\n\n\n\n<p><\/p>\n\n\n\n<p><\/p>\n\n\n\n<hr class=\"wp-block-separator\"\/>\n\n\n\n<p><\/p>\n\n\n\n<p><strong>Medinski: &#8220;S\u00fclh\u0259 tezlikl\u0259 nail olma\u011fa \u00e7al\u0131\u015f\u0131r\u0131q&#8221;<\/strong><\/p>\n\n\n\n<p><em>Rusiya Prezidentinin k\u00f6m\u0259k\u00e7isi Vladimir Medinski is\u0259 Ukrayna il\u0259 dan\u0131\u015f\u0131qlar\u0131n a\u011f\u0131r v\u0259 l\u0259ng getdiyini <a href=\"https:\/\/tass.ru\/politika\/14085741\" target=\"_blank\" rel=\"noreferrer noopener\">bildirib<\/a>.<\/em><\/p>\n\n\n\n<p><em>O, Rusiyan\u0131n s\u0259mimi \u015f\u0259kild\u0259 s\u00fclh\u0259 tezlikl\u0259 nail olma\u011fa \u00e7al\u0131\u015fd\u0131\u011f\u0131n\u0131 vur\u011fulay\u0131b.<\/em><\/p>\n\n\n\n<div class=\"wp-block-image\"><figure class=\"alignleft size-large is-resized\"><img decoding=\"async\" data-src=\"https:\/\/www.meydan.tv\/wp-content\/uploads\/h23g7irh4bovfc6x3yju5sxjf4-1176x821.jpg\" alt=\"\" class=\"wp-image-238585 lazyload\" width=\"389\" height=\"271\" src=\"data:image\/svg+xml;base64,PHN2ZyB3aWR0aD0iMSIgaGVpZ2h0PSIxIiB4bWxucz0iaHR0cDovL3d3dy53My5vcmcvMjAwMC9zdmciPjwvc3ZnPg==\" style=\"--smush-placeholder-width: 389px; --smush-placeholder-aspect-ratio: 389\/271;\" \/><figcaption>Foto: Reuters<\/figcaption><\/figure><\/div>\n\n\n\n<p><em>&#8220;Bizim \u0259sas v\u0259zif\u0259miz \u00e7oxlu sayda m\u00fcr\u0259kk\u0259b m\u0259s\u0259l\u0259l\u0259r aras\u0131nda raz\u0131la\u015fa bil\u0259c\u0259yiniz m\u0259qamlar\u0131 tapmaq, onlara arxalanmaqd\u0131r. Ard\u0131nca, bunlar\u0131 g\u00fcnd\u0259m\u0259 g\u0259tirm\u0259k v\u0259 bel\u0259likl\u0259, t\u0259dric\u0259n, add\u0131m-add\u0131m n\u0259tic\u0259y\u0259 do\u011fru ir\u0259lil\u0259m\u0259kdir\u201d, &#8211; dey\u0259 Vladimir Medinski s\u00f6yl\u0259yib.<\/em><\/p>\n\n\n\n<hr class=\"wp-block-separator\"\/>\n\n\n\n<p><\/p>\n\n\n\n<p><\/p>\n\n\n\n<p><\/p>\n\n\n\n<p><strong>AB\u015e Senat\u0131 Putini &#8220;h\u0259rbi cinay\u0259tkar&#8221; adland\u0131rd\u0131<\/strong><br><\/p>\n\n\n\n<p>AB\u015e Senat\u0131 Rusiya Prezidentini h\u0259rbi cinay\u0259tkar adland\u0131ran q\u0259tnam\u0259 q\u0259bul edib<br><\/p>\n\n\n\n<p>Respublika\u00e7\u0131lar\u0131n t\u0259\u015f\u0259bb\u00fcs\u00fcyl\u0259 20-d\u0259n \u00e7ox senator t\u0259r\u0259find\u0259n t\u0259qdim edil\u0259n q\u0259tnam\u0259 yekdillikl\u0259 q\u0259bul <a href=\"https:\/\/www.aa.com.tr\/ru\/%D0%BC%D0%B8%D1%80\/%D1%81%D0%B5%D0%BD%D0%B0%D1%82-%D1%81%D1%88%D0%B0-%D0%B5%D0%B4%D0%B8%D0%BD%D0%BE%D0%B3%D0%BB%D0%B0%D1%81%D0%BD%D0%BE-%D0%BE%D1%81%D1%83%D0%B4%D0%B8%D0%BB-%D0%BF%D1%83%D1%82%D0%B8%D0%BD%D0%B0-%D0%BA%D0%B0%D0%BA-%D0%B2%D0%BE%D0%B5%D0%BD%D0%BD%D0%BE%D0%B3%D0%BE-%D0%BF%D1%80%D0%B5%D1%81%D1%82%D1%83%D0%BF%D0%BD%D0%B8%D0%BA%D0%B0\/2536453\" target=\"_blank\" rel=\"noreferrer noopener\">edilib<\/a>.<br><\/p>\n\n\n\n<p>Q\u0259tnam\u0259d\u0259 Vladimir Putinin Ukraynaya qar\u015f\u0131 t\u00f6r\u0259tdiyi h\u0259rbi cinay\u0259tl\u0259r\u0259 g\u00f6r\u0259 t\u0259hqiqat apar\u0131lmas\u0131 qeyd olunub.<br><\/p>\n\n\n\n<div class=\"wp-block-image\"><figure class=\"alignright size-full is-resized\"><img decoding=\"async\" data-src=\"https:\/\/www.meydan.tv\/wp-content\/uploads\/1606328334_680de8cd-7e5a-4b26-94cd-432cb2508517.jpg\" alt=\"Fransa Senat\u0131\" class=\"wp-image-152135 lazyload\" width=\"407\" height=\"228\" src=\"data:image\/svg+xml;base64,PHN2ZyB3aWR0aD0iMSIgaGVpZ2h0PSIxIiB4bWxucz0iaHR0cDovL3d3dy53My5vcmcvMjAwMC9zdmciPjwvc3ZnPg==\" style=\"--smush-placeholder-width: 407px; --smush-placeholder-aspect-ratio: 407\/228;\" \/><figcaption>Foto: Reuters<\/figcaption><\/figure><\/div>\n\n\n\n<p>Qeyd olunur ki, Senat Vladimir Putinin r\u0259hb\u0259rliyi alt\u0131nda Rusiya silahl\u0131 q\u00fcvv\u0259l\u0259rinin t\u00f6r\u0259tdiyi \u201czorak\u0131l\u0131q, h\u0259rbi cinay\u0259tl\u0259r, insanl\u0131q \u0259leyhin\u0259 cinay\u0259tl\u0259ri\u201d q\u0259ti \u015f\u0259kild\u0259 pisl\u0259yir.<br><\/p>\n\n\n\n<p>Senat beyn\u0259lxalq cinay\u0259t m\u0259hk\u0259m\u0259l\u0259rini Putini, Rusiya T\u0259hl\u00fck\u0259sizlik \u015euras\u0131n\u0131 v\u0259 h\u0259rbi r\u0259hb\u0259rl\u0259ri m\u00fcmk\u00fcn h\u0259rbi cinay\u0259tl\u0259r\u0259 g\u00f6r\u0259 ara\u015fd\u0131rmaya \u00e7a\u011f\u0131r\u0131r.<br><\/p>\n\n\n\n<hr class=\"wp-block-separator\"\/>\n\n\n\n<p><strong>Avropa \u015euras\u0131 Rusiyan\u0131n t\u0259\u015fkilatdan \u00e7\u0131xar\u0131lmas\u0131n\u0131 t\u0259l\u0259b ed\u0259n layih\u0259ni q\u0259bul etdi<\/strong><br><\/p>\n\n\n\n<p>Avropa \u015euras\u0131 Parlament Assambleyas\u0131 Rusiyan\u0131n t\u0259\u015fkilatdan d\u0259rhal \u00e7\u0131xar\u0131lmas\u0131n\u0131 t\u0259l\u0259b ed\u0259n layih\u0259sini yekdillikl\u0259 q\u0259bul <a href=\"https:\/\/meduza.io\/news\/2022\/03\/16\/pase-progolosovala-za-isklyuchenie-rossii-iz-soveta-evropy\" target=\"_blank\" rel=\"noreferrer noopener\">edib<\/a>.<br><\/p>\n\n\n\n<div class=\"wp-block-image\"><figure class=\"alignleft size-full is-resized\"><img decoding=\"async\" data-src=\"https:\/\/www.meydan.tv\/wp-content\/uploads\/shutterstock_1837905172.jpg\" alt=\"\" class=\"wp-image-237841 lazyload\" width=\"409\" height=\"272\" src=\"data:image\/svg+xml;base64,PHN2ZyB3aWR0aD0iMSIgaGVpZ2h0PSIxIiB4bWxucz0iaHR0cDovL3d3dy53My5vcmcvMjAwMC9zdmciPjwvc3ZnPg==\" style=\"--smush-placeholder-width: 409px; --smush-placeholder-aspect-ratio: 409\/272;\" \/><figcaption>Avropa \u015euras\u0131 v\u0259 Rusiya. Foto: maradon 333\/shutterstock<\/figcaption><\/figure><\/div>\n\n\n\n<p>Assambleyan\u0131n yayd\u0131\u011f\u0131 m\u0259lumatda deyilir ki, Rusiya t\u0259\u015fkilat\u0131n nizamnam\u0259sini kobud \u015f\u0259kild\u0259 pozub. Bundan sonra bu \u00f6lk\u0259 Avropa \u015euras\u0131n\u0131n \u00fczv\u00fc ola bilm\u0259z: &#8220;H\u0259m\u00e7inin \u015fura qar\u015f\u0131s\u0131nda \u00f6hd\u0259likl\u0259rini yerin\u0259 yetirmir&#8221;.<br><\/p>\n\n\n\n<p>Assambleyan\u0131n 216 n\u00fcmay\u0259nd\u0259si layih\u0259nin lehin\u0259 s\u0259s verib, \u00fc\u00e7\u00fc is\u0259 bit\u0259r\u0259f qal\u0131b. He\u00e7 kim \u0259leyhin\u0259 s\u0259s verm\u0259yib.<br><\/p>\n\n\n\n<hr class=\"wp-block-separator\"\/>\n\n\n\n<p><\/p>\n\n\n\n<p><strong>Rusiya Ukraynan\u0131n h\u0259rbi anbar\u0131n\u0131 m\u0259hv etdiyini deyir<br><\/strong><\/p>\n\n\n\n<p>Rusiya Ukraynan\u0131n h\u0259rbi anbar\u0131n\u0131 m\u0259hv etdiyini <a href=\"https:\/\/tass.ru\/armiya-i-opk\/14083615\" target=\"_blank\" rel=\"noreferrer noopener\">a\u00e7\u0131qlay\u0131b<\/a><br><\/p>\n\n\n\n<div class=\"wp-block-image\"><figure class=\"alignright size-full is-resized\"><img decoding=\"async\" data-src=\"https:\/\/www.meydan.tv\/wp-content\/uploads\/shutterstock_2122340999.jpg\" alt=\"\" class=\"wp-image-238374 lazyload\" width=\"453\" height=\"255\" src=\"data:image\/svg+xml;base64,PHN2ZyB3aWR0aD0iMSIgaGVpZ2h0PSIxIiB4bWxucz0iaHR0cDovL3d3dy53My5vcmcvMjAwMC9zdmciPjwvc3ZnPg==\" style=\"--smush-placeholder-width: 453px; --smush-placeholder-aspect-ratio: 453\/255;\" \/><figcaption>Ukrayna-Rusiya. Foto: Tomasz Makowski\/shutterstock<\/figcaption><\/figure><\/div>\n\n\n\n<p>Rusiya M\u00fcdafi\u0259 Nazirliyi \u00c7erniqov vilay\u0259tind\u0259 sursat anbarlar\u0131n\u0131n, silah-sursat v\u0259 h\u0259rbi texnikan\u0131n m\u0259hv edildiyini bildirib.<br><\/p>\n\n\n\n<p>Nazirlik bildirib ki, Silahl\u0131 Q\u00fcvv\u0259l\u0259rin artilleriya b\u00f6lm\u0259si at\u0259\u015f tap\u015f\u0131r\u0131\u011f\u0131n\u0131 yerin\u0259 yetir\u0259rk\u0259n d\u0259qiq z\u0259rb\u0259 il\u0259 raket v\u0259 artilleriya silahlar\u0131n\u0131n birl\u0259\u015fmi\u015f anbar\u0131n\u0131 v\u0259 20-d\u0259k h\u0259rbi texnika v\u0259 silah\u0131 m\u0259hv edib.<br><\/p>\n\n\n\n<hr class=\"wp-block-separator\"\/>\n\n\n\n<p>&#8220;Forbes&#8221; jurnal\u0131 Rusiyan\u0131 qism\u0259n v\u0259 ya tamamil\u0259 t\u0259rk ed\u0259n \u015firk\u0259tl\u0259rin \u00f6lk\u0259d\u0259 200 mind\u0259n \u00e7ox insan\u0131 i\u015fl\u0259 t\u0259min etdiyini hesablay\u0131b.<br>10 mind\u0259n \u00e7ox rusiyal\u0131 turist \u00f6lk\u0259y\u0259 qay\u0131da bilm\u0259y\u0259c\u0259yini <a href=\"https:\/\/meduza.io\/live\/2022\/03\/16\/voyna\" target=\"_blank\" rel=\"noreferrer noopener\">bildirib<\/a>.<\/p>\n\n\n\n<p><strong>Xat\u0131rlatma<\/strong><\/p>\n\n\n\n<p>Rusiya fevral\u0131n 24-d\u0259 Ukraynaya h\u00fccum edib.<\/p>\n\n\n\n<p>Ondan 2 g\u00fcn \u00f6nc\u0259 is\u0259 Rusiya Prezidenti Vladimir Putin a\u00e7\u0131qlama ver\u0259r\u0259k Ukraynan\u0131n \u015f\u0259rqind\u0259ki separat\u00e7\u0131 qurumlar\u0131 tan\u0131d\u0131\u011f\u0131n\u0131 b\u0259yan edib.<\/p>\n\n\n\n<p>Ukrayna, Q\u0259rb liderl\u0259ri h\u00fccumu pisl\u0259yib, Putinin buna g\u00f6r\u0259 cavab ver\u0259c\u0259yini bildiribl\u0259r.<\/p>\n\n\n\n<p>Bundan sonra Avropa Birliyi \u00f6lk\u0259l\u0259rind\u0259n, el\u0259c\u0259 d\u0259 AB\u015e-dan Rusiyaya qar\u015f\u0131 sanksiyalar g\u0259lm\u0259y\u0259 ba\u015flay\u0131b.<\/p>\n\n\n\n<p>Sanksiya t\u0259tbiq edil\u0259n 600-d\u0259n \u00e7ox \u015f\u0259xsin i\u00e7ind\u0259 oliqarxlar, y\u00fcks\u0259k r\u00fctb\u0259li h\u0259rb\u00e7il\u0259r, \u015firk\u0259t sahibl\u0259ri, biznesmenl\u0259rl\u0259 yana\u015f\u0131, Rusiya Prezidenti Vladimir Putin v\u0259 xarici i\u015fl\u0259r naziri Sergey Lavrov da var.<\/p>\n","protected":false},"excerpt":{"rendered":"<p>Melitopol \u015f\u0259h\u0259rinin meri azad edilib \u201c\u0130van Fedorov art\u0131q t\u0259hl\u00fck\u0259sizlikd\u0259dir\u201d Melitopol &#8230; <\/p>\n<p class=\"read-more-container\"><a title=\"Rusiyan\u0131n Ukraynaya h\u0259rbi m\u00fcdaxil\u0259sinin 21-ci g\u00fcn\u00fc\" class=\"read-more button\" href=\"https:\/\/www.meydan.tv\/az\/article\/rusiyanin-ukraynaya-herbi-mudaxilesinin-21-ci-gunu\/#more-238540\" aria-label=\"Read more about Rusiyan\u0131n Ukraynaya h\u0259rbi m\u00fcdaxil\u0259sinin 21-ci g\u00fcn\u00fc\">Davam\u0131<\/a><\/p>\n","protected":false},"author":8,"featured_media":238589,"comment_status":"closed","ping_status":"closed","sticky":false,"template":"","format":"standard","meta":{"_acf_changed":false,"_sitemap_exclude":false,"_sitemap_priority":"","_sitemap_frequency":"","footnotes":""},"categories":[88,63,56],"tags":[],"class_list":["post-238540","post","type-post","status-publish","format-standard","has-post-thumbnail","hentry","category-redaktor-secimi","category-video-2","category-xeberler","infinite-scroll-item","generate-columns","tablet-grid-50","mobile-grid-100","grid-parent","grid-33","no-featured-image-padding"],"acf":[],"yoast_head":"<!-- This site is optimized with the Yoast SEO plugin v27.5 - https:\/\/yoast.com\/product\/yoast-seo-wordpress\/ -->\n<title>Rusiyan\u0131n Ukraynaya h\u0259rbi m\u00fcdaxil\u0259sinin 21-ci g\u00fcn\u00fc - MEYDAN.TV<\/title>\n<meta name=\"robots\" content=\"index, follow, max-snippet:-1, max-image-preview:large, max-video-preview:-1\" \/>\n<link rel=\"canonical\" href=\"https:\/\/www.meydan.tv\/az\/article\/rusiyanin-ukraynaya-herbi-mudaxilesinin-21-ci-gunu\/\" \/>\n<meta property=\"og:locale\" content=\"az_AZ\" \/>\n<meta property=\"og:type\" content=\"article\" \/>\n<meta property=\"og:title\" content=\"Rusiyan\u0131n Ukraynaya h\u0259rbi m\u00fcdaxil\u0259sinin 21-ci g\u00fcn\u00fc - MEYDAN.TV\" \/>\n<meta property=\"og:description\" content=\"Melitopol \u015f\u0259h\u0259rinin meri azad edilib \u201c\u0130van Fedorov art\u0131q t\u0259hl\u00fck\u0259sizlikd\u0259dir\u201d Melitopol ... Davam\u0131\" \/>\n<meta property=\"og:url\" content=\"https:\/\/www.meydan.tv\/az\/article\/rusiyanin-ukraynaya-herbi-mudaxilesinin-21-ci-gunu\/\" \/>\n<meta property=\"og:site_name\" content=\"MEYDAN.TV\" \/>\n<meta property=\"article:published_time\" content=\"2022-03-16T09:44:38+00:00\" \/>\n<meta property=\"article:modified_time\" content=\"2022-03-29T08:37:18+00:00\" \/>\n<meta property=\"og:image\" content=\"https:\/\/www.meydan.tv\/wp-content\/uploads\/shutterstock_2132233077.jpg\" \/>\n\t<meta property=\"og:image:width\" content=\"1200\" \/>\n\t<meta property=\"og:image:height\" content=\"800\" \/>\n\t<meta property=\"og:image:type\" content=\"image\/jpeg\" \/>\n<meta name=\"author\" content=\"elli\" \/>\n<meta name=\"twitter:card\" content=\"summary_large_image\" \/>\n<meta name=\"twitter:creator\" content=\"@elli\" \/>\n<script type=\"application\/ld+json\" class=\"yoast-schema-graph\">{\"@context\":\"https:\\\/\\\/schema.org\",\"@graph\":[{\"@type\":\"Article\",\"@id\":\"https:\\\/\\\/www.meydan.tv\\\/az\\\/article\\\/rusiyanin-ukraynaya-herbi-mudaxilesinin-21-ci-gunu\\\/#article\",\"isPartOf\":{\"@id\":\"https:\\\/\\\/www.meydan.tv\\\/az\\\/article\\\/rusiyanin-ukraynaya-herbi-mudaxilesinin-21-ci-gunu\\\/\"},\"author\":{\"name\":\"elli\",\"@id\":\"https:\\\/\\\/www.meydan.tv\\\/az\\\/#\\\/schema\\\/person\\\/9cdbecf90d17180ce1dfbd95b08dcf47\"},\"headline\":\"Rusiyan\u0131n Ukraynaya h\u0259rbi m\u00fcdaxil\u0259sinin 21-ci g\u00fcn\u00fc\",\"datePublished\":\"2022-03-16T09:44:38+00:00\",\"dateModified\":\"2022-03-29T08:37:18+00:00\",\"mainEntityOfPage\":{\"@id\":\"https:\\\/\\\/www.meydan.tv\\\/az\\\/article\\\/rusiyanin-ukraynaya-herbi-mudaxilesinin-21-ci-gunu\\\/\"},\"wordCount\":1976,\"publisher\":{\"@id\":\"https:\\\/\\\/www.meydan.tv\\\/az\\\/#organization\"},\"image\":{\"@id\":\"https:\\\/\\\/www.meydan.tv\\\/az\\\/article\\\/rusiyanin-ukraynaya-herbi-mudaxilesinin-21-ci-gunu\\\/#primaryimage\"},\"thumbnailUrl\":\"https:\\\/\\\/www.meydan.tv\\\/wp-content\\\/uploads\\\/shutterstock_2132233077.jpg\",\"articleSection\":[\"Redaktor se\u00e7imi\",\"Video\",\"X\u0259b\u0259rl\u0259r\"],\"inLanguage\":\"az\"},{\"@type\":\"WebPage\",\"@id\":\"https:\\\/\\\/www.meydan.tv\\\/az\\\/article\\\/rusiyanin-ukraynaya-herbi-mudaxilesinin-21-ci-gunu\\\/\",\"url\":\"https:\\\/\\\/www.meydan.tv\\\/az\\\/article\\\/rusiyanin-ukraynaya-herbi-mudaxilesinin-21-ci-gunu\\\/\",\"name\":\"Rusiyan\u0131n Ukraynaya h\u0259rbi m\u00fcdaxil\u0259sinin 21-ci g\u00fcn\u00fc - MEYDAN.TV\",\"isPartOf\":{\"@id\":\"https:\\\/\\\/www.meydan.tv\\\/az\\\/#website\"},\"primaryImageOfPage\":{\"@id\":\"https:\\\/\\\/www.meydan.tv\\\/az\\\/article\\\/rusiyanin-ukraynaya-herbi-mudaxilesinin-21-ci-gunu\\\/#primaryimage\"},\"image\":{\"@id\":\"https:\\\/\\\/www.meydan.tv\\\/az\\\/article\\\/rusiyanin-ukraynaya-herbi-mudaxilesinin-21-ci-gunu\\\/#primaryimage\"},\"thumbnailUrl\":\"https:\\\/\\\/www.meydan.tv\\\/wp-content\\\/uploads\\\/shutterstock_2132233077.jpg\",\"datePublished\":\"2022-03-16T09:44:38+00:00\",\"dateModified\":\"2022-03-29T08:37:18+00:00\",\"breadcrumb\":{\"@id\":\"https:\\\/\\\/www.meydan.tv\\\/az\\\/article\\\/rusiyanin-ukraynaya-herbi-mudaxilesinin-21-ci-gunu\\\/#breadcrumb\"},\"inLanguage\":\"az\",\"potentialAction\":[{\"@type\":\"ReadAction\",\"target\":[\"https:\\\/\\\/www.meydan.tv\\\/az\\\/article\\\/rusiyanin-ukraynaya-herbi-mudaxilesinin-21-ci-gunu\\\/\"]}]},{\"@type\":\"ImageObject\",\"inLanguage\":\"az\",\"@id\":\"https:\\\/\\\/www.meydan.tv\\\/az\\\/article\\\/rusiyanin-ukraynaya-herbi-mudaxilesinin-21-ci-gunu\\\/#primaryimage\",\"url\":\"https:\\\/\\\/www.meydan.tv\\\/wp-content\\\/uploads\\\/shutterstock_2132233077.jpg\",\"contentUrl\":\"https:\\\/\\\/www.meydan.tv\\\/wp-content\\\/uploads\\\/shutterstock_2132233077.jpg\",\"width\":1200,\"height\":800,\"caption\":\"Ukrayna. Foto: SV_zt\\\/shutterstock\"},{\"@type\":\"BreadcrumbList\",\"@id\":\"https:\\\/\\\/www.meydan.tv\\\/az\\\/article\\\/rusiyanin-ukraynaya-herbi-mudaxilesinin-21-ci-gunu\\\/#breadcrumb\",\"itemListElement\":[{\"@type\":\"ListItem\",\"position\":1,\"name\":\"Ana s\u0259hif\u0259\",\"item\":\"https:\\\/\\\/www.meydan.tv\\\/az\\\/\"},{\"@type\":\"ListItem\",\"position\":2,\"name\":\"Redaktor se\u00e7imi\",\"item\":\"https:\\\/\\\/www.meydan.tv\\\/az\\\/section\\\/redaktor-secimi\\\/\"},{\"@type\":\"ListItem\",\"position\":3,\"name\":\"Rusiyan\u0131n Ukraynaya h\u0259rbi m\u00fcdaxil\u0259sinin 21-ci g\u00fcn\u00fc\"}]},{\"@type\":\"WebSite\",\"@id\":\"https:\\\/\\\/www.meydan.tv\\\/az\\\/#website\",\"url\":\"https:\\\/\\\/www.meydan.tv\\\/az\\\/\",\"name\":\"MEYDAN.TV\",\"description\":\"Meydan TV Az\u0259rbaycan\u0131n media m\u0259kan\u0131ndak\u0131 alternativ s\u0259sidir\",\"publisher\":{\"@id\":\"https:\\\/\\\/www.meydan.tv\\\/az\\\/#organization\"},\"potentialAction\":[{\"@type\":\"SearchAction\",\"target\":{\"@type\":\"EntryPoint\",\"urlTemplate\":\"https:\\\/\\\/www.meydan.tv\\\/az\\\/?s={search_term_string}\"},\"query-input\":{\"@type\":\"PropertyValueSpecification\",\"valueRequired\":true,\"valueName\":\"search_term_string\"}}],\"inLanguage\":\"az\"},{\"@type\":\"Organization\",\"@id\":\"https:\\\/\\\/www.meydan.tv\\\/az\\\/#organization\",\"name\":\"Meydan TV\",\"url\":\"https:\\\/\\\/www.meydan.tv\\\/az\\\/\",\"logo\":{\"@type\":\"ImageObject\",\"inLanguage\":\"az\",\"@id\":\"https:\\\/\\\/www.meydan.tv\\\/az\\\/#\\\/schema\\\/logo\\\/image\\\/\",\"url\":\"https:\\\/\\\/www.meydan.tv\\\/wp-content\\\/uploads\\\/2021\\\/07\\\/meydan-logo.svg\",\"contentUrl\":\"https:\\\/\\\/www.meydan.tv\\\/wp-content\\\/uploads\\\/2021\\\/07\\\/meydan-logo.svg\",\"width\":195,\"height\":46,\"caption\":\"Meydan TV\"},\"image\":{\"@id\":\"https:\\\/\\\/www.meydan.tv\\\/az\\\/#\\\/schema\\\/logo\\\/image\\\/\"}},{\"@type\":\"Person\",\"@id\":\"https:\\\/\\\/www.meydan.tv\\\/az\\\/#\\\/schema\\\/person\\\/9cdbecf90d17180ce1dfbd95b08dcf47\",\"name\":\"elli\",\"sameAs\":[\"https:\\\/\\\/x.com\\\/elli\"]}]}<\/script>\n<!-- \/ Yoast SEO plugin. -->","yoast_head_json":{"title":"Rusiyan\u0131n Ukraynaya h\u0259rbi m\u00fcdaxil\u0259sinin 21-ci g\u00fcn\u00fc - MEYDAN.TV","robots":{"index":"index","follow":"follow","max-snippet":"max-snippet:-1","max-image-preview":"max-image-preview:large","max-video-preview":"max-video-preview:-1"},"canonical":"https:\/\/www.meydan.tv\/az\/article\/rusiyanin-ukraynaya-herbi-mudaxilesinin-21-ci-gunu\/","og_locale":"az_AZ","og_type":"article","og_title":"Rusiyan\u0131n Ukraynaya h\u0259rbi m\u00fcdaxil\u0259sinin 21-ci g\u00fcn\u00fc - MEYDAN.TV","og_description":"Melitopol \u015f\u0259h\u0259rinin meri azad edilib \u201c\u0130van Fedorov art\u0131q t\u0259hl\u00fck\u0259sizlikd\u0259dir\u201d Melitopol ... Davam\u0131","og_url":"https:\/\/www.meydan.tv\/az\/article\/rusiyanin-ukraynaya-herbi-mudaxilesinin-21-ci-gunu\/","og_site_name":"MEYDAN.TV","article_published_time":"2022-03-16T09:44:38+00:00","article_modified_time":"2022-03-29T08:37:18+00:00","og_image":[{"width":1200,"height":800,"url":"https:\/\/www.meydan.tv\/wp-content\/uploads\/shutterstock_2132233077.jpg","type":"image\/jpeg"}],"author":"elli","twitter_card":"summary_large_image","twitter_creator":"@elli","schema":{"@context":"https:\/\/schema.org","@graph":[{"@type":"Article","@id":"https:\/\/www.meydan.tv\/az\/article\/rusiyanin-ukraynaya-herbi-mudaxilesinin-21-ci-gunu\/#article","isPartOf":{"@id":"https:\/\/www.meydan.tv\/az\/article\/rusiyanin-ukraynaya-herbi-mudaxilesinin-21-ci-gunu\/"},"author":{"name":"elli","@id":"https:\/\/www.meydan.tv\/az\/#\/schema\/person\/9cdbecf90d17180ce1dfbd95b08dcf47"},"headline":"Rusiyan\u0131n Ukraynaya h\u0259rbi m\u00fcdaxil\u0259sinin 21-ci g\u00fcn\u00fc","datePublished":"2022-03-16T09:44:38+00:00","dateModified":"2022-03-29T08:37:18+00:00","mainEntityOfPage":{"@id":"https:\/\/www.meydan.tv\/az\/article\/rusiyanin-ukraynaya-herbi-mudaxilesinin-21-ci-gunu\/"},"wordCount":1976,"publisher":{"@id":"https:\/\/www.meydan.tv\/az\/#organization"},"image":{"@id":"https:\/\/www.meydan.tv\/az\/article\/rusiyanin-ukraynaya-herbi-mudaxilesinin-21-ci-gunu\/#primaryimage"},"thumbnailUrl":"https:\/\/www.meydan.tv\/wp-content\/uploads\/shutterstock_2132233077.jpg","articleSection":["Redaktor se\u00e7imi","Video","X\u0259b\u0259rl\u0259r"],"inLanguage":"az"},{"@type":"WebPage","@id":"https:\/\/www.meydan.tv\/az\/article\/rusiyanin-ukraynaya-herbi-mudaxilesinin-21-ci-gunu\/","url":"https:\/\/www.meydan.tv\/az\/article\/rusiyanin-ukraynaya-herbi-mudaxilesinin-21-ci-gunu\/","name":"Rusiyan\u0131n Ukraynaya h\u0259rbi m\u00fcdaxil\u0259sinin 21-ci g\u00fcn\u00fc - MEYDAN.TV","isPartOf":{"@id":"https:\/\/www.meydan.tv\/az\/#website"},"primaryImageOfPage":{"@id":"https:\/\/www.meydan.tv\/az\/article\/rusiyanin-ukraynaya-herbi-mudaxilesinin-21-ci-gunu\/#primaryimage"},"image":{"@id":"https:\/\/www.meydan.tv\/az\/article\/rusiyanin-ukraynaya-herbi-mudaxilesinin-21-ci-gunu\/#primaryimage"},"thumbnailUrl":"https:\/\/www.meydan.tv\/wp-content\/uploads\/shutterstock_2132233077.jpg","datePublished":"2022-03-16T09:44:38+00:00","dateModified":"2022-03-29T08:37:18+00:00","breadcrumb":{"@id":"https:\/\/www.meydan.tv\/az\/article\/rusiyanin-ukraynaya-herbi-mudaxilesinin-21-ci-gunu\/#breadcrumb"},"inLanguage":"az","potentialAction":[{"@type":"ReadAction","target":["https:\/\/www.meydan.tv\/az\/article\/rusiyanin-ukraynaya-herbi-mudaxilesinin-21-ci-gunu\/"]}]},{"@type":"ImageObject","inLanguage":"az","@id":"https:\/\/www.meydan.tv\/az\/article\/rusiyanin-ukraynaya-herbi-mudaxilesinin-21-ci-gunu\/#primaryimage","url":"https:\/\/www.meydan.tv\/wp-content\/uploads\/shutterstock_2132233077.jpg","contentUrl":"https:\/\/www.meydan.tv\/wp-content\/uploads\/shutterstock_2132233077.jpg","width":1200,"height":800,"caption":"Ukrayna. Foto: SV_zt\/shutterstock"},{"@type":"BreadcrumbList","@id":"https:\/\/www.meydan.tv\/az\/article\/rusiyanin-ukraynaya-herbi-mudaxilesinin-21-ci-gunu\/#breadcrumb","itemListElement":[{"@type":"ListItem","position":1,"name":"Ana s\u0259hif\u0259","item":"https:\/\/www.meydan.tv\/az\/"},{"@type":"ListItem","position":2,"name":"Redaktor se\u00e7imi","item":"https:\/\/www.meydan.tv\/az\/section\/redaktor-secimi\/"},{"@type":"ListItem","position":3,"name":"Rusiyan\u0131n Ukraynaya h\u0259rbi m\u00fcdaxil\u0259sinin 21-ci g\u00fcn\u00fc"}]},{"@type":"WebSite","@id":"https:\/\/www.meydan.tv\/az\/#website","url":"https:\/\/www.meydan.tv\/az\/","name":"MEYDAN.TV","description":"Meydan TV Az\u0259rbaycan\u0131n media m\u0259kan\u0131ndak\u0131 alternativ s\u0259sidir","publisher":{"@id":"https:\/\/www.meydan.tv\/az\/#organization"},"potentialAction":[{"@type":"SearchAction","target":{"@type":"EntryPoint","urlTemplate":"https:\/\/www.meydan.tv\/az\/?s={search_term_string}"},"query-input":{"@type":"PropertyValueSpecification","valueRequired":true,"valueName":"search_term_string"}}],"inLanguage":"az"},{"@type":"Organization","@id":"https:\/\/www.meydan.tv\/az\/#organization","name":"Meydan TV","url":"https:\/\/www.meydan.tv\/az\/","logo":{"@type":"ImageObject","inLanguage":"az","@id":"https:\/\/www.meydan.tv\/az\/#\/schema\/logo\/image\/","url":"https:\/\/www.meydan.tv\/wp-content\/uploads\/2021\/07\/meydan-logo.svg","contentUrl":"https:\/\/www.meydan.tv\/wp-content\/uploads\/2021\/07\/meydan-logo.svg","width":195,"height":46,"caption":"Meydan TV"},"image":{"@id":"https:\/\/www.meydan.tv\/az\/#\/schema\/logo\/image\/"}},{"@type":"Person","@id":"https:\/\/www.meydan.tv\/az\/#\/schema\/person\/9cdbecf90d17180ce1dfbd95b08dcf47","name":"elli","sameAs":["https:\/\/x.com\/elli"]}]}},"_links":{"self":[{"href":"https:\/\/www.meydan.tv\/az\/wp-json\/wp\/v2\/posts\/238540","targetHints":{"allow":["GET"]}}],"collection":[{"href":"https:\/\/www.meydan.tv\/az\/wp-json\/wp\/v2\/posts"}],"about":[{"href":"https:\/\/www.meydan.tv\/az\/wp-json\/wp\/v2\/types\/post"}],"author":[{"embeddable":true,"href":"https:\/\/www.meydan.tv\/az\/wp-json\/wp\/v2\/users\/8"}],"replies":[{"embeddable":true,"href":"https:\/\/www.meydan.tv\/az\/wp-json\/wp\/v2\/comments?post=238540"}],"version-history":[{"count":13,"href":"https:\/\/www.meydan.tv\/az\/wp-json\/wp\/v2\/posts\/238540\/revisions"}],"predecessor-version":[{"id":239748,"href":"https:\/\/www.meydan.tv\/az\/wp-json\/wp\/v2\/posts\/238540\/revisions\/239748"}],"wp:featuredmedia":[{"embeddable":true,"href":"https:\/\/www.meydan.tv\/az\/wp-json\/wp\/v2\/media\/238589"}],"wp:attachment":[{"href":"https:\/\/www.meydan.tv\/az\/wp-json\/wp\/v2\/media?parent=238540"}],"wp:term":[{"taxonomy":"category","embeddable":true,"href":"https:\/\/www.meydan.tv\/az\/wp-json\/wp\/v2\/categories?post=238540"},{"taxonomy":"post_tag","embeddable":true,"href":"https:\/\/www.meydan.tv\/az\/wp-json\/wp\/v2\/tags?post=238540"}],"curies":[{"name":"wp","href":"https:\/\/api.w.org\/{rel}","templated":true}]}}