{"id":238498,"date":"2022-03-16T13:21:35","date_gmt":"2022-03-16T09:21:35","guid":{"rendered":"https:\/\/www.meydan.tv\/?p=238498"},"modified":"2022-03-16T13:21:37","modified_gmt":"2022-03-16T09:21:37","slug":"blinken-eliyevden-ne-isteyib","status":"publish","type":"post","link":"https:\/\/www.meydan.tv\/az\/article\/blinken-eliyevden-ne-isteyib\/","title":{"rendered":"Blinken \u018fliyevd\u0259n n\u0259 ist\u0259yib?"},"content":{"rendered":"\n<p><\/p>\n\n\n\n<p><em>S\u00fclh, demokratiya v\u0259 ayd\u0131n m\u00f6vqe<\/em><\/p>\n\n\n\n<p>AB\u015e d\u00f6vl\u0259t katibi Entoni Blinken v\u0259 Az\u0259rbaycan d\u00f6vl\u0259t ba\u015f\u00e7\u0131s\u0131 \u0130lham \u018fliyev aras\u0131nda telefon dan\u0131\u015f\u0131\u011f\u0131 olub. Bu bar\u0259d\u0259 Entoni Blinken \u00f6z\u00fcn\u00fcn \u201cTwitter\u201d hesab\u0131nda m\u0259lumat verib.<\/p>\n\n\n\n<p>Bundan ba\u015fqa, g\u00f6r\u00fc\u015f haqq\u0131nda D\u00f6vl\u0259t Departamentinin s\u00f6z\u00e7\u00fcs\u00fc Ned Prays da b\u0259yanatla \u00e7\u0131x\u0131\u015f edib v\u0259 telefon dan\u0131\u015f\u0131\u011f\u0131n\u0131n b\u0259zi detallar\u0131 bar\u0259d\u0259 m\u0259lumat yay\u0131b.<\/p>\n\n\n\n<p><strong>Arzulanmayan s\u00f6hb\u0259t<\/strong><\/p>\n\n\n\n<p>B\u0259s Az\u0259rbaycan t\u0259r\u0259fi nec\u0259, ba\u015f tutmu\u015f s\u00f6hb\u0259t bar\u0259d\u0259 ictimaiyy\u0259t\u0259 m\u0259lumat veribmi? Bu yaz\u0131n\u0131n m\u00fc\u0259llifi d\u0259 (bir \u00e7ox ictimai f\u0259al v\u0259 siyas\u0259t\u00e7i \u0130lham \u018fliyevin r\u0259smi \u201cTwitter\u201d s\u0259hif\u0259sind\u0259 bloklan\u0131b) \u0130lham \u018fliyevin \u201cTwitter\u201d s\u0259hif\u0259sind\u0259 blokland\u0131\u011f\u0131 \u00fc\u00e7\u00fcn onun bu telefon dan\u0131\u015f\u0131\u011f\u0131 bar\u0259d\u0259 h\u0259r hans\u0131 m\u0259lumat yay\u0131b-yaymad\u0131\u011f\u0131n\u0131 d\u0259qiql\u0259\u015fdirm\u0259k m\u00fcmk\u00fcn olmad\u0131.<\/p>\n\n\n\n<p>Dolay\u0131 vasit\u0259l\u0259rl\u0259 ara\u015fd\u0131rmalara g\u00f6r\u0259 \u0130lham \u018fliyev bu bar\u0259d\u0259 susma\u011fa \u00fcst\u00fcnl\u00fck verib. \u00dcst\u0259lik, r\u0259smi d\u00f6vl\u0259t agentliyi olan \u201cAz\u0259rtac\u201d da \u0130lham \u018fliyev v\u0259 Blinken aras\u0131ndak\u0131 telefon dan\u0131\u015f\u0131\u011f\u0131 bar\u0259d\u0259 m\u0259lumata yer verm\u0259yib. Ancaq d\u00f6vl\u0259t agentliyinin sayt\u0131nda vitse-prezident Mehriban \u018fliyevan\u0131n torpaq \u00e7\u0259r\u015f\u0259nb\u0259si m\u00fcnasib\u0259til\u0259 \u201c\u0130nstagram\u201dda payla\u015f\u0131m etm\u0259si v\u0259 \u0130lham \u018fliyevin T\u00fcrkm\u0259nistan\u0131n sabiq prezidentinin o\u011flu S\u0259rdar Berdimuhamm\u0259dova yeni prezident se\u00e7ilm\u0259si s\u0259b\u0259biyl\u0259 t\u0259brik z\u0259ngi bar\u0259d\u0259 m\u0259lumat var.<\/p>\n\n\n\n<p>Yuxar\u0131dak\u0131 m\u0259lumatlardan da ayd\u0131n oldu ki, \u0130lham \u018fliyev bu telefon dan\u0131\u015f\u0131\u011f\u0131ndan he\u00e7 d\u0259 m\u0259mnun qalmay\u0131b. \u00c7\u00fcnki Az\u0259rbaycan t\u0259r\u0259fi, dem\u0259k olar ki, t\u0259mas\u0131n gizli qalmas\u0131 \u00fc\u00e7\u00fcn \u0259lind\u0259n g\u0259l\u0259ni edib. Xat\u0131rlay\u0131rs\u0131n\u0131zsa, \u0130lham \u018fliyev Bayden h\u00f6kum\u0259ti yeni formala\u015fma\u011fa ba\u015flark\u0259n onunla he\u00e7 bir t\u0259mas\u0131n olmad\u0131\u011f\u0131ndan \u015fikay\u0259t etmi\u015fdi.<\/p>\n\n\n\n<p>O bildirmi\u015fdi ki, Va\u015finqton he\u00e7 telefon dan\u0131\u015f\u0131\u011f\u0131na da c\u0259hd etm\u0259yib. Bu g\u00fcn is\u0259 t\u0259mas\u0131n gizli saxlanmas\u0131 onun mahiyy\u0259tind\u0259n raz\u0131 qalmad\u0131\u011f\u0131n\u0131n g\u00f6st\u0259ricisidir.<\/p>\n\n\n\n<ol class=\"wp-block-list\"><li><strong>S\u00fclh\u0259 \u00e7a\u011f\u0131r\u0131\u015f<\/strong><\/li><\/ol>\n\n\n\n<p>\u018fslind\u0259 Blinkenin regional m\u0259s\u0259l\u0259l\u0259r bar\u0259d\u0259 dan\u0131\u015fark\u0259n \u0130lham \u018fliyevi v\u0259 Erm\u0259nistan\u0131 s\u00fclh\u0259 \u00e7a\u011f\u0131rmas\u0131n\u0131n maraql\u0131 tarix\u00e7\u0259si var. Bir m\u00fcdd\u0259t \u00f6nc\u0259 AB\u015e-\u0131n Az\u0259rbaycandak\u0131 sabiq s\u0259firi Robert Sekuta <a href=\"https:\/\/www.meydan.tv\/az\/article\/kecmis-abs-sefirinin-etiraflari\/\" target=\"_blank\" rel=\"noreferrer noopener\">m\u0259qal\u0259<\/a> il\u0259 \u00e7\u0131x\u0131\u015f ed\u0259r\u0259k bildirmi\u015fdi ki, Rusiyan\u0131n oldu\u011fu b\u00f6lg\u0259d\u0259 s\u00fclh\u00fcn olmas\u0131 m\u00fcmk\u00fcn deyil. Y\u0259ni AB\u015e r\u0259hb\u0259rliyi v\u0259 siyasi aparat\u0131 anlay\u0131r ki, Rusiya ist\u0259nil\u0259n zaman ikinci m\u00fcnaqi\u015f\u0259 oca\u011f\u0131 yaratma\u011fa c\u0259hd ed\u0259 bil\u0259r. Ona g\u00f6r\u0259 d\u0259 t\u0259r\u0259fl\u0259ri siyasi bax\u0131mdan bir aya\u011f\u0131 gorda olan Putinin provakasiyalar\u0131na uymama\u011fa \u00e7a\u011f\u0131r\u0131b. Ba\u015fqa halda is\u0259 Az\u0259rbaycan\u0131n \u0259razi b\u00fct\u00f6vl\u00fcy\u00fc tan\u0131n\u0131r v\u0259 Rusiyan\u0131n z\u0259ifl\u0259diyi regionda daha asan s\u00fclh v\u0259 birg\u0259ya\u015fay\u0131\u015f\u0131n t\u0259min olunaca\u011f\u0131na dair inam art\u0131r.<\/p>\n\n\n\n<ol class=\"wp-block-list\" start=\"2\"><li><strong>Putinl\u0259 bir s\u0259ng\u0259rd\u0259 olanlar<\/strong><\/li><\/ol>\n\n\n\n<p>\u201cD\u00f6vl\u0259t katibi AB\u015e v\u0259 t\u0259r\u0259fda\u015flar\u0131n\u0131n Moskva v\u0259 onun t\u0259r\u0259fdarlar\u0131n\u0131, o c\u00fcml\u0259d\u0259n Belarusda Luka\u015fenko rejimini Kremlin Ukraynaya qar\u015f\u0131 s\u0259b\u0259bsiz v\u0259 \u0259sass\u0131z m\u00fcharib\u0259sin\u0259 g\u00f6r\u0259 cavabdeh tutma\u011fa davam etm\u0259k \u00f6hd\u0259liyini vur\u011fulay\u0131b\u201d.<\/p>\n\n\n\n<p>M\u0259lumat\u0131n bu hiss\u0259sinin d\u0259 \u0130lham \u018fliyevin xo\u015funa g\u0259lm\u0259diyini dey\u0259 bil\u0259rik. \u00c7\u00fcnki burada Luka\u015fenko ayr\u0131, Moskva v\u0259 onun t\u0259r\u0259fda\u015flar\u0131 ayr\u0131ca g\u00f6st\u0259rilib.<\/p>\n\n\n\n<p>\u0130lham \u018fliyev v\u0259 onun siyasin \u0259traf\u0131 is\u0259 haql\u0131 olaraq bunu Moskvada imzalanm\u0131\u015f M\u00fctt\u0259fiqlik B\u0259yannam\u0259sin\u0259 m\u00fctl\u0259q i\u015far\u0259 kimi oxuyublar. Bel\u0259 olan halda \u018fliyev t\u0259r\u0259fd\u0259n mesaj\u0131n \u00fcz\u0259 \u00e7\u0131xmamal\u0131 olan hiss\u0259l\u0259rind\u0259n biri budur. Y\u0259ni Az\u0259rbaycan r\u0259hb\u0259ri \u00f6z\u00fcn\u00fc AB\u015e-\u0131n potensial h\u0259d\u0259fi kimi g\u00f6r\u00fcb.<\/p>\n\n\n\n<ol class=\"wp-block-list\" start=\"3\"><li><strong>\u0130nsan haqlar\u0131 yaddan \u00e7\u0131xmay\u0131b<\/strong><\/li><\/ol>\n\n\n\n<p>Ned Prays b\u0259yanat\u0131n\u0131n sonrak\u0131 hiss\u0259sind\u0259 bildirir ki, Entoni Blinken h\u0259m\u00e7inin Az\u0259rbaycanda insan h\u00fcquqlar\u0131 v\u0259 fundamental azadl\u0131qlara h\u00f6rm\u0259tin vacibliyini vur\u011fulay\u0131b.<\/p>\n\n\n\n<p>G\u00fcman etm\u0259k olar ki, bu da \u0259n\u0259n\u0259vi \u00e7a\u011f\u0131r\u0131\u015flar\u0131n bir hiss\u0259sidir. Amma Putinl\u0259 birg\u0259liyin b\u0259d\u0259li olaca\u011f\u0131n\u0131 xat\u0131rlatd\u0131qdan sonra insan haqlar\u0131 m\u0259s\u0259l\u0259sin\u0259 toxunulmas\u0131 onu art\u0131q \u0259n\u0259n\u0259vi statusdan \u00e7\u0131xar\u0131r. Y\u0259ni \u018fliyev daha diqq\u0259tli olmal\u0131d\u0131r. \u201cDosye\u201d qal\u0131nla\u015fma\u011fa do\u011fru gedir.<\/p>\n\n\n\n<ol class=\"wp-block-list\" start=\"4\"><li><strong>Ukraynaya d\u0259st\u0259k<\/strong><\/li><\/ol>\n\n\n\n<p>N\u0259hay\u0259t, bildirilir ki, Ukraynaya d\u0259st\u0259k verdiyi \u00fc\u00e7\u00fcn Entoni Blinken Az\u0259rbaycana t\u0259\u015f\u0259kk\u00fcr edib. \u0130lham \u018fliyev t\u0259bii ki, bu c\u00fcml\u0259d\u0259n \u00f6z\u00fcn\u0259 bir pay g\u00f6t\u00fcr\u00fcb, amma \u00f6z\u00fcn\u00fcn deyil, \u00f6lk\u0259nin ad\u0131n\u0131n \u00e7\u0259kilm\u0259sini d\u0259 mesaj kimi q\u0259bul etm\u0259y\u0259 bilm\u0259z. B\u00fct\u00f6vl\u00fckd\u0259 m\u0259lumat m\u0259tninin b\u0259ndl\u0259rini \u00fczv\u00fc \u0259laq\u0259d\u0259 \u015f\u0259rh ed\u0259rk\u0259n m\u0259lum olur ki, Blinken \u018fliyevi Putinin, Az\u0259rbaycan\u0131 is\u0259 Ukraynan\u0131n t\u0259r\u0259fda\u015f\u0131 kimi t\u0259qdim etm\u0259kd\u0259n \u00e7\u0259kinm\u0259yib.<\/p>\n","protected":false},"excerpt":{"rendered":"<p>S\u00fclh, demokratiya v\u0259 ayd\u0131n m\u00f6vqe AB\u015e d\u00f6vl\u0259t katibi Entoni Blinken &#8230; <\/p>\n<p class=\"read-more-container\"><a title=\"Blinken \u018fliyevd\u0259n n\u0259 ist\u0259yib?\" class=\"read-more button\" href=\"https:\/\/www.meydan.tv\/az\/article\/blinken-eliyevden-ne-isteyib\/#more-238498\" aria-label=\"Read more about Blinken \u018fliyevd\u0259n n\u0259 ist\u0259yib?\">Davam\u0131<\/a><\/p>\n","protected":false},"author":8,"featured_media":129937,"comment_status":"closed","ping_status":"closed","sticky":false,"template":"","format":"standard","meta":{"_acf_changed":false,"_sitemap_exclude":false,"_sitemap_priority":"","_sitemap_frequency":"","footnotes":""},"categories":[57],"tags":[],"class_list":["post-238498","post","type-post","status-publish","format-standard","has-post-thumbnail","hentry","category-menim-fikrimce","infinite-scroll-item","generate-columns","tablet-grid-50","mobile-grid-100","grid-parent","grid-33","no-featured-image-padding"],"acf":[],"yoast_head":"<!-- This site is optimized with the Yoast SEO plugin v27.4 - https:\/\/yoast.com\/product\/yoast-seo-wordpress\/ -->\n<title>Blinken \u018fliyevd\u0259n n\u0259 ist\u0259yib? - MEYDAN.TV<\/title>\n<meta name=\"robots\" content=\"index, follow, max-snippet:-1, max-image-preview:large, max-video-preview:-1\" \/>\n<link rel=\"canonical\" href=\"https:\/\/www.meydan.tv\/az\/article\/blinken-eliyevden-ne-isteyib\/\" \/>\n<meta property=\"og:locale\" content=\"az_AZ\" \/>\n<meta property=\"og:type\" content=\"article\" \/>\n<meta property=\"og:title\" content=\"Blinken \u018fliyevd\u0259n n\u0259 ist\u0259yib? - MEYDAN.TV\" \/>\n<meta property=\"og:description\" content=\"S\u00fclh, demokratiya v\u0259 ayd\u0131n m\u00f6vqe AB\u015e d\u00f6vl\u0259t katibi Entoni Blinken ... Davam\u0131\" \/>\n<meta property=\"og:url\" content=\"https:\/\/www.meydan.tv\/az\/article\/blinken-eliyevden-ne-isteyib\/\" \/>\n<meta property=\"og:site_name\" content=\"MEYDAN.TV\" \/>\n<meta property=\"article:published_time\" content=\"2022-03-16T09:21:35+00:00\" \/>\n<meta property=\"article:modified_time\" content=\"2022-03-16T09:21:37+00:00\" \/>\n<meta property=\"og:image\" content=\"https:\/\/www.meydan.tv\/wp-content\/uploads\/untitled_artwork_5iccn6j-scaled.jpg\" \/>\n\t<meta property=\"og:image:width\" content=\"2560\" \/>\n\t<meta property=\"og:image:height\" content=\"1440\" \/>\n\t<meta property=\"og:image:type\" content=\"image\/jpeg\" \/>\n<meta name=\"author\" content=\"elli\" \/>\n<meta name=\"twitter:card\" content=\"summary_large_image\" \/>\n<meta name=\"twitter:creator\" content=\"@elli\" \/>\n<script type=\"application\/ld+json\" class=\"yoast-schema-graph\">{\"@context\":\"https:\\\/\\\/schema.org\",\"@graph\":[{\"@type\":\"Article\",\"@id\":\"https:\\\/\\\/www.meydan.tv\\\/az\\\/article\\\/blinken-eliyevden-ne-isteyib\\\/#article\",\"isPartOf\":{\"@id\":\"https:\\\/\\\/www.meydan.tv\\\/az\\\/article\\\/blinken-eliyevden-ne-isteyib\\\/\"},\"author\":{\"name\":\"elli\",\"@id\":\"https:\\\/\\\/www.meydan.tv\\\/az\\\/#\\\/schema\\\/person\\\/9cdbecf90d17180ce1dfbd95b08dcf47\"},\"headline\":\"Blinken \u018fliyevd\u0259n n\u0259 ist\u0259yib?\",\"datePublished\":\"2022-03-16T09:21:35+00:00\",\"dateModified\":\"2022-03-16T09:21:37+00:00\",\"mainEntityOfPage\":{\"@id\":\"https:\\\/\\\/www.meydan.tv\\\/az\\\/article\\\/blinken-eliyevden-ne-isteyib\\\/\"},\"wordCount\":899,\"publisher\":{\"@id\":\"https:\\\/\\\/www.meydan.tv\\\/az\\\/#organization\"},\"image\":{\"@id\":\"https:\\\/\\\/www.meydan.tv\\\/az\\\/article\\\/blinken-eliyevden-ne-isteyib\\\/#primaryimage\"},\"thumbnailUrl\":\"https:\\\/\\\/www.meydan.tv\\\/wp-content\\\/uploads\\\/untitled_artwork_5iccn6j-scaled.jpg\",\"articleSection\":[\"M\u0259nim Fikrimc\u0259\"],\"inLanguage\":\"az\"},{\"@type\":\"WebPage\",\"@id\":\"https:\\\/\\\/www.meydan.tv\\\/az\\\/article\\\/blinken-eliyevden-ne-isteyib\\\/\",\"url\":\"https:\\\/\\\/www.meydan.tv\\\/az\\\/article\\\/blinken-eliyevden-ne-isteyib\\\/\",\"name\":\"Blinken \u018fliyevd\u0259n n\u0259 ist\u0259yib? - MEYDAN.TV\",\"isPartOf\":{\"@id\":\"https:\\\/\\\/www.meydan.tv\\\/az\\\/#website\"},\"primaryImageOfPage\":{\"@id\":\"https:\\\/\\\/www.meydan.tv\\\/az\\\/article\\\/blinken-eliyevden-ne-isteyib\\\/#primaryimage\"},\"image\":{\"@id\":\"https:\\\/\\\/www.meydan.tv\\\/az\\\/article\\\/blinken-eliyevden-ne-isteyib\\\/#primaryimage\"},\"thumbnailUrl\":\"https:\\\/\\\/www.meydan.tv\\\/wp-content\\\/uploads\\\/untitled_artwork_5iccn6j-scaled.jpg\",\"datePublished\":\"2022-03-16T09:21:35+00:00\",\"dateModified\":\"2022-03-16T09:21:37+00:00\",\"breadcrumb\":{\"@id\":\"https:\\\/\\\/www.meydan.tv\\\/az\\\/article\\\/blinken-eliyevden-ne-isteyib\\\/#breadcrumb\"},\"inLanguage\":\"az\",\"potentialAction\":[{\"@type\":\"ReadAction\",\"target\":[\"https:\\\/\\\/www.meydan.tv\\\/az\\\/article\\\/blinken-eliyevden-ne-isteyib\\\/\"]}]},{\"@type\":\"ImageObject\",\"inLanguage\":\"az\",\"@id\":\"https:\\\/\\\/www.meydan.tv\\\/az\\\/article\\\/blinken-eliyevden-ne-isteyib\\\/#primaryimage\",\"url\":\"https:\\\/\\\/www.meydan.tv\\\/wp-content\\\/uploads\\\/untitled_artwork_5iccn6j-scaled.jpg\",\"contentUrl\":\"https:\\\/\\\/www.meydan.tv\\\/wp-content\\\/uploads\\\/untitled_artwork_5iccn6j-scaled.jpg\",\"width\":2560,\"height\":1440,\"caption\":\"Seymur H\u0259zi, Foto:: Meydan TV\"},{\"@type\":\"BreadcrumbList\",\"@id\":\"https:\\\/\\\/www.meydan.tv\\\/az\\\/article\\\/blinken-eliyevden-ne-isteyib\\\/#breadcrumb\",\"itemListElement\":[{\"@type\":\"ListItem\",\"position\":1,\"name\":\"Ana s\u0259hif\u0259\",\"item\":\"https:\\\/\\\/www.meydan.tv\\\/az\\\/\"},{\"@type\":\"ListItem\",\"position\":2,\"name\":\"M\u0259nim Fikrimc\u0259\",\"item\":\"https:\\\/\\\/www.meydan.tv\\\/az\\\/section\\\/menim-fikrimce\\\/\"},{\"@type\":\"ListItem\",\"position\":3,\"name\":\"Blinken \u018fliyevd\u0259n n\u0259 ist\u0259yib?\"}]},{\"@type\":\"WebSite\",\"@id\":\"https:\\\/\\\/www.meydan.tv\\\/az\\\/#website\",\"url\":\"https:\\\/\\\/www.meydan.tv\\\/az\\\/\",\"name\":\"MEYDAN.TV\",\"description\":\"Meydan TV Az\u0259rbaycan\u0131n media m\u0259kan\u0131ndak\u0131 alternativ s\u0259sidir\",\"publisher\":{\"@id\":\"https:\\\/\\\/www.meydan.tv\\\/az\\\/#organization\"},\"potentialAction\":[{\"@type\":\"SearchAction\",\"target\":{\"@type\":\"EntryPoint\",\"urlTemplate\":\"https:\\\/\\\/www.meydan.tv\\\/az\\\/?s={search_term_string}\"},\"query-input\":{\"@type\":\"PropertyValueSpecification\",\"valueRequired\":true,\"valueName\":\"search_term_string\"}}],\"inLanguage\":\"az\"},{\"@type\":\"Organization\",\"@id\":\"https:\\\/\\\/www.meydan.tv\\\/az\\\/#organization\",\"name\":\"Meydan TV\",\"url\":\"https:\\\/\\\/www.meydan.tv\\\/az\\\/\",\"logo\":{\"@type\":\"ImageObject\",\"inLanguage\":\"az\",\"@id\":\"https:\\\/\\\/www.meydan.tv\\\/az\\\/#\\\/schema\\\/logo\\\/image\\\/\",\"url\":\"https:\\\/\\\/www.meydan.tv\\\/wp-content\\\/uploads\\\/2021\\\/07\\\/meydan-logo.svg\",\"contentUrl\":\"https:\\\/\\\/www.meydan.tv\\\/wp-content\\\/uploads\\\/2021\\\/07\\\/meydan-logo.svg\",\"width\":195,\"height\":46,\"caption\":\"Meydan TV\"},\"image\":{\"@id\":\"https:\\\/\\\/www.meydan.tv\\\/az\\\/#\\\/schema\\\/logo\\\/image\\\/\"}},{\"@type\":\"Person\",\"@id\":\"https:\\\/\\\/www.meydan.tv\\\/az\\\/#\\\/schema\\\/person\\\/9cdbecf90d17180ce1dfbd95b08dcf47\",\"name\":\"elli\",\"sameAs\":[\"https:\\\/\\\/x.com\\\/elli\"]}]}<\/script>\n<!-- \/ Yoast SEO plugin. -->","yoast_head_json":{"title":"Blinken \u018fliyevd\u0259n n\u0259 ist\u0259yib? - MEYDAN.TV","robots":{"index":"index","follow":"follow","max-snippet":"max-snippet:-1","max-image-preview":"max-image-preview:large","max-video-preview":"max-video-preview:-1"},"canonical":"https:\/\/www.meydan.tv\/az\/article\/blinken-eliyevden-ne-isteyib\/","og_locale":"az_AZ","og_type":"article","og_title":"Blinken \u018fliyevd\u0259n n\u0259 ist\u0259yib? - MEYDAN.TV","og_description":"S\u00fclh, demokratiya v\u0259 ayd\u0131n m\u00f6vqe AB\u015e d\u00f6vl\u0259t katibi Entoni Blinken ... Davam\u0131","og_url":"https:\/\/www.meydan.tv\/az\/article\/blinken-eliyevden-ne-isteyib\/","og_site_name":"MEYDAN.TV","article_published_time":"2022-03-16T09:21:35+00:00","article_modified_time":"2022-03-16T09:21:37+00:00","og_image":[{"width":2560,"height":1440,"url":"https:\/\/www.meydan.tv\/wp-content\/uploads\/untitled_artwork_5iccn6j-scaled.jpg","type":"image\/jpeg"}],"author":"elli","twitter_card":"summary_large_image","twitter_creator":"@elli","schema":{"@context":"https:\/\/schema.org","@graph":[{"@type":"Article","@id":"https:\/\/www.meydan.tv\/az\/article\/blinken-eliyevden-ne-isteyib\/#article","isPartOf":{"@id":"https:\/\/www.meydan.tv\/az\/article\/blinken-eliyevden-ne-isteyib\/"},"author":{"name":"elli","@id":"https:\/\/www.meydan.tv\/az\/#\/schema\/person\/9cdbecf90d17180ce1dfbd95b08dcf47"},"headline":"Blinken \u018fliyevd\u0259n n\u0259 ist\u0259yib?","datePublished":"2022-03-16T09:21:35+00:00","dateModified":"2022-03-16T09:21:37+00:00","mainEntityOfPage":{"@id":"https:\/\/www.meydan.tv\/az\/article\/blinken-eliyevden-ne-isteyib\/"},"wordCount":899,"publisher":{"@id":"https:\/\/www.meydan.tv\/az\/#organization"},"image":{"@id":"https:\/\/www.meydan.tv\/az\/article\/blinken-eliyevden-ne-isteyib\/#primaryimage"},"thumbnailUrl":"https:\/\/www.meydan.tv\/wp-content\/uploads\/untitled_artwork_5iccn6j-scaled.jpg","articleSection":["M\u0259nim Fikrimc\u0259"],"inLanguage":"az"},{"@type":"WebPage","@id":"https:\/\/www.meydan.tv\/az\/article\/blinken-eliyevden-ne-isteyib\/","url":"https:\/\/www.meydan.tv\/az\/article\/blinken-eliyevden-ne-isteyib\/","name":"Blinken \u018fliyevd\u0259n n\u0259 ist\u0259yib? - MEYDAN.TV","isPartOf":{"@id":"https:\/\/www.meydan.tv\/az\/#website"},"primaryImageOfPage":{"@id":"https:\/\/www.meydan.tv\/az\/article\/blinken-eliyevden-ne-isteyib\/#primaryimage"},"image":{"@id":"https:\/\/www.meydan.tv\/az\/article\/blinken-eliyevden-ne-isteyib\/#primaryimage"},"thumbnailUrl":"https:\/\/www.meydan.tv\/wp-content\/uploads\/untitled_artwork_5iccn6j-scaled.jpg","datePublished":"2022-03-16T09:21:35+00:00","dateModified":"2022-03-16T09:21:37+00:00","breadcrumb":{"@id":"https:\/\/www.meydan.tv\/az\/article\/blinken-eliyevden-ne-isteyib\/#breadcrumb"},"inLanguage":"az","potentialAction":[{"@type":"ReadAction","target":["https:\/\/www.meydan.tv\/az\/article\/blinken-eliyevden-ne-isteyib\/"]}]},{"@type":"ImageObject","inLanguage":"az","@id":"https:\/\/www.meydan.tv\/az\/article\/blinken-eliyevden-ne-isteyib\/#primaryimage","url":"https:\/\/www.meydan.tv\/wp-content\/uploads\/untitled_artwork_5iccn6j-scaled.jpg","contentUrl":"https:\/\/www.meydan.tv\/wp-content\/uploads\/untitled_artwork_5iccn6j-scaled.jpg","width":2560,"height":1440,"caption":"Seymur H\u0259zi, Foto:: Meydan TV"},{"@type":"BreadcrumbList","@id":"https:\/\/www.meydan.tv\/az\/article\/blinken-eliyevden-ne-isteyib\/#breadcrumb","itemListElement":[{"@type":"ListItem","position":1,"name":"Ana s\u0259hif\u0259","item":"https:\/\/www.meydan.tv\/az\/"},{"@type":"ListItem","position":2,"name":"M\u0259nim Fikrimc\u0259","item":"https:\/\/www.meydan.tv\/az\/section\/menim-fikrimce\/"},{"@type":"ListItem","position":3,"name":"Blinken \u018fliyevd\u0259n n\u0259 ist\u0259yib?"}]},{"@type":"WebSite","@id":"https:\/\/www.meydan.tv\/az\/#website","url":"https:\/\/www.meydan.tv\/az\/","name":"MEYDAN.TV","description":"Meydan TV Az\u0259rbaycan\u0131n media m\u0259kan\u0131ndak\u0131 alternativ s\u0259sidir","publisher":{"@id":"https:\/\/www.meydan.tv\/az\/#organization"},"potentialAction":[{"@type":"SearchAction","target":{"@type":"EntryPoint","urlTemplate":"https:\/\/www.meydan.tv\/az\/?s={search_term_string}"},"query-input":{"@type":"PropertyValueSpecification","valueRequired":true,"valueName":"search_term_string"}}],"inLanguage":"az"},{"@type":"Organization","@id":"https:\/\/www.meydan.tv\/az\/#organization","name":"Meydan TV","url":"https:\/\/www.meydan.tv\/az\/","logo":{"@type":"ImageObject","inLanguage":"az","@id":"https:\/\/www.meydan.tv\/az\/#\/schema\/logo\/image\/","url":"https:\/\/www.meydan.tv\/wp-content\/uploads\/2021\/07\/meydan-logo.svg","contentUrl":"https:\/\/www.meydan.tv\/wp-content\/uploads\/2021\/07\/meydan-logo.svg","width":195,"height":46,"caption":"Meydan TV"},"image":{"@id":"https:\/\/www.meydan.tv\/az\/#\/schema\/logo\/image\/"}},{"@type":"Person","@id":"https:\/\/www.meydan.tv\/az\/#\/schema\/person\/9cdbecf90d17180ce1dfbd95b08dcf47","name":"elli","sameAs":["https:\/\/x.com\/elli"]}]}},"_links":{"self":[{"href":"https:\/\/www.meydan.tv\/az\/wp-json\/wp\/v2\/posts\/238498","targetHints":{"allow":["GET"]}}],"collection":[{"href":"https:\/\/www.meydan.tv\/az\/wp-json\/wp\/v2\/posts"}],"about":[{"href":"https:\/\/www.meydan.tv\/az\/wp-json\/wp\/v2\/types\/post"}],"author":[{"embeddable":true,"href":"https:\/\/www.meydan.tv\/az\/wp-json\/wp\/v2\/users\/8"}],"replies":[{"embeddable":true,"href":"https:\/\/www.meydan.tv\/az\/wp-json\/wp\/v2\/comments?post=238498"}],"version-history":[{"count":1,"href":"https:\/\/www.meydan.tv\/az\/wp-json\/wp\/v2\/posts\/238498\/revisions"}],"predecessor-version":[{"id":238499,"href":"https:\/\/www.meydan.tv\/az\/wp-json\/wp\/v2\/posts\/238498\/revisions\/238499"}],"wp:featuredmedia":[{"embeddable":true,"href":"https:\/\/www.meydan.tv\/az\/wp-json\/wp\/v2\/media\/129937"}],"wp:attachment":[{"href":"https:\/\/www.meydan.tv\/az\/wp-json\/wp\/v2\/media?parent=238498"}],"wp:term":[{"taxonomy":"category","embeddable":true,"href":"https:\/\/www.meydan.tv\/az\/wp-json\/wp\/v2\/categories?post=238498"},{"taxonomy":"post_tag","embeddable":true,"href":"https:\/\/www.meydan.tv\/az\/wp-json\/wp\/v2\/tags?post=238498"}],"curies":[{"name":"wp","href":"https:\/\/api.w.org\/{rel}","templated":true}]}}