{"id":238459,"date":"2022-03-15T21:24:58","date_gmt":"2022-03-15T17:24:58","guid":{"rendered":"https:\/\/www.meydan.tv\/?p=238459"},"modified":"2022-03-15T23:53:16","modified_gmt":"2022-03-15T19:53:16","slug":"zaur-siriyev-moskvanin-iddiasi-aqressiyasi-butun-olkeler-ucun-tehlukedir","status":"publish","type":"post","link":"https:\/\/www.meydan.tv\/az\/article\/zaur-siriyev-moskvanin-iddiasi-aqressiyasi-butun-olkeler-ucun-tehlukedir\/","title":{"rendered":"Zaur \u015eiriyev: \u201cMoskvan\u0131n iddias\u0131, aqressiyas\u0131 b\u00fct\u00fcn \u00f6lk\u0259l\u0259r \u00fc\u00e7\u00fcn t\u0259hl\u00fck\u0259dir\u201d"},"content":{"rendered":"\n<figure class=\"wp-block-embed is-type-video is-provider-youtube wp-block-embed-youtube wp-embed-aspect-4-3 wp-has-aspect-ratio\"><div class=\"wp-block-embed__wrapper\">\n<iframe title=\"Zaur \u015eiriyev: \u201cMoskvan\u0131n iddias\u0131, aqressiyas\u0131 b\u00fct\u00fcn \u00f6lk\u0259l\u0259r \u00fc\u00e7\u00fcn t\u0259hl\u00fck\u0259dir\u201d\" width=\"1200\" height=\"675\" data-src=\"https:\/\/www.youtube.com\/embed\/OyfsjtzUiBw?feature=oembed\" frameborder=\"0\" allow=\"accelerometer; autoplay; clipboard-write; encrypted-media; gyroscope; picture-in-picture\" allowfullscreen src=\"data:image\/svg+xml;base64,PHN2ZyB3aWR0aD0iMSIgaGVpZ2h0PSIxIiB4bWxucz0iaHR0cDovL3d3dy53My5vcmcvMjAwMC9zdmciPjwvc3ZnPg==\" class=\"lazyload\" data-load-mode=\"1\"><\/iframe>\n<\/div><\/figure>\n\n\n\n<!--more-->\n\n\n\n<p><em>&#8220;\u018fminlik var ki, Az\u0259rbaycan s\u00fclhm\u0259raml\u0131lar\u0131n vaxt\u0131n\u0131 uzatmaya bil\u0259r, bunun bir s\u0259b\u0259bi Ukrayna hadis\u0259l\u0259ridir\u201d<\/em><br><\/p>\n\n\n\n<p><strong>Politoloq Zaur \u015eiriyevl\u0259 20 g\u00fcnd\u00fcr davam ed\u0259n Rusiyan\u0131n Ukrayna h\u0259rbi m\u00fcdaxil\u0259si v\u0259 bu gedi\u015fat\u0131n Az\u0259rbaycana t\u0259sirl\u0259ri bar\u0259d\u0259 dan\u0131\u015fd\u0131q.<\/strong><\/p>\n\n\n\n<ul class=\"wp-block-list\"><li><em>Zaur b\u0259y, Rusiya 24 fevral q\u0259rar\u0131n\u0131 x\u00fcsusi h\u0259rbi \u0259m\u0259liyyat, Ukrayna is\u0259 i\u015f\u011fal adland\u0131r\u0131r. Ancaq Kremlin x\u00fcsusi h\u0259rbi \u0259m\u0259liyyat adland\u0131rd\u0131\u011f\u0131 prosesd\u0259 500-\u0259 yax\u0131n rus, 1300-d\u0259n \u00e7ox ukraynal\u0131 h\u0259rb\u00e7i, o c\u00fcml\u0259d\u0259n, 85 ukraynal\u0131 u\u015faq, el\u0259 Maripulda 2 mind\u0259n \u00e7ox m\u00fclki \u00f6ld\u00fcr\u00fcl\u00fcb. Bu m\u0259nada 20 g\u00fcn davam ed\u0259n m\u0259nz\u0259r\u0259y\u0259 hans\u0131 ad qoyard\u0131n\u0131z?<\/em><\/li><li>B\u00fct\u00fcn d\u00fcnyada ba\u015f ver\u0259nl\u0259ri bir adla adlan\u0131r\u0131rlar, o da i\u015f\u011fald\u0131r. Ba\u015fqa bir ad\u0131 da yoxdur. D\u00fczd\u00fcr, Rusiya-Ukrayna m\u00fcharib\u0259si adland\u0131ranlar da var, amma bu s\u0259hv yana\u015fmad\u0131r. Kontekstd\u0259 daha d\u00fczg\u00fcn olan\u0131, Rusiyan\u0131n Ukraynan\u0131 i\u015f\u011fal c\u0259hdidir.<\/li><li><em>\u00dcmumiyy\u0259tl\u0259, Rusiya r\u0259smil\u0259rinin s\u00f6z v\u0259 \u0259m\u0259l bax\u0131m\u0131ndan bir-birini t\u0259kzib ed\u0259n onlarla t\u0259zadl\u0131 a\u00e7\u0131qlamalar\u0131n\u0131 sadalamaq olar. H\u0259l\u0259 2002-ci ild\u0259 Rusiya d\u00f6vl\u0259t ba\u015f\u00e7\u0131s\u0131 Vladimir Putin Kr\u0131m\u0131n he\u00e7 bir m\u00fcbahis\u0259 predmeti olmad\u0131\u011f\u0131n\u0131 v\u0259 \u201cUkraynada rusdillil\u0259rin problemi yoxdur\u201d deyir, h\u0259tta iki \u00f6lk\u0259nin Avropa Birliyinin par\u00e7as\u0131 oldu\u011funu s\u00f6yl\u0259yirdi. N\u0259 ba\u015f verdi ki, 2014-c\u00fc il hadis\u0259l\u0259ri ya\u015fand\u0131?<\/em><\/li><li>2014-c\u00fc il hadis\u0259l\u0259rin\u0259 m\u00fcxt\u0259lif yana\u015fmalar var. Biri odur ki, Q\u0259rb \u00f6lk\u0259l\u0259ri Ukraynan\u0131 Rusiyayla NATO aras\u0131nda bufer zonaya \u00e7evirm\u0259y\u0259 \u00e7al\u0131\u015fd\u0131lar. Bu da Rusiyan\u0131n \u201cq\u0131rm\u0131z\u0131 x\u0259tl\u0259ri\u201dnin daha \u00e7ox daralmas\u0131na v\u0259 yaxud ona yax\u0131nla\u015fmas\u0131na s\u0259b\u0259b oldu. Rusiya art\u0131q Q\u0259rbi onun s\u0259rh\u0259dl\u0259rin\u0259 q\u0259d\u0259r geni\u015fl\u0259nm\u0259si kimi q\u0259bul etdi. Bu yana\u015fman\u0131 AB\u015e-da q\u0259bul ed\u0259n realpolitika c\u0259r\u0259yan\u0131n\u0131n n\u00fcmay\u0259nd\u0259l\u0259ri var. Onlar d\u00fc\u015f\u00fcn\u00fcrl\u0259r ki, Ukraynaya t\u0259hl\u00fck\u0259sizlik qarantiyalar\u0131 v\u0259 Avropaya inteqrasiyas\u0131 bax\u0131m\u0131ndan tutulmayacaq v\u0259dl\u0259r verilir. 2014-c\u00fc ild\u0259 Ukraynada hakimiyy\u0259t d\u0259yi\u015fikliyind\u0259n sonra is\u0259 Rusiya plan \u00fczr\u0259 Kr\u0131m\u0131n anneksiyas\u0131n\u0131 h\u0259yata ke\u00e7irir, ard\u0131nca Donbas v\u0259 Luqansk ad\u0131nda iki separat\u00e7\u0131 qurum yarad\u0131r. \u0130kinci yana\u015fma da odur ki, Rusiyan\u0131n siyasi planlar\u0131nda Ukrayna x\u00fcsusi yer tutur. Ukraynan\u0131n itirilm\u0259si c\u0259hdl\u0259rinin ortaya \u00e7\u0131xmas\u0131 Kremli narahat etdiyind\u0259n 2014-c\u00fc ild\u0259 bel\u0259 bir add\u0131m atm\u0131\u015fd\u0131. Amma bu yana\u015fmalar\u0131n he\u00e7 biri Rusiyan\u0131n 2014-c\u00fc ild\u0259 v\u0259 bu g\u00fcn Ukraynada t\u00f6r\u0259tdikl\u0259rini haql\u0131 \u00e7\u0131xartma\u011fa s\u0259b\u0259b ver\u0259 bilm\u0259z. Bu g\u00fcn Rusiya-Q\u0259rb qar\u015f\u0131durmas\u0131na bir az f\u0259rqli prizmadan baxanlar var, konkret olaraq, Q\u0259rbi eyni hadis\u0259l\u0259ri \u018ffqan\u0131standa v\u0259 \u0130raqda t\u00f6r\u0259tm\u0259kd\u0259 su\u00e7lay\u0131rlar\u2026<\/li><li><em>Kosovan\u0131n da ad\u0131 \u00e7\u0259kilir\u2026<\/em><\/li><li>B\u0259li, h\u0259m d\u0259 \u201csoyuq m\u00fcharib\u0259\u201d d\u00f6vr\u00fcn\u0259 qay\u0131d\u0131b deyirl\u0259r ki, Q\u0259rb filan \u015feyl\u0259ri etdiyind\u0259n Rusiyan\u0131n da bunlar\u0131 etm\u0259si adekvatd\u0131r. Bel\u0259 yana\u015fma is\u0259 Rusiyan\u0131n i\u015f\u011fal\u0131na haqq qazand\u0131rmaqd\u0131r. AB\u015e v\u0259 m\u00fctt\u0259fiql\u0259ri \u018ffqan\u0131stan\u0131 v\u0259 \u0130raq\u0131 i\u015f\u011fal ed\u0259nd\u0259 b\u00fct\u00fcn qanunlar\u0131 pozmu\u015fdu v\u0259 buna haqq qazand\u0131r\u0131lm\u0131r. Bu m\u0259s\u0259l\u0259l\u0259r aras\u0131nda m\u00fcqayis\u0259 apar\u0131lmas\u0131 Rusiyan\u0131n h\u0259r\u0259k\u0259tl\u0259rini, h\u0259rbi \u0259m\u0259liyyatlar\u0131n\u0131 daha \u00e7ox yum\u015faltmaq m\u0259qs\u0259di g\u00fcd\u00fcr, bil\u0259r\u0259kd\u0259n, ya da bilm\u0259y\u0259r\u0259kd\u0259n.<\/li><li><em>M\u0259n bir q\u0259d\u0259r tarix\u0259 qay\u0131tmaq ist\u0259yir\u0259m. Kreml daha \u00e7ox Q\u0259rbin \u00f6z v\u0259din\u0259 xilaf \u00e7\u0131xaraq NATO-nun geni\u015fl\u0259ndirm\u0259sini \u0259sas g\u0259tirir, Ukraynan\u0131n h\u0259rbi-siyasi bloka \u00fczvl\u00fck ist\u0259yinin qar\u015f\u0131s\u0131n\u0131 almaq \u00fc\u00e7\u00fcn DNR v\u0259 LNR-i tan\u0131d\u0131qlar\u0131n\u0131 deyir. S\u00f6hb\u0259t Q\u0259rb \u00f6lk\u0259l\u0259rinin Qorba\u00e7ova \u015fifahi v\u0259d verm\u0259sind\u0259n gedir. Bu m\u0259nada Rusiya haql\u0131d\u0131rm\u0131?<\/em><\/li><li>NATO-nun qurulu\u015f v\u0259 geni\u015fl\u0259nm\u0259 s\u0259n\u0259dind\u0259 h\u0259r hans\u0131 d\u0259yi\u015fiklik g\u00f6rm\u0259mi\u015fik. 90-c\u0131 ill\u0259rd\u0259n b\u0259ri h\u0259rbi-siyasi alyans\u0131n ke\u00e7irdiyi sammitl\u0259rd\u0259 h\u0259r hans\u0131 f\u0259rqli yana\u015fma da olmay\u0131b. \u018fg\u0259r 90-c\u0131 ill\u0259rin sonu yeni \u0259srin \u0259vv\u0259lind\u0259 bel\u0259 bir yana\u015fma olsayd\u0131, o zaman Rusiyaya \u00fcmumi s\u00f6zd\u0259n b\u0259hs edil\u0259 bil\u0259rdi. Amma sammit s\u0259n\u0259dl\u0259rind\u0259 bel\u0259 v\u0259dl\u0259r v\u0259 ya bunu ehtiva ed\u0259n h\u0259r hans\u0131 yana\u015fman\u0131 g\u00f6rm\u00fcr\u00fck. \u0130kincisi, \u015e\u0259rqi Avropa d\u00f6vl\u0259tl\u0259rinin h\u0259r hans\u0131 alyansa, yaxud birliy\u0259 \u00fczv olmas\u0131 suveren h\u00fcququdur. Bunu tamamil\u0259 AB\u015e-la ba\u011flamaq olmaz. \u00c7\u00fcnki AB\u015e NATO-nun qurucu \u00fczvl\u0259rind\u0259n biri olsa da, qurumu tam t\u0259msil etmir. \u018fg\u0259r NATO-nun geni\u015fl\u0259nm\u0259m\u0259sind\u0259n s\u00f6hb\u0259t gedirs\u0259, bu, b\u00fct\u00fcn \u00fczv \u00f6lk\u0259l\u0259rin ortaq q\u0259rar\u0131yla m\u00fcmk\u00fcn olard\u0131. Bel\u0259 bir yana\u015fma da m\u00f6vcud olmay\u0131b. B\u0259li, Rusiyan\u0131n Q\u0259rbin s\u00f6z\u00fcn\u00fc tutmamas\u0131nda do\u011fruluq pay\u0131 var, amma geni\u015fl\u0259nm\u0259m\u0259kl\u0259 ba\u011fl\u0131 s\u00f6z verm\u0259si s\u0259hv yana\u015fmad\u0131r.<\/li><li><em>\u00dcmumiyy\u0259tl\u0259, indiki m\u00fcharib\u0259 v\u0259ziyy\u0259tinin yaranmas\u0131nda Q\u0259rbin m\u0259suliyy\u0259ti n\u0259 q\u0259d\u0259rdir? Ona g\u00f6r\u0259 bu m\u0259qama toxundum ki, bir s\u0131ra t\u0259hlil\u00e7il\u0259r Putinin 2007-ci ilin M\u00fcnhen \u00e7\u0131x\u0131\u015f\u0131na Q\u0259rb liderl\u0259rinin laqeydliyini vur\u011fulay\u0131b deyirl\u0259r ki, o zaman s\u0259rt sanksiyalar olsayd\u0131, v\u0259ziyy\u0259t n\u0259 2008-ci ilin G\u00fcrc\u00fcstan, n\u0259 d\u0259 2014-c\u00fc ilin Kr\u0131m v\u0259 Donbas hadis\u0259l\u0259rin\u0259 g\u0259tir\u0259rdi. Haql\u0131 yana\u015fmad\u0131rm\u0131?<\/em><\/li><li>Haql\u0131l\u0131q pay\u0131n\u0131 bir m\u0259s\u0259l\u0259d\u0259 g\u00f6r\u00fcr\u0259m ki, Avropa \u0130ttifaq\u0131 v\u0259 NATO-nun \u015e\u0259rqi Avropa v\u0259 postsovet \u00f6lk\u0259l\u0259rin\u0259 verdiyi s\u00f6zl\u0259rl\u0259 atd\u0131\u011f\u0131 add\u0131mlar bir-birin\u0259 ziddiyy\u0259t t\u0259\u015fkil edir. Bu, h\u0259min \u00f6lk\u0259l\u0259rin Q\u0259rb\u0259 yana\u015fmas\u0131nda da stimulla\u015fd\u0131r\u0131c\u0131 rol oynay\u0131b. T\u0259\u0259ss\u00fcf ki, postsovet \u00f6lk\u0259l\u0259rind\u0259 Rusiyan\u0131n aqressiyas\u0131na qar\u015f\u0131 NATO-nun t\u0259hl\u00fck\u0259sizlik t\u0259minat\u0131n\u0131 \u00f6zl\u0259rin\u0259 Moskvadan qorunmaq vasit\u0259si kimi g\u00f6r\u00fcrl\u0259r. Bunu da yaradan bir az Q\u0259rbin \u00f6z\u00fc oldu. 2008-ci ild\u0259 \u00fczvl\u00fckl\u0259 ba\u011fl\u0131 NATO-nun qap\u0131lar\u0131n\u0131n G\u00fcrc\u00fcstan v\u0259 Ukraynaya a\u00e7\u0131q elan edilm\u0259si, amma praktiki he\u00e7 bir i\u015f g\u00f6r\u00fclm\u0259m\u0259si Q\u0259rbd\u0259 v\u0259dl\u0259rl\u0259 at\u0131lan add\u0131mlar aras\u0131nda ziddiyy\u0259ti g\u00f6st\u0259rdi. Bu, \u0259lb\u0259tt\u0259 ki, Rusiyan\u0131n da atd\u0131\u011f\u0131 add\u0131mlar\u0131n bir amili rolunu oynay\u0131r. Siz fikir verdinizmi, Rusiyan\u0131n b\u0259zi r\u0259smil\u0259ri 24 fevraldan sonra deyirdil\u0259r ki, Q\u0259rbin hans\u0131 add\u0131mlar ataca\u011f\u0131n\u0131 t\u0259xmin ed\u0259 bilirdik. Bu da Q\u0259rbin verdiyi s\u00f6zl\u0259rl\u0259 atd\u0131\u011f\u0131 add\u0131mlar aras\u0131nda n\u0259 q\u0259d\u0259r ziddiyy\u0259t t\u0259\u015fkil etdiyini g\u00f6rm\u0259k olur. Bu, \u0259lb\u0259tt\u0259 ki, postsovet \u00f6lk\u0259l\u0259ri \u00fc\u00e7\u00fcn m\u0259nfi n\u0259tic\u0259dir.<\/li><li><em>Q\u0259rbin v\u0259dl\u0259ri il\u0259 \u0259m\u0259li aras\u0131ndak\u0131 t\u0259zad iqtisadi, yoxsa geopolitik maraqdan ir\u0259li g\u0259lir?<\/em><\/li><li>90-c\u0131 ill\u0259rd\u0259 SSR\u0130 da\u011f\u0131landan sonra Q\u0259rbin Rusiyaya yana\u015fmas\u0131nda inteqrasiya meyll\u0259ri vard\u0131. Onlar d\u00fc\u015f\u00fcn\u00fcrd\u00fc ki, Rusiya demokratikl\u0259\u015f\u0259c\u0259k, sivilizasiyan\u0131n bir par\u00e7as\u0131 olacaq, ona g\u00f6r\u0259 Moskvan\u0131n t\u0259hl\u00fck\u0259sizlik maraqlar\u0131n\u0131 n\u0259z\u0259r\u0259 almal\u0131y\u0131q. Y\u0259ni bu maraqlar\u0131 \u00e7ox da pozmama\u011fa \u00e7al\u0131\u015fmal\u0131y\u0131q, Q\u0259rbd\u0259 bel\u0259 d\u00fc\u015f\u00fcn\u00fcrd\u00fcl\u0259r. Burda d\u00f6n\u00fc\u015f n\u00f6qt\u0259si ke\u00e7mi\u015f Yuqaslaviyada ba\u015f ver\u0259n hadis\u0259l\u0259r oldu, ard\u0131nca Rusiyada hakimiyy\u0259t d\u0259yi\u015fdi. Sadalad\u0131qlar\u0131m g\u00f6st\u0259rdi ki, Rusiyan\u0131n g\u00f6t\u00fcrd\u00fcy\u00fc istiqam\u0259t tamamil\u0259 f\u0259rqlidir. H\u0259m d\u0259 o d\u00f6vrl\u0259rd\u0259 Rusiyan\u0131n t\u0259hl\u00fck\u0259sizlik maraqlar\u0131na m\u0259h\u0259l qoyulmamas\u0131na ba\u015fland\u0131. Sual\u0131n\u0131z\u0131n m\u0259\u011fzin\u0259 g\u0259ldikd\u0259, neft-qaz amilind\u0259n \u00e7ox geosiyasi maraqlar\u0131n \u0259sas oldu\u011funu g\u00f6r\u00fcr\u0259m v\u0259 b\u0259zi m\u0259s\u0259l\u0259l\u0259rd\u0259 q\u0259rb \u00f6lk\u0259l\u0259ri aras\u0131nda birliyin olmad\u0131\u011f\u0131n\u0131 g\u00f6st\u0259rir\u0259m. Tarixi analogiya aparmaq do\u011fru olmazd\u0131, amma qeyd edim ki, \u00f6t\u0259n \u0259srin 50-ci ill\u0259rind\u0259 T\u00fcrkiy\u0259nin v\u0259 Yunan\u0131stan\u0131n NATO-ya \u00fczv olmas\u0131 SSR\u0130 t\u0259hl\u00fck\u0259siyl\u0259 ba\u011fl\u0131yd\u0131. \u018fslind\u0259, bu g\u00fcn ba\u015flanan Ukraynan\u0131n, G\u00fcrc\u00fcstan\u0131n v\u0259 Moldovan\u0131n Avropa Birliyin\u0259 verdikl\u0259ri \u00fczvl\u00fck \u0259riz\u0259l\u0259ri uzun bir prosesin ba\u015flan\u011f\u0131c\u0131d\u0131r. Sadalad\u0131\u011f\u0131m \u00f6lk\u0259l\u0259r\u0259 z\u0259rb\u0259l\u0259r vurulmamas\u0131 \u00fc\u00e7\u00fcn vaxt\u0131nda d\u00fczg\u00fcn strategiya v\u0259 vahid plan h\u0259yata ke\u00e7irils\u0259ydi, t\u0259r\u0259fl\u0259r d\u0259 hans\u0131 add\u0131m atacaqlar\u0131n\u0131 bil\u0259rdil\u0259r. B\u00fct\u00fcn bunlar Rusiyaya yana\u015fman\u0131n u\u011fursuz v\u0259 postsovet \u00f6lk\u0259l\u0259rin\u0259 d\u0259 yana\u015fman\u0131n q\u00fcsurlu oldu\u011funun g\u00f6st\u0259ricisidir.<\/li><li><em>Yenid\u0259n Putin personas\u0131na qay\u0131tmaq ist\u0259rdim. H\u0259l\u0259 2018-ci ilin dekabr\u0131n 1-d\u0259 Rusiya prezidenti bildirirdi ki, oliqarxik hakimiyy\u0259tl\u0259r\u0259 d\u00f6vl\u0259tl\u0259rini v\u0259 xalqlar\u0131n\u0131 talamaq \u00fc\u00e7\u00fcn sava\u015f laz\u0131md\u0131r. Amma ona q\u0259d\u0259r avtoritar-olixarxiq say\u0131lan Putin rejiminin 2008-ci ild\u0259 G\u00fcrc\u00fcstanda, yaxud 2014-c\u00fc ild\u0259 Donbasda sava\u015flar\u0131 arxada qalm\u0131\u015fd\u0131. Niy\u0259 bu hadis\u0259l\u0259rd\u0259n sonra Rusiya d\u00f6vl\u0259t ba\u015f\u00e7\u0131s\u0131 bel\u0259 a\u00e7\u0131qlama vermi\u015fdi?<\/em><br><\/li><li>M\u0259nc\u0259, o bir az Q\u0259rbin siyas\u0259tind\u0259 demokratiyan\u0131 p\u0259rd\u0259 kimi g\u00f6rd\u00fcy\u00fcn\u00fc ehtiva ed\u0259n yana\u015fmayd\u0131 ki, onlarda da eyni bax\u0131\u015f ola bil\u0259r. Fundamental problem 2021-c ild\u0259 Putinin ad\u0131ndan yay\u0131lm\u0131\u015f bir m\u0259qal\u0259d\u0259ydi. H\u0259min yaz\u0131da \u0259sas tezis bol\u015fevikl\u0259rin r\u0259hb\u0259ri Leninin Ukraynan\u0131 yaratmas\u0131 idi. Maraql\u0131 c\u0259h\u0259t odur ki, Putin h\u0259min m\u0259qal\u0259sind\u0259 Ukraynan\u0131n yerin\u0259 postsovet m\u0259kan\u0131n\u0131n ba\u015fqa bir \u00f6lk\u0259sinin ad\u0131n\u0131 yazsayd\u0131, he\u00e7 n\u0259 d\u0259yi\u015fm\u0259y\u0259c\u0259kdi. M\u0259s\u0259l\u0259 ondad\u0131r ki, bu g\u00fcn Ukraynaya qar\u015f\u0131 istifad\u0259 olunan tezisl\u0259rin m\u00fc\u0259yy\u0259n qismi G\u00fcrc\u00fcstana qar\u015f\u0131 istifad\u0259 olunub. He\u00e7 kim t\u0259minat ver\u0259 bilm\u0259z ki, h\u0259min tezisl\u0259r sabah ba\u015fqa bir \u00f6lk\u0259y\u0259 qar\u015f\u0131 da istifad\u0259 olunmayacaq. Siz bayaq Putinin 2002-ci il \u00e7\u0131x\u0131\u015f\u0131ndan misal g\u0259tirdiniz, g\u00f6r\u00fcrs\u00fcn\u00fcz, 10-15 ild\u0259 o nec\u0259 d\u0259yi\u015fdi. Ona g\u00f6r\u0259 d\u0259 Ukrayna b\u00f6hran\u0131n\u0131n \u0259sas\u0131nda t\u0259kc\u0259 Rusiyan\u0131n i\u015f\u011fal\u0131 dayanm\u0131r. Burda Moskvan\u0131n iddias\u0131n\u0131n, aqressiyas\u0131n\u0131n bu q\u0259d\u0259r \u00e7\u0259kinm\u0259d\u0259n g\u00f6st\u0259rm\u0259sidir. Bu, b\u00fct\u00fcn \u00f6lk\u0259l\u0259r \u00fc\u00e7\u00fcn t\u0259hl\u00fck\u0259dir. Avropada bu t\u0259hl\u00fck\u0259ni yaln\u0131z sovet ke\u00e7mi\u015fin\u0259 sahib \u00f6lk\u0259l\u0259r qabard\u0131rd\u0131lar, Pol\u015fa, \u00c7exiya, Macar\u0131stan v\u0259 baltik \u00f6lk\u0259l\u0259ri. Bu is\u0259 Q\u0259rb c\u0259miyy\u0259tind\u0259 o q\u0259d\u0259r d\u0259 t\u0259siredici amil olmurdu. \u00c7\u00fcnki Avropa Birliyinin \u00fczv \u00f6lk\u0259l\u0259rinin h\u0259r birinin kommersiya v\u0259 siyasi maraqlar\u0131 f\u0259rqliydi. Bu g\u00fcn g\u00f6r\u00fcn\u00fcr ki, h\u0259min \u00f6lk\u0259l\u0259rin qald\u0131rd\u0131\u011f\u0131 m\u0259s\u0259l\u0259l\u0259rd\u0259 \u0259n az\u0131ndan \u00fcmumi yana\u015fma olmasa da, ortaq m\u0259xr\u0259c\u0259 g\u0259l\u0259 bil\u0259rl\u0259r.<\/li><li><em>24 fevraldan bir ne\u00e7\u0259 g\u00fcn \u0259vv\u0259l Az\u0259rbaycan d\u00f6vl\u0259t ba\u015f\u00e7\u0131s\u0131 \u0130lham \u018fliyev Moskvada Vladimir Putinl\u0259 b\u0259yannam\u0259 imzalad\u0131. Rusiyan\u0131n dediyiniz iddialar\u0131 bax\u0131m\u0131ndan yana\u015fsaq, t\u0259minat varm\u0131 ki, Kremld\u0259kil\u0259r n\u0259 zamansa h\u0259min b\u0259yannam\u0259ni d\u0259 pozmayacaqlar? Yaxud h\u0259min Moskva b\u0259yannam\u0259sini Az\u0259rbaycan\u0131n g\u0259l\u0259c\u0259yi \u00fc\u00e7\u00fcn t\u0259minat saymaq olarm\u0131?<\/em><\/li><li>Az\u0259rbaycan\u0131n g\u0259l\u0259c\u0259yinin t\u0259minat\u0131 bar\u0259d\u0259 dan\u0131\u015fd\u0131qda, bu, T\u00fcrkiy\u0259dir.<\/li><li><em>Siz \u015eu\u015fa B\u0259yannam\u0259sini n\u0259z\u0259rd\u0259 tutursunuz?<\/em><\/li><li>\u015eu\u015fa B\u0259y\u0259nnam\u0259sinin \u0259sas komponentind\u0259 o var idi ki, Az\u0259rbaycan i\u015f\u011fala m\u0259ruz qalarsa, birg\u0259 m\u0259sl\u0259h\u0259tl\u0259\u015fm\u0259l\u0259r v\u0259 T\u00fcrkiy\u0259nin m\u00fcdaxil\u0259si, y\u0259ni d\u0259st\u0259yi g\u00f6st\u0259rilir. \u018fslind\u0259, bu m\u0259qam 2010-cu ild\u0259 T\u00fcrkiy\u0259-Az\u0259rbaycan aras\u0131nda strateji t\u0259r\u0259fda\u015fl\u0131q m\u00fcqavil\u0259sind\u0259 yer alm\u0131\u015fd\u0131. Ona g\u00f6r\u0259 m\u0259n Az\u0259rbaycana qarantiyadan dan\u0131\u015fanda \u015eu\u015fa B\u0259yannam\u0259sind\u0259n \u00e7ox, 2010-cu il m\u00fcqavil\u0259sin\u0259 istinad ed\u0259r\u0259m. \u00c7\u00fcnki \u015eu\u015fa B\u0259yannam\u0259sinin \u0259sas\u0131n\u0131 2010-cu il m\u00fcqavil\u0259si t\u0259\u015fkil edir. Sad\u0259c\u0259, \u015eu\u015fa B\u0259yannam\u0259sind\u0259 yeni \u00fcfiql\u0259r g\u00f6st\u0259rilib. Sual\u0131n\u0131za g\u0259ldikd\u0259, Rusiyayla ba\u011fl\u0131 m\u0259s\u0259l\u0259d\u0259 qarantiyan\u0131 T\u00fcrkiy\u0259 t\u0259\u015fkil edir. Ba\u015fqa d\u00f6vl\u0259tl\u0259rd\u0259n f\u0259rqli olaraq Az\u0259rbaycana qar\u015f\u0131 h\u0259r hans\u0131 m\u00fcdaxil\u0259 olarsa, T\u00fcrkiy\u0259nin daha s\u0259rt reaksiya ver\u0259c\u0259yini el\u0259 h\u0259min m\u00fcqavil\u0259 \u00f6z\u00fcnd\u0259 ehtiva edir.<\/li><li><em>Son g\u00fcnl\u0259r Rusiya s\u00fclhm\u0259raml\u0131lar\u0131n\u0131n Ukraynaya apar\u0131lamas\u0131 bar\u0259d\u0259 informasiyalar yay\u0131ld\u0131. Ard\u0131nca Qaraba\u011f\u0131n da\u011fl\u0131q hiss\u0259sind\u0259 h\u0259rbi h\u0259r\u0259k\u0259tl\u0259nm\u0259 olmas\u0131 haqda x\u0259b\u0259rl\u0259r d\u0259 oldu, d\u00fczd\u00fcr, bu, r\u0259smi s\u0259viyy\u0259d\u0259 t\u0259sdiql\u0259nm\u0259di. \u018fg\u0259r 2020-ci ild\u0259 imzalanm\u0131\u015f Rusiya, Az\u0259rbayacan v\u0259 Erm\u0259nistan d\u00f6vl\u0259t ba\u015f\u00e7\u0131slar\u0131n\u0131n sazi\u015fi varsa, Bak\u0131 hans\u0131sa h\u0259rbi add\u0131m ata bil\u0259rmi?<\/em><\/li><li>M\u0259n sual\u0131 \u201cn\u0259y\u0259 g\u00f6r\u0259 bel\u0259 hadis\u0259l\u0259r ba\u015f verir\u201d \u015f\u0259klind\u0259 qoyard\u0131m. Bunun iki s\u0259b\u0259bi var. Birinicisi, Moskva B\u0259yannam\u0259sind\u0259 2020-ci ilin noyabr sazi\u015fin\u0259 x\u00fcsusi \u00f6n\u0259m verilir. H\u0259m d\u0259 d\u00f6vl\u0259t ba\u015f\u00e7\u0131s\u0131 demi\u015fdi ki, h\u0259min sazi\u015fd\u0259 madd\u0259l\u0259r tam yerin\u0259 yetirilm\u0259yib. X\u00fcsus\u0259n 4-c\u00fc madd\u0259y\u0259 istinad olunur, bu madd\u0259 erm\u0259ni silahl\u0131 q\u00fcvv\u0259l\u0259rinin b\u00f6lg\u0259d\u0259n \u00e7\u0131xar\u0131lmas\u0131d\u0131r. Daha sonra Az\u0259rbaycan \u201cLa\u00e7\u0131n d\u0259hlizi\u201d m\u0259s\u0259l\u0259sini qald\u0131rd\u0131, h\u0259m d\u0259 yeni d\u0259hliz yolu bu il a\u00e7\u0131q olacaq. Son hadis\u0259l\u0259r is\u0259 Ukrayna sava\u015f\u0131nda Rusiyan\u0131n g\u00fcc\u00fcn\u00fcn itirilm\u0259si dem\u0259kdir v\u0259 s\u00fclhm\u0259raml\u0131lar\u0131n b\u00f6lg\u0259d\u0259n getm\u0259si ehtimal\u0131n\u0131n yaranmas\u0131ndan ortaya \u00e7\u0131xan g\u0259rginlikl\u0259 ba\u011fl\u0131d\u0131r. Bel\u0259 bir \u00fcmumi \u0259hval-ruhiyy\u0259 yaran\u0131b ki, 5 il bit\u0259nd\u0259 Az\u0259rbaycan s\u00fclhm\u0259raml\u0131lar\u0131n vaxt\u0131n\u0131 uzatmaya bil\u0259rmi? \u0130ndi art\u0131q buna \u0259minlik var ki, Az\u0259rbaycan uzatmaya bil\u0259r. Bunun bir s\u0259b\u0259bi Ukrayna hadis\u0259l\u0259ridir. \u0130kinci s\u0259b\u0259bi is\u0259 Bak\u0131 Moskvayla ba\u015fqa formada dil tapma\u011fa \u00e7al\u0131\u015f\u0131r, Moskva B\u0259y\u0259nnam\u0259si d\u0259 bunun g\u00f6st\u0259ricisidir. Rusiyan\u0131n Az\u0259rbaycan\u0131n bir b\u00f6lg\u0259sind\u0259 qal\u0131b t\u0259zyiq vasit\u0259si kimi \u00f6z\u00fcn\u00fc qorumas\u0131 art\u0131q Kremlin siyas\u0259ti \u00fc\u00e7\u00fcn m\u0259qbul olmaya bil\u0259r, transformasiyaya \u00e7evril\u0259r. Bu m\u0259nada Az\u0259rbaycan da Rusiyayla ba\u015fqa formada m\u0259s\u0259l\u0259ni h\u0259ll etm\u0259y\u0259 \u00e7al\u0131\u015f\u0131r. \u018fn az\u0131ndan sadalad\u0131qlar\u0131m Qaraba\u011f erm\u0259nil\u0259rini narahat edir. \u0130kincisi odur ki, toqqu\u015fmalar\u0131n ba\u015f verdiyi \u0259razil\u0259rd\u0259 s\u00fclhm\u0259raml\u0131lar\u0131n 27 postu var, y\u0259ni ruslar b\u00fct\u00fcn \u0259razini n\u0259zar\u0259td\u0259 saxlamad\u0131qlar\u0131ndan erm\u0259ni silahl\u0131 d\u0259st\u0259l\u0259ri orda postlar yaratma\u011fa \u00e7al\u0131\u015f\u0131rlar. Fevraldan sonra g\u00f6r\u00fcn\u0259n odur ki, Bak\u0131 h\u0259min postlar\u0131n yaranmas\u0131n\u0131n qar\u015f\u0131s\u0131n\u0131 almaq \u00fc\u00e7\u00fcn t\u0259zyiq g\u00f6st\u0259rir. Az\u0259rbaycan\u0131n \u00fcmumi m\u0259qs\u0259di qar\u015f\u0131dak\u0131 g\u00fcnl\u0259rd\u0259 Rusiyan\u0131n i\u015ftirak\u0131yla erm\u0259ni silahl\u0131 d\u0259st\u0259l\u0259rinin b\u00f6lg\u0259d\u0259n \u00e7\u0131xar\u0131lmas\u0131na y\u00f6n\u0259lib. Rusiya s\u00fclhm\u0259raml\u0131lar\u0131n\u0131n b\u00f6lg\u0259d\u0259 oldu\u011fu d\u00f6vrd\u0259 geni\u015f h\u0259rbi \u0259m\u0259liyyatlar\u0131n olmas\u0131 qeyri-reald\u0131r. B\u0259li, Ukraynan\u0131n r\u0259smi dair\u0259l\u0259ri m\u00fcharib\u0259d\u0259 Qaraba\u011fda olan s\u00fclhm\u0259raml\u0131lar\u0131n da i\u015ftirak\u0131n\u0131 t\u0259sdiql\u0259di. Ancaq n\u0259z\u0259r\u0259 al\u0131n ki, 6 aydan bir s\u00fclhm\u0259raml\u0131larda yerd\u0259yi\u015fm\u0259 olur. Maraql\u0131 c\u0259h\u0259t Nazirl\u0259r Kabinetinin yayd\u0131\u011f\u0131 hesabatda Az\u0259rbaycan\u0131n Rusiyan\u0131n Xarici \u0130\u015fl\u0259r Nazirliyi d\u0259 daxil, bir s\u0131ra beyn\u0259lxalq qurumlara \u00fcnvanlad\u0131\u011f\u0131 m\u00fcraci\u0259t idi. H\u0259min s\u0259n\u0259dd\u0259 \u201cLa\u00e7\u0131n d\u0259hlizi\u201dn\u0259 n\u0259zar\u0259tin olunmas\u0131 qoyulmu\u015fdu. Bu, o dem\u0259kdir ki, yax\u0131n g\u0259l\u0259c\u0259kd\u0259 erm\u0259ni silahl\u0131 q\u00fcvv\u0259l\u0259ri b\u00f6lg\u0259d\u0259n \u00e7\u0131xar\u0131larsa, oran\u0131n h\u0259rbil\u0259\u015fdirilm\u0259sinin qar\u015f\u0131s\u0131n\u0131n al\u0131nmas\u0131na \u00e7al\u0131\u015f\u0131l\u0131r. M\u0259nc\u0259, 2020-ci ilin 10 noyabr b\u0259yanat\u0131nda \u00e7at\u0131\u015fmayan \u0259n m\u00fch\u00fcm c\u0259h\u0259tl\u0259rd\u0259n biri odur ki, s\u0259n\u0259dd\u0259 h\u0259rbsizl\u0259\u015fdirm\u0259 elementi yoxdur. 4-c\u00fc madd\u0259nin yan\u0131nda h\u0259rbsizl\u0259\u015fdirm\u0259 olsayd\u0131, daha faydal\u0131 olard\u0131 v\u0259 b\u0259lk\u0259 bug\u00fcnk\u00fc probleml\u0259r d\u0259 yaranmazd\u0131.<\/li><li><em>Zaur b\u0259y, s\u00f6hb\u0259timizin yekununda yenid\u0259n Rusiya-Ukrayna sava\u015f\u0131na qay\u0131tmaq ist\u0259rdim. Amerikan\u0131n ke\u00e7mi\u015f d\u00f6vl\u0259t m\u00fc\u015faviri Zbiqnev Bjezinski \u201cB\u00f6y\u00fck \u015fahmat l\u00f6vh\u0259si\u201d kitab\u0131nda Rusiyan\u0131 d\u00fcnyan\u0131n \u201cqara d\u0259liyi\u201d adland\u0131r\u0131b yaz\u0131rd\u0131 ki, rus imperiyas\u0131n\u0131 \u00e7\u00f6kd\u00fcrm\u0259k \u00fc\u00e7\u00fcn Ukraynan\u0131 ondan tamamil\u0259 ay\u0131rmaq laz\u0131md\u0131r. 24 fevralda ba\u015flanan sava\u015f Bjezinskinin dediyini ehtiva edirmi?<\/em><\/li><li>M\u0259n ba\u015fqa c\u00fcr ifad\u0259 ed\u0259 bil\u0259r\u0259m. Amerikal\u0131 politoloq, realist n\u0259z\u0259riyy\u0259nin \u0259n qabaqc\u0131l n\u00fcmay\u0259nd\u0259l\u0259rind\u0259n, h\u0259tta Q\u0259rbi daha \u00e7ox t\u0259nqid ed\u0259n Con Mir\u015faymeri xat\u0131rlamaq ist\u0259rdim. Con Mir\u015faymer 2014-c\u00fc il hads\u0259l\u0259rind\u0259 Q\u0259rbi g\u00fcnahland\u0131r\u0131rd\u0131. Bel\u0259 bir ifad\u0259 d\u0259 i\u015fl\u0259tmi\u015fdi ki, Rusiyan\u0131n Ukraynan\u0131 i\u015f\u011fal ed\u0259c\u0259yini \u00e7ox deyirsiniz, qoy, i\u015f\u011fal etsin. Amma buna g\u00f6r\u0259 Rusiyan\u0131n ba\u015f\u0131na g\u0259l\u0259nl\u0259r \u00f6lk\u0259nin tamamil\u0259 \u00e7\u00f6k\u00fc\u015f\u00fcn\u0259 s\u0259b\u0259b olacaq. Bu m\u0259nada Bjezinskiyl\u0259 Mir\u015faymerin yana\u015fmas\u0131 bir az ox\u015fard\u0131r. T\u0259bii ki, bir \u00e7oxu sanksiylar\u0131 \u0259h\u0259miyy\u0259tsiz, di\u015fsiz say\u0131r. Amma sanksiyalar\u0131n n\u0259 q\u0259d\u0259r m\u00fcdd\u0259t qalmas\u0131 v\u0259 onun qald\u0131r\u0131lmas\u0131n\u0131n \u00e7ox \u00e7\u0259tin olmas\u0131 n\u0259z\u0259r\u0259 al\u0131nmal\u0131d\u0131r. H\u0259tta \u0130ran \u0130slam Respublikas\u0131na qar\u015f\u0131 bu c\u00fcr sanksiyalar olmay\u0131b. Ona g\u00f6r\u0259 t\u0259tbiq edil\u0259n sanksiyalar\u0131n Rusiyaya ciddi t\u0259siri olacaq. Bilirsiniz ki, Rusiya texnoloji c\u0259h\u0259td\u0259n d\u0259 Q\u0259rbd\u0259n tamamil\u0259 as\u0131l\u0131d\u0131r v\u0259 \u0259n ki\u00e7ik m\u0259hsullar\u0131n istehsal\u0131nda bel\u0259 bazara sahib deyil. Bu, Rusiyan\u0131n \u00f6z\u00fcn\u00fc texnoloji c\u0259h\u0259td\u0259n ifad\u0259 etm\u0259diyinin g\u00f6st\u0259rcisidir. Ona g\u00f6r\u0259 d\u0259 Rusiyadak\u0131 \u00e7\u00f6k\u00fc\u015f \u00f6z\u00fcn\u00fc g\u00f6st\u0259r\u0259c\u0259k. Amma bunun regiona n\u0259 q\u0259d\u0259r t\u0259siri olaca\u011f\u0131 da maraql\u0131d\u0131r. Bug\u00fcnl\u0259rd\u0259 Q\u0259rb dair\u0259l\u0259rind\u0259 postsovet \u00f6lk\u0259l\u0259rin\u0259 nec\u0259 d\u0259st\u0259k verilm\u0259si bar\u0259d\u0259 fikirl\u0259r g\u00fcnd\u0259m\u0259 g\u0259lir. S\u00f6hb\u0259t sanksiyalardan z\u0259r\u0259r \u00e7\u0259kmi\u015f \u00f6lk\u0259l\u0259r\u0259 hans\u0131 maddi yard\u0131m\u0131n g\u00f6st\u0259rilm\u0259sind\u0259n gedir. \u00c7\u00fcnki sanksiyalar\u0131n t\u0259kc\u0259 C\u0259nubi Qafqaza deyil, Orta Asiyaya da b\u00f6y\u00fck t\u0259siri olacaq. N\u0259z\u0259r\u0259 al\u0131n ki, bir \u00e7ox \u00f6lk\u0259nin \u0259halisinin bir qismi Rusiyada ya\u015fay\u0131r, onsuz da pandemiya b\u00f6y\u00fck z\u0259r\u0259r vurmu\u015fdu. Sanksiyalar is\u0259 daha a\u011f\u0131r d\u00f6vr\u00fc ba\u015flad\u0131r. Bunun \u00fc\u00e7\u00fcn d\u0259 Q\u0259rbin yeni paketin\u0259 ehtiyac var. B\u0259zil\u0259ri paketin ancaq Ukraynaya ay\u0131rlmas\u0131n\u0131 hesab edir, haz\u0131rda \u201cMar\u015fal plan\u0131\u201d kimi plandan b\u0259hs edilir. M\u0259nc\u0259, b\u00fct\u00fcn region t\u0259min edilm\u0259lidir, bel\u0259 olarsa, regionun b\u00f6hrandan \u00e7\u0131xmas\u0131 \u00fc\u00e7\u00fcn u\u011furlu ola bil\u0259r. H\u0259m d\u0259 Q\u0259rbin sanksiyalar\u0131n\u0131n \u00f6z c\u0259miyy\u0259tl\u0259rin\u0259 n\u0259 q\u0259d\u0259r t\u0259siri d\u0259 g\u00fcnd\u0259lik m\u00fczakir\u0259y\u0259 \u00e7evrilib. Sanksiya qoymaq asand\u0131r, bunun iqtisadi t\u0259sirini \u00f6z \u00f6lk\u0259l\u0259rind\u0259 hiss ed\u0259nd\u0259, o zaman radikal sa\u011f\u0131n g\u00fccl\u0259nm\u0259sin\u0259 s\u0259b\u0259b ola bil\u0259r. \u018fslind\u0259, Rusiyan\u0131n Ukraynan\u0131 i\u015f\u011fal\u0131 Q\u0259rbd\u0259ki radikal sa\u011f\u0131n z\u0259ifl\u0259m\u0259si n\u0259tic\u0259sini \u00e7\u0131xard\u0131r. Fransa bundan \u00e7ox b\u00f6y\u00fck dividentl\u0259r qazand\u0131, bilirsiniz ki, orda prezident se\u00e7kil\u0259ri ke\u00e7iril\u0259c\u0259k. Art\u0131q 5 ay \u0259vv\u0259lki radikal sa\u011f\u0131n g\u00fcc\u00fc aradan qalx\u0131r. Amma radikal sa\u011f\u0131n daha s\u0259rt geri g\u0259lm\u0259si bir ne\u00e7\u0259 ay sonra ba\u015f ver\u0259c\u0259k. Burda art\u0131q \u201csanksiyalar Rusiyan\u0131 yum\u015faltma\u011fa g\u0259tir\u0259c\u0259kmi\u201d sual\u0131 fundamental olaraq qalacaq.<\/li><\/ul>\n","protected":false},"excerpt":{"rendered":"","protected":false},"author":14,"featured_media":238460,"comment_status":"closed","ping_status":"closed","sticky":false,"template":"","format":"standard","meta":{"_acf_changed":false,"_sitemap_exclude":false,"_sitemap_priority":"","_sitemap_frequency":"","footnotes":""},"categories":[64,61],"tags":[],"class_list":["post-238459","post","type-post","status-publish","format-standard","has-post-thumbnail","hentry","category-dunya","category-reportaj","infinite-scroll-item","generate-columns","tablet-grid-50","mobile-grid-100","grid-parent","grid-33","no-featured-image-padding"],"acf":[],"yoast_head":"<!-- This site is optimized with the Yoast SEO plugin v27.4 - https:\/\/yoast.com\/product\/yoast-seo-wordpress\/ -->\n<title>Zaur \u015eiriyev: \u201cMoskvan\u0131n iddias\u0131, aqressiyas\u0131 b\u00fct\u00fcn \u00f6lk\u0259l\u0259r \u00fc\u00e7\u00fcn t\u0259hl\u00fck\u0259dir\u201d - MEYDAN.TV<\/title>\n<meta name=\"robots\" content=\"index, follow, max-snippet:-1, max-image-preview:large, max-video-preview:-1\" \/>\n<link rel=\"canonical\" href=\"https:\/\/www.meydan.tv\/az\/article\/zaur-siriyev-moskvanin-iddiasi-aqressiyasi-butun-olkeler-ucun-tehlukedir\/\" \/>\n<meta property=\"og:locale\" content=\"az_AZ\" \/>\n<meta property=\"og:type\" content=\"article\" \/>\n<meta property=\"og:title\" content=\"Zaur \u015eiriyev: \u201cMoskvan\u0131n iddias\u0131, aqressiyas\u0131 b\u00fct\u00fcn \u00f6lk\u0259l\u0259r \u00fc\u00e7\u00fcn t\u0259hl\u00fck\u0259dir\u201d - MEYDAN.TV\" \/>\n<meta property=\"og:url\" content=\"https:\/\/www.meydan.tv\/az\/article\/zaur-siriyev-moskvanin-iddiasi-aqressiyasi-butun-olkeler-ucun-tehlukedir\/\" \/>\n<meta property=\"og:site_name\" content=\"MEYDAN.TV\" \/>\n<meta property=\"article:published_time\" content=\"2022-03-15T17:24:58+00:00\" \/>\n<meta property=\"article:modified_time\" content=\"2022-03-15T19:53:16+00:00\" \/>\n<meta property=\"og:image\" content=\"https:\/\/www.meydan.tv\/wp-content\/uploads\/screenshot-at-mar-15-18-20-34-e1647373159291-768x339.png\" \/>\n\t<meta property=\"og:image:width\" content=\"768\" \/>\n\t<meta property=\"og:image:height\" content=\"339\" \/>\n\t<meta property=\"og:image:type\" content=\"image\/png\" \/>\n<meta name=\"author\" content=\"roma\" \/>\n<meta name=\"twitter:card\" content=\"summary_large_image\" \/>\n<script type=\"application\/ld+json\" class=\"yoast-schema-graph\">{\"@context\":\"https:\\\/\\\/schema.org\",\"@graph\":[{\"@type\":\"Article\",\"@id\":\"https:\\\/\\\/www.meydan.tv\\\/az\\\/article\\\/zaur-siriyev-moskvanin-iddiasi-aqressiyasi-butun-olkeler-ucun-tehlukedir\\\/#article\",\"isPartOf\":{\"@id\":\"https:\\\/\\\/www.meydan.tv\\\/az\\\/article\\\/zaur-siriyev-moskvanin-iddiasi-aqressiyasi-butun-olkeler-ucun-tehlukedir\\\/\"},\"author\":{\"name\":\"roma\",\"@id\":\"https:\\\/\\\/www.meydan.tv\\\/az\\\/#\\\/schema\\\/person\\\/8f23e01c4de63326c13c319fb65ee65d\"},\"headline\":\"Zaur \u015eiriyev: \u201cMoskvan\u0131n iddias\u0131, aqressiyas\u0131 b\u00fct\u00fcn \u00f6lk\u0259l\u0259r \u00fc\u00e7\u00fcn t\u0259hl\u00fck\u0259dir\u201d\",\"datePublished\":\"2022-03-15T17:24:58+00:00\",\"dateModified\":\"2022-03-15T19:53:16+00:00\",\"mainEntityOfPage\":{\"@id\":\"https:\\\/\\\/www.meydan.tv\\\/az\\\/article\\\/zaur-siriyev-moskvanin-iddiasi-aqressiyasi-butun-olkeler-ucun-tehlukedir\\\/\"},\"wordCount\":3569,\"publisher\":{\"@id\":\"https:\\\/\\\/www.meydan.tv\\\/az\\\/#organization\"},\"image\":{\"@id\":\"https:\\\/\\\/www.meydan.tv\\\/az\\\/article\\\/zaur-siriyev-moskvanin-iddiasi-aqressiyasi-butun-olkeler-ucun-tehlukedir\\\/#primaryimage\"},\"thumbnailUrl\":\"https:\\\/\\\/www.meydan.tv\\\/wp-content\\\/uploads\\\/screenshot-at-mar-15-18-20-34-e1647373159291.png\",\"articleSection\":[\"D\u00fcnya\",\"Reportaj\"],\"inLanguage\":\"az\"},{\"@type\":\"WebPage\",\"@id\":\"https:\\\/\\\/www.meydan.tv\\\/az\\\/article\\\/zaur-siriyev-moskvanin-iddiasi-aqressiyasi-butun-olkeler-ucun-tehlukedir\\\/\",\"url\":\"https:\\\/\\\/www.meydan.tv\\\/az\\\/article\\\/zaur-siriyev-moskvanin-iddiasi-aqressiyasi-butun-olkeler-ucun-tehlukedir\\\/\",\"name\":\"Zaur \u015eiriyev: \u201cMoskvan\u0131n iddias\u0131, aqressiyas\u0131 b\u00fct\u00fcn \u00f6lk\u0259l\u0259r \u00fc\u00e7\u00fcn t\u0259hl\u00fck\u0259dir\u201d - MEYDAN.TV\",\"isPartOf\":{\"@id\":\"https:\\\/\\\/www.meydan.tv\\\/az\\\/#website\"},\"primaryImageOfPage\":{\"@id\":\"https:\\\/\\\/www.meydan.tv\\\/az\\\/article\\\/zaur-siriyev-moskvanin-iddiasi-aqressiyasi-butun-olkeler-ucun-tehlukedir\\\/#primaryimage\"},\"image\":{\"@id\":\"https:\\\/\\\/www.meydan.tv\\\/az\\\/article\\\/zaur-siriyev-moskvanin-iddiasi-aqressiyasi-butun-olkeler-ucun-tehlukedir\\\/#primaryimage\"},\"thumbnailUrl\":\"https:\\\/\\\/www.meydan.tv\\\/wp-content\\\/uploads\\\/screenshot-at-mar-15-18-20-34-e1647373159291.png\",\"datePublished\":\"2022-03-15T17:24:58+00:00\",\"dateModified\":\"2022-03-15T19:53:16+00:00\",\"breadcrumb\":{\"@id\":\"https:\\\/\\\/www.meydan.tv\\\/az\\\/article\\\/zaur-siriyev-moskvanin-iddiasi-aqressiyasi-butun-olkeler-ucun-tehlukedir\\\/#breadcrumb\"},\"inLanguage\":\"az\",\"potentialAction\":[{\"@type\":\"ReadAction\",\"target\":[\"https:\\\/\\\/www.meydan.tv\\\/az\\\/article\\\/zaur-siriyev-moskvanin-iddiasi-aqressiyasi-butun-olkeler-ucun-tehlukedir\\\/\"]}]},{\"@type\":\"ImageObject\",\"inLanguage\":\"az\",\"@id\":\"https:\\\/\\\/www.meydan.tv\\\/az\\\/article\\\/zaur-siriyev-moskvanin-iddiasi-aqressiyasi-butun-olkeler-ucun-tehlukedir\\\/#primaryimage\",\"url\":\"https:\\\/\\\/www.meydan.tv\\\/wp-content\\\/uploads\\\/screenshot-at-mar-15-18-20-34-e1647373159291.png\",\"contentUrl\":\"https:\\\/\\\/www.meydan.tv\\\/wp-content\\\/uploads\\\/screenshot-at-mar-15-18-20-34-e1647373159291.png\",\"width\":1100,\"height\":486},{\"@type\":\"BreadcrumbList\",\"@id\":\"https:\\\/\\\/www.meydan.tv\\\/az\\\/article\\\/zaur-siriyev-moskvanin-iddiasi-aqressiyasi-butun-olkeler-ucun-tehlukedir\\\/#breadcrumb\",\"itemListElement\":[{\"@type\":\"ListItem\",\"position\":1,\"name\":\"Ana s\u0259hif\u0259\",\"item\":\"https:\\\/\\\/www.meydan.tv\\\/az\\\/\"},{\"@type\":\"ListItem\",\"position\":2,\"name\":\"D\u00fcnya\",\"item\":\"https:\\\/\\\/www.meydan.tv\\\/az\\\/section\\\/dunya\\\/\"},{\"@type\":\"ListItem\",\"position\":3,\"name\":\"Zaur \u015eiriyev: \u201cMoskvan\u0131n iddias\u0131, aqressiyas\u0131 b\u00fct\u00fcn \u00f6lk\u0259l\u0259r \u00fc\u00e7\u00fcn t\u0259hl\u00fck\u0259dir\u201d\"}]},{\"@type\":\"WebSite\",\"@id\":\"https:\\\/\\\/www.meydan.tv\\\/az\\\/#website\",\"url\":\"https:\\\/\\\/www.meydan.tv\\\/az\\\/\",\"name\":\"MEYDAN.TV\",\"description\":\"Meydan TV Az\u0259rbaycan\u0131n media m\u0259kan\u0131ndak\u0131 alternativ s\u0259sidir\",\"publisher\":{\"@id\":\"https:\\\/\\\/www.meydan.tv\\\/az\\\/#organization\"},\"potentialAction\":[{\"@type\":\"SearchAction\",\"target\":{\"@type\":\"EntryPoint\",\"urlTemplate\":\"https:\\\/\\\/www.meydan.tv\\\/az\\\/?s={search_term_string}\"},\"query-input\":{\"@type\":\"PropertyValueSpecification\",\"valueRequired\":true,\"valueName\":\"search_term_string\"}}],\"inLanguage\":\"az\"},{\"@type\":\"Organization\",\"@id\":\"https:\\\/\\\/www.meydan.tv\\\/az\\\/#organization\",\"name\":\"Meydan TV\",\"url\":\"https:\\\/\\\/www.meydan.tv\\\/az\\\/\",\"logo\":{\"@type\":\"ImageObject\",\"inLanguage\":\"az\",\"@id\":\"https:\\\/\\\/www.meydan.tv\\\/az\\\/#\\\/schema\\\/logo\\\/image\\\/\",\"url\":\"https:\\\/\\\/www.meydan.tv\\\/wp-content\\\/uploads\\\/2021\\\/07\\\/meydan-logo.svg\",\"contentUrl\":\"https:\\\/\\\/www.meydan.tv\\\/wp-content\\\/uploads\\\/2021\\\/07\\\/meydan-logo.svg\",\"width\":195,\"height\":46,\"caption\":\"Meydan TV\"},\"image\":{\"@id\":\"https:\\\/\\\/www.meydan.tv\\\/az\\\/#\\\/schema\\\/logo\\\/image\\\/\"}},{\"@type\":\"Person\",\"@id\":\"https:\\\/\\\/www.meydan.tv\\\/az\\\/#\\\/schema\\\/person\\\/8f23e01c4de63326c13c319fb65ee65d\",\"name\":\"roma\"}]}<\/script>\n<!-- \/ Yoast SEO plugin. -->","yoast_head_json":{"title":"Zaur \u015eiriyev: \u201cMoskvan\u0131n iddias\u0131, aqressiyas\u0131 b\u00fct\u00fcn \u00f6lk\u0259l\u0259r \u00fc\u00e7\u00fcn t\u0259hl\u00fck\u0259dir\u201d - MEYDAN.TV","robots":{"index":"index","follow":"follow","max-snippet":"max-snippet:-1","max-image-preview":"max-image-preview:large","max-video-preview":"max-video-preview:-1"},"canonical":"https:\/\/www.meydan.tv\/az\/article\/zaur-siriyev-moskvanin-iddiasi-aqressiyasi-butun-olkeler-ucun-tehlukedir\/","og_locale":"az_AZ","og_type":"article","og_title":"Zaur \u015eiriyev: \u201cMoskvan\u0131n iddias\u0131, aqressiyas\u0131 b\u00fct\u00fcn \u00f6lk\u0259l\u0259r \u00fc\u00e7\u00fcn t\u0259hl\u00fck\u0259dir\u201d - MEYDAN.TV","og_url":"https:\/\/www.meydan.tv\/az\/article\/zaur-siriyev-moskvanin-iddiasi-aqressiyasi-butun-olkeler-ucun-tehlukedir\/","og_site_name":"MEYDAN.TV","article_published_time":"2022-03-15T17:24:58+00:00","article_modified_time":"2022-03-15T19:53:16+00:00","og_image":[{"width":768,"height":339,"url":"https:\/\/www.meydan.tv\/wp-content\/uploads\/screenshot-at-mar-15-18-20-34-e1647373159291-768x339.png","type":"image\/png"}],"author":"roma","twitter_card":"summary_large_image","schema":{"@context":"https:\/\/schema.org","@graph":[{"@type":"Article","@id":"https:\/\/www.meydan.tv\/az\/article\/zaur-siriyev-moskvanin-iddiasi-aqressiyasi-butun-olkeler-ucun-tehlukedir\/#article","isPartOf":{"@id":"https:\/\/www.meydan.tv\/az\/article\/zaur-siriyev-moskvanin-iddiasi-aqressiyasi-butun-olkeler-ucun-tehlukedir\/"},"author":{"name":"roma","@id":"https:\/\/www.meydan.tv\/az\/#\/schema\/person\/8f23e01c4de63326c13c319fb65ee65d"},"headline":"Zaur \u015eiriyev: \u201cMoskvan\u0131n iddias\u0131, aqressiyas\u0131 b\u00fct\u00fcn \u00f6lk\u0259l\u0259r \u00fc\u00e7\u00fcn t\u0259hl\u00fck\u0259dir\u201d","datePublished":"2022-03-15T17:24:58+00:00","dateModified":"2022-03-15T19:53:16+00:00","mainEntityOfPage":{"@id":"https:\/\/www.meydan.tv\/az\/article\/zaur-siriyev-moskvanin-iddiasi-aqressiyasi-butun-olkeler-ucun-tehlukedir\/"},"wordCount":3569,"publisher":{"@id":"https:\/\/www.meydan.tv\/az\/#organization"},"image":{"@id":"https:\/\/www.meydan.tv\/az\/article\/zaur-siriyev-moskvanin-iddiasi-aqressiyasi-butun-olkeler-ucun-tehlukedir\/#primaryimage"},"thumbnailUrl":"https:\/\/www.meydan.tv\/wp-content\/uploads\/screenshot-at-mar-15-18-20-34-e1647373159291.png","articleSection":["D\u00fcnya","Reportaj"],"inLanguage":"az"},{"@type":"WebPage","@id":"https:\/\/www.meydan.tv\/az\/article\/zaur-siriyev-moskvanin-iddiasi-aqressiyasi-butun-olkeler-ucun-tehlukedir\/","url":"https:\/\/www.meydan.tv\/az\/article\/zaur-siriyev-moskvanin-iddiasi-aqressiyasi-butun-olkeler-ucun-tehlukedir\/","name":"Zaur \u015eiriyev: \u201cMoskvan\u0131n iddias\u0131, aqressiyas\u0131 b\u00fct\u00fcn \u00f6lk\u0259l\u0259r \u00fc\u00e7\u00fcn t\u0259hl\u00fck\u0259dir\u201d - MEYDAN.TV","isPartOf":{"@id":"https:\/\/www.meydan.tv\/az\/#website"},"primaryImageOfPage":{"@id":"https:\/\/www.meydan.tv\/az\/article\/zaur-siriyev-moskvanin-iddiasi-aqressiyasi-butun-olkeler-ucun-tehlukedir\/#primaryimage"},"image":{"@id":"https:\/\/www.meydan.tv\/az\/article\/zaur-siriyev-moskvanin-iddiasi-aqressiyasi-butun-olkeler-ucun-tehlukedir\/#primaryimage"},"thumbnailUrl":"https:\/\/www.meydan.tv\/wp-content\/uploads\/screenshot-at-mar-15-18-20-34-e1647373159291.png","datePublished":"2022-03-15T17:24:58+00:00","dateModified":"2022-03-15T19:53:16+00:00","breadcrumb":{"@id":"https:\/\/www.meydan.tv\/az\/article\/zaur-siriyev-moskvanin-iddiasi-aqressiyasi-butun-olkeler-ucun-tehlukedir\/#breadcrumb"},"inLanguage":"az","potentialAction":[{"@type":"ReadAction","target":["https:\/\/www.meydan.tv\/az\/article\/zaur-siriyev-moskvanin-iddiasi-aqressiyasi-butun-olkeler-ucun-tehlukedir\/"]}]},{"@type":"ImageObject","inLanguage":"az","@id":"https:\/\/www.meydan.tv\/az\/article\/zaur-siriyev-moskvanin-iddiasi-aqressiyasi-butun-olkeler-ucun-tehlukedir\/#primaryimage","url":"https:\/\/www.meydan.tv\/wp-content\/uploads\/screenshot-at-mar-15-18-20-34-e1647373159291.png","contentUrl":"https:\/\/www.meydan.tv\/wp-content\/uploads\/screenshot-at-mar-15-18-20-34-e1647373159291.png","width":1100,"height":486},{"@type":"BreadcrumbList","@id":"https:\/\/www.meydan.tv\/az\/article\/zaur-siriyev-moskvanin-iddiasi-aqressiyasi-butun-olkeler-ucun-tehlukedir\/#breadcrumb","itemListElement":[{"@type":"ListItem","position":1,"name":"Ana s\u0259hif\u0259","item":"https:\/\/www.meydan.tv\/az\/"},{"@type":"ListItem","position":2,"name":"D\u00fcnya","item":"https:\/\/www.meydan.tv\/az\/section\/dunya\/"},{"@type":"ListItem","position":3,"name":"Zaur \u015eiriyev: \u201cMoskvan\u0131n iddias\u0131, aqressiyas\u0131 b\u00fct\u00fcn \u00f6lk\u0259l\u0259r \u00fc\u00e7\u00fcn t\u0259hl\u00fck\u0259dir\u201d"}]},{"@type":"WebSite","@id":"https:\/\/www.meydan.tv\/az\/#website","url":"https:\/\/www.meydan.tv\/az\/","name":"MEYDAN.TV","description":"Meydan TV Az\u0259rbaycan\u0131n media m\u0259kan\u0131ndak\u0131 alternativ s\u0259sidir","publisher":{"@id":"https:\/\/www.meydan.tv\/az\/#organization"},"potentialAction":[{"@type":"SearchAction","target":{"@type":"EntryPoint","urlTemplate":"https:\/\/www.meydan.tv\/az\/?s={search_term_string}"},"query-input":{"@type":"PropertyValueSpecification","valueRequired":true,"valueName":"search_term_string"}}],"inLanguage":"az"},{"@type":"Organization","@id":"https:\/\/www.meydan.tv\/az\/#organization","name":"Meydan TV","url":"https:\/\/www.meydan.tv\/az\/","logo":{"@type":"ImageObject","inLanguage":"az","@id":"https:\/\/www.meydan.tv\/az\/#\/schema\/logo\/image\/","url":"https:\/\/www.meydan.tv\/wp-content\/uploads\/2021\/07\/meydan-logo.svg","contentUrl":"https:\/\/www.meydan.tv\/wp-content\/uploads\/2021\/07\/meydan-logo.svg","width":195,"height":46,"caption":"Meydan TV"},"image":{"@id":"https:\/\/www.meydan.tv\/az\/#\/schema\/logo\/image\/"}},{"@type":"Person","@id":"https:\/\/www.meydan.tv\/az\/#\/schema\/person\/8f23e01c4de63326c13c319fb65ee65d","name":"roma"}]}},"_links":{"self":[{"href":"https:\/\/www.meydan.tv\/az\/wp-json\/wp\/v2\/posts\/238459","targetHints":{"allow":["GET"]}}],"collection":[{"href":"https:\/\/www.meydan.tv\/az\/wp-json\/wp\/v2\/posts"}],"about":[{"href":"https:\/\/www.meydan.tv\/az\/wp-json\/wp\/v2\/types\/post"}],"author":[{"embeddable":true,"href":"https:\/\/www.meydan.tv\/az\/wp-json\/wp\/v2\/users\/14"}],"replies":[{"embeddable":true,"href":"https:\/\/www.meydan.tv\/az\/wp-json\/wp\/v2\/comments?post=238459"}],"version-history":[{"count":3,"href":"https:\/\/www.meydan.tv\/az\/wp-json\/wp\/v2\/posts\/238459\/revisions"}],"predecessor-version":[{"id":238473,"href":"https:\/\/www.meydan.tv\/az\/wp-json\/wp\/v2\/posts\/238459\/revisions\/238473"}],"wp:featuredmedia":[{"embeddable":true,"href":"https:\/\/www.meydan.tv\/az\/wp-json\/wp\/v2\/media\/238460"}],"wp:attachment":[{"href":"https:\/\/www.meydan.tv\/az\/wp-json\/wp\/v2\/media?parent=238459"}],"wp:term":[{"taxonomy":"category","embeddable":true,"href":"https:\/\/www.meydan.tv\/az\/wp-json\/wp\/v2\/categories?post=238459"},{"taxonomy":"post_tag","embeddable":true,"href":"https:\/\/www.meydan.tv\/az\/wp-json\/wp\/v2\/tags?post=238459"}],"curies":[{"name":"wp","href":"https:\/\/api.w.org\/{rel}","templated":true}]}}