{"id":238402,"date":"2022-03-15T14:42:57","date_gmt":"2022-03-15T10:42:57","guid":{"rendered":"https:\/\/www.meydan.tv\/?p=238402"},"modified":"2022-03-15T14:42:58","modified_gmt":"2022-03-15T10:42:58","slug":"italiyada-rus-mutexessislerin-geri-qaytarilmasina-cagiran-petisiyaya-baslanilib","status":"publish","type":"post","link":"https:\/\/www.meydan.tv\/az\/article\/italiyada-rus-mutexessislerin-geri-qaytarilmasina-cagiran-petisiyaya-baslanilib\/","title":{"rendered":"\u0130taliyada rus m\u00fct\u0259x\u0259ssisl\u0259rin geri qaytar\u0131lmas\u0131na \u00e7a\u011f\u0131ran petisiyaya ba\u015flan\u0131l\u0131b"},"content":{"rendered":"\n<p><\/p>\n\n\n\n<p><em>\u201cRus s\u0259n\u0259t adamlar\u0131n\u0131n \u00f6lk\u0259d\u0259n qovulmas\u0131na yol verilm\u0259m\u0259lidir\u201d<\/em><br><\/p>\n\n\n\n<p>\u0130taliyada Rusiyan\u0131n m\u0259d\u0259niyy\u0259t v\u0259 elm sah\u0259l\u0259rinin n\u00fcmay\u0259nd\u0259l\u0259ri il\u0259 \u0259m\u0259kda\u015fl\u0131qdan imtina etm\u0259m\u0259y\u0259 \u00e7a\u011f\u0131ran petisiyaya <a href=\"https:\/\/sanktpeterburg.bezformata.com\/listnews\/italii-zapustili-petitciyu-protiv\/103427923\/\" target=\"_blank\" rel=\"noreferrer noopener\">ba\u015flan\u0131l\u0131b<\/a>.<br><br>Petisiya m\u00fc\u0259llifl\u0259ri qeyd edirl\u0259r ki, Rusiya Ukraynada h\u0259rbi \u0259m\u0259liyyatlara ba\u015flayandan sonra \u0130taliyada rus alim v\u0259 m\u0259d\u0259niyy\u0259t n\u00fcmay\u0259nd\u0259l\u0259rinin i\u015fd\u0259n \u00e7\u0131xar\u0131lmas\u0131 hallar\u0131 ba\u015f verib.<br><\/p>\n\n\n\n<p>\u201cXalqa, x\u00fcsusil\u0259 d\u0259 onun tan\u0131nm\u0131\u015f n\u00fcmay\u0259nd\u0259l\u0259rin\u0259 qar\u015f\u0131 diskriminasiya hallar\u0131 g\u0259l\u0259c\u0259kd\u0259 geri d\u00f6n\u00fc\u015f\u00fc olmayan ciddi probleml\u0259r\u0259 yol a\u00e7a bil\u0259r. Xalq\u0131n dehumanizasiyas\u0131 (bir \u015f\u0259xsi v\u0259 ya qrupu insanl\u0131qdan \u00e7\u0131xarmaq, onlar\u0131 f\u0259rqli varl\u0131q kimi identifikasiya etm\u0259k) &#8211; tarix boyu m\u00fctl\u0259qiyy\u0259t\u00e7i rejiml\u0259ri xarakteriz\u0259 ed\u0259n v\u0259 \u00e7ox vaxt n\u0259zar\u0259tsiz zorak\u0131l\u0131\u011f\u0131n t\u0259zah\u00fcrl\u0259rin\u0259 s\u0259b\u0259b olan bir prosesdir\u201d-, m\u0259tnd\u0259 deyilir.<br><\/p>\n\n\n\n<p>S\u0259n\u0259di haz\u0131rlayanlar \u0130taliya h\u00f6kum\u0259tin\u0259 m\u00fcraci\u0259t ed\u0259r\u0259k, rus s\u0259n\u0259t adamlar\u0131n\u0131n \u00f6lk\u0259d\u0259n qovulmas\u0131na yol verm\u0259m\u0259y\u0259 \u00e7a\u011f\u0131r\u0131blar.<br><\/p>\n\n\n\n<p>Daha \u00f6nc\u0259 \u0130taliyan\u0131n 200 n\u0259f\u0259r\u0259 yax\u0131n jurnalist, yaz\u0131\u00e7\u0131, musiqi\u00e7i v\u0259 m\u00fc\u0259lliml\u0259ri, el\u0259c\u0259 d\u0259 m\u0259d\u0259niyy\u0259t birlikl\u0259ri xadiml\u0259ri \u00f6lk\u0259 Prezidenti Sercio Mattarella v\u0259 m\u0259d\u0259niyy\u0259t naziri Dario Fran\u00e7ekiniy\u0259 m\u00fcraci\u0259t ed\u0259r\u0259k Rusiya m\u0259d\u0259niyy\u0259tin\u0259 qar\u015f\u0131 ayr\u0131-se\u00e7kilik qoyulmamas\u0131n\u0131 ist\u0259yibl\u0259r.<br><\/p>\n\n\n\n<p>Bu c\u00fcr \u00e7a\u011f\u0131r\u0131\u015flara s\u0259b\u0259b Milan-Bicocca Universitetind\u0259 rus yaz\u0131\u00e7\u0131s\u0131 Fyodor Dostoyevski il\u0259 ba\u011fl\u0131 m\u00fchazir\u0259nin l\u0259\u011fvin\u0259 c\u0259hd, h\u0259m\u00e7inin \u0130taliyada ya\u015fayan rus yaz\u0131\u00e7\u0131s\u0131 Nikolay Lilin\u0259 qar\u015f\u0131 sosial \u015f\u0259b\u0259k\u0259l\u0259rd\u0259 h\u00fccumlar olub.<br><\/p>\n\n\n\n<p>Bundan ba\u015fqa, \u201cLa Skala\u201d opera teatr\u0131 Rusiya Xalq artisti, dirijor Valeri Gergiyevi s\u0259hn\u0259d\u0259n uzaqla\u015fd\u0131r\u0131b.<br>Rusiya Xalq artisti, opera ifa\u00e7\u0131s\u0131 Anna Netrebko is\u0259 \u201cLa Skala\u201dda mart\u0131n 9, 12, 16 v\u0259 19-na planla\u015fd\u0131r\u0131lan tama\u015falar\u0131n\u0131 t\u0259xir\u0259 sal\u0131b.<br><\/p>\n\n\n\n<p>Fevral\u0131n 24-d\u0259 Prezident Vladimir Putin Ukraynada x\u00fcsusi h\u0259rbi \u0259m\u0259liyyata g\u00f6st\u0259ri\u015f verib.<br><\/p>\n\n\n\n<p>O vur\u011fulay\u0131b ki, Moskvan\u0131n planlar\u0131na Ukrayna \u0259razil\u0259rinin i\u015f\u011fal\u0131 daxil deyil, m\u0259qs\u0259d \u00f6lk\u0259nin demilitarizasiyas\u0131d\u0131r.<br><\/p>\n\n\n\n<p>Daha sonra AB\u015e, Avropa \u0130ttifaq\u0131, B\u00f6y\u00fck Britaniya, el\u0259c\u0259 d\u0259 bir s\u0131ra dig\u0259r d\u00f6vl\u0259tl\u0259r Rusiyaya qar\u015f\u0131 sanksiyalar t\u0259tbiq edib.<br><\/p>\n\n\n\n<p>Fevral\u0131n 25-d\u0259 Avropa Yay\u0131m Birliyi d\u0259 Rusiyan\u0131 builki \u201cEurovision\u201d beyn\u0259lxalq mahn\u0131 m\u00fcsabiq\u0259sind\u0259n <a href=\"https:\/\/d9mc3ts4czbpr.cloudfront.net\/az\/article\/rusiya-eurovision-yarismasindan-uzaqlasdirildi\/\" target=\"_blank\" rel=\"noreferrer noopener\">k\u0259narla\u015fd\u0131r\u0131b<\/a>.<br><br>2022-ci il may\u0131n 17-d\u0259n 28-d\u0259k Fransan\u0131n Lazur sahilind\u0259 ke\u00e7iril\u0259c\u0259k Beyn\u0259lxalq Kann Film Festival\u0131na da Rusiya n\u00fcmay\u0259nd\u0259 hey\u0259ti <a href=\"https:\/\/d9mc3ts4czbpr.cloudfront.net\/az\/article\/rusiya-numayende-heyeti-kann-festivalina-buraxilmayacaq\/\" target=\"_blank\" rel=\"noreferrer noopener\">burax\u0131lmayacaq<\/a>.<br><\/p>\n\n\n\n<p>Amerika kinostudiyalar\u0131 da Ukraynadak\u0131 v\u0259ziyy\u0259tl\u0259 \u0259laq\u0259dar Rusiyada filml\u0259rin yay\u0131m\u0131n\u0131 l\u0259\u011fv <a href=\"https:\/\/d9mc3ts4czbpr.cloudfront.net\/az\/article\/netflix-rusiya-telekanallarini-yayimlamaqdan-imtina-edib\/\" target=\"_blank\" rel=\"noreferrer noopener\">edib<\/a>.<br><br>\u201cSony Pictures\u201d d\u0259 Ukraynadak\u0131 v\u0259ziyy\u0259tl\u0259 \u0259laq\u0259dar Rusiyada g\u00f6zl\u0259nil\u0259n teatr premyeralar\u0131n\u0131 dayand\u0131r\u0131b.<br>Amerikan\u0131n Metropoliten-opera teatr\u0131 opera ifa\u00e7\u0131s\u0131 Anna Netrebkonu s\u0259hn\u0259d\u0259n <a href=\"https:\/\/d9mc3ts4czbpr.cloudfront.net\/az\/article\/abs-teatri-rusiyanin-xalq-artistini-sehneden-uzaqlasdirib\" target=\"_blank\" rel=\"noreferrer noopener\">uzaqla\u015fd\u0131r\u0131b<\/a>.<br><\/p>\n","protected":false},"excerpt":{"rendered":"<p>\u201cRus s\u0259n\u0259t adamlar\u0131n\u0131n \u00f6lk\u0259d\u0259n qovulmas\u0131na yol verilm\u0259m\u0259lidir\u201d \u0130taliyada Rusiyan\u0131n m\u0259d\u0259niyy\u0259t &#8230; <\/p>\n<p class=\"read-more-container\"><a title=\"\u0130taliyada rus m\u00fct\u0259x\u0259ssisl\u0259rin geri qaytar\u0131lmas\u0131na \u00e7a\u011f\u0131ran petisiyaya ba\u015flan\u0131l\u0131b\" class=\"read-more button\" href=\"https:\/\/www.meydan.tv\/az\/article\/italiyada-rus-mutexessislerin-geri-qaytarilmasina-cagiran-petisiyaya-baslanilib\/#more-238402\" aria-label=\"Read more about \u0130taliyada rus m\u00fct\u0259x\u0259ssisl\u0259rin geri qaytar\u0131lmas\u0131na \u00e7a\u011f\u0131ran petisiyaya ba\u015flan\u0131l\u0131b\">Davam\u0131<\/a><\/p>\n","protected":false},"author":8,"featured_media":238404,"comment_status":"closed","ping_status":"closed","sticky":false,"template":"","format":"standard","meta":{"_acf_changed":false,"_sitemap_exclude":false,"_sitemap_priority":"","_sitemap_frequency":"","footnotes":""},"categories":[52,56],"tags":[],"class_list":["post-238402","post","type-post","status-publish","format-standard","has-post-thumbnail","hentry","category-medeniyyet","category-xeberler","infinite-scroll-item","generate-columns","tablet-grid-50","mobile-grid-100","grid-parent","grid-33","no-featured-image-padding"],"acf":[],"yoast_head":"<!-- This site is optimized with the Yoast SEO plugin v27.4 - https:\/\/yoast.com\/product\/yoast-seo-wordpress\/ -->\n<title>\u0130taliyada rus m\u00fct\u0259x\u0259ssisl\u0259rin geri qaytar\u0131lmas\u0131na \u00e7a\u011f\u0131ran petisiyaya ba\u015flan\u0131l\u0131b - MEYDAN.TV<\/title>\n<meta name=\"robots\" content=\"index, follow, max-snippet:-1, max-image-preview:large, max-video-preview:-1\" \/>\n<link rel=\"canonical\" href=\"https:\/\/www.meydan.tv\/az\/article\/italiyada-rus-mutexessislerin-geri-qaytarilmasina-cagiran-petisiyaya-baslanilib\/\" \/>\n<meta property=\"og:locale\" content=\"az_AZ\" \/>\n<meta property=\"og:type\" content=\"article\" \/>\n<meta property=\"og:title\" content=\"\u0130taliyada rus m\u00fct\u0259x\u0259ssisl\u0259rin geri qaytar\u0131lmas\u0131na \u00e7a\u011f\u0131ran petisiyaya ba\u015flan\u0131l\u0131b - MEYDAN.TV\" \/>\n<meta property=\"og:description\" content=\"\u201cRus s\u0259n\u0259t adamlar\u0131n\u0131n \u00f6lk\u0259d\u0259n qovulmas\u0131na yol verilm\u0259m\u0259lidir\u201d \u0130taliyada Rusiyan\u0131n m\u0259d\u0259niyy\u0259t ... Davam\u0131\" \/>\n<meta property=\"og:url\" content=\"https:\/\/www.meydan.tv\/az\/article\/italiyada-rus-mutexessislerin-geri-qaytarilmasina-cagiran-petisiyaya-baslanilib\/\" \/>\n<meta property=\"og:site_name\" content=\"MEYDAN.TV\" \/>\n<meta property=\"article:published_time\" content=\"2022-03-15T10:42:57+00:00\" \/>\n<meta property=\"article:modified_time\" content=\"2022-03-15T10:42:58+00:00\" \/>\n<meta property=\"og:image\" content=\"https:\/\/www.meydan.tv\/wp-content\/uploads\/shutterstock_1439825942-e1647340948392.jpg\" \/>\n\t<meta property=\"og:image:width\" content=\"1200\" \/>\n\t<meta property=\"og:image:height\" content=\"696\" \/>\n\t<meta property=\"og:image:type\" content=\"image\/jpeg\" \/>\n<meta name=\"author\" content=\"elli\" \/>\n<meta name=\"twitter:card\" content=\"summary_large_image\" \/>\n<meta name=\"twitter:creator\" content=\"@elli\" \/>\n<script type=\"application\/ld+json\" class=\"yoast-schema-graph\">{\"@context\":\"https:\\\/\\\/schema.org\",\"@graph\":[{\"@type\":\"Article\",\"@id\":\"https:\\\/\\\/www.meydan.tv\\\/az\\\/article\\\/italiyada-rus-mutexessislerin-geri-qaytarilmasina-cagiran-petisiyaya-baslanilib\\\/#article\",\"isPartOf\":{\"@id\":\"https:\\\/\\\/www.meydan.tv\\\/az\\\/article\\\/italiyada-rus-mutexessislerin-geri-qaytarilmasina-cagiran-petisiyaya-baslanilib\\\/\"},\"author\":{\"name\":\"elli\",\"@id\":\"https:\\\/\\\/www.meydan.tv\\\/az\\\/#\\\/schema\\\/person\\\/9cdbecf90d17180ce1dfbd95b08dcf47\"},\"headline\":\"\u0130taliyada rus m\u00fct\u0259x\u0259ssisl\u0259rin geri qaytar\u0131lmas\u0131na \u00e7a\u011f\u0131ran petisiyaya ba\u015flan\u0131l\u0131b\",\"datePublished\":\"2022-03-15T10:42:57+00:00\",\"dateModified\":\"2022-03-15T10:42:58+00:00\",\"mainEntityOfPage\":{\"@id\":\"https:\\\/\\\/www.meydan.tv\\\/az\\\/article\\\/italiyada-rus-mutexessislerin-geri-qaytarilmasina-cagiran-petisiyaya-baslanilib\\\/\"},\"wordCount\":558,\"publisher\":{\"@id\":\"https:\\\/\\\/www.meydan.tv\\\/az\\\/#organization\"},\"image\":{\"@id\":\"https:\\\/\\\/www.meydan.tv\\\/az\\\/article\\\/italiyada-rus-mutexessislerin-geri-qaytarilmasina-cagiran-petisiyaya-baslanilib\\\/#primaryimage\"},\"thumbnailUrl\":\"https:\\\/\\\/www.meydan.tv\\\/wp-content\\\/uploads\\\/shutterstock_1439825942-e1647340948392.jpg\",\"articleSection\":[\"M\u0259d\u0259niyy\u0259t\",\"X\u0259b\u0259rl\u0259r\"],\"inLanguage\":\"az\"},{\"@type\":\"WebPage\",\"@id\":\"https:\\\/\\\/www.meydan.tv\\\/az\\\/article\\\/italiyada-rus-mutexessislerin-geri-qaytarilmasina-cagiran-petisiyaya-baslanilib\\\/\",\"url\":\"https:\\\/\\\/www.meydan.tv\\\/az\\\/article\\\/italiyada-rus-mutexessislerin-geri-qaytarilmasina-cagiran-petisiyaya-baslanilib\\\/\",\"name\":\"\u0130taliyada rus m\u00fct\u0259x\u0259ssisl\u0259rin geri qaytar\u0131lmas\u0131na \u00e7a\u011f\u0131ran petisiyaya ba\u015flan\u0131l\u0131b - MEYDAN.TV\",\"isPartOf\":{\"@id\":\"https:\\\/\\\/www.meydan.tv\\\/az\\\/#website\"},\"primaryImageOfPage\":{\"@id\":\"https:\\\/\\\/www.meydan.tv\\\/az\\\/article\\\/italiyada-rus-mutexessislerin-geri-qaytarilmasina-cagiran-petisiyaya-baslanilib\\\/#primaryimage\"},\"image\":{\"@id\":\"https:\\\/\\\/www.meydan.tv\\\/az\\\/article\\\/italiyada-rus-mutexessislerin-geri-qaytarilmasina-cagiran-petisiyaya-baslanilib\\\/#primaryimage\"},\"thumbnailUrl\":\"https:\\\/\\\/www.meydan.tv\\\/wp-content\\\/uploads\\\/shutterstock_1439825942-e1647340948392.jpg\",\"datePublished\":\"2022-03-15T10:42:57+00:00\",\"dateModified\":\"2022-03-15T10:42:58+00:00\",\"breadcrumb\":{\"@id\":\"https:\\\/\\\/www.meydan.tv\\\/az\\\/article\\\/italiyada-rus-mutexessislerin-geri-qaytarilmasina-cagiran-petisiyaya-baslanilib\\\/#breadcrumb\"},\"inLanguage\":\"az\",\"potentialAction\":[{\"@type\":\"ReadAction\",\"target\":[\"https:\\\/\\\/www.meydan.tv\\\/az\\\/article\\\/italiyada-rus-mutexessislerin-geri-qaytarilmasina-cagiran-petisiyaya-baslanilib\\\/\"]}]},{\"@type\":\"ImageObject\",\"inLanguage\":\"az\",\"@id\":\"https:\\\/\\\/www.meydan.tv\\\/az\\\/article\\\/italiyada-rus-mutexessislerin-geri-qaytarilmasina-cagiran-petisiyaya-baslanilib\\\/#primaryimage\",\"url\":\"https:\\\/\\\/www.meydan.tv\\\/wp-content\\\/uploads\\\/shutterstock_1439825942-e1647340948392.jpg\",\"contentUrl\":\"https:\\\/\\\/www.meydan.tv\\\/wp-content\\\/uploads\\\/shutterstock_1439825942-e1647340948392.jpg\",\"width\":1200,\"height\":696,\"caption\":\"\u0130taliya. Foto: Vladimir Sazonov\\\/shutterstock\"},{\"@type\":\"BreadcrumbList\",\"@id\":\"https:\\\/\\\/www.meydan.tv\\\/az\\\/article\\\/italiyada-rus-mutexessislerin-geri-qaytarilmasina-cagiran-petisiyaya-baslanilib\\\/#breadcrumb\",\"itemListElement\":[{\"@type\":\"ListItem\",\"position\":1,\"name\":\"Ana s\u0259hif\u0259\",\"item\":\"https:\\\/\\\/www.meydan.tv\\\/az\\\/\"},{\"@type\":\"ListItem\",\"position\":2,\"name\":\"M\u0259d\u0259niyy\u0259t\",\"item\":\"https:\\\/\\\/www.meydan.tv\\\/az\\\/section\\\/medeniyyet\\\/\"},{\"@type\":\"ListItem\",\"position\":3,\"name\":\"\u0130taliyada rus m\u00fct\u0259x\u0259ssisl\u0259rin geri qaytar\u0131lmas\u0131na \u00e7a\u011f\u0131ran petisiyaya ba\u015flan\u0131l\u0131b\"}]},{\"@type\":\"WebSite\",\"@id\":\"https:\\\/\\\/www.meydan.tv\\\/az\\\/#website\",\"url\":\"https:\\\/\\\/www.meydan.tv\\\/az\\\/\",\"name\":\"MEYDAN.TV\",\"description\":\"Meydan TV Az\u0259rbaycan\u0131n media m\u0259kan\u0131ndak\u0131 alternativ s\u0259sidir\",\"publisher\":{\"@id\":\"https:\\\/\\\/www.meydan.tv\\\/az\\\/#organization\"},\"potentialAction\":[{\"@type\":\"SearchAction\",\"target\":{\"@type\":\"EntryPoint\",\"urlTemplate\":\"https:\\\/\\\/www.meydan.tv\\\/az\\\/?s={search_term_string}\"},\"query-input\":{\"@type\":\"PropertyValueSpecification\",\"valueRequired\":true,\"valueName\":\"search_term_string\"}}],\"inLanguage\":\"az\"},{\"@type\":\"Organization\",\"@id\":\"https:\\\/\\\/www.meydan.tv\\\/az\\\/#organization\",\"name\":\"Meydan TV\",\"url\":\"https:\\\/\\\/www.meydan.tv\\\/az\\\/\",\"logo\":{\"@type\":\"ImageObject\",\"inLanguage\":\"az\",\"@id\":\"https:\\\/\\\/www.meydan.tv\\\/az\\\/#\\\/schema\\\/logo\\\/image\\\/\",\"url\":\"https:\\\/\\\/www.meydan.tv\\\/wp-content\\\/uploads\\\/2021\\\/07\\\/meydan-logo.svg\",\"contentUrl\":\"https:\\\/\\\/www.meydan.tv\\\/wp-content\\\/uploads\\\/2021\\\/07\\\/meydan-logo.svg\",\"width\":195,\"height\":46,\"caption\":\"Meydan TV\"},\"image\":{\"@id\":\"https:\\\/\\\/www.meydan.tv\\\/az\\\/#\\\/schema\\\/logo\\\/image\\\/\"}},{\"@type\":\"Person\",\"@id\":\"https:\\\/\\\/www.meydan.tv\\\/az\\\/#\\\/schema\\\/person\\\/9cdbecf90d17180ce1dfbd95b08dcf47\",\"name\":\"elli\",\"sameAs\":[\"https:\\\/\\\/x.com\\\/elli\"]}]}<\/script>\n<!-- \/ Yoast SEO plugin. -->","yoast_head_json":{"title":"\u0130taliyada rus m\u00fct\u0259x\u0259ssisl\u0259rin geri qaytar\u0131lmas\u0131na \u00e7a\u011f\u0131ran petisiyaya ba\u015flan\u0131l\u0131b - MEYDAN.TV","robots":{"index":"index","follow":"follow","max-snippet":"max-snippet:-1","max-image-preview":"max-image-preview:large","max-video-preview":"max-video-preview:-1"},"canonical":"https:\/\/www.meydan.tv\/az\/article\/italiyada-rus-mutexessislerin-geri-qaytarilmasina-cagiran-petisiyaya-baslanilib\/","og_locale":"az_AZ","og_type":"article","og_title":"\u0130taliyada rus m\u00fct\u0259x\u0259ssisl\u0259rin geri qaytar\u0131lmas\u0131na \u00e7a\u011f\u0131ran petisiyaya ba\u015flan\u0131l\u0131b - MEYDAN.TV","og_description":"\u201cRus s\u0259n\u0259t adamlar\u0131n\u0131n \u00f6lk\u0259d\u0259n qovulmas\u0131na yol verilm\u0259m\u0259lidir\u201d \u0130taliyada Rusiyan\u0131n m\u0259d\u0259niyy\u0259t ... Davam\u0131","og_url":"https:\/\/www.meydan.tv\/az\/article\/italiyada-rus-mutexessislerin-geri-qaytarilmasina-cagiran-petisiyaya-baslanilib\/","og_site_name":"MEYDAN.TV","article_published_time":"2022-03-15T10:42:57+00:00","article_modified_time":"2022-03-15T10:42:58+00:00","og_image":[{"width":1200,"height":696,"url":"https:\/\/www.meydan.tv\/wp-content\/uploads\/shutterstock_1439825942-e1647340948392.jpg","type":"image\/jpeg"}],"author":"elli","twitter_card":"summary_large_image","twitter_creator":"@elli","schema":{"@context":"https:\/\/schema.org","@graph":[{"@type":"Article","@id":"https:\/\/www.meydan.tv\/az\/article\/italiyada-rus-mutexessislerin-geri-qaytarilmasina-cagiran-petisiyaya-baslanilib\/#article","isPartOf":{"@id":"https:\/\/www.meydan.tv\/az\/article\/italiyada-rus-mutexessislerin-geri-qaytarilmasina-cagiran-petisiyaya-baslanilib\/"},"author":{"name":"elli","@id":"https:\/\/www.meydan.tv\/az\/#\/schema\/person\/9cdbecf90d17180ce1dfbd95b08dcf47"},"headline":"\u0130taliyada rus m\u00fct\u0259x\u0259ssisl\u0259rin geri qaytar\u0131lmas\u0131na \u00e7a\u011f\u0131ran petisiyaya ba\u015flan\u0131l\u0131b","datePublished":"2022-03-15T10:42:57+00:00","dateModified":"2022-03-15T10:42:58+00:00","mainEntityOfPage":{"@id":"https:\/\/www.meydan.tv\/az\/article\/italiyada-rus-mutexessislerin-geri-qaytarilmasina-cagiran-petisiyaya-baslanilib\/"},"wordCount":558,"publisher":{"@id":"https:\/\/www.meydan.tv\/az\/#organization"},"image":{"@id":"https:\/\/www.meydan.tv\/az\/article\/italiyada-rus-mutexessislerin-geri-qaytarilmasina-cagiran-petisiyaya-baslanilib\/#primaryimage"},"thumbnailUrl":"https:\/\/www.meydan.tv\/wp-content\/uploads\/shutterstock_1439825942-e1647340948392.jpg","articleSection":["M\u0259d\u0259niyy\u0259t","X\u0259b\u0259rl\u0259r"],"inLanguage":"az"},{"@type":"WebPage","@id":"https:\/\/www.meydan.tv\/az\/article\/italiyada-rus-mutexessislerin-geri-qaytarilmasina-cagiran-petisiyaya-baslanilib\/","url":"https:\/\/www.meydan.tv\/az\/article\/italiyada-rus-mutexessislerin-geri-qaytarilmasina-cagiran-petisiyaya-baslanilib\/","name":"\u0130taliyada rus m\u00fct\u0259x\u0259ssisl\u0259rin geri qaytar\u0131lmas\u0131na \u00e7a\u011f\u0131ran petisiyaya ba\u015flan\u0131l\u0131b - MEYDAN.TV","isPartOf":{"@id":"https:\/\/www.meydan.tv\/az\/#website"},"primaryImageOfPage":{"@id":"https:\/\/www.meydan.tv\/az\/article\/italiyada-rus-mutexessislerin-geri-qaytarilmasina-cagiran-petisiyaya-baslanilib\/#primaryimage"},"image":{"@id":"https:\/\/www.meydan.tv\/az\/article\/italiyada-rus-mutexessislerin-geri-qaytarilmasina-cagiran-petisiyaya-baslanilib\/#primaryimage"},"thumbnailUrl":"https:\/\/www.meydan.tv\/wp-content\/uploads\/shutterstock_1439825942-e1647340948392.jpg","datePublished":"2022-03-15T10:42:57+00:00","dateModified":"2022-03-15T10:42:58+00:00","breadcrumb":{"@id":"https:\/\/www.meydan.tv\/az\/article\/italiyada-rus-mutexessislerin-geri-qaytarilmasina-cagiran-petisiyaya-baslanilib\/#breadcrumb"},"inLanguage":"az","potentialAction":[{"@type":"ReadAction","target":["https:\/\/www.meydan.tv\/az\/article\/italiyada-rus-mutexessislerin-geri-qaytarilmasina-cagiran-petisiyaya-baslanilib\/"]}]},{"@type":"ImageObject","inLanguage":"az","@id":"https:\/\/www.meydan.tv\/az\/article\/italiyada-rus-mutexessislerin-geri-qaytarilmasina-cagiran-petisiyaya-baslanilib\/#primaryimage","url":"https:\/\/www.meydan.tv\/wp-content\/uploads\/shutterstock_1439825942-e1647340948392.jpg","contentUrl":"https:\/\/www.meydan.tv\/wp-content\/uploads\/shutterstock_1439825942-e1647340948392.jpg","width":1200,"height":696,"caption":"\u0130taliya. Foto: Vladimir Sazonov\/shutterstock"},{"@type":"BreadcrumbList","@id":"https:\/\/www.meydan.tv\/az\/article\/italiyada-rus-mutexessislerin-geri-qaytarilmasina-cagiran-petisiyaya-baslanilib\/#breadcrumb","itemListElement":[{"@type":"ListItem","position":1,"name":"Ana s\u0259hif\u0259","item":"https:\/\/www.meydan.tv\/az\/"},{"@type":"ListItem","position":2,"name":"M\u0259d\u0259niyy\u0259t","item":"https:\/\/www.meydan.tv\/az\/section\/medeniyyet\/"},{"@type":"ListItem","position":3,"name":"\u0130taliyada rus m\u00fct\u0259x\u0259ssisl\u0259rin geri qaytar\u0131lmas\u0131na \u00e7a\u011f\u0131ran petisiyaya ba\u015flan\u0131l\u0131b"}]},{"@type":"WebSite","@id":"https:\/\/www.meydan.tv\/az\/#website","url":"https:\/\/www.meydan.tv\/az\/","name":"MEYDAN.TV","description":"Meydan TV Az\u0259rbaycan\u0131n media m\u0259kan\u0131ndak\u0131 alternativ s\u0259sidir","publisher":{"@id":"https:\/\/www.meydan.tv\/az\/#organization"},"potentialAction":[{"@type":"SearchAction","target":{"@type":"EntryPoint","urlTemplate":"https:\/\/www.meydan.tv\/az\/?s={search_term_string}"},"query-input":{"@type":"PropertyValueSpecification","valueRequired":true,"valueName":"search_term_string"}}],"inLanguage":"az"},{"@type":"Organization","@id":"https:\/\/www.meydan.tv\/az\/#organization","name":"Meydan TV","url":"https:\/\/www.meydan.tv\/az\/","logo":{"@type":"ImageObject","inLanguage":"az","@id":"https:\/\/www.meydan.tv\/az\/#\/schema\/logo\/image\/","url":"https:\/\/www.meydan.tv\/wp-content\/uploads\/2021\/07\/meydan-logo.svg","contentUrl":"https:\/\/www.meydan.tv\/wp-content\/uploads\/2021\/07\/meydan-logo.svg","width":195,"height":46,"caption":"Meydan TV"},"image":{"@id":"https:\/\/www.meydan.tv\/az\/#\/schema\/logo\/image\/"}},{"@type":"Person","@id":"https:\/\/www.meydan.tv\/az\/#\/schema\/person\/9cdbecf90d17180ce1dfbd95b08dcf47","name":"elli","sameAs":["https:\/\/x.com\/elli"]}]}},"_links":{"self":[{"href":"https:\/\/www.meydan.tv\/az\/wp-json\/wp\/v2\/posts\/238402","targetHints":{"allow":["GET"]}}],"collection":[{"href":"https:\/\/www.meydan.tv\/az\/wp-json\/wp\/v2\/posts"}],"about":[{"href":"https:\/\/www.meydan.tv\/az\/wp-json\/wp\/v2\/types\/post"}],"author":[{"embeddable":true,"href":"https:\/\/www.meydan.tv\/az\/wp-json\/wp\/v2\/users\/8"}],"replies":[{"embeddable":true,"href":"https:\/\/www.meydan.tv\/az\/wp-json\/wp\/v2\/comments?post=238402"}],"version-history":[{"count":1,"href":"https:\/\/www.meydan.tv\/az\/wp-json\/wp\/v2\/posts\/238402\/revisions"}],"predecessor-version":[{"id":238407,"href":"https:\/\/www.meydan.tv\/az\/wp-json\/wp\/v2\/posts\/238402\/revisions\/238407"}],"wp:featuredmedia":[{"embeddable":true,"href":"https:\/\/www.meydan.tv\/az\/wp-json\/wp\/v2\/media\/238404"}],"wp:attachment":[{"href":"https:\/\/www.meydan.tv\/az\/wp-json\/wp\/v2\/media?parent=238402"}],"wp:term":[{"taxonomy":"category","embeddable":true,"href":"https:\/\/www.meydan.tv\/az\/wp-json\/wp\/v2\/categories?post=238402"},{"taxonomy":"post_tag","embeddable":true,"href":"https:\/\/www.meydan.tv\/az\/wp-json\/wp\/v2\/tags?post=238402"}],"curies":[{"name":"wp","href":"https:\/\/api.w.org\/{rel}","templated":true}]}}